{"id":120410,"date":"2016-01-12T13:16:54","date_gmt":"2016-01-12T06:16:54","guid":{"rendered":"https:\/\/www.ivivu.com\/blog\/?p=120410"},"modified":"2016-01-12T13:16:54","modified_gmt":"2016-01-12T06:16:54","slug":"5-cung-duong-trekking-moi-noi-thu-hut-phuot-thu","status":"publish","type":"post","link":"https:\/\/www.ivivu.com\/blog\/2016\/01\/5-cung-duong-trekking-moi-noi-thu-hut-phuot-thu\/","title":{"rendered":"5 cung \u0111\u01b0\u1eddng trekking m\u1edbi n\u1ed5i thu h\u00fat ph\u01b0\u1ee3t th\u1ee7"},"content":{"rendered":"<p style=\"text-align: justify;\"><em><strong>Sau h\u00e0nh tr\u00ecnh trekking b\u0103ng qua c\u00e1c lo\u1ea1i \u0111\u1ecba h\u00ecnh v\u1edbi nhi\u1ec1u \u0111\u1ed3 \u0111\u1ea1c tr\u00ean l\u01b0ng, b\u1ea1n s\u1ebd \u0111\u01b0\u1ee3c \u0111\u1ec1n \u0111\u00e1p b\u1edfi v\u1ebb \u0111\u1eb9p b\u1ea5t t\u1eadn c\u1ee7a thi\u00ean nhi\u00ean h\u00f9ng v\u0129.<\/strong><\/em><!--more--><\/p>\n<p style=\"text-align: justify;\">Nh\u1eefng cung \u0111\u01b0\u1eddng nh\u01b0 T\u00e0 N\u0103ng &#8211; Phan D\u0169ng, T\u1ea3 Li\u00ean S\u01a1n\u2026 \u0111ang r\u1ea5t thu h\u00fat ph\u01b0\u1ee3t th\u1ee7 hai mi\u1ec1n.<\/p>\n<p style=\"text-align: justify;\"><strong>T\u00e0 N\u0103ng &#8211; Phan D\u0169ng<\/strong><\/p>\n<p style=\"text-align: justify;\">Cung \u0111\u01b0\u1eddng trekking xuy\u00ean r\u1eebng \u0111i qua ba t\u1ec9nh L\u00e2m \u0110\u1ed3ng &#8211; Ninh Thu\u1eadn &#8211; B\u00ecnh Thu\u1eadn \u0111ang thu h\u00fat nh\u1eefng ng\u01b0\u1eddi m\u00ea kh\u00e1m ph\u00e1 \u1edf ph\u00eda Nam. \u0110i\u1ec3m xu\u1ea5t ph\u00e1t t\u1eeb x\u00e3 T\u00e0 N\u0103ng ho\u1eb7c x\u00e3 \u0110a Quyn, huy\u1ec7n \u0110\u1ee9c Tr\u1ecdng (L\u00e2m \u0110\u1ed3ng), c\u1ea7n kho\u1ea3ng 3 ng\u00e0y 2 \u0111\u00eam \u0111\u1ec3 tr\u1ea3i qua g\u1ea7n 60 km b\u0103ng r\u1eebng, leo \u0111\u00e8o, v\u01b0\u1ee3t su\u1ed1i, di chuy\u1ec3n t\u1eeb \u0111\u1ed9 cao 1.100 m xu\u1ed1ng c\u00f2n 500 m so v\u1edbi m\u1ef1c n\u01b0\u1edbc bi\u1ec3n.<\/p>\n<p style=\"text-align: justify;\">C\u1ea3nh v\u1eadt \u1ea5n t\u01b0\u1ee3ng nh\u1ea5t l\u00e0 nh\u1eefng \u0111\u1ed3i c\u1ecf bao la, l\u00e1c \u0111\u00e1c h\u00e0ng th\u00f4ng xanh r\u00ec, xa xa l\u00e0 m\u00e2y tr\u1eddi l\u1ea3ng b\u1ea3ng, c\u1ea3nh quan k\u1ef3 v\u0129 m\u00e0 y\u00ean b\u00ecnh nh\u01b0 tranh v\u1ebd. \u0110i\u1ec3m cu\u1ed1i c\u1ee7a h\u00e0nh tr\u00ecnh l\u00e0 x\u00e3 Phan D\u0169ng, sau \u0111\u00f3 \u0111\u00f3n xe \u00f4m ra ng\u00e3 t\u01b0 Li\u00ean H\u01b0\u01a1ng (Tuy Phong, B\u00ecnh Thu\u1eadn) \u0111\u1ec3 \u0111\u00f3n xe kh\u00e1ch di chuy\u1ec3n v\u1ec1 TP HCM ho\u1eb7c t\u1ec9nh kh\u00e1c.<\/p>\n<div id=\"attachment_120411\" style=\"width: 510px\" class=\"wp-caption aligncenter\"><img loading=\"lazy\" decoding=\"async\" aria-describedby=\"caption-attachment-120411\" class=\"wp-image-120411 size-full\" title=\"C\u00e1c \u0111\u1ed3i c\u1ecf bao la n\u1ed1i ti\u1ebfp nhau tr\u00f9ng \u0111i\u1ec7p, \u0111\u1ec3 tr\u00e1nh b\u1ecb l\u1ea1c \u0111\u01b0\u1eddng n\u00ean s\u1eed d\u1ee5ng c\u00e1c thi\u1ebft b\u1ecb chuy\u00ean d\u1ee5ng nh\u01b0 GPS. \u1ea2nh: Trung H\u00e0o. T\u1ea3 Li\u00ean S\u01a1n\" src=\"https:\/\/cdn3.ivivu.com\/2016\/01\/5-cung-duong-trekking-moi-noi-thu-hut-phuot-thu-ivivu-1.jpg\" alt=\"C\u00e1c \u0111\u1ed3i c\u1ecf bao la n\u1ed1i ti\u1ebfp nhau tr\u00f9ng \u0111i\u1ec7p, \u0111\u1ec3 tr\u00e1nh b\u1ecb l\u1ea1c \u0111\u01b0\u1eddng n\u00ean s\u1eed d\u1ee5ng c\u00e1c thi\u1ebft b\u1ecb chuy\u00ean d\u1ee5ng nh\u01b0 GPS. \u1ea2nh: Trung H\u00e0o. T\u1ea3 Li\u00ean S\u01a1n\" width=\"500\" height=\"333\" srcset=\"https:\/\/cdn3.ivivu.com\/2016\/01\/5-cung-duong-trekking-moi-noi-thu-hut-phuot-thu-ivivu-1.jpg 500w, https:\/\/cdn3.ivivu.com\/2016\/01\/5-cung-duong-trekking-moi-noi-thu-hut-phuot-thu-ivivu-1-458x305.jpg 458w\" sizes=\"(max-width: 500px) 100vw, 500px\" \/><p id=\"caption-attachment-120411\" class=\"wp-caption-text\">C\u00e1c \u0111\u1ed3i c\u1ecf bao la n\u1ed1i ti\u1ebfp nhau tr\u00f9ng \u0111i\u1ec7p, \u0111\u1ec3 tr\u00e1nh b\u1ecb l\u1ea1c \u0111\u01b0\u1eddng n\u00ean s\u1eed d\u1ee5ng c\u00e1c thi\u1ebft b\u1ecb chuy\u00ean d\u1ee5ng nh\u01b0 GPS. \u1ea2nh: Trung H\u00e0o.<\/p><\/div>\n<p><strong>T\u1ea3 Li\u00ean S\u01a1n<\/strong><\/p>\n<p style=\"text-align: justify;\">N\u00fai T\u1ea3 Li\u00ean (c\u00f2n g\u1ecdi l\u00e0 n\u00fai C\u1ed5 Tr\u00e2u) thu\u1ed9c x\u00e3 T\u1ea3 L\u00e8ng, huy\u1ec7n Tam \u0110\u01b0\u1eddng, Lai Ch\u00e2u. Ng\u1ecdn n\u00fai c\u00f3 \u0111\u1ed9 cao 2.993 m so v\u1edbi m\u1eb7t n\u01b0\u1edbc bi\u1ec3n, c\u00f3 khung c\u1ea3nh n\u00fai non h\u00f9ng v\u1ef9 c\u00f9ng v\u1edbi th\u1ea3m th\u1ef1c v\u1eadt r\u1eebng nguy\u00ean sinh.<\/p>\n<p style=\"text-align: justify;\">Theo ph\u01b0\u1ee3t th\u1ee7 Hachi8, \u0111\u1ec3 leo l\u00ean \u0111\u1ec9nh T\u1ea3 Li\u00ean, b\u1ea1n c\u1ea7n 3 ng\u00e0y 2 \u0111\u00eam. Tr\u01b0a ng\u00e0y 1 b\u1eaft \u0111\u1ea7u leo, \u0111\u01b0\u1eddng ho\u00e0n to\u00e0n l\u00e0 l\u1ed1i m\u00f2n m\u00e0 d\u00e2n b\u1ea3n hay \u0111i r\u1eebng. B\u1ea1n c\u00f3 th\u1ec3 ngh\u1ec9 \u0111\u00eam t\u1ea1i hang \u0111\u00e1 m\u00e0 d\u00e2n \u0111i r\u1eebng hay leo v\u00ec g\u1ea7n nh\u01b0 kh\u00f4ng c\u00f3 l\u00e1n tr\u1ea1i tr\u00ean \u0111\u01b0\u1eddng. B\u1ea1n c\u1ea7n t\u00ecm \u0111i\u1ec3m ngh\u1ec9 b\u1eb1ng ph\u1eb3ng, g\u1ea7n ngu\u1ed3n n\u01b0\u1edbc tr\u01b0\u1edbc khi tr\u1eddi t\u1ed1i. Ng\u00e0y 1 ch\u1ec9 c\u1ea7n leo 3-4 ti\u1ebfng l\u00e0 \u0111\u1ee7 t\u1edbi cao \u0111\u1ed9 1.900 m. Ng\u00e0y 2, leo l\u00ean \u0111\u1ec9nh cao \u0111\u1ed9 2.993 m. L\u00ean \u0111\u1ec9nh tr\u01b0\u1edbc 14h \u0111\u1ec3 c\u00f3 th\u1ec3 quay l\u1ea1i \u0111i\u1ec3m ngh\u1ec9 tr\u01b0\u1edbc khi tr\u1eddi t\u1ed1i. Ng\u00e0y 3, xu\u1ed1ng n\u00fai, t\u1ea7m tr\u01b0a t\u1edbi b\u00eca r\u1eebng. Di chuy\u1ec3n v\u1ec1 Sapa tr\u01b0\u1edbc chi\u1ec1u t\u1ed1i.<\/p>\n<div id=\"attachment_120412\" style=\"width: 510px\" class=\"wp-caption aligncenter\"><img loading=\"lazy\" decoding=\"async\" aria-describedby=\"caption-attachment-120412\" class=\"wp-image-120412 size-full\" title=\"\u0110\u00f3n b\u00ecnh minh tr\u00ean \u0111\u1ec9nh T\u1ea3 Li\u00ean l\u00e0 tr\u1ea3i nghi\u1ec7m kh\u00f3 qu\u00ean. \u1ea2nh: Hachi8.\" src=\"https:\/\/cdn3.ivivu.com\/2016\/01\/5-cung-duong-trekking-moi-noi-thu-hut-phuot-thu-ivivu-2.jpg\" alt=\"\u0110\u00f3n b\u00ecnh minh tr\u00ean \u0111\u1ec9nh T\u1ea3 Li\u00ean l\u00e0 tr\u1ea3i nghi\u1ec7m kh\u00f3 qu\u00ean. \u1ea2nh: Hachi8.\" width=\"500\" height=\"334\" srcset=\"https:\/\/cdn3.ivivu.com\/2016\/01\/5-cung-duong-trekking-moi-noi-thu-hut-phuot-thu-ivivu-2.jpg 500w, https:\/\/cdn3.ivivu.com\/2016\/01\/5-cung-duong-trekking-moi-noi-thu-hut-phuot-thu-ivivu-2-457x305.jpg 457w\" sizes=\"(max-width: 500px) 100vw, 500px\" \/><p id=\"caption-attachment-120412\" class=\"wp-caption-text\">\u0110\u00f3n b\u00ecnh minh tr\u00ean \u0111\u1ec9nh T\u1ea3 Li\u00ean l\u00e0 tr\u1ea3i nghi\u1ec7m kh\u00f3 qu\u00ean. \u1ea2nh: Hachi8.<\/p><\/div>\n<p><strong>N\u00fai L\u1ea3o Th\u1ea9n<\/strong><\/p>\n<p style=\"text-align: justify;\">N\u00fai L\u1ea3o Th\u1ea9n \u0111\u01b0\u1ee3c m\u1ec7nh danh l\u00e0 n\u00f3c nh\u00e0 Y T\u00fd, thu\u1ed9c x\u00e3 Y T\u00fd, huy\u1ec7n B\u00e1t X\u00e1t, t\u1ec9nh L\u00e0o Cai, l\u00e0 \u0111\u1ecba \u0111i\u1ec3m l\u00fd t\u01b0\u1edfng \u0111\u1ec3 k\u1ebft h\u1ee3p trekking v\u00e0 \u201cs\u0103n\u201d m\u00e2y trong 2 ng\u00e0y m\u1ed9t \u0111\u00eam. Di chuy\u1ec3n \u0111\u1ebfn Y T\u00fd, g\u1eedi xe m\u00e1y t\u1ea1i trang tr\u1ea1i rau r\u1ea5t l\u1edbn t\u1ea1i \u0111\u01b0\u1eddng v\u00e0o b\u1ea3n Ph\u00ecn H\u1ed3 (t\u1eebng l\u00e0 s\u00e2n bay qu\u00e2n s\u1ef1 th\u1eddi Ph\u00e1p thu\u1ed9c) v\u00e0 b\u1eaft \u0111\u1ea7u h\u00e0nh tr\u00ecnh chinh ph\u1ee5c L\u1ea3o Th\u1ea9n cao 2800 m. L\u01b0u \u00fd n\u00ean h\u1ecfi nh\u1edd ng\u01b0\u1eddi d\u00e2n b\u1ea3n d\u1eabn \u0111\u01b0\u1eddng c\u0169ng nh\u01b0 mang theo \u0111\u1ed3 \u0103n kh\u00f4 \u0111\u1ee7 cho h\u00e0nh tr\u00ecnh.<\/p>\n<div id=\"attachment_120413\" style=\"width: 510px\" class=\"wp-caption aligncenter\"><img loading=\"lazy\" decoding=\"async\" aria-describedby=\"caption-attachment-120413\" class=\"wp-image-120413 size-full\" title=\"Bi\u1ec3n m\u00e2y b\u1ea1t ng\u00e0n \u1edf L\u1ea3o Th\u1ea9n. \u1ea2nh: Hachi8.\" src=\"https:\/\/cdn3.ivivu.com\/2016\/01\/5-cung-duong-trekking-moi-noi-thu-hut-phuot-thu-ivivu-3.jpg\" alt=\"Bi\u1ec3n m\u00e2y b\u1ea1t ng\u00e0n \u1edf L\u1ea3o Th\u1ea9n. \u1ea2nh: Hachi8.\" width=\"500\" height=\"333\" srcset=\"https:\/\/cdn3.ivivu.com\/2016\/01\/5-cung-duong-trekking-moi-noi-thu-hut-phuot-thu-ivivu-3.jpg 500w, https:\/\/cdn3.ivivu.com\/2016\/01\/5-cung-duong-trekking-moi-noi-thu-hut-phuot-thu-ivivu-3-458x305.jpg 458w\" sizes=\"(max-width: 500px) 100vw, 500px\" \/><p id=\"caption-attachment-120413\" class=\"wp-caption-text\">Bi\u1ec3n m\u00e2y b\u1ea1t ng\u00e0n \u1edf L\u1ea3o Th\u1ea9n. \u1ea2nh: Hachi8.<\/p><\/div>\n<p><strong>L\u00f9ng C\u00fang<\/strong><\/p>\n<p style=\"text-align: justify;\">\u0110\u1ec9nh L\u00f9ng C\u00fang \u0111\u01b0\u1ee3c \u0111\u1eb7t theo t\u00ean m\u1ed9t b\u1ea3n l\u00e0ng n\u1eb1m s\u00e2u trong v\u00f9ng n\u00fai hi\u1ec3m tr\u1edf b\u1eadc nh\u1ea5t t\u1ea1i x\u00e3 N\u1eadm C\u00f3, huy\u1ec7n M\u00f9 Cang Ch\u1ea3i, Y\u00ean B\u00e1i. Leo L\u00f9ng C\u00fang m\u1ea5t kho\u1ea3ng 2 ng\u00e0y m\u1ed9t \u0111\u00eam trong r\u1eebng \u0111\u1ec3 t\u1edbi \u0111\u1ec9nh v\u00e0 xu\u1ed1ng n\u00fai. B\u1ea1n c\u00f3 th\u1ec3 leo t\u1eeb 3 h\u01b0\u1edbng kh\u00e1c nhau l\u00e0 b\u1ea3n Th\u00e0o Chua Ch\u1ea3i, b\u1ea3n L\u00f9ng C\u00fang ho\u1eb7c b\u1ea3n Tu San. H\u00e0nh tr\u00ecnh s\u1ebd \u0111i qua r\u1eebng nguy\u00ean sinh c\u00f3 c\u1ea3nh quan r\u1ea5t \u0111\u1eb9p, b\u1ea1n s\u1ebd b\u1eaft g\u1eb7p nh\u1eefng th\u1ea3m th\u1ef1c v\u1eadt \u0111\u1ed9c \u0111\u00e1o ho\u1eb7c t\u00e1n l\u00e1 phong.<\/p>\n<div id=\"attachment_120414\" style=\"width: 430px\" class=\"wp-caption aligncenter\"><a href=\"https:\/\/cdn3.ivivu.com\/2016\/01\/5-cung-duong-trekking-moi-noi-thu-hut-phuot-thu-ivivu-4.jpg\"><img loading=\"lazy\" decoding=\"async\" aria-describedby=\"caption-attachment-120414\" class=\"wp-image-120414 size-full\" title=\"Chinh ph\u1ee5c L\u00f9ng C\u00fang theo \u0111\u01b0\u1eddng n\u00e0o c\u0169ng b\u0103ng qua nh\u1eefng th\u1ea3m th\u1ef1c v\u1eadt \u0111\u1ed9c \u0111\u00e1o. \u1ea2nh: H\u1ea3i Y\u1ebfn.\" src=\"https:\/\/cdn3.ivivu.com\/2016\/01\/5-cung-duong-trekking-moi-noi-thu-hut-phuot-thu-ivivu-4.jpg\" alt=\"Chinh ph\u1ee5c L\u00f9ng C\u00fang theo \u0111\u01b0\u1eddng n\u00e0o c\u0169ng b\u0103ng qua nh\u1eefng th\u1ea3m th\u1ef1c v\u1eadt \u0111\u1ed9c \u0111\u00e1o. \u1ea2nh: H\u1ea3i Y\u1ebfn.\" width=\"420\" height=\"560\" srcset=\"https:\/\/cdn3.ivivu.com\/2016\/01\/5-cung-duong-trekking-moi-noi-thu-hut-phuot-thu-ivivu-4.jpg 420w, https:\/\/cdn3.ivivu.com\/2016\/01\/5-cung-duong-trekking-moi-noi-thu-hut-phuot-thu-ivivu-4-229x305.jpg 229w\" sizes=\"(max-width: 420px) 100vw, 420px\" \/><\/a><p id=\"caption-attachment-120414\" class=\"wp-caption-text\">Chinh ph\u1ee5c L\u00f9ng C\u00fang theo \u0111\u01b0\u1eddng n\u00e0o c\u0169ng b\u0103ng qua nh\u1eefng th\u1ea3m th\u1ef1c v\u1eadt \u0111\u1ed9c \u0111\u00e1o. \u1ea2nh: H\u1ea3i Y\u1ebfn.<\/p><\/div>\n<p><strong>Hang \u00c9n<\/strong><\/p>\n<p style=\"text-align: justify;\">Trong n\u0103m qua, khu v\u1ef1c S\u01a1n \u0110o\u00f2ng, T\u00fa L\u00e0n hay Hang \u00c9n l\u00e0 nh\u1eefng c\u00e1i t\u00ean r\u1ea5t \u0111\u01b0\u1ee3c quan t\u00e2m. Hang \u00c9n l\u00e0 hang \u0111\u1ed9ng l\u1edbn th\u1ee9 ba th\u1ebf gi\u1edbi v\u1edbi h\u1ec7 sinh th\u00e1i phong ph\u00fa v\u00e0 \u0111\u1ed9c \u0111\u00e1o. Nhi\u1ec1u ng\u01b0\u1eddi \u01b0a m\u1ea1o hi\u1ec3m ch\u01b0a \u0111\u0103ng k\u00fd \u0111\u01b0\u1ee3c tour S\u01a1n \u0110o\u00f2ng c\u00f3 th\u1ec3 l\u1ef1a ch\u1ecdn n\u01a1i n\u00e0y \u0111\u1ec3 chinh ph\u1ee5c.<\/p>\n<p style=\"text-align: justify;\">T\u1eeb TP \u0110\u1ed3ng H\u1edbi, b\u1ea1n \u0111i theo \u0111\u01b0\u1eddng H\u1ed3 Ch\u00ed Minh nh\u00e1nh T\u00e2y \u0111\u1ebfn km 35. Kho\u1ea3ng c\u00e1ch t\u1eeb km 35 \u0111\u1ebfn hang \u00c9n d\u00e0i kho\u1ea3ng 8 km. \u0110\u01b0\u1eddng c\u00f3 nhi\u1ec1u \u0111o\u1ea1n d\u1ed1c, \u0111i qua su\u1ed1i R\u00e0o Th\u01b0\u01a1ng, qua b\u1ea3n \u0110o\u00f2ng, m\u1ed9t b\u1ea3n nh\u1ecf c\u1ee7a ng\u01b0\u1eddi V\u00e2n Ki\u1ec1u n\u1eb1m s\u00e2u trong v\u00f9ng l\u00f5i v\u01b0\u1eddn qu\u1ed1c gia Phong Nha &#8211; K\u1ebb B\u00e0ng. Ti\u1ebfn s\u00e2u v\u00e0o hang, m\u1ed9t l\u1ea7n n\u1eefa b\u1ea1n \u0111\u01b0\u1ee3c chi\u00eam ng\u01b0\u1ee1ng con su\u1ed1i R\u00e0o Th\u01b0\u01a1ng ch\u1ea3y quanh co theo h\u00ecnh ch\u1eef S. C\u00e0ng \u0111i v\u00e0o b\u00ean trong, b\u1ea1n s\u1ebd quan s\u00e1t \u0111\u01b0\u1ee3c nh\u1eefng th\u1ea1ch nh\u0169 nhi\u1ec1u h\u00ecnh d\u00e1ng kh\u00e1c nhau hay c\u00e1c t\u1ed5 chim \u00e9n.<\/p>\n<div id=\"attachment_120415\" style=\"width: 510px\" class=\"wp-caption aligncenter\"><img loading=\"lazy\" decoding=\"async\" aria-describedby=\"caption-attachment-120415\" class=\"wp-image-120415 size-full\" title=\"Hang \u00c9n \u0111\u01b0\u1ee3c \u0111o\u00e0n th\u00e1m hi\u1ec3m Hi\u1ec7p h\u1ed9i hang \u0111\u1ed9ng ho\u00e0ng gia Anh ph\u00e1t hi\u1ec7n n\u0103m 1994. \u1ea2nh: Lars Krux.\" src=\"https:\/\/cdn3.ivivu.com\/2016\/01\/5-cung-duong-trekking-moi-noi-thu-hut-phuot-thu-ivivu-5.jpg\" alt=\"Hang \u00c9n \u0111\u01b0\u1ee3c \u0111o\u00e0n th\u00e1m hi\u1ec3m Hi\u1ec7p h\u1ed9i hang \u0111\u1ed9ng ho\u00e0ng gia Anh ph\u00e1t hi\u1ec7n n\u0103m 1994. \u1ea2nh: Lars Krux.\" width=\"500\" height=\"297\" \/><p id=\"caption-attachment-120415\" class=\"wp-caption-text\">Hang \u00c9n \u0111\u01b0\u1ee3c \u0111o\u00e0n th\u00e1m hi\u1ec3m Hi\u1ec7p h\u1ed9i hang \u0111\u1ed9ng ho\u00e0ng gia Anh ph\u00e1t hi\u1ec7n n\u0103m 1994. \u1ea2nh: Lars Krux.<\/p><\/div>\n<h4 style=\"text-align: center;\"><div class=\"ltt-contentbox white\"><\/span><strong>CLICK \u0110\u1eb6T NGAY\u00a0<\/strong><a href=\"https:\/\/www.ivivu.com\/du-lich?utm_source=blog_ivivu&amp;utm_medium=post_link&amp;utm_campaign=internal\" target=\"_blank\"><strong>TOUR DU L\u1ecaCH<\/strong><\/a><strong>\u00a0<\/strong><strong>V\u00c0\u00a0<\/strong><a href=\"https:\/\/www.ivivu.com\/?utm_source=blog_ivivu&amp;utm_medium=post_link&amp;utm_campaign=internal\" target=\"_blank\"><strong>KH\u00c1CH S\u1ea0N<\/strong><\/a><strong>\u00a0<\/strong><strong>V\u1edaI GI\u00c1 T\u1ed0T NH\u1ea4T CH\u1ec8 C\u00d3 T\u1ea0I IVIVU.COM<\/strong><\/div><\/h4>\n<p style=\"text-align: right;\"><strong>Theo <a href=\"http:\/\/dulich.vnexpress.net\/tin-tuc\/cong-dong\/tu-van\/5-cung-duong-trekking-moi-noi-thu-hut-phuot-thu-3340035.html\" target=\"_blank\">Vnexpress.net<\/a><\/strong><\/p>\n<div class=\"ltt-contentbox white\"><\/span><\/p>\n<p><strong>Xem th\u00eam c\u00e1c b\u00e0i vi\u1ebft:<\/strong><\/p>\n<p><strong><a href=\"https:\/\/www.ivivu.com\/blog\/2015\/12\/bien-may-cuon-cuon-o-ta-xua\/\" target=\"_blank\">Bi\u1ec3n m\u00e2y cu\u1ed3n cu\u1ed9n \u1edf T\u00e0 X\u00f9a<\/a><\/strong><\/p>\n<p><strong><a href=\"https:\/\/www.ivivu.com\/blog\/2015\/12\/11-vat-dung-nen-co-trong-chuyen-phuot-mua-dong\/\" target=\"_blank\">11 v\u1eadt d\u1ee5ng n\u00ean c\u00f3 trong chuy\u1ebfn ph\u01b0\u1ee3t m\u00f9a \u0111\u00f4ng<\/a><\/strong><\/p>\n<p><strong><a href=\"https:\/\/www.ivivu.com\/blog\/2015\/11\/phuot-xe-may-cam-trai-gan-tp-hcm-voi-chi-phi-cuc-re\/\" target=\"_blank\">Ph\u01b0\u1ee3t xe m\u00e1y c\u1eafm tr\u1ea1i g\u1ea7n TP HCM v\u1edbi chi ph\u00ed c\u1ef1c r\u1ebb<\/a><\/strong><\/p>\n<p><\/div>\n<h3><div class=\"ltt-contentbox white\"><\/span>Click \u0111\u1eb7t ngay <a href=\"https:\/\/www.ivivu.com\/?utm_source=blog_ivivu&amp;utm_medium=post_link&amp;utm_campaign=internal\" target=\"_blank\">Kh\u00e1ch s\u1ea1n kh\u1eafp Vi\u1ec7t Nam v\u00e0 to\u00e0n th\u1ebf gi\u1edbi<\/a> gi\u00e1 t\u1ed1t nh\u1ea5t ch\u1ec9 c\u00f3 t\u1ea1i iVIVU.com<\/div><\/h3>\n<p><strong>***<\/strong><\/p>\n<p><strong>Tham kh\u1ea3o: <a href=\"https:\/\/www.ivivu.com\/blog\" target=\"_blank\">C\u1ea9m nang du l\u1ecbch iVIVU.com<\/a><\/strong><\/p>\n","protected":false},"excerpt":{"rendered":"<p>Sau h\u00e0nh tr\u00ecnh trekking b\u0103ng qua c\u00e1c lo\u1ea1i \u0111\u1ecba h\u00ecnh v\u1edbi nhi\u1ec1u \u0111\u1ed3 \u0111\u1ea1c tr\u00ean l\u01b0ng, b\u1ea1n s\u1ebd \u0111\u01b0\u1ee3c \u0111\u1ec1n \u0111\u00e1p b\u1edfi v\u1ebb \u0111\u1eb9p b\u1ea5t t\u1eadn c\u1ee7a thi\u00ean nhi\u00ean h\u00f9ng v\u0129.<\/p>\n","protected":false},"author":38,"featured_media":120413,"comment_status":"closed","ping_status":"open","sticky":false,"template":"","format":"standard","meta":{"_acf_changed":false,"footnotes":""},"categories":[229,795,14742],"tags":[17995,5998,16865,98,393,17105,137,18036,18465,1337],"acf":[],"yoast_head":"<!-- This site is optimized with the Yoast SEO Premium plugin v22.6 (Yoast SEO v22.6) - https:\/\/yoast.com\/wordpress\/plugins\/seo\/ -->\n<title>iVIVU.com - 5 cung \u0111\u01b0\u1eddng trekking m\u1edbi n\u1ed5i thu h\u00fat ph\u01b0\u1ee3t th\u1ee7<\/title>\n<meta name=\"description\" content=\"iVIVU.com - Sau h\u00e0nh tr\u00ecnh trekking b\u0103ng qua c\u00e1c lo\u1ea1i \u0111\u1ecba h\u00ecnh v\u1edbi nhi\u1ec1u \u0111\u1ed3 \u0111\u1ea1c tr\u00ean l\u01b0ng, b\u1ea1n s\u1ebd \u0111\u01b0\u1ee3c \u0111\u1ec1n \u0111\u00e1p b\u1edfi v\u1ebb \u0111\u1eb9p b\u1ea5t t\u1eadn c\u1ee7a thi\u00ean nhi\u00ean h\u00f9ng v\u0129.\" \/>\n<meta name=\"robots\" content=\"index, follow, max-snippet:-1, max-image-preview:large, max-video-preview:-1\" \/>\n<link rel=\"canonical\" href=\"https:\/\/www.ivivu.com\/blog\/2016\/01\/5-cung-duong-trekking-moi-noi-thu-hut-phuot-thu\/\" \/>\n<meta name=\"twitter:label1\" content=\"\u0110\u01b0\u1ee3c vi\u1ebft b\u1edfi\" \/>\n\t<meta name=\"twitter:data1\" content=\"Ng\u00e2n Thi\u1ec1u Kim\" \/>\n\t<meta name=\"twitter:label2\" content=\"\u01af\u1edbc t\u00ednh th\u1eddi gian \u0111\u1ecdc\" \/>\n\t<meta name=\"twitter:data2\" content=\"7 ph\u00fat\" \/>\n<script type=\"application\/ld+json\" class=\"yoast-schema-graph\">{\"@context\":\"https:\/\/schema.org\",\"@graph\":[{\"@type\":\"Article\",\"@id\":\"https:\/\/www.ivivu.com\/blog\/2016\/01\/5-cung-duong-trekking-moi-noi-thu-hut-phuot-thu\/#article\",\"isPartOf\":{\"@id\":\"https:\/\/www.ivivu.com\/blog\/2016\/01\/5-cung-duong-trekking-moi-noi-thu-hut-phuot-thu\/\"},\"author\":{\"name\":\"Ng\u00e2n Thi\u1ec1u Kim\",\"@id\":\"https:\/\/www.ivivu.com\/blog\/#\/schema\/person\/f6e706f46fad4e85f2e1c3ec41136369\"},\"headline\":\"5 cung \u0111\u01b0\u1eddng trekking m\u1edbi n\u1ed5i thu h\u00fat ph\u01b0\u1ee3t th\u1ee7\",\"datePublished\":\"2016-01-12T06:16:54+00:00\",\"dateModified\":\"2016-01-12T06:16:54+00:00\",\"mainEntityOfPage\":{\"@id\":\"https:\/\/www.ivivu.com\/blog\/2016\/01\/5-cung-duong-trekking-moi-noi-thu-hut-phuot-thu\/\"},\"wordCount\":1404,\"publisher\":{\"@id\":\"https:\/\/www.ivivu.com\/blog\/#organization\"},\"image\":{\"@id\":\"https:\/\/www.ivivu.com\/blog\/2016\/01\/5-cung-duong-trekking-moi-noi-thu-hut-phuot-thu\/#primaryimage\"},\"thumbnailUrl\":\"https:\/\/cdn3.ivivu.com\/2016\/01\/5-cung-duong-trekking-moi-noi-thu-hut-phuot-thu-ivivu-3.jpg\",\"keywords\":[\"cung \u0111\u01b0\u1eddng trekking\",\"\u0111\u1eb7t ph\u00f2ng kh\u00e1ch s\u1ea1n tr\u1ef1c tuy\u1ebfn\",\"h\u1ec7 th\u1ed1ng \u0111\u1eb7t kh\u00e1ch s\u1ea1n tr\u1ef1c tuy\u1ebfn\",\"kh\u00e1ch s\u1ea1n\",\"Kh\u00e1ch s\u1ea1n gi\u00e1 r\u1ebb\",\"Phan D\u0169ng\",\"ph\u01b0\u1ee3t\",\"T\u1ea3 Li\u00ean S\u01a1n\",\"T\u00e0 N\u0103ng\",\"trekking\"],\"articleSection\":[\"DU L\u1ecaCH VI\u1ec6T NAM\",\"\u0110i\u1ec3m \u0111\u1ebfn\",\"N\u1ed5i B\u1eadt 2\"],\"inLanguage\":\"vi\"},{\"@type\":\"WebPage\",\"@id\":\"https:\/\/www.ivivu.com\/blog\/2016\/01\/5-cung-duong-trekking-moi-noi-thu-hut-phuot-thu\/\",\"url\":\"https:\/\/www.ivivu.com\/blog\/2016\/01\/5-cung-duong-trekking-moi-noi-thu-hut-phuot-thu\/\",\"name\":\"iVIVU.com - 5 cung \u0111\u01b0\u1eddng trekking m\u1edbi n\u1ed5i thu h\u00fat ph\u01b0\u1ee3t th\u1ee7\",\"isPartOf\":{\"@id\":\"https:\/\/www.ivivu.com\/blog\/#website\"},\"primaryImageOfPage\":{\"@id\":\"https:\/\/www.ivivu.com\/blog\/2016\/01\/5-cung-duong-trekking-moi-noi-thu-hut-phuot-thu\/#primaryimage\"},\"image\":{\"@id\":\"https:\/\/www.ivivu.com\/blog\/2016\/01\/5-cung-duong-trekking-moi-noi-thu-hut-phuot-thu\/#primaryimage\"},\"thumbnailUrl\":\"https:\/\/cdn3.ivivu.com\/2016\/01\/5-cung-duong-trekking-moi-noi-thu-hut-phuot-thu-ivivu-3.jpg\",\"datePublished\":\"2016-01-12T06:16:54+00:00\",\"dateModified\":\"2016-01-12T06:16:54+00:00\",\"description\":\"iVIVU.com - Sau h\u00e0nh tr\u00ecnh trekking b\u0103ng qua c\u00e1c lo\u1ea1i \u0111\u1ecba h\u00ecnh v\u1edbi nhi\u1ec1u \u0111\u1ed3 \u0111\u1ea1c tr\u00ean l\u01b0ng, b\u1ea1n s\u1ebd \u0111\u01b0\u1ee3c \u0111\u1ec1n \u0111\u00e1p b\u1edfi v\u1ebb \u0111\u1eb9p b\u1ea5t t\u1eadn c\u1ee7a thi\u00ean nhi\u00ean h\u00f9ng v\u0129.\",\"breadcrumb\":{\"@id\":\"https:\/\/www.ivivu.com\/blog\/2016\/01\/5-cung-duong-trekking-moi-noi-thu-hut-phuot-thu\/#breadcrumb\"},\"inLanguage\":\"vi\",\"potentialAction\":[{\"@type\":\"ReadAction\",\"target\":[\"https:\/\/www.ivivu.com\/blog\/2016\/01\/5-cung-duong-trekking-moi-noi-thu-hut-phuot-thu\/\"]}]},{\"@type\":\"ImageObject\",\"inLanguage\":\"vi\",\"@id\":\"https:\/\/www.ivivu.com\/blog\/2016\/01\/5-cung-duong-trekking-moi-noi-thu-hut-phuot-thu\/#primaryimage\",\"url\":\"https:\/\/cdn3.ivivu.com\/2016\/01\/5-cung-duong-trekking-moi-noi-thu-hut-phuot-thu-ivivu-3.jpg\",\"contentUrl\":\"https:\/\/cdn3.ivivu.com\/2016\/01\/5-cung-duong-trekking-moi-noi-thu-hut-phuot-thu-ivivu-3.jpg\",\"width\":500,\"height\":333},{\"@type\":\"BreadcrumbList\",\"@id\":\"https:\/\/www.ivivu.com\/blog\/2016\/01\/5-cung-duong-trekking-moi-noi-thu-hut-phuot-thu\/#breadcrumb\",\"itemListElement\":[{\"@type\":\"ListItem\",\"position\":1,\"name\":\"Home\",\"item\":\"https:\/\/www.ivivu.com\/blog\/\"},{\"@type\":\"ListItem\",\"position\":2,\"name\":\"5 cung \u0111\u01b0\u1eddng trekking m\u1edbi n\u1ed5i thu h\u00fat ph\u01b0\u1ee3t th\u1ee7\"}]},{\"@type\":\"WebSite\",\"@id\":\"https:\/\/www.ivivu.com\/blog\/#website\",\"url\":\"https:\/\/www.ivivu.com\/blog\/\",\"name\":\"C\u1ea9m nang du l\u1ecbch\",\"description\":\"\",\"publisher\":{\"@id\":\"https:\/\/www.ivivu.com\/blog\/#organization\"},\"potentialAction\":[{\"@type\":\"SearchAction\",\"target\":{\"@type\":\"EntryPoint\",\"urlTemplate\":\"https:\/\/www.ivivu.com\/blog\/?s={search_term_string}\"},\"query-input\":\"required name=search_term_string\"}],\"inLanguage\":\"vi\"},{\"@type\":\"Organization\",\"@id\":\"https:\/\/www.ivivu.com\/blog\/#organization\",\"name\":\"iVIVU.com\",\"url\":\"https:\/\/www.ivivu.com\/blog\/\",\"logo\":{\"@type\":\"ImageObject\",\"inLanguage\":\"vi\",\"@id\":\"https:\/\/www.ivivu.com\/blog\/#\/schema\/logo\/image\/\",\"url\":\"https:\/\/cdn3.ivivu.com\/2024\/01\/ivivu_no_slogan.png\",\"contentUrl\":\"https:\/\/cdn3.ivivu.com\/2024\/01\/ivivu_no_slogan.png\",\"width\":788,\"height\":565,\"caption\":\"iVIVU.com\"},\"image\":{\"@id\":\"https:\/\/www.ivivu.com\/blog\/#\/schema\/logo\/image\/\"},\"sameAs\":[\"https:\/\/www.facebook.com\/iVIVU\"]},{\"@type\":\"Person\",\"@id\":\"https:\/\/www.ivivu.com\/blog\/#\/schema\/person\/f6e706f46fad4e85f2e1c3ec41136369\",\"name\":\"Ng\u00e2n Thi\u1ec1u Kim\",\"sameAs\":[\"https:\/\/www.ivivu.com\/blog\/\"],\"url\":\"https:\/\/www.ivivu.com\/blog\/author\/ngan-thieu\/\"}]}<\/script>\n<!-- \/ Yoast SEO Premium plugin. -->","yoast_head_json":{"title":"iVIVU.com - 5 cung \u0111\u01b0\u1eddng trekking m\u1edbi n\u1ed5i thu h\u00fat ph\u01b0\u1ee3t th\u1ee7","description":"iVIVU.com - Sau h\u00e0nh tr\u00ecnh trekking b\u0103ng qua c\u00e1c lo\u1ea1i \u0111\u1ecba h\u00ecnh v\u1edbi nhi\u1ec1u \u0111\u1ed3 \u0111\u1ea1c tr\u00ean l\u01b0ng, b\u1ea1n s\u1ebd \u0111\u01b0\u1ee3c \u0111\u1ec1n \u0111\u00e1p b\u1edfi v\u1ebb \u0111\u1eb9p b\u1ea5t t\u1eadn c\u1ee7a thi\u00ean nhi\u00ean h\u00f9ng v\u0129.","robots":{"index":"index","follow":"follow","max-snippet":"max-snippet:-1","max-image-preview":"max-image-preview:large","max-video-preview":"max-video-preview:-1"},"canonical":"https:\/\/www.ivivu.com\/blog\/2016\/01\/5-cung-duong-trekking-moi-noi-thu-hut-phuot-thu\/","twitter_misc":{"\u0110\u01b0\u1ee3c vi\u1ebft b\u1edfi":"Ng\u00e2n Thi\u1ec1u Kim","\u01af\u1edbc t\u00ednh th\u1eddi gian \u0111\u1ecdc":"7 ph\u00fat"},"schema":{"@context":"https:\/\/schema.org","@graph":[{"@type":"Article","@id":"https:\/\/www.ivivu.com\/blog\/2016\/01\/5-cung-duong-trekking-moi-noi-thu-hut-phuot-thu\/#article","isPartOf":{"@id":"https:\/\/www.ivivu.com\/blog\/2016\/01\/5-cung-duong-trekking-moi-noi-thu-hut-phuot-thu\/"},"author":{"name":"Ng\u00e2n Thi\u1ec1u Kim","@id":"https:\/\/www.ivivu.com\/blog\/#\/schema\/person\/f6e706f46fad4e85f2e1c3ec41136369"},"headline":"5 cung \u0111\u01b0\u1eddng trekking m\u1edbi n\u1ed5i thu h\u00fat ph\u01b0\u1ee3t th\u1ee7","datePublished":"2016-01-12T06:16:54+00:00","dateModified":"2016-01-12T06:16:54+00:00","mainEntityOfPage":{"@id":"https:\/\/www.ivivu.com\/blog\/2016\/01\/5-cung-duong-trekking-moi-noi-thu-hut-phuot-thu\/"},"wordCount":1404,"publisher":{"@id":"https:\/\/www.ivivu.com\/blog\/#organization"},"image":{"@id":"https:\/\/www.ivivu.com\/blog\/2016\/01\/5-cung-duong-trekking-moi-noi-thu-hut-phuot-thu\/#primaryimage"},"thumbnailUrl":"https:\/\/cdn3.ivivu.com\/2016\/01\/5-cung-duong-trekking-moi-noi-thu-hut-phuot-thu-ivivu-3.jpg","keywords":["cung \u0111\u01b0\u1eddng trekking","\u0111\u1eb7t ph\u00f2ng kh\u00e1ch s\u1ea1n tr\u1ef1c tuy\u1ebfn","h\u1ec7 th\u1ed1ng \u0111\u1eb7t kh\u00e1ch s\u1ea1n tr\u1ef1c tuy\u1ebfn","kh\u00e1ch s\u1ea1n","Kh\u00e1ch s\u1ea1n gi\u00e1 r\u1ebb","Phan D\u0169ng","ph\u01b0\u1ee3t","T\u1ea3 Li\u00ean S\u01a1n","T\u00e0 N\u0103ng","trekking"],"articleSection":["DU L\u1ecaCH VI\u1ec6T NAM","\u0110i\u1ec3m \u0111\u1ebfn","N\u1ed5i B\u1eadt 2"],"inLanguage":"vi"},{"@type":"WebPage","@id":"https:\/\/www.ivivu.com\/blog\/2016\/01\/5-cung-duong-trekking-moi-noi-thu-hut-phuot-thu\/","url":"https:\/\/www.ivivu.com\/blog\/2016\/01\/5-cung-duong-trekking-moi-noi-thu-hut-phuot-thu\/","name":"iVIVU.com - 5 cung \u0111\u01b0\u1eddng trekking m\u1edbi n\u1ed5i thu h\u00fat ph\u01b0\u1ee3t th\u1ee7","isPartOf":{"@id":"https:\/\/www.ivivu.com\/blog\/#website"},"primaryImageOfPage":{"@id":"https:\/\/www.ivivu.com\/blog\/2016\/01\/5-cung-duong-trekking-moi-noi-thu-hut-phuot-thu\/#primaryimage"},"image":{"@id":"https:\/\/www.ivivu.com\/blog\/2016\/01\/5-cung-duong-trekking-moi-noi-thu-hut-phuot-thu\/#primaryimage"},"thumbnailUrl":"https:\/\/cdn3.ivivu.com\/2016\/01\/5-cung-duong-trekking-moi-noi-thu-hut-phuot-thu-ivivu-3.jpg","datePublished":"2016-01-12T06:16:54+00:00","dateModified":"2016-01-12T06:16:54+00:00","description":"iVIVU.com - Sau h\u00e0nh tr\u00ecnh trekking b\u0103ng qua c\u00e1c lo\u1ea1i \u0111\u1ecba h\u00ecnh v\u1edbi nhi\u1ec1u \u0111\u1ed3 \u0111\u1ea1c tr\u00ean l\u01b0ng, b\u1ea1n s\u1ebd \u0111\u01b0\u1ee3c \u0111\u1ec1n \u0111\u00e1p b\u1edfi v\u1ebb \u0111\u1eb9p b\u1ea5t t\u1eadn c\u1ee7a thi\u00ean nhi\u00ean h\u00f9ng v\u0129.","breadcrumb":{"@id":"https:\/\/www.ivivu.com\/blog\/2016\/01\/5-cung-duong-trekking-moi-noi-thu-hut-phuot-thu\/#breadcrumb"},"inLanguage":"vi","potentialAction":[{"@type":"ReadAction","target":["https:\/\/www.ivivu.com\/blog\/2016\/01\/5-cung-duong-trekking-moi-noi-thu-hut-phuot-thu\/"]}]},{"@type":"ImageObject","inLanguage":"vi","@id":"https:\/\/www.ivivu.com\/blog\/2016\/01\/5-cung-duong-trekking-moi-noi-thu-hut-phuot-thu\/#primaryimage","url":"https:\/\/cdn3.ivivu.com\/2016\/01\/5-cung-duong-trekking-moi-noi-thu-hut-phuot-thu-ivivu-3.jpg","contentUrl":"https:\/\/cdn3.ivivu.com\/2016\/01\/5-cung-duong-trekking-moi-noi-thu-hut-phuot-thu-ivivu-3.jpg","width":500,"height":333},{"@type":"BreadcrumbList","@id":"https:\/\/www.ivivu.com\/blog\/2016\/01\/5-cung-duong-trekking-moi-noi-thu-hut-phuot-thu\/#breadcrumb","itemListElement":[{"@type":"ListItem","position":1,"name":"Home","item":"https:\/\/www.ivivu.com\/blog\/"},{"@type":"ListItem","position":2,"name":"5 cung \u0111\u01b0\u1eddng trekking m\u1edbi n\u1ed5i thu h\u00fat ph\u01b0\u1ee3t th\u1ee7"}]},{"@type":"WebSite","@id":"https:\/\/www.ivivu.com\/blog\/#website","url":"https:\/\/www.ivivu.com\/blog\/","name":"C\u1ea9m nang du l\u1ecbch","description":"","publisher":{"@id":"https:\/\/www.ivivu.com\/blog\/#organization"},"potentialAction":[{"@type":"SearchAction","target":{"@type":"EntryPoint","urlTemplate":"https:\/\/www.ivivu.com\/blog\/?s={search_term_string}"},"query-input":"required name=search_term_string"}],"inLanguage":"vi"},{"@type":"Organization","@id":"https:\/\/www.ivivu.com\/blog\/#organization","name":"iVIVU.com","url":"https:\/\/www.ivivu.com\/blog\/","logo":{"@type":"ImageObject","inLanguage":"vi","@id":"https:\/\/www.ivivu.com\/blog\/#\/schema\/logo\/image\/","url":"https:\/\/cdn3.ivivu.com\/2024\/01\/ivivu_no_slogan.png","contentUrl":"https:\/\/cdn3.ivivu.com\/2024\/01\/ivivu_no_slogan.png","width":788,"height":565,"caption":"iVIVU.com"},"image":{"@id":"https:\/\/www.ivivu.com\/blog\/#\/schema\/logo\/image\/"},"sameAs":["https:\/\/www.facebook.com\/iVIVU"]},{"@type":"Person","@id":"https:\/\/www.ivivu.com\/blog\/#\/schema\/person\/f6e706f46fad4e85f2e1c3ec41136369","name":"Ng\u00e2n Thi\u1ec1u Kim","sameAs":["https:\/\/www.ivivu.com\/blog\/"],"url":"https:\/\/www.ivivu.com\/blog\/author\/ngan-thieu\/"}]}},"_links":{"self":[{"href":"https:\/\/www.ivivu.com\/blog\/wp-json\/wp\/v2\/posts\/120410"}],"collection":[{"href":"https:\/\/www.ivivu.com\/blog\/wp-json\/wp\/v2\/posts"}],"about":[{"href":"https:\/\/www.ivivu.com\/blog\/wp-json\/wp\/v2\/types\/post"}],"author":[{"embeddable":true,"href":"https:\/\/www.ivivu.com\/blog\/wp-json\/wp\/v2\/users\/38"}],"replies":[{"embeddable":true,"href":"https:\/\/www.ivivu.com\/blog\/wp-json\/wp\/v2\/comments?post=120410"}],"version-history":[{"count":4,"href":"https:\/\/www.ivivu.com\/blog\/wp-json\/wp\/v2\/posts\/120410\/revisions"}],"predecessor-version":[{"id":120468,"href":"https:\/\/www.ivivu.com\/blog\/wp-json\/wp\/v2\/posts\/120410\/revisions\/120468"}],"wp:featuredmedia":[{"embeddable":true,"href":"https:\/\/www.ivivu.com\/blog\/wp-json\/wp\/v2\/media\/120413"}],"wp:attachment":[{"href":"https:\/\/www.ivivu.com\/blog\/wp-json\/wp\/v2\/media?parent=120410"}],"wp:term":[{"taxonomy":"category","embeddable":true,"href":"https:\/\/www.ivivu.com\/blog\/wp-json\/wp\/v2\/categories?post=120410"},{"taxonomy":"post_tag","embeddable":true,"href":"https:\/\/www.ivivu.com\/blog\/wp-json\/wp\/v2\/tags?post=120410"}],"curies":[{"name":"wp","href":"https:\/\/api.w.org\/{rel}","templated":true}]}}