{"id":120684,"date":"2016-01-16T13:00:25","date_gmt":"2016-01-16T06:00:25","guid":{"rendered":"https:\/\/www.ivivu.com\/blog\/?p=120684"},"modified":"2016-01-15T16:30:46","modified_gmt":"2016-01-15T09:30:46","slug":"6-diem-du-lich-noi-tieng-mien-phi-o-rome","status":"publish","type":"post","link":"https:\/\/www.ivivu.com\/blog\/2016\/01\/6-diem-du-lich-noi-tieng-mien-phi-o-rome\/","title":{"rendered":"6 \u0111i\u1ec3m du l\u1ecbch n\u1ed5i ti\u1ebfng mi\u1ec5n ph\u00ed \u1edf Rome"},"content":{"rendered":"<p style=\"text-align: justify;\"><strong><em>B\u1ea3o t\u00e0ng Vatican, \u0111\u1ea5u tr\u01b0\u1eddng Colosseum hay Forum thu t\u1edbi 20 euro ti\u1ec1n v\u00e9 v\u00e0o c\u1eeda trong khi b\u1ea1n ho\u00e0n to\u00e0n kh\u00f4ng t\u1ed1n m\u1ed9t xu khi tham quan nh\u00e0 nguy\u1ec7n St.Peter hay \u0111\u00e0i phun n\u01b0\u1edbc Trevi.<\/em><\/strong><!--more--><\/p>\n<h2>6 \u0111i\u1ec3m du l\u1ecbch n\u1ed5i ti\u1ebfng mi\u1ec5n ph\u00ed \u1edf Rome<\/h2>\n<div id=\"attachment_120685\" style=\"width: 510px\" class=\"wp-caption aligncenter\"><a href=\"https:\/\/cdn3.ivivu.com\/2016\/01\/6-diem-du-lich-noi-tieng-mien-phi-o-rome-ivivu-1.jpg\"><img loading=\"lazy\" decoding=\"async\" aria-describedby=\"caption-attachment-120685\" class=\"wp-image-120685 size-full\" title=\"Nh\u00e0 nguy\u1ec7n St. Peter: C\u00f4ng tr\u00ecnh ki\u1ebfn tr\u00fac n\u00e0y l\u00e0 m\u1ed9t trong nh\u1eefng \u0111\u1ecba \u0111i\u1ec3m kh\u00f4ng th\u1ec3 b\u1ecf qua khi tham quan Rome. An ninh n\u01a1i \u0111\u00e2y \u0111\u01b0\u1ee3c b\u1ea3o v\u1ec7 nghi\u00eam ng\u1eb7t v\u00e0 du kh\u00e1ch th\u01b0\u1eddng ph\u1ea3i x\u1ebfp h\u00e0ng d\u00e0i \u0111\u1ec3 v\u00e0o c\u1eeda. Khu h\u1ea7m m\u1ed9 ph\u00eda d\u01b0\u1edbi b\u00ean tr\u00e1i th\u00e1p th\u1edd ch\u00f4n c\u1ea5t nh\u1eefng v\u1ecb gi\u00e1o ho\u00e0ng t\u1eeb h\u00e0ng tr\u0103m n\u0103m nay l\u00e0 \u0111i\u1ec3m \u0111\u1ed9c \u0111\u00e1o nh\u1ea5t c\u1ee7a nh\u00e0 nguy\u1ec7n St.Peter. \u1ea2nh: Reidsitaly.\" src=\"https:\/\/cdn3.ivivu.com\/2016\/01\/6-diem-du-lich-noi-tieng-mien-phi-o-rome-ivivu-1.jpg\" alt=\"Nh\u00e0 nguy\u1ec7n St. Peter: C\u00f4ng tr\u00ecnh ki\u1ebfn tr\u00fac n\u00e0y l\u00e0 m\u1ed9t trong nh\u1eefng \u0111\u1ecba \u0111i\u1ec3m kh\u00f4ng th\u1ec3 b\u1ecf qua khi tham quan Rome. An ninh n\u01a1i \u0111\u00e2y \u0111\u01b0\u1ee3c b\u1ea3o v\u1ec7 nghi\u00eam ng\u1eb7t v\u00e0 du kh\u00e1ch th\u01b0\u1eddng ph\u1ea3i x\u1ebfp h\u00e0ng d\u00e0i \u0111\u1ec3 v\u00e0o c\u1eeda. Khu h\u1ea7m m\u1ed9 ph\u00eda d\u01b0\u1edbi b\u00ean tr\u00e1i th\u00e1p th\u1edd ch\u00f4n c\u1ea5t nh\u1eefng v\u1ecb gi\u00e1o ho\u00e0ng t\u1eeb h\u00e0ng tr\u0103m n\u0103m nay l\u00e0 \u0111i\u1ec3m \u0111\u1ed9c \u0111\u00e1o nh\u1ea5t c\u1ee7a nh\u00e0 nguy\u1ec7n St.Peter. \u1ea2nh: Reidsitaly.\" width=\"500\" height=\"320\" srcset=\"https:\/\/cdn3.ivivu.com\/2016\/01\/6-diem-du-lich-noi-tieng-mien-phi-o-rome-ivivu-1.jpg 500w, https:\/\/cdn3.ivivu.com\/2016\/01\/6-diem-du-lich-noi-tieng-mien-phi-o-rome-ivivu-1-477x305.jpg 477w\" sizes=\"(max-width: 500px) 100vw, 500px\" \/><\/a><p id=\"caption-attachment-120685\" class=\"wp-caption-text\"><strong>Nh\u00e0 nguy\u1ec7n St. Peter: <\/strong>C\u00f4ng tr\u00ecnh ki\u1ebfn tr\u00fac n\u00e0y l\u00e0 m\u1ed9t trong nh\u1eefng \u0111\u1ecba \u0111i\u1ec3m kh\u00f4ng th\u1ec3 b\u1ecf qua khi tham quan Rome. An ninh n\u01a1i \u0111\u00e2y \u0111\u01b0\u1ee3c b\u1ea3o v\u1ec7 nghi\u00eam ng\u1eb7t v\u00e0 du kh\u00e1ch th\u01b0\u1eddng ph\u1ea3i x\u1ebfp h\u00e0ng d\u00e0i \u0111\u1ec3 v\u00e0o c\u1eeda. Khu h\u1ea7m m\u1ed9 ph\u00eda d\u01b0\u1edbi b\u00ean tr\u00e1i th\u00e1p th\u1edd ch\u00f4n c\u1ea5t nh\u1eefng v\u1ecb gi\u00e1o ho\u00e0ng t\u1eeb h\u00e0ng tr\u0103m n\u0103m nay l\u00e0 \u0111i\u1ec3m \u0111\u1ed9c \u0111\u00e1o nh\u1ea5t c\u1ee7a nh\u00e0 nguy\u1ec7n St.Peter. \u1ea2nh: Reidsitaly.<\/p><\/div>\n<div id=\"attachment_120686\" style=\"width: 510px\" class=\"wp-caption aligncenter\"><a href=\"https:\/\/cdn3.ivivu.com\/2016\/01\/6-diem-du-lich-noi-tieng-mien-phi-o-rome-ivivu-2.jpg\"><img loading=\"lazy\" decoding=\"async\" aria-describedby=\"caption-attachment-120686\" class=\"wp-image-120686 size-full\" title=\"Pantheon N\u1eb1m \u1edf Roma Centro Storico - trung t\u00e2m v\u0103n h\u00f3a, l\u1ecbch s\u1eed c\u1ee7a th\u00e0nh ph\u1ed1, du kh\u00e1ch c\u00f3 th\u1ec3 d\u1ec5 d\u00e0ng t\u00ecm th\u1ea5y c\u00f4ng tr\u00ecnh kh\u1ea3o c\u1ed5 tr\u00e1ng l\u1ec7 Pantheon. \u0110\u00e2y l\u00e0 t\u00f2a nh\u00e0 c\u1ed5 c\u00f3 t\u1eeb th\u1ebf k\u1ef7 th\u1ee9 2, \u0111\u1ebfn nay v\u1eabn b\u1ea3o t\u1ed3n \u0111\u01b0\u1ee3c ki\u1ebfn tr\u00fac c\u0169. \u1ea2nh: Planetden.\" src=\"https:\/\/cdn3.ivivu.com\/2016\/01\/6-diem-du-lich-noi-tieng-mien-phi-o-rome-ivivu-2.jpg\" alt=\"Pantheon N\u1eb1m \u1edf Roma Centro Storico - trung t\u00e2m v\u0103n h\u00f3a, l\u1ecbch s\u1eed c\u1ee7a th\u00e0nh ph\u1ed1, du kh\u00e1ch c\u00f3 th\u1ec3 d\u1ec5 d\u00e0ng t\u00ecm th\u1ea5y c\u00f4ng tr\u00ecnh kh\u1ea3o c\u1ed5 tr\u00e1ng l\u1ec7 Pantheon. \u0110\u00e2y l\u00e0 t\u00f2a nh\u00e0 c\u1ed5 c\u00f3 t\u1eeb th\u1ebf k\u1ef7 th\u1ee9 2, \u0111\u1ebfn nay v\u1eabn b\u1ea3o t\u1ed3n \u0111\u01b0\u1ee3c ki\u1ebfn tr\u00fac c\u0169. \u1ea2nh: Planetden.\" width=\"500\" height=\"375\" srcset=\"https:\/\/cdn3.ivivu.com\/2016\/01\/6-diem-du-lich-noi-tieng-mien-phi-o-rome-ivivu-2.jpg 500w, https:\/\/cdn3.ivivu.com\/2016\/01\/6-diem-du-lich-noi-tieng-mien-phi-o-rome-ivivu-2-407x305.jpg 407w\" sizes=\"(max-width: 500px) 100vw, 500px\" \/><\/a><p id=\"caption-attachment-120686\" class=\"wp-caption-text\"><strong>Pantheon:\u00a0<\/strong>N\u1eb1m \u1edf Roma Centro Storico &#8211; trung t\u00e2m v\u0103n h\u00f3a, l\u1ecbch s\u1eed c\u1ee7a th\u00e0nh ph\u1ed1, du kh\u00e1ch c\u00f3 th\u1ec3 d\u1ec5 d\u00e0ng t\u00ecm th\u1ea5y c\u00f4ng tr\u00ecnh kh\u1ea3o c\u1ed5 tr\u00e1ng l\u1ec7 Pantheon. \u0110\u00e2y l\u00e0 t\u00f2a nh\u00e0 c\u1ed5 c\u00f3 t\u1eeb th\u1ebf k\u1ef7 th\u1ee9 2, \u0111\u1ebfn nay v\u1eabn b\u1ea3o t\u1ed3n \u0111\u01b0\u1ee3c ki\u1ebfn tr\u00fac c\u0169. \u1ea2nh: Planetden.<\/p><\/div>\n<div id=\"attachment_120687\" style=\"width: 510px\" class=\"wp-caption aligncenter\"><a href=\"https:\/\/cdn3.ivivu.com\/2016\/01\/6-diem-du-lich-noi-tieng-mien-phi-o-rome-ivivu-3.jpg\"><img loading=\"lazy\" decoding=\"async\" aria-describedby=\"caption-attachment-120687\" class=\"wp-image-120687 size-full\" title=\"Nh\u00e0 th\u1edd Sant'Ignazio di Loyola: Khi tham quan nh\u00e0 th\u1edd Jesuit, h\u00e3y th\u1eed t\u00ecm ki\u1ebfm m\u1ed9t chi\u1ebfc \u0111\u0129a tr\u00ean m\u1eb7t s\u00e0n \u0111\u00e1 c\u1ea9m th\u1ea1ch. Sau \u0111\u00f3 nh\u00ecn l\u00ean tr\u1ea7n nh\u00e0 t\u1eeb ch\u00ednh \u0111i\u1ec3m n\u00e0y, b\u1ea1n s\u1ebd c\u00f3 t\u1ea5m \u1ea3nh \u0111\u1eb9p nh\u1ea5t v\u1ec1 b\u1ee9c b\u00edch h\u1ecda \u0111\u01b0\u1ee3c trang ho\u00e0ng l\u1ed9ng l\u1eaby c\u1ee7a gi\u00e1o h\u1ed9i. \u1ea2nh: Routeperfect.\" src=\"https:\/\/cdn3.ivivu.com\/2016\/01\/6-diem-du-lich-noi-tieng-mien-phi-o-rome-ivivu-3.jpg\" alt=\"Nh\u00e0 th\u1edd Sant'Ignazio di Loyola: Khi tham quan nh\u00e0 th\u1edd Jesuit, h\u00e3y th\u1eed t\u00ecm ki\u1ebfm m\u1ed9t chi\u1ebfc \u0111\u0129a tr\u00ean m\u1eb7t s\u00e0n \u0111\u00e1 c\u1ea9m th\u1ea1ch. Sau \u0111\u00f3 nh\u00ecn l\u00ean tr\u1ea7n nh\u00e0 t\u1eeb ch\u00ednh \u0111i\u1ec3m n\u00e0y, b\u1ea1n s\u1ebd c\u00f3 t\u1ea5m \u1ea3nh \u0111\u1eb9p nh\u1ea5t v\u1ec1 b\u1ee9c b\u00edch h\u1ecda \u0111\u01b0\u1ee3c trang ho\u00e0ng l\u1ed9ng l\u1eaby c\u1ee7a gi\u00e1o h\u1ed9i. \u1ea2nh: Routeperfect.\" width=\"500\" height=\"332\" srcset=\"https:\/\/cdn3.ivivu.com\/2016\/01\/6-diem-du-lich-noi-tieng-mien-phi-o-rome-ivivu-3.jpg 500w, https:\/\/cdn3.ivivu.com\/2016\/01\/6-diem-du-lich-noi-tieng-mien-phi-o-rome-ivivu-3-459x305.jpg 459w\" sizes=\"(max-width: 500px) 100vw, 500px\" \/><\/a><p id=\"caption-attachment-120687\" class=\"wp-caption-text\"><strong>Nh\u00e0 th\u1edd Sant&#8217;Ignazio di Loyola:<\/strong> Khi tham quan nh\u00e0 th\u1edd Jesuit, h\u00e3y th\u1eed t\u00ecm ki\u1ebfm m\u1ed9t chi\u1ebfc \u0111\u0129a tr\u00ean m\u1eb7t s\u00e0n \u0111\u00e1 c\u1ea9m th\u1ea1ch. Sau \u0111\u00f3 nh\u00ecn l\u00ean tr\u1ea7n nh\u00e0 t\u1eeb ch\u00ednh \u0111i\u1ec3m n\u00e0y, b\u1ea1n s\u1ebd c\u00f3 t\u1ea5m \u1ea3nh \u0111\u1eb9p nh\u1ea5t v\u1ec1 b\u1ee9c b\u00edch h\u1ecda \u0111\u01b0\u1ee3c trang ho\u00e0ng l\u1ed9ng l\u1eaby c\u1ee7a gi\u00e1o h\u1ed9i. \u1ea2nh: Routeperfect.<\/p><\/div>\n<div id=\"attachment_120688\" style=\"width: 510px\" class=\"wp-caption aligncenter\"><a href=\"https:\/\/cdn3.ivivu.com\/2016\/01\/6-diem-du-lich-noi-tieng-mien-phi-o-rome-ivivu-4.jpg\"><img loading=\"lazy\" decoding=\"async\" aria-describedby=\"caption-attachment-120688\" class=\"wp-image-120688 size-full\" title=\"\u0110\u00e0i phun n\u01b0\u1edbc Trevi: \u0110\u00e2y l\u00e0 m\u1ed9t trong nh\u1eefng \u0111\u00e0i phun n\u01b0\u1edbc n\u1ed5i ti\u1ebfng nh\u1ea5t th\u1ebf gi\u1edbi v\u1edbi c\u00e1c b\u1ee9c t\u01b0\u1ee3ng \u0111i\u00eau kh\u1eafc b\u1eb1ng \u0111\u00e1 c\u1ea9m th\u1ea1ch. \u0110\u00e0i phun n\u01b0\u1edbc n\u00e0y v\u1eeba \u0111\u01b0\u1ee3c m\u1edf c\u1eeda l\u1ea1i sau m\u1ed9t d\u1ef1 \u00e1n kh\u00f4i ph\u1ee5c tr\u1ecb gi\u00e1 2,4 tri\u1ec7u USD. Ng\u01b0\u1eddi ta tin r\u1eb1ng n\u00e9m m\u1ed9t \u0111\u1ed3ng xu xu\u1ed1ng d\u01b0\u1edbi l\u00e0n n\u01b0\u1edbc xanh ng\u1ecdc l\u1ee5c b\u1ea3o, s\u1ebd c\u00f3 m\u1ed9t ng\u00e0y \u0111\u01b0\u1ee3c quay tr\u1edf l\u1ea1i Rome. \u1ea2nh: Jdombstravel.\" src=\"https:\/\/cdn3.ivivu.com\/2016\/01\/6-diem-du-lich-noi-tieng-mien-phi-o-rome-ivivu-4.jpg\" alt=\"\u0110\u00e0i phun n\u01b0\u1edbc Trevi: \u0110\u00e2y l\u00e0 m\u1ed9t trong nh\u1eefng \u0111\u00e0i phun n\u01b0\u1edbc n\u1ed5i ti\u1ebfng nh\u1ea5t th\u1ebf gi\u1edbi v\u1edbi c\u00e1c b\u1ee9c t\u01b0\u1ee3ng \u0111i\u00eau kh\u1eafc b\u1eb1ng \u0111\u00e1 c\u1ea9m th\u1ea1ch. \u0110\u00e0i phun n\u01b0\u1edbc n\u00e0y v\u1eeba \u0111\u01b0\u1ee3c m\u1edf c\u1eeda l\u1ea1i sau m\u1ed9t d\u1ef1 \u00e1n kh\u00f4i ph\u1ee5c tr\u1ecb gi\u00e1 2,4 tri\u1ec7u USD. Ng\u01b0\u1eddi ta tin r\u1eb1ng n\u00e9m m\u1ed9t \u0111\u1ed3ng xu xu\u1ed1ng d\u01b0\u1edbi l\u00e0n n\u01b0\u1edbc xanh ng\u1ecdc l\u1ee5c b\u1ea3o, s\u1ebd c\u00f3 m\u1ed9t ng\u00e0y \u0111\u01b0\u1ee3c quay tr\u1edf l\u1ea1i Rome. \u1ea2nh: Jdombstravel.\" width=\"500\" height=\"361\" srcset=\"https:\/\/cdn3.ivivu.com\/2016\/01\/6-diem-du-lich-noi-tieng-mien-phi-o-rome-ivivu-4.jpg 500w, https:\/\/cdn3.ivivu.com\/2016\/01\/6-diem-du-lich-noi-tieng-mien-phi-o-rome-ivivu-4-422x305.jpg 422w, https:\/\/cdn3.ivivu.com\/2016\/01\/6-diem-du-lich-noi-tieng-mien-phi-o-rome-ivivu-4-50x35.jpg 50w\" sizes=\"(max-width: 500px) 100vw, 500px\" \/><\/a><p id=\"caption-attachment-120688\" class=\"wp-caption-text\"><strong>\u0110\u00e0i phun n\u01b0\u1edbc Trevi:<\/strong> \u0110\u00e2y l\u00e0 m\u1ed9t trong nh\u1eefng \u0111\u00e0i phun n\u01b0\u1edbc n\u1ed5i ti\u1ebfng nh\u1ea5t th\u1ebf gi\u1edbi v\u1edbi c\u00e1c b\u1ee9c t\u01b0\u1ee3ng \u0111i\u00eau kh\u1eafc b\u1eb1ng \u0111\u00e1 c\u1ea9m th\u1ea1ch. \u0110\u00e0i phun n\u01b0\u1edbc n\u00e0y v\u1eeba \u0111\u01b0\u1ee3c m\u1edf c\u1eeda l\u1ea1i sau m\u1ed9t d\u1ef1 \u00e1n kh\u00f4i ph\u1ee5c tr\u1ecb gi\u00e1 2,4 tri\u1ec7u USD. Ng\u01b0\u1eddi ta tin r\u1eb1ng n\u00e9m m\u1ed9t \u0111\u1ed3ng xu xu\u1ed1ng d\u01b0\u1edbi l\u00e0n n\u01b0\u1edbc xanh ng\u1ecdc l\u1ee5c b\u1ea3o, s\u1ebd c\u00f3 m\u1ed9t ng\u00e0y \u0111\u01b0\u1ee3c quay tr\u1edf l\u1ea1i Rome. \u1ea2nh: Jdombstravel.<\/p><\/div>\n<div id=\"attachment_120689\" style=\"width: 510px\" class=\"wp-caption aligncenter\"><a href=\"https:\/\/cdn3.ivivu.com\/2016\/01\/6-diem-du-lich-noi-tieng-mien-phi-o-rome-ivivu-5.jpg\"><img loading=\"lazy\" decoding=\"async\" aria-describedby=\"caption-attachment-120689\" class=\"wp-image-120689 size-full\" title=\"B\u1eadc thang T\u00e2y Ban Nha: C\u00f4ng tr\u00ecnh g\u1ed3m 135 b\u1eadc, \u0111\u01b0\u1ee3c x\u00e2y d\u1ef1ng v\u00e0o kho\u1ea3ng n\u0103m 1721 - 1725. \u0110\u00e2y l\u00e0 \u0111i\u1ec3m thu h\u00fat kh\u00e1ch du l\u1ecbch t\u1eeb kh\u1eafp n\u01a1i tr\u00ean th\u1ebf gi\u1edbi, n\u01a1i h\u1eb9n h\u00f2 n\u1ed5i ti\u1ebfng c\u1ee7a ng\u01b0\u1eddi d\u00e2n \u0111\u1ecba ph\u01b0\u01a1ng. Hi\u1ec7n nay b\u1eadc thang T\u00e2y Ban Nha \u0111ang \u0111\u00f3ng c\u1eeda \u0111\u1ec3 tr\u00f9ng tu l\u1ea1i v\u00e0 d\u1ef1 ki\u1ebfn m\u1edf c\u1eeda \u0111\u00f3n kh\u00e1ch du l\u1ecbch v\u00e0o m\u00f9a xu\u00e2n n\u00e0y. \u1ea2nh: Flickr.\" src=\"https:\/\/cdn3.ivivu.com\/2016\/01\/6-diem-du-lich-noi-tieng-mien-phi-o-rome-ivivu-5.jpg\" alt=\"B\u1eadc thang T\u00e2y Ban Nha: C\u00f4ng tr\u00ecnh g\u1ed3m 135 b\u1eadc, \u0111\u01b0\u1ee3c x\u00e2y d\u1ef1ng v\u00e0o kho\u1ea3ng n\u0103m 1721 - 1725. \u0110\u00e2y l\u00e0 \u0111i\u1ec3m thu h\u00fat kh\u00e1ch du l\u1ecbch t\u1eeb kh\u1eafp n\u01a1i tr\u00ean th\u1ebf gi\u1edbi, n\u01a1i h\u1eb9n h\u00f2 n\u1ed5i ti\u1ebfng c\u1ee7a ng\u01b0\u1eddi d\u00e2n \u0111\u1ecba ph\u01b0\u01a1ng. Hi\u1ec7n nay b\u1eadc thang T\u00e2y Ban Nha \u0111ang \u0111\u00f3ng c\u1eeda \u0111\u1ec3 tr\u00f9ng tu l\u1ea1i v\u00e0 d\u1ef1 ki\u1ebfn m\u1edf c\u1eeda \u0111\u00f3n kh\u00e1ch du l\u1ecbch v\u00e0o m\u00f9a xu\u00e2n n\u00e0y. \u1ea2nh: Flickr.\" width=\"500\" height=\"322\" srcset=\"https:\/\/cdn3.ivivu.com\/2016\/01\/6-diem-du-lich-noi-tieng-mien-phi-o-rome-ivivu-5.jpg 500w, https:\/\/cdn3.ivivu.com\/2016\/01\/6-diem-du-lich-noi-tieng-mien-phi-o-rome-ivivu-5-474x305.jpg 474w\" sizes=\"(max-width: 500px) 100vw, 500px\" \/><\/a><p id=\"caption-attachment-120689\" class=\"wp-caption-text\"><strong>B\u1eadc thang T\u00e2y Ban Nha: <\/strong>C\u00f4ng tr\u00ecnh g\u1ed3m 135 b\u1eadc, \u0111\u01b0\u1ee3c x\u00e2y d\u1ef1ng v\u00e0o kho\u1ea3ng n\u0103m 1721 &#8211; 1725. \u0110\u00e2y l\u00e0 \u0111i\u1ec3m thu h\u00fat kh\u00e1ch du l\u1ecbch t\u1eeb kh\u1eafp n\u01a1i tr\u00ean th\u1ebf gi\u1edbi, n\u01a1i h\u1eb9n h\u00f2 n\u1ed5i ti\u1ebfng c\u1ee7a ng\u01b0\u1eddi d\u00e2n \u0111\u1ecba ph\u01b0\u01a1ng. Hi\u1ec7n nay b\u1eadc thang T\u00e2y Ban Nha \u0111ang \u0111\u00f3ng c\u1eeda \u0111\u1ec3 tr\u00f9ng tu l\u1ea1i v\u00e0 d\u1ef1 ki\u1ebfn m\u1edf c\u1eeda \u0111\u00f3n kh\u00e1ch du l\u1ecbch v\u00e0o m\u00f9a xu\u00e2n n\u00e0y. \u1ea2nh: Flickr.<\/p><\/div>\n<div id=\"attachment_120690\" style=\"width: 510px\" class=\"wp-caption aligncenter\"><a href=\"https:\/\/cdn3.ivivu.com\/2016\/01\/6-diem-du-lich-noi-tieng-mien-phi-o-rome-ivivu-6.jpg\"><img loading=\"lazy\" decoding=\"async\" aria-describedby=\"caption-attachment-120690\" class=\"wp-image-120690 size-full\" title=\"V\u01b0\u1eddn bi\u1ec7t th\u1ef1 Borghese: V\u00e9 v\u00e0o tham quan B\u1ea3o t\u00e0ng Borghese c\u1ea7n \u0111\u01b0\u1ee3c \u0111\u1eb7t tr\u01b0\u1edbc. Tuy nhi\u00ean, n\u1ebfu kh\u00f4ng \u0111\u1eb7t \u0111\u01b0\u1ee3c v\u00e9 v\u00e0o b\u1ea3o t\u00e0ng, khung c\u1ea3nh xung quanh c\u0169ng x\u1ee9ng \u0111\u00e1ng \u0111\u1ec3 b\u1ea1n t\u1edbi \u0111\u00e2y. V\u01b0\u1eddn bi\u1ec7t th\u1ef1 Borghese l\u00e0 khu v\u01b0\u1eddn \u0111\u01b0\u1ee3c thi\u1ebft k\u1ebf theo phong c\u00e1ch Anh t\u1ef1 nhi\u00ean, c\u0169ng l\u00e0 c\u00f4ng vi\u00ean l\u1edbn th\u1ee9 3 \u1edf Rome. Ngo\u00e0i ra, khi \u0111i v\u1ec1 t\u00e2y nam c\u1ee7a khu v\u01b0\u1eddn, b\u1ea1n s\u1ebd \u0111\u01b0\u1ee3c chi\u00eam ng\u01b0\u1ee1ng quang c\u1ea3nh ngo\u1ea1n m\u1ee5c c\u1ee7a qu\u1ea3ng tr\u01b0\u1eddng Piazza del Popolo n\u1ed5i ti\u1ebfng. \u1ea2nh: Thousandwonders.\" src=\"https:\/\/cdn3.ivivu.com\/2016\/01\/6-diem-du-lich-noi-tieng-mien-phi-o-rome-ivivu-6.jpg\" alt=\"V\u01b0\u1eddn bi\u1ec7t th\u1ef1 Borghese: V\u00e9 v\u00e0o tham quan B\u1ea3o t\u00e0ng Borghese c\u1ea7n \u0111\u01b0\u1ee3c \u0111\u1eb7t tr\u01b0\u1edbc. Tuy nhi\u00ean, n\u1ebfu kh\u00f4ng \u0111\u1eb7t \u0111\u01b0\u1ee3c v\u00e9 v\u00e0o b\u1ea3o t\u00e0ng, khung c\u1ea3nh xung quanh c\u0169ng x\u1ee9ng \u0111\u00e1ng \u0111\u1ec3 b\u1ea1n t\u1edbi \u0111\u00e2y. V\u01b0\u1eddn bi\u1ec7t th\u1ef1 Borghese l\u00e0 khu v\u01b0\u1eddn \u0111\u01b0\u1ee3c thi\u1ebft k\u1ebf theo phong c\u00e1ch Anh t\u1ef1 nhi\u00ean, c\u0169ng l\u00e0 c\u00f4ng vi\u00ean l\u1edbn th\u1ee9 3 \u1edf Rome. Ngo\u00e0i ra, khi \u0111i v\u1ec1 t\u00e2y nam c\u1ee7a khu v\u01b0\u1eddn, b\u1ea1n s\u1ebd \u0111\u01b0\u1ee3c chi\u00eam ng\u01b0\u1ee1ng quang c\u1ea3nh ngo\u1ea1n m\u1ee5c c\u1ee7a qu\u1ea3ng tr\u01b0\u1eddng Piazza del Popolo n\u1ed5i ti\u1ebfng. \u1ea2nh: Thousandwonders.\" width=\"500\" height=\"332\" srcset=\"https:\/\/cdn3.ivivu.com\/2016\/01\/6-diem-du-lich-noi-tieng-mien-phi-o-rome-ivivu-6.jpg 500w, https:\/\/cdn3.ivivu.com\/2016\/01\/6-diem-du-lich-noi-tieng-mien-phi-o-rome-ivivu-6-459x305.jpg 459w\" sizes=\"(max-width: 500px) 100vw, 500px\" \/><\/a><p id=\"caption-attachment-120690\" class=\"wp-caption-text\"><strong>V\u01b0\u1eddn bi\u1ec7t th\u1ef1 Borghese: <\/strong>V\u00e9 v\u00e0o tham quan B\u1ea3o t\u00e0ng Borghese c\u1ea7n \u0111\u01b0\u1ee3c \u0111\u1eb7t tr\u01b0\u1edbc. Tuy nhi\u00ean, n\u1ebfu kh\u00f4ng \u0111\u1eb7t \u0111\u01b0\u1ee3c v\u00e9 v\u00e0o b\u1ea3o t\u00e0ng, khung c\u1ea3nh xung quanh c\u0169ng x\u1ee9ng \u0111\u00e1ng \u0111\u1ec3 b\u1ea1n t\u1edbi \u0111\u00e2y. V\u01b0\u1eddn bi\u1ec7t th\u1ef1 Borghese l\u00e0 khu v\u01b0\u1eddn \u0111\u01b0\u1ee3c thi\u1ebft k\u1ebf theo phong c\u00e1ch Anh t\u1ef1 nhi\u00ean, c\u0169ng l\u00e0 c\u00f4ng vi\u00ean l\u1edbn th\u1ee9 3 \u1edf Rome. Ngo\u00e0i ra, khi \u0111i v\u1ec1 T\u00e2y Nam c\u1ee7a khu v\u01b0\u1eddn, b\u1ea1n s\u1ebd \u0111\u01b0\u1ee3c chi\u00eam ng\u01b0\u1ee1ng quang c\u1ea3nh ngo\u1ea1n m\u1ee5c c\u1ee7a qu\u1ea3ng tr\u01b0\u1eddng Piazza del Popolo n\u1ed5i ti\u1ebfng. \u1ea2nh: Thousandwonders.<\/p><\/div>\n<div class=\"ltt-contentbox white\"><\/span><\/p>\n<h4><strong>IVIVU.COM G\u1ee2I \u00dd M\u1ed8T S\u1ed0 KH\u00c1CH S\u1ea0N ITALY GI\u00c1 T\u1ed0T<\/strong><\/h4>\n<p><strong>1.<a href=\"https:\/\/www.ivivu.com\/khach-san-milan-italy\/sofytel-hostel?utm_source=blog_ivivu&amp;utm_medium=post_link&amp;utm_campaign=internal\" target=\"_blank\">\u00a0Sofytel Hostel\u00a0<\/a><\/strong><\/p>\n<p><strong>2.\u00a0<a href=\"https:\/\/www.ivivu.com\/khach-san-capo-vaticano\/residence-la-taverna?utm_source=blog_ivivu&amp;utm_medium=post_link&amp;utm_campaign=internal\" target=\"_blank\">Residence La Taverna\u00a0<\/a><\/strong><\/p>\n<p><strong>3.\u00a0<a href=\"https:\/\/www.ivivu.com\/khach-san-rimini\/riviera-mare?utm_source=blog_ivivu&amp;utm_medium=post_link&amp;utm_campaign=internal\" target=\"_blank\">Riviera Mare\u00a0<\/a><\/strong><\/p>\n<p><\/div>\n<p style=\"text-align: right;\"><strong>Theo <a href=\"http:\/\/dulich.vnexpress.net\/tin-tuc\/cong-dong\/tu-van\/6-diem-du-lich-noi-tieng-mien-phi-o-rome-3340136.html\" target=\"_blank\">Vnexpress.net<\/a><\/strong><\/p>\n<div class=\"ltt-contentbox white\"><\/span><\/p>\n<p><strong>Xem th\u00eam c\u00e1c b\u00e0i vi\u1ebft:<\/strong><\/p>\n<p><strong><a href=\"https:\/\/www.ivivu.com\/blog\/2013\/12\/london-rome-paris-duoc-danh-gia-nhieu-nhat-tren-tripadvisor\/\" target=\"_blank\">London, Rome, Paris \u0111\u01b0\u1ee3c \u0111\u00e1nh gi\u00e1 nhi\u1ec1u nh\u1ea5t tr\u00ean TripAdvisor<\/a><\/strong><\/p>\n<p><strong><a href=\"https:\/\/www.ivivu.com\/blog\/2015\/11\/10-dieu-thu-vi-khong-the-bo-qua-khi-du-lich-rome\/\" target=\"_blank\">10 \u0111i\u1ec1u th\u00fa v\u1ecb kh\u00f4ng th\u1ec3 b\u1ecf qua khi du l\u1ecbch Rome<\/a><\/strong><\/p>\n<p><strong><a href=\"https:\/\/www.ivivu.com\/blog\/2015\/11\/hai-ngay-lang-thang-o-rome\/\" target=\"_blank\">Hai ng\u00e0y lang thang \u1edf Rome<\/a><\/strong><\/p>\n<p><\/div>\n<h3><div class=\"ltt-contentbox white\"><\/span>Click \u0111\u1eb7t ngay\u00a0<a href=\"https:\/\/www.ivivu.com\/?utm_source=blog_ivivu&amp;utm_medium=post_link&amp;utm_campaign=internal\" target=\"_blank\">Kh\u00e1ch s\u1ea1n kh\u1eafp Vi\u1ec7t Nam v\u00e0 to\u00e0n th\u1ebf gi\u1edbi<\/a>\u00a0gi\u00e1 t\u1ed1t nh\u1ea5t\u00a0ch\u1ec9 c\u00f3 t\u1ea1i iVIVU.com<\/div><\/h3>\n<p><strong>***<\/strong><\/p>\n<p><strong>Tham kh\u1ea3o:\u00a0<a href=\"https:\/\/www.ivivu.com\/blog\/?utm_source=blog_ivivu&amp;utm_medium=post_link&amp;utm_campaign=internal\" target=\"_blank\">C\u1ea9m nang du l\u1ecbch iVIVU.com<\/a><\/strong><\/p>\n","protected":false},"excerpt":{"rendered":"<p>B\u1ea3o t\u00e0ng Vatican, \u0111\u1ea5u tr\u01b0\u1eddng Colosseum hay Forum thu t\u1edbi 20 euro ti\u1ec1n v\u00e9 v\u00e0o c\u1eeda trong khi b\u1ea1n ho\u00e0n to\u00e0n kh\u00f4ng t\u1ed1n m\u1ed9t xu khi tham quan nh\u00e0 nguy\u1ec7n St.Peter hay \u0111\u00e0i phun n\u01b0\u1edbc Trevi.<\/p>\n","protected":false},"author":38,"featured_media":120689,"comment_status":"closed","ping_status":"open","sticky":false,"template":"","format":"standard","meta":{"_acf_changed":false,"footnotes":""},"categories":[247,231,795,14742],"tags":[14679,16836,8281,1516,6359,6351,5998,18496,1592],"acf":[],"yoast_head":"<!-- This site is optimized with the Yoast SEO Premium plugin v22.6 (Yoast SEO v22.6) - https:\/\/yoast.com\/wordpress\/plugins\/seo\/ -->\n<title>6 \u0111i\u1ec3m du l\u1ecbch n\u1ed5i ti\u1ebfng mi\u1ec5n ph\u00ed \u1edf Rome<\/title>\n<meta name=\"description\" content=\"Du l\u1ecbch Rome tham quan b\u1ea3o t\u00e0ng Vatican hay Colosseum th\u00ec m\u1ea5t 20 euro v\u00e9 v\u00e0o trong khi \u0111\u00f3 nh\u00e0 nguy\u1ec7n St.Peter, \u0111\u00e0i phun n\u01b0\u1edbc Trevi th\u00ec ho\u00e0n to\u00e0n mi\u1ec5n ph\u00ed.\" \/>\n<meta name=\"robots\" content=\"index, follow, max-snippet:-1, max-image-preview:large, max-video-preview:-1\" \/>\n<link rel=\"canonical\" href=\"https:\/\/www.ivivu.com\/blog\/2016\/01\/6-diem-du-lich-noi-tieng-mien-phi-o-rome\/\" \/>\n<meta name=\"twitter:label1\" content=\"\u0110\u01b0\u1ee3c vi\u1ebft b\u1edfi\" \/>\n\t<meta name=\"twitter:data1\" content=\"Ng\u00e2n Thi\u1ec1u Kim\" \/>\n\t<meta name=\"twitter:label2\" content=\"\u01af\u1edbc t\u00ednh th\u1eddi gian \u0111\u1ecdc\" \/>\n\t<meta name=\"twitter:data2\" content=\"4 ph\u00fat\" \/>\n<script type=\"application\/ld+json\" class=\"yoast-schema-graph\">{\"@context\":\"https:\/\/schema.org\",\"@graph\":[{\"@type\":\"Article\",\"@id\":\"https:\/\/www.ivivu.com\/blog\/2016\/01\/6-diem-du-lich-noi-tieng-mien-phi-o-rome\/#article\",\"isPartOf\":{\"@id\":\"https:\/\/www.ivivu.com\/blog\/2016\/01\/6-diem-du-lich-noi-tieng-mien-phi-o-rome\/\"},\"author\":{\"name\":\"Ng\u00e2n Thi\u1ec1u Kim\",\"@id\":\"https:\/\/www.ivivu.com\/blog\/#\/schema\/person\/f6e706f46fad4e85f2e1c3ec41136369\"},\"headline\":\"6 \u0111i\u1ec3m du l\u1ecbch n\u1ed5i ti\u1ebfng mi\u1ec5n ph\u00ed \u1edf Rome\",\"datePublished\":\"2016-01-16T06:00:25+00:00\",\"dateModified\":\"2016-01-15T09:30:46+00:00\",\"mainEntityOfPage\":{\"@id\":\"https:\/\/www.ivivu.com\/blog\/2016\/01\/6-diem-du-lich-noi-tieng-mien-phi-o-rome\/\"},\"wordCount\":862,\"publisher\":{\"@id\":\"https:\/\/www.ivivu.com\/blog\/#organization\"},\"image\":{\"@id\":\"https:\/\/www.ivivu.com\/blog\/2016\/01\/6-diem-du-lich-noi-tieng-mien-phi-o-rome\/#primaryimage\"},\"thumbnailUrl\":\"https:\/\/cdn3.ivivu.com\/2016\/01\/6-diem-du-lich-noi-tieng-mien-phi-o-rome-ivivu-5.jpg\",\"keywords\":[\"book kh\u00e1ch s\u1ea1n gi\u00e1 r\u1ebb\",\"book kh\u00e1ch s\u1ea1n tr\u1ef1c tuy\u1ebfn\",\"du l\u1ecbch Rome\",\"\u0111\u1eb7t kh\u00e1ch s\u1ea1n\",\"\u0111\u1eb7t kh\u00e1ch s\u1ea1n gi\u00e1 r\u1ebb\",\"\u0110\u1eb7t ph\u00f2ng kh\u00e1ch s\u1ea1n online\",\"\u0111\u1eb7t ph\u00f2ng kh\u00e1ch s\u1ea1n tr\u1ef1c tuy\u1ebfn\",\"kh\u00e1ch s\u1ea1n Rome\",\"Rome\"],\"articleSection\":[\"Ch\u00e2u \u00c2u\",\"DU L\u1ecaCH TH\u1ebe GI\u1edaI\",\"\u0110i\u1ec3m \u0111\u1ebfn\",\"N\u1ed5i B\u1eadt 2\"],\"inLanguage\":\"vi\"},{\"@type\":\"WebPage\",\"@id\":\"https:\/\/www.ivivu.com\/blog\/2016\/01\/6-diem-du-lich-noi-tieng-mien-phi-o-rome\/\",\"url\":\"https:\/\/www.ivivu.com\/blog\/2016\/01\/6-diem-du-lich-noi-tieng-mien-phi-o-rome\/\",\"name\":\"6 \u0111i\u1ec3m du l\u1ecbch n\u1ed5i ti\u1ebfng mi\u1ec5n ph\u00ed \u1edf Rome\",\"isPartOf\":{\"@id\":\"https:\/\/www.ivivu.com\/blog\/#website\"},\"primaryImageOfPage\":{\"@id\":\"https:\/\/www.ivivu.com\/blog\/2016\/01\/6-diem-du-lich-noi-tieng-mien-phi-o-rome\/#primaryimage\"},\"image\":{\"@id\":\"https:\/\/www.ivivu.com\/blog\/2016\/01\/6-diem-du-lich-noi-tieng-mien-phi-o-rome\/#primaryimage\"},\"thumbnailUrl\":\"https:\/\/cdn3.ivivu.com\/2016\/01\/6-diem-du-lich-noi-tieng-mien-phi-o-rome-ivivu-5.jpg\",\"datePublished\":\"2016-01-16T06:00:25+00:00\",\"dateModified\":\"2016-01-15T09:30:46+00:00\",\"description\":\"Du l\u1ecbch Rome tham quan b\u1ea3o t\u00e0ng Vatican hay Colosseum th\u00ec m\u1ea5t 20 euro v\u00e9 v\u00e0o trong khi \u0111\u00f3 nh\u00e0 nguy\u1ec7n St.Peter, \u0111\u00e0i phun n\u01b0\u1edbc Trevi th\u00ec ho\u00e0n to\u00e0n mi\u1ec5n ph\u00ed.\",\"breadcrumb\":{\"@id\":\"https:\/\/www.ivivu.com\/blog\/2016\/01\/6-diem-du-lich-noi-tieng-mien-phi-o-rome\/#breadcrumb\"},\"inLanguage\":\"vi\",\"potentialAction\":[{\"@type\":\"ReadAction\",\"target\":[\"https:\/\/www.ivivu.com\/blog\/2016\/01\/6-diem-du-lich-noi-tieng-mien-phi-o-rome\/\"]}]},{\"@type\":\"ImageObject\",\"inLanguage\":\"vi\",\"@id\":\"https:\/\/www.ivivu.com\/blog\/2016\/01\/6-diem-du-lich-noi-tieng-mien-phi-o-rome\/#primaryimage\",\"url\":\"https:\/\/cdn3.ivivu.com\/2016\/01\/6-diem-du-lich-noi-tieng-mien-phi-o-rome-ivivu-5.jpg\",\"contentUrl\":\"https:\/\/cdn3.ivivu.com\/2016\/01\/6-diem-du-lich-noi-tieng-mien-phi-o-rome-ivivu-5.jpg\",\"width\":500,\"height\":322},{\"@type\":\"BreadcrumbList\",\"@id\":\"https:\/\/www.ivivu.com\/blog\/2016\/01\/6-diem-du-lich-noi-tieng-mien-phi-o-rome\/#breadcrumb\",\"itemListElement\":[{\"@type\":\"ListItem\",\"position\":1,\"name\":\"Home\",\"item\":\"https:\/\/www.ivivu.com\/blog\/\"},{\"@type\":\"ListItem\",\"position\":2,\"name\":\"6 \u0111i\u1ec3m du l\u1ecbch n\u1ed5i ti\u1ebfng mi\u1ec5n ph\u00ed \u1edf Rome\"}]},{\"@type\":\"WebSite\",\"@id\":\"https:\/\/www.ivivu.com\/blog\/#website\",\"url\":\"https:\/\/www.ivivu.com\/blog\/\",\"name\":\"C\u1ea9m nang du l\u1ecbch\",\"description\":\"\",\"publisher\":{\"@id\":\"https:\/\/www.ivivu.com\/blog\/#organization\"},\"potentialAction\":[{\"@type\":\"SearchAction\",\"target\":{\"@type\":\"EntryPoint\",\"urlTemplate\":\"https:\/\/www.ivivu.com\/blog\/?s={search_term_string}\"},\"query-input\":\"required name=search_term_string\"}],\"inLanguage\":\"vi\"},{\"@type\":\"Organization\",\"@id\":\"https:\/\/www.ivivu.com\/blog\/#organization\",\"name\":\"iVIVU.com\",\"url\":\"https:\/\/www.ivivu.com\/blog\/\",\"logo\":{\"@type\":\"ImageObject\",\"inLanguage\":\"vi\",\"@id\":\"https:\/\/www.ivivu.com\/blog\/#\/schema\/logo\/image\/\",\"url\":\"https:\/\/cdn3.ivivu.com\/2024\/01\/ivivu_no_slogan.png\",\"contentUrl\":\"https:\/\/cdn3.ivivu.com\/2024\/01\/ivivu_no_slogan.png\",\"width\":788,\"height\":565,\"caption\":\"iVIVU.com\"},\"image\":{\"@id\":\"https:\/\/www.ivivu.com\/blog\/#\/schema\/logo\/image\/\"},\"sameAs\":[\"https:\/\/www.facebook.com\/iVIVU\"]},{\"@type\":\"Person\",\"@id\":\"https:\/\/www.ivivu.com\/blog\/#\/schema\/person\/f6e706f46fad4e85f2e1c3ec41136369\",\"name\":\"Ng\u00e2n Thi\u1ec1u Kim\",\"sameAs\":[\"https:\/\/www.ivivu.com\/blog\/\"],\"url\":\"https:\/\/www.ivivu.com\/blog\/author\/ngan-thieu\/\"}]}<\/script>\n<!-- \/ Yoast SEO Premium plugin. -->","yoast_head_json":{"title":"6 \u0111i\u1ec3m du l\u1ecbch n\u1ed5i ti\u1ebfng mi\u1ec5n ph\u00ed \u1edf Rome","description":"Du l\u1ecbch Rome tham quan b\u1ea3o t\u00e0ng Vatican hay Colosseum th\u00ec m\u1ea5t 20 euro v\u00e9 v\u00e0o trong khi \u0111\u00f3 nh\u00e0 nguy\u1ec7n St.Peter, \u0111\u00e0i phun n\u01b0\u1edbc Trevi th\u00ec ho\u00e0n to\u00e0n mi\u1ec5n ph\u00ed.","robots":{"index":"index","follow":"follow","max-snippet":"max-snippet:-1","max-image-preview":"max-image-preview:large","max-video-preview":"max-video-preview:-1"},"canonical":"https:\/\/www.ivivu.com\/blog\/2016\/01\/6-diem-du-lich-noi-tieng-mien-phi-o-rome\/","twitter_misc":{"\u0110\u01b0\u1ee3c vi\u1ebft b\u1edfi":"Ng\u00e2n Thi\u1ec1u Kim","\u01af\u1edbc t\u00ednh th\u1eddi gian \u0111\u1ecdc":"4 ph\u00fat"},"schema":{"@context":"https:\/\/schema.org","@graph":[{"@type":"Article","@id":"https:\/\/www.ivivu.com\/blog\/2016\/01\/6-diem-du-lich-noi-tieng-mien-phi-o-rome\/#article","isPartOf":{"@id":"https:\/\/www.ivivu.com\/blog\/2016\/01\/6-diem-du-lich-noi-tieng-mien-phi-o-rome\/"},"author":{"name":"Ng\u00e2n Thi\u1ec1u Kim","@id":"https:\/\/www.ivivu.com\/blog\/#\/schema\/person\/f6e706f46fad4e85f2e1c3ec41136369"},"headline":"6 \u0111i\u1ec3m du l\u1ecbch n\u1ed5i ti\u1ebfng mi\u1ec5n ph\u00ed \u1edf Rome","datePublished":"2016-01-16T06:00:25+00:00","dateModified":"2016-01-15T09:30:46+00:00","mainEntityOfPage":{"@id":"https:\/\/www.ivivu.com\/blog\/2016\/01\/6-diem-du-lich-noi-tieng-mien-phi-o-rome\/"},"wordCount":862,"publisher":{"@id":"https:\/\/www.ivivu.com\/blog\/#organization"},"image":{"@id":"https:\/\/www.ivivu.com\/blog\/2016\/01\/6-diem-du-lich-noi-tieng-mien-phi-o-rome\/#primaryimage"},"thumbnailUrl":"https:\/\/cdn3.ivivu.com\/2016\/01\/6-diem-du-lich-noi-tieng-mien-phi-o-rome-ivivu-5.jpg","keywords":["book kh\u00e1ch s\u1ea1n gi\u00e1 r\u1ebb","book kh\u00e1ch s\u1ea1n tr\u1ef1c tuy\u1ebfn","du l\u1ecbch Rome","\u0111\u1eb7t kh\u00e1ch s\u1ea1n","\u0111\u1eb7t kh\u00e1ch s\u1ea1n gi\u00e1 r\u1ebb","\u0110\u1eb7t ph\u00f2ng kh\u00e1ch s\u1ea1n online","\u0111\u1eb7t ph\u00f2ng kh\u00e1ch s\u1ea1n tr\u1ef1c tuy\u1ebfn","kh\u00e1ch s\u1ea1n Rome","Rome"],"articleSection":["Ch\u00e2u \u00c2u","DU L\u1ecaCH TH\u1ebe GI\u1edaI","\u0110i\u1ec3m \u0111\u1ebfn","N\u1ed5i B\u1eadt 2"],"inLanguage":"vi"},{"@type":"WebPage","@id":"https:\/\/www.ivivu.com\/blog\/2016\/01\/6-diem-du-lich-noi-tieng-mien-phi-o-rome\/","url":"https:\/\/www.ivivu.com\/blog\/2016\/01\/6-diem-du-lich-noi-tieng-mien-phi-o-rome\/","name":"6 \u0111i\u1ec3m du l\u1ecbch n\u1ed5i ti\u1ebfng mi\u1ec5n ph\u00ed \u1edf Rome","isPartOf":{"@id":"https:\/\/www.ivivu.com\/blog\/#website"},"primaryImageOfPage":{"@id":"https:\/\/www.ivivu.com\/blog\/2016\/01\/6-diem-du-lich-noi-tieng-mien-phi-o-rome\/#primaryimage"},"image":{"@id":"https:\/\/www.ivivu.com\/blog\/2016\/01\/6-diem-du-lich-noi-tieng-mien-phi-o-rome\/#primaryimage"},"thumbnailUrl":"https:\/\/cdn3.ivivu.com\/2016\/01\/6-diem-du-lich-noi-tieng-mien-phi-o-rome-ivivu-5.jpg","datePublished":"2016-01-16T06:00:25+00:00","dateModified":"2016-01-15T09:30:46+00:00","description":"Du l\u1ecbch Rome tham quan b\u1ea3o t\u00e0ng Vatican hay Colosseum th\u00ec m\u1ea5t 20 euro v\u00e9 v\u00e0o trong khi \u0111\u00f3 nh\u00e0 nguy\u1ec7n St.Peter, \u0111\u00e0i phun n\u01b0\u1edbc Trevi th\u00ec ho\u00e0n to\u00e0n mi\u1ec5n ph\u00ed.","breadcrumb":{"@id":"https:\/\/www.ivivu.com\/blog\/2016\/01\/6-diem-du-lich-noi-tieng-mien-phi-o-rome\/#breadcrumb"},"inLanguage":"vi","potentialAction":[{"@type":"ReadAction","target":["https:\/\/www.ivivu.com\/blog\/2016\/01\/6-diem-du-lich-noi-tieng-mien-phi-o-rome\/"]}]},{"@type":"ImageObject","inLanguage":"vi","@id":"https:\/\/www.ivivu.com\/blog\/2016\/01\/6-diem-du-lich-noi-tieng-mien-phi-o-rome\/#primaryimage","url":"https:\/\/cdn3.ivivu.com\/2016\/01\/6-diem-du-lich-noi-tieng-mien-phi-o-rome-ivivu-5.jpg","contentUrl":"https:\/\/cdn3.ivivu.com\/2016\/01\/6-diem-du-lich-noi-tieng-mien-phi-o-rome-ivivu-5.jpg","width":500,"height":322},{"@type":"BreadcrumbList","@id":"https:\/\/www.ivivu.com\/blog\/2016\/01\/6-diem-du-lich-noi-tieng-mien-phi-o-rome\/#breadcrumb","itemListElement":[{"@type":"ListItem","position":1,"name":"Home","item":"https:\/\/www.ivivu.com\/blog\/"},{"@type":"ListItem","position":2,"name":"6 \u0111i\u1ec3m du l\u1ecbch n\u1ed5i ti\u1ebfng mi\u1ec5n ph\u00ed \u1edf Rome"}]},{"@type":"WebSite","@id":"https:\/\/www.ivivu.com\/blog\/#website","url":"https:\/\/www.ivivu.com\/blog\/","name":"C\u1ea9m nang du l\u1ecbch","description":"","publisher":{"@id":"https:\/\/www.ivivu.com\/blog\/#organization"},"potentialAction":[{"@type":"SearchAction","target":{"@type":"EntryPoint","urlTemplate":"https:\/\/www.ivivu.com\/blog\/?s={search_term_string}"},"query-input":"required name=search_term_string"}],"inLanguage":"vi"},{"@type":"Organization","@id":"https:\/\/www.ivivu.com\/blog\/#organization","name":"iVIVU.com","url":"https:\/\/www.ivivu.com\/blog\/","logo":{"@type":"ImageObject","inLanguage":"vi","@id":"https:\/\/www.ivivu.com\/blog\/#\/schema\/logo\/image\/","url":"https:\/\/cdn3.ivivu.com\/2024\/01\/ivivu_no_slogan.png","contentUrl":"https:\/\/cdn3.ivivu.com\/2024\/01\/ivivu_no_slogan.png","width":788,"height":565,"caption":"iVIVU.com"},"image":{"@id":"https:\/\/www.ivivu.com\/blog\/#\/schema\/logo\/image\/"},"sameAs":["https:\/\/www.facebook.com\/iVIVU"]},{"@type":"Person","@id":"https:\/\/www.ivivu.com\/blog\/#\/schema\/person\/f6e706f46fad4e85f2e1c3ec41136369","name":"Ng\u00e2n Thi\u1ec1u Kim","sameAs":["https:\/\/www.ivivu.com\/blog\/"],"url":"https:\/\/www.ivivu.com\/blog\/author\/ngan-thieu\/"}]}},"_links":{"self":[{"href":"https:\/\/www.ivivu.com\/blog\/wp-json\/wp\/v2\/posts\/120684"}],"collection":[{"href":"https:\/\/www.ivivu.com\/blog\/wp-json\/wp\/v2\/posts"}],"about":[{"href":"https:\/\/www.ivivu.com\/blog\/wp-json\/wp\/v2\/types\/post"}],"author":[{"embeddable":true,"href":"https:\/\/www.ivivu.com\/blog\/wp-json\/wp\/v2\/users\/38"}],"replies":[{"embeddable":true,"href":"https:\/\/www.ivivu.com\/blog\/wp-json\/wp\/v2\/comments?post=120684"}],"version-history":[{"count":5,"href":"https:\/\/www.ivivu.com\/blog\/wp-json\/wp\/v2\/posts\/120684\/revisions"}],"predecessor-version":[{"id":121032,"href":"https:\/\/www.ivivu.com\/blog\/wp-json\/wp\/v2\/posts\/120684\/revisions\/121032"}],"wp:featuredmedia":[{"embeddable":true,"href":"https:\/\/www.ivivu.com\/blog\/wp-json\/wp\/v2\/media\/120689"}],"wp:attachment":[{"href":"https:\/\/www.ivivu.com\/blog\/wp-json\/wp\/v2\/media?parent=120684"}],"wp:term":[{"taxonomy":"category","embeddable":true,"href":"https:\/\/www.ivivu.com\/blog\/wp-json\/wp\/v2\/categories?post=120684"},{"taxonomy":"post_tag","embeddable":true,"href":"https:\/\/www.ivivu.com\/blog\/wp-json\/wp\/v2\/tags?post=120684"}],"curies":[{"name":"wp","href":"https:\/\/api.w.org\/{rel}","templated":true}]}}