{"id":12241,"date":"2013-05-05T16:13:31","date_gmt":"2013-05-05T09:13:31","guid":{"rendered":"http:\/\/www.ivivu.com\/blog\/?p=12241"},"modified":"2013-06-28T16:37:30","modified_gmt":"2013-06-28T09:37:30","slug":"cac-dia-diem-trekking-ly-tuong-o-viet-nam","status":"publish","type":"post","link":"https:\/\/www.ivivu.com\/blog\/2013\/05\/cac-dia-diem-trekking-ly-tuong-o-viet-nam\/","title":{"rendered":"C\u00e1c \u0111\u1ecba \u0111i\u1ec3m trekking l\u00fd t\u01b0\u1edfng \u1edf Vi\u1ec7t Nam"},"content":{"rendered":"<p>C\u00f3 \u0111\u1ecba h\u00ecnh \u0111\u1ed3i n\u00fai phong ph\u00fa v\u1edbi nhi\u1ec1u cao \u0111\u1ed9 kh\u00e1c nhau, Vi\u1ec7t Nam s\u1edf h\u1eefu nhi\u1ec1u khu v\u1ef1c l\u00fd t\u01b0\u1edfng cho gi\u1edbi trekking chinh ph\u1ee5c v\u00e0 kh\u00e1m ph\u00e1. <!--more--><\/p>\n<p>V\u1edbi nh\u1eefng ai th\u00edch \u0111i b\u1ed9 k\u1ebft h\u1ee3p leo n\u00fai th\u00ec ngo\u00e0i \u0111\u1ec9nh Fansipan cao tr\u00ean 3.000m so v\u1edbi m\u1ef1c n\u01b0\u1edbc bi\u1ec3n, Vi\u1ec7t Nam c\u00f2n m\u1ed9t lo\u1ea1t c\u00e1c ng\u1ecdn n\u00fai c\u00f3 cao \u0111\u1ed9 h\u01a1n 2.000m v\u1edbi phong c\u1ea3nh r\u1ea5t \u0111\u1eb9p.\u00a0Khu v\u1ef1c b\u1eafc T\u00e2y Nguy\u00ean c\u00f3 n\u00fai Ng\u1ecdc Linh cao 2.598m, nam T\u00e2y Nguy\u00ean c\u00f3 ba ng\u1ecdn n\u00fai Ch\u01b0 Yang Sin, Lang Biang v\u00e0 Bidoup t\u1ea1o n\u00ean cao nguy\u00ean L\u00e2m Vi\u00ean l\u00e0 m\u1ed9t n\u01a1i c\u00f3 kh\u00ed h\u1eadu, phong c\u1ea3nh r\u1ea5t tuy\u1ec7t v\u1eddi d\u00e0nh cho <a title=\"Kinh nghi\u1ec7m du l\u1ecbch trekking - iVIVU\" href=\"https:\/\/www.ivivu.com\/blog\/2013\/04\/kinh-nghiem-du-lich-trekking\/\" target=\"_blank\">trekking<\/a>.<\/p>\n<div id=\"attachment_12246\" style=\"width: 595px\" class=\"wp-caption aligncenter\"><a href=\"https:\/\/cdn3.ivivu.com\/2013\/05\/1-1-large.jpg\"><img loading=\"lazy\" decoding=\"async\" aria-describedby=\"caption-attachment-12246\" class=\"size-full wp-image-12246\" alt=\"Trekking \u1edf Vi\u1ec7t Nam - C\u00f9ng iVIVU.com\" src=\"https:\/\/cdn3.ivivu.com\/2013\/05\/1-1-large.jpg\" width=\"585\" height=\"388\" srcset=\"https:\/\/cdn3.ivivu.com\/2013\/05\/1-1-large.jpg 585w, https:\/\/cdn3.ivivu.com\/2013\/05\/1-1-large-459x305.jpg 459w\" sizes=\"(max-width: 585px) 100vw, 585px\" \/><\/a><p id=\"caption-attachment-12246\" class=\"wp-caption-text\">C\u1ea3nh \u0111\u1eb9p \u1edf Mai Ch\u00e2u<\/p><\/div>\n<p>Ngo\u00e0i ra, t\u1eeb B\u1eafc v\u00e0o Nam h\u1ea7u nh\u01b0 m\u1ed7i khu v\u1ef1c \u0111\u1ec1u c\u00f3 nh\u1eefng n\u01a1i m\u00e0 gi\u1edbi y\u00eau th\u00edch lo\u1ea1i h\u00ecnh du l\u1ecbch \u0111i b\u1ed9 ch\u1ecdn l\u00e0m \u0111i\u1ec3m \u0111\u1ebfn:<\/p>\n<p><strong>&#8211; Sa Pa \u1edf L\u00e0o Cai<\/strong>: V\u1edbi khung c\u1ea3nh n\u00fai, \u0111\u1ed3i, l\u00e0ng b\u1ea3n n\u00ean th\u01a1 gi\u1eefa kh\u00f4ng kh\u00ed m\u00e1t l\u1ea1nh, Sa Pa \u0111\u01b0\u1ee3c xem l\u00e0 \u0111i\u1ec3m trekking l\u00fd t\u01b0\u1edfng nh\u1ea5t Vi\u1ec7t Nam v\u00e0 tr\u00ean th\u1ef1c t\u1ebf, \u0111\u00e2y c\u0169ng l\u00e0 n\u01a1i thu h\u00fat nhi\u1ec1u kh\u00e1ch du l\u1ecbch \u0111i trekking nh\u1ea5t n\u01b0\u1edbc ta.<\/p>\n<p><strong>&#8211; V\u01b0\u1eddn Qu\u1ed1c gia P\u00f9 Lu\u00f4ng \u1edf Thanh H\u00f3a<\/strong>: Nh\u1eefng cung \u0111\u01b0\u1eddng d\u00e0i g\u1eadp gh\u1ec1nh \u0111i qua nh\u1eefng m\u00e1i nh\u00e0 s\u00e0n n\u1eb1m d\u01b0\u1edbi h\u00e0ng c\u1ecd xanh tr\u00ean s\u01b0\u1eddn n\u00fai, gi\u1eefa su\u1ed1i th\u00e1c, \u0111\u1ea1i ng\u00e0n hoang s\u01a1 ch\u1ec9 d\u00e0nh cho ng\u01b0\u1eddi \u0111\u00e3 c\u00f3 nhi\u1ec1u kinh nghi\u1ec7m trekking v\u00e0 s\u1ee9c kh\u1ecfe t\u1ed1t.<\/p>\n<div id=\"attachment_12247\" style=\"width: 595px\" class=\"wp-caption aligncenter\"><a href=\"https:\/\/cdn3.ivivu.com\/2013\/05\/2-6-large.jpg\"><img loading=\"lazy\" decoding=\"async\" aria-describedby=\"caption-attachment-12247\" class=\"size-full wp-image-12247\" alt=\"Trekking \u1edf Vi\u1ec7t Nam - C\u00f9ng iVIVU.com\" src=\"https:\/\/cdn3.ivivu.com\/2013\/05\/2-6-large.jpg\" width=\"585\" height=\"439\" srcset=\"https:\/\/cdn3.ivivu.com\/2013\/05\/2-6-large.jpg 585w, https:\/\/cdn3.ivivu.com\/2013\/05\/2-6-large-406x305.jpg 406w\" sizes=\"(max-width: 585px) 100vw, 585px\" \/><\/a><p id=\"caption-attachment-12247\" class=\"wp-caption-text\">M\u1ed9t cung \u0111\u01b0\u1eddng \u0111\u1eb9p \u1edf Cao B\u1eb1ng<\/p><\/div>\n<p><strong>&#8211; Mai Ch\u00e2u \u2013 H\u00f2a B\u00ecnh<\/strong>: Ch\u1ec9 c\u00e1ch H\u00e0 N\u1ed9i 130km, thung l\u0169ng Mai Ch\u00e2u, H\u00f2a B\u00ecnh l\u00e0 \u0111i\u1ec3m \u0111\u1ebfn \u01b0a th\u00edch c\u1ee7a nhi\u1ec1u du kh\u00e1ch v\u00ec s\u1ef1 d\u1ec5 d\u00e0ng, thu\u1eadn ti\u1ec7n. Tuy nhi\u00ean do \u0111\u00e3 \u0111\u01b0\u1ee3c khai th\u00e1c du l\u1ecbch t\u1eeb l\u00e2u n\u00ean \u0111i\u1ec3m \u0111\u1ebfn n\u00e0y h\u1ea7u nh\u01b0 kh\u00f4ng c\u00f2n s\u1ef1 hoang s\u01a1 n\u1eefa.<\/p>\n<p><strong>&#8211; Cao B\u1eb1ng<\/strong>: N\u1eb1m \u1edf ph\u00eda b\u1eafc v\u00f9ng Vi\u1ec7t B\u1eafc, Cao B\u1eb1ng \u0111\u01b0\u1ee3c thi\u00ean nhi\u00ean \u01b0u \u0111\u00e3i v\u1edbi n\u00fai, r\u1eebng, s\u00f4ng, su\u1ed1i tr\u1ea3i d\u00e0i h\u00f9ng v\u0129, bao la, thi\u00ean nhi\u00ean c\u00f2n nhi\u1ec1u n\u00e9t hoang s\u01a1, nguy\u00ean sinh\u2026<\/p>\n<p><strong>&#8211; C\u00e1c \u0111\u1ea3o C\u00e1t B\u00e0, Ph\u00fa Qu\u1ed1c, C\u00f4n \u0110\u1ea3o<\/strong>: D\u00e0nh cho nh\u1eefng ai th\u00edch c\u1ea3 r\u1eebng l\u1eabn bi\u1ec3n. Bi\u1ec3n v\u00e0 r\u1eebng tr\u00ean c\u00e1c \u0111\u1ea3o n\u00e0y \u0111an xen v\u00e0o nhau t\u1ea1o n\u00ean phong c\u1ea3nh r\u1ea5t \u0111\u1eb7c s\u1eafc.<\/p>\n<div id=\"attachment_12248\" style=\"width: 595px\" class=\"wp-caption aligncenter\"><a href=\"https:\/\/cdn3.ivivu.com\/2013\/05\/3-5-large.jpg\"><img loading=\"lazy\" decoding=\"async\" aria-describedby=\"caption-attachment-12248\" class=\"size-full wp-image-12248\" alt=\"Trekking \u1edf Vi\u1ec7t Nam - C\u00f9ng iVIVU.com\" src=\"https:\/\/cdn3.ivivu.com\/2013\/05\/3-5-large.jpg\" width=\"585\" height=\"439\" srcset=\"https:\/\/cdn3.ivivu.com\/2013\/05\/3-5-large.jpg 585w, https:\/\/cdn3.ivivu.com\/2013\/05\/3-5-large-406x305.jpg 406w\" sizes=\"(max-width: 585px) 100vw, 585px\" \/><\/a><p id=\"caption-attachment-12248\" class=\"wp-caption-text\">Du kh\u00e1ch kh\u00e1m ph\u00e1 H\u1ed3 Ba B\u1ec3<\/p><\/div>\n<p><strong>&#8211; H\u1ed3 Ba B\u1ec3<\/strong> (c\u00e1ch H\u00e0 N\u1ed9i 300km, c\u00e1ch th\u1ecb x\u00e3 B\u1eafc C\u1ea1n 50km): H\u1ed3 r\u1ed9ng m\u00eanh m\u00f4ng gi\u1eefa n\u00fai r\u1eebng th\u00e2m u. Khu v\u1ef1c n\u00e0y g\u1eafn v\u1edbi nhi\u1ec1u c\u00e2u chuy\u1ec7n \u0111\u01b0\u1eddng r\u1eebng n\u1eeda h\u01b0 n\u1eeda th\u1ef1c.<\/p>\n<p>&#8211; R\u1eebng C\u00fac Ph\u01b0\u01a1ng: Khu r\u1eebng nhi\u1ec7t \u0111\u1edbi \u0111i\u1ec3n h\u00ecnh v\u1edbi di\u1ec7n t\u00edch 22.000ha. \u0110\u00e2y l\u00e0 m\u1ed9t r\u1eebng nguy\u00ean sinh trong v\u00f9ng \u0111\u00e1 v\u00f4i v\u1edbi r\u1ea5t nhi\u1ec1u hang \u0111\u1ed9ng \u0111\u1eb9p. C\u00f3 nh\u1eefng \u0111\u1ed9ng c\u00f2n di t\u00edch c\u1ee7a lo\u00e0i ng\u01b0\u1eddi t\u1eeb h\u00e0ng v\u1ea1n n\u0103m v\u1ec1 tr\u01b0\u1edbc.<\/p>\n<p>&#8211; Nam C\u00e1t Ti\u00ean: R\u1eebng qu\u1ed1c gia thu\u1ed9c ba t\u1ec9nh \u0110\u1ed3ng Nai, L\u00e2m \u0110\u1ed3ng v\u00e0 B\u00ecnh Thu\u1eadn, \u0111\u01b0\u1ee3c b\u1ea3o v\u1ec7 v\u00e0 b\u1ea3o t\u1ed3n nghi\u00eam ng\u1eb7t nh\u1ea5t v\u1edbi nhi\u1ec1u lo\u1ea1i \u0111\u1ed9ng th\u1ef1c v\u1eadt phong ph\u00fa v\u00e0 h\u1ea5p d\u1eabn. R\u1eebng c\u00f3 nhi\u1ec1u ch\u1ee7ng lo\u1ea1i c\u00e2y c\u1ed5 th\u1ee5 h\u00e0ng ng\u00e0n n\u0103m tu\u1ed5i v\u1edbi \u0111\u01b0\u1eddng k\u00ednh h\u01a1n 20 v\u00f2ng tay c\u1ee7a ng\u01b0\u1eddi tr\u01b0\u1edfng th\u00e0nh.<\/p>\n<div id=\"attachment_12249\" style=\"width: 595px\" class=\"wp-caption aligncenter\"><a href=\"https:\/\/cdn3.ivivu.com\/2013\/05\/5-4-large.jpg\"><img loading=\"lazy\" decoding=\"async\" aria-describedby=\"caption-attachment-12249\" class=\"size-full wp-image-12249\" alt=\"Trekking \u1edf Vi\u1ec7t Nam - C\u00f9ng iVIVU.com\" src=\"https:\/\/cdn3.ivivu.com\/2013\/05\/5-4-large.jpg\" width=\"585\" height=\"439\" srcset=\"https:\/\/cdn3.ivivu.com\/2013\/05\/5-4-large.jpg 585w, https:\/\/cdn3.ivivu.com\/2013\/05\/5-4-large-406x305.jpg 406w\" sizes=\"(max-width: 585px) 100vw, 585px\" \/><\/a><p id=\"caption-attachment-12249\" class=\"wp-caption-text\">C\u00e1nh r\u1eebng Ch\u01b0 Yang Sin<\/p><\/div>\n<p>&#8211; Kon Tum v\u00e0 c\u00e1c t\u1ec9nh T\u00e2y Nguy\u00ean: \u0110\u1ebfn Kon Tum s\u1ebd c\u00f3 d\u1ecbp \u0111i th\u0103m nhi\u1ec1u c\u1ea3nh \u0111\u1eb9p c\u1ee7a v\u00f9ng n\u00fai r\u1eebng T\u00e2y Nguy\u00ean nh\u01b0 khu r\u1eebng nguy\u00ean sinh Ch\u01b0 M\u00f4n Ray, Sa Th\u1ea7y, khu du l\u1ecbch \u0110\u1eafk Tre \u1edf huy\u1ec7n Kon Pl\u00f4ng, su\u1ed1i n\u01b0\u1edbc n\u00f3ng \u0110\u1eafk T\u00f4\u2026<\/p>\n<p>***<\/p>\n<p><strong>Ngu\u1ed3n: <a title=\"C\u1ea9m nang du l\u1ecbch iVIVU.com\" href=\"https:\/\/www.ivivu.com\/blog\/\" target=\"_blank\">C\u1ea9m nang du l\u1ecbch iVIVU.com <\/a>&#8211; Theo: DNSG<\/strong><\/p>\n","protected":false},"excerpt":{"rendered":"<p>C\u00f3 \u0111\u1ecba h\u00ecnh \u0111\u1ed3i n\u00fai phong ph\u00fa v\u1edbi nhi\u1ec1u cao \u0111\u1ed9 kh\u00e1c nhau, Vi\u1ec7t Nam s\u1edf h\u1eefu nhi\u1ec1u khu v\u1ef1c l\u00fd t\u01b0\u1edfng cho gi\u1edbi trekking chinh ph\u1ee5c v\u00e0 kh\u00e1m ph\u00e1.<\/p>\n","protected":false},"author":12,"featured_media":12247,"comment_status":"closed","ping_status":"open","sticky":false,"template":"","format":"standard","meta":{"_acf_changed":false,"footnotes":""},"categories":[792,801],"tags":[1847,1848,812,1372,1539,116,1373,185,668,1337],"acf":[],"yoast_head":"<!-- This site is optimized with the Yoast SEO Premium plugin v22.6 (Yoast SEO v22.6) - https:\/\/yoast.com\/wordpress\/plugins\/seo\/ -->\n<title>C\u00e1c n\u01a1i trekking l\u00fd t\u01b0\u1edfng \u1edf Vi\u1ec7t Nam - C\u1ea9m nang du l\u1ecbch - C\u00f9ng iVIVU<\/title>\n<meta name=\"description\" content=\"C\u00f3 \u0111\u1ecba h\u00ecnh \u0111\u1ed3i n\u00fai phong ph\u00fa v\u1edbi nhi\u1ec1u cao \u0111\u1ed9 kh\u00e1c nhau, Vi\u1ec7t Nam s\u1edf h\u1eefu nhi\u1ec1u khu v\u1ef1c l\u00fd t\u01b0\u1edfng cho gi\u1edbi trekking chinh ph\u1ee5c v\u00e0 kh\u00e1m ph\u00e1.\" \/>\n<meta name=\"robots\" content=\"index, follow, max-snippet:-1, max-image-preview:large, max-video-preview:-1\" \/>\n<link rel=\"canonical\" href=\"https:\/\/www.ivivu.com\/blog\/2013\/05\/cac-dia-diem-trekking-ly-tuong-o-viet-nam\/\" \/>\n<meta name=\"twitter:label1\" content=\"\u0110\u01b0\u1ee3c vi\u1ebft b\u1edfi\" \/>\n\t<meta name=\"twitter:data1\" content=\"Hi\u1ec1n Ph\u1ea1m\" \/>\n\t<meta name=\"twitter:label2\" content=\"\u01af\u1edbc t\u00ednh th\u1eddi gian \u0111\u1ecdc\" \/>\n\t<meta name=\"twitter:data2\" content=\"5 ph\u00fat\" \/>\n<script type=\"application\/ld+json\" class=\"yoast-schema-graph\">{\"@context\":\"https:\/\/schema.org\",\"@graph\":[{\"@type\":\"Article\",\"@id\":\"https:\/\/www.ivivu.com\/blog\/2013\/05\/cac-dia-diem-trekking-ly-tuong-o-viet-nam\/#article\",\"isPartOf\":{\"@id\":\"https:\/\/www.ivivu.com\/blog\/2013\/05\/cac-dia-diem-trekking-ly-tuong-o-viet-nam\/\"},\"author\":{\"name\":\"Hi\u1ec1n Ph\u1ea1m\",\"@id\":\"https:\/\/www.ivivu.com\/blog\/#\/schema\/person\/85499824e6d2f74d2bfb8b8ef381f70a\"},\"headline\":\"C\u00e1c \u0111\u1ecba \u0111i\u1ec3m trekking l\u00fd t\u01b0\u1edfng \u1edf Vi\u1ec7t Nam\",\"datePublished\":\"2013-05-05T09:13:31+00:00\",\"dateModified\":\"2013-06-28T09:37:30+00:00\",\"mainEntityOfPage\":{\"@id\":\"https:\/\/www.ivivu.com\/blog\/2013\/05\/cac-dia-diem-trekking-ly-tuong-o-viet-nam\/\"},\"wordCount\":952,\"publisher\":{\"@id\":\"https:\/\/www.ivivu.com\/blog\/#organization\"},\"image\":{\"@id\":\"https:\/\/www.ivivu.com\/blog\/2013\/05\/cac-dia-diem-trekking-ly-tuong-o-viet-nam\/#primaryimage\"},\"thumbnailUrl\":\"https:\/\/cdn3.ivivu.com\/2013\/05\/2-6-large.jpg\",\"keywords\":[\"Cao B\u1eb1ng\",\"H\u1ed3 Ba B\u1ec3\",\"Kon Tum\",\"Mai Ch\u00e2u\",\"Nam C\u00e1t Ti\u00ean\",\"Ph\u00fa Qu\u1ed1c\",\"r\u1eebng C\u00fac Ph\u01b0\u01a1ng\",\"sapa\",\"T\u00e2y Nguy\u00ean\",\"trekking\"],\"articleSection\":[\"K\u1ec3\",\"M\u1eb9o Du L\u1ecbch\"],\"inLanguage\":\"vi\"},{\"@type\":\"WebPage\",\"@id\":\"https:\/\/www.ivivu.com\/blog\/2013\/05\/cac-dia-diem-trekking-ly-tuong-o-viet-nam\/\",\"url\":\"https:\/\/www.ivivu.com\/blog\/2013\/05\/cac-dia-diem-trekking-ly-tuong-o-viet-nam\/\",\"name\":\"C\u00e1c n\u01a1i trekking l\u00fd t\u01b0\u1edfng \u1edf Vi\u1ec7t Nam - C\u1ea9m nang du l\u1ecbch - C\u00f9ng iVIVU\",\"isPartOf\":{\"@id\":\"https:\/\/www.ivivu.com\/blog\/#website\"},\"primaryImageOfPage\":{\"@id\":\"https:\/\/www.ivivu.com\/blog\/2013\/05\/cac-dia-diem-trekking-ly-tuong-o-viet-nam\/#primaryimage\"},\"image\":{\"@id\":\"https:\/\/www.ivivu.com\/blog\/2013\/05\/cac-dia-diem-trekking-ly-tuong-o-viet-nam\/#primaryimage\"},\"thumbnailUrl\":\"https:\/\/cdn3.ivivu.com\/2013\/05\/2-6-large.jpg\",\"datePublished\":\"2013-05-05T09:13:31+00:00\",\"dateModified\":\"2013-06-28T09:37:30+00:00\",\"description\":\"C\u00f3 \u0111\u1ecba h\u00ecnh \u0111\u1ed3i n\u00fai phong ph\u00fa v\u1edbi nhi\u1ec1u cao \u0111\u1ed9 kh\u00e1c nhau, Vi\u1ec7t Nam s\u1edf h\u1eefu nhi\u1ec1u khu v\u1ef1c l\u00fd t\u01b0\u1edfng cho gi\u1edbi trekking chinh ph\u1ee5c v\u00e0 kh\u00e1m ph\u00e1.\",\"breadcrumb\":{\"@id\":\"https:\/\/www.ivivu.com\/blog\/2013\/05\/cac-dia-diem-trekking-ly-tuong-o-viet-nam\/#breadcrumb\"},\"inLanguage\":\"vi\",\"potentialAction\":[{\"@type\":\"ReadAction\",\"target\":[\"https:\/\/www.ivivu.com\/blog\/2013\/05\/cac-dia-diem-trekking-ly-tuong-o-viet-nam\/\"]}]},{\"@type\":\"ImageObject\",\"inLanguage\":\"vi\",\"@id\":\"https:\/\/www.ivivu.com\/blog\/2013\/05\/cac-dia-diem-trekking-ly-tuong-o-viet-nam\/#primaryimage\",\"url\":\"https:\/\/cdn3.ivivu.com\/2013\/05\/2-6-large.jpg\",\"contentUrl\":\"https:\/\/cdn3.ivivu.com\/2013\/05\/2-6-large.jpg\",\"width\":585,\"height\":439,\"caption\":\"M\u1ed9t cung \u0111\u01b0\u1eddng \u0111\u1eb9p \u1edf Cao B\u1eb1ng\"},{\"@type\":\"BreadcrumbList\",\"@id\":\"https:\/\/www.ivivu.com\/blog\/2013\/05\/cac-dia-diem-trekking-ly-tuong-o-viet-nam\/#breadcrumb\",\"itemListElement\":[{\"@type\":\"ListItem\",\"position\":1,\"name\":\"Home\",\"item\":\"https:\/\/www.ivivu.com\/blog\/\"},{\"@type\":\"ListItem\",\"position\":2,\"name\":\"C\u00e1c \u0111\u1ecba \u0111i\u1ec3m trekking l\u00fd t\u01b0\u1edfng \u1edf Vi\u1ec7t Nam\"}]},{\"@type\":\"WebSite\",\"@id\":\"https:\/\/www.ivivu.com\/blog\/#website\",\"url\":\"https:\/\/www.ivivu.com\/blog\/\",\"name\":\"C\u1ea9m nang du l\u1ecbch\",\"description\":\"\",\"publisher\":{\"@id\":\"https:\/\/www.ivivu.com\/blog\/#organization\"},\"potentialAction\":[{\"@type\":\"SearchAction\",\"target\":{\"@type\":\"EntryPoint\",\"urlTemplate\":\"https:\/\/www.ivivu.com\/blog\/?s={search_term_string}\"},\"query-input\":\"required name=search_term_string\"}],\"inLanguage\":\"vi\"},{\"@type\":\"Organization\",\"@id\":\"https:\/\/www.ivivu.com\/blog\/#organization\",\"name\":\"iVIVU.com\",\"url\":\"https:\/\/www.ivivu.com\/blog\/\",\"logo\":{\"@type\":\"ImageObject\",\"inLanguage\":\"vi\",\"@id\":\"https:\/\/www.ivivu.com\/blog\/#\/schema\/logo\/image\/\",\"url\":\"https:\/\/cdn3.ivivu.com\/2024\/01\/ivivu_no_slogan.png\",\"contentUrl\":\"https:\/\/cdn3.ivivu.com\/2024\/01\/ivivu_no_slogan.png\",\"width\":788,\"height\":565,\"caption\":\"iVIVU.com\"},\"image\":{\"@id\":\"https:\/\/www.ivivu.com\/blog\/#\/schema\/logo\/image\/\"},\"sameAs\":[\"https:\/\/www.facebook.com\/iVIVU\"]},{\"@type\":\"Person\",\"@id\":\"https:\/\/www.ivivu.com\/blog\/#\/schema\/person\/85499824e6d2f74d2bfb8b8ef381f70a\",\"name\":\"Hi\u1ec1n Ph\u1ea1m\",\"description\":\"C\u1ea9m nang du l\u1ecbch \u2013 C\u00f9ng iVIVU - Trang th\u00f4ng tin du l\u1ecbch c\u1ee7a H\u1ec7 th\u1ed1ng \u0111\u1eb7t ph\u00f2ng kh\u00e1ch s\u1ea1n tr\u1ef1c tuy\u1ebfn iVIVU.com. Chia s\u1ebb th\u00f4ng tin h\u1eefu \u00edch v\u1ec1 du l\u1ecbch, v\u0103n h\u00f3a, \u1ea9m th\u1ef1c, c\u00e1c s\u1ef1 ki\u1ec7n vui ch\u01a1i gi\u1ea3i tr\u00ed kh\u1eafp n\u01a1i tr\u00ean th\u1ebf gi\u1edbi.\",\"sameAs\":[\"https:\/\/www.ivivu.com\"],\"url\":\"https:\/\/www.ivivu.com\/blog\/author\/ngochien_ivivu\/\"}]}<\/script>\n<!-- \/ Yoast SEO Premium plugin. -->","yoast_head_json":{"title":"C\u00e1c n\u01a1i trekking l\u00fd t\u01b0\u1edfng \u1edf Vi\u1ec7t Nam - C\u1ea9m nang du l\u1ecbch - C\u00f9ng iVIVU","description":"C\u00f3 \u0111\u1ecba h\u00ecnh \u0111\u1ed3i n\u00fai phong ph\u00fa v\u1edbi nhi\u1ec1u cao \u0111\u1ed9 kh\u00e1c nhau, Vi\u1ec7t Nam s\u1edf h\u1eefu nhi\u1ec1u khu v\u1ef1c l\u00fd t\u01b0\u1edfng cho gi\u1edbi trekking chinh ph\u1ee5c v\u00e0 kh\u00e1m ph\u00e1.","robots":{"index":"index","follow":"follow","max-snippet":"max-snippet:-1","max-image-preview":"max-image-preview:large","max-video-preview":"max-video-preview:-1"},"canonical":"https:\/\/www.ivivu.com\/blog\/2013\/05\/cac-dia-diem-trekking-ly-tuong-o-viet-nam\/","twitter_misc":{"\u0110\u01b0\u1ee3c vi\u1ebft b\u1edfi":"Hi\u1ec1n Ph\u1ea1m","\u01af\u1edbc t\u00ednh th\u1eddi gian \u0111\u1ecdc":"5 ph\u00fat"},"schema":{"@context":"https:\/\/schema.org","@graph":[{"@type":"Article","@id":"https:\/\/www.ivivu.com\/blog\/2013\/05\/cac-dia-diem-trekking-ly-tuong-o-viet-nam\/#article","isPartOf":{"@id":"https:\/\/www.ivivu.com\/blog\/2013\/05\/cac-dia-diem-trekking-ly-tuong-o-viet-nam\/"},"author":{"name":"Hi\u1ec1n Ph\u1ea1m","@id":"https:\/\/www.ivivu.com\/blog\/#\/schema\/person\/85499824e6d2f74d2bfb8b8ef381f70a"},"headline":"C\u00e1c \u0111\u1ecba \u0111i\u1ec3m trekking l\u00fd t\u01b0\u1edfng \u1edf Vi\u1ec7t Nam","datePublished":"2013-05-05T09:13:31+00:00","dateModified":"2013-06-28T09:37:30+00:00","mainEntityOfPage":{"@id":"https:\/\/www.ivivu.com\/blog\/2013\/05\/cac-dia-diem-trekking-ly-tuong-o-viet-nam\/"},"wordCount":952,"publisher":{"@id":"https:\/\/www.ivivu.com\/blog\/#organization"},"image":{"@id":"https:\/\/www.ivivu.com\/blog\/2013\/05\/cac-dia-diem-trekking-ly-tuong-o-viet-nam\/#primaryimage"},"thumbnailUrl":"https:\/\/cdn3.ivivu.com\/2013\/05\/2-6-large.jpg","keywords":["Cao B\u1eb1ng","H\u1ed3 Ba B\u1ec3","Kon Tum","Mai Ch\u00e2u","Nam C\u00e1t Ti\u00ean","Ph\u00fa Qu\u1ed1c","r\u1eebng C\u00fac Ph\u01b0\u01a1ng","sapa","T\u00e2y Nguy\u00ean","trekking"],"articleSection":["K\u1ec3","M\u1eb9o Du L\u1ecbch"],"inLanguage":"vi"},{"@type":"WebPage","@id":"https:\/\/www.ivivu.com\/blog\/2013\/05\/cac-dia-diem-trekking-ly-tuong-o-viet-nam\/","url":"https:\/\/www.ivivu.com\/blog\/2013\/05\/cac-dia-diem-trekking-ly-tuong-o-viet-nam\/","name":"C\u00e1c n\u01a1i trekking l\u00fd t\u01b0\u1edfng \u1edf Vi\u1ec7t Nam - C\u1ea9m nang du l\u1ecbch - C\u00f9ng iVIVU","isPartOf":{"@id":"https:\/\/www.ivivu.com\/blog\/#website"},"primaryImageOfPage":{"@id":"https:\/\/www.ivivu.com\/blog\/2013\/05\/cac-dia-diem-trekking-ly-tuong-o-viet-nam\/#primaryimage"},"image":{"@id":"https:\/\/www.ivivu.com\/blog\/2013\/05\/cac-dia-diem-trekking-ly-tuong-o-viet-nam\/#primaryimage"},"thumbnailUrl":"https:\/\/cdn3.ivivu.com\/2013\/05\/2-6-large.jpg","datePublished":"2013-05-05T09:13:31+00:00","dateModified":"2013-06-28T09:37:30+00:00","description":"C\u00f3 \u0111\u1ecba h\u00ecnh \u0111\u1ed3i n\u00fai phong ph\u00fa v\u1edbi nhi\u1ec1u cao \u0111\u1ed9 kh\u00e1c nhau, Vi\u1ec7t Nam s\u1edf h\u1eefu nhi\u1ec1u khu v\u1ef1c l\u00fd t\u01b0\u1edfng cho gi\u1edbi trekking chinh ph\u1ee5c v\u00e0 kh\u00e1m ph\u00e1.","breadcrumb":{"@id":"https:\/\/www.ivivu.com\/blog\/2013\/05\/cac-dia-diem-trekking-ly-tuong-o-viet-nam\/#breadcrumb"},"inLanguage":"vi","potentialAction":[{"@type":"ReadAction","target":["https:\/\/www.ivivu.com\/blog\/2013\/05\/cac-dia-diem-trekking-ly-tuong-o-viet-nam\/"]}]},{"@type":"ImageObject","inLanguage":"vi","@id":"https:\/\/www.ivivu.com\/blog\/2013\/05\/cac-dia-diem-trekking-ly-tuong-o-viet-nam\/#primaryimage","url":"https:\/\/cdn3.ivivu.com\/2013\/05\/2-6-large.jpg","contentUrl":"https:\/\/cdn3.ivivu.com\/2013\/05\/2-6-large.jpg","width":585,"height":439,"caption":"M\u1ed9t cung \u0111\u01b0\u1eddng \u0111\u1eb9p \u1edf Cao B\u1eb1ng"},{"@type":"BreadcrumbList","@id":"https:\/\/www.ivivu.com\/blog\/2013\/05\/cac-dia-diem-trekking-ly-tuong-o-viet-nam\/#breadcrumb","itemListElement":[{"@type":"ListItem","position":1,"name":"Home","item":"https:\/\/www.ivivu.com\/blog\/"},{"@type":"ListItem","position":2,"name":"C\u00e1c \u0111\u1ecba \u0111i\u1ec3m trekking l\u00fd t\u01b0\u1edfng \u1edf Vi\u1ec7t Nam"}]},{"@type":"WebSite","@id":"https:\/\/www.ivivu.com\/blog\/#website","url":"https:\/\/www.ivivu.com\/blog\/","name":"C\u1ea9m nang du l\u1ecbch","description":"","publisher":{"@id":"https:\/\/www.ivivu.com\/blog\/#organization"},"potentialAction":[{"@type":"SearchAction","target":{"@type":"EntryPoint","urlTemplate":"https:\/\/www.ivivu.com\/blog\/?s={search_term_string}"},"query-input":"required name=search_term_string"}],"inLanguage":"vi"},{"@type":"Organization","@id":"https:\/\/www.ivivu.com\/blog\/#organization","name":"iVIVU.com","url":"https:\/\/www.ivivu.com\/blog\/","logo":{"@type":"ImageObject","inLanguage":"vi","@id":"https:\/\/www.ivivu.com\/blog\/#\/schema\/logo\/image\/","url":"https:\/\/cdn3.ivivu.com\/2024\/01\/ivivu_no_slogan.png","contentUrl":"https:\/\/cdn3.ivivu.com\/2024\/01\/ivivu_no_slogan.png","width":788,"height":565,"caption":"iVIVU.com"},"image":{"@id":"https:\/\/www.ivivu.com\/blog\/#\/schema\/logo\/image\/"},"sameAs":["https:\/\/www.facebook.com\/iVIVU"]},{"@type":"Person","@id":"https:\/\/www.ivivu.com\/blog\/#\/schema\/person\/85499824e6d2f74d2bfb8b8ef381f70a","name":"Hi\u1ec1n Ph\u1ea1m","description":"C\u1ea9m nang du l\u1ecbch \u2013 C\u00f9ng iVIVU - Trang th\u00f4ng tin du l\u1ecbch c\u1ee7a H\u1ec7 th\u1ed1ng \u0111\u1eb7t ph\u00f2ng kh\u00e1ch s\u1ea1n tr\u1ef1c tuy\u1ebfn iVIVU.com. Chia s\u1ebb th\u00f4ng tin h\u1eefu \u00edch v\u1ec1 du l\u1ecbch, v\u0103n h\u00f3a, \u1ea9m th\u1ef1c, c\u00e1c s\u1ef1 ki\u1ec7n vui ch\u01a1i gi\u1ea3i tr\u00ed kh\u1eafp n\u01a1i tr\u00ean th\u1ebf gi\u1edbi.","sameAs":["https:\/\/www.ivivu.com"],"url":"https:\/\/www.ivivu.com\/blog\/author\/ngochien_ivivu\/"}]}},"_links":{"self":[{"href":"https:\/\/www.ivivu.com\/blog\/wp-json\/wp\/v2\/posts\/12241"}],"collection":[{"href":"https:\/\/www.ivivu.com\/blog\/wp-json\/wp\/v2\/posts"}],"about":[{"href":"https:\/\/www.ivivu.com\/blog\/wp-json\/wp\/v2\/types\/post"}],"author":[{"embeddable":true,"href":"https:\/\/www.ivivu.com\/blog\/wp-json\/wp\/v2\/users\/12"}],"replies":[{"embeddable":true,"href":"https:\/\/www.ivivu.com\/blog\/wp-json\/wp\/v2\/comments?post=12241"}],"version-history":[{"count":11,"href":"https:\/\/www.ivivu.com\/blog\/wp-json\/wp\/v2\/posts\/12241\/revisions"}],"predecessor-version":[{"id":12252,"href":"https:\/\/www.ivivu.com\/blog\/wp-json\/wp\/v2\/posts\/12241\/revisions\/12252"}],"wp:featuredmedia":[{"embeddable":true,"href":"https:\/\/www.ivivu.com\/blog\/wp-json\/wp\/v2\/media\/12247"}],"wp:attachment":[{"href":"https:\/\/www.ivivu.com\/blog\/wp-json\/wp\/v2\/media?parent=12241"}],"wp:term":[{"taxonomy":"category","embeddable":true,"href":"https:\/\/www.ivivu.com\/blog\/wp-json\/wp\/v2\/categories?post=12241"},{"taxonomy":"post_tag","embeddable":true,"href":"https:\/\/www.ivivu.com\/blog\/wp-json\/wp\/v2\/tags?post=12241"}],"curies":[{"name":"wp","href":"https:\/\/api.w.org\/{rel}","templated":true}]}}