{"id":124231,"date":"2016-02-11T10:35:40","date_gmt":"2016-02-11T03:35:40","guid":{"rendered":"https:\/\/www.ivivu.com\/blog\/?p=124231"},"modified":"2016-02-04T13:36:23","modified_gmt":"2016-02-04T06:36:23","slug":"franciacorta-diem-den-moi-tren-ban-do-du-lich-the-gioi","status":"publish","type":"post","link":"https:\/\/www.ivivu.com\/blog\/2016\/02\/franciacorta-diem-den-moi-tren-ban-do-du-lich-the-gioi\/","title":{"rendered":"Franciacorta: \u0110i\u1ec3m \u0111\u1ebfn m\u1edbi tr\u00ean b\u1ea3n \u0111\u1ed3 du l\u1ecbch th\u1ebf gi\u1edbi"},"content":{"rendered":"<p style=\"text-align: justify;\"><em><strong>Milan t\u1eeb l\u00e2u \u0111\u00e3 c\u00f3 h\u1ea5p l\u1ef1c ri\u00eang bi\u1ec7t, t\u1eeb th\u1eddi Ho\u00e0ng \u0111\u1ebf La M\u00e3 Constantin, th\u1eddi Ph\u1ee5c H\u01b0ng v\u00e0 \u0111\u1ebfn th\u1eddi hi\u1ec7n \u0111\u1ea1i khi vang danh to\u00e0n c\u1ea7u l\u00e0 c\u00e1i n\u00f4i th\u1eddi trang s\u1ed1 1 th\u1ebf gi\u1edbi, h\u01a1n h\u1eb3n nh\u1eefng Paris, New York v\u00e0 London. Nh\u01b0ng ch\u1ec9 kho\u1ea3ng t\u1eeb v\u00e0i ba n\u0103m tr\u1edf l\u1ea1i \u0111\u00e2y, Milan l\u1ea1i c\u00f3 th\u00eam m\u1ed9t h\u1ea5p l\u1ef1c m\u1ea1nh kh\u00e1c, th\u1eeba h\u01b0\u1edfng gi\u00e1n ti\u1ebfp l\u1ef1c h\u00fat t\u1eeb m\u1ed9t \u0111\u1ecba ph\u01b0\u01a1ng c\u00e1ch \u0111\u1ea1i th\u00e1nh \u0111\u01b0\u1eddng Duomo Milan kho\u1ea3ng h\u01a1n m\u1ed9t gi\u1edd \u0111i xe v\u1ec1 h\u01b0\u1edbng \u0110\u00f4ng.<\/strong><\/em><\/p>\n<p><!--more--><\/p>\n<div id=\"attachment_124232\" style=\"width: 630px\" class=\"wp-caption aligncenter\"><img loading=\"lazy\" decoding=\"async\" aria-describedby=\"caption-attachment-124232\" class=\"wp-image-124232 size-full\" title=\"V\u01b0\u1eddn nho \u1edf Franciacorta\" src=\"https:\/\/cdn3.ivivu.com\/2016\/02\/franciacorta-diem-den-moi-tren-ban-do-du-lich-the-gioi-ivivu-1.jpg\" alt=\"V\u01b0\u1eddn nho \u1edf Franciacorta\" width=\"620\" height=\"405\" srcset=\"https:\/\/cdn3.ivivu.com\/2016\/02\/franciacorta-diem-den-moi-tren-ban-do-du-lich-the-gioi-ivivu-1.jpg 620w, https:\/\/cdn3.ivivu.com\/2016\/02\/franciacorta-diem-den-moi-tren-ban-do-du-lich-the-gioi-ivivu-1-467x305.jpg 467w\" sizes=\"(max-width: 620px) 100vw, 620px\" \/><p id=\"caption-attachment-124232\" class=\"wp-caption-text\">V\u01b0\u1eddn nho \u1edf Franciacorta<\/p><\/div>\n<p style=\"text-align: justify;\">\u1ede ch\u00e2n d\u00e3y n\u00fai Alp tr\u00ean ph\u1ea7n \u0111\u1ea5t \u00dd l\u00e0 th\u00e0nh c\u1ed5 Brescia, m\u1ed9t v\u1ebft t\u00edch c\u00f2n r\u1ea5t s\u1ed1ng \u0111\u1ed9ng v\u1edbi nh\u1eefng palazzi (dinh th\u1ef1) c\u1ee7a th\u1eddi Ph\u1ef1c H\u01b0ng huy ho\u00e0ng xen l\u1eabn nh\u1eefng t\u00f2a l\u00e2u \u0111\u00e0i ki\u00ean c\u1ed1 th\u1eddi Trung c\u1ed5 v\u00e0 nh\u1eefng t\u00e0n t\u00edch c\u1ee7a \u0110\u1ebf ch\u1ebf La M\u00e3 xa x\u01b0a.<\/p>\n<p style=\"text-align: justify;\">Nh\u00ecn v\u1ec1 h\u01b0\u1edbng T\u00e2y, b\u1ea1n tr\u00f4ng th\u1ea5y m\u1ed9t m\u1eb7t h\u1ed3 \u00eam d\u1ecbu nh\u01b0ng s\u00e1ng l\u00e1ng v\u00ec l\u00e0n n\u01b0\u1edbc trong su\u1ed1t, \u0111\u00f3 l\u00e0 Lago dIseo n\u1ed5i ti\u1ebfng, \u0111i\u1ec3m kh\u1edfi \u0111\u1ea7u c\u1ee7a d\u00f2ng s\u00f4ng Oglio. Tr\u1ea3i d\u00e0i ti\u1ebfp nhau tr\u00ean nh\u1eefng s\u01b0\u1eddn \u0111\u1ed3i l\u00e0 m\u1ed9t &#8220;b\u00ed m\u1eadt&#8221; gi\u00e1 tr\u1ecb cao c\u1ee7a n\u01b0\u1edbc \u00dd, ch\u1ec9 v\u1eeba m\u1edbi \u0111\u01b0\u1ee3c kh\u00e1m ph\u00e1 c\u00e1ch \u0111\u00e2y kh\u00f4ng l\u00e2u: v\u00f9ng nguy\u00ean li\u1ec7u nho Franciacorta s\u1ea3n xu\u1ea5t ra nh\u1eefng chai vang s\u1ee7i t\u0103m Franciacorta th\u01a1m ngon h\u1ea3o h\u1ea1ng c\u1ee7a \u00dd. Milan l\u00e0 c\u00e1i n\u00f4i th\u1eddi trang c\u1ee7a th\u1ebf gi\u1edbi v\u00e0 Franciacorta cung c\u1ea5p vang ch\u00ednh th\u1ee9c cho s\u1ef1 ki\u1ec7n Tu\u1ea7n l\u1ec5 th\u1eddi trang Milan.<\/p>\n<p style=\"text-align: justify;\">Th\u1ee9c u\u1ed1ng th\u01a1m ngon n\u00e0y th\u1eadt quy\u1ebfn r\u0169, \u0111\u1eb7c bi\u1ec7t l\u00e0 v\u00e0o nh\u1eefng bu\u1ed5i chi\u1ec1u n\u1eafng v\u00e0ng, b\u00ean b\u00e0n ti\u1ec7c nh\u1eb9 v\u1edbi v\u00e0i khoanh pho-m\u00e1t, v\u00e0i l\u00e1t gi\u0103m-b\u00f4ng Parma v\u00e0 m\u1ea9u b\u00e1nh b\u00ec ch\u1ea5m v\u1edbi d\u1ea7u \u00f4-liu c\u00f3 pha \u00edt d\u1ea5m basalmic. Vang m\u1edbi ch\u1ec9 b\u1eaft \u0111\u1ea7u xu\u1ea5t hi\u1ec7n t\u1eeb nh\u1eefng n\u0103m \u0111\u1ea7u th\u1eadp ni\u00ean 60 c\u1ee7a th\u1ebf k\u1ef7 XX. Ph\u1ea3i ch\u1edd \u0111\u1ebfn n\u0103m 1995 th\u00ec v\u00f9ng nguy\u00ean li\u1ec7u v\u00e0 vang s\u1ee7i t\u0103m Franciacorta m\u1edbi \u0111\u1ea1t \u0111\u01b0\u1ee3c DOCG, ch\u1ee9ng nh\u1eadn \u0111\u1ea3m b\u1ea3o \u0111\u1eb7c s\u1ea3n \u0111\u1ecba ph\u01b0\u01a1ng \u0111\u01b0\u1ee3c b\u1ea3o v\u1ec7 cao c\u1ea5p nh\u1ea5t c\u1ee7a n\u01b0\u1edbc \u00dd.<\/p>\n<div id=\"attachment_124234\" style=\"width: 510px\" class=\"wp-caption aligncenter\"><img loading=\"lazy\" decoding=\"async\" aria-describedby=\"caption-attachment-124234\" class=\"wp-image-124234 size-full\" title=\" Vang s\u1ee7i t\u0103m Bellavista\" src=\"https:\/\/cdn3.ivivu.com\/2016\/02\/franciacorta-diem-den-moi-tren-ban-do-du-lich-the-gioi-ivivu-3.jpg\" alt=\" Vang s\u1ee7i t\u0103m Bellavista\" width=\"500\" height=\"282\" srcset=\"https:\/\/cdn3.ivivu.com\/2016\/02\/franciacorta-diem-den-moi-tren-ban-do-du-lich-the-gioi-ivivu-3.jpg 500w, https:\/\/cdn3.ivivu.com\/2016\/02\/franciacorta-diem-den-moi-tren-ban-do-du-lich-the-gioi-ivivu-3-250x142.jpg 250w, https:\/\/cdn3.ivivu.com\/2016\/02\/franciacorta-diem-den-moi-tren-ban-do-du-lich-the-gioi-ivivu-3-225x127.jpg 225w, https:\/\/cdn3.ivivu.com\/2016\/02\/franciacorta-diem-den-moi-tren-ban-do-du-lich-the-gioi-ivivu-3-370x208.jpg 370w, https:\/\/cdn3.ivivu.com\/2016\/02\/franciacorta-diem-den-moi-tren-ban-do-du-lich-the-gioi-ivivu-3-50x28.jpg 50w, https:\/\/cdn3.ivivu.com\/2016\/02\/franciacorta-diem-den-moi-tren-ban-do-du-lich-the-gioi-ivivu-3-107x60.jpg 107w, https:\/\/cdn3.ivivu.com\/2016\/02\/franciacorta-diem-den-moi-tren-ban-do-du-lich-the-gioi-ivivu-3-195x110.jpg 195w, https:\/\/cdn3.ivivu.com\/2016\/02\/franciacorta-diem-den-moi-tren-ban-do-du-lich-the-gioi-ivivu-3-220x125.jpg 220w, https:\/\/cdn3.ivivu.com\/2016\/02\/franciacorta-diem-den-moi-tren-ban-do-du-lich-the-gioi-ivivu-3-400x225.jpg 400w, https:\/\/cdn3.ivivu.com\/2016\/02\/franciacorta-diem-den-moi-tren-ban-do-du-lich-the-gioi-ivivu-3-140x80.jpg 140w\" sizes=\"(max-width: 500px) 100vw, 500px\" \/><p id=\"caption-attachment-124234\" class=\"wp-caption-text\">Vang s\u1ee7i t\u0103m Bellavista<\/p><\/div>\n<p style=\"text-align: justify;\">C\u00f2n b\u00e2y gi\u1edd vang Franciacorta \u0111\u00e3 l\u00e0 s\u1ea3n ph\u1ea9m \u0111\u01b0\u1ee3c qu\u1ea3ng b\u00e1 kh\u1eafp th\u1ebf gi\u1edbi v\u00e0 \u0111\u01b0\u1ee3c b\u1ea3o h\u1ed9 b\u1edfi Franciacorta Consorzio. Ch\u1ec9 c\u00f3 nh\u1eefng chai vang tr\u1eafng s\u1ee7i t\u0103m v\u00e0 vang h\u1ed3ng s\u1ee7i t\u0103m l\u00e0m t\u1eeb nho tr\u1ed3ng trong v\u00f9ng Champagne \u1edf Ph\u00e1p m\u1edbi \u0111\u01b0\u1ee3c ghi t\u1eeb Champagne l\u00ean nh\u00e3n. C\u0169ng nh\u01b0 v\u1eady, ch\u1ec9 c\u00f3 nh\u1eefng chai vang tr\u1eafng s\u1ee7i t\u0103m v\u00e0 vang h\u1ed3ng s\u1ee7i t\u0103m l\u00e0m t\u1eeb nho tr\u1ed3ng trong v\u00f9ng Franciacorta \u1edf \u00dd m\u1edbi \u0111\u01b0\u1ee3c g\u1ecdi l\u00e0 vang Franciacorta.<\/p>\n<p style=\"text-align: justify;\">Xin \u0111\u1eebng v\u1ed9i \u0111\u00e1nh \u0111\u1ed3ng vang s\u1ee7i t\u0103m Franciacorta v\u1edbi c\u00e1c d\u00f2ng s\u1ee7i t\u0103m Prosecco, Lambusco v\u00e0 Spumante tuy c\u0169ng c\u00f3 \u0111\u1ed9 h\u1ea5p d\u1eabn ri\u00eang nh\u01b0ng gi\u00e1 m\u1ec1m h\u01a1n v\u00ec ch\u1ea5t l\u01b0\u1ee3ng thu\u1ed9c \u0111\u1eb3ng c\u1ea5p th\u1ea5p h\u01a1n, v\u00ec Franciacorta \u0111\u01b0\u1ee3c l\u00e0m theo c\u00f4ng th\u1ee9c hai l\u1ea7n l\u00ean men, trong \u0111\u00f3 c\u00f3 m\u1ed9t l\u1ea7n l\u00ean men trong th\u00f9ng g\u1ed7 v\u00e0 m\u1ed9t l\u1ea7n l\u00ean men trong chai th\u1ee7y tinh, kh\u00f4ng kh\u00e1c g\u00ec c\u00e1ch s\u1ea3n xu\u1ea5t c\u00e1c chai vang s\u1ee7i t\u0103m Champagne.<\/p>\n<p style=\"text-align: justify;\">Franciacorta ch\u00ednh l\u00e0 lo\u1ea1i vang \u00dd \u0111\u1ea7u ti\u00ean \u1ee9ng d\u1ee5ng c\u00e1ch s\u1ea3n xu\u1ea5t l\u1ea7n l\u00ean men th\u1ee9 hai trong chai v\u1edbi quy \u0111\u1ecbnh r\u1ea5t nghi\u00eam ng\u1eb7t: nho ph\u1ea3i \u0111\u01b0\u1ee3c h\u00e1i th\u1ee7 c\u00f4ng, tuy\u1ec7t \u0111\u1ed1i kh\u00f4ng d\u00f9ng m\u00e1y, ph\u1ea3i \u0111\u1ec3 l\u00ean men l\u1ea7n hai t\u1ed1i thi\u1ec3u 18 th\u00e1ng trong chai. Franciacorta kh\u00f4ng \u0111\u01b0\u1ee3c b\u00e1n khi ch\u01b0a \u0111\u01b0\u1ee3c c\u1ea5t \u1ee7 25 th\u00e1ng, c\u00e1c chai vintage (ghi theo n\u0103m thu ho\u1ea1ch) ph\u1ea3i l\u00ean men trong chai t\u1ed1i thi\u1ec3u 30 th\u00e1ng v\u00e0 kh\u00f4ng \u0111\u01b0\u1ee3c b\u00e1n khi ch\u01b0a \u0111\u1ee7 37 th\u00e1ng.<\/p>\n<div id=\"attachment_124235\" style=\"width: 510px\" class=\"wp-caption aligncenter\"><img loading=\"lazy\" decoding=\"async\" aria-describedby=\"caption-attachment-124235\" class=\"wp-image-124235 size-full\" title=\"H\u1ea7m vang Bellavista\" src=\"https:\/\/cdn3.ivivu.com\/2016\/02\/franciacorta-diem-den-moi-tren-ban-do-du-lich-the-gioi-ivivu-4.jpg\" alt=\"H\u1ea7m vang Bellavista\" width=\"500\" height=\"333\" srcset=\"https:\/\/cdn3.ivivu.com\/2016\/02\/franciacorta-diem-den-moi-tren-ban-do-du-lich-the-gioi-ivivu-4.jpg 500w, https:\/\/cdn3.ivivu.com\/2016\/02\/franciacorta-diem-den-moi-tren-ban-do-du-lich-the-gioi-ivivu-4-458x305.jpg 458w\" sizes=\"(max-width: 500px) 100vw, 500px\" \/><p id=\"caption-attachment-124235\" class=\"wp-caption-text\">H\u1ea7m vang Bellavista<\/p><\/div>\n<p style=\"text-align: justify;\">V\u00e0 c\u0169ng nh\u01b0 c\u00e1c lo\u1ea1i Champagne, vang s\u1ee7i t\u0103m Franciacorta \u0111\u01b0\u1ee3c l\u00e0m ra t\u1eeb nh\u1eefng ch\u00f9m nho Chardonnay, Pinot Noir, Pinot Blanc v\u00e0 Meunier. Ng\u01b0\u1ee3c l\u1ea1i vang s\u1ee7i t\u0103m Prosecco ch\u1ee7 y\u1ebfu l\u00e0m t\u1eeb nho Grena v\u00e0 c\u1ea5t \u1ee7 trong c\u00e1c th\u00f9ng th\u00e9p l\u1edbn tr\u01b0\u1edbc khi chi\u1ebft v\u00f4 chai.<\/p>\n<p style=\"text-align: justify;\">Xin bi\u1ebft r\u1eb1ng, th\u1ee9c u\u1ed1ng tuy\u1ec7t h\u1ea3o n\u00e0y c\u1ee7a \u00dd \u0111\u00e3 b\u1eaft \u0111\u1ea7u h\u00e0nh tr\u00ecnh chinh ph\u1ee5c ng\u01b0\u1eddi y\u00eau vang \u1edf nhi\u1ec1u n\u01b0\u1edbc tr\u00ean th\u1ebf gi\u1edbi, trong \u0111\u00f3 c\u00f3 Vi\u1ec7t Nam. Theo t\u1ea1p ch\u00ed chuy\u00ean ng\u00e0nh The Drinks Business, ri\u00eang t\u1ea1i th\u1ecb tr\u01b0\u1eddng Anh n\u0103m 2014, s\u1ed1 l\u01b0\u1ee3ng chai Franciacorta ti\u00eau th\u1ee5 \u0111\u00e3 t\u0103ng v\u1ecdt \u0111\u1ebfn 173%. Th\u01a1m, ngon, \u0111\u01b0\u1ee3c s\u1ea3n xu\u1ea5t theo quy tr\u00ecnh c\u00f3 &#8220;\u0111\u0103ng k\u00fd\u201d v\u1edbi ph\u00e1p lu\u1eadt h\u1eb3n hoi n\u00ean Franciacorta c\u00f3 gi\u00e1 b\u00e1n kh\u00f4ng h\u1ec1 r\u1ebb h\u01a1n &#8220;\u0111\u1ed1i th\u1ee7\u201d Champagne. C\u00f3 v\u00e0i th\u01b0\u01a1ng hi\u1ec7u n\u1ed5i b\u1eadt, \u0111\u00e1ng ghi nh\u1edb \u0111\u1ec3 ch\u1ecdn u\u1ed1ng, \u0111\u00f3 l\u00e0 Berlucchi (h\u00ecnh th\u00e0nh t\u1eeb n\u0103m 1961), Ca del Bosco (t\u1eeb n\u0103m 1969) v\u00e0 Bellavista (c\u1ee7a gia \u0111\u00ecnh \u00f4ng Vittorio Moretti t\u1eeb n\u0103m 1977).<\/p>\n<div id=\"attachment_124236\" style=\"width: 510px\" class=\"wp-caption aligncenter\"><a href=\"https:\/\/cdn3.ivivu.com\/2016\/02\/franciacorta-diem-den-moi-tren-ban-do-du-lich-the-gioi-ivivu-5.jpg\"><img loading=\"lazy\" decoding=\"async\" aria-describedby=\"caption-attachment-124236\" class=\"wp-image-124236 size-full\" title=\" H\u00e0nh tr\u00ecnh kh\u00e1m ph\u00e1 v\u00e0 th\u1eed vang Franciacorta\" src=\"https:\/\/cdn3.ivivu.com\/2016\/02\/franciacorta-diem-den-moi-tren-ban-do-du-lich-the-gioi-ivivu-5.jpg\" alt=\" H\u00e0nh tr\u00ecnh kh\u00e1m ph\u00e1 v\u00e0 th\u1eed vang Franciacorta\" width=\"500\" height=\"375\" srcset=\"https:\/\/cdn3.ivivu.com\/2016\/02\/franciacorta-diem-den-moi-tren-ban-do-du-lich-the-gioi-ivivu-5.jpg 500w, https:\/\/cdn3.ivivu.com\/2016\/02\/franciacorta-diem-den-moi-tren-ban-do-du-lich-the-gioi-ivivu-5-407x305.jpg 407w\" sizes=\"(max-width: 500px) 100vw, 500px\" \/><\/a><p id=\"caption-attachment-124236\" class=\"wp-caption-text\">H\u00e0nh tr\u00ecnh kh\u00e1m ph\u00e1 v\u00e0 th\u1eed vang Franciacorta<\/p><\/div>\n<p style=\"text-align: justify;\">Ng\u00e0y T\u1ebft 2016, ti\u1ebfp v\u00e0i b\u1ea1n th\u00e2n c\u00f9ng l\u00e0 nh\u1eefng ng\u01b0\u1eddi y\u00eau vang v\u1edbi chai Franciacorta Bellavista tr\u1eafng ho\u1eb7c chai h\u1ed3ng v\u1edbi d\u00e1ng chai v\u00e0 m\u00e0u s\u1eafc th\u1eadt \u0111\u1eb9p, b\u1ea1n ch\u1eafc ch\u1eafn s\u1ebd c\u00f3 nh\u1eefng gi\u1edd ph\u00fat k\u1ef7 ni\u1ec7m th\u00fa v\u1ecb. Nh\u01b0ng l\u00fd t\u01b0\u1edfng h\u01a1n n\u1eefa th\u00ec thu x\u1ebfp t\u1ef1 th\u01b0\u1edfng cho m\u00ecnh chuy\u1ebfn du Xu\u00e2n \u0111\u1ebfn t\u1eadn ngu\u1ed3n m\u1ea1ch Franciacorta.<\/p>\n<p style=\"text-align: justify;\">Ch\u1eb3ng c\u00f3 g\u00ec l\u00e0 c\u1ea3n tr\u1edf l\u1edbn khi\u1ebfn b\u1ea1n kh\u00f4ng th\u1ec3 th\u1ef1c hi\u1ec7n \u0111\u01b0\u1ee3c chuy\u1ebfn \u0111i n\u00e0y. H\u00e3y mua v\u00e9 bay \u0111\u1ebfn Milan r\u1ed3i \u0111i xe bu\u00fdt \u0111\u1ebfn Brescia, sau \u0111\u00f3 ch\u1ecdn mua tour kh\u00e1m ph\u00e1 c\u00e1c v\u01b0\u1eddn nho v\u00e0 n\u1ebfm th\u1eed s\u1ea3n ph\u1ea9m c\u1ee7a c\u00e1c l\u00f2 s\u1ea3n xu\u1ea5t vang s\u1ee7i t\u0103m Franciacorta. H\u00e0nh tr\u00ecnh Strada del Vino Franciacorta c\u00f2n \u0111\u01b0a b\u1ea1n v\u00f2ng qua c\u00e1c s\u01b0\u1eddn \u0111\u1ed3i ph\u1ee7 k\u00edn nh\u1eefng g\u1ed1c c\u00e2y \u00f4-liu.<\/p>\n<p style=\"text-align: justify;\">M\u1edbi \u1edf ng\u01b0\u1ee1ng c\u1eeda c\u1ee7a th\u1eddi b\u00f9ng n\u1ed5 l\u1eef h\u00e0nh th\u1eed vang v\u00e0 ch\u1ec9 v\u1edbi 113 l\u00f2 s\u1ea3n xu\u1ea5t (trong khi \u1edf v\u00f9ng Champagne c\u00f3 \u0111\u1ebfn 19.000 nh\u00e0 s\u1ea3n xu\u1ea5t l\u1edbn nh\u1ecf kh\u00e1c nhau) n\u00ean b\u1ea1n c\u00f3 nhi\u1ec1u c\u01a1 h\u1ed9i \u0111\u01b0\u1ee3c \u0111\u00f3n ti\u1ebfp ni\u1ec1m n\u1edf, ch\u00e2n t\u00ecnh h\u01a1n, \u0111\u00fang ki\u1ec3u d\u00e2n gi\u00e3 \u00dd, b\u1edfi ch\u00ednh ch\u1ee7 nh\u00e2n v\u01b0\u1eddn nho v\u00e0 &#8220;cantine&#8221; (l\u00f2 s\u1ea3n xu\u1ea5t vang). Th\u1eadm ch\u00ed, ch\u1eb3ng ph\u1ea3i h\u1eb9n tr\u01b0\u1edbc, \u0111\u0103ng k\u00fd tr\u01b0\u1edbc, nh\u01b0ng b\u1ea1n v\u1eabn c\u00f3 c\u01a1 h\u1ed9i t\u1eadn m\u1eaft ch\u1ee9ng ki\u1ebfn c\u00f4ng \u0111o\u1ea1n xoay v\u1ea7n t\u1eeb t\u1eeb nh\u1eefng chai vang \u0111ang c\u1ea5t \u1ee7 l\u00ean men.<\/p>\n<p><strong>Vang danh nh\u1edd Expo Milano 2015<\/strong><\/p>\n<div id=\"attachment_124237\" style=\"width: 410px\" class=\"wp-caption aligncenter\"><img loading=\"lazy\" decoding=\"async\" aria-describedby=\"caption-attachment-124237\" class=\"wp-image-124237 size-full\" title=\"Nh\u1ed9n nh\u1ecbp Franciacorta Wine Bar t\u1ea1i Expo Milan 2015\" src=\"https:\/\/cdn3.ivivu.com\/2016\/02\/franciacorta-diem-den-moi-tren-ban-do-du-lich-the-gioi-ivivu-6.jpg\" alt=\"Nh\u1ed9n nh\u1ecbp Franciacorta Wine Bar t\u1ea1i Expo Milan 2015\" width=\"400\" height=\"267\" \/><p id=\"caption-attachment-124237\" class=\"wp-caption-text\">Nh\u1ed9n nh\u1ecbp Franciacorta Wine Bar t\u1ea1i Expo Milan 2015<\/p><\/div>\n<p style=\"text-align: justify;\">Th\u00e0nh ph\u1ed1 Milan v\u00e0o nh\u1eefng ng\u00e0y h\u1ed9i Expo 2015 t\u1eadp trung v\u00e0o ch\u1ee7 \u0111\u1ec1 n\u00f4ng s\u1ea3n ph\u1ea9m, m\u00f4i tr\u01b0\u1eddng v\u00e0 th\u1ebf gi\u1edbi, th\u1eddi ti\u1ebft m\u00f9a H\u00e8 n\u00f3ng ran ng\u01b0\u1eddi. Nh\u01b0ng may qu\u00e1, tr\u00ean Decumano, con \u0111\u01b0\u1eddng ch\u00ednh \u1edf trung t\u00e2m kh\u00f4ng gian tri\u1ec3n l\u00e3m, n\u1ed5i b\u1eadt m\u1ed9t&#8230; qu\u1ea7y bar g\u1eafn b\u1ea3ng hi\u1ec7u Franciacorta Wine Bar. \u0110\u00e2y ch\u00ednh l\u00e0 n\u01a1i gi\u1edbi thi\u1ec7u s\u1ea3n ph\u1ea9m n\u1ed5i ti\u1ebfng nh\u1ea5t c\u1ee7a Franciacorta, m\u1ed9t giang s\u01a1n v\u01b0\u1eddn nho cung \u1ee9ng nguy\u00ean li\u1ec7u cho 113 l\u00f2 s\u1ea3n xu\u1ea5t vang trong v\u00f9ng. Trong th\u1eddi gian t\u1eeb th\u00e1ng 5 \u0111\u1ebfn th\u00e1ng 10\/2015, \u0111\u00e3 c\u00f3 145.000 kh\u00e1ch tham quan gh\u00e9 v\u00e0o qu\u1ea7y bar n\u00e0y. V\u00e0 h\u1ecd \u0111\u00e3 \u0111\u01b0\u1ee3c m\u1eddi th\u01b0\u1edfng th\u1ee9c tr\u00ean 21.000 chai Franciacorta, m\u1ed9t lo\u1ea1i vang tr\u1eafng s\u1ee7i t\u0103m \u0111\u01b0\u1ee3c cho l\u00e0 \u0111\u1ed1i th\u1ee7 \u0111\u00e1ng g\u1eddm c\u1ee7a c\u00e1c d\u00f2ng Champagne \u1edf v\u00f9ng Champagne b\u00ean Ph\u00e1p. V\u1edbi vai tr\u00f2 vang ch\u00ednh th\u1ee9c c\u1ee7a Expo Milano 2015, c\u00f3 th\u1ec3 kh\u1eb3ng \u0111\u1ecbnh r\u1eb1ng, vang tr\u1eafng s\u1ee7i t\u0103m Franciacorta \u0111\u00e3 ch\u00ednh th\u1ee9c xu\u1ea5t hi\u1ec7n tr\u00ean b\u1ea3n \u0111\u1ed3 vang ki\u00eam b\u1ea3n \u0111\u1ed3 du l\u1ecbch, l\u1eef h\u00e0nh th\u1ebf gi\u1edbi.<\/p>\n<h4 style=\"text-align: center;\"><div class=\"ltt-contentbox white\"><\/span><strong>CLICK \u0110\u1eb6T NGAY\u00a0<\/strong><a href=\"https:\/\/www.ivivu.com\/du-lich?utm_source=blog_ivivu&amp;utm_medium=post_link&amp;utm_campaign=internal\" target=\"_blank\"><strong>TOUR DU L\u1ecaCH<\/strong><\/a><strong>\u00a0<\/strong><strong>V\u00c0\u00a0<\/strong><a href=\"https:\/\/www.ivivu.com\/?utm_source=blog_ivivu&amp;utm_medium=post_link&amp;utm_campaign=internal\" target=\"_blank\"><strong>KH\u00c1CH S\u1ea0N<\/strong><\/a><strong>\u00a0<\/strong><strong>V\u1edaI GI\u00c1 T\u1ed0T NH\u1ea4T CH\u1ec8 C\u00d3 T\u1ea0I IVIVU.COM<\/strong><\/div><\/h4>\n<p style=\"text-align: right;\"><strong>Theo <a href=\"http:\/\/www.doanhnhansaigon.vn\/kham-pha\/franciacorta-diem-den-moi-tren-ban-do-du-lich-the-gioi\/1094925\/\" target=\"_blank\">Doanh Nh\u00e2n S\u00e0i G\u00f2n<\/a><\/strong><\/p>\n<div class=\"ltt-contentbox white\"><\/span><\/p>\n<p><strong>Xem th\u00eam c\u00e1c b\u00e0i vi\u1ebft:<\/strong><\/p>\n<p><strong><a href=\"https:\/\/www.ivivu.com\/blog\/2015\/08\/nhung-diem-hut-hon-du-khach-o-milan\/\" target=\"_blank\">Nh\u1eefng \u0111i\u1ec3m h\u00fat h\u1ed3n du kh\u00e1ch \u1edf Milan<\/a><\/strong><\/p>\n<p><strong><a href=\"https:\/\/www.ivivu.com\/blog\/2015\/11\/hai-ngay-lang-thang-o-rome\/\" target=\"_blank\">Hai ng\u00e0y lang thang \u1edf Rome<\/a><\/strong><\/p>\n<p><strong><a href=\"https:\/\/www.ivivu.com\/blog\/2015\/08\/10-bai-bien-hut-khach-nhat-the-gioi\/\" target=\"_blank\">10 b\u00e3i bi\u1ec3n h\u00fat kh\u00e1ch nh\u1ea5t th\u1ebf gi\u1edbi<\/a><\/strong><\/p>\n<p><\/div>\n<h3><div class=\"ltt-contentbox white\"><\/span>Click \u0111\u1eb7t ngay <a href=\"https:\/\/www.ivivu.com\/?utm_source=blog_ivivu&amp;utm_medium=post_link&amp;utm_campaign=internal\" target=\"_blank\">Kh\u00e1ch s\u1ea1n kh\u1eafp Vi\u1ec7t Nam v\u00e0 to\u00e0n th\u1ebf gi\u1edbi<\/a> gi\u00e1 t\u1ed1t nh\u1ea5t ch\u1ec9 c\u00f3 t\u1ea1i iVIVU.com<\/div><\/h3>\n<h3><strong style=\"font-size: 16px; line-height: 1.5;\">***<\/strong><\/h3>\n<p><strong>Tham kh\u1ea3o: <a href=\"https:\/\/www.ivivu.com\/blog\" target=\"_blank\">C\u1ea9m nang du l\u1ecbch iVIVU.com<\/a><\/strong><\/p>\n","protected":false},"excerpt":{"rendered":"<p>Milan t\u1eeb l\u00e2u \u0111\u00e3 c\u00f3 h\u1ea5p l\u1ef1c ri\u00eang bi\u1ec7t, t\u1eeb th\u1eddi Ho\u00e0ng \u0111\u1ebf La M\u00e3 Constantin, th\u1eddi Ph\u1ee5c H\u01b0ng v\u00e0 \u0111\u1ebfn th\u1eddi hi\u1ec7n \u0111\u1ea1i khi vang danh to\u00e0n c\u1ea7u l\u00e0 c\u00e1i n\u00f4i th\u1eddi trang s\u1ed1 1 th\u1ebf gi\u1edbi, h\u01a1n h\u1eb3n&#8230;<\/p>\n","protected":false},"author":38,"featured_media":124236,"comment_status":"closed","ping_status":"open","sticky":false,"template":"","format":"standard","meta":{"_acf_changed":false,"footnotes":""},"categories":[247,231,14742],"tags":[18882,18921,16388,12213,272,5998,18881,16865,98,393],"acf":[],"yoast_head":"<!-- This site is optimized with the Yoast SEO Premium plugin v22.6 (Yoast SEO v22.6) - https:\/\/yoast.com\/wordpress\/plugins\/seo\/ -->\n<title>Franciacorta: \u0110i\u1ec3m \u0111\u1ebfn m\u1edbi tr\u00ean b\u1ea3n \u0111\u1ed3 du l\u1ecbch th\u1ebf gi\u1edbi<\/title>\n<meta name=\"description\" content=\"Milan t\u1eeb l\u00e2u \u0111\u00e3 l\u00e0 \u0111i\u1ec3m \u0111\u1ebfn du l\u1ecbch h\u1ea5p d\u1eabn nh\u01b0ng hi\u1ec7n nay Milan l\u1ea1i c\u00f3 th\u00eam m\u1ed9t h\u1ea5p l\u1ef1c m\u1ea1nh kh\u00e1c \u0111\u00f3 l\u00e0 m\u1ed9t \u0111\u1ecba ph\u01b0\u01a1ng c\u00e1ch Duomo Milan h\u01a1n m\u1ed9t gi\u1edd \u0111i xe.\" \/>\n<meta name=\"robots\" content=\"index, follow, max-snippet:-1, max-image-preview:large, max-video-preview:-1\" \/>\n<link rel=\"canonical\" href=\"https:\/\/www.ivivu.com\/blog\/2016\/02\/franciacorta-diem-den-moi-tren-ban-do-du-lich-the-gioi\/\" \/>\n<meta name=\"twitter:label1\" content=\"\u0110\u01b0\u1ee3c vi\u1ebft b\u1edfi\" \/>\n\t<meta name=\"twitter:data1\" content=\"Ng\u00e2n Thi\u1ec1u Kim\" \/>\n\t<meta name=\"twitter:label2\" content=\"\u01af\u1edbc t\u00ednh th\u1eddi gian \u0111\u1ecdc\" \/>\n\t<meta name=\"twitter:data2\" content=\"10 ph\u00fat\" \/>\n<script type=\"application\/ld+json\" class=\"yoast-schema-graph\">{\"@context\":\"https:\/\/schema.org\",\"@graph\":[{\"@type\":\"Article\",\"@id\":\"https:\/\/www.ivivu.com\/blog\/2016\/02\/franciacorta-diem-den-moi-tren-ban-do-du-lich-the-gioi\/#article\",\"isPartOf\":{\"@id\":\"https:\/\/www.ivivu.com\/blog\/2016\/02\/franciacorta-diem-den-moi-tren-ban-do-du-lich-the-gioi\/\"},\"author\":{\"name\":\"Ng\u00e2n Thi\u1ec1u Kim\",\"@id\":\"https:\/\/www.ivivu.com\/blog\/#\/schema\/person\/f6e706f46fad4e85f2e1c3ec41136369\"},\"headline\":\"Franciacorta: \u0110i\u1ec3m \u0111\u1ebfn m\u1edbi tr\u00ean b\u1ea3n \u0111\u1ed3 du l\u1ecbch th\u1ebf gi\u1edbi\",\"datePublished\":\"2016-02-11T03:35:40+00:00\",\"dateModified\":\"2016-02-04T06:36:23+00:00\",\"mainEntityOfPage\":{\"@id\":\"https:\/\/www.ivivu.com\/blog\/2016\/02\/franciacorta-diem-den-moi-tren-ban-do-du-lich-the-gioi\/\"},\"wordCount\":1941,\"publisher\":{\"@id\":\"https:\/\/www.ivivu.com\/blog\/#organization\"},\"image\":{\"@id\":\"https:\/\/www.ivivu.com\/blog\/2016\/02\/franciacorta-diem-den-moi-tren-ban-do-du-lich-the-gioi\/#primaryimage\"},\"thumbnailUrl\":\"https:\/\/cdn3.ivivu.com\/2016\/02\/franciacorta-diem-den-moi-tren-ban-do-du-lich-the-gioi-ivivu-5.jpg\",\"keywords\":[\"du l\u1ecbch Franciacorta\",\"du l\u1ecbch Mian\",\"du l\u1ecbch Milan\",\"\u0111\u1eb7t ph\u00f2ng gi\u00e1 r\u1ebb\",\"\u0111\u1eb7t ph\u00f2ng kh\u00e1ch s\u1ea1n\",\"\u0111\u1eb7t ph\u00f2ng kh\u00e1ch s\u1ea1n tr\u1ef1c tuy\u1ebfn\",\"Franciacorta\",\"h\u1ec7 th\u1ed1ng \u0111\u1eb7t kh\u00e1ch s\u1ea1n tr\u1ef1c tuy\u1ebfn\",\"kh\u00e1ch s\u1ea1n\",\"Kh\u00e1ch s\u1ea1n gi\u00e1 r\u1ebb\"],\"articleSection\":[\"Ch\u00e2u \u00c2u\",\"DU L\u1ecaCH TH\u1ebe GI\u1edaI\",\"N\u1ed5i B\u1eadt 2\"],\"inLanguage\":\"vi\"},{\"@type\":\"WebPage\",\"@id\":\"https:\/\/www.ivivu.com\/blog\/2016\/02\/franciacorta-diem-den-moi-tren-ban-do-du-lich-the-gioi\/\",\"url\":\"https:\/\/www.ivivu.com\/blog\/2016\/02\/franciacorta-diem-den-moi-tren-ban-do-du-lich-the-gioi\/\",\"name\":\"Franciacorta: \u0110i\u1ec3m \u0111\u1ebfn m\u1edbi tr\u00ean b\u1ea3n \u0111\u1ed3 du l\u1ecbch th\u1ebf gi\u1edbi\",\"isPartOf\":{\"@id\":\"https:\/\/www.ivivu.com\/blog\/#website\"},\"primaryImageOfPage\":{\"@id\":\"https:\/\/www.ivivu.com\/blog\/2016\/02\/franciacorta-diem-den-moi-tren-ban-do-du-lich-the-gioi\/#primaryimage\"},\"image\":{\"@id\":\"https:\/\/www.ivivu.com\/blog\/2016\/02\/franciacorta-diem-den-moi-tren-ban-do-du-lich-the-gioi\/#primaryimage\"},\"thumbnailUrl\":\"https:\/\/cdn3.ivivu.com\/2016\/02\/franciacorta-diem-den-moi-tren-ban-do-du-lich-the-gioi-ivivu-5.jpg\",\"datePublished\":\"2016-02-11T03:35:40+00:00\",\"dateModified\":\"2016-02-04T06:36:23+00:00\",\"description\":\"Milan t\u1eeb l\u00e2u \u0111\u00e3 l\u00e0 \u0111i\u1ec3m \u0111\u1ebfn du l\u1ecbch h\u1ea5p d\u1eabn nh\u01b0ng hi\u1ec7n nay Milan l\u1ea1i c\u00f3 th\u00eam m\u1ed9t h\u1ea5p l\u1ef1c m\u1ea1nh kh\u00e1c \u0111\u00f3 l\u00e0 m\u1ed9t \u0111\u1ecba ph\u01b0\u01a1ng c\u00e1ch Duomo Milan h\u01a1n m\u1ed9t gi\u1edd \u0111i xe.\",\"breadcrumb\":{\"@id\":\"https:\/\/www.ivivu.com\/blog\/2016\/02\/franciacorta-diem-den-moi-tren-ban-do-du-lich-the-gioi\/#breadcrumb\"},\"inLanguage\":\"vi\",\"potentialAction\":[{\"@type\":\"ReadAction\",\"target\":[\"https:\/\/www.ivivu.com\/blog\/2016\/02\/franciacorta-diem-den-moi-tren-ban-do-du-lich-the-gioi\/\"]}]},{\"@type\":\"ImageObject\",\"inLanguage\":\"vi\",\"@id\":\"https:\/\/www.ivivu.com\/blog\/2016\/02\/franciacorta-diem-den-moi-tren-ban-do-du-lich-the-gioi\/#primaryimage\",\"url\":\"https:\/\/cdn3.ivivu.com\/2016\/02\/franciacorta-diem-den-moi-tren-ban-do-du-lich-the-gioi-ivivu-5.jpg\",\"contentUrl\":\"https:\/\/cdn3.ivivu.com\/2016\/02\/franciacorta-diem-den-moi-tren-ban-do-du-lich-the-gioi-ivivu-5.jpg\",\"width\":500,\"height\":375},{\"@type\":\"BreadcrumbList\",\"@id\":\"https:\/\/www.ivivu.com\/blog\/2016\/02\/franciacorta-diem-den-moi-tren-ban-do-du-lich-the-gioi\/#breadcrumb\",\"itemListElement\":[{\"@type\":\"ListItem\",\"position\":1,\"name\":\"Home\",\"item\":\"https:\/\/www.ivivu.com\/blog\/\"},{\"@type\":\"ListItem\",\"position\":2,\"name\":\"Franciacorta: \u0110i\u1ec3m \u0111\u1ebfn m\u1edbi tr\u00ean b\u1ea3n \u0111\u1ed3 du l\u1ecbch th\u1ebf gi\u1edbi\"}]},{\"@type\":\"WebSite\",\"@id\":\"https:\/\/www.ivivu.com\/blog\/#website\",\"url\":\"https:\/\/www.ivivu.com\/blog\/\",\"name\":\"C\u1ea9m nang du l\u1ecbch\",\"description\":\"\",\"publisher\":{\"@id\":\"https:\/\/www.ivivu.com\/blog\/#organization\"},\"potentialAction\":[{\"@type\":\"SearchAction\",\"target\":{\"@type\":\"EntryPoint\",\"urlTemplate\":\"https:\/\/www.ivivu.com\/blog\/?s={search_term_string}\"},\"query-input\":\"required name=search_term_string\"}],\"inLanguage\":\"vi\"},{\"@type\":\"Organization\",\"@id\":\"https:\/\/www.ivivu.com\/blog\/#organization\",\"name\":\"iVIVU.com\",\"url\":\"https:\/\/www.ivivu.com\/blog\/\",\"logo\":{\"@type\":\"ImageObject\",\"inLanguage\":\"vi\",\"@id\":\"https:\/\/www.ivivu.com\/blog\/#\/schema\/logo\/image\/\",\"url\":\"https:\/\/cdn3.ivivu.com\/2024\/01\/ivivu_no_slogan.png\",\"contentUrl\":\"https:\/\/cdn3.ivivu.com\/2024\/01\/ivivu_no_slogan.png\",\"width\":788,\"height\":565,\"caption\":\"iVIVU.com\"},\"image\":{\"@id\":\"https:\/\/www.ivivu.com\/blog\/#\/schema\/logo\/image\/\"},\"sameAs\":[\"https:\/\/www.facebook.com\/iVIVU\"]},{\"@type\":\"Person\",\"@id\":\"https:\/\/www.ivivu.com\/blog\/#\/schema\/person\/f6e706f46fad4e85f2e1c3ec41136369\",\"name\":\"Ng\u00e2n Thi\u1ec1u Kim\",\"sameAs\":[\"https:\/\/www.ivivu.com\/blog\/\"],\"url\":\"https:\/\/www.ivivu.com\/blog\/author\/ngan-thieu\/\"}]}<\/script>\n<!-- \/ Yoast SEO Premium plugin. -->","yoast_head_json":{"title":"Franciacorta: \u0110i\u1ec3m \u0111\u1ebfn m\u1edbi tr\u00ean b\u1ea3n \u0111\u1ed3 du l\u1ecbch th\u1ebf gi\u1edbi","description":"Milan t\u1eeb l\u00e2u \u0111\u00e3 l\u00e0 \u0111i\u1ec3m \u0111\u1ebfn du l\u1ecbch h\u1ea5p d\u1eabn nh\u01b0ng hi\u1ec7n nay Milan l\u1ea1i c\u00f3 th\u00eam m\u1ed9t h\u1ea5p l\u1ef1c m\u1ea1nh kh\u00e1c \u0111\u00f3 l\u00e0 m\u1ed9t \u0111\u1ecba ph\u01b0\u01a1ng c\u00e1ch Duomo Milan h\u01a1n m\u1ed9t gi\u1edd \u0111i xe.","robots":{"index":"index","follow":"follow","max-snippet":"max-snippet:-1","max-image-preview":"max-image-preview:large","max-video-preview":"max-video-preview:-1"},"canonical":"https:\/\/www.ivivu.com\/blog\/2016\/02\/franciacorta-diem-den-moi-tren-ban-do-du-lich-the-gioi\/","twitter_misc":{"\u0110\u01b0\u1ee3c vi\u1ebft b\u1edfi":"Ng\u00e2n Thi\u1ec1u Kim","\u01af\u1edbc t\u00ednh th\u1eddi gian \u0111\u1ecdc":"10 ph\u00fat"},"schema":{"@context":"https:\/\/schema.org","@graph":[{"@type":"Article","@id":"https:\/\/www.ivivu.com\/blog\/2016\/02\/franciacorta-diem-den-moi-tren-ban-do-du-lich-the-gioi\/#article","isPartOf":{"@id":"https:\/\/www.ivivu.com\/blog\/2016\/02\/franciacorta-diem-den-moi-tren-ban-do-du-lich-the-gioi\/"},"author":{"name":"Ng\u00e2n Thi\u1ec1u Kim","@id":"https:\/\/www.ivivu.com\/blog\/#\/schema\/person\/f6e706f46fad4e85f2e1c3ec41136369"},"headline":"Franciacorta: \u0110i\u1ec3m \u0111\u1ebfn m\u1edbi tr\u00ean b\u1ea3n \u0111\u1ed3 du l\u1ecbch th\u1ebf gi\u1edbi","datePublished":"2016-02-11T03:35:40+00:00","dateModified":"2016-02-04T06:36:23+00:00","mainEntityOfPage":{"@id":"https:\/\/www.ivivu.com\/blog\/2016\/02\/franciacorta-diem-den-moi-tren-ban-do-du-lich-the-gioi\/"},"wordCount":1941,"publisher":{"@id":"https:\/\/www.ivivu.com\/blog\/#organization"},"image":{"@id":"https:\/\/www.ivivu.com\/blog\/2016\/02\/franciacorta-diem-den-moi-tren-ban-do-du-lich-the-gioi\/#primaryimage"},"thumbnailUrl":"https:\/\/cdn3.ivivu.com\/2016\/02\/franciacorta-diem-den-moi-tren-ban-do-du-lich-the-gioi-ivivu-5.jpg","keywords":["du l\u1ecbch Franciacorta","du l\u1ecbch Mian","du l\u1ecbch Milan","\u0111\u1eb7t ph\u00f2ng gi\u00e1 r\u1ebb","\u0111\u1eb7t ph\u00f2ng kh\u00e1ch s\u1ea1n","\u0111\u1eb7t ph\u00f2ng kh\u00e1ch s\u1ea1n tr\u1ef1c tuy\u1ebfn","Franciacorta","h\u1ec7 th\u1ed1ng \u0111\u1eb7t kh\u00e1ch s\u1ea1n tr\u1ef1c tuy\u1ebfn","kh\u00e1ch s\u1ea1n","Kh\u00e1ch s\u1ea1n gi\u00e1 r\u1ebb"],"articleSection":["Ch\u00e2u \u00c2u","DU L\u1ecaCH TH\u1ebe GI\u1edaI","N\u1ed5i B\u1eadt 2"],"inLanguage":"vi"},{"@type":"WebPage","@id":"https:\/\/www.ivivu.com\/blog\/2016\/02\/franciacorta-diem-den-moi-tren-ban-do-du-lich-the-gioi\/","url":"https:\/\/www.ivivu.com\/blog\/2016\/02\/franciacorta-diem-den-moi-tren-ban-do-du-lich-the-gioi\/","name":"Franciacorta: \u0110i\u1ec3m \u0111\u1ebfn m\u1edbi tr\u00ean b\u1ea3n \u0111\u1ed3 du l\u1ecbch th\u1ebf gi\u1edbi","isPartOf":{"@id":"https:\/\/www.ivivu.com\/blog\/#website"},"primaryImageOfPage":{"@id":"https:\/\/www.ivivu.com\/blog\/2016\/02\/franciacorta-diem-den-moi-tren-ban-do-du-lich-the-gioi\/#primaryimage"},"image":{"@id":"https:\/\/www.ivivu.com\/blog\/2016\/02\/franciacorta-diem-den-moi-tren-ban-do-du-lich-the-gioi\/#primaryimage"},"thumbnailUrl":"https:\/\/cdn3.ivivu.com\/2016\/02\/franciacorta-diem-den-moi-tren-ban-do-du-lich-the-gioi-ivivu-5.jpg","datePublished":"2016-02-11T03:35:40+00:00","dateModified":"2016-02-04T06:36:23+00:00","description":"Milan t\u1eeb l\u00e2u \u0111\u00e3 l\u00e0 \u0111i\u1ec3m \u0111\u1ebfn du l\u1ecbch h\u1ea5p d\u1eabn nh\u01b0ng hi\u1ec7n nay Milan l\u1ea1i c\u00f3 th\u00eam m\u1ed9t h\u1ea5p l\u1ef1c m\u1ea1nh kh\u00e1c \u0111\u00f3 l\u00e0 m\u1ed9t \u0111\u1ecba ph\u01b0\u01a1ng c\u00e1ch Duomo Milan h\u01a1n m\u1ed9t gi\u1edd \u0111i xe.","breadcrumb":{"@id":"https:\/\/www.ivivu.com\/blog\/2016\/02\/franciacorta-diem-den-moi-tren-ban-do-du-lich-the-gioi\/#breadcrumb"},"inLanguage":"vi","potentialAction":[{"@type":"ReadAction","target":["https:\/\/www.ivivu.com\/blog\/2016\/02\/franciacorta-diem-den-moi-tren-ban-do-du-lich-the-gioi\/"]}]},{"@type":"ImageObject","inLanguage":"vi","@id":"https:\/\/www.ivivu.com\/blog\/2016\/02\/franciacorta-diem-den-moi-tren-ban-do-du-lich-the-gioi\/#primaryimage","url":"https:\/\/cdn3.ivivu.com\/2016\/02\/franciacorta-diem-den-moi-tren-ban-do-du-lich-the-gioi-ivivu-5.jpg","contentUrl":"https:\/\/cdn3.ivivu.com\/2016\/02\/franciacorta-diem-den-moi-tren-ban-do-du-lich-the-gioi-ivivu-5.jpg","width":500,"height":375},{"@type":"BreadcrumbList","@id":"https:\/\/www.ivivu.com\/blog\/2016\/02\/franciacorta-diem-den-moi-tren-ban-do-du-lich-the-gioi\/#breadcrumb","itemListElement":[{"@type":"ListItem","position":1,"name":"Home","item":"https:\/\/www.ivivu.com\/blog\/"},{"@type":"ListItem","position":2,"name":"Franciacorta: \u0110i\u1ec3m \u0111\u1ebfn m\u1edbi tr\u00ean b\u1ea3n \u0111\u1ed3 du l\u1ecbch th\u1ebf gi\u1edbi"}]},{"@type":"WebSite","@id":"https:\/\/www.ivivu.com\/blog\/#website","url":"https:\/\/www.ivivu.com\/blog\/","name":"C\u1ea9m nang du l\u1ecbch","description":"","publisher":{"@id":"https:\/\/www.ivivu.com\/blog\/#organization"},"potentialAction":[{"@type":"SearchAction","target":{"@type":"EntryPoint","urlTemplate":"https:\/\/www.ivivu.com\/blog\/?s={search_term_string}"},"query-input":"required name=search_term_string"}],"inLanguage":"vi"},{"@type":"Organization","@id":"https:\/\/www.ivivu.com\/blog\/#organization","name":"iVIVU.com","url":"https:\/\/www.ivivu.com\/blog\/","logo":{"@type":"ImageObject","inLanguage":"vi","@id":"https:\/\/www.ivivu.com\/blog\/#\/schema\/logo\/image\/","url":"https:\/\/cdn3.ivivu.com\/2024\/01\/ivivu_no_slogan.png","contentUrl":"https:\/\/cdn3.ivivu.com\/2024\/01\/ivivu_no_slogan.png","width":788,"height":565,"caption":"iVIVU.com"},"image":{"@id":"https:\/\/www.ivivu.com\/blog\/#\/schema\/logo\/image\/"},"sameAs":["https:\/\/www.facebook.com\/iVIVU"]},{"@type":"Person","@id":"https:\/\/www.ivivu.com\/blog\/#\/schema\/person\/f6e706f46fad4e85f2e1c3ec41136369","name":"Ng\u00e2n Thi\u1ec1u Kim","sameAs":["https:\/\/www.ivivu.com\/blog\/"],"url":"https:\/\/www.ivivu.com\/blog\/author\/ngan-thieu\/"}]}},"_links":{"self":[{"href":"https:\/\/www.ivivu.com\/blog\/wp-json\/wp\/v2\/posts\/124231"}],"collection":[{"href":"https:\/\/www.ivivu.com\/blog\/wp-json\/wp\/v2\/posts"}],"about":[{"href":"https:\/\/www.ivivu.com\/blog\/wp-json\/wp\/v2\/types\/post"}],"author":[{"embeddable":true,"href":"https:\/\/www.ivivu.com\/blog\/wp-json\/wp\/v2\/users\/38"}],"replies":[{"embeddable":true,"href":"https:\/\/www.ivivu.com\/blog\/wp-json\/wp\/v2\/comments?post=124231"}],"version-history":[{"count":4,"href":"https:\/\/www.ivivu.com\/blog\/wp-json\/wp\/v2\/posts\/124231\/revisions"}],"predecessor-version":[{"id":124481,"href":"https:\/\/www.ivivu.com\/blog\/wp-json\/wp\/v2\/posts\/124231\/revisions\/124481"}],"wp:featuredmedia":[{"embeddable":true,"href":"https:\/\/www.ivivu.com\/blog\/wp-json\/wp\/v2\/media\/124236"}],"wp:attachment":[{"href":"https:\/\/www.ivivu.com\/blog\/wp-json\/wp\/v2\/media?parent=124231"}],"wp:term":[{"taxonomy":"category","embeddable":true,"href":"https:\/\/www.ivivu.com\/blog\/wp-json\/wp\/v2\/categories?post=124231"},{"taxonomy":"post_tag","embeddable":true,"href":"https:\/\/www.ivivu.com\/blog\/wp-json\/wp\/v2\/tags?post=124231"}],"curies":[{"name":"wp","href":"https:\/\/api.w.org\/{rel}","templated":true}]}}