{"id":124499,"date":"2016-02-13T14:50:23","date_gmt":"2016-02-13T07:50:23","guid":{"rendered":"https:\/\/www.ivivu.com\/blog\/?p=124499"},"modified":"2016-02-04T13:50:42","modified_gmt":"2016-02-04T06:50:42","slug":"nhung-buc-anh-truyen-cam-hung-cho-khach-nuoc-ngoai-den-du-lich-viet-nam","status":"publish","type":"post","link":"https:\/\/www.ivivu.com\/blog\/2016\/02\/nhung-buc-anh-truyen-cam-hung-cho-khach-nuoc-ngoai-den-du-lich-viet-nam\/","title":{"rendered":"Nh\u1eefng b\u1ee9c \u1ea3nh truy\u1ec1n c\u1ea3m h\u1ee9ng cho kh\u00e1ch n\u01b0\u1edbc ngo\u00e0i \u0111\u1ebfn du l\u1ecbch Vi\u1ec7t Nam"},"content":{"rendered":"<p style=\"text-align: justify;\"><em><strong>T\u1eeb B\u1eafc v\u00e0o Nam, Vi\u1ec7t Nam thu h\u00fat du kh\u00e1ch nh\u1edd nhi\u1ec1u c\u1ea3nh quan thi\u00ean nhi\u00ean tuy\u1ec7t \u0111\u1eb9p, d\u01b0\u1edbi \u0111\u00e2y l\u00e0 nh\u1eefng b\u1ee9c \u1ea3nh \u0111\u1eb9p v\u1ec1 du l\u1ecbch Vi\u1ec7t Nam do nhi\u1ebfp \u1ea3nh gia ng\u01b0\u1eddi Ph\u00e1p\u00a0Diane Brsc chia s\u1ebb tr\u00ean chuy\u00ean trang du l\u1ecbch Boredpanda.<\/strong><\/em><!--more--><\/p>\n<h2 style=\"text-align: justify;\">Nh\u1eefng b\u1ee9c \u1ea3nh truy\u1ec1n c\u1ea3m h\u1ee9ng cho kh\u00e1ch n\u01b0\u1edbc ngo\u00e0i \u0111\u1ebfn du l\u1ecbch Vi\u1ec7t Nam<\/h2>\n<p style=\"text-align: justify;\">Diane Brsc cho bi\u1ebft c\u00f4 c\u00f3 b\u00e0 l\u00e0 ng\u01b0\u1eddi Vi\u1ec7t Nam n\u00ean sau khi b\u00e0 m\u1ea5t\u00a0Diane Brsc \u0111\u00e3 quy\u1ebft \u0111\u1ecbnh t\u00ecm v\u1ec1 &#8220;c\u1ed9i ngu\u1ed3n&#8221; c\u1ee7a m\u00ecnh. Ban \u0111\u1ea7u\u00a0Diane Brsc ch\u1ec9 d\u1ef1 \u0111\u1ecbnh \u1edf Vi\u1ec7t Nam ch\u1ec9 v\u00e0i th\u00e1ng nh\u01b0ng cu\u1ed1i c\u00f9ng v\u00ec qu\u00e1 y\u00eau Vi\u1ec7t Nam n\u00ean\u00a0Diane Brsc \u1edf \u0111\u00e2y \u0111\u1ebfn m\u1ed9t n\u0103m r\u01b0\u1ee1i.<\/p>\n<p style=\"text-align: justify;\">Trong th\u1eddi gian \u1edf Vi\u1ec7t Nam,\u00a0Diane Brsc \u0111\u00e3 d\u00e0nh nhi\u1ec1u th\u1eddi gian kh\u00e1m ph\u00e1 \u0111\u1ea5t n\u01b0\u1edbc, ghi l\u1ea1i nhi\u1ec1u h\u00ecnh \u1ea3nh \u0111\u1eb9p v\u00e0\u00a0Diane Brsc hi v\u1ecdng\u00a0nh\u1eefng b\u1ee9c \u1ea3nh n\u00e0y s\u1ebd truy\u1ec1n c\u1ea3m h\u1ee9ng cho nh\u1eefng du kh\u00e1ch mu\u1ed1n gh\u00e9 th\u0103m \u0111\u1ea5t n\u01b0\u1edbc xinh \u0111\u1eb9p n\u00e0y.<\/p>\n<div id=\"attachment_124508\" style=\"width: 890px\" class=\"wp-caption aligncenter\"><a href=\"https:\/\/cdn3.ivivu.com\/2016\/02\/nhung-buc-anh-truyen-cam-hung-cho-du-khach-nuoc-ngoai-den-viet-nam-ivivu-1.jpg\"><img loading=\"lazy\" decoding=\"async\" aria-describedby=\"caption-attachment-124508\" class=\"wp-image-124508 size-full\" title=\"M\u00e0u n\u01b0\u1edbc trong xanh nh\u01b0 ng\u1ecdc c\u1ee7a C\u00e1t B\u00e0 d\u01b0\u1edbi g\u00f3c nh\u00ecn c\u1ee7a Diane Brsc.\" src=\"https:\/\/cdn3.ivivu.com\/2016\/02\/nhung-buc-anh-truyen-cam-hung-cho-du-khach-nuoc-ngoai-den-viet-nam-ivivu-1.jpg\" alt=\"M\u00e0u n\u01b0\u1edbc trong xanh nh\u01b0 ng\u1ecdc c\u1ee7a C\u00e1t B\u00e0 d\u01b0\u1edbi g\u00f3c nh\u00ecn c\u1ee7a Diane Brsc.\" width=\"880\" height=\"586\" srcset=\"https:\/\/cdn3.ivivu.com\/2016\/02\/nhung-buc-anh-truyen-cam-hung-cho-du-khach-nuoc-ngoai-den-viet-nam-ivivu-1.jpg 880w, https:\/\/cdn3.ivivu.com\/2016\/02\/nhung-buc-anh-truyen-cam-hung-cho-du-khach-nuoc-ngoai-den-viet-nam-ivivu-1-458x305.jpg 458w\" sizes=\"(max-width: 880px) 100vw, 880px\" \/><\/a><p id=\"caption-attachment-124508\" class=\"wp-caption-text\">M\u00e0u n\u01b0\u1edbc trong xanh nh\u01b0 ng\u1ecdc c\u1ee7a C\u00e1t B\u00e0 d\u01b0\u1edbi g\u00f3c nh\u00ecn c\u1ee7a Diane Brsc.<\/p><\/div>\n<div id=\"attachment_124510\" style=\"width: 890px\" class=\"wp-caption aligncenter\"><a href=\"https:\/\/cdn3.ivivu.com\/2016\/02\/nhung-buc-anh-truyen-cam-hung-cho-du-khach-nuoc-ngoai-den-viet-nam-ivivu-3.jpg\"><img loading=\"lazy\" decoding=\"async\" aria-describedby=\"caption-attachment-124510\" class=\"wp-image-124510 size-full\" title=\"Khung c\u1ea3nh l\u00e3ng m\u1ea1n \u1edf Ph\u00fa Qu\u1ed1c.\" src=\"https:\/\/cdn3.ivivu.com\/2016\/02\/nhung-buc-anh-truyen-cam-hung-cho-du-khach-nuoc-ngoai-den-viet-nam-ivivu-3.jpg\" alt=\"Khung c\u1ea3nh l\u00e3ng m\u1ea1n \u1edf Ph\u00fa Qu\u1ed1c.\" width=\"880\" height=\"586\" srcset=\"https:\/\/cdn3.ivivu.com\/2016\/02\/nhung-buc-anh-truyen-cam-hung-cho-du-khach-nuoc-ngoai-den-viet-nam-ivivu-3.jpg 880w, https:\/\/cdn3.ivivu.com\/2016\/02\/nhung-buc-anh-truyen-cam-hung-cho-du-khach-nuoc-ngoai-den-viet-nam-ivivu-3-458x305.jpg 458w\" sizes=\"(max-width: 880px) 100vw, 880px\" \/><\/a><p id=\"caption-attachment-124510\" class=\"wp-caption-text\">Khung c\u1ea3nh l\u00e3ng m\u1ea1n \u1edf Ph\u00fa Qu\u1ed1c.<\/p><\/div>\n<div id=\"attachment_124512\" style=\"width: 890px\" class=\"wp-caption aligncenter\"><a href=\"https:\/\/cdn3.ivivu.com\/2016\/02\/nhung-buc-anh-truyen-cam-hung-cho-du-khach-nuoc-ngoai-den-viet-nam-ivivu-5.jpg\"><img loading=\"lazy\" decoding=\"async\" aria-describedby=\"caption-attachment-124512\" class=\"wp-image-124512 size-full\" title=\"M\u1ed9t ng\u01b0\u1eddi \u0111\u00e0n \u00f4ng \u0111ang bu\u00f4ng c\u1ea7n tr\u00ean H\u1ed3 T\u00e2y.\" src=\"https:\/\/cdn3.ivivu.com\/2016\/02\/nhung-buc-anh-truyen-cam-hung-cho-du-khach-nuoc-ngoai-den-viet-nam-ivivu-5.jpg\" alt=\"M\u1ed9t ng\u01b0\u1eddi \u0111\u00e0n \u00f4ng \u0111ang bu\u00f4ng c\u1ea7n tr\u00ean H\u1ed3 T\u00e2y.\" width=\"880\" height=\"586\" srcset=\"https:\/\/cdn3.ivivu.com\/2016\/02\/nhung-buc-anh-truyen-cam-hung-cho-du-khach-nuoc-ngoai-den-viet-nam-ivivu-5.jpg 880w, https:\/\/cdn3.ivivu.com\/2016\/02\/nhung-buc-anh-truyen-cam-hung-cho-du-khach-nuoc-ngoai-den-viet-nam-ivivu-5-458x305.jpg 458w\" sizes=\"(max-width: 880px) 100vw, 880px\" \/><\/a><p id=\"caption-attachment-124512\" class=\"wp-caption-text\">M\u1ed9t ng\u01b0\u1eddi \u0111\u00e0n \u00f4ng \u0111ang bu\u00f4ng c\u1ea7n tr\u00ean H\u1ed3 T\u00e2y.<\/p><\/div>\n<div id=\"attachment_124511\" style=\"width: 890px\" class=\"wp-caption aligncenter\"><a href=\"https:\/\/cdn3.ivivu.com\/2016\/02\/nhung-buc-anh-truyen-cam-hung-cho-du-khach-nuoc-ngoai-den-viet-nam-ivivu-4.jpg\"><img loading=\"lazy\" decoding=\"async\" aria-describedby=\"caption-attachment-124511\" class=\"wp-image-124511 size-full\" title=\"Khung c\u1ea3nh tuy\u1ec7t \u0111\u1eb9p \u1edf H\u1ed3 T\u00e2y v\u00e0o m\u00f9a h\u00e8.\" src=\"https:\/\/cdn3.ivivu.com\/2016\/02\/nhung-buc-anh-truyen-cam-hung-cho-du-khach-nuoc-ngoai-den-viet-nam-ivivu-4.jpg\" alt=\"Khung c\u1ea3nh tuy\u1ec7t \u0111\u1eb9p \u1edf H\u1ed3 T\u00e2y.\" width=\"880\" height=\"586\" srcset=\"https:\/\/cdn3.ivivu.com\/2016\/02\/nhung-buc-anh-truyen-cam-hung-cho-du-khach-nuoc-ngoai-den-viet-nam-ivivu-4.jpg 880w, https:\/\/cdn3.ivivu.com\/2016\/02\/nhung-buc-anh-truyen-cam-hung-cho-du-khach-nuoc-ngoai-den-viet-nam-ivivu-4-458x305.jpg 458w\" sizes=\"(max-width: 880px) 100vw, 880px\" \/><\/a><p id=\"caption-attachment-124511\" class=\"wp-caption-text\">Khung c\u1ea3nh tuy\u1ec7t \u0111\u1eb9p \u1edf H\u1ed3 T\u00e2y v\u00e0o m\u00f9a h\u00e8.<\/p><\/div>\n<div id=\"attachment_124513\" style=\"width: 890px\" class=\"wp-caption aligncenter\"><a href=\"https:\/\/cdn3.ivivu.com\/2016\/02\/nhung-buc-anh-truyen-cam-hung-cho-du-khach-nuoc-ngoai-den-viet-nam-ivivu-6.jpg\"><img loading=\"lazy\" decoding=\"async\" aria-describedby=\"caption-attachment-124513\" class=\"wp-image-124513 size-full\" title=\"S\u01b0\u01a1ng m\u00f9 b\u1ea3ng l\u1ea3ng \u1edf  H\u1ed3 T\u00e2y v\u00e0o m\u00f9a \u0111\u00f4ng.\" src=\"https:\/\/cdn3.ivivu.com\/2016\/02\/nhung-buc-anh-truyen-cam-hung-cho-du-khach-nuoc-ngoai-den-viet-nam-ivivu-6.jpg\" alt=\"S\u01b0\u01a1ng m\u00f9 b\u1ea3ng l\u1ea3ng \u1edf  H\u1ed3 T\u00e2y v\u00e0o m\u00f9a \u0111\u00f4ng.\" width=\"880\" height=\"586\" srcset=\"https:\/\/cdn3.ivivu.com\/2016\/02\/nhung-buc-anh-truyen-cam-hung-cho-du-khach-nuoc-ngoai-den-viet-nam-ivivu-6.jpg 880w, https:\/\/cdn3.ivivu.com\/2016\/02\/nhung-buc-anh-truyen-cam-hung-cho-du-khach-nuoc-ngoai-den-viet-nam-ivivu-6-458x305.jpg 458w\" sizes=\"(max-width: 880px) 100vw, 880px\" \/><\/a><p id=\"caption-attachment-124513\" class=\"wp-caption-text\">S\u01b0\u01a1ng m\u00f9 b\u1ea3ng l\u1ea3ng \u1edf H\u1ed3 T\u00e2y v\u00e0o m\u00f9a \u0111\u00f4ng.<\/p><\/div>\n<p><a href=\"https:\/\/cdn3.ivivu.com\/2016\/02\/nhung-buc-anh-truyen-cam-hung-cho-du-khach-nuoc-ngoai-den-viet-nam-ivivu-7.jpg\"><img loading=\"lazy\" decoding=\"async\" class=\"aligncenter wp-image-124514 size-full\" src=\"https:\/\/cdn3.ivivu.com\/2016\/02\/nhung-buc-anh-truyen-cam-hung-cho-du-khach-nuoc-ngoai-den-viet-nam-ivivu-7.jpg\" alt=\"\" width=\"880\" height=\"586\" srcset=\"https:\/\/cdn3.ivivu.com\/2016\/02\/nhung-buc-anh-truyen-cam-hung-cho-du-khach-nuoc-ngoai-den-viet-nam-ivivu-7.jpg 880w, https:\/\/cdn3.ivivu.com\/2016\/02\/nhung-buc-anh-truyen-cam-hung-cho-du-khach-nuoc-ngoai-den-viet-nam-ivivu-7-458x305.jpg 458w\" sizes=\"(max-width: 880px) 100vw, 880px\" \/><\/a><\/p>\n<div id=\"attachment_124515\" style=\"width: 890px\" class=\"wp-caption aligncenter\"><a href=\"https:\/\/cdn3.ivivu.com\/2016\/02\/nhung-buc-anh-truyen-cam-hung-cho-du-khach-nuoc-ngoai-den-viet-nam-ivivu-8.jpg\"><img loading=\"lazy\" decoding=\"async\" aria-describedby=\"caption-attachment-124515\" class=\"wp-image-124515 size-full\" title=\"Khung c\u1ea3nh ho\u00e0ng h\u00f4n tuy\u1ec7t \u0111\u1eb9p c\u1ee7a Ph\u00fa Qu\u1ed1c.\" src=\"https:\/\/cdn3.ivivu.com\/2016\/02\/nhung-buc-anh-truyen-cam-hung-cho-du-khach-nuoc-ngoai-den-viet-nam-ivivu-8.jpg\" alt=\"Khung c\u1ea3nh ho\u00e0ng h\u00f4n tuy\u1ec7t \u0111\u1eb9p c\u1ee7a Ph\u00fa Qu\u1ed1c.\" width=\"880\" height=\"586\" srcset=\"https:\/\/cdn3.ivivu.com\/2016\/02\/nhung-buc-anh-truyen-cam-hung-cho-du-khach-nuoc-ngoai-den-viet-nam-ivivu-8.jpg 880w, https:\/\/cdn3.ivivu.com\/2016\/02\/nhung-buc-anh-truyen-cam-hung-cho-du-khach-nuoc-ngoai-den-viet-nam-ivivu-8-458x305.jpg 458w\" sizes=\"(max-width: 880px) 100vw, 880px\" \/><\/a><p id=\"caption-attachment-124515\" class=\"wp-caption-text\">Khung c\u1ea3nh ho\u00e0ng h\u00f4n tuy\u1ec7t \u0111\u1eb9p c\u1ee7a Ph\u00fa Qu\u1ed1c.<\/p><\/div>\n<div id=\"attachment_124516\" style=\"width: 890px\" class=\"wp-caption aligncenter\"><a href=\"https:\/\/cdn3.ivivu.com\/2016\/02\/nhung-buc-anh-truyen-cam-hung-cho-du-khach-nuoc-ngoai-den-viet-nam-ivivu-9.jpg\"><img loading=\"lazy\" decoding=\"async\" aria-describedby=\"caption-attachment-124516\" class=\"wp-image-124516 size-full\" title=\"V\u1ebb \u0111\u1eb9p b\u00ecnh d\u1ecb c\u1ee7a C\u00f4n \u0110\u1ea3o.\" src=\"https:\/\/cdn3.ivivu.com\/2016\/02\/nhung-buc-anh-truyen-cam-hung-cho-du-khach-nuoc-ngoai-den-viet-nam-ivivu-9.jpg\" alt=\"V\u1ebb \u0111\u1eb9p b\u00ecnh d\u1ecb c\u1ee7a C\u00f4n \u0110\u1ea3o.\" width=\"880\" height=\"586\" srcset=\"https:\/\/cdn3.ivivu.com\/2016\/02\/nhung-buc-anh-truyen-cam-hung-cho-du-khach-nuoc-ngoai-den-viet-nam-ivivu-9.jpg 880w, https:\/\/cdn3.ivivu.com\/2016\/02\/nhung-buc-anh-truyen-cam-hung-cho-du-khach-nuoc-ngoai-den-viet-nam-ivivu-9-458x305.jpg 458w\" sizes=\"(max-width: 880px) 100vw, 880px\" \/><\/a><p id=\"caption-attachment-124516\" class=\"wp-caption-text\">V\u1ebb \u0111\u1eb9p b\u00ecnh d\u1ecb c\u1ee7a C\u00f4n \u0110\u1ea3o.<\/p><\/div>\n<div id=\"attachment_124517\" style=\"width: 890px\" class=\"wp-caption alignnone\"><a href=\"https:\/\/cdn3.ivivu.com\/2016\/02\/nhung-buc-anh-truyen-cam-hung-cho-du-khach-nuoc-ngoai-den-viet-nam-ivivu-10.jpg\"><img loading=\"lazy\" decoding=\"async\" aria-describedby=\"caption-attachment-124517\" class=\"wp-image-124517 size-full\" title=\"Nh\u1eefng con thuy\u1ec1n neo \u0111\u1eadu \u1edf C\u00e1t B\u00e0.\" src=\"https:\/\/cdn3.ivivu.com\/2016\/02\/nhung-buc-anh-truyen-cam-hung-cho-du-khach-nuoc-ngoai-den-viet-nam-ivivu-10.jpg\" alt=\"Nh\u1eefng con thuy\u1ec1n neo \u0111\u1eadu \u1edf C\u00e1t B\u00e0.\" width=\"880\" height=\"586\" srcset=\"https:\/\/cdn3.ivivu.com\/2016\/02\/nhung-buc-anh-truyen-cam-hung-cho-du-khach-nuoc-ngoai-den-viet-nam-ivivu-10.jpg 880w, https:\/\/cdn3.ivivu.com\/2016\/02\/nhung-buc-anh-truyen-cam-hung-cho-du-khach-nuoc-ngoai-den-viet-nam-ivivu-10-458x305.jpg 458w\" sizes=\"(max-width: 880px) 100vw, 880px\" \/><\/a><p id=\"caption-attachment-124517\" class=\"wp-caption-text\">Nh\u1eefng con thuy\u1ec1n neo \u0111\u1eadu \u1edf C\u00e1t B\u00e0.<\/p><\/div>\n<div id=\"attachment_124518\" style=\"width: 890px\" class=\"wp-caption aligncenter\"><a href=\"https:\/\/cdn3.ivivu.com\/2016\/02\/nhung-buc-anh-truyen-cam-hung-cho-du-khach-nuoc-ngoai-den-viet-nam-ivivu-11.jpg\"><img loading=\"lazy\" decoding=\"async\" aria-describedby=\"caption-attachment-124518\" class=\"wp-image-124518 size-full\" title=\"Ba V\u00ec huy\u1ec1n \u1ea3o trong n\u1eafng s\u1edbm.\" src=\"https:\/\/cdn3.ivivu.com\/2016\/02\/nhung-buc-anh-truyen-cam-hung-cho-du-khach-nuoc-ngoai-den-viet-nam-ivivu-11.jpg\" alt=\"Ba V\u00ec huy\u1ec1n \u1ea3o trong n\u1eafng s\u1edbm.\" width=\"880\" height=\"586\" srcset=\"https:\/\/cdn3.ivivu.com\/2016\/02\/nhung-buc-anh-truyen-cam-hung-cho-du-khach-nuoc-ngoai-den-viet-nam-ivivu-11.jpg 880w, https:\/\/cdn3.ivivu.com\/2016\/02\/nhung-buc-anh-truyen-cam-hung-cho-du-khach-nuoc-ngoai-den-viet-nam-ivivu-11-458x305.jpg 458w\" sizes=\"(max-width: 880px) 100vw, 880px\" \/><\/a><p id=\"caption-attachment-124518\" class=\"wp-caption-text\">Ba V\u00ec huy\u1ec1n \u1ea3o trong n\u1eafng s\u1edbm.<\/p><\/div>\n<div id=\"attachment_124519\" style=\"width: 890px\" class=\"wp-caption aligncenter\"><a href=\"https:\/\/cdn3.ivivu.com\/2016\/02\/nhung-buc-anh-truyen-cam-hung-cho-du-khach-nuoc-ngoai-den-viet-nam-ivivu-12.jpg\"><img loading=\"lazy\" decoding=\"async\" aria-describedby=\"caption-attachment-124519\" class=\"wp-image-124519 size-full\" title=\"Ph\u1ed1 c\u1ed5 H\u1ed9i An lung linh trong \u00e1nh \u0111\u00e8n l\u1ed3ng.\" src=\"https:\/\/cdn3.ivivu.com\/2016\/02\/nhung-buc-anh-truyen-cam-hung-cho-du-khach-nuoc-ngoai-den-viet-nam-ivivu-12.jpg\" alt=\"Ph\u1ed1 c\u1ed5 H\u1ed9i An lung linh trong \u00e1nh \u0111\u00e8n l\u1ed3ng.\" width=\"880\" height=\"586\" srcset=\"https:\/\/cdn3.ivivu.com\/2016\/02\/nhung-buc-anh-truyen-cam-hung-cho-du-khach-nuoc-ngoai-den-viet-nam-ivivu-12.jpg 880w, https:\/\/cdn3.ivivu.com\/2016\/02\/nhung-buc-anh-truyen-cam-hung-cho-du-khach-nuoc-ngoai-den-viet-nam-ivivu-12-458x305.jpg 458w\" sizes=\"(max-width: 880px) 100vw, 880px\" \/><\/a><p id=\"caption-attachment-124519\" class=\"wp-caption-text\">Ph\u1ed1 c\u1ed5 H\u1ed9i An lung linh trong \u00e1nh \u0111\u00e8n l\u1ed3ng.<\/p><\/div>\n<div id=\"attachment_124521\" style=\"width: 890px\" class=\"wp-caption aligncenter\"><a href=\"https:\/\/cdn3.ivivu.com\/2016\/02\/nhung-buc-anh-truyen-cam-hung-cho-du-khach-nuoc-ngoai-den-viet-nam-ivivu-14.jpg\"><img loading=\"lazy\" decoding=\"async\" aria-describedby=\"caption-attachment-124521\" class=\"wp-image-124521 size-full\" title=\"Ph\u00e1o hoa r\u1ef1c r\u1ee1 trong ng\u00e0y Qu\u1ed1c Kh\u00e1nh.\" src=\"https:\/\/cdn3.ivivu.com\/2016\/02\/nhung-buc-anh-truyen-cam-hung-cho-du-khach-nuoc-ngoai-den-viet-nam-ivivu-14.jpg\" alt=\"Ph\u00e1o hoa r\u1ef1c r\u1ee1 trong ng\u00e0y Qu\u1ed1c Kh\u00e1nh.\" width=\"880\" height=\"586\" srcset=\"https:\/\/cdn3.ivivu.com\/2016\/02\/nhung-buc-anh-truyen-cam-hung-cho-du-khach-nuoc-ngoai-den-viet-nam-ivivu-14.jpg 880w, https:\/\/cdn3.ivivu.com\/2016\/02\/nhung-buc-anh-truyen-cam-hung-cho-du-khach-nuoc-ngoai-den-viet-nam-ivivu-14-458x305.jpg 458w\" sizes=\"(max-width: 880px) 100vw, 880px\" \/><\/a><p id=\"caption-attachment-124521\" class=\"wp-caption-text\">Ph\u00e1o hoa r\u1ef1c r\u1ee1 trong ng\u00e0y Qu\u1ed1c Kh\u00e1nh.<\/p><\/div>\n<div id=\"attachment_124522\" style=\"width: 890px\" class=\"wp-caption aligncenter\"><a href=\"https:\/\/cdn3.ivivu.com\/2016\/02\/nhung-buc-anh-truyen-cam-hung-cho-du-khach-nuoc-ngoai-den-viet-nam-ivivu-15.jpg\"><img loading=\"lazy\" decoding=\"async\" aria-describedby=\"caption-attachment-124522\" class=\"wp-image-124522 size-full\" title=\"M\u00faa l\u00e2n \u1edf S\u00e0i G\u00f2n trong nh\u1eefng d\u1ecbp l\u1ec5 h\u1ed9i.\" src=\"https:\/\/cdn3.ivivu.com\/2016\/02\/nhung-buc-anh-truyen-cam-hung-cho-du-khach-nuoc-ngoai-den-viet-nam-ivivu-15.jpg\" alt=\"M\u00faa l\u00e2n \u1edf S\u00e0i G\u00f2n trong nh\u1eefng d\u1ecbp l\u1ec5 h\u1ed9i.\" width=\"880\" height=\"1320\" srcset=\"https:\/\/cdn3.ivivu.com\/2016\/02\/nhung-buc-anh-truyen-cam-hung-cho-du-khach-nuoc-ngoai-den-viet-nam-ivivu-15.jpg 880w, https:\/\/cdn3.ivivu.com\/2016\/02\/nhung-buc-anh-truyen-cam-hung-cho-du-khach-nuoc-ngoai-den-viet-nam-ivivu-15-203x305.jpg 203w, https:\/\/cdn3.ivivu.com\/2016\/02\/nhung-buc-anh-truyen-cam-hung-cho-du-khach-nuoc-ngoai-den-viet-nam-ivivu-15-683x1024.jpg 683w\" sizes=\"(max-width: 880px) 100vw, 880px\" \/><\/a><p id=\"caption-attachment-124522\" class=\"wp-caption-text\">M\u00faa l\u00e2n \u1edf S\u00e0i G\u00f2n trong nh\u1eefng d\u1ecbp l\u1ec5 h\u1ed9i.<\/p><\/div>\n<div id=\"attachment_124523\" style=\"width: 890px\" class=\"wp-caption aligncenter\"><a href=\"https:\/\/cdn3.ivivu.com\/2016\/02\/nhung-buc-anh-truyen-cam-hung-cho-du-khach-nuoc-ngoai-den-viet-nam-ivivu-16.jpg\"><img loading=\"lazy\" decoding=\"async\" aria-describedby=\"caption-attachment-124523\" class=\"wp-image-124523 size-full\" title=\"Hoa \u0111\u00e0o ng\u00e0y T\u1ebft.\" src=\"https:\/\/cdn3.ivivu.com\/2016\/02\/nhung-buc-anh-truyen-cam-hung-cho-du-khach-nuoc-ngoai-den-viet-nam-ivivu-16.jpg\" alt=\"Hoa \u0111\u00e0o ng\u00e0y T\u1ebft.\" width=\"880\" height=\"586\" srcset=\"https:\/\/cdn3.ivivu.com\/2016\/02\/nhung-buc-anh-truyen-cam-hung-cho-du-khach-nuoc-ngoai-den-viet-nam-ivivu-16.jpg 880w, https:\/\/cdn3.ivivu.com\/2016\/02\/nhung-buc-anh-truyen-cam-hung-cho-du-khach-nuoc-ngoai-den-viet-nam-ivivu-16-458x305.jpg 458w\" sizes=\"(max-width: 880px) 100vw, 880px\" \/><\/a><p id=\"caption-attachment-124523\" class=\"wp-caption-text\">Hoa \u0111\u00e0o ng\u00e0y T\u1ebft.<\/p><\/div>\n<div id=\"attachment_124524\" style=\"width: 890px\" class=\"wp-caption aligncenter\"><a href=\"https:\/\/cdn3.ivivu.com\/2016\/02\/nhung-buc-anh-truyen-cam-hung-cho-du-khach-nuoc-ngoai-den-viet-nam-ivivu-17.jpg\"><img loading=\"lazy\" decoding=\"async\" aria-describedby=\"caption-attachment-124524\" class=\"wp-image-124524 size-full\" title=\"Nh\u1eefng con ng\u01b0\u1eddi Vi\u1ec7t Nam b\u00ecnh d\u1ecb v\u00e0 th\u00e2n thi\u1ec7n.\" src=\"https:\/\/cdn3.ivivu.com\/2016\/02\/nhung-buc-anh-truyen-cam-hung-cho-du-khach-nuoc-ngoai-den-viet-nam-ivivu-17.jpg\" alt=\"Nh\u1eefng con ng\u01b0\u1eddi Vi\u1ec7t Nam b\u00ecnh d\u1ecb v\u00e0 th\u00e2n thi\u1ec7n.\" width=\"880\" height=\"586\" srcset=\"https:\/\/cdn3.ivivu.com\/2016\/02\/nhung-buc-anh-truyen-cam-hung-cho-du-khach-nuoc-ngoai-den-viet-nam-ivivu-17.jpg 880w, https:\/\/cdn3.ivivu.com\/2016\/02\/nhung-buc-anh-truyen-cam-hung-cho-du-khach-nuoc-ngoai-den-viet-nam-ivivu-17-458x305.jpg 458w\" sizes=\"(max-width: 880px) 100vw, 880px\" \/><\/a><p id=\"caption-attachment-124524\" class=\"wp-caption-text\">Nh\u1eefng con ng\u01b0\u1eddi Vi\u1ec7t Nam b\u00ecnh d\u1ecb v\u00e0 th\u00e2n thi\u1ec7n.<\/p><\/div>\n<h4 style=\"text-align: center;\"><div class=\"ltt-contentbox white\"><\/span><strong>CLICK \u0110\u1eb6T NGAY\u00a0<\/strong><a href=\"https:\/\/www.ivivu.com\/du-lich?utm_source=blog_ivivu&amp;utm_medium=post_link&amp;utm_campaign=internal\" target=\"_blank\"><strong>TOUR DU L\u1ecaCH<\/strong><\/a><strong>\u00a0<\/strong><strong>V\u00c0\u00a0<\/strong><a href=\"https:\/\/www.ivivu.com\/?utm_source=blog_ivivu&amp;utm_medium=post_link&amp;utm_campaign=internal\" target=\"_blank\"><strong>KH\u00c1CH S\u1ea0N<\/strong><\/a><strong>\u00a0<\/strong><strong>V\u1edaI GI\u00c1 T\u1ed0T NH\u1ea4T CH\u1ec8 C\u00d3 T\u1ea0I IVIVU.COM<\/strong><\/div><\/h4>\n<p style=\"text-align: right;\"><strong>Theo H\u00e0 Mi (Ngu\u1ed3n\u00a0Boredpanda)<\/strong><\/p>\n<div class=\"ltt-contentbox white\"><\/span><\/p>\n<p><strong>Xem th\u00eam c\u00e1c b\u00e0i vi\u1ebft:<\/strong><\/p>\n<p><strong><a href=\"https:\/\/www.ivivu.com\/blog\/2016\/01\/cnn-cong-bo-nhung-buc-anh-du-lich-dep-cua-nam-2016\/\" target=\"_blank\">CNN c\u00f4ng b\u1ed1 nh\u1eefng b\u1ee9c \u1ea3nh du l\u1ecbch \u0111\u1eb9p \u0111\u1ea7u n\u0103m 2016<\/a><\/strong><\/p>\n<p><strong><a href=\"https:\/\/www.ivivu.com\/blog\/2016\/01\/ve-dep-binh-di-cua-viet-nam-trong-bo-anh-dong-nam-a\/\" target=\"_blank\">V\u1ebb \u0111\u1eb9p b\u00ecnh d\u1ecb c\u1ee7a Vi\u1ec7t Nam trong b\u1ed9 \u1ea3nh \u0110\u00f4ng Nam \u00c1<\/a><\/strong><\/p>\n<p><strong><a href=\"https:\/\/www.ivivu.com\/blog\/2016\/01\/nhiep-anh-gia-phap-rehahn-bac-thay-trong-viec-chup-anh-du-lich-viet-nam\/\" target=\"_blank\">Nhi\u1ebfp \u1ea3nh gia Ph\u00e1p R\u00e9hahn \u2013 b\u1eadc th\u1ea7y trong vi\u1ec7c ch\u1ee5p \u1ea3nh du l\u1ecbch Vi\u1ec7t Nam<\/a><\/strong><\/p>\n<p><\/div>\n<h3><div class=\"ltt-contentbox white\"><\/span>Click \u0111\u1eb7t ngay\u00a0<a href=\"https:\/\/www.ivivu.com\/?utm_source=blog_ivivu&amp;utm_medium=post_link&amp;utm_campaign=internal\" target=\"_blank\">Kh\u00e1ch s\u1ea1n kh\u1eafp Vi\u1ec7t Nam v\u00e0 to\u00e0n th\u1ebf gi\u1edbi<\/a>\u00a0gi\u00e1 t\u1ed1t nh\u1ea5t\u00a0ch\u1ec9 c\u00f3 t\u1ea1i iVIVU.com<\/div><\/h3>\n<p>***<\/p>\n<p><strong>Tham kh\u1ea3o:\u00a0<a href=\"https:\/\/www.ivivu.com\/blog\/\" target=\"_blank\">C\u1ea9m nang du l\u1ecbch iVIVU.com<\/a><\/strong><\/p>\n","protected":false},"excerpt":{"rendered":"<p>T\u1eeb B\u1eafc v\u00e0o Nam, Vi\u1ec7t Nam thu h\u00fat du kh\u00e1ch nh\u1edd nhi\u1ec1u c\u1ea3nh quan thi\u00ean nhi\u00ean tuy\u1ec7t \u0111\u1eb9p, d\u01b0\u1edbi \u0111\u00e2y l\u00e0 nh\u1eefng b\u1ee9c \u1ea3nh \u0111\u1eb9p v\u1ec1 du l\u1ecbch Vi\u1ec7t Nam do nhi\u1ebfp \u1ea3nh gia ng\u01b0\u1eddi Ph\u00e1p\u00a0Diane Brsc chia s\u1ebb tr\u00ean&#8230;<\/p>\n","protected":false},"author":31,"featured_media":124519,"comment_status":"closed","ping_status":"open","sticky":false,"template":"","format":"standard","meta":{"_acf_changed":false,"footnotes":""},"categories":[799,791,229,14742],"tags":[11554,14679,16836,16,1516,6359,6351,5998,122],"acf":[],"yoast_head":"<!-- This site is optimized with the Yoast SEO Premium plugin v22.6 (Yoast SEO v22.6) - https:\/\/yoast.com\/wordpress\/plugins\/seo\/ -->\n<title>Nh\u1eefng b\u1ee9c \u1ea3nh truy\u1ec1n c\u1ea3m h\u1ee9ng cho kh\u00e1ch n\u01b0\u1edbc ngo\u00e0i \u0111\u1ebfn du l\u1ecbch Vi\u1ec7t Nam<\/title>\n<meta name=\"description\" content=\"T\u1eeb B\u1eafc v\u00e0o Nam, Vi\u1ec7t Nam thu h\u00fat du kh\u00e1ch nh\u1edd c\u1ea3nh quan thi\u00ean nhi\u00ean tuy\u1ec7t \u0111\u1eb9p, d\u01b0\u1edbi \u0111\u00e2y l\u00e0 nh\u1eefng b\u1ee9c \u1ea3nh \u0111\u1eb9p v\u1ec1 du l\u1ecbch Vi\u1ec7t Nam do Diane Brsc chia s\u1ebb.\" \/>\n<meta name=\"robots\" content=\"index, follow, max-snippet:-1, max-image-preview:large, max-video-preview:-1\" \/>\n<link rel=\"canonical\" href=\"https:\/\/www.ivivu.com\/blog\/2016\/02\/nhung-buc-anh-truyen-cam-hung-cho-khach-nuoc-ngoai-den-du-lich-viet-nam\/\" \/>\n<meta name=\"twitter:label1\" content=\"\u0110\u01b0\u1ee3c vi\u1ebft b\u1edfi\" \/>\n\t<meta name=\"twitter:data1\" content=\"Tr\u1ecbnh L\u00e2m\" \/>\n\t<meta name=\"twitter:label2\" content=\"\u01af\u1edbc t\u00ednh th\u1eddi gian \u0111\u1ecdc\" \/>\n\t<meta name=\"twitter:data2\" content=\"3 ph\u00fat\" \/>\n<script type=\"application\/ld+json\" class=\"yoast-schema-graph\">{\"@context\":\"https:\/\/schema.org\",\"@graph\":[{\"@type\":\"Article\",\"@id\":\"https:\/\/www.ivivu.com\/blog\/2016\/02\/nhung-buc-anh-truyen-cam-hung-cho-khach-nuoc-ngoai-den-du-lich-viet-nam\/#article\",\"isPartOf\":{\"@id\":\"https:\/\/www.ivivu.com\/blog\/2016\/02\/nhung-buc-anh-truyen-cam-hung-cho-khach-nuoc-ngoai-den-du-lich-viet-nam\/\"},\"author\":{\"name\":\"Tr\u1ecbnh L\u00e2m\",\"@id\":\"https:\/\/www.ivivu.com\/blog\/#\/schema\/person\/b98886072f55c18603c011b213b164eb\"},\"headline\":\"Nh\u1eefng b\u1ee9c \u1ea3nh truy\u1ec1n c\u1ea3m h\u1ee9ng cho kh\u00e1ch n\u01b0\u1edbc ngo\u00e0i \u0111\u1ebfn du l\u1ecbch Vi\u1ec7t Nam\",\"datePublished\":\"2016-02-13T07:50:23+00:00\",\"dateModified\":\"2016-02-04T06:50:42+00:00\",\"mainEntityOfPage\":{\"@id\":\"https:\/\/www.ivivu.com\/blog\/2016\/02\/nhung-buc-anh-truyen-cam-hung-cho-khach-nuoc-ngoai-den-du-lich-viet-nam\/\"},\"wordCount\":701,\"publisher\":{\"@id\":\"https:\/\/www.ivivu.com\/blog\/#organization\"},\"image\":{\"@id\":\"https:\/\/www.ivivu.com\/blog\/2016\/02\/nhung-buc-anh-truyen-cam-hung-cho-khach-nuoc-ngoai-den-du-lich-viet-nam\/#primaryimage\"},\"thumbnailUrl\":\"https:\/\/cdn3.ivivu.com\/2016\/02\/nhung-buc-anh-truyen-cam-hung-cho-du-khach-nuoc-ngoai-den-viet-nam-ivivu-12.jpg\",\"keywords\":[\"\u1ea3nh \u0111\u1eb9p du l\u1ecbch\",\"book kh\u00e1ch s\u1ea1n gi\u00e1 r\u1ebb\",\"book kh\u00e1ch s\u1ea1n tr\u1ef1c tuy\u1ebfn\",\"du l\u1ecbch\",\"\u0111\u1eb7t kh\u00e1ch s\u1ea1n\",\"\u0111\u1eb7t kh\u00e1ch s\u1ea1n gi\u00e1 r\u1ebb\",\"\u0110\u1eb7t ph\u00f2ng kh\u00e1ch s\u1ea1n online\",\"\u0111\u1eb7t ph\u00f2ng kh\u00e1ch s\u1ea1n tr\u1ef1c tuy\u1ebfn\",\"Vi\u1ec7t Nam\"],\"articleSection\":[\"\u1ea2nh Trong Ng\u00e0y\",\"Ch\u1ee5p\",\"DU L\u1ecaCH VI\u1ec6T NAM\",\"N\u1ed5i B\u1eadt 2\"],\"inLanguage\":\"vi\"},{\"@type\":\"WebPage\",\"@id\":\"https:\/\/www.ivivu.com\/blog\/2016\/02\/nhung-buc-anh-truyen-cam-hung-cho-khach-nuoc-ngoai-den-du-lich-viet-nam\/\",\"url\":\"https:\/\/www.ivivu.com\/blog\/2016\/02\/nhung-buc-anh-truyen-cam-hung-cho-khach-nuoc-ngoai-den-du-lich-viet-nam\/\",\"name\":\"Nh\u1eefng b\u1ee9c \u1ea3nh truy\u1ec1n c\u1ea3m h\u1ee9ng cho kh\u00e1ch n\u01b0\u1edbc ngo\u00e0i \u0111\u1ebfn du l\u1ecbch Vi\u1ec7t Nam\",\"isPartOf\":{\"@id\":\"https:\/\/www.ivivu.com\/blog\/#website\"},\"primaryImageOfPage\":{\"@id\":\"https:\/\/www.ivivu.com\/blog\/2016\/02\/nhung-buc-anh-truyen-cam-hung-cho-khach-nuoc-ngoai-den-du-lich-viet-nam\/#primaryimage\"},\"image\":{\"@id\":\"https:\/\/www.ivivu.com\/blog\/2016\/02\/nhung-buc-anh-truyen-cam-hung-cho-khach-nuoc-ngoai-den-du-lich-viet-nam\/#primaryimage\"},\"thumbnailUrl\":\"https:\/\/cdn3.ivivu.com\/2016\/02\/nhung-buc-anh-truyen-cam-hung-cho-du-khach-nuoc-ngoai-den-viet-nam-ivivu-12.jpg\",\"datePublished\":\"2016-02-13T07:50:23+00:00\",\"dateModified\":\"2016-02-04T06:50:42+00:00\",\"description\":\"T\u1eeb B\u1eafc v\u00e0o Nam, Vi\u1ec7t Nam thu h\u00fat du kh\u00e1ch nh\u1edd c\u1ea3nh quan thi\u00ean nhi\u00ean tuy\u1ec7t \u0111\u1eb9p, d\u01b0\u1edbi \u0111\u00e2y l\u00e0 nh\u1eefng b\u1ee9c \u1ea3nh \u0111\u1eb9p v\u1ec1 du l\u1ecbch Vi\u1ec7t Nam do Diane Brsc chia s\u1ebb.\",\"breadcrumb\":{\"@id\":\"https:\/\/www.ivivu.com\/blog\/2016\/02\/nhung-buc-anh-truyen-cam-hung-cho-khach-nuoc-ngoai-den-du-lich-viet-nam\/#breadcrumb\"},\"inLanguage\":\"vi\",\"potentialAction\":[{\"@type\":\"ReadAction\",\"target\":[\"https:\/\/www.ivivu.com\/blog\/2016\/02\/nhung-buc-anh-truyen-cam-hung-cho-khach-nuoc-ngoai-den-du-lich-viet-nam\/\"]}]},{\"@type\":\"ImageObject\",\"inLanguage\":\"vi\",\"@id\":\"https:\/\/www.ivivu.com\/blog\/2016\/02\/nhung-buc-anh-truyen-cam-hung-cho-khach-nuoc-ngoai-den-du-lich-viet-nam\/#primaryimage\",\"url\":\"https:\/\/cdn3.ivivu.com\/2016\/02\/nhung-buc-anh-truyen-cam-hung-cho-du-khach-nuoc-ngoai-den-viet-nam-ivivu-12.jpg\",\"contentUrl\":\"https:\/\/cdn3.ivivu.com\/2016\/02\/nhung-buc-anh-truyen-cam-hung-cho-du-khach-nuoc-ngoai-den-viet-nam-ivivu-12.jpg\",\"width\":880,\"height\":586},{\"@type\":\"BreadcrumbList\",\"@id\":\"https:\/\/www.ivivu.com\/blog\/2016\/02\/nhung-buc-anh-truyen-cam-hung-cho-khach-nuoc-ngoai-den-du-lich-viet-nam\/#breadcrumb\",\"itemListElement\":[{\"@type\":\"ListItem\",\"position\":1,\"name\":\"Home\",\"item\":\"https:\/\/www.ivivu.com\/blog\/\"},{\"@type\":\"ListItem\",\"position\":2,\"name\":\"Nh\u1eefng b\u1ee9c \u1ea3nh truy\u1ec1n c\u1ea3m h\u1ee9ng cho kh\u00e1ch n\u01b0\u1edbc ngo\u00e0i \u0111\u1ebfn du l\u1ecbch Vi\u1ec7t Nam\"}]},{\"@type\":\"WebSite\",\"@id\":\"https:\/\/www.ivivu.com\/blog\/#website\",\"url\":\"https:\/\/www.ivivu.com\/blog\/\",\"name\":\"C\u1ea9m nang du l\u1ecbch\",\"description\":\"\",\"publisher\":{\"@id\":\"https:\/\/www.ivivu.com\/blog\/#organization\"},\"potentialAction\":[{\"@type\":\"SearchAction\",\"target\":{\"@type\":\"EntryPoint\",\"urlTemplate\":\"https:\/\/www.ivivu.com\/blog\/?s={search_term_string}\"},\"query-input\":\"required name=search_term_string\"}],\"inLanguage\":\"vi\"},{\"@type\":\"Organization\",\"@id\":\"https:\/\/www.ivivu.com\/blog\/#organization\",\"name\":\"iVIVU.com\",\"url\":\"https:\/\/www.ivivu.com\/blog\/\",\"logo\":{\"@type\":\"ImageObject\",\"inLanguage\":\"vi\",\"@id\":\"https:\/\/www.ivivu.com\/blog\/#\/schema\/logo\/image\/\",\"url\":\"https:\/\/cdn3.ivivu.com\/2024\/01\/ivivu_no_slogan.png\",\"contentUrl\":\"https:\/\/cdn3.ivivu.com\/2024\/01\/ivivu_no_slogan.png\",\"width\":788,\"height\":565,\"caption\":\"iVIVU.com\"},\"image\":{\"@id\":\"https:\/\/www.ivivu.com\/blog\/#\/schema\/logo\/image\/\"},\"sameAs\":[\"https:\/\/www.facebook.com\/iVIVU\"]},{\"@type\":\"Person\",\"@id\":\"https:\/\/www.ivivu.com\/blog\/#\/schema\/person\/b98886072f55c18603c011b213b164eb\",\"name\":\"Tr\u1ecbnh L\u00e2m\",\"sameAs\":[\"https:\/\/www.ivivu.com\/blog\"],\"url\":\"https:\/\/www.ivivu.com\/blog\/author\/lam\/\"}]}<\/script>\n<!-- \/ Yoast SEO Premium plugin. -->","yoast_head_json":{"title":"Nh\u1eefng b\u1ee9c \u1ea3nh truy\u1ec1n c\u1ea3m h\u1ee9ng cho kh\u00e1ch n\u01b0\u1edbc ngo\u00e0i \u0111\u1ebfn du l\u1ecbch Vi\u1ec7t Nam","description":"T\u1eeb B\u1eafc v\u00e0o Nam, Vi\u1ec7t Nam thu h\u00fat du kh\u00e1ch nh\u1edd c\u1ea3nh quan thi\u00ean nhi\u00ean tuy\u1ec7t \u0111\u1eb9p, d\u01b0\u1edbi \u0111\u00e2y l\u00e0 nh\u1eefng b\u1ee9c \u1ea3nh \u0111\u1eb9p v\u1ec1 du l\u1ecbch Vi\u1ec7t Nam do Diane Brsc chia s\u1ebb.","robots":{"index":"index","follow":"follow","max-snippet":"max-snippet:-1","max-image-preview":"max-image-preview:large","max-video-preview":"max-video-preview:-1"},"canonical":"https:\/\/www.ivivu.com\/blog\/2016\/02\/nhung-buc-anh-truyen-cam-hung-cho-khach-nuoc-ngoai-den-du-lich-viet-nam\/","twitter_misc":{"\u0110\u01b0\u1ee3c vi\u1ebft b\u1edfi":"Tr\u1ecbnh L\u00e2m","\u01af\u1edbc t\u00ednh th\u1eddi gian \u0111\u1ecdc":"3 ph\u00fat"},"schema":{"@context":"https:\/\/schema.org","@graph":[{"@type":"Article","@id":"https:\/\/www.ivivu.com\/blog\/2016\/02\/nhung-buc-anh-truyen-cam-hung-cho-khach-nuoc-ngoai-den-du-lich-viet-nam\/#article","isPartOf":{"@id":"https:\/\/www.ivivu.com\/blog\/2016\/02\/nhung-buc-anh-truyen-cam-hung-cho-khach-nuoc-ngoai-den-du-lich-viet-nam\/"},"author":{"name":"Tr\u1ecbnh L\u00e2m","@id":"https:\/\/www.ivivu.com\/blog\/#\/schema\/person\/b98886072f55c18603c011b213b164eb"},"headline":"Nh\u1eefng b\u1ee9c \u1ea3nh truy\u1ec1n c\u1ea3m h\u1ee9ng cho kh\u00e1ch n\u01b0\u1edbc ngo\u00e0i \u0111\u1ebfn du l\u1ecbch Vi\u1ec7t Nam","datePublished":"2016-02-13T07:50:23+00:00","dateModified":"2016-02-04T06:50:42+00:00","mainEntityOfPage":{"@id":"https:\/\/www.ivivu.com\/blog\/2016\/02\/nhung-buc-anh-truyen-cam-hung-cho-khach-nuoc-ngoai-den-du-lich-viet-nam\/"},"wordCount":701,"publisher":{"@id":"https:\/\/www.ivivu.com\/blog\/#organization"},"image":{"@id":"https:\/\/www.ivivu.com\/blog\/2016\/02\/nhung-buc-anh-truyen-cam-hung-cho-khach-nuoc-ngoai-den-du-lich-viet-nam\/#primaryimage"},"thumbnailUrl":"https:\/\/cdn3.ivivu.com\/2016\/02\/nhung-buc-anh-truyen-cam-hung-cho-du-khach-nuoc-ngoai-den-viet-nam-ivivu-12.jpg","keywords":["\u1ea3nh \u0111\u1eb9p du l\u1ecbch","book kh\u00e1ch s\u1ea1n gi\u00e1 r\u1ebb","book kh\u00e1ch s\u1ea1n tr\u1ef1c tuy\u1ebfn","du l\u1ecbch","\u0111\u1eb7t kh\u00e1ch s\u1ea1n","\u0111\u1eb7t kh\u00e1ch s\u1ea1n gi\u00e1 r\u1ebb","\u0110\u1eb7t ph\u00f2ng kh\u00e1ch s\u1ea1n online","\u0111\u1eb7t ph\u00f2ng kh\u00e1ch s\u1ea1n tr\u1ef1c tuy\u1ebfn","Vi\u1ec7t Nam"],"articleSection":["\u1ea2nh Trong Ng\u00e0y","Ch\u1ee5p","DU L\u1ecaCH VI\u1ec6T NAM","N\u1ed5i B\u1eadt 2"],"inLanguage":"vi"},{"@type":"WebPage","@id":"https:\/\/www.ivivu.com\/blog\/2016\/02\/nhung-buc-anh-truyen-cam-hung-cho-khach-nuoc-ngoai-den-du-lich-viet-nam\/","url":"https:\/\/www.ivivu.com\/blog\/2016\/02\/nhung-buc-anh-truyen-cam-hung-cho-khach-nuoc-ngoai-den-du-lich-viet-nam\/","name":"Nh\u1eefng b\u1ee9c \u1ea3nh truy\u1ec1n c\u1ea3m h\u1ee9ng cho kh\u00e1ch n\u01b0\u1edbc ngo\u00e0i \u0111\u1ebfn du l\u1ecbch Vi\u1ec7t Nam","isPartOf":{"@id":"https:\/\/www.ivivu.com\/blog\/#website"},"primaryImageOfPage":{"@id":"https:\/\/www.ivivu.com\/blog\/2016\/02\/nhung-buc-anh-truyen-cam-hung-cho-khach-nuoc-ngoai-den-du-lich-viet-nam\/#primaryimage"},"image":{"@id":"https:\/\/www.ivivu.com\/blog\/2016\/02\/nhung-buc-anh-truyen-cam-hung-cho-khach-nuoc-ngoai-den-du-lich-viet-nam\/#primaryimage"},"thumbnailUrl":"https:\/\/cdn3.ivivu.com\/2016\/02\/nhung-buc-anh-truyen-cam-hung-cho-du-khach-nuoc-ngoai-den-viet-nam-ivivu-12.jpg","datePublished":"2016-02-13T07:50:23+00:00","dateModified":"2016-02-04T06:50:42+00:00","description":"T\u1eeb B\u1eafc v\u00e0o Nam, Vi\u1ec7t Nam thu h\u00fat du kh\u00e1ch nh\u1edd c\u1ea3nh quan thi\u00ean nhi\u00ean tuy\u1ec7t \u0111\u1eb9p, d\u01b0\u1edbi \u0111\u00e2y l\u00e0 nh\u1eefng b\u1ee9c \u1ea3nh \u0111\u1eb9p v\u1ec1 du l\u1ecbch Vi\u1ec7t Nam do Diane Brsc chia s\u1ebb.","breadcrumb":{"@id":"https:\/\/www.ivivu.com\/blog\/2016\/02\/nhung-buc-anh-truyen-cam-hung-cho-khach-nuoc-ngoai-den-du-lich-viet-nam\/#breadcrumb"},"inLanguage":"vi","potentialAction":[{"@type":"ReadAction","target":["https:\/\/www.ivivu.com\/blog\/2016\/02\/nhung-buc-anh-truyen-cam-hung-cho-khach-nuoc-ngoai-den-du-lich-viet-nam\/"]}]},{"@type":"ImageObject","inLanguage":"vi","@id":"https:\/\/www.ivivu.com\/blog\/2016\/02\/nhung-buc-anh-truyen-cam-hung-cho-khach-nuoc-ngoai-den-du-lich-viet-nam\/#primaryimage","url":"https:\/\/cdn3.ivivu.com\/2016\/02\/nhung-buc-anh-truyen-cam-hung-cho-du-khach-nuoc-ngoai-den-viet-nam-ivivu-12.jpg","contentUrl":"https:\/\/cdn3.ivivu.com\/2016\/02\/nhung-buc-anh-truyen-cam-hung-cho-du-khach-nuoc-ngoai-den-viet-nam-ivivu-12.jpg","width":880,"height":586},{"@type":"BreadcrumbList","@id":"https:\/\/www.ivivu.com\/blog\/2016\/02\/nhung-buc-anh-truyen-cam-hung-cho-khach-nuoc-ngoai-den-du-lich-viet-nam\/#breadcrumb","itemListElement":[{"@type":"ListItem","position":1,"name":"Home","item":"https:\/\/www.ivivu.com\/blog\/"},{"@type":"ListItem","position":2,"name":"Nh\u1eefng b\u1ee9c \u1ea3nh truy\u1ec1n c\u1ea3m h\u1ee9ng cho kh\u00e1ch n\u01b0\u1edbc ngo\u00e0i \u0111\u1ebfn du l\u1ecbch Vi\u1ec7t Nam"}]},{"@type":"WebSite","@id":"https:\/\/www.ivivu.com\/blog\/#website","url":"https:\/\/www.ivivu.com\/blog\/","name":"C\u1ea9m nang du l\u1ecbch","description":"","publisher":{"@id":"https:\/\/www.ivivu.com\/blog\/#organization"},"potentialAction":[{"@type":"SearchAction","target":{"@type":"EntryPoint","urlTemplate":"https:\/\/www.ivivu.com\/blog\/?s={search_term_string}"},"query-input":"required name=search_term_string"}],"inLanguage":"vi"},{"@type":"Organization","@id":"https:\/\/www.ivivu.com\/blog\/#organization","name":"iVIVU.com","url":"https:\/\/www.ivivu.com\/blog\/","logo":{"@type":"ImageObject","inLanguage":"vi","@id":"https:\/\/www.ivivu.com\/blog\/#\/schema\/logo\/image\/","url":"https:\/\/cdn3.ivivu.com\/2024\/01\/ivivu_no_slogan.png","contentUrl":"https:\/\/cdn3.ivivu.com\/2024\/01\/ivivu_no_slogan.png","width":788,"height":565,"caption":"iVIVU.com"},"image":{"@id":"https:\/\/www.ivivu.com\/blog\/#\/schema\/logo\/image\/"},"sameAs":["https:\/\/www.facebook.com\/iVIVU"]},{"@type":"Person","@id":"https:\/\/www.ivivu.com\/blog\/#\/schema\/person\/b98886072f55c18603c011b213b164eb","name":"Tr\u1ecbnh L\u00e2m","sameAs":["https:\/\/www.ivivu.com\/blog"],"url":"https:\/\/www.ivivu.com\/blog\/author\/lam\/"}]}},"_links":{"self":[{"href":"https:\/\/www.ivivu.com\/blog\/wp-json\/wp\/v2\/posts\/124499"}],"collection":[{"href":"https:\/\/www.ivivu.com\/blog\/wp-json\/wp\/v2\/posts"}],"about":[{"href":"https:\/\/www.ivivu.com\/blog\/wp-json\/wp\/v2\/types\/post"}],"author":[{"embeddable":true,"href":"https:\/\/www.ivivu.com\/blog\/wp-json\/wp\/v2\/users\/31"}],"replies":[{"embeddable":true,"href":"https:\/\/www.ivivu.com\/blog\/wp-json\/wp\/v2\/comments?post=124499"}],"version-history":[{"count":5,"href":"https:\/\/www.ivivu.com\/blog\/wp-json\/wp\/v2\/posts\/124499\/revisions"}],"predecessor-version":[{"id":124532,"href":"https:\/\/www.ivivu.com\/blog\/wp-json\/wp\/v2\/posts\/124499\/revisions\/124532"}],"wp:featuredmedia":[{"embeddable":true,"href":"https:\/\/www.ivivu.com\/blog\/wp-json\/wp\/v2\/media\/124519"}],"wp:attachment":[{"href":"https:\/\/www.ivivu.com\/blog\/wp-json\/wp\/v2\/media?parent=124499"}],"wp:term":[{"taxonomy":"category","embeddable":true,"href":"https:\/\/www.ivivu.com\/blog\/wp-json\/wp\/v2\/categories?post=124499"},{"taxonomy":"post_tag","embeddable":true,"href":"https:\/\/www.ivivu.com\/blog\/wp-json\/wp\/v2\/tags?post=124499"}],"curies":[{"name":"wp","href":"https:\/\/api.w.org\/{rel}","templated":true}]}}