{"id":124559,"date":"2016-02-15T08:31:26","date_gmt":"2016-02-15T01:31:26","guid":{"rendered":"https:\/\/www.ivivu.com\/blog\/?p=124559"},"modified":"2016-02-19T08:06:46","modified_gmt":"2016-02-19T01:06:46","slug":"10-ly-do-khien-ban-phai-den-du-lich-bhutan-trong-nam-2016","status":"publish","type":"post","link":"https:\/\/www.ivivu.com\/blog\/2016\/02\/10-ly-do-khien-ban-phai-den-du-lich-bhutan-trong-nam-2016\/","title":{"rendered":"10 l\u00fd do khi\u1ebfn b\u1ea1n ph\u1ea3i \u0111\u1ebfn du l\u1ecbch Bhutan trong n\u0103m 2016"},"content":{"rendered":"<p style=\"text-align: justify;\"><em><strong>V\u1edbi m\u1ed9t \u0111\u1ea5t n\u01b0\u1edbc h\u1ea1nh ph\u00fac, kh\u00f4ng c\u00f3 g\u00ec ng\u1ea1c nhi\u00ean khi Bhutan c\u00f3 th\u1ec3 c\u00e2n b\u1eb1ng gi\u1eefa ph\u00e1t tri\u1ec3n kinh t\u1ebf v\u00e0 gi\u1eef g\u00ecn v\u1ebb \u0111\u1eb9p c\u1ee7a t\u1ef1 nhi\u00ean. Hi\u1ec7n nay, Bhutan v\u1eabn c\u00f2n l\u00e0 m\u1ed9t \u0111\u1ea5t n\u01b0\u1edbc kh\u00e1 b\u00ed \u1ea9n v\u1edbi th\u1ebf gi\u1edbi.<\/strong><\/em><!--more--><\/p>\n<h2>10 l\u00fd do khi\u1ebfn b\u1ea1n ph\u1ea3i \u0111\u1ebfn du l\u1ecbch Bhutan trong n\u0103m 2016<\/h2>\n<div id=\"attachment_124560\" style=\"width: 670px\" class=\"wp-caption aligncenter\"><a href=\"https:\/\/cdn3.ivivu.com\/2016\/02\/10-ly-do-khien-ban-phai-den-bhutan-trong-nam-ivivu-1.jpg\"><img loading=\"lazy\" decoding=\"async\" aria-describedby=\"caption-attachment-124560\" class=\"wp-image-124560 size-full\" title=\"Paro Taktsang: Paro Taktsang, c\u00f2n \u0111\u01b0\u1ee3c g\u1ecdi l\u00e0 \u201cHang h\u1ed5\u201d, \u0111\u01b0\u1ee3c x\u00e2y d\u1ef1ng tr\u00ean m\u1ed9t v\u00e1ch \u0111\u00e1 v\u00e0o n\u0103m 1692. Theo truy\u1ec1n thuy\u1ebft, \u201c\u0110\u1ee9c Ph\u1eadt th\u1ee9 hai\u201d - Guru Rinpoche \u0111\u00e3 c\u01b0\u1ee1i h\u1ed5 \u0111\u1ebfn \u0111\u00e2y v\u00e0 ng\u1ed3i thi\u1ec1n trong su\u1ed1t ba n\u0103m. Sau \u0111\u00f3, \u00f4ng \u0111\u01b0\u1ee3c ng\u01b0\u1eddi d\u00e2n Bhutan t\u00f4n vinh nh\u01b0 m\u1ed9t v\u1ecb th\u1ea7n. Hi\u1ec7n nay, Paro Taktsang c\u00f3 m\u1ed9t \u00fd ngh\u0129a t\u00f4n gi\u00e1o v\u00e0 v\u0103n h\u00f3a r\u1ea5t quan tr\u1ecdng \u0111\u1ed1i v\u1edbi \u0111\u1ea5t n\u01b0\u1edbc n\u00e0y.\" src=\"https:\/\/cdn3.ivivu.com\/2016\/02\/10-ly-do-khien-ban-phai-den-bhutan-trong-nam-ivivu-1.jpg\" alt=\"Paro Taktsang: Paro Taktsang, c\u00f2n \u0111\u01b0\u1ee3c g\u1ecdi l\u00e0 \u201cHang h\u1ed5\u201d, \u0111\u01b0\u1ee3c x\u00e2y d\u1ef1ng tr\u00ean m\u1ed9t v\u00e1ch \u0111\u00e1 v\u00e0o n\u0103m 1692. Theo truy\u1ec1n thuy\u1ebft, \u201c\u0110\u1ee9c Ph\u1eadt th\u1ee9 hai\u201d - Guru Rinpoche \u0111\u00e3 c\u01b0\u1ee1i h\u1ed5 \u0111\u1ebfn \u0111\u00e2y v\u00e0 ng\u1ed3i thi\u1ec1n trong su\u1ed1t ba n\u0103m. Sau \u0111\u00f3, \u00f4ng \u0111\u01b0\u1ee3c ng\u01b0\u1eddi d\u00e2n Bhutan t\u00f4n vinh nh\u01b0 m\u1ed9t v\u1ecb th\u1ea7n. Hi\u1ec7n nay, Paro Taktsang c\u00f3 m\u1ed9t \u00fd ngh\u0129a t\u00f4n gi\u00e1o v\u00e0 v\u0103n h\u00f3a r\u1ea5t quan tr\u1ecdng \u0111\u1ed1i v\u1edbi \u0111\u1ea5t n\u01b0\u1edbc n\u00e0y.\" width=\"660\" height=\"440\" srcset=\"https:\/\/cdn3.ivivu.com\/2016\/02\/10-ly-do-khien-ban-phai-den-bhutan-trong-nam-ivivu-1.jpg 660w, https:\/\/cdn3.ivivu.com\/2016\/02\/10-ly-do-khien-ban-phai-den-bhutan-trong-nam-ivivu-1-458x305.jpg 458w\" sizes=\"(max-width: 660px) 100vw, 660px\" \/><\/a><p id=\"caption-attachment-124560\" class=\"wp-caption-text\"><strong>Paro Taktsang:<\/strong> c\u00f2n \u0111\u01b0\u1ee3c g\u1ecdi l\u00e0 \u201cHang h\u1ed5\u201d, \u0111\u01b0\u1ee3c x\u00e2y d\u1ef1ng tr\u00ean m\u1ed9t v\u00e1ch \u0111\u00e1 v\u00e0o n\u0103m 1692. Theo truy\u1ec1n thuy\u1ebft, \u201c\u0110\u1ee9c Ph\u1eadt th\u1ee9 hai\u201d &#8211; Guru Rinpoche \u0111\u00e3 c\u01b0\u1ee1i h\u1ed5 \u0111\u1ebfn \u0111\u00e2y v\u00e0 ng\u1ed3i thi\u1ec1n trong su\u1ed1t ba n\u0103m. Sau \u0111\u00f3, \u00f4ng \u0111\u01b0\u1ee3c ng\u01b0\u1eddi d\u00e2n Bhutan t\u00f4n vinh nh\u01b0 m\u1ed9t v\u1ecb th\u1ea7n. Hi\u1ec7n nay, Paro Taktsang c\u00f3 m\u1ed9t \u00fd ngh\u0129a t\u00f4n gi\u00e1o v\u00e0 v\u0103n h\u00f3a r\u1ea5t quan tr\u1ecdng \u0111\u1ed1i v\u1edbi \u0111\u1ea5t n\u01b0\u1edbc n\u00e0y.<\/p><\/div>\n<div id=\"attachment_124561\" style=\"width: 670px\" class=\"wp-caption aligncenter\"><a href=\"https:\/\/cdn3.ivivu.com\/2016\/02\/10-ly-do-khien-ban-phai-den-bhutan-trong-nam-ivivu-2.jpg\"><img loading=\"lazy\" decoding=\"async\" aria-describedby=\"caption-attachment-124561\" class=\"wp-image-124561 size-full\" title=\"Punakha Dzong: l\u00e0 n\u01a1i Guru Rinpoche r\u01b0\u1edbc Ph\u1eadt \u0111\u1ebfn Bhutan. Kh\u00f4ng ch\u1ec9 l\u00e0 n\u01a1i t\u1ed5 ch\u1ee9c c\u00e1c ho\u1ea1t \u0111\u1ed9ng t\u00f4n gi\u00e1o, n\u01a1i \u0111\u00e2y c\u00f2n l\u00e0 trung t\u00e2m h\u00e0nh ch\u00ednh l\u1edbn c\u1ee7a \u0111\u1ea5t n\u01b0\u1edbc. Ngo\u00e0i Punakha, Bhutan c\u00f2n c\u00f3 nhi\u1ec1u Dzong (ph\u00e1o \u0111\u00e0i) kh\u00e1c nh\u01b0 Chagangkha Lhakhang, m\u1ed9t ng\u00f4i \u0111\u1ec1n \u2013 ph\u00e1o \u0111\u00e0i \u1edf Thimpu. H\u1eb1ng n\u0103m, \u0111\u1ecba \u0111i\u1ec3m n\u00e0y thu h\u00fat r\u1ea5t nhi\u1ec1u kh\u00e1ch h\u00e0nh h\u01b0\u01a1ng \u0111\u1ebfn c\u1ea7u nguy\u1ec7n v\u00e0 tham quan.\" src=\"https:\/\/cdn3.ivivu.com\/2016\/02\/10-ly-do-khien-ban-phai-den-bhutan-trong-nam-ivivu-2.jpg\" alt=\"Punakha Dzong: l\u00e0 n\u01a1i Guru Rinpoche r\u01b0\u1edbc Ph\u1eadt \u0111\u1ebfn Bhutan. Kh\u00f4ng ch\u1ec9 l\u00e0 n\u01a1i t\u1ed5 ch\u1ee9c c\u00e1c ho\u1ea1t \u0111\u1ed9ng t\u00f4n gi\u00e1o, n\u01a1i \u0111\u00e2y c\u00f2n l\u00e0 trung t\u00e2m h\u00e0nh ch\u00ednh l\u1edbn c\u1ee7a \u0111\u1ea5t n\u01b0\u1edbc. Ngo\u00e0i Punakha, Bhutan c\u00f2n c\u00f3 nhi\u1ec1u Dzong (ph\u00e1o \u0111\u00e0i) kh\u00e1c nh\u01b0 Chagangkha Lhakhang, m\u1ed9t ng\u00f4i \u0111\u1ec1n \u2013 ph\u00e1o \u0111\u00e0i \u1edf Thimpu. H\u1eb1ng n\u0103m, \u0111\u1ecba \u0111i\u1ec3m n\u00e0y thu h\u00fat r\u1ea5t nhi\u1ec1u kh\u00e1ch h\u00e0nh h\u01b0\u01a1ng \u0111\u1ebfn c\u1ea7u nguy\u1ec7n v\u00e0 tham quan.\" width=\"660\" height=\"440\" srcset=\"https:\/\/cdn3.ivivu.com\/2016\/02\/10-ly-do-khien-ban-phai-den-bhutan-trong-nam-ivivu-2.jpg 660w, https:\/\/cdn3.ivivu.com\/2016\/02\/10-ly-do-khien-ban-phai-den-bhutan-trong-nam-ivivu-2-458x305.jpg 458w\" sizes=\"(max-width: 660px) 100vw, 660px\" \/><\/a><p id=\"caption-attachment-124561\" class=\"wp-caption-text\"><strong>Punakha Dzong:<\/strong> l\u00e0 n\u01a1i Guru Rinpoche r\u01b0\u1edbc Ph\u1eadt \u0111\u1ebfn Bhutan. Kh\u00f4ng ch\u1ec9 l\u00e0 n\u01a1i t\u1ed5 ch\u1ee9c c\u00e1c ho\u1ea1t \u0111\u1ed9ng t\u00f4n gi\u00e1o, n\u01a1i \u0111\u00e2y c\u00f2n l\u00e0 trung t\u00e2m h\u00e0nh ch\u00ednh l\u1edbn c\u1ee7a \u0111\u1ea5t n\u01b0\u1edbc. Ngo\u00e0i Punakha, Bhutan c\u00f2n c\u00f3 nhi\u1ec1u Dzong (ph\u00e1o \u0111\u00e0i) kh\u00e1c nh\u01b0 Chagangkha Lhakhang, m\u1ed9t ng\u00f4i \u0111\u1ec1n \u2013 ph\u00e1o \u0111\u00e0i \u1edf Thimpu. H\u1eb1ng n\u0103m, \u0111\u1ecba \u0111i\u1ec3m n\u00e0y thu h\u00fat r\u1ea5t nhi\u1ec1u kh\u00e1ch h\u00e0nh h\u01b0\u01a1ng \u0111\u1ebfn c\u1ea7u nguy\u1ec7n v\u00e0 tham quan.<\/p><\/div>\n<div id=\"attachment_124562\" style=\"width: 670px\" class=\"wp-caption aligncenter\"><a href=\"https:\/\/cdn3.ivivu.com\/2016\/02\/10-ly-do-khien-ban-phai-den-bhutan-trong-nam-ivivu-3.jpg\"><img loading=\"lazy\" decoding=\"async\" aria-describedby=\"caption-attachment-124562\" class=\"wp-image-124562 size-full\" title=\"Mount Jhomolhari: B\u1ea5t k\u1ef3 ai th\u00edch m\u1ea1o hi\u1ec3m c\u0169ng n\u00ean bi\u1ebft r\u1eb1ng Bhutan s\u1edf h\u1eefu m\u1ed9t s\u1ed1 ng\u1ecdn n\u00fai cao nh\u1ea5t th\u1ebf gi\u1edbi nh\u01b0 Jhomolhari v\u00e0 Jitchu Drake. H\u00e3y ch\u00fa \u00fd l\u1ef1a ch\u1ecdn ng\u1ecdn n\u00fai m\u00e0 b\u1ea1n mu\u1ed1n chinh ph\u1ee5c v\u00ec m\u1ed9t s\u1ed1 \u0111\u1ec9nh \u0111\u01b0\u1ee3c coi l\u00e0 n\u01a1i an t\u1ecda c\u1ee7a c\u00e1c v\u1ecb th\u1ea7n v\u00e0 ch\u00ednh ph\u1ee7 \u0111\u00e3 c\u1ea5m ng\u01b0\u1eddi leo n\u00fai \u0111\u1ebfn \u0111\u00e2y.\" src=\"https:\/\/cdn3.ivivu.com\/2016\/02\/10-ly-do-khien-ban-phai-den-bhutan-trong-nam-ivivu-3.jpg\" alt=\"Mount Jhomolhari: B\u1ea5t k\u1ef3 ai th\u00edch m\u1ea1o hi\u1ec3m c\u0169ng n\u00ean bi\u1ebft r\u1eb1ng Bhutan s\u1edf h\u1eefu m\u1ed9t s\u1ed1 ng\u1ecdn n\u00fai cao nh\u1ea5t th\u1ebf gi\u1edbi nh\u01b0 Jhomolhari v\u00e0 Jitchu Drake. H\u00e3y ch\u00fa \u00fd l\u1ef1a ch\u1ecdn ng\u1ecdn n\u00fai m\u00e0 b\u1ea1n mu\u1ed1n chinh ph\u1ee5c v\u00ec m\u1ed9t s\u1ed1 \u0111\u1ec9nh \u0111\u01b0\u1ee3c coi l\u00e0 n\u01a1i an t\u1ecda c\u1ee7a c\u00e1c v\u1ecb th\u1ea7n v\u00e0 ch\u00ednh ph\u1ee7 \u0111\u00e3 c\u1ea5m ng\u01b0\u1eddi leo n\u00fai \u0111\u1ebfn \u0111\u00e2y.\" width=\"660\" height=\"495\" srcset=\"https:\/\/cdn3.ivivu.com\/2016\/02\/10-ly-do-khien-ban-phai-den-bhutan-trong-nam-ivivu-3.jpg 660w, https:\/\/cdn3.ivivu.com\/2016\/02\/10-ly-do-khien-ban-phai-den-bhutan-trong-nam-ivivu-3-407x305.jpg 407w\" sizes=\"(max-width: 660px) 100vw, 660px\" \/><\/a><p id=\"caption-attachment-124562\" class=\"wp-caption-text\"><strong>Mount Jhomolhari: <\/strong>B\u1ea5t k\u1ef3 ai th\u00edch m\u1ea1o hi\u1ec3m c\u0169ng n\u00ean bi\u1ebft r\u1eb1ng Bhutan s\u1edf h\u1eefu m\u1ed9t s\u1ed1 ng\u1ecdn n\u00fai cao nh\u1ea5t th\u1ebf gi\u1edbi nh\u01b0 Jhomolhari v\u00e0 Jitchu Drake. H\u00e3y ch\u00fa \u00fd l\u1ef1a ch\u1ecdn ng\u1ecdn n\u00fai m\u00e0 b\u1ea1n mu\u1ed1n chinh ph\u1ee5c v\u00ec m\u1ed9t s\u1ed1 \u0111\u1ec9nh \u0111\u01b0\u1ee3c coi l\u00e0 n\u01a1i an t\u1ecda c\u1ee7a c\u00e1c v\u1ecb th\u1ea7n v\u00e0 ch\u00ednh ph\u1ee7 \u0111\u00e3 c\u1ea5m ng\u01b0\u1eddi leo n\u00fai \u0111\u1ebfn \u0111\u00e2y.<\/p><\/div>\n<div id=\"attachment_124563\" style=\"width: 670px\" class=\"wp-caption aligncenter\"><a href=\"https:\/\/cdn3.ivivu.com\/2016\/02\/10-ly-do-khien-ban-phai-den-bhutan-trong-nam-ivivu-4.jpg\"><img loading=\"lazy\" decoding=\"async\" aria-describedby=\"caption-attachment-124563\" class=\"wp-image-124563 size-full\" title=\"N\u1ec1n n\u00f4ng nghi\u1ec7p h\u1eefu c\u01a1: Bhutan t\u1ef1 h\u00e0o v\u1ec1 n\u1ec1n n\u00f4ng nghi\u1ec7p c\u00f3 ngu\u1ed3n g\u1ed1c 100% h\u1eefu c\u01a1 v\u00e0 \u0111\u1ed9 bao ph\u1ee7 r\u1eebng chi\u1ebfm 72% di\u1ec7n t\u00edch \u0111\u1ea5t n\u01b0\u1edbc. B\u1ea3o v\u1ec7 m\u00f4i tr\u01b0\u1eddng v\u00e0 n\u00e2ng cao s\u1ee9c kho\u1ebb cho ng\u01b0\u1eddi d\u00e2n l\u00e0 m\u1ee5c ti\u00eau quan tr\u1ecdng h\u00e0ng \u0111\u1ea7u c\u1ee7a qu\u1ed1c gia nh\u1ecf b\u00e9 n\u00e0y.\" src=\"https:\/\/cdn3.ivivu.com\/2016\/02\/10-ly-do-khien-ban-phai-den-bhutan-trong-nam-ivivu-4.jpg\" alt=\"N\u1ec1n n\u00f4ng nghi\u1ec7p h\u1eefu c\u01a1: Bhutan t\u1ef1 h\u00e0o v\u1ec1 n\u1ec1n n\u00f4ng nghi\u1ec7p c\u00f3 ngu\u1ed3n g\u1ed1c 100% h\u1eefu c\u01a1 v\u00e0 \u0111\u1ed9 bao ph\u1ee7 r\u1eebng chi\u1ebfm 72% di\u1ec7n t\u00edch \u0111\u1ea5t n\u01b0\u1edbc. B\u1ea3o v\u1ec7 m\u00f4i tr\u01b0\u1eddng v\u00e0 n\u00e2ng cao s\u1ee9c kho\u1ebb cho ng\u01b0\u1eddi d\u00e2n l\u00e0 m\u1ee5c ti\u00eau quan tr\u1ecdng h\u00e0ng \u0111\u1ea7u c\u1ee7a qu\u1ed1c gia nh\u1ecf b\u00e9 n\u00e0y.\" width=\"660\" height=\"440\" srcset=\"https:\/\/cdn3.ivivu.com\/2016\/02\/10-ly-do-khien-ban-phai-den-bhutan-trong-nam-ivivu-4.jpg 660w, https:\/\/cdn3.ivivu.com\/2016\/02\/10-ly-do-khien-ban-phai-den-bhutan-trong-nam-ivivu-4-458x305.jpg 458w\" sizes=\"(max-width: 660px) 100vw, 660px\" \/><\/a><p id=\"caption-attachment-124563\" class=\"wp-caption-text\"><strong>N\u1ec1n n\u00f4ng nghi\u1ec7p h\u1eefu c\u01a1:<\/strong> Bhutan t\u1ef1 h\u00e0o v\u1ec1 n\u1ec1n n\u00f4ng nghi\u1ec7p c\u00f3 ngu\u1ed3n g\u1ed1c 100% h\u1eefu c\u01a1 v\u00e0 \u0111\u1ed9 bao ph\u1ee7 r\u1eebng chi\u1ebfm 72% di\u1ec7n t\u00edch \u0111\u1ea5t n\u01b0\u1edbc. B\u1ea3o v\u1ec7 m\u00f4i tr\u01b0\u1eddng v\u00e0 n\u00e2ng cao s\u1ee9c kho\u1ebb cho ng\u01b0\u1eddi d\u00e2n l\u00e0 m\u1ee5c ti\u00eau quan tr\u1ecdng h\u00e0ng \u0111\u1ea7u c\u1ee7a qu\u1ed1c gia nh\u1ecf b\u00e9 n\u00e0y.<\/p><\/div>\n<div id=\"attachment_124564\" style=\"width: 670px\" class=\"wp-caption aligncenter\"><a href=\"https:\/\/cdn3.ivivu.com\/2016\/02\/10-ly-do-khien-ban-phai-den-bhutan-trong-nam-ivivu-5.jpg\"><img loading=\"lazy\" decoding=\"async\" aria-describedby=\"caption-attachment-124564\" class=\"wp-image-124564 size-full\" title=\"\u1edat hi\u1ec3m v\u00e0 bia: \u1edat l\u00e0 nguy\u00ean li\u1ec7u kh\u00f4ng th\u1ec3 thi\u1ebfu trong c\u00e1c m\u00f3n \u0103n c\u1ee7a Bhutan. M\u00f3n \u0103n truy\u1ec1n th\u1ed1ng c\u1ee7a \u0111\u1ea5t n\u01b0\u1edbc n\u00e0y c\u00f3 t\u00ean g\u1ecdi Datse, m\u1ed9t h\u1ed7n h\u1ee3p gi\u1eefa \u1edbt v\u00e0 pho m\u00e1t. N\u0103m 2006, Red Panda l\u00e0 nh\u00e0 m\u00e1y bia \u0111\u1ea7u ti\u00ean \u0111\u01b0\u1ee3c x\u00e2y d\u1ef1ng b\u1edfi Fritz Maurer, m\u1ed9t c\u00f4ng d\u00e2n Bhutan g\u1ed1c Th\u1ee5y S\u0129. Bia c\u1ee7a Bhutan c\u00f3 n\u1ed3ng \u0111\u1ed9 kh\u00e1 cao n\u00ean b\u1ea1n h\u00e3y c\u1ea9n th\u1eadn khi u\u1ed1ng.\" src=\"https:\/\/cdn3.ivivu.com\/2016\/02\/10-ly-do-khien-ban-phai-den-bhutan-trong-nam-ivivu-5.jpg\" alt=\"\u1edat hi\u1ec3m v\u00e0 bia: \u1edat l\u00e0 nguy\u00ean li\u1ec7u kh\u00f4ng th\u1ec3 thi\u1ebfu trong c\u00e1c m\u00f3n \u0103n c\u1ee7a Bhutan. M\u00f3n \u0103n truy\u1ec1n th\u1ed1ng c\u1ee7a \u0111\u1ea5t n\u01b0\u1edbc n\u00e0y c\u00f3 t\u00ean g\u1ecdi Datse, m\u1ed9t h\u1ed7n h\u1ee3p gi\u1eefa \u1edbt v\u00e0 pho m\u00e1t. N\u0103m 2006, Red Panda l\u00e0 nh\u00e0 m\u00e1y bia \u0111\u1ea7u ti\u00ean \u0111\u01b0\u1ee3c x\u00e2y d\u1ef1ng b\u1edfi Fritz Maurer, m\u1ed9t c\u00f4ng d\u00e2n Bhutan g\u1ed1c Th\u1ee5y S\u0129. Bia c\u1ee7a Bhutan c\u00f3 n\u1ed3ng \u0111\u1ed9 kh\u00e1 cao n\u00ean b\u1ea1n h\u00e3y c\u1ea9n th\u1eadn khi u\u1ed1ng.\" width=\"660\" height=\"441\" srcset=\"https:\/\/cdn3.ivivu.com\/2016\/02\/10-ly-do-khien-ban-phai-den-bhutan-trong-nam-ivivu-5.jpg 660w, https:\/\/cdn3.ivivu.com\/2016\/02\/10-ly-do-khien-ban-phai-den-bhutan-trong-nam-ivivu-5-456x305.jpg 456w\" sizes=\"(max-width: 660px) 100vw, 660px\" \/><\/a><p id=\"caption-attachment-124564\" class=\"wp-caption-text\"><strong>\u1edat hi\u1ec3m v\u00e0 bia: <\/strong>\u1edat l\u00e0 nguy\u00ean li\u1ec7u kh\u00f4ng th\u1ec3 thi\u1ebfu trong c\u00e1c m\u00f3n \u0103n c\u1ee7a Bhutan. M\u00f3n \u0103n truy\u1ec1n th\u1ed1ng c\u1ee7a \u0111\u1ea5t n\u01b0\u1edbc n\u00e0y c\u00f3 t\u00ean g\u1ecdi Datse, m\u1ed9t h\u1ed7n h\u1ee3p gi\u1eefa \u1edbt v\u00e0 pho m\u00e1t. N\u0103m 2006, Red Panda l\u00e0 nh\u00e0 m\u00e1y bia \u0111\u1ea7u ti\u00ean \u0111\u01b0\u1ee3c x\u00e2y d\u1ef1ng b\u1edfi Fritz Maurer, m\u1ed9t c\u00f4ng d\u00e2n Bhutan g\u1ed1c Th\u1ee5y S\u0129. Bia c\u1ee7a Bhutan c\u00f3 n\u1ed3ng \u0111\u1ed9 kh\u00e1 cao n\u00ean b\u1ea1n h\u00e3y c\u1ea9n th\u1eadn khi u\u1ed1ng.<\/p><\/div>\n<div id=\"attachment_124565\" style=\"width: 670px\" class=\"wp-caption aligncenter\"><a href=\"https:\/\/cdn3.ivivu.com\/2016\/02\/10-ly-do-khien-ban-phai-den-bhutan-trong-nam-ivivu-6.jpg\"><img loading=\"lazy\" decoding=\"async\" aria-describedby=\"caption-attachment-124565\" class=\"wp-image-124565 size-full\" title=\"Nh\u1eefng phong t\u1ee5c k\u1ef3 l\u1ea1: T\u1ea1i \u0111\u1ea5t n\u01b0\u1edbc h\u1ea1nh ph\u00fac nh\u1ea5t th\u1ebf gi\u1edbi n\u00e0y, b\u1ed9 ph\u1eadn nh\u1ea1y c\u1ea3m c\u1ee7a nam gi\u1edbi \u0111\u01b0\u1ee3c xem nh\u01b0 m\u1ed9t v\u1eadt thi\u00eang. Ch\u00fang xu\u1ea5t hi\u1ec7n kh\u1eafp c\u00e1c khung c\u1eeda v\u00e0 ng\u01b0\u1eddi d\u00e2n th\u01b0\u1eddng trang tr\u00ed nh\u00e0 c\u1eeda b\u1eb1ng nh\u1eefng b\u1ee9c t\u01b0\u1ee3ng qu\u00e1 kh\u1ed5 m\u00f4 ph\u1ecfng b\u1ed9 ph\u1eadn n\u00e0y. Bhutan c\u0169ng th\u1edd r\u1ea5t nhi\u1ec1u lo\u1ea1i linh v\u1eadt nh\u01b0 b\u00f2, c\u1eebu v\u00e0 d\u00ea.\" src=\"https:\/\/cdn3.ivivu.com\/2016\/02\/10-ly-do-khien-ban-phai-den-bhutan-trong-nam-ivivu-6.jpg\" alt=\"Nh\u1eefng phong t\u1ee5c k\u1ef3 l\u1ea1: T\u1ea1i \u0111\u1ea5t n\u01b0\u1edbc h\u1ea1nh ph\u00fac nh\u1ea5t th\u1ebf gi\u1edbi n\u00e0y, b\u1ed9 ph\u1eadn nh\u1ea1y c\u1ea3m c\u1ee7a nam gi\u1edbi \u0111\u01b0\u1ee3c xem nh\u01b0 m\u1ed9t v\u1eadt thi\u00eang. Ch\u00fang xu\u1ea5t hi\u1ec7n kh\u1eafp c\u00e1c khung c\u1eeda v\u00e0 ng\u01b0\u1eddi d\u00e2n th\u01b0\u1eddng trang tr\u00ed nh\u00e0 c\u1eeda b\u1eb1ng nh\u1eefng b\u1ee9c t\u01b0\u1ee3ng qu\u00e1 kh\u1ed5 m\u00f4 ph\u1ecfng b\u1ed9 ph\u1eadn n\u00e0y. Bhutan c\u0169ng th\u1edd r\u1ea5t nhi\u1ec1u lo\u1ea1i linh v\u1eadt nh\u01b0 b\u00f2, c\u1eebu v\u00e0 d\u00ea.\" width=\"660\" height=\"440\" srcset=\"https:\/\/cdn3.ivivu.com\/2016\/02\/10-ly-do-khien-ban-phai-den-bhutan-trong-nam-ivivu-6.jpg 660w, https:\/\/cdn3.ivivu.com\/2016\/02\/10-ly-do-khien-ban-phai-den-bhutan-trong-nam-ivivu-6-458x305.jpg 458w\" sizes=\"(max-width: 660px) 100vw, 660px\" \/><\/a><p id=\"caption-attachment-124565\" class=\"wp-caption-text\"><strong>Nh\u1eefng phong t\u1ee5c k\u1ef3 l\u1ea1: <\/strong>T\u1ea1i \u0111\u1ea5t n\u01b0\u1edbc h\u1ea1nh ph\u00fac nh\u1ea5t th\u1ebf gi\u1edbi n\u00e0y, b\u1ed9 ph\u1eadn nh\u1ea1y c\u1ea3m c\u1ee7a nam gi\u1edbi \u0111\u01b0\u1ee3c xem nh\u01b0 m\u1ed9t v\u1eadt thi\u00eang. Ch\u00fang xu\u1ea5t hi\u1ec7n kh\u1eafp c\u00e1c khung c\u1eeda v\u00e0 ng\u01b0\u1eddi d\u00e2n th\u01b0\u1eddng trang tr\u00ed nh\u00e0 c\u1eeda b\u1eb1ng nh\u1eefng b\u1ee9c t\u01b0\u1ee3ng qu\u00e1 kh\u1ed5 m\u00f4 ph\u1ecfng b\u1ed9 ph\u1eadn n\u00e0y. Bhutan c\u0169ng th\u1edd r\u1ea5t nhi\u1ec1u lo\u1ea1i linh v\u1eadt nh\u01b0 b\u00f2, c\u1eebu v\u00e0 d\u00ea.<\/p><\/div>\n<div id=\"attachment_124566\" style=\"width: 670px\" class=\"wp-caption aligncenter\"><a href=\"https:\/\/cdn3.ivivu.com\/2016\/02\/10-ly-do-khien-ban-phai-den-bhutan-trong-nam-ivivu-7.jpg\"><img loading=\"lazy\" decoding=\"async\" aria-describedby=\"caption-attachment-124566\" class=\"wp-image-124566 size-full\" title=\"\u0110\u00e8o Dochula: \u0110\u00e8o Dochula, n\u01a1i t\u1ecda l\u1ea1c c\u1ee7a 108 ng\u1ecdn th\u00e1p, quanh n\u0103m \u0111\u01b0\u1ee3c bao ph\u1ee7 trong l\u00e0n s\u01b0\u01a1ng m\u00f9. N\u1ebfu mu\u1ed1n ng\u1eafm c\u1ea3nh, th\u00e1ng 10 \u0111\u1ebfn th\u00e1ng 2 n\u0103m sau l\u00e0 kho\u1ea3ng th\u1eddi gian l\u00fd t\u01b0\u1edfng nh\u1ea5t, t\u1eeb Dochula du kh\u00e1ch s\u1ebd \u0111\u01b0\u1ee3c ng\u1eafm nh\u00ecn khung c\u1ea3nh h\u00f9ng v\u0129 c\u1ee7a d\u00e3y Himalaya.\" src=\"https:\/\/cdn3.ivivu.com\/2016\/02\/10-ly-do-khien-ban-phai-den-bhutan-trong-nam-ivivu-7.jpg\" alt=\"\u0110\u00e8o Dochula: \u0110\u00e8o Dochula, n\u01a1i t\u1ecda l\u1ea1c c\u1ee7a 108 ng\u1ecdn th\u00e1p, quanh n\u0103m \u0111\u01b0\u1ee3c bao ph\u1ee7 trong l\u00e0n s\u01b0\u01a1ng m\u00f9. N\u1ebfu mu\u1ed1n ng\u1eafm c\u1ea3nh, th\u00e1ng 10 \u0111\u1ebfn th\u00e1ng 2 n\u0103m sau l\u00e0 kho\u1ea3ng th\u1eddi gian l\u00fd t\u01b0\u1edfng nh\u1ea5t, t\u1eeb Dochula du kh\u00e1ch s\u1ebd \u0111\u01b0\u1ee3c ng\u1eafm nh\u00ecn khung c\u1ea3nh h\u00f9ng v\u0129 c\u1ee7a d\u00e3y Himalaya.\" width=\"660\" height=\"440\" srcset=\"https:\/\/cdn3.ivivu.com\/2016\/02\/10-ly-do-khien-ban-phai-den-bhutan-trong-nam-ivivu-7.jpg 660w, https:\/\/cdn3.ivivu.com\/2016\/02\/10-ly-do-khien-ban-phai-den-bhutan-trong-nam-ivivu-7-458x305.jpg 458w\" sizes=\"(max-width: 660px) 100vw, 660px\" \/><\/a><p id=\"caption-attachment-124566\" class=\"wp-caption-text\"><strong>\u0110\u00e8o Dochula:<\/strong> \u0110\u00e8o Dochula, n\u01a1i t\u1ecda l\u1ea1c c\u1ee7a 108 ng\u1ecdn th\u00e1p, quanh n\u0103m \u0111\u01b0\u1ee3c bao ph\u1ee7 trong l\u00e0n s\u01b0\u01a1ng m\u00f9. N\u1ebfu mu\u1ed1n ng\u1eafm c\u1ea3nh, th\u00e1ng 10 \u0111\u1ebfn th\u00e1ng 2 n\u0103m sau l\u00e0 kho\u1ea3ng th\u1eddi gian l\u00fd t\u01b0\u1edfng nh\u1ea5t, t\u1eeb Dochula du kh\u00e1ch s\u1ebd \u0111\u01b0\u1ee3c ng\u1eafm nh\u00ecn khung c\u1ea3nh h\u00f9ng v\u0129 c\u1ee7a d\u00e3y Himalaya.<\/p><\/div>\n<div id=\"attachment_124567\" style=\"width: 670px\" class=\"wp-caption aligncenter\"><a href=\"https:\/\/cdn3.ivivu.com\/2016\/02\/10-ly-do-khien-ban-phai-den-bhutan-trong-nam-ivivu-8.jpg\"><img loading=\"lazy\" decoding=\"async\" aria-describedby=\"caption-attachment-124567\" class=\"wp-image-124567 size-full\" title=\"Trang ph\u1ee5c truy\u1ec1n th\u1ed1ng: \u1ede nhi\u1ec1u qu\u1ed1c gia, trang ph\u1ee5c truy\u1ec1n th\u1ed1ng th\u01b0\u1eddng r\u1ea5t \u0111\u01b0\u1ee3c kh\u00e1ch du l\u1ecbch y\u00eau th\u00edch v\u00ec n\u00e9t v\u0103n h\u00f3a m\u00e0 n\u00f3 mang l\u1ea1i. T\u1ea1i Bhutan, \u0111\u00e0n \u00f4ng th\u01b0\u1eddng m\u1eb7c \u201cgho\u201d, lo\u1ea1i \u00e1o cho\u00e0ng d\u00e0i t\u1edbi \u0111\u1ea7u g\u1ed1i c\u00f2n ph\u1ee5 n\u1eef m\u1eb7c m\u1ed9t lo\u1ea1i \u00e1o kh\u00f4ng c\u00f3 tay, d\u00e0i t\u1edbi m\u1eaft c\u00e1 ch\u00e2n th\u01b0\u1eddng g\u1ecdi l\u00e0 \u201ckira\u201d. C\u1ea3 hai lo\u1ea1i trang ph\u1ee5c n\u00e0y \u0111\u1ec1u c\u00f3 m\u1ed9t v\u1ecb tr\u00ed quan tr\u1ecdng trong c\u1ea3 c\u00f4ng vi\u1ec7c v\u00e0 \u0111\u1eddi s\u1ed1ng c\u1ee7a ng\u01b0\u1eddi d\u00e2n Bhutan.\" src=\"https:\/\/cdn3.ivivu.com\/2016\/02\/10-ly-do-khien-ban-phai-den-bhutan-trong-nam-ivivu-8.jpg\" alt=\"Trang ph\u1ee5c truy\u1ec1n th\u1ed1ng: \u1ede nhi\u1ec1u qu\u1ed1c gia, trang ph\u1ee5c truy\u1ec1n th\u1ed1ng th\u01b0\u1eddng r\u1ea5t \u0111\u01b0\u1ee3c kh\u00e1ch du l\u1ecbch y\u00eau th\u00edch v\u00ec n\u00e9t v\u0103n h\u00f3a m\u00e0 n\u00f3 mang l\u1ea1i. T\u1ea1i Bhutan, \u0111\u00e0n \u00f4ng th\u01b0\u1eddng m\u1eb7c \u201cgho\u201d, lo\u1ea1i \u00e1o cho\u00e0ng d\u00e0i t\u1edbi \u0111\u1ea7u g\u1ed1i c\u00f2n ph\u1ee5 n\u1eef m\u1eb7c m\u1ed9t lo\u1ea1i \u00e1o kh\u00f4ng c\u00f3 tay, d\u00e0i t\u1edbi m\u1eaft c\u00e1 ch\u00e2n th\u01b0\u1eddng g\u1ecdi l\u00e0 \u201ckira\u201d. C\u1ea3 hai lo\u1ea1i trang ph\u1ee5c n\u00e0y \u0111\u1ec1u c\u00f3 m\u1ed9t v\u1ecb tr\u00ed quan tr\u1ecdng trong c\u1ea3 c\u00f4ng vi\u1ec7c v\u00e0 \u0111\u1eddi s\u1ed1ng c\u1ee7a ng\u01b0\u1eddi d\u00e2n Bhutan.\" width=\"660\" height=\"440\" srcset=\"https:\/\/cdn3.ivivu.com\/2016\/02\/10-ly-do-khien-ban-phai-den-bhutan-trong-nam-ivivu-8.jpg 660w, https:\/\/cdn3.ivivu.com\/2016\/02\/10-ly-do-khien-ban-phai-den-bhutan-trong-nam-ivivu-8-458x305.jpg 458w\" sizes=\"(max-width: 660px) 100vw, 660px\" \/><\/a><p id=\"caption-attachment-124567\" class=\"wp-caption-text\"><strong>Trang ph\u1ee5c truy\u1ec1n th\u1ed1ng:<\/strong> \u1ede nhi\u1ec1u qu\u1ed1c gia, trang ph\u1ee5c truy\u1ec1n th\u1ed1ng th\u01b0\u1eddng r\u1ea5t \u0111\u01b0\u1ee3c kh\u00e1ch du l\u1ecbch y\u00eau th\u00edch v\u00ec n\u00e9t v\u0103n h\u00f3a m\u00e0 n\u00f3 mang l\u1ea1i. T\u1ea1i Bhutan, \u0111\u00e0n \u00f4ng th\u01b0\u1eddng m\u1eb7c \u201cgho\u201d, lo\u1ea1i \u00e1o cho\u00e0ng d\u00e0i t\u1edbi \u0111\u1ea7u g\u1ed1i c\u00f2n ph\u1ee5 n\u1eef m\u1eb7c m\u1ed9t lo\u1ea1i \u00e1o kh\u00f4ng c\u00f3 tay, d\u00e0i t\u1edbi m\u1eaft c\u00e1 ch\u00e2n th\u01b0\u1eddng g\u1ecdi l\u00e0 \u201ckira\u201d. C\u1ea3 hai lo\u1ea1i trang ph\u1ee5c n\u00e0y \u0111\u1ec1u c\u00f3 m\u1ed9t v\u1ecb tr\u00ed quan tr\u1ecdng trong c\u1ea3 c\u00f4ng vi\u1ec7c v\u00e0 \u0111\u1eddi s\u1ed1ng c\u1ee7a ng\u01b0\u1eddi d\u00e2n Bhutan.<\/p><\/div>\n<div id=\"attachment_124568\" style=\"width: 670px\" class=\"wp-caption aligncenter\"><a href=\"https:\/\/cdn3.ivivu.com\/2016\/02\/10-ly-do-khien-ban-phai-den-bhutan-trong-nam-ivivu-9.jpg\"><img loading=\"lazy\" decoding=\"async\" aria-describedby=\"caption-attachment-124568\" class=\"wp-image-124568 size-full\" title=\"Nh\u1eefng cung \u0111\u01b0\u1eddng m\u00f2n: Bhutan s\u1edf h\u1eefu nh\u1eefng cung \u0111\u01b0\u1eddng m\u00f2n \u0111\u1eb9p nh\u1ea5t tr\u00ean th\u1ebf gi\u1edbi. C\u00f3 t\u1ed5ng c\u1ed9ng 23 \u0111\u01b0\u1eddng \u0111i b\u1ed9 l\u1edbn m\u00e0 du kh\u00e1ch c\u00f3 th\u1ec3 l\u1ef1a ch\u1ecdn kh\u00e1m ph\u00e1 trong kho\u1ea3ng 3 - 25 ng\u00e0y. Hai trong s\u1ed1 nh\u1eefng n\u01a1i \u0111\u01b0\u1ee3c \u0111\u00e1nh gi\u00e1 \u0111\u1eb9p nh\u1ea5t l\u00e0 Zuri Dzong (Ph\u1eadt \u0111\u00e3 thi\u1ec1n \u0111\u1ecbnh trong m\u1ed9t hang \u0111\u1ed9ng t\u1ea1i \u0111\u00e2y) v\u00e0 Thung l\u0169ng Gangte v\u1edbi nh\u1eefng c\u00e1nh r\u1eebng t\u01b0\u01a1i t\u1ed1t v\u00e0 c\u00e1c tu vi\u1ec7n y\u00ean b\u00ecnh. Ngo\u00e0i ra, b\u1ea1n c\u00f3 th\u1ec3 kh\u00e1m ph\u00e1 \u0111\u1eddi s\u1ed1ng c\u1ee7a c\u00e1c lo\u00e0i \u0111\u1ed9ng v\u1eadt hoang d\u00e3 hai b\u00ean \u0111\u01b0\u1eddng \u0111i nh\u01b0 b\u00e1o tuy\u1ebft, h\u1ed5 Bengal, g\u1ea5u \u0111\u1ed1m v\u00e0 t\u00ea gi\u00e1c m\u1ed9t s\u1eebng.\" src=\"https:\/\/cdn3.ivivu.com\/2016\/02\/10-ly-do-khien-ban-phai-den-bhutan-trong-nam-ivivu-9.jpg\" alt=\"Nh\u1eefng cung \u0111\u01b0\u1eddng m\u00f2n: Bhutan s\u1edf h\u1eefu nh\u1eefng cung \u0111\u01b0\u1eddng m\u00f2n \u0111\u1eb9p nh\u1ea5t tr\u00ean th\u1ebf gi\u1edbi. C\u00f3 t\u1ed5ng c\u1ed9ng 23 \u0111\u01b0\u1eddng \u0111i b\u1ed9 l\u1edbn m\u00e0 du kh\u00e1ch c\u00f3 th\u1ec3 l\u1ef1a ch\u1ecdn kh\u00e1m ph\u00e1 trong kho\u1ea3ng 3 - 25 ng\u00e0y. Hai trong s\u1ed1 nh\u1eefng n\u01a1i \u0111\u01b0\u1ee3c \u0111\u00e1nh gi\u00e1 \u0111\u1eb9p nh\u1ea5t l\u00e0 Zuri Dzong (Ph\u1eadt \u0111\u00e3 thi\u1ec1n \u0111\u1ecbnh trong m\u1ed9t hang \u0111\u1ed9ng t\u1ea1i \u0111\u00e2y) v\u00e0 Thung l\u0169ng Gangte v\u1edbi nh\u1eefng c\u00e1nh r\u1eebng t\u01b0\u01a1i t\u1ed1t v\u00e0 c\u00e1c tu vi\u1ec7n y\u00ean b\u00ecnh. Ngo\u00e0i ra, b\u1ea1n c\u00f3 th\u1ec3 kh\u00e1m ph\u00e1 \u0111\u1eddi s\u1ed1ng c\u1ee7a c\u00e1c lo\u00e0i \u0111\u1ed9ng v\u1eadt hoang d\u00e3 hai b\u00ean \u0111\u01b0\u1eddng \u0111i nh\u01b0 b\u00e1o tuy\u1ebft, h\u1ed5 Bengal, g\u1ea5u \u0111\u1ed1m v\u00e0 t\u00ea gi\u00e1c m\u1ed9t s\u1eebng.\" width=\"660\" height=\"353\" srcset=\"https:\/\/cdn3.ivivu.com\/2016\/02\/10-ly-do-khien-ban-phai-den-bhutan-trong-nam-ivivu-9.jpg 660w, https:\/\/cdn3.ivivu.com\/2016\/02\/10-ly-do-khien-ban-phai-den-bhutan-trong-nam-ivivu-9-540x289.jpg 540w, https:\/\/cdn3.ivivu.com\/2016\/02\/10-ly-do-khien-ban-phai-den-bhutan-trong-nam-ivivu-9-50x28.jpg 50w\" sizes=\"(max-width: 660px) 100vw, 660px\" \/><\/a><p id=\"caption-attachment-124568\" class=\"wp-caption-text\"><strong>Nh\u1eefng cung \u0111\u01b0\u1eddng m\u00f2n:<\/strong> Bhutan s\u1edf h\u1eefu nh\u1eefng cung \u0111\u01b0\u1eddng m\u00f2n \u0111\u1eb9p nh\u1ea5t tr\u00ean th\u1ebf gi\u1edbi. C\u00f3 t\u1ed5ng c\u1ed9ng 23 \u0111\u01b0\u1eddng \u0111i b\u1ed9 l\u1edbn m\u00e0 du kh\u00e1ch c\u00f3 th\u1ec3 l\u1ef1a ch\u1ecdn kh\u00e1m ph\u00e1 trong kho\u1ea3ng 3 &#8211; 25 ng\u00e0y. Hai trong s\u1ed1 nh\u1eefng n\u01a1i \u0111\u01b0\u1ee3c \u0111\u00e1nh gi\u00e1 \u0111\u1eb9p nh\u1ea5t l\u00e0 Zuri Dzong (Ph\u1eadt \u0111\u00e3 thi\u1ec1n \u0111\u1ecbnh trong m\u1ed9t hang \u0111\u1ed9ng t\u1ea1i \u0111\u00e2y) v\u00e0 Thung l\u0169ng Gangte v\u1edbi nh\u1eefng c\u00e1nh r\u1eebng t\u01b0\u01a1i t\u1ed1t v\u00e0 c\u00e1c tu vi\u1ec7n y\u00ean b\u00ecnh. Ngo\u00e0i ra, b\u1ea1n c\u00f3 th\u1ec3 kh\u00e1m ph\u00e1 \u0111\u1eddi s\u1ed1ng c\u1ee7a c\u00e1c lo\u00e0i \u0111\u1ed9ng v\u1eadt hoang d\u00e3 hai b\u00ean \u0111\u01b0\u1eddng \u0111i nh\u01b0 b\u00e1o tuy\u1ebft, h\u1ed5 Bengal, g\u1ea5u \u0111\u1ed1m v\u00e0 t\u00ea gi\u00e1c m\u1ed9t s\u1eebng.<\/p><\/div>\n<div id=\"attachment_124569\" style=\"width: 670px\" class=\"wp-caption aligncenter\"><a href=\"https:\/\/cdn3.ivivu.com\/2016\/02\/10-ly-do-khien-ban-phai-den-bhutan-trong-nam-ivivu-10.jpg\"><img loading=\"lazy\" decoding=\"async\" aria-describedby=\"caption-attachment-124569\" class=\"wp-image-124569 size-full\" title=\"Kh\u00e1ch s\u1ea1n cao c\u1ea5p: N\u0103m 2015, r\u1ea5t nhi\u1ec1u kh\u00e1ch s\u1ea1n cao c\u1ea5p c\u1ee7a Bhutan \u0111\u00e3 \u0111\u01b0\u1ee3c \u0111\u1ea7u t\u01b0 x\u00e2y d\u1ef1ng v\u00e0 \u0111i v\u00e0o ho\u1ea1t \u0111\u1ed9ng nh\u1eb1m ph\u1ee5c v\u1ee5 cho du kh\u00e1ch qu\u1ed1c t\u1ebf. B\u1ea1n c\u00f3 th\u1ec3 ch\u1ecdn kh\u00e1ch s\u1ea1n Taj, Six Senses hay Le Meridiens l\u00e0m \u0111i\u1ec3m d\u1eebng ch\u00e2n trong chuy\u1ebfn \u0111i c\u1ee7a m\u00ecnh. C\u00e1c d\u1ecbch v\u1ee5 ngh\u1ec9 d\u01b0\u1ee1ng ch\u1ea5t l\u01b0\u1ee3ng cao t\u1ea1i nh\u1eefng kh\u00e1ch s\u1ea1n n\u00e0y ch\u1eafc ch\u1eafn s\u1ebd gi\u00fap b\u1ea1n c\u1ea3m th\u1ea5y tho\u1ea3i m\u00e1i nh\u1ea5t.\" src=\"https:\/\/cdn3.ivivu.com\/2016\/02\/10-ly-do-khien-ban-phai-den-bhutan-trong-nam-ivivu-10.jpg\" alt=\"Kh\u00e1ch s\u1ea1n cao c\u1ea5p: N\u0103m 2015, r\u1ea5t nhi\u1ec1u kh\u00e1ch s\u1ea1n cao c\u1ea5p c\u1ee7a Bhutan \u0111\u00e3 \u0111\u01b0\u1ee3c \u0111\u1ea7u t\u01b0 x\u00e2y d\u1ef1ng v\u00e0 \u0111i v\u00e0o ho\u1ea1t \u0111\u1ed9ng nh\u1eb1m ph\u1ee5c v\u1ee5 cho du kh\u00e1ch qu\u1ed1c t\u1ebf. B\u1ea1n c\u00f3 th\u1ec3 ch\u1ecdn kh\u00e1ch s\u1ea1n Taj, Six Senses hay Le Meridiens l\u00e0m \u0111i\u1ec3m d\u1eebng ch\u00e2n trong chuy\u1ebfn \u0111i c\u1ee7a m\u00ecnh. C\u00e1c d\u1ecbch v\u1ee5 ngh\u1ec9 d\u01b0\u1ee1ng ch\u1ea5t l\u01b0\u1ee3ng cao t\u1ea1i nh\u1eefng kh\u00e1ch s\u1ea1n n\u00e0y ch\u1eafc ch\u1eafn s\u1ebd gi\u00fap b\u1ea1n c\u1ea3m th\u1ea5y tho\u1ea3i m\u00e1i nh\u1ea5t.\" width=\"660\" height=\"422\" srcset=\"https:\/\/cdn3.ivivu.com\/2016\/02\/10-ly-do-khien-ban-phai-den-bhutan-trong-nam-ivivu-10.jpg 660w, https:\/\/cdn3.ivivu.com\/2016\/02\/10-ly-do-khien-ban-phai-den-bhutan-trong-nam-ivivu-10-477x305.jpg 477w\" sizes=\"(max-width: 660px) 100vw, 660px\" \/><\/a><p id=\"caption-attachment-124569\" class=\"wp-caption-text\"><strong>Kh\u00e1ch s\u1ea1n cao c\u1ea5p: <\/strong>N\u0103m 2015, r\u1ea5t nhi\u1ec1u kh\u00e1ch s\u1ea1n cao c\u1ea5p c\u1ee7a Bhutan \u0111\u00e3 \u0111\u01b0\u1ee3c \u0111\u1ea7u t\u01b0 x\u00e2y d\u1ef1ng v\u00e0 \u0111i v\u00e0o ho\u1ea1t \u0111\u1ed9ng nh\u1eb1m ph\u1ee5c v\u1ee5 cho du kh\u00e1ch qu\u1ed1c t\u1ebf. B\u1ea1n c\u00f3 th\u1ec3 ch\u1ecdn kh\u00e1ch s\u1ea1n Taj, Six Senses hay Le Meridiens l\u00e0m \u0111i\u1ec3m d\u1eebng ch\u00e2n trong chuy\u1ebfn \u0111i c\u1ee7a m\u00ecnh. C\u00e1c d\u1ecbch v\u1ee5 ngh\u1ec9 d\u01b0\u1ee1ng ch\u1ea5t l\u01b0\u1ee3ng cao t\u1ea1i nh\u1eefng kh\u00e1ch s\u1ea1n n\u00e0y ch\u1eafc ch\u1eafn s\u1ebd gi\u00fap b\u1ea1n c\u1ea3m th\u1ea5y tho\u1ea3i m\u00e1i nh\u1ea5t.<\/p><\/div>\n<h4 style=\"text-align: center;\"><div class=\"ltt-contentbox white\"><\/span><strong>CLICK \u0110\u1eb6T NGAY\u00a0<\/strong><a href=\"https:\/\/www.ivivu.com\/du-lich?utm_source=blog_ivivu&amp;utm_medium=post_link&amp;utm_campaign=internal\" target=\"_blank\"><strong>TOUR DU L\u1ecaCH<\/strong><\/a><strong>\u00a0<\/strong><strong>V\u00c0\u00a0<\/strong><a href=\"https:\/\/www.ivivu.com\/?utm_source=blog_ivivu&amp;utm_medium=post_link&amp;utm_campaign=internal\" target=\"_blank\"><strong>KH\u00c1CH S\u1ea0N<\/strong><\/a><strong>\u00a0<\/strong><strong>V\u1edaI GI\u00c1 T\u1ed0T NH\u1ea4T CH\u1ec8 C\u00d3 T\u1ea0I IVIVU.COM<\/strong><\/div><\/h4>\n<p style=\"text-align: right;\"><strong>Theo <a href=\"http:\/\/dulich.vnexpress.net\/photo\/anh-video\/10-ly-do-khien-ban-phai-den-bhutan-trong-nam-2016-3348032.html\" target=\"_blank\">Vnexpress<\/a><\/strong><\/p>\n<div class=\"ltt-contentbox white\"><\/span><\/p>\n<p><strong>Xem th\u00eam c\u00e1c b\u00e0i vi\u1ebft:<\/strong><\/p>\n<p><strong><a href=\"https:\/\/www.ivivu.com\/blog\/2015\/12\/nhung-dieu-can-biet-cho-nguoi-du-dinh-du-lich-bhutan\/\" target=\"_blank\">Nh\u1eefng \u0111i\u1ec1u c\u1ea7n bi\u1ebft cho ng\u01b0\u1eddi d\u1ef1 \u0111\u1ecbnh du l\u1ecbch Bhutan<\/a><\/strong><\/p>\n<p><strong><a href=\"https:\/\/www.ivivu.com\/blog\/2015\/05\/chiem-nguong-nhung-khung-hinh-dep-ve-bhutan-quoc-gia-hanh-phuc-nhat-the-gioi\/\" target=\"_blank\">Chi\u00eam ng\u01b0\u1ee1ng nh\u1eefng khung h\u00ecnh \u0111\u1eb9p v\u1ec1 Bhutan \u2013 qu\u1ed1c gia h\u1ea1nh ph\u00fac nh\u1ea5t th\u1ebf gi\u1edbi<\/a><\/strong><\/p>\n<p><strong><a href=\"https:\/\/www.ivivu.com\/blog\/2014\/05\/mot-lan-den-quoc-gia-hanh-phuc-bhutan\/\" target=\"_blank\">M\u1ed9t l\u1ea7n \u0111\u1ebfn \u2018qu\u1ed1c gia h\u1ea1nh ph\u00fac\u2019 Bhutan<\/a><\/strong><\/p>\n<p><\/div>\n<h3><div class=\"ltt-contentbox white\"><\/span>Click \u0111\u1eb7t ngay\u00a0<a href=\"https:\/\/www.ivivu.com\/?utm_source=blog_ivivu&amp;utm_medium=post_link&amp;utm_campaign=internal\" target=\"_blank\">Kh\u00e1ch s\u1ea1n kh\u1eafp Vi\u1ec7t Nam v\u00e0 to\u00e0n th\u1ebf gi\u1edbi<\/a>\u00a0gi\u00e1 t\u1ed1t nh\u1ea5t\u00a0ch\u1ec9 c\u00f3 t\u1ea1i iVIVU.com<\/div><\/h3>\n<p>***<\/p>\n<p><strong>Tham kh\u1ea3o: <a href=\"https:\/\/www.ivivu.com\/blog\" target=\"_blank\">C\u1ea9m nang du l\u1ecbch iVIVU.com<\/a><\/strong><\/p>\n","protected":false},"excerpt":{"rendered":"<p>V\u1edbi m\u1ed9t \u0111\u1ea5t n\u01b0\u1edbc h\u1ea1nh ph\u00fac, kh\u00f4ng c\u00f3 g\u00ec ng\u1ea1c nhi\u00ean khi Bhutan c\u00f3 th\u1ec3 c\u00e2n b\u1eb1ng gi\u1eefa ph\u00e1t tri\u1ec3n kinh t\u1ebf v\u00e0 gi\u1eef g\u00ecn v\u1ebb \u0111\u1eb9p c\u1ee7a t\u1ef1 nhi\u00ean. Hi\u1ec7n nay, Bhutan v\u1eabn c\u00f2n l\u00e0 m\u1ed9t \u0111\u1ea5t n\u01b0\u1edbc kh\u00e1&#8230;<\/p>\n","protected":false},"author":38,"featured_media":124566,"comment_status":"closed","ping_status":"open","sticky":false,"template":"","format":"standard","meta":{"_acf_changed":false,"footnotes":""},"categories":[246,19012,795,14742,805],"tags":[9602,14679,16836,18932,1516,6359,6351,5998,17849],"acf":[],"yoast_head":"<!-- This site is optimized with the Yoast SEO Premium plugin v22.6 (Yoast SEO v22.6) - https:\/\/yoast.com\/wordpress\/plugins\/seo\/ -->\n<title>10 l\u00fd do khi\u1ebfn b\u1ea1n ph\u1ea3i \u0111\u1ebfn du l\u1ecbch Bhutan trong n\u0103m 2016<\/title>\n<meta name=\"description\" content=\"V\u1edbi m\u1ed9t \u0111\u1ea5t n\u01b0\u1edbc h\u1ea1nh ph\u00fac, kh\u00f4ng c\u00f3 g\u00ec ng\u1ea1c nhi\u00ean khi du l\u1ecbch Bhutan v\u1eabn c\u00f2n l\u00e0 m\u1ed9t \u0111\u1ea5t n\u01b0\u1edbc kh\u00e1 b\u00ed \u1ea9n v\u1edbi th\u1ebf gi\u1edbi.\" \/>\n<meta name=\"robots\" content=\"index, follow, max-snippet:-1, max-image-preview:large, max-video-preview:-1\" \/>\n<link rel=\"canonical\" href=\"https:\/\/www.ivivu.com\/blog\/2016\/02\/10-ly-do-khien-ban-phai-den-du-lich-bhutan-trong-nam-2016\/\" \/>\n<meta name=\"twitter:label1\" content=\"\u0110\u01b0\u1ee3c vi\u1ebft b\u1edfi\" \/>\n\t<meta name=\"twitter:data1\" content=\"Ng\u00e2n Thi\u1ec1u Kim\" \/>\n\t<meta name=\"twitter:label2\" content=\"\u01af\u1edbc t\u00ednh th\u1eddi gian \u0111\u1ecdc\" \/>\n\t<meta name=\"twitter:data2\" content=\"7 ph\u00fat\" \/>\n<script type=\"application\/ld+json\" class=\"yoast-schema-graph\">{\"@context\":\"https:\/\/schema.org\",\"@graph\":[{\"@type\":\"Article\",\"@id\":\"https:\/\/www.ivivu.com\/blog\/2016\/02\/10-ly-do-khien-ban-phai-den-du-lich-bhutan-trong-nam-2016\/#article\",\"isPartOf\":{\"@id\":\"https:\/\/www.ivivu.com\/blog\/2016\/02\/10-ly-do-khien-ban-phai-den-du-lich-bhutan-trong-nam-2016\/\"},\"author\":{\"name\":\"Ng\u00e2n Thi\u1ec1u Kim\",\"@id\":\"https:\/\/www.ivivu.com\/blog\/#\/schema\/person\/f6e706f46fad4e85f2e1c3ec41136369\"},\"headline\":\"10 l\u00fd do khi\u1ebfn b\u1ea1n ph\u1ea3i \u0111\u1ebfn du l\u1ecbch Bhutan trong n\u0103m 2016\",\"datePublished\":\"2016-02-15T01:31:26+00:00\",\"dateModified\":\"2016-02-19T01:06:46+00:00\",\"mainEntityOfPage\":{\"@id\":\"https:\/\/www.ivivu.com\/blog\/2016\/02\/10-ly-do-khien-ban-phai-den-du-lich-bhutan-trong-nam-2016\/\"},\"wordCount\":1411,\"publisher\":{\"@id\":\"https:\/\/www.ivivu.com\/blog\/#organization\"},\"image\":{\"@id\":\"https:\/\/www.ivivu.com\/blog\/2016\/02\/10-ly-do-khien-ban-phai-den-du-lich-bhutan-trong-nam-2016\/#primaryimage\"},\"thumbnailUrl\":\"https:\/\/cdn3.ivivu.com\/2016\/02\/10-ly-do-khien-ban-phai-den-bhutan-trong-nam-ivivu-7.jpg\",\"keywords\":[\"Bhutan\",\"book kh\u00e1ch s\u1ea1n gi\u00e1 r\u1ebb\",\"book kh\u00e1ch s\u1ea1n tr\u1ef1c tuy\u1ebfn\",\"du l\u1ecbchBhutan\",\"\u0111\u1eb7t kh\u00e1ch s\u1ea1n\",\"\u0111\u1eb7t kh\u00e1ch s\u1ea1n gi\u00e1 r\u1ebb\",\"\u0110\u1eb7t ph\u00f2ng kh\u00e1ch s\u1ea1n online\",\"\u0111\u1eb7t ph\u00f2ng kh\u00e1ch s\u1ea1n tr\u1ef1c tuy\u1ebfn\",\"ph\u01b0\u1ee3t Bhutan\"],\"articleSection\":[\"Ch\u00e2u \u00c1\",\"Du l\u1ecbch Bhutan\",\"\u0110i\u1ec3m \u0111\u1ebfn\",\"N\u1ed5i B\u1eadt 2\",\"Top iVIVU\"],\"inLanguage\":\"vi\"},{\"@type\":\"WebPage\",\"@id\":\"https:\/\/www.ivivu.com\/blog\/2016\/02\/10-ly-do-khien-ban-phai-den-du-lich-bhutan-trong-nam-2016\/\",\"url\":\"https:\/\/www.ivivu.com\/blog\/2016\/02\/10-ly-do-khien-ban-phai-den-du-lich-bhutan-trong-nam-2016\/\",\"name\":\"10 l\u00fd do khi\u1ebfn b\u1ea1n ph\u1ea3i \u0111\u1ebfn du l\u1ecbch Bhutan trong n\u0103m 2016\",\"isPartOf\":{\"@id\":\"https:\/\/www.ivivu.com\/blog\/#website\"},\"primaryImageOfPage\":{\"@id\":\"https:\/\/www.ivivu.com\/blog\/2016\/02\/10-ly-do-khien-ban-phai-den-du-lich-bhutan-trong-nam-2016\/#primaryimage\"},\"image\":{\"@id\":\"https:\/\/www.ivivu.com\/blog\/2016\/02\/10-ly-do-khien-ban-phai-den-du-lich-bhutan-trong-nam-2016\/#primaryimage\"},\"thumbnailUrl\":\"https:\/\/cdn3.ivivu.com\/2016\/02\/10-ly-do-khien-ban-phai-den-bhutan-trong-nam-ivivu-7.jpg\",\"datePublished\":\"2016-02-15T01:31:26+00:00\",\"dateModified\":\"2016-02-19T01:06:46+00:00\",\"description\":\"V\u1edbi m\u1ed9t \u0111\u1ea5t n\u01b0\u1edbc h\u1ea1nh ph\u00fac, kh\u00f4ng c\u00f3 g\u00ec ng\u1ea1c nhi\u00ean khi du l\u1ecbch Bhutan v\u1eabn c\u00f2n l\u00e0 m\u1ed9t \u0111\u1ea5t n\u01b0\u1edbc kh\u00e1 b\u00ed \u1ea9n v\u1edbi th\u1ebf gi\u1edbi.\",\"breadcrumb\":{\"@id\":\"https:\/\/www.ivivu.com\/blog\/2016\/02\/10-ly-do-khien-ban-phai-den-du-lich-bhutan-trong-nam-2016\/#breadcrumb\"},\"inLanguage\":\"vi\",\"potentialAction\":[{\"@type\":\"ReadAction\",\"target\":[\"https:\/\/www.ivivu.com\/blog\/2016\/02\/10-ly-do-khien-ban-phai-den-du-lich-bhutan-trong-nam-2016\/\"]}]},{\"@type\":\"ImageObject\",\"inLanguage\":\"vi\",\"@id\":\"https:\/\/www.ivivu.com\/blog\/2016\/02\/10-ly-do-khien-ban-phai-den-du-lich-bhutan-trong-nam-2016\/#primaryimage\",\"url\":\"https:\/\/cdn3.ivivu.com\/2016\/02\/10-ly-do-khien-ban-phai-den-bhutan-trong-nam-ivivu-7.jpg\",\"contentUrl\":\"https:\/\/cdn3.ivivu.com\/2016\/02\/10-ly-do-khien-ban-phai-den-bhutan-trong-nam-ivivu-7.jpg\",\"width\":660,\"height\":440},{\"@type\":\"BreadcrumbList\",\"@id\":\"https:\/\/www.ivivu.com\/blog\/2016\/02\/10-ly-do-khien-ban-phai-den-du-lich-bhutan-trong-nam-2016\/#breadcrumb\",\"itemListElement\":[{\"@type\":\"ListItem\",\"position\":1,\"name\":\"Home\",\"item\":\"https:\/\/www.ivivu.com\/blog\/\"},{\"@type\":\"ListItem\",\"position\":2,\"name\":\"10 l\u00fd do khi\u1ebfn b\u1ea1n ph\u1ea3i \u0111\u1ebfn du l\u1ecbch Bhutan trong n\u0103m 2016\"}]},{\"@type\":\"WebSite\",\"@id\":\"https:\/\/www.ivivu.com\/blog\/#website\",\"url\":\"https:\/\/www.ivivu.com\/blog\/\",\"name\":\"C\u1ea9m nang du l\u1ecbch\",\"description\":\"\",\"publisher\":{\"@id\":\"https:\/\/www.ivivu.com\/blog\/#organization\"},\"potentialAction\":[{\"@type\":\"SearchAction\",\"target\":{\"@type\":\"EntryPoint\",\"urlTemplate\":\"https:\/\/www.ivivu.com\/blog\/?s={search_term_string}\"},\"query-input\":\"required name=search_term_string\"}],\"inLanguage\":\"vi\"},{\"@type\":\"Organization\",\"@id\":\"https:\/\/www.ivivu.com\/blog\/#organization\",\"name\":\"iVIVU.com\",\"url\":\"https:\/\/www.ivivu.com\/blog\/\",\"logo\":{\"@type\":\"ImageObject\",\"inLanguage\":\"vi\",\"@id\":\"https:\/\/www.ivivu.com\/blog\/#\/schema\/logo\/image\/\",\"url\":\"https:\/\/cdn3.ivivu.com\/2024\/01\/ivivu_no_slogan.png\",\"contentUrl\":\"https:\/\/cdn3.ivivu.com\/2024\/01\/ivivu_no_slogan.png\",\"width\":788,\"height\":565,\"caption\":\"iVIVU.com\"},\"image\":{\"@id\":\"https:\/\/www.ivivu.com\/blog\/#\/schema\/logo\/image\/\"},\"sameAs\":[\"https:\/\/www.facebook.com\/iVIVU\"]},{\"@type\":\"Person\",\"@id\":\"https:\/\/www.ivivu.com\/blog\/#\/schema\/person\/f6e706f46fad4e85f2e1c3ec41136369\",\"name\":\"Ng\u00e2n Thi\u1ec1u Kim\",\"sameAs\":[\"https:\/\/www.ivivu.com\/blog\/\"],\"url\":\"https:\/\/www.ivivu.com\/blog\/author\/ngan-thieu\/\"}]}<\/script>\n<!-- \/ Yoast SEO Premium plugin. -->","yoast_head_json":{"title":"10 l\u00fd do khi\u1ebfn b\u1ea1n ph\u1ea3i \u0111\u1ebfn du l\u1ecbch Bhutan trong n\u0103m 2016","description":"V\u1edbi m\u1ed9t \u0111\u1ea5t n\u01b0\u1edbc h\u1ea1nh ph\u00fac, kh\u00f4ng c\u00f3 g\u00ec ng\u1ea1c nhi\u00ean khi du l\u1ecbch Bhutan v\u1eabn c\u00f2n l\u00e0 m\u1ed9t \u0111\u1ea5t n\u01b0\u1edbc kh\u00e1 b\u00ed \u1ea9n v\u1edbi th\u1ebf gi\u1edbi.","robots":{"index":"index","follow":"follow","max-snippet":"max-snippet:-1","max-image-preview":"max-image-preview:large","max-video-preview":"max-video-preview:-1"},"canonical":"https:\/\/www.ivivu.com\/blog\/2016\/02\/10-ly-do-khien-ban-phai-den-du-lich-bhutan-trong-nam-2016\/","twitter_misc":{"\u0110\u01b0\u1ee3c vi\u1ebft b\u1edfi":"Ng\u00e2n Thi\u1ec1u Kim","\u01af\u1edbc t\u00ednh th\u1eddi gian \u0111\u1ecdc":"7 ph\u00fat"},"schema":{"@context":"https:\/\/schema.org","@graph":[{"@type":"Article","@id":"https:\/\/www.ivivu.com\/blog\/2016\/02\/10-ly-do-khien-ban-phai-den-du-lich-bhutan-trong-nam-2016\/#article","isPartOf":{"@id":"https:\/\/www.ivivu.com\/blog\/2016\/02\/10-ly-do-khien-ban-phai-den-du-lich-bhutan-trong-nam-2016\/"},"author":{"name":"Ng\u00e2n Thi\u1ec1u Kim","@id":"https:\/\/www.ivivu.com\/blog\/#\/schema\/person\/f6e706f46fad4e85f2e1c3ec41136369"},"headline":"10 l\u00fd do khi\u1ebfn b\u1ea1n ph\u1ea3i \u0111\u1ebfn du l\u1ecbch Bhutan trong n\u0103m 2016","datePublished":"2016-02-15T01:31:26+00:00","dateModified":"2016-02-19T01:06:46+00:00","mainEntityOfPage":{"@id":"https:\/\/www.ivivu.com\/blog\/2016\/02\/10-ly-do-khien-ban-phai-den-du-lich-bhutan-trong-nam-2016\/"},"wordCount":1411,"publisher":{"@id":"https:\/\/www.ivivu.com\/blog\/#organization"},"image":{"@id":"https:\/\/www.ivivu.com\/blog\/2016\/02\/10-ly-do-khien-ban-phai-den-du-lich-bhutan-trong-nam-2016\/#primaryimage"},"thumbnailUrl":"https:\/\/cdn3.ivivu.com\/2016\/02\/10-ly-do-khien-ban-phai-den-bhutan-trong-nam-ivivu-7.jpg","keywords":["Bhutan","book kh\u00e1ch s\u1ea1n gi\u00e1 r\u1ebb","book kh\u00e1ch s\u1ea1n tr\u1ef1c tuy\u1ebfn","du l\u1ecbchBhutan","\u0111\u1eb7t kh\u00e1ch s\u1ea1n","\u0111\u1eb7t kh\u00e1ch s\u1ea1n gi\u00e1 r\u1ebb","\u0110\u1eb7t ph\u00f2ng kh\u00e1ch s\u1ea1n online","\u0111\u1eb7t ph\u00f2ng kh\u00e1ch s\u1ea1n tr\u1ef1c tuy\u1ebfn","ph\u01b0\u1ee3t Bhutan"],"articleSection":["Ch\u00e2u \u00c1","Du l\u1ecbch Bhutan","\u0110i\u1ec3m \u0111\u1ebfn","N\u1ed5i B\u1eadt 2","Top iVIVU"],"inLanguage":"vi"},{"@type":"WebPage","@id":"https:\/\/www.ivivu.com\/blog\/2016\/02\/10-ly-do-khien-ban-phai-den-du-lich-bhutan-trong-nam-2016\/","url":"https:\/\/www.ivivu.com\/blog\/2016\/02\/10-ly-do-khien-ban-phai-den-du-lich-bhutan-trong-nam-2016\/","name":"10 l\u00fd do khi\u1ebfn b\u1ea1n ph\u1ea3i \u0111\u1ebfn du l\u1ecbch Bhutan trong n\u0103m 2016","isPartOf":{"@id":"https:\/\/www.ivivu.com\/blog\/#website"},"primaryImageOfPage":{"@id":"https:\/\/www.ivivu.com\/blog\/2016\/02\/10-ly-do-khien-ban-phai-den-du-lich-bhutan-trong-nam-2016\/#primaryimage"},"image":{"@id":"https:\/\/www.ivivu.com\/blog\/2016\/02\/10-ly-do-khien-ban-phai-den-du-lich-bhutan-trong-nam-2016\/#primaryimage"},"thumbnailUrl":"https:\/\/cdn3.ivivu.com\/2016\/02\/10-ly-do-khien-ban-phai-den-bhutan-trong-nam-ivivu-7.jpg","datePublished":"2016-02-15T01:31:26+00:00","dateModified":"2016-02-19T01:06:46+00:00","description":"V\u1edbi m\u1ed9t \u0111\u1ea5t n\u01b0\u1edbc h\u1ea1nh ph\u00fac, kh\u00f4ng c\u00f3 g\u00ec ng\u1ea1c nhi\u00ean khi du l\u1ecbch Bhutan v\u1eabn c\u00f2n l\u00e0 m\u1ed9t \u0111\u1ea5t n\u01b0\u1edbc kh\u00e1 b\u00ed \u1ea9n v\u1edbi th\u1ebf gi\u1edbi.","breadcrumb":{"@id":"https:\/\/www.ivivu.com\/blog\/2016\/02\/10-ly-do-khien-ban-phai-den-du-lich-bhutan-trong-nam-2016\/#breadcrumb"},"inLanguage":"vi","potentialAction":[{"@type":"ReadAction","target":["https:\/\/www.ivivu.com\/blog\/2016\/02\/10-ly-do-khien-ban-phai-den-du-lich-bhutan-trong-nam-2016\/"]}]},{"@type":"ImageObject","inLanguage":"vi","@id":"https:\/\/www.ivivu.com\/blog\/2016\/02\/10-ly-do-khien-ban-phai-den-du-lich-bhutan-trong-nam-2016\/#primaryimage","url":"https:\/\/cdn3.ivivu.com\/2016\/02\/10-ly-do-khien-ban-phai-den-bhutan-trong-nam-ivivu-7.jpg","contentUrl":"https:\/\/cdn3.ivivu.com\/2016\/02\/10-ly-do-khien-ban-phai-den-bhutan-trong-nam-ivivu-7.jpg","width":660,"height":440},{"@type":"BreadcrumbList","@id":"https:\/\/www.ivivu.com\/blog\/2016\/02\/10-ly-do-khien-ban-phai-den-du-lich-bhutan-trong-nam-2016\/#breadcrumb","itemListElement":[{"@type":"ListItem","position":1,"name":"Home","item":"https:\/\/www.ivivu.com\/blog\/"},{"@type":"ListItem","position":2,"name":"10 l\u00fd do khi\u1ebfn b\u1ea1n ph\u1ea3i \u0111\u1ebfn du l\u1ecbch Bhutan trong n\u0103m 2016"}]},{"@type":"WebSite","@id":"https:\/\/www.ivivu.com\/blog\/#website","url":"https:\/\/www.ivivu.com\/blog\/","name":"C\u1ea9m nang du l\u1ecbch","description":"","publisher":{"@id":"https:\/\/www.ivivu.com\/blog\/#organization"},"potentialAction":[{"@type":"SearchAction","target":{"@type":"EntryPoint","urlTemplate":"https:\/\/www.ivivu.com\/blog\/?s={search_term_string}"},"query-input":"required name=search_term_string"}],"inLanguage":"vi"},{"@type":"Organization","@id":"https:\/\/www.ivivu.com\/blog\/#organization","name":"iVIVU.com","url":"https:\/\/www.ivivu.com\/blog\/","logo":{"@type":"ImageObject","inLanguage":"vi","@id":"https:\/\/www.ivivu.com\/blog\/#\/schema\/logo\/image\/","url":"https:\/\/cdn3.ivivu.com\/2024\/01\/ivivu_no_slogan.png","contentUrl":"https:\/\/cdn3.ivivu.com\/2024\/01\/ivivu_no_slogan.png","width":788,"height":565,"caption":"iVIVU.com"},"image":{"@id":"https:\/\/www.ivivu.com\/blog\/#\/schema\/logo\/image\/"},"sameAs":["https:\/\/www.facebook.com\/iVIVU"]},{"@type":"Person","@id":"https:\/\/www.ivivu.com\/blog\/#\/schema\/person\/f6e706f46fad4e85f2e1c3ec41136369","name":"Ng\u00e2n Thi\u1ec1u Kim","sameAs":["https:\/\/www.ivivu.com\/blog\/"],"url":"https:\/\/www.ivivu.com\/blog\/author\/ngan-thieu\/"}]}},"_links":{"self":[{"href":"https:\/\/www.ivivu.com\/blog\/wp-json\/wp\/v2\/posts\/124559"}],"collection":[{"href":"https:\/\/www.ivivu.com\/blog\/wp-json\/wp\/v2\/posts"}],"about":[{"href":"https:\/\/www.ivivu.com\/blog\/wp-json\/wp\/v2\/types\/post"}],"author":[{"embeddable":true,"href":"https:\/\/www.ivivu.com\/blog\/wp-json\/wp\/v2\/users\/38"}],"replies":[{"embeddable":true,"href":"https:\/\/www.ivivu.com\/blog\/wp-json\/wp\/v2\/comments?post=124559"}],"version-history":[{"count":4,"href":"https:\/\/www.ivivu.com\/blog\/wp-json\/wp\/v2\/posts\/124559\/revisions"}],"predecessor-version":[{"id":124883,"href":"https:\/\/www.ivivu.com\/blog\/wp-json\/wp\/v2\/posts\/124559\/revisions\/124883"}],"wp:featuredmedia":[{"embeddable":true,"href":"https:\/\/www.ivivu.com\/blog\/wp-json\/wp\/v2\/media\/124566"}],"wp:attachment":[{"href":"https:\/\/www.ivivu.com\/blog\/wp-json\/wp\/v2\/media?parent=124559"}],"wp:term":[{"taxonomy":"category","embeddable":true,"href":"https:\/\/www.ivivu.com\/blog\/wp-json\/wp\/v2\/categories?post=124559"},{"taxonomy":"post_tag","embeddable":true,"href":"https:\/\/www.ivivu.com\/blog\/wp-json\/wp\/v2\/tags?post=124559"}],"curies":[{"name":"wp","href":"https:\/\/api.w.org\/{rel}","templated":true}]}}