{"id":124737,"date":"2016-02-15T07:21:39","date_gmt":"2016-02-15T00:21:39","guid":{"rendered":"https:\/\/www.ivivu.com\/blog\/?p=124737"},"modified":"2016-02-15T07:21:39","modified_gmt":"2016-02-15T00:21:39","slug":"nhung-cap-treo-vuot-nui-an-tuong-khap-the-gioi","status":"publish","type":"post","link":"https:\/\/www.ivivu.com\/blog\/2016\/02\/nhung-cap-treo-vuot-nui-an-tuong-khap-the-gioi\/","title":{"rendered":"Nh\u1eefng c\u00e1p treo v\u01b0\u1ee3t n\u00fai \u1ea5n t\u01b0\u1ee3ng kh\u1eafp th\u1ebf gi\u1edbi"},"content":{"rendered":"<p style=\"text-align: justify;\"><em><strong>C\u00e1c tuy\u1ebfn c\u00e1p treo n\u00e0y kh\u00f4ng ch\u1ec9 thu h\u00fat m\u1ed9t l\u01b0\u1ee3ng l\u1edbn kh\u00e1ch du l\u1ecbch m\u00e0 c\u00f2n l\u00e0 nh\u1eefng c\u00f4ng tr\u00ecnh ki\u1ebfn tr\u00fac \u0111\u1ed9c \u0111\u00e1o, \u0111\u01b0\u1ee3c x\u00e2y d\u1ef1ng k\u1ef3 c\u00f4ng.<\/strong><\/em><!--more--><\/p>\n<div id=\"attachment_124740\" style=\"width: 950px\" class=\"wp-caption aligncenter\"><a href=\"https:\/\/cdn3.ivivu.com\/2016\/02\/Nhung-cap-treo-vuot-nui-an-tuong-khap-the-gioi-ivivu-1.jpg\"><img loading=\"lazy\" decoding=\"async\" aria-describedby=\"caption-attachment-124740\" class=\"wp-image-124740 size-full\" title=\"Rio de Janeiro, Brazil: Tuy\u1ebfn c\u00e1p n\u00e0y \u0111\u01b0a du kh\u00e1ch t\u1edbi \u0111\u1ed3i Urca tr\u00ean v\u1ecbnh Guanabara, sau \u0111\u00f3 t\u1edbi \u0111\u1ec9nh n\u00fai Sugarloaf \u1edf \u0111\u1ed9 cao 396 m. B\u1ea1n s\u1ebd \u0111\u01b0\u1ee3c chi\u00eam ng\u01b0\u1ee1ng t\u01b0\u1ee3ng Ch\u00faa C\u1ee9u Th\u1ebf n\u1ed5i ti\u1ebfng c\u1ee7a Rio tr\u00ean n\u00fai Corcovado, c\u00f9ng khung c\u1ea3nh th\u00e0nh ph\u1ed1 v\u00e0 b\u00e3i bi\u1ec3n ngo\u1ea1n m\u1ee5c tr\u1ea3i r\u1ed9ng ph\u00eda d\u01b0\u1edbi. N\u1ebfu c\u00f3 th\u1ebf, b\u1ea1n n\u00ean t\u1edbi \u0111\u00e2y v\u00e0o bu\u1ed5i chi\u1ec1u \u0111\u1ec3 \u0111\u01b0\u1ee3c ng\u1eafm ho\u00e0ng h\u00f4n l\u1ed9ng l\u1eaby. \u1ea2nh: Fanlime.\" src=\"https:\/\/cdn3.ivivu.com\/2016\/02\/Nhung-cap-treo-vuot-nui-an-tuong-khap-the-gioi-ivivu-1.jpg\" alt=\"Rio de Janeiro, Brazil: Tuy\u1ebfn c\u00e1p n\u00e0y \u0111\u01b0a du kh\u00e1ch t\u1edbi \u0111\u1ed3i Urca tr\u00ean v\u1ecbnh Guanabara, sau \u0111\u00f3 t\u1edbi \u0111\u1ec9nh n\u00fai Sugarloaf \u1edf \u0111\u1ed9 cao 396 m. B\u1ea1n s\u1ebd \u0111\u01b0\u1ee3c chi\u00eam ng\u01b0\u1ee1ng t\u01b0\u1ee3ng Ch\u00faa C\u1ee9u Th\u1ebf n\u1ed5i ti\u1ebfng c\u1ee7a Rio tr\u00ean n\u00fai Corcovado, c\u00f9ng khung c\u1ea3nh th\u00e0nh ph\u1ed1 v\u00e0 b\u00e3i bi\u1ec3n ngo\u1ea1n m\u1ee5c tr\u1ea3i r\u1ed9ng ph\u00eda d\u01b0\u1edbi. N\u1ebfu c\u00f3 th\u1ebf, b\u1ea1n n\u00ean t\u1edbi \u0111\u00e2y v\u00e0o bu\u1ed5i chi\u1ec1u \u0111\u1ec3 \u0111\u01b0\u1ee3c ng\u1eafm ho\u00e0ng h\u00f4n l\u1ed9ng l\u1eaby. \u1ea2nh: Fanlime.\" width=\"940\" height=\"505\" srcset=\"https:\/\/cdn3.ivivu.com\/2016\/02\/Nhung-cap-treo-vuot-nui-an-tuong-khap-the-gioi-ivivu-1.jpg 940w, https:\/\/cdn3.ivivu.com\/2016\/02\/Nhung-cap-treo-vuot-nui-an-tuong-khap-the-gioi-ivivu-1-540x290.jpg 540w, https:\/\/cdn3.ivivu.com\/2016\/02\/Nhung-cap-treo-vuot-nui-an-tuong-khap-the-gioi-ivivu-1-50x28.jpg 50w\" sizes=\"(max-width: 940px) 100vw, 940px\" \/><\/a><p id=\"caption-attachment-124740\" class=\"wp-caption-text\"><strong>Rio de Janeiro, Brazil:<\/strong> Tuy\u1ebfn c\u00e1p n\u00e0y \u0111\u01b0a du kh\u00e1ch t\u1edbi \u0111\u1ed3i Urca tr\u00ean v\u1ecbnh Guanabara, sau \u0111\u00f3 t\u1edbi \u0111\u1ec9nh n\u00fai Sugarloaf \u1edf \u0111\u1ed9 cao 396 m. B\u1ea1n s\u1ebd \u0111\u01b0\u1ee3c chi\u00eam ng\u01b0\u1ee1ng t\u01b0\u1ee3ng Ch\u00faa C\u1ee9u Th\u1ebf n\u1ed5i ti\u1ebfng c\u1ee7a Rio tr\u00ean n\u00fai Corcovado, c\u00f9ng khung c\u1ea3nh th\u00e0nh ph\u1ed1 v\u00e0 b\u00e3i bi\u1ec3n ngo\u1ea1n m\u1ee5c tr\u1ea3i r\u1ed9ng ph\u00eda d\u01b0\u1edbi. N\u1ebfu c\u00f3 th\u1ebf, b\u1ea1n n\u00ean t\u1edbi \u0111\u00e2y v\u00e0o bu\u1ed5i chi\u1ec1u \u0111\u1ec3 \u0111\u01b0\u1ee3c ng\u1eafm ho\u00e0ng h\u00f4n l\u1ed9ng l\u1eaby. \u1ea2nh: Fanlime.<\/p><\/div>\n<div id=\"attachment_124741\" style=\"width: 810px\" class=\"wp-caption aligncenter\"><a href=\"https:\/\/cdn3.ivivu.com\/2016\/02\/Nhung-cap-treo-vuot-nui-an-tuong-khap-the-gioi-ivivu-2.jpg\"><img loading=\"lazy\" decoding=\"async\" aria-describedby=\"caption-attachment-124741\" class=\"wp-image-124741 size-full\" title=\"Genting Skyway, Malaysia: \u0110\u00e2y l\u00e0 c\u00e1p treo nhanh nh\u1ea5t th\u1ebf gi\u1edbi, n\u1ed1i th\u1ecb tr\u1ea5n Gohtong Jaya v\u1edbi khu gi\u1ea3i tr\u00ed Resort Hotel \u1edf cao nguy\u00ean Genting, bang Pahang. Khu gi\u1ea3i tr\u00ed n\u1eb1m \u1edf \u0111\u1ed9 cao 2.027 m so v\u1edbi m\u1ef1c n\u01b0\u1edbc bi\u1ec3n, v\u1edbi c\u00e1c c\u00f4ng vi\u00ean, c\u1eeda h\u00e0ng, kh\u00e1ch s\u1ea1n v\u00e0 m\u1ed9t s\u00f2ng b\u00e0i. Genting Skyway ch\u1edf \u0111\u01b0\u1ee3c h\u01a1n 2.000 ng\u01b0\u1eddi m\u1ed9t gi\u1edd, v\u1edbi 8 h\u00e0nh kh\u00e1ch m\u1ed7i khoang. T\u1ed1c \u0111\u1ed9 t\u1ed1i \u0111a c\u1ee7a c\u00e1p treo l\u00e0 21,6 km\/h, \u0111\u01b0a du kh\u00e1ch l\u00ean \u0111\u1ec9nh n\u00fai trong 15 ph\u00fat. \u1ea2nh: Anubimb.\" src=\"https:\/\/cdn3.ivivu.com\/2016\/02\/Nhung-cap-treo-vuot-nui-an-tuong-khap-the-gioi-ivivu-2.jpg\" alt=\"Genting Skyway, Malaysia: \u0110\u00e2y l\u00e0 c\u00e1p treo nhanh nh\u1ea5t th\u1ebf gi\u1edbi, n\u1ed1i th\u1ecb tr\u1ea5n Gohtong Jaya v\u1edbi khu gi\u1ea3i tr\u00ed Resort Hotel \u1edf cao nguy\u00ean Genting, bang Pahang. Khu gi\u1ea3i tr\u00ed n\u1eb1m \u1edf \u0111\u1ed9 cao 2.027 m so v\u1edbi m\u1ef1c n\u01b0\u1edbc bi\u1ec3n, v\u1edbi c\u00e1c c\u00f4ng vi\u00ean, c\u1eeda h\u00e0ng, kh\u00e1ch s\u1ea1n v\u00e0 m\u1ed9t s\u00f2ng b\u00e0i. Genting Skyway ch\u1edf \u0111\u01b0\u1ee3c h\u01a1n 2.000 ng\u01b0\u1eddi m\u1ed9t gi\u1edd, v\u1edbi 8 h\u00e0nh kh\u00e1ch m\u1ed7i khoang. T\u1ed1c \u0111\u1ed9 t\u1ed1i \u0111a c\u1ee7a c\u00e1p treo l\u00e0 21,6 km\/h, \u0111\u01b0a du kh\u00e1ch l\u00ean \u0111\u1ec9nh n\u00fai trong 15 ph\u00fat. \u1ea2nh: Anubimb.\" width=\"800\" height=\"532\" srcset=\"https:\/\/cdn3.ivivu.com\/2016\/02\/Nhung-cap-treo-vuot-nui-an-tuong-khap-the-gioi-ivivu-2.jpg 800w, https:\/\/cdn3.ivivu.com\/2016\/02\/Nhung-cap-treo-vuot-nui-an-tuong-khap-the-gioi-ivivu-2-459x305.jpg 459w\" sizes=\"(max-width: 800px) 100vw, 800px\" \/><\/a><p id=\"caption-attachment-124741\" class=\"wp-caption-text\"><strong>Genting Skyway, Malaysia:<\/strong> \u0110\u00e2y l\u00e0 c\u00e1p treo nhanh nh\u1ea5t th\u1ebf gi\u1edbi, n\u1ed1i th\u1ecb tr\u1ea5n Gohtong Jaya v\u1edbi khu gi\u1ea3i tr\u00ed Resort Hotel \u1edf cao nguy\u00ean Genting, bang Pahang. Khu gi\u1ea3i tr\u00ed n\u1eb1m \u1edf \u0111\u1ed9 cao 2.027 m so v\u1edbi m\u1ef1c n\u01b0\u1edbc bi\u1ec3n, v\u1edbi c\u00e1c c\u00f4ng vi\u00ean, c\u1eeda h\u00e0ng, kh\u00e1ch s\u1ea1n v\u00e0 m\u1ed9t s\u00f2ng b\u00e0i. Genting Skyway ch\u1edf \u0111\u01b0\u1ee3c h\u01a1n 2.000 ng\u01b0\u1eddi m\u1ed9t gi\u1edd, v\u1edbi 8 h\u00e0nh kh\u00e1ch m\u1ed7i khoang. T\u1ed1c \u0111\u1ed9 t\u1ed1i \u0111a c\u1ee7a c\u00e1p treo l\u00e0 21,6 km\/h, \u0111\u01b0a du kh\u00e1ch l\u00ean \u0111\u1ec9nh n\u00fai trong 15 ph\u00fat. \u1ea2nh: Anubimb.<\/p><\/div>\n<div id=\"attachment_124742\" style=\"width: 933px\" class=\"wp-caption aligncenter\"><a href=\"https:\/\/cdn3.ivivu.com\/2016\/02\/Nhung-cap-treo-vuot-nui-an-tuong-khap-the-gioi-ivivu-3.jpg\"><img loading=\"lazy\" decoding=\"async\" aria-describedby=\"caption-attachment-124742\" class=\"wp-image-124742 size-full\" title=\"Gulmarg Gondola, Jammu v\u00e0 Kashmir: C\u00e1p treo cao nh\u1ea5t th\u1ebf gi\u1edbi \u0111\u01b0\u1ee3c x\u00e2y d\u1ef1ng tr\u00ean s\u01b0\u1eddn d\u1ed1c \u1edf \u0111\u1ed9 cao 3.980 m, g\u1ea7n b\u1eb1ng \u0111\u1ec9nh Apharwat g\u1ea7n \u0111\u00f3. T\u1eeb bu\u1ed3ng c\u00e1p treo, du kh\u00e1ch c\u00f3 th\u1ec3 nh\u00ecn th\u1ea5y \u0111\u1ec9nh K2 v\u00e0 c\u00e1c \u0111\u1ec9nh kh\u00e1ch c\u1ee7a d\u00e3y Himalaya. V\u00e0o m\u00f9a \u0111\u00f4ng, n\u01a1i \u0111\u00e2y \u0111\u00f3n m\u1ed9t l\u01b0\u1ee3ng l\u1edbn kh\u00e1ch \u0111\u1ebfn tr\u01b0\u1ee3t tuy\u1ebft. \u1ea2nh: Raredelights.\" src=\"https:\/\/cdn3.ivivu.com\/2016\/02\/Nhung-cap-treo-vuot-nui-an-tuong-khap-the-gioi-ivivu-3.jpg\" alt=\"Gulmarg Gondola, Jammu v\u00e0 Kashmir: C\u00e1p treo cao nh\u1ea5t th\u1ebf gi\u1edbi \u0111\u01b0\u1ee3c x\u00e2y d\u1ef1ng tr\u00ean s\u01b0\u1eddn d\u1ed1c \u1edf \u0111\u1ed9 cao 3.980 m, g\u1ea7n b\u1eb1ng \u0111\u1ec9nh Apharwat g\u1ea7n \u0111\u00f3. T\u1eeb bu\u1ed3ng c\u00e1p treo, du kh\u00e1ch c\u00f3 th\u1ec3 nh\u00ecn th\u1ea5y \u0111\u1ec9nh K2 v\u00e0 c\u00e1c \u0111\u1ec9nh kh\u00e1ch c\u1ee7a d\u00e3y Himalaya. V\u00e0o m\u00f9a \u0111\u00f4ng, n\u01a1i \u0111\u00e2y \u0111\u00f3n m\u1ed9t l\u01b0\u1ee3ng l\u1edbn kh\u00e1ch \u0111\u1ebfn tr\u01b0\u1ee3t tuy\u1ebft. \u1ea2nh: Raredelights.\" width=\"923\" height=\"768\" srcset=\"https:\/\/cdn3.ivivu.com\/2016\/02\/Nhung-cap-treo-vuot-nui-an-tuong-khap-the-gioi-ivivu-3.jpg 923w, https:\/\/cdn3.ivivu.com\/2016\/02\/Nhung-cap-treo-vuot-nui-an-tuong-khap-the-gioi-ivivu-3-367x305.jpg 367w\" sizes=\"(max-width: 923px) 100vw, 923px\" \/><\/a><p id=\"caption-attachment-124742\" class=\"wp-caption-text\"><strong>Gulmarg Gondola, Jammu v\u00e0 Kashmir:<\/strong> C\u00e1p treo cao nh\u1ea5t th\u1ebf gi\u1edbi \u0111\u01b0\u1ee3c x\u00e2y d\u1ef1ng tr\u00ean s\u01b0\u1eddn d\u1ed1c \u1edf \u0111\u1ed9 cao 3.980 m, g\u1ea7n b\u1eb1ng \u0111\u1ec9nh Apharwat g\u1ea7n \u0111\u00f3. T\u1eeb bu\u1ed3ng c\u00e1p treo, du kh\u00e1ch c\u00f3 th\u1ec3 nh\u00ecn th\u1ea5y \u0111\u1ec9nh K2 v\u00e0 c\u00e1c \u0111\u1ec9nh kh\u00e1ch c\u1ee7a d\u00e3y Himalaya. V\u00e0o m\u00f9a \u0111\u00f4ng, n\u01a1i \u0111\u00e2y \u0111\u00f3n m\u1ed9t l\u01b0\u1ee3ng l\u1edbn kh\u00e1ch \u0111\u1ebfn tr\u01b0\u1ee3t tuy\u1ebft. \u1ea2nh: Raredelights.<\/p><\/div>\n<div id=\"attachment_124743\" style=\"width: 1034px\" class=\"wp-caption aligncenter\"><a href=\"https:\/\/cdn3.ivivu.com\/2016\/02\/Nhung-cap-treo-vuot-nui-an-tuong-khap-the-gioi-ivivu-4.jpg\"><img loading=\"lazy\" decoding=\"async\" aria-describedby=\"caption-attachment-124743\" class=\"wp-image-124743 size-full\" title=\"C\u00f4ng vi\u00ean qu\u1ed1c gia Picos de Europa, T\u00e2y Ban Nha: Nh\u1eefng ng\u1ecdn n\u00fai h\u00f9ng v\u0129 \u1edf ph\u00eda b\u1eafc T\u00e2y Ban Nha t\u1ea1o ra m\u1ed9t khung c\u1ea3nh thi\u00ean nhi\u00ean tuy\u1ec7t \u0111\u1eb9p. C\u00e1p treo s\u1ebd \u0111\u01b0a du kh\u00e1ch qua thung l\u0169ng \u0111\u1ea7y n\u1eafng \u1ea5m v\u00e0 c\u00e2y xanh c\u1ee7a c\u00f4ng vi\u00ean, sau \u0111\u00f3 l\u00ean \u0111\u1ed9 cao 1.840 m. T\u1eeb \u0111\u00e2y, b\u1ea1n c\u00f3 th\u1ec3 \u0111i b\u1ed9 t\u1edbi \u0111\u00e0i quan s\u00e1t Aliva \u0111\u1ec3 ng\u1eafm to\u00e0n c\u1ea3nh thung l\u0169ng. \u1ea2nh: Caminos.\" src=\"https:\/\/cdn3.ivivu.com\/2016\/02\/Nhung-cap-treo-vuot-nui-an-tuong-khap-the-gioi-ivivu-4.jpg\" alt=\"C\u00f4ng vi\u00ean qu\u1ed1c gia Picos de Europa, T\u00e2y Ban Nha: Nh\u1eefng ng\u1ecdn n\u00fai h\u00f9ng v\u0129 \u1edf ph\u00eda b\u1eafc T\u00e2y Ban Nha t\u1ea1o ra m\u1ed9t khung c\u1ea3nh thi\u00ean nhi\u00ean tuy\u1ec7t \u0111\u1eb9p. C\u00e1p treo s\u1ebd \u0111\u01b0a du kh\u00e1ch qua thung l\u0169ng \u0111\u1ea7y n\u1eafng \u1ea5m v\u00e0 c\u00e2y xanh c\u1ee7a c\u00f4ng vi\u00ean, sau \u0111\u00f3 l\u00ean \u0111\u1ed9 cao 1.840 m. T\u1eeb \u0111\u00e2y, b\u1ea1n c\u00f3 th\u1ec3 \u0111i b\u1ed9 t\u1edbi \u0111\u00e0i quan s\u00e1t Aliva \u0111\u1ec3 ng\u1eafm to\u00e0n c\u1ea3nh thung l\u0169ng. \u1ea2nh: Caminos.\" width=\"1024\" height=\"682\" srcset=\"https:\/\/cdn3.ivivu.com\/2016\/02\/Nhung-cap-treo-vuot-nui-an-tuong-khap-the-gioi-ivivu-4.jpg 1024w, https:\/\/cdn3.ivivu.com\/2016\/02\/Nhung-cap-treo-vuot-nui-an-tuong-khap-the-gioi-ivivu-4-458x305.jpg 458w\" sizes=\"(max-width: 1024px) 100vw, 1024px\" \/><\/a><p id=\"caption-attachment-124743\" class=\"wp-caption-text\"><strong>C\u00f4ng vi\u00ean qu\u1ed1c gia Picos de Europa, T\u00e2y Ban Nha:<\/strong> Nh\u1eefng ng\u1ecdn n\u00fai h\u00f9ng v\u0129 \u1edf ph\u00eda B\u1eafc T\u00e2y Ban Nha t\u1ea1o ra m\u1ed9t khung c\u1ea3nh thi\u00ean nhi\u00ean tuy\u1ec7t \u0111\u1eb9p. C\u00e1p treo s\u1ebd \u0111\u01b0a du kh\u00e1ch qua thung l\u0169ng \u0111\u1ea7y n\u1eafng \u1ea5m v\u00e0 c\u00e2y xanh c\u1ee7a c\u00f4ng vi\u00ean, sau \u0111\u00f3 l\u00ean \u0111\u1ed9 cao 1.840 m. T\u1eeb \u0111\u00e2y, b\u1ea1n c\u00f3 th\u1ec3 \u0111i b\u1ed9 t\u1edbi \u0111\u00e0i quan s\u00e1t Aliva \u0111\u1ec3 ng\u1eafm to\u00e0n c\u1ea3nh thung l\u0169ng. \u1ea2nh: Caminos.<\/p><\/div>\n<div id=\"attachment_124744\" style=\"width: 910px\" class=\"wp-caption aligncenter\"><a href=\"https:\/\/cdn3.ivivu.com\/2016\/02\/Nhung-cap-treo-vuot-nui-an-tuong-khap-the-gioi-ivivu-5.jpg\"><img loading=\"lazy\" decoding=\"async\" aria-describedby=\"caption-attachment-124744\" class=\"wp-image-124744 size-full\" title=\"Tuy\u1ebfn c\u00e1p Grindelwald-M\u00e4nnlichen, Th\u1ee5y S\u0129: M\u1ed9t trong nh\u1eefng tuy\u1ebfn c\u00e1p d\u00e0i nh\u1ea5t th\u1ebf gi\u1edbi n\u1ed1i l\u00e0ng Grindelwald-Grund \u1edf \u0111\u1ed9 cao 943 m v\u1edbi M\u00e4nnlichen \u1edf \u0111\u1ed9 cao 2.230 m \u1edf d\u00e3y Alps. Trong chuy\u1ebfn \u0111i k\u00e9o d\u00e0i kho\u1ea3ng 30 ph\u00fat, du kh\u00e1ch c\u00f3 th\u1ec3 chi\u00eam ng\u01b0\u1ee1ng nh\u1eefng ng\u1ecdn n\u00fai n\u1ed5i ti\u1ebfng nh\u01b0 Jungfrau v\u00e0 Eiger, hay nh\u1eefng thung l\u0169ng tuy\u1ec7t \u0111\u1eb9p ph\u00eda d\u01b0\u1edbi m\u00e0 kh\u00f4ng c\u1ea7n ph\u1ea3i leo n\u00fai hay tr\u01b0\u1ee3t tuy\u1ebft. \u1ea2nh: Green-landscape.\" src=\"https:\/\/cdn3.ivivu.com\/2016\/02\/Nhung-cap-treo-vuot-nui-an-tuong-khap-the-gioi-ivivu-5.jpg\" alt=\"Tuy\u1ebfn c\u00e1p Grindelwald-M\u00e4nnlichen, Th\u1ee5y S\u0129: M\u1ed9t trong nh\u1eefng tuy\u1ebfn c\u00e1p d\u00e0i nh\u1ea5t th\u1ebf gi\u1edbi n\u1ed1i l\u00e0ng Grindelwald-Grund \u1edf \u0111\u1ed9 cao 943 m v\u1edbi M\u00e4nnlichen \u1edf \u0111\u1ed9 cao 2.230 m \u1edf d\u00e3y Alps. Trong chuy\u1ebfn \u0111i k\u00e9o d\u00e0i kho\u1ea3ng 30 ph\u00fat, du kh\u00e1ch c\u00f3 th\u1ec3 chi\u00eam ng\u01b0\u1ee1ng nh\u1eefng ng\u1ecdn n\u00fai n\u1ed5i ti\u1ebfng nh\u01b0 Jungfrau v\u00e0 Eiger, hay nh\u1eefng thung l\u0169ng tuy\u1ec7t \u0111\u1eb9p ph\u00eda d\u01b0\u1edbi m\u00e0 kh\u00f4ng c\u1ea7n ph\u1ea3i leo n\u00fai hay tr\u01b0\u1ee3t tuy\u1ebft. \u1ea2nh: Green-landscape.\" width=\"900\" height=\"590\" srcset=\"https:\/\/cdn3.ivivu.com\/2016\/02\/Nhung-cap-treo-vuot-nui-an-tuong-khap-the-gioi-ivivu-5.jpg 900w, https:\/\/cdn3.ivivu.com\/2016\/02\/Nhung-cap-treo-vuot-nui-an-tuong-khap-the-gioi-ivivu-5-465x305.jpg 465w\" sizes=\"(max-width: 900px) 100vw, 900px\" \/><\/a><p id=\"caption-attachment-124744\" class=\"wp-caption-text\"><strong>Tuy\u1ebfn c\u00e1p Grindelwald-M\u00e4nnlichen, Th\u1ee5y S\u0129:<\/strong> M\u1ed9t trong nh\u1eefng tuy\u1ebfn c\u00e1p d\u00e0i nh\u1ea5t th\u1ebf gi\u1edbi n\u1ed1i l\u00e0ng Grindelwald-Grund \u1edf \u0111\u1ed9 cao 943 m v\u1edbi M\u00e4nnlichen \u1edf \u0111\u1ed9 cao 2.230 m \u1edf d\u00e3y Alps. Trong chuy\u1ebfn \u0111i k\u00e9o d\u00e0i kho\u1ea3ng 30 ph\u00fat, du kh\u00e1ch c\u00f3 th\u1ec3 chi\u00eam ng\u01b0\u1ee1ng nh\u1eefng ng\u1ecdn n\u00fai n\u1ed5i ti\u1ebfng nh\u01b0 Jungfrau v\u00e0 Eiger, hay nh\u1eefng thung l\u0169ng tuy\u1ec7t \u0111\u1eb9p ph\u00eda d\u01b0\u1edbi m\u00e0 kh\u00f4ng c\u1ea7n ph\u1ea3i leo n\u00fai hay tr\u01b0\u1ee3t tuy\u1ebft. \u1ea2nh: Green-landscape.<\/p><\/div>\n<div id=\"attachment_124745\" style=\"width: 868px\" class=\"wp-caption aligncenter\"><a href=\"https:\/\/cdn3.ivivu.com\/2016\/02\/Nhung-cap-treo-vuot-nui-an-tuong-khap-the-gioi-ivivu-6.jpg\"><img loading=\"lazy\" decoding=\"async\" aria-describedby=\"caption-attachment-124745\" class=\"wp-image-124745 size-full\" title=\"Cape Town, Nam Phi: C\u00e1p treo n\u00fai Table c\u00f3 s\u00e0n bu\u1ed3ng xoay 360 \u0111\u1ed9, cho du kh\u00e1ch ng\u1eafm to\u00e0n c\u1ea3nh trong chuy\u1ebfn \u0111i l\u00ean n\u00fai Table \u1edf \u0111\u1ed9 cao 1.085 m. Khi t\u1edbi \u0111\u00edch, b\u1ea1n c\u00f3 nhi\u1ec1u l\u1ef1a ch\u1ecdn, t\u1eeb \u0111i b\u1ed9 kh\u00e1m ph\u00e1 ng\u1ecdn n\u00fai, \u0111i d\u00e3 ngo\u1ea1i hay \u0111\u01a1n gi\u1ea3n l\u00e0 v\u00e3n c\u1ea3nh. Kh\u00f4ng kh\u00ed n\u01a1i \u0111\u00e2y trong l\u00e0nh nh\u1ea5t l\u00e0 v\u00e0o s\u00e1ng s\u1edbm ho\u1eb7c chi\u1ec1u mu\u1ed9n. \u1ea2nh: AP.\" src=\"https:\/\/cdn3.ivivu.com\/2016\/02\/Nhung-cap-treo-vuot-nui-an-tuong-khap-the-gioi-ivivu-6.jpg\" alt=\"Cape Town, Nam Phi: C\u00e1p treo n\u00fai Table c\u00f3 s\u00e0n bu\u1ed3ng xoay 360 \u0111\u1ed9, cho du kh\u00e1ch ng\u1eafm to\u00e0n c\u1ea3nh trong chuy\u1ebfn \u0111i l\u00ean n\u00fai Table \u1edf \u0111\u1ed9 cao 1.085 m. Khi t\u1edbi \u0111\u00edch, b\u1ea1n c\u00f3 nhi\u1ec1u l\u1ef1a ch\u1ecdn, t\u1eeb \u0111i b\u1ed9 kh\u00e1m ph\u00e1 ng\u1ecdn n\u00fai, \u0111i d\u00e3 ngo\u1ea1i hay \u0111\u01a1n gi\u1ea3n l\u00e0 v\u00e3n c\u1ea3nh. Kh\u00f4ng kh\u00ed n\u01a1i \u0111\u00e2y trong l\u00e0nh nh\u1ea5t l\u00e0 v\u00e0o s\u00e1ng s\u1edbm ho\u1eb7c chi\u1ec1u mu\u1ed9n. \u1ea2nh: AP.\" width=\"858\" height=\"536\" srcset=\"https:\/\/cdn3.ivivu.com\/2016\/02\/Nhung-cap-treo-vuot-nui-an-tuong-khap-the-gioi-ivivu-6.jpg 858w, https:\/\/cdn3.ivivu.com\/2016\/02\/Nhung-cap-treo-vuot-nui-an-tuong-khap-the-gioi-ivivu-6-488x305.jpg 488w\" sizes=\"(max-width: 858px) 100vw, 858px\" \/><\/a><p id=\"caption-attachment-124745\" class=\"wp-caption-text\"><strong>Cape Town, Nam Phi:<\/strong> C\u00e1p treo n\u00fai Table c\u00f3 s\u00e0n bu\u1ed3ng xoay 360 \u0111\u1ed9, cho du kh\u00e1ch ng\u1eafm to\u00e0n c\u1ea3nh trong chuy\u1ebfn \u0111i l\u00ean n\u00fai Table \u1edf \u0111\u1ed9 cao 1.085 m. Khi t\u1edbi \u0111\u00edch, b\u1ea1n c\u00f3 nhi\u1ec1u l\u1ef1a ch\u1ecdn, t\u1eeb \u0111i b\u1ed9 kh\u00e1m ph\u00e1 ng\u1ecdn n\u00fai, \u0111i d\u00e3 ngo\u1ea1i hay \u0111\u01a1n gi\u1ea3n l\u00e0 v\u00e3n c\u1ea3nh. Kh\u00f4ng kh\u00ed n\u01a1i \u0111\u00e2y trong l\u00e0nh nh\u1ea5t l\u00e0 v\u00e0o s\u00e1ng s\u1edbm ho\u1eb7c chi\u1ec1u mu\u1ed9n. \u1ea2nh: AP.<\/p><\/div>\n<div id=\"attachment_124746\" style=\"width: 730px\" class=\"wp-caption aligncenter\"><a href=\"https:\/\/cdn3.ivivu.com\/2016\/02\/Nhung-cap-treo-vuot-nui-an-tuong-khap-the-gioi-ivivu-7.jpg\"><img loading=\"lazy\" decoding=\"async\" aria-describedby=\"caption-attachment-124746\" class=\"wp-image-124746 size-full\" title=\"Queenstown, New Zealand: Skyline Queenstown l\u00e0 tuy\u1ebfn c\u00e1p treo d\u1ed1c nh\u1ea5t Nam b\u00e1n c\u1ea7u, \u0111\u01b0a nh\u1eefng du kh\u00e1ch m\u00ea m\u1ea1o hi\u1ec3m t\u1edbi \u0111\u1ec9nh n\u00fai Bob \u1edf \u0111\u1ed9 cao 1.748 m. T\u1ea1i \u0111\u00e2y, b\u1ea1n c\u00f3 th\u1ec3 ng\u1eafm nh\u00ecn khung c\u1ea3nh h\u1ed3 Wakatipu tuy\u1ec7t \u0111\u1eb9p, th\u1eed tr\u00f2 tr\u01b0\u1ee3t v\u00e1n Luge th\u00fa v\u1ecb, hay \u0111i xe \u0111\u1ea1p tr\u00ean n\u00fai. \u1ea2nh: Newzealand.\" src=\"https:\/\/cdn3.ivivu.com\/2016\/02\/Nhung-cap-treo-vuot-nui-an-tuong-khap-the-gioi-ivivu-7.jpg\" alt=\"Queenstown, New Zealand: Skyline Queenstown l\u00e0 tuy\u1ebfn c\u00e1p treo d\u1ed1c nh\u1ea5t Nam b\u00e1n c\u1ea7u, \u0111\u01b0a nh\u1eefng du kh\u00e1ch m\u00ea m\u1ea1o hi\u1ec3m t\u1edbi \u0111\u1ec9nh n\u00fai Bob \u1edf \u0111\u1ed9 cao 1.748 m. T\u1ea1i \u0111\u00e2y, b\u1ea1n c\u00f3 th\u1ec3 ng\u1eafm nh\u00ecn khung c\u1ea3nh h\u1ed3 Wakatipu tuy\u1ec7t \u0111\u1eb9p, th\u1eed tr\u00f2 tr\u01b0\u1ee3t v\u00e1n Luge th\u00fa v\u1ecb, hay \u0111i xe \u0111\u1ea1p tr\u00ean n\u00fai. \u1ea2nh: Newzealand.\" width=\"720\" height=\"406\" srcset=\"https:\/\/cdn3.ivivu.com\/2016\/02\/Nhung-cap-treo-vuot-nui-an-tuong-khap-the-gioi-ivivu-7.jpg 720w, https:\/\/cdn3.ivivu.com\/2016\/02\/Nhung-cap-treo-vuot-nui-an-tuong-khap-the-gioi-ivivu-7-250x142.jpg 250w, https:\/\/cdn3.ivivu.com\/2016\/02\/Nhung-cap-treo-vuot-nui-an-tuong-khap-the-gioi-ivivu-7-540x305.jpg 540w, https:\/\/cdn3.ivivu.com\/2016\/02\/Nhung-cap-treo-vuot-nui-an-tuong-khap-the-gioi-ivivu-7-225x127.jpg 225w, https:\/\/cdn3.ivivu.com\/2016\/02\/Nhung-cap-treo-vuot-nui-an-tuong-khap-the-gioi-ivivu-7-370x208.jpg 370w, https:\/\/cdn3.ivivu.com\/2016\/02\/Nhung-cap-treo-vuot-nui-an-tuong-khap-the-gioi-ivivu-7-50x28.jpg 50w, https:\/\/cdn3.ivivu.com\/2016\/02\/Nhung-cap-treo-vuot-nui-an-tuong-khap-the-gioi-ivivu-7-107x60.jpg 107w, https:\/\/cdn3.ivivu.com\/2016\/02\/Nhung-cap-treo-vuot-nui-an-tuong-khap-the-gioi-ivivu-7-195x110.jpg 195w, https:\/\/cdn3.ivivu.com\/2016\/02\/Nhung-cap-treo-vuot-nui-an-tuong-khap-the-gioi-ivivu-7-220x125.jpg 220w, https:\/\/cdn3.ivivu.com\/2016\/02\/Nhung-cap-treo-vuot-nui-an-tuong-khap-the-gioi-ivivu-7-400x225.jpg 400w, https:\/\/cdn3.ivivu.com\/2016\/02\/Nhung-cap-treo-vuot-nui-an-tuong-khap-the-gioi-ivivu-7-140x80.jpg 140w\" sizes=\"(max-width: 720px) 100vw, 720px\" \/><\/a><p id=\"caption-attachment-124746\" class=\"wp-caption-text\"><strong>Queenstown, New Zealand:<\/strong> Skyline Queenstown l\u00e0 tuy\u1ebfn c\u00e1p treo d\u1ed1c nh\u1ea5t Nam b\u00e1n c\u1ea7u, \u0111\u01b0a nh\u1eefng du kh\u00e1ch m\u00ea m\u1ea1o hi\u1ec3m t\u1edbi \u0111\u1ec9nh n\u00fai Bob \u1edf \u0111\u1ed9 cao 1.748 m. T\u1ea1i \u0111\u00e2y, b\u1ea1n c\u00f3 th\u1ec3 ng\u1eafm nh\u00ecn khung c\u1ea3nh h\u1ed3 Wakatipu tuy\u1ec7t \u0111\u1eb9p, th\u1eed tr\u00f2 tr\u01b0\u1ee3t v\u00e1n Luge th\u00fa v\u1ecb, hay \u0111i xe \u0111\u1ea1p tr\u00ean n\u00fai. \u1ea2nh: Newzealand.<\/p><\/div>\n<div id=\"attachment_124747\" style=\"width: 1034px\" class=\"wp-caption aligncenter\"><a href=\"https:\/\/cdn3.ivivu.com\/2016\/02\/Nhung-cap-treo-vuot-nui-an-tuong-khap-the-gioi-ivivu-8.jpg\"><img loading=\"lazy\" decoding=\"async\" aria-describedby=\"caption-attachment-124747\" class=\"wp-image-124747 size-full\" title=\"Zacatecas, Mexico: Tuy\u1ebfn c\u00e1p treo n\u00e0y ho\u1ea1t \u0111\u1ed9ng t\u1eeb n\u0103m 1979 v\u00e0 l\u00e0 m\u1ed9t trong nh\u1eefng \u0111i\u1ec3m tham quan h\u00fat kh\u00e1ch nh\u1ea5t th\u00e0nh ph\u1ed1 Zacatecas. V\u1edbi chi\u1ec1u d\u00e0i 650 m, c\u00e1p treo n\u00e0y \u0111\u01b0a du kh\u00e1ch ngang qua th\u00e0nh ph\u1ed1 trong v\u00f2ng 7 ph\u00fat, v\u1edbi khung c\u1ea3nh tuy\u1ec7t \u0111\u1eb9p. H\u1ec7 th\u1ed1ng c\u00f3 hai ga, m\u1ed9t ga n\u1eb1m \u1edf ch\u00e2n n\u00fai Cerro del Grillo v\u00e0 m\u1ed9t ga n\u1eb1m tr\u00ean n\u00fai Cerro de la Bufa. \u0110i c\u00e1p treo n\u00e0y, du kh\u00e1ch s\u1ebd \u0111\u01b0\u1ee3c chi\u00eam ng\u01b0\u1ee1ng nh\u1eefng con ph\u1ed1, qu\u1ea3ng tr\u01b0\u1eddng, m\u00e1i v\u00f2m v\u1edbi m\u00e0u s\u1eafc tuy\u1ec7t \u0111\u1eb9p c\u1ee7a th\u00e0nh ph\u1ed1. \u1ea2nh: Panoramio.\" src=\"https:\/\/cdn3.ivivu.com\/2016\/02\/Nhung-cap-treo-vuot-nui-an-tuong-khap-the-gioi-ivivu-8.jpg\" alt=\"Zacatecas, Mexico: Tuy\u1ebfn c\u00e1p treo n\u00e0y ho\u1ea1t \u0111\u1ed9ng t\u1eeb n\u0103m 1979 v\u00e0 l\u00e0 m\u1ed9t trong nh\u1eefng \u0111i\u1ec3m tham quan h\u00fat kh\u00e1ch nh\u1ea5t th\u00e0nh ph\u1ed1 Zacatecas. V\u1edbi chi\u1ec1u d\u00e0i 650 m, c\u00e1p treo n\u00e0y \u0111\u01b0a du kh\u00e1ch ngang qua th\u00e0nh ph\u1ed1 trong v\u00f2ng 7 ph\u00fat, v\u1edbi khung c\u1ea3nh tuy\u1ec7t \u0111\u1eb9p. H\u1ec7 th\u1ed1ng c\u00f3 hai ga, m\u1ed9t ga n\u1eb1m \u1edf ch\u00e2n n\u00fai Cerro del Grillo v\u00e0 m\u1ed9t ga n\u1eb1m tr\u00ean n\u00fai Cerro de la Bufa. \u0110i c\u00e1p treo n\u00e0y, du kh\u00e1ch s\u1ebd \u0111\u01b0\u1ee3c chi\u00eam ng\u01b0\u1ee1ng nh\u1eefng con ph\u1ed1, qu\u1ea3ng tr\u01b0\u1eddng, m\u00e1i v\u00f2m v\u1edbi m\u00e0u s\u1eafc tuy\u1ec7t \u0111\u1eb9p c\u1ee7a th\u00e0nh ph\u1ed1. \u1ea2nh: Panoramio.\" width=\"1024\" height=\"768\" srcset=\"https:\/\/cdn3.ivivu.com\/2016\/02\/Nhung-cap-treo-vuot-nui-an-tuong-khap-the-gioi-ivivu-8.jpg 1024w, https:\/\/cdn3.ivivu.com\/2016\/02\/Nhung-cap-treo-vuot-nui-an-tuong-khap-the-gioi-ivivu-8-407x305.jpg 407w\" sizes=\"(max-width: 1024px) 100vw, 1024px\" \/><\/a><p id=\"caption-attachment-124747\" class=\"wp-caption-text\"><strong>Zacatecas, Mexico:<\/strong> Tuy\u1ebfn c\u00e1p treo n\u00e0y ho\u1ea1t \u0111\u1ed9ng t\u1eeb n\u0103m 1979 v\u00e0 l\u00e0 m\u1ed9t trong nh\u1eefng \u0111i\u1ec3m tham quan h\u00fat kh\u00e1ch nh\u1ea5t th\u00e0nh ph\u1ed1 Zacatecas. V\u1edbi chi\u1ec1u d\u00e0i 650 m, c\u00e1p treo n\u00e0y \u0111\u01b0a du kh\u00e1ch ngang qua th\u00e0nh ph\u1ed1 trong v\u00f2ng 7 ph\u00fat, v\u1edbi khung c\u1ea3nh tuy\u1ec7t \u0111\u1eb9p. H\u1ec7 th\u1ed1ng c\u00f3 hai ga, m\u1ed9t ga n\u1eb1m \u1edf ch\u00e2n n\u00fai Cerro del Grillo v\u00e0 m\u1ed9t ga n\u1eb1m tr\u00ean n\u00fai Cerro de la Bufa. \u0110i c\u00e1p treo n\u00e0y, du kh\u00e1ch s\u1ebd \u0111\u01b0\u1ee3c chi\u00eam ng\u01b0\u1ee1ng nh\u1eefng con ph\u1ed1, qu\u1ea3ng tr\u01b0\u1eddng, m\u00e1i v\u00f2m v\u1edbi m\u00e0u s\u1eafc tuy\u1ec7t \u0111\u1eb9p c\u1ee7a th\u00e0nh ph\u1ed1. \u1ea2nh: Panoramio.<\/p><\/div>\n<div id=\"attachment_124748\" style=\"width: 1034px\" class=\"wp-caption aligncenter\"><a href=\"https:\/\/cdn3.ivivu.com\/2016\/02\/Nhung-cap-treo-vuot-nui-an-tuong-khap-the-gioi-ivivu-9.jpg\"><img loading=\"lazy\" decoding=\"async\" aria-describedby=\"caption-attachment-124748\" class=\"wp-image-124748 size-full\" title=\"C\u00e1p treo Fansipan Sa Pa, L\u00e0o Cai, Vi\u1ec7t Nam: H\u1ec7 th\u1ed1ng c\u00e1p treo m\u1edbi khai tr\u01b0\u01a1ng v\u00e0o ng\u00e0y 2\/2 \u0111\u00e3 l\u1eadp 2 k\u1ef7 l\u1ee5c Guiness: C\u00e1p treo ba d\u00e2y c\u00f3 \u0111\u1ed9 ch\u00eanh gi\u1eefa ga \u0111i v\u00e0 ga \u0111\u1ebfn l\u1edbn nh\u1ea5t th\u1ebf gi\u1edbi (1.410 m) v\u00e0 C\u00e1p treo ba d\u00e2y d\u00e0i nh\u1ea5t th\u1ebf gi\u1edbi (6.292,5 m). C\u00e1p treo \u0111\u01b0a du kh\u00e1ch l\u00ean \u0111\u1ed9 cao 3.000 m tr\u00ean \u0111\u1ec9nh n\u00fai cao nh\u1ea5t Vi\u1ec7t Nam trong 15 ph\u00fat, cho b\u1ea1n c\u01a1 h\u1ed9i ng\u1eafm nh\u00ecn bi\u1ec3n m\u00e2y gi\u1eefa n\u00fai r\u1eebng h\u00f9ng v\u0129. \u1ea2nh: Anh Tu\u1ea5n.\" src=\"https:\/\/cdn3.ivivu.com\/2016\/02\/Nhung-cap-treo-vuot-nui-an-tuong-khap-the-gioi-ivivu-9.jpg\" alt=\"C\u00e1p treo Fansipan Sa Pa, L\u00e0o Cai, Vi\u1ec7t Nam: H\u1ec7 th\u1ed1ng c\u00e1p treo m\u1edbi khai tr\u01b0\u01a1ng v\u00e0o ng\u00e0y 2\/2 \u0111\u00e3 l\u1eadp 2 k\u1ef7 l\u1ee5c Guiness: C\u00e1p treo ba d\u00e2y c\u00f3 \u0111\u1ed9 ch\u00eanh gi\u1eefa ga \u0111i v\u00e0 ga \u0111\u1ebfn l\u1edbn nh\u1ea5t th\u1ebf gi\u1edbi (1.410 m) v\u00e0 C\u00e1p treo ba d\u00e2y d\u00e0i nh\u1ea5t th\u1ebf gi\u1edbi (6.292,5 m). C\u00e1p treo \u0111\u01b0a du kh\u00e1ch l\u00ean \u0111\u1ed9 cao 3.000 m tr\u00ean \u0111\u1ec9nh n\u00fai cao nh\u1ea5t Vi\u1ec7t Nam trong 15 ph\u00fat, cho b\u1ea1n c\u01a1 h\u1ed9i ng\u1eafm nh\u00ecn bi\u1ec3n m\u00e2y gi\u1eefa n\u00fai r\u1eebng h\u00f9ng v\u0129. \u1ea2nh: Anh Tu\u1ea5n.\" width=\"1024\" height=\"683\" srcset=\"https:\/\/cdn3.ivivu.com\/2016\/02\/Nhung-cap-treo-vuot-nui-an-tuong-khap-the-gioi-ivivu-9.jpg 1024w, https:\/\/cdn3.ivivu.com\/2016\/02\/Nhung-cap-treo-vuot-nui-an-tuong-khap-the-gioi-ivivu-9-457x305.jpg 457w\" sizes=\"(max-width: 1024px) 100vw, 1024px\" \/><\/a><p id=\"caption-attachment-124748\" class=\"wp-caption-text\"><strong>C\u00e1p treo Fansipan Sapa, L\u00e0o Cai, Vi\u1ec7t Nam:<\/strong> H\u1ec7 th\u1ed1ng c\u00e1p treo m\u1edbi khai tr\u01b0\u01a1ng v\u00e0o ng\u00e0y 2\/2 \u0111\u00e3 l\u1eadp 2 k\u1ef7 l\u1ee5c Guiness: C\u00e1p treo ba d\u00e2y c\u00f3 \u0111\u1ed9 ch\u00eanh gi\u1eefa ga \u0111i v\u00e0 ga \u0111\u1ebfn l\u1edbn nh\u1ea5t th\u1ebf gi\u1edbi (1.410 m) v\u00e0 C\u00e1p treo ba d\u00e2y d\u00e0i nh\u1ea5t th\u1ebf gi\u1edbi (6.292,5 m). C\u00e1p treo \u0111\u01b0a du kh\u00e1ch l\u00ean \u0111\u1ed9 cao 3.000 m tr\u00ean \u0111\u1ec9nh n\u00fai cao nh\u1ea5t Vi\u1ec7t Nam trong 15 ph\u00fat, cho b\u1ea1n c\u01a1 h\u1ed9i ng\u1eafm nh\u00ecn bi\u1ec3n m\u00e2y gi\u1eefa n\u00fai r\u1eebng h\u00f9ng v\u0129. \u1ea2nh: Anh Tu\u1ea5n.<\/p><\/div>\n<p style=\"text-align: left;\"><div class=\"ltt-contentbox white\"><\/span><\/p>\n<h4 style=\"text-align: left;\"><strong>IVIVU.COM G\u1ee2I \u00dd M\u1ed8T S\u1ed0 KH\u00c1CH S\u1ea0N SAPA GI\u00c1 T\u1ed0T<\/strong><\/h4>\n<p style=\"text-align: left;\"><strong>1.\u00a0<a href=\"https:\/\/www.ivivu.com\/khach-san-sapa\/sapa-hotel-travel?utm_source=blog_ivivu&amp;utm_medium=post_link&amp;utm_campaign=internal\" target=\"_blank\">Kh\u00e1ch s\u1ea1n Sapa Travel<\/a><\/strong><\/p>\n<p style=\"text-align: left;\"><strong>2.\u00a0<a href=\"https:\/\/www.ivivu.com\/khach-san-sapa\/khach-san-asiana-sapa-thac-bac?utm_source=blog_ivivu&amp;utm_medium=post_link&amp;utm_campaign=internal\" target=\"_blank\">Kh\u00e1ch s\u1ea1n Asiana Sapa<\/a><\/strong><\/p>\n<p style=\"text-align: left;\"><strong>3.\u00a0<a href=\"https:\/\/www.ivivu.com\/khach-san-sapa\/khach-san-legend-sapa?utm_source=blog_ivivu&amp;utm_medium=post_link&amp;utm_campaign=internal\" target=\"_blank\">Kh\u00e1ch s\u1ea1n Legend Sapa<\/a><\/strong><\/p>\n<p style=\"text-align: left;\"><\/div><\/p>\n<p style=\"text-align: left;\"><div class=\"ltt-contentbox white\"><\/span><\/p>\n<h4 style=\"text-align: left;\"><strong>IVIVU.COM G\u1ee2I \u00dd M\u1ed8T S\u1ed0 TOUR DU L\u1ecaCH SAPA GI\u00c1 T\u1ed0T<\/strong><\/h4>\n<p style=\"text-align: left;\"><strong>1.\u00a0<a href=\"https:\/\/www.ivivu.com\/du-lich\/tour-sapa-2n1d-cat-cat-ham-rong\/438?utm_source=blog_ivivu&amp;utm_medium=post_link&amp;utm_campaign=internal\" target=\"_blank\">Tour Sapa 2N1\u0110: C\u00e1t C\u00e1t &#8211; H\u00e0m R\u1ed3ng<\/a><\/strong><\/p>\n<p style=\"text-align: left;\"><strong>2.\u00a0<a href=\"https:\/\/www.ivivu.com\/du-lich\/tour-sapa-3n2d-lao-chai-ta-van-cat-cat-ham-rong\/439?utm_source=blog_ivivu&amp;utm_medium=post_link&amp;utm_campaign=internal\" target=\"_blank\">Tour Sapa 3N2\u0110: Lao Ch\u1ea3i &#8211; T\u1ea3 Van &#8211; C\u00e1t C\u00e1t &#8211; H\u00e0m R\u1ed3ng<\/a><\/strong><\/p>\n<p style=\"text-align: left;\"><strong>3.\u00a0<a href=\"https:\/\/www.ivivu.com\/du-lich\/tour-ha-giang-3n2d-ha-giang-quan-ba-yen-minh-dong-van\/540?utm_source=blog_ivivu&amp;utm_medium=post_link&amp;utm_campaign=internal\" target=\"_blank\">Tour H\u00e0 Giang 3N2D: H\u00e0 Giang &#8211; Qu\u1ea3n B\u1ea1 &#8211; Y\u00ean Minh &#8211; \u0110\u1ed3ng V\u0103n<\/a><\/strong><\/p>\n<p style=\"text-align: left;\"><\/div><\/p>\n<p style=\"text-align: right;\">\u00a0<strong>Theo <a href=\"http:\/\/news.zing.vn\/Nhung-cap-treo-vuot-nui-an-tuong-khap-the-gioi-post624531.html\" target=\"_blank\">Zing News<\/a><\/strong><\/p>\n<div class=\"ltt-contentbox white\"><\/span><\/p>\n<p><strong>Xem th\u00eam c\u00e1c b\u00e0i vi\u1ebft:<\/strong><\/p>\n<p><strong><a href=\"https:\/\/www.ivivu.com\/blog\/2014\/06\/top-10-dia-diem-tuyet-voi-nhat-khi-du-lich-bang-cap-treo\/\" target=\"_blank\">Top 10 \u0111\u1ecba \u0111i\u1ec3m tuy\u1ec7t v\u1eddi nh\u1ea5t khi du l\u1ecbch b\u1eb1ng c\u00e1p treo<\/a><\/strong><\/p>\n<p><strong><a href=\"https:\/\/www.ivivu.com\/blog\/2014\/01\/tha-hon-tai-nhung-diem-du-lich-cap-treo-sieu-an-tuong\/\" target=\"_blank\">Th\u1ea3 h\u1ed3n t\u1ea1i nh\u1eefng \u0111i\u1ec3m du l\u1ecbch c\u00e1p treo si\u00eau \u1ea5n t\u01b0\u1ee3ng<\/a><\/strong><\/p>\n<p><strong><a href=\"https:\/\/www.ivivu.com\/blog\/2013\/11\/du-an-cap-treo-phuc-tap-nhat-the-gioi-thi-cong-tai-sa-pa\/\" target=\"_blank\">D\u1ef1 \u00e1n c\u00e1p treo ph\u1ee9c t\u1ea1p nh\u1ea5t th\u1ebf gi\u1edbi thi c\u00f4ng t\u1ea1i Sa Pa<\/a><\/strong><\/p>\n<p><\/div>\n<h3><div class=\"ltt-contentbox white\"><\/span>Danh s\u00e1ch <a href=\"https:\/\/www.ivivu.com\/khach-san-sapa?utm_source=blog_ivivu&amp;utm_medium=post_link&amp;utm_campaign=internal\" target=\"_blank\">kh\u00e1ch s\u1ea1n Sapa<\/a> \u0111ang khuy\u1ebfn m\u00e3i h\u1ea5p d\u1eabn t\u1ea1i iVIVU.com<\/div><\/h3>\n<p><strong style=\"font-size: 16px; line-height: 1.5;\">***<\/strong><\/p>\n<p><strong>Tham kh\u1ea3o: <a href=\"https:\/\/www.ivivu.com\/blog\/\" target=\"_blank\">C\u1ea9m nang du l\u1ecbch iVIVU.com<\/a><\/strong><\/p>\n","protected":false},"excerpt":{"rendered":"<p>C\u00e1c tuy\u1ebfn c\u00e1p treo n\u00e0y kh\u00f4ng ch\u1ec9 thu h\u00fat m\u1ed9t l\u01b0\u1ee3ng l\u1edbn kh\u00e1ch du l\u1ecbch m\u00e0 c\u00f2n l\u00e0 nh\u1eefng c\u00f4ng tr\u00ecnh ki\u1ebfn tr\u00fac \u0111\u1ed9c \u0111\u00e1o, \u0111\u01b0\u1ee3c x\u00e2y d\u1ef1ng k\u1ef3 c\u00f4ng.<\/p>\n","protected":false},"author":38,"featured_media":124746,"comment_status":"closed","ping_status":"open","sticky":false,"template":"","format":"standard","meta":{"_acf_changed":false,"footnotes":""},"categories":[241,231,229,14742],"tags":[5328,1438,4873,18964,347,5337,5338,185],"acf":[],"yoast_head":"<!-- This site is optimized with the Yoast SEO Premium plugin v22.6 (Yoast SEO v22.6) - https:\/\/yoast.com\/wordpress\/plugins\/seo\/ -->\n<title>iVIVU.com - Nh\u1eefng c\u00e1p treo v\u01b0\u1ee3t n\u00fai \u1ea5n t\u01b0\u1ee3ng kh\u1eafp th\u1ebf gi\u1edbi<\/title>\n<meta name=\"description\" content=\"iVIVU.com - C\u00e1c tuy\u1ebfn c\u00e1p treo n\u00e0y kh\u00f4ng ch\u1ec9 thu h\u00fat m\u1ed9t l\u01b0\u1ee3ng l\u1edbn kh\u00e1ch du l\u1ecbch m\u00e0 c\u00f2n l\u00e0 nh\u1eefng c\u00f4ng tr\u00ecnh ki\u1ebfn tr\u00fac \u0111\u1ed9c \u0111\u00e1o, \u0111\u01b0\u1ee3c x\u00e2y d\u1ef1ng k\u1ef3 c\u00f4ng.\" \/>\n<meta name=\"robots\" content=\"index, follow, max-snippet:-1, max-image-preview:large, max-video-preview:-1\" \/>\n<link rel=\"canonical\" href=\"https:\/\/www.ivivu.com\/blog\/2016\/02\/nhung-cap-treo-vuot-nui-an-tuong-khap-the-gioi\/\" \/>\n<meta name=\"twitter:label1\" content=\"\u0110\u01b0\u1ee3c vi\u1ebft b\u1edfi\" \/>\n\t<meta name=\"twitter:data1\" content=\"Ng\u00e2n Thi\u1ec1u Kim\" \/>\n\t<meta name=\"twitter:label2\" content=\"\u01af\u1edbc t\u00ednh th\u1eddi gian \u0111\u1ecdc\" \/>\n\t<meta name=\"twitter:data2\" content=\"7 ph\u00fat\" \/>\n<script type=\"application\/ld+json\" class=\"yoast-schema-graph\">{\"@context\":\"https:\/\/schema.org\",\"@graph\":[{\"@type\":\"Article\",\"@id\":\"https:\/\/www.ivivu.com\/blog\/2016\/02\/nhung-cap-treo-vuot-nui-an-tuong-khap-the-gioi\/#article\",\"isPartOf\":{\"@id\":\"https:\/\/www.ivivu.com\/blog\/2016\/02\/nhung-cap-treo-vuot-nui-an-tuong-khap-the-gioi\/\"},\"author\":{\"name\":\"Ng\u00e2n Thi\u1ec1u Kim\",\"@id\":\"https:\/\/www.ivivu.com\/blog\/#\/schema\/person\/f6e706f46fad4e85f2e1c3ec41136369\"},\"headline\":\"Nh\u1eefng c\u00e1p treo v\u01b0\u1ee3t n\u00fai \u1ea5n t\u01b0\u1ee3ng kh\u1eafp th\u1ebf gi\u1edbi\",\"datePublished\":\"2016-02-15T00:21:39+00:00\",\"dateModified\":\"2016-02-15T00:21:39+00:00\",\"mainEntityOfPage\":{\"@id\":\"https:\/\/www.ivivu.com\/blog\/2016\/02\/nhung-cap-treo-vuot-nui-an-tuong-khap-the-gioi\/\"},\"wordCount\":1332,\"publisher\":{\"@id\":\"https:\/\/www.ivivu.com\/blog\/#organization\"},\"image\":{\"@id\":\"https:\/\/www.ivivu.com\/blog\/2016\/02\/nhung-cap-treo-vuot-nui-an-tuong-khap-the-gioi\/#primaryimage\"},\"thumbnailUrl\":\"https:\/\/cdn3.ivivu.com\/2016\/02\/Nhung-cap-treo-vuot-nui-an-tuong-khap-the-gioi-ivivu-7.jpg\",\"keywords\":[\"c\u1ea9m nang du l\u1ecbch sapa\",\"c\u00e1p treo\",\"c\u00e1p treo Fansipan\",\"c\u00e1p treo Fansipan Sapa\",\"Du l\u1ecbch Sapa\",\"kh\u00e1ch s\u1ea1n sapa\",\"kh\u00e1ch s\u1ea1n sapa gi\u00e1 r\u1ebb\",\"sapa\"],\"articleSection\":[\"Du l\u1ecbch Sapa\",\"DU L\u1ecaCH TH\u1ebe GI\u1edaI\",\"DU L\u1ecaCH VI\u1ec6T NAM\",\"N\u1ed5i B\u1eadt 2\"],\"inLanguage\":\"vi\"},{\"@type\":\"WebPage\",\"@id\":\"https:\/\/www.ivivu.com\/blog\/2016\/02\/nhung-cap-treo-vuot-nui-an-tuong-khap-the-gioi\/\",\"url\":\"https:\/\/www.ivivu.com\/blog\/2016\/02\/nhung-cap-treo-vuot-nui-an-tuong-khap-the-gioi\/\",\"name\":\"iVIVU.com - Nh\u1eefng c\u00e1p treo v\u01b0\u1ee3t n\u00fai \u1ea5n t\u01b0\u1ee3ng kh\u1eafp th\u1ebf gi\u1edbi\",\"isPartOf\":{\"@id\":\"https:\/\/www.ivivu.com\/blog\/#website\"},\"primaryImageOfPage\":{\"@id\":\"https:\/\/www.ivivu.com\/blog\/2016\/02\/nhung-cap-treo-vuot-nui-an-tuong-khap-the-gioi\/#primaryimage\"},\"image\":{\"@id\":\"https:\/\/www.ivivu.com\/blog\/2016\/02\/nhung-cap-treo-vuot-nui-an-tuong-khap-the-gioi\/#primaryimage\"},\"thumbnailUrl\":\"https:\/\/cdn3.ivivu.com\/2016\/02\/Nhung-cap-treo-vuot-nui-an-tuong-khap-the-gioi-ivivu-7.jpg\",\"datePublished\":\"2016-02-15T00:21:39+00:00\",\"dateModified\":\"2016-02-15T00:21:39+00:00\",\"description\":\"iVIVU.com - C\u00e1c tuy\u1ebfn c\u00e1p treo n\u00e0y kh\u00f4ng ch\u1ec9 thu h\u00fat m\u1ed9t l\u01b0\u1ee3ng l\u1edbn kh\u00e1ch du l\u1ecbch m\u00e0 c\u00f2n l\u00e0 nh\u1eefng c\u00f4ng tr\u00ecnh ki\u1ebfn tr\u00fac \u0111\u1ed9c \u0111\u00e1o, \u0111\u01b0\u1ee3c x\u00e2y d\u1ef1ng k\u1ef3 c\u00f4ng.\",\"breadcrumb\":{\"@id\":\"https:\/\/www.ivivu.com\/blog\/2016\/02\/nhung-cap-treo-vuot-nui-an-tuong-khap-the-gioi\/#breadcrumb\"},\"inLanguage\":\"vi\",\"potentialAction\":[{\"@type\":\"ReadAction\",\"target\":[\"https:\/\/www.ivivu.com\/blog\/2016\/02\/nhung-cap-treo-vuot-nui-an-tuong-khap-the-gioi\/\"]}]},{\"@type\":\"ImageObject\",\"inLanguage\":\"vi\",\"@id\":\"https:\/\/www.ivivu.com\/blog\/2016\/02\/nhung-cap-treo-vuot-nui-an-tuong-khap-the-gioi\/#primaryimage\",\"url\":\"https:\/\/cdn3.ivivu.com\/2016\/02\/Nhung-cap-treo-vuot-nui-an-tuong-khap-the-gioi-ivivu-7.jpg\",\"contentUrl\":\"https:\/\/cdn3.ivivu.com\/2016\/02\/Nhung-cap-treo-vuot-nui-an-tuong-khap-the-gioi-ivivu-7.jpg\",\"width\":720,\"height\":406},{\"@type\":\"BreadcrumbList\",\"@id\":\"https:\/\/www.ivivu.com\/blog\/2016\/02\/nhung-cap-treo-vuot-nui-an-tuong-khap-the-gioi\/#breadcrumb\",\"itemListElement\":[{\"@type\":\"ListItem\",\"position\":1,\"name\":\"Home\",\"item\":\"https:\/\/www.ivivu.com\/blog\/\"},{\"@type\":\"ListItem\",\"position\":2,\"name\":\"Nh\u1eefng c\u00e1p treo v\u01b0\u1ee3t n\u00fai \u1ea5n t\u01b0\u1ee3ng kh\u1eafp th\u1ebf gi\u1edbi\"}]},{\"@type\":\"WebSite\",\"@id\":\"https:\/\/www.ivivu.com\/blog\/#website\",\"url\":\"https:\/\/www.ivivu.com\/blog\/\",\"name\":\"C\u1ea9m nang du l\u1ecbch\",\"description\":\"\",\"publisher\":{\"@id\":\"https:\/\/www.ivivu.com\/blog\/#organization\"},\"potentialAction\":[{\"@type\":\"SearchAction\",\"target\":{\"@type\":\"EntryPoint\",\"urlTemplate\":\"https:\/\/www.ivivu.com\/blog\/?s={search_term_string}\"},\"query-input\":\"required name=search_term_string\"}],\"inLanguage\":\"vi\"},{\"@type\":\"Organization\",\"@id\":\"https:\/\/www.ivivu.com\/blog\/#organization\",\"name\":\"iVIVU.com\",\"url\":\"https:\/\/www.ivivu.com\/blog\/\",\"logo\":{\"@type\":\"ImageObject\",\"inLanguage\":\"vi\",\"@id\":\"https:\/\/www.ivivu.com\/blog\/#\/schema\/logo\/image\/\",\"url\":\"https:\/\/cdn3.ivivu.com\/2024\/01\/ivivu_no_slogan.png\",\"contentUrl\":\"https:\/\/cdn3.ivivu.com\/2024\/01\/ivivu_no_slogan.png\",\"width\":788,\"height\":565,\"caption\":\"iVIVU.com\"},\"image\":{\"@id\":\"https:\/\/www.ivivu.com\/blog\/#\/schema\/logo\/image\/\"},\"sameAs\":[\"https:\/\/www.facebook.com\/iVIVU\"]},{\"@type\":\"Person\",\"@id\":\"https:\/\/www.ivivu.com\/blog\/#\/schema\/person\/f6e706f46fad4e85f2e1c3ec41136369\",\"name\":\"Ng\u00e2n Thi\u1ec1u Kim\",\"sameAs\":[\"https:\/\/www.ivivu.com\/blog\/\"],\"url\":\"https:\/\/www.ivivu.com\/blog\/author\/ngan-thieu\/\"}]}<\/script>\n<!-- \/ Yoast SEO Premium plugin. -->","yoast_head_json":{"title":"iVIVU.com - Nh\u1eefng c\u00e1p treo v\u01b0\u1ee3t n\u00fai \u1ea5n t\u01b0\u1ee3ng kh\u1eafp th\u1ebf gi\u1edbi","description":"iVIVU.com - C\u00e1c tuy\u1ebfn c\u00e1p treo n\u00e0y kh\u00f4ng ch\u1ec9 thu h\u00fat m\u1ed9t l\u01b0\u1ee3ng l\u1edbn kh\u00e1ch du l\u1ecbch m\u00e0 c\u00f2n l\u00e0 nh\u1eefng c\u00f4ng tr\u00ecnh ki\u1ebfn tr\u00fac \u0111\u1ed9c \u0111\u00e1o, \u0111\u01b0\u1ee3c x\u00e2y d\u1ef1ng k\u1ef3 c\u00f4ng.","robots":{"index":"index","follow":"follow","max-snippet":"max-snippet:-1","max-image-preview":"max-image-preview:large","max-video-preview":"max-video-preview:-1"},"canonical":"https:\/\/www.ivivu.com\/blog\/2016\/02\/nhung-cap-treo-vuot-nui-an-tuong-khap-the-gioi\/","twitter_misc":{"\u0110\u01b0\u1ee3c vi\u1ebft b\u1edfi":"Ng\u00e2n Thi\u1ec1u Kim","\u01af\u1edbc t\u00ednh th\u1eddi gian \u0111\u1ecdc":"7 ph\u00fat"},"schema":{"@context":"https:\/\/schema.org","@graph":[{"@type":"Article","@id":"https:\/\/www.ivivu.com\/blog\/2016\/02\/nhung-cap-treo-vuot-nui-an-tuong-khap-the-gioi\/#article","isPartOf":{"@id":"https:\/\/www.ivivu.com\/blog\/2016\/02\/nhung-cap-treo-vuot-nui-an-tuong-khap-the-gioi\/"},"author":{"name":"Ng\u00e2n Thi\u1ec1u Kim","@id":"https:\/\/www.ivivu.com\/blog\/#\/schema\/person\/f6e706f46fad4e85f2e1c3ec41136369"},"headline":"Nh\u1eefng c\u00e1p treo v\u01b0\u1ee3t n\u00fai \u1ea5n t\u01b0\u1ee3ng kh\u1eafp th\u1ebf gi\u1edbi","datePublished":"2016-02-15T00:21:39+00:00","dateModified":"2016-02-15T00:21:39+00:00","mainEntityOfPage":{"@id":"https:\/\/www.ivivu.com\/blog\/2016\/02\/nhung-cap-treo-vuot-nui-an-tuong-khap-the-gioi\/"},"wordCount":1332,"publisher":{"@id":"https:\/\/www.ivivu.com\/blog\/#organization"},"image":{"@id":"https:\/\/www.ivivu.com\/blog\/2016\/02\/nhung-cap-treo-vuot-nui-an-tuong-khap-the-gioi\/#primaryimage"},"thumbnailUrl":"https:\/\/cdn3.ivivu.com\/2016\/02\/Nhung-cap-treo-vuot-nui-an-tuong-khap-the-gioi-ivivu-7.jpg","keywords":["c\u1ea9m nang du l\u1ecbch sapa","c\u00e1p treo","c\u00e1p treo Fansipan","c\u00e1p treo Fansipan Sapa","Du l\u1ecbch Sapa","kh\u00e1ch s\u1ea1n sapa","kh\u00e1ch s\u1ea1n sapa gi\u00e1 r\u1ebb","sapa"],"articleSection":["Du l\u1ecbch Sapa","DU L\u1ecaCH TH\u1ebe GI\u1edaI","DU L\u1ecaCH VI\u1ec6T NAM","N\u1ed5i B\u1eadt 2"],"inLanguage":"vi"},{"@type":"WebPage","@id":"https:\/\/www.ivivu.com\/blog\/2016\/02\/nhung-cap-treo-vuot-nui-an-tuong-khap-the-gioi\/","url":"https:\/\/www.ivivu.com\/blog\/2016\/02\/nhung-cap-treo-vuot-nui-an-tuong-khap-the-gioi\/","name":"iVIVU.com - Nh\u1eefng c\u00e1p treo v\u01b0\u1ee3t n\u00fai \u1ea5n t\u01b0\u1ee3ng kh\u1eafp th\u1ebf gi\u1edbi","isPartOf":{"@id":"https:\/\/www.ivivu.com\/blog\/#website"},"primaryImageOfPage":{"@id":"https:\/\/www.ivivu.com\/blog\/2016\/02\/nhung-cap-treo-vuot-nui-an-tuong-khap-the-gioi\/#primaryimage"},"image":{"@id":"https:\/\/www.ivivu.com\/blog\/2016\/02\/nhung-cap-treo-vuot-nui-an-tuong-khap-the-gioi\/#primaryimage"},"thumbnailUrl":"https:\/\/cdn3.ivivu.com\/2016\/02\/Nhung-cap-treo-vuot-nui-an-tuong-khap-the-gioi-ivivu-7.jpg","datePublished":"2016-02-15T00:21:39+00:00","dateModified":"2016-02-15T00:21:39+00:00","description":"iVIVU.com - C\u00e1c tuy\u1ebfn c\u00e1p treo n\u00e0y kh\u00f4ng ch\u1ec9 thu h\u00fat m\u1ed9t l\u01b0\u1ee3ng l\u1edbn kh\u00e1ch du l\u1ecbch m\u00e0 c\u00f2n l\u00e0 nh\u1eefng c\u00f4ng tr\u00ecnh ki\u1ebfn tr\u00fac \u0111\u1ed9c \u0111\u00e1o, \u0111\u01b0\u1ee3c x\u00e2y d\u1ef1ng k\u1ef3 c\u00f4ng.","breadcrumb":{"@id":"https:\/\/www.ivivu.com\/blog\/2016\/02\/nhung-cap-treo-vuot-nui-an-tuong-khap-the-gioi\/#breadcrumb"},"inLanguage":"vi","potentialAction":[{"@type":"ReadAction","target":["https:\/\/www.ivivu.com\/blog\/2016\/02\/nhung-cap-treo-vuot-nui-an-tuong-khap-the-gioi\/"]}]},{"@type":"ImageObject","inLanguage":"vi","@id":"https:\/\/www.ivivu.com\/blog\/2016\/02\/nhung-cap-treo-vuot-nui-an-tuong-khap-the-gioi\/#primaryimage","url":"https:\/\/cdn3.ivivu.com\/2016\/02\/Nhung-cap-treo-vuot-nui-an-tuong-khap-the-gioi-ivivu-7.jpg","contentUrl":"https:\/\/cdn3.ivivu.com\/2016\/02\/Nhung-cap-treo-vuot-nui-an-tuong-khap-the-gioi-ivivu-7.jpg","width":720,"height":406},{"@type":"BreadcrumbList","@id":"https:\/\/www.ivivu.com\/blog\/2016\/02\/nhung-cap-treo-vuot-nui-an-tuong-khap-the-gioi\/#breadcrumb","itemListElement":[{"@type":"ListItem","position":1,"name":"Home","item":"https:\/\/www.ivivu.com\/blog\/"},{"@type":"ListItem","position":2,"name":"Nh\u1eefng c\u00e1p treo v\u01b0\u1ee3t n\u00fai \u1ea5n t\u01b0\u1ee3ng kh\u1eafp th\u1ebf gi\u1edbi"}]},{"@type":"WebSite","@id":"https:\/\/www.ivivu.com\/blog\/#website","url":"https:\/\/www.ivivu.com\/blog\/","name":"C\u1ea9m nang du l\u1ecbch","description":"","publisher":{"@id":"https:\/\/www.ivivu.com\/blog\/#organization"},"potentialAction":[{"@type":"SearchAction","target":{"@type":"EntryPoint","urlTemplate":"https:\/\/www.ivivu.com\/blog\/?s={search_term_string}"},"query-input":"required name=search_term_string"}],"inLanguage":"vi"},{"@type":"Organization","@id":"https:\/\/www.ivivu.com\/blog\/#organization","name":"iVIVU.com","url":"https:\/\/www.ivivu.com\/blog\/","logo":{"@type":"ImageObject","inLanguage":"vi","@id":"https:\/\/www.ivivu.com\/blog\/#\/schema\/logo\/image\/","url":"https:\/\/cdn3.ivivu.com\/2024\/01\/ivivu_no_slogan.png","contentUrl":"https:\/\/cdn3.ivivu.com\/2024\/01\/ivivu_no_slogan.png","width":788,"height":565,"caption":"iVIVU.com"},"image":{"@id":"https:\/\/www.ivivu.com\/blog\/#\/schema\/logo\/image\/"},"sameAs":["https:\/\/www.facebook.com\/iVIVU"]},{"@type":"Person","@id":"https:\/\/www.ivivu.com\/blog\/#\/schema\/person\/f6e706f46fad4e85f2e1c3ec41136369","name":"Ng\u00e2n Thi\u1ec1u Kim","sameAs":["https:\/\/www.ivivu.com\/blog\/"],"url":"https:\/\/www.ivivu.com\/blog\/author\/ngan-thieu\/"}]}},"_links":{"self":[{"href":"https:\/\/www.ivivu.com\/blog\/wp-json\/wp\/v2\/posts\/124737"}],"collection":[{"href":"https:\/\/www.ivivu.com\/blog\/wp-json\/wp\/v2\/posts"}],"about":[{"href":"https:\/\/www.ivivu.com\/blog\/wp-json\/wp\/v2\/types\/post"}],"author":[{"embeddable":true,"href":"https:\/\/www.ivivu.com\/blog\/wp-json\/wp\/v2\/users\/38"}],"replies":[{"embeddable":true,"href":"https:\/\/www.ivivu.com\/blog\/wp-json\/wp\/v2\/comments?post=124737"}],"version-history":[{"count":3,"href":"https:\/\/www.ivivu.com\/blog\/wp-json\/wp\/v2\/posts\/124737\/revisions"}],"predecessor-version":[{"id":124896,"href":"https:\/\/www.ivivu.com\/blog\/wp-json\/wp\/v2\/posts\/124737\/revisions\/124896"}],"wp:featuredmedia":[{"embeddable":true,"href":"https:\/\/www.ivivu.com\/blog\/wp-json\/wp\/v2\/media\/124746"}],"wp:attachment":[{"href":"https:\/\/www.ivivu.com\/blog\/wp-json\/wp\/v2\/media?parent=124737"}],"wp:term":[{"taxonomy":"category","embeddable":true,"href":"https:\/\/www.ivivu.com\/blog\/wp-json\/wp\/v2\/categories?post=124737"},{"taxonomy":"post_tag","embeddable":true,"href":"https:\/\/www.ivivu.com\/blog\/wp-json\/wp\/v2\/tags?post=124737"}],"curies":[{"name":"wp","href":"https:\/\/api.w.org\/{rel}","templated":true}]}}