{"id":125409,"date":"2016-02-21T14:00:33","date_gmt":"2016-02-21T07:00:33","guid":{"rendered":"https:\/\/www.ivivu.com\/blog\/?p=125409"},"modified":"2016-02-19T17:07:59","modified_gmt":"2016-02-19T10:07:59","slug":"thu-thach-cung-tro-choi-dan-gian-khi-du-lich-vinh-long","status":"publish","type":"post","link":"https:\/\/www.ivivu.com\/blog\/2016\/02\/thu-thach-cung-tro-choi-dan-gian-khi-du-lich-vinh-long\/","title":{"rendered":"Th\u1eed th\u00e1ch c\u00f9ng tr\u00f2 ch\u01a1i d\u00e2n gian khi du l\u1ecbch V\u0129nh Long"},"content":{"rendered":"<p style=\"text-align: justify;\"><em><strong>T\u1edbi c\u00e1c khu du l\u1ecbch \u1edf mi\u1ec1n T\u00e2y, b\u1ea1n c\u00f3 th\u1ec3 h\u00f3a th\u00e2n th\u00e0nh n\u00f4ng d\u00e2n, th\u01b0\u1edfng th\u1ee9c m\u00f3n ngon, nghe \u0111\u00e0n ca t\u00e0i t\u1eed v\u00e0 ng\u1ee7 tr\u01b0a kh\u00f4ng m\u1ed9ng m\u1ecb.<\/strong><\/em><!--more--><\/p>\n<h2>Th\u1eed th\u00e1ch c\u00f9ng tr\u00f2 ch\u01a1i d\u00e2n gian khi du l\u1ecbch V\u0129nh Long<\/h2>\n<p><strong>Ng\u00e0y 1<\/strong><\/p>\n<div id=\"attachment_125473\" style=\"width: 670px\" class=\"wp-caption aligncenter\"><img loading=\"lazy\" decoding=\"async\" aria-describedby=\"caption-attachment-125473\" class=\"wp-image-125473 size-full\" title=\"Du kh\u00e1ch tham gia n\u00e9m lon. \u1ea2nh: Vinh Sang.\" src=\"https:\/\/cdn3.ivivu.com\/2016\/02\/Thu-thach-cung-tro-choi-dan-gian-o-Vinh-Long-ivivu-1.jpg\" alt=\"Du kh\u00e1ch tham gia n\u00e9m lon. \u1ea2nh: Vinh Sang.\" width=\"660\" height=\"495\" srcset=\"https:\/\/cdn3.ivivu.com\/2016\/02\/Thu-thach-cung-tro-choi-dan-gian-o-Vinh-Long-ivivu-1.jpg 660w, https:\/\/cdn3.ivivu.com\/2016\/02\/Thu-thach-cung-tro-choi-dan-gian-o-Vinh-Long-ivivu-1-407x305.jpg 407w\" sizes=\"(max-width: 660px) 100vw, 660px\" \/><p id=\"caption-attachment-125473\" class=\"wp-caption-text\">Du kh\u00e1ch tham gia n\u00e9m lon. \u1ea2nh: Vinh Sang.<\/p><\/div>\n<p style=\"text-align: justify;\">7h: Xu\u1ea5t ph\u00e1t TP HCM &#8211; V\u0129nh Long.<\/p>\n<p style=\"text-align: justify;\">B\u1ea1n c\u00f3 th\u1ec3 mua v\u00e9 tuy\u1ebfn xe S\u00e0i G\u00f2n &#8211; V\u0129nh Long \u1edf b\u1ebfn xe mi\u1ec1n T\u00e2y. Gi\u00e1 v\u00e9 t\u1eeb 90.000-150.000 \u0111\u1ed3ng t\u00f9y h\u00e3ng. Th\u1eddi gian di chuy\u1ec3n kho\u1ea3ng 2-3 ti\u1ebfng.<\/p>\n<p style=\"text-align: justify;\">C\u00f3 nhi\u1ec1u h\u01b0\u1edbng xu\u1ea5t ph\u00e1t t\u1eeb TP HCM \u0111i V\u0129nh Long, song \u0111\u01b0\u1ee3c nhi\u1ec1u ph\u01b0\u1ee3t th\u1ee7 ch\u1ecdn l\u1ef1a nh\u1ea5t l\u00e0 t\u1eeb v\u00f2ng xoay Ph\u00fa L\u00e2m v\u00e0 cao t\u1ed1c Trung L\u01b0\u01a1ng (\u0111\u1ebfn ng\u00e3 ba Trung L\u01b0\u01a1ng th\u00ec \u0111i qua c\u1ea7u R\u1ea1ch Mi\u1ec5u \u0111i Ti\u1ec1n Giang &#8211; B\u1ebfn Tre), qua c\u1ea7u M\u1ef9 Thu\u1eadn \u0111i Ti\u1ec1n Giang &#8211; V\u0129nh Long.<\/p>\n<p style=\"text-align: justify;\">9h: T\u1edbi TP M\u1ef9 Tho, \u0103n s\u00e1ng.<\/p>\n<p style=\"text-align: justify;\">10h: Xu\u1ed1ng b\u1ebfn \u0111\u00f2 du l\u1ecbch C\u1eedu Long &#8211; C\u00e1i B\u00e8, b\u1eaft \u0111\u1ea7u chuy\u1ebfn du ngo\u1ea1n tr\u00ean s\u00f4ng Ti\u1ec1n.<\/p>\n<p style=\"text-align: justify;\">10h30: \u0110\u00f2 \u0111\u01b0a b\u1ea1n \u0111i ngang ch\u1ee3 n\u1ed5i C\u00e1i B\u00e8. L\u00fac n\u00e0y, ch\u1ee3 \u0111\u00e3 tan, song b\u1ea1n v\u1eabn c\u00f3 th\u1ec3 kh\u00e1m ph\u00e1 \u0111\u1eb7c tr\u01b0ng ch\u1ee3 n\u1ed5i v\u1edbi c\u00e1c m\u00f3n h\u00e0ng treo tr\u00ean c\u00e2y ch\u00e8o b\u1ebbo \u1edf \u0111\u1ea7u ghe (ch\u1ee3 n\u1ed5i n\u00e0y \u1edf kh\u00fac s\u00f4ng giao nhau c\u1ee7a 3 t\u1ec9nh B\u1ebfn Tre &#8211; Ti\u1ec1n Giang &#8211; V\u0129nh Long).<\/p>\n<p style=\"text-align: justify;\">11h: R\u1eddi ch\u1ee3 n\u1ed5i, b\u1ea1n n\u00ean ch\u1ecdn m\u1ed9t trong c\u00e1c l\u00e0ng ngh\u1ec1 l\u00e0m b\u00fan, b\u00e1nh tr\u00e1ng, c\u1ed1m&#8230; ven s\u00f4ng \u0111\u1ec3 gh\u00e9 v\u00e0 t\u00ecm hi\u1ec3u.<\/p>\n<p style=\"text-align: justify;\">12h: \u0110\u00f2 d\u1eebng \u1edf c\u00f9 lao An B\u00ecnh. B\u1ea1n l\u00ean \u0103n tr\u01b0a, ngh\u1ec9 ng\u01a1i, nghe \u0111\u00e0n ca t\u00e0i t\u1eed, h\u00e1i v\u00e0 th\u01b0\u1edfng th\u1ee9c tr\u00e1i c\u00e2y trong v\u01b0\u1eddn. Kh\u00e1m ph\u00e1 kh\u00f4ng gian l\u00e0ng qu\u00ea \u0111\u00fang ngh\u0129a v\u1edbi v\u01b0\u1eddn c\u1ea3nh bonsai c\u1ee7a \u00f4ng S\u00e1u Gi\u00e1o, nh\u00e0 s\u00e0n \u00f4ng M\u01b0\u1eddi \u00d0\u1ea7y, ng\u00f4i nh\u00e0 s\u00e0n c\u1ea5t b\u1eb1ng g\u1ed7 tr\u00ean r\u1ea1ch Ninh Ho\u00e0, nh\u00e0 \u00f4ng Hai Ho\u00e0ng \u0111\u01b0\u1ee3c x\u00e2y theo ki\u1ebfn tr\u00fac Ph\u00e1p&#8230;<\/p>\n<p style=\"text-align: justify;\">15h: L\u00ean \u0111\u00f2 \u0111i tham quan V\u0103n th\u00e1nh mi\u1ebfu, m\u1ed9t trong nh\u1eefng v\u0103n mi\u1ebfu hi\u1ebfm hoi c\u1ee7a \u0111\u1ed3ng b\u1eb1ng s\u00f4ng C\u1eedu Long \u0111\u01b0\u01a1c x\u00e2y d\u1ef1ng t\u1eeb n\u0103m 1864, th\u1edd Kh\u1ed5ng T\u1eed.<\/p>\n<p style=\"text-align: justify;\">16h: Gh\u00e9 ch\u00f9a c\u1ed5 Long An (ch\u00f9a \u0110\u1ed3ng \u0110\u1ebf) \u0111\u01b0\u1ee3c x\u00e2y d\u1ef1ng h\u01a1n hai th\u1eadp k\u1ef7 tr\u01b0\u1edbc.<\/p>\n<p style=\"text-align: justify;\">17h: Gh\u00e9 ch\u00f9a Ti\u00ean Ch\u00e2u t\u00ecm hi\u1ec3u b\u1ed9 gi\u00e0n tr\u00f2 b\u1eb1ng g\u1ed7 qu\u00fd, t\u01b0\u1ee3ng Ph\u1eadt Di \u0110\u00e0 b\u1eb1ng \u0111\u1ea5t s\u00e9t l\u1edbn.<\/p>\n<p style=\"text-align: justify;\">18h: T\u1edbi kh\u00e1ch s\u1ea1n \u0111\u00e3 \u0111\u1eb7t tr\u01b0\u1edbc, \u0111i \u0103n t\u1ed1i, kh\u00e1m ph\u00e1 TP V\u0129nh Long v\u1ec1 \u0111\u00eam.<\/p>\n<p><strong>Ng\u00e0y 2<\/strong><\/p>\n<div id=\"attachment_125474\" style=\"width: 670px\" class=\"wp-caption aligncenter\"><a href=\"https:\/\/cdn3.ivivu.com\/2016\/02\/Thu-thach-cung-tro-choi-dan-gian-o-Vinh-Long-ivivu-2.jpg\"><img loading=\"lazy\" decoding=\"async\" aria-describedby=\"caption-attachment-125474\" class=\"wp-image-125474 size-full\" title=\"Gi\u1edbi tr\u1ebb th\u00edch th\u00fa th\u00e0nh n\u00f4ng d\u00e2n trong tr\u00f2 ch\u01a1i be m\u01b0\u01a1ng t\u00e1t c\u00e1. \u1ea2nh: Vinh Sang. \" src=\"https:\/\/cdn3.ivivu.com\/2016\/02\/Thu-thach-cung-tro-choi-dan-gian-o-Vinh-Long-ivivu-2.jpg\" alt=\"Gi\u1edbi tr\u1ebb th\u00edch th\u00fa th\u00e0nh n\u00f4ng d\u00e2n trong tr\u00f2 ch\u01a1i be m\u01b0\u01a1ng t\u00e1t c\u00e1. \u1ea2nh: Vinh Sang. \" width=\"660\" height=\"495\" srcset=\"https:\/\/cdn3.ivivu.com\/2016\/02\/Thu-thach-cung-tro-choi-dan-gian-o-Vinh-Long-ivivu-2.jpg 660w, https:\/\/cdn3.ivivu.com\/2016\/02\/Thu-thach-cung-tro-choi-dan-gian-o-Vinh-Long-ivivu-2-407x305.jpg 407w\" sizes=\"(max-width: 660px) 100vw, 660px\" \/><\/a><p id=\"caption-attachment-125474\" class=\"wp-caption-text\">Gi\u1edbi tr\u1ebb th\u00edch th\u00fa th\u00e0nh n\u00f4ng d\u00e2n trong tr\u00f2 ch\u01a1i be m\u01b0\u01a1ng t\u00e1t c\u00e1. \u1ea2nh: Vinh Sang.<\/p><\/div>\n<p style=\"text-align: justify;\">8h: Xu\u1ea5t ph\u00e1t \u0111i KDL Vinh Sang, \u201ch\u00f3a th\u00e2n\u201d th\u00e0nh n\u00f4ng d\u00e2n tham gia be m\u01b0\u01a1ng t\u00e1t c\u00e1, th\u01b0\u1edfng th\u1ee9c nh\u1eefng m\u00f3n \u0103n \u0111\u1eb7c tr\u01b0ng s\u00f4ng n\u01b0\u1edbc, nghe \u0111\u1eddn ca t\u00e0i t\u1eed, th\u1ea3 m\u00ecnh tr\u00ean v\u00f5ng ng\u1ee7 m\u1ed9t gi\u1ea5c th\u1eadt s\u00e2u trong c\u00e1i y\u00ean b\u00ecnh c\u1ee7a v\u00f9ng qu\u00ea. B\u00ean c\u1ea1nh \u0111\u00f3, n\u1ebfu \u0111\u1ebfn v\u00e0o m\u00f9a h\u00e8, b\u1ea1n s\u1ebd \u0111\u01b0\u1ee3c t\u1ef1 do kh\u00e1m ph\u00e1 h\u00e0ng lo\u1ea1t tr\u00e1i c\u00e2y ngon trong v\u01b0\u1eddn.<\/p>\n<p style=\"text-align: justify;\">C\u00e1c m\u00f3n n\u00ean th\u1eed t\u1ea1i V\u0129nh Long l\u00e0 b\u00e1nh tr\u00e1ng nem c\u00f9 lao L\u1ee5c S\u0129 Th\u00e0nh (c\u00f9 lao M\u00e2y), c\u00e1 ch\u00e1y, khoai lang m\u1eafm s\u1ed1ng, c\u00e1 tai t\u01b0\u1ee3ng chi\u00ean x\u00f9, c\u00e1 \u00fat n\u1ea5u canh chua.<\/p>\n<p style=\"text-align: justify;\">14h: Kh\u1edfi h\u00e0nh v\u1ec1 Cai L\u1eady (Ti\u1ec1n Giang). Khi \u0111\u1ebfn Cai L\u1eady, b\u1ea1n n\u00ean gh\u00e9 v\u01b0\u1eddn mua b\u01b0\u1edfi, nh\u00e3n, v\u00fa s\u1eefa, s\u1ea7u ri\u00eang \u1edf Ba D\u1eeba, Kim S\u01a1n, V\u0129nh Kim&#8230; v\u1ec1 l\u00e0m qu\u00e0.<\/p>\n<p style=\"text-align: justify;\">16h: Ti\u1ebfp t\u1ee5c h\u00e0nh tr\u00ecnh t\u1eeb Cai L\u1eady &#8211; TP HCM.<\/p>\n<div class=\"ltt-contentbox white\"><\/span><\/p>\n<h4>\u00a0G\u1eccI NGAY T\u1edaI S\u1ed0 HOTLINE (08) 3933 8002 \u0110\u1ec2 \u0110\u1eb6T TOUR DU L\u1ecaCH V\u0128NH LONG V\u1edaI GI\u00c1 C\u1ef0C \u01afU \u0110\u00c3I NH\u00c9<\/h4>\n<p><strong>1.\u00a0<a href=\"https:\/\/www.ivivu.com\/du-lich\/tour-vinh-long-1n\/324?utm_source=blog_ivivu&amp;utm_medium=post_link&amp;utm_campaign=internal\" target=\"_blank\">Tour V\u0129nh Long 1N<\/a><\/strong><\/p>\n<p><strong>2.\u00a0<a href=\"https:\/\/www.ivivu.com\/du-lich\/tour-mien-tay-4n3d-vinh-long-rach-gia-ca-mau-can-tho\/206?utm_source=blog_ivivu&amp;utm_medium=post_link&amp;utm_campaign=internal\" target=\"_blank\">Tour Mi\u1ec1n T\u00e2y 4N3D: V\u0129nh Long &#8211; R\u1ea1ch Gi\u00e1- C\u00e0 Mau &#8211; C\u1ea7n Th\u01a1<\/a><\/strong><\/p>\n<p><strong>3.\u00a0<a href=\"https:\/\/www.ivivu.com\/du-lich\/tour-mien-tay-2n1d-tien-giang-ben-tre-can-tho-km\/477?utm_source=blog_ivivu&amp;utm_medium=post_link&amp;utm_campaign=internal\" target=\"_blank\">Tour Mi\u1ec1n T\u00e2y 2N1D: Ti\u1ec1n Giang &#8211; B\u1ebfn Tre &#8211; C\u1ea7n Th\u01a1 (Khuy\u1ebfn m\u00e3i)<\/a><\/strong><\/p>\n<p><\/div>\n<p style=\"text-align: right;\"><strong>Theo <a href=\"http:\/\/news.zing.vn\/Thu-thach-cung-tro-choi-dan-gian-o-Vinh-Long-post627222.html\" target=\"_blank\">Zing News<\/a><\/strong><\/p>\n<div class=\"ltt-contentbox white\"><\/span><\/p>\n<p><strong>Xem th\u00eam c\u00e1c b\u00e0i vi\u1ebft:<\/strong><\/p>\n<p><strong><a href=\"https:\/\/www.ivivu.com\/blog\/2015\/08\/du-lich-vinh-long-trai-nghiem-homestay-va-dao-vuon-trai-cay-o-cu-lao-an-binh\/\" target=\"_blank\">Du l\u1ecbch V\u0129nh Long tr\u1ea3i nghi\u1ec7m homestay v\u00e0 d\u1ea1o v\u01b0\u1eddn tr\u00e1i c\u00e2y \u1edf c\u00f9 lao An B\u00ecnh<\/a><\/strong><\/p>\n<p><strong><a href=\"https:\/\/www.ivivu.com\/blog\/2015\/01\/cam-nang-du-lich-miet-vuon-vinh-long\/\" target=\"_blank\">C\u1ea9m nang du l\u1ecbch mi\u1ec7t v\u01b0\u1eddn V\u0129nh Long<\/a><\/strong><\/p>\n<p><strong><a href=\"https:\/\/www.ivivu.com\/blog\/2015\/07\/du-lich-vinh-long-kham-pha-cu-lao-dai-dai-dat-phu-sa\/\" target=\"_blank\">Du l\u1ecbch V\u0129nh Long kh\u00e1m ph\u00e1 c\u00f9 lao D\u00e0i \u2013 d\u1ea3i \u0111\u1ea5t ph\u00f9 sa<\/a><\/strong><\/p>\n<p><\/div>\n<h3><div class=\"ltt-contentbox white\"><\/span>Click \u0111\u1eb7t ngay\u00a0<a href=\"https:\/\/www.ivivu.com\/?utm_source=blog_ivivu&amp;utm_medium=post_link&amp;utm_campaign=internal\" target=\"_blank\">Kh\u00e1ch s\u1ea1n kh\u1eafp Vi\u1ec7t Nam v\u00e0 to\u00e0n th\u1ebf gi\u1edbi<\/a>\u00a0gi\u00e1 t\u1ed1t nh\u1ea5t\u00a0ch\u1ec9 c\u00f3 t\u1ea1i iVIVU.com<\/div><\/h3>\n<p><strong>***<\/strong><\/p>\n<p><strong>Tham kh\u1ea3o:\u00a0<a href=\"https:\/\/www.ivivu.com\/blog\/\" target=\"_blank\">C\u1ea9m nang du l\u1ecbch iVIVU.com<\/a><\/strong><\/p>\n","protected":false},"excerpt":{"rendered":"<p>T\u1edbi c\u00e1c khu du l\u1ecbch \u1edf mi\u1ec1n T\u00e2y, b\u1ea1n c\u00f3 th\u1ec3 h\u00f3a th\u00e2n th\u00e0nh n\u00f4ng d\u00e2n, th\u01b0\u1edfng th\u1ee9c m\u00f3n ngon, nghe \u0111\u00e0n ca t\u00e0i t\u1eed v\u00e0 ng\u1ee7 tr\u01b0a kh\u00f4ng m\u1ed9ng m\u1ecb.<\/p>\n","protected":false},"author":38,"featured_media":125474,"comment_status":"closed","ping_status":"open","sticky":false,"template":"","format":"standard","meta":{"_acf_changed":false,"footnotes":""},"categories":[229,795,14742],"tags":[3104,13850,5998,16865,98,393,19029,19030,10660],"acf":[],"yoast_head":"<!-- This site is optimized with the Yoast SEO Premium plugin v22.6 (Yoast SEO v22.6) - https:\/\/yoast.com\/wordpress\/plugins\/seo\/ -->\n<title>Th\u1eed th\u00e1ch c\u00f9ng tr\u00f2 ch\u01a1i d\u00e2n gian khi du l\u1ecbch V\u0129nh Long<\/title>\n<meta name=\"description\" content=\"Du l\u1ecbch V\u0129nh Long, t\u1edbi c\u00e1c khu du l\u1ecbch b\u1ea1n c\u00f3 th\u1ec3 h\u00f3a th\u00e2n th\u00e0nh n\u00f4ng d\u00e2n, th\u01b0\u1edfng th\u1ee9c m\u00f3n ngon, nghe \u0111\u00e0n ca t\u00e0i t\u1eed v\u00e0 ng\u1ee7 tr\u01b0a kh\u00f4ng m\u1ed9ng m\u1ecb.\" \/>\n<meta name=\"robots\" content=\"index, follow, max-snippet:-1, max-image-preview:large, max-video-preview:-1\" \/>\n<link rel=\"canonical\" href=\"https:\/\/www.ivivu.com\/blog\/2016\/02\/thu-thach-cung-tro-choi-dan-gian-khi-du-lich-vinh-long\/\" \/>\n<meta name=\"twitter:label1\" content=\"\u0110\u01b0\u1ee3c vi\u1ebft b\u1edfi\" \/>\n\t<meta name=\"twitter:data1\" content=\"Ng\u00e2n Thi\u1ec1u Kim\" \/>\n\t<meta name=\"twitter:label2\" content=\"\u01af\u1edbc t\u00ednh th\u1eddi gian \u0111\u1ecdc\" \/>\n\t<meta name=\"twitter:data2\" content=\"5 ph\u00fat\" \/>\n<script type=\"application\/ld+json\" class=\"yoast-schema-graph\">{\"@context\":\"https:\/\/schema.org\",\"@graph\":[{\"@type\":\"Article\",\"@id\":\"https:\/\/www.ivivu.com\/blog\/2016\/02\/thu-thach-cung-tro-choi-dan-gian-khi-du-lich-vinh-long\/#article\",\"isPartOf\":{\"@id\":\"https:\/\/www.ivivu.com\/blog\/2016\/02\/thu-thach-cung-tro-choi-dan-gian-khi-du-lich-vinh-long\/\"},\"author\":{\"name\":\"Ng\u00e2n Thi\u1ec1u Kim\",\"@id\":\"https:\/\/www.ivivu.com\/blog\/#\/schema\/person\/f6e706f46fad4e85f2e1c3ec41136369\"},\"headline\":\"Th\u1eed th\u00e1ch c\u00f9ng tr\u00f2 ch\u01a1i d\u00e2n gian khi du l\u1ecbch V\u0129nh Long\",\"datePublished\":\"2016-02-21T07:00:33+00:00\",\"dateModified\":\"2016-02-19T10:07:59+00:00\",\"mainEntityOfPage\":{\"@id\":\"https:\/\/www.ivivu.com\/blog\/2016\/02\/thu-thach-cung-tro-choi-dan-gian-khi-du-lich-vinh-long\/\"},\"wordCount\":1079,\"publisher\":{\"@id\":\"https:\/\/www.ivivu.com\/blog\/#organization\"},\"image\":{\"@id\":\"https:\/\/www.ivivu.com\/blog\/2016\/02\/thu-thach-cung-tro-choi-dan-gian-khi-du-lich-vinh-long\/#primaryimage\"},\"thumbnailUrl\":\"https:\/\/cdn3.ivivu.com\/2016\/02\/Thu-thach-cung-tro-choi-dan-gian-o-Vinh-Long-ivivu-2.jpg\",\"keywords\":[\"du l\u1ecbch mi\u1ec1n T\u00e2y\",\"du l\u1ecbch V\u0129nh Long\",\"\u0111\u1eb7t ph\u00f2ng kh\u00e1ch s\u1ea1n tr\u1ef1c tuy\u1ebfn\",\"h\u1ec7 th\u1ed1ng \u0111\u1eb7t kh\u00e1ch s\u1ea1n tr\u1ef1c tuy\u1ebfn\",\"kh\u00e1ch s\u1ea1n\",\"Kh\u00e1ch s\u1ea1n gi\u00e1 r\u1ebb\",\"tour du l\u1ecbch V\u0129nh Long\",\"tour du l\u1ecbch V\u0129nh Long gi\u00e1 r\u1ebb\",\"V\u0129nh Long\"],\"articleSection\":[\"DU L\u1ecaCH VI\u1ec6T NAM\",\"\u0110i\u1ec3m \u0111\u1ebfn\",\"N\u1ed5i B\u1eadt 2\"],\"inLanguage\":\"vi\"},{\"@type\":\"WebPage\",\"@id\":\"https:\/\/www.ivivu.com\/blog\/2016\/02\/thu-thach-cung-tro-choi-dan-gian-khi-du-lich-vinh-long\/\",\"url\":\"https:\/\/www.ivivu.com\/blog\/2016\/02\/thu-thach-cung-tro-choi-dan-gian-khi-du-lich-vinh-long\/\",\"name\":\"Th\u1eed th\u00e1ch c\u00f9ng tr\u00f2 ch\u01a1i d\u00e2n gian khi du l\u1ecbch V\u0129nh Long\",\"isPartOf\":{\"@id\":\"https:\/\/www.ivivu.com\/blog\/#website\"},\"primaryImageOfPage\":{\"@id\":\"https:\/\/www.ivivu.com\/blog\/2016\/02\/thu-thach-cung-tro-choi-dan-gian-khi-du-lich-vinh-long\/#primaryimage\"},\"image\":{\"@id\":\"https:\/\/www.ivivu.com\/blog\/2016\/02\/thu-thach-cung-tro-choi-dan-gian-khi-du-lich-vinh-long\/#primaryimage\"},\"thumbnailUrl\":\"https:\/\/cdn3.ivivu.com\/2016\/02\/Thu-thach-cung-tro-choi-dan-gian-o-Vinh-Long-ivivu-2.jpg\",\"datePublished\":\"2016-02-21T07:00:33+00:00\",\"dateModified\":\"2016-02-19T10:07:59+00:00\",\"description\":\"Du l\u1ecbch V\u0129nh Long, t\u1edbi c\u00e1c khu du l\u1ecbch b\u1ea1n c\u00f3 th\u1ec3 h\u00f3a th\u00e2n th\u00e0nh n\u00f4ng d\u00e2n, th\u01b0\u1edfng th\u1ee9c m\u00f3n ngon, nghe \u0111\u00e0n ca t\u00e0i t\u1eed v\u00e0 ng\u1ee7 tr\u01b0a kh\u00f4ng m\u1ed9ng m\u1ecb.\",\"breadcrumb\":{\"@id\":\"https:\/\/www.ivivu.com\/blog\/2016\/02\/thu-thach-cung-tro-choi-dan-gian-khi-du-lich-vinh-long\/#breadcrumb\"},\"inLanguage\":\"vi\",\"potentialAction\":[{\"@type\":\"ReadAction\",\"target\":[\"https:\/\/www.ivivu.com\/blog\/2016\/02\/thu-thach-cung-tro-choi-dan-gian-khi-du-lich-vinh-long\/\"]}]},{\"@type\":\"ImageObject\",\"inLanguage\":\"vi\",\"@id\":\"https:\/\/www.ivivu.com\/blog\/2016\/02\/thu-thach-cung-tro-choi-dan-gian-khi-du-lich-vinh-long\/#primaryimage\",\"url\":\"https:\/\/cdn3.ivivu.com\/2016\/02\/Thu-thach-cung-tro-choi-dan-gian-o-Vinh-Long-ivivu-2.jpg\",\"contentUrl\":\"https:\/\/cdn3.ivivu.com\/2016\/02\/Thu-thach-cung-tro-choi-dan-gian-o-Vinh-Long-ivivu-2.jpg\",\"width\":660,\"height\":495},{\"@type\":\"BreadcrumbList\",\"@id\":\"https:\/\/www.ivivu.com\/blog\/2016\/02\/thu-thach-cung-tro-choi-dan-gian-khi-du-lich-vinh-long\/#breadcrumb\",\"itemListElement\":[{\"@type\":\"ListItem\",\"position\":1,\"name\":\"Home\",\"item\":\"https:\/\/www.ivivu.com\/blog\/\"},{\"@type\":\"ListItem\",\"position\":2,\"name\":\"Th\u1eed th\u00e1ch c\u00f9ng tr\u00f2 ch\u01a1i d\u00e2n gian khi du l\u1ecbch V\u0129nh Long\"}]},{\"@type\":\"WebSite\",\"@id\":\"https:\/\/www.ivivu.com\/blog\/#website\",\"url\":\"https:\/\/www.ivivu.com\/blog\/\",\"name\":\"C\u1ea9m nang du l\u1ecbch\",\"description\":\"\",\"publisher\":{\"@id\":\"https:\/\/www.ivivu.com\/blog\/#organization\"},\"potentialAction\":[{\"@type\":\"SearchAction\",\"target\":{\"@type\":\"EntryPoint\",\"urlTemplate\":\"https:\/\/www.ivivu.com\/blog\/?s={search_term_string}\"},\"query-input\":\"required name=search_term_string\"}],\"inLanguage\":\"vi\"},{\"@type\":\"Organization\",\"@id\":\"https:\/\/www.ivivu.com\/blog\/#organization\",\"name\":\"iVIVU.com\",\"url\":\"https:\/\/www.ivivu.com\/blog\/\",\"logo\":{\"@type\":\"ImageObject\",\"inLanguage\":\"vi\",\"@id\":\"https:\/\/www.ivivu.com\/blog\/#\/schema\/logo\/image\/\",\"url\":\"https:\/\/cdn3.ivivu.com\/2024\/01\/ivivu_no_slogan.png\",\"contentUrl\":\"https:\/\/cdn3.ivivu.com\/2024\/01\/ivivu_no_slogan.png\",\"width\":788,\"height\":565,\"caption\":\"iVIVU.com\"},\"image\":{\"@id\":\"https:\/\/www.ivivu.com\/blog\/#\/schema\/logo\/image\/\"},\"sameAs\":[\"https:\/\/www.facebook.com\/iVIVU\"]},{\"@type\":\"Person\",\"@id\":\"https:\/\/www.ivivu.com\/blog\/#\/schema\/person\/f6e706f46fad4e85f2e1c3ec41136369\",\"name\":\"Ng\u00e2n Thi\u1ec1u Kim\",\"sameAs\":[\"https:\/\/www.ivivu.com\/blog\/\"],\"url\":\"https:\/\/www.ivivu.com\/blog\/author\/ngan-thieu\/\"}]}<\/script>\n<!-- \/ Yoast SEO Premium plugin. -->","yoast_head_json":{"title":"Th\u1eed th\u00e1ch c\u00f9ng tr\u00f2 ch\u01a1i d\u00e2n gian khi du l\u1ecbch V\u0129nh Long","description":"Du l\u1ecbch V\u0129nh Long, t\u1edbi c\u00e1c khu du l\u1ecbch b\u1ea1n c\u00f3 th\u1ec3 h\u00f3a th\u00e2n th\u00e0nh n\u00f4ng d\u00e2n, th\u01b0\u1edfng th\u1ee9c m\u00f3n ngon, nghe \u0111\u00e0n ca t\u00e0i t\u1eed v\u00e0 ng\u1ee7 tr\u01b0a kh\u00f4ng m\u1ed9ng m\u1ecb.","robots":{"index":"index","follow":"follow","max-snippet":"max-snippet:-1","max-image-preview":"max-image-preview:large","max-video-preview":"max-video-preview:-1"},"canonical":"https:\/\/www.ivivu.com\/blog\/2016\/02\/thu-thach-cung-tro-choi-dan-gian-khi-du-lich-vinh-long\/","twitter_misc":{"\u0110\u01b0\u1ee3c vi\u1ebft b\u1edfi":"Ng\u00e2n Thi\u1ec1u Kim","\u01af\u1edbc t\u00ednh th\u1eddi gian \u0111\u1ecdc":"5 ph\u00fat"},"schema":{"@context":"https:\/\/schema.org","@graph":[{"@type":"Article","@id":"https:\/\/www.ivivu.com\/blog\/2016\/02\/thu-thach-cung-tro-choi-dan-gian-khi-du-lich-vinh-long\/#article","isPartOf":{"@id":"https:\/\/www.ivivu.com\/blog\/2016\/02\/thu-thach-cung-tro-choi-dan-gian-khi-du-lich-vinh-long\/"},"author":{"name":"Ng\u00e2n Thi\u1ec1u Kim","@id":"https:\/\/www.ivivu.com\/blog\/#\/schema\/person\/f6e706f46fad4e85f2e1c3ec41136369"},"headline":"Th\u1eed th\u00e1ch c\u00f9ng tr\u00f2 ch\u01a1i d\u00e2n gian khi du l\u1ecbch V\u0129nh Long","datePublished":"2016-02-21T07:00:33+00:00","dateModified":"2016-02-19T10:07:59+00:00","mainEntityOfPage":{"@id":"https:\/\/www.ivivu.com\/blog\/2016\/02\/thu-thach-cung-tro-choi-dan-gian-khi-du-lich-vinh-long\/"},"wordCount":1079,"publisher":{"@id":"https:\/\/www.ivivu.com\/blog\/#organization"},"image":{"@id":"https:\/\/www.ivivu.com\/blog\/2016\/02\/thu-thach-cung-tro-choi-dan-gian-khi-du-lich-vinh-long\/#primaryimage"},"thumbnailUrl":"https:\/\/cdn3.ivivu.com\/2016\/02\/Thu-thach-cung-tro-choi-dan-gian-o-Vinh-Long-ivivu-2.jpg","keywords":["du l\u1ecbch mi\u1ec1n T\u00e2y","du l\u1ecbch V\u0129nh Long","\u0111\u1eb7t ph\u00f2ng kh\u00e1ch s\u1ea1n tr\u1ef1c tuy\u1ebfn","h\u1ec7 th\u1ed1ng \u0111\u1eb7t kh\u00e1ch s\u1ea1n tr\u1ef1c tuy\u1ebfn","kh\u00e1ch s\u1ea1n","Kh\u00e1ch s\u1ea1n gi\u00e1 r\u1ebb","tour du l\u1ecbch V\u0129nh Long","tour du l\u1ecbch V\u0129nh Long gi\u00e1 r\u1ebb","V\u0129nh Long"],"articleSection":["DU L\u1ecaCH VI\u1ec6T NAM","\u0110i\u1ec3m \u0111\u1ebfn","N\u1ed5i B\u1eadt 2"],"inLanguage":"vi"},{"@type":"WebPage","@id":"https:\/\/www.ivivu.com\/blog\/2016\/02\/thu-thach-cung-tro-choi-dan-gian-khi-du-lich-vinh-long\/","url":"https:\/\/www.ivivu.com\/blog\/2016\/02\/thu-thach-cung-tro-choi-dan-gian-khi-du-lich-vinh-long\/","name":"Th\u1eed th\u00e1ch c\u00f9ng tr\u00f2 ch\u01a1i d\u00e2n gian khi du l\u1ecbch V\u0129nh Long","isPartOf":{"@id":"https:\/\/www.ivivu.com\/blog\/#website"},"primaryImageOfPage":{"@id":"https:\/\/www.ivivu.com\/blog\/2016\/02\/thu-thach-cung-tro-choi-dan-gian-khi-du-lich-vinh-long\/#primaryimage"},"image":{"@id":"https:\/\/www.ivivu.com\/blog\/2016\/02\/thu-thach-cung-tro-choi-dan-gian-khi-du-lich-vinh-long\/#primaryimage"},"thumbnailUrl":"https:\/\/cdn3.ivivu.com\/2016\/02\/Thu-thach-cung-tro-choi-dan-gian-o-Vinh-Long-ivivu-2.jpg","datePublished":"2016-02-21T07:00:33+00:00","dateModified":"2016-02-19T10:07:59+00:00","description":"Du l\u1ecbch V\u0129nh Long, t\u1edbi c\u00e1c khu du l\u1ecbch b\u1ea1n c\u00f3 th\u1ec3 h\u00f3a th\u00e2n th\u00e0nh n\u00f4ng d\u00e2n, th\u01b0\u1edfng th\u1ee9c m\u00f3n ngon, nghe \u0111\u00e0n ca t\u00e0i t\u1eed v\u00e0 ng\u1ee7 tr\u01b0a kh\u00f4ng m\u1ed9ng m\u1ecb.","breadcrumb":{"@id":"https:\/\/www.ivivu.com\/blog\/2016\/02\/thu-thach-cung-tro-choi-dan-gian-khi-du-lich-vinh-long\/#breadcrumb"},"inLanguage":"vi","potentialAction":[{"@type":"ReadAction","target":["https:\/\/www.ivivu.com\/blog\/2016\/02\/thu-thach-cung-tro-choi-dan-gian-khi-du-lich-vinh-long\/"]}]},{"@type":"ImageObject","inLanguage":"vi","@id":"https:\/\/www.ivivu.com\/blog\/2016\/02\/thu-thach-cung-tro-choi-dan-gian-khi-du-lich-vinh-long\/#primaryimage","url":"https:\/\/cdn3.ivivu.com\/2016\/02\/Thu-thach-cung-tro-choi-dan-gian-o-Vinh-Long-ivivu-2.jpg","contentUrl":"https:\/\/cdn3.ivivu.com\/2016\/02\/Thu-thach-cung-tro-choi-dan-gian-o-Vinh-Long-ivivu-2.jpg","width":660,"height":495},{"@type":"BreadcrumbList","@id":"https:\/\/www.ivivu.com\/blog\/2016\/02\/thu-thach-cung-tro-choi-dan-gian-khi-du-lich-vinh-long\/#breadcrumb","itemListElement":[{"@type":"ListItem","position":1,"name":"Home","item":"https:\/\/www.ivivu.com\/blog\/"},{"@type":"ListItem","position":2,"name":"Th\u1eed th\u00e1ch c\u00f9ng tr\u00f2 ch\u01a1i d\u00e2n gian khi du l\u1ecbch V\u0129nh Long"}]},{"@type":"WebSite","@id":"https:\/\/www.ivivu.com\/blog\/#website","url":"https:\/\/www.ivivu.com\/blog\/","name":"C\u1ea9m nang du l\u1ecbch","description":"","publisher":{"@id":"https:\/\/www.ivivu.com\/blog\/#organization"},"potentialAction":[{"@type":"SearchAction","target":{"@type":"EntryPoint","urlTemplate":"https:\/\/www.ivivu.com\/blog\/?s={search_term_string}"},"query-input":"required name=search_term_string"}],"inLanguage":"vi"},{"@type":"Organization","@id":"https:\/\/www.ivivu.com\/blog\/#organization","name":"iVIVU.com","url":"https:\/\/www.ivivu.com\/blog\/","logo":{"@type":"ImageObject","inLanguage":"vi","@id":"https:\/\/www.ivivu.com\/blog\/#\/schema\/logo\/image\/","url":"https:\/\/cdn3.ivivu.com\/2024\/01\/ivivu_no_slogan.png","contentUrl":"https:\/\/cdn3.ivivu.com\/2024\/01\/ivivu_no_slogan.png","width":788,"height":565,"caption":"iVIVU.com"},"image":{"@id":"https:\/\/www.ivivu.com\/blog\/#\/schema\/logo\/image\/"},"sameAs":["https:\/\/www.facebook.com\/iVIVU"]},{"@type":"Person","@id":"https:\/\/www.ivivu.com\/blog\/#\/schema\/person\/f6e706f46fad4e85f2e1c3ec41136369","name":"Ng\u00e2n Thi\u1ec1u Kim","sameAs":["https:\/\/www.ivivu.com\/blog\/"],"url":"https:\/\/www.ivivu.com\/blog\/author\/ngan-thieu\/"}]}},"_links":{"self":[{"href":"https:\/\/www.ivivu.com\/blog\/wp-json\/wp\/v2\/posts\/125409"}],"collection":[{"href":"https:\/\/www.ivivu.com\/blog\/wp-json\/wp\/v2\/posts"}],"about":[{"href":"https:\/\/www.ivivu.com\/blog\/wp-json\/wp\/v2\/types\/post"}],"author":[{"embeddable":true,"href":"https:\/\/www.ivivu.com\/blog\/wp-json\/wp\/v2\/users\/38"}],"replies":[{"embeddable":true,"href":"https:\/\/www.ivivu.com\/blog\/wp-json\/wp\/v2\/comments?post=125409"}],"version-history":[{"count":5,"href":"https:\/\/www.ivivu.com\/blog\/wp-json\/wp\/v2\/posts\/125409\/revisions"}],"predecessor-version":[{"id":125561,"href":"https:\/\/www.ivivu.com\/blog\/wp-json\/wp\/v2\/posts\/125409\/revisions\/125561"}],"wp:featuredmedia":[{"embeddable":true,"href":"https:\/\/www.ivivu.com\/blog\/wp-json\/wp\/v2\/media\/125474"}],"wp:attachment":[{"href":"https:\/\/www.ivivu.com\/blog\/wp-json\/wp\/v2\/media?parent=125409"}],"wp:term":[{"taxonomy":"category","embeddable":true,"href":"https:\/\/www.ivivu.com\/blog\/wp-json\/wp\/v2\/categories?post=125409"},{"taxonomy":"post_tag","embeddable":true,"href":"https:\/\/www.ivivu.com\/blog\/wp-json\/wp\/v2\/tags?post=125409"}],"curies":[{"name":"wp","href":"https:\/\/api.w.org\/{rel}","templated":true}]}}