{"id":125672,"date":"2016-02-23T14:39:30","date_gmt":"2016-02-23T07:39:30","guid":{"rendered":"https:\/\/www.ivivu.com\/blog\/?p=125672"},"modified":"2016-02-24T14:14:34","modified_gmt":"2016-02-24T07:14:34","slug":"8-noi-lang-man-o-viet-nam-cac-cap-doi-nen-den-it-nhat-mot-lan","status":"publish","type":"post","link":"https:\/\/www.ivivu.com\/blog\/2016\/02\/8-noi-lang-man-o-viet-nam-cac-cap-doi-nen-den-it-nhat-mot-lan\/","title":{"rendered":"8 n\u01a1i l\u00e3ng m\u1ea1n \u1edf Vi\u1ec7t Nam c\u00e1c c\u1eb7p \u0111\u00f4i n\u00ean \u0111\u1ebfn \u00edt nh\u1ea5t m\u1ed9t l\u1ea7n"},"content":{"rendered":"<p style=\"text-align: justify;\"><em><strong>N\u1eafm tay \u201cn\u1eeda kia\u201d d\u1ea1o b\u01b0\u1edbc qua tr\u00ean c\u1ea7u \u00c1nh Sao \u0111\u1eb9p lung linh, hay t\u1edbi \u0110\u00e0 N\u1eb5ng \u0111\u1ec3 l\u1ea1i l\u1eddi y\u00eau th\u01b0\u01a1ng tr\u00ean c\u00e2y c\u1ea7u kh\u00f3a t\u00ecnh y\u00eau,\u2026 l\u00e0 m\u1ed9t trong r\u1ea5t nhi\u1ec1u \u0111i\u1ec1u l\u00e3ng m\u1ea1n m\u00e0 c\u00e1c c\u1eb7p \u0111\u00f4i n\u00ean th\u1eed m\u1ed9t l\u1ea7n.<\/strong><\/em><\/p>\n<p style=\"text-align: justify;\"><!--more--><\/p>\n<h2 style=\"text-align: justify;\">8 n\u01a1i l\u00e3ng m\u1ea1n \u1edf Vi\u1ec7t Nam c\u00e1c c\u1eb7p \u0111\u00f4i n\u00ean \u0111\u1ebfn \u00edt nh\u1ea5t m\u1ed9t l\u1ea7n<\/h2>\n<p style=\"text-align: justify;\"><strong><a href=\"https:\/\/www.ivivu.com\/blog\/2015\/09\/giai-dap-cac-cau-hoi-thac-mac-thuong-gap-khi-du-lich-moc-chau\/\" target=\"_blank\">M\u1ed9c Ch\u00e2u<\/a>, S\u01a1n La<\/strong><\/p>\n<p style=\"text-align: justify;\">M\u1ed9c Ch\u00e2u, c\u00e1ch H\u00e0 N\u1ed9i kho\u1ea3ng 200 km l\u00e0 \u0111\u1ecba \u0111i\u1ec3m r\u1ea5t \u0111\u01b0\u1ee3c c\u00e1c c\u1eb7p t\u00ecnh nh\u00e2n ph\u00eda B\u1eafc y\u00eau th\u00edch. M\u1ed9c Ch\u00e2u h\u1ea7u nh\u01b0 \u0111\u1eb9p quanh n\u0103m, nh\u1ea5t l\u00e0 v\u00e0o \u0111\u1ee3t cu\u1ed1i n\u0103m khi hoa d\u00e3 qu\u1ef3 v\u00e0ng r\u1ed3i \u0111\u1ebfn hoa c\u1ea3i tr\u1eafng, c\u1ea3i v\u00e0ng, \u0111\u1ed3i ch\u00e8 tr\u00e1i tim v\u00e0 cu\u1ed1i c\u00f9ng l\u00e0 s\u1eafc \u0111\u00e0o h\u1ed3ng n\u1edf r\u1ed9 \u0111\u1ea7y th\u01a1 m\u1ed9ng trong c\u00e1c b\u1ea3n l\u00e0ng, tri\u1ec1n n\u00fai \u1edf M\u1ed9c Ch\u00e2u. N\u1ebfu k\u1ebft h\u1ee3p gi\u1eefa vi\u1ec7c \u0111i ch\u1ee5p h\u00ecnh c\u01b0\u1edbi v\u00e0 t\u1eadn h\u01b0\u1edfng k\u1ef3 ngh\u1ec9 l\u00e3ng m\u1ea1n\u00a0kh\u00f3 qu\u00ean th\u00ec M\u1ed9c Ch\u00e2u l\u00e0 \u0111i\u1ec3m \u0111\u1ebfn b\u1ea1n kh\u00f4ng n\u00ean b\u1ecf qua.<\/p>\n<div id=\"attachment_125697\" style=\"width: 970px\" class=\"wp-caption aligncenter\"><a href=\"https:\/\/cdn3.ivivu.com\/2016\/02\/diem-den-lang-man-ivivu.jpg\"><img loading=\"lazy\" decoding=\"async\" aria-describedby=\"caption-attachment-125697\" class=\"wp-image-125697 size-full\" title=\"\u1ea2nh: Minh Ng\u1ecdc\/ Huy\u1ec1n Trang\" src=\"https:\/\/cdn3.ivivu.com\/2016\/02\/diem-den-lang-man-ivivu.jpg\" alt=\"\u1ea2nh: Minh Ng\u1ecdc\/ Huy\u1ec1n Trang\" width=\"960\" height=\"640\" srcset=\"https:\/\/cdn3.ivivu.com\/2016\/02\/diem-den-lang-man-ivivu.jpg 960w, https:\/\/cdn3.ivivu.com\/2016\/02\/diem-den-lang-man-ivivu-458x305.jpg 458w\" sizes=\"(max-width: 960px) 100vw, 960px\" \/><\/a><p id=\"caption-attachment-125697\" class=\"wp-caption-text\">\u1ea2nh: Minh Ng\u1ecdc\/ Huy\u1ec1n Trang<\/p><\/div>\n<p><strong><a href=\"https:\/\/www.ivivu.com\/blog\/2013\/09\/du-lich-ha-long-cam-nang-tu-a-den-z\/\" target=\"_blank\">V\u1ecbnh H\u1ea1 Long<\/a>, Qu\u1ea3ng Ninh<\/strong><\/p>\n<p>N\u1eb1m tr\u00ean \u0111\u1ecba ph\u1eadn t\u1ec9nh Qu\u1ea3ng Ninh, v\u1ecbnh H\u1ea1 Long s\u1edf h\u1eefu h\u01a1n 1600 h\u00f2n \u0111\u1ea3o v\u1edbi m\u1ed9t v\u1ebb \u0111\u1eb9p \u0111\u00e1ng kinh ng\u1ea1c. Du l\u1ecbch V\u1ecbnh H\u1ea1 Long c\u00e1c c\u1eb7p t\u00ecnh nh\u00e2n c\u00f3 th\u1ec3 \u0111\u1eb7t tour h\u00e0nh tr\u00ecnh qua \u0111\u00eam \u0111\u1ec3 th\u01b0\u1edfng th\u1ee9c v\u1ebb \u0111\u1eb9p k\u1ef3 th\u00fa c\u1ee7a c\u00e1c h\u00f2n \u0111\u1ea3o, nh\u1eefng hang \u0111\u1ed9ng tuy\u1ec7t \u0111\u1eb9p\u2026, ng\u1eafm ho\u00e0ng h\u00f4n l\u00e3ng m\u1ea1n tr\u00ean v\u1ecbnh v\u00e0 t\u1eadn h\u01b0\u1edfng kh\u00f4ng kh\u00ed trong l\u00e0nh c\u1ee7a bu\u1ed5i ban mai.<\/p>\n<div id=\"attachment_125704\" style=\"width: 610px\" class=\"wp-caption aligncenter\"><a href=\"https:\/\/cdn3.ivivu.com\/2016\/02\/diem-den-lang-man-ivivu-3.jpg\"><img loading=\"lazy\" decoding=\"async\" aria-describedby=\"caption-attachment-125704\" class=\"wp-image-125704 size-full\" title=\"C\u00f9ng nhau th\u1ecfa th\u00edch kh\u00e1m ph\u00e1 c\u00e1c h\u00f2n \u0111\u1ea3o \u0111\u1eb9p \u0111\u00e1ng kinh ng\u1ea1c c\u1ee7a V\u1ecbnh H\u1ea1 Long. \u1ea2nh: ST\" src=\"https:\/\/cdn3.ivivu.com\/2016\/02\/diem-den-lang-man-ivivu-3.jpg\" alt=\"C\u00f9ng nhau th\u1ecfa th\u00edch kh\u00e1m ph\u00e1 c\u00e1c h\u00f2n \u0111\u1ea3o \u0111\u1eb9p \u0111\u00e1ng kinh ng\u1ea1c c\u1ee7a V\u1ecbnh H\u1ea1 Long. \u1ea2nh: ST\" width=\"600\" height=\"375\" srcset=\"https:\/\/cdn3.ivivu.com\/2016\/02\/diem-den-lang-man-ivivu-3.jpg 600w, https:\/\/cdn3.ivivu.com\/2016\/02\/diem-den-lang-man-ivivu-3-488x305.jpg 488w\" sizes=\"(max-width: 600px) 100vw, 600px\" \/><\/a><p id=\"caption-attachment-125704\" class=\"wp-caption-text\">C\u00f9ng nhau th\u1ecfa th\u00edch kh\u00e1m ph\u00e1 c\u00e1c h\u00f2n \u0111\u1ea3o \u0111\u1eb9p \u0111\u00e1ng kinh ng\u1ea1c c\u1ee7a V\u1ecbnh H\u1ea1 Long. \u1ea2nh: ST<\/p><\/div>\n<p><strong>H\u1ed3 T\u00e2y, H\u00e0 N\u1ed9i<\/strong><\/p>\n<p>\u0110\u01b0\u1eddng Thanh Ni\u00ean \u2013 H\u1ed3 T\u00e2y lu\u00f4n l\u00e0 m\u1ed9t trong nh\u1eefng thi\u00ean \u0111\u01b0\u1eddng c\u1ee7a c\u00e1c c\u1eb7p \u0111\u00f4i. \u0110\u1ebfn \u0111\u00e2y, c\u00e1c c\u1eb7p \u0111\u00f4i c\u00f3 th\u1ec3 \u0111i d\u1ea1o quanh b\u1edd h\u1ed3 Tr\u00fac B\u1ea1ch hay \u0111\u1ea1p v\u1ecbt b\u00ean H\u1ed3 T\u00e2y, c\u00f9ng gh\u00e9 v\u00e0o m\u1ed9t qu\u00e1n c\u00e0 ph\u00ea, nh\u00e0 h\u00e0ng ven h\u1ed3 ho\u1eb7c \u0111\u01a1n gi\u1ea3n l\u00e0 ng\u1ed3i b\u00ean nhau ng\u1eafm ho\u00e0ng h\u00f4n chi\u1ec1u H\u1ed3 T\u00e2y.<\/p>\n<p>\u0110i ti\u1ebfp v\u1ec1 khu v\u1ef1c \u0111\u01b0\u1eddng H\u00e0n Qu\u1ed1c v\u00e0 \u0111\u01b0\u1eddng Nh\u1eadt B\u1ea3n, con \u0111\u01b0\u1eddng ven theo H\u1ed3 T\u00e2y ch\u1ea1y qua khu bi\u1ec7t th\u1ef1 T\u00e2y H\u1ed3 d\u1eabn \u0111\u1ebfn c\u00f4ng vi\u00ean n\u01b0\u1edbc v\u00e0o bu\u1ed5i t\u1ed1i, nh\u00ecn qua b\u00ean kia h\u1ed3, nh\u1eefng \u00e1nh \u0111\u00e8n \u0111\u01b0\u1eddng l\u1eadp l\u00f2e s\u1ebd t\u1ea1o n\u00ean khung c\u1ea3nh th\u1eadt s\u1ef1 l\u00e3ng m\u1ea1n.<\/p>\n<div id=\"attachment_125698\" style=\"width: 1034px\" class=\"wp-caption aligncenter\"><a href=\"https:\/\/cdn3.ivivu.com\/2016\/02\/diem-den-lang-mam-ha-noi-ivivu.com-4.jpg\"><img loading=\"lazy\" decoding=\"async\" aria-describedby=\"caption-attachment-125698\" class=\"wp-image-125698 size-full\" title=\"Khung c\u1ea3nh l\u00e3ng m\u1ea1n c\u1ee7a H\u1ed3 T\u00e2y l\u00fac ho\u00e0ng h\u00f4n. \u1ea2nh: tinhte.vn\" src=\"https:\/\/cdn3.ivivu.com\/2016\/02\/diem-den-lang-mam-ha-noi-ivivu.com-4.jpg\" alt=\"Khung c\u1ea3nh l\u00e3ng m\u1ea1n c\u1ee7a H\u1ed3 T\u00e2y l\u00fac ho\u00e0ng h\u00f4n. \u1ea2nh: tinhte.vn\" width=\"1024\" height=\"509\" srcset=\"https:\/\/cdn3.ivivu.com\/2016\/02\/diem-den-lang-mam-ha-noi-ivivu.com-4.jpg 1024w, https:\/\/cdn3.ivivu.com\/2016\/02\/diem-den-lang-mam-ha-noi-ivivu.com-4-540x268.jpg 540w\" sizes=\"(max-width: 1024px) 100vw, 1024px\" \/><\/a><p id=\"caption-attachment-125698\" class=\"wp-caption-text\">Khung c\u1ea3nh l\u00e3ng m\u1ea1n c\u1ee7a H\u1ed3 T\u00e2y l\u00fac ho\u00e0ng h\u00f4n. \u1ea2nh: tinhte.vn<\/p><\/div>\n<p style=\"text-align: justify;\"><strong>C\u1ea7u kh\u00f3a t\u00ecnh y\u00eau, \u0110\u00e0 N\u1eb5ng<\/strong><\/p>\n<p style=\"text-align: justify;\">C\u1ea7u t\u00ecnh y\u00eau n\u1eb1m ngay \u0111\u1ea7u c\u1ea7u R\u1ed3ng, \u0111\u01b0\u1eddng Tr\u1ea7n H\u01b0ng \u0110\u1ea1o, qu\u1eadn S\u01a1n Tr\u00e0. \u0110\u00e2y c\u0169ng l\u00e0 m\u1ed9t c\u00e2y c\u1ea7u \u0111\u01b0\u1ee3c x\u00e2y d\u1ef1ng l\u00e0m b\u1ebfn du thuy\u1ec1n. M\u1ecdi ng\u01b0\u1eddi \u0111\u1ebfn C\u1ea7u t\u00ecnh y\u00eau n\u00e0y kh\u00f4ng ph\u1ea3i mua v\u00e9. C\u1ea7u c\u00f3 h\u00ecnh v\u00f2ng cung d\u00e0i 68 m, r\u1ed9ng 6 m, h\u01b0\u1edbng v\u1ec1 gi\u1eefa s\u00f4ng v\u00e0 c\u00f3 nhi\u1ec1u kh\u00f4ng gian \u0111\u1ec3 ng\u1eafm v\u1ebb \u0111\u1eb9p \u0111\u00f4i b\u1edd s\u00f4ng H\u00e0n. Bu\u1ed5i t\u1ed1i, h\u00e0ng tr\u0103m chi\u1ebfc \u0111\u00e8n l\u1ed3ng \u0111\u1ecf h\u00ecnh tr\u00e1i tim \u0111\u01b0\u1ee3c th\u1eafp s\u00e1ng, \u00e1nh xu\u1ed1ng m\u1eb7t n\u01b0\u1edbc khi\u1ebfn c\u1ea3 khu v\u1ef1c tr\u1edf n\u00ean c\u1ef1c k\u1ef3 l\u00e3ng m\u1ea1n.<\/p>\n<div id=\"attachment_125699\" style=\"width: 700px\" class=\"wp-caption aligncenter\"><a href=\"https:\/\/cdn3.ivivu.com\/2016\/02\/diem-den-lang-man-ivivu-1.jpg\"><img loading=\"lazy\" decoding=\"async\" aria-describedby=\"caption-attachment-125699\" class=\"wp-image-125699 size-full\" title=\"\u00a0N\u1eb1m ngay \u0111\u1ea7u c\u1ea7u R\u1ed3ng \u0111\u01b0\u1eddng Tr\u1ea7n H\u01b0ng \u0110\u1ea1o, c\u1ea7u kh\u00f3a t\u00ecnh y\u00eau l\u00e0 \u0111i\u1ec3m \u0111\u1ebfn m\u1edbi, thu h\u00fat r\u1ea5t nhi\u1ec1u c\u00e1c b\u1ea1n tr\u1ebb. \u1ea2nh: ST\" src=\"https:\/\/cdn3.ivivu.com\/2016\/02\/diem-den-lang-man-ivivu-1.jpg\" alt=\"diem-den-lang-man-ivivu-1\" width=\"690\" height=\"457\" srcset=\"https:\/\/cdn3.ivivu.com\/2016\/02\/diem-den-lang-man-ivivu-1.jpg 690w, https:\/\/cdn3.ivivu.com\/2016\/02\/diem-den-lang-man-ivivu-1-461x305.jpg 461w\" sizes=\"(max-width: 690px) 100vw, 690px\" \/><\/a><p id=\"caption-attachment-125699\" class=\"wp-caption-text\">N\u1eb1m ngay \u0111\u1ea7u c\u1ea7u R\u1ed3ng \u0111\u01b0\u1eddng Tr\u1ea7n H\u01b0ng \u0110\u1ea1o, c\u1ea7u kh\u00f3a t\u00ecnh y\u00eau l\u00e0 \u0111i\u1ec3m \u0111\u1ebfn m\u1edbi, thu h\u00fat r\u1ea5t nhi\u1ec1u c\u00e1c b\u1ea1n tr\u1ebb. \u1ea2nh: ST<\/p><\/div>\n<p style=\"text-align: justify;\"><strong>C\u1ea7u \u00c1nh Sao, S\u00e0i G\u00f2n<\/strong><\/p>\n<p style=\"text-align: justify;\">C\u1ea7u \u0111\u01b0\u1ee3c g\u1ecdi l\u00e0 c\u1ea7u \u00c1nh Sao v\u00ec tr\u00ean b\u1ec1 m\u1eb7t c\u1ea7u \u0111\u01b0\u1ee3c thi\u1ebft k\u1ebf v\u1edbi nh\u1eefng \u00e1nh \u0111\u00e8n Led chi\u1ebfu ng\u01b0\u1ee3c l\u00ean. Ngo\u00e0i ra, \u00e1nh s\u00e1ng b\u1ea3y m\u00e0u thay \u0111\u1ed5i v\u00e0 h\u1ec7 th\u1ed1ng phun n\u01b0\u1edbc li\u00ean t\u1ee5c ho\u1ea1t \u0111\u1ed9ng hai b\u00ean h\u00f4ng c\u1ea7u t\u1ea1o n\u00ean nh\u1eefng h\u00ecnh \u1ea3nh r\u1ef1c r\u1ee1 nh\u01b0 trong phim H\u00e0n Qu\u1ed1c. H\u1ec7 th\u1ed1ng chi\u1ebfu s\u00e1ng t\u1ea1o cho ng\u01b0\u1eddi \u0111i tr\u00ean c\u1ea7u c\u00f3 c\u1ea3m gi\u00e1c \u0111ang b\u01b0\u1edbc \u0111i tr\u00ean mu\u00f4n ng\u00e0n nh\u1eefng v\u00ec sao. C\u1ea7u \u00c1nh Sao l\u00e0 \u0111i\u1ec3m \u0111\u1ebfn \u01b0a th\u00edch c\u1ee7a nh\u1eefng \u0111\u00f4i trai g\u00e1i trong bu\u1ed5i h\u00f2 h\u1eb9n y\u00eau th\u01b0\u01a1ng ho\u1eb7c l\u00e0 n\u01a1i \u0111\u1ec3 nh\u1eefng c\u1eb7p \u0111\u00f4i s\u1eafp c\u01b0\u1edbi ghi l\u1ea1i th\u1eadt nhi\u1ec1u h\u00ecnh \u1ea3nh l\u00e3ng m\u1ea1n.<\/p>\n<div id=\"attachment_125702\" style=\"width: 707px\" class=\"wp-caption aligncenter\"><a href=\"https:\/\/cdn3.ivivu.com\/2016\/02\/diem-den-lang-man-ivivu-2.png\"><img loading=\"lazy\" decoding=\"async\" aria-describedby=\"caption-attachment-125702\" class=\"wp-image-125702 size-full\" title=\"C\u1ea7u \u00c1nh Sao lung linh trong \u0111\u00eam. \u1ea2nh: ST\" src=\"https:\/\/cdn3.ivivu.com\/2016\/02\/diem-den-lang-man-ivivu-2.png\" alt=\"C\u1ea7u \u00c1nh Sao lung linh trong \u0111\u00eam. \u1ea2nh: ST\" width=\"697\" height=\"449\" srcset=\"https:\/\/cdn3.ivivu.com\/2016\/02\/diem-den-lang-man-ivivu-2.png 697w, https:\/\/cdn3.ivivu.com\/2016\/02\/diem-den-lang-man-ivivu-2-473x305.png 473w\" sizes=\"(max-width: 697px) 100vw, 697px\" \/><\/a><p id=\"caption-attachment-125702\" class=\"wp-caption-text\">C\u1ea7u \u00c1nh Sao lung linh trong \u0111\u00eam. \u1ea2nh: ST<\/p><\/div>\n<p style=\"text-align: justify;\"><strong><a href=\"https:\/\/www.ivivu.com\/blog\/2014\/10\/du-lich-hoi-an-cam-nang-tu-a-den-z\/\" target=\"_blank\">H\u1ed9i An<\/a>, Qu\u1ea3ng Nam<\/strong><\/p>\n<p style=\"text-align: justify;\">Y\u00ean b\u00ecnh, t\u0129nh l\u1eb7ng v\u1edbi nh\u1eefng ng\u00f4i nh\u00e0 c\u1ed5 tuy\u1ec7t \u0111\u1eb9p, nh\u1eefng con ph\u1ed1 v\u1eafng, nh\u1eefng m\u00f3n \u0103n \u0111\u1eadm \u0111\u00e0, h\u1ea5p d\u1eabn mang h\u1ed3n \u0111\u1ea5t Qu\u1ea3ng c\u1ee7a H\u1ed9i An ch\u1eafc ch\u1eafn s\u1ebd mang l\u1ea1i nh\u1eefng tr\u1ea3i nghi\u1ec7m m\u1edbi m\u1ebb cho c\u00e1c c\u1eb7p \u0111\u00f4i. Ngo\u00e0i ra, hai b\u1ea1n c\u0169ng c\u00f3 th\u1ec3 \u0111\u1eafm m\u00ecnh trong l\u00e0n n\u01b0\u1edbc trong xanh c\u1ee7a bi\u1ec3n C\u1eeda \u0110\u1ea1i, An B\u00e0ng. N\u1ebfu \u0111i H\u1ed9i An v\u00e0o \u0111\u00fang ng\u00e0y r\u1eb1m, hai b\u1ea1n s\u1ebd c\u00f3 th\u1ec3 \u0111\u1ed1t \u0111\u00e8n l\u1ed3ng v\u00e0 ng\u1eafm ph\u1ed1 c\u1ed5 H\u1ed9i An lung linh huy\u1ec1n \u1ea3o.<\/p>\n<div id=\"attachment_125705\" style=\"width: 1034px\" class=\"wp-caption aligncenter\"><a href=\"https:\/\/cdn3.ivivu.com\/2016\/02\/diem-den-lang-man-ivivu-5.jpg\"><img loading=\"lazy\" decoding=\"async\" aria-describedby=\"caption-attachment-125705\" class=\"wp-image-125705 size-large\" title=\"C\u00f9ng nhau th\u1ea3 \u0111\u00e8n hoa \u0111\u0103ng tr\u00ean s\u00f4ng Ho\u00e0i. \u1ea2nh: Stewart Cooke\" src=\"https:\/\/cdn3.ivivu.com\/2016\/02\/diem-den-lang-man-ivivu-5-1024x618.jpg\" alt=\"C\u00f9ng nhau th\u1ea3 \u0111\u00e8n hoa \u0111\u0103ng tr\u00ean s\u00f4ng Ho\u00e0i. \u1ea2nh: Stewart Cooke\" width=\"1024\" height=\"618\" srcset=\"https:\/\/cdn3.ivivu.com\/2016\/02\/diem-den-lang-man-ivivu-5-1024x618.jpg 1024w, https:\/\/cdn3.ivivu.com\/2016\/02\/diem-den-lang-man-ivivu-5-506x305.jpg 506w, https:\/\/cdn3.ivivu.com\/2016\/02\/diem-den-lang-man-ivivu-5.jpg 2048w\" sizes=\"(max-width: 1024px) 100vw, 1024px\" \/><\/a><p id=\"caption-attachment-125705\" class=\"wp-caption-text\">C\u00f9ng nhau th\u1ea3 \u0111\u00e8n hoa \u0111\u0103ng tr\u00ean s\u00f4ng Ho\u00e0i. \u1ea2nh: Stewart Cooke<\/p><\/div>\n<p style=\"text-align: justify;\"><strong>M\u0169i N\u00e9, B\u00ecnh Thu\u1eadn<\/strong><\/p>\n<p style=\"text-align: justify;\">M\u0169i N\u00e9 l\u00e0 m\u1ed9t m\u0169i bi\u1ec3n r\u1ed9ng l\u1edbn, tuy\u1ec7t \u0111\u1eb9p c\u00e1ch trung t\u00e2m th\u00e0nh ph\u1ed1 Phan Thi\u1ebft 22km v\u1ec1 h\u01b0\u1edbng \u0110\u00f4ng B\u1eafc. N\u01a1i \u0111\u00e2y t\u1eeb l\u00e2u \u0111\u00e3 tr\u1edf th\u00e0nh m\u1ed9t \u0111\u1ecba \u0111i\u1ec3m du l\u1ecbch h\u1ea5p d\u1eabn kh\u00e1ch du l\u1ecbch v\u1edbi nh\u1eefng \u0111\u1ed3i c\u00e1t tr\u1eafng r\u1ed9ng m\u00eanh mang v\u00e0 nh\u1eefng h\u00e0ng d\u1eeba cao v\u00fat u\u1ed1n m\u00ecnh quanh b\u1edd bi\u1ec3n. \u0110\u1eb7c bi\u1ec7t M\u0169i N\u00e9 s\u1edf h\u1eefu m\u1ed9t trong nh\u1eefng b\u00e3i bi\u1ec3n \u0111\u1eb9p nh\u1ea5t \u0110\u00f4ng Nam \u00c1 v\u1edbi n\u01b0\u1edbc bi\u1ec3n trong xanh v\u00e0 \u0111\u1ed3i c\u00e1t r\u1ed9ng.<\/p>\n<p style=\"text-align: justify;\">C\u00e1c c\u1eb7p \u0111\u00f4i khi \u0111\u1ebfn \u0111\u00e2y \u0111\u1ec1u kh\u00f4ng b\u1ecf qua c\u00e1c tr\u00e3i nghi\u1ec7m nh\u01b0: Tr\u01b0\u1ee3t c\u00e1t, ng\u1eafm ho\u00e0ng h\u00f4n v\u00e0 b\u00ecnh minh tr\u00ean bi\u1ec3n, tham gia nh\u1eefng ho\u1ea1t \u0111\u1ed9ng th\u1ec3 thao nh\u01b0 l\u01b0\u1edbt v\u00e1n di\u1ec1u, l\u1eb7n bi\u1ec3n hay ch\u00e8o thuy\u1ec1n ng\u1eafm B\u00e0u Tr\u1eafng, B\u00e0u Sen, gi\u1eefa b\u1ea1t ng\u00e0n hoa sen th\u01a1m ng\u00e1t\u2026<\/p>\n<div id=\"attachment_125706\" style=\"width: 810px\" class=\"wp-caption aligncenter\"><a href=\"https:\/\/cdn3.ivivu.com\/2016\/02\/diem-den-lang-man-ivivu-6.jpg\"><img loading=\"lazy\" decoding=\"async\" aria-describedby=\"caption-attachment-125706\" class=\"wp-image-125706 size-full\" title=\"Ho\u00e0ng h\u00f4n tr\u00ean bi\u1ec3n M\u0169i N\u00e9. \u1ea2nh:\u00a0bruisedpassports.com\" src=\"https:\/\/cdn3.ivivu.com\/2016\/02\/diem-den-lang-man-ivivu-6.jpg\" alt=\"Ho\u00e0ng h\u00f4n tr\u00ean bi\u1ec3n M\u0169i N\u00e9. \u1ea2nh:\u00a0bruisedpassports.com\" width=\"800\" height=\"534\" srcset=\"https:\/\/cdn3.ivivu.com\/2016\/02\/diem-den-lang-man-ivivu-6.jpg 800w, https:\/\/cdn3.ivivu.com\/2016\/02\/diem-den-lang-man-ivivu-6-457x305.jpg 457w\" sizes=\"(max-width: 800px) 100vw, 800px\" \/><\/a><p id=\"caption-attachment-125706\" class=\"wp-caption-text\">Ho\u00e0ng h\u00f4n tr\u00ean bi\u1ec3n M\u0169i N\u00e9. \u1ea2nh:\u00a0bruisedpassports.com<\/p><\/div>\n<p style=\"text-align: justify;\"><strong>\u0110\u00e0 L\u1ea1t<\/strong><\/p>\n<p style=\"text-align: justify;\">Ai \u0111\u00f3 t\u1eebng n\u00f3i r\u1eb1ng, \u0110\u00e0 L\u1ea1t ch\u00ednh l\u00e0 thi\u00ean \u0111\u01b0\u1eddng c\u1ee7a t\u00ecnh y\u00eau. Khung c\u1ea3nh y\u00ean t\u0129nh, th\u01a1 m\u1ed9ng \u0111\u1eb7c bi\u1ec7t th\u00edch h\u1ee3p cho nh\u1eefng c\u1eb7p \u0111\u00f4i \u0111ang ho\u1eb7c s\u1eafp y\u00eau nhau. Th\u1eadm ch\u00ed c\u00f3 ng\u01b0\u1eddi t\u1eebng n\u00f3i vui, n\u1ebfu t\u1ecf t\u00ecnh \u1edf \u0110\u00e0 L\u1ea1t, x\u00e1c su\u1ea5t th\u1ea5t b\u1ea1i s\u1ebd gi\u1ea3m xu\u1ed1ng m\u1ed9t c\u00e1ch \u0111\u00e1ng k\u1ec3. C\u00e1i bu\u1ed3n b\u00e3, l\u1ea1nh l\u1ebdo v\u00e0 \u0111\u1eb9p \u0111\u1ebd c\u1ee7a \u0110\u00e0 L\u1ea1t khi\u1ebfn ai c\u0169ng mu\u1ed1n m\u1ed9t b\u00e0n tay \u1ea5m \u00e1p \u0111\u1ec3 n\u1eafm l\u1ea5y, m\u1ed9t b\u1edd vai v\u1eefng ch\u1eafc \u0111\u1ec3 d\u1ef1a v\u00e0o \u0111\u1ec3 l\u00f2ng m\u00ecnh kh\u00f4ng th\u1ea5y c\u00f4 \u0111\u01a1n, tr\u1ed1ng tr\u1ea3i.<\/p>\n<div id=\"attachment_125715\" style=\"width: 970px\" class=\"wp-caption aligncenter\"><a href=\"https:\/\/cdn3.ivivu.com\/2016\/02\/diem-den-lang-man-ivivu-7.jpg\"><img loading=\"lazy\" decoding=\"async\" aria-describedby=\"caption-attachment-125715\" class=\"wp-image-125715 size-full\" title=\"V\u01b0\u1eddn hoa c\u1ea3i \u0110\u00e0 L\u1ea1t. \u1ea2nh: ST\" src=\"https:\/\/cdn3.ivivu.com\/2016\/02\/diem-den-lang-man-ivivu-7.jpg\" alt=\"V\u01b0\u1eddn hoa c\u1ea3i \u0110\u00e0 L\u1ea1t. \u1ea2nh: ST \" width=\"960\" height=\"640\" srcset=\"https:\/\/cdn3.ivivu.com\/2016\/02\/diem-den-lang-man-ivivu-7.jpg 960w, https:\/\/cdn3.ivivu.com\/2016\/02\/diem-den-lang-man-ivivu-7-458x305.jpg 458w\" sizes=\"(max-width: 960px) 100vw, 960px\" \/><\/a><p id=\"caption-attachment-125715\" class=\"wp-caption-text\">V\u01b0\u1eddn hoa c\u1ea3i \u0110\u00e0 L\u1ea1t. \u1ea2nh: ST<\/p><\/div>\n<p style=\"text-align: center;\"><strong><div class=\"ltt-contentbox white\"><\/span>CLICK \u0110\u1eb6T NGAY\u00a0<a href=\"https:\/\/www.ivivu.com\/du-lich?utm_source=blog_ivivu&amp;utm_medium=post_link&amp;utm_campaign=internal\" target=\"_blank\">TOUR DU L\u1ecaCH<\/a>\u00a0V\u00c0\u00a0<a href=\"https:\/\/www.ivivu.com\/?utm_source=blog_ivivu&amp;utm_medium=post_link&amp;utm_campaign=internal\" target=\"_blank\">KH\u00c1CH S\u1ea0N<\/a>\u00a0V\u1edaI GI\u00c1 T\u1ed0T NH\u1ea4T CH\u1ec8 C\u00d3 T\u1ea0I IVIVU.COM<\/div><\/strong><\/p>\n<p style=\"text-align: right;\"><strong>Theo Ti\u1ec3u Lam<\/strong><\/p>\n<p><strong><div class=\"ltt-contentbox white\"><\/span><\/strong><\/p>\n<p><strong>Xem th\u00eam c\u00e1c b\u00e0i vi\u1ebft:<\/strong><\/p>\n<p><strong><a href=\"https:\/\/www.ivivu.com\/blog\/2015\/08\/bi-kip-tan-huong-tuan-trang-mat-lang-man-tai-dao-langkawi\/\" target=\"_blank\">B\u00ed k\u00edp t\u1eadn h\u01b0\u1edfng tu\u1ea7n tr\u0103ng m\u1eadt l\u00e3ng m\u1ea1n t\u1ea1i \u0111\u1ea3o Langkawi<\/a><\/strong><\/p>\n<p><strong><a href=\"https:\/\/www.ivivu.com\/blog\/2015\/06\/thien-duong-trang-mat-ngot-ngao-giua-tay-bac\/\" target=\"_blank\">Thi\u00ean \u0111\u01b0\u1eddng tr\u0103ng m\u1eadt ng\u1ecdt ng\u00e0o gi\u1eefa T\u00e2y B\u1eafc<\/a><\/strong><\/p>\n<p><strong><a href=\"https:\/\/www.ivivu.com\/blog\/2015\/02\/vinh-ha-long-va-hoi-an-vao-top-10-diem-den-lang-man-nhat-chau-a\/\" target=\"_blank\">V\u1ecbnh H\u1ea1 Long v\u00e0 H\u1ed9i An v\u00e0o top 10 \u0111i\u1ec3m \u0111\u1ebfn l\u00e3ng m\u1ea1n nh\u1ea5t ch\u00e2u \u00c1<\/a><\/strong><\/p>\n<p><strong><\/div><\/strong><\/p>\n<p><strong>***<\/strong><\/p>\n<p><strong>Tham kh\u1ea3o:\u00a0<a href=\"https:\/\/www.ivivu.com\/blog\/\" target=\"_blank\">C\u1ea9m nang du l\u1ecbch iVIVU.com<\/a><\/strong><\/p>\n","protected":false},"excerpt":{"rendered":"<p>N\u1eafm tay \u201cn\u1eeda kia\u201d d\u1ea1o b\u01b0\u1edbc qua tr\u00ean c\u1ea7u \u00c1nh Sao \u0111\u1eb9p lung linh, hay t\u1edbi \u0110\u00e0 N\u1eb5ng \u0111\u1ec3 l\u1ea1i l\u1eddi y\u00eau th\u01b0\u01a1ng tr\u00ean c\u00e2y c\u1ea7u kh\u00f3a t\u00ecnh y\u00eau,\u2026 l\u00e0 m\u1ed9t trong r\u1ea5t nhi\u1ec1u \u0111i\u1ec1u l\u00e3ng m\u1ea1n m\u00e0 c\u00e1c c\u1eb7p&#8230;<\/p>\n","protected":false},"author":31,"featured_media":125715,"comment_status":"closed","ping_status":"open","sticky":false,"template":"","format":"standard","meta":{"_acf_changed":false,"footnotes":""},"categories":[240,237,235,517,795,806,14742],"tags":[12281,19053,490,315,3633,3341,272,7802],"acf":[],"yoast_head":"<!-- This site is optimized with the Yoast SEO Premium plugin v22.6 (Yoast SEO v22.6) - https:\/\/yoast.com\/wordpress\/plugins\/seo\/ -->\n<title>8 n\u01a1i l\u00e3ng m\u1ea1n \u1edf Vi\u1ec7t Nam c\u00e1c c\u1eb7p \u0111\u00f4i n\u00ean \u0111\u1ebfn \u00edt nh\u1ea5t m\u1ed9t l\u1ea7n<\/title>\n<meta name=\"description\" content=\"Vi\u1ec7t Nam c\u00f3 r\u1ea5t nhi\u1ec1u n\u01a1i l\u00e3ng m\u1ea1n m\u00e0 c\u00e1c c\u1eb7p \u0111\u00f4i n\u00ean c\u00f9ng nhau kh\u00e1m ph\u00e1 \u00edt nh\u1ea5t m\u1ed9t l\u1ea7n trong \u0111\u1eddi, \u0111\u1ec3 t\u1eadn h\u01b0\u1edfng m\u1ed9t k\u1ef3 ngh\u1ec9 kh\u00f3 qu\u00ean.\" \/>\n<meta name=\"robots\" content=\"index, follow, max-snippet:-1, max-image-preview:large, max-video-preview:-1\" \/>\n<link rel=\"canonical\" href=\"https:\/\/www.ivivu.com\/blog\/2016\/02\/8-noi-lang-man-o-viet-nam-cac-cap-doi-nen-den-it-nhat-mot-lan\/\" \/>\n<meta name=\"twitter:label1\" content=\"\u0110\u01b0\u1ee3c vi\u1ebft b\u1edfi\" \/>\n\t<meta name=\"twitter:data1\" content=\"Tr\u1ecbnh L\u00e2m\" \/>\n\t<meta name=\"twitter:label2\" content=\"\u01af\u1edbc t\u00ednh th\u1eddi gian \u0111\u1ecdc\" \/>\n\t<meta name=\"twitter:data2\" content=\"9 ph\u00fat\" \/>\n<script type=\"application\/ld+json\" class=\"yoast-schema-graph\">{\"@context\":\"https:\/\/schema.org\",\"@graph\":[{\"@type\":\"Article\",\"@id\":\"https:\/\/www.ivivu.com\/blog\/2016\/02\/8-noi-lang-man-o-viet-nam-cac-cap-doi-nen-den-it-nhat-mot-lan\/#article\",\"isPartOf\":{\"@id\":\"https:\/\/www.ivivu.com\/blog\/2016\/02\/8-noi-lang-man-o-viet-nam-cac-cap-doi-nen-den-it-nhat-mot-lan\/\"},\"author\":{\"name\":\"Tr\u1ecbnh L\u00e2m\",\"@id\":\"https:\/\/www.ivivu.com\/blog\/#\/schema\/person\/b98886072f55c18603c011b213b164eb\"},\"headline\":\"8 n\u01a1i l\u00e3ng m\u1ea1n \u1edf Vi\u1ec7t Nam c\u00e1c c\u1eb7p \u0111\u00f4i n\u00ean \u0111\u1ebfn \u00edt nh\u1ea5t m\u1ed9t l\u1ea7n\",\"datePublished\":\"2016-02-23T07:39:30+00:00\",\"dateModified\":\"2016-02-24T07:14:34+00:00\",\"mainEntityOfPage\":{\"@id\":\"https:\/\/www.ivivu.com\/blog\/2016\/02\/8-noi-lang-man-o-viet-nam-cac-cap-doi-nen-den-it-nhat-mot-lan\/\"},\"wordCount\":1767,\"publisher\":{\"@id\":\"https:\/\/www.ivivu.com\/blog\/#organization\"},\"image\":{\"@id\":\"https:\/\/www.ivivu.com\/blog\/2016\/02\/8-noi-lang-man-o-viet-nam-cac-cap-doi-nen-den-it-nhat-mot-lan\/#primaryimage\"},\"thumbnailUrl\":\"https:\/\/cdn3.ivivu.com\/2016\/02\/diem-den-lang-man-ivivu-7.jpg\",\"keywords\":[\"C\u1ea7u \u00c1nh Sao\",\"c\u1ea7u kh\u00f3a t\u00ecnh y\u00eau \u0110\u00e0 N\u1eb5ng\",\"du l\u1ecbch H\u00e0 N\u1ed9i\",\"Du l\u1ecbch H\u1ed9i An\",\"du l\u1ecbch M\u0169i N\u00e9\",\"du l\u1ecbch v\u1ecbnh h\u1ea1 long\",\"\u0111\u1eb7t ph\u00f2ng kh\u00e1ch s\u1ea1n\",\"\u0111i\u1ec3m \u0111\u1ebfn l\u00e3ng m\u1ea1n\"],\"articleSection\":[\"Du l\u1ecbch \u0110\u00e0 L\u1ea1t\",\"Du l\u1ecbch H\u1ed9i An\",\"Du l\u1ecbch Tp.H\u1ed3 Ch\u00ed Minh\",\"Du l\u1ecbch V\u1ecbnh H\u1ea1 Long\",\"\u0110i\u1ec3m \u0111\u1ebfn\",\"N\u1ed5i B\u1eadt\",\"N\u1ed5i B\u1eadt 2\"],\"inLanguage\":\"vi\"},{\"@type\":\"WebPage\",\"@id\":\"https:\/\/www.ivivu.com\/blog\/2016\/02\/8-noi-lang-man-o-viet-nam-cac-cap-doi-nen-den-it-nhat-mot-lan\/\",\"url\":\"https:\/\/www.ivivu.com\/blog\/2016\/02\/8-noi-lang-man-o-viet-nam-cac-cap-doi-nen-den-it-nhat-mot-lan\/\",\"name\":\"8 n\u01a1i l\u00e3ng m\u1ea1n \u1edf Vi\u1ec7t Nam c\u00e1c c\u1eb7p \u0111\u00f4i n\u00ean \u0111\u1ebfn \u00edt nh\u1ea5t m\u1ed9t l\u1ea7n\",\"isPartOf\":{\"@id\":\"https:\/\/www.ivivu.com\/blog\/#website\"},\"primaryImageOfPage\":{\"@id\":\"https:\/\/www.ivivu.com\/blog\/2016\/02\/8-noi-lang-man-o-viet-nam-cac-cap-doi-nen-den-it-nhat-mot-lan\/#primaryimage\"},\"image\":{\"@id\":\"https:\/\/www.ivivu.com\/blog\/2016\/02\/8-noi-lang-man-o-viet-nam-cac-cap-doi-nen-den-it-nhat-mot-lan\/#primaryimage\"},\"thumbnailUrl\":\"https:\/\/cdn3.ivivu.com\/2016\/02\/diem-den-lang-man-ivivu-7.jpg\",\"datePublished\":\"2016-02-23T07:39:30+00:00\",\"dateModified\":\"2016-02-24T07:14:34+00:00\",\"description\":\"Vi\u1ec7t Nam c\u00f3 r\u1ea5t nhi\u1ec1u n\u01a1i l\u00e3ng m\u1ea1n m\u00e0 c\u00e1c c\u1eb7p \u0111\u00f4i n\u00ean c\u00f9ng nhau kh\u00e1m ph\u00e1 \u00edt nh\u1ea5t m\u1ed9t l\u1ea7n trong \u0111\u1eddi, \u0111\u1ec3 t\u1eadn h\u01b0\u1edfng m\u1ed9t k\u1ef3 ngh\u1ec9 kh\u00f3 qu\u00ean.\",\"breadcrumb\":{\"@id\":\"https:\/\/www.ivivu.com\/blog\/2016\/02\/8-noi-lang-man-o-viet-nam-cac-cap-doi-nen-den-it-nhat-mot-lan\/#breadcrumb\"},\"inLanguage\":\"vi\",\"potentialAction\":[{\"@type\":\"ReadAction\",\"target\":[\"https:\/\/www.ivivu.com\/blog\/2016\/02\/8-noi-lang-man-o-viet-nam-cac-cap-doi-nen-den-it-nhat-mot-lan\/\"]}]},{\"@type\":\"ImageObject\",\"inLanguage\":\"vi\",\"@id\":\"https:\/\/www.ivivu.com\/blog\/2016\/02\/8-noi-lang-man-o-viet-nam-cac-cap-doi-nen-den-it-nhat-mot-lan\/#primaryimage\",\"url\":\"https:\/\/cdn3.ivivu.com\/2016\/02\/diem-den-lang-man-ivivu-7.jpg\",\"contentUrl\":\"https:\/\/cdn3.ivivu.com\/2016\/02\/diem-den-lang-man-ivivu-7.jpg\",\"width\":960,\"height\":640,\"caption\":\"V\u01b0\u1eddn hoa c\u1ea3i \u0110\u00e0 L\u1ea1t. \u1ea2nh: ST\"},{\"@type\":\"BreadcrumbList\",\"@id\":\"https:\/\/www.ivivu.com\/blog\/2016\/02\/8-noi-lang-man-o-viet-nam-cac-cap-doi-nen-den-it-nhat-mot-lan\/#breadcrumb\",\"itemListElement\":[{\"@type\":\"ListItem\",\"position\":1,\"name\":\"Home\",\"item\":\"https:\/\/www.ivivu.com\/blog\/\"},{\"@type\":\"ListItem\",\"position\":2,\"name\":\"8 n\u01a1i l\u00e3ng m\u1ea1n \u1edf Vi\u1ec7t Nam c\u00e1c c\u1eb7p \u0111\u00f4i n\u00ean \u0111\u1ebfn \u00edt nh\u1ea5t m\u1ed9t l\u1ea7n\"}]},{\"@type\":\"WebSite\",\"@id\":\"https:\/\/www.ivivu.com\/blog\/#website\",\"url\":\"https:\/\/www.ivivu.com\/blog\/\",\"name\":\"C\u1ea9m nang du l\u1ecbch\",\"description\":\"\",\"publisher\":{\"@id\":\"https:\/\/www.ivivu.com\/blog\/#organization\"},\"potentialAction\":[{\"@type\":\"SearchAction\",\"target\":{\"@type\":\"EntryPoint\",\"urlTemplate\":\"https:\/\/www.ivivu.com\/blog\/?s={search_term_string}\"},\"query-input\":\"required name=search_term_string\"}],\"inLanguage\":\"vi\"},{\"@type\":\"Organization\",\"@id\":\"https:\/\/www.ivivu.com\/blog\/#organization\",\"name\":\"iVIVU.com\",\"url\":\"https:\/\/www.ivivu.com\/blog\/\",\"logo\":{\"@type\":\"ImageObject\",\"inLanguage\":\"vi\",\"@id\":\"https:\/\/www.ivivu.com\/blog\/#\/schema\/logo\/image\/\",\"url\":\"https:\/\/cdn3.ivivu.com\/2024\/01\/ivivu_no_slogan.png\",\"contentUrl\":\"https:\/\/cdn3.ivivu.com\/2024\/01\/ivivu_no_slogan.png\",\"width\":788,\"height\":565,\"caption\":\"iVIVU.com\"},\"image\":{\"@id\":\"https:\/\/www.ivivu.com\/blog\/#\/schema\/logo\/image\/\"},\"sameAs\":[\"https:\/\/www.facebook.com\/iVIVU\"]},{\"@type\":\"Person\",\"@id\":\"https:\/\/www.ivivu.com\/blog\/#\/schema\/person\/b98886072f55c18603c011b213b164eb\",\"name\":\"Tr\u1ecbnh L\u00e2m\",\"sameAs\":[\"https:\/\/www.ivivu.com\/blog\"],\"url\":\"https:\/\/www.ivivu.com\/blog\/author\/lam\/\"}]}<\/script>\n<!-- \/ Yoast SEO Premium plugin. -->","yoast_head_json":{"title":"8 n\u01a1i l\u00e3ng m\u1ea1n \u1edf Vi\u1ec7t Nam c\u00e1c c\u1eb7p \u0111\u00f4i n\u00ean \u0111\u1ebfn \u00edt nh\u1ea5t m\u1ed9t l\u1ea7n","description":"Vi\u1ec7t Nam c\u00f3 r\u1ea5t nhi\u1ec1u n\u01a1i l\u00e3ng m\u1ea1n m\u00e0 c\u00e1c c\u1eb7p \u0111\u00f4i n\u00ean c\u00f9ng nhau kh\u00e1m ph\u00e1 \u00edt nh\u1ea5t m\u1ed9t l\u1ea7n trong \u0111\u1eddi, \u0111\u1ec3 t\u1eadn h\u01b0\u1edfng m\u1ed9t k\u1ef3 ngh\u1ec9 kh\u00f3 qu\u00ean.","robots":{"index":"index","follow":"follow","max-snippet":"max-snippet:-1","max-image-preview":"max-image-preview:large","max-video-preview":"max-video-preview:-1"},"canonical":"https:\/\/www.ivivu.com\/blog\/2016\/02\/8-noi-lang-man-o-viet-nam-cac-cap-doi-nen-den-it-nhat-mot-lan\/","twitter_misc":{"\u0110\u01b0\u1ee3c vi\u1ebft b\u1edfi":"Tr\u1ecbnh L\u00e2m","\u01af\u1edbc t\u00ednh th\u1eddi gian \u0111\u1ecdc":"9 ph\u00fat"},"schema":{"@context":"https:\/\/schema.org","@graph":[{"@type":"Article","@id":"https:\/\/www.ivivu.com\/blog\/2016\/02\/8-noi-lang-man-o-viet-nam-cac-cap-doi-nen-den-it-nhat-mot-lan\/#article","isPartOf":{"@id":"https:\/\/www.ivivu.com\/blog\/2016\/02\/8-noi-lang-man-o-viet-nam-cac-cap-doi-nen-den-it-nhat-mot-lan\/"},"author":{"name":"Tr\u1ecbnh L\u00e2m","@id":"https:\/\/www.ivivu.com\/blog\/#\/schema\/person\/b98886072f55c18603c011b213b164eb"},"headline":"8 n\u01a1i l\u00e3ng m\u1ea1n \u1edf Vi\u1ec7t Nam c\u00e1c c\u1eb7p \u0111\u00f4i n\u00ean \u0111\u1ebfn \u00edt nh\u1ea5t m\u1ed9t l\u1ea7n","datePublished":"2016-02-23T07:39:30+00:00","dateModified":"2016-02-24T07:14:34+00:00","mainEntityOfPage":{"@id":"https:\/\/www.ivivu.com\/blog\/2016\/02\/8-noi-lang-man-o-viet-nam-cac-cap-doi-nen-den-it-nhat-mot-lan\/"},"wordCount":1767,"publisher":{"@id":"https:\/\/www.ivivu.com\/blog\/#organization"},"image":{"@id":"https:\/\/www.ivivu.com\/blog\/2016\/02\/8-noi-lang-man-o-viet-nam-cac-cap-doi-nen-den-it-nhat-mot-lan\/#primaryimage"},"thumbnailUrl":"https:\/\/cdn3.ivivu.com\/2016\/02\/diem-den-lang-man-ivivu-7.jpg","keywords":["C\u1ea7u \u00c1nh Sao","c\u1ea7u kh\u00f3a t\u00ecnh y\u00eau \u0110\u00e0 N\u1eb5ng","du l\u1ecbch H\u00e0 N\u1ed9i","Du l\u1ecbch H\u1ed9i An","du l\u1ecbch M\u0169i N\u00e9","du l\u1ecbch v\u1ecbnh h\u1ea1 long","\u0111\u1eb7t ph\u00f2ng kh\u00e1ch s\u1ea1n","\u0111i\u1ec3m \u0111\u1ebfn l\u00e3ng m\u1ea1n"],"articleSection":["Du l\u1ecbch \u0110\u00e0 L\u1ea1t","Du l\u1ecbch H\u1ed9i An","Du l\u1ecbch Tp.H\u1ed3 Ch\u00ed Minh","Du l\u1ecbch V\u1ecbnh H\u1ea1 Long","\u0110i\u1ec3m \u0111\u1ebfn","N\u1ed5i B\u1eadt","N\u1ed5i B\u1eadt 2"],"inLanguage":"vi"},{"@type":"WebPage","@id":"https:\/\/www.ivivu.com\/blog\/2016\/02\/8-noi-lang-man-o-viet-nam-cac-cap-doi-nen-den-it-nhat-mot-lan\/","url":"https:\/\/www.ivivu.com\/blog\/2016\/02\/8-noi-lang-man-o-viet-nam-cac-cap-doi-nen-den-it-nhat-mot-lan\/","name":"8 n\u01a1i l\u00e3ng m\u1ea1n \u1edf Vi\u1ec7t Nam c\u00e1c c\u1eb7p \u0111\u00f4i n\u00ean \u0111\u1ebfn \u00edt nh\u1ea5t m\u1ed9t l\u1ea7n","isPartOf":{"@id":"https:\/\/www.ivivu.com\/blog\/#website"},"primaryImageOfPage":{"@id":"https:\/\/www.ivivu.com\/blog\/2016\/02\/8-noi-lang-man-o-viet-nam-cac-cap-doi-nen-den-it-nhat-mot-lan\/#primaryimage"},"image":{"@id":"https:\/\/www.ivivu.com\/blog\/2016\/02\/8-noi-lang-man-o-viet-nam-cac-cap-doi-nen-den-it-nhat-mot-lan\/#primaryimage"},"thumbnailUrl":"https:\/\/cdn3.ivivu.com\/2016\/02\/diem-den-lang-man-ivivu-7.jpg","datePublished":"2016-02-23T07:39:30+00:00","dateModified":"2016-02-24T07:14:34+00:00","description":"Vi\u1ec7t Nam c\u00f3 r\u1ea5t nhi\u1ec1u n\u01a1i l\u00e3ng m\u1ea1n m\u00e0 c\u00e1c c\u1eb7p \u0111\u00f4i n\u00ean c\u00f9ng nhau kh\u00e1m ph\u00e1 \u00edt nh\u1ea5t m\u1ed9t l\u1ea7n trong \u0111\u1eddi, \u0111\u1ec3 t\u1eadn h\u01b0\u1edfng m\u1ed9t k\u1ef3 ngh\u1ec9 kh\u00f3 qu\u00ean.","breadcrumb":{"@id":"https:\/\/www.ivivu.com\/blog\/2016\/02\/8-noi-lang-man-o-viet-nam-cac-cap-doi-nen-den-it-nhat-mot-lan\/#breadcrumb"},"inLanguage":"vi","potentialAction":[{"@type":"ReadAction","target":["https:\/\/www.ivivu.com\/blog\/2016\/02\/8-noi-lang-man-o-viet-nam-cac-cap-doi-nen-den-it-nhat-mot-lan\/"]}]},{"@type":"ImageObject","inLanguage":"vi","@id":"https:\/\/www.ivivu.com\/blog\/2016\/02\/8-noi-lang-man-o-viet-nam-cac-cap-doi-nen-den-it-nhat-mot-lan\/#primaryimage","url":"https:\/\/cdn3.ivivu.com\/2016\/02\/diem-den-lang-man-ivivu-7.jpg","contentUrl":"https:\/\/cdn3.ivivu.com\/2016\/02\/diem-den-lang-man-ivivu-7.jpg","width":960,"height":640,"caption":"V\u01b0\u1eddn hoa c\u1ea3i \u0110\u00e0 L\u1ea1t. \u1ea2nh: ST"},{"@type":"BreadcrumbList","@id":"https:\/\/www.ivivu.com\/blog\/2016\/02\/8-noi-lang-man-o-viet-nam-cac-cap-doi-nen-den-it-nhat-mot-lan\/#breadcrumb","itemListElement":[{"@type":"ListItem","position":1,"name":"Home","item":"https:\/\/www.ivivu.com\/blog\/"},{"@type":"ListItem","position":2,"name":"8 n\u01a1i l\u00e3ng m\u1ea1n \u1edf Vi\u1ec7t Nam c\u00e1c c\u1eb7p \u0111\u00f4i n\u00ean \u0111\u1ebfn \u00edt nh\u1ea5t m\u1ed9t l\u1ea7n"}]},{"@type":"WebSite","@id":"https:\/\/www.ivivu.com\/blog\/#website","url":"https:\/\/www.ivivu.com\/blog\/","name":"C\u1ea9m nang du l\u1ecbch","description":"","publisher":{"@id":"https:\/\/www.ivivu.com\/blog\/#organization"},"potentialAction":[{"@type":"SearchAction","target":{"@type":"EntryPoint","urlTemplate":"https:\/\/www.ivivu.com\/blog\/?s={search_term_string}"},"query-input":"required name=search_term_string"}],"inLanguage":"vi"},{"@type":"Organization","@id":"https:\/\/www.ivivu.com\/blog\/#organization","name":"iVIVU.com","url":"https:\/\/www.ivivu.com\/blog\/","logo":{"@type":"ImageObject","inLanguage":"vi","@id":"https:\/\/www.ivivu.com\/blog\/#\/schema\/logo\/image\/","url":"https:\/\/cdn3.ivivu.com\/2024\/01\/ivivu_no_slogan.png","contentUrl":"https:\/\/cdn3.ivivu.com\/2024\/01\/ivivu_no_slogan.png","width":788,"height":565,"caption":"iVIVU.com"},"image":{"@id":"https:\/\/www.ivivu.com\/blog\/#\/schema\/logo\/image\/"},"sameAs":["https:\/\/www.facebook.com\/iVIVU"]},{"@type":"Person","@id":"https:\/\/www.ivivu.com\/blog\/#\/schema\/person\/b98886072f55c18603c011b213b164eb","name":"Tr\u1ecbnh L\u00e2m","sameAs":["https:\/\/www.ivivu.com\/blog"],"url":"https:\/\/www.ivivu.com\/blog\/author\/lam\/"}]}},"_links":{"self":[{"href":"https:\/\/www.ivivu.com\/blog\/wp-json\/wp\/v2\/posts\/125672"}],"collection":[{"href":"https:\/\/www.ivivu.com\/blog\/wp-json\/wp\/v2\/posts"}],"about":[{"href":"https:\/\/www.ivivu.com\/blog\/wp-json\/wp\/v2\/types\/post"}],"author":[{"embeddable":true,"href":"https:\/\/www.ivivu.com\/blog\/wp-json\/wp\/v2\/users\/31"}],"replies":[{"embeddable":true,"href":"https:\/\/www.ivivu.com\/blog\/wp-json\/wp\/v2\/comments?post=125672"}],"version-history":[{"count":9,"href":"https:\/\/www.ivivu.com\/blog\/wp-json\/wp\/v2\/posts\/125672\/revisions"}],"predecessor-version":[{"id":126085,"href":"https:\/\/www.ivivu.com\/blog\/wp-json\/wp\/v2\/posts\/125672\/revisions\/126085"}],"wp:featuredmedia":[{"embeddable":true,"href":"https:\/\/www.ivivu.com\/blog\/wp-json\/wp\/v2\/media\/125715"}],"wp:attachment":[{"href":"https:\/\/www.ivivu.com\/blog\/wp-json\/wp\/v2\/media?parent=125672"}],"wp:term":[{"taxonomy":"category","embeddable":true,"href":"https:\/\/www.ivivu.com\/blog\/wp-json\/wp\/v2\/categories?post=125672"},{"taxonomy":"post_tag","embeddable":true,"href":"https:\/\/www.ivivu.com\/blog\/wp-json\/wp\/v2\/tags?post=125672"}],"curies":[{"name":"wp","href":"https:\/\/api.w.org\/{rel}","templated":true}]}}