{"id":156433,"date":"2016-07-25T19:42:40","date_gmt":"2016-07-25T12:42:40","guid":{"rendered":"https:\/\/www.ivivu.com\/blog\/?p=156433"},"modified":"2016-07-25T18:43:50","modified_gmt":"2016-07-25T11:43:50","slug":"6-phien-cho-doc-dao-chi-co-the-tim-thay-o-viet-nam","status":"publish","type":"post","link":"https:\/\/www.ivivu.com\/blog\/2016\/07\/6-phien-cho-doc-dao-chi-co-the-tim-thay-o-viet-nam\/","title":{"rendered":"6 phi\u00ean ch\u1ee3 \u0111\u1ed9c \u0111\u00e1o ch\u1ec9 c\u00f3 th\u1ec3 t\u00ecm th\u1ea5y \u1edf Vi\u1ec7t Nam"},"content":{"rendered":"<p style=\"text-align: justify;\"><em><strong>Ngay t\u1eeb xa x\u01b0a, ch\u1ee3 \u0111\u00e3 g\u1eafn b\u00f3 v\u1edbi l\u1ed1i\u00a0s\u1ed1ng v\u00e0 l\u00e0 n\u01a1i th\u1ec3 hi\u1ec7n v\u0103n h\u00f3a, sinh ho\u1ea1t c\u1ee7a ng\u01b0\u1eddi d\u00e2n. Th\u1ebf nh\u01b0ng, do \u0111\u1eb7c th\u00f9\u00a0kh\u00e1c bi\u1ec7t c\u1ee7a t\u1eebng v\u00f9ng, nh\u1eefng phi\u00ean ch\u1ee3 \u0111\u1ed9c \u0111\u00e1o c\u0169ng \u0111\u01b0\u1ee3c h\u00ecnh th\u00e0nh t\u1eeb \u0111\u00e2y.\u00a0<\/strong><\/em><!--more--><\/p>\n<h2>6 phi\u00ean ch\u1ee3 \u0111\u1ed9c \u0111\u00e1o ch\u1ec9 c\u00f3 th\u1ec3 t\u00ecm th\u1ea5y \u1edf Vi\u1ec7t Nam<\/h2>\n<p style=\"text-align: justify;\">H\u00e3y c\u00f9ng <strong><a href=\"https:\/\/www.ivivu.com\/?utm_source=blog_ivivu&amp;utm_medium=post_link&amp;utm_campaign=internal\" target=\"_blank\">iVIVU.com<\/a><\/strong> kh\u00e1m ph\u00e1 6 phi\u00ean ch\u1ee3 \u0111\u1ed9c \u0111\u00e1o b\u1ea1n ch\u1ec9 c\u00f3 th\u1ec3 t\u00ecm th\u1ea5y \u1edf Vi\u1ec7t Nam nh\u00e9.<\/p>\n<p><strong>1. Ch\u1ee3 n\u1ed5i C\u00e1i R\u0103ng<\/strong><\/p>\n<div id=\"attachment_156434\" style=\"width: 1546px\" class=\"wp-caption aligncenter\"><img loading=\"lazy\" decoding=\"async\" aria-describedby=\"caption-attachment-156434\" class=\"wp-image-156434 size-full\" title=\"S\u1ea3n v\u1eadt \u0111\u01b0\u1ee3c b\u00e0y b\u00e1n ngay tr\u00ean ghe. \u1ea2nh: ST\" src=\"https:\/\/cdn3.ivivu.com\/2016\/07\/6-khu-cho-chi-co-the-tim-thay-o-viet-nam-ivivu-3.jpg\" alt=\"S\u1ea3n v\u1eadt \u0111\u01b0\u1ee3c b\u00e0y b\u00e1n ngay tr\u00ean ghe. \u1ea2nh: ST\" width=\"1536\" height=\"1152\" srcset=\"https:\/\/cdn3.ivivu.com\/2016\/07\/6-khu-cho-chi-co-the-tim-thay-o-viet-nam-ivivu-3.jpg 1536w, https:\/\/cdn3.ivivu.com\/2016\/07\/6-khu-cho-chi-co-the-tim-thay-o-viet-nam-ivivu-3-407x305.jpg 407w, https:\/\/cdn3.ivivu.com\/2016\/07\/6-khu-cho-chi-co-the-tim-thay-o-viet-nam-ivivu-3-1024x768.jpg 1024w\" sizes=\"(max-width: 1536px) 100vw, 1536px\" \/><p id=\"caption-attachment-156434\" class=\"wp-caption-text\">S\u1ea3n v\u1eadt \u0111\u01b0\u1ee3c b\u00e0y b\u00e1n ngay tr\u00ean ghe. \u1ea2nh: ST<\/p><\/div>\n<div id=\"attachment_156436\" style=\"width: 1034px\" class=\"wp-caption aligncenter\"><img loading=\"lazy\" decoding=\"async\" aria-describedby=\"caption-attachment-156436\" class=\"wp-image-156436 size-full\" title=\"C\u00e2y b\u1eb9o - h\u00ecnh \u1ea3nh kh\u00f4ng th\u1ec3 thi\u1ebfu \u1edf ch\u1ee3 n\u1ed5i. \u1ea2nh: canthotv\" src=\"https:\/\/cdn3.ivivu.com\/2016\/07\/6-khu-cho-chi-co-the-tim-thay-o-viet-nam-ivivu-1.jpg\" alt=\"C\u00e2y b\u1eb9o - h\u00ecnh \u1ea3nh kh\u00f4ng th\u1ec3 thi\u1ebfu \u1edf ch\u1ee3 n\u1ed5i. \u1ea2nh: canthotv\" width=\"1024\" height=\"768\" srcset=\"https:\/\/cdn3.ivivu.com\/2016\/07\/6-khu-cho-chi-co-the-tim-thay-o-viet-nam-ivivu-1.jpg 1024w, https:\/\/cdn3.ivivu.com\/2016\/07\/6-khu-cho-chi-co-the-tim-thay-o-viet-nam-ivivu-1-407x305.jpg 407w\" sizes=\"(max-width: 1024px) 100vw, 1024px\" \/><p id=\"caption-attachment-156436\" class=\"wp-caption-text\">C\u00e2y b\u1eb9o &#8211; h\u00ecnh \u1ea3nh kh\u00f4ng th\u1ec3 thi\u1ebfu \u1edf ch\u1ee3 n\u1ed5i. \u1ea2nh: canthotv<\/p><\/div>\n<p style=\"text-align: justify;\">N\u00e9t \u0111\u1ed9c \u0111\u00e1o v\u00e0 \u0111\u1eb7c \u0111i\u1ec3m ch\u00ednh c\u1ee7a ch\u1ee3 n\u1ed5i C\u00e1i R\u0103ng l\u00e0 chuy\u00ean bu\u00f4n b\u00e1n c\u00e1c lo\u1ea1i tr\u00e1i c\u00e2y, \u0111\u1eb7c s\u1ea3n c\u1ee7a v\u00f9ng \u0111\u1ed3ng b\u1eb1ng s\u00f4ng C\u1eedu Long. Thu\u1edf x\u01b0a, ch\u1ee3 n\u1ed5i h\u00ecnh th\u00e0nh l\u00e0 v\u00ec \u0111\u01b0\u1eddng b\u1ed9 v\u00e0 ph\u01b0\u01a1ng ti\u1ec7n l\u01b0u th\u00f4ng \u0111\u01b0\u1eddng b\u1ed9 ch\u01b0a ph\u00e1t tri\u1ec3n, trong khi \u0111\u00f3 nhu c\u1ea7u mua b\u00e1n, trao \u0111\u1ed5i h\u00e0ng h\u00f3a c\u1ee7a ng\u01b0\u1eddi d\u00e2n kh\u00e1 nhi\u1ec1u. Ng\u00e0y nay, d\u00f9 m\u1ea1ng l\u01b0\u1edbi giao th\u00f4ng \u0111\u01b0\u1eddng b\u1ed9 \u0111\u00e3 ph\u00e1t tri\u1ec3n r\u1ed9ng kh\u1eafp nh\u01b0ng ch\u1ee3 n\u1ed5i v\u1eabn t\u1ed3n t\u1ea1i v\u00e0 ph\u00e1t tri\u1ec3n ng\u00e0y m\u1ed9t s\u1ea7m u\u1ea5t h\u01a1n.<\/p>\n<div id=\"attachment_156435\" style=\"width: 1439px\" class=\"wp-caption aligncenter\"><img loading=\"lazy\" decoding=\"async\" aria-describedby=\"caption-attachment-156435\" class=\"wp-image-156435 size-full\" title=\"Kh\u00e1ch du l\u1ecbch th\u00edch th\u00fa khi \u0111\u1ebfn v\u1edbi ch\u1ee3 n\u1ed5i. \u1ea2nh: timeoutvietnam\" src=\"https:\/\/cdn3.ivivu.com\/2016\/07\/6-khu-cho-chi-co-the-tim-thay-o-viet-nam-ivivu-2.jpg\" alt=\"Kh\u00e1ch du l\u1ecbch th\u00edch th\u00fa khi \u0111\u1ebfn v\u1edbi ch\u1ee3 n\u1ed5i. \u1ea2nh: timeoutvietnam\" width=\"1429\" height=\"949\" srcset=\"https:\/\/cdn3.ivivu.com\/2016\/07\/6-khu-cho-chi-co-the-tim-thay-o-viet-nam-ivivu-2.jpg 1429w, https:\/\/cdn3.ivivu.com\/2016\/07\/6-khu-cho-chi-co-the-tim-thay-o-viet-nam-ivivu-2-459x305.jpg 459w, https:\/\/cdn3.ivivu.com\/2016\/07\/6-khu-cho-chi-co-the-tim-thay-o-viet-nam-ivivu-2-1024x680.jpg 1024w\" sizes=\"(max-width: 1429px) 100vw, 1429px\" \/><p id=\"caption-attachment-156435\" class=\"wp-caption-text\">Kh\u00e1ch du l\u1ecbch th\u00edch th\u00fa khi \u0111\u1ebfn v\u1edbi ch\u1ee3 n\u1ed5i. \u1ea2nh: timeoutvietnam<\/p><\/div>\n<p style=\"text-align: justify;\">Ch\u1ee3 n\u1ed5i C\u00e1i R\u0103ng c\u00e1ch c\u1ea7u C\u00e1i R\u0103ng kho\u1ea3ng 600m, n\u1eb1m tr\u00ean \u0111\u1ecba ph\u1eadn qu\u1eadn C\u00e1i R\u0103ng, TP C\u1ea7n Th\u01a1, m\u1ed7i ng\u00e0y c\u00f3 t\u1eeb 300-400 ghe, t\u00e0u bu\u00f4n b\u00e1n, kinh doanh h\u00e0ng h\u00f3a t\u1ea1i \u0111\u00e2y. H\u01a1n 100 n\u0103m h\u00ecnh th\u00e0nh v\u00e0 ph\u00e1t tri\u1ec3n, ch\u1ee3 n\u1ed5i C\u00e1i R\u0103ng tr\u1edf th\u00e0nh bi\u1ec3u t\u01b0\u1ee3ng du l\u1ecbch \u0111\u1eb7c tr\u01b0ng c\u1ee7a TP C\u1ea7n Th\u01a1. \u0110\u00e2y c\u0169ng l\u00e0 m\u1ed9t trong nh\u1eefng \u0111i\u1ec3m du l\u1ecbch h\u1ea5p d\u1eabn c\u1ee7a mi\u1ec1n T\u00e2y.<\/p>\n<p style=\"text-align: left;\"><strong><div class=\"ltt-contentbox white\"><\/span>Click tham kh\u1ea3o th\u00eam <a href=\"https:\/\/www.ivivu.com\/du-lich\/tour-mien-tay-2n1d-my-tho-ben-tre-can-tho-mien-tay-song-nuoc\/19?utm_source=blog_ivivu&amp;utm_medium=post_link&amp;utm_campaign=internal\" target=\"_blank\">Tour Mi\u1ec1n T\u00e2y 2N1D: M\u1ef9 Tho &#8211; B\u1ebfn Tre &#8211; C\u1ea7n Th\u01a1 &#8211; Mi\u1ec1n t\u00e2y s\u00f4ng n\u01b0\u1edbc<\/a> v\u1edbi gi\u00e1 \u01b0u \u0111\u00e3i t\u1eeb iVIVU.com<\/div><\/strong><\/p>\n<p><strong>2. Ch\u1ee3 chi\u1ebfu \u0110\u1ecbnh Y\u00ean<\/strong><\/p>\n<div id=\"attachment_156440\" style=\"width: 1466px\" class=\"wp-caption aligncenter\"><img loading=\"lazy\" decoding=\"async\" aria-describedby=\"caption-attachment-156440\" class=\"wp-image-156440 size-full\" title=\"L\u00e0ng chi\u1ebfu \u0110\u1ecbnh Y\u00ean. \u1ea2nh: dongthaptourism\" src=\"https:\/\/cdn3.ivivu.com\/2016\/07\/6-khu-cho-chi-co-the-tim-thay-o-viet-nam-ivivu-4.jpg\" alt=\"L\u00e0ng chi\u1ebfu \u0110\u1ecbnh Y\u00ean. \u1ea2nh: dongthaptourism\" width=\"1456\" height=\"2048\" srcset=\"https:\/\/cdn3.ivivu.com\/2016\/07\/6-khu-cho-chi-co-the-tim-thay-o-viet-nam-ivivu-4.jpg 1456w, https:\/\/cdn3.ivivu.com\/2016\/07\/6-khu-cho-chi-co-the-tim-thay-o-viet-nam-ivivu-4-217x305.jpg 217w, https:\/\/cdn3.ivivu.com\/2016\/07\/6-khu-cho-chi-co-the-tim-thay-o-viet-nam-ivivu-4-728x1024.jpg 728w\" sizes=\"(max-width: 1456px) 100vw, 1456px\" \/><p id=\"caption-attachment-156440\" class=\"wp-caption-text\">L\u00e0ng chi\u1ebfu \u0110\u1ecbnh Y\u00ean. \u1ea2nh: dongthaptourism<\/p><\/div>\n<p style=\"text-align: justify;\">N\u00e9t \u0111\u1ed9c \u0111\u00e1o c\u1ee7a ch\u1ee3 chi\u1ebfu \u0110\u1ecbnh Y\u00ean l\u00e0 nh\u00f3m h\u1ecdp v\u00e0o l\u00fac n\u1eeda khuya cho \u0111\u1ebfn hai, ba gi\u1edd s\u00e1ng, n\u00ean ng\u01b0\u1eddi ta c\u00f2n g\u1ecdi ch\u1ee3 l\u00e0 ch\u1ee3 ma, ch\u1ee3 \u00e2m ph\u1ee7\u2026 \u0110\u1eb7c bi\u1ec7t, ch\u1ee3 chi\u1ebfu \u0110\u1ecbnh Y\u00ean kh\u00f4ng h\u1ec1 c\u00f3 qu\u1ea7y, s\u1ea1p kinh doanh, ng\u01b0\u1eddi mua chi\u1ebfu th\u01b0\u1eddng t\u00ecm m\u1ed9t n\u01a1i c\u1ed1 \u0111\u1ecbnh ng\u1ed3i ch\u1edd, c\u00f2n ng\u01b0\u1eddi b\u00e1n th\u00ec v\u00e1c nh\u1eefng s\u1ea3n ph\u1ea9m chi\u1ebfu tr\u00ean vai \u0111i t\u1edbi, \u0111i lui rao h\u00e0ng, n\u00f3i gi\u00e1\u2026 t\u1ea5t c\u1ea3 c\u00e1c ho\u1ea1t \u0111\u1ed9ng qu\u00e2y qu\u1ea7n tr\u01b0\u1edbc s\u00e2n ch\u00f9a An Ph\u01b0\u1edbc. Tuy ch\u1ee3 kh\u00f4ng c\u00f3 qu\u1ea7y s\u1ea1p c\u1ed1 \u0111\u1ecbnh nh\u01b0ng ng\u01b0\u1eddi mua k\u1ebb b\u00e1n \u1edf ch\u1ee3 t\u1ea5p n\u1eadp. Sau khi ch\u1ecdn \u0111\u01b0\u1ee3c h\u00e0ng v\u00e0 ng\u00e3 gi\u00e1 xong, ng\u01b0\u1eddi mua thanh to\u00e1n ti\u1ec1n, ng\u01b0\u1eddi b\u00e1n giao h\u00e0ng.<\/p>\n<div id=\"attachment_156438\" style=\"width: 1610px\" class=\"wp-caption aligncenter\"><img loading=\"lazy\" decoding=\"async\" aria-describedby=\"caption-attachment-156438\" class=\"wp-image-156438 size-full\" title=\"Ng\u01b0\u1eddi d\u00e2n t\u1ea5p n\u1eadp mua b\u00e1n trong phi\u00ean ch\u1ee3 \u0111\u00eam. \u1ea2nh: baodulich\" src=\"https:\/\/cdn3.ivivu.com\/2016\/07\/6-khu-cho-chi-co-the-tim-thay-o-viet-nam-ivivu-6.jpg\" alt=\"Ng\u01b0\u1eddi d\u00e2n t\u1ea5p n\u1eadp mua b\u00e1n trong phi\u00ean ch\u1ee3 \u0111\u00eam. \u1ea2nh: baodulich\" width=\"1600\" height=\"1062\" srcset=\"https:\/\/cdn3.ivivu.com\/2016\/07\/6-khu-cho-chi-co-the-tim-thay-o-viet-nam-ivivu-6.jpg 1600w, https:\/\/cdn3.ivivu.com\/2016\/07\/6-khu-cho-chi-co-the-tim-thay-o-viet-nam-ivivu-6-460x305.jpg 460w, https:\/\/cdn3.ivivu.com\/2016\/07\/6-khu-cho-chi-co-the-tim-thay-o-viet-nam-ivivu-6-1024x680.jpg 1024w\" sizes=\"(max-width: 1600px) 100vw, 1600px\" \/><p id=\"caption-attachment-156438\" class=\"wp-caption-text\">Ng\u01b0\u1eddi d\u00e2n t\u1ea5p n\u1eadp mua b\u00e1n trong phi\u00ean ch\u1ee3 \u0111\u00eam. \u1ea2nh: baodulich<\/p><\/div>\n<div id=\"attachment_156439\" style=\"width: 2602px\" class=\"wp-caption aligncenter\"><img loading=\"lazy\" decoding=\"async\" aria-describedby=\"caption-attachment-156439\" class=\"wp-image-156439 size-full\" title=\"Ho\u1ea1t \u0111\u1ed9ng \u0111\u1ea7y m\u00e0u s\u1eafc c\u1ee7a l\u00e0ng ngh\u1ec1. \u1ea2nh: muctim\" src=\"https:\/\/cdn3.ivivu.com\/2016\/07\/6-khu-cho-chi-co-the-tim-thay-o-viet-nam-ivivu-5.jpg\" alt=\"Ho\u1ea1t \u0111\u1ed9ng \u0111\u1ea7y m\u00e0u s\u1eafc c\u1ee7a l\u00e0ng ngh\u1ec1. \u1ea2nh: muctim\" width=\"2592\" height=\"1728\" srcset=\"https:\/\/cdn3.ivivu.com\/2016\/07\/6-khu-cho-chi-co-the-tim-thay-o-viet-nam-ivivu-5.jpg 2592w, https:\/\/cdn3.ivivu.com\/2016\/07\/6-khu-cho-chi-co-the-tim-thay-o-viet-nam-ivivu-5-458x305.jpg 458w, https:\/\/cdn3.ivivu.com\/2016\/07\/6-khu-cho-chi-co-the-tim-thay-o-viet-nam-ivivu-5-1024x683.jpg 1024w\" sizes=\"(max-width: 2592px) 100vw, 2592px\" \/><p id=\"caption-attachment-156439\" class=\"wp-caption-text\">Ho\u1ea1t \u0111\u1ed9ng \u0111\u1ea7y m\u00e0u s\u1eafc c\u1ee7a l\u00e0ng ngh\u1ec1. \u1ea2nh: muctim<\/p><\/div>\n<p style=\"text-align: justify;\">\u0110\u1ebfn \u0110\u1ecbnh Y\u00ean h\u00f4m nay, ch\u00fang ta s\u1ebd kh\u00f4ng c\u00f2n th\u1ea5y kh\u00f4ng kh\u00ed nh\u1ed9n nh\u1ecbp c\u1ee7a phi\u00ean ch\u1ee3 \u0111\u1ed9c \u0111\u00e1o\u00a0ng\u00e0y n\u00e0o, nguy\u00ean nh\u00e2n ch\u1ee7 y\u1ebfu l\u00e0 do h\u1ec7 th\u1ed1ng giao th\u00f4ng n\u00f4ng th\u00f4n \u0111\u00e3 \u0111\u01b0\u1ee3c \u0111\u1ea7u t\u01b0 kh\u00e1 ho\u00e0n ch\u1ec9nh, c\u00e1c ph\u01b0\u01a1ng ti\u1ec7n chuy\u00ean ch\u1edf c\u00f3 th\u1ec3 \u0111i s\u00e2u v\u00e0o t\u1eadn th\u00f4n, x\u00f3m \u0111\u1ec3 thu mua tr\u1ef1c ti\u1ebfp s\u1ea3n ph\u1ea9m m\u1ed9t c\u00e1ch nhanh ch\u00f3ng v\u00e0 ti\u1ec7n l\u1ee3i. Nh\u01b0ng ng\u01b0\u1eddi d\u00e2n \u0110\u1ecbnh Y\u00ean v\u1edbi ngh\u1ec1 cha truy\u1ec1n con n\u1ed1i v\u1eabn m\u1ed9t l\u00f2ng nu\u00f4i d\u01b0\u1ee1ng, theo \u0111u\u1ed5i \u0111\u1ec3 ngh\u1ec1 d\u1ec7t chi\u1ebfu n\u01a1i \u0111\u00e2y tr\u1edf th\u00e0nh l\u00e0ng ngh\u1ec1 truy\u1ec1n th\u1ed1ng c\u00f3 h\u01a1n tr\u0103m n\u0103m t\u1ed3n t\u1ea1i v\u00e0 ph\u00e1t tri\u1ec3n n\u00e0y.<\/p>\n<p><strong>3. Ch\u1ee3 \u00e2m ph\u1ee7 \u0110\u00e0 L\u1ea1t<\/strong><\/p>\n<div id=\"attachment_156444\" style=\"width: 1010px\" class=\"wp-caption aligncenter\"><img loading=\"lazy\" decoding=\"async\" aria-describedby=\"caption-attachment-156444\" class=\"wp-image-156444 size-full\" title=\"Ch\u1ee3 \u00e2m ph\u1ee7 \u0110\u00e0 L\u1ea1t v\u00f4 c\u00f9ng nh\u1ed9n nh\u1ecbp. \u1ea2nh: dulich-dalat\" src=\"https:\/\/cdn3.ivivu.com\/2016\/07\/6-khu-cho-chi-co-the-tim-thay-o-viet-nam-ivivu-8.jpg\" alt=\"Ch\u1ee3 \u00e2m ph\u1ee7 \u0110\u00e0 L\u1ea1t v\u00f4 c\u00f9ng nh\u1ed9n nh\u1ecbp. \u1ea2nh: dulich-dalat\" width=\"1000\" height=\"750\" srcset=\"https:\/\/cdn3.ivivu.com\/2016\/07\/6-khu-cho-chi-co-the-tim-thay-o-viet-nam-ivivu-8.jpg 1000w, https:\/\/cdn3.ivivu.com\/2016\/07\/6-khu-cho-chi-co-the-tim-thay-o-viet-nam-ivivu-8-407x305.jpg 407w\" sizes=\"(max-width: 1000px) 100vw, 1000px\" \/><p id=\"caption-attachment-156444\" class=\"wp-caption-text\">Ch\u1ee3 \u00e2m ph\u1ee7 \u0110\u00e0 L\u1ea1t v\u00f4 c\u00f9ng nh\u1ed9n nh\u1ecbp. \u1ea2nh: dulich-dalat<\/p><\/div>\n<p style=\"text-align: justify;\">Ng\u01b0\u1eddi d\u00e2n bu\u00f4n b\u00e1n \u1edf \u0111\u00e2y cho bi\u1ebft, ch\u1ee3 s\u1edf d\u0129 c\u00f3 t\u00ean g\u1ecdi l\u00e0 &#8220;\u00e2m ph\u1ee7&#8221; b\u1edfi tr\u01b0\u1edbc kia ch\u01b0a c\u00f3 \u0111\u00e8n \u0111\u01b0\u1eddng, c\u00e1c gian h\u00e0ng b\u00e1n \u0111\u1ed3 \u0103n ch\u1ec9 th\u1eafp m\u1ed9t c\u00e2y \u0111\u00e8n nh\u1ecf gi\u1eefa kh\u00f4ng gian t\u1ed1i t\u0103m. \u0110\u1ec3 xu\u1ed1ng \u0111\u01b0\u1ee3c khu ch\u1ee3, du kh\u00e1ch ph\u1ea3i l\u1ea7n m\u00f2 theo c\u00e1c b\u1eadc tam c\u1ea5p r\u1ea5t kh\u00f3 kh\u0103n. Ch\u1ee3 \u00e2m ph\u1ee7 l\u00e0 \u0111i\u1ec3m \u0111\u1ebfn kh\u00f4ng th\u1ec3 thi\u1ebfu c\u1ee7a b\u1ea5t c\u1ee9 du kh\u00e1ch n\u00e0o \u0111\u1ebfn \u0110\u00e0 L\u1ea1t b\u1edfi kh\u00f4ng kh\u00ed mua b\u00e1n t\u1ea5p n\u1eadp ban \u0111\u00eam, h\u00e0ng h\u00f3a, th\u1ee9c \u0103n gi\u00e1 r\u1ebb.<\/p>\n<div id=\"attachment_156445\" style=\"width: 1010px\" class=\"wp-caption aligncenter\"><img loading=\"lazy\" decoding=\"async\" aria-describedby=\"caption-attachment-156445\" class=\"wp-image-156445 size-full\" title=\"\u1ea2nh: anchoi.tim30s\" src=\"https:\/\/cdn3.ivivu.com\/2016\/07\/6-khu-cho-chi-co-the-tim-thay-o-viet-nam-ivivu-7.jpg\" alt=\"\u1ea2nh: anchoi.tim30s\" width=\"1000\" height=\"667\" srcset=\"https:\/\/cdn3.ivivu.com\/2016\/07\/6-khu-cho-chi-co-the-tim-thay-o-viet-nam-ivivu-7.jpg 1000w, https:\/\/cdn3.ivivu.com\/2016\/07\/6-khu-cho-chi-co-the-tim-thay-o-viet-nam-ivivu-7-457x305.jpg 457w\" sizes=\"(max-width: 1000px) 100vw, 1000px\" \/><p id=\"caption-attachment-156445\" class=\"wp-caption-text\">\u1ea2nh: anchoi.tim30s<\/p><\/div>\n<div id=\"attachment_156443\" style=\"width: 1610px\" class=\"wp-caption aligncenter\"><img loading=\"lazy\" decoding=\"async\" aria-describedby=\"caption-attachment-156443\" class=\"wp-image-156443 size-full\" title=\"\u1ea2nh: ngokhaclich\" src=\"https:\/\/cdn3.ivivu.com\/2016\/07\/6-khu-cho-chi-co-the-tim-thay-o-viet-nam-ivivu-92.jpg\" alt=\"\u1ea2nh: ngokhaclich\" width=\"1600\" height=\"1066\" srcset=\"https:\/\/cdn3.ivivu.com\/2016\/07\/6-khu-cho-chi-co-the-tim-thay-o-viet-nam-ivivu-92.jpg 1600w, https:\/\/cdn3.ivivu.com\/2016\/07\/6-khu-cho-chi-co-the-tim-thay-o-viet-nam-ivivu-92-458x305.jpg 458w, https:\/\/cdn3.ivivu.com\/2016\/07\/6-khu-cho-chi-co-the-tim-thay-o-viet-nam-ivivu-92-1024x682.jpg 1024w\" sizes=\"(max-width: 1600px) 100vw, 1600px\" \/><p id=\"caption-attachment-156443\" class=\"wp-caption-text\">\u1ea2nh: ngokhaclich<\/p><\/div>\n<p style=\"text-align: justify;\">V\u1ec1 \u0111\u00eam, tr\u1eddi l\u1ea1nh n\u00ean khu n\u00e0y ch\u1ee7 y\u1ebfu ch\u1ec9 b\u00e1n nh\u1eefng m\u00f3n n\u01b0\u1edbng. Nhi\u1ec1u lo\u1ea1i n\u00f4ng s\u1ea3n nh\u01b0 b\u1eafp, khoai lang&#8230; \u0111\u01b0\u1ee3c ch\u00ednh n\u00f4ng d\u00e2n mang xu\u1ed1ng ch\u1ee3 n\u00e0y n\u01b0\u1edbng b\u00e1n cho du kh\u00e1ch.<\/p>\n<p style=\"text-align: justify;\"><strong><div class=\"ltt-contentbox white\"><\/span>Tham kh\u1ea3o\u00a0<a href=\"https:\/\/www.ivivu.com\/khach-san-da-lat\/khach-san-muong-thanh-da-lat?utm_source=blog_ivivu&amp;utm_medium=post_link&amp;utm_campaign=internal\" target=\"_blank\">Kh\u00e1ch s\u1ea1n M\u01b0\u1eddng Thanh \u0110\u00e0 L\u1ea1t<\/a>\u00a0v\u1edbi m\u1ee9c gi\u00e1 \u01b0u \u0111\u00e3i t\u1ed1t nh\u1ea5t th\u1ecb tr\u01b0\u1eddng<\/div><\/strong><\/p>\n<p><strong>4. Ch\u1ee3 n\u00f3n G\u00f2 G\u0103ng<\/strong><\/p>\n<div id=\"attachment_156448\" style=\"width: 1290px\" class=\"wp-caption aligncenter\"><img loading=\"lazy\" decoding=\"async\" aria-describedby=\"caption-attachment-156448\" class=\"wp-image-156448 size-full\" title=\"\u1ea2nh: gpquynhon\" src=\"https:\/\/cdn3.ivivu.com\/2016\/07\/6-khu-cho-chi-co-the-tim-thay-o-viet-nam-ivivu-12.jpg\" alt=\"\u1ea2nh: gpquynhon\" width=\"1280\" height=\"720\" srcset=\"https:\/\/cdn3.ivivu.com\/2016\/07\/6-khu-cho-chi-co-the-tim-thay-o-viet-nam-ivivu-12.jpg 1280w, https:\/\/cdn3.ivivu.com\/2016\/07\/6-khu-cho-chi-co-the-tim-thay-o-viet-nam-ivivu-12-250x142.jpg 250w, https:\/\/cdn3.ivivu.com\/2016\/07\/6-khu-cho-chi-co-the-tim-thay-o-viet-nam-ivivu-12-540x305.jpg 540w, https:\/\/cdn3.ivivu.com\/2016\/07\/6-khu-cho-chi-co-the-tim-thay-o-viet-nam-ivivu-12-1024x576.jpg 1024w, https:\/\/cdn3.ivivu.com\/2016\/07\/6-khu-cho-chi-co-the-tim-thay-o-viet-nam-ivivu-12-750x422.jpg 750w, https:\/\/cdn3.ivivu.com\/2016\/07\/6-khu-cho-chi-co-the-tim-thay-o-viet-nam-ivivu-12-225x127.jpg 225w, https:\/\/cdn3.ivivu.com\/2016\/07\/6-khu-cho-chi-co-the-tim-thay-o-viet-nam-ivivu-12-370x208.jpg 370w, https:\/\/cdn3.ivivu.com\/2016\/07\/6-khu-cho-chi-co-the-tim-thay-o-viet-nam-ivivu-12-50x28.jpg 50w, https:\/\/cdn3.ivivu.com\/2016\/07\/6-khu-cho-chi-co-the-tim-thay-o-viet-nam-ivivu-12-107x60.jpg 107w, https:\/\/cdn3.ivivu.com\/2016\/07\/6-khu-cho-chi-co-the-tim-thay-o-viet-nam-ivivu-12-195x110.jpg 195w, https:\/\/cdn3.ivivu.com\/2016\/07\/6-khu-cho-chi-co-the-tim-thay-o-viet-nam-ivivu-12-220x125.jpg 220w, https:\/\/cdn3.ivivu.com\/2016\/07\/6-khu-cho-chi-co-the-tim-thay-o-viet-nam-ivivu-12-400x225.jpg 400w, https:\/\/cdn3.ivivu.com\/2016\/07\/6-khu-cho-chi-co-the-tim-thay-o-viet-nam-ivivu-12-140x80.jpg 140w\" sizes=\"(max-width: 1280px) 100vw, 1280px\" \/><p id=\"caption-attachment-156448\" class=\"wp-caption-text\">\u1ea2nh: gpquynhon<\/p><\/div>\n<div id=\"attachment_156450\" style=\"width: 810px\" class=\"wp-caption aligncenter\"><img loading=\"lazy\" decoding=\"async\" aria-describedby=\"caption-attachment-156450\" class=\"wp-image-156450 size-full\" title=\"Khung c\u1ea3nh y\u00ean t\u0129nh \u1edf ch\u1ee3 n\u00f3n G\u00f2 G\u0103ng. \u1ea2nh: thongtindiadiem\" src=\"https:\/\/cdn3.ivivu.com\/2016\/07\/6-khu-cho-chi-co-the-tim-thay-o-viet-nam-ivivu-10.jpg\" alt=\"Khung c\u1ea3nh y\u00ean t\u0129nh \u1edf ch\u1ee3 n\u00f3n G\u00f2 G\u0103ng. \u1ea2nh: thongtindiadiem\" width=\"800\" height=\"540\" srcset=\"https:\/\/cdn3.ivivu.com\/2016\/07\/6-khu-cho-chi-co-the-tim-thay-o-viet-nam-ivivu-10.jpg 800w, https:\/\/cdn3.ivivu.com\/2016\/07\/6-khu-cho-chi-co-the-tim-thay-o-viet-nam-ivivu-10-452x305.jpg 452w, https:\/\/cdn3.ivivu.com\/2016\/07\/6-khu-cho-chi-co-the-tim-thay-o-viet-nam-ivivu-10-50x35.jpg 50w\" sizes=\"(max-width: 800px) 100vw, 800px\" \/><p id=\"caption-attachment-156450\" class=\"wp-caption-text\">Khung c\u1ea3nh y\u00ean t\u0129nh \u1edf ch\u1ee3 n\u00f3n G\u00f2 G\u0103ng. \u1ea2nh: thongtindiadiem<\/p><\/div>\n<p style=\"text-align: justify;\">Ch\u1ee3 n\u00f3n G\u00f2 G\u0103ng l\u00e0 ng\u00f4i ch\u1ee3 \u0111\u1ed9c \u0111\u00e1o v\u00f4 c\u00f9ng, b\u1edfi t\u1eeb 3 gi\u1edd s\u00e1ng, phi\u00ean ch\u1ee3 \u0111\u00e3 b\u1eaft \u0111\u1ea7u s\u1ea7m u\u1ea5t. H\u00e0ng tr\u0103m ng\u01b0\u1eddi t\u1eeb c\u00e1c v\u00f9ng l\u00e2n c\u1eadn t\u1ea5t b\u1eadt t\u1ee5 v\u1ec1, ng\u01b0\u1eddi b\u00e1n, ng\u01b0\u1eddi mua g\u1ecdi nhau r\u00f4m r\u1ea3. M\u1ecdi ng\u01b0\u1eddi nh\u1eadn ra nhau nh\u1edd nh\u1eefng ng\u1ecdn \u0111\u00e8n d\u1ea7u leo l\u00e9t, nh\u1eefng ng\u1ecdn n\u1ebfn lay l\u1eaft trong ti\u1ebfng gi\u00f3. Nh\u1eefng ng\u01b0\u1eddi bu\u00f4n b\u00e1n l\u00e2u n\u0103m \u1edf \u0111\u00e2y cho bi\u1ebft &#8220;Phi\u00ean ch\u1ee3 \u0111\u00e3 th\u00e0nh l\u1ec7, ch\u1eb3ng ai c\u00f2n ng\u1ea1i c\u1ea3nh t\u1ed1i t\u0103m. Ch\u1ee3 to\u00e0n l\u00e0 nh\u1eefng n\u1eef n\u00f4ng d\u00e2n ngh\u00e8o kh\u00f3 trong v\u00f9ng. N\u00f3n \u0111em ra ch\u1ee3 b\u00e1n \u0111\u01b0\u1ee3c h\u1ecd l\u00e0m trong nh\u1eefng l\u00fac n\u00f4ng nh\u00e0n&#8221;.<\/p>\n<div id=\"attachment_156449\" style=\"width: 810px\" class=\"wp-caption aligncenter\"><img loading=\"lazy\" decoding=\"async\" aria-describedby=\"caption-attachment-156449\" class=\"wp-image-156449 size-full\" title=\"\u1ea2nh: thongtindiadiem\" src=\"https:\/\/cdn3.ivivu.com\/2016\/07\/6-khu-cho-chi-co-the-tim-thay-o-viet-nam-ivivu-11.jpg\" alt=\"\u1ea2nh: thongtindiadiem\" width=\"800\" height=\"543\" srcset=\"https:\/\/cdn3.ivivu.com\/2016\/07\/6-khu-cho-chi-co-the-tim-thay-o-viet-nam-ivivu-11.jpg 800w, https:\/\/cdn3.ivivu.com\/2016\/07\/6-khu-cho-chi-co-the-tim-thay-o-viet-nam-ivivu-11-449x305.jpg 449w, https:\/\/cdn3.ivivu.com\/2016\/07\/6-khu-cho-chi-co-the-tim-thay-o-viet-nam-ivivu-11-50x35.jpg 50w\" sizes=\"(max-width: 800px) 100vw, 800px\" \/><p id=\"caption-attachment-156449\" class=\"wp-caption-text\">\u1ea2nh: thongtindiadiem<\/p><\/div>\n<p style=\"text-align: justify;\">\u1ede ch\u1ee3 n\u00f3n, ng\u01b0\u1eddi mua, ng\u01b0\u1eddi b\u00e1n d\u01b0\u1eddng nh\u01b0 \u0111\u1ec1u quen bi\u1ebft nhau, c\u00e1ch x\u01b0ng h\u00f4 \u0111\u1ea7y th\u00e2n m\u1eadt, gi\u1ecdng x\u1ee9 n\u1eabu nghe ch\u00e2n ch\u1ea5t. B\u00e1n xong m\u1ea5y ch\u1ed3ng n\u00f3n, c\u00e1c c\u00f4 l\u1ea1i mua c\u00e1c v\u1eadt d\u1ee5ng d\u00f9ng \u0111\u1ec3 l\u00e0m n\u00f3n v\u00e0 tr\u1edf v\u1ec1 \u0111\u1ec3 ra \u0111\u1ed3ng. Tan ch\u1ee3, nh\u1eefng ng\u01b0\u1eddi thu mua n\u00f3n v\u1eadn chuy\u1ec3n n\u00f3n G\u00f2 G\u0103ng \u0111\u1ebfn kh\u1eafp m\u1ecdi mi\u1ec1n \u0111\u1ea5t n\u01b0\u1edbc, c\u00f3 khi ph\u00e2n ph\u1ed1i t\u1eadn th\u1ecb tr\u01b0\u1eddng L\u00e0o, Campuchia.<\/p>\n<p><strong>5. Ch\u1ee3 t\u00ecnh Kh\u00e2u Vai<\/strong><\/p>\n<div id=\"attachment_156452\" style=\"width: 1782px\" class=\"wp-caption aligncenter\"><img loading=\"lazy\" decoding=\"async\" aria-describedby=\"caption-attachment-156452\" class=\"wp-image-156452 size-full\" title=\"R\u1ea5t \u0111\u00f4ng ng\u01b0\u1eddi d\u00e2n t\u1ed9c \u0111\u1ebfn tham gia phi\u00ean ch\u1ee3 t\u00ecnh. \u1ea2nh: bestprice\" src=\"https:\/\/cdn3.ivivu.com\/2016\/07\/6-khu-cho-chi-co-the-tim-thay-o-viet-nam-ivivu-13.jpg\" alt=\"R\u1ea5t \u0111\u00f4ng ng\u01b0\u1eddi d\u00e2n t\u1ed9c \u0111\u1ebfn tham gia phi\u00ean ch\u1ee3 t\u00ecnh. \u1ea2nh: bestprice\" width=\"1772\" height=\"1280\" srcset=\"https:\/\/cdn3.ivivu.com\/2016\/07\/6-khu-cho-chi-co-the-tim-thay-o-viet-nam-ivivu-13.jpg 1772w, https:\/\/cdn3.ivivu.com\/2016\/07\/6-khu-cho-chi-co-the-tim-thay-o-viet-nam-ivivu-13-422x305.jpg 422w, https:\/\/cdn3.ivivu.com\/2016\/07\/6-khu-cho-chi-co-the-tim-thay-o-viet-nam-ivivu-13-1024x740.jpg 1024w, https:\/\/cdn3.ivivu.com\/2016\/07\/6-khu-cho-chi-co-the-tim-thay-o-viet-nam-ivivu-13-50x35.jpg 50w\" sizes=\"(max-width: 1772px) 100vw, 1772px\" \/><p id=\"caption-attachment-156452\" class=\"wp-caption-text\">R\u1ea5t \u0111\u00f4ng ng\u01b0\u1eddi d\u00e2n t\u1ed9c \u0111\u1ebfn tham gia phi\u00ean ch\u1ee3 t\u00ecnh. \u1ea2nh: bestprice<\/p><\/div>\n<p style=\"text-align: justify;\">Ch\u1ee3 Kh\u00e2u Vai (Kh\u00e2u Vai theo ti\u1ebfng T\u00e0y, N\u00f9ng c\u00f3 ngh\u0129a l\u00e0 \u0111\u00e8o gai) c\u00f2n g\u1ecdi l\u00e0 ch\u1ee3 Phong L\u01b0u, c\u00f3 t\u1eeb g\u1ea7n 100 n\u0103m nay. C\u00f3 ngu\u1ed3n n\u00f3i l\u00e0 t\u1eeb n\u0103m 1919. Ch\u1ee3 n\u1eb1m \u1edf x\u00e3 Kh\u00e2u Vai, huy\u1ec7n M\u00e8o V\u1ea1c, H\u00e0 Giang v\u00e0 ch\u1ec9 h\u1ecdp m\u1ed7i n\u0103m m\u1ed9t l\u1ea7n v\u00e0o ng\u00e0y 27 th\u00e1ng 3 \u00e2m l\u1ecbch.<\/p>\n<div id=\"attachment_156453\" style=\"width: 1610px\" class=\"wp-caption aligncenter\"><img loading=\"lazy\" decoding=\"async\" aria-describedby=\"caption-attachment-156453\" class=\"wp-image-156453 size-full\" title=\"\u1ea2nh: hanoiopentour\" src=\"https:\/\/cdn3.ivivu.com\/2016\/07\/6-khu-cho-chi-co-the-tim-thay-o-viet-nam-ivivu-141.jpg\" alt=\"\u1ea2nh: hanoiopentour\" width=\"1600\" height=\"1072\" srcset=\"https:\/\/cdn3.ivivu.com\/2016\/07\/6-khu-cho-chi-co-the-tim-thay-o-viet-nam-ivivu-141.jpg 1600w, https:\/\/cdn3.ivivu.com\/2016\/07\/6-khu-cho-chi-co-the-tim-thay-o-viet-nam-ivivu-141-455x305.jpg 455w, https:\/\/cdn3.ivivu.com\/2016\/07\/6-khu-cho-chi-co-the-tim-thay-o-viet-nam-ivivu-141-1024x686.jpg 1024w, https:\/\/cdn3.ivivu.com\/2016\/07\/6-khu-cho-chi-co-the-tim-thay-o-viet-nam-ivivu-141-50x35.jpg 50w\" sizes=\"(max-width: 1600px) 100vw, 1600px\" \/><p id=\"caption-attachment-156453\" class=\"wp-caption-text\">\u1ea2nh: hanoiopentour<\/p><\/div>\n<div id=\"attachment_156454\" style=\"width: 1010px\" class=\"wp-caption aligncenter\"><img loading=\"lazy\" decoding=\"async\" aria-describedby=\"caption-attachment-156454\" class=\"wp-image-156454 size-full\" title=\"Ni\u1ec1m vui khi \u0111\u01b0\u1ee3c g\u1eb7p l\u1ea1i. \u1ea2nh: Arnaud Foucard\" src=\"https:\/\/cdn3.ivivu.com\/2016\/07\/6-khu-cho-chi-co-the-tim-thay-o-viet-nam-ivivu-15.jpg\" alt=\"Ni\u1ec1m vui khi \u0111\u01b0\u1ee3c g\u1eb7p l\u1ea1i. \u1ea2nh: Arnaud Foucard\" width=\"1000\" height=\"667\" srcset=\"https:\/\/cdn3.ivivu.com\/2016\/07\/6-khu-cho-chi-co-the-tim-thay-o-viet-nam-ivivu-15.jpg 1000w, https:\/\/cdn3.ivivu.com\/2016\/07\/6-khu-cho-chi-co-the-tim-thay-o-viet-nam-ivivu-15-457x305.jpg 457w\" sizes=\"(max-width: 1000px) 100vw, 1000px\" \/><p id=\"caption-attachment-156454\" class=\"wp-caption-text\">Ni\u1ec1m vui khi \u0111\u01b0\u1ee3c g\u1eb7p l\u1ea1i. \u1ea2nh: Arnaud Foucard<\/p><\/div>\n<p style=\"text-align: justify;\">V\u00ec \u0111\u00e2y l\u00e0 \u0111\u1ecba \u0111i\u1ec3m \u0111\u1ec3 ng\u01b0\u1eddi ta t\u00ecm \u0111\u1ebfn nhau, sau m\u1ed9t n\u0103m xa c\u00e1ch, ch\u1ee7 y\u1ebfu l\u00e0 nh\u1eefng ng\u01b0\u1eddi c\u00f3 m\u1ed1i t\u00ecnh tr\u1eafc tr\u1edf, y\u00eau th\u01b0\u01a1ng nhau th\u1ef1c s\u1ef1, nh\u01b0ng v\u00ec m\u1ed9t l\u00fd do n\u00e0o \u0111\u00f3 kh\u00f4ng l\u1ea5y \u0111\u01b0\u1ee3c nhau, nay m\u1ed7i ng\u01b0\u1eddi \u0111\u1ec1u c\u00f3 duy\u00ean ph\u1eadn ri\u00eang c\u1ee7a m\u00ecnh. \u0110\u00fang ng\u00e0y n\u00e0y, h\u1ecd h\u1eb9n nhau v\u1ec1 \u0111\u00e2y \u0111\u1ec3 t\u00e2m s\u1ef1, th\u00f4ng b\u00e1o cho nhau cu\u1ed9c s\u1ed1ng ri\u00eang c\u1ee7a m\u1ed7i ng\u01b0\u1eddi, \u00f4n l\u1ea1i nh\u1eefng t\u00ecnh c\u1ea3m x\u01b0a.<\/p>\n<p><strong>6. Ch\u1ee3 phi\u00ean B\u1eafc H\u00e0<\/strong><\/p>\n<div id=\"attachment_156458\" style=\"width: 1290px\" class=\"wp-caption aligncenter\"><img loading=\"lazy\" decoding=\"async\" aria-describedby=\"caption-attachment-156458\" class=\"wp-image-156458 size-full\" title=\"\u1ea2nh: toursapa\" src=\"https:\/\/cdn3.ivivu.com\/2016\/07\/cho-bac-ha-rau-qua.jpg\" alt=\"\u1ea2nh: toursapa\" width=\"1280\" height=\"850\" srcset=\"https:\/\/cdn3.ivivu.com\/2016\/07\/cho-bac-ha-rau-qua.jpg 1280w, https:\/\/cdn3.ivivu.com\/2016\/07\/cho-bac-ha-rau-qua-459x305.jpg 459w, https:\/\/cdn3.ivivu.com\/2016\/07\/cho-bac-ha-rau-qua-1024x680.jpg 1024w\" sizes=\"(max-width: 1280px) 100vw, 1280px\" \/><p id=\"caption-attachment-156458\" class=\"wp-caption-text\">\u1ea2nh: toursapa<\/p><\/div>\n<p style=\"text-align: justify;\">\u0110\u01b0\u1ee3c nhi\u1ec1u ng\u01b0\u1eddi bi\u1ebft \u0111\u1ebfn l\u00e0 ch\u1ee3 v\u00f9ng cao l\u1edbn nh\u1ea5t L\u00e0o Cai, t\u1ee5 t\u1eadp nhi\u1ec1u th\u01b0\u01a1ng l\u00e1i \u1edf c\u00e1c d\u00e2n t\u1ed9c xa g\u1ea7n v\u1ec1 trao \u0111\u1ed5i, bu\u00f4n b\u00e1n nh\u01b0ng B\u1eafc H\u00e0 c\u00f2n n\u1ee9c ti\u1ebfng h\u01a1n b\u1edfi v\u1ebb v\u1eabn gi\u1eefa \u0111\u01b0\u1ee3c nh\u1eefng n\u00e9t truy\u1ec1n th\u1ed1ng. Ch\u1ee3 B\u1eafc H\u00e0 h\u1ecdp v\u00e0o ch\u1ee7 nh\u1eadt h\u00e0ng tu\u1ea7n t\u1eeb s\u00e1ng \u0111\u1ebfn 2h. \u0110\u1ebfn \u0111\u00e2y c\u00f3 th\u1ec3 t\u00ecm th\u1ea5y b\u1ea5t k\u1ef3 v\u1eadt d\u1ee5ng n\u00e0o c\u1ea7n thi\u1ebft cho cu\u1ed9c s\u1ed1ng c\u1ee7a ng\u01b0\u1eddi d\u00e2n t\u1ed9c t\u1eeb cu\u1ed1c, x\u1ebbng t\u1edbi \u0111\u1ed3 th\u1ed5 c\u1ea9m hay th\u1eadm ch\u00ed l\u00e0 tr\u00e2u ng\u1ef1a, \u0111\u01b0\u1ee3c ph\u00e2n chia kh\u00e1 r\u00f5 r\u00e0ng th\u00e0nh c\u00e1c khu ch\u1ee3 nh\u1ecf h\u01a1n \u0111\u1ec3 d\u1ec5 t\u00ecm ki\u1ebfm.<\/p>\n<div id=\"attachment_156459\" style=\"width: 1210px\" class=\"wp-caption aligncenter\"><img loading=\"lazy\" decoding=\"async\" aria-describedby=\"caption-attachment-156459\" class=\"wp-image-156459 size-full\" title=\"H\u00e0ng th\u1ed5 c\u1ea9m \u0111\u1ee7 m\u00e0u s\u1eafc. \u1ea2nh: sapaoriginaltrek\" src=\"https:\/\/cdn3.ivivu.com\/2016\/07\/6-khu-cho-chi-co-the-tim-thay-o-viet-nam-ivivu-16.jpg\" alt=\"H\u00e0ng th\u1ed5 c\u1ea9m \u0111\u1ee7 m\u00e0u s\u1eafc. \u1ea2nh: sapaoriginaltrek\" width=\"1200\" height=\"812\" srcset=\"https:\/\/cdn3.ivivu.com\/2016\/07\/6-khu-cho-chi-co-the-tim-thay-o-viet-nam-ivivu-16.jpg 1200w, https:\/\/cdn3.ivivu.com\/2016\/07\/6-khu-cho-chi-co-the-tim-thay-o-viet-nam-ivivu-16-451x305.jpg 451w, https:\/\/cdn3.ivivu.com\/2016\/07\/6-khu-cho-chi-co-the-tim-thay-o-viet-nam-ivivu-16-1024x693.jpg 1024w, https:\/\/cdn3.ivivu.com\/2016\/07\/6-khu-cho-chi-co-the-tim-thay-o-viet-nam-ivivu-16-50x35.jpg 50w\" sizes=\"(max-width: 1200px) 100vw, 1200px\" \/><p id=\"caption-attachment-156459\" class=\"wp-caption-text\">H\u00e0ng th\u1ed5 c\u1ea9m \u0111\u1ee7 m\u00e0u s\u1eafc. \u1ea2nh: sapaoriginaltrek<\/p><\/div>\n<p style=\"text-align: justify;\">N\u00e9t ri\u00eang c\u00f3 c\u1ee7a phi\u00ean ch\u1ee3 \u0111\u1ed9c \u0111\u00e1o v\u00f9ng cao B\u1eafc H\u00e0 l\u00e0 \u0111\u1ebfn \u0111\u00e2y b\u1ea1n s\u1ebd \u0111\u01b0\u1ee3c th\u01b0\u1edfng th\u1ee9c th\u1eafng c\u1ed1, m\u00f3n \u0103n \u0111\u1eb7c tr\u01b0ng c\u1ee7a v\u00f9ng n\u00fai T\u00e2y B\u1eafc. Th\u1eafng c\u1ed1 kh\u00f4ng l\u00fac n\u00e0o v\u01a1i trong ch\u1ea3o, c\u0169ng nh\u01b0 r\u01b0\u1ee3u kh\u00f4ng l\u00fac n\u00e0o c\u1ea1n trong b\u00ecnh. Ch\u1ee3 phi\u00ean B\u1eafc H\u00e0 mang \u0111\u1eadm n\u00e9t sinh ho\u1ea1t c\u1ed9ng \u0111\u1ed3ng c\u1ee7a ng\u01b0\u1eddi d\u00e2n t\u1ed9c v\u00f9ng cao T\u00e2y B\u1eafc, l\u01b0u gi\u1eef nh\u1eefng gi\u00e1 tr\u1ecb b\u1ea3n s\u1eafc v\u0103n h\u00f3a truy\u1ec1n th\u1ed1ng \u0111\u1ed9c \u0111\u00e1o.<\/p>\n<div id=\"attachment_156457\" style=\"width: 2058px\" class=\"wp-caption aligncenter\"><img loading=\"lazy\" decoding=\"async\" aria-describedby=\"caption-attachment-156457\" class=\"wp-image-156457 size-full\" title=\"\u0110\u1eb7c s\u1ea3n th\u1eafng c\u1ed1 \u1edf B\u1eafc H\u00e0. \u1ea2nh: Wikipedia\" src=\"https:\/\/cdn3.ivivu.com\/2016\/07\/6-khu-cho-chi-co-the-tim-thay-o-viet-nam-ivivu-18.jpg\" alt=\"\u0110\u1eb7c s\u1ea3n th\u1eafng c\u1ed1 \u1edf B\u1eafc H\u00e0. \u1ea2nh: Wikipedia\" width=\"2048\" height=\"1371\" srcset=\"https:\/\/cdn3.ivivu.com\/2016\/07\/6-khu-cho-chi-co-the-tim-thay-o-viet-nam-ivivu-18.jpg 2048w, https:\/\/cdn3.ivivu.com\/2016\/07\/6-khu-cho-chi-co-the-tim-thay-o-viet-nam-ivivu-18-456x305.jpg 456w, https:\/\/cdn3.ivivu.com\/2016\/07\/6-khu-cho-chi-co-the-tim-thay-o-viet-nam-ivivu-18-1024x686.jpg 1024w\" sizes=\"(max-width: 2048px) 100vw, 2048px\" \/><p id=\"caption-attachment-156457\" class=\"wp-caption-text\">\u0110\u1eb7c s\u1ea3n th\u1eafng c\u1ed1 \u1edf B\u1eafc H\u00e0. \u1ea2nh: Wikipedia<\/p><\/div>\n<h4 style=\"text-align: center;\"><div class=\"ltt-contentbox white\"><\/span>B\u1ea0N C\u1ea6N M\u1ed8T N\u01a0I L\u01afU TR\u00da V\u1edaI GI\u00c1 H\u1ee2P T\u00daI TI\u1ec0N TRONG H\u00c0NH TR\u00ccNH DU L\u1ecaCH, \u0110\u1eeaNG NG\u1ea6N NG\u1ea0I G\u1eccI NGAY T\u1edaI S\u1ed0 1900 1870 \u0110\u1ec2 \u0110\u01af\u1ee2C T\u01af V\u1ea4N NH\u00c9<\/div><\/h4>\n<p style=\"text-align: right;\"><strong>Theo Nh\u01b0 \u00dd (t\u1ed5ng h\u1ee3p)<\/strong><\/p>\n<div class=\"ltt-contentbox white\"><\/span><\/p>\n<p><strong>Xem th\u00eam b\u00e0i vi\u1ebft:<\/strong><\/p>\n<p><strong><a href=\"https:\/\/www.ivivu.com\/blog\/2016\/07\/cho-hai-san-tap-nap-tren-cau-cang-ra-dao-co-to\/\" target=\"_blank\">Ch\u1ee3 h\u1ea3i s\u1ea3n t\u1ea5p n\u1eadp tr\u00ean c\u1ea7u c\u1ea3ng ra \u0111\u1ea3o C\u00f4 T\u00f4<\/a><\/strong><\/p>\n<p><strong><a href=\"https:\/\/www.ivivu.com\/blog\/2016\/07\/cac-phien-cho-vung-cao-noi-tieng-nen-mot-lan-ghe-qua\/\" target=\"_blank\">C\u00e1c phi\u00ean ch\u1ee3 v\u00f9ng cao n\u1ed5i ti\u1ebfng n\u00ean m\u1ed9t l\u1ea7n gh\u00e9 qua<\/a><\/strong><\/p>\n<p><strong><a href=\"https:\/\/www.ivivu.com\/blog\/2016\/06\/cho-dau-moi-hoa-qua-noi-tieng-nhat-ha-noi\/\" target=\"_blank\">Ch\u1ee3 \u0111\u1ea7u m\u1ed1i hoa qu\u1ea3 n\u1ed5i ti\u1ebfng nh\u1ea5t H\u00e0 N\u1ed9i<\/a><\/strong><\/p>\n<p><\/div>\n<h3><div class=\"ltt-contentbox white\"><\/span>Click \u0111\u1eb7t ngay <a href=\"https:\/\/www.ivivu.com\/?utm_source=blog_ivivu&amp;utm_medium=post_link&amp;utm_campaign=internal\" target=\"_blank\">Kh\u00e1ch s\u1ea1n kh\u1eafp Vi\u1ec7t Nam v\u00e0 to\u00e0n th\u1ebf gi\u1edbi<\/a> gi\u00e1 t\u1ed1t nh\u1ea5t ch\u1ec9 c\u00f3 t\u1ea1i iVIVU.com<\/div><\/h3>\n<p><strong>***<\/strong><\/p>\n<p><strong>Tham kh\u1ea3o: <a href=\"https:\/\/www.ivivu.com\/blog\" target=\"_blank\">C\u1ea9m nang du l\u1ecbch iVIVU.com<\/a><\/strong><\/p>\n","protected":false},"excerpt":{"rendered":"<p>Ngay t\u1eeb xa x\u01b0a, ch\u1ee3 \u0111\u00e3 g\u1eafn b\u00f3 v\u1edbi l\u1ed1i\u00a0s\u1ed1ng v\u00e0 l\u00e0 n\u01a1i th\u1ec3 hi\u1ec7n v\u0103n h\u00f3a, sinh ho\u1ea1t c\u1ee7a ng\u01b0\u1eddi d\u00e2n. Th\u1ebf nh\u01b0ng, do \u0111\u1eb7c th\u00f9\u00a0kh\u00e1c bi\u1ec7t c\u1ee7a t\u1eebng v\u00f9ng, nh\u1eefng phi\u00ean ch\u1ee3 \u0111\u1ed9c \u0111\u00e1o c\u0169ng \u0111\u01b0\u1ee3c h\u00ecnh th\u00e0nh&#8230;<\/p>\n","protected":false},"author":36,"featured_media":156503,"comment_status":"closed","ping_status":"open","sticky":false,"template":"","format":"standard","meta":{"_acf_changed":false,"footnotes":""},"categories":[229,795,14742],"tags":[17018,22627,487,22626,12606,9215,2926,2927],"acf":[],"yoast_head":"<!-- This site is optimized with the Yoast SEO Premium plugin v22.6 (Yoast SEO v22.6) - https:\/\/yoast.com\/wordpress\/plugins\/seo\/ -->\n<title>6 phi\u00ean ch\u1ee3 \u0111\u1ed9c \u0111\u00e1o ch\u1ec9 c\u00f3 th\u1ec3 t\u00ecm th\u1ea5y \u1edf Vi\u1ec7t Nam - iVIVU.com<\/title>\n<meta name=\"description\" content=\"Do \u0111\u1eddi s\u1ed1ng kh\u00e1c bi\u1ec7t c\u1ee7a t\u1eebng v\u00f9ng, nh\u1eefng phi\u00ean ch\u1ee3 \u0111\u1ed9c \u0111\u00e1o c\u0169ng \u0111\u01b0\u1ee3c h\u00ecnh th\u00e0nh t\u1eeb \u0111\u00f3. C\u00f9ng iVIVU.com kh\u00e1m ph\u00e1 6 phi\u00ean ch\u1ee3 \u0111\u1ed9c \u0111\u00e1o nh\u1ea5t \u1edf Vi\u1ec7t Nam nh\u00e9.\" \/>\n<meta name=\"robots\" content=\"index, follow, max-snippet:-1, max-image-preview:large, max-video-preview:-1\" \/>\n<link rel=\"canonical\" href=\"https:\/\/www.ivivu.com\/blog\/2016\/07\/6-phien-cho-doc-dao-chi-co-the-tim-thay-o-viet-nam\/\" \/>\n<meta name=\"twitter:label1\" content=\"\u0110\u01b0\u1ee3c vi\u1ebft b\u1edfi\" \/>\n\t<meta name=\"twitter:data1\" content=\"Hi\u1ebfu V\u00f5\" \/>\n\t<meta name=\"twitter:label2\" content=\"\u01af\u1edbc t\u00ednh th\u1eddi gian \u0111\u1ecdc\" \/>\n\t<meta name=\"twitter:data2\" content=\"12 ph\u00fat\" \/>\n<script type=\"application\/ld+json\" class=\"yoast-schema-graph\">{\"@context\":\"https:\/\/schema.org\",\"@graph\":[{\"@type\":\"Article\",\"@id\":\"https:\/\/www.ivivu.com\/blog\/2016\/07\/6-phien-cho-doc-dao-chi-co-the-tim-thay-o-viet-nam\/#article\",\"isPartOf\":{\"@id\":\"https:\/\/www.ivivu.com\/blog\/2016\/07\/6-phien-cho-doc-dao-chi-co-the-tim-thay-o-viet-nam\/\"},\"author\":{\"name\":\"Hi\u1ebfu V\u00f5\",\"@id\":\"https:\/\/www.ivivu.com\/blog\/#\/schema\/person\/250a72df9aa1afec4ddf4281f12659b3\"},\"headline\":\"6 phi\u00ean ch\u1ee3 \u0111\u1ed9c \u0111\u00e1o ch\u1ec9 c\u00f3 th\u1ec3 t\u00ecm th\u1ea5y \u1edf Vi\u1ec7t Nam\",\"datePublished\":\"2016-07-25T12:42:40+00:00\",\"dateModified\":\"2016-07-25T11:43:50+00:00\",\"mainEntityOfPage\":{\"@id\":\"https:\/\/www.ivivu.com\/blog\/2016\/07\/6-phien-cho-doc-dao-chi-co-the-tim-thay-o-viet-nam\/\"},\"wordCount\":2323,\"publisher\":{\"@id\":\"https:\/\/www.ivivu.com\/blog\/#organization\"},\"image\":{\"@id\":\"https:\/\/www.ivivu.com\/blog\/2016\/07\/6-phien-cho-doc-dao-chi-co-the-tim-thay-o-viet-nam\/#primaryimage\"},\"thumbnailUrl\":\"https:\/\/cdn3.ivivu.com\/2016\/07\/6-khu-cho-chi-co-the-tim-thay-o-viet-nam-ivivu-131.jpg\",\"keywords\":[\"Ch\u1ee3 \u00c2m Ph\u1ee7 \u0110\u00e0 L\u1ea1t\",\"ch\u1ee3 chi\u1ebfu \u0110\u1ecbnh Y\u00ean\",\"ch\u1ee3 n\u1ed5i C\u00e1i R\u0103ng\",\"ch\u1ee3 n\u00f3n G\u00f2 G\u0103ng\",\"ch\u1ee3 phi\u00ean B\u1eafc H\u00e0\",\"ch\u1ee3 t\u00ecnh Kh\u00e2u Vai\",\"du l\u1ecbch \u0111\u00e0 l\u1ea1t\",\"kinh nghi\u1ec7m du l\u1ecbch \u0111\u00e0 l\u1ea1t\"],\"articleSection\":[\"DU L\u1ecaCH VI\u1ec6T NAM\",\"\u0110i\u1ec3m \u0111\u1ebfn\",\"N\u1ed5i B\u1eadt 2\"],\"inLanguage\":\"vi\"},{\"@type\":\"WebPage\",\"@id\":\"https:\/\/www.ivivu.com\/blog\/2016\/07\/6-phien-cho-doc-dao-chi-co-the-tim-thay-o-viet-nam\/\",\"url\":\"https:\/\/www.ivivu.com\/blog\/2016\/07\/6-phien-cho-doc-dao-chi-co-the-tim-thay-o-viet-nam\/\",\"name\":\"6 phi\u00ean ch\u1ee3 \u0111\u1ed9c \u0111\u00e1o ch\u1ec9 c\u00f3 th\u1ec3 t\u00ecm th\u1ea5y \u1edf Vi\u1ec7t Nam - iVIVU.com\",\"isPartOf\":{\"@id\":\"https:\/\/www.ivivu.com\/blog\/#website\"},\"primaryImageOfPage\":{\"@id\":\"https:\/\/www.ivivu.com\/blog\/2016\/07\/6-phien-cho-doc-dao-chi-co-the-tim-thay-o-viet-nam\/#primaryimage\"},\"image\":{\"@id\":\"https:\/\/www.ivivu.com\/blog\/2016\/07\/6-phien-cho-doc-dao-chi-co-the-tim-thay-o-viet-nam\/#primaryimage\"},\"thumbnailUrl\":\"https:\/\/cdn3.ivivu.com\/2016\/07\/6-khu-cho-chi-co-the-tim-thay-o-viet-nam-ivivu-131.jpg\",\"datePublished\":\"2016-07-25T12:42:40+00:00\",\"dateModified\":\"2016-07-25T11:43:50+00:00\",\"description\":\"Do \u0111\u1eddi s\u1ed1ng kh\u00e1c bi\u1ec7t c\u1ee7a t\u1eebng v\u00f9ng, nh\u1eefng phi\u00ean ch\u1ee3 \u0111\u1ed9c \u0111\u00e1o c\u0169ng \u0111\u01b0\u1ee3c h\u00ecnh th\u00e0nh t\u1eeb \u0111\u00f3. C\u00f9ng iVIVU.com kh\u00e1m ph\u00e1 6 phi\u00ean ch\u1ee3 \u0111\u1ed9c \u0111\u00e1o nh\u1ea5t \u1edf Vi\u1ec7t Nam nh\u00e9.\",\"breadcrumb\":{\"@id\":\"https:\/\/www.ivivu.com\/blog\/2016\/07\/6-phien-cho-doc-dao-chi-co-the-tim-thay-o-viet-nam\/#breadcrumb\"},\"inLanguage\":\"vi\",\"potentialAction\":[{\"@type\":\"ReadAction\",\"target\":[\"https:\/\/www.ivivu.com\/blog\/2016\/07\/6-phien-cho-doc-dao-chi-co-the-tim-thay-o-viet-nam\/\"]}]},{\"@type\":\"ImageObject\",\"inLanguage\":\"vi\",\"@id\":\"https:\/\/www.ivivu.com\/blog\/2016\/07\/6-phien-cho-doc-dao-chi-co-the-tim-thay-o-viet-nam\/#primaryimage\",\"url\":\"https:\/\/cdn3.ivivu.com\/2016\/07\/6-khu-cho-chi-co-the-tim-thay-o-viet-nam-ivivu-131.jpg\",\"contentUrl\":\"https:\/\/cdn3.ivivu.com\/2016\/07\/6-khu-cho-chi-co-the-tim-thay-o-viet-nam-ivivu-131.jpg\",\"width\":1772,\"height\":1280},{\"@type\":\"BreadcrumbList\",\"@id\":\"https:\/\/www.ivivu.com\/blog\/2016\/07\/6-phien-cho-doc-dao-chi-co-the-tim-thay-o-viet-nam\/#breadcrumb\",\"itemListElement\":[{\"@type\":\"ListItem\",\"position\":1,\"name\":\"Home\",\"item\":\"https:\/\/www.ivivu.com\/blog\/\"},{\"@type\":\"ListItem\",\"position\":2,\"name\":\"6 phi\u00ean ch\u1ee3 \u0111\u1ed9c \u0111\u00e1o ch\u1ec9 c\u00f3 th\u1ec3 t\u00ecm th\u1ea5y \u1edf Vi\u1ec7t Nam\"}]},{\"@type\":\"WebSite\",\"@id\":\"https:\/\/www.ivivu.com\/blog\/#website\",\"url\":\"https:\/\/www.ivivu.com\/blog\/\",\"name\":\"C\u1ea9m nang du l\u1ecbch\",\"description\":\"\",\"publisher\":{\"@id\":\"https:\/\/www.ivivu.com\/blog\/#organization\"},\"potentialAction\":[{\"@type\":\"SearchAction\",\"target\":{\"@type\":\"EntryPoint\",\"urlTemplate\":\"https:\/\/www.ivivu.com\/blog\/?s={search_term_string}\"},\"query-input\":\"required name=search_term_string\"}],\"inLanguage\":\"vi\"},{\"@type\":\"Organization\",\"@id\":\"https:\/\/www.ivivu.com\/blog\/#organization\",\"name\":\"iVIVU.com\",\"url\":\"https:\/\/www.ivivu.com\/blog\/\",\"logo\":{\"@type\":\"ImageObject\",\"inLanguage\":\"vi\",\"@id\":\"https:\/\/www.ivivu.com\/blog\/#\/schema\/logo\/image\/\",\"url\":\"https:\/\/cdn3.ivivu.com\/2024\/01\/ivivu_no_slogan.png\",\"contentUrl\":\"https:\/\/cdn3.ivivu.com\/2024\/01\/ivivu_no_slogan.png\",\"width\":788,\"height\":565,\"caption\":\"iVIVU.com\"},\"image\":{\"@id\":\"https:\/\/www.ivivu.com\/blog\/#\/schema\/logo\/image\/\"},\"sameAs\":[\"https:\/\/www.facebook.com\/iVIVU\"]},{\"@type\":\"Person\",\"@id\":\"https:\/\/www.ivivu.com\/blog\/#\/schema\/person\/250a72df9aa1afec4ddf4281f12659b3\",\"name\":\"Hi\u1ebfu V\u00f5\",\"sameAs\":[\"https:\/\/www.ivivu.com\/blog\",\"mongvo.buff\"],\"url\":\"https:\/\/www.ivivu.com\/blog\/author\/hieu-vo\/\"}]}<\/script>\n<!-- \/ Yoast SEO Premium plugin. -->","yoast_head_json":{"title":"6 phi\u00ean ch\u1ee3 \u0111\u1ed9c \u0111\u00e1o ch\u1ec9 c\u00f3 th\u1ec3 t\u00ecm th\u1ea5y \u1edf Vi\u1ec7t Nam - iVIVU.com","description":"Do \u0111\u1eddi s\u1ed1ng kh\u00e1c bi\u1ec7t c\u1ee7a t\u1eebng v\u00f9ng, nh\u1eefng phi\u00ean ch\u1ee3 \u0111\u1ed9c \u0111\u00e1o c\u0169ng \u0111\u01b0\u1ee3c h\u00ecnh th\u00e0nh t\u1eeb \u0111\u00f3. C\u00f9ng iVIVU.com kh\u00e1m ph\u00e1 6 phi\u00ean ch\u1ee3 \u0111\u1ed9c \u0111\u00e1o nh\u1ea5t \u1edf Vi\u1ec7t Nam nh\u00e9.","robots":{"index":"index","follow":"follow","max-snippet":"max-snippet:-1","max-image-preview":"max-image-preview:large","max-video-preview":"max-video-preview:-1"},"canonical":"https:\/\/www.ivivu.com\/blog\/2016\/07\/6-phien-cho-doc-dao-chi-co-the-tim-thay-o-viet-nam\/","twitter_misc":{"\u0110\u01b0\u1ee3c vi\u1ebft b\u1edfi":"Hi\u1ebfu V\u00f5","\u01af\u1edbc t\u00ednh th\u1eddi gian \u0111\u1ecdc":"12 ph\u00fat"},"schema":{"@context":"https:\/\/schema.org","@graph":[{"@type":"Article","@id":"https:\/\/www.ivivu.com\/blog\/2016\/07\/6-phien-cho-doc-dao-chi-co-the-tim-thay-o-viet-nam\/#article","isPartOf":{"@id":"https:\/\/www.ivivu.com\/blog\/2016\/07\/6-phien-cho-doc-dao-chi-co-the-tim-thay-o-viet-nam\/"},"author":{"name":"Hi\u1ebfu V\u00f5","@id":"https:\/\/www.ivivu.com\/blog\/#\/schema\/person\/250a72df9aa1afec4ddf4281f12659b3"},"headline":"6 phi\u00ean ch\u1ee3 \u0111\u1ed9c \u0111\u00e1o ch\u1ec9 c\u00f3 th\u1ec3 t\u00ecm th\u1ea5y \u1edf Vi\u1ec7t Nam","datePublished":"2016-07-25T12:42:40+00:00","dateModified":"2016-07-25T11:43:50+00:00","mainEntityOfPage":{"@id":"https:\/\/www.ivivu.com\/blog\/2016\/07\/6-phien-cho-doc-dao-chi-co-the-tim-thay-o-viet-nam\/"},"wordCount":2323,"publisher":{"@id":"https:\/\/www.ivivu.com\/blog\/#organization"},"image":{"@id":"https:\/\/www.ivivu.com\/blog\/2016\/07\/6-phien-cho-doc-dao-chi-co-the-tim-thay-o-viet-nam\/#primaryimage"},"thumbnailUrl":"https:\/\/cdn3.ivivu.com\/2016\/07\/6-khu-cho-chi-co-the-tim-thay-o-viet-nam-ivivu-131.jpg","keywords":["Ch\u1ee3 \u00c2m Ph\u1ee7 \u0110\u00e0 L\u1ea1t","ch\u1ee3 chi\u1ebfu \u0110\u1ecbnh Y\u00ean","ch\u1ee3 n\u1ed5i C\u00e1i R\u0103ng","ch\u1ee3 n\u00f3n G\u00f2 G\u0103ng","ch\u1ee3 phi\u00ean B\u1eafc H\u00e0","ch\u1ee3 t\u00ecnh Kh\u00e2u Vai","du l\u1ecbch \u0111\u00e0 l\u1ea1t","kinh nghi\u1ec7m du l\u1ecbch \u0111\u00e0 l\u1ea1t"],"articleSection":["DU L\u1ecaCH VI\u1ec6T NAM","\u0110i\u1ec3m \u0111\u1ebfn","N\u1ed5i B\u1eadt 2"],"inLanguage":"vi"},{"@type":"WebPage","@id":"https:\/\/www.ivivu.com\/blog\/2016\/07\/6-phien-cho-doc-dao-chi-co-the-tim-thay-o-viet-nam\/","url":"https:\/\/www.ivivu.com\/blog\/2016\/07\/6-phien-cho-doc-dao-chi-co-the-tim-thay-o-viet-nam\/","name":"6 phi\u00ean ch\u1ee3 \u0111\u1ed9c \u0111\u00e1o ch\u1ec9 c\u00f3 th\u1ec3 t\u00ecm th\u1ea5y \u1edf Vi\u1ec7t Nam - iVIVU.com","isPartOf":{"@id":"https:\/\/www.ivivu.com\/blog\/#website"},"primaryImageOfPage":{"@id":"https:\/\/www.ivivu.com\/blog\/2016\/07\/6-phien-cho-doc-dao-chi-co-the-tim-thay-o-viet-nam\/#primaryimage"},"image":{"@id":"https:\/\/www.ivivu.com\/blog\/2016\/07\/6-phien-cho-doc-dao-chi-co-the-tim-thay-o-viet-nam\/#primaryimage"},"thumbnailUrl":"https:\/\/cdn3.ivivu.com\/2016\/07\/6-khu-cho-chi-co-the-tim-thay-o-viet-nam-ivivu-131.jpg","datePublished":"2016-07-25T12:42:40+00:00","dateModified":"2016-07-25T11:43:50+00:00","description":"Do \u0111\u1eddi s\u1ed1ng kh\u00e1c bi\u1ec7t c\u1ee7a t\u1eebng v\u00f9ng, nh\u1eefng phi\u00ean ch\u1ee3 \u0111\u1ed9c \u0111\u00e1o c\u0169ng \u0111\u01b0\u1ee3c h\u00ecnh th\u00e0nh t\u1eeb \u0111\u00f3. C\u00f9ng iVIVU.com kh\u00e1m ph\u00e1 6 phi\u00ean ch\u1ee3 \u0111\u1ed9c \u0111\u00e1o nh\u1ea5t \u1edf Vi\u1ec7t Nam nh\u00e9.","breadcrumb":{"@id":"https:\/\/www.ivivu.com\/blog\/2016\/07\/6-phien-cho-doc-dao-chi-co-the-tim-thay-o-viet-nam\/#breadcrumb"},"inLanguage":"vi","potentialAction":[{"@type":"ReadAction","target":["https:\/\/www.ivivu.com\/blog\/2016\/07\/6-phien-cho-doc-dao-chi-co-the-tim-thay-o-viet-nam\/"]}]},{"@type":"ImageObject","inLanguage":"vi","@id":"https:\/\/www.ivivu.com\/blog\/2016\/07\/6-phien-cho-doc-dao-chi-co-the-tim-thay-o-viet-nam\/#primaryimage","url":"https:\/\/cdn3.ivivu.com\/2016\/07\/6-khu-cho-chi-co-the-tim-thay-o-viet-nam-ivivu-131.jpg","contentUrl":"https:\/\/cdn3.ivivu.com\/2016\/07\/6-khu-cho-chi-co-the-tim-thay-o-viet-nam-ivivu-131.jpg","width":1772,"height":1280},{"@type":"BreadcrumbList","@id":"https:\/\/www.ivivu.com\/blog\/2016\/07\/6-phien-cho-doc-dao-chi-co-the-tim-thay-o-viet-nam\/#breadcrumb","itemListElement":[{"@type":"ListItem","position":1,"name":"Home","item":"https:\/\/www.ivivu.com\/blog\/"},{"@type":"ListItem","position":2,"name":"6 phi\u00ean ch\u1ee3 \u0111\u1ed9c \u0111\u00e1o ch\u1ec9 c\u00f3 th\u1ec3 t\u00ecm th\u1ea5y \u1edf Vi\u1ec7t Nam"}]},{"@type":"WebSite","@id":"https:\/\/www.ivivu.com\/blog\/#website","url":"https:\/\/www.ivivu.com\/blog\/","name":"C\u1ea9m nang du l\u1ecbch","description":"","publisher":{"@id":"https:\/\/www.ivivu.com\/blog\/#organization"},"potentialAction":[{"@type":"SearchAction","target":{"@type":"EntryPoint","urlTemplate":"https:\/\/www.ivivu.com\/blog\/?s={search_term_string}"},"query-input":"required name=search_term_string"}],"inLanguage":"vi"},{"@type":"Organization","@id":"https:\/\/www.ivivu.com\/blog\/#organization","name":"iVIVU.com","url":"https:\/\/www.ivivu.com\/blog\/","logo":{"@type":"ImageObject","inLanguage":"vi","@id":"https:\/\/www.ivivu.com\/blog\/#\/schema\/logo\/image\/","url":"https:\/\/cdn3.ivivu.com\/2024\/01\/ivivu_no_slogan.png","contentUrl":"https:\/\/cdn3.ivivu.com\/2024\/01\/ivivu_no_slogan.png","width":788,"height":565,"caption":"iVIVU.com"},"image":{"@id":"https:\/\/www.ivivu.com\/blog\/#\/schema\/logo\/image\/"},"sameAs":["https:\/\/www.facebook.com\/iVIVU"]},{"@type":"Person","@id":"https:\/\/www.ivivu.com\/blog\/#\/schema\/person\/250a72df9aa1afec4ddf4281f12659b3","name":"Hi\u1ebfu V\u00f5","sameAs":["https:\/\/www.ivivu.com\/blog","mongvo.buff"],"url":"https:\/\/www.ivivu.com\/blog\/author\/hieu-vo\/"}]}},"_links":{"self":[{"href":"https:\/\/www.ivivu.com\/blog\/wp-json\/wp\/v2\/posts\/156433"}],"collection":[{"href":"https:\/\/www.ivivu.com\/blog\/wp-json\/wp\/v2\/posts"}],"about":[{"href":"https:\/\/www.ivivu.com\/blog\/wp-json\/wp\/v2\/types\/post"}],"author":[{"embeddable":true,"href":"https:\/\/www.ivivu.com\/blog\/wp-json\/wp\/v2\/users\/36"}],"replies":[{"embeddable":true,"href":"https:\/\/www.ivivu.com\/blog\/wp-json\/wp\/v2\/comments?post=156433"}],"version-history":[{"count":16,"href":"https:\/\/www.ivivu.com\/blog\/wp-json\/wp\/v2\/posts\/156433\/revisions"}],"predecessor-version":[{"id":156511,"href":"https:\/\/www.ivivu.com\/blog\/wp-json\/wp\/v2\/posts\/156433\/revisions\/156511"}],"wp:featuredmedia":[{"embeddable":true,"href":"https:\/\/www.ivivu.com\/blog\/wp-json\/wp\/v2\/media\/156503"}],"wp:attachment":[{"href":"https:\/\/www.ivivu.com\/blog\/wp-json\/wp\/v2\/media?parent=156433"}],"wp:term":[{"taxonomy":"category","embeddable":true,"href":"https:\/\/www.ivivu.com\/blog\/wp-json\/wp\/v2\/categories?post=156433"},{"taxonomy":"post_tag","embeddable":true,"href":"https:\/\/www.ivivu.com\/blog\/wp-json\/wp\/v2\/tags?post=156433"}],"curies":[{"name":"wp","href":"https:\/\/api.w.org\/{rel}","templated":true}]}}