{"id":160358,"date":"2016-08-16T15:38:09","date_gmt":"2016-08-16T08:38:09","guid":{"rendered":"https:\/\/www.ivivu.com\/blog\/?p=160358"},"modified":"2016-08-16T11:38:58","modified_gmt":"2016-08-16T04:38:58","slug":"du-lich-phan-thiet-dip-le-29-va-day-la-3-diem-luu-tru-hap-dan-danh-cho-ban","status":"publish","type":"post","link":"https:\/\/www.ivivu.com\/blog\/2016\/08\/du-lich-phan-thiet-dip-le-29-va-day-la-3-diem-luu-tru-hap-dan-danh-cho-ban\/","title":{"rendered":"Du l\u1ecbch Phan Thi\u1ebft d\u1ecbp l\u1ec5 2\/9 v\u00e0 \u0111\u00e2y l\u00e0 3 \u0111i\u1ec3m l\u01b0u tr\u00fa h\u1ea5p d\u1eabn d\u00e0nh cho b\u1ea1n"},"content":{"rendered":"<p style=\"text-align: justify;\"><em><strong>3 \u0111i\u1ec3m l\u01b0u tr\u00fa n\u00e0y \u0111\u1ec1u \u0111\u00e1p \u1ee9ng \u0111\u1ea7y \u0111\u1ee7 y\u1ebfu t\u1ed1 &#8220;sang ch\u1ea3nh&#8221; m\u00e0 b\u1ea1n c\u1ea7n cho m\u1ed9t chuy\u1ebfn ngh\u1ec9 d\u01b0\u1ee1ng nh\u01b0: h\u1ed3 b\u01a1i, ph\u00f2ng ng\u1ee7 view bi\u1ec3n, b\u00e3i bi\u1ec3n ri\u00eang,&#8230; m\u00e0 \u0111\u1eb7c bi\u1ec7t l\u00e0 gi\u00e1 c\u1ef1c &#8220;h\u1ea1t d\u1ebb&#8221;, c\u00f9ng <a href=\"https:\/\/www.ivivu.com\/?utm_source=blog_ivivu&amp;utm_medium=post_link&amp;utm_campaign=internal\" target=\"_blank\">iVIVU.com<\/a> kh\u00e1m ph\u00e1 nh\u00e9!\u00a0<\/strong><\/em><\/p>\n<p style=\"text-align: justify;\"><!--more--><\/p>\n<p style=\"text-align: justify;\"><strong><div class=\"ltt-contentbox white\"><\/span>Xem th\u00eam: <a href=\"https:\/\/www.ivivu.com\/blog\/category\/viet-nam\/bai-viet-phan-thiet\/\" target=\"_blank\">Du l\u1ecbch Phan Thi\u1ebft<\/a><\/div> <\/strong><\/p>\n<h2 style=\"text-align: justify;\">Du l\u1ecbch Phan Thi\u1ebft d\u1ecbp l\u1ec5 2\/9 v\u00e0 \u0111\u00e2y l\u00e0 3 \u0111i\u1ec3m l\u01b0u tr\u00fa h\u1ea5p d\u1eabn d\u00e0nh cho b\u1ea1n<\/h2>\n<p style=\"text-align: justify;\"><a href=\"https:\/\/www.ivivu.com\/khach-san-phan-thiet\/minh-tam-resort-phan-thiet?utm_source=blog_ivivu&amp;utm_medium=post_link&amp;utm_campaign=internal\" target=\"_blank\"><strong>Khu ngh\u1ec9 d\u01b0\u1ee1ng Minh T\u00e2m Beach Phan Thi\u1ebft<\/strong><\/a><\/p>\n<p style=\"text-align: justify;\">Khu ngh\u1ec9 d\u01b0\u1ee1ng Minh T\u00e2m Beach Phan Thi\u1ebft\u00a0t\u1ecda l\u1ea1c tr\u00ean \u0111\u01b0\u1eddng Nguy\u1ec5n \u0110\u00ecnh Chi\u1ec3u, l\u00e0 m\u1ed9t trong nh\u1eefng con \u0111\u01b0\u1eddng \u0111\u1eb9p nh\u1ea5t c\u1ee7a th\u1ee7 \u0111\u00f4 resort M\u0169i N\u00e9, ch\u1ec9 c\u00e1ch th\u00e0nh ph\u1ed1 Phan Thi\u1ebft h\u01a1n 10km.<\/p>\n<div id=\"attachment_160361\" style=\"width: 650px\" class=\"wp-caption aligncenter\"><img loading=\"lazy\" decoding=\"async\" aria-describedby=\"caption-attachment-160361\" class=\"wp-image-160361 size-full\" title=\"Ho\u00e0ng h\u00f4n tuy\u1ec7t \u0111\u1eb9p \u1edf khu ngh\u1ec9 d\u01b0\u1ee1ng Minh T\u00e2m Beach Phan Thi\u1ebft.\u00a0\u1ea2nh:@elena_zhmak\" src=\"https:\/\/cdn3.ivivu.com\/2016\/08\/minh-tam-resort-ivivu-1.jpg\" alt=\"Ho\u00e0ng h\u00f4n tuy\u1ec7t \u0111\u1eb9p \u1edf khu ngh\u1ec9 d\u01b0\u1ee1ng Minh T\u00e2m Beach Phan Thi\u1ebft.\u00a0\u1ea2nh:@elena_zhmak\" width=\"640\" height=\"640\" srcset=\"https:\/\/cdn3.ivivu.com\/2016\/08\/minh-tam-resort-ivivu-1.jpg 640w, https:\/\/cdn3.ivivu.com\/2016\/08\/minh-tam-resort-ivivu-1-305x305.jpg 305w, https:\/\/cdn3.ivivu.com\/2016\/08\/minh-tam-resort-ivivu-1-75x75.jpg 75w\" sizes=\"(max-width: 640px) 100vw, 640px\" \/><p id=\"caption-attachment-160361\" class=\"wp-caption-text\">Ho\u00e0ng h\u00f4n tuy\u1ec7t \u0111\u1eb9p \u1edf khu ngh\u1ec9 d\u01b0\u1ee1ng Minh T\u00e2m Beach Phan Thi\u1ebft.\u00a0\u1ea2nh:@elena_zhmak<\/p><\/div>\n<p style=\"text-align: justify;\">N\u1eb1m s\u00e1t b\u00e3i bi\u1ec3n \u0111\u1eb9p nh\u1ea5t M\u0169i N\u00e9 v\u1edbi chi\u1ec1u d\u00e0i b\u00e3i bi\u1ec3n h\u01a1n 100m, g\u1ed3m 34 ph\u00f2ng ng\u1ee7 v\u1edbi 5 lo\u1ea1i ph\u00f2ng kh\u00e1c nhau: ph\u00f2ng h\u01b0\u1edbng h\u1ed3, ph\u00f2ng h\u01b0\u1edbng bi\u1ec3n, ph\u00f2ng ti\u00eau chu\u1ea9n, ph\u00f2ng g\u1ed7, ph\u00f2ng sang tr\u1ecdng h\u01b0\u1edbng bi\u1ec3n. Minh T\u00e2m Resort l\u00e0 \u0111\u1ecba ch\u1ec9 l\u00fd t\u01b0\u1edfng \u0111\u1ec3 b\u1ea1n ngh\u1ec9 d\u01b0\u1ee1ng, h\u00f2a m\u00ecnh c\u00f9ng l\u00e0n n\u01b0\u1edbc bi\u1ec3n trong xanh, m\u00e1t l\u00e0nh c\u00f9ng n\u1eafng, gi\u00f3 v\u00e0 c\u00e1t\u2026<\/p>\n<div id=\"attachment_160362\" style=\"width: 810px\" class=\"wp-caption aligncenter\"><img loading=\"lazy\" decoding=\"async\" aria-describedby=\"caption-attachment-160362\" class=\"wp-image-160362 size-full\" title=\"C\u00e1c ph\u00f2ng ngh\u1ec9 n\u1eb1m gi\u1eefa kh\u00f4ng gian xanh m\u00e1t\" src=\"https:\/\/cdn3.ivivu.com\/2016\/08\/minh-tam-resort-ivivu-2.jpg\" alt=\"C\u00e1c ph\u00f2ng ngh\u1ec9 n\u1eb1m gi\u1eefa kh\u00f4ng gian xanh m\u00e1t\" width=\"800\" height=\"600\" srcset=\"https:\/\/cdn3.ivivu.com\/2016\/08\/minh-tam-resort-ivivu-2.jpg 800w, https:\/\/cdn3.ivivu.com\/2016\/08\/minh-tam-resort-ivivu-2-407x305.jpg 407w\" sizes=\"(max-width: 800px) 100vw, 800px\" \/><p id=\"caption-attachment-160362\" class=\"wp-caption-text\">C\u00e1c ph\u00f2ng ngh\u1ec9 n\u1eb1m gi\u1eefa kh\u00f4ng gian xanh m\u00e1t.<\/p><\/div>\n<p><img loading=\"lazy\" decoding=\"async\" class=\"aligncenter wp-image-160363 size-full\" src=\"https:\/\/cdn3.ivivu.com\/2016\/08\/minh-tam-resort-ivivu-3.jpg\" alt=\"minh-tam-resort-ivivu-3\" width=\"900\" height=\"598\" srcset=\"https:\/\/cdn3.ivivu.com\/2016\/08\/minh-tam-resort-ivivu-3.jpg 900w, https:\/\/cdn3.ivivu.com\/2016\/08\/minh-tam-resort-ivivu-3-459x305.jpg 459w\" sizes=\"(max-width: 900px) 100vw, 900px\" \/><\/p>\n<div id=\"attachment_160370\" style=\"width: 1090px\" class=\"wp-caption aligncenter\"><img loading=\"lazy\" decoding=\"async\" aria-describedby=\"caption-attachment-160370\" class=\"size-full wp-image-160370\" src=\"https:\/\/cdn3.ivivu.com\/2016\/08\/minh-tam-resort-ivivu.jpg\" alt=\"\u1ea2nh:@yurimmonster\" width=\"1080\" height=\"809\" srcset=\"https:\/\/cdn3.ivivu.com\/2016\/08\/minh-tam-resort-ivivu.jpg 1080w, https:\/\/cdn3.ivivu.com\/2016\/08\/minh-tam-resort-ivivu-407x305.jpg 407w, https:\/\/cdn3.ivivu.com\/2016\/08\/minh-tam-resort-ivivu-1024x767.jpg 1024w\" sizes=\"(max-width: 1080px) 100vw, 1080px\" \/><p id=\"caption-attachment-160370\" class=\"wp-caption-text\">\u1ea2nh:@yurimmonster<\/p><\/div>\n<p style=\"text-align: justify;\">L\u01b0u tr\u00fa t\u1ea1i resort ban ng\u00e0y du kh\u00e1ch c\u00f3 th\u1ec3 tham gia c\u00e1c m\u00f4n th\u1ec3 thao tr\u00ean bi\u1ec3n nh\u01b0 b\u00f3ng n\u00e9m, b\u00f3ng chuy\u1ec1n, l\u01b0\u1edbt v\u00e1n\u2026 bu\u1ed5i t\u1ed1i c\u00f3 th\u1ec3 tham gia c\u00e1c ho\u1ea1t \u0111\u1ed9ng v\u0103n ngh\u1ec7, ho\u1eb7c \u0111\u1ebfn qu\u1ea7y bar th\u01b0 gi\u00e3n. \u0110\u1eb7c bi\u1ec7t, \u0111\u1ebfn \u0111\u00e2y b\u1ea1n c\u00f2n c\u00f3 c\u01a1 h\u1ed9i th\u01b0\u1edfng th\u1ee9c nhi\u1ec1u lo\u1ea1i h\u1ea3i s\u1ea3n t\u01b0\u01a1i ngon c\u1ee7a v\u00f9ng bi\u1ec3n Phan Thi\u1ebft nh\u01b0: t\u00f4m, m\u1ef1c, gh\u1eb9, cua\u2026<\/p>\n<h4 style=\"text-align: center;\"><strong><div class=\"ltt-contentbox white\"><\/span>Click \u0111\u1eb7t ngay\u00a0<a href=\"https:\/\/www.ivivu.com\/khach-san-phan-thiet\/minh-tam-resort-phan-thiet?utm_source=blog_ivivu&amp;utm_medium=post_link&amp;utm_campaign=internal\" target=\"_blank\">Khu ngh\u1ec9 d\u01b0\u1ee1ng Minh T\u00e2m Beach Phan Thi\u1ebft<\/a>\u00a0gi\u00e1 khuy\u1ebfn m\u00e3i ch\u1ec9 t\u1eeb 767.000 \u0111\u1ed3ng<\/div><\/strong><\/h4>\n<p><a href=\"https:\/\/www.ivivu.com\/khach-san-phan-thiet\/khach-san-ocean-front-mui-ne?utm_source=blog_ivivu&amp;utm_medium=post_link&amp;utm_campaign=internal\" target=\"_blank\"><strong>Kh\u00e1ch s\u1ea1n Ocean Front M\u0169i N\u00e9<\/strong><\/a><\/p>\n<p style=\"text-align: justify;\">Kh\u00e1ch s\u1ea1n Ocean Front M\u0169i N\u00e9\u00a0\u0111\u01b0\u1ee3c thi\u1ebft k\u1ebf v\u1edbi ti\u00eau chu\u1ea9n 3 sao, t\u1ef1 h\u00e0o mang \u0111\u1ebfn cho du kh\u00e1ch m\u1ed9t n\u00e9t k\u1ebft h\u1ee3p t\u01b0\u01a1i m\u1edbi gi\u1eefa n\u1ec1n v\u0103n h\u00f3a hi\u1ec7n \u0111\u1ea1i, v\u00e0 kh\u00f4ng gian thi\u00ean nhi\u00ean hi\u1ec1n h\u00f2a c\u1ee7a bi\u1ec3n xanh, c\u00e1t tr\u1eafng, n\u1eafng v\u00e0ng. T\u1eeb \u0111\u00e2y, ch\u1ec9 c\u1ea7n \u0111i b\u1ed9 v\u00e0i b\u01b0\u1edbc ch\u00e2n l\u00e0 du kh\u00e1ch \u0111\u00e3 \u0111\u1ee9ng tr\u01b0\u1edbc b\u00e3i bi\u1ec3n M\u0169i N\u00e9 hoang s\u01a1 v\u00e0 xinh \u0111\u1eb9p \u0111\u1ec3 h\u00edt th\u1edf kh\u00f4ng kh\u00ed bi\u1ec3n trong l\u00e0nh.<\/p>\n<div id=\"attachment_160381\" style=\"width: 660px\" class=\"wp-caption aligncenter\"><img loading=\"lazy\" decoding=\"async\" aria-describedby=\"caption-attachment-160381\" class=\"wp-image-160381 size-full\" title=\"Kh\u00e1ch S\u1ea1n Ocean Front M\u0169i N\u00e9 nh\u00ecn t\u1eeb b\u00ean ngo\u00e0i\" src=\"https:\/\/cdn3.ivivu.com\/2016\/08\/Ocean-Front-mui-ne-ivivu-6.jpg\" alt=\"Ocean Front-mui-ne-ivivu-6\" width=\"650\" height=\"445\" srcset=\"https:\/\/cdn3.ivivu.com\/2016\/08\/Ocean-Front-mui-ne-ivivu-6.jpg 650w, https:\/\/cdn3.ivivu.com\/2016\/08\/Ocean-Front-mui-ne-ivivu-6-446x305.jpg 446w, https:\/\/cdn3.ivivu.com\/2016\/08\/Ocean-Front-mui-ne-ivivu-6-240x165.jpg 240w, https:\/\/cdn3.ivivu.com\/2016\/08\/Ocean-Front-mui-ne-ivivu-6-50x35.jpg 50w\" sizes=\"(max-width: 650px) 100vw, 650px\" \/><p id=\"caption-attachment-160381\" class=\"wp-caption-text\">Kh\u00e1ch S\u1ea1n Ocean Front M\u0169i N\u00e9 nh\u00ecn t\u1eeb b\u00ean ngo\u00e0i.<\/p><\/div>\n<div id=\"attachment_160379\" style=\"width: 810px\" class=\"wp-caption aligncenter\"><img loading=\"lazy\" decoding=\"async\" aria-describedby=\"caption-attachment-160379\" class=\"wp-image-160379 size-full\" title=\"Ph\u00f2ng ngh\u1ec9 r\u1ed9ng r\u00e3i v\u1eddi t\u1ea7m nh\u00ecn h\u01b0\u1edbng bi\u1ec3n\" src=\"https:\/\/cdn3.ivivu.com\/2016\/08\/Ocean-Front-mui-ne-ivivu-4.jpg\" alt=\"Ocean Front-mui-ne-ivivu-4\" width=\"800\" height=\"450\" srcset=\"https:\/\/cdn3.ivivu.com\/2016\/08\/Ocean-Front-mui-ne-ivivu-4.jpg 800w, https:\/\/cdn3.ivivu.com\/2016\/08\/Ocean-Front-mui-ne-ivivu-4-250x142.jpg 250w, https:\/\/cdn3.ivivu.com\/2016\/08\/Ocean-Front-mui-ne-ivivu-4-540x305.jpg 540w, https:\/\/cdn3.ivivu.com\/2016\/08\/Ocean-Front-mui-ne-ivivu-4-750x422.jpg 750w, https:\/\/cdn3.ivivu.com\/2016\/08\/Ocean-Front-mui-ne-ivivu-4-225x127.jpg 225w, https:\/\/cdn3.ivivu.com\/2016\/08\/Ocean-Front-mui-ne-ivivu-4-370x208.jpg 370w, https:\/\/cdn3.ivivu.com\/2016\/08\/Ocean-Front-mui-ne-ivivu-4-50x28.jpg 50w, https:\/\/cdn3.ivivu.com\/2016\/08\/Ocean-Front-mui-ne-ivivu-4-107x60.jpg 107w, https:\/\/cdn3.ivivu.com\/2016\/08\/Ocean-Front-mui-ne-ivivu-4-195x110.jpg 195w, https:\/\/cdn3.ivivu.com\/2016\/08\/Ocean-Front-mui-ne-ivivu-4-220x125.jpg 220w, https:\/\/cdn3.ivivu.com\/2016\/08\/Ocean-Front-mui-ne-ivivu-4-400x225.jpg 400w, https:\/\/cdn3.ivivu.com\/2016\/08\/Ocean-Front-mui-ne-ivivu-4-140x80.jpg 140w\" sizes=\"(max-width: 800px) 100vw, 800px\" \/><p id=\"caption-attachment-160379\" class=\"wp-caption-text\">Ph\u00f2ng ngh\u1ec9 r\u1ed9ng r\u00e3i v\u1eddi t\u1ea7m nh\u00ecn h\u01b0\u1edbng bi\u1ec3n.<\/p><\/div>\n<p style=\"text-align: justify;\">Ph\u00f2ng ng\u1ee7 \u1edf Ocean Front M\u0169i N\u00e9 \u0111\u01b0\u1ee3c thi\u1ebft k\u1ebf theo phong c\u00e1ch ki\u1ebfn tr\u00fac ph\u1ee5c h\u01b0ng v\u00e0 \u0111\u01b0\u1ee3c trang b\u1ecb nh\u1eefng ti\u1ec7n nghi hi\u1ec7n \u0111\u1ea1i s\u1ebd mang \u0111\u1ebfn cho du kh\u00e1ch s\u1ef1 \u1ea5m c\u00fang v\u00e0 d\u1ec5 ch\u1ecbu nh\u01b0 \u0111ang \u1edf t\u1ea1i nh\u00e0. \u0110\u1eb7c bi\u1ec7t t\u1eeb c\u1eeda s\u1ed5 c\u1ee7a c\u00e1c ph\u00f2ng, b\u1ea1n \u0111\u1ec1u c\u00f3 th\u1ec3 ng\u1eafm nh\u00ecn b\u00e3i bi\u1ec3n M\u0169i N\u00e9 tuy\u1ec7t \u0111\u1eb9p v\u00e0 \u0111\u1ea7y quy\u1ebfn r\u0169.<\/p>\n<p style=\"text-align: justify;\"><img loading=\"lazy\" decoding=\"async\" class=\"aligncenter size-full wp-image-160382\" src=\"https:\/\/cdn3.ivivu.com\/2016\/08\/Ocean-Front-mui-ne-ivivu-7.jpg\" alt=\"Ocean Front-mui-ne-ivivu-7\" width=\"650\" height=\"465\" srcset=\"https:\/\/cdn3.ivivu.com\/2016\/08\/Ocean-Front-mui-ne-ivivu-7.jpg 650w, https:\/\/cdn3.ivivu.com\/2016\/08\/Ocean-Front-mui-ne-ivivu-7-426x305.jpg 426w, https:\/\/cdn3.ivivu.com\/2016\/08\/Ocean-Front-mui-ne-ivivu-7-50x35.jpg 50w\" sizes=\"(max-width: 650px) 100vw, 650px\" \/><\/p>\n<p style=\"text-align: justify;\"><img loading=\"lazy\" decoding=\"async\" class=\"aligncenter size-full wp-image-160383\" src=\"https:\/\/cdn3.ivivu.com\/2016\/08\/Ocean-Front-mui-ne-ivivu-8.jpg\" alt=\"Ocean Front-mui-ne-ivivu-8\" width=\"650\" height=\"488\" srcset=\"https:\/\/cdn3.ivivu.com\/2016\/08\/Ocean-Front-mui-ne-ivivu-8.jpg 650w, https:\/\/cdn3.ivivu.com\/2016\/08\/Ocean-Front-mui-ne-ivivu-8-406x305.jpg 406w\" sizes=\"(max-width: 650px) 100vw, 650px\" \/><\/p>\n<p style=\"text-align: justify;\">B\u00ean c\u1ea1nh \u0111\u00f3 kh\u00e1ch s\u1ea1n Ocean Front c\u00f2n cung c\u1ea5p nh\u1eefng d\u1ecbch v\u1ee5 gi\u1ea3i tr\u00ed ho\u00e0n h\u1ea3o nh\u01b0: h\u1ed3 b\u01a1i ngo\u00e0i tr\u1eddi \u0111\u01b0\u1ee3c trang b\u1ecb gh\u1ebf t\u1eafm n\u1eafng v\u00e0 d\u00f9 che n\u1eafng, s\u00e2n golf (ph\u1ea1m vi 3km), b\u00e3i bi\u1ec3n ri\u00eang, ph\u00f2ng th\u1ec3 d\u1ee5c, qu\u1ea7y l\u01b0u ni\u1ec7m&#8230;.<\/p>\n<h4 style=\"text-align: center;\"><strong><div class=\"ltt-contentbox white\"><\/span>\u00a0Click \u0111\u1eb7t ngay\u00a0<a href=\"https:\/\/www.ivivu.com\/khach-san-phan-thiet\/khach-san-ocean-front-mui-ne?utm_source=blog_ivivu&amp;utm_medium=post_link&amp;utm_campaign=internal\" target=\"_blank\">Kh\u00e1ch S\u1ea1n Ocean Front M\u0169i N\u00e9<\/a>\u00a0gi\u00e1 khuy\u1ebfn m\u00e3i ch\u1ec9 t\u1eeb\u00a0849.600 \u0111\u1ed3ng<\/div> <\/strong><\/h4>\n<p style=\"text-align: justify;\"><a href=\"https:\/\/www.ivivu.com\/khach-san-phan-thiet\/khu-nghi-duong-rock-water-bay-beach-phan-thiet?utm_source=blog_ivivu&amp;utm_medium=post_link&amp;utm_campaign=internal\" target=\"_blank\"><strong> Khu ngh\u1ec9 d\u01b0\u1ee1ng Rock Water Bay Beach Phan Thi\u1ebft<\/strong><\/a><\/p>\n<p style=\"text-align: justify;\">C\u00e1ch ph\u00eda Nam th\u00e0nh ph\u1ed1 Phan Thi\u1ebft 20 ph\u00fat, khu ngh\u1ec9 d\u01b0\u1ee1ng Rock Water Bay Beach Phan Thi\u1ebft n\u1ed5i b\u1eadt nh\u01b0 m\u1ed9t vi\u00ean ng\u1ecdc s\u00e1ng gi\u1eefa v\u00f9ng bi\u1ec3n K\u00ea G\u00e0.<\/p>\n<div id=\"attachment_160394\" style=\"width: 1090px\" class=\"wp-caption aligncenter\"><img loading=\"lazy\" decoding=\"async\" aria-describedby=\"caption-attachment-160394\" class=\"wp-image-160394 size-full\" title=\"\u1ea2nh:@cecilia_ninh\" src=\"https:\/\/cdn3.ivivu.com\/2016\/08\/rock-water-bay-phan-thiet-ivivu-141.jpg\" alt=\"\u1ea2nh:@cecilia_ninh\" width=\"1080\" height=\"734\" srcset=\"https:\/\/cdn3.ivivu.com\/2016\/08\/rock-water-bay-phan-thiet-ivivu-141.jpg 1080w, https:\/\/cdn3.ivivu.com\/2016\/08\/rock-water-bay-phan-thiet-ivivu-141-449x305.jpg 449w, https:\/\/cdn3.ivivu.com\/2016\/08\/rock-water-bay-phan-thiet-ivivu-141-1024x696.jpg 1024w, https:\/\/cdn3.ivivu.com\/2016\/08\/rock-water-bay-phan-thiet-ivivu-141-50x35.jpg 50w\" sizes=\"(max-width: 1080px) 100vw, 1080px\" \/><p id=\"caption-attachment-160394\" class=\"wp-caption-text\">\u1ea2nh:@cecilia_ninh<\/p><\/div>\n<div id=\"attachment_160393\" style=\"width: 1090px\" class=\"wp-caption aligncenter\"><img loading=\"lazy\" decoding=\"async\" aria-describedby=\"caption-attachment-160393\" class=\"wp-image-160393 size-full\" title=\"\u1ea2nh:@Thi\u00ean Nga\" src=\"https:\/\/cdn3.ivivu.com\/2016\/08\/rock-water-bay-phan-thiet-ivivu-91.jpg\" alt=\"\u1ea2nh:@Thi\u00ean Nga\" width=\"1080\" height=\"810\" srcset=\"https:\/\/cdn3.ivivu.com\/2016\/08\/rock-water-bay-phan-thiet-ivivu-91.jpg 1080w, https:\/\/cdn3.ivivu.com\/2016\/08\/rock-water-bay-phan-thiet-ivivu-91-407x305.jpg 407w, https:\/\/cdn3.ivivu.com\/2016\/08\/rock-water-bay-phan-thiet-ivivu-91-1024x768.jpg 1024w\" sizes=\"(max-width: 1080px) 100vw, 1080px\" \/><p id=\"caption-attachment-160393\" class=\"wp-caption-text\">\u1ea2nh:@Thi\u00ean Nga<\/p><\/div>\n<p style=\"text-align: justify;\">Tr\u1ea3i r\u1ed9ng tr\u00ean di\u1ec7n t\u00edch 4 ha b\u1edd bi\u1ec3n, 86 ph\u00f2ng ngh\u1ec9 c\u1ee7a Rock Water Bay Beach \u0111\u1ec1u \u0111\u01b0\u1ee3c x\u00e2y d\u1ef1ng kh\u00e9o l\u00e9o v\u00e0 thi\u1ebft k\u1ebf theo \u0111\u1ecba th\u1ebf gi\u1eadt t\u1ea7ng b\u1eadc thang, u\u1ed1n l\u01b0\u1ee3n theo \u0111\u01b0\u1eddng b\u1edd bi\u1ec3n. Ngay t\u1ea1i khu v\u1ef1c l\u1ec5 t\u00e2n l\u00e0 b\u1ea1n \u0111\u00e3 c\u00f3 th\u1ec3 ph\u00f3ng t\u1ea7m nh\u00ecn, ng\u1eafm to\u00e0n c\u1ea3nh khu ngh\u1ec9 m\u00e1t v\u00e0 c\u1ea3 v\u1ecbnh bi\u1ec3n K\u00ea G\u00e0.<\/p>\n<p style=\"text-align: justify;\"><img loading=\"lazy\" decoding=\"async\" class=\"aligncenter size-full wp-image-160395\" src=\"https:\/\/cdn3.ivivu.com\/2016\/08\/rock-water-bay-phan-thiet-ivivu-161.jpg\" alt=\"rock-water-bay-phan-thiet-ivivu-16\" width=\"800\" height=\"450\" srcset=\"https:\/\/cdn3.ivivu.com\/2016\/08\/rock-water-bay-phan-thiet-ivivu-161.jpg 800w, https:\/\/cdn3.ivivu.com\/2016\/08\/rock-water-bay-phan-thiet-ivivu-161-250x142.jpg 250w, https:\/\/cdn3.ivivu.com\/2016\/08\/rock-water-bay-phan-thiet-ivivu-161-540x305.jpg 540w, https:\/\/cdn3.ivivu.com\/2016\/08\/rock-water-bay-phan-thiet-ivivu-161-750x422.jpg 750w, https:\/\/cdn3.ivivu.com\/2016\/08\/rock-water-bay-phan-thiet-ivivu-161-225x127.jpg 225w, https:\/\/cdn3.ivivu.com\/2016\/08\/rock-water-bay-phan-thiet-ivivu-161-370x208.jpg 370w, https:\/\/cdn3.ivivu.com\/2016\/08\/rock-water-bay-phan-thiet-ivivu-161-50x28.jpg 50w, https:\/\/cdn3.ivivu.com\/2016\/08\/rock-water-bay-phan-thiet-ivivu-161-107x60.jpg 107w, https:\/\/cdn3.ivivu.com\/2016\/08\/rock-water-bay-phan-thiet-ivivu-161-195x110.jpg 195w, https:\/\/cdn3.ivivu.com\/2016\/08\/rock-water-bay-phan-thiet-ivivu-161-220x125.jpg 220w, https:\/\/cdn3.ivivu.com\/2016\/08\/rock-water-bay-phan-thiet-ivivu-161-400x225.jpg 400w, https:\/\/cdn3.ivivu.com\/2016\/08\/rock-water-bay-phan-thiet-ivivu-161-140x80.jpg 140w\" sizes=\"(max-width: 800px) 100vw, 800px\" \/><\/p>\n<p style=\"text-align: justify;\">B\u00ean c\u1ea1nh \u0111\u00f3, n\u00e9t \u0111\u1ed9c \u0111\u00e1o c\u1ee7a Khu ngh\u1ec9 d\u01b0\u1ee1ng Rock Water Bay \u0111\u00f3 ch\u00ednh l\u00e0 c\u1ee5m h\u1ed3 b\u01a1i n\u01b0\u1edbc m\u1eb7n \u0111\u01b0\u1ee3c l\u00e0m b\u1eb1ng v\u1eadt li\u1ec7u \u0111\u00e1 hoa c\u01b0\u01a1ng l\u00e1t s\u1ecfi tuy\u1ec7t \u0111\u1eb9p v\u1edbi nhi\u1ec1u h\u1ed3 n\u01b0\u1edbc l\u1edbn nh\u1ecf li\u1ec1n k\u1ec1 nhau gi\u1eefa m\u1ed9t v\u1ecbnh bi\u1ec3n, nhi\u1ec1u phi\u1ebfn \u0111\u00e1 v\u1edbi \u0111\u1ee7 h\u00ecnh h\u00e0i c\u00e0ng l\u00e0m t\u0103ng th\u00eam n\u00e9t \u0111\u1eb9p m\u1ed9c m\u1ea1c c\u1ee7a khu ngh\u1ec9 m\u00e1t.<\/p>\n<div id=\"attachment_160392\" style=\"width: 650px\" class=\"wp-caption aligncenter\"><img loading=\"lazy\" decoding=\"async\" aria-describedby=\"caption-attachment-160392\" class=\"wp-image-160392 size-full\" title=\"\u1ea2nh:Tu\u0301 Uy\u00ean\" src=\"https:\/\/cdn3.ivivu.com\/2016\/08\/rock-water-bay-phan-thiet-ivivu-61.jpg\" alt=\"\u1ea2nh:Tu\u0301 Uy\u00ean\" width=\"640\" height=\"640\" srcset=\"https:\/\/cdn3.ivivu.com\/2016\/08\/rock-water-bay-phan-thiet-ivivu-61.jpg 640w, https:\/\/cdn3.ivivu.com\/2016\/08\/rock-water-bay-phan-thiet-ivivu-61-305x305.jpg 305w, https:\/\/cdn3.ivivu.com\/2016\/08\/rock-water-bay-phan-thiet-ivivu-61-75x75.jpg 75w\" sizes=\"(max-width: 640px) 100vw, 640px\" \/><p id=\"caption-attachment-160392\" class=\"wp-caption-text\">\u1ea2nh: Tu\u0301 Uy\u00ean<\/p><\/div>\n<div id=\"attachment_160391\" style=\"width: 1090px\" class=\"wp-caption aligncenter\"><img loading=\"lazy\" decoding=\"async\" aria-describedby=\"caption-attachment-160391\" class=\"wp-image-160391 size-full\" title=\"\u1ea2nh:@Courtney Thach\" src=\"https:\/\/cdn3.ivivu.com\/2016\/08\/rock-water-bay-phan-thiet-ivivu-51.jpg\" alt=\"\u1ea2nh:@Courtney Thach\" width=\"1080\" height=\"822\" srcset=\"https:\/\/cdn3.ivivu.com\/2016\/08\/rock-water-bay-phan-thiet-ivivu-51.jpg 1080w, https:\/\/cdn3.ivivu.com\/2016\/08\/rock-water-bay-phan-thiet-ivivu-51-401x305.jpg 401w, https:\/\/cdn3.ivivu.com\/2016\/08\/rock-water-bay-phan-thiet-ivivu-51-1024x779.jpg 1024w\" sizes=\"(max-width: 1080px) 100vw, 1080px\" \/><p id=\"caption-attachment-160391\" class=\"wp-caption-text\">\u1ea2nh:@Courtney Thach<\/p><\/div>\n<p style=\"text-align: justify;\">Ngo\u00e0i ra, l\u01b0u tr\u00fa t\u1ea1i Rock Water Bay du kh\u00e1ch s\u1ebd \u0111\u01b0\u1ee3c cung c\u1ea5p \u0111\u1ea7y \u0111\u1ee7 m\u1ecdi d\u1ecbch v\u1ee5 cho chuy\u1ebfn ngh\u1ec9 d\u01b0\u1ee1ng tr\u1ecdn v\u1eb9n v\u1edbi c\u00e1c ho\u1ea1t \u0111\u1ed9ng \u0111a d\u1ea1ng nh\u01b0 vui ch\u01a1i t\u1eafm bi\u1ec3n, t\u1eafm h\u1ed3 b\u01a1i n\u01b0\u1edbc m\u1eb7n, h\u1ed3 th\u1ee7y l\u1ef1c, th\u01b0\u1edfng th\u1ee9c \u1ea9m th\u1ef1c \u0111\u1eb7c s\u1eafc, th\u01b0 gi\u00e3n c\u00f9ng Ocean Spa, tham quan l\u00e0ng ch\u00e0i v\u00e0 ng\u1ecdn h\u1ea3i \u0111\u0103ng K\u00ea G\u00e0 n\u1ed5i ti\u1ebfng,\u2026<\/p>\n<h4 style=\"text-align: center;\"><strong><div class=\"ltt-contentbox white\"><\/span>Click \u0111\u1eb7t ngay\u00a0<a href=\"https:\/\/www.ivivu.com\/khach-san-phan-thiet\/khu-nghi-duong-rock-water-bay-beach-phan-thiet?utm_source=blog_ivivu&amp;utm_medium=post_link&amp;utm_campaign=internal\" target=\"_blank\">Khu ngh\u1ec9 d\u01b0\u1ee1ng Rock Water Bay Beach Phan Thi\u1ebft<\/a>\u00a0gi\u00e1 khuy\u1ebfn m\u00e3i ch\u1ec9 t\u1eeb 972.000 \u0111\u1ed3ng<\/div> <\/strong><\/h4>\n<p style=\"text-align: right;\"><strong>Theo iVIVU.com<\/strong><\/p>\n<p><strong><div class=\"ltt-contentbox white\"><\/span><\/strong><\/p>\n<p><strong>\u00a0Xem th\u00eam c\u00e1c b\u00e0i vi\u1ebft:<\/strong><\/p>\n<p><strong><a href=\"https:\/\/www.ivivu.com\/blog\/2016\/08\/can-canh-ho-boi-nuoc-man-vuon-ra-bien-doc-dao-tai-rock-water-bay-beach-phan-thiet\/\" target=\"_blank\">C\u1eadn c\u1ea3nh h\u1ed3 b\u01a1i n\u01b0\u1edbc m\u1eb7n v\u01b0\u01a1n ra bi\u1ec3n \u0111\u1ed9c \u0111\u00e1o t\u1ea1i Rock Water Bay Beach Phan Thi\u1ebft<\/a><\/strong><\/p>\n<p><strong><a href=\"https:\/\/www.ivivu.com\/blog\/2016\/03\/10-diem-check-in-khong-the-bo-qua-khi-du-lich-phan-thiet\/\" target=\"_blank\">10 \u0111i\u1ec3m check-in kh\u00f4ng th\u1ec3 b\u1ecf qua khi du l\u1ecbch Phan Thi\u1ebft<\/a><\/strong><\/p>\n<p><strong><a href=\"https:\/\/www.ivivu.com\/blog\/2015\/12\/du-lich-phan-thiet-dung-quen-ghe-tham-bau-trang\/\" target=\"_blank\">Du l\u1ecbch Phan Thi\u1ebft \u0111\u1eebng qu\u00ean gh\u00e9 th\u0103m B\u00e0u Tr\u1eafng<\/a><\/strong><\/p>\n<p><strong><\/div><\/strong><\/p>\n<h3><div class=\"ltt-contentbox white\"><\/span>\u0110\u1eb7t ph\u00f2ng <a href=\"https:\/\/www.ivivu.com\/khach-san-phan-thiet?utm_source=blog_ivivu&amp;utm_medium=post_link&amp;utm_campaign=internal\" target=\"_blank\">kh\u00e1ch s\u1ea1n t\u1ea1i Phan Thi\u1ebft <\/a>v\u1edbi gi\u00e1 c\u1ef1c \u01b0u \u0111\u00e3i \u0111\u1ebfn t\u1eeb iVIVU.com<\/div><\/h3>\n<p><strong>***<\/strong><\/p>\n<p><strong>Tham kh\u1ea3o: <a href=\"https:\/\/www.ivivu.com\/blog\" target=\"_blank\">C\u1ea9m nang du l\u1ecbch iVIVU.com<\/a><\/strong><\/p>\n","protected":false},"excerpt":{"rendered":"<p>3 \u0111i\u1ec3m l\u01b0u tr\u00fa n\u00e0y \u0111\u1ec1u \u0111\u00e1p \u1ee9ng \u0111\u1ea7y \u0111\u1ee7 y\u1ebfu t\u1ed1 &#8220;sang ch\u1ea3nh&#8221; m\u00e0 b\u1ea1n c\u1ea7n cho m\u1ed9t chuy\u1ebfn ngh\u1ec9 d\u01b0\u1ee1ng nh\u01b0: h\u1ed3 b\u01a1i, ph\u00f2ng ng\u1ee7 view bi\u1ec3n, b\u00e3i bi\u1ec3n ri\u00eang,&#8230; m\u00e0 \u0111\u1eb7c bi\u1ec7t l\u00e0 gi\u00e1 c\u1ef1c &#8220;h\u1ea1t d\u1ebb&#8221;,&#8230;<\/p>\n","protected":false},"author":31,"featured_media":160393,"comment_status":"closed","ping_status":"open","sticky":false,"template":"","format":"standard","meta":{"_acf_changed":false,"footnotes":""},"categories":[238,229,797,806,14742],"tags":[3594,16318,127,5185,5188,10598,5189,5973,5195],"acf":[],"yoast_head":"<!-- This site is optimized with the Yoast SEO Premium plugin v22.6 (Yoast SEO v22.6) - https:\/\/yoast.com\/wordpress\/plugins\/seo\/ -->\n<title>Du l\u1ecbch Phan Thi\u1ebft d\u1ecbp l\u1ec5 2\/9 v\u00e0 \u0111\u00e2y l\u00e0 3 \u0111i\u1ec3m l\u01b0u tr\u00fa h\u1ea5p d\u1eabn d\u00e0nh cho b\u1ea1n - iVIVU.com<\/title>\n<meta name=\"description\" content=\"Du l\u1ecbch Phan Thi\u1ebft d\u1ecbp l\u1ec5 2\/9 v\u00e0 \u0111\u1eebng qu\u00ean \u0111\u1eb7t ph\u00f2ng \u1edf 3 \u0111i\u1ec3m l\u01b0u tr\u00fa kh\u00e1 &quot;sang ch\u1ea3nh&quot; nh\u01b0ng gi\u00e1 v\u00f4 c\u00f9ng &quot;h\u1ea1t d\u1ebb&quot; m\u00e0 iVIVU.com gi\u1edbi thi\u1ec7u d\u01b0\u1edbi \u0111\u00e2y nh\u00e9!\" \/>\n<meta name=\"robots\" content=\"index, follow, max-snippet:-1, max-image-preview:large, max-video-preview:-1\" \/>\n<link rel=\"canonical\" href=\"https:\/\/www.ivivu.com\/blog\/2016\/08\/du-lich-phan-thiet-dip-le-29-va-day-la-3-diem-luu-tru-hap-dan-danh-cho-ban\/\" \/>\n<meta name=\"twitter:label1\" content=\"\u0110\u01b0\u1ee3c vi\u1ebft b\u1edfi\" \/>\n\t<meta name=\"twitter:data1\" content=\"Tr\u1ecbnh L\u00e2m\" \/>\n\t<meta name=\"twitter:label2\" content=\"\u01af\u1edbc t\u00ednh th\u1eddi gian \u0111\u1ecdc\" \/>\n\t<meta name=\"twitter:data2\" content=\"7 ph\u00fat\" \/>\n<script type=\"application\/ld+json\" class=\"yoast-schema-graph\">{\"@context\":\"https:\/\/schema.org\",\"@graph\":[{\"@type\":\"Article\",\"@id\":\"https:\/\/www.ivivu.com\/blog\/2016\/08\/du-lich-phan-thiet-dip-le-29-va-day-la-3-diem-luu-tru-hap-dan-danh-cho-ban\/#article\",\"isPartOf\":{\"@id\":\"https:\/\/www.ivivu.com\/blog\/2016\/08\/du-lich-phan-thiet-dip-le-29-va-day-la-3-diem-luu-tru-hap-dan-danh-cho-ban\/\"},\"author\":{\"name\":\"Tr\u1ecbnh L\u00e2m\",\"@id\":\"https:\/\/www.ivivu.com\/blog\/#\/schema\/person\/b98886072f55c18603c011b213b164eb\"},\"headline\":\"Du l\u1ecbch Phan Thi\u1ebft d\u1ecbp l\u1ec5 2\/9 v\u00e0 \u0111\u00e2y l\u00e0 3 \u0111i\u1ec3m l\u01b0u tr\u00fa h\u1ea5p d\u1eabn d\u00e0nh cho b\u1ea1n\",\"datePublished\":\"2016-08-16T08:38:09+00:00\",\"dateModified\":\"2016-08-16T04:38:58+00:00\",\"mainEntityOfPage\":{\"@id\":\"https:\/\/www.ivivu.com\/blog\/2016\/08\/du-lich-phan-thiet-dip-le-29-va-day-la-3-diem-luu-tru-hap-dan-danh-cho-ban\/\"},\"wordCount\":1408,\"publisher\":{\"@id\":\"https:\/\/www.ivivu.com\/blog\/#organization\"},\"image\":{\"@id\":\"https:\/\/www.ivivu.com\/blog\/2016\/08\/du-lich-phan-thiet-dip-le-29-va-day-la-3-diem-luu-tru-hap-dan-danh-cho-ban\/#primaryimage\"},\"thumbnailUrl\":\"https:\/\/cdn3.ivivu.com\/2016\/08\/rock-water-bay-phan-thiet-ivivu-91.jpg\",\"keywords\":[\"du l\u1ecbch 2\/9\",\"du l\u1ecbch d\u1ecbp 2\/9\",\"Du l\u1ecbch Phan Thi\u00eat\",\"\u0111i\u1ec3m \u0111\u1ebfn phan thi\u1ebft\",\"kh\u00e1ch s\u1ea1n phan thi\u1ebft\",\"khu ngh\u1ec9 d\u01b0\u1ee1ng Phan Thi\u1ebft\",\"kinh nghi\u1ec7m du l\u1ecbch phan thi\u1ebft\",\"Resort Phan Thi\u1ebft\",\"tour du l\u1ecbch phan thi\u1ebft\"],\"articleSection\":[\"Du l\u1ecbch Phan Thi\u1ebft\",\"DU L\u1ecaCH VI\u1ec6T NAM\",\"Khuy\u1ebfn M\u00e3i\",\"N\u1ed5i B\u1eadt\",\"N\u1ed5i B\u1eadt 2\"],\"inLanguage\":\"vi\"},{\"@type\":\"WebPage\",\"@id\":\"https:\/\/www.ivivu.com\/blog\/2016\/08\/du-lich-phan-thiet-dip-le-29-va-day-la-3-diem-luu-tru-hap-dan-danh-cho-ban\/\",\"url\":\"https:\/\/www.ivivu.com\/blog\/2016\/08\/du-lich-phan-thiet-dip-le-29-va-day-la-3-diem-luu-tru-hap-dan-danh-cho-ban\/\",\"name\":\"Du l\u1ecbch Phan Thi\u1ebft d\u1ecbp l\u1ec5 2\/9 v\u00e0 \u0111\u00e2y l\u00e0 3 \u0111i\u1ec3m l\u01b0u tr\u00fa h\u1ea5p d\u1eabn d\u00e0nh cho b\u1ea1n - iVIVU.com\",\"isPartOf\":{\"@id\":\"https:\/\/www.ivivu.com\/blog\/#website\"},\"primaryImageOfPage\":{\"@id\":\"https:\/\/www.ivivu.com\/blog\/2016\/08\/du-lich-phan-thiet-dip-le-29-va-day-la-3-diem-luu-tru-hap-dan-danh-cho-ban\/#primaryimage\"},\"image\":{\"@id\":\"https:\/\/www.ivivu.com\/blog\/2016\/08\/du-lich-phan-thiet-dip-le-29-va-day-la-3-diem-luu-tru-hap-dan-danh-cho-ban\/#primaryimage\"},\"thumbnailUrl\":\"https:\/\/cdn3.ivivu.com\/2016\/08\/rock-water-bay-phan-thiet-ivivu-91.jpg\",\"datePublished\":\"2016-08-16T08:38:09+00:00\",\"dateModified\":\"2016-08-16T04:38:58+00:00\",\"description\":\"Du l\u1ecbch Phan Thi\u1ebft d\u1ecbp l\u1ec5 2\/9 v\u00e0 \u0111\u1eebng qu\u00ean \u0111\u1eb7t ph\u00f2ng \u1edf 3 \u0111i\u1ec3m l\u01b0u tr\u00fa kh\u00e1 \\\"sang ch\u1ea3nh\\\" nh\u01b0ng gi\u00e1 v\u00f4 c\u00f9ng \\\"h\u1ea1t d\u1ebb\\\" m\u00e0 iVIVU.com gi\u1edbi thi\u1ec7u d\u01b0\u1edbi \u0111\u00e2y nh\u00e9!\",\"breadcrumb\":{\"@id\":\"https:\/\/www.ivivu.com\/blog\/2016\/08\/du-lich-phan-thiet-dip-le-29-va-day-la-3-diem-luu-tru-hap-dan-danh-cho-ban\/#breadcrumb\"},\"inLanguage\":\"vi\",\"potentialAction\":[{\"@type\":\"ReadAction\",\"target\":[\"https:\/\/www.ivivu.com\/blog\/2016\/08\/du-lich-phan-thiet-dip-le-29-va-day-la-3-diem-luu-tru-hap-dan-danh-cho-ban\/\"]}]},{\"@type\":\"ImageObject\",\"inLanguage\":\"vi\",\"@id\":\"https:\/\/www.ivivu.com\/blog\/2016\/08\/du-lich-phan-thiet-dip-le-29-va-day-la-3-diem-luu-tru-hap-dan-danh-cho-ban\/#primaryimage\",\"url\":\"https:\/\/cdn3.ivivu.com\/2016\/08\/rock-water-bay-phan-thiet-ivivu-91.jpg\",\"contentUrl\":\"https:\/\/cdn3.ivivu.com\/2016\/08\/rock-water-bay-phan-thiet-ivivu-91.jpg\",\"width\":1080,\"height\":810,\"caption\":\"\u1ea2nh:@Thi\u00ean Nga\"},{\"@type\":\"BreadcrumbList\",\"@id\":\"https:\/\/www.ivivu.com\/blog\/2016\/08\/du-lich-phan-thiet-dip-le-29-va-day-la-3-diem-luu-tru-hap-dan-danh-cho-ban\/#breadcrumb\",\"itemListElement\":[{\"@type\":\"ListItem\",\"position\":1,\"name\":\"Home\",\"item\":\"https:\/\/www.ivivu.com\/blog\/\"},{\"@type\":\"ListItem\",\"position\":2,\"name\":\"Du l\u1ecbch Phan Thi\u1ebft d\u1ecbp l\u1ec5 2\/9 v\u00e0 \u0111\u00e2y l\u00e0 3 \u0111i\u1ec3m l\u01b0u tr\u00fa h\u1ea5p d\u1eabn d\u00e0nh cho b\u1ea1n\"}]},{\"@type\":\"WebSite\",\"@id\":\"https:\/\/www.ivivu.com\/blog\/#website\",\"url\":\"https:\/\/www.ivivu.com\/blog\/\",\"name\":\"C\u1ea9m nang du l\u1ecbch\",\"description\":\"\",\"publisher\":{\"@id\":\"https:\/\/www.ivivu.com\/blog\/#organization\"},\"potentialAction\":[{\"@type\":\"SearchAction\",\"target\":{\"@type\":\"EntryPoint\",\"urlTemplate\":\"https:\/\/www.ivivu.com\/blog\/?s={search_term_string}\"},\"query-input\":\"required name=search_term_string\"}],\"inLanguage\":\"vi\"},{\"@type\":\"Organization\",\"@id\":\"https:\/\/www.ivivu.com\/blog\/#organization\",\"name\":\"iVIVU.com\",\"url\":\"https:\/\/www.ivivu.com\/blog\/\",\"logo\":{\"@type\":\"ImageObject\",\"inLanguage\":\"vi\",\"@id\":\"https:\/\/www.ivivu.com\/blog\/#\/schema\/logo\/image\/\",\"url\":\"https:\/\/cdn3.ivivu.com\/2024\/01\/ivivu_no_slogan.png\",\"contentUrl\":\"https:\/\/cdn3.ivivu.com\/2024\/01\/ivivu_no_slogan.png\",\"width\":788,\"height\":565,\"caption\":\"iVIVU.com\"},\"image\":{\"@id\":\"https:\/\/www.ivivu.com\/blog\/#\/schema\/logo\/image\/\"},\"sameAs\":[\"https:\/\/www.facebook.com\/iVIVU\"]},{\"@type\":\"Person\",\"@id\":\"https:\/\/www.ivivu.com\/blog\/#\/schema\/person\/b98886072f55c18603c011b213b164eb\",\"name\":\"Tr\u1ecbnh L\u00e2m\",\"sameAs\":[\"https:\/\/www.ivivu.com\/blog\"],\"url\":\"https:\/\/www.ivivu.com\/blog\/author\/lam\/\"}]}<\/script>\n<!-- \/ Yoast SEO Premium plugin. -->","yoast_head_json":{"title":"Du l\u1ecbch Phan Thi\u1ebft d\u1ecbp l\u1ec5 2\/9 v\u00e0 \u0111\u00e2y l\u00e0 3 \u0111i\u1ec3m l\u01b0u tr\u00fa h\u1ea5p d\u1eabn d\u00e0nh cho b\u1ea1n - iVIVU.com","description":"Du l\u1ecbch Phan Thi\u1ebft d\u1ecbp l\u1ec5 2\/9 v\u00e0 \u0111\u1eebng qu\u00ean \u0111\u1eb7t ph\u00f2ng \u1edf 3 \u0111i\u1ec3m l\u01b0u tr\u00fa kh\u00e1 \"sang ch\u1ea3nh\" nh\u01b0ng gi\u00e1 v\u00f4 c\u00f9ng \"h\u1ea1t d\u1ebb\" m\u00e0 iVIVU.com gi\u1edbi thi\u1ec7u d\u01b0\u1edbi \u0111\u00e2y nh\u00e9!","robots":{"index":"index","follow":"follow","max-snippet":"max-snippet:-1","max-image-preview":"max-image-preview:large","max-video-preview":"max-video-preview:-1"},"canonical":"https:\/\/www.ivivu.com\/blog\/2016\/08\/du-lich-phan-thiet-dip-le-29-va-day-la-3-diem-luu-tru-hap-dan-danh-cho-ban\/","twitter_misc":{"\u0110\u01b0\u1ee3c vi\u1ebft b\u1edfi":"Tr\u1ecbnh L\u00e2m","\u01af\u1edbc t\u00ednh th\u1eddi gian \u0111\u1ecdc":"7 ph\u00fat"},"schema":{"@context":"https:\/\/schema.org","@graph":[{"@type":"Article","@id":"https:\/\/www.ivivu.com\/blog\/2016\/08\/du-lich-phan-thiet-dip-le-29-va-day-la-3-diem-luu-tru-hap-dan-danh-cho-ban\/#article","isPartOf":{"@id":"https:\/\/www.ivivu.com\/blog\/2016\/08\/du-lich-phan-thiet-dip-le-29-va-day-la-3-diem-luu-tru-hap-dan-danh-cho-ban\/"},"author":{"name":"Tr\u1ecbnh L\u00e2m","@id":"https:\/\/www.ivivu.com\/blog\/#\/schema\/person\/b98886072f55c18603c011b213b164eb"},"headline":"Du l\u1ecbch Phan Thi\u1ebft d\u1ecbp l\u1ec5 2\/9 v\u00e0 \u0111\u00e2y l\u00e0 3 \u0111i\u1ec3m l\u01b0u tr\u00fa h\u1ea5p d\u1eabn d\u00e0nh cho b\u1ea1n","datePublished":"2016-08-16T08:38:09+00:00","dateModified":"2016-08-16T04:38:58+00:00","mainEntityOfPage":{"@id":"https:\/\/www.ivivu.com\/blog\/2016\/08\/du-lich-phan-thiet-dip-le-29-va-day-la-3-diem-luu-tru-hap-dan-danh-cho-ban\/"},"wordCount":1408,"publisher":{"@id":"https:\/\/www.ivivu.com\/blog\/#organization"},"image":{"@id":"https:\/\/www.ivivu.com\/blog\/2016\/08\/du-lich-phan-thiet-dip-le-29-va-day-la-3-diem-luu-tru-hap-dan-danh-cho-ban\/#primaryimage"},"thumbnailUrl":"https:\/\/cdn3.ivivu.com\/2016\/08\/rock-water-bay-phan-thiet-ivivu-91.jpg","keywords":["du l\u1ecbch 2\/9","du l\u1ecbch d\u1ecbp 2\/9","Du l\u1ecbch Phan Thi\u00eat","\u0111i\u1ec3m \u0111\u1ebfn phan thi\u1ebft","kh\u00e1ch s\u1ea1n phan thi\u1ebft","khu ngh\u1ec9 d\u01b0\u1ee1ng Phan Thi\u1ebft","kinh nghi\u1ec7m du l\u1ecbch phan thi\u1ebft","Resort Phan Thi\u1ebft","tour du l\u1ecbch phan thi\u1ebft"],"articleSection":["Du l\u1ecbch Phan Thi\u1ebft","DU L\u1ecaCH VI\u1ec6T NAM","Khuy\u1ebfn M\u00e3i","N\u1ed5i B\u1eadt","N\u1ed5i B\u1eadt 2"],"inLanguage":"vi"},{"@type":"WebPage","@id":"https:\/\/www.ivivu.com\/blog\/2016\/08\/du-lich-phan-thiet-dip-le-29-va-day-la-3-diem-luu-tru-hap-dan-danh-cho-ban\/","url":"https:\/\/www.ivivu.com\/blog\/2016\/08\/du-lich-phan-thiet-dip-le-29-va-day-la-3-diem-luu-tru-hap-dan-danh-cho-ban\/","name":"Du l\u1ecbch Phan Thi\u1ebft d\u1ecbp l\u1ec5 2\/9 v\u00e0 \u0111\u00e2y l\u00e0 3 \u0111i\u1ec3m l\u01b0u tr\u00fa h\u1ea5p d\u1eabn d\u00e0nh cho b\u1ea1n - iVIVU.com","isPartOf":{"@id":"https:\/\/www.ivivu.com\/blog\/#website"},"primaryImageOfPage":{"@id":"https:\/\/www.ivivu.com\/blog\/2016\/08\/du-lich-phan-thiet-dip-le-29-va-day-la-3-diem-luu-tru-hap-dan-danh-cho-ban\/#primaryimage"},"image":{"@id":"https:\/\/www.ivivu.com\/blog\/2016\/08\/du-lich-phan-thiet-dip-le-29-va-day-la-3-diem-luu-tru-hap-dan-danh-cho-ban\/#primaryimage"},"thumbnailUrl":"https:\/\/cdn3.ivivu.com\/2016\/08\/rock-water-bay-phan-thiet-ivivu-91.jpg","datePublished":"2016-08-16T08:38:09+00:00","dateModified":"2016-08-16T04:38:58+00:00","description":"Du l\u1ecbch Phan Thi\u1ebft d\u1ecbp l\u1ec5 2\/9 v\u00e0 \u0111\u1eebng qu\u00ean \u0111\u1eb7t ph\u00f2ng \u1edf 3 \u0111i\u1ec3m l\u01b0u tr\u00fa kh\u00e1 \"sang ch\u1ea3nh\" nh\u01b0ng gi\u00e1 v\u00f4 c\u00f9ng \"h\u1ea1t d\u1ebb\" m\u00e0 iVIVU.com gi\u1edbi thi\u1ec7u d\u01b0\u1edbi \u0111\u00e2y nh\u00e9!","breadcrumb":{"@id":"https:\/\/www.ivivu.com\/blog\/2016\/08\/du-lich-phan-thiet-dip-le-29-va-day-la-3-diem-luu-tru-hap-dan-danh-cho-ban\/#breadcrumb"},"inLanguage":"vi","potentialAction":[{"@type":"ReadAction","target":["https:\/\/www.ivivu.com\/blog\/2016\/08\/du-lich-phan-thiet-dip-le-29-va-day-la-3-diem-luu-tru-hap-dan-danh-cho-ban\/"]}]},{"@type":"ImageObject","inLanguage":"vi","@id":"https:\/\/www.ivivu.com\/blog\/2016\/08\/du-lich-phan-thiet-dip-le-29-va-day-la-3-diem-luu-tru-hap-dan-danh-cho-ban\/#primaryimage","url":"https:\/\/cdn3.ivivu.com\/2016\/08\/rock-water-bay-phan-thiet-ivivu-91.jpg","contentUrl":"https:\/\/cdn3.ivivu.com\/2016\/08\/rock-water-bay-phan-thiet-ivivu-91.jpg","width":1080,"height":810,"caption":"\u1ea2nh:@Thi\u00ean Nga"},{"@type":"BreadcrumbList","@id":"https:\/\/www.ivivu.com\/blog\/2016\/08\/du-lich-phan-thiet-dip-le-29-va-day-la-3-diem-luu-tru-hap-dan-danh-cho-ban\/#breadcrumb","itemListElement":[{"@type":"ListItem","position":1,"name":"Home","item":"https:\/\/www.ivivu.com\/blog\/"},{"@type":"ListItem","position":2,"name":"Du l\u1ecbch Phan Thi\u1ebft d\u1ecbp l\u1ec5 2\/9 v\u00e0 \u0111\u00e2y l\u00e0 3 \u0111i\u1ec3m l\u01b0u tr\u00fa h\u1ea5p d\u1eabn d\u00e0nh cho b\u1ea1n"}]},{"@type":"WebSite","@id":"https:\/\/www.ivivu.com\/blog\/#website","url":"https:\/\/www.ivivu.com\/blog\/","name":"C\u1ea9m nang du l\u1ecbch","description":"","publisher":{"@id":"https:\/\/www.ivivu.com\/blog\/#organization"},"potentialAction":[{"@type":"SearchAction","target":{"@type":"EntryPoint","urlTemplate":"https:\/\/www.ivivu.com\/blog\/?s={search_term_string}"},"query-input":"required name=search_term_string"}],"inLanguage":"vi"},{"@type":"Organization","@id":"https:\/\/www.ivivu.com\/blog\/#organization","name":"iVIVU.com","url":"https:\/\/www.ivivu.com\/blog\/","logo":{"@type":"ImageObject","inLanguage":"vi","@id":"https:\/\/www.ivivu.com\/blog\/#\/schema\/logo\/image\/","url":"https:\/\/cdn3.ivivu.com\/2024\/01\/ivivu_no_slogan.png","contentUrl":"https:\/\/cdn3.ivivu.com\/2024\/01\/ivivu_no_slogan.png","width":788,"height":565,"caption":"iVIVU.com"},"image":{"@id":"https:\/\/www.ivivu.com\/blog\/#\/schema\/logo\/image\/"},"sameAs":["https:\/\/www.facebook.com\/iVIVU"]},{"@type":"Person","@id":"https:\/\/www.ivivu.com\/blog\/#\/schema\/person\/b98886072f55c18603c011b213b164eb","name":"Tr\u1ecbnh L\u00e2m","sameAs":["https:\/\/www.ivivu.com\/blog"],"url":"https:\/\/www.ivivu.com\/blog\/author\/lam\/"}]}},"_links":{"self":[{"href":"https:\/\/www.ivivu.com\/blog\/wp-json\/wp\/v2\/posts\/160358"}],"collection":[{"href":"https:\/\/www.ivivu.com\/blog\/wp-json\/wp\/v2\/posts"}],"about":[{"href":"https:\/\/www.ivivu.com\/blog\/wp-json\/wp\/v2\/types\/post"}],"author":[{"embeddable":true,"href":"https:\/\/www.ivivu.com\/blog\/wp-json\/wp\/v2\/users\/31"}],"replies":[{"embeddable":true,"href":"https:\/\/www.ivivu.com\/blog\/wp-json\/wp\/v2\/comments?post=160358"}],"version-history":[{"count":6,"href":"https:\/\/www.ivivu.com\/blog\/wp-json\/wp\/v2\/posts\/160358\/revisions"}],"predecessor-version":[{"id":160631,"href":"https:\/\/www.ivivu.com\/blog\/wp-json\/wp\/v2\/posts\/160358\/revisions\/160631"}],"wp:featuredmedia":[{"embeddable":true,"href":"https:\/\/www.ivivu.com\/blog\/wp-json\/wp\/v2\/media\/160393"}],"wp:attachment":[{"href":"https:\/\/www.ivivu.com\/blog\/wp-json\/wp\/v2\/media?parent=160358"}],"wp:term":[{"taxonomy":"category","embeddable":true,"href":"https:\/\/www.ivivu.com\/blog\/wp-json\/wp\/v2\/categories?post=160358"},{"taxonomy":"post_tag","embeddable":true,"href":"https:\/\/www.ivivu.com\/blog\/wp-json\/wp\/v2\/tags?post=160358"}],"curies":[{"name":"wp","href":"https:\/\/api.w.org\/{rel}","templated":true}]}}