{"id":166025,"date":"2016-09-15T10:31:42","date_gmt":"2016-09-15T03:31:42","guid":{"rendered":"https:\/\/www.ivivu.com\/blog\/?p=166025"},"modified":"2016-09-15T09:32:21","modified_gmt":"2016-09-15T02:32:21","slug":"nhung-diem-den-khong-the-bo-qua-o-barcelona","status":"publish","type":"post","link":"https:\/\/www.ivivu.com\/blog\/2016\/09\/nhung-diem-den-khong-the-bo-qua-o-barcelona\/","title":{"rendered":"Nh\u1eefng \u0111i\u1ec3m \u0111\u1ebfn kh\u00f4ng th\u1ec3 b\u1ecf qua \u1edf Barcelona"},"content":{"rendered":"<p style=\"text-align: justify;\"><em><strong>Ch\u1ee3 \u1ea9m th\u1ef1c La Boqueria, ng\u00f4i nh\u00e0 Casa Batllo c\u00f3 ki\u1ebfn tr\u00fac \u0111\u1ed9c \u0111\u00e1o hay \u0111\u1ea1i l\u1ed9 La Rambla l\u00fac n\u00e0o c\u0169ng r\u1ed9n b\u01b0\u1edbc ch\u00e2n du kh\u00e1ch l\u00e0 \u0111\u1ecba \u0111i\u1ec3m nh\u1ea5t \u0111\u1ecbnh b\u1ea1n ph\u1ea3i t\u1edbi \u1edf Barcelona &#8211; th\u1ee7 ph\u1ee7 x\u1ee9 Catalan.<\/strong><\/em><!--more--><\/p>\n<h2>Nh\u1eefng \u0111i\u1ec3m \u0111\u1ebfn kh\u00f4ng th\u1ec3 b\u1ecf qua khi du l\u1ecbch Barcelona<\/h2>\n<div id=\"attachment_166026\" style=\"width: 670px\" class=\"wp-caption aligncenter\"><img loading=\"lazy\" decoding=\"async\" aria-describedby=\"caption-attachment-166026\" class=\"wp-image-166026 size-full\" title=\"La Boqueria, m\u1ed9t trong nh\u1eefng \u0111i\u1ec3m du l\u1ecbch n\u1ed5i ti\u1ebfng nh\u1ea5t Barcelona v\u00e0 c\u0169ng trong s\u1ed1 c\u00e1c ch\u1ee3 n\u1ed5i ti\u1ebfng nh\u1ea5t ch\u00e2u \u00c2u. N\u1eb1m tr\u00ean \u0111\u1ea1i l\u1ed9 La Rambla, khu ch\u1ee3 trong nh\u00e0 r\u1ed9ng l\u1edbn n\u00e0y b\u00e0y b\u00e1n m\u1ecdi th\u1ee9 t\u1eeb rau qu\u1ea3 t\u01b0\u01a1i \u0111\u1ebfn h\u1ea3i s\u1ea3n v\u00e0 c\u00e1c lo\u1ea1i gia v\u1ecb ch\u1ebf bi\u1ebfn. \u1ea2nh: H\u01b0\u01a1ng Chi\" src=\"https:\/\/cdn3.ivivu.com\/2016\/09\/nhung-diem-den-khong-the-bo-qua-o-barcelona-ivivu-1.jpg\" alt=\"La Boqueria, m\u1ed9t trong nh\u1eefng \u0111i\u1ec3m du l\u1ecbch n\u1ed5i ti\u1ebfng nh\u1ea5t Barcelona v\u00e0 c\u0169ng trong s\u1ed1 c\u00e1c ch\u1ee3 n\u1ed5i ti\u1ebfng nh\u1ea5t ch\u00e2u \u00c2u. N\u1eb1m tr\u00ean \u0111\u1ea1i l\u1ed9 La Rambla, khu ch\u1ee3 trong nh\u00e0 r\u1ed9ng l\u1edbn n\u00e0y b\u00e0y b\u00e1n m\u1ecdi th\u1ee9 t\u1eeb rau qu\u1ea3 t\u01b0\u01a1i \u0111\u1ebfn h\u1ea3i s\u1ea3n v\u00e0 c\u00e1c lo\u1ea1i gia v\u1ecb ch\u1ebf bi\u1ebfn. \u1ea2nh: H\u01b0\u01a1ng Chi\" width=\"660\" height=\"440\" srcset=\"https:\/\/cdn3.ivivu.com\/2016\/09\/nhung-diem-den-khong-the-bo-qua-o-barcelona-ivivu-1.jpg 660w, https:\/\/cdn3.ivivu.com\/2016\/09\/nhung-diem-den-khong-the-bo-qua-o-barcelona-ivivu-1-458x305.jpg 458w\" sizes=\"(max-width: 660px) 100vw, 660px\" \/><p id=\"caption-attachment-166026\" class=\"wp-caption-text\">La Boqueria, m\u1ed9t trong nh\u1eefng \u0111i\u1ec3m du l\u1ecbch n\u1ed5i ti\u1ebfng nh\u1ea5t Barcelona v\u00e0 c\u0169ng trong s\u1ed1 c\u00e1c ch\u1ee3 n\u1ed5i ti\u1ebfng nh\u1ea5t ch\u00e2u \u00c2u. N\u1eb1m tr\u00ean \u0111\u1ea1i l\u1ed9 La Rambla, khu ch\u1ee3 trong nh\u00e0 r\u1ed9ng l\u1edbn n\u00e0y b\u00e0y b\u00e1n m\u1ecdi th\u1ee9 t\u1eeb rau qu\u1ea3 t\u01b0\u01a1i \u0111\u1ebfn h\u1ea3i s\u1ea3n v\u00e0 c\u00e1c lo\u1ea1i gia v\u1ecb ch\u1ebf bi\u1ebfn. \u1ea2nh: H\u01b0\u01a1ng Chi<\/p><\/div>\n<div id=\"attachment_166027\" style=\"width: 670px\" class=\"wp-caption aligncenter\"><img loading=\"lazy\" decoding=\"async\" aria-describedby=\"caption-attachment-166027\" class=\"wp-image-166027 size-full\" title=\"Ch\u1ee3 m\u1edf c\u1eeda t\u1eeb 8h \u0111\u1ebfn 20h30 c\u00e1c ng\u00e0y, tr\u1eeb ch\u1ee7 nh\u1eadt. Ai t\u1eebng \u0111\u1ebfn \u0111\u00e2y \u0111\u1ec1u b\u1ecb cu\u1ed1n h\u00fat b\u1edfi m\u00e0u s\u1eafc r\u1ef1c r\u1ee1 c\u1ee7a nh\u1eefng gian h\u00e0ng b\u00e1nh k\u1eb9o, s\u1ef1 t\u01b0\u01a1i ngon c\u1ee7a c\u00e1c lo\u1ea1i h\u1ea3i s\u1ea3n, kh\u00f4ng kh\u00ed nh\u1ed9n nh\u1ecbp c\u00f9ng gi\u00e1 c\u1ea3 ph\u1ea3i ch\u0103ng. \u1ea2nh: H\u01b0\u01a1ng Chi\" src=\"https:\/\/cdn3.ivivu.com\/2016\/09\/nhung-diem-den-khong-the-bo-qua-o-barcelona-ivivu-2.jpg\" alt=\"Ch\u1ee3 m\u1edf c\u1eeda t\u1eeb 8h \u0111\u1ebfn 20h30 c\u00e1c ng\u00e0y, tr\u1eeb ch\u1ee7 nh\u1eadt. Ai t\u1eebng \u0111\u1ebfn \u0111\u00e2y \u0111\u1ec1u b\u1ecb cu\u1ed1n h\u00fat b\u1edfi m\u00e0u s\u1eafc r\u1ef1c r\u1ee1 c\u1ee7a nh\u1eefng gian h\u00e0ng b\u00e1nh k\u1eb9o, s\u1ef1 t\u01b0\u01a1i ngon c\u1ee7a c\u00e1c lo\u1ea1i h\u1ea3i s\u1ea3n, kh\u00f4ng kh\u00ed nh\u1ed9n nh\u1ecbp c\u00f9ng gi\u00e1 c\u1ea3 ph\u1ea3i ch\u0103ng. \u1ea2nh: H\u01b0\u01a1ng Chi\" width=\"660\" height=\"495\" srcset=\"https:\/\/cdn3.ivivu.com\/2016\/09\/nhung-diem-den-khong-the-bo-qua-o-barcelona-ivivu-2.jpg 660w, https:\/\/cdn3.ivivu.com\/2016\/09\/nhung-diem-den-khong-the-bo-qua-o-barcelona-ivivu-2-407x305.jpg 407w\" sizes=\"(max-width: 660px) 100vw, 660px\" \/><p id=\"caption-attachment-166027\" class=\"wp-caption-text\">Ch\u1ee3 m\u1edf c\u1eeda t\u1eeb 8h \u0111\u1ebfn 20h30 c\u00e1c ng\u00e0y, tr\u1eeb ch\u1ee7 nh\u1eadt. Ai t\u1eebng \u0111\u1ebfn \u0111\u00e2y \u0111\u1ec1u b\u1ecb cu\u1ed1n h\u00fat b\u1edfi m\u00e0u s\u1eafc r\u1ef1c r\u1ee1 c\u1ee7a nh\u1eefng gian h\u00e0ng b\u00e1nh k\u1eb9o, s\u1ef1 t\u01b0\u01a1i ngon c\u1ee7a c\u00e1c lo\u1ea1i h\u1ea3i s\u1ea3n, kh\u00f4ng kh\u00ed nh\u1ed9n nh\u1ecbp c\u00f9ng gi\u00e1 c\u1ea3 ph\u1ea3i ch\u0103ng. \u1ea2nh: H\u01b0\u01a1ng Chi<\/p><\/div>\n<div id=\"attachment_166028\" style=\"width: 670px\" class=\"wp-caption aligncenter\"><img loading=\"lazy\" decoding=\"async\" aria-describedby=\"caption-attachment-166028\" class=\"wp-image-166028 size-full\" title=\"\u0110\u1ea1i l\u1ed9 n\u1ed5i ti\u1ebfng La Rambla l\u00e0 \u0111i\u1ec3m &quot;check in&quot; c\u1ee7a h\u1ea7u h\u1ebft du kh\u00e1ch khi t\u1edbi Barcelona. N\u01a1i n\u00e0y t\u1eadp trung nhi\u1ec1u c\u1eeda hi\u1ec7u b\u00e1n \u0111\u1ed3 l\u01b0u ni\u1ec7m, nh\u00e0 h\u00e0ng \u0103n u\u1ed1ng, c\u00e1c m\u00e0n bi\u1ec3u di\u1ec5n ngh\u1ec7 thu\u1eadt \u0111\u01b0\u1eddng ph\u1ed1 h\u1ea5p d\u1eabn. \u0110\u00e2y c\u0169ng l\u00e0 &quot;\u0111\u1ea7u m\u1ed1i&quot; c\u1ee7a c\u00e1c ng\u00e3 r\u1ebd gi\u00fap du kh\u00e1ch kh\u00e1m ph\u00e1 Barcelona m\u00e0 kh\u00f4ng b\u1ecb l\u1ea1c. \u1ea2nh: H\u01b0\u01a1ng Chi\" src=\"https:\/\/cdn3.ivivu.com\/2016\/09\/nhung-diem-den-khong-the-bo-qua-o-barcelona-ivivu-3.jpg\" alt=\"\u0110\u1ea1i l\u1ed9 n\u1ed5i ti\u1ebfng La Rambla l\u00e0 \u0111i\u1ec3m &quot;check in&quot; c\u1ee7a h\u1ea7u h\u1ebft du kh\u00e1ch khi t\u1edbi Barcelona. N\u01a1i n\u00e0y t\u1eadp trung nhi\u1ec1u c\u1eeda hi\u1ec7u b\u00e1n \u0111\u1ed3 l\u01b0u ni\u1ec7m, nh\u00e0 h\u00e0ng \u0103n u\u1ed1ng, c\u00e1c m\u00e0n bi\u1ec3u di\u1ec5n ngh\u1ec7 thu\u1eadt \u0111\u01b0\u1eddng ph\u1ed1 h\u1ea5p d\u1eabn. \u0110\u00e2y c\u0169ng l\u00e0 &quot;\u0111\u1ea7u m\u1ed1i&quot; c\u1ee7a c\u00e1c ng\u00e3 r\u1ebd gi\u00fap du kh\u00e1ch kh\u00e1m ph\u00e1 Barcelona m\u00e0 kh\u00f4ng b\u1ecb l\u1ea1c. \u1ea2nh: H\u01b0\u01a1ng Chi\" width=\"660\" height=\"474\" srcset=\"https:\/\/cdn3.ivivu.com\/2016\/09\/nhung-diem-den-khong-the-bo-qua-o-barcelona-ivivu-3.jpg 660w, https:\/\/cdn3.ivivu.com\/2016\/09\/nhung-diem-den-khong-the-bo-qua-o-barcelona-ivivu-3-425x305.jpg 425w, https:\/\/cdn3.ivivu.com\/2016\/09\/nhung-diem-den-khong-the-bo-qua-o-barcelona-ivivu-3-50x35.jpg 50w\" sizes=\"(max-width: 660px) 100vw, 660px\" \/><p id=\"caption-attachment-166028\" class=\"wp-caption-text\">\u0110\u1ea1i l\u1ed9 n\u1ed5i ti\u1ebfng La Rambla l\u00e0 \u0111i\u1ec3m &#8220;check in&#8221; c\u1ee7a h\u1ea7u h\u1ebft du kh\u00e1ch khi t\u1edbi Barcelona. N\u01a1i n\u00e0y t\u1eadp trung nhi\u1ec1u c\u1eeda hi\u1ec7u b\u00e1n \u0111\u1ed3 l\u01b0u ni\u1ec7m, nh\u00e0 h\u00e0ng \u0103n u\u1ed1ng, c\u00e1c m\u00e0n bi\u1ec3u di\u1ec5n ngh\u1ec7 thu\u1eadt \u0111\u01b0\u1eddng ph\u1ed1 h\u1ea5p d\u1eabn. \u0110\u00e2y c\u0169ng l\u00e0 &#8220;\u0111\u1ea7u m\u1ed1i&#8221; c\u1ee7a c\u00e1c ng\u00e3 r\u1ebd gi\u00fap du kh\u00e1ch kh\u00e1m ph\u00e1 Barcelona m\u00e0 kh\u00f4ng b\u1ecb l\u1ea1c. \u1ea2nh: H\u01b0\u01a1ng Chi<\/p><\/div>\n<div id=\"attachment_166029\" style=\"width: 670px\" class=\"wp-caption aligncenter\"><img loading=\"lazy\" decoding=\"async\" aria-describedby=\"caption-attachment-166029\" class=\"wp-image-166029 size-full\" title=\"La Rambla b\u1ea5t k\u1ec3 ng\u00e0y hay \u0111\u00eam \u0111\u1ec1u t\u1ea5p n\u1eadp kh\u00e1ch qua l\u1ea1i. B\u1ea1n c\u00f3 th\u1ec3 nghe th\u1ea5y l\u1eddi ch\u00e0o m\u1eddi &quot;hola&quot; c\u1ee7a nh\u1eefng ng\u01b0\u1eddi b\u00e1n h\u00e0ng, ti\u1ebfng k\u00e9o vali c\u1ee7a r\u1ea5t nhi\u1ec1u du kh\u00e1ch tranh th\u1ee7 d\u1ea1o ph\u1ed1 v\u00e0 c\u1ea3 ti\u1ebfng chim h\u00f3t tr\u00ean h\u00e0ng c\u00e2y ven \u0111\u01b0\u1eddng. V\u00ec n\u1ed5i ti\u1ebfng \u0111\u00f4ng kh\u00e1ch n\u00ean La Rambla c\u0169ng l\u00e0 &quot;thi\u00ean \u0111\u01b0\u1eddng&quot; c\u1ee7a m\u00f3c t\u00fai, du kh\u00e1ch d\u1ea1o ch\u01a1i n\u00ean ch\u00fa \u00fd b\u1ea3o qu\u1ea3n \u0111\u1ed3. \u1ea2nh: H\u01b0\u01a1ng Chi\" src=\"https:\/\/cdn3.ivivu.com\/2016\/09\/nhung-diem-den-khong-the-bo-qua-o-barcelona-ivivu-4.jpg\" alt=\"La Rambla b\u1ea5t k\u1ec3 ng\u00e0y hay \u0111\u00eam \u0111\u1ec1u t\u1ea5p n\u1eadp kh\u00e1ch qua l\u1ea1i. B\u1ea1n c\u00f3 th\u1ec3 nghe th\u1ea5y l\u1eddi ch\u00e0o m\u1eddi &quot;hola&quot; c\u1ee7a nh\u1eefng ng\u01b0\u1eddi b\u00e1n h\u00e0ng, ti\u1ebfng k\u00e9o vali c\u1ee7a r\u1ea5t nhi\u1ec1u du kh\u00e1ch tranh th\u1ee7 d\u1ea1o ph\u1ed1 v\u00e0 c\u1ea3 ti\u1ebfng chim h\u00f3t tr\u00ean h\u00e0ng c\u00e2y ven \u0111\u01b0\u1eddng. V\u00ec n\u1ed5i ti\u1ebfng \u0111\u00f4ng kh\u00e1ch n\u00ean La Rambla c\u0169ng l\u00e0 &quot;thi\u00ean \u0111\u01b0\u1eddng&quot; c\u1ee7a m\u00f3c t\u00fai, du kh\u00e1ch d\u1ea1o ch\u01a1i n\u00ean ch\u00fa \u00fd b\u1ea3o qu\u1ea3n \u0111\u1ed3. \u1ea2nh: H\u01b0\u01a1ng Chi\" width=\"660\" height=\"428\" srcset=\"https:\/\/cdn3.ivivu.com\/2016\/09\/nhung-diem-den-khong-the-bo-qua-o-barcelona-ivivu-4.jpg 660w, https:\/\/cdn3.ivivu.com\/2016\/09\/nhung-diem-den-khong-the-bo-qua-o-barcelona-ivivu-4-470x305.jpg 470w\" sizes=\"(max-width: 660px) 100vw, 660px\" \/><p id=\"caption-attachment-166029\" class=\"wp-caption-text\">La Rambla b\u1ea5t k\u1ec3 ng\u00e0y hay \u0111\u00eam \u0111\u1ec1u t\u1ea5p n\u1eadp kh\u00e1ch qua l\u1ea1i. B\u1ea1n c\u00f3 th\u1ec3 nghe th\u1ea5y l\u1eddi ch\u00e0o m\u1eddi &#8220;hola&#8221; c\u1ee7a nh\u1eefng ng\u01b0\u1eddi b\u00e1n h\u00e0ng, ti\u1ebfng k\u00e9o vali c\u1ee7a r\u1ea5t nhi\u1ec1u du kh\u00e1ch tranh th\u1ee7 d\u1ea1o ph\u1ed1 v\u00e0 c\u1ea3 ti\u1ebfng chim h\u00f3t tr\u00ean h\u00e0ng c\u00e2y ven \u0111\u01b0\u1eddng. V\u00ec n\u1ed5i ti\u1ebfng \u0111\u00f4ng kh\u00e1ch n\u00ean La Rambla c\u0169ng l\u00e0 &#8220;thi\u00ean \u0111\u01b0\u1eddng&#8221; c\u1ee7a m\u00f3c t\u00fai, du kh\u00e1ch d\u1ea1o ch\u01a1i n\u00ean ch\u00fa \u00fd b\u1ea3o qu\u1ea3n \u0111\u1ed3. \u1ea2nh: H\u01b0\u01a1ng Chi<\/p><\/div>\n<div id=\"attachment_166030\" style=\"width: 670px\" class=\"wp-caption aligncenter\"><img loading=\"lazy\" decoding=\"async\" aria-describedby=\"caption-attachment-166030\" class=\"wp-image-166030 size-full\" title=\"Casa Batllo l\u00e0 m\u1ed9t trong nh\u1eefng t\u00e1c ph\u1ea9m n\u1ed5i ti\u1ebfng c\u1ee7a ki\u1ebfn tr\u00fac s\u01b0 \u0111\u1ea1i t\u00e0i T\u00e2y Ban Nha, Antoni Gaudi. Ng\u00f4i nh\u00e0 \u0111\u01b0\u1ee3c \u00f4ng thi\u1ebft k\u1ebf l\u1ea1i v\u00e0o n\u0103m 1904 v\u00e0 ch\u1ec9nh s\u1eeda m\u1ed9t v\u00e0i l\u1ea7n sau \u0111\u00f3. Gi\u1ed1ng nh\u01b0 nhi\u1ec1u c\u00f4ng tr\u00ecnh kh\u00e1c c\u1ee7a Gaudi, Casa Batllo \u0111\u1eadm n\u00e9t ki\u1ebfn tr\u00fac hi\u1ec7n \u0111\u1ea1i c\u1ee7a x\u1ee9 Catalan. \u1ede Barcelona c\u00f2n nhi\u1ec1u c\u00f4ng tr\u00ecnh kh\u00e1c c\u1ee7a Gaudi m\u00e0 du kh\u00e1ch c\u00f3 th\u1ec3 gh\u00e9 th\u0103m nh\u01b0 Casa Vincens, nh\u00e0 th\u1edd Sagrada Familia, Park Guell... \u1ea2nh: H\u01b0\u01a1ng Chi\" src=\"https:\/\/cdn3.ivivu.com\/2016\/09\/nhung-diem-den-khong-the-bo-qua-o-barcelona-ivivu-5.jpg\" alt=\"Casa Batllo l\u00e0 m\u1ed9t trong nh\u1eefng t\u00e1c ph\u1ea9m n\u1ed5i ti\u1ebfng c\u1ee7a ki\u1ebfn tr\u00fac s\u01b0 \u0111\u1ea1i t\u00e0i T\u00e2y Ban Nha, Antoni Gaudi. Ng\u00f4i nh\u00e0 \u0111\u01b0\u1ee3c \u00f4ng thi\u1ebft k\u1ebf l\u1ea1i v\u00e0o n\u0103m 1904 v\u00e0 ch\u1ec9nh s\u1eeda m\u1ed9t v\u00e0i l\u1ea7n sau \u0111\u00f3. Gi\u1ed1ng nh\u01b0 nhi\u1ec1u c\u00f4ng tr\u00ecnh kh\u00e1c c\u1ee7a Gaudi, Casa Batllo \u0111\u1eadm n\u00e9t ki\u1ebfn tr\u00fac hi\u1ec7n \u0111\u1ea1i c\u1ee7a x\u1ee9 Catalan. \u1ede Barcelona c\u00f2n nhi\u1ec1u c\u00f4ng tr\u00ecnh kh\u00e1c c\u1ee7a Gaudi m\u00e0 du kh\u00e1ch c\u00f3 th\u1ec3 gh\u00e9 th\u0103m nh\u01b0 Casa Vincens, nh\u00e0 th\u1edd Sagrada Familia, Park Guell... \u1ea2nh: H\u01b0\u01a1ng Chi\" width=\"660\" height=\"495\" srcset=\"https:\/\/cdn3.ivivu.com\/2016\/09\/nhung-diem-den-khong-the-bo-qua-o-barcelona-ivivu-5.jpg 660w, https:\/\/cdn3.ivivu.com\/2016\/09\/nhung-diem-den-khong-the-bo-qua-o-barcelona-ivivu-5-407x305.jpg 407w\" sizes=\"(max-width: 660px) 100vw, 660px\" \/><p id=\"caption-attachment-166030\" class=\"wp-caption-text\">Casa Batllo l\u00e0 m\u1ed9t trong nh\u1eefng t\u00e1c ph\u1ea9m n\u1ed5i ti\u1ebfng c\u1ee7a ki\u1ebfn tr\u00fac s\u01b0 \u0111\u1ea1i t\u00e0i T\u00e2y Ban Nha, Antoni Gaudi. Ng\u00f4i nh\u00e0 \u0111\u01b0\u1ee3c \u00f4ng thi\u1ebft k\u1ebf l\u1ea1i v\u00e0o n\u0103m 1904 v\u00e0 ch\u1ec9nh s\u1eeda m\u1ed9t v\u00e0i l\u1ea7n sau \u0111\u00f3. Gi\u1ed1ng nh\u01b0 nhi\u1ec1u c\u00f4ng tr\u00ecnh kh\u00e1c c\u1ee7a Gaudi, Casa Batllo \u0111\u1eadm n\u00e9t ki\u1ebfn tr\u00fac hi\u1ec7n \u0111\u1ea1i c\u1ee7a x\u1ee9 Catalan. \u1ede Barcelona c\u00f2n nhi\u1ec1u c\u00f4ng tr\u00ecnh kh\u00e1c c\u1ee7a Gaudi m\u00e0 du kh\u00e1ch c\u00f3 th\u1ec3 gh\u00e9 th\u0103m nh\u01b0 Casa Vincens, nh\u00e0 th\u1edd Sagrada Familia, Park Guell&#8230; \u1ea2nh: H\u01b0\u01a1ng Chi<\/p><\/div>\n<div id=\"attachment_166031\" style=\"width: 510px\" class=\"wp-caption aligncenter\"><img loading=\"lazy\" decoding=\"async\" aria-describedby=\"caption-attachment-166031\" class=\"wp-image-166031 size-full\" title=\"C\u00f4ng tr\u00ecnh m\u1edf c\u1eeda \u0111\u00f3n kh\u00e1ch t\u1eeb 9h \u0111\u1ebfn 21h h\u00e0ng ng\u00e0y v\u1edbi gi\u00e1 v\u00e9 tham quan l\u00e0 22 euro\/ ng\u01b0\u1eddi l\u1edbn, tr\u1ebb em d\u01b0\u1edbi 7 tu\u1ed5i \u0111\u01b0\u1ee3c mi\u1ec5n ph\u00ed. L\u00e0 m\u1ed9t bi\u1ec3u t\u01b0\u1ee3ng cho s\u1ef1 nghi\u1ec7p ki\u1ebfn tr\u00fac c\u1ee7a Antoni Gaudi, Casa Batllo thu h\u00fat r\u1ea5t \u0111\u00f4ng kh\u00e1ch tham quan m\u1ed7i ng\u00e0y. \u0110\u1ec3 kh\u00f4ng t\u1ed1n th\u1eddi gian x\u1ebfp h\u00e0ng mua v\u00e9, b\u1ea1n c\u00f3 th\u1ec3 \u0111\u1eb7t v\u00e9 tr\u00ean m\u1ea1ng. \u1ea2nh: H\u01b0\u01a1ng Chi.\" src=\"https:\/\/cdn3.ivivu.com\/2016\/09\/nhung-diem-den-khong-the-bo-qua-o-barcelona-ivivu-6.jpg\" alt=\"C\u00f4ng tr\u00ecnh m\u1edf c\u1eeda \u0111\u00f3n kh\u00e1ch t\u1eeb 9h \u0111\u1ebfn 21h h\u00e0ng ng\u00e0y v\u1edbi gi\u00e1 v\u00e9 tham quan l\u00e0 22 euro\/ ng\u01b0\u1eddi l\u1edbn, tr\u1ebb em d\u01b0\u1edbi 7 tu\u1ed5i \u0111\u01b0\u1ee3c mi\u1ec5n ph\u00ed. L\u00e0 m\u1ed9t bi\u1ec3u t\u01b0\u1ee3ng cho s\u1ef1 nghi\u1ec7p ki\u1ebfn tr\u00fac c\u1ee7a Antoni Gaudi, Casa Batllo thu h\u00fat r\u1ea5t \u0111\u00f4ng kh\u00e1ch tham quan m\u1ed7i ng\u00e0y. \u0110\u1ec3 kh\u00f4ng t\u1ed1n th\u1eddi gian x\u1ebfp h\u00e0ng mua v\u00e9, b\u1ea1n c\u00f3 th\u1ec3 \u0111\u1eb7t v\u00e9 tr\u00ean m\u1ea1ng. \u1ea2nh: H\u01b0\u01a1ng Chi.\" width=\"500\" height=\"667\" srcset=\"https:\/\/cdn3.ivivu.com\/2016\/09\/nhung-diem-den-khong-the-bo-qua-o-barcelona-ivivu-6.jpg 500w, https:\/\/cdn3.ivivu.com\/2016\/09\/nhung-diem-den-khong-the-bo-qua-o-barcelona-ivivu-6-229x305.jpg 229w\" sizes=\"(max-width: 500px) 100vw, 500px\" \/><p id=\"caption-attachment-166031\" class=\"wp-caption-text\">C\u00f4ng tr\u00ecnh m\u1edf c\u1eeda \u0111\u00f3n kh\u00e1ch t\u1eeb 9h \u0111\u1ebfn 21h h\u00e0ng ng\u00e0y v\u1edbi gi\u00e1 v\u00e9 tham quan l\u00e0 22 euro\/ ng\u01b0\u1eddi l\u1edbn, tr\u1ebb em d\u01b0\u1edbi 7 tu\u1ed5i \u0111\u01b0\u1ee3c mi\u1ec5n ph\u00ed. L\u00e0 m\u1ed9t bi\u1ec3u t\u01b0\u1ee3ng cho s\u1ef1 nghi\u1ec7p ki\u1ebfn tr\u00fac c\u1ee7a Antoni Gaudi, Casa Batllo thu h\u00fat r\u1ea5t \u0111\u00f4ng kh\u00e1ch tham quan m\u1ed7i ng\u00e0y. \u0110\u1ec3 kh\u00f4ng t\u1ed1n th\u1eddi gian x\u1ebfp h\u00e0ng mua v\u00e9, b\u1ea1n c\u00f3 th\u1ec3 \u0111\u1eb7t v\u00e9 tr\u00ean m\u1ea1ng. \u1ea2nh: H\u01b0\u01a1ng Chi.<\/p><\/div>\n<div id=\"attachment_166032\" style=\"width: 670px\" class=\"wp-caption aligncenter\"><img loading=\"lazy\" decoding=\"async\" aria-describedby=\"caption-attachment-166032\" class=\"wp-image-166032 size-full\" title=\"\u0110i h\u1ebft khu ph\u1ed1 nh\u1ed9n nh\u1ecbp La Rambla, b\u1ea1n s\u1ebd th\u1ea5y b\u1ebfn c\u1ea3ng Barcelona tr\u01b0\u1edbc m\u1eb7t c\u00f9ng v\u1edbi h\u00e0ng tr\u0103m t\u00e0u b\u00e8 v\u00e0 r\u1ea5t nhi\u1ec1u chim h\u1ea3i \u00e2u bay xung quanh. Ngay c\u1ea1nh t\u00f2a nh\u00e0 c\u1ee7a b\u1ebfn c\u1ea3ng Barcelona l\u00e0 c\u00f4ng tr\u00ecnh kh\u1eafc h\u1ecda h\u00ecnh \u1ea3nh nh\u00e0 th\u00e1m hi\u1ec3m Colombus m\u00e0 du kh\u00e1ch c\u00f3 th\u1ec3 ch\u1ee5p h\u00ecnh k\u1ef7 ni\u1ec7m. \u1ea2nh: H\u01b0\u01a1ng Chi.\" src=\"https:\/\/cdn3.ivivu.com\/2016\/09\/nhung-diem-den-khong-the-bo-qua-o-barcelona-ivivu-7.jpg\" alt=\"\u0110i h\u1ebft khu ph\u1ed1 nh\u1ed9n nh\u1ecbp La Rambla, b\u1ea1n s\u1ebd th\u1ea5y b\u1ebfn c\u1ea3ng Barcelona tr\u01b0\u1edbc m\u1eb7t c\u00f9ng v\u1edbi h\u00e0ng tr\u0103m t\u00e0u b\u00e8 v\u00e0 r\u1ea5t nhi\u1ec1u chim h\u1ea3i \u00e2u bay xung quanh. Ngay c\u1ea1nh t\u00f2a nh\u00e0 c\u1ee7a b\u1ebfn c\u1ea3ng Barcelona l\u00e0 c\u00f4ng tr\u00ecnh kh\u1eafc h\u1ecda h\u00ecnh \u1ea3nh nh\u00e0 th\u00e1m hi\u1ec3m Colombus m\u00e0 du kh\u00e1ch c\u00f3 th\u1ec3 ch\u1ee5p h\u00ecnh k\u1ef7 ni\u1ec7m. \u1ea2nh: H\u01b0\u01a1ng Chi.\" width=\"660\" height=\"440\" srcset=\"https:\/\/cdn3.ivivu.com\/2016\/09\/nhung-diem-den-khong-the-bo-qua-o-barcelona-ivivu-7.jpg 660w, https:\/\/cdn3.ivivu.com\/2016\/09\/nhung-diem-den-khong-the-bo-qua-o-barcelona-ivivu-7-458x305.jpg 458w\" sizes=\"(max-width: 660px) 100vw, 660px\" \/><p id=\"caption-attachment-166032\" class=\"wp-caption-text\">\u0110i h\u1ebft khu ph\u1ed1 nh\u1ed9n nh\u1ecbp La Rambla, b\u1ea1n s\u1ebd th\u1ea5y b\u1ebfn c\u1ea3ng Barcelona tr\u01b0\u1edbc m\u1eb7t c\u00f9ng v\u1edbi h\u00e0ng tr\u0103m t\u00e0u b\u00e8 v\u00e0 r\u1ea5t nhi\u1ec1u chim h\u1ea3i \u00e2u bay xung quanh. Ngay c\u1ea1nh t\u00f2a nh\u00e0 c\u1ee7a b\u1ebfn c\u1ea3ng Barcelona l\u00e0 c\u00f4ng tr\u00ecnh kh\u1eafc h\u1ecda h\u00ecnh \u1ea3nh nh\u00e0 th\u00e1m hi\u1ec3m Colombus m\u00e0 du kh\u00e1ch c\u00f3 th\u1ec3 ch\u1ee5p h\u00ecnh k\u1ef7 ni\u1ec7m. \u1ea2nh: H\u01b0\u01a1ng Chi.<\/p><\/div>\n<div id=\"attachment_166033\" style=\"width: 670px\" class=\"wp-caption aligncenter\"><img loading=\"lazy\" decoding=\"async\" aria-describedby=\"caption-attachment-166033\" class=\"wp-image-166033 size-full\" title=\"B\u1ebfn c\u1ea3ng c\u0169ng c\u00f3 trung t\u00e2m th\u01b0\u01a1ng m\u1ea1i Barcelona World Trade Center m\u1edf c\u1eeda quanh n\u0103m (k\u1ec3 c\u1ea3 c\u00e1c d\u1ecbp ngh\u1ec9 l\u1ec5). C\u1ea3 ng\u01b0\u1eddi d\u00e2n l\u1eabn du kh\u00e1ch \u0111\u1ec1u th\u00edch t\u1edbi \u0111\u00e2y t\u1eafm n\u1eafng, t\u1eadn h\u01b0\u1edfng l\u00e0n gi\u00f3 bi\u1ec3n m\u00e1t r\u01b0\u1ee3i, hay d\u1ea1o b\u01b0\u1edbc qua c\u00e2y c\u1ea7u g\u1ed7 c\u00f3 thi\u1ebft k\u1ebf \u0111\u01a1n gi\u1ea3n m\u00e0 v\u1eabn \u1ea5n t\u01b0\u1ee3ng. \u1ea2nh: H\u01b0\u01a1ng Chi.\" src=\"https:\/\/cdn3.ivivu.com\/2016\/09\/nhung-diem-den-khong-the-bo-qua-o-barcelona-ivivu-8.jpg\" alt=\"B\u1ebfn c\u1ea3ng c\u0169ng c\u00f3 trung t\u00e2m th\u01b0\u01a1ng m\u1ea1i Barcelona World Trade Center m\u1edf c\u1eeda quanh n\u0103m (k\u1ec3 c\u1ea3 c\u00e1c d\u1ecbp ngh\u1ec9 l\u1ec5). C\u1ea3 ng\u01b0\u1eddi d\u00e2n l\u1eabn du kh\u00e1ch \u0111\u1ec1u th\u00edch t\u1edbi \u0111\u00e2y t\u1eafm n\u1eafng, t\u1eadn h\u01b0\u1edfng l\u00e0n gi\u00f3 bi\u1ec3n m\u00e1t r\u01b0\u1ee3i, hay d\u1ea1o b\u01b0\u1edbc qua c\u00e2y c\u1ea7u g\u1ed7 c\u00f3 thi\u1ebft k\u1ebf \u0111\u01a1n gi\u1ea3n m\u00e0 v\u1eabn \u1ea5n t\u01b0\u1ee3ng. \u1ea2nh: H\u01b0\u01a1ng Chi.\" width=\"660\" height=\"440\" srcset=\"https:\/\/cdn3.ivivu.com\/2016\/09\/nhung-diem-den-khong-the-bo-qua-o-barcelona-ivivu-8.jpg 660w, https:\/\/cdn3.ivivu.com\/2016\/09\/nhung-diem-den-khong-the-bo-qua-o-barcelona-ivivu-8-458x305.jpg 458w\" sizes=\"(max-width: 660px) 100vw, 660px\" \/><p id=\"caption-attachment-166033\" class=\"wp-caption-text\">B\u1ebfn c\u1ea3ng c\u0169ng c\u00f3 trung t\u00e2m th\u01b0\u01a1ng m\u1ea1i Barcelona World Trade Center m\u1edf c\u1eeda quanh n\u0103m (k\u1ec3 c\u1ea3 c\u00e1c d\u1ecbp ngh\u1ec9 l\u1ec5). C\u1ea3 ng\u01b0\u1eddi d\u00e2n l\u1eabn du kh\u00e1ch \u0111\u1ec1u th\u00edch t\u1edbi \u0111\u00e2y t\u1eafm n\u1eafng, t\u1eadn h\u01b0\u1edfng l\u00e0n gi\u00f3 bi\u1ec3n m\u00e1t r\u01b0\u1ee3i, hay d\u1ea1o b\u01b0\u1edbc qua c\u00e2y c\u1ea7u g\u1ed7 c\u00f3 thi\u1ebft k\u1ebf \u0111\u01a1n gi\u1ea3n m\u00e0 v\u1eabn \u1ea5n t\u01b0\u1ee3ng. \u1ea2nh: H\u01b0\u01a1ng Chi.<\/p><\/div>\n<div id=\"attachment_166034\" style=\"width: 670px\" class=\"wp-caption aligncenter\"><img loading=\"lazy\" decoding=\"async\" aria-describedby=\"caption-attachment-166034\" class=\"wp-image-166034 size-full\" title=\"C\u00e1ch khu ph\u1ed1 La Rambla kh\u00f4ng xa l\u00e0 ng\u1ecdn \u0111\u1ed3i Montjuic, n\u01a1i c\u00f3 cung \u0111i\u1ec7n qu\u1ed1c gia hay ch\u00ednh l\u00e0 B\u1ea3o t\u00e0ng ngh\u1ec7 thu\u1eadt Catalan, \u0111\u00e0i phun n\u01b0\u1edbc Font Magica, v\u01b0\u1eddn b\u00e1ch th\u1ea3o... \u1ea2nh: H\u01b0\u01a1ng Chi.\" src=\"https:\/\/cdn3.ivivu.com\/2016\/09\/nhung-diem-den-khong-the-bo-qua-o-barcelona-ivivu-9.jpg\" alt=\"C\u00e1ch khu ph\u1ed1 La Rambla kh\u00f4ng xa l\u00e0 ng\u1ecdn \u0111\u1ed3i Montjuic, n\u01a1i c\u00f3 cung \u0111i\u1ec7n qu\u1ed1c gia hay ch\u00ednh l\u00e0 B\u1ea3o t\u00e0ng ngh\u1ec7 thu\u1eadt Catalan, \u0111\u00e0i phun n\u01b0\u1edbc Font Magica, v\u01b0\u1eddn b\u00e1ch th\u1ea3o... \u1ea2nh: H\u01b0\u01a1ng Chi.\" width=\"660\" height=\"444\" srcset=\"https:\/\/cdn3.ivivu.com\/2016\/09\/nhung-diem-den-khong-the-bo-qua-o-barcelona-ivivu-9.jpg 660w, https:\/\/cdn3.ivivu.com\/2016\/09\/nhung-diem-den-khong-the-bo-qua-o-barcelona-ivivu-9-453x305.jpg 453w, https:\/\/cdn3.ivivu.com\/2016\/09\/nhung-diem-den-khong-the-bo-qua-o-barcelona-ivivu-9-50x35.jpg 50w\" sizes=\"(max-width: 660px) 100vw, 660px\" \/><p id=\"caption-attachment-166034\" class=\"wp-caption-text\">C\u00e1ch khu ph\u1ed1 La Rambla kh\u00f4ng xa l\u00e0 ng\u1ecdn \u0111\u1ed3i Montjuic, n\u01a1i c\u00f3 cung \u0111i\u1ec7n qu\u1ed1c gia hay ch\u00ednh l\u00e0 B\u1ea3o t\u00e0ng ngh\u1ec7 thu\u1eadt Catalan, \u0111\u00e0i phun n\u01b0\u1edbc Font Magica, v\u01b0\u1eddn b\u00e1ch th\u1ea3o&#8230; \u1ea2nh: H\u01b0\u01a1ng Chi.<\/p><\/div>\n<div id=\"attachment_166035\" style=\"width: 670px\" class=\"wp-caption aligncenter\"><img loading=\"lazy\" decoding=\"async\" aria-describedby=\"caption-attachment-166035\" class=\"wp-image-166035 size-full\" title=\"Lang thang quanh khu \u0111\u1ed3i Montjuic b\u1ea1n s\u1ebd t\u00ecm \u0111\u01b0\u1ee3c kh\u00e1 nhi\u1ec1u \u0111\u1ecba \u0111i\u1ec3m c\u00f3 th\u1ec3 ng\u1eafm to\u00e0n c\u1ea3nh th\u00e0nh ph\u1ed1 mi\u1ec5n ph\u00ed. \u0110\u1eb7c bi\u1ec7t l\u00e0 b\u1ea1n \u0111\u01b0\u1ee3c d\u1ea1o b\u01b0\u1edbc tr\u00ean nh\u1eefng con \u0111\u01b0\u1eddng kh\u00f4ng qu\u00e1 \u0111\u00f4ng \u0111\u00fac du kh\u00e1ch nh\u01b0 La Rambla \u0111\u1ec3 t\u1eadn h\u01b0\u1edfng s\u1ef1 thanh b\u00ecnh c\u1ee7a m\u1ed9t Barcelona kh\u00e1c. \u1ea2nh: H\u01b0\u01a1ng Chi.\" src=\"https:\/\/cdn3.ivivu.com\/2016\/09\/nhung-diem-den-khong-the-bo-qua-o-barcelona-ivivu-10.jpg\" alt=\"Lang thang quanh khu \u0111\u1ed3i Montjuic b\u1ea1n s\u1ebd t\u00ecm \u0111\u01b0\u1ee3c kh\u00e1 nhi\u1ec1u \u0111\u1ecba \u0111i\u1ec3m c\u00f3 th\u1ec3 ng\u1eafm to\u00e0n c\u1ea3nh th\u00e0nh ph\u1ed1 mi\u1ec5n ph\u00ed. \u0110\u1eb7c bi\u1ec7t l\u00e0 b\u1ea1n \u0111\u01b0\u1ee3c d\u1ea1o b\u01b0\u1edbc tr\u00ean nh\u1eefng con \u0111\u01b0\u1eddng kh\u00f4ng qu\u00e1 \u0111\u00f4ng \u0111\u00fac du kh\u00e1ch nh\u01b0 La Rambla \u0111\u1ec3 t\u1eadn h\u01b0\u1edfng s\u1ef1 thanh b\u00ecnh c\u1ee7a m\u1ed9t Barcelona kh\u00e1c. \u1ea2nh: H\u01b0\u01a1ng Chi.\" width=\"660\" height=\"440\" srcset=\"https:\/\/cdn3.ivivu.com\/2016\/09\/nhung-diem-den-khong-the-bo-qua-o-barcelona-ivivu-10.jpg 660w, https:\/\/cdn3.ivivu.com\/2016\/09\/nhung-diem-den-khong-the-bo-qua-o-barcelona-ivivu-10-458x305.jpg 458w\" sizes=\"(max-width: 660px) 100vw, 660px\" \/><p id=\"caption-attachment-166035\" class=\"wp-caption-text\">Lang thang quanh khu \u0111\u1ed3i Montjuic b\u1ea1n s\u1ebd t\u00ecm \u0111\u01b0\u1ee3c kh\u00e1 nhi\u1ec1u \u0111\u1ecba \u0111i\u1ec3m c\u00f3 th\u1ec3 ng\u1eafm to\u00e0n c\u1ea3nh th\u00e0nh ph\u1ed1 mi\u1ec5n ph\u00ed. \u0110\u1eb7c bi\u1ec7t l\u00e0 b\u1ea1n \u0111\u01b0\u1ee3c d\u1ea1o b\u01b0\u1edbc tr\u00ean nh\u1eefng con \u0111\u01b0\u1eddng kh\u00f4ng qu\u00e1 \u0111\u00f4ng \u0111\u00fac du kh\u00e1ch nh\u01b0 La Rambla \u0111\u1ec3 t\u1eadn h\u01b0\u1edfng s\u1ef1 thanh b\u00ecnh c\u1ee7a m\u1ed9t Barcelona kh\u00e1c. \u1ea2nh: H\u01b0\u01a1ng Chi.<\/p><\/div>\n<div id=\"attachment_166036\" style=\"width: 670px\" class=\"wp-caption aligncenter\"><img loading=\"lazy\" decoding=\"async\" aria-describedby=\"caption-attachment-166036\" class=\"wp-image-166036 size-full\" title=\"Ngo\u00e0i nh\u1eefng \u0111\u1ecba \u0111i\u1ec3m n\u1eb1m \u1edf trong th\u00e0nh ph\u1ed1 Barcelona, du kh\u00e1ch c\u00f3 th\u1ec3 d\u00e0nh m\u1ed9t ng\u00e0y \u0111\u1ec3 du ngo\u1ea1n n\u00fai Montserrat, tr\u1ea3i nghi\u1ec7m \u0111i t\u00e0u, kh\u00e1m ph\u00e1 tu vi\u1ec7n x\u00e2y trong v\u00e1ch \u0111\u00e1 - m\u1ed9t \u0111i\u1ec3m \u0111\u1ebfn linh thi\u00eang c\u1ee7a ng\u01b0\u1eddi d\u00e2n x\u1ee9 Catalan. Tour \u0111i trong ng\u00e0y \u1edf Montserrat c\u00f3 gi\u00e1 kho\u1ea3ng 45-50 euro\/ng\u01b0\u1eddi. \u1ea2nh: Grayline.\" src=\"https:\/\/cdn3.ivivu.com\/2016\/09\/nhung-diem-den-khong-the-bo-qua-o-barcelona-ivivu-11.jpg\" alt=\"Ngo\u00e0i nh\u1eefng \u0111\u1ecba \u0111i\u1ec3m n\u1eb1m \u1edf trong th\u00e0nh ph\u1ed1 Barcelona, du kh\u00e1ch c\u00f3 th\u1ec3 d\u00e0nh m\u1ed9t ng\u00e0y \u0111\u1ec3 du ngo\u1ea1n n\u00fai Montserrat, tr\u1ea3i nghi\u1ec7m \u0111i t\u00e0u, kh\u00e1m ph\u00e1 tu vi\u1ec7n x\u00e2y trong v\u00e1ch \u0111\u00e1 - m\u1ed9t \u0111i\u1ec3m \u0111\u1ebfn linh thi\u00eang c\u1ee7a ng\u01b0\u1eddi d\u00e2n x\u1ee9 Catalan. Tour \u0111i trong ng\u00e0y \u1edf Montserrat c\u00f3 gi\u00e1 kho\u1ea3ng 45-50 euro\/ng\u01b0\u1eddi. \u1ea2nh: Grayline.\" width=\"660\" height=\"440\" srcset=\"https:\/\/cdn3.ivivu.com\/2016\/09\/nhung-diem-den-khong-the-bo-qua-o-barcelona-ivivu-11.jpg 660w, https:\/\/cdn3.ivivu.com\/2016\/09\/nhung-diem-den-khong-the-bo-qua-o-barcelona-ivivu-11-458x305.jpg 458w\" sizes=\"(max-width: 660px) 100vw, 660px\" \/><p id=\"caption-attachment-166036\" class=\"wp-caption-text\">Ngo\u00e0i nh\u1eefng \u0111\u1ecba \u0111i\u1ec3m n\u1eb1m \u1edf trong th\u00e0nh ph\u1ed1 Barcelona, du kh\u00e1ch c\u00f3 th\u1ec3 d\u00e0nh m\u1ed9t ng\u00e0y \u0111\u1ec3 du ngo\u1ea1n n\u00fai Montserrat, tr\u1ea3i nghi\u1ec7m \u0111i t\u00e0u, kh\u00e1m ph\u00e1 tu vi\u1ec7n x\u00e2y trong v\u00e1ch \u0111\u00e1 &#8211; m\u1ed9t \u0111i\u1ec3m \u0111\u1ebfn linh thi\u00eang c\u1ee7a ng\u01b0\u1eddi d\u00e2n x\u1ee9 Catalan. Tour \u0111i trong ng\u00e0y \u1edf Montserrat c\u00f3 gi\u00e1 kho\u1ea3ng 45-50 euro\/ng\u01b0\u1eddi. \u1ea2nh: Grayline.<\/p><\/div>\n<h4 style=\"text-align: center;\"><div class=\"ltt-contentbox white\"><\/span>B\u1ea0N C\u1ea6N M\u1ed8T N\u01a0I L\u01afU TR\u00da V\u1edaI GI\u00c1 H\u1ee2P T\u00daI TI\u1ec0N TRONG H\u00c0NH TR\u00ccNH DU L\u1ecaCH, \u0110\u1eeaNG NG\u1ea6N NG\u1ea0I G\u1eccI NGAY T\u1edaI S\u1ed0 1900 1870 \u0110\u1ec2 \u0110\u01af\u1ee2C T\u01af V\u1ea4N NH\u00c9<\/div><\/h4>\n<p style=\"text-align: right;\"><strong>Theo <a href=\"http:\/\/dulich.vnexpress.net\/photo\/anh-video\/nhung-diem-den-khong-the-bo-qua-o-barcelona-3466606.html\" target=\"_blank\" rel=\"nofollow\">Vnexpress<\/a><\/strong><\/p>\n<div class=\"ltt-contentbox white\"><\/span><\/p>\n<p><strong>Xem th\u00eam c\u00e1c b\u00e0i vi\u1ebft:<\/strong><\/p>\n<p><strong><a href=\"https:\/\/www.ivivu.com\/blog\/2016\/07\/%E2%80%8Bnhung-ngoi-sao-moi-tren-ban-do-du-lich-tay-ban-nha\/\" target=\"_blank\">Nh\u1eefng \u201cng\u00f4i sao\u201d m\u1edbi tr\u00ean b\u1ea3n \u0111\u1ed3 du l\u1ecbch T\u00e2y Ban Nha<\/a><\/strong><\/p>\n<p><strong><a href=\"https:\/\/www.ivivu.com\/blog\/2016\/03\/ban-do-du-lich-the-gioi-xao-tron-trong-nam-2016\/\" target=\"_blank\">B\u1ea3n \u0111\u1ed3 du l\u1ecbch th\u1ebf gi\u1edbi x\u00e1o tr\u1ed9n trong n\u0103m 2016<\/a><\/strong><\/p>\n<p><strong><a href=\"https:\/\/www.ivivu.com\/blog\/2015\/07\/den-barcelona-khong-chi-co-bong-da\/\" target=\"_blank\">\u0110\u1ebfn Barcelona kh\u00f4ng ch\u1ec9 c\u00f3 b\u00f3ng \u0111\u00e1<\/a><\/strong><\/p>\n<p><\/div>\n<h3><div class=\"ltt-contentbox white\"><\/span>Click \u0111\u1eb7t ngay\u00a0<a href=\"https:\/\/www.ivivu.com\/?utm_source=blog_ivivu&amp;utm_medium=post_link&amp;utm_campaign=internal\" target=\"_blank\">Kh\u00e1ch s\u1ea1n kh\u1eafp Vi\u1ec7t Nam v\u00e0 to\u00e0n th\u1ebf gi\u1edbi<\/a>\u00a0gi\u00e1 t\u1ed1t nh\u1ea5t ch\u1ec9 c\u00f3 t\u1ea1i iVIVU.com<\/div><\/h3>\n<p><strong>\u00a0***<\/strong><\/p>\n<p><strong>Tham kh\u1ea3o:\u00a0<a href=\"http:\/\/ivivu.com\/blog\/\" target=\"_blank\">C\u1ea9m nang du l\u1ecbch iVIVU.com<\/a>\u00a0<\/strong><\/p>\n","protected":false},"excerpt":{"rendered":"<p>Ch\u1ee3 \u1ea9m th\u1ef1c La Boqueria, ng\u00f4i nh\u00e0 Casa Batllo c\u00f3 ki\u1ebfn tr\u00fac \u0111\u1ed9c \u0111\u00e1o hay \u0111\u1ea1i l\u1ed9 La Rambla l\u00fac n\u00e0o c\u0169ng r\u1ed9n b\u01b0\u1edbc ch\u00e2n du kh\u00e1ch l\u00e0 \u0111\u1ecba \u0111i\u1ec3m nh\u1ea5t \u0111\u1ecbnh b\u1ea1n ph\u1ea3i t\u1edbi \u1edf Barcelona &#8211; th\u1ee7 ph\u1ee7&#8230;<\/p>\n","protected":false},"author":38,"featured_media":166032,"comment_status":"closed","ping_status":"open","sticky":false,"template":"","format":"standard","meta":{"_acf_changed":false,"footnotes":""},"categories":[247,231,795,14742],"tags":[2262,7783,319,23719,6033,23720,1926],"acf":[],"yoast_head":"<!-- This site is optimized with the Yoast SEO Premium plugin v22.6 (Yoast SEO v22.6) - https:\/\/yoast.com\/wordpress\/plugins\/seo\/ -->\n<title>Nh\u1eefng \u0111i\u1ec3m \u0111\u1ebfn kh\u00f4ng th\u1ec3 b\u1ecf qua khi du l\u1ecbch Barcelona - iVIVU.com<\/title>\n<meta name=\"description\" content=\"Ch\u1ee3 \u1ea9m th\u1ef1c La Boqueria, ng\u00f4i nh\u00e0 Casa Batllo hay \u0111\u1ea1i l\u1ed9 La Rambla l\u00e0 nh\u1eefng \u0111\u1ecba \u0111i\u1ec3m nh\u1ea5t \u0111\u1ecbnh b\u1ea1n ph\u1ea3i t\u1edbi khi du l\u1ecbch Barcelona - th\u1ee7 ph\u1ee7 x\u1ee9 Catalan.\" \/>\n<meta name=\"robots\" content=\"index, follow, max-snippet:-1, max-image-preview:large, max-video-preview:-1\" \/>\n<link rel=\"canonical\" href=\"https:\/\/www.ivivu.com\/blog\/2016\/09\/nhung-diem-den-khong-the-bo-qua-o-barcelona\/\" \/>\n<meta name=\"twitter:label1\" content=\"\u0110\u01b0\u1ee3c vi\u1ebft b\u1edfi\" \/>\n\t<meta name=\"twitter:data1\" content=\"Ng\u00e2n Thi\u1ec1u Kim\" \/>\n\t<meta name=\"twitter:label2\" content=\"\u01af\u1edbc t\u00ednh th\u1eddi gian \u0111\u1ecdc\" \/>\n\t<meta name=\"twitter:data2\" content=\"7 ph\u00fat\" \/>\n<script type=\"application\/ld+json\" class=\"yoast-schema-graph\">{\"@context\":\"https:\/\/schema.org\",\"@graph\":[{\"@type\":\"Article\",\"@id\":\"https:\/\/www.ivivu.com\/blog\/2016\/09\/nhung-diem-den-khong-the-bo-qua-o-barcelona\/#article\",\"isPartOf\":{\"@id\":\"https:\/\/www.ivivu.com\/blog\/2016\/09\/nhung-diem-den-khong-the-bo-qua-o-barcelona\/\"},\"author\":{\"name\":\"Ng\u00e2n Thi\u1ec1u Kim\",\"@id\":\"https:\/\/www.ivivu.com\/blog\/#\/schema\/person\/f6e706f46fad4e85f2e1c3ec41136369\"},\"headline\":\"Nh\u1eefng \u0111i\u1ec3m \u0111\u1ebfn kh\u00f4ng th\u1ec3 b\u1ecf qua \u1edf Barcelona\",\"datePublished\":\"2016-09-15T03:31:42+00:00\",\"dateModified\":\"2016-09-15T02:32:21+00:00\",\"mainEntityOfPage\":{\"@id\":\"https:\/\/www.ivivu.com\/blog\/2016\/09\/nhung-diem-den-khong-the-bo-qua-o-barcelona\/\"},\"wordCount\":1325,\"publisher\":{\"@id\":\"https:\/\/www.ivivu.com\/blog\/#organization\"},\"image\":{\"@id\":\"https:\/\/www.ivivu.com\/blog\/2016\/09\/nhung-diem-den-khong-the-bo-qua-o-barcelona\/#primaryimage\"},\"thumbnailUrl\":\"https:\/\/cdn3.ivivu.com\/2016\/09\/nhung-diem-den-khong-the-bo-qua-o-barcelona-ivivu-7.jpg\",\"keywords\":[\"Barcelona\",\"du l\u1ecbch Barcelona\",\"Du l\u1ecbch ch\u00e2u \u00e2u\",\"\u0111i\u1ec3m \u0111\u1ebfn Barcelona\",\"\u0111i\u1ec3m \u0111\u1ebfn ch\u00e2u \u00c2u\",\"kinh nghi\u1ec7m du l\u1ecbch Barcelona\",\"T\u00e2y Ban Nha\"],\"articleSection\":[\"Ch\u00e2u \u00c2u\",\"DU L\u1ecaCH TH\u1ebe GI\u1edaI\",\"\u0110i\u1ec3m \u0111\u1ebfn\",\"N\u1ed5i B\u1eadt 2\"],\"inLanguage\":\"vi\"},{\"@type\":\"WebPage\",\"@id\":\"https:\/\/www.ivivu.com\/blog\/2016\/09\/nhung-diem-den-khong-the-bo-qua-o-barcelona\/\",\"url\":\"https:\/\/www.ivivu.com\/blog\/2016\/09\/nhung-diem-den-khong-the-bo-qua-o-barcelona\/\",\"name\":\"Nh\u1eefng \u0111i\u1ec3m \u0111\u1ebfn kh\u00f4ng th\u1ec3 b\u1ecf qua khi du l\u1ecbch Barcelona - iVIVU.com\",\"isPartOf\":{\"@id\":\"https:\/\/www.ivivu.com\/blog\/#website\"},\"primaryImageOfPage\":{\"@id\":\"https:\/\/www.ivivu.com\/blog\/2016\/09\/nhung-diem-den-khong-the-bo-qua-o-barcelona\/#primaryimage\"},\"image\":{\"@id\":\"https:\/\/www.ivivu.com\/blog\/2016\/09\/nhung-diem-den-khong-the-bo-qua-o-barcelona\/#primaryimage\"},\"thumbnailUrl\":\"https:\/\/cdn3.ivivu.com\/2016\/09\/nhung-diem-den-khong-the-bo-qua-o-barcelona-ivivu-7.jpg\",\"datePublished\":\"2016-09-15T03:31:42+00:00\",\"dateModified\":\"2016-09-15T02:32:21+00:00\",\"description\":\"Ch\u1ee3 \u1ea9m th\u1ef1c La Boqueria, ng\u00f4i nh\u00e0 Casa Batllo hay \u0111\u1ea1i l\u1ed9 La Rambla l\u00e0 nh\u1eefng \u0111\u1ecba \u0111i\u1ec3m nh\u1ea5t \u0111\u1ecbnh b\u1ea1n ph\u1ea3i t\u1edbi khi du l\u1ecbch Barcelona - th\u1ee7 ph\u1ee7 x\u1ee9 Catalan.\",\"breadcrumb\":{\"@id\":\"https:\/\/www.ivivu.com\/blog\/2016\/09\/nhung-diem-den-khong-the-bo-qua-o-barcelona\/#breadcrumb\"},\"inLanguage\":\"vi\",\"potentialAction\":[{\"@type\":\"ReadAction\",\"target\":[\"https:\/\/www.ivivu.com\/blog\/2016\/09\/nhung-diem-den-khong-the-bo-qua-o-barcelona\/\"]}]},{\"@type\":\"ImageObject\",\"inLanguage\":\"vi\",\"@id\":\"https:\/\/www.ivivu.com\/blog\/2016\/09\/nhung-diem-den-khong-the-bo-qua-o-barcelona\/#primaryimage\",\"url\":\"https:\/\/cdn3.ivivu.com\/2016\/09\/nhung-diem-den-khong-the-bo-qua-o-barcelona-ivivu-7.jpg\",\"contentUrl\":\"https:\/\/cdn3.ivivu.com\/2016\/09\/nhung-diem-den-khong-the-bo-qua-o-barcelona-ivivu-7.jpg\",\"width\":660,\"height\":440},{\"@type\":\"BreadcrumbList\",\"@id\":\"https:\/\/www.ivivu.com\/blog\/2016\/09\/nhung-diem-den-khong-the-bo-qua-o-barcelona\/#breadcrumb\",\"itemListElement\":[{\"@type\":\"ListItem\",\"position\":1,\"name\":\"Home\",\"item\":\"https:\/\/www.ivivu.com\/blog\/\"},{\"@type\":\"ListItem\",\"position\":2,\"name\":\"Nh\u1eefng \u0111i\u1ec3m \u0111\u1ebfn kh\u00f4ng th\u1ec3 b\u1ecf qua \u1edf Barcelona\"}]},{\"@type\":\"WebSite\",\"@id\":\"https:\/\/www.ivivu.com\/blog\/#website\",\"url\":\"https:\/\/www.ivivu.com\/blog\/\",\"name\":\"C\u1ea9m nang du l\u1ecbch\",\"description\":\"\",\"publisher\":{\"@id\":\"https:\/\/www.ivivu.com\/blog\/#organization\"},\"potentialAction\":[{\"@type\":\"SearchAction\",\"target\":{\"@type\":\"EntryPoint\",\"urlTemplate\":\"https:\/\/www.ivivu.com\/blog\/?s={search_term_string}\"},\"query-input\":\"required name=search_term_string\"}],\"inLanguage\":\"vi\"},{\"@type\":\"Organization\",\"@id\":\"https:\/\/www.ivivu.com\/blog\/#organization\",\"name\":\"iVIVU.com\",\"url\":\"https:\/\/www.ivivu.com\/blog\/\",\"logo\":{\"@type\":\"ImageObject\",\"inLanguage\":\"vi\",\"@id\":\"https:\/\/www.ivivu.com\/blog\/#\/schema\/logo\/image\/\",\"url\":\"https:\/\/cdn3.ivivu.com\/2024\/01\/ivivu_no_slogan.png\",\"contentUrl\":\"https:\/\/cdn3.ivivu.com\/2024\/01\/ivivu_no_slogan.png\",\"width\":788,\"height\":565,\"caption\":\"iVIVU.com\"},\"image\":{\"@id\":\"https:\/\/www.ivivu.com\/blog\/#\/schema\/logo\/image\/\"},\"sameAs\":[\"https:\/\/www.facebook.com\/iVIVU\"]},{\"@type\":\"Person\",\"@id\":\"https:\/\/www.ivivu.com\/blog\/#\/schema\/person\/f6e706f46fad4e85f2e1c3ec41136369\",\"name\":\"Ng\u00e2n Thi\u1ec1u Kim\",\"sameAs\":[\"https:\/\/www.ivivu.com\/blog\/\"],\"url\":\"https:\/\/www.ivivu.com\/blog\/author\/ngan-thieu\/\"}]}<\/script>\n<!-- \/ Yoast SEO Premium plugin. -->","yoast_head_json":{"title":"Nh\u1eefng \u0111i\u1ec3m \u0111\u1ebfn kh\u00f4ng th\u1ec3 b\u1ecf qua khi du l\u1ecbch Barcelona - iVIVU.com","description":"Ch\u1ee3 \u1ea9m th\u1ef1c La Boqueria, ng\u00f4i nh\u00e0 Casa Batllo hay \u0111\u1ea1i l\u1ed9 La Rambla l\u00e0 nh\u1eefng \u0111\u1ecba \u0111i\u1ec3m nh\u1ea5t \u0111\u1ecbnh b\u1ea1n ph\u1ea3i t\u1edbi khi du l\u1ecbch Barcelona - th\u1ee7 ph\u1ee7 x\u1ee9 Catalan.","robots":{"index":"index","follow":"follow","max-snippet":"max-snippet:-1","max-image-preview":"max-image-preview:large","max-video-preview":"max-video-preview:-1"},"canonical":"https:\/\/www.ivivu.com\/blog\/2016\/09\/nhung-diem-den-khong-the-bo-qua-o-barcelona\/","twitter_misc":{"\u0110\u01b0\u1ee3c vi\u1ebft b\u1edfi":"Ng\u00e2n Thi\u1ec1u Kim","\u01af\u1edbc t\u00ednh th\u1eddi gian \u0111\u1ecdc":"7 ph\u00fat"},"schema":{"@context":"https:\/\/schema.org","@graph":[{"@type":"Article","@id":"https:\/\/www.ivivu.com\/blog\/2016\/09\/nhung-diem-den-khong-the-bo-qua-o-barcelona\/#article","isPartOf":{"@id":"https:\/\/www.ivivu.com\/blog\/2016\/09\/nhung-diem-den-khong-the-bo-qua-o-barcelona\/"},"author":{"name":"Ng\u00e2n Thi\u1ec1u Kim","@id":"https:\/\/www.ivivu.com\/blog\/#\/schema\/person\/f6e706f46fad4e85f2e1c3ec41136369"},"headline":"Nh\u1eefng \u0111i\u1ec3m \u0111\u1ebfn kh\u00f4ng th\u1ec3 b\u1ecf qua \u1edf Barcelona","datePublished":"2016-09-15T03:31:42+00:00","dateModified":"2016-09-15T02:32:21+00:00","mainEntityOfPage":{"@id":"https:\/\/www.ivivu.com\/blog\/2016\/09\/nhung-diem-den-khong-the-bo-qua-o-barcelona\/"},"wordCount":1325,"publisher":{"@id":"https:\/\/www.ivivu.com\/blog\/#organization"},"image":{"@id":"https:\/\/www.ivivu.com\/blog\/2016\/09\/nhung-diem-den-khong-the-bo-qua-o-barcelona\/#primaryimage"},"thumbnailUrl":"https:\/\/cdn3.ivivu.com\/2016\/09\/nhung-diem-den-khong-the-bo-qua-o-barcelona-ivivu-7.jpg","keywords":["Barcelona","du l\u1ecbch Barcelona","Du l\u1ecbch ch\u00e2u \u00e2u","\u0111i\u1ec3m \u0111\u1ebfn Barcelona","\u0111i\u1ec3m \u0111\u1ebfn ch\u00e2u \u00c2u","kinh nghi\u1ec7m du l\u1ecbch Barcelona","T\u00e2y Ban Nha"],"articleSection":["Ch\u00e2u \u00c2u","DU L\u1ecaCH TH\u1ebe GI\u1edaI","\u0110i\u1ec3m \u0111\u1ebfn","N\u1ed5i B\u1eadt 2"],"inLanguage":"vi"},{"@type":"WebPage","@id":"https:\/\/www.ivivu.com\/blog\/2016\/09\/nhung-diem-den-khong-the-bo-qua-o-barcelona\/","url":"https:\/\/www.ivivu.com\/blog\/2016\/09\/nhung-diem-den-khong-the-bo-qua-o-barcelona\/","name":"Nh\u1eefng \u0111i\u1ec3m \u0111\u1ebfn kh\u00f4ng th\u1ec3 b\u1ecf qua khi du l\u1ecbch Barcelona - iVIVU.com","isPartOf":{"@id":"https:\/\/www.ivivu.com\/blog\/#website"},"primaryImageOfPage":{"@id":"https:\/\/www.ivivu.com\/blog\/2016\/09\/nhung-diem-den-khong-the-bo-qua-o-barcelona\/#primaryimage"},"image":{"@id":"https:\/\/www.ivivu.com\/blog\/2016\/09\/nhung-diem-den-khong-the-bo-qua-o-barcelona\/#primaryimage"},"thumbnailUrl":"https:\/\/cdn3.ivivu.com\/2016\/09\/nhung-diem-den-khong-the-bo-qua-o-barcelona-ivivu-7.jpg","datePublished":"2016-09-15T03:31:42+00:00","dateModified":"2016-09-15T02:32:21+00:00","description":"Ch\u1ee3 \u1ea9m th\u1ef1c La Boqueria, ng\u00f4i nh\u00e0 Casa Batllo hay \u0111\u1ea1i l\u1ed9 La Rambla l\u00e0 nh\u1eefng \u0111\u1ecba \u0111i\u1ec3m nh\u1ea5t \u0111\u1ecbnh b\u1ea1n ph\u1ea3i t\u1edbi khi du l\u1ecbch Barcelona - th\u1ee7 ph\u1ee7 x\u1ee9 Catalan.","breadcrumb":{"@id":"https:\/\/www.ivivu.com\/blog\/2016\/09\/nhung-diem-den-khong-the-bo-qua-o-barcelona\/#breadcrumb"},"inLanguage":"vi","potentialAction":[{"@type":"ReadAction","target":["https:\/\/www.ivivu.com\/blog\/2016\/09\/nhung-diem-den-khong-the-bo-qua-o-barcelona\/"]}]},{"@type":"ImageObject","inLanguage":"vi","@id":"https:\/\/www.ivivu.com\/blog\/2016\/09\/nhung-diem-den-khong-the-bo-qua-o-barcelona\/#primaryimage","url":"https:\/\/cdn3.ivivu.com\/2016\/09\/nhung-diem-den-khong-the-bo-qua-o-barcelona-ivivu-7.jpg","contentUrl":"https:\/\/cdn3.ivivu.com\/2016\/09\/nhung-diem-den-khong-the-bo-qua-o-barcelona-ivivu-7.jpg","width":660,"height":440},{"@type":"BreadcrumbList","@id":"https:\/\/www.ivivu.com\/blog\/2016\/09\/nhung-diem-den-khong-the-bo-qua-o-barcelona\/#breadcrumb","itemListElement":[{"@type":"ListItem","position":1,"name":"Home","item":"https:\/\/www.ivivu.com\/blog\/"},{"@type":"ListItem","position":2,"name":"Nh\u1eefng \u0111i\u1ec3m \u0111\u1ebfn kh\u00f4ng th\u1ec3 b\u1ecf qua \u1edf Barcelona"}]},{"@type":"WebSite","@id":"https:\/\/www.ivivu.com\/blog\/#website","url":"https:\/\/www.ivivu.com\/blog\/","name":"C\u1ea9m nang du l\u1ecbch","description":"","publisher":{"@id":"https:\/\/www.ivivu.com\/blog\/#organization"},"potentialAction":[{"@type":"SearchAction","target":{"@type":"EntryPoint","urlTemplate":"https:\/\/www.ivivu.com\/blog\/?s={search_term_string}"},"query-input":"required name=search_term_string"}],"inLanguage":"vi"},{"@type":"Organization","@id":"https:\/\/www.ivivu.com\/blog\/#organization","name":"iVIVU.com","url":"https:\/\/www.ivivu.com\/blog\/","logo":{"@type":"ImageObject","inLanguage":"vi","@id":"https:\/\/www.ivivu.com\/blog\/#\/schema\/logo\/image\/","url":"https:\/\/cdn3.ivivu.com\/2024\/01\/ivivu_no_slogan.png","contentUrl":"https:\/\/cdn3.ivivu.com\/2024\/01\/ivivu_no_slogan.png","width":788,"height":565,"caption":"iVIVU.com"},"image":{"@id":"https:\/\/www.ivivu.com\/blog\/#\/schema\/logo\/image\/"},"sameAs":["https:\/\/www.facebook.com\/iVIVU"]},{"@type":"Person","@id":"https:\/\/www.ivivu.com\/blog\/#\/schema\/person\/f6e706f46fad4e85f2e1c3ec41136369","name":"Ng\u00e2n Thi\u1ec1u Kim","sameAs":["https:\/\/www.ivivu.com\/blog\/"],"url":"https:\/\/www.ivivu.com\/blog\/author\/ngan-thieu\/"}]}},"_links":{"self":[{"href":"https:\/\/www.ivivu.com\/blog\/wp-json\/wp\/v2\/posts\/166025"}],"collection":[{"href":"https:\/\/www.ivivu.com\/blog\/wp-json\/wp\/v2\/posts"}],"about":[{"href":"https:\/\/www.ivivu.com\/blog\/wp-json\/wp\/v2\/types\/post"}],"author":[{"embeddable":true,"href":"https:\/\/www.ivivu.com\/blog\/wp-json\/wp\/v2\/users\/38"}],"replies":[{"embeddable":true,"href":"https:\/\/www.ivivu.com\/blog\/wp-json\/wp\/v2\/comments?post=166025"}],"version-history":[{"count":3,"href":"https:\/\/www.ivivu.com\/blog\/wp-json\/wp\/v2\/posts\/166025\/revisions"}],"predecessor-version":[{"id":166168,"href":"https:\/\/www.ivivu.com\/blog\/wp-json\/wp\/v2\/posts\/166025\/revisions\/166168"}],"wp:featuredmedia":[{"embeddable":true,"href":"https:\/\/www.ivivu.com\/blog\/wp-json\/wp\/v2\/media\/166032"}],"wp:attachment":[{"href":"https:\/\/www.ivivu.com\/blog\/wp-json\/wp\/v2\/media?parent=166025"}],"wp:term":[{"taxonomy":"category","embeddable":true,"href":"https:\/\/www.ivivu.com\/blog\/wp-json\/wp\/v2\/categories?post=166025"},{"taxonomy":"post_tag","embeddable":true,"href":"https:\/\/www.ivivu.com\/blog\/wp-json\/wp\/v2\/tags?post=166025"}],"curies":[{"name":"wp","href":"https:\/\/api.w.org\/{rel}","templated":true}]}}