{"id":166819,"date":"2016-09-19T16:20:20","date_gmt":"2016-09-19T09:20:20","guid":{"rendered":"https:\/\/www.ivivu.com\/blog\/?p=166819"},"modified":"2016-09-19T16:20:21","modified_gmt":"2016-09-19T09:20:21","slug":"kham-pha-8-diem-den-moi-duoc-cac-cap-doi-yeu-thich","status":"publish","type":"post","link":"https:\/\/www.ivivu.com\/blog\/2016\/09\/kham-pha-8-diem-den-moi-duoc-cac-cap-doi-yeu-thich\/","title":{"rendered":"Kh\u00e1m ph\u00e1 8 \u0111i\u1ec3m \u0111\u1ebfn m\u1edbi \u0111\u01b0\u1ee3c c\u00e1c c\u1eb7p \u0111\u00f4i y\u00eau th\u00edch"},"content":{"rendered":"<p style=\"text-align: justify;\"><em><strong>Ngo\u00e0i c\u00e1c cung \u0111\u01b0\u1eddng quen thu\u1ed9c, c\u00f3 t\u00e1m \u0111i\u1ec3m \u0111\u1ebfn l\u00e3ng m\u1ea1n \u0111\u01b0\u1ee3c c\u00e1c c\u1eb7p \u0111\u00f4i l\u1ef1a ch\u1ecdn \u0111\u1ec3 c\u00f3 m\u1ed9t k\u1ef3 ngh\u1ec9 tr\u0103ng m\u1eadt \u0111\u00e1ng nh\u1edb.<\/strong><\/em> <!--more--><\/p>\n<h2>Du l\u1ecbch c\u1eb7p \u0111\u00f4i: Kh\u00e1m ph\u00e1 8 \u0111i\u1ec3m \u0111\u1ebfn m\u1edbi \u0111\u01b0\u1ee3c c\u00e1c c\u1eb7p \u0111\u00f4i y\u00eau th\u00edch<\/h2>\n<div id=\"attachment_166820\" style=\"width: 675px\" class=\"wp-caption aligncenter\"><img loading=\"lazy\" decoding=\"async\" aria-describedby=\"caption-attachment-166820\" class=\"wp-image-166820 size-full\" title=\"L\u00e3ng m\u1ea1n Palm Cove, \u00dac - \u1ea2nh: australia.com\" src=\"https:\/\/cdn3.ivivu.com\/2016\/09\/kham-pha-8-diem-den-moi-duoc-cac-cap-doi-yeu-thich-ivivu-1.jpg\" alt=\"L\u00e3ng m\u1ea1n Palm Cove, \u00dac - \u1ea2nh: australia.com\" width=\"665\" height=\"374\" srcset=\"https:\/\/cdn3.ivivu.com\/2016\/09\/kham-pha-8-diem-den-moi-duoc-cac-cap-doi-yeu-thich-ivivu-1.jpg 665w, https:\/\/cdn3.ivivu.com\/2016\/09\/kham-pha-8-diem-den-moi-duoc-cac-cap-doi-yeu-thich-ivivu-1-250x142.jpg 250w, https:\/\/cdn3.ivivu.com\/2016\/09\/kham-pha-8-diem-den-moi-duoc-cac-cap-doi-yeu-thich-ivivu-1-540x305.jpg 540w, https:\/\/cdn3.ivivu.com\/2016\/09\/kham-pha-8-diem-den-moi-duoc-cac-cap-doi-yeu-thich-ivivu-1-225x127.jpg 225w, https:\/\/cdn3.ivivu.com\/2016\/09\/kham-pha-8-diem-den-moi-duoc-cac-cap-doi-yeu-thich-ivivu-1-370x208.jpg 370w, https:\/\/cdn3.ivivu.com\/2016\/09\/kham-pha-8-diem-den-moi-duoc-cac-cap-doi-yeu-thich-ivivu-1-50x28.jpg 50w, https:\/\/cdn3.ivivu.com\/2016\/09\/kham-pha-8-diem-den-moi-duoc-cac-cap-doi-yeu-thich-ivivu-1-107x60.jpg 107w, https:\/\/cdn3.ivivu.com\/2016\/09\/kham-pha-8-diem-den-moi-duoc-cac-cap-doi-yeu-thich-ivivu-1-195x110.jpg 195w, https:\/\/cdn3.ivivu.com\/2016\/09\/kham-pha-8-diem-den-moi-duoc-cac-cap-doi-yeu-thich-ivivu-1-220x125.jpg 220w, https:\/\/cdn3.ivivu.com\/2016\/09\/kham-pha-8-diem-den-moi-duoc-cac-cap-doi-yeu-thich-ivivu-1-400x225.jpg 400w, https:\/\/cdn3.ivivu.com\/2016\/09\/kham-pha-8-diem-den-moi-duoc-cac-cap-doi-yeu-thich-ivivu-1-140x80.jpg 140w\" sizes=\"(max-width: 665px) 100vw, 665px\" \/><p id=\"caption-attachment-166820\" class=\"wp-caption-text\">L\u00e3ng m\u1ea1n Palm Cove, \u00dac &#8211; \u1ea2nh: australia.com<\/p><\/div>\n<p style=\"text-align: justify;\">* C\u00e1ch th\u00e0nh ph\u1ed1 Cairns ch\u1ec9 n\u1eeda gi\u1edd xe, th\u1ecb tr\u1ea5n ven bi\u1ec3n <strong>Palm Cove<\/strong> l\u00e0 c\u1eeda ng\u00f5 v\u00e0o v\u00f9ng nhi\u1ec7t \u0111\u1edbi \u1edf \u00dac, m\u1ed9t ch\u1ed1n b\u00ecnh d\u1ecb c\u00f3 khung c\u1ea3nh l\u00e3ng m\u1ea1n cho nh\u1eefng c\u1eb7p \u0111\u00f4i mu\u1ed1n t\u00ecm s\u1ef1 y\u00ean t\u0129nh.<\/p>\n<p style=\"text-align: justify;\">Tr\u01b0\u1edbc khi \u0111\u1ebfn r\u1eebng m\u01b0a Daintree c\u00f3 h\u01a1n 160 tri\u1ec7u n\u0103m tu\u1ed5i \u0111\u1ec3 kh\u00e1m ph\u00e1 h\u1ec7 sinh quy\u1ec3n \u0111\u1ed9c \u0111\u00e1o n\u01a1i \u0111\u00e2y, b\u1ea1n h\u00e3y th\u01b0 gi\u00e3n c\u00f9ng bi\u1ec3n xanh. V\u1edbi m\u1ed9t v\u1ecb tr\u00ed bi\u1ec7t l\u1eadp tr\u00ean b\u00e3i c\u00e1t tr\u1eafng m\u1ecbn c\u00f3 h\u00e0ng c\u1ecd d\u1eeba che b\u00f3ng d\u00e0i t\u00edt t\u1eafp, b\u1ea1n th\u1ecfa s\u1ee9c ng\u1eafm \u00e1nh ho\u00e0ng h\u00f4n v\u00e0 s\u1eafc m\u00e0u ph\u1ea3n chi\u1ebfu k\u1ef3 \u1ea3o tr\u00ean m\u1eb7t bi\u1ec3n m\u00e0 ch\u1eb3ng s\u1ee3 \u0111\u00e1m \u0111\u00f4ng l\u00e0m phi\u1ec1n.<\/p>\n<p style=\"text-align: justify;\">Ph\u1ea7n l\u1edbn nh\u00e0 h\u00e0ng sang tr\u1ecdng \u1edf Palm Cove \u0111\u1ec1u c\u00f3 b\u00e0n \u0103n ngo\u00e0i tr\u1eddi \u0111\u1ec3 th\u1ef1c kh\u00e1ch v\u1eeba \u0103n \u0111\u00eam d\u01b0\u1edbi b\u1ea7u tr\u1eddi \u0111\u1ea7y sao, v\u1eeba ng\u1eafm bi\u1ec3n \u0111\u00eam. Tu\u1ea7n tr\u0103ng m\u1eadt s\u1ebd ho\u00e0n h\u1ea3o h\u01a1n khi b\u1ea1n tham gia chuy\u1ebfn l\u1eb7n bi\u1ec3n kh\u00e1m ph\u00e1 v\u1ebb \u0111\u1eb9p l\u1ed9ng l\u1eaby c\u1ee7a h\u1ec7 th\u1ed1ng \u0111\u00e1 ng\u1ea7m san h\u00f4 l\u1edbn nh\u1ea5t th\u1ebf gi\u1edbi Great Barrier Reef.<\/p>\n<div id=\"attachment_166821\" style=\"width: 675px\" class=\"wp-caption aligncenter\"><img loading=\"lazy\" decoding=\"async\" aria-describedby=\"caption-attachment-166821\" class=\"wp-image-166821 size-full\" title=\"R\u1eebng m\u01b0a Daintree - \u1ea2nh: travelcairns\" src=\"https:\/\/cdn3.ivivu.com\/2016\/09\/kham-pha-8-diem-den-moi-duoc-cac-cap-doi-yeu-thich-ivivu-2.jpg\" alt=\"R\u1eebng m\u01b0a Daintree - \u1ea2nh: travelcairns\" width=\"665\" height=\"350\" srcset=\"https:\/\/cdn3.ivivu.com\/2016\/09\/kham-pha-8-diem-den-moi-duoc-cac-cap-doi-yeu-thich-ivivu-2.jpg 665w, https:\/\/cdn3.ivivu.com\/2016\/09\/kham-pha-8-diem-den-moi-duoc-cac-cap-doi-yeu-thich-ivivu-2-540x284.jpg 540w\" sizes=\"(max-width: 665px) 100vw, 665px\" \/><p id=\"caption-attachment-166821\" class=\"wp-caption-text\">R\u1eebng m\u01b0a Daintree &#8211; \u1ea2nh: travelcairns<\/p><\/div>\n<p style=\"text-align: justify;\">* Nh\u1eefng con \u0111\u01b0\u1eddng nh\u1ecf l\u00e1t \u0111\u00e1 m\u00e0u g\u1ea1ch son \u0111\u01b0\u1ee3c hoa l\u00e1 \u0111i\u1ec3m trang, nh\u1eefng m\u00e1i nh\u00e0 ng\u00f3i \u0111\u1ea5t s\u00e9t v\u00e0 t\u01b0\u1eddng th\u1ea5p m\u00e0u tr\u1eafng n\u1ed5i b\u1eadt gi\u1eefa non xanh \u0111\u00e3 gi\u00fap <strong>Barichara<\/strong> thu\u1ed9c v\u00f9ng Santander tr\u1edf th\u00e0nh ng\u00f4i l\u00e0ng \u0111\u1eb9p nh\u1ea5t Colombia.<\/p>\n<p style=\"text-align: justify;\">Nh\u1edd nh\u1eefng tr\u1ee5c \u0111\u01b0\u1eddng nh\u1ecf, Barichara t\u1ea1o ra s\u1ef1 ri\u00eang t\u01b0 cho nh\u1eefng c\u1eb7p \u0111\u00f4i lang thang kh\u00e1m ph\u00e1 nh\u00e0 th\u1edd \u0110\u1ee9c M\u1eb9 c\u00f9ng c\u00e1c ki\u1ebfn tr\u00fac c\u1ed5 th\u1eddi thu\u1ed9c \u0111\u1ecba hay c\u00e1c c\u1eeda h\u00e0ng th\u1ee7 c\u00f4ng m\u1ef9 ngh\u1ec7 l\u1ea1 m\u1eaft n\u01a1i \u0111\u00e2y.<\/p>\n<p style=\"text-align: justify;\">T\u1eeb Barichara c\u00f3 th\u1ec3 d\u1ec5 d\u00e0ng chi\u00eam ng\u01b0\u1ee1ng to\u00e0n c\u1ea3nh thung l\u0169ng y\u00ean b\u00ecnh nh\u00ecn ra s\u00f4ng Suarez. Nhi\u1ec1u du kh\u00e1ch nh\u1eadn \u0111\u1ecbnh kh\u00f4ng gian trong l\u00e0nh c\u1ee7a Barichara \u0111\u00e3 gi\u00fap h\u1ecd th\u1ef1c s\u1ef1 gi\u1ea3i t\u1ecfa m\u1ecdi \u00e2u lo, c\u0103ng th\u1eb3ng trong cu\u1ed9c s\u1ed1ng \u0111\u1eddi th\u01b0\u1eddng!<\/p>\n<div id=\"attachment_166822\" style=\"width: 675px\" class=\"wp-caption aligncenter\"><img loading=\"lazy\" decoding=\"async\" aria-describedby=\"caption-attachment-166822\" class=\"wp-image-166822 size-full\" title=\"M\u1ed9t con \u0111\u01b0\u1eddng \u1edf l\u00e0ng Barichara - \u1ea2nh: laparenthesenomade.e-monsite\" src=\"https:\/\/cdn3.ivivu.com\/2016\/09\/kham-pha-8-diem-den-moi-duoc-cac-cap-doi-yeu-thich-ivivu-3.jpg\" alt=\"M\u1ed9t con \u0111\u01b0\u1eddng \u1edf l\u00e0ng Barichara - \u1ea2nh: laparenthesenomade.e-monsite\" width=\"665\" height=\"443\" srcset=\"https:\/\/cdn3.ivivu.com\/2016\/09\/kham-pha-8-diem-den-moi-duoc-cac-cap-doi-yeu-thich-ivivu-3.jpg 665w, https:\/\/cdn3.ivivu.com\/2016\/09\/kham-pha-8-diem-den-moi-duoc-cac-cap-doi-yeu-thich-ivivu-3-458x305.jpg 458w\" sizes=\"(max-width: 665px) 100vw, 665px\" \/><p id=\"caption-attachment-166822\" class=\"wp-caption-text\">M\u1ed9t con \u0111\u01b0\u1eddng \u1edf l\u00e0ng Barichara &#8211; \u1ea2nh: laparenthesenomade.e-monsite<\/p><\/div>\n<div id=\"attachment_166823\" style=\"width: 675px\" class=\"wp-caption aligncenter\"><img loading=\"lazy\" decoding=\"async\" aria-describedby=\"caption-attachment-166823\" class=\"wp-image-166823 size-full\" title=\"Nh\u00e0 th\u1edd \u0111\u00e1 \u1edf Barichara - \u1ea2nh: laparenthesenomade.e-monsite\" src=\"https:\/\/cdn3.ivivu.com\/2016\/09\/kham-pha-8-diem-den-moi-duoc-cac-cap-doi-yeu-thich-ivivu-4.jpg\" alt=\"Nh\u00e0 th\u1edd \u0111\u00e1 \u1edf Barichara - \u1ea2nh: laparenthesenomade.e-monsite\" width=\"665\" height=\"443\" srcset=\"https:\/\/cdn3.ivivu.com\/2016\/09\/kham-pha-8-diem-den-moi-duoc-cac-cap-doi-yeu-thich-ivivu-4.jpg 665w, https:\/\/cdn3.ivivu.com\/2016\/09\/kham-pha-8-diem-den-moi-duoc-cac-cap-doi-yeu-thich-ivivu-4-458x305.jpg 458w\" sizes=\"(max-width: 665px) 100vw, 665px\" \/><p id=\"caption-attachment-166823\" class=\"wp-caption-text\">Nh\u00e0 th\u1edd \u0111\u00e1 \u1edf Barichara &#8211; \u1ea2nh: laparenthesenomade.e-monsite<\/p><\/div>\n<p style=\"text-align: justify;\">* T\u1ea1i CH Czech, \u0111\u00f4 th\u1ecb l\u1ecbch s\u1eed <strong>Trebon<\/strong> c\u00f3 t\u1eeb th\u1ebf k\u1ef7 12 Trebon thu\u1ed9c v\u00f9ng nam Bohemia cu\u1ed1n h\u00fat c\u00e1c c\u1eb7p \u0111\u00f4i b\u1eb1ng nh\u1eefng ng\u00f4i nh\u00e0 c\u00f3 m\u00e0u nh\u1ea1t d\u1ecbu m\u1eaft v\u1edbi hoa v\u0103n u\u1ed1n l\u01b0\u1ee3n c\u1ea7u k\u1ef3 \u0111\u1eb7c tr\u01b0ng c\u1ee7a ki\u1ebfn tr\u00fac Bar\u1ed1c, nh\u1eefng l\u1ec5 h\u1ed9i quanh n\u0103m.<\/p>\n<p style=\"text-align: justify;\">C\u00e1c c\u1eb7p \u0111\u00f4i c\u00f3 th\u1ec3 t\u1eadn h\u01b0\u1edfng c\u1ea3nh s\u1eafc thi\u00ean nhi\u00ean l\u00e3ng m\u1ea1n khi d\u1ea1o b\u1ed9 quanh ao h\u1ed3 Svet, kh\u00e1m ph\u00e1 h\u1ec7 sinh th\u00e1i \u0111a d\u1ea1ng \u1edf c\u00e1c khu r\u1eebng ngo\u1ea1i vi Trebon, \u0111\u1ebfn l\u00e2u \u0111\u00e0i th\u1eddi Ph\u1ee5c h\u01b0ng nh\u01b0 b\u01b0\u1edbc ra t\u1eeb c\u1ed5 t\u00edch&#8230;<\/p>\n<p style=\"text-align: justify;\">V\u00e0 t\u1ea1i trung t\u00e2m li\u1ec7u ph\u00e1p b\u00f9n kho\u00e1ng n\u1ed5i ti\u1ebfng Trebon v\u1edbi nhi\u1ec1u d\u01b0\u1ee3c t\u00ednh s\u1ebd l\u00e0 m\u1ed9t tr\u1ea3i nghi\u1ec7m khi\u1ebfn b\u1ea1n mu\u1ed1n tr\u1edf l\u1ea1i Trebon m\u1ed9t l\u1ea7n n\u1eefa.<\/p>\n<div id=\"attachment_166824\" style=\"width: 650px\" class=\"wp-caption aligncenter\"><img loading=\"lazy\" decoding=\"async\" aria-describedby=\"caption-attachment-166824\" class=\"wp-image-166824 size-full\" title=\"M\u1ed9t ph\u1ea7n Trebon nh\u00ecn t\u1eeb tr\u00ean cao - \u1ea2nh: visittrebon.cz\" src=\"https:\/\/cdn3.ivivu.com\/2016\/09\/kham-pha-8-diem-den-moi-duoc-cac-cap-doi-yeu-thich-ivivu-5.jpg\" alt=\"M\u1ed9t ph\u1ea7n Trebon nh\u00ecn t\u1eeb tr\u00ean cao - \u1ea2nh: visittrebon.cz\" width=\"640\" height=\"425\" srcset=\"https:\/\/cdn3.ivivu.com\/2016\/09\/kham-pha-8-diem-den-moi-duoc-cac-cap-doi-yeu-thich-ivivu-5.jpg 640w, https:\/\/cdn3.ivivu.com\/2016\/09\/kham-pha-8-diem-den-moi-duoc-cac-cap-doi-yeu-thich-ivivu-5-459x305.jpg 459w\" sizes=\"(max-width: 640px) 100vw, 640px\" \/><p id=\"caption-attachment-166824\" class=\"wp-caption-text\">M\u1ed9t ph\u1ea7n Trebon nh\u00ecn t\u1eeb tr\u00ean cao &#8211; \u1ea2nh: visittrebon.cz<\/p><\/div>\n<div id=\"attachment_166825\" style=\"width: 675px\" class=\"wp-caption aligncenter\"><img loading=\"lazy\" decoding=\"async\" aria-describedby=\"caption-attachment-166825\" class=\"wp-image-166825 size-full\" title=\"Qu\u1ea3ng tr\u01b0\u1eddng Masaryk t\u1eadp trung nhi\u1ec1u c\u00f4ng tr\u00ecnh ki\u1ebfn tr\u00fac tuy\u1ec7t m\u1ef9 \u1edf Trebon - \u1ea2nh: panoramio\" src=\"https:\/\/cdn3.ivivu.com\/2016\/09\/kham-pha-8-diem-den-moi-duoc-cac-cap-doi-yeu-thich-ivivu-6.jpg\" alt=\"Qu\u1ea3ng tr\u01b0\u1eddng Masaryk t\u1eadp trung nhi\u1ec1u c\u00f4ng tr\u00ecnh ki\u1ebfn tr\u00fac tuy\u1ec7t m\u1ef9 \u1edf Trebon - \u1ea2nh: panoramio\" width=\"665\" height=\"374\" srcset=\"https:\/\/cdn3.ivivu.com\/2016\/09\/kham-pha-8-diem-den-moi-duoc-cac-cap-doi-yeu-thich-ivivu-6.jpg 665w, https:\/\/cdn3.ivivu.com\/2016\/09\/kham-pha-8-diem-den-moi-duoc-cac-cap-doi-yeu-thich-ivivu-6-250x142.jpg 250w, https:\/\/cdn3.ivivu.com\/2016\/09\/kham-pha-8-diem-den-moi-duoc-cac-cap-doi-yeu-thich-ivivu-6-540x305.jpg 540w, https:\/\/cdn3.ivivu.com\/2016\/09\/kham-pha-8-diem-den-moi-duoc-cac-cap-doi-yeu-thich-ivivu-6-225x127.jpg 225w, https:\/\/cdn3.ivivu.com\/2016\/09\/kham-pha-8-diem-den-moi-duoc-cac-cap-doi-yeu-thich-ivivu-6-370x208.jpg 370w, https:\/\/cdn3.ivivu.com\/2016\/09\/kham-pha-8-diem-den-moi-duoc-cac-cap-doi-yeu-thich-ivivu-6-50x28.jpg 50w, https:\/\/cdn3.ivivu.com\/2016\/09\/kham-pha-8-diem-den-moi-duoc-cac-cap-doi-yeu-thich-ivivu-6-107x60.jpg 107w, https:\/\/cdn3.ivivu.com\/2016\/09\/kham-pha-8-diem-den-moi-duoc-cac-cap-doi-yeu-thich-ivivu-6-195x110.jpg 195w, https:\/\/cdn3.ivivu.com\/2016\/09\/kham-pha-8-diem-den-moi-duoc-cac-cap-doi-yeu-thich-ivivu-6-220x125.jpg 220w, https:\/\/cdn3.ivivu.com\/2016\/09\/kham-pha-8-diem-den-moi-duoc-cac-cap-doi-yeu-thich-ivivu-6-400x225.jpg 400w, https:\/\/cdn3.ivivu.com\/2016\/09\/kham-pha-8-diem-den-moi-duoc-cac-cap-doi-yeu-thich-ivivu-6-140x80.jpg 140w\" sizes=\"(max-width: 665px) 100vw, 665px\" \/><p id=\"caption-attachment-166825\" class=\"wp-caption-text\">Qu\u1ea3ng tr\u01b0\u1eddng Masaryk t\u1eadp trung nhi\u1ec1u c\u00f4ng tr\u00ecnh ki\u1ebfn tr\u00fac tuy\u1ec7t m\u1ef9 \u1edf Trebon &#8211; \u1ea2nh: panoramio<\/p><\/div>\n<p style=\"text-align: justify;\">* <strong>Collioure<\/strong> n\u00e9p m\u00ecnh b\u00ean v\u1ecbnh nh\u1ecf \u1edf \u0110\u1ecba Trung H\u1ea3i nh\u01b0 m\u1ed9t b\u1ea3o t\u00e0ng m\u1edf c\u1ef1c nam n\u01b0\u1edbc Ph\u00e1p, n\u01a1i t\u1ea1o c\u1ea3m h\u1ee9ng cho c\u00e1c danh h\u1ecda nh\u01b0 Picasso, Matisse&#8230;<\/p>\n<p style=\"text-align: justify;\">D\u00f9 kh\u00f4ng n\u1ed5i ti\u1ebfng nh\u01b0 nhi\u1ec1u th\u00e0nh ph\u1ed1 bi\u1ec3n ch\u00e2u \u00c2u, nh\u01b0ng c\u1eb7p \u0111\u00f4i \u0111\u01b0\u1ee3c tho\u1ea3i m\u00e1i d\u1ea1o b\u01b0\u1edbc tr\u00ean c\u00e1c ng\u1ecdn \u0111\u1ed3i, kh\u00e1m ph\u00e1 c\u00e1c v\u01b0\u1eddn nho d\u1ed1c xu\u1ed1ng th\u00e0nh ph\u1ed1, ng\u1eafm nh\u00ecn l\u00e2u \u0111\u00e0i, nh\u00e0 th\u1edd \u0111\u1ed5 b\u00f3ng b\u00ean b\u1edd bi\u1ec3n, hay c\u00f9ng nhau l\u1ef1a ch\u1ecdn c\u00e1c s\u1ea3n ph\u1ea9m \u0111\u1ecba ph\u01b0\u01a1ng trong ch\u1ee3&#8230;<\/p>\n<div id=\"attachment_166826\" style=\"width: 675px\" class=\"wp-caption aligncenter\"><img loading=\"lazy\" decoding=\"async\" aria-describedby=\"caption-attachment-166826\" class=\"wp-image-166826 size-full\" title=\"Ho\u00e0ng h\u00f4n \u1edf Collioure - th\u00e0nh ph\u1ed1 c\u1ee7a h\u1ecda s\u0129 - \u1ea2nh: AFP\" src=\"https:\/\/cdn3.ivivu.com\/2016\/09\/kham-pha-8-diem-den-moi-duoc-cac-cap-doi-yeu-thich-ivivu-7.jpg\" alt=\"Ho\u00e0ng h\u00f4n \u1edf Collioure - th\u00e0nh ph\u1ed1 c\u1ee7a h\u1ecda s\u0129 - \u1ea2nh: AFP\" width=\"665\" height=\"429\" srcset=\"https:\/\/cdn3.ivivu.com\/2016\/09\/kham-pha-8-diem-den-moi-duoc-cac-cap-doi-yeu-thich-ivivu-7.jpg 665w, https:\/\/cdn3.ivivu.com\/2016\/09\/kham-pha-8-diem-den-moi-duoc-cac-cap-doi-yeu-thich-ivivu-7-473x305.jpg 473w\" sizes=\"(max-width: 665px) 100vw, 665px\" \/><p id=\"caption-attachment-166826\" class=\"wp-caption-text\">Ho\u00e0ng h\u00f4n \u1edf Collioure &#8211; th\u00e0nh ph\u1ed1 c\u1ee7a h\u1ecda s\u0129 &#8211; \u1ea2nh: AFP<\/p><\/div>\n<div id=\"attachment_166827\" style=\"width: 675px\" class=\"wp-caption aligncenter\"><img loading=\"lazy\" decoding=\"async\" aria-describedby=\"caption-attachment-166827\" class=\"wp-image-166827 size-full\" title=\" M\u1ed9t con ph\u1ed1 l\u00e3ng m\u1ea1n \u1edf Collioure - \u1ea2nh: wp\" src=\"https:\/\/cdn3.ivivu.com\/2016\/09\/kham-pha-8-diem-den-moi-duoc-cac-cap-doi-yeu-thich-ivivu-8.jpg\" alt=\" M\u1ed9t con ph\u1ed1 l\u00e3ng m\u1ea1n \u1edf Collioure - \u1ea2nh: wp\" width=\"665\" height=\"498\" srcset=\"https:\/\/cdn3.ivivu.com\/2016\/09\/kham-pha-8-diem-den-moi-duoc-cac-cap-doi-yeu-thich-ivivu-8.jpg 665w, https:\/\/cdn3.ivivu.com\/2016\/09\/kham-pha-8-diem-den-moi-duoc-cac-cap-doi-yeu-thich-ivivu-8-407x305.jpg 407w\" sizes=\"(max-width: 665px) 100vw, 665px\" \/><p id=\"caption-attachment-166827\" class=\"wp-caption-text\">M\u1ed9t con ph\u1ed1 l\u00e3ng m\u1ea1n \u1edf Collioure &#8211; \u1ea2nh: wp<\/p><\/div>\n<p style=\"text-align: justify;\">* N\u1eb1m gi\u1eefa The Hague v\u00e0 Rotterdam, th\u00e0nh ph\u1ed1 ngh\u1ec7 thu\u1eadt v\u00e0 l\u1ecbch s\u1eed <strong>Delft c\u1ee7a H\u00e0 Lan<\/strong> n\u1ed5i ti\u1ebfng v\u1edbi g\u1ed1m s\u1ee9 xanh v\u00e0 tr\u1eafng; trong khi h\u1ec7 th\u1ed1ng c\u1ea7u b\u1eb1ng \u0111\u00e1 x\u01b0a r\u1ee3p b\u00f3ng m\u00e1t tr\u00ean k\u00eanh r\u1ea1ch, c\u1ea3nh quan th\u00f4n d\u00e3 b\u00ecnh y\u00ean \u0111\u00e3 thu h\u00fat c\u00e1c c\u1eb7p \u0111\u00f4i \u0111\u1ebfn v\u1edbi Delft.<\/p>\n<p style=\"text-align: justify;\">V\u00e0 c\u00f9ng nhau \u0111\u1ea1p xe qua nh\u1eefng con \u0111\u01b0\u1eddng nh\u1ecf v\u1edbi d\u00e3y nh\u00e0 \u0111\u1eb9p nh\u01b0 tranh v\u00e0 c\u00e1c c\u00f4ng tr\u00ecnh ki\u1ebfn tr\u00fac ho\u00e0nh tr\u00e1ng c\u00f3 th\u1ec3 khi\u1ebfn c\u1eb7p \u0111\u00f4i kh\u00f4ng n\u1ee1 r\u1eddi Delft.<\/p>\n<div id=\"attachment_166828\" style=\"width: 675px\" class=\"wp-caption aligncenter\"><img loading=\"lazy\" decoding=\"async\" aria-describedby=\"caption-attachment-166828\" class=\"wp-image-166828 size-full\" title=\"M\u1ed9t g\u00f3c Delft, th\u00e0nh ph\u1ed1 qu\u00ea h\u01b0\u01a1ng c\u1ee7a danh h\u1ecda H\u00e0 Lan Vermeer. - \u1ea2nh: AFP\" src=\"https:\/\/cdn3.ivivu.com\/2016\/09\/kham-pha-8-diem-den-moi-duoc-cac-cap-doi-yeu-thich-ivivu-9.jpg\" alt=\"M\u1ed9t g\u00f3c Delft, th\u00e0nh ph\u1ed1 qu\u00ea h\u01b0\u01a1ng c\u1ee7a danh h\u1ecda H\u00e0 Lan Vermeer. - \u1ea2nh: AFP\" width=\"665\" height=\"444\" srcset=\"https:\/\/cdn3.ivivu.com\/2016\/09\/kham-pha-8-diem-den-moi-duoc-cac-cap-doi-yeu-thich-ivivu-9.jpg 665w, https:\/\/cdn3.ivivu.com\/2016\/09\/kham-pha-8-diem-den-moi-duoc-cac-cap-doi-yeu-thich-ivivu-9-457x305.jpg 457w\" sizes=\"(max-width: 665px) 100vw, 665px\" \/><p id=\"caption-attachment-166828\" class=\"wp-caption-text\">M\u1ed9t g\u00f3c Delft, th\u00e0nh ph\u1ed1 qu\u00ea h\u01b0\u01a1ng c\u1ee7a danh h\u1ecda H\u00e0 Lan Vermeer. &#8211; \u1ea2nh: AFP<\/p><\/div>\n<div id=\"attachment_166829\" style=\"width: 946px\" class=\"wp-caption aligncenter\"><img loading=\"lazy\" decoding=\"async\" aria-describedby=\"caption-attachment-166829\" class=\"wp-image-166829 size-full\" title=\"M\u1ed9t con ph\u1ed1 ven k\u00eanh - \u1ea2nh: expedia\" src=\"https:\/\/cdn3.ivivu.com\/2016\/09\/kham-pha-8-diem-den-moi-duoc-cac-cap-doi-yeu-thich-ivivu-10.jpg\" alt=\"M\u1ed9t con ph\u1ed1 ven k\u00eanh - \u1ea2nh: expedia\" width=\"936\" height=\"526\" srcset=\"https:\/\/cdn3.ivivu.com\/2016\/09\/kham-pha-8-diem-den-moi-duoc-cac-cap-doi-yeu-thich-ivivu-10.jpg 936w, https:\/\/cdn3.ivivu.com\/2016\/09\/kham-pha-8-diem-den-moi-duoc-cac-cap-doi-yeu-thich-ivivu-10-540x303.jpg 540w, https:\/\/cdn3.ivivu.com\/2016\/09\/kham-pha-8-diem-den-moi-duoc-cac-cap-doi-yeu-thich-ivivu-10-750x422.jpg 750w, https:\/\/cdn3.ivivu.com\/2016\/09\/kham-pha-8-diem-den-moi-duoc-cac-cap-doi-yeu-thich-ivivu-10-225x127.jpg 225w, https:\/\/cdn3.ivivu.com\/2016\/09\/kham-pha-8-diem-den-moi-duoc-cac-cap-doi-yeu-thich-ivivu-10-370x208.jpg 370w, https:\/\/cdn3.ivivu.com\/2016\/09\/kham-pha-8-diem-den-moi-duoc-cac-cap-doi-yeu-thich-ivivu-10-50x28.jpg 50w, https:\/\/cdn3.ivivu.com\/2016\/09\/kham-pha-8-diem-den-moi-duoc-cac-cap-doi-yeu-thich-ivivu-10-107x60.jpg 107w, https:\/\/cdn3.ivivu.com\/2016\/09\/kham-pha-8-diem-den-moi-duoc-cac-cap-doi-yeu-thich-ivivu-10-195x110.jpg 195w, https:\/\/cdn3.ivivu.com\/2016\/09\/kham-pha-8-diem-den-moi-duoc-cac-cap-doi-yeu-thich-ivivu-10-220x125.jpg 220w, https:\/\/cdn3.ivivu.com\/2016\/09\/kham-pha-8-diem-den-moi-duoc-cac-cap-doi-yeu-thich-ivivu-10-400x225.jpg 400w, https:\/\/cdn3.ivivu.com\/2016\/09\/kham-pha-8-diem-den-moi-duoc-cac-cap-doi-yeu-thich-ivivu-10-140x80.jpg 140w\" sizes=\"(max-width: 936px) 100vw, 936px\" \/><p id=\"caption-attachment-166829\" class=\"wp-caption-text\">M\u1ed9t con ph\u1ed1 ven k\u00eanh &#8211; \u1ea2nh: expedia<\/p><\/div>\n<p style=\"text-align: justify;\">* <strong>Udaipur \u1edf bang Rajasthan<\/strong> c\u00f3 nh\u1eefng ng\u1ecdn \u0111\u1ed3i \u0111\u1ea5t son bao quanh \u0111\u01b0\u1ee3c xem l\u00e0 th\u00e0nh ph\u1ed1 l\u00e3ng m\u1ea1n nh\u1ea5t \u1ea4n \u0110\u1ed9 v\u00e0 \u0111\u01b0\u1ee3c v\u00ed nh\u01b0 Venice c\u1ee7a ph\u01b0\u01a1ng \u0110\u00f4ng.<\/p>\n<p style=\"text-align: justify;\">D\u1ea1o thuy\u1ec1n tr\u00ean h\u1ed3 n\u01b0\u1edbc nh\u00e2n t\u1ea1o Pichola gi\u1eefa l\u00f2ng th\u00e0nh ph\u1ed1 v\u1edbi l\u00e0n n\u01b0\u1edbc ph\u1ea3n chi\u1ebfu d\u01b0\u1edbi n\u1eafng v\u00e0 lan t\u1ecfa s\u1eafc m\u00e0u \u0111\u1ebfn c\u00e1c c\u00f4ng tr\u00ecnh xung quanh, d\u00f9ng b\u1eefa t\u1ed1i tr\u00ean t\u1ea7ng cao nh\u00e0 h\u00e0ng \u0111\u1ec3 c\u00f9ng nhau kh\u1eafc chi\u00eam ng\u01b0\u1ee1ng to\u00e0n c\u1ea3nh Udaipur d\u01b0\u1edbi b\u1ea7u tr\u1eddi \u0111\u00eam&#8230; l\u00e0 nh\u1eefng th\u1eddi kh\u1eafc kh\u00f3 qu\u00ean c\u1ee7a du kh\u00e1ch \u1edf Udaipur.<\/p>\n<p style=\"text-align: justify;\">\u0110\u1ea7u m\u00f9a \u0111\u00f4ng l\u00e0 th\u1eddi \u0111i\u1ec3m \u0111\u1eb9p nh\u1ea5t \u0111\u1ec3 t\u1eadn h\u01b0\u1edfng tu\u1ea7n tr\u0103ng m\u1eadt t\u1ea1i \u0111\u00e2y khi ti\u1ebft tr\u1eddi d\u1ec5 ch\u1ecbu v\u00e0 m\u00f9a du l\u1ecbch ch\u01b0a \u0111\u1ebfn&#8230;<\/p>\n<div id=\"attachment_166830\" style=\"width: 675px\" class=\"wp-caption aligncenter\"><img loading=\"lazy\" decoding=\"async\" aria-describedby=\"caption-attachment-166830\" class=\"wp-image-166830 size-full\" title=\"C\u00e1c cung \u0111i\u1ec7n r\u1ef1c r\u1ee1 nh\u01b0 ng\u1ecdc b\u00ean h\u1ed3 Pichola l\u00e0 \u0111i\u1ec3m tham quan ch\u00ednh c\u1ee7a Udaipur - \u1ea2nh AFP\" src=\"https:\/\/cdn3.ivivu.com\/2016\/09\/kham-pha-8-diem-den-moi-duoc-cac-cap-doi-yeu-thich-ivivu-11.jpg\" alt=\"C\u00e1c cung \u0111i\u1ec7n r\u1ef1c r\u1ee1 nh\u01b0 ng\u1ecdc b\u00ean h\u1ed3 Pichola l\u00e0 \u0111i\u1ec3m tham quan ch\u00ednh c\u1ee7a Udaipur - \u1ea2nh AFP\" width=\"665\" height=\"435\" srcset=\"https:\/\/cdn3.ivivu.com\/2016\/09\/kham-pha-8-diem-den-moi-duoc-cac-cap-doi-yeu-thich-ivivu-11.jpg 665w, https:\/\/cdn3.ivivu.com\/2016\/09\/kham-pha-8-diem-den-moi-duoc-cac-cap-doi-yeu-thich-ivivu-11-466x305.jpg 466w\" sizes=\"(max-width: 665px) 100vw, 665px\" \/><p id=\"caption-attachment-166830\" class=\"wp-caption-text\">C\u00e1c cung \u0111i\u1ec7n r\u1ef1c r\u1ee1 nh\u01b0 ng\u1ecdc b\u00ean h\u1ed3 Pichola l\u00e0 \u0111i\u1ec3m tham quan ch\u00ednh c\u1ee7a Udaipur &#8211; \u1ea2nh AFP<\/p><\/div>\n<div id=\"attachment_166831\" style=\"width: 675px\" class=\"wp-caption aligncenter\"><img loading=\"lazy\" decoding=\"async\" aria-describedby=\"caption-attachment-166831\" class=\"wp-image-166831 size-full\" title=\"X\u00e2y d\u1ef1ng t\u1eeb th\u1ebf k\u1ef7 15, Chittaurgarh tr\u00ean n\u00fai Kumbhalgarh l\u00e0 ph\u00e1o \u0111\u00e0i l\u1edbn nh\u1ea5t v\u00e0 cao nh\u1ea5t bang Rajasthan - \u1ea2nh: wp\" src=\"https:\/\/cdn3.ivivu.com\/2016\/09\/kham-pha-8-diem-den-moi-duoc-cac-cap-doi-yeu-thich-ivivu-12.jpg\" alt=\"X\u00e2y d\u1ef1ng t\u1eeb th\u1ebf k\u1ef7 15, Chittaurgarh tr\u00ean n\u00fai Kumbhalgarh l\u00e0 ph\u00e1o \u0111\u00e0i l\u1edbn nh\u1ea5t v\u00e0 cao nh\u1ea5t bang Rajasthan - \u1ea2nh: wp\" width=\"665\" height=\"442\" srcset=\"https:\/\/cdn3.ivivu.com\/2016\/09\/kham-pha-8-diem-den-moi-duoc-cac-cap-doi-yeu-thich-ivivu-12.jpg 665w, https:\/\/cdn3.ivivu.com\/2016\/09\/kham-pha-8-diem-den-moi-duoc-cac-cap-doi-yeu-thich-ivivu-12-459x305.jpg 459w\" sizes=\"(max-width: 665px) 100vw, 665px\" \/><p id=\"caption-attachment-166831\" class=\"wp-caption-text\">X\u00e2y d\u1ef1ng t\u1eeb th\u1ebf k\u1ef7 15, Chittaurgarh tr\u00ean n\u00fai Kumbhalgarh l\u00e0 ph\u00e1o \u0111\u00e0i l\u1edbn nh\u1ea5t v\u00e0 cao nh\u1ea5t bang Rajasthan &#8211; \u1ea2nh: wp<\/p><\/div>\n<p style=\"text-align: justify;\">* <strong>Th\u00e0nh ph\u1ed1 c\u1ea3ng Akaroa tr\u00ean \u0111\u1ea3o Nam c\u1ee7a New Zealand<\/strong> c\u00f2n nguy\u00ean d\u00e1ng v\u1ebb th\u1eddi thu\u1ed9c \u0111\u1ecba Ph\u00e1p, quy\u1ebfn r\u0169 c\u00e1c c\u1eb7p \u0111\u00f4i b\u1eb1ng d\u1ea5u t\u00edch c\u1ee7a ng\u1ecdn n\u00fai l\u1eeda \u0111\u00e3 t\u1eaft, \u0111\u00f9a vui c\u00f9ng c\u00e1 heo tr\u00ean s\u00f3ng n\u01b0\u1edbc hay chi\u00eam ng\u01b0\u1ee1ng c\u00e1c v\u0169 \u0111i\u1ec7u c\u00e1 voi&#8230;<\/p>\n<div id=\"attachment_166832\" style=\"width: 675px\" class=\"wp-caption aligncenter\"><img loading=\"lazy\" decoding=\"async\" aria-describedby=\"caption-attachment-166832\" class=\"wp-image-166832 size-full\" title=\"D\u1ea5u \u1ea5n Ph\u00e1p \u1edf Akaroa - \u1ea2nh: wp\" src=\"https:\/\/cdn3.ivivu.com\/2016\/09\/kham-pha-8-diem-den-moi-duoc-cac-cap-doi-yeu-thich-ivivu-13.jpg\" alt=\"D\u1ea5u \u1ea5n Ph\u00e1p \u1edf Akaroa - \u1ea2nh: wp\" width=\"665\" height=\"443\" srcset=\"https:\/\/cdn3.ivivu.com\/2016\/09\/kham-pha-8-diem-den-moi-duoc-cac-cap-doi-yeu-thich-ivivu-13.jpg 665w, https:\/\/cdn3.ivivu.com\/2016\/09\/kham-pha-8-diem-den-moi-duoc-cac-cap-doi-yeu-thich-ivivu-13-458x305.jpg 458w\" sizes=\"(max-width: 665px) 100vw, 665px\" \/><p id=\"caption-attachment-166832\" class=\"wp-caption-text\">D\u1ea5u \u1ea5n Ph\u00e1p \u1edf Akaroa &#8211; \u1ea2nh: wp<\/p><\/div>\n<div id=\"attachment_166833\" style=\"width: 675px\" class=\"wp-caption aligncenter\"><img loading=\"lazy\" decoding=\"async\" aria-describedby=\"caption-attachment-166833\" class=\"wp-image-166833 size-full\" title=\"Y\u00ean b\u00ecnh \u1edf Akaroa - \u1ea2nh: forolia\" src=\"https:\/\/cdn3.ivivu.com\/2016\/09\/kham-pha-8-diem-den-moi-duoc-cac-cap-doi-yeu-thich-ivivu-14.jpg\" alt=\"Y\u00ean b\u00ecnh \u1edf Akaroa - \u1ea2nh: forolia\" width=\"665\" height=\"440\" srcset=\"https:\/\/cdn3.ivivu.com\/2016\/09\/kham-pha-8-diem-den-moi-duoc-cac-cap-doi-yeu-thich-ivivu-14.jpg 665w, https:\/\/cdn3.ivivu.com\/2016\/09\/kham-pha-8-diem-den-moi-duoc-cac-cap-doi-yeu-thich-ivivu-14-461x305.jpg 461w\" sizes=\"(max-width: 665px) 100vw, 665px\" \/><p id=\"caption-attachment-166833\" class=\"wp-caption-text\">Y\u00ean b\u00ecnh \u1edf Akaroa &#8211; \u1ea2nh: forolia<\/p><\/div>\n<p style=\"text-align: justify;\">* Ng\u00f4i l\u00e0ng kh\u00f4ng tu\u1ed5i <strong>Monsaraz<\/strong>, m\u1ed9t trong b\u1ea3y k\u1ef3 quan c\u1ee7a B\u1ed3 \u0110\u00e0o Nha c\u00f3 ng\u01b0\u1eddi \u1edf t\u1eeb th\u1eddi ti\u1ec1n s\u1eed tr\u00ean \u0111\u1ec9nh \u0111\u1ed3i nh\u00ecn ra thung l\u0169ng v\u00e0 h\u1ed3 Alqueva, l\u00e0 n\u01a1i c\u00e1c c\u1eb7p \u0111\u00f4i chia s\u1ebb ni\u1ec1m vui \u1ea9m th\u1ef1c.<\/p>\n<p style=\"text-align: justify;\">Tr\u01b0\u1edbc khi d\u00f9ng c\u00e1c m\u00f3n \u0103n d\u00e2n d\u00e3 \u0111\u01b0\u1ee3c ch\u1ebf bi\u1ebfn v\u1edbi nhi\u1ec1u lo\u1ea1i r\u01b0\u1ee3u vang \u0111\u1ecba ph\u01b0\u01a1ng, du kh\u00e1ch th\u01b0\u1eddng lang thang tr\u00ean c\u00e1c c\u00e1nh \u0111\u1ed3ng \u00f4liu, ng\u1eafm c\u00e1c v\u01b0\u1eddn nho sai qu\u1ea3 \u0111\u1ec3 k\u00edch th\u00edch v\u1ecb gi\u00e1c. V\u00e0 \u0111\u00eam xu\u1ed1ng, c\u1eb7p \u0111\u00f4i c\u00f3 th\u1ec3 ng\u1eafm sao \u1edf Dark Sky&#8230;<\/p>\n<p style=\"text-align: justify;\">\u1ede Monsaraz, du kh\u00e1ch nh\u01b0 tr\u1edf v\u1ec1 th\u1eddi Trung c\u1ed5. Nh\u1eefng t\u01b0\u1eddng th\u00e0nh n\u1ed1i ti\u1ebfp, nh\u1eefng ng\u00f4i nh\u00e0 tr\u1eafng tr\u00ean c\u00e1c con ng\u00f5 quanh co b\u00ean v\u00e1ch \u0111\u00e1 y\u00ean b\u00ecnh v\u00e0 t\u0129nh l\u1eb7ng khi\u1ebfn cu\u1ed9c s\u1ed1ng \u1edf Monsaraz nh\u01b0 ch\u1eadm l\u1ea1i.<\/p>\n<div id=\"attachment_166834\" style=\"width: 675px\" class=\"wp-caption aligncenter\"><img loading=\"lazy\" decoding=\"async\" aria-describedby=\"caption-attachment-166834\" class=\"wp-image-166834 size-full\" title=\"Monsaraz, m\u1ed9t trong nh\u1eefng ng\u00f4i l\u00e0ng \u0111\u1eb9p nh\u1ea5t B\u1ed3 \u0110\u00e0o Nha - \u1ea2nh: fotolia\" src=\"https:\/\/cdn3.ivivu.com\/2016\/09\/kham-pha-8-diem-den-moi-duoc-cac-cap-doi-yeu-thich-ivivu-15.jpg\" alt=\"Monsaraz, m\u1ed9t trong nh\u1eefng ng\u00f4i l\u00e0ng \u0111\u1eb9p nh\u1ea5t B\u1ed3 \u0110\u00e0o Nha - \u1ea2nh: fotolia\" width=\"665\" height=\"442\" srcset=\"https:\/\/cdn3.ivivu.com\/2016\/09\/kham-pha-8-diem-den-moi-duoc-cac-cap-doi-yeu-thich-ivivu-15.jpg 665w, https:\/\/cdn3.ivivu.com\/2016\/09\/kham-pha-8-diem-den-moi-duoc-cac-cap-doi-yeu-thich-ivivu-15-459x305.jpg 459w\" sizes=\"(max-width: 665px) 100vw, 665px\" \/><p id=\"caption-attachment-166834\" class=\"wp-caption-text\">Monsaraz, m\u1ed9t trong nh\u1eefng ng\u00f4i l\u00e0ng \u0111\u1eb9p nh\u1ea5t B\u1ed3 \u0110\u00e0o Nha &#8211; \u1ea2nh: fotolia<\/p><\/div>\n<div id=\"attachment_166835\" style=\"width: 675px\" class=\"wp-caption aligncenter\"><img loading=\"lazy\" decoding=\"async\" aria-describedby=\"caption-attachment-166835\" class=\"wp-image-166835 size-full\" title=\"N\u0103m 2012, Monsaraz \u0111\u01b0\u1ee3c UNESCO v\u00e0 T\u1ed5 ch\u1ee9c Du l\u1ecbch th\u1ebf gi\u1edbi trao ch\u1ee9ng nh\u1eadn &quot;\u0110i\u1ec3m \u0111\u1ebfn \u00e1nh sao \u0111\u1ea7u ti\u00ean&quot; - \u1ea2nh: circuits-portugal.fr\" src=\"https:\/\/cdn3.ivivu.com\/2016\/09\/kham-pha-8-diem-den-moi-duoc-cac-cap-doi-yeu-thich-ivivu-16.jpg\" alt=\"N\u0103m 2012, Monsaraz \u0111\u01b0\u1ee3c UNESCO v\u00e0 T\u1ed5 ch\u1ee9c Du l\u1ecbch th\u1ebf gi\u1edbi trao ch\u1ee9ng nh\u1eadn &quot;\u0110i\u1ec3m \u0111\u1ebfn \u00e1nh sao \u0111\u1ea7u ti\u00ean&quot; - \u1ea2nh: circuits-portugal.fr\" width=\"665\" height=\"274\" srcset=\"https:\/\/cdn3.ivivu.com\/2016\/09\/kham-pha-8-diem-den-moi-duoc-cac-cap-doi-yeu-thich-ivivu-16.jpg 665w, https:\/\/cdn3.ivivu.com\/2016\/09\/kham-pha-8-diem-den-moi-duoc-cac-cap-doi-yeu-thich-ivivu-16-540x222.jpg 540w\" sizes=\"(max-width: 665px) 100vw, 665px\" \/><p id=\"caption-attachment-166835\" class=\"wp-caption-text\">N\u0103m 2012, Monsaraz \u0111\u01b0\u1ee3c UNESCO v\u00e0 T\u1ed5 ch\u1ee9c Du l\u1ecbch th\u1ebf gi\u1edbi trao ch\u1ee9ng nh\u1eadn &#8220;\u0110i\u1ec3m \u0111\u1ebfn \u00e1nh sao \u0111\u1ea7u ti\u00ean&#8221; &#8211; \u1ea2nh: circuits-portugal.fr<\/p><\/div>\n<h4 style=\"text-align: center;\"><div class=\"ltt-contentbox white\"><\/span>B\u1ea0N C\u1ea6N M\u1ed8T N\u01a0I L\u01afU TR\u00da V\u1edaI GI\u00c1 H\u1ee2P T\u00daI TI\u1ec0N TRONG H\u00c0NH TR\u00ccNH DU L\u1ecaCH, \u0110\u1eeaNG NG\u1ea6N NG\u1ea0I G\u1eccI NGAY T\u1edaI S\u1ed0 1900 1870 \u0110\u1ec2 \u0110\u01af\u1ee2C T\u01af V\u1ea4N NH\u00c9<\/div><\/h4>\n<p>&nbsp;<\/p>\n<p style=\"text-align: right;\"><strong>Theo Tu\u1ed5i Tr\u1ebb<\/strong><\/p>\n<div class=\"ltt-contentbox white\"><\/span><\/p>\n<p><strong>Xem th\u00eam c\u00e1c b\u00e0i vi\u1ebft:<\/strong><\/p>\n<p><strong><a href=\"https:\/\/www.ivivu.com\/blog\/2016\/09\/tham-sheffield-thanh-pho-thep-dat-doi-gio-hu\/\" target=\"_blank\">Th\u0103m Sheffield, th\u00e0nh ph\u1ed1 th\u00e9p \u0111\u1ea5t \u0110\u1ed3i gi\u00f3 h\u00fa<\/a><\/strong><\/p>\n<p><strong><a href=\"https:\/\/www.ivivu.com\/blog\/2016\/09\/%E2%80%8Bme-hoac-nhung-ky-quan-nam-my\/\" target=\"_blank\">M\u00ea ho\u1eb7c nh\u1eefng k\u1ef3 quan Nam M\u1ef9<\/a><\/strong><\/p>\n<p><strong><a href=\"https:\/\/www.ivivu.com\/blog\/2016\/09\/bi-an-hon-ma-rung-ron-trong-cac-cung-phu-o-bac-kinh\/\" target=\"_blank\">B\u00ed \u1ea9n h\u1ed3n ma r\u00f9ng r\u1ee3n trong c\u00e1c cung, ph\u1ee7 \u1edf B\u1eafc Kinh<\/a><\/strong><\/p>\n<p><\/div>\n<h3><div class=\"ltt-contentbox white\"><\/span>Click \u0111\u1eb7t ngay\u00a0<a href=\"https:\/\/www.ivivu.com\/?utm_source=blog_ivivu&amp;utm_medium=post_link&amp;utm_campaign=internal\" target=\"_blank\">Kh\u00e1ch s\u1ea1n kh\u1eafp Vi\u1ec7t Nam v\u00e0 to\u00e0n th\u1ebf gi\u1edbi<\/a>\u00a0gi\u00e1 t\u1ed1t nh\u1ea5t\u00a0ch\u1ec9 c\u00f3 t\u1ea1i iVIVU.com<\/div><\/h3>\n<p>***<\/p>\n<p><strong>Tham kh\u1ea3o: <a href=\"https:\/\/www.ivivu.com\/blog\" target=\"_blank\">C\u1ea9m nang du l\u1ecbch iVIVU.com<\/a><\/strong><\/p>\n","protected":false},"excerpt":{"rendered":"<p>Ngo\u00e0i c\u00e1c cung \u0111\u01b0\u1eddng quen thu\u1ed9c, c\u00f3 t\u00e1m \u0111i\u1ec3m \u0111\u1ebfn l\u00e3ng m\u1ea1n \u0111\u01b0\u1ee3c c\u00e1c c\u1eb7p \u0111\u00f4i l\u1ef1a ch\u1ecdn \u0111\u1ec3 c\u00f3 m\u1ed9t k\u1ef3 ngh\u1ec9 tr\u0103ng m\u1eadt \u0111\u00e1ng nh\u1edb.<\/p>\n","protected":false},"author":38,"featured_media":166820,"comment_status":"closed","ping_status":"open","sticky":false,"template":"","format":"standard","meta":{"_acf_changed":false,"footnotes":""},"categories":[231,795,14742],"tags":[12927,156,23830,7802,5841,588],"acf":[],"yoast_head":"<!-- This site is optimized with the Yoast SEO Premium plugin v22.6 (Yoast SEO v22.6) - https:\/\/yoast.com\/wordpress\/plugins\/seo\/ -->\n<title>Du l\u1ecbch c\u1eb7p \u0111\u00f4i: Kh\u00e1m ph\u00e1 8 \u0111i\u1ec3m \u0111\u1ebfn m\u1edbi \u0111\u01b0\u1ee3c c\u00e1c c\u1eb7p \u0111\u00f4i y\u00eau th\u00edch - iVIVU.com<\/title>\n<meta name=\"description\" content=\"Ngo\u00e0i c\u00e1c cung \u0111\u01b0\u1eddng quen thu\u1ed9c, c\u00f3 t\u00e1m \u0111i\u1ec3m \u0111\u1ebfn l\u00e3ng m\u1ea1n \u0111\u01b0\u1ee3c c\u00e1c c\u1eb7p \u0111\u00f4i l\u1ef1a ch\u1ecdn \u0111\u1ec3 c\u00f3 m\u1ed9t k\u1ef3 ngh\u1ec9 tr\u0103ng m\u1eadt \u0111\u00e1ng nh\u1edb.\" \/>\n<meta name=\"robots\" content=\"index, follow, max-snippet:-1, max-image-preview:large, max-video-preview:-1\" \/>\n<link rel=\"canonical\" href=\"https:\/\/www.ivivu.com\/blog\/2016\/09\/kham-pha-8-diem-den-moi-duoc-cac-cap-doi-yeu-thich\/\" \/>\n<meta name=\"twitter:label1\" content=\"\u0110\u01b0\u1ee3c vi\u1ebft b\u1edfi\" \/>\n\t<meta name=\"twitter:data1\" content=\"Ng\u00e2n Thi\u1ec1u Kim\" \/>\n\t<meta name=\"twitter:label2\" content=\"\u01af\u1edbc t\u00ednh th\u1eddi gian \u0111\u1ecdc\" \/>\n\t<meta name=\"twitter:data2\" content=\"10 ph\u00fat\" \/>\n<script type=\"application\/ld+json\" class=\"yoast-schema-graph\">{\"@context\":\"https:\/\/schema.org\",\"@graph\":[{\"@type\":\"Article\",\"@id\":\"https:\/\/www.ivivu.com\/blog\/2016\/09\/kham-pha-8-diem-den-moi-duoc-cac-cap-doi-yeu-thich\/#article\",\"isPartOf\":{\"@id\":\"https:\/\/www.ivivu.com\/blog\/2016\/09\/kham-pha-8-diem-den-moi-duoc-cac-cap-doi-yeu-thich\/\"},\"author\":{\"name\":\"Ng\u00e2n Thi\u1ec1u Kim\",\"@id\":\"https:\/\/www.ivivu.com\/blog\/#\/schema\/person\/f6e706f46fad4e85f2e1c3ec41136369\"},\"headline\":\"Kh\u00e1m ph\u00e1 8 \u0111i\u1ec3m \u0111\u1ebfn m\u1edbi \u0111\u01b0\u1ee3c c\u00e1c c\u1eb7p \u0111\u00f4i y\u00eau th\u00edch\",\"datePublished\":\"2016-09-19T09:20:20+00:00\",\"dateModified\":\"2016-09-19T09:20:21+00:00\",\"mainEntityOfPage\":{\"@id\":\"https:\/\/www.ivivu.com\/blog\/2016\/09\/kham-pha-8-diem-den-moi-duoc-cac-cap-doi-yeu-thich\/\"},\"wordCount\":1993,\"publisher\":{\"@id\":\"https:\/\/www.ivivu.com\/blog\/#organization\"},\"image\":{\"@id\":\"https:\/\/www.ivivu.com\/blog\/2016\/09\/kham-pha-8-diem-den-moi-duoc-cac-cap-doi-yeu-thich\/#primaryimage\"},\"thumbnailUrl\":\"https:\/\/cdn3.ivivu.com\/2016\/09\/kham-pha-8-diem-den-moi-duoc-cac-cap-doi-yeu-thich-ivivu-1.jpg\",\"keywords\":[\"du l\u1ecbch c\u1eb7p \u0111\u00f4i\",\"du l\u1ecbch th\u1ebf gi\u1edbi\",\"\u0111i\u1ec3m \u0111\u1ebfn c\u1eb7p \u0111\u00f4i\",\"\u0111i\u1ec3m \u0111\u1ebfn l\u00e3ng m\u1ea1n\",\"\u0111i\u1ec3m \u0111\u1ebfn tr\u0103ng m\u1eadt\",\"k\u1ef3 ngh\u1ec9 tr\u0103ng m\u1eadt\"],\"articleSection\":[\"DU L\u1ecaCH TH\u1ebe GI\u1edaI\",\"\u0110i\u1ec3m \u0111\u1ebfn\",\"N\u1ed5i B\u1eadt 2\"],\"inLanguage\":\"vi\"},{\"@type\":\"WebPage\",\"@id\":\"https:\/\/www.ivivu.com\/blog\/2016\/09\/kham-pha-8-diem-den-moi-duoc-cac-cap-doi-yeu-thich\/\",\"url\":\"https:\/\/www.ivivu.com\/blog\/2016\/09\/kham-pha-8-diem-den-moi-duoc-cac-cap-doi-yeu-thich\/\",\"name\":\"Du l\u1ecbch c\u1eb7p \u0111\u00f4i: Kh\u00e1m ph\u00e1 8 \u0111i\u1ec3m \u0111\u1ebfn m\u1edbi \u0111\u01b0\u1ee3c c\u00e1c c\u1eb7p \u0111\u00f4i y\u00eau th\u00edch - iVIVU.com\",\"isPartOf\":{\"@id\":\"https:\/\/www.ivivu.com\/blog\/#website\"},\"primaryImageOfPage\":{\"@id\":\"https:\/\/www.ivivu.com\/blog\/2016\/09\/kham-pha-8-diem-den-moi-duoc-cac-cap-doi-yeu-thich\/#primaryimage\"},\"image\":{\"@id\":\"https:\/\/www.ivivu.com\/blog\/2016\/09\/kham-pha-8-diem-den-moi-duoc-cac-cap-doi-yeu-thich\/#primaryimage\"},\"thumbnailUrl\":\"https:\/\/cdn3.ivivu.com\/2016\/09\/kham-pha-8-diem-den-moi-duoc-cac-cap-doi-yeu-thich-ivivu-1.jpg\",\"datePublished\":\"2016-09-19T09:20:20+00:00\",\"dateModified\":\"2016-09-19T09:20:21+00:00\",\"description\":\"Ngo\u00e0i c\u00e1c cung \u0111\u01b0\u1eddng quen thu\u1ed9c, c\u00f3 t\u00e1m \u0111i\u1ec3m \u0111\u1ebfn l\u00e3ng m\u1ea1n \u0111\u01b0\u1ee3c c\u00e1c c\u1eb7p \u0111\u00f4i l\u1ef1a ch\u1ecdn \u0111\u1ec3 c\u00f3 m\u1ed9t k\u1ef3 ngh\u1ec9 tr\u0103ng m\u1eadt \u0111\u00e1ng nh\u1edb.\",\"breadcrumb\":{\"@id\":\"https:\/\/www.ivivu.com\/blog\/2016\/09\/kham-pha-8-diem-den-moi-duoc-cac-cap-doi-yeu-thich\/#breadcrumb\"},\"inLanguage\":\"vi\",\"potentialAction\":[{\"@type\":\"ReadAction\",\"target\":[\"https:\/\/www.ivivu.com\/blog\/2016\/09\/kham-pha-8-diem-den-moi-duoc-cac-cap-doi-yeu-thich\/\"]}]},{\"@type\":\"ImageObject\",\"inLanguage\":\"vi\",\"@id\":\"https:\/\/www.ivivu.com\/blog\/2016\/09\/kham-pha-8-diem-den-moi-duoc-cac-cap-doi-yeu-thich\/#primaryimage\",\"url\":\"https:\/\/cdn3.ivivu.com\/2016\/09\/kham-pha-8-diem-den-moi-duoc-cac-cap-doi-yeu-thich-ivivu-1.jpg\",\"contentUrl\":\"https:\/\/cdn3.ivivu.com\/2016\/09\/kham-pha-8-diem-den-moi-duoc-cac-cap-doi-yeu-thich-ivivu-1.jpg\",\"width\":665,\"height\":374},{\"@type\":\"BreadcrumbList\",\"@id\":\"https:\/\/www.ivivu.com\/blog\/2016\/09\/kham-pha-8-diem-den-moi-duoc-cac-cap-doi-yeu-thich\/#breadcrumb\",\"itemListElement\":[{\"@type\":\"ListItem\",\"position\":1,\"name\":\"Home\",\"item\":\"https:\/\/www.ivivu.com\/blog\/\"},{\"@type\":\"ListItem\",\"position\":2,\"name\":\"Kh\u00e1m ph\u00e1 8 \u0111i\u1ec3m \u0111\u1ebfn m\u1edbi \u0111\u01b0\u1ee3c c\u00e1c c\u1eb7p \u0111\u00f4i y\u00eau th\u00edch\"}]},{\"@type\":\"WebSite\",\"@id\":\"https:\/\/www.ivivu.com\/blog\/#website\",\"url\":\"https:\/\/www.ivivu.com\/blog\/\",\"name\":\"C\u1ea9m nang du l\u1ecbch\",\"description\":\"\",\"publisher\":{\"@id\":\"https:\/\/www.ivivu.com\/blog\/#organization\"},\"potentialAction\":[{\"@type\":\"SearchAction\",\"target\":{\"@type\":\"EntryPoint\",\"urlTemplate\":\"https:\/\/www.ivivu.com\/blog\/?s={search_term_string}\"},\"query-input\":\"required name=search_term_string\"}],\"inLanguage\":\"vi\"},{\"@type\":\"Organization\",\"@id\":\"https:\/\/www.ivivu.com\/blog\/#organization\",\"name\":\"iVIVU.com\",\"url\":\"https:\/\/www.ivivu.com\/blog\/\",\"logo\":{\"@type\":\"ImageObject\",\"inLanguage\":\"vi\",\"@id\":\"https:\/\/www.ivivu.com\/blog\/#\/schema\/logo\/image\/\",\"url\":\"https:\/\/cdn3.ivivu.com\/2024\/01\/ivivu_no_slogan.png\",\"contentUrl\":\"https:\/\/cdn3.ivivu.com\/2024\/01\/ivivu_no_slogan.png\",\"width\":788,\"height\":565,\"caption\":\"iVIVU.com\"},\"image\":{\"@id\":\"https:\/\/www.ivivu.com\/blog\/#\/schema\/logo\/image\/\"},\"sameAs\":[\"https:\/\/www.facebook.com\/iVIVU\"]},{\"@type\":\"Person\",\"@id\":\"https:\/\/www.ivivu.com\/blog\/#\/schema\/person\/f6e706f46fad4e85f2e1c3ec41136369\",\"name\":\"Ng\u00e2n Thi\u1ec1u Kim\",\"sameAs\":[\"https:\/\/www.ivivu.com\/blog\/\"],\"url\":\"https:\/\/www.ivivu.com\/blog\/author\/ngan-thieu\/\"}]}<\/script>\n<!-- \/ Yoast SEO Premium plugin. -->","yoast_head_json":{"title":"Du l\u1ecbch c\u1eb7p \u0111\u00f4i: Kh\u00e1m ph\u00e1 8 \u0111i\u1ec3m \u0111\u1ebfn m\u1edbi \u0111\u01b0\u1ee3c c\u00e1c c\u1eb7p \u0111\u00f4i y\u00eau th\u00edch - iVIVU.com","description":"Ngo\u00e0i c\u00e1c cung \u0111\u01b0\u1eddng quen thu\u1ed9c, c\u00f3 t\u00e1m \u0111i\u1ec3m \u0111\u1ebfn l\u00e3ng m\u1ea1n \u0111\u01b0\u1ee3c c\u00e1c c\u1eb7p \u0111\u00f4i l\u1ef1a ch\u1ecdn \u0111\u1ec3 c\u00f3 m\u1ed9t k\u1ef3 ngh\u1ec9 tr\u0103ng m\u1eadt \u0111\u00e1ng nh\u1edb.","robots":{"index":"index","follow":"follow","max-snippet":"max-snippet:-1","max-image-preview":"max-image-preview:large","max-video-preview":"max-video-preview:-1"},"canonical":"https:\/\/www.ivivu.com\/blog\/2016\/09\/kham-pha-8-diem-den-moi-duoc-cac-cap-doi-yeu-thich\/","twitter_misc":{"\u0110\u01b0\u1ee3c vi\u1ebft b\u1edfi":"Ng\u00e2n Thi\u1ec1u Kim","\u01af\u1edbc t\u00ednh th\u1eddi gian \u0111\u1ecdc":"10 ph\u00fat"},"schema":{"@context":"https:\/\/schema.org","@graph":[{"@type":"Article","@id":"https:\/\/www.ivivu.com\/blog\/2016\/09\/kham-pha-8-diem-den-moi-duoc-cac-cap-doi-yeu-thich\/#article","isPartOf":{"@id":"https:\/\/www.ivivu.com\/blog\/2016\/09\/kham-pha-8-diem-den-moi-duoc-cac-cap-doi-yeu-thich\/"},"author":{"name":"Ng\u00e2n Thi\u1ec1u Kim","@id":"https:\/\/www.ivivu.com\/blog\/#\/schema\/person\/f6e706f46fad4e85f2e1c3ec41136369"},"headline":"Kh\u00e1m ph\u00e1 8 \u0111i\u1ec3m \u0111\u1ebfn m\u1edbi \u0111\u01b0\u1ee3c c\u00e1c c\u1eb7p \u0111\u00f4i y\u00eau th\u00edch","datePublished":"2016-09-19T09:20:20+00:00","dateModified":"2016-09-19T09:20:21+00:00","mainEntityOfPage":{"@id":"https:\/\/www.ivivu.com\/blog\/2016\/09\/kham-pha-8-diem-den-moi-duoc-cac-cap-doi-yeu-thich\/"},"wordCount":1993,"publisher":{"@id":"https:\/\/www.ivivu.com\/blog\/#organization"},"image":{"@id":"https:\/\/www.ivivu.com\/blog\/2016\/09\/kham-pha-8-diem-den-moi-duoc-cac-cap-doi-yeu-thich\/#primaryimage"},"thumbnailUrl":"https:\/\/cdn3.ivivu.com\/2016\/09\/kham-pha-8-diem-den-moi-duoc-cac-cap-doi-yeu-thich-ivivu-1.jpg","keywords":["du l\u1ecbch c\u1eb7p \u0111\u00f4i","du l\u1ecbch th\u1ebf gi\u1edbi","\u0111i\u1ec3m \u0111\u1ebfn c\u1eb7p \u0111\u00f4i","\u0111i\u1ec3m \u0111\u1ebfn l\u00e3ng m\u1ea1n","\u0111i\u1ec3m \u0111\u1ebfn tr\u0103ng m\u1eadt","k\u1ef3 ngh\u1ec9 tr\u0103ng m\u1eadt"],"articleSection":["DU L\u1ecaCH TH\u1ebe GI\u1edaI","\u0110i\u1ec3m \u0111\u1ebfn","N\u1ed5i B\u1eadt 2"],"inLanguage":"vi"},{"@type":"WebPage","@id":"https:\/\/www.ivivu.com\/blog\/2016\/09\/kham-pha-8-diem-den-moi-duoc-cac-cap-doi-yeu-thich\/","url":"https:\/\/www.ivivu.com\/blog\/2016\/09\/kham-pha-8-diem-den-moi-duoc-cac-cap-doi-yeu-thich\/","name":"Du l\u1ecbch c\u1eb7p \u0111\u00f4i: Kh\u00e1m ph\u00e1 8 \u0111i\u1ec3m \u0111\u1ebfn m\u1edbi \u0111\u01b0\u1ee3c c\u00e1c c\u1eb7p \u0111\u00f4i y\u00eau th\u00edch - iVIVU.com","isPartOf":{"@id":"https:\/\/www.ivivu.com\/blog\/#website"},"primaryImageOfPage":{"@id":"https:\/\/www.ivivu.com\/blog\/2016\/09\/kham-pha-8-diem-den-moi-duoc-cac-cap-doi-yeu-thich\/#primaryimage"},"image":{"@id":"https:\/\/www.ivivu.com\/blog\/2016\/09\/kham-pha-8-diem-den-moi-duoc-cac-cap-doi-yeu-thich\/#primaryimage"},"thumbnailUrl":"https:\/\/cdn3.ivivu.com\/2016\/09\/kham-pha-8-diem-den-moi-duoc-cac-cap-doi-yeu-thich-ivivu-1.jpg","datePublished":"2016-09-19T09:20:20+00:00","dateModified":"2016-09-19T09:20:21+00:00","description":"Ngo\u00e0i c\u00e1c cung \u0111\u01b0\u1eddng quen thu\u1ed9c, c\u00f3 t\u00e1m \u0111i\u1ec3m \u0111\u1ebfn l\u00e3ng m\u1ea1n \u0111\u01b0\u1ee3c c\u00e1c c\u1eb7p \u0111\u00f4i l\u1ef1a ch\u1ecdn \u0111\u1ec3 c\u00f3 m\u1ed9t k\u1ef3 ngh\u1ec9 tr\u0103ng m\u1eadt \u0111\u00e1ng nh\u1edb.","breadcrumb":{"@id":"https:\/\/www.ivivu.com\/blog\/2016\/09\/kham-pha-8-diem-den-moi-duoc-cac-cap-doi-yeu-thich\/#breadcrumb"},"inLanguage":"vi","potentialAction":[{"@type":"ReadAction","target":["https:\/\/www.ivivu.com\/blog\/2016\/09\/kham-pha-8-diem-den-moi-duoc-cac-cap-doi-yeu-thich\/"]}]},{"@type":"ImageObject","inLanguage":"vi","@id":"https:\/\/www.ivivu.com\/blog\/2016\/09\/kham-pha-8-diem-den-moi-duoc-cac-cap-doi-yeu-thich\/#primaryimage","url":"https:\/\/cdn3.ivivu.com\/2016\/09\/kham-pha-8-diem-den-moi-duoc-cac-cap-doi-yeu-thich-ivivu-1.jpg","contentUrl":"https:\/\/cdn3.ivivu.com\/2016\/09\/kham-pha-8-diem-den-moi-duoc-cac-cap-doi-yeu-thich-ivivu-1.jpg","width":665,"height":374},{"@type":"BreadcrumbList","@id":"https:\/\/www.ivivu.com\/blog\/2016\/09\/kham-pha-8-diem-den-moi-duoc-cac-cap-doi-yeu-thich\/#breadcrumb","itemListElement":[{"@type":"ListItem","position":1,"name":"Home","item":"https:\/\/www.ivivu.com\/blog\/"},{"@type":"ListItem","position":2,"name":"Kh\u00e1m ph\u00e1 8 \u0111i\u1ec3m \u0111\u1ebfn m\u1edbi \u0111\u01b0\u1ee3c c\u00e1c c\u1eb7p \u0111\u00f4i y\u00eau th\u00edch"}]},{"@type":"WebSite","@id":"https:\/\/www.ivivu.com\/blog\/#website","url":"https:\/\/www.ivivu.com\/blog\/","name":"C\u1ea9m nang du l\u1ecbch","description":"","publisher":{"@id":"https:\/\/www.ivivu.com\/blog\/#organization"},"potentialAction":[{"@type":"SearchAction","target":{"@type":"EntryPoint","urlTemplate":"https:\/\/www.ivivu.com\/blog\/?s={search_term_string}"},"query-input":"required name=search_term_string"}],"inLanguage":"vi"},{"@type":"Organization","@id":"https:\/\/www.ivivu.com\/blog\/#organization","name":"iVIVU.com","url":"https:\/\/www.ivivu.com\/blog\/","logo":{"@type":"ImageObject","inLanguage":"vi","@id":"https:\/\/www.ivivu.com\/blog\/#\/schema\/logo\/image\/","url":"https:\/\/cdn3.ivivu.com\/2024\/01\/ivivu_no_slogan.png","contentUrl":"https:\/\/cdn3.ivivu.com\/2024\/01\/ivivu_no_slogan.png","width":788,"height":565,"caption":"iVIVU.com"},"image":{"@id":"https:\/\/www.ivivu.com\/blog\/#\/schema\/logo\/image\/"},"sameAs":["https:\/\/www.facebook.com\/iVIVU"]},{"@type":"Person","@id":"https:\/\/www.ivivu.com\/blog\/#\/schema\/person\/f6e706f46fad4e85f2e1c3ec41136369","name":"Ng\u00e2n Thi\u1ec1u Kim","sameAs":["https:\/\/www.ivivu.com\/blog\/"],"url":"https:\/\/www.ivivu.com\/blog\/author\/ngan-thieu\/"}]}},"_links":{"self":[{"href":"https:\/\/www.ivivu.com\/blog\/wp-json\/wp\/v2\/posts\/166819"}],"collection":[{"href":"https:\/\/www.ivivu.com\/blog\/wp-json\/wp\/v2\/posts"}],"about":[{"href":"https:\/\/www.ivivu.com\/blog\/wp-json\/wp\/v2\/types\/post"}],"author":[{"embeddable":true,"href":"https:\/\/www.ivivu.com\/blog\/wp-json\/wp\/v2\/users\/38"}],"replies":[{"embeddable":true,"href":"https:\/\/www.ivivu.com\/blog\/wp-json\/wp\/v2\/comments?post=166819"}],"version-history":[{"count":3,"href":"https:\/\/www.ivivu.com\/blog\/wp-json\/wp\/v2\/posts\/166819\/revisions"}],"predecessor-version":[{"id":166982,"href":"https:\/\/www.ivivu.com\/blog\/wp-json\/wp\/v2\/posts\/166819\/revisions\/166982"}],"wp:featuredmedia":[{"embeddable":true,"href":"https:\/\/www.ivivu.com\/blog\/wp-json\/wp\/v2\/media\/166820"}],"wp:attachment":[{"href":"https:\/\/www.ivivu.com\/blog\/wp-json\/wp\/v2\/media?parent=166819"}],"wp:term":[{"taxonomy":"category","embeddable":true,"href":"https:\/\/www.ivivu.com\/blog\/wp-json\/wp\/v2\/categories?post=166819"},{"taxonomy":"post_tag","embeddable":true,"href":"https:\/\/www.ivivu.com\/blog\/wp-json\/wp\/v2\/tags?post=166819"}],"curies":[{"name":"wp","href":"https:\/\/api.w.org\/{rel}","templated":true}]}}