{"id":178346,"date":"2016-11-23T14:28:33","date_gmt":"2016-11-23T07:28:33","guid":{"rendered":"https:\/\/www.ivivu.com\/blog\/?p=178346"},"modified":"2018-01-09T10:20:15","modified_gmt":"2018-01-09T03:20:15","slug":"tron-goi-nghi-duong-tai-the-anam-nha-trang-4-ngay-3-dem-va-ve-may-bay-chi-41-trieu-dong","status":"publish","type":"post","link":"https:\/\/www.ivivu.com\/blog\/2016\/11\/tron-goi-nghi-duong-tai-the-anam-nha-trang-4-ngay-3-dem-va-ve-may-bay-chi-41-trieu-dong\/","title":{"rendered":"Tr\u1ecdn g\u00f3i ngh\u1ec9 d\u01b0\u1ee1ng t\u1ea1i The Anam Nha Trang 4 ng\u00e0y 3 \u0111\u00eam v\u00e0 v\u00e9 m\u00e1y bay ch\u1ec9 4,1 tri\u1ec7u \u0111\u1ed3ng"},"content":{"rendered":"<p style=\"text-align: justify;\"><em><strong>T\u1ecda l\u1ea1c tr\u00ean b\u00e3i bi\u1ec3n ri\u00eang v\u1edbi \u0111\u1ed9i ng\u0169 qu\u1ea3n gia, ph\u1ee5c v\u1ee5 ph\u00f2ng v\u00e0 ti\u1ebfp t\u00e2n chuy\u00ean nghi\u1ec7p nh\u1ea5t c\u1ee7a Vi\u1ec7t Nam, resort 5 sao\u00a0<a href=\"https:\/\/www.ivivu.com\/khach-san-nha-trang\/khu-nghi-duong-the-anam-nha-trang?utm_source=blog_ivivu&amp;utm_medium=post_link&amp;utm_campaign=internal\" target=\"_blank\">The Anam<\/a> g\u1ee3i nh\u1edb v\u1ec1 m\u1ed9t th\u1eddi \u0111\u00e3 qua, v\u1edbi s\u1ef1 tinh t\u1ebf qua c\u00e1c d\u1ecbch v\u1ee5 ri\u00eang cho t\u1eebng kh\u00e1ch, \u1ea9m th\u1ef1c tuy\u1ec7t h\u1ea3o v\u00e0 gi\u00fap du kh\u00e1ch ph\u1ee5c h\u1ed3i s\u1ee9c kh\u1ecfe.\u00a0(Khuy\u1ebfn m\u00e3i \u0111\u00e3 h\u1ebft h\u1ea1n).<\/strong><\/em><!--more--><\/p>\n<p style=\"text-align: justify;\"><strong><div class=\"ltt-contentbox white\"><\/span>Xem th\u00eam: <a href=\"https:\/\/www.ivivu.com\/blog\/category\/viet-nam\/du-lich-nha-trang\/\" target=\"_blank\">Du l\u1ecbch Nha Trang<\/a><\/div><\/strong><\/p>\n<h2 style=\"text-align: left;\">Tr\u1ecdn g\u00f3i ngh\u1ec9 d\u01b0\u1ee1ng t\u1ea1i The Anam Nha Trang 4 ng\u00e0y 3 \u0111\u00eam v\u00e0 v\u00e9 m\u00e1y bay ch\u1ec9 4,1 tri\u1ec7u \u0111\u1ed3ng<\/h2>\n<p><img loading=\"lazy\" decoding=\"async\" class=\"aligncenter size-full wp-image-178371\" src=\"https:\/\/cdn3.ivivu.com\/2016\/11\/the-anam-nha-trang-ivivu-1.jpg\" alt=\"the-anam-nha-trang-ivivu-1\" width=\"840\" height=\"460\" srcset=\"https:\/\/cdn3.ivivu.com\/2016\/11\/the-anam-nha-trang-ivivu-1.jpg 840w, https:\/\/cdn3.ivivu.com\/2016\/11\/the-anam-nha-trang-ivivu-1-540x296.jpg 540w, https:\/\/cdn3.ivivu.com\/2016\/11\/the-anam-nha-trang-ivivu-1-50x28.jpg 50w, https:\/\/cdn3.ivivu.com\/2016\/11\/the-anam-nha-trang-ivivu-1-107x60.jpg 107w\" sizes=\"(max-width: 840px) 100vw, 840px\" \/><\/p>\n<p style=\"text-align: justify;\">The Anam Nha Trang \u0111\u01b0\u1ee3c kh\u1edfi c\u00f4ng x\u00e2y d\u1ef1ng v\u00e0o n\u0103m 2013, c\u00f3 t\u1ed5ng di\u1ec7n t\u00edch 12ha v\u1edbi h\u01a1n 200m b\u1edd bi\u1ec3n. Khu ngh\u1ec9 d\u01b0\u1ee1ng \u0111\u1ea1t ti\u00eau chu\u1ea9n 5 sao n\u00e0y \u0111\u01b0\u1ee3c thi\u1ebft k\u1ebf theo phong c\u00e1ch c\u1ed5 \u0111i\u1ec3n sang tr\u1ecdng mang h\u01a1i h\u01b0\u1edbng l\u1ed1i ki\u1ebfn tr\u00fac \u0110\u00f4ng Nam \u00c1 v\u00e0o th\u1ebf k\u1ef7 XIX.<\/p>\n<p><img loading=\"lazy\" decoding=\"async\" class=\"aligncenter size-full wp-image-178367\" src=\"https:\/\/cdn3.ivivu.com\/2016\/11\/the-anam-nha-trang-ivivu-5.jpg\" alt=\"the-anam-nha-trang-ivivu-5\" width=\"840\" height=\"460\" srcset=\"https:\/\/cdn3.ivivu.com\/2016\/11\/the-anam-nha-trang-ivivu-5.jpg 840w, https:\/\/cdn3.ivivu.com\/2016\/11\/the-anam-nha-trang-ivivu-5-540x296.jpg 540w, https:\/\/cdn3.ivivu.com\/2016\/11\/the-anam-nha-trang-ivivu-5-50x28.jpg 50w, https:\/\/cdn3.ivivu.com\/2016\/11\/the-anam-nha-trang-ivivu-5-107x60.jpg 107w\" sizes=\"(max-width: 840px) 100vw, 840px\" \/> <img loading=\"lazy\" decoding=\"async\" class=\"aligncenter size-full wp-image-178368\" src=\"https:\/\/cdn3.ivivu.com\/2016\/11\/the-anam-nha-trang-ivivu-6.jpg\" alt=\"the-anam-nha-trang-ivivu-6\" width=\"840\" height=\"460\" srcset=\"https:\/\/cdn3.ivivu.com\/2016\/11\/the-anam-nha-trang-ivivu-6.jpg 840w, https:\/\/cdn3.ivivu.com\/2016\/11\/the-anam-nha-trang-ivivu-6-540x296.jpg 540w, https:\/\/cdn3.ivivu.com\/2016\/11\/the-anam-nha-trang-ivivu-6-50x28.jpg 50w, https:\/\/cdn3.ivivu.com\/2016\/11\/the-anam-nha-trang-ivivu-6-107x60.jpg 107w\" sizes=\"(max-width: 840px) 100vw, 840px\" \/> <img loading=\"lazy\" decoding=\"async\" class=\"aligncenter size-full wp-image-178370\" src=\"https:\/\/cdn3.ivivu.com\/2016\/11\/the-anam-nha-trang-ivivu-8.jpg\" alt=\"the-anam-nha-trang-ivivu-8\" width=\"840\" height=\"460\" srcset=\"https:\/\/cdn3.ivivu.com\/2016\/11\/the-anam-nha-trang-ivivu-8.jpg 840w, https:\/\/cdn3.ivivu.com\/2016\/11\/the-anam-nha-trang-ivivu-8-540x296.jpg 540w, https:\/\/cdn3.ivivu.com\/2016\/11\/the-anam-nha-trang-ivivu-8-50x28.jpg 50w, https:\/\/cdn3.ivivu.com\/2016\/11\/the-anam-nha-trang-ivivu-8-107x60.jpg 107w\" sizes=\"(max-width: 840px) 100vw, 840px\" \/><\/p>\n<p style=\"text-align: justify;\">V\u1edbi nhi\u1ec1u d\u00e3y ph\u00f2ng v\u00e0 bi\u1ec7t th\u1ef1 tuy\u1ec7t \u0111\u1eb9p, bao g\u1ed3m bi\u1ec7t th\u1ef1 c\u1ea1nh b\u00e3i bi\u1ec3n c\u00f3 h\u1ed3 b\u01a1i ri\u00eang, The Anam Nha Trang c\u00f3 phong c\u00e1ch ki\u1ebfn tr\u00fac c\u1ed5 trang nh\u00e3, tinh t\u1ebf k\u1ebft h\u1ee3p v\u1edbi n\u00e9t l\u00f4i cu\u1ed1n th\u1eddi hi\u1ec7n \u0111\u1ea1i c\u00f9ng tri\u1ebft l\u00fd &#8220;No Shoes. No News. No Stress\u201d h\u1ee9a h\u1eb9n s\u1ebd \u0111em \u0111\u1ebfn s\u1ef1 th\u01b0 gi\u00e3n tuy\u1ec7t \u0111\u1ed1i cho du kh\u00e1ch.<\/p>\n<p><img loading=\"lazy\" decoding=\"async\" class=\"aligncenter size-full wp-image-178369\" src=\"https:\/\/cdn3.ivivu.com\/2016\/11\/the-anam-nha-trang-ivivu-7.jpg\" alt=\"the-anam-nha-trang-ivivu-7\" width=\"840\" height=\"460\" srcset=\"https:\/\/cdn3.ivivu.com\/2016\/11\/the-anam-nha-trang-ivivu-7.jpg 840w, https:\/\/cdn3.ivivu.com\/2016\/11\/the-anam-nha-trang-ivivu-7-540x296.jpg 540w, https:\/\/cdn3.ivivu.com\/2016\/11\/the-anam-nha-trang-ivivu-7-50x28.jpg 50w, https:\/\/cdn3.ivivu.com\/2016\/11\/the-anam-nha-trang-ivivu-7-107x60.jpg 107w\" sizes=\"(max-width: 840px) 100vw, 840px\" \/><\/p>\n<p style=\"text-align: justify;\">Khu ngh\u1ec9 d\u01b0\u1ee1ng g\u1ed3m 105 c\u0103n bi\u1ec7t th\u1ef1 \u0111\u01b0\u1ee3c ho\u00e0n thi\u1ec7n v\u1edbi lo\u1ea1i g\u1ed7, \u0111\u00e1 trang tr\u00ed t\u1ed1t nh\u1ea5t Vi\u1ec7t Nam v\u1edbi phong c\u00e1ch \u1ed1p l\u00e1t c\u1ed5. Du kh\u00e1ch s\u1ebd c\u00f3 \u0111\u01b0\u1ee3c gi\u1ea5c ng\u1ee7 ngon nh\u1edd \u00fd t\u01b0\u1edfng &#8220;Sweet Dreams \u00e0 la carte&#8221; v\u1edbi v\u1ea3i lanh Ireland, g\u1ed1i l\u00f4ng ng\u1ed7ng v\u00e0 gi\u01b0\u1eddng ng\u1ee7 \u0111\u01b0\u1ee3c c\u00f4ng nh\u1eadn l\u00e0 t\u1ed1t nh\u1ea5t tr\u00ean th\u1ebf gi\u1edbi. Ph\u00f2ng t\u1eafm sang tr\u1ecdng v\u1edbi b\u1ed3n t\u1eafm ch\u00ecm, m\u1ef9 ph\u1ea9m Ph\u00e1p \u0111\u01b0\u1ee3c l\u00e0m th\u1ee7 c\u00f4ng cho th\u1ea5y s\u1ef1 ch\u0103m ch\u00fat \u0111\u1ebfn t\u1eebng chi ti\u1ebft c\u1ee7a The Anam Nha Trang. Ngo\u00e0i ra, khu ngh\u1ec9 d\u01b0\u1ee1ng c\u00f2n c\u00f3 khu th\u1ec3 thao d\u01b0\u1edbi n\u01b0\u1edbc, khu nh\u00e0 t\u1eadp th\u1ec3 d\u1ee5c th\u1ec3 thao, khu v\u1ef1c Spa, l\u1ec5 t\u00e2n, ph\u00f2ng h\u1ed9i ngh\u1ecb.<\/p>\n<p><img loading=\"lazy\" decoding=\"async\" class=\"aligncenter size-full wp-image-178373\" src=\"https:\/\/cdn3.ivivu.com\/2016\/11\/the-anam-nha-trang-ivivu-3.jpg\" alt=\"the-anam-nha-trang-ivivu-3\" width=\"840\" height=\"460\" srcset=\"https:\/\/cdn3.ivivu.com\/2016\/11\/the-anam-nha-trang-ivivu-3.jpg 840w, https:\/\/cdn3.ivivu.com\/2016\/11\/the-anam-nha-trang-ivivu-3-540x296.jpg 540w, https:\/\/cdn3.ivivu.com\/2016\/11\/the-anam-nha-trang-ivivu-3-50x28.jpg 50w, https:\/\/cdn3.ivivu.com\/2016\/11\/the-anam-nha-trang-ivivu-3-107x60.jpg 107w\" sizes=\"(max-width: 840px) 100vw, 840px\" \/> <img loading=\"lazy\" decoding=\"async\" class=\"aligncenter size-full wp-image-178372\" src=\"https:\/\/cdn3.ivivu.com\/2016\/11\/the-anam-nha-trang-ivivu-2.jpg\" alt=\"the-anam-nha-trang-ivivu-2\" width=\"840\" height=\"460\" srcset=\"https:\/\/cdn3.ivivu.com\/2016\/11\/the-anam-nha-trang-ivivu-2.jpg 840w, https:\/\/cdn3.ivivu.com\/2016\/11\/the-anam-nha-trang-ivivu-2-540x296.jpg 540w, https:\/\/cdn3.ivivu.com\/2016\/11\/the-anam-nha-trang-ivivu-2-50x28.jpg 50w, https:\/\/cdn3.ivivu.com\/2016\/11\/the-anam-nha-trang-ivivu-2-107x60.jpg 107w\" sizes=\"(max-width: 840px) 100vw, 840px\" \/> <img loading=\"lazy\" decoding=\"async\" class=\"aligncenter size-full wp-image-178366\" src=\"https:\/\/cdn3.ivivu.com\/2016\/11\/the-anam-nha-trang-ivivu-4.jpg\" alt=\"the-anam-nha-trang-ivivu-4\" width=\"840\" height=\"460\" srcset=\"https:\/\/cdn3.ivivu.com\/2016\/11\/the-anam-nha-trang-ivivu-4.jpg 840w, https:\/\/cdn3.ivivu.com\/2016\/11\/the-anam-nha-trang-ivivu-4-540x296.jpg 540w, https:\/\/cdn3.ivivu.com\/2016\/11\/the-anam-nha-trang-ivivu-4-50x28.jpg 50w, https:\/\/cdn3.ivivu.com\/2016\/11\/the-anam-nha-trang-ivivu-4-107x60.jpg 107w\" sizes=\"(max-width: 840px) 100vw, 840px\" \/><\/p>\n<p style=\"text-align: justify;\">\u00d4ng Duncan MacLean, T\u1ed5ng Gi\u00e1m \u0111\u1ed1c c\u1ee7a The Anam cho bi\u1ebft: <em>&#8220;Ng\u01b0\u1eddi d\u00e2n Vi\u1ec7t Nam \u0111\u01b0\u1ee3c bi\u1ebft \u0111\u1ebfn v\u1edbi t\u00ednh c\u00e1ch th\u1eadt th\u00e0, t\u1ed1t b\u1ee5ng v\u00e0 lu\u00f4n h\u1ebft l\u00f2ng v\u00ec ng\u01b0\u1eddi kh\u00e1c. T\u1ea1i The Anam, ch\u00fang t\u00f4i t\u1eadn d\u1ee5ng \u01b0u \u0111i\u1ec3m n\u00e0y \u0111\u1ec3 \u0111em \u0111\u1ebfn cho du kh\u00e1ch d\u1ecbch v\u1ee5 ch\u1ea5t l\u01b0\u1ee3ng, gi\u00fap h\u1ecd c\u00f3 nh\u1eefng tr\u1ea3i nghi\u1ec7m th\u00fa v\u1ecb t\u1ea1i khu ngh\u1ec9 d\u01b0\u1ee1ng. Ch\u00fang t\u00f4i r\u1ea5t t\u1ef1 h\u00e0o r\u1eb1ng m\u1eb7c d\u00f9 ch\u1ec9 v\u1eeba m\u1edbi khai tr\u01b0\u01a1ng, The Anam l\u00e0 m\u1ed9t trong 6 kh\u00e1ch s\u1ea1n v\u00e0 khu ngh\u1ec9 d\u01b0\u1ee1ng tr\u00ean to\u00e0n th\u1ebf gi\u1edbi \u0111\u01b0\u1ee3c Worldhotels x\u1ebfp lo\u1ea1i World Luxury.\u201d<\/em><\/p>\n<p><img loading=\"lazy\" decoding=\"async\" class=\"aligncenter size-full wp-image-178374\" src=\"https:\/\/cdn3.ivivu.com\/2016\/11\/the-anam-nha-trang-ivivu-9.jpg\" alt=\"the-anam-nha-trang-ivivu-9\" width=\"960\" height=\"640\" srcset=\"https:\/\/cdn3.ivivu.com\/2016\/11\/the-anam-nha-trang-ivivu-9.jpg 960w, https:\/\/cdn3.ivivu.com\/2016\/11\/the-anam-nha-trang-ivivu-9-458x305.jpg 458w\" sizes=\"(max-width: 960px) 100vw, 960px\" \/><\/p>\n<p style=\"text-align: justify;\">The Anam c\u00e1ch s\u00e2n bay Cam Ranh ch\u1ec9 15 ph\u00fat v\u00e0 trung t\u00e2m th\u00e0nh ph\u1ed1 bi\u1ec3n kho\u1ea3ng 30 ph\u00fat \u0111i xe \u00f4 t\u00f4, s\u1edf h\u1eefu kh\u00f4ng gian y\u00ean t\u0129nh, \u0111\u01b0\u1ee3c ch\u0103m ch\u00fat t\u1eebng chi ti\u1ebft. Khu ngh\u1ec9 d\u01b0\u1ee1ng x\u1ee9ng \u0111\u00e1ng d\u00e0nh ri\u00eang cho du kh\u00e1ch h\u1ea1ng sang t\u1eadn h\u01b0\u1edfng nh\u1eefng gi\u1ea5c m\u01a1 ng\u1ecdt ng\u00e0o b\u00ean b\u1edd bi\u1ec3n Cam Ranh.<\/p>\n<p style=\"text-align: justify;\"><div class=\"ltt-contentbox white\"><\/span><\/p>\n<p style=\"text-align: justify;\"><strong>Th\u00f4ng tin th\u00eam:<\/strong><\/p>\n<p>V\u1edbi g\u00f3i khuy\u1ebfn m\u00e3i 4,1\u00a0tri\u1ec7u \u0111\u1ed3ng \/kh\u00e1ch, b\u1ea1n s\u1ebd \u0111\u01b0\u1ee3c t\u1eadn h\u01b0\u1edfng c\u00e1c \u01b0u \u0111\u00e3i g\u1ed3m:<\/p>\n<p>&#8211;\u00a03 \u0111\u00eam ngh\u1ec9 d\u01b0\u1ee1ng t\u1ea1i ph\u00f2ng Garden View Villa\u00a0c\u1ee7a\u00a0khu ngh\u1ec9 d\u01b0\u1ee1ng 5 sao <strong><a href=\"https:\/\/www.ivivu.com\/khach-san-nha-trang\/khu-nghi-duong-the-anam-nha-trang?utm_source=blog_ivivu&amp;utm_medium=post_link&amp;utm_campaign=internal\" target=\"_blank\">The Anam Nha Trang<\/a><\/strong><\/p>\n<p>&#8211;\u00a0V\u00e9 m\u00e1y bay kh\u1ee9 h\u1ed3i Jetstar \/ Vietjet<\/p>\n<p>&#8211;\u00a0\u0102n s\u00e1ng buffet m\u1ed7i ng\u00e0y<\/p>\n<p>&#8211;\u00a0Mi\u1ec5n ph\u00ed \u0111\u01b0a \u0111\u00f3n s\u00e2n bay<\/p>\n<p>&#8211;\u00a0Mi\u1ec5n ph\u00ed\u00a0shuttle bus v\u00e0o th\u00e0nh ph\u1ed1 Nha Trang<\/p>\n<p><strong><em>L\u01b0u \u00fd:<\/em><\/strong><\/p>\n<p>\u2013 Kh\u1edfi h\u00e0nh t\u1eeb TP. HCM: 4,1 tri\u1ec7u \u0111\u1ed3ng\/kh\u00e1ch.<\/p>\n<p>\u2013 Kh\u1edfi h\u00e0nh t\u1eeb H\u00e0 N\u1ed9i: 5 tri\u1ec7u \u0111\u1ed3ng\/kh\u00e1ch.<\/p>\n<p>&#8211; Ch\u01b0\u01a1ng tr\u00ecnh \u0111\u01b0\u1ee3c \u00e1p d\u1ee5ng cho kh\u00e1ch \u0111\u1eb7t v\u00e0\u00a0l\u01b0u tr\u00fa t\u1eeb nay \u0111\u1ebfn h\u1ebft ng\u00e0y 20\/12\/2016.<\/p>\n<p>&#8211; Gi\u00e1 \u00e1p d\u1ee5ng \u0111\u1eb7t t\u1eeb 2 kh\u00e1ch tr\u1edf l\u00ean.<\/p>\n<p>&#8211; Gi\u00e1 n\u00e0y kh\u00f4ng \u00e1p d\u1ee5ng giai \u0111o\u1ea1n l\u1ec5, t\u1ebft<\/p>\n<p><\/div><\/p>\n<h4 style=\"text-align: center;\"><div class=\"ltt-contentbox white\"><\/span>G\u1ecdi ngay \u0111\u1ebfn s\u1ed1 h<strong>otline 1900 1870<\/strong> \u0111\u1ec3 \u0111\u01b0\u1ee3c t\u01b0 v\u1ea5n \u0111\u1eb7t g\u00f3i khuy\u1ebfn m\u00e3i h\u1ea5p d\u1eabn n\u00e0y\u00a0ho\u1eb7c click <a href=\"https:\/\/www.ivivu.com\/khach-san-nha-trang\/khu-nghi-duong-the-anam-nha-trang?utm_source=blog_ivivu&amp;utm_medium=post_link&amp;utm_campaign=internal\" target=\"_blank\"><strong>T\u1ea0I \u0110\u00c2Y<\/strong><\/a> \u0111\u1ec3 \u0111\u1eb7t ngay nh\u00e9!<\/div><\/h4>\n<p style=\"text-align: right;\"><strong>Theo iVIVU.com<\/strong><\/p>\n<p><strong><div class=\"ltt-contentbox white\"><\/span><\/strong><\/p>\n<p><strong>Xem th\u00eam b\u00e0i vi\u1ebft:<\/strong><\/p>\n<p><strong><a href=\"https:\/\/www.ivivu.com\/blog\/2015\/04\/du-lich-nha-trang-cam-nang-tu-a-den-z\/\" target=\"_blank\">Du l\u1ecbch Nha Trang: C\u1ea9m nang t\u1eeb A \u0111\u1ebfn Z<\/a><\/strong><\/p>\n<p><strong><a href=\"https:\/\/www.ivivu.com\/blog\/2015\/04\/8-trai-nghiem-cuc-da-khi-du-lich-nha-trang\/\" target=\"_blank\">8 tr\u1ea3i nghi\u1ec7m c\u1ef1c \u0111\u00e3 khi du l\u1ecbch Nha Trang<\/a><\/strong><\/p>\n<p><strong><a href=\"https:\/\/www.ivivu.com\/blog\/2016\/04\/tat-tan-tat-dia-chi-quan-an-ngon-nha-trang-ban-khong-duoc-bo-qua\/\" target=\"_blank\">T\u1ea5t t\u1ea7n t\u1eadt \u0111\u1ecba ch\u1ec9 qu\u00e1n \u0103n ngon Nha Trang b\u1ea1n kh\u00f4ng \u0111\u01b0\u1ee3c b\u1ecf qua<\/a><\/strong><\/p>\n<p><strong><\/div><\/strong><\/p>\n<h3><div class=\"ltt-contentbox white\"><\/span>Click \u0111\u1eb7t ngay <a href=\"https:\/\/www.ivivu.com\/khach-san-nha-trang?utm_source=blog_ivivu&amp;utm_medium=post_link&amp;utm_campaign=internal\" target=\"_blank\">kh\u00e1ch s\u1ea1n Nha Trang<\/a>\u00a0gi\u00e1 t\u1ed1t nh\u1ea5t\u00a0ch\u1ec9 c\u00f3 t\u1ea1i iVIVU.com<\/div><\/h3>\n<p>***<\/p>\n<p><strong>Tham kh\u1ea3o: <a href=\"https:\/\/www.ivivu.com\/blog\" target=\"_blank\">C\u1ea9m nang du l\u1ecbch iVIVU.com<\/a><\/strong><\/p>\n","protected":false},"excerpt":{"rendered":"<p>T\u1ecda l\u1ea1c tr\u00ean b\u00e3i bi\u1ec3n ri\u00eang v\u1edbi \u0111\u1ed9i ng\u0169 qu\u1ea3n gia, ph\u1ee5c v\u1ee5 ph\u00f2ng v\u00e0 ti\u1ebfp t\u00e2n chuy\u00ean nghi\u1ec7p nh\u1ea5t c\u1ee7a Vi\u1ec7t Nam, resort 5 sao\u00a0The Anam g\u1ee3i nh\u1edb v\u1ec1 m\u1ed9t th\u1eddi \u0111\u00e3 qua, v\u1edbi s\u1ef1 tinh t\u1ebf qua c\u00e1c&#8230;<\/p>\n","protected":false},"author":36,"featured_media":178372,"comment_status":"closed","ping_status":"open","sticky":false,"template":"","format":"standard","meta":{"_acf_changed":false,"footnotes":""},"categories":[201,229,797,806,14742],"tags":[45535,3545,5470,2925,3053,25123],"acf":[],"yoast_head":"<!-- This site is optimized with the Yoast SEO Premium plugin v22.6 (Yoast SEO v22.6) - https:\/\/yoast.com\/wordpress\/plugins\/seo\/ -->\n<title>Tr\u1ecdn g\u00f3i ngh\u1ec9 d\u01b0\u1ee1ng t\u1ea1i The Anam Nha Trang 4 ng\u00e0y 3 \u0111\u00eam v\u00e0 v\u00e9 m\u00e1y bay ch\u1ec9 4,1 tri\u1ec7u \u0111\u1ed3ng - iVIVU.com<\/title>\n<meta name=\"description\" content=\"V\u1edbi nhi\u1ec1u d\u00e3y ph\u00f2ng v\u00e0 bi\u1ec7t th\u1ef1 tuy\u1ec7t \u0111\u1eb9p c\u00f9ng tri\u1ebft l\u00fd &quot;No Shoes. No News. No Stress\u201d, The Anam Nha Trang h\u1ee9a h\u1eb9n s\u1ebd \u0111em \u0111\u1ebfn s\u1ef1 th\u01b0 gi\u00e3n tuy\u1ec7t \u0111\u1ed1i cho b\u1ea1n.\" \/>\n<meta name=\"robots\" content=\"index, follow, max-snippet:-1, max-image-preview:large, max-video-preview:-1\" \/>\n<link rel=\"canonical\" href=\"https:\/\/www.ivivu.com\/blog\/2016\/11\/tron-goi-nghi-duong-tai-the-anam-nha-trang-4-ngay-3-dem-va-ve-may-bay-chi-41-trieu-dong\/\" \/>\n<meta name=\"twitter:label1\" content=\"\u0110\u01b0\u1ee3c vi\u1ebft b\u1edfi\" \/>\n\t<meta name=\"twitter:data1\" content=\"Hi\u1ebfu V\u00f5\" \/>\n\t<meta name=\"twitter:label2\" content=\"\u01af\u1edbc t\u00ednh th\u1eddi gian \u0111\u1ecdc\" \/>\n\t<meta name=\"twitter:data2\" content=\"5 ph\u00fat\" \/>\n<script type=\"application\/ld+json\" class=\"yoast-schema-graph\">{\"@context\":\"https:\/\/schema.org\",\"@graph\":[{\"@type\":\"Article\",\"@id\":\"https:\/\/www.ivivu.com\/blog\/2016\/11\/tron-goi-nghi-duong-tai-the-anam-nha-trang-4-ngay-3-dem-va-ve-may-bay-chi-41-trieu-dong\/#article\",\"isPartOf\":{\"@id\":\"https:\/\/www.ivivu.com\/blog\/2016\/11\/tron-goi-nghi-duong-tai-the-anam-nha-trang-4-ngay-3-dem-va-ve-may-bay-chi-41-trieu-dong\/\"},\"author\":{\"name\":\"Hi\u1ebfu V\u00f5\",\"@id\":\"https:\/\/www.ivivu.com\/blog\/#\/schema\/person\/250a72df9aa1afec4ddf4281f12659b3\"},\"headline\":\"Tr\u1ecdn g\u00f3i ngh\u1ec9 d\u01b0\u1ee1ng t\u1ea1i The Anam Nha Trang 4 ng\u00e0y 3 \u0111\u00eam v\u00e0 v\u00e9 m\u00e1y bay ch\u1ec9 4,1 tri\u1ec7u \u0111\u1ed3ng\",\"datePublished\":\"2016-11-23T07:28:33+00:00\",\"dateModified\":\"2018-01-09T03:20:15+00:00\",\"mainEntityOfPage\":{\"@id\":\"https:\/\/www.ivivu.com\/blog\/2016\/11\/tron-goi-nghi-duong-tai-the-anam-nha-trang-4-ngay-3-dem-va-ve-may-bay-chi-41-trieu-dong\/\"},\"wordCount\":1061,\"publisher\":{\"@id\":\"https:\/\/www.ivivu.com\/blog\/#organization\"},\"image\":{\"@id\":\"https:\/\/www.ivivu.com\/blog\/2016\/11\/tron-goi-nghi-duong-tai-the-anam-nha-trang-4-ngay-3-dem-va-ve-may-bay-chi-41-trieu-dong\/#primaryimage\"},\"thumbnailUrl\":\"https:\/\/cdn3.ivivu.com\/2016\/11\/the-anam-nha-trang-ivivu-2.jpg\",\"keywords\":[\"Du l\u1ecbch Nha Trang\",\"kh\u00e1ch s\u1ea1n nha trang\",\"kh\u00e1ch s\u1ea1n nha trang gi\u00e1 r\u1ebb\",\"kinh nghiem du lich nha trang\",\"Nha Trang\",\"The Anam Nha Trang\"],\"articleSection\":[\"Du l\u1ecbch Nha Trang\",\"DU L\u1ecaCH VI\u1ec6T NAM\",\"Khuy\u1ebfn M\u00e3i\",\"N\u1ed5i B\u1eadt\",\"N\u1ed5i B\u1eadt 2\"],\"inLanguage\":\"vi\"},{\"@type\":\"WebPage\",\"@id\":\"https:\/\/www.ivivu.com\/blog\/2016\/11\/tron-goi-nghi-duong-tai-the-anam-nha-trang-4-ngay-3-dem-va-ve-may-bay-chi-41-trieu-dong\/\",\"url\":\"https:\/\/www.ivivu.com\/blog\/2016\/11\/tron-goi-nghi-duong-tai-the-anam-nha-trang-4-ngay-3-dem-va-ve-may-bay-chi-41-trieu-dong\/\",\"name\":\"Tr\u1ecdn g\u00f3i ngh\u1ec9 d\u01b0\u1ee1ng t\u1ea1i The Anam Nha Trang 4 ng\u00e0y 3 \u0111\u00eam v\u00e0 v\u00e9 m\u00e1y bay ch\u1ec9 4,1 tri\u1ec7u \u0111\u1ed3ng - iVIVU.com\",\"isPartOf\":{\"@id\":\"https:\/\/www.ivivu.com\/blog\/#website\"},\"primaryImageOfPage\":{\"@id\":\"https:\/\/www.ivivu.com\/blog\/2016\/11\/tron-goi-nghi-duong-tai-the-anam-nha-trang-4-ngay-3-dem-va-ve-may-bay-chi-41-trieu-dong\/#primaryimage\"},\"image\":{\"@id\":\"https:\/\/www.ivivu.com\/blog\/2016\/11\/tron-goi-nghi-duong-tai-the-anam-nha-trang-4-ngay-3-dem-va-ve-may-bay-chi-41-trieu-dong\/#primaryimage\"},\"thumbnailUrl\":\"https:\/\/cdn3.ivivu.com\/2016\/11\/the-anam-nha-trang-ivivu-2.jpg\",\"datePublished\":\"2016-11-23T07:28:33+00:00\",\"dateModified\":\"2018-01-09T03:20:15+00:00\",\"description\":\"V\u1edbi nhi\u1ec1u d\u00e3y ph\u00f2ng v\u00e0 bi\u1ec7t th\u1ef1 tuy\u1ec7t \u0111\u1eb9p c\u00f9ng tri\u1ebft l\u00fd \\\"No Shoes. No News. No Stress\u201d, The Anam Nha Trang h\u1ee9a h\u1eb9n s\u1ebd \u0111em \u0111\u1ebfn s\u1ef1 th\u01b0 gi\u00e3n tuy\u1ec7t \u0111\u1ed1i cho b\u1ea1n.\",\"breadcrumb\":{\"@id\":\"https:\/\/www.ivivu.com\/blog\/2016\/11\/tron-goi-nghi-duong-tai-the-anam-nha-trang-4-ngay-3-dem-va-ve-may-bay-chi-41-trieu-dong\/#breadcrumb\"},\"inLanguage\":\"vi\",\"potentialAction\":[{\"@type\":\"ReadAction\",\"target\":[\"https:\/\/www.ivivu.com\/blog\/2016\/11\/tron-goi-nghi-duong-tai-the-anam-nha-trang-4-ngay-3-dem-va-ve-may-bay-chi-41-trieu-dong\/\"]}]},{\"@type\":\"ImageObject\",\"inLanguage\":\"vi\",\"@id\":\"https:\/\/www.ivivu.com\/blog\/2016\/11\/tron-goi-nghi-duong-tai-the-anam-nha-trang-4-ngay-3-dem-va-ve-may-bay-chi-41-trieu-dong\/#primaryimage\",\"url\":\"https:\/\/cdn3.ivivu.com\/2016\/11\/the-anam-nha-trang-ivivu-2.jpg\",\"contentUrl\":\"https:\/\/cdn3.ivivu.com\/2016\/11\/the-anam-nha-trang-ivivu-2.jpg\",\"width\":840,\"height\":460},{\"@type\":\"BreadcrumbList\",\"@id\":\"https:\/\/www.ivivu.com\/blog\/2016\/11\/tron-goi-nghi-duong-tai-the-anam-nha-trang-4-ngay-3-dem-va-ve-may-bay-chi-41-trieu-dong\/#breadcrumb\",\"itemListElement\":[{\"@type\":\"ListItem\",\"position\":1,\"name\":\"Home\",\"item\":\"https:\/\/www.ivivu.com\/blog\/\"},{\"@type\":\"ListItem\",\"position\":2,\"name\":\"Tr\u1ecdn g\u00f3i ngh\u1ec9 d\u01b0\u1ee1ng t\u1ea1i The Anam Nha Trang 4 ng\u00e0y 3 \u0111\u00eam v\u00e0 v\u00e9 m\u00e1y bay ch\u1ec9 4,1 tri\u1ec7u \u0111\u1ed3ng\"}]},{\"@type\":\"WebSite\",\"@id\":\"https:\/\/www.ivivu.com\/blog\/#website\",\"url\":\"https:\/\/www.ivivu.com\/blog\/\",\"name\":\"C\u1ea9m nang du l\u1ecbch\",\"description\":\"\",\"publisher\":{\"@id\":\"https:\/\/www.ivivu.com\/blog\/#organization\"},\"potentialAction\":[{\"@type\":\"SearchAction\",\"target\":{\"@type\":\"EntryPoint\",\"urlTemplate\":\"https:\/\/www.ivivu.com\/blog\/?s={search_term_string}\"},\"query-input\":\"required name=search_term_string\"}],\"inLanguage\":\"vi\"},{\"@type\":\"Organization\",\"@id\":\"https:\/\/www.ivivu.com\/blog\/#organization\",\"name\":\"iVIVU.com\",\"url\":\"https:\/\/www.ivivu.com\/blog\/\",\"logo\":{\"@type\":\"ImageObject\",\"inLanguage\":\"vi\",\"@id\":\"https:\/\/www.ivivu.com\/blog\/#\/schema\/logo\/image\/\",\"url\":\"https:\/\/cdn3.ivivu.com\/2024\/01\/ivivu_no_slogan.png\",\"contentUrl\":\"https:\/\/cdn3.ivivu.com\/2024\/01\/ivivu_no_slogan.png\",\"width\":788,\"height\":565,\"caption\":\"iVIVU.com\"},\"image\":{\"@id\":\"https:\/\/www.ivivu.com\/blog\/#\/schema\/logo\/image\/\"},\"sameAs\":[\"https:\/\/www.facebook.com\/iVIVU\"]},{\"@type\":\"Person\",\"@id\":\"https:\/\/www.ivivu.com\/blog\/#\/schema\/person\/250a72df9aa1afec4ddf4281f12659b3\",\"name\":\"Hi\u1ebfu V\u00f5\",\"sameAs\":[\"https:\/\/www.ivivu.com\/blog\",\"mongvo.buff\"],\"url\":\"https:\/\/www.ivivu.com\/blog\/author\/hieu-vo\/\"}]}<\/script>\n<!-- \/ Yoast SEO Premium plugin. -->","yoast_head_json":{"title":"Tr\u1ecdn g\u00f3i ngh\u1ec9 d\u01b0\u1ee1ng t\u1ea1i The Anam Nha Trang 4 ng\u00e0y 3 \u0111\u00eam v\u00e0 v\u00e9 m\u00e1y bay ch\u1ec9 4,1 tri\u1ec7u \u0111\u1ed3ng - iVIVU.com","description":"V\u1edbi nhi\u1ec1u d\u00e3y ph\u00f2ng v\u00e0 bi\u1ec7t th\u1ef1 tuy\u1ec7t \u0111\u1eb9p c\u00f9ng tri\u1ebft l\u00fd \"No Shoes. No News. No Stress\u201d, The Anam Nha Trang h\u1ee9a h\u1eb9n s\u1ebd \u0111em \u0111\u1ebfn s\u1ef1 th\u01b0 gi\u00e3n tuy\u1ec7t \u0111\u1ed1i cho b\u1ea1n.","robots":{"index":"index","follow":"follow","max-snippet":"max-snippet:-1","max-image-preview":"max-image-preview:large","max-video-preview":"max-video-preview:-1"},"canonical":"https:\/\/www.ivivu.com\/blog\/2016\/11\/tron-goi-nghi-duong-tai-the-anam-nha-trang-4-ngay-3-dem-va-ve-may-bay-chi-41-trieu-dong\/","twitter_misc":{"\u0110\u01b0\u1ee3c vi\u1ebft b\u1edfi":"Hi\u1ebfu V\u00f5","\u01af\u1edbc t\u00ednh th\u1eddi gian \u0111\u1ecdc":"5 ph\u00fat"},"schema":{"@context":"https:\/\/schema.org","@graph":[{"@type":"Article","@id":"https:\/\/www.ivivu.com\/blog\/2016\/11\/tron-goi-nghi-duong-tai-the-anam-nha-trang-4-ngay-3-dem-va-ve-may-bay-chi-41-trieu-dong\/#article","isPartOf":{"@id":"https:\/\/www.ivivu.com\/blog\/2016\/11\/tron-goi-nghi-duong-tai-the-anam-nha-trang-4-ngay-3-dem-va-ve-may-bay-chi-41-trieu-dong\/"},"author":{"name":"Hi\u1ebfu V\u00f5","@id":"https:\/\/www.ivivu.com\/blog\/#\/schema\/person\/250a72df9aa1afec4ddf4281f12659b3"},"headline":"Tr\u1ecdn g\u00f3i ngh\u1ec9 d\u01b0\u1ee1ng t\u1ea1i The Anam Nha Trang 4 ng\u00e0y 3 \u0111\u00eam v\u00e0 v\u00e9 m\u00e1y bay ch\u1ec9 4,1 tri\u1ec7u \u0111\u1ed3ng","datePublished":"2016-11-23T07:28:33+00:00","dateModified":"2018-01-09T03:20:15+00:00","mainEntityOfPage":{"@id":"https:\/\/www.ivivu.com\/blog\/2016\/11\/tron-goi-nghi-duong-tai-the-anam-nha-trang-4-ngay-3-dem-va-ve-may-bay-chi-41-trieu-dong\/"},"wordCount":1061,"publisher":{"@id":"https:\/\/www.ivivu.com\/blog\/#organization"},"image":{"@id":"https:\/\/www.ivivu.com\/blog\/2016\/11\/tron-goi-nghi-duong-tai-the-anam-nha-trang-4-ngay-3-dem-va-ve-may-bay-chi-41-trieu-dong\/#primaryimage"},"thumbnailUrl":"https:\/\/cdn3.ivivu.com\/2016\/11\/the-anam-nha-trang-ivivu-2.jpg","keywords":["Du l\u1ecbch Nha Trang","kh\u00e1ch s\u1ea1n nha trang","kh\u00e1ch s\u1ea1n nha trang gi\u00e1 r\u1ebb","kinh nghiem du lich nha trang","Nha Trang","The Anam Nha Trang"],"articleSection":["Du l\u1ecbch Nha Trang","DU L\u1ecaCH VI\u1ec6T NAM","Khuy\u1ebfn M\u00e3i","N\u1ed5i B\u1eadt","N\u1ed5i B\u1eadt 2"],"inLanguage":"vi"},{"@type":"WebPage","@id":"https:\/\/www.ivivu.com\/blog\/2016\/11\/tron-goi-nghi-duong-tai-the-anam-nha-trang-4-ngay-3-dem-va-ve-may-bay-chi-41-trieu-dong\/","url":"https:\/\/www.ivivu.com\/blog\/2016\/11\/tron-goi-nghi-duong-tai-the-anam-nha-trang-4-ngay-3-dem-va-ve-may-bay-chi-41-trieu-dong\/","name":"Tr\u1ecdn g\u00f3i ngh\u1ec9 d\u01b0\u1ee1ng t\u1ea1i The Anam Nha Trang 4 ng\u00e0y 3 \u0111\u00eam v\u00e0 v\u00e9 m\u00e1y bay ch\u1ec9 4,1 tri\u1ec7u \u0111\u1ed3ng - iVIVU.com","isPartOf":{"@id":"https:\/\/www.ivivu.com\/blog\/#website"},"primaryImageOfPage":{"@id":"https:\/\/www.ivivu.com\/blog\/2016\/11\/tron-goi-nghi-duong-tai-the-anam-nha-trang-4-ngay-3-dem-va-ve-may-bay-chi-41-trieu-dong\/#primaryimage"},"image":{"@id":"https:\/\/www.ivivu.com\/blog\/2016\/11\/tron-goi-nghi-duong-tai-the-anam-nha-trang-4-ngay-3-dem-va-ve-may-bay-chi-41-trieu-dong\/#primaryimage"},"thumbnailUrl":"https:\/\/cdn3.ivivu.com\/2016\/11\/the-anam-nha-trang-ivivu-2.jpg","datePublished":"2016-11-23T07:28:33+00:00","dateModified":"2018-01-09T03:20:15+00:00","description":"V\u1edbi nhi\u1ec1u d\u00e3y ph\u00f2ng v\u00e0 bi\u1ec7t th\u1ef1 tuy\u1ec7t \u0111\u1eb9p c\u00f9ng tri\u1ebft l\u00fd \"No Shoes. No News. No Stress\u201d, The Anam Nha Trang h\u1ee9a h\u1eb9n s\u1ebd \u0111em \u0111\u1ebfn s\u1ef1 th\u01b0 gi\u00e3n tuy\u1ec7t \u0111\u1ed1i cho b\u1ea1n.","breadcrumb":{"@id":"https:\/\/www.ivivu.com\/blog\/2016\/11\/tron-goi-nghi-duong-tai-the-anam-nha-trang-4-ngay-3-dem-va-ve-may-bay-chi-41-trieu-dong\/#breadcrumb"},"inLanguage":"vi","potentialAction":[{"@type":"ReadAction","target":["https:\/\/www.ivivu.com\/blog\/2016\/11\/tron-goi-nghi-duong-tai-the-anam-nha-trang-4-ngay-3-dem-va-ve-may-bay-chi-41-trieu-dong\/"]}]},{"@type":"ImageObject","inLanguage":"vi","@id":"https:\/\/www.ivivu.com\/blog\/2016\/11\/tron-goi-nghi-duong-tai-the-anam-nha-trang-4-ngay-3-dem-va-ve-may-bay-chi-41-trieu-dong\/#primaryimage","url":"https:\/\/cdn3.ivivu.com\/2016\/11\/the-anam-nha-trang-ivivu-2.jpg","contentUrl":"https:\/\/cdn3.ivivu.com\/2016\/11\/the-anam-nha-trang-ivivu-2.jpg","width":840,"height":460},{"@type":"BreadcrumbList","@id":"https:\/\/www.ivivu.com\/blog\/2016\/11\/tron-goi-nghi-duong-tai-the-anam-nha-trang-4-ngay-3-dem-va-ve-may-bay-chi-41-trieu-dong\/#breadcrumb","itemListElement":[{"@type":"ListItem","position":1,"name":"Home","item":"https:\/\/www.ivivu.com\/blog\/"},{"@type":"ListItem","position":2,"name":"Tr\u1ecdn g\u00f3i ngh\u1ec9 d\u01b0\u1ee1ng t\u1ea1i The Anam Nha Trang 4 ng\u00e0y 3 \u0111\u00eam v\u00e0 v\u00e9 m\u00e1y bay ch\u1ec9 4,1 tri\u1ec7u \u0111\u1ed3ng"}]},{"@type":"WebSite","@id":"https:\/\/www.ivivu.com\/blog\/#website","url":"https:\/\/www.ivivu.com\/blog\/","name":"C\u1ea9m nang du l\u1ecbch","description":"","publisher":{"@id":"https:\/\/www.ivivu.com\/blog\/#organization"},"potentialAction":[{"@type":"SearchAction","target":{"@type":"EntryPoint","urlTemplate":"https:\/\/www.ivivu.com\/blog\/?s={search_term_string}"},"query-input":"required name=search_term_string"}],"inLanguage":"vi"},{"@type":"Organization","@id":"https:\/\/www.ivivu.com\/blog\/#organization","name":"iVIVU.com","url":"https:\/\/www.ivivu.com\/blog\/","logo":{"@type":"ImageObject","inLanguage":"vi","@id":"https:\/\/www.ivivu.com\/blog\/#\/schema\/logo\/image\/","url":"https:\/\/cdn3.ivivu.com\/2024\/01\/ivivu_no_slogan.png","contentUrl":"https:\/\/cdn3.ivivu.com\/2024\/01\/ivivu_no_slogan.png","width":788,"height":565,"caption":"iVIVU.com"},"image":{"@id":"https:\/\/www.ivivu.com\/blog\/#\/schema\/logo\/image\/"},"sameAs":["https:\/\/www.facebook.com\/iVIVU"]},{"@type":"Person","@id":"https:\/\/www.ivivu.com\/blog\/#\/schema\/person\/250a72df9aa1afec4ddf4281f12659b3","name":"Hi\u1ebfu V\u00f5","sameAs":["https:\/\/www.ivivu.com\/blog","mongvo.buff"],"url":"https:\/\/www.ivivu.com\/blog\/author\/hieu-vo\/"}]}},"_links":{"self":[{"href":"https:\/\/www.ivivu.com\/blog\/wp-json\/wp\/v2\/posts\/178346"}],"collection":[{"href":"https:\/\/www.ivivu.com\/blog\/wp-json\/wp\/v2\/posts"}],"about":[{"href":"https:\/\/www.ivivu.com\/blog\/wp-json\/wp\/v2\/types\/post"}],"author":[{"embeddable":true,"href":"https:\/\/www.ivivu.com\/blog\/wp-json\/wp\/v2\/users\/36"}],"replies":[{"embeddable":true,"href":"https:\/\/www.ivivu.com\/blog\/wp-json\/wp\/v2\/comments?post=178346"}],"version-history":[{"count":25,"href":"https:\/\/www.ivivu.com\/blog\/wp-json\/wp\/v2\/posts\/178346\/revisions"}],"predecessor-version":[{"id":241210,"href":"https:\/\/www.ivivu.com\/blog\/wp-json\/wp\/v2\/posts\/178346\/revisions\/241210"}],"wp:featuredmedia":[{"embeddable":true,"href":"https:\/\/www.ivivu.com\/blog\/wp-json\/wp\/v2\/media\/178372"}],"wp:attachment":[{"href":"https:\/\/www.ivivu.com\/blog\/wp-json\/wp\/v2\/media?parent=178346"}],"wp:term":[{"taxonomy":"category","embeddable":true,"href":"https:\/\/www.ivivu.com\/blog\/wp-json\/wp\/v2\/categories?post=178346"},{"taxonomy":"post_tag","embeddable":true,"href":"https:\/\/www.ivivu.com\/blog\/wp-json\/wp\/v2\/tags?post=178346"}],"curies":[{"name":"wp","href":"https:\/\/api.w.org\/{rel}","templated":true}]}}