{"id":180411,"date":"2016-12-07T09:07:31","date_gmt":"2016-12-07T02:07:31","guid":{"rendered":"https:\/\/www.ivivu.com\/blog\/?p=180411"},"modified":"2016-12-06T17:07:59","modified_gmt":"2016-12-06T10:07:59","slug":"them-6-ly-do-xuat-sac-de-paris-luon-la-dia-diem-nen-den-mot-lan-trong-doi","status":"publish","type":"post","link":"https:\/\/www.ivivu.com\/blog\/2016\/12\/them-6-ly-do-xuat-sac-de-paris-luon-la-dia-diem-nen-den-mot-lan-trong-doi\/","title":{"rendered":"Th\u00eam 6 l\u00fd do &#8220;xu\u1ea5t s\u1eafc&#8221; \u0111\u1ec3 Paris lu\u00f4n l\u00e0 \u0111\u1ecba \u0111i\u1ec3m n\u00ean \u0111\u1ebfn m\u1ed9t l\u1ea7n trong \u0111\u1eddi"},"content":{"rendered":"<p style=\"text-align: justify;\"><strong><em>Ngay c\u1ea3 khi b\u1ea1n \u0111\u00e3 \u0111\u1eb7t ch\u00e2n \u0111\u1ebfn Paris \u00edt nh\u1ea5t m\u1ed9t l\u1ea7n, th\u00ec v\u1eabn c\u00f2n qu\u00e1 nhi\u1ec1u l\u00fd do h\u1ea5p d\u1eabn kh\u00e1c \u0111\u1ec3 b\u1ea1n mu\u1ed1n s\u0103n v\u00e9 quay tr\u1edf l\u1ea1i.<\/em><!--more--><\/strong><\/p>\n<h2 style=\"text-align: justify;\">Th\u00eam 6 l\u00fd do &#8216;xu\u1ea5t s\u1eafc&#8217; \u0111\u1ec3 Paris lu\u00f4n l\u00e0 \u0111\u1ecba \u0111i\u1ec3m n\u00ean \u0111\u1ebfn m\u1ed9t l\u1ea7n trong \u0111\u1eddi<\/h2>\n<p style=\"text-align: justify;\"><strong>1. Paris m\u1ed7i ng\u00e0y m\u1ed9t quy\u1ebfn r\u0169<\/strong><\/p>\n<p style=\"text-align: justify;\">N\u1ebfu Paris l\u00e0 m\u1ed9t c\u00f4 g\u00e1i \u0111\u1eb9p, th\u00ec c\u00f4 \u1ea5y m\u1ed7i ng\u00e0y m\u1ed9t ho\u00e0n m\u1ef9 h\u01a1n. Ngay c\u1ea3 khi tr\u1ea3i qua nh\u1eefng bi\u1ebfn c\u1ed1 l\u1edbn, kinh \u0111\u00f4 \u00e1nh s\u00e1ng d\u01b0\u1eddng nh\u01b0 kh\u00f4ng m\u1ea5t \u0111i m\u1ed9t ch\u00fat n\u00e0o s\u1ef1 l\u1ea5p l\u00e1nh v\u00e0 v\u1ebb m\u00ea ho\u1eb7c c\u1ee7a n\u00f3. V\u1eabn h\u00ecnh \u1ea3nh nh\u1eefng t\u00f2a nh\u00e0 s\u01a1n m\u00e0u v\u00e0ng v\u1edbi ban c\u00f4ng s\u1eaft r\u00eau phong m\u01a1 m\u00e0ng, nh\u1eefng ti\u1ec7m b\u00e1nh ng\u1ecdt to\u00e1t l\u00ean tinh th\u1ea7n \u201c\u0103n l\u00e0 m\u1ed9t ngh\u1ec7 thu\u1eadt\u201d, cu\u1ed9c s\u1ed1ng thanh l\u1ecbch h\u00e0o hoa duy\u00ean d\u00e1ng in v\u00e0o t\u1eebng g\u00f3c ph\u1ed1 con \u0111\u01b0\u1eddng. T\u1ea5t c\u1ea3 s\u1ebd khi\u1ebfn b\u1ea1n kh\u00f4ng th\u1ec3 n\u00e0o qu\u00ean n\u1ebfu \u0111\u01b0\u1ee3c t\u1eadn m\u1eaft ch\u1ee9ng ki\u1ebfn m\u1ed9t l\u1ea7n.<\/p>\n<p><img loading=\"lazy\" decoding=\"async\" class=\"aligncenter wp-image-180437 size-full\" src=\"https:\/\/cdn3.ivivu.com\/2016\/12\/them-6-ly-do-xuat-sac-de-paris-luon-la-dia-diem-nen-den-mot-lan-trong-doi-ivivu-1.jpg\" alt=\"them-6-ly-do-xuat-sac-de-paris-luon-la-dia-diem-nen-den-mot-lan-trong-doi-ivivu-1\" width=\"600\" height=\"401\" srcset=\"https:\/\/cdn3.ivivu.com\/2016\/12\/them-6-ly-do-xuat-sac-de-paris-luon-la-dia-diem-nen-den-mot-lan-trong-doi-ivivu-1.jpg 600w, https:\/\/cdn3.ivivu.com\/2016\/12\/them-6-ly-do-xuat-sac-de-paris-luon-la-dia-diem-nen-den-mot-lan-trong-doi-ivivu-1-456x305.jpg 456w\" sizes=\"(max-width: 600px) 100vw, 600px\" \/> <img loading=\"lazy\" decoding=\"async\" class=\"aligncenter wp-image-180438 size-full\" src=\"https:\/\/cdn3.ivivu.com\/2016\/12\/them-6-ly-do-xuat-sac-de-paris-luon-la-dia-diem-nen-den-mot-lan-trong-doi-ivivu-2.jpg\" alt=\"them-6-ly-do-xuat-sac-de-paris-luon-la-dia-diem-nen-den-mot-lan-trong-doi-ivivu-2\" width=\"600\" height=\"400\" srcset=\"https:\/\/cdn3.ivivu.com\/2016\/12\/them-6-ly-do-xuat-sac-de-paris-luon-la-dia-diem-nen-den-mot-lan-trong-doi-ivivu-2.jpg 600w, https:\/\/cdn3.ivivu.com\/2016\/12\/them-6-ly-do-xuat-sac-de-paris-luon-la-dia-diem-nen-den-mot-lan-trong-doi-ivivu-2-458x305.jpg 458w\" sizes=\"(max-width: 600px) 100vw, 600px\" \/><\/p>\n<div id=\"attachment_180422\" style=\"width: 610px\" class=\"wp-caption aligncenter\"><img loading=\"lazy\" decoding=\"async\" aria-describedby=\"caption-attachment-180422\" class=\"wp-image-180422 size-full\" title=\"\u1ea2nh: ParisPerfect, Shutterstock, PhotographingAroungdMe\" src=\"https:\/\/cdn3.ivivu.com\/2016\/12\/them-6-ly-do-xuat-sac-de-paris-luon-la-dia-diem-nen-den-mot-lan-trong-doi-ivivu-3.jpg\" alt=\"\u1ea2nh: ParisPerfect, Shutterstock, PhotographingAroungdMe\" width=\"600\" height=\"450\" srcset=\"https:\/\/cdn3.ivivu.com\/2016\/12\/them-6-ly-do-xuat-sac-de-paris-luon-la-dia-diem-nen-den-mot-lan-trong-doi-ivivu-3.jpg 600w, https:\/\/cdn3.ivivu.com\/2016\/12\/them-6-ly-do-xuat-sac-de-paris-luon-la-dia-diem-nen-den-mot-lan-trong-doi-ivivu-3-407x305.jpg 407w\" sizes=\"(max-width: 600px) 100vw, 600px\" \/><p id=\"caption-attachment-180422\" class=\"wp-caption-text\">\u1ea2nh: ParisPerfect, Shutterstock, PhotographingAroungdMe<\/p><\/div>\n<p><strong>2. Kh\u00e1m ph\u00e1 \u0111\u1ec9nh cao c\u1ee7a ngh\u1ec7 thu\u1eadt ki\u1ebfn tr\u00fac hi\u1ec7n \u0111\u1ea1i \u2013 \u201cChi\u1ebfc \u00f4 c\u1ee7a b\u1ea7u tr\u1eddi\u201d \u1edf Les Halles<\/strong><\/p>\n<p style=\"text-align: justify;\">Sau c\u00f4ng cu\u1ed9c x\u00e2y d\u1ef1ng k\u00e9o d\u00e0i g\u1ea7n 5 n\u0103m v\u00e0 ti\u00eau t\u1ed1n 1 t\u1ef7 USD, h\u1ed3i th\u00e1ng 4 v\u1eeba qua, nh\u1eefng h\u00ecnh \u1ea3nh \u0111\u1ea7u ti\u00ean v\u1ec1 m\u00e1i v\u00f2m h\u00f9ng v\u0129 b\u1eb1ng k\u00ednh r\u1ed9ng 2,5 hecta che ph\u1ee7 trung t\u00e2m mua s\u1eafm tr\u00e1ng l\u1ec7 Les Halles \u0111\u00e3 \u0111\u01b0\u1ee3c h\u00e9 l\u1ed9. \u0110\u00e2y \u0111\u01b0\u1ee3c xem l\u00e0 m\u1ed9t trong nh\u1eefng c\u00f4ng tr\u00ecnh ki\u1ebfn tr\u00fac \u0111\u1eb9p \u0111\u1ebfn \u0111i\u00ean r\u1ed3, \u0111\u01b0\u1ee3c v\u00ed von nh\u01b0 chi\u1ebfc \u00f4 kh\u1ed5ng l\u1ed3 trong su\u1ed1t l\u01a1 l\u1eedng gi\u1eefa b\u1ea7u tr\u1eddi, khi\u1ebfn Les Halles \u2013 v\u1ed1n l\u00e0 m\u1ed9t ch\u1ee3 c\u1ed5 \u1edf trung t\u00e2m th\u1ee7 \u0111\u00f4 Paris tr\u1edf th\u00e0nh \u0111i\u1ec3m \u0111\u1ebfn th\u0103m quan v\u00e0&#8230; t\u1eafm n\u1eafng t\u1ea5p n\u1eadp.<\/p>\n<p><img loading=\"lazy\" decoding=\"async\" class=\"aligncenter wp-image-180423 size-full\" src=\"https:\/\/cdn3.ivivu.com\/2016\/12\/them-6-ly-do-xuat-sac-de-paris-luon-la-dia-diem-nen-den-mot-lan-trong-doi-ivivu-4.jpg\" alt=\"them-6-ly-do-xuat-sac-de-paris-luon-la-dia-diem-nen-den-mot-lan-trong-doi-ivivu-4\" width=\"600\" height=\"400\" srcset=\"https:\/\/cdn3.ivivu.com\/2016\/12\/them-6-ly-do-xuat-sac-de-paris-luon-la-dia-diem-nen-den-mot-lan-trong-doi-ivivu-4.jpg 600w, https:\/\/cdn3.ivivu.com\/2016\/12\/them-6-ly-do-xuat-sac-de-paris-luon-la-dia-diem-nen-den-mot-lan-trong-doi-ivivu-4-458x305.jpg 458w\" sizes=\"(max-width: 600px) 100vw, 600px\" \/><\/p>\n<div id=\"attachment_180424\" style=\"width: 610px\" class=\"wp-caption aligncenter\"><img loading=\"lazy\" decoding=\"async\" aria-describedby=\"caption-attachment-180424\" class=\"wp-image-180424 size-full\" title=\"\u1ea2nh: SkycraperForum, Telerama\" src=\"https:\/\/cdn3.ivivu.com\/2016\/12\/them-6-ly-do-xuat-sac-de-paris-luon-la-dia-diem-nen-den-mot-lan-trong-doi-ivivu-5.jpg\" alt=\"\u1ea2nh: SkycraperForum, Telerama\" width=\"600\" height=\"337\" srcset=\"https:\/\/cdn3.ivivu.com\/2016\/12\/them-6-ly-do-xuat-sac-de-paris-luon-la-dia-diem-nen-den-mot-lan-trong-doi-ivivu-5.jpg 600w, https:\/\/cdn3.ivivu.com\/2016\/12\/them-6-ly-do-xuat-sac-de-paris-luon-la-dia-diem-nen-den-mot-lan-trong-doi-ivivu-5-540x303.jpg 540w, https:\/\/cdn3.ivivu.com\/2016\/12\/them-6-ly-do-xuat-sac-de-paris-luon-la-dia-diem-nen-den-mot-lan-trong-doi-ivivu-5-225x127.jpg 225w, https:\/\/cdn3.ivivu.com\/2016\/12\/them-6-ly-do-xuat-sac-de-paris-luon-la-dia-diem-nen-den-mot-lan-trong-doi-ivivu-5-370x208.jpg 370w, https:\/\/cdn3.ivivu.com\/2016\/12\/them-6-ly-do-xuat-sac-de-paris-luon-la-dia-diem-nen-den-mot-lan-trong-doi-ivivu-5-50x28.jpg 50w, https:\/\/cdn3.ivivu.com\/2016\/12\/them-6-ly-do-xuat-sac-de-paris-luon-la-dia-diem-nen-den-mot-lan-trong-doi-ivivu-5-107x60.jpg 107w, https:\/\/cdn3.ivivu.com\/2016\/12\/them-6-ly-do-xuat-sac-de-paris-luon-la-dia-diem-nen-den-mot-lan-trong-doi-ivivu-5-195x110.jpg 195w, https:\/\/cdn3.ivivu.com\/2016\/12\/them-6-ly-do-xuat-sac-de-paris-luon-la-dia-diem-nen-den-mot-lan-trong-doi-ivivu-5-220x125.jpg 220w, https:\/\/cdn3.ivivu.com\/2016\/12\/them-6-ly-do-xuat-sac-de-paris-luon-la-dia-diem-nen-den-mot-lan-trong-doi-ivivu-5-400x225.jpg 400w, https:\/\/cdn3.ivivu.com\/2016\/12\/them-6-ly-do-xuat-sac-de-paris-luon-la-dia-diem-nen-den-mot-lan-trong-doi-ivivu-5-140x80.jpg 140w\" sizes=\"(max-width: 600px) 100vw, 600px\" \/><p id=\"caption-attachment-180424\" class=\"wp-caption-text\">\u1ea2nh: SkycraperForum, Telerama<\/p><\/div>\n<p><strong>3. Nh\u00e0 h\u00e0ng Champeaux<\/strong><\/p>\n<p style=\"text-align: justify;\">\u0110\u1ed3ng \u00fd l\u00e0 \u1ea9m th\u1ef1c Paris tinh t\u1ebf tuy\u1ec7t v\u1eddi, b\u1edfi ch\u00fang \u0111\u01b0\u1ee3c l\u00e0m n\u00ean t\u1eeb nh\u1eefng ng\u01b0\u1eddi \u0111\u1ea7u b\u1ebfp tuy\u1ec7t v\u1eddi. V\u00e0 s\u1ebd th\u1eadt thi\u1ebfu s\u00f3t n\u1ebfu b\u1ea1n \u0111i lang thang kh\u1eafp n\u01a1i \u0111\u1ec3 th\u01b0\u1edfng th\u1ee9c c\u1ee7a ngon v\u1eadt l\u00e0 m\u00e0 kh\u00f4ng \u0111\u1ec3n nh\u00e0 h\u00e0ng c\u1ee7a \u0111\u1ea7u b\u1ebfp t\u00e0i ba nh\u1ea5t th\u1ebf gi\u1edbi Alain Ducasse \u2013 ng\u01b0\u1eddi s\u1edf h\u1eefu \u0111\u1ebfn 14 ng\u00f4i sao v\u00e0ng Michelin.<\/p>\n<div id=\"attachment_180425\" style=\"width: 610px\" class=\"wp-caption aligncenter\"><img loading=\"lazy\" decoding=\"async\" aria-describedby=\"caption-attachment-180425\" class=\"wp-image-180425 size-full\" title=\" Champeaux l\u1ecbch l\u00e3m th\u00e2n thi\u1ec7n v\u00e0 ng\u1eadp tr\u00e0n \u00e1nh s\u00e1ng t\u1ef1 nhi\u00ean, n\u1eb1m ch\u00ednh ngay d\u01b0\u1edbi m\u00e1i v\u00f2m k\u00ednh \u201cchi\u1ebfc \u00f4 kh\u1ed5ng l\u1ed3\u201d m\u1edbi khai tr\u01b0\u01a1ng \u1edf Les Halles.\" src=\"https:\/\/cdn3.ivivu.com\/2016\/12\/them-6-ly-do-xuat-sac-de-paris-luon-la-dia-diem-nen-den-mot-lan-trong-doi-ivivu-7.jpg\" alt=\" Champeaux l\u1ecbch l\u00e3m th\u00e2n thi\u1ec7n v\u00e0 ng\u1eadp tr\u00e0n \u00e1nh s\u00e1ng t\u1ef1 nhi\u00ean, n\u1eb1m ch\u00ednh ngay d\u01b0\u1edbi m\u00e1i v\u00f2m k\u00ednh \u201cchi\u1ebfc \u00f4 kh\u1ed5ng l\u1ed3\u201d m\u1edbi khai tr\u01b0\u01a1ng \u1edf Les Halles.\" width=\"600\" height=\"400\" srcset=\"https:\/\/cdn3.ivivu.com\/2016\/12\/them-6-ly-do-xuat-sac-de-paris-luon-la-dia-diem-nen-den-mot-lan-trong-doi-ivivu-7.jpg 600w, https:\/\/cdn3.ivivu.com\/2016\/12\/them-6-ly-do-xuat-sac-de-paris-luon-la-dia-diem-nen-den-mot-lan-trong-doi-ivivu-7-458x305.jpg 458w\" sizes=\"(max-width: 600px) 100vw, 600px\" \/><p id=\"caption-attachment-180425\" class=\"wp-caption-text\">Champeaux l\u1ecbch l\u00e3m th\u00e2n thi\u1ec7n v\u00e0 ng\u1eadp tr\u00e0n \u00e1nh s\u00e1ng t\u1ef1 nhi\u00ean, n\u1eb1m ch\u00ednh ngay d\u01b0\u1edbi m\u00e1i v\u00f2m k\u00ednh \u201cchi\u1ebfc \u00f4 kh\u1ed5ng l\u1ed3\u201d m\u1edbi khai tr\u01b0\u01a1ng \u1edf Les Halles.<\/p><\/div>\n<p style=\"text-align: justify;\">M\u1ed9t trong nh\u1eefng ni\u1ec1m t\u1ef1 h\u00e0o trong \u0111\u1ebf ch\u1ebf \u1ea9m th\u1ef1c h\u00f9ng m\u1ea1nh c\u1ee7a Ducasse ch\u00ednh l\u00e0 nh\u00e0 h\u00e0ng Champeaux. Champeaux l\u00e0 kho\u1ea3n \u0111\u1ea7u t\u01b0 m\u1edbi nh\u1ea5t c\u1ee7a Alain Ducasse \u1edf Paris, sau khi \u00f4ng c\u00f9ng l\u00fac s\u1edf h\u1eefu \u0111\u1ebfn 3 nh\u00e0 h\u00e0ng \u0111\u1ea1t 3 sao Michelin trong s\u1ef1 ng\u01b0\u1ee1ng m\u1ed9 c\u1ee7a gi\u1edbi \u1ea9m th\u1ef1c. T\u1ea1i Champeaux, b\u1ea1n s\u1ebd kh\u00e1m ph\u00e1 c\u00e1ch Ducasse \u201cdetox\u201d nh\u1eefng m\u00f3n \u0103n th\u01b0\u1ee3ng h\u1ea1ng c\u1ee7a Ph\u00e1p, bi\u1ebfn ch\u00fang th\u00e0nh nh\u1eefng m\u00f3n \u0103n kh\u00f4ng \u0111\u1ed9c h\u1ea1i v\u00e0 t\u1ed1t cho s\u1ee9c kh\u1ecfe ra sao.<\/p>\n<div id=\"attachment_180426\" style=\"width: 610px\" class=\"wp-caption aligncenter\"><img loading=\"lazy\" decoding=\"async\" aria-describedby=\"caption-attachment-180426\" class=\"wp-image-180426 size-full\" title=\"\u1ea2nh: France.fr, Yellowtrace\" src=\"https:\/\/cdn3.ivivu.com\/2016\/12\/them-6-ly-do-xuat-sac-de-paris-luon-la-dia-diem-nen-den-mot-lan-trong-doi-ivivu-8.jpg\" alt=\"\u1ea2nh: France.fr, Yellowtrace\" width=\"600\" height=\"400\" srcset=\"https:\/\/cdn3.ivivu.com\/2016\/12\/them-6-ly-do-xuat-sac-de-paris-luon-la-dia-diem-nen-den-mot-lan-trong-doi-ivivu-8.jpg 600w, https:\/\/cdn3.ivivu.com\/2016\/12\/them-6-ly-do-xuat-sac-de-paris-luon-la-dia-diem-nen-den-mot-lan-trong-doi-ivivu-8-458x305.jpg 458w\" sizes=\"(max-width: 600px) 100vw, 600px\" \/><p id=\"caption-attachment-180426\" class=\"wp-caption-text\">\u1ea2nh: France.fr, Yellowtrace<\/p><\/div>\n<p><strong>4. N\u01a1i d\u1ec5 d\u00e0ng th\u01b0\u1edfng th\u1ee9c c\u00e1c m\u00f3n \u0103n chu\u1ea9n sao Michelin nh\u1ea5t<\/strong><\/p>\n<p style=\"text-align: justify;\">L\u1ea1i b\u00e0n v\u1ec1 \u1ea9m th\u1ef1c, d\u00f9 sao n\u1ebfu kh\u00f4ng th\u1ec3 th\u01b0\u1edfng th\u1ee9c \u0111\u1ed3 \u0103n \u1edf nh\u00e0 h\u00e0ng c\u1ee7a Alain Ducasse, th\u00ec v\u1eabn th\u1eadt may m\u1eafn khi b\u1ea1n nh\u1eadn ra kh\u00f4ng \u0111\u00e2u d\u1ec5 ki\u1ebfm m\u1ed9t nh\u00e0 h\u00e0ng \u0111\u1ea1t sao Michelin nh\u01b0 \u1edf Paris. \u0110i\u1ec1u quan tr\u1ecdng l\u00e0 c\u00f3 c\u1ea3 nh\u1eefng m\u00f3n \u0103n h\u1ea1ng sang nh\u01b0ng v\u1edbi c\u00e1i gi\u00e1 m\u00e0 b\u1ea1n ho\u00e0n to\u00e0n c\u00f3 th\u1ec3 h\u00e0i l\u00f2ng chi tr\u1ea3: t\u1eeb 35-70 euro, kh\u00f4ng qu\u00e1 \u0111\u1eaft cho m\u1ed9t b\u1eefa \u0103n ngon \u1edf kinh \u0111\u00f4 \u00e1nh s\u00e1ng c\u1ee7a th\u1ebf gi\u1edbi.<\/p>\n<p><img loading=\"lazy\" decoding=\"async\" class=\"aligncenter wp-image-180427 size-full\" src=\"https:\/\/cdn3.ivivu.com\/2016\/12\/them-6-ly-do-xuat-sac-de-paris-luon-la-dia-diem-nen-den-mot-lan-trong-doi-ivivu-91.jpg\" alt=\"them-6-ly-do-xuat-sac-de-paris-luon-la-dia-diem-nen-den-mot-lan-trong-doi-ivivu-9\" width=\"600\" height=\"399\" srcset=\"https:\/\/cdn3.ivivu.com\/2016\/12\/them-6-ly-do-xuat-sac-de-paris-luon-la-dia-diem-nen-den-mot-lan-trong-doi-ivivu-91.jpg 600w, https:\/\/cdn3.ivivu.com\/2016\/12\/them-6-ly-do-xuat-sac-de-paris-luon-la-dia-diem-nen-den-mot-lan-trong-doi-ivivu-91-459x305.jpg 459w\" sizes=\"(max-width: 600px) 100vw, 600px\" \/><\/p>\n<div id=\"attachment_180428\" style=\"width: 610px\" class=\"wp-caption aligncenter\"><img loading=\"lazy\" decoding=\"async\" aria-describedby=\"caption-attachment-180428\" class=\"wp-image-180428 size-full\" title=\"\u1ea2nh: RadissonBlu, ViaMichelin\" src=\"https:\/\/cdn3.ivivu.com\/2016\/12\/them-6-ly-do-xuat-sac-de-paris-luon-la-dia-diem-nen-den-mot-lan-trong-doi-ivivu-101.jpg\" alt=\"\u1ea2nh: RadissonBlu, ViaMichelin\" width=\"600\" height=\"400\" srcset=\"https:\/\/cdn3.ivivu.com\/2016\/12\/them-6-ly-do-xuat-sac-de-paris-luon-la-dia-diem-nen-den-mot-lan-trong-doi-ivivu-101.jpg 600w, https:\/\/cdn3.ivivu.com\/2016\/12\/them-6-ly-do-xuat-sac-de-paris-luon-la-dia-diem-nen-den-mot-lan-trong-doi-ivivu-101-458x305.jpg 458w\" sizes=\"(max-width: 600px) 100vw, 600px\" \/><p id=\"caption-attachment-180428\" class=\"wp-caption-text\">\u1ea2nh: RadissonBlu, ViaMichelin<\/p><\/div>\n<p><strong>5. Th\u1eed r\u01b0\u1ee3u d\u01b0\u1edbi h\u1ea7m Les Caves du Louvre<\/strong><\/p>\n<p style=\"text-align: justify;\">R\u01b0\u1ee3u vang Ph\u00e1p n\u1ed5i ti\u1ebfng th\u1ebf gi\u1edbi kh\u00f4ng c\u00f2n g\u00ec \u0111\u1ec3 ch\u1ed1i c\u00e3i. Ch\u00ednh v\u00ec v\u1eady m\u00e0 d\u00f9 c\u00f3 \u0111i bao nhi\u00eau l\u1ea7n, b\u1ea1n c\u0169ng kh\u00f3 c\u00f3 th\u1ec3 t\u1ef1 tin kh\u1eb3ng \u0111\u1ecbnh m\u00ecnh \u0111\u00e3 th\u1eed h\u1ebft h\u00e0ng tr\u0103m lo\u1ea1i r\u01b0\u1ee3u danh ti\u1ebfng \u1edf \u0111\u00e2y. C\u00f3 m\u1ed9t c\u00e1ch r\u00fat ng\u1eafn h\u00e0nh tr\u00ecnh kh\u00e1m ph\u00e1 ch\u00fang, \u0111\u00f3 l\u00e0 \u0111\u1ebfn b\u1ea3o t\u00e0ng Louvre.<\/p>\n<p><img loading=\"lazy\" decoding=\"async\" class=\"aligncenter wp-image-180429 size-full\" src=\"https:\/\/cdn3.ivivu.com\/2016\/12\/them-6-ly-do-xuat-sac-de-paris-luon-la-dia-diem-nen-den-mot-lan-trong-doi-ivivu-111.jpg\" alt=\"them-6-ly-do-xuat-sac-de-paris-luon-la-dia-diem-nen-den-mot-lan-trong-doi-ivivu-11\" width=\"600\" height=\"323\" srcset=\"https:\/\/cdn3.ivivu.com\/2016\/12\/them-6-ly-do-xuat-sac-de-paris-luon-la-dia-diem-nen-den-mot-lan-trong-doi-ivivu-111.jpg 600w, https:\/\/cdn3.ivivu.com\/2016\/12\/them-6-ly-do-xuat-sac-de-paris-luon-la-dia-diem-nen-den-mot-lan-trong-doi-ivivu-111-540x291.jpg 540w, https:\/\/cdn3.ivivu.com\/2016\/12\/them-6-ly-do-xuat-sac-de-paris-luon-la-dia-diem-nen-den-mot-lan-trong-doi-ivivu-111-50x28.jpg 50w\" sizes=\"(max-width: 600px) 100vw, 600px\" \/><\/p>\n<p style=\"text-align: justify;\">Kh\u00f4ng ch\u1ec9 l\u00e0 n\u01a1i l\u01b0u gi\u1eef c\u00e1c t\u00e1c ph\u1ea9m ngh\u1ec7 thu\u1eadt n\u1ed5i ti\u1ebfng, Louvre c\u00f2n l\u00e0 cu\u1ed1n t\u1eeb \u0111i\u1ec3n v\u1ec1 c\u00e1c lo\u1ea1i r\u01b0\u1ee3u vang tr\u1ee9 danh v\u00e0 l\u00e2u \u0111\u1eddi. \u0110\u1ebfn \u0111\u00e2y, b\u1ea1n s\u1ebd \u0111\u01b0\u1ee3c \u0111i kh\u00e1m ph\u00e1 t\u1eebng ph\u00f2ng, m\u1ed7i ph\u00f2ng mang m\u1ed9t ch\u1ee7 \u0111\u1ec1 gi\u00e1c quan kh\u00e1c nhau. \u0110\u1ebfn ph\u00f2ng n\u00e0y, b\u1ea1n s\u1ebd \u0111\u01b0\u1ee3c bi\u1ebft c\u00e1ch ph\u00e2n bi\u1ec7t c\u00e1c m\u00f9i h\u01b0\u01a1ng c\u1ee7a h\u1ea7u h\u1ebft c\u00e1c lo\u1ea1i r\u01b0\u1ee3u n\u1ed5i b\u1eadt \u1edf kh\u1eafp n\u01a1i tr\u00ean n\u01b0\u1edbc Ph\u00e1p. Qu\u00e1 th\u00fa v\u1ecb cho m\u1ed9t chuy\u1ebfn t\u1eadn h\u01b0\u1edfng Paris.<\/p>\n<p><img loading=\"lazy\" decoding=\"async\" class=\"aligncenter wp-image-180430 size-full\" src=\"https:\/\/cdn3.ivivu.com\/2016\/12\/them-6-ly-do-xuat-sac-de-paris-luon-la-dia-diem-nen-den-mot-lan-trong-doi-ivivu-121.jpg\" alt=\"them-6-ly-do-xuat-sac-de-paris-luon-la-dia-diem-nen-den-mot-lan-trong-doi-ivivu-12\" width=\"600\" height=\"401\" srcset=\"https:\/\/cdn3.ivivu.com\/2016\/12\/them-6-ly-do-xuat-sac-de-paris-luon-la-dia-diem-nen-den-mot-lan-trong-doi-ivivu-121.jpg 600w, https:\/\/cdn3.ivivu.com\/2016\/12\/them-6-ly-do-xuat-sac-de-paris-luon-la-dia-diem-nen-den-mot-lan-trong-doi-ivivu-121-456x305.jpg 456w\" sizes=\"(max-width: 600px) 100vw, 600px\" \/><\/p>\n<div id=\"attachment_180431\" style=\"width: 610px\" class=\"wp-caption aligncenter\"><img loading=\"lazy\" decoding=\"async\" aria-describedby=\"caption-attachment-180431\" class=\"wp-image-180431 size-full\" title=\"\u1ea2nh: LesCavesduLouvre\" src=\"https:\/\/cdn3.ivivu.com\/2016\/12\/them-6-ly-do-xuat-sac-de-paris-luon-la-dia-diem-nen-den-mot-lan-trong-doi-ivivu-131.jpg\" alt=\"\u1ea2nh: LesCavesduLouvre\" width=\"600\" height=\"401\" srcset=\"https:\/\/cdn3.ivivu.com\/2016\/12\/them-6-ly-do-xuat-sac-de-paris-luon-la-dia-diem-nen-den-mot-lan-trong-doi-ivivu-131.jpg 600w, https:\/\/cdn3.ivivu.com\/2016\/12\/them-6-ly-do-xuat-sac-de-paris-luon-la-dia-diem-nen-den-mot-lan-trong-doi-ivivu-131-456x305.jpg 456w\" sizes=\"(max-width: 600px) 100vw, 600px\" \/><p id=\"caption-attachment-180431\" class=\"wp-caption-text\">\u1ea2nh: LesCavesduLouvre<\/p><\/div>\n<p><strong>6. B\u1ea3o t\u00e0ng Ngh\u1ec7 thu\u1eadt Louis Vuitton \u2013 K\u1ef3 quan c\u1ee7a Paris<\/strong><\/p>\n<p style=\"text-align: justify;\">Nh\u1eafc \u0111\u1ebfn Louis Vuitton, ch\u1eafc b\u1ea1n ch\u1ec9 ngh\u0129 \u0111\u1ebfn th\u01b0\u01a1ng hi\u1ec7u t\u00fai x\u00e1ch \u0111\u1eaft \u0111\u1ecf b\u1eadc nh\u1ea5t th\u1ebf gi\u1edbi m\u00e0 kh\u00f4ng bi\u1ebft \u0111\u1ebfn b\u1ea3o t\u00e0ng \u201cQu\u1ef9 Louis Vuitton v\u00ec s\u1ef1 s\u00e1ng t\u1ea1o\u201d. \u0110\u00e2y l\u00e0 m\u1ed9t t\u1ed5 h\u1ee3p b\u1ea3o t\u00e0ng tri\u1ec3n l\u00e3m v\u00e0 khu\u1ebfch tr\u01b0\u01a1ng v\u0103n h\u00f3a ngh\u1ec7 thu\u1eadt ho\u1ea1t \u0111\u1ed9ng \u0111\u1ed9c l\u1eadp d\u01b0\u1edbi s\u1ef1 t\u00e0i tr\u1ee3 c\u1ee7a t\u1eadp \u0111o\u00e0n Louis Vuitton Moet Hennessy \u2013 ch\u1ee7 s\u1edf h\u1eefu c\u1ee7a c\u00e1c th\u01b0\u01a1ng hi\u1ec7u v\u1ed1n \u0111\u00e3 qu\u00e1 n\u1ed5i ti\u1ebfng v\u00ec \u0111\u1ed9 xa x\u1ec9.<\/p>\n<p><img loading=\"lazy\" decoding=\"async\" class=\"aligncenter wp-image-180432 size-full\" src=\"https:\/\/cdn3.ivivu.com\/2016\/12\/them-6-ly-do-xuat-sac-de-paris-luon-la-dia-diem-nen-den-mot-lan-trong-doi-ivivu-141.jpg\" alt=\"them-6-ly-do-xuat-sac-de-paris-luon-la-dia-diem-nen-den-mot-lan-trong-doi-ivivu-14\" width=\"600\" height=\"338\" srcset=\"https:\/\/cdn3.ivivu.com\/2016\/12\/them-6-ly-do-xuat-sac-de-paris-luon-la-dia-diem-nen-den-mot-lan-trong-doi-ivivu-141.jpg 600w, https:\/\/cdn3.ivivu.com\/2016\/12\/them-6-ly-do-xuat-sac-de-paris-luon-la-dia-diem-nen-den-mot-lan-trong-doi-ivivu-141-250x142.jpg 250w, https:\/\/cdn3.ivivu.com\/2016\/12\/them-6-ly-do-xuat-sac-de-paris-luon-la-dia-diem-nen-den-mot-lan-trong-doi-ivivu-141-540x305.jpg 540w, https:\/\/cdn3.ivivu.com\/2016\/12\/them-6-ly-do-xuat-sac-de-paris-luon-la-dia-diem-nen-den-mot-lan-trong-doi-ivivu-141-225x127.jpg 225w, https:\/\/cdn3.ivivu.com\/2016\/12\/them-6-ly-do-xuat-sac-de-paris-luon-la-dia-diem-nen-den-mot-lan-trong-doi-ivivu-141-370x208.jpg 370w, https:\/\/cdn3.ivivu.com\/2016\/12\/them-6-ly-do-xuat-sac-de-paris-luon-la-dia-diem-nen-den-mot-lan-trong-doi-ivivu-141-50x28.jpg 50w, https:\/\/cdn3.ivivu.com\/2016\/12\/them-6-ly-do-xuat-sac-de-paris-luon-la-dia-diem-nen-den-mot-lan-trong-doi-ivivu-141-107x60.jpg 107w, https:\/\/cdn3.ivivu.com\/2016\/12\/them-6-ly-do-xuat-sac-de-paris-luon-la-dia-diem-nen-den-mot-lan-trong-doi-ivivu-141-195x110.jpg 195w, https:\/\/cdn3.ivivu.com\/2016\/12\/them-6-ly-do-xuat-sac-de-paris-luon-la-dia-diem-nen-den-mot-lan-trong-doi-ivivu-141-220x125.jpg 220w, https:\/\/cdn3.ivivu.com\/2016\/12\/them-6-ly-do-xuat-sac-de-paris-luon-la-dia-diem-nen-den-mot-lan-trong-doi-ivivu-141-400x225.jpg 400w, https:\/\/cdn3.ivivu.com\/2016\/12\/them-6-ly-do-xuat-sac-de-paris-luon-la-dia-diem-nen-den-mot-lan-trong-doi-ivivu-141-140x80.jpg 140w\" sizes=\"(max-width: 600px) 100vw, 600px\" \/><\/p>\n<p style=\"text-align: justify;\">B\u1ea3o t\u00e0ng t\u1ecda l\u1ea1c c\u1ea1nh v\u01b0\u1eddn th\u00fa Jardin d\u2019Acclamatation trong khu r\u1eebng Boulogne t\u1ea1i qu\u1eadn 16 th\u1ee7 \u0111\u00f4 Paris. \u0110\u1ebfn \u0111\u00e2y, b\u1ea1n s\u1ebd ph\u1ea3i tr\u00f2n m\u1eaft ng\u1ea1c nhi\u00ean khi ng\u1eafm ngh\u00eda nh\u1eefng t\u00e1c ph\u1ea9m \u0111\u01b0\u01a1ng \u0111\u1ea1i c\u00f3 thi\u1ebft k\u1ebf k\u1ef3 d\u1ecb, \u0111\u1ed9c \u0111\u00e1o kh\u00f4ng t\u01b0\u1edfng m\u00e0 c\u1ef1c k\u1ef3 tinh t\u1ebf.<\/p>\n<div id=\"attachment_180433\" style=\"width: 610px\" class=\"wp-caption aligncenter\"><img loading=\"lazy\" decoding=\"async\" aria-describedby=\"caption-attachment-180433\" class=\"wp-image-180433 size-full\" title=\"\u1ea2nh: InsiderFrance, FondationLouisVuitton\" src=\"https:\/\/cdn3.ivivu.com\/2016\/12\/them-6-ly-do-xuat-sac-de-paris-luon-la-dia-diem-nen-den-mot-lan-trong-doi-ivivu-151.jpg\" alt=\"\u1ea2nh: InsiderFrance, FondationLouisVuitton\" width=\"600\" height=\"450\" srcset=\"https:\/\/cdn3.ivivu.com\/2016\/12\/them-6-ly-do-xuat-sac-de-paris-luon-la-dia-diem-nen-den-mot-lan-trong-doi-ivivu-151.jpg 600w, https:\/\/cdn3.ivivu.com\/2016\/12\/them-6-ly-do-xuat-sac-de-paris-luon-la-dia-diem-nen-den-mot-lan-trong-doi-ivivu-151-407x305.jpg 407w\" sizes=\"(max-width: 600px) 100vw, 600px\" \/><p id=\"caption-attachment-180433\" class=\"wp-caption-text\">\u1ea2nh: InsiderFrance, FondationLouisVuitton<\/p><\/div>\n<h4 class=\"ltt-contentbox white\" style=\"text-align: center;\"><div class=\"ltt-contentbox white\"><\/span>CLICK THAM KH\u1ea2O NGAY <strong><a href=\"https:\/\/www.ivivu.com\/du-lich\/tour-chau-au-9n8d-hcm-phap-bi-ha-lan-duc\/332?utm_source=blog_ivivu&amp;utm_medium=post_link&amp;utm_campaign=internal\" target=\"_blank\">TOUR CH\u00c2U \u00c2U 9N8D: HCM \u2013 PH\u00c1P \u2013 B\u1ec8 \u2013 H\u00c0 LAN \u2013 \u0110\u1ee8C<\/a>\u00a0V\u1edaI GI\u00c1 \u01afU \u0110\u00c3I TUY\u1ec6T V\u1edcI T\u1eea IVIVU.COM<\/strong><\/div><\/h4>\n<p style=\"text-align: right;\"><strong>Theo Afamily<\/strong><\/p>\n<div class=\"ltt-contentbox white\"><\/span><\/p>\n<p><strong>Xem th\u00eam c\u00e1c b\u00e0i vi\u1ebft:<\/strong><\/p>\n<p><a href=\"https:\/\/www.ivivu.com\/blog\/2016\/11\/paris-khi-mua-thu-lai-ve\/\" target=\"_blank\"><strong>Paris khi m\u00f9a thu l\u1ea1i v\u1ec1<\/strong><\/a><\/p>\n<p><a href=\"https:\/\/www.ivivu.com\/blog\/2016\/12\/diem-cau-tu-tram-phat-tram-trung-cho-du-khach-hiem-muon\/\" target=\"_blank\"><strong>\u0110i\u1ec3m c\u1ea7u t\u1ef1 \u2018tr\u0103m ph\u00e1t tr\u0103m tr\u00fang\u2019 cho du kh\u00e1ch hi\u1ebfm mu\u1ed9n<\/strong><\/a><\/p>\n<p><a href=\"https:\/\/www.ivivu.com\/blog\/2016\/12\/den-paris-hay-chon-montparnasse\/\" target=\"_blank\"><strong>\u0110\u1ebfn Paris, h\u00e3y ch\u1ecdn Montparnasse<\/strong><\/a><\/p>\n<p><\/div>\n<h3><div class=\"ltt-contentbox white\"><\/span>Click \u0111\u1eb7t ngay\u00a0<a href=\"https:\/\/www.ivivu.com\/?utm_source=blog_ivivu&amp;utm_medium=post_link&amp;utm_campaign=internal\" target=\"_blank\">Kh\u00e1ch s\u1ea1n kh\u1eafp Vi\u1ec7t Nam v\u00e0 to\u00e0n th\u1ebf gi\u1edbi<\/a>\u00a0gi\u00e1 t\u1ed1t nh\u1ea5t ch\u1ec9 c\u00f3 t\u1ea1i iVIVU.com<\/div><\/h3>\n<p><strong>\u00a0***<\/strong><\/p>\n<p><strong>Tham kh\u1ea3o:\u00a0<a href=\"http:\/\/ivivu.com\/blog\/\" target=\"_blank\">C\u1ea9m nang du l\u1ecbch iVIVU.com<\/a>\u00a0<\/strong><\/p>\n","protected":false},"excerpt":{"rendered":"<p>Ngay c\u1ea3 khi b\u1ea1n \u0111\u00e3 \u0111\u1eb7t ch\u00e2n \u0111\u1ebfn Paris \u00edt nh\u1ea5t m\u1ed9t l\u1ea7n, th\u00ec v\u1eabn c\u00f2n qu\u00e1 nhi\u1ec1u l\u00fd do h\u1ea5p d\u1eabn kh\u00e1c \u0111\u1ec3 b\u1ea1n mu\u1ed1n s\u0103n v\u00e9 quay tr\u1edf l\u1ea1i.<\/p>\n","protected":false},"author":38,"featured_media":180437,"comment_status":"closed","ping_status":"open","sticky":false,"template":"","format":"standard","meta":{"_acf_changed":false,"footnotes":""},"categories":[247,231,795,14742],"tags":[319,3367,6033,9829,8748,390],"acf":[],"yoast_head":"<!-- This site is optimized with the Yoast SEO Premium plugin v22.6 (Yoast SEO v22.6) - https:\/\/yoast.com\/wordpress\/plugins\/seo\/ -->\n<title>Th\u00eam 6 l\u00fd do &#039;xu\u1ea5t s\u1eafc&#039; \u0111\u1ec3 Paris lu\u00f4n l\u00e0 \u0111\u1ecba \u0111i\u1ec3m n\u00ean \u0111\u1ebfn m\u1ed9t l\u1ea7n trong \u0111\u1eddi - iVIVU.com<\/title>\n<meta name=\"description\" content=\"Ngay c\u1ea3 khi b\u1ea1n \u0111\u00e3 \u0111\u1eb7t ch\u00e2n \u0111\u1ebfn Paris \u00edt nh\u1ea5t m\u1ed9t l\u1ea7n, th\u00ec v\u1eabn c\u00f2n qu\u00e1 nhi\u1ec1u l\u00fd do h\u1ea5p d\u1eabn kh\u00e1c \u0111\u1ec3 b\u1ea1n mu\u1ed1n s\u0103n v\u00e9 quay tr\u1edf l\u1ea1i.\" \/>\n<meta name=\"robots\" content=\"index, follow, max-snippet:-1, max-image-preview:large, max-video-preview:-1\" \/>\n<link rel=\"canonical\" href=\"https:\/\/www.ivivu.com\/blog\/2016\/12\/them-6-ly-do-xuat-sac-de-paris-luon-la-dia-diem-nen-den-mot-lan-trong-doi\/\" \/>\n<meta name=\"twitter:label1\" content=\"\u0110\u01b0\u1ee3c vi\u1ebft b\u1edfi\" \/>\n\t<meta name=\"twitter:data1\" content=\"Ng\u00e2n Thi\u1ec1u Kim\" \/>\n\t<meta name=\"twitter:label2\" content=\"\u01af\u1edbc t\u00ednh th\u1eddi gian \u0111\u1ecdc\" \/>\n\t<meta name=\"twitter:data2\" content=\"7 ph\u00fat\" \/>\n<script type=\"application\/ld+json\" class=\"yoast-schema-graph\">{\"@context\":\"https:\/\/schema.org\",\"@graph\":[{\"@type\":\"Article\",\"@id\":\"https:\/\/www.ivivu.com\/blog\/2016\/12\/them-6-ly-do-xuat-sac-de-paris-luon-la-dia-diem-nen-den-mot-lan-trong-doi\/#article\",\"isPartOf\":{\"@id\":\"https:\/\/www.ivivu.com\/blog\/2016\/12\/them-6-ly-do-xuat-sac-de-paris-luon-la-dia-diem-nen-den-mot-lan-trong-doi\/\"},\"author\":{\"name\":\"Ng\u00e2n Thi\u1ec1u Kim\",\"@id\":\"https:\/\/www.ivivu.com\/blog\/#\/schema\/person\/f6e706f46fad4e85f2e1c3ec41136369\"},\"headline\":\"Th\u00eam 6 l\u00fd do &#8220;xu\u1ea5t s\u1eafc&#8221; \u0111\u1ec3 Paris lu\u00f4n l\u00e0 \u0111\u1ecba \u0111i\u1ec3m n\u00ean \u0111\u1ebfn m\u1ed9t l\u1ea7n trong \u0111\u1eddi\",\"datePublished\":\"2016-12-07T02:07:31+00:00\",\"dateModified\":\"2016-12-06T10:07:59+00:00\",\"mainEntityOfPage\":{\"@id\":\"https:\/\/www.ivivu.com\/blog\/2016\/12\/them-6-ly-do-xuat-sac-de-paris-luon-la-dia-diem-nen-den-mot-lan-trong-doi\/\"},\"wordCount\":1500,\"publisher\":{\"@id\":\"https:\/\/www.ivivu.com\/blog\/#organization\"},\"image\":{\"@id\":\"https:\/\/www.ivivu.com\/blog\/2016\/12\/them-6-ly-do-xuat-sac-de-paris-luon-la-dia-diem-nen-den-mot-lan-trong-doi\/#primaryimage\"},\"thumbnailUrl\":\"https:\/\/cdn3.ivivu.com\/2016\/12\/them-6-ly-do-xuat-sac-de-paris-luon-la-dia-diem-nen-den-mot-lan-trong-doi-ivivu-1.jpg\",\"keywords\":[\"Du l\u1ecbch ch\u00e2u \u00e2u\",\"du l\u1ecbch Paris\",\"\u0111i\u1ec3m \u0111\u1ebfn ch\u00e2u \u00c2u\",\"\u0111i\u1ec3m \u0111\u1ebfn Paris\",\"kinh nghi\u1ec7m du l\u1ecbch Paris\",\"Paris\"],\"articleSection\":[\"Ch\u00e2u \u00c2u\",\"DU L\u1ecaCH TH\u1ebe GI\u1edaI\",\"\u0110i\u1ec3m \u0111\u1ebfn\",\"N\u1ed5i B\u1eadt 2\"],\"inLanguage\":\"vi\"},{\"@type\":\"WebPage\",\"@id\":\"https:\/\/www.ivivu.com\/blog\/2016\/12\/them-6-ly-do-xuat-sac-de-paris-luon-la-dia-diem-nen-den-mot-lan-trong-doi\/\",\"url\":\"https:\/\/www.ivivu.com\/blog\/2016\/12\/them-6-ly-do-xuat-sac-de-paris-luon-la-dia-diem-nen-den-mot-lan-trong-doi\/\",\"name\":\"Th\u00eam 6 l\u00fd do 'xu\u1ea5t s\u1eafc' \u0111\u1ec3 Paris lu\u00f4n l\u00e0 \u0111\u1ecba \u0111i\u1ec3m n\u00ean \u0111\u1ebfn m\u1ed9t l\u1ea7n trong \u0111\u1eddi - iVIVU.com\",\"isPartOf\":{\"@id\":\"https:\/\/www.ivivu.com\/blog\/#website\"},\"primaryImageOfPage\":{\"@id\":\"https:\/\/www.ivivu.com\/blog\/2016\/12\/them-6-ly-do-xuat-sac-de-paris-luon-la-dia-diem-nen-den-mot-lan-trong-doi\/#primaryimage\"},\"image\":{\"@id\":\"https:\/\/www.ivivu.com\/blog\/2016\/12\/them-6-ly-do-xuat-sac-de-paris-luon-la-dia-diem-nen-den-mot-lan-trong-doi\/#primaryimage\"},\"thumbnailUrl\":\"https:\/\/cdn3.ivivu.com\/2016\/12\/them-6-ly-do-xuat-sac-de-paris-luon-la-dia-diem-nen-den-mot-lan-trong-doi-ivivu-1.jpg\",\"datePublished\":\"2016-12-07T02:07:31+00:00\",\"dateModified\":\"2016-12-06T10:07:59+00:00\",\"description\":\"Ngay c\u1ea3 khi b\u1ea1n \u0111\u00e3 \u0111\u1eb7t ch\u00e2n \u0111\u1ebfn Paris \u00edt nh\u1ea5t m\u1ed9t l\u1ea7n, th\u00ec v\u1eabn c\u00f2n qu\u00e1 nhi\u1ec1u l\u00fd do h\u1ea5p d\u1eabn kh\u00e1c \u0111\u1ec3 b\u1ea1n mu\u1ed1n s\u0103n v\u00e9 quay tr\u1edf l\u1ea1i.\",\"breadcrumb\":{\"@id\":\"https:\/\/www.ivivu.com\/blog\/2016\/12\/them-6-ly-do-xuat-sac-de-paris-luon-la-dia-diem-nen-den-mot-lan-trong-doi\/#breadcrumb\"},\"inLanguage\":\"vi\",\"potentialAction\":[{\"@type\":\"ReadAction\",\"target\":[\"https:\/\/www.ivivu.com\/blog\/2016\/12\/them-6-ly-do-xuat-sac-de-paris-luon-la-dia-diem-nen-den-mot-lan-trong-doi\/\"]}]},{\"@type\":\"ImageObject\",\"inLanguage\":\"vi\",\"@id\":\"https:\/\/www.ivivu.com\/blog\/2016\/12\/them-6-ly-do-xuat-sac-de-paris-luon-la-dia-diem-nen-den-mot-lan-trong-doi\/#primaryimage\",\"url\":\"https:\/\/cdn3.ivivu.com\/2016\/12\/them-6-ly-do-xuat-sac-de-paris-luon-la-dia-diem-nen-den-mot-lan-trong-doi-ivivu-1.jpg\",\"contentUrl\":\"https:\/\/cdn3.ivivu.com\/2016\/12\/them-6-ly-do-xuat-sac-de-paris-luon-la-dia-diem-nen-den-mot-lan-trong-doi-ivivu-1.jpg\",\"width\":600,\"height\":401},{\"@type\":\"BreadcrumbList\",\"@id\":\"https:\/\/www.ivivu.com\/blog\/2016\/12\/them-6-ly-do-xuat-sac-de-paris-luon-la-dia-diem-nen-den-mot-lan-trong-doi\/#breadcrumb\",\"itemListElement\":[{\"@type\":\"ListItem\",\"position\":1,\"name\":\"Home\",\"item\":\"https:\/\/www.ivivu.com\/blog\/\"},{\"@type\":\"ListItem\",\"position\":2,\"name\":\"Th\u00eam 6 l\u00fd do &#8220;xu\u1ea5t s\u1eafc&#8221; \u0111\u1ec3 Paris lu\u00f4n l\u00e0 \u0111\u1ecba \u0111i\u1ec3m n\u00ean \u0111\u1ebfn m\u1ed9t l\u1ea7n trong \u0111\u1eddi\"}]},{\"@type\":\"WebSite\",\"@id\":\"https:\/\/www.ivivu.com\/blog\/#website\",\"url\":\"https:\/\/www.ivivu.com\/blog\/\",\"name\":\"C\u1ea9m nang du l\u1ecbch\",\"description\":\"\",\"publisher\":{\"@id\":\"https:\/\/www.ivivu.com\/blog\/#organization\"},\"potentialAction\":[{\"@type\":\"SearchAction\",\"target\":{\"@type\":\"EntryPoint\",\"urlTemplate\":\"https:\/\/www.ivivu.com\/blog\/?s={search_term_string}\"},\"query-input\":\"required name=search_term_string\"}],\"inLanguage\":\"vi\"},{\"@type\":\"Organization\",\"@id\":\"https:\/\/www.ivivu.com\/blog\/#organization\",\"name\":\"iVIVU.com\",\"url\":\"https:\/\/www.ivivu.com\/blog\/\",\"logo\":{\"@type\":\"ImageObject\",\"inLanguage\":\"vi\",\"@id\":\"https:\/\/www.ivivu.com\/blog\/#\/schema\/logo\/image\/\",\"url\":\"https:\/\/cdn3.ivivu.com\/2024\/01\/ivivu_no_slogan.png\",\"contentUrl\":\"https:\/\/cdn3.ivivu.com\/2024\/01\/ivivu_no_slogan.png\",\"width\":788,\"height\":565,\"caption\":\"iVIVU.com\"},\"image\":{\"@id\":\"https:\/\/www.ivivu.com\/blog\/#\/schema\/logo\/image\/\"},\"sameAs\":[\"https:\/\/www.facebook.com\/iVIVU\"]},{\"@type\":\"Person\",\"@id\":\"https:\/\/www.ivivu.com\/blog\/#\/schema\/person\/f6e706f46fad4e85f2e1c3ec41136369\",\"name\":\"Ng\u00e2n Thi\u1ec1u Kim\",\"sameAs\":[\"https:\/\/www.ivivu.com\/blog\/\"],\"url\":\"https:\/\/www.ivivu.com\/blog\/author\/ngan-thieu\/\"}]}<\/script>\n<!-- \/ Yoast SEO Premium plugin. -->","yoast_head_json":{"title":"Th\u00eam 6 l\u00fd do 'xu\u1ea5t s\u1eafc' \u0111\u1ec3 Paris lu\u00f4n l\u00e0 \u0111\u1ecba \u0111i\u1ec3m n\u00ean \u0111\u1ebfn m\u1ed9t l\u1ea7n trong \u0111\u1eddi - iVIVU.com","description":"Ngay c\u1ea3 khi b\u1ea1n \u0111\u00e3 \u0111\u1eb7t ch\u00e2n \u0111\u1ebfn Paris \u00edt nh\u1ea5t m\u1ed9t l\u1ea7n, th\u00ec v\u1eabn c\u00f2n qu\u00e1 nhi\u1ec1u l\u00fd do h\u1ea5p d\u1eabn kh\u00e1c \u0111\u1ec3 b\u1ea1n mu\u1ed1n s\u0103n v\u00e9 quay tr\u1edf l\u1ea1i.","robots":{"index":"index","follow":"follow","max-snippet":"max-snippet:-1","max-image-preview":"max-image-preview:large","max-video-preview":"max-video-preview:-1"},"canonical":"https:\/\/www.ivivu.com\/blog\/2016\/12\/them-6-ly-do-xuat-sac-de-paris-luon-la-dia-diem-nen-den-mot-lan-trong-doi\/","twitter_misc":{"\u0110\u01b0\u1ee3c vi\u1ebft b\u1edfi":"Ng\u00e2n Thi\u1ec1u Kim","\u01af\u1edbc t\u00ednh th\u1eddi gian \u0111\u1ecdc":"7 ph\u00fat"},"schema":{"@context":"https:\/\/schema.org","@graph":[{"@type":"Article","@id":"https:\/\/www.ivivu.com\/blog\/2016\/12\/them-6-ly-do-xuat-sac-de-paris-luon-la-dia-diem-nen-den-mot-lan-trong-doi\/#article","isPartOf":{"@id":"https:\/\/www.ivivu.com\/blog\/2016\/12\/them-6-ly-do-xuat-sac-de-paris-luon-la-dia-diem-nen-den-mot-lan-trong-doi\/"},"author":{"name":"Ng\u00e2n Thi\u1ec1u Kim","@id":"https:\/\/www.ivivu.com\/blog\/#\/schema\/person\/f6e706f46fad4e85f2e1c3ec41136369"},"headline":"Th\u00eam 6 l\u00fd do &#8220;xu\u1ea5t s\u1eafc&#8221; \u0111\u1ec3 Paris lu\u00f4n l\u00e0 \u0111\u1ecba \u0111i\u1ec3m n\u00ean \u0111\u1ebfn m\u1ed9t l\u1ea7n trong \u0111\u1eddi","datePublished":"2016-12-07T02:07:31+00:00","dateModified":"2016-12-06T10:07:59+00:00","mainEntityOfPage":{"@id":"https:\/\/www.ivivu.com\/blog\/2016\/12\/them-6-ly-do-xuat-sac-de-paris-luon-la-dia-diem-nen-den-mot-lan-trong-doi\/"},"wordCount":1500,"publisher":{"@id":"https:\/\/www.ivivu.com\/blog\/#organization"},"image":{"@id":"https:\/\/www.ivivu.com\/blog\/2016\/12\/them-6-ly-do-xuat-sac-de-paris-luon-la-dia-diem-nen-den-mot-lan-trong-doi\/#primaryimage"},"thumbnailUrl":"https:\/\/cdn3.ivivu.com\/2016\/12\/them-6-ly-do-xuat-sac-de-paris-luon-la-dia-diem-nen-den-mot-lan-trong-doi-ivivu-1.jpg","keywords":["Du l\u1ecbch ch\u00e2u \u00e2u","du l\u1ecbch Paris","\u0111i\u1ec3m \u0111\u1ebfn ch\u00e2u \u00c2u","\u0111i\u1ec3m \u0111\u1ebfn Paris","kinh nghi\u1ec7m du l\u1ecbch Paris","Paris"],"articleSection":["Ch\u00e2u \u00c2u","DU L\u1ecaCH TH\u1ebe GI\u1edaI","\u0110i\u1ec3m \u0111\u1ebfn","N\u1ed5i B\u1eadt 2"],"inLanguage":"vi"},{"@type":"WebPage","@id":"https:\/\/www.ivivu.com\/blog\/2016\/12\/them-6-ly-do-xuat-sac-de-paris-luon-la-dia-diem-nen-den-mot-lan-trong-doi\/","url":"https:\/\/www.ivivu.com\/blog\/2016\/12\/them-6-ly-do-xuat-sac-de-paris-luon-la-dia-diem-nen-den-mot-lan-trong-doi\/","name":"Th\u00eam 6 l\u00fd do 'xu\u1ea5t s\u1eafc' \u0111\u1ec3 Paris lu\u00f4n l\u00e0 \u0111\u1ecba \u0111i\u1ec3m n\u00ean \u0111\u1ebfn m\u1ed9t l\u1ea7n trong \u0111\u1eddi - iVIVU.com","isPartOf":{"@id":"https:\/\/www.ivivu.com\/blog\/#website"},"primaryImageOfPage":{"@id":"https:\/\/www.ivivu.com\/blog\/2016\/12\/them-6-ly-do-xuat-sac-de-paris-luon-la-dia-diem-nen-den-mot-lan-trong-doi\/#primaryimage"},"image":{"@id":"https:\/\/www.ivivu.com\/blog\/2016\/12\/them-6-ly-do-xuat-sac-de-paris-luon-la-dia-diem-nen-den-mot-lan-trong-doi\/#primaryimage"},"thumbnailUrl":"https:\/\/cdn3.ivivu.com\/2016\/12\/them-6-ly-do-xuat-sac-de-paris-luon-la-dia-diem-nen-den-mot-lan-trong-doi-ivivu-1.jpg","datePublished":"2016-12-07T02:07:31+00:00","dateModified":"2016-12-06T10:07:59+00:00","description":"Ngay c\u1ea3 khi b\u1ea1n \u0111\u00e3 \u0111\u1eb7t ch\u00e2n \u0111\u1ebfn Paris \u00edt nh\u1ea5t m\u1ed9t l\u1ea7n, th\u00ec v\u1eabn c\u00f2n qu\u00e1 nhi\u1ec1u l\u00fd do h\u1ea5p d\u1eabn kh\u00e1c \u0111\u1ec3 b\u1ea1n mu\u1ed1n s\u0103n v\u00e9 quay tr\u1edf l\u1ea1i.","breadcrumb":{"@id":"https:\/\/www.ivivu.com\/blog\/2016\/12\/them-6-ly-do-xuat-sac-de-paris-luon-la-dia-diem-nen-den-mot-lan-trong-doi\/#breadcrumb"},"inLanguage":"vi","potentialAction":[{"@type":"ReadAction","target":["https:\/\/www.ivivu.com\/blog\/2016\/12\/them-6-ly-do-xuat-sac-de-paris-luon-la-dia-diem-nen-den-mot-lan-trong-doi\/"]}]},{"@type":"ImageObject","inLanguage":"vi","@id":"https:\/\/www.ivivu.com\/blog\/2016\/12\/them-6-ly-do-xuat-sac-de-paris-luon-la-dia-diem-nen-den-mot-lan-trong-doi\/#primaryimage","url":"https:\/\/cdn3.ivivu.com\/2016\/12\/them-6-ly-do-xuat-sac-de-paris-luon-la-dia-diem-nen-den-mot-lan-trong-doi-ivivu-1.jpg","contentUrl":"https:\/\/cdn3.ivivu.com\/2016\/12\/them-6-ly-do-xuat-sac-de-paris-luon-la-dia-diem-nen-den-mot-lan-trong-doi-ivivu-1.jpg","width":600,"height":401},{"@type":"BreadcrumbList","@id":"https:\/\/www.ivivu.com\/blog\/2016\/12\/them-6-ly-do-xuat-sac-de-paris-luon-la-dia-diem-nen-den-mot-lan-trong-doi\/#breadcrumb","itemListElement":[{"@type":"ListItem","position":1,"name":"Home","item":"https:\/\/www.ivivu.com\/blog\/"},{"@type":"ListItem","position":2,"name":"Th\u00eam 6 l\u00fd do &#8220;xu\u1ea5t s\u1eafc&#8221; \u0111\u1ec3 Paris lu\u00f4n l\u00e0 \u0111\u1ecba \u0111i\u1ec3m n\u00ean \u0111\u1ebfn m\u1ed9t l\u1ea7n trong \u0111\u1eddi"}]},{"@type":"WebSite","@id":"https:\/\/www.ivivu.com\/blog\/#website","url":"https:\/\/www.ivivu.com\/blog\/","name":"C\u1ea9m nang du l\u1ecbch","description":"","publisher":{"@id":"https:\/\/www.ivivu.com\/blog\/#organization"},"potentialAction":[{"@type":"SearchAction","target":{"@type":"EntryPoint","urlTemplate":"https:\/\/www.ivivu.com\/blog\/?s={search_term_string}"},"query-input":"required name=search_term_string"}],"inLanguage":"vi"},{"@type":"Organization","@id":"https:\/\/www.ivivu.com\/blog\/#organization","name":"iVIVU.com","url":"https:\/\/www.ivivu.com\/blog\/","logo":{"@type":"ImageObject","inLanguage":"vi","@id":"https:\/\/www.ivivu.com\/blog\/#\/schema\/logo\/image\/","url":"https:\/\/cdn3.ivivu.com\/2024\/01\/ivivu_no_slogan.png","contentUrl":"https:\/\/cdn3.ivivu.com\/2024\/01\/ivivu_no_slogan.png","width":788,"height":565,"caption":"iVIVU.com"},"image":{"@id":"https:\/\/www.ivivu.com\/blog\/#\/schema\/logo\/image\/"},"sameAs":["https:\/\/www.facebook.com\/iVIVU"]},{"@type":"Person","@id":"https:\/\/www.ivivu.com\/blog\/#\/schema\/person\/f6e706f46fad4e85f2e1c3ec41136369","name":"Ng\u00e2n Thi\u1ec1u Kim","sameAs":["https:\/\/www.ivivu.com\/blog\/"],"url":"https:\/\/www.ivivu.com\/blog\/author\/ngan-thieu\/"}]}},"_links":{"self":[{"href":"https:\/\/www.ivivu.com\/blog\/wp-json\/wp\/v2\/posts\/180411"}],"collection":[{"href":"https:\/\/www.ivivu.com\/blog\/wp-json\/wp\/v2\/posts"}],"about":[{"href":"https:\/\/www.ivivu.com\/blog\/wp-json\/wp\/v2\/types\/post"}],"author":[{"embeddable":true,"href":"https:\/\/www.ivivu.com\/blog\/wp-json\/wp\/v2\/users\/38"}],"replies":[{"embeddable":true,"href":"https:\/\/www.ivivu.com\/blog\/wp-json\/wp\/v2\/comments?post=180411"}],"version-history":[{"count":7,"href":"https:\/\/www.ivivu.com\/blog\/wp-json\/wp\/v2\/posts\/180411\/revisions"}],"predecessor-version":[{"id":180630,"href":"https:\/\/www.ivivu.com\/blog\/wp-json\/wp\/v2\/posts\/180411\/revisions\/180630"}],"wp:featuredmedia":[{"embeddable":true,"href":"https:\/\/www.ivivu.com\/blog\/wp-json\/wp\/v2\/media\/180437"}],"wp:attachment":[{"href":"https:\/\/www.ivivu.com\/blog\/wp-json\/wp\/v2\/media?parent=180411"}],"wp:term":[{"taxonomy":"category","embeddable":true,"href":"https:\/\/www.ivivu.com\/blog\/wp-json\/wp\/v2\/categories?post=180411"},{"taxonomy":"post_tag","embeddable":true,"href":"https:\/\/www.ivivu.com\/blog\/wp-json\/wp\/v2\/tags?post=180411"}],"curies":[{"name":"wp","href":"https:\/\/api.w.org\/{rel}","templated":true}]}}