{"id":180828,"date":"2016-12-11T11:38:43","date_gmt":"2016-12-11T04:38:43","guid":{"rendered":"https:\/\/www.ivivu.com\/blog\/?p=180828"},"modified":"2016-12-09T16:41:19","modified_gmt":"2016-12-09T09:41:19","slug":"national-geographic-traveler-goi-y-21-diem-nen-den-nam-2017","status":"publish","type":"post","link":"https:\/\/www.ivivu.com\/blog\/2016\/12\/national-geographic-traveler-goi-y-21-diem-nen-den-nam-2017\/","title":{"rendered":"National Geographic Traveler g\u1ee3i \u00fd 21 \u0111i\u1ec3m n\u00ean \u0111\u1ebfn n\u0103m 2017"},"content":{"rendered":"<p style=\"text-align: justify;\"><strong><em>Trang National Geographic Traveler v\u1eeba c\u00f4ng b\u1ed1 danh s\u00e1ch 21 \u0111\u1ecba \u0111i\u1ec3m m\u00e0 b\u1ea5t c\u1ee9 ng\u01b0\u1eddi y\u00eau du l\u1ecbch n\u00e0o c\u0169ng n\u00ean gh\u00e9 th\u0103m trong n\u0103m 2017.<\/em><\/strong><!--more--><\/p>\n<h2>National Geographic Traveler g\u1ee3i \u00fd 21 \u0111i\u1ec3m \u0111\u1ebfn n\u00ean gh\u00e9 v\u00e0o n\u0103m 2017<\/h2>\n<div id=\"attachment_180829\" style=\"width: 675px\" class=\"wp-caption aligncenter\"><img loading=\"lazy\" decoding=\"async\" aria-describedby=\"caption-attachment-180829\" class=\"wp-image-180829 size-full\" title=\"Nh\u1eefng thung l\u0169ng v\u00e0 d\u00f2ng s\u00f4ng ph\u1ee7 \u0111\u1ea7y b\u0103ng \u1edf v\u01b0\u1eddn qu\u1ed1c gia Banff (Canada)\" src=\"https:\/\/cdn3.ivivu.com\/2016\/12\/national-geographic-traveler-goi-y-21-diem-nen-den-nam-ivivu-1.jpg\" alt=\"Nh\u1eefng thung l\u0169ng v\u00e0 d\u00f2ng s\u00f4ng ph\u1ee7 \u0111\u1ea7y b\u0103ng \u1edf v\u01b0\u1eddn qu\u1ed1c gia Banff (Canada)\" width=\"665\" height=\"443\" srcset=\"https:\/\/cdn3.ivivu.com\/2016\/12\/national-geographic-traveler-goi-y-21-diem-nen-den-nam-ivivu-1.jpg 665w, https:\/\/cdn3.ivivu.com\/2016\/12\/national-geographic-traveler-goi-y-21-diem-nen-den-nam-ivivu-1-458x305.jpg 458w\" sizes=\"(max-width: 665px) 100vw, 665px\" \/><p id=\"caption-attachment-180829\" class=\"wp-caption-text\">Nh\u1eefng thung l\u0169ng v\u00e0 d\u00f2ng s\u00f4ng ph\u1ee7 \u0111\u1ea7y b\u0103ng \u1edf v\u01b0\u1eddn qu\u1ed1c gia Banff (Canada)<\/p><\/div>\n<p style=\"text-align: justify;\">Danh s\u00e1ch do c\u00e1c chuy\u00ean gia v\u00e0 bi\u00ean t\u1eadp vi\u00ean c\u1ee7a National Geographic Traveler g\u1ee3i \u00fd bao g\u1ed3m ba h\u1ea1ng m\u1ee5c ch\u00ednh l\u00e0 th\u00e0nh ph\u1ed1, thi\u00ean nhi\u00ean v\u00e0 v\u0103n h\u00f3a.<\/p>\n<p style=\"text-align: justify;\">Theo \u0111\u00f3, \u0111\u1ecba \u0111i\u1ec3m c\u00f3 thi\u00ean nhi\u00ean h\u1ea5p d\u1eabn v\u00e0 \u0111\u00e1ng \u0111\u1ec3 kh\u00e1m ph\u00e1 nh\u1ea5t l\u00e0 Kauai \u1edf Hawaii. N\u01a1i n\u00e0y t\u1eebng xu\u1ea5t hi\u1ec7n trong m\u1ed9t s\u1ed1 phim bom t\u1ea5n c\u1ee7a Hollywood, trong \u0111\u00f3 c\u00f3 lo\u1ea1t phim Jurassic.<\/p>\n<p style=\"text-align: justify;\">Kauai c\u00f2n c\u00f3 t\u00ean g\u1ecdi kh\u00e1c l\u00e0 \u201c\u0110\u1ea3o khu v\u01b0\u1eddn\u201d v\u1edbi nh\u1eefng h\u1ebbm n\u00fai h\u00f9ng v\u0129, c\u00e1c v\u00e1ch \u0111\u00e1 ven bi\u1ec3n v\u00e0 nhi\u1ec1u con \u0111\u01b0\u1eddng m\u00f2n \u0111\u1ec3 du kh\u00e1ch thong th\u1ea3 d\u1ea1o b\u1ed9.<\/p>\n<p style=\"text-align: justify;\">Ph\u1ea7n Lan \u0111\u01b0\u1ee3c b\u00ecnh ch\u1ecdn l\u00e0 m\u1ed9t trong nh\u1eefng \u0111i\u1ec3m du l\u1ecbch l\u00fd t\u01b0\u1edfng trong n\u0103m 2017 nh\u1edd kh\u00f4ng gian y\u00ean t\u0129nh, t\u00e1ch bi\u1ec7t v\u1edbi cu\u1ed9c s\u1ed1ng n\u00e1o nhi\u1ec7t, th\u00edch h\u1ee3p v\u1edbi nh\u1eefng du kh\u00e1ch h\u01b0\u1edbng n\u1ed9i.<\/p>\n<div id=\"attachment_180830\" style=\"width: 675px\" class=\"wp-caption aligncenter\"><img loading=\"lazy\" decoding=\"async\" aria-describedby=\"caption-attachment-180830\" class=\"wp-image-180830 size-full\" title=\"M\u1ed9t du kh\u00e1ch \u0111\u1ee9ng tr\u00ean \u0111\u1ec9nh Matorac \u1edf Dinaric Alps, mi\u1ec1n trung Bosnia and Herzegovina, n\u1eb1m d\u1ecdc con \u0111\u01b0\u1eddng Via Dinarica \u1edf Balkan\" src=\"https:\/\/cdn3.ivivu.com\/2016\/12\/national-geographic-traveler-goi-y-21-diem-nen-den-nam-ivivu-2.jpg\" alt=\"M\u1ed9t du kh\u00e1ch \u0111\u1ee9ng tr\u00ean \u0111\u1ec9nh Matorac \u1edf Dinaric Alps, mi\u1ec1n trung Bosnia and Herzegovina, n\u1eb1m d\u1ecdc con \u0111\u01b0\u1eddng Via Dinarica \u1edf Balkan\" width=\"665\" height=\"443\" srcset=\"https:\/\/cdn3.ivivu.com\/2016\/12\/national-geographic-traveler-goi-y-21-diem-nen-den-nam-ivivu-2.jpg 665w, https:\/\/cdn3.ivivu.com\/2016\/12\/national-geographic-traveler-goi-y-21-diem-nen-den-nam-ivivu-2-458x305.jpg 458w\" sizes=\"(max-width: 665px) 100vw, 665px\" \/><p id=\"caption-attachment-180830\" class=\"wp-caption-text\">M\u1ed9t du kh\u00e1ch \u0111\u1ee9ng tr\u00ean \u0111\u1ec9nh Matorac \u1edf Dinaric Alps, mi\u1ec1n trung Bosnia and Herzegovina, n\u1eb1m d\u1ecdc con \u0111\u01b0\u1eddng Via Dinarica \u1edf Balkan<\/p><\/div>\n<p style=\"text-align: justify;\">\u0110\u1ed1i v\u1edbi nh\u1eefng ng\u01b0\u1eddi y\u00eau thi\u00ean nhi\u00ean, c\u00f4ng vi\u00ean qu\u1ed1c gia Baja California t\u1ea1i Mexico l\u00e0 m\u1ed9t \u0111\u1ecba \u0111i\u1ec3m kh\u00f4ng t\u1ed3i \u0111\u1ec3 kh\u00e1m ph\u00e1.<\/p>\n<p style=\"text-align: justify;\">T\u1ea1i \u0111\u00e2y, du kh\u00e1ch tha h\u1ed3 b\u01a1i l\u1ed9i ho\u1eb7c l\u1eb7n d\u01b0\u1edbi bi\u1ec3n \u0111\u1ec3 chi\u00eam ng\u01b0\u1ee1ng v\u1ebb \u0111\u1eb9p c\u1ee7a c\u00e1c sinh v\u1eadt bi\u1ec3n.<\/p>\n<p style=\"text-align: justify;\">N\u1ebfu mu\u1ed1n tr\u1ea3i nghi\u1ec7m cu\u1ed9c s\u1ed1ng t\u1ea1i m\u1ed9t th\u00e0nh ph\u1ed1 nh\u1ed9n nh\u1ecbp \u0111\u1ea7y s\u1eafc m\u00e0u, h\u00e3y ngh\u0129 \u0111\u1ebfn Marrakech (Morocco), n\u01a1i lu\u00f4n c\u00f3 nhi\u1ec1u l\u1ec5 h\u1ed9i, \u00e2m nh\u1ea1c v\u00e0 \u00e1nh s\u00e1ng ng\u1eadp tr\u00e0n.<\/p>\n<p style=\"text-align: justify;\">Hai th\u00e0nh ph\u1ed1 ch\u00e2u \u00c2u v\u00e0o danh s\u00e1ch do National Geographic Traveler b\u00ecnh ch\u1ecdn bao g\u1ed3m Hamburg (\u0110\u1ee9c) v\u00e0 Moscow (Nga), v\u1edbi nhi\u1ec1u n\u00e9t \u0111\u1eb9p v\u0103n h\u00f3a v\u00e0 c\u00f4ng tr\u00ecnh l\u1ecbch s\u1eed \u0111\u00e1ng \u0111\u1ec3 chi\u00eam ng\u01b0\u1ee1ng.<\/p>\n<div id=\"attachment_180831\" style=\"width: 675px\" class=\"wp-caption aligncenter\"><img loading=\"lazy\" decoding=\"async\" aria-describedby=\"caption-attachment-180831\" class=\"wp-image-180831 size-full\" title=\" \u0110\u00e0n c\u00e1 v\u1edbi s\u1ed1 l\u01b0\u1ee3ng kh\u1ed5ng l\u1ed3 b\u01a1i l\u1ed9i t\u1ea1i c\u00f4ng vi\u00ean qu\u1ed1c gia Baja California\" src=\"https:\/\/cdn3.ivivu.com\/2016\/12\/national-geographic-traveler-goi-y-21-diem-nen-den-nam-ivivu-3.jpg\" alt=\" \u0110\u00e0n c\u00e1 v\u1edbi s\u1ed1 l\u01b0\u1ee3ng kh\u1ed5ng l\u1ed3 b\u01a1i l\u1ed9i t\u1ea1i c\u00f4ng vi\u00ean qu\u1ed1c gia Baja California\" width=\"665\" height=\"443\" srcset=\"https:\/\/cdn3.ivivu.com\/2016\/12\/national-geographic-traveler-goi-y-21-diem-nen-den-nam-ivivu-3.jpg 665w, https:\/\/cdn3.ivivu.com\/2016\/12\/national-geographic-traveler-goi-y-21-diem-nen-den-nam-ivivu-3-458x305.jpg 458w\" sizes=\"(max-width: 665px) 100vw, 665px\" \/><p id=\"caption-attachment-180831\" class=\"wp-caption-text\">\u0110\u00e0n c\u00e1 v\u1edbi s\u1ed1 l\u01b0\u1ee3ng kh\u1ed5ng l\u1ed3 b\u01a1i l\u1ed9i t\u1ea1i c\u00f4ng vi\u00ean qu\u1ed1c gia Baja California<\/p><\/div>\n<p style=\"text-align: justify;\">\u0110\u1ed1i v\u1edbi c\u00e1c t\u00edn \u0111\u1ed3 \u1ea9m th\u1ef1c, s\u1ebd th\u1eadt thi\u1ebfu s\u00f3t n\u1ebfu kh\u00f4ng \u0111\u1ebfn Th\u00e0nh \u0110\u00f4 (Trung Qu\u1ed1c), n\u01a1i \u0111\u01b0\u1ee3c m\u1ec7nh danh l\u00e0 th\u1ee7 ph\u1ee7 c\u1ee7a c\u00e1c m\u00f3n \u0103n T\u1ee9 Xuy\u00ean.<\/p>\n<p style=\"text-align: justify;\">M\u1ed9t s\u1ed1 \u0111\u1ecba \u0111i\u1ec3m kh\u00e1c n\u1eb1m trong danh s\u00e1ch c\u00e1c n\u01a1i ph\u1ea3i \u0111\u1ebfn trong n\u0103m 2017 g\u1ed3m Seoul (H\u00e0n Qu\u1ed1c), Anchorage (bang Alaska, Hoa K\u1ef3), Cartagena (Colombia), Papua New Guinea, bang Uri (Th\u1ee5y S\u0129), v\u01b0\u1eddn qu\u1ed1c gia Banff (Canada), v\u01b0\u1eddn s\u01b0\u01a1ng m\u00f9 Ecuador, bang Georgia (Hoa K\u1ef3), Madrid (T\u00e2y Ban Nha), c\u00f4ng vi\u00ean trung t\u00e2m \u1ea4n \u0110\u1ed9, ch\u00e2u Phi, C\u1ed9ng h\u00f2a Malta, \u0111\u1ea3o Guadeloupe, con \u0111\u01b0\u1eddng Via Dinarica \u1edf Balkan.<\/p>\n<p>* C\u00e1c \u0111\u1ecba \u0111i\u1ec3m du l\u1ecbch l\u00fd t\u01b0\u1edfng trong n\u0103m 2017:<\/p>\n<div id=\"attachment_180832\" style=\"width: 675px\" class=\"wp-caption aligncenter\"><img loading=\"lazy\" decoding=\"async\" aria-describedby=\"caption-attachment-180832\" class=\"wp-image-180832 size-full\" title=\"C\u00f4ng vi\u00ean trung t\u00e2m \u1ea4n \u0110\u1ed9\" src=\"https:\/\/cdn3.ivivu.com\/2016\/12\/national-geographic-traveler-goi-y-21-diem-nen-den-nam-ivivu-4.jpg\" alt=\"C\u00f4ng vi\u00ean trung t\u00e2m \u1ea4n \u0110\u1ed9\" width=\"665\" height=\"443\" srcset=\"https:\/\/cdn3.ivivu.com\/2016\/12\/national-geographic-traveler-goi-y-21-diem-nen-den-nam-ivivu-4.jpg 665w, https:\/\/cdn3.ivivu.com\/2016\/12\/national-geographic-traveler-goi-y-21-diem-nen-den-nam-ivivu-4-458x305.jpg 458w\" sizes=\"(max-width: 665px) 100vw, 665px\" \/><p id=\"caption-attachment-180832\" class=\"wp-caption-text\">C\u00f4ng vi\u00ean trung t\u00e2m \u1ea4n \u0110\u1ed9<\/p><\/div>\n<div id=\"attachment_180833\" style=\"width: 675px\" class=\"wp-caption aligncenter\"><img loading=\"lazy\" decoding=\"async\" aria-describedby=\"caption-attachment-180833\" class=\"wp-image-180833 size-full\" title=\"L\u1ec5 h\u1ed9i D\u00e9salpe \u1edf bang Uri, Th\u1ee5y S\u0129 \u0111\u00e1nh d\u1ea5u s\u1ef1 ki\u1ec7n \u0111\u00e0n gia s\u00fac xu\u1ed1ng n\u00fai v\u00e0o m\u00f9a thu h\u1eb1ng n\u0103m\" src=\"https:\/\/cdn3.ivivu.com\/2016\/12\/national-geographic-traveler-goi-y-21-diem-nen-den-nam-ivivu-5.jpg\" alt=\"L\u1ec5 h\u1ed9i D\u00e9salpe \u1edf bang Uri, Th\u1ee5y S\u0129 \u0111\u00e1nh d\u1ea5u s\u1ef1 ki\u1ec7n \u0111\u00e0n gia s\u00fac xu\u1ed1ng n\u00fai v\u00e0o m\u00f9a thu h\u1eb1ng n\u0103m\" width=\"665\" height=\"443\" srcset=\"https:\/\/cdn3.ivivu.com\/2016\/12\/national-geographic-traveler-goi-y-21-diem-nen-den-nam-ivivu-5.jpg 665w, https:\/\/cdn3.ivivu.com\/2016\/12\/national-geographic-traveler-goi-y-21-diem-nen-den-nam-ivivu-5-458x305.jpg 458w\" sizes=\"(max-width: 665px) 100vw, 665px\" \/><p id=\"caption-attachment-180833\" class=\"wp-caption-text\">L\u1ec5 h\u1ed9i D\u00e9salpe \u1edf bang Uri, Th\u1ee5y S\u0129 \u0111\u00e1nh d\u1ea5u s\u1ef1 ki\u1ec7n \u0111\u00e0n gia s\u00fac xu\u1ed1ng n\u00fai v\u00e0o m\u00f9a thu h\u1eb1ng n\u0103m<\/p><\/div>\n<div id=\"attachment_180834\" style=\"width: 675px\" class=\"wp-caption aligncenter\"><img loading=\"lazy\" decoding=\"async\" aria-describedby=\"caption-attachment-180834\" class=\"wp-image-180834 size-full\" title=\"C\u1ed9ng h\u00f2a Malta l\u00e0 \u0111i\u1ec3m \u0111\u1ebfn l\u00fd t\u01b0\u1edfng d\u00e0nh cho du kh\u00e1ch th\u00edch kh\u00e1m ph\u00e1 v\u0103n h\u00f3a\" src=\"https:\/\/cdn3.ivivu.com\/2016\/12\/national-geographic-traveler-goi-y-21-diem-nen-den-nam-ivivu-6.jpg\" alt=\"C\u1ed9ng h\u00f2a Malta l\u00e0 \u0111i\u1ec3m \u0111\u1ebfn l\u00fd t\u01b0\u1edfng d\u00e0nh cho du kh\u00e1ch th\u00edch kh\u00e1m ph\u00e1 v\u0103n h\u00f3a\" width=\"665\" height=\"444\" srcset=\"https:\/\/cdn3.ivivu.com\/2016\/12\/national-geographic-traveler-goi-y-21-diem-nen-den-nam-ivivu-6.jpg 665w, https:\/\/cdn3.ivivu.com\/2016\/12\/national-geographic-traveler-goi-y-21-diem-nen-den-nam-ivivu-6-457x305.jpg 457w\" sizes=\"(max-width: 665px) 100vw, 665px\" \/><p id=\"caption-attachment-180834\" class=\"wp-caption-text\">C\u1ed9ng h\u00f2a Malta l\u00e0 \u0111i\u1ec3m \u0111\u1ebfn l\u00fd t\u01b0\u1edfng d\u00e0nh cho du kh\u00e1ch th\u00edch kh\u00e1m ph\u00e1 v\u0103n h\u00f3a<\/p><\/div>\n<div id=\"attachment_180835\" style=\"width: 675px\" class=\"wp-caption aligncenter\"><img loading=\"lazy\" decoding=\"async\" aria-describedby=\"caption-attachment-180835\" class=\"wp-image-180835 size-full\" title=\"Du kh\u00e1ch \u0111\u1ebfn th\u00e0nh ph\u1ed1 Hamburg (\u0110\u1ee9c) c\u00f3 th\u1ec3 ng\u1eafm ki\u1ebfn tr\u00fac c\u1ed5 t\u1eeb thuy\u1ec1n \u0111i d\u1ecdc theo con k\u00eanh\" src=\"https:\/\/cdn3.ivivu.com\/2016\/12\/national-geographic-traveler-goi-y-21-diem-nen-den-nam-ivivu-7.jpg\" alt=\"Du kh\u00e1ch \u0111\u1ebfn th\u00e0nh ph\u1ed1 Hamburg (\u0110\u1ee9c) c\u00f3 th\u1ec3 ng\u1eafm ki\u1ebfn tr\u00fac c\u1ed5 t\u1eeb thuy\u1ec1n \u0111i d\u1ecdc theo con k\u00eanh\" width=\"665\" height=\"443\" srcset=\"https:\/\/cdn3.ivivu.com\/2016\/12\/national-geographic-traveler-goi-y-21-diem-nen-den-nam-ivivu-7.jpg 665w, https:\/\/cdn3.ivivu.com\/2016\/12\/national-geographic-traveler-goi-y-21-diem-nen-den-nam-ivivu-7-458x305.jpg 458w\" sizes=\"(max-width: 665px) 100vw, 665px\" \/><p id=\"caption-attachment-180835\" class=\"wp-caption-text\">Du kh\u00e1ch \u0111\u1ebfn th\u00e0nh ph\u1ed1 Hamburg (\u0110\u1ee9c) c\u00f3 th\u1ec3 ng\u1eafm ki\u1ebfn tr\u00fac c\u1ed5 t\u1eeb thuy\u1ec1n \u0111i d\u1ecdc theo con k\u00eanh<\/p><\/div>\n<div id=\"attachment_180836\" style=\"width: 675px\" class=\"wp-caption aligncenter\"><img loading=\"lazy\" decoding=\"async\" aria-describedby=\"caption-attachment-180836\" class=\"wp-image-180836 size-full\" title=\"Th\u00e0nh ph\u1ed1 Matxc\u01a1va, Nga v\u1edbi l\u1ed1i ki\u1ebfn tr\u00fac v\u00e0 m\u00e0u s\u1eafc \u0111\u1eb7c tr\u01b0ng\" src=\"https:\/\/cdn3.ivivu.com\/2016\/12\/national-geographic-traveler-goi-y-21-diem-nen-den-nam-ivivu-8.jpg\" alt=\"Th\u00e0nh ph\u1ed1 Matxc\u01a1va, Nga v\u1edbi l\u1ed1i ki\u1ebfn tr\u00fac v\u00e0 m\u00e0u s\u1eafc \u0111\u1eb7c tr\u01b0ng\" width=\"665\" height=\"443\" srcset=\"https:\/\/cdn3.ivivu.com\/2016\/12\/national-geographic-traveler-goi-y-21-diem-nen-den-nam-ivivu-8.jpg 665w, https:\/\/cdn3.ivivu.com\/2016\/12\/national-geographic-traveler-goi-y-21-diem-nen-den-nam-ivivu-8-458x305.jpg 458w\" sizes=\"(max-width: 665px) 100vw, 665px\" \/><p id=\"caption-attachment-180836\" class=\"wp-caption-text\">Th\u00e0nh ph\u1ed1 Matxc\u01a1va, Nga v\u1edbi l\u1ed1i ki\u1ebfn tr\u00fac v\u00e0 m\u00e0u s\u1eafc \u0111\u1eb7c tr\u01b0ng<\/p><\/div>\n<div id=\"attachment_180837\" style=\"width: 675px\" class=\"wp-caption aligncenter\"><img loading=\"lazy\" decoding=\"async\" aria-describedby=\"caption-attachment-180837\" class=\"wp-image-180837 size-full\" title=\"Du kh\u00e1ch ch\u1ee5p \u1ea3nh t\u1ea1i l\u00e0ng Bukchon Hanok (Seoul, H\u00e0n Qu\u1ed1c)\" src=\"https:\/\/cdn3.ivivu.com\/2016\/12\/national-geographic-traveler-goi-y-21-diem-nen-den-nam-ivivu-9.jpg\" alt=\"Du kh\u00e1ch ch\u1ee5p \u1ea3nh t\u1ea1i l\u00e0ng Bukchon Hanok (Seoul, H\u00e0n Qu\u1ed1c)\" width=\"665\" height=\"443\" srcset=\"https:\/\/cdn3.ivivu.com\/2016\/12\/national-geographic-traveler-goi-y-21-diem-nen-den-nam-ivivu-9.jpg 665w, https:\/\/cdn3.ivivu.com\/2016\/12\/national-geographic-traveler-goi-y-21-diem-nen-den-nam-ivivu-9-458x305.jpg 458w\" sizes=\"(max-width: 665px) 100vw, 665px\" \/><p id=\"caption-attachment-180837\" class=\"wp-caption-text\">Du kh\u00e1ch ch\u1ee5p \u1ea3nh t\u1ea1i l\u00e0ng Bukchon Hanok (Seoul, H\u00e0n Qu\u1ed1c)<\/p><\/div>\n<div id=\"attachment_180838\" style=\"width: 675px\" class=\"wp-caption aligncenter\"><img loading=\"lazy\" decoding=\"async\" aria-describedby=\"caption-attachment-180838\" class=\"wp-image-180838 size-full\" title=\"Seoul l\u00e0 th\u00e0nh ph\u1ed1 r\u1ea5t nh\u1ed9n nh\u1ecbp khi v\u1ec1 \u0111\u00eam v\u1edbi nhi\u1ec1u ho\u1ea1t \u0111\u1ed9ng tr\u1ea3i nghi\u1ec7m v\u0103n h\u00f3a, \u1ea9m th\u1ef1c \u0111\u1eb7c s\u1eafc\" src=\"https:\/\/cdn3.ivivu.com\/2016\/12\/national-geographic-traveler-goi-y-21-diem-nen-den-nam-ivivu-10.jpg\" alt=\"Seoul l\u00e0 th\u00e0nh ph\u1ed1 r\u1ea5t nh\u1ed9n nh\u1ecbp khi v\u1ec1 \u0111\u00eam v\u1edbi nhi\u1ec1u ho\u1ea1t \u0111\u1ed9ng tr\u1ea3i nghi\u1ec7m v\u0103n h\u00f3a, \u1ea9m th\u1ef1c \u0111\u1eb7c s\u1eafc\" width=\"665\" height=\"443\" srcset=\"https:\/\/cdn3.ivivu.com\/2016\/12\/national-geographic-traveler-goi-y-21-diem-nen-den-nam-ivivu-10.jpg 665w, https:\/\/cdn3.ivivu.com\/2016\/12\/national-geographic-traveler-goi-y-21-diem-nen-den-nam-ivivu-10-458x305.jpg 458w\" sizes=\"(max-width: 665px) 100vw, 665px\" \/><p id=\"caption-attachment-180838\" class=\"wp-caption-text\">Seoul l\u00e0 th\u00e0nh ph\u1ed1 r\u1ea5t nh\u1ed9n nh\u1ecbp khi v\u1ec1 \u0111\u00eam v\u1edbi nhi\u1ec1u ho\u1ea1t \u0111\u1ed9ng tr\u1ea3i nghi\u1ec7m v\u0103n h\u00f3a, \u1ea9m th\u1ef1c \u0111\u1eb7c s\u1eafc<\/p><\/div>\n<div id=\"attachment_180839\" style=\"width: 675px\" class=\"wp-caption aligncenter\"><img loading=\"lazy\" decoding=\"async\" aria-describedby=\"caption-attachment-180839\" class=\"wp-image-180839 size-full\" title=\"\u0110\u1ea7u b\u1ebfp n\u1ea5u m\u00ec t\u1ea1i th\u00e0nh ph\u1ed1 Th\u00e0nh \u0110\u00f4 (Trung Qu\u1ed1c)\" src=\"https:\/\/cdn3.ivivu.com\/2016\/12\/national-geographic-traveler-goi-y-21-diem-nen-den-nam-ivivu-11.jpg\" alt=\"\u0110\u1ea7u b\u1ebfp n\u1ea5u m\u00ec t\u1ea1i th\u00e0nh ph\u1ed1 Th\u00e0nh \u0110\u00f4 (Trung Qu\u1ed1c)\" width=\"665\" height=\"443\" srcset=\"https:\/\/cdn3.ivivu.com\/2016\/12\/national-geographic-traveler-goi-y-21-diem-nen-den-nam-ivivu-11.jpg 665w, https:\/\/cdn3.ivivu.com\/2016\/12\/national-geographic-traveler-goi-y-21-diem-nen-den-nam-ivivu-11-458x305.jpg 458w\" sizes=\"(max-width: 665px) 100vw, 665px\" \/><p id=\"caption-attachment-180839\" class=\"wp-caption-text\">\u0110\u1ea7u b\u1ebfp n\u1ea5u m\u00ec t\u1ea1i th\u00e0nh ph\u1ed1 Th\u00e0nh \u0110\u00f4 (Trung Qu\u1ed1c)<\/p><\/div>\n<div id=\"attachment_180840\" style=\"width: 675px\" class=\"wp-caption aligncenter\"><img loading=\"lazy\" decoding=\"async\" aria-describedby=\"caption-attachment-180840\" class=\"wp-image-180840 size-full\" title=\"\u0110\u1ea3o Papua New Guinea l\u00e0 n\u01a1i d\u00e0nh cho du kh\u00e1ch mu\u1ed1n t\u00ecm hi\u1ec3u v\u1ec1 cu\u1ed9c s\u1ed1ng c\u1ee7a c\u00e1c b\u1ed9 l\u1ea1c s\u1ed1ng trong nh\u1eefng khu r\u1eebng nhi\u1ec7t \u0111\u1edbi\" src=\"https:\/\/cdn3.ivivu.com\/2016\/12\/national-geographic-traveler-goi-y-21-diem-nen-den-nam-ivivu-12.jpg\" alt=\"\u0110\u1ea3o Papua New Guinea l\u00e0 n\u01a1i d\u00e0nh cho du kh\u00e1ch mu\u1ed1n t\u00ecm hi\u1ec3u v\u1ec1 cu\u1ed9c s\u1ed1ng c\u1ee7a c\u00e1c b\u1ed9 l\u1ea1c s\u1ed1ng trong nh\u1eefng khu r\u1eebng nhi\u1ec7t \u0111\u1edbi\" width=\"665\" height=\"499\" srcset=\"https:\/\/cdn3.ivivu.com\/2016\/12\/national-geographic-traveler-goi-y-21-diem-nen-den-nam-ivivu-12.jpg 665w, https:\/\/cdn3.ivivu.com\/2016\/12\/national-geographic-traveler-goi-y-21-diem-nen-den-nam-ivivu-12-406x305.jpg 406w\" sizes=\"(max-width: 665px) 100vw, 665px\" \/><p id=\"caption-attachment-180840\" class=\"wp-caption-text\">\u0110\u1ea3o Papua New Guinea l\u00e0 n\u01a1i d\u00e0nh cho du kh\u00e1ch mu\u1ed1n t\u00ecm hi\u1ec3u v\u1ec1 cu\u1ed9c s\u1ed1ng c\u1ee7a c\u00e1c b\u1ed9 l\u1ea1c s\u1ed1ng trong nh\u1eefng khu r\u1eebng nhi\u1ec7t \u0111\u1edbi<\/p><\/div>\n<div id=\"attachment_180841\" style=\"width: 675px\" class=\"wp-caption aligncenter\"><img loading=\"lazy\" decoding=\"async\" aria-describedby=\"caption-attachment-180841\" class=\"wp-image-180841 size-full\" title=\"M\u1ed9t khu tri\u1ec3n l\u00e3m t\u1ea1i th\u00e0nh ph\u1ed1 Madrid (T\u00e2y Ban Nha)\" src=\"https:\/\/cdn3.ivivu.com\/2016\/12\/national-geographic-traveler-goi-y-21-diem-nen-den-nam-ivivu-13.jpg\" alt=\"M\u1ed9t khu tri\u1ec3n l\u00e3m t\u1ea1i th\u00e0nh ph\u1ed1 Madrid (T\u00e2y Ban Nha)\" width=\"665\" height=\"440\" srcset=\"https:\/\/cdn3.ivivu.com\/2016\/12\/national-geographic-traveler-goi-y-21-diem-nen-den-nam-ivivu-13.jpg 665w, https:\/\/cdn3.ivivu.com\/2016\/12\/national-geographic-traveler-goi-y-21-diem-nen-den-nam-ivivu-13-461x305.jpg 461w\" sizes=\"(max-width: 665px) 100vw, 665px\" \/><p id=\"caption-attachment-180841\" class=\"wp-caption-text\">M\u1ed9t khu tri\u1ec3n l\u00e3m t\u1ea1i th\u00e0nh ph\u1ed1 Madrid (T\u00e2y Ban Nha)<\/p><\/div>\n<h4 style=\"text-align: center;\"><div class=\"ltt-contentbox white\"><\/span>B\u1ea0N C\u1ea6N M\u1ed8T N\u01a0I L\u01afU TR\u00da V\u1edaI GI\u00c1 H\u1ee2P T\u00daI TI\u1ec0N TRONG H\u00c0NH TR\u00ccNH DU L\u1ecaCH, \u0110\u1eeaNG NG\u1ea6N NG\u1ea0I G\u1eccI NGAY T\u1edaI S\u1ed0 1900 1870 \u0110\u1ec2 \u0110\u01af\u1ee2C T\u01af V\u1ea4N NH\u00c9<\/div><\/h4>\n<p style=\"text-align: right;\"><strong>Theo B\u00ecnh Minh\/Tu\u1ed5i Tr\u1ebb<\/strong><\/p>\n<div class=\"ltt-contentbox white\"><\/span><\/p>\n<p><strong>Xem th\u00eam c\u00e1c b\u00e0i vi\u1ebft:<\/strong><\/p>\n<p><a href=\"https:\/\/www.ivivu.com\/blog\/2016\/11\/hanh-trinh-theo-chan-cac-nha-tham-hiem-vi-dai\/\" target=\"_blank\"><strong>H\u00e0nh tr\u00ecnh theo ch\u00e2n c\u00e1c nh\u00e0 th\u00e1m hi\u1ec3m v\u0129 \u0111\u1ea1i<\/strong><\/a><\/p>\n<p><a href=\"https:\/\/www.ivivu.com\/blog\/2016\/11\/17-dia-danh-hoang-da-dep-nhat-the-gioi-cho-ban-den\/\" target=\"_blank\"><strong>17 \u0111\u1ecba danh hoang d\u00e3 \u0111\u1eb9p nh\u1ea5t th\u1ebf gi\u1edbi ch\u1edd b\u1ea1n \u0111\u1ebfn<\/strong><\/a><\/p>\n<p><a href=\"https:\/\/www.ivivu.com\/blog\/2016\/11\/7-khach-san-doc-dao-nhat-the-gioi\/\" target=\"_blank\"><strong>7 kh\u00e1ch s\u1ea1n \u0111\u1ed9c \u0111\u00e1o nh\u1ea5t th\u1ebf gi\u1edbi<\/strong><\/a><\/p>\n<p><\/div>\n<h3><div class=\"ltt-contentbox white\"><\/span>Click \u0111\u1eb7t ngay\u00a0<a href=\"https:\/\/www.ivivu.com\/?utm_source=blog_ivivu&amp;utm_medium=post_link&amp;utm_campaign=internal\" target=\"_blank\">Kh\u00e1ch s\u1ea1n kh\u1eafp Vi\u1ec7t Nam v\u00e0 to\u00e0n th\u1ebf gi\u1edbi<\/a>\u00a0gi\u00e1 t\u1ed1t nh\u1ea5t ch\u1ec9 c\u00f3 t\u1ea1i iVIVU.com<\/div><\/h3>\n<p><strong>***<\/strong><\/p>\n<p><strong>Ngu\u1ed3n: <a title=\"C\u1ea9m nang du l\u1ecbch iVIVU.com\" href=\"https:\/\/www.ivivu.com\/blog\/\" target=\"_blank\">C\u1ea9m nang du l\u1ecbch iVIVU.com<\/a><\/strong><\/p>\n","protected":false},"excerpt":{"rendered":"<p>Trang National Geographic Traveler v\u1eeba c\u00f4ng b\u1ed1 danh s\u00e1ch 21 \u0111\u1ecba \u0111i\u1ec3m m\u00e0 b\u1ea5t c\u1ee9 ng\u01b0\u1eddi y\u00eau du l\u1ecbch n\u00e0o c\u0169ng n\u00ean gh\u00e9 th\u0103m trong n\u0103m 2017.<\/p>\n","protected":false},"author":38,"featured_media":180829,"comment_status":"closed","ping_status":"open","sticky":false,"template":"","format":"standard","meta":{"_acf_changed":false,"footnotes":""},"categories":[231,795,14742],"tags":[16,156,25400,452,25401,25399],"acf":[],"yoast_head":"<!-- This site is optimized with the Yoast SEO Premium plugin v22.6 (Yoast SEO v22.6) - https:\/\/yoast.com\/wordpress\/plugins\/seo\/ -->\n<title>National Geographic Traveler g\u1ee3i \u00fd 21 \u0111i\u1ec3m \u0111\u1ebfn n\u00ean gh\u00e9 v\u00e0o n\u0103m 2017 - iVIVU.com<\/title>\n<meta name=\"description\" content=\"Trang National Geographic Traveler v\u1eeba c\u00f4ng b\u1ed1 danh s\u00e1ch 21 \u0111i\u1ec3m \u0111\u1ebfn m\u00e0 b\u1ea5t c\u1ee9 ng\u01b0\u1eddi y\u00eau du l\u1ecbch n\u00e0o c\u0169ng n\u00ean gh\u00e9 th\u0103m trong n\u0103m 2017.\" \/>\n<meta name=\"robots\" content=\"index, follow, max-snippet:-1, max-image-preview:large, max-video-preview:-1\" \/>\n<link rel=\"canonical\" href=\"https:\/\/www.ivivu.com\/blog\/2016\/12\/national-geographic-traveler-goi-y-21-diem-nen-den-nam-2017\/\" \/>\n<meta name=\"twitter:label1\" content=\"\u0110\u01b0\u1ee3c vi\u1ebft b\u1edfi\" \/>\n\t<meta name=\"twitter:data1\" content=\"Ng\u00e2n Thi\u1ec1u Kim\" \/>\n\t<meta name=\"twitter:label2\" content=\"\u01af\u1edbc t\u00ednh th\u1eddi gian \u0111\u1ecdc\" \/>\n\t<meta name=\"twitter:data2\" content=\"6 ph\u00fat\" \/>\n<script type=\"application\/ld+json\" class=\"yoast-schema-graph\">{\"@context\":\"https:\/\/schema.org\",\"@graph\":[{\"@type\":\"Article\",\"@id\":\"https:\/\/www.ivivu.com\/blog\/2016\/12\/national-geographic-traveler-goi-y-21-diem-nen-den-nam-2017\/#article\",\"isPartOf\":{\"@id\":\"https:\/\/www.ivivu.com\/blog\/2016\/12\/national-geographic-traveler-goi-y-21-diem-nen-den-nam-2017\/\"},\"author\":{\"name\":\"Ng\u00e2n Thi\u1ec1u Kim\",\"@id\":\"https:\/\/www.ivivu.com\/blog\/#\/schema\/person\/f6e706f46fad4e85f2e1c3ec41136369\"},\"headline\":\"National Geographic Traveler g\u1ee3i \u00fd 21 \u0111i\u1ec3m n\u00ean \u0111\u1ebfn n\u0103m 2017\",\"datePublished\":\"2016-12-11T04:38:43+00:00\",\"dateModified\":\"2016-12-09T09:41:19+00:00\",\"mainEntityOfPage\":{\"@id\":\"https:\/\/www.ivivu.com\/blog\/2016\/12\/national-geographic-traveler-goi-y-21-diem-nen-den-nam-2017\/\"},\"wordCount\":1169,\"publisher\":{\"@id\":\"https:\/\/www.ivivu.com\/blog\/#organization\"},\"image\":{\"@id\":\"https:\/\/www.ivivu.com\/blog\/2016\/12\/national-geographic-traveler-goi-y-21-diem-nen-den-nam-2017\/#primaryimage\"},\"thumbnailUrl\":\"https:\/\/cdn3.ivivu.com\/2016\/12\/national-geographic-traveler-goi-y-21-diem-nen-den-nam-ivivu-1.jpg\",\"keywords\":[\"du l\u1ecbch\",\"du l\u1ecbch th\u1ebf gi\u1edbi\",\"\u0111\u1ecba \u0111i\u1ec3m du l\u1ecbch 2017\",\"\u0111i\u1ec3m \u0111\u1ebfn\",\"\u0111i\u1ec3m \u0111\u1ebfn du l\u1ecbch l\u00fd t\u01b0\u1edfng\",\"\u0111i\u1ec3m \u0111\u1ebfn n\u0103m 2017\"],\"articleSection\":[\"DU L\u1ecaCH TH\u1ebe GI\u1edaI\",\"\u0110i\u1ec3m \u0111\u1ebfn\",\"N\u1ed5i B\u1eadt 2\"],\"inLanguage\":\"vi\"},{\"@type\":\"WebPage\",\"@id\":\"https:\/\/www.ivivu.com\/blog\/2016\/12\/national-geographic-traveler-goi-y-21-diem-nen-den-nam-2017\/\",\"url\":\"https:\/\/www.ivivu.com\/blog\/2016\/12\/national-geographic-traveler-goi-y-21-diem-nen-den-nam-2017\/\",\"name\":\"National Geographic Traveler g\u1ee3i \u00fd 21 \u0111i\u1ec3m \u0111\u1ebfn n\u00ean gh\u00e9 v\u00e0o n\u0103m 2017 - iVIVU.com\",\"isPartOf\":{\"@id\":\"https:\/\/www.ivivu.com\/blog\/#website\"},\"primaryImageOfPage\":{\"@id\":\"https:\/\/www.ivivu.com\/blog\/2016\/12\/national-geographic-traveler-goi-y-21-diem-nen-den-nam-2017\/#primaryimage\"},\"image\":{\"@id\":\"https:\/\/www.ivivu.com\/blog\/2016\/12\/national-geographic-traveler-goi-y-21-diem-nen-den-nam-2017\/#primaryimage\"},\"thumbnailUrl\":\"https:\/\/cdn3.ivivu.com\/2016\/12\/national-geographic-traveler-goi-y-21-diem-nen-den-nam-ivivu-1.jpg\",\"datePublished\":\"2016-12-11T04:38:43+00:00\",\"dateModified\":\"2016-12-09T09:41:19+00:00\",\"description\":\"Trang National Geographic Traveler v\u1eeba c\u00f4ng b\u1ed1 danh s\u00e1ch 21 \u0111i\u1ec3m \u0111\u1ebfn m\u00e0 b\u1ea5t c\u1ee9 ng\u01b0\u1eddi y\u00eau du l\u1ecbch n\u00e0o c\u0169ng n\u00ean gh\u00e9 th\u0103m trong n\u0103m 2017.\",\"breadcrumb\":{\"@id\":\"https:\/\/www.ivivu.com\/blog\/2016\/12\/national-geographic-traveler-goi-y-21-diem-nen-den-nam-2017\/#breadcrumb\"},\"inLanguage\":\"vi\",\"potentialAction\":[{\"@type\":\"ReadAction\",\"target\":[\"https:\/\/www.ivivu.com\/blog\/2016\/12\/national-geographic-traveler-goi-y-21-diem-nen-den-nam-2017\/\"]}]},{\"@type\":\"ImageObject\",\"inLanguage\":\"vi\",\"@id\":\"https:\/\/www.ivivu.com\/blog\/2016\/12\/national-geographic-traveler-goi-y-21-diem-nen-den-nam-2017\/#primaryimage\",\"url\":\"https:\/\/cdn3.ivivu.com\/2016\/12\/national-geographic-traveler-goi-y-21-diem-nen-den-nam-ivivu-1.jpg\",\"contentUrl\":\"https:\/\/cdn3.ivivu.com\/2016\/12\/national-geographic-traveler-goi-y-21-diem-nen-den-nam-ivivu-1.jpg\",\"width\":665,\"height\":443},{\"@type\":\"BreadcrumbList\",\"@id\":\"https:\/\/www.ivivu.com\/blog\/2016\/12\/national-geographic-traveler-goi-y-21-diem-nen-den-nam-2017\/#breadcrumb\",\"itemListElement\":[{\"@type\":\"ListItem\",\"position\":1,\"name\":\"Home\",\"item\":\"https:\/\/www.ivivu.com\/blog\/\"},{\"@type\":\"ListItem\",\"position\":2,\"name\":\"National Geographic Traveler g\u1ee3i \u00fd 21 \u0111i\u1ec3m n\u00ean \u0111\u1ebfn n\u0103m 2017\"}]},{\"@type\":\"WebSite\",\"@id\":\"https:\/\/www.ivivu.com\/blog\/#website\",\"url\":\"https:\/\/www.ivivu.com\/blog\/\",\"name\":\"C\u1ea9m nang du l\u1ecbch\",\"description\":\"\",\"publisher\":{\"@id\":\"https:\/\/www.ivivu.com\/blog\/#organization\"},\"potentialAction\":[{\"@type\":\"SearchAction\",\"target\":{\"@type\":\"EntryPoint\",\"urlTemplate\":\"https:\/\/www.ivivu.com\/blog\/?s={search_term_string}\"},\"query-input\":\"required name=search_term_string\"}],\"inLanguage\":\"vi\"},{\"@type\":\"Organization\",\"@id\":\"https:\/\/www.ivivu.com\/blog\/#organization\",\"name\":\"iVIVU.com\",\"url\":\"https:\/\/www.ivivu.com\/blog\/\",\"logo\":{\"@type\":\"ImageObject\",\"inLanguage\":\"vi\",\"@id\":\"https:\/\/www.ivivu.com\/blog\/#\/schema\/logo\/image\/\",\"url\":\"https:\/\/cdn3.ivivu.com\/2024\/01\/ivivu_no_slogan.png\",\"contentUrl\":\"https:\/\/cdn3.ivivu.com\/2024\/01\/ivivu_no_slogan.png\",\"width\":788,\"height\":565,\"caption\":\"iVIVU.com\"},\"image\":{\"@id\":\"https:\/\/www.ivivu.com\/blog\/#\/schema\/logo\/image\/\"},\"sameAs\":[\"https:\/\/www.facebook.com\/iVIVU\"]},{\"@type\":\"Person\",\"@id\":\"https:\/\/www.ivivu.com\/blog\/#\/schema\/person\/f6e706f46fad4e85f2e1c3ec41136369\",\"name\":\"Ng\u00e2n Thi\u1ec1u Kim\",\"sameAs\":[\"https:\/\/www.ivivu.com\/blog\/\"],\"url\":\"https:\/\/www.ivivu.com\/blog\/author\/ngan-thieu\/\"}]}<\/script>\n<!-- \/ Yoast SEO Premium plugin. -->","yoast_head_json":{"title":"National Geographic Traveler g\u1ee3i \u00fd 21 \u0111i\u1ec3m \u0111\u1ebfn n\u00ean gh\u00e9 v\u00e0o n\u0103m 2017 - iVIVU.com","description":"Trang National Geographic Traveler v\u1eeba c\u00f4ng b\u1ed1 danh s\u00e1ch 21 \u0111i\u1ec3m \u0111\u1ebfn m\u00e0 b\u1ea5t c\u1ee9 ng\u01b0\u1eddi y\u00eau du l\u1ecbch n\u00e0o c\u0169ng n\u00ean gh\u00e9 th\u0103m trong n\u0103m 2017.","robots":{"index":"index","follow":"follow","max-snippet":"max-snippet:-1","max-image-preview":"max-image-preview:large","max-video-preview":"max-video-preview:-1"},"canonical":"https:\/\/www.ivivu.com\/blog\/2016\/12\/national-geographic-traveler-goi-y-21-diem-nen-den-nam-2017\/","twitter_misc":{"\u0110\u01b0\u1ee3c vi\u1ebft b\u1edfi":"Ng\u00e2n Thi\u1ec1u Kim","\u01af\u1edbc t\u00ednh th\u1eddi gian \u0111\u1ecdc":"6 ph\u00fat"},"schema":{"@context":"https:\/\/schema.org","@graph":[{"@type":"Article","@id":"https:\/\/www.ivivu.com\/blog\/2016\/12\/national-geographic-traveler-goi-y-21-diem-nen-den-nam-2017\/#article","isPartOf":{"@id":"https:\/\/www.ivivu.com\/blog\/2016\/12\/national-geographic-traveler-goi-y-21-diem-nen-den-nam-2017\/"},"author":{"name":"Ng\u00e2n Thi\u1ec1u Kim","@id":"https:\/\/www.ivivu.com\/blog\/#\/schema\/person\/f6e706f46fad4e85f2e1c3ec41136369"},"headline":"National Geographic Traveler g\u1ee3i \u00fd 21 \u0111i\u1ec3m n\u00ean \u0111\u1ebfn n\u0103m 2017","datePublished":"2016-12-11T04:38:43+00:00","dateModified":"2016-12-09T09:41:19+00:00","mainEntityOfPage":{"@id":"https:\/\/www.ivivu.com\/blog\/2016\/12\/national-geographic-traveler-goi-y-21-diem-nen-den-nam-2017\/"},"wordCount":1169,"publisher":{"@id":"https:\/\/www.ivivu.com\/blog\/#organization"},"image":{"@id":"https:\/\/www.ivivu.com\/blog\/2016\/12\/national-geographic-traveler-goi-y-21-diem-nen-den-nam-2017\/#primaryimage"},"thumbnailUrl":"https:\/\/cdn3.ivivu.com\/2016\/12\/national-geographic-traveler-goi-y-21-diem-nen-den-nam-ivivu-1.jpg","keywords":["du l\u1ecbch","du l\u1ecbch th\u1ebf gi\u1edbi","\u0111\u1ecba \u0111i\u1ec3m du l\u1ecbch 2017","\u0111i\u1ec3m \u0111\u1ebfn","\u0111i\u1ec3m \u0111\u1ebfn du l\u1ecbch l\u00fd t\u01b0\u1edfng","\u0111i\u1ec3m \u0111\u1ebfn n\u0103m 2017"],"articleSection":["DU L\u1ecaCH TH\u1ebe GI\u1edaI","\u0110i\u1ec3m \u0111\u1ebfn","N\u1ed5i B\u1eadt 2"],"inLanguage":"vi"},{"@type":"WebPage","@id":"https:\/\/www.ivivu.com\/blog\/2016\/12\/national-geographic-traveler-goi-y-21-diem-nen-den-nam-2017\/","url":"https:\/\/www.ivivu.com\/blog\/2016\/12\/national-geographic-traveler-goi-y-21-diem-nen-den-nam-2017\/","name":"National Geographic Traveler g\u1ee3i \u00fd 21 \u0111i\u1ec3m \u0111\u1ebfn n\u00ean gh\u00e9 v\u00e0o n\u0103m 2017 - iVIVU.com","isPartOf":{"@id":"https:\/\/www.ivivu.com\/blog\/#website"},"primaryImageOfPage":{"@id":"https:\/\/www.ivivu.com\/blog\/2016\/12\/national-geographic-traveler-goi-y-21-diem-nen-den-nam-2017\/#primaryimage"},"image":{"@id":"https:\/\/www.ivivu.com\/blog\/2016\/12\/national-geographic-traveler-goi-y-21-diem-nen-den-nam-2017\/#primaryimage"},"thumbnailUrl":"https:\/\/cdn3.ivivu.com\/2016\/12\/national-geographic-traveler-goi-y-21-diem-nen-den-nam-ivivu-1.jpg","datePublished":"2016-12-11T04:38:43+00:00","dateModified":"2016-12-09T09:41:19+00:00","description":"Trang National Geographic Traveler v\u1eeba c\u00f4ng b\u1ed1 danh s\u00e1ch 21 \u0111i\u1ec3m \u0111\u1ebfn m\u00e0 b\u1ea5t c\u1ee9 ng\u01b0\u1eddi y\u00eau du l\u1ecbch n\u00e0o c\u0169ng n\u00ean gh\u00e9 th\u0103m trong n\u0103m 2017.","breadcrumb":{"@id":"https:\/\/www.ivivu.com\/blog\/2016\/12\/national-geographic-traveler-goi-y-21-diem-nen-den-nam-2017\/#breadcrumb"},"inLanguage":"vi","potentialAction":[{"@type":"ReadAction","target":["https:\/\/www.ivivu.com\/blog\/2016\/12\/national-geographic-traveler-goi-y-21-diem-nen-den-nam-2017\/"]}]},{"@type":"ImageObject","inLanguage":"vi","@id":"https:\/\/www.ivivu.com\/blog\/2016\/12\/national-geographic-traveler-goi-y-21-diem-nen-den-nam-2017\/#primaryimage","url":"https:\/\/cdn3.ivivu.com\/2016\/12\/national-geographic-traveler-goi-y-21-diem-nen-den-nam-ivivu-1.jpg","contentUrl":"https:\/\/cdn3.ivivu.com\/2016\/12\/national-geographic-traveler-goi-y-21-diem-nen-den-nam-ivivu-1.jpg","width":665,"height":443},{"@type":"BreadcrumbList","@id":"https:\/\/www.ivivu.com\/blog\/2016\/12\/national-geographic-traveler-goi-y-21-diem-nen-den-nam-2017\/#breadcrumb","itemListElement":[{"@type":"ListItem","position":1,"name":"Home","item":"https:\/\/www.ivivu.com\/blog\/"},{"@type":"ListItem","position":2,"name":"National Geographic Traveler g\u1ee3i \u00fd 21 \u0111i\u1ec3m n\u00ean \u0111\u1ebfn n\u0103m 2017"}]},{"@type":"WebSite","@id":"https:\/\/www.ivivu.com\/blog\/#website","url":"https:\/\/www.ivivu.com\/blog\/","name":"C\u1ea9m nang du l\u1ecbch","description":"","publisher":{"@id":"https:\/\/www.ivivu.com\/blog\/#organization"},"potentialAction":[{"@type":"SearchAction","target":{"@type":"EntryPoint","urlTemplate":"https:\/\/www.ivivu.com\/blog\/?s={search_term_string}"},"query-input":"required name=search_term_string"}],"inLanguage":"vi"},{"@type":"Organization","@id":"https:\/\/www.ivivu.com\/blog\/#organization","name":"iVIVU.com","url":"https:\/\/www.ivivu.com\/blog\/","logo":{"@type":"ImageObject","inLanguage":"vi","@id":"https:\/\/www.ivivu.com\/blog\/#\/schema\/logo\/image\/","url":"https:\/\/cdn3.ivivu.com\/2024\/01\/ivivu_no_slogan.png","contentUrl":"https:\/\/cdn3.ivivu.com\/2024\/01\/ivivu_no_slogan.png","width":788,"height":565,"caption":"iVIVU.com"},"image":{"@id":"https:\/\/www.ivivu.com\/blog\/#\/schema\/logo\/image\/"},"sameAs":["https:\/\/www.facebook.com\/iVIVU"]},{"@type":"Person","@id":"https:\/\/www.ivivu.com\/blog\/#\/schema\/person\/f6e706f46fad4e85f2e1c3ec41136369","name":"Ng\u00e2n Thi\u1ec1u Kim","sameAs":["https:\/\/www.ivivu.com\/blog\/"],"url":"https:\/\/www.ivivu.com\/blog\/author\/ngan-thieu\/"}]}},"_links":{"self":[{"href":"https:\/\/www.ivivu.com\/blog\/wp-json\/wp\/v2\/posts\/180828"}],"collection":[{"href":"https:\/\/www.ivivu.com\/blog\/wp-json\/wp\/v2\/posts"}],"about":[{"href":"https:\/\/www.ivivu.com\/blog\/wp-json\/wp\/v2\/types\/post"}],"author":[{"embeddable":true,"href":"https:\/\/www.ivivu.com\/blog\/wp-json\/wp\/v2\/users\/38"}],"replies":[{"embeddable":true,"href":"https:\/\/www.ivivu.com\/blog\/wp-json\/wp\/v2\/comments?post=180828"}],"version-history":[{"count":3,"href":"https:\/\/www.ivivu.com\/blog\/wp-json\/wp\/v2\/posts\/180828\/revisions"}],"predecessor-version":[{"id":181158,"href":"https:\/\/www.ivivu.com\/blog\/wp-json\/wp\/v2\/posts\/180828\/revisions\/181158"}],"wp:featuredmedia":[{"embeddable":true,"href":"https:\/\/www.ivivu.com\/blog\/wp-json\/wp\/v2\/media\/180829"}],"wp:attachment":[{"href":"https:\/\/www.ivivu.com\/blog\/wp-json\/wp\/v2\/media?parent=180828"}],"wp:term":[{"taxonomy":"category","embeddable":true,"href":"https:\/\/www.ivivu.com\/blog\/wp-json\/wp\/v2\/categories?post=180828"},{"taxonomy":"post_tag","embeddable":true,"href":"https:\/\/www.ivivu.com\/blog\/wp-json\/wp\/v2\/tags?post=180828"}],"curies":[{"name":"wp","href":"https:\/\/api.w.org\/{rel}","templated":true}]}}