{"id":184088,"date":"2016-12-28T16:18:47","date_gmt":"2016-12-28T09:18:47","guid":{"rendered":"https:\/\/www.ivivu.com\/blog\/?p=184088"},"modified":"2016-12-28T08:19:52","modified_gmt":"2016-12-28T01:19:52","slug":"hay-di-phuot-nhu-2-hot-boy-nguoi-y-de-thay-viet-nam-cua-chung-minh-dep-nhu-the-nao","status":"publish","type":"post","link":"https:\/\/www.ivivu.com\/blog\/2016\/12\/hay-di-phuot-nhu-2-hot-boy-nguoi-y-de-thay-viet-nam-cua-chung-minh-dep-nhu-the-nao\/","title":{"rendered":"H\u00e3y \u0111i ph\u01b0\u1ee3t nh\u01b0 2 hot boy ng\u01b0\u1eddi \u00dd \u0111\u1ec3 th\u1ea5y Vi\u1ec7t Nam c\u1ee7a ch\u00fang m\u00ecnh \u0111\u1eb9p nh\u01b0 th\u1ebf n\u00e0o!"},"content":{"rendered":"<p style=\"text-align: justify;\"><em><strong>Khi \u0111\u1eb7t ch\u00e2n \u0111\u1ebfn Vi\u1ec7t Nam, Luca v\u00e0 Alessandro \u0111\u00e3 \u0111\u1ebfn nhi\u1ec1u \u0111\u1ecba \u0111i\u1ec3m du l\u1ecbch n\u1ed5i ti\u1ebfng tr\u1ea3i d\u00e0i c\u1ea3 ba mi\u1ec1n B\u1eafc &#8211; Trung &#8211; Nam nh\u01b0 Sapa, H\u00e0 N\u1ed9i, v\u1ecbnh H\u1ea1 Long, Hu\u1ebf, H\u1ed9i An, Phan Thi\u1ebft, S\u00e0i G\u00f2n&#8230; \u0110\u1ebfn \u0111\u00e2u, hai ch\u00e0ng trai c\u0169ng ghi ch\u00e9p r\u1ea5t c\u1ea9n th\u1eadn v\u00e0 ch\u1ee5p nh\u1eefng b\u1ee9c \u1ea3nh \u0111\u1eb9p nh\u01b0 trong t\u1ea1p ch\u00ed.<\/strong><\/em><!--more--><\/p>\n<h2 style=\"text-align: left;\">H\u00e3y \u0111i ph\u01b0\u1ee3t nh\u01b0 2 hot boy ng\u01b0\u1eddi \u00dd \u0111\u1ec3 th\u1ea5y Vi\u1ec7t Nam c\u1ee7a ch\u00fang m\u00ecnh \u0111\u1eb9p nh\u01b0 th\u1ebf n\u00e0o!<\/h2>\n<p style=\"text-align: justify;\">Ch\u1eb3ng bi\u1ebft t\u1eeb l\u00fac n\u00e0o m\u00e0 h\u00e0nh tr\u00ecnh ph\u01b0\u1ee3t v\u00f2ng quanh th\u1ebf gi\u1edbi c\u1ee7a Luca v\u00e0 Alessandro (c\u00f9ng \u0111\u1ebfn t\u1eeb \u00dd) l\u1ea1i \u0111\u01b0\u1ee3c c\u1ed9ng \u0111\u1ed3ng m\u1ea1ng v\u00e0 nh\u1eefng ng\u01b0\u1eddi y\u00eau du l\u1ecbch t\u1eeb kh\u1eafp n\u01a1i ch\u00fa \u00fd \u0111\u1ebfn th\u1ebf.<\/p>\n<p style=\"text-align: justify;\">Chuy\u1ebfn phi\u00eau l\u01b0u kh\u00e1m ph\u00e1 nh\u1eefng \u0111i\u1ec1u k\u1ef3 th\u00fa \u1edf mi\u1ec1n \u0111\u1ea5t l\u1ea1 c\u1ee7a h\u1ecd kh\u00f4ng c\u00f3 th\u1eddi gian b\u1eaft \u0111\u1ea7u c\u1ee5 th\u1ec3 c\u0169ng kh\u00f4ng bi\u1ebft khi n\u00e0o s\u1ebd k\u1ebft th\u00fac. Luca v\u00e0 Alessandro \u0111\u00e3 l\u1ea7n l\u01b0\u1ee3t \u0111\u1eb7t ch\u00e2n qua c\u00e1c qu\u1ed1c gia nh\u01b0 \u00dd, Canada, Ph\u00e1p, M\u1ef9, Th\u00e1i Lan, Campuchia v\u00e0 Vi\u1ec7t Nam.<\/p>\n<div id=\"attachment_184089\" style=\"width: 660px\" class=\"wp-caption aligncenter\"><img loading=\"lazy\" decoding=\"async\" aria-describedby=\"caption-attachment-184089\" class=\"wp-image-184089 size-full\" title=\"B\u1eaft \u0111\u1ea7u t\u1eeb th\u00e0nh ph\u1ed1 qu\u00ea h\u01b0\u01a1ng, hai ch\u00e0ng trai \u0111\u00e3 x\u00e1ch ba l\u00f4 l\u00ean v\u00e0 du l\u1ecbch kh\u1eafp th\u1ebf gi\u1edbi. H\u1ecd d\u00e0nh nhi\u1ec1u ng\u00e0y cho m\u1ed9t \u0111\u1ecba \u0111i\u1ec3m v\u00e0 kh\u00f4ng b\u1ecf l\u1ee1 c\u01a1 h\u1ed9i n\u00e0o \u0111\u1ec3 tr\u1ea3i nghi\u1ec7m v\u00f9ng \u0111\u1ea5t \u0111\u00f3.\" src=\"https:\/\/cdn3.ivivu.com\/2016\/12\/hay-di-phuot-nhu-2-hot-boy-nguoi-y-de-thay-viet-nam-cua-chung-minh-dep-nhu-the-nao-ivivu-1.jpg\" alt=\"B\u1eaft \u0111\u1ea7u t\u1eeb th\u00e0nh ph\u1ed1 qu\u00ea h\u01b0\u01a1ng, hai ch\u00e0ng trai \u0111\u00e3 x\u00e1ch ba l\u00f4 l\u00ean v\u00e0 du l\u1ecbch kh\u1eafp th\u1ebf gi\u1edbi. H\u1ecd d\u00e0nh nhi\u1ec1u ng\u00e0y cho m\u1ed9t \u0111\u1ecba \u0111i\u1ec3m v\u00e0 kh\u00f4ng b\u1ecf l\u1ee1 c\u01a1 h\u1ed9i n\u00e0o \u0111\u1ec3 tr\u1ea3i nghi\u1ec7m v\u00f9ng \u0111\u1ea5t \u0111\u00f3.\" width=\"650\" height=\"650\" srcset=\"https:\/\/cdn3.ivivu.com\/2016\/12\/hay-di-phuot-nhu-2-hot-boy-nguoi-y-de-thay-viet-nam-cua-chung-minh-dep-nhu-the-nao-ivivu-1.jpg 650w, https:\/\/cdn3.ivivu.com\/2016\/12\/hay-di-phuot-nhu-2-hot-boy-nguoi-y-de-thay-viet-nam-cua-chung-minh-dep-nhu-the-nao-ivivu-1-305x305.jpg 305w, https:\/\/cdn3.ivivu.com\/2016\/12\/hay-di-phuot-nhu-2-hot-boy-nguoi-y-de-thay-viet-nam-cua-chung-minh-dep-nhu-the-nao-ivivu-1-75x75.jpg 75w\" sizes=\"(max-width: 650px) 100vw, 650px\" \/><p id=\"caption-attachment-184089\" class=\"wp-caption-text\">B\u1eaft \u0111\u1ea7u t\u1eeb th\u00e0nh ph\u1ed1 qu\u00ea h\u01b0\u01a1ng, hai ch\u00e0ng trai \u0111\u00e3 x\u00e1ch ba l\u00f4 l\u00ean v\u00e0 du l\u1ecbch kh\u1eafp th\u1ebf gi\u1edbi. H\u1ecd d\u00e0nh nhi\u1ec1u ng\u00e0y cho m\u1ed9t \u0111\u1ecba \u0111i\u1ec3m v\u00e0 kh\u00f4ng b\u1ecf l\u1ee1 c\u01a1 h\u1ed9i n\u00e0o \u0111\u1ec3 tr\u1ea3i nghi\u1ec7m v\u00f9ng \u0111\u1ea5t \u0111\u00f3.<\/p><\/div>\n<p style=\"text-align: justify;\">T\u1ea1i Vi\u1ec7t Nam, Luca v\u00e0 Alessandro \u0111\u00e3 \u0111\u1ebfn nhi\u1ec1u \u0111\u1ecba \u0111i\u1ec3m du l\u1ecbch n\u1ed5i ti\u1ebfng tr\u1ea3i d\u00e0i c\u1ea3 ba mi\u1ec1n B\u1eafc &#8211; Trung &#8211; Nam nh\u01b0 Sapa, H\u00e0 N\u1ed9i, v\u1ecbnh H\u1ea1 Long, Hu\u1ebf, H\u1ed9i An, Phan Thi\u1ebft, S\u00e0i G\u00f2n&#8230; \u0110\u1ebfn \u0111\u00e2u, hai ch\u00e0ng trai c\u0169ng ghi ch\u00e9p r\u1ea5t c\u1ea9n th\u1eadn t\u1eeb th\u00f4ng tin v\u1ec1 n\u01a1i \u0111\u1ebfn, l\u00e0m c\u00e1ch n\u00e0o \u0111\u1ec3 \u0111\u1ebfn \u0111\u01b0\u1ee3c n\u01a1i \u0111\u00f3 v\u00e0 nh\u1eefng tr\u1ea3i nghi\u1ec7m th\u00fa v\u1ecb \u1edf v\u00f9ng \u0111\u1ea5t l\u1ea1.<\/p>\n<p style=\"text-align: justify;\">K\u00e8m theo c\u00e1c b\u00e0i vi\u1ebft h\u01b0\u1edbng d\u1eabn du l\u1ecbch chi ti\u1ebft l\u00e0 h\u00ecnh \u1ea3nh do ch\u00ednh Luca v\u00e0 Alessandro ch\u1ee5p. Ch\u1ee7 \u0111\u1ec1 c\u1ee7a nh\u1eefng b\u1ee9c \u1ea3nh t\u1eadp trung l\u1ed9t t\u1ea3 nh\u1ecbp s\u1ed1ng \u0111\u1eddi th\u01b0\u1eddng c\u1ee7a ng\u01b0\u1eddi d\u00e2n b\u1ea3n \u0111\u1ecba, khung c\u1ea3nh thi\u00ean nhi\u00ean h\u00f9ng v\u0129 v\u00e0 nh\u1eefng tr\u1ea3i nghi\u1ec7m ch\u01b0a t\u1eebng c\u00f3 c\u1ee7a hai ch\u00e0ng.<\/p>\n<p style=\"text-align: justify;\">C\u1ea3nh \u0111\u1eb9p v\u1ecbnh H\u1ea1 Long d\u01b0\u1edbi g\u00f3c m\u00e1y c\u1ee7a hai ch\u00e0ng ph\u01b0\u1ee3t th\u1ee7 ng\u01b0\u1eddi \u00dd:<\/p>\n<p><img loading=\"lazy\" decoding=\"async\" class=\"aligncenter wp-image-184090 size-full\" src=\"https:\/\/cdn3.ivivu.com\/2016\/12\/hay-di-phuot-nhu-2-hot-boy-nguoi-y-de-thay-viet-nam-cua-chung-minh-dep-nhu-the-nao-ivivu-2.jpg\" alt=\"hay-di-phuot-nhu-2-hot-boy-nguoi-y-de-thay-viet-nam-cua-chung-minh-dep-nhu-the-nao-ivivu-2\" width=\"650\" height=\"867\" srcset=\"https:\/\/cdn3.ivivu.com\/2016\/12\/hay-di-phuot-nhu-2-hot-boy-nguoi-y-de-thay-viet-nam-cua-chung-minh-dep-nhu-the-nao-ivivu-2.jpg 650w, https:\/\/cdn3.ivivu.com\/2016\/12\/hay-di-phuot-nhu-2-hot-boy-nguoi-y-de-thay-viet-nam-cua-chung-minh-dep-nhu-the-nao-ivivu-2-229x305.jpg 229w\" sizes=\"(max-width: 650px) 100vw, 650px\" \/> <img loading=\"lazy\" decoding=\"async\" class=\"aligncenter wp-image-184091 size-full\" src=\"https:\/\/cdn3.ivivu.com\/2016\/12\/hay-di-phuot-nhu-2-hot-boy-nguoi-y-de-thay-viet-nam-cua-chung-minh-dep-nhu-the-nao-ivivu-3.jpg\" alt=\"hay-di-phuot-nhu-2-hot-boy-nguoi-y-de-thay-viet-nam-cua-chung-minh-dep-nhu-the-nao-ivivu-3\" width=\"650\" height=\"428\" srcset=\"https:\/\/cdn3.ivivu.com\/2016\/12\/hay-di-phuot-nhu-2-hot-boy-nguoi-y-de-thay-viet-nam-cua-chung-minh-dep-nhu-the-nao-ivivu-3.jpg 650w, https:\/\/cdn3.ivivu.com\/2016\/12\/hay-di-phuot-nhu-2-hot-boy-nguoi-y-de-thay-viet-nam-cua-chung-minh-dep-nhu-the-nao-ivivu-3-463x305.jpg 463w\" sizes=\"(max-width: 650px) 100vw, 650px\" \/> <img loading=\"lazy\" decoding=\"async\" class=\"aligncenter wp-image-184092 size-full\" src=\"https:\/\/cdn3.ivivu.com\/2016\/12\/hay-di-phuot-nhu-2-hot-boy-nguoi-y-de-thay-viet-nam-cua-chung-minh-dep-nhu-the-nao-ivivu-4.jpg\" alt=\"hay-di-phuot-nhu-2-hot-boy-nguoi-y-de-thay-viet-nam-cua-chung-minh-dep-nhu-the-nao-ivivu-4\" width=\"650\" height=\"813\" srcset=\"https:\/\/cdn3.ivivu.com\/2016\/12\/hay-di-phuot-nhu-2-hot-boy-nguoi-y-de-thay-viet-nam-cua-chung-minh-dep-nhu-the-nao-ivivu-4.jpg 650w, https:\/\/cdn3.ivivu.com\/2016\/12\/hay-di-phuot-nhu-2-hot-boy-nguoi-y-de-thay-viet-nam-cua-chung-minh-dep-nhu-the-nao-ivivu-4-244x305.jpg 244w\" sizes=\"(max-width: 650px) 100vw, 650px\" \/><\/p>\n<p style=\"text-align: justify;\">Luca v\u00e0 Alessandro t\u1ef1 g\u1ecdi m\u00ecnh l\u00e0 nh\u1eefng l\u1eef kh\u00e1ch l\u00e3ng du \u00f4m tr\u00e1i tim kh\u00e1t khao kh\u00e1m ph\u00e1. H\u1ecd vi\u1ebft tr\u00ean blog du l\u1ecbch c\u1ee7a m\u00ecnh nh\u01b0 sau: &#8220;\u0110\u00e2y l\u00e0 c\u00e2u chuy\u1ec7n v\u1ec1 hai anh ch\u00e0ng, nh\u1eefng ng\u01b0\u1eddi mang s\u1ee9 m\u1ec7nh truy\u1ec1n c\u1ea3m h\u1ee9ng cho nh\u1eefng ai th\u00edch \u0111i v\u00e0 tr\u1ea3i nghi\u1ec7m. Ch\u00fang t\u00f4i c\u00f3 c\u00f9ng chung \u01b0\u1edbc m\u01a1 \u0111\u01b0\u1ee3c b\u01b0\u1edbc ra th\u1ebf gi\u1edbi b\u00ean ngo\u00e0i \u0111\u1ec3 m\u1edf r\u1ed9ng t\u1ea7m m\u1eaft. \u0110\u00f3 c\u0169ng l\u00e0 l\u00fd do khi\u1ebfn hai ch\u00fang t\u00f4i tr\u1edf th\u00e0nh nh\u1eefng ng\u01b0\u1eddi b\u1ea1n \u0111\u1ed3ng h\u00e0nh c\u1ee7a nhau trong h\u00e0nh tr\u00ecnh n\u00e0y&#8221;.<\/p>\n<p style=\"text-align: justify;\">Chuy\u1ebfn \u0111i b\u1eaft \u0111\u1ea7u t\u1eeb nh\u1eefng \u0111\u1ecba danh quen thu\u1ed9c n\u01a1i ch\u00fang t\u00f4i \u0111ang s\u1ed1ng \u0111\u1ebfn nh\u1eefng v\u00f9ng \u0111\u1ea5t xa h\u01a1n. Ng\u01b0\u1eddi b\u1ea1n \u0111\u01b0\u1eddng th\u00e2n thi\u1ebft c\u1ee7a ch\u00fang t\u00f4i l\u00e0 c\u00e1i b\u1ea3n \u0111\u1ed3 th\u1ebf gi\u1edbi. M\u1ed7i \u0111\u1ecba \u0111i\u1ec3m \u0111i qua, ch\u00fang t\u00f4i c\u1ea9n th\u1eadn \u0111\u00e1nh d\u1ea5u l\u1ea1i v\u00e0 c\u0169ng kh\u00f4ng qu\u00ean k\u1ec3 cho c\u00e1c b\u1ea1n nghe nh\u1eefng c\u00e2u chuy\u1ec7n d\u1ecdc \u0111\u01b0\u1eddng th\u00fa v\u1ecb trong blog du l\u1ecbch mang t\u00ean The Globbers. Kh\u00f4ng quan tr\u1ecdng b\u1ea1n \u0111i \u0111\u00e2u, kh\u00f4ng quan tr\u1ecdng b\u1ea1n \u0111\u00e3 l\u00e0m \u0111\u01b0\u1ee3c nh\u1eefng g\u00ec. Cu\u1ed9c \u0111\u1eddi l\u00e0 m\u1ed9t chuy\u1ebfn \u0111i c\u1ee7a ri\u00eang m\u1ed7i ch\u00fang ta, h\u00e3y x\u00e1ch ba l\u00f4 l\u00ean v\u00e0 \u0111i th\u00f4i n\u00e0o!&#8221;, Luca v\u00e0 Alessandro vi\u1ebft.<\/p>\n<div id=\"attachment_184093\" style=\"width: 660px\" class=\"wp-caption aligncenter\"><img loading=\"lazy\" decoding=\"async\" aria-describedby=\"caption-attachment-184093\" class=\"wp-image-184093 size-full\" title=\" Sapa\" src=\"https:\/\/cdn3.ivivu.com\/2016\/12\/hay-di-phuot-nhu-2-hot-boy-nguoi-y-de-thay-viet-nam-cua-chung-minh-dep-nhu-the-nao-ivivu-5.jpg\" alt=\" Sapa\" width=\"650\" height=\"789\" srcset=\"https:\/\/cdn3.ivivu.com\/2016\/12\/hay-di-phuot-nhu-2-hot-boy-nguoi-y-de-thay-viet-nam-cua-chung-minh-dep-nhu-the-nao-ivivu-5.jpg 650w, https:\/\/cdn3.ivivu.com\/2016\/12\/hay-di-phuot-nhu-2-hot-boy-nguoi-y-de-thay-viet-nam-cua-chung-minh-dep-nhu-the-nao-ivivu-5-251x305.jpg 251w\" sizes=\"(max-width: 650px) 100vw, 650px\" \/><p id=\"caption-attachment-184093\" class=\"wp-caption-text\">Sapa<\/p><\/div>\n<div id=\"attachment_184094\" style=\"width: 660px\" class=\"wp-caption aligncenter\"><img loading=\"lazy\" decoding=\"async\" aria-describedby=\"caption-attachment-184094\" class=\"wp-image-184094 size-full\" title=\"H\u00e0 N\u1ed9i\" src=\"https:\/\/cdn3.ivivu.com\/2016\/12\/hay-di-phuot-nhu-2-hot-boy-nguoi-y-de-thay-viet-nam-cua-chung-minh-dep-nhu-the-nao-ivivu-6.jpg\" alt=\"H\u00e0 N\u1ed9i\" width=\"650\" height=\"812\" srcset=\"https:\/\/cdn3.ivivu.com\/2016\/12\/hay-di-phuot-nhu-2-hot-boy-nguoi-y-de-thay-viet-nam-cua-chung-minh-dep-nhu-the-nao-ivivu-6.jpg 650w, https:\/\/cdn3.ivivu.com\/2016\/12\/hay-di-phuot-nhu-2-hot-boy-nguoi-y-de-thay-viet-nam-cua-chung-minh-dep-nhu-the-nao-ivivu-6-244x305.jpg 244w\" sizes=\"(max-width: 650px) 100vw, 650px\" \/><p id=\"caption-attachment-184094\" class=\"wp-caption-text\">H\u00e0 N\u1ed9i<\/p><\/div>\n<div id=\"attachment_184095\" style=\"width: 660px\" class=\"wp-caption aligncenter\"><img loading=\"lazy\" decoding=\"async\" aria-describedby=\"caption-attachment-184095\" class=\"wp-image-184095 size-full\" title=\"Hu\u1ebf\" src=\"https:\/\/cdn3.ivivu.com\/2016\/12\/hay-di-phuot-nhu-2-hot-boy-nguoi-y-de-thay-viet-nam-cua-chung-minh-dep-nhu-the-nao-ivivu-7.jpg\" alt=\"Hu\u1ebf\" width=\"650\" height=\"820\" srcset=\"https:\/\/cdn3.ivivu.com\/2016\/12\/hay-di-phuot-nhu-2-hot-boy-nguoi-y-de-thay-viet-nam-cua-chung-minh-dep-nhu-the-nao-ivivu-7.jpg 650w, https:\/\/cdn3.ivivu.com\/2016\/12\/hay-di-phuot-nhu-2-hot-boy-nguoi-y-de-thay-viet-nam-cua-chung-minh-dep-nhu-the-nao-ivivu-7-242x305.jpg 242w\" sizes=\"(max-width: 650px) 100vw, 650px\" \/><p id=\"caption-attachment-184095\" class=\"wp-caption-text\">Hu\u1ebf<\/p><\/div>\n<div id=\"attachment_184096\" style=\"width: 660px\" class=\"wp-caption aligncenter\"><img loading=\"lazy\" decoding=\"async\" aria-describedby=\"caption-attachment-184096\" class=\"wp-image-184096 size-full\" title=\"H\u1ed9i An\" src=\"https:\/\/cdn3.ivivu.com\/2016\/12\/hay-di-phuot-nhu-2-hot-boy-nguoi-y-de-thay-viet-nam-cua-chung-minh-dep-nhu-the-nao-ivivu-8.jpg\" alt=\"H\u1ed9i An\" width=\"650\" height=\"786\" srcset=\"https:\/\/cdn3.ivivu.com\/2016\/12\/hay-di-phuot-nhu-2-hot-boy-nguoi-y-de-thay-viet-nam-cua-chung-minh-dep-nhu-the-nao-ivivu-8.jpg 650w, https:\/\/cdn3.ivivu.com\/2016\/12\/hay-di-phuot-nhu-2-hot-boy-nguoi-y-de-thay-viet-nam-cua-chung-minh-dep-nhu-the-nao-ivivu-8-252x305.jpg 252w\" sizes=\"(max-width: 650px) 100vw, 650px\" \/><p id=\"caption-attachment-184096\" class=\"wp-caption-text\">H\u1ed9i An<\/p><\/div>\n<div id=\"attachment_184097\" style=\"width: 660px\" class=\"wp-caption aligncenter\"><img loading=\"lazy\" decoding=\"async\" aria-describedby=\"caption-attachment-184097\" class=\"wp-image-184097 size-full\" title=\"Phan Thi\u1ebft\" src=\"https:\/\/cdn3.ivivu.com\/2016\/12\/hay-di-phuot-nhu-2-hot-boy-nguoi-y-de-thay-viet-nam-cua-chung-minh-dep-nhu-the-nao-ivivu-9.jpg\" alt=\"Phan Thi\u1ebft\" width=\"650\" height=\"488\" srcset=\"https:\/\/cdn3.ivivu.com\/2016\/12\/hay-di-phuot-nhu-2-hot-boy-nguoi-y-de-thay-viet-nam-cua-chung-minh-dep-nhu-the-nao-ivivu-9.jpg 650w, https:\/\/cdn3.ivivu.com\/2016\/12\/hay-di-phuot-nhu-2-hot-boy-nguoi-y-de-thay-viet-nam-cua-chung-minh-dep-nhu-the-nao-ivivu-9-406x305.jpg 406w\" sizes=\"(max-width: 650px) 100vw, 650px\" \/><p id=\"caption-attachment-184097\" class=\"wp-caption-text\">Phan Thi\u1ebft<\/p><\/div>\n<p style=\"text-align: justify;\">The Globbers c\u1ee7a 2 ph\u01b0\u1ee3t th\u1ee7 ng\u01b0\u1eddi \u00dd nh\u1eadn \u0111\u01b0\u1ee3c \u0111\u00e1nh gi\u00e1 cao t\u1eeb c\u1ed9ng \u0111\u1ed3ng v\u00ec kh\u00f4ng ch\u1ec9 mang l\u1ea1i th\u00f4ng tin du l\u1ecbch h\u1eefu \u00edch n\u00f3 c\u00f2n m\u1edf ra tr\u01b0\u1edbc m\u1eaft ng\u01b0\u1eddi xem nh\u1eefng khung c\u1ea3nh thi\u00ean nhi\u00ean \u0111\u1eb9p say l\u00f2ng ng\u01b0\u1eddi.<\/p>\n<p style=\"text-align: justify;\">D\u01b0\u1edbi g\u00f3c m\u00e1y c\u1ee7a Luca v\u00e0 Alessandro, Vi\u1ec7t Nam trong v\u1eaft hoang s\u01a1. \u0110\u00f3 l\u00e0 nh\u1eefng b\u00e3i c\u00e1t d\u00e0i tr\u1eafng m\u1ecbn nh\u01b0 ng\u1ecdc trai b\u00e0o nhuy\u1ec5n, h\u00e0ng d\u1eeba xanh r\u00ec \u0111ung \u0111\u01b0a th\u1ea3nh th\u01a1i tr\u01b0\u1edbc gi\u00f3, n\u01b0\u1edbc bi\u1ec3n xanh trong ph\u1ea3n chi\u1ebfu m\u00e0u tr\u1eddi \u1edf Ph\u00fa Qu\u1ed1c. Hay m\u1ed9t Vi\u1ec7t Nam \u0111\u1eadm ch\u1ea5t ho\u00e0i c\u1ed5 v\u1edbi \u0111\u00e8n l\u1ed3ng th\u1eafp s\u00e1ng \u1edf H\u1ed9i An. Khung c\u1ea3nh m\u1ed9t bu\u1ed5i h\u1ecdp ch\u1ee3 \u0111\u1ea7y \u1eafp c\u00e1 t\u00f4m \u1edf m\u1ed9t m\u1ea3nh \u0111\u1ea5t c\u1eeda bi\u1ec3n mi\u1ec1n Trung v\u1edbi h\u00ecnh \u1ea3nh ng\u01b0\u1eddi d\u00e2n lao \u0111\u1ed9ng Vi\u1ec7t v\u1edbi chi\u1ebfc n\u00f3n l\u00e1 \u0111\u01a1n s\u01a1 m\u00e0 th\u00e2n quen, \u0111\u00e3 kh\u1eafc s\u00e2u trong tr\u00ed nh\u1edb c\u1ee7a Luca v\u00e0 Alessandro. H\u1ecd thu th\u1eadp t\u1ea5t c\u1ea3 h\u00ecnh \u1ea3nh v\u1ec1 Vi\u1ec7t Nam b\u1eb1ng t\u1ea5t c\u1ea3 l\u00f2ng hi\u1ebfu k\u1ef3, s\u1ef1 th\u00edch th\u00fa v\u00e0 ng\u01b0\u1ee1ng m\u1ed9.<\/p>\n<p style=\"text-align: justify;\">Vi\u1ec7t Nam b\u00ecnh y\u00ean v\u00e0 th\u01a1 m\u1ed9ng \u0111\u1ebfn l\u1ea1 qua g\u00f3c nh\u00ecn c\u1ee7a Luca v\u00e0 Alessandro:<\/p>\n<p><img loading=\"lazy\" decoding=\"async\" class=\"aligncenter wp-image-184098 size-full\" src=\"https:\/\/cdn3.ivivu.com\/2016\/12\/hay-di-phuot-nhu-2-hot-boy-nguoi-y-de-thay-viet-nam-cua-chung-minh-dep-nhu-the-nao-ivivu-10.jpg\" alt=\"hay-di-phuot-nhu-2-hot-boy-nguoi-y-de-thay-viet-nam-cua-chung-minh-dep-nhu-the-nao-ivivu-10\" width=\"650\" height=\"488\" srcset=\"https:\/\/cdn3.ivivu.com\/2016\/12\/hay-di-phuot-nhu-2-hot-boy-nguoi-y-de-thay-viet-nam-cua-chung-minh-dep-nhu-the-nao-ivivu-10.jpg 650w, https:\/\/cdn3.ivivu.com\/2016\/12\/hay-di-phuot-nhu-2-hot-boy-nguoi-y-de-thay-viet-nam-cua-chung-minh-dep-nhu-the-nao-ivivu-10-406x305.jpg 406w\" sizes=\"(max-width: 650px) 100vw, 650px\" \/> <img loading=\"lazy\" decoding=\"async\" class=\"aligncenter wp-image-184099 size-full\" src=\"https:\/\/cdn3.ivivu.com\/2016\/12\/hay-di-phuot-nhu-2-hot-boy-nguoi-y-de-thay-viet-nam-cua-chung-minh-dep-nhu-the-nao-ivivu-11.jpg\" alt=\"hay-di-phuot-nhu-2-hot-boy-nguoi-y-de-thay-viet-nam-cua-chung-minh-dep-nhu-the-nao-ivivu-11\" width=\"650\" height=\"488\" srcset=\"https:\/\/cdn3.ivivu.com\/2016\/12\/hay-di-phuot-nhu-2-hot-boy-nguoi-y-de-thay-viet-nam-cua-chung-minh-dep-nhu-the-nao-ivivu-11.jpg 650w, https:\/\/cdn3.ivivu.com\/2016\/12\/hay-di-phuot-nhu-2-hot-boy-nguoi-y-de-thay-viet-nam-cua-chung-minh-dep-nhu-the-nao-ivivu-11-406x305.jpg 406w\" sizes=\"(max-width: 650px) 100vw, 650px\" \/> <img loading=\"lazy\" decoding=\"async\" class=\"aligncenter wp-image-184100 size-full\" src=\"https:\/\/cdn3.ivivu.com\/2016\/12\/hay-di-phuot-nhu-2-hot-boy-nguoi-y-de-thay-viet-nam-cua-chung-minh-dep-nhu-the-nao-ivivu-12.jpg\" alt=\"hay-di-phuot-nhu-2-hot-boy-nguoi-y-de-thay-viet-nam-cua-chung-minh-dep-nhu-the-nao-ivivu-12\" width=\"650\" height=\"488\" srcset=\"https:\/\/cdn3.ivivu.com\/2016\/12\/hay-di-phuot-nhu-2-hot-boy-nguoi-y-de-thay-viet-nam-cua-chung-minh-dep-nhu-the-nao-ivivu-12.jpg 650w, https:\/\/cdn3.ivivu.com\/2016\/12\/hay-di-phuot-nhu-2-hot-boy-nguoi-y-de-thay-viet-nam-cua-chung-minh-dep-nhu-the-nao-ivivu-12-406x305.jpg 406w\" sizes=\"(max-width: 650px) 100vw, 650px\" \/> <img loading=\"lazy\" decoding=\"async\" class=\"aligncenter wp-image-184101 size-full\" src=\"https:\/\/cdn3.ivivu.com\/2016\/12\/hay-di-phuot-nhu-2-hot-boy-nguoi-y-de-thay-viet-nam-cua-chung-minh-dep-nhu-the-nao-ivivu-13.jpg\" alt=\"hay-di-phuot-nhu-2-hot-boy-nguoi-y-de-thay-viet-nam-cua-chung-minh-dep-nhu-the-nao-ivivu-13\" width=\"650\" height=\"428\" srcset=\"https:\/\/cdn3.ivivu.com\/2016\/12\/hay-di-phuot-nhu-2-hot-boy-nguoi-y-de-thay-viet-nam-cua-chung-minh-dep-nhu-the-nao-ivivu-13.jpg 650w, https:\/\/cdn3.ivivu.com\/2016\/12\/hay-di-phuot-nhu-2-hot-boy-nguoi-y-de-thay-viet-nam-cua-chung-minh-dep-nhu-the-nao-ivivu-13-463x305.jpg 463w\" sizes=\"(max-width: 650px) 100vw, 650px\" \/> <img loading=\"lazy\" decoding=\"async\" class=\"aligncenter wp-image-184102 size-full\" src=\"https:\/\/cdn3.ivivu.com\/2016\/12\/hay-di-phuot-nhu-2-hot-boy-nguoi-y-de-thay-viet-nam-cua-chung-minh-dep-nhu-the-nao-ivivu-14.jpg\" alt=\"hay-di-phuot-nhu-2-hot-boy-nguoi-y-de-thay-viet-nam-cua-chung-minh-dep-nhu-the-nao-ivivu-14\" width=\"650\" height=\"488\" srcset=\"https:\/\/cdn3.ivivu.com\/2016\/12\/hay-di-phuot-nhu-2-hot-boy-nguoi-y-de-thay-viet-nam-cua-chung-minh-dep-nhu-the-nao-ivivu-14.jpg 650w, https:\/\/cdn3.ivivu.com\/2016\/12\/hay-di-phuot-nhu-2-hot-boy-nguoi-y-de-thay-viet-nam-cua-chung-minh-dep-nhu-the-nao-ivivu-14-406x305.jpg 406w\" sizes=\"(max-width: 650px) 100vw, 650px\" \/> <img loading=\"lazy\" decoding=\"async\" class=\"aligncenter wp-image-184103 size-full\" src=\"https:\/\/cdn3.ivivu.com\/2016\/12\/hay-di-phuot-nhu-2-hot-boy-nguoi-y-de-thay-viet-nam-cua-chung-minh-dep-nhu-the-nao-ivivu-15.jpg\" alt=\"hay-di-phuot-nhu-2-hot-boy-nguoi-y-de-thay-viet-nam-cua-chung-minh-dep-nhu-the-nao-ivivu-15\" width=\"650\" height=\"867\" srcset=\"https:\/\/cdn3.ivivu.com\/2016\/12\/hay-di-phuot-nhu-2-hot-boy-nguoi-y-de-thay-viet-nam-cua-chung-minh-dep-nhu-the-nao-ivivu-15.jpg 650w, https:\/\/cdn3.ivivu.com\/2016\/12\/hay-di-phuot-nhu-2-hot-boy-nguoi-y-de-thay-viet-nam-cua-chung-minh-dep-nhu-the-nao-ivivu-15-229x305.jpg 229w\" sizes=\"(max-width: 650px) 100vw, 650px\" \/><\/p>\n<p style=\"text-align: justify;\">B\u00e0i b\u1ea3n, c\u00f4ng phu v\u00e0 c\u00f3 t\u00e2m ch\u00ednh l\u00e0 nh\u1eefng t\u1eeb d\u00e0nh \u0111\u1ec3 n\u00f3i v\u1ec1 chuy\u1ebfn \u0111i c\u1ee7a Luca v\u00e0 Alessandro qua c\u00e1c \u0111\u1ecba \u0111i\u1ec3m du l\u1ecbch n\u1ed5i ti\u1ebfng c\u1ee7a Vi\u1ec7t Nam n\u00f3i chung v\u00e0 nhi\u1ec1u qu\u1ed1c gia kh\u00e1c tr\u00ean th\u1ebf gi\u1edbi.<\/p>\n<h4 style=\"text-align: center;\"><div class=\"ltt-contentbox white\"><\/span>B\u1ea0N C\u1ea6N M\u1ed8T N\u01a0I L\u01afU TR\u00da V\u1edaI GI\u00c1 H\u1ee2P T\u00daI TI\u1ec0N TRONG H\u00c0NH TR\u00ccNH DU L\u1ecaCH, \u0110\u1eeaNG NG\u1ea6N NG\u1ea0I G\u1eccI NGAY T\u1edaI S\u1ed0 1900 1870 \u0110\u1ec2 \u0110\u01af\u1ee2C T\u01af V\u1ea4N NH\u00c9<\/div><\/h4>\n<p style=\"text-align: right;\"><strong>Theo Tri Th\u1ee9c Tr\u1ebb<\/strong><\/p>\n<div class=\"ltt-contentbox white\"><\/span><\/p>\n<p><strong>Xem th\u00eam c\u00e1c b\u00e0i vi\u1ebft:<\/strong><\/p>\n<p><a href=\"https:\/\/www.ivivu.com\/blog\/2016\/12\/9-trai-nghiem-phai-thu-o-cho-phien-bac-ha\/\" target=\"_blank\"><strong>9 tr\u1ea3i nghi\u1ec7m ph\u1ea3i th\u1eed \u1edf ch\u1ee3 phi\u00ean B\u1eafc H\u00e0<\/strong><\/a><\/p>\n<p><a href=\"https:\/\/www.ivivu.com\/blog\/2016\/12\/5-hon-dao-cam-trai-cuc-da-o-phu-yen\/\" target=\"_blank\"><strong>5 h\u00f2n \u0111\u1ea3o c\u1eafm tr\u1ea1i c\u1ef1c \u0111\u00e3 \u1edf Ph\u00fa Y\u00ean<\/strong><\/a><\/p>\n<p><a href=\"https:\/\/www.ivivu.com\/blog\/2016\/12\/goi-nghi-duong-hap-dan-3n2d-o-biet-thu-an-lam-ninh-van-bay-nha-trang-bao-luon-ve-may-bay-chi-7-999-000-dong\/\" target=\"_blank\"><strong>G\u00f3i ngh\u1ec9 d\u01b0\u1ee1ng h\u1ea5p d\u1eabn 3N2\u0110 \u1edf bi\u1ec7t th\u1ef1 An L\u00e2m Ninh V\u00e2n Bay Nha Trang bao lu\u00f4n v\u00e9 m\u00e1y bay ch\u1ec9 7.999.000 \u0111\u1ed3ng<\/strong><\/a><\/p>\n<p><\/div>\n<h3><div class=\"ltt-contentbox white\"><\/span>Click \u0111\u1eb7t ngay\u00a0<a href=\"https:\/\/www.ivivu.com\/?utm_source=blog_ivivu&amp;utm_medium=post_link&amp;utm_campaign=internal\" target=\"_blank\">Kh\u00e1ch s\u1ea1n kh\u1eafp Vi\u1ec7t Nam v\u00e0 to\u00e0n th\u1ebf gi\u1edbi<\/a>\u00a0gi\u00e1 t\u1ed1t nh\u1ea5t\u00a0ch\u1ec9 c\u00f3 t\u1ea1i iVIVU.com<\/div><\/h3>\n<h3><strong style=\"font-size: 16px;\">***<\/strong><\/h3>\n<p><strong>Tham kh\u1ea3o:<a href=\"https:\/\/www.ivivu.com\/blog\/\" target=\"_blank\">\u00a0C\u1ea9m nang du l\u1ecbch iVIVU.com<\/a><\/strong><\/p>\n","protected":false},"excerpt":{"rendered":"<p>Khi \u0111\u1eb7t ch\u00e2n \u0111\u1ebfn Vi\u1ec7t Nam, Luca v\u00e0 Alessandro \u0111\u00e3 \u0111\u1ebfn nhi\u1ec1u \u0111\u1ecba \u0111i\u1ec3m du l\u1ecbch n\u1ed5i ti\u1ebfng tr\u1ea3i d\u00e0i c\u1ea3 ba mi\u1ec1n B\u1eafc &#8211; Trung &#8211; Nam nh\u01b0 Sapa, H\u00e0 N\u1ed9i, v\u1ecbnh H\u1ea1 Long, Hu\u1ebf, H\u1ed9i An, Phan Thi\u1ebft,&#8230;<\/p>\n","protected":false},"author":38,"featured_media":184092,"comment_status":"closed","ping_status":"open","sticky":false,"template":"","format":"standard","meta":{"_acf_changed":false,"footnotes":""},"categories":[229,795,14742],"tags":[10327,5843,22329,137,3563,122],"acf":[],"yoast_head":"<!-- This site is optimized with the Yoast SEO Premium plugin v22.6 (Yoast SEO v22.6) - https:\/\/yoast.com\/wordpress\/plugins\/seo\/ -->\n<title>H\u00e3y \u0111i ph\u01b0\u1ee3t nh\u01b0 2 hot boy ng\u01b0\u1eddi \u00dd \u0111\u1ec3 th\u1ea5y Vi\u1ec7t Nam c\u1ee7a ch\u00fang m\u00ecnh \u0111\u1eb9p nh\u01b0 th\u1ebf n\u00e0o - iVIVU.com<\/title>\n<meta name=\"description\" content=\"Khi \u0111\u1ebfn Vi\u1ec7t Nam, Luca v\u00e0 Alessandro \u0111\u00e3 \u0111\u1ebfn nhi\u1ec1u \u0111\u1ecba \u0111i\u1ec3m du l\u1ecbch. Ph\u01b0\u1ee3t \u0111\u1ebfn \u0111\u00e2u, h\u1ecd c\u0169ng ghi ch\u00e9p c\u1ea9n th\u1eadn v\u00e0 ch\u1ee5p nh\u1eefng b\u1ee9c \u1ea3nh \u0111\u1eb9p nh\u01b0 trong t\u1ea1p ch\u00ed.\" \/>\n<meta name=\"robots\" content=\"index, follow, max-snippet:-1, max-image-preview:large, max-video-preview:-1\" \/>\n<link rel=\"canonical\" href=\"https:\/\/www.ivivu.com\/blog\/2016\/12\/hay-di-phuot-nhu-2-hot-boy-nguoi-y-de-thay-viet-nam-cua-chung-minh-dep-nhu-the-nao\/\" \/>\n<meta name=\"twitter:label1\" content=\"\u0110\u01b0\u1ee3c vi\u1ebft b\u1edfi\" \/>\n\t<meta name=\"twitter:data1\" content=\"Ng\u00e2n Thi\u1ec1u Kim\" \/>\n\t<meta name=\"twitter:label2\" content=\"\u01af\u1edbc t\u00ednh th\u1eddi gian \u0111\u1ecdc\" \/>\n\t<meta name=\"twitter:data2\" content=\"7 ph\u00fat\" \/>\n<script type=\"application\/ld+json\" class=\"yoast-schema-graph\">{\"@context\":\"https:\/\/schema.org\",\"@graph\":[{\"@type\":\"Article\",\"@id\":\"https:\/\/www.ivivu.com\/blog\/2016\/12\/hay-di-phuot-nhu-2-hot-boy-nguoi-y-de-thay-viet-nam-cua-chung-minh-dep-nhu-the-nao\/#article\",\"isPartOf\":{\"@id\":\"https:\/\/www.ivivu.com\/blog\/2016\/12\/hay-di-phuot-nhu-2-hot-boy-nguoi-y-de-thay-viet-nam-cua-chung-minh-dep-nhu-the-nao\/\"},\"author\":{\"name\":\"Ng\u00e2n Thi\u1ec1u Kim\",\"@id\":\"https:\/\/www.ivivu.com\/blog\/#\/schema\/person\/f6e706f46fad4e85f2e1c3ec41136369\"},\"headline\":\"H\u00e3y \u0111i ph\u01b0\u1ee3t nh\u01b0 2 hot boy ng\u01b0\u1eddi \u00dd \u0111\u1ec3 th\u1ea5y Vi\u1ec7t Nam c\u1ee7a ch\u00fang m\u00ecnh \u0111\u1eb9p nh\u01b0 th\u1ebf n\u00e0o!\",\"datePublished\":\"2016-12-28T09:18:47+00:00\",\"dateModified\":\"2016-12-28T01:19:52+00:00\",\"mainEntityOfPage\":{\"@id\":\"https:\/\/www.ivivu.com\/blog\/2016\/12\/hay-di-phuot-nhu-2-hot-boy-nguoi-y-de-thay-viet-nam-cua-chung-minh-dep-nhu-the-nao\/\"},\"wordCount\":1424,\"publisher\":{\"@id\":\"https:\/\/www.ivivu.com\/blog\/#organization\"},\"image\":{\"@id\":\"https:\/\/www.ivivu.com\/blog\/2016\/12\/hay-di-phuot-nhu-2-hot-boy-nguoi-y-de-thay-viet-nam-cua-chung-minh-dep-nhu-the-nao\/#primaryimage\"},\"thumbnailUrl\":\"https:\/\/cdn3.ivivu.com\/2016\/12\/hay-di-phuot-nhu-2-hot-boy-nguoi-y-de-thay-viet-nam-cua-chung-minh-dep-nhu-the-nao-ivivu-4.jpg\",\"keywords\":[\"\u1ea2nh \u0111\u1eb9p Vi\u1ec7t Nam\",\"\u0111i\u1ec3m \u0111\u1ebfn Vi\u1ec7t Nam\",\"kinh nghi\u1ec7m \u0111i ph\u01b0\u1ee3t\",\"ph\u01b0\u1ee3t\",\"ph\u01b0\u1ee3t vi\u1ec7t nam\",\"Vi\u1ec7t Nam\"],\"articleSection\":[\"DU L\u1ecaCH VI\u1ec6T NAM\",\"\u0110i\u1ec3m \u0111\u1ebfn\",\"N\u1ed5i B\u1eadt 2\"],\"inLanguage\":\"vi\"},{\"@type\":\"WebPage\",\"@id\":\"https:\/\/www.ivivu.com\/blog\/2016\/12\/hay-di-phuot-nhu-2-hot-boy-nguoi-y-de-thay-viet-nam-cua-chung-minh-dep-nhu-the-nao\/\",\"url\":\"https:\/\/www.ivivu.com\/blog\/2016\/12\/hay-di-phuot-nhu-2-hot-boy-nguoi-y-de-thay-viet-nam-cua-chung-minh-dep-nhu-the-nao\/\",\"name\":\"H\u00e3y \u0111i ph\u01b0\u1ee3t nh\u01b0 2 hot boy ng\u01b0\u1eddi \u00dd \u0111\u1ec3 th\u1ea5y Vi\u1ec7t Nam c\u1ee7a ch\u00fang m\u00ecnh \u0111\u1eb9p nh\u01b0 th\u1ebf n\u00e0o - iVIVU.com\",\"isPartOf\":{\"@id\":\"https:\/\/www.ivivu.com\/blog\/#website\"},\"primaryImageOfPage\":{\"@id\":\"https:\/\/www.ivivu.com\/blog\/2016\/12\/hay-di-phuot-nhu-2-hot-boy-nguoi-y-de-thay-viet-nam-cua-chung-minh-dep-nhu-the-nao\/#primaryimage\"},\"image\":{\"@id\":\"https:\/\/www.ivivu.com\/blog\/2016\/12\/hay-di-phuot-nhu-2-hot-boy-nguoi-y-de-thay-viet-nam-cua-chung-minh-dep-nhu-the-nao\/#primaryimage\"},\"thumbnailUrl\":\"https:\/\/cdn3.ivivu.com\/2016\/12\/hay-di-phuot-nhu-2-hot-boy-nguoi-y-de-thay-viet-nam-cua-chung-minh-dep-nhu-the-nao-ivivu-4.jpg\",\"datePublished\":\"2016-12-28T09:18:47+00:00\",\"dateModified\":\"2016-12-28T01:19:52+00:00\",\"description\":\"Khi \u0111\u1ebfn Vi\u1ec7t Nam, Luca v\u00e0 Alessandro \u0111\u00e3 \u0111\u1ebfn nhi\u1ec1u \u0111\u1ecba \u0111i\u1ec3m du l\u1ecbch. Ph\u01b0\u1ee3t \u0111\u1ebfn \u0111\u00e2u, h\u1ecd c\u0169ng ghi ch\u00e9p c\u1ea9n th\u1eadn v\u00e0 ch\u1ee5p nh\u1eefng b\u1ee9c \u1ea3nh \u0111\u1eb9p nh\u01b0 trong t\u1ea1p ch\u00ed.\",\"breadcrumb\":{\"@id\":\"https:\/\/www.ivivu.com\/blog\/2016\/12\/hay-di-phuot-nhu-2-hot-boy-nguoi-y-de-thay-viet-nam-cua-chung-minh-dep-nhu-the-nao\/#breadcrumb\"},\"inLanguage\":\"vi\",\"potentialAction\":[{\"@type\":\"ReadAction\",\"target\":[\"https:\/\/www.ivivu.com\/blog\/2016\/12\/hay-di-phuot-nhu-2-hot-boy-nguoi-y-de-thay-viet-nam-cua-chung-minh-dep-nhu-the-nao\/\"]}]},{\"@type\":\"ImageObject\",\"inLanguage\":\"vi\",\"@id\":\"https:\/\/www.ivivu.com\/blog\/2016\/12\/hay-di-phuot-nhu-2-hot-boy-nguoi-y-de-thay-viet-nam-cua-chung-minh-dep-nhu-the-nao\/#primaryimage\",\"url\":\"https:\/\/cdn3.ivivu.com\/2016\/12\/hay-di-phuot-nhu-2-hot-boy-nguoi-y-de-thay-viet-nam-cua-chung-minh-dep-nhu-the-nao-ivivu-4.jpg\",\"contentUrl\":\"https:\/\/cdn3.ivivu.com\/2016\/12\/hay-di-phuot-nhu-2-hot-boy-nguoi-y-de-thay-viet-nam-cua-chung-minh-dep-nhu-the-nao-ivivu-4.jpg\",\"width\":650,\"height\":813},{\"@type\":\"BreadcrumbList\",\"@id\":\"https:\/\/www.ivivu.com\/blog\/2016\/12\/hay-di-phuot-nhu-2-hot-boy-nguoi-y-de-thay-viet-nam-cua-chung-minh-dep-nhu-the-nao\/#breadcrumb\",\"itemListElement\":[{\"@type\":\"ListItem\",\"position\":1,\"name\":\"Home\",\"item\":\"https:\/\/www.ivivu.com\/blog\/\"},{\"@type\":\"ListItem\",\"position\":2,\"name\":\"H\u00e3y \u0111i ph\u01b0\u1ee3t nh\u01b0 2 hot boy ng\u01b0\u1eddi \u00dd \u0111\u1ec3 th\u1ea5y Vi\u1ec7t Nam c\u1ee7a ch\u00fang m\u00ecnh \u0111\u1eb9p nh\u01b0 th\u1ebf n\u00e0o!\"}]},{\"@type\":\"WebSite\",\"@id\":\"https:\/\/www.ivivu.com\/blog\/#website\",\"url\":\"https:\/\/www.ivivu.com\/blog\/\",\"name\":\"C\u1ea9m nang du l\u1ecbch\",\"description\":\"\",\"publisher\":{\"@id\":\"https:\/\/www.ivivu.com\/blog\/#organization\"},\"potentialAction\":[{\"@type\":\"SearchAction\",\"target\":{\"@type\":\"EntryPoint\",\"urlTemplate\":\"https:\/\/www.ivivu.com\/blog\/?s={search_term_string}\"},\"query-input\":\"required name=search_term_string\"}],\"inLanguage\":\"vi\"},{\"@type\":\"Organization\",\"@id\":\"https:\/\/www.ivivu.com\/blog\/#organization\",\"name\":\"iVIVU.com\",\"url\":\"https:\/\/www.ivivu.com\/blog\/\",\"logo\":{\"@type\":\"ImageObject\",\"inLanguage\":\"vi\",\"@id\":\"https:\/\/www.ivivu.com\/blog\/#\/schema\/logo\/image\/\",\"url\":\"https:\/\/cdn3.ivivu.com\/2024\/01\/ivivu_no_slogan.png\",\"contentUrl\":\"https:\/\/cdn3.ivivu.com\/2024\/01\/ivivu_no_slogan.png\",\"width\":788,\"height\":565,\"caption\":\"iVIVU.com\"},\"image\":{\"@id\":\"https:\/\/www.ivivu.com\/blog\/#\/schema\/logo\/image\/\"},\"sameAs\":[\"https:\/\/www.facebook.com\/iVIVU\"]},{\"@type\":\"Person\",\"@id\":\"https:\/\/www.ivivu.com\/blog\/#\/schema\/person\/f6e706f46fad4e85f2e1c3ec41136369\",\"name\":\"Ng\u00e2n Thi\u1ec1u Kim\",\"sameAs\":[\"https:\/\/www.ivivu.com\/blog\/\"],\"url\":\"https:\/\/www.ivivu.com\/blog\/author\/ngan-thieu\/\"}]}<\/script>\n<!-- \/ Yoast SEO Premium plugin. -->","yoast_head_json":{"title":"H\u00e3y \u0111i ph\u01b0\u1ee3t nh\u01b0 2 hot boy ng\u01b0\u1eddi \u00dd \u0111\u1ec3 th\u1ea5y Vi\u1ec7t Nam c\u1ee7a ch\u00fang m\u00ecnh \u0111\u1eb9p nh\u01b0 th\u1ebf n\u00e0o - iVIVU.com","description":"Khi \u0111\u1ebfn Vi\u1ec7t Nam, Luca v\u00e0 Alessandro \u0111\u00e3 \u0111\u1ebfn nhi\u1ec1u \u0111\u1ecba \u0111i\u1ec3m du l\u1ecbch. Ph\u01b0\u1ee3t \u0111\u1ebfn \u0111\u00e2u, h\u1ecd c\u0169ng ghi ch\u00e9p c\u1ea9n th\u1eadn v\u00e0 ch\u1ee5p nh\u1eefng b\u1ee9c \u1ea3nh \u0111\u1eb9p nh\u01b0 trong t\u1ea1p ch\u00ed.","robots":{"index":"index","follow":"follow","max-snippet":"max-snippet:-1","max-image-preview":"max-image-preview:large","max-video-preview":"max-video-preview:-1"},"canonical":"https:\/\/www.ivivu.com\/blog\/2016\/12\/hay-di-phuot-nhu-2-hot-boy-nguoi-y-de-thay-viet-nam-cua-chung-minh-dep-nhu-the-nao\/","twitter_misc":{"\u0110\u01b0\u1ee3c vi\u1ebft b\u1edfi":"Ng\u00e2n Thi\u1ec1u Kim","\u01af\u1edbc t\u00ednh th\u1eddi gian \u0111\u1ecdc":"7 ph\u00fat"},"schema":{"@context":"https:\/\/schema.org","@graph":[{"@type":"Article","@id":"https:\/\/www.ivivu.com\/blog\/2016\/12\/hay-di-phuot-nhu-2-hot-boy-nguoi-y-de-thay-viet-nam-cua-chung-minh-dep-nhu-the-nao\/#article","isPartOf":{"@id":"https:\/\/www.ivivu.com\/blog\/2016\/12\/hay-di-phuot-nhu-2-hot-boy-nguoi-y-de-thay-viet-nam-cua-chung-minh-dep-nhu-the-nao\/"},"author":{"name":"Ng\u00e2n Thi\u1ec1u Kim","@id":"https:\/\/www.ivivu.com\/blog\/#\/schema\/person\/f6e706f46fad4e85f2e1c3ec41136369"},"headline":"H\u00e3y \u0111i ph\u01b0\u1ee3t nh\u01b0 2 hot boy ng\u01b0\u1eddi \u00dd \u0111\u1ec3 th\u1ea5y Vi\u1ec7t Nam c\u1ee7a ch\u00fang m\u00ecnh \u0111\u1eb9p nh\u01b0 th\u1ebf n\u00e0o!","datePublished":"2016-12-28T09:18:47+00:00","dateModified":"2016-12-28T01:19:52+00:00","mainEntityOfPage":{"@id":"https:\/\/www.ivivu.com\/blog\/2016\/12\/hay-di-phuot-nhu-2-hot-boy-nguoi-y-de-thay-viet-nam-cua-chung-minh-dep-nhu-the-nao\/"},"wordCount":1424,"publisher":{"@id":"https:\/\/www.ivivu.com\/blog\/#organization"},"image":{"@id":"https:\/\/www.ivivu.com\/blog\/2016\/12\/hay-di-phuot-nhu-2-hot-boy-nguoi-y-de-thay-viet-nam-cua-chung-minh-dep-nhu-the-nao\/#primaryimage"},"thumbnailUrl":"https:\/\/cdn3.ivivu.com\/2016\/12\/hay-di-phuot-nhu-2-hot-boy-nguoi-y-de-thay-viet-nam-cua-chung-minh-dep-nhu-the-nao-ivivu-4.jpg","keywords":["\u1ea2nh \u0111\u1eb9p Vi\u1ec7t Nam","\u0111i\u1ec3m \u0111\u1ebfn Vi\u1ec7t Nam","kinh nghi\u1ec7m \u0111i ph\u01b0\u1ee3t","ph\u01b0\u1ee3t","ph\u01b0\u1ee3t vi\u1ec7t nam","Vi\u1ec7t Nam"],"articleSection":["DU L\u1ecaCH VI\u1ec6T NAM","\u0110i\u1ec3m \u0111\u1ebfn","N\u1ed5i B\u1eadt 2"],"inLanguage":"vi"},{"@type":"WebPage","@id":"https:\/\/www.ivivu.com\/blog\/2016\/12\/hay-di-phuot-nhu-2-hot-boy-nguoi-y-de-thay-viet-nam-cua-chung-minh-dep-nhu-the-nao\/","url":"https:\/\/www.ivivu.com\/blog\/2016\/12\/hay-di-phuot-nhu-2-hot-boy-nguoi-y-de-thay-viet-nam-cua-chung-minh-dep-nhu-the-nao\/","name":"H\u00e3y \u0111i ph\u01b0\u1ee3t nh\u01b0 2 hot boy ng\u01b0\u1eddi \u00dd \u0111\u1ec3 th\u1ea5y Vi\u1ec7t Nam c\u1ee7a ch\u00fang m\u00ecnh \u0111\u1eb9p nh\u01b0 th\u1ebf n\u00e0o - iVIVU.com","isPartOf":{"@id":"https:\/\/www.ivivu.com\/blog\/#website"},"primaryImageOfPage":{"@id":"https:\/\/www.ivivu.com\/blog\/2016\/12\/hay-di-phuot-nhu-2-hot-boy-nguoi-y-de-thay-viet-nam-cua-chung-minh-dep-nhu-the-nao\/#primaryimage"},"image":{"@id":"https:\/\/www.ivivu.com\/blog\/2016\/12\/hay-di-phuot-nhu-2-hot-boy-nguoi-y-de-thay-viet-nam-cua-chung-minh-dep-nhu-the-nao\/#primaryimage"},"thumbnailUrl":"https:\/\/cdn3.ivivu.com\/2016\/12\/hay-di-phuot-nhu-2-hot-boy-nguoi-y-de-thay-viet-nam-cua-chung-minh-dep-nhu-the-nao-ivivu-4.jpg","datePublished":"2016-12-28T09:18:47+00:00","dateModified":"2016-12-28T01:19:52+00:00","description":"Khi \u0111\u1ebfn Vi\u1ec7t Nam, Luca v\u00e0 Alessandro \u0111\u00e3 \u0111\u1ebfn nhi\u1ec1u \u0111\u1ecba \u0111i\u1ec3m du l\u1ecbch. Ph\u01b0\u1ee3t \u0111\u1ebfn \u0111\u00e2u, h\u1ecd c\u0169ng ghi ch\u00e9p c\u1ea9n th\u1eadn v\u00e0 ch\u1ee5p nh\u1eefng b\u1ee9c \u1ea3nh \u0111\u1eb9p nh\u01b0 trong t\u1ea1p ch\u00ed.","breadcrumb":{"@id":"https:\/\/www.ivivu.com\/blog\/2016\/12\/hay-di-phuot-nhu-2-hot-boy-nguoi-y-de-thay-viet-nam-cua-chung-minh-dep-nhu-the-nao\/#breadcrumb"},"inLanguage":"vi","potentialAction":[{"@type":"ReadAction","target":["https:\/\/www.ivivu.com\/blog\/2016\/12\/hay-di-phuot-nhu-2-hot-boy-nguoi-y-de-thay-viet-nam-cua-chung-minh-dep-nhu-the-nao\/"]}]},{"@type":"ImageObject","inLanguage":"vi","@id":"https:\/\/www.ivivu.com\/blog\/2016\/12\/hay-di-phuot-nhu-2-hot-boy-nguoi-y-de-thay-viet-nam-cua-chung-minh-dep-nhu-the-nao\/#primaryimage","url":"https:\/\/cdn3.ivivu.com\/2016\/12\/hay-di-phuot-nhu-2-hot-boy-nguoi-y-de-thay-viet-nam-cua-chung-minh-dep-nhu-the-nao-ivivu-4.jpg","contentUrl":"https:\/\/cdn3.ivivu.com\/2016\/12\/hay-di-phuot-nhu-2-hot-boy-nguoi-y-de-thay-viet-nam-cua-chung-minh-dep-nhu-the-nao-ivivu-4.jpg","width":650,"height":813},{"@type":"BreadcrumbList","@id":"https:\/\/www.ivivu.com\/blog\/2016\/12\/hay-di-phuot-nhu-2-hot-boy-nguoi-y-de-thay-viet-nam-cua-chung-minh-dep-nhu-the-nao\/#breadcrumb","itemListElement":[{"@type":"ListItem","position":1,"name":"Home","item":"https:\/\/www.ivivu.com\/blog\/"},{"@type":"ListItem","position":2,"name":"H\u00e3y \u0111i ph\u01b0\u1ee3t nh\u01b0 2 hot boy ng\u01b0\u1eddi \u00dd \u0111\u1ec3 th\u1ea5y Vi\u1ec7t Nam c\u1ee7a ch\u00fang m\u00ecnh \u0111\u1eb9p nh\u01b0 th\u1ebf n\u00e0o!"}]},{"@type":"WebSite","@id":"https:\/\/www.ivivu.com\/blog\/#website","url":"https:\/\/www.ivivu.com\/blog\/","name":"C\u1ea9m nang du l\u1ecbch","description":"","publisher":{"@id":"https:\/\/www.ivivu.com\/blog\/#organization"},"potentialAction":[{"@type":"SearchAction","target":{"@type":"EntryPoint","urlTemplate":"https:\/\/www.ivivu.com\/blog\/?s={search_term_string}"},"query-input":"required name=search_term_string"}],"inLanguage":"vi"},{"@type":"Organization","@id":"https:\/\/www.ivivu.com\/blog\/#organization","name":"iVIVU.com","url":"https:\/\/www.ivivu.com\/blog\/","logo":{"@type":"ImageObject","inLanguage":"vi","@id":"https:\/\/www.ivivu.com\/blog\/#\/schema\/logo\/image\/","url":"https:\/\/cdn3.ivivu.com\/2024\/01\/ivivu_no_slogan.png","contentUrl":"https:\/\/cdn3.ivivu.com\/2024\/01\/ivivu_no_slogan.png","width":788,"height":565,"caption":"iVIVU.com"},"image":{"@id":"https:\/\/www.ivivu.com\/blog\/#\/schema\/logo\/image\/"},"sameAs":["https:\/\/www.facebook.com\/iVIVU"]},{"@type":"Person","@id":"https:\/\/www.ivivu.com\/blog\/#\/schema\/person\/f6e706f46fad4e85f2e1c3ec41136369","name":"Ng\u00e2n Thi\u1ec1u Kim","sameAs":["https:\/\/www.ivivu.com\/blog\/"],"url":"https:\/\/www.ivivu.com\/blog\/author\/ngan-thieu\/"}]}},"_links":{"self":[{"href":"https:\/\/www.ivivu.com\/blog\/wp-json\/wp\/v2\/posts\/184088"}],"collection":[{"href":"https:\/\/www.ivivu.com\/blog\/wp-json\/wp\/v2\/posts"}],"about":[{"href":"https:\/\/www.ivivu.com\/blog\/wp-json\/wp\/v2\/types\/post"}],"author":[{"embeddable":true,"href":"https:\/\/www.ivivu.com\/blog\/wp-json\/wp\/v2\/users\/38"}],"replies":[{"embeddable":true,"href":"https:\/\/www.ivivu.com\/blog\/wp-json\/wp\/v2\/comments?post=184088"}],"version-history":[{"count":6,"href":"https:\/\/www.ivivu.com\/blog\/wp-json\/wp\/v2\/posts\/184088\/revisions"}],"predecessor-version":[{"id":184262,"href":"https:\/\/www.ivivu.com\/blog\/wp-json\/wp\/v2\/posts\/184088\/revisions\/184262"}],"wp:featuredmedia":[{"embeddable":true,"href":"https:\/\/www.ivivu.com\/blog\/wp-json\/wp\/v2\/media\/184092"}],"wp:attachment":[{"href":"https:\/\/www.ivivu.com\/blog\/wp-json\/wp\/v2\/media?parent=184088"}],"wp:term":[{"taxonomy":"category","embeddable":true,"href":"https:\/\/www.ivivu.com\/blog\/wp-json\/wp\/v2\/categories?post=184088"},{"taxonomy":"post_tag","embeddable":true,"href":"https:\/\/www.ivivu.com\/blog\/wp-json\/wp\/v2\/tags?post=184088"}],"curies":[{"name":"wp","href":"https:\/\/api.w.org\/{rel}","templated":true}]}}