{"id":187204,"date":"2017-01-17T13:10:36","date_gmt":"2017-01-17T06:10:36","guid":{"rendered":"https:\/\/www.ivivu.com\/blog\/?p=187204"},"modified":"2019-02-14T11:04:53","modified_gmt":"2019-02-14T04:04:53","slug":"check-in-swiss-belresort-tuyen-lam-khu-nghi-duong-co-khung-canh-nhu-chau-au-o-da-lat","status":"publish","type":"post","link":"https:\/\/www.ivivu.com\/blog\/2017\/01\/check-in-swiss-belresort-tuyen-lam-khu-nghi-duong-co-khung-canh-nhu-chau-au-o-da-lat\/","title":{"rendered":"Check-in Swiss Belresort Tuy\u1ec1n L\u00e2m &#8211; khu ngh\u1ec9 d\u01b0\u1ee1ng c\u00f3 khung c\u1ea3nh nh\u01b0 ch\u00e2u \u00c2u \u1edf \u0110\u00e0 L\u1ea1t"},"content":{"rendered":"<p style=\"text-align: justify;\"><em><strong>\u0110\u1ebfn \u0110\u00e0 L\u1ea1t b\u1ea1n h\u00e3y \u201csang ch\u1ea3nh\u201d m\u1ed9t l\u1ea7n, l\u01b0u tr\u00fa t\u1ea1i resort xinh \u0111\u1eb9p nh\u01b0 l\u1ea1c gi\u1eefa tr\u1eddi \u00c2u n\u00e0y, ch\u1eafc ch\u1eafn b\u1ea1n s\u1ebd c\u00f3 nguy\u00ean m\u1ed9t abum \u1ea3nh \u0111\u1ec3 \u201cs\u1ed1ng \u1ea3o\u201d c\u1ea3 n\u0103m d\u00f9 ch\u1ec9 loanh quanh trong khu\u00f4n vi\u00ean resort th\u00f4i.<\/strong><\/em><\/p>\n<p style=\"text-align: justify;\"><!--more--><\/p>\n<p style=\"text-align: justify;\"><strong><div class=\"ltt-contentbox white\"><\/span>Xem th\u00eam: <a href=\"https:\/\/www.ivivu.com\/blog\/category\/viet-nam\/da-lat\/\" target=\"_blank\">Du l\u1ecbch \u0110\u00e0 L\u1ea1t<\/a><\/div> <\/strong><\/p>\n<h2 style=\"text-align: justify;\">Check-in Swiss Belresort Tuy\u1ec1n L\u00e2m &#8211; khu ngh\u1ec9 d\u01b0\u1ee1ng c\u00f3 khung c\u1ea3nh nh\u01b0 ch\u00e2u \u00c2u \u1edf \u0110\u00e0 L\u1ea1t<\/h2>\n<p style=\"text-align: justify;\">S\u1edf h\u1eefu v\u1ecb tr\u00ed tuy\u1ec7t \u0111\u1eb9p ngay b\u00ean h\u1ed3 Tuy\u1ec1n L\u00e2m, <strong><a href=\"https:\/\/www.ivivu.com\/khach-san-da-lat\/swiss-belresort-tuyen-lam-da-lat?utm_source=blog_ivivu&amp;utm_medium=post_link&amp;utm_campaign=internal\" target=\"_blank\">Swiss Belresort Tuy\u1ec1n L\u00e2m<\/a><\/strong>\u00a0l\u00e0 m\u1ed9t trong nh\u1eefng khu resort c\u00f3 kh\u00f4ng gian \u0111\u1eb9p nh\u1ea5t \u0110\u00e0 L\u1ea1t v\u1edbi m\u1ed9t b\u00ean l\u00e0 r\u1eebng th\u00f4ng, m\u1ed9t b\u00ean l\u00e0 h\u1ed3 Tuy\u1ec1n L\u00e2m. Khu ngh\u1ec9 d\u01b0\u1ee1ng \u0111\u01b0\u1ee3c thi\u1ebft k\u1ebf v\u1edbi l\u1ed1i ki\u1ebfn tr\u00fac hi\u1ec7n \u0111\u1ea1i, ph\u00f2ng tho\u00e1ng, view r\u1ed9ng nh\u01b0ng v\u1eabn h\u00f2a h\u1ee3p v\u1edbi thi\u00ean nhi\u00ean.<\/p>\n<div id=\"attachment_187210\" style=\"width: 600px\" class=\"wp-caption aligncenter\"><img loading=\"lazy\" decoding=\"async\" aria-describedby=\"caption-attachment-187210\" class=\"wp-image-187210 size-full\" title=\"\u1ea2nh:@swissbelresorttldl\" src=\"https:\/\/cdn3.ivivu.com\/2017\/01\/Swiss-Belresort-tuyen-lam-ivivu-2.png\" alt=\"\u1ea2nh:@swissbelresorttldl\" width=\"590\" height=\"584\" srcset=\"https:\/\/cdn3.ivivu.com\/2017\/01\/Swiss-Belresort-tuyen-lam-ivivu-2.png 590w, https:\/\/cdn3.ivivu.com\/2017\/01\/Swiss-Belresort-tuyen-lam-ivivu-2-308x305.png 308w, https:\/\/cdn3.ivivu.com\/2017\/01\/Swiss-Belresort-tuyen-lam-ivivu-2-75x75.png 75w\" sizes=\"(max-width: 590px) 100vw, 590px\" \/><p id=\"caption-attachment-187210\" class=\"wp-caption-text\">\u1ea2nh:@swissbelresorttldl<\/p><\/div>\n<div id=\"attachment_187212\" style=\"width: 606px\" class=\"wp-caption aligncenter\"><img loading=\"lazy\" decoding=\"async\" aria-describedby=\"caption-attachment-187212\" class=\"wp-image-187212 size-full\" title=\"\u1ea2nh:@onshuway\" src=\"https:\/\/cdn3.ivivu.com\/2017\/01\/Swiss-Belresort-tuyen-lam-ivivu-3.png\" alt=\"\u1ea2nh:@onshuway\" width=\"596\" height=\"444\" srcset=\"https:\/\/cdn3.ivivu.com\/2017\/01\/Swiss-Belresort-tuyen-lam-ivivu-3.png 596w, https:\/\/cdn3.ivivu.com\/2017\/01\/Swiss-Belresort-tuyen-lam-ivivu-3-409x305.png 409w\" sizes=\"(max-width: 596px) 100vw, 596px\" \/><p id=\"caption-attachment-187212\" class=\"wp-caption-text\">\u1ea2nh:@onshuway<\/p><\/div>\n<div id=\"attachment_187222\" style=\"width: 605px\" class=\"wp-caption aligncenter\"><img loading=\"lazy\" decoding=\"async\" aria-describedby=\"caption-attachment-187222\" class=\"wp-image-187222 size-full\" title=\"\u1ea2nh:@6natures\" src=\"https:\/\/cdn3.ivivu.com\/2017\/01\/Swiss-Belresort-tuyen-lam-ivivu-6.png\" alt=\"\u1ea2nh:@6natures\" width=\"595\" height=\"469\" srcset=\"https:\/\/cdn3.ivivu.com\/2017\/01\/Swiss-Belresort-tuyen-lam-ivivu-6.png 595w, https:\/\/cdn3.ivivu.com\/2017\/01\/Swiss-Belresort-tuyen-lam-ivivu-6-387x305.png 387w\" sizes=\"(max-width: 595px) 100vw, 595px\" \/><p id=\"caption-attachment-187222\" class=\"wp-caption-text\">\u1ea2nh:@6natures<\/p><\/div>\n<p style=\"text-align: justify;\">\u0110\u01b0\u1ee3c bao quanh b\u1edfi c\u00e1c ng\u1ecdn \u0111\u1ed3i, Swiss-Belresort Tuy\u1ec1n L\u00e2m s\u1edf h\u1eefu m\u1ed9t c\u1ea3nh quan \u0111\u1eb7c bi\u1ec7t v\u00e0 m\u1ed9t kh\u00f4ng kh\u00ed trong l\u00e0nh. C\u00f9ng v\u1edbi\u00a0ki\u1ebfn tr\u00fac Anglo-Normand theo phong c\u00e1ch v\u00f9ng mi\u1ec1n qu\u00ea Anh-Ph\u00e1p, n\u1eb1m g\u1ecdn gi\u1eefa m\u1ed9t s\u00e2n golf 18 l\u1ed7, \u0111\u00e3 t\u1ea1o n\u00ean \u0111i\u1ec3m nh\u1ea5n \u0111\u1ec3 t\u1eeb \u0111\u00e2y kh\u00e1ch c\u00f3 th\u1ec3 nh\u00ecn ng\u1eafm trong khi \u0111i d\u1ea1o quanh c\u00e1c \u0111\u01b0\u1eddng golf.<\/p>\n<div id=\"attachment_187209\" style=\"width: 601px\" class=\"wp-caption aligncenter\"><img loading=\"lazy\" decoding=\"async\" aria-describedby=\"caption-attachment-187209\" class=\"wp-image-187209 size-full\" title=\"\u1ea2nh:@narylex\" src=\"https:\/\/cdn3.ivivu.com\/2017\/01\/Swiss-Belresort-tuyen-lam-ivivu-1.png\" alt=\"\u1ea2nh:@narylex\" width=\"591\" height=\"499\" srcset=\"https:\/\/cdn3.ivivu.com\/2017\/01\/Swiss-Belresort-tuyen-lam-ivivu-1.png 591w, https:\/\/cdn3.ivivu.com\/2017\/01\/Swiss-Belresort-tuyen-lam-ivivu-1-361x305.png 361w\" sizes=\"(max-width: 591px) 100vw, 591px\" \/><p id=\"caption-attachment-187209\" class=\"wp-caption-text\">\u1ea2nh:@narylex<\/p><\/div>\n<div id=\"attachment_187223\" style=\"width: 483px\" class=\"wp-caption aligncenter\"><img loading=\"lazy\" decoding=\"async\" aria-describedby=\"caption-attachment-187223\" class=\"wp-image-187223 size-full\" title=\"\u1ea2nh:@tram.p.thach\" src=\"https:\/\/cdn3.ivivu.com\/2017\/01\/Swiss-Belresort-tuyen-lam-ivivu-7.png\" alt=\"\u1ea2nh:@tram.p.thach\" width=\"473\" height=\"585\" srcset=\"https:\/\/cdn3.ivivu.com\/2017\/01\/Swiss-Belresort-tuyen-lam-ivivu-7.png 473w, https:\/\/cdn3.ivivu.com\/2017\/01\/Swiss-Belresort-tuyen-lam-ivivu-7-247x305.png 247w\" sizes=\"(max-width: 473px) 100vw, 473px\" \/><p id=\"caption-attachment-187223\" class=\"wp-caption-text\">\u1ea2nh:@tram.p.thach<\/p><\/div>\n<div id=\"attachment_187224\" style=\"width: 604px\" class=\"wp-caption aligncenter\"><img loading=\"lazy\" decoding=\"async\" aria-describedby=\"caption-attachment-187224\" class=\"wp-image-187224 size-full\" title=\"\u1ea2nh:@yuringn\" src=\"https:\/\/cdn3.ivivu.com\/2017\/01\/Swiss-Belresort-tuyen-lam-ivivu-8.png\" alt=\"\u1ea2nh:@yuringn\" width=\"594\" height=\"448\" srcset=\"https:\/\/cdn3.ivivu.com\/2017\/01\/Swiss-Belresort-tuyen-lam-ivivu-8.png 594w, https:\/\/cdn3.ivivu.com\/2017\/01\/Swiss-Belresort-tuyen-lam-ivivu-8-404x305.png 404w\" sizes=\"(max-width: 594px) 100vw, 594px\" \/><p id=\"caption-attachment-187224\" class=\"wp-caption-text\">\u1ea2nh:@yuringn<\/p><\/div>\n<p style=\"text-align: justify;\">Nh\u00ecn t\u1ed5ng th\u1ec3, Swiss-Belresort Tuy\u1ec1n L\u00e2m gi\u1ed1ng nh\u01b0 m\u1ed9t \u1ed1c \u0111\u1ea3o \u0111\u1ea7y hoa \u0111\u01b0\u1ee3c bao ph\u1ee7 b\u1edfi thi\u00ean nhi\u00ean \u0111\u1eb9p l\u00e3ng m\u1ea1n \u0111\u1ebfn say l\u00f2ng ng\u01b0\u1eddi. T\u1eeb m\u1ed7i \u00f4 c\u1eeda s\u1ed5 c\u1ee7a t\u1ea5t c\u1ea3 m\u1ecdi c\u0103n ph\u00f2ng trong resort, nh\u1eefng c\u1ea3nh quan nh\u01b0 trong nh\u1eefng c\u00e2u chuy\u1ec7n th\u1ea7n ti\u00ean m\u1edf ra th\u00eanh thang v\u1edbi nh\u1eefng c\u00e1nh r\u1eebng th\u00f4ng xanh ng\u00e1t tr\u1ea3i d\u00e0i \u0111\u1ebfn t\u1eadn m\u1eb7t n\u01b0\u1edbc h\u1ed3. Ti\u1ebfng chim h\u00f3t v\u00e9o von \u0111\u00e2u \u0111\u00f3 tr\u00ean nh\u1eefng c\u00e0nh c\u00e2y cao v\u00e0 kh\u00f4ng kh\u00ed trong l\u00e0nh m\u00e1t m\u1ebb quanh n\u0103m c\u1ee7a \u0110\u00e0 L\u1ea1t c\u0169ng g\u00f3p ph\u1ea7n l\u00e0m cho Swiss-Belresort Tuy\u1ec1n L\u00e2m\u00a0tr\u1edf th\u00e0nh m\u1ed9t n\u01a1i ho\u00e0n h\u1ea3o \u0111\u1ec3 c\u1ea3m th\u1ee5 v\u1ec1 v\u1ebb \u0111\u1eb9p c\u1ee7a th\u00e0nh ph\u1ed1 ng\u00e0n hoa.<\/p>\n<div id=\"attachment_187214\" style=\"width: 607px\" class=\"wp-caption aligncenter\"><img loading=\"lazy\" decoding=\"async\" aria-describedby=\"caption-attachment-187214\" class=\"wp-image-187214 size-full\" title=\"\u1ea2nh:@huy_nguyen88\" src=\"https:\/\/cdn3.ivivu.com\/2017\/01\/Swiss-Belresort-tuyen-lam-ivivu-4.png\" alt=\"\u1ea2nh:@huy_nguyen88\" width=\"597\" height=\"458\" srcset=\"https:\/\/cdn3.ivivu.com\/2017\/01\/Swiss-Belresort-tuyen-lam-ivivu-4.png 597w, https:\/\/cdn3.ivivu.com\/2017\/01\/Swiss-Belresort-tuyen-lam-ivivu-4-398x305.png 398w, https:\/\/cdn3.ivivu.com\/2017\/01\/Swiss-Belresort-tuyen-lam-ivivu-4-520x400.png 520w\" sizes=\"(max-width: 597px) 100vw, 597px\" \/><p id=\"caption-attachment-187214\" class=\"wp-caption-text\">\u1ea2nh:@huy_nguyen88<\/p><\/div>\n<p><img loading=\"lazy\" decoding=\"async\" class=\"aligncenter size-full wp-image-187247\" src=\"https:\/\/cdn3.ivivu.com\/2017\/01\/swiss-belresort-tuyen-lam-da-lat-14-800x450.jpg\" alt=\"swiss-belresort-tuyen-lam-da-lat-14-800x450\" width=\"667\" height=\"400\" srcset=\"https:\/\/cdn3.ivivu.com\/2017\/01\/swiss-belresort-tuyen-lam-da-lat-14-800x450.jpg 667w, https:\/\/cdn3.ivivu.com\/2017\/01\/swiss-belresort-tuyen-lam-da-lat-14-800x450-509x305.jpg 509w\" sizes=\"(max-width: 667px) 100vw, 667px\" \/><\/p>\n<p style=\"text-align: justify;\">V\u1edbi h\u1ec7 th\u1ed1ng 151 ph\u00f2ng trang b\u1ecb \u0111\u1ea7y \u0111\u1ee7 ti\u1ec7n nghi, thi\u1ebft k\u1ebf theo phong c\u00e1ch hi\u1ec7n \u0111\u1ea1i v\u1edbi gam m\u00e0u t\u01b0\u01a1i s\u00e1ng, n\u1ec1n l\u00f3t g\u1ed7\u2026 khi b\u01b0\u1edbc ch\u00e2n v\u00e0o b\u00ean trong c\u00e1c ph\u00f2ng, b\u1ea1n s\u1ebd c\u1ea3m nh\u1eadn \u0111\u01b0\u1ee3c s\u1ef1 tinh t\u1ebf, trang nh\u00e3 c\u1ee7a n\u01a1i \u0111\u00e2y.<\/p>\n<div id=\"attachment_187225\" style=\"width: 601px\" class=\"wp-caption aligncenter\"><img loading=\"lazy\" decoding=\"async\" aria-describedby=\"caption-attachment-187225\" class=\"wp-image-187225 size-full\" title=\"\u1ea2nh:@bievo\" src=\"https:\/\/cdn3.ivivu.com\/2017\/01\/Swiss-Belresort-tuyen-lam-ivivu-9.png\" alt=\"\u1ea2nh:@bievo\" width=\"591\" height=\"584\" srcset=\"https:\/\/cdn3.ivivu.com\/2017\/01\/Swiss-Belresort-tuyen-lam-ivivu-9.png 591w, https:\/\/cdn3.ivivu.com\/2017\/01\/Swiss-Belresort-tuyen-lam-ivivu-9-309x305.png 309w, https:\/\/cdn3.ivivu.com\/2017\/01\/Swiss-Belresort-tuyen-lam-ivivu-9-75x75.png 75w\" sizes=\"(max-width: 591px) 100vw, 591px\" \/><p id=\"caption-attachment-187225\" class=\"wp-caption-text\">\u1ea2nh:@bievo<\/p><\/div>\n<div id=\"attachment_187226\" style=\"width: 604px\" class=\"wp-caption aligncenter\"><img loading=\"lazy\" decoding=\"async\" aria-describedby=\"caption-attachment-187226\" class=\"wp-image-187226 size-full\" title=\"\u1ea2nh:@khoipm\" src=\"https:\/\/cdn3.ivivu.com\/2017\/01\/Swiss-Belresort-tuyen-lam-ivivu-10.png\" alt=\"\u1ea2nh:@khoipm\" width=\"594\" height=\"590\" srcset=\"https:\/\/cdn3.ivivu.com\/2017\/01\/Swiss-Belresort-tuyen-lam-ivivu-10.png 594w, https:\/\/cdn3.ivivu.com\/2017\/01\/Swiss-Belresort-tuyen-lam-ivivu-10-307x305.png 307w, https:\/\/cdn3.ivivu.com\/2017\/01\/Swiss-Belresort-tuyen-lam-ivivu-10-75x75.png 75w\" sizes=\"(max-width: 594px) 100vw, 594px\" \/><p id=\"caption-attachment-187226\" class=\"wp-caption-text\">\u1ea2nh:@khoipm<\/p><\/div>\n<p style=\"text-align: justify;\">Ngo\u00e0i ra, Swiss Belresort Tuy\u1ec1n L\u00e2m c\u00f2n s\u1edf h\u1eefu m\u1ed9t kh\u00f4ng gian r\u1ed9ng th\u00eanh thang v\u1edbi t\u1eebng tri\u1ec1n \u0111\u1ed3i ph\u1ee7 xanh m\u00e0u c\u1ecf m\u1ec1m m\u1ecbn, nh\u1eefng \u0111\u1ed3i th\u00f4ng cao v\u00fat x\u1ebfp th\u00e0nh t\u1eebng h\u00e0ng khi\u00eam t\u1ed1n, t\u1eeb tr\u00ean cao b\u1ea1n c\u00f3 th\u1ec3 nh\u00ecn bao qu\u00e1t to\u00e0n b\u1ed9 khung c\u1ea3nh th\u01a1 m\u1ed9ng c\u1ee7a th\u00e0nh ph\u1ed1 \u0110\u00e0 L\u1ea1t.<\/p>\n<p style=\"text-align: justify;\"><img loading=\"lazy\" decoding=\"async\" class=\"aligncenter size-full wp-image-187251\" src=\"https:\/\/cdn3.ivivu.com\/2017\/01\/swiss-belresort-tuyen-lam-da-lat-15.jpg\" alt=\"swiss-belresort-tuyen-lam-da-lat-15\" width=\"686\" height=\"400\" srcset=\"https:\/\/cdn3.ivivu.com\/2017\/01\/swiss-belresort-tuyen-lam-da-lat-15.jpg 686w, https:\/\/cdn3.ivivu.com\/2017\/01\/swiss-belresort-tuyen-lam-da-lat-15-523x305.jpg 523w, https:\/\/cdn3.ivivu.com\/2017\/01\/swiss-belresort-tuyen-lam-da-lat-15-370x215.jpg 370w, https:\/\/cdn3.ivivu.com\/2017\/01\/swiss-belresort-tuyen-lam-da-lat-15-50x28.jpg 50w\" sizes=\"(max-width: 686px) 100vw, 686px\" \/><\/p>\n<div id=\"attachment_187227\" style=\"width: 605px\" class=\"wp-caption aligncenter\"><img loading=\"lazy\" decoding=\"async\" aria-describedby=\"caption-attachment-187227\" class=\"wp-image-187227 size-full\" title=\"\u1ea2nh:@swissbelhotel\" src=\"https:\/\/cdn3.ivivu.com\/2017\/01\/Swiss-Belresort-tuyen-lam-ivivu-11.png\" alt=\"\u1ea2nh:@swissbelhotel\" width=\"595\" height=\"442\" srcset=\"https:\/\/cdn3.ivivu.com\/2017\/01\/Swiss-Belresort-tuyen-lam-ivivu-11.png 595w, https:\/\/cdn3.ivivu.com\/2017\/01\/Swiss-Belresort-tuyen-lam-ivivu-11-411x305.png 411w\" sizes=\"(max-width: 595px) 100vw, 595px\" \/><p id=\"caption-attachment-187227\" class=\"wp-caption-text\">\u1ea2nh:@swissbelhotel<\/p><\/div>\n<p style=\"text-align: justify;\">\u0110i\u1ec3m c\u1ed9ng c\u1ee7a khu ngh\u1ec9 d\u01b0\u1ee1ng n\u00e0y l\u00e0 khu\u00f4n vi\u00ean r\u1ea5t r\u1ed9ng v\u00e0 kh\u1ed1i nh\u00e0 \u0111\u01b0\u1ee3c bao quanh b\u1edfi c\u00e2y xanh n\u00ean v\u00f4 c\u00f9ng m\u00e1t m\u1ebb \u0111\u1ed3ng th\u1eddi c\u00f3 qu\u00e1 nhi\u1ec1u g\u00f3c \u0111\u1eb9p \u0111\u1ec3 ph\u1ee5c v\u1ee5 c\u00f4ng t\u00e1c \u201cch\u1ee5p \u1ea3nh\u201d.<\/p>\n<p style=\"text-align: justify;\"><img loading=\"lazy\" decoding=\"async\" class=\"aligncenter size-full wp-image-187252\" src=\"https:\/\/cdn3.ivivu.com\/2017\/01\/swiss-belresort-tuyen-lam-da-lat-16.jpg\" alt=\"swiss-belresort-tuyen-lam-da-lat-16\" width=\"561\" height=\"400\" srcset=\"https:\/\/cdn3.ivivu.com\/2017\/01\/swiss-belresort-tuyen-lam-da-lat-16.jpg 561w, https:\/\/cdn3.ivivu.com\/2017\/01\/swiss-belresort-tuyen-lam-da-lat-16-428x305.jpg 428w, https:\/\/cdn3.ivivu.com\/2017\/01\/swiss-belresort-tuyen-lam-da-lat-16-50x35.jpg 50w\" sizes=\"(max-width: 561px) 100vw, 561px\" \/><\/p>\n<div id=\"attachment_187228\" style=\"width: 604px\" class=\"wp-caption aligncenter\"><img loading=\"lazy\" decoding=\"async\" aria-describedby=\"caption-attachment-187228\" class=\"wp-image-187228 size-full\" title=\"\u1ea2nh:@thucherry\" src=\"https:\/\/cdn3.ivivu.com\/2017\/01\/Swiss-Belresort-tuyen-lam-ivivu-12.png\" alt=\"\u1ea2nh:@thucherry\" width=\"594\" height=\"445\" srcset=\"https:\/\/cdn3.ivivu.com\/2017\/01\/Swiss-Belresort-tuyen-lam-ivivu-12.png 594w, https:\/\/cdn3.ivivu.com\/2017\/01\/Swiss-Belresort-tuyen-lam-ivivu-12-407x305.png 407w\" sizes=\"(max-width: 594px) 100vw, 594px\" \/><p id=\"caption-attachment-187228\" class=\"wp-caption-text\">\u1ea2nh:@thucherry<\/p><\/div>\n<div id=\"attachment_187219\" style=\"width: 486px\" class=\"wp-caption aligncenter\"><img loading=\"lazy\" decoding=\"async\" aria-describedby=\"caption-attachment-187219\" class=\"wp-image-187219 size-full\" title=\"\u1ea2nh:@vickythai89\" src=\"https:\/\/cdn3.ivivu.com\/2017\/01\/Swiss-Belresort-tuyen-lam-ivivu-5.png\" alt=\"\u1ea2nh:@vickythai89\" width=\"476\" height=\"584\" srcset=\"https:\/\/cdn3.ivivu.com\/2017\/01\/Swiss-Belresort-tuyen-lam-ivivu-5.png 476w, https:\/\/cdn3.ivivu.com\/2017\/01\/Swiss-Belresort-tuyen-lam-ivivu-5-249x305.png 249w\" sizes=\"(max-width: 476px) 100vw, 476px\" \/><p id=\"caption-attachment-187219\" class=\"wp-caption-text\">\u1ea2nh:@vickythai89<\/p><\/div>\n<p style=\"text-align: justify;\">Kh\u00f4ng ch\u1ec9 c\u00f3 c\u1ea3nh quan thi\u00ean nhi\u00ean tuy\u1ec7t di\u1ec7u, m\u1ed7i c\u0103n ph\u00f2ng, m\u1ed7i g\u00f3c v\u01b0\u1eddn, m\u1ed7i \u0111o\u1ea1n \u0111\u01b0\u1eddng cong, m\u1ed7i c\u00e0nh hoa, chi\u1ebfc l\u00e1\u2026 \u0111\u1ec1u \u0111\u01b0\u1ee3c ch\u00fa \u00fd ch\u0103m ch\u00fat t\u1ec9 m\u1ec9 \u0111\u1ec3 m\u1ed7i du kh\u00e1ch \u0111\u1ebfn \u0111\u00e2y \u0111\u1ec1u c\u1ea3m nh\u1eadn s\u1ef1 \u1ea5m c\u00fang, th\u00e2n thu\u1ed9c, b\u00ecnh an, m\u1ed9t n\u01a1i v\u00f4 c\u00f9ng l\u00fd t\u01b0\u1edfng \u0111\u1ec3 ngh\u1ec9 d\u01b0\u1ee1ng sau nh\u1eefng ng\u00e0y b\u1eadn r\u1ed9n.<\/p>\n<h4 style=\"text-align: center;\"><div class=\"ltt-contentbox white\"><\/span>G\u1ecdi ngay \u0111\u1ebfn s\u1ed1 hotline\u00a01900 1870 ho\u1eb7c click <a href=\"https:\/\/www.ivivu.com\/khach-san-da-lat\/swiss-belresort-tuyen-lam-da-lat?utm_source=blog_ivivu&amp;utm_medium=post_link&amp;utm_campaign=internal\" target=\"_blank\">T\u1ea0I \u0110\u00c2Y<\/a> \u00a0\u0111\u1ec3 \u0111\u1eb7t ngay\u00a0Swiss Belresort Tuy\u1ec1n L\u00e2m gi\u00e1 khuy\u1ebfn m\u00e3i c\u1ef1c t\u1ed1t t\u1eeb iVIVU.com<\/div><\/h4>\n<p style=\"text-align: right;\"><strong>\u00a0Theo iVIVU.com<\/strong><\/p>\n<p><strong><div class=\"ltt-contentbox white\"><\/span><\/strong><\/p>\n<p><strong>Xem th\u00eam c\u00e1c b\u00e0i vi\u1ebft:<\/strong><\/p>\n<p><strong><a href=\"https:\/\/www.ivivu.com\/blog\/2017\/01\/nhung-diem-den-bong-dung-noi-tieng-nho-cac-mv-ca-nhac\/\" target=\"_blank\">Nh\u1eefng \u0111i\u1ec3m \u0111\u1ebfn \u2018b\u1ed7ng d\u01b0ng n\u1ed5i ti\u1ebfng\u2019 nh\u1edd c\u00e1c MV ca nh\u1ea1c<\/a><\/strong><\/p>\n<p><strong><a href=\"https:\/\/www.ivivu.com\/blog\/2016\/12\/le-hoi-hoa-mai-anh-dao-2017-se-duoc-to-chuc-vao-sau-tet-nguyen-dan\/\" target=\"_blank\">L\u1ec5 h\u1ed9i hoa mai anh \u0111\u00e0o 2017 s\u1ebd \u0111\u01b0\u1ee3c t\u1ed5 ch\u1ee9c v\u00e0o sau T\u1ebft nguy\u00ean \u0111\u00e1n<\/a><\/strong><\/p>\n<p><strong><a href=\"https:\/\/www.ivivu.com\/blog\/2016\/09\/quan-khong-phai-cu-co-tien-la-duoc-an-o-da-lat\/\" target=\"_blank\">Qu\u00e1n \u2018kh\u00f4ng ph\u1ea3i c\u1ee9 c\u00f3 ti\u1ec1n l\u00e0 \u0111\u01b0\u1ee3c \u0103n\u2019 \u1edf \u0110\u00e0 L\u1ea1t<\/a><\/strong><\/p>\n<p><strong><\/div><\/strong><\/p>\n<h3><div class=\"ltt-contentbox white\"><\/span>Tham kh\u1ea3o <a href=\"https:\/\/www.ivivu.com\/khach-san-da-lat?utm_source=blog_ivivu&amp;utm_medium=post_link&amp;utm_campaign=internal\" target=\"_blank\">danh s\u00e1ch kh\u00e1ch s\u1ea1n \u0110\u00e0 L\u1ea1t<\/a>\u00a0khuy\u1ebfn m\u00e3i c\u1ef1c h\u1ea5p d\u1eabn t\u1eeb iVIVU.com<\/div><\/h3>\n<p><strong>***<\/strong><\/p>\n<p><strong>Tham kh\u1ea3o:\u00a0<a href=\"https:\/\/www.ivivu.com\/blog\/?utm_source=blog_ivivu&amp;utm_medium=post_link&amp;utm_campaign=internal\" target=\"_blank\">C\u1ea9m nang du l\u1ecbch iVIVU.com<\/a><\/strong><\/p>\n","protected":false},"excerpt":{"rendered":"<p>\u0110\u1ebfn \u0110\u00e0 L\u1ea1t b\u1ea1n h\u00e3y \u201csang ch\u1ea3nh\u201d m\u1ed9t l\u1ea7n, l\u01b0u tr\u00fa t\u1ea1i resort xinh \u0111\u1eb9p nh\u01b0 l\u1ea1c gi\u1eefa tr\u1eddi \u00c2u n\u00e0y, ch\u1eafc ch\u1eafn b\u1ea1n s\u1ebd c\u00f3 nguy\u00ean m\u1ed9t abum \u1ea3nh \u0111\u1ec3 \u201cs\u1ed1ng \u1ea3o\u201d c\u1ea3 n\u0103m d\u00f9 ch\u1ec9 loanh quanh trong&#8230;<\/p>\n","protected":false},"author":31,"featured_media":187227,"comment_status":"closed","ping_status":"open","sticky":false,"template":"","format":"standard","meta":{"_acf_changed":false,"footnotes":""},"categories":[240,229,797,806,14742],"tags":[2926,4009,3521,26072,26051,11767,26052,26073,22045,4013],"acf":[],"yoast_head":"<!-- This site is optimized with the Yoast SEO Premium plugin v22.6 (Yoast SEO v22.6) - https:\/\/yoast.com\/wordpress\/plugins\/seo\/ -->\n<title>Check-in Swiss Belresort Tuy\u1ec1n L\u00e2m - khu ngh\u1ec9 d\u01b0\u1ee1ng c\u00f3 khung c\u1ea3nh nh\u01b0 ch\u00e2u \u00c2u \u1edf \u0110\u00e0 L\u1ea1t - iVIVU.com<\/title>\n<meta name=\"description\" content=\"L\u01b0u tr\u00fa t\u1ea1i Swiss Belresort Tuy\u1ec1n L\u00e2m, ch\u1eafc ch\u1eafn b\u1ea1n s\u1ebd c\u00f3 nguy\u00ean m\u1ed9t abum \u1ea3nh \u0111\u1ec3 \u201cs\u1ed1ng \u1ea3o\u201d c\u1ea3 n\u0103m d\u00f9 ch\u1ec9 loanh quanh trong khu\u00f4n vi\u00ean resort th\u00f4i.\" \/>\n<meta name=\"robots\" content=\"index, follow, max-snippet:-1, max-image-preview:large, max-video-preview:-1\" \/>\n<link rel=\"canonical\" href=\"https:\/\/www.ivivu.com\/blog\/2017\/01\/check-in-swiss-belresort-tuyen-lam-khu-nghi-duong-co-khung-canh-nhu-chau-au-o-da-lat\/\" \/>\n<meta name=\"twitter:label1\" content=\"\u0110\u01b0\u1ee3c vi\u1ebft b\u1edfi\" \/>\n\t<meta name=\"twitter:data1\" content=\"Tr\u1ecbnh L\u00e2m\" \/>\n\t<meta name=\"twitter:label2\" content=\"\u01af\u1edbc t\u00ednh th\u1eddi gian \u0111\u1ecdc\" \/>\n\t<meta name=\"twitter:data2\" content=\"5 ph\u00fat\" \/>\n<script type=\"application\/ld+json\" class=\"yoast-schema-graph\">{\"@context\":\"https:\/\/schema.org\",\"@graph\":[{\"@type\":\"Article\",\"@id\":\"https:\/\/www.ivivu.com\/blog\/2017\/01\/check-in-swiss-belresort-tuyen-lam-khu-nghi-duong-co-khung-canh-nhu-chau-au-o-da-lat\/#article\",\"isPartOf\":{\"@id\":\"https:\/\/www.ivivu.com\/blog\/2017\/01\/check-in-swiss-belresort-tuyen-lam-khu-nghi-duong-co-khung-canh-nhu-chau-au-o-da-lat\/\"},\"author\":{\"name\":\"Tr\u1ecbnh L\u00e2m\",\"@id\":\"https:\/\/www.ivivu.com\/blog\/#\/schema\/person\/b98886072f55c18603c011b213b164eb\"},\"headline\":\"Check-in Swiss Belresort Tuy\u1ec1n L\u00e2m &#8211; khu ngh\u1ec9 d\u01b0\u1ee1ng c\u00f3 khung c\u1ea3nh nh\u01b0 ch\u00e2u \u00c2u \u1edf \u0110\u00e0 L\u1ea1t\",\"datePublished\":\"2017-01-17T06:10:36+00:00\",\"dateModified\":\"2019-02-14T04:04:53+00:00\",\"mainEntityOfPage\":{\"@id\":\"https:\/\/www.ivivu.com\/blog\/2017\/01\/check-in-swiss-belresort-tuyen-lam-khu-nghi-duong-co-khung-canh-nhu-chau-au-o-da-lat\/\"},\"wordCount\":1074,\"publisher\":{\"@id\":\"https:\/\/www.ivivu.com\/blog\/#organization\"},\"image\":{\"@id\":\"https:\/\/www.ivivu.com\/blog\/2017\/01\/check-in-swiss-belresort-tuyen-lam-khu-nghi-duong-co-khung-canh-nhu-chau-au-o-da-lat\/#primaryimage\"},\"thumbnailUrl\":\"https:\/\/cdn3.ivivu.com\/2017\/01\/Swiss-Belresort-tuyen-lam-ivivu-11.png\",\"keywords\":[\"du l\u1ecbch \u0111\u00e0 l\u1ea1t\",\"\u0111i\u1ec3m \u0111\u1ebfn \u0111\u00e0 l\u1ea1t\",\"kh\u00e1ch s\u1ea1n \u0110\u00e0 L\u1ea1t\",\"kh\u00e1ch s\u1ea1n khu h\u1ed3 Tuy\u1ec1n L\u00e2m\",\"khu ngh\u1ec9 d\u01b0\u1ee1ng h\u1ed3 Tuy\u1ec1n L\u00e2m\",\"resort \u0110\u00e0 L\u1ea1t\",\"resort \u0111\u1eb9p \u0110\u00e0 L\u1ea1t\",\"resort khu h\u1ed3 Tuy\u1ec1n L\u00e2m\",\"Swiss-Belresort Tuy\u1ec1n L\u00e2m\",\"tour du l\u1ecbch \u0111\u00e0 l\u1ea1t\"],\"articleSection\":[\"Du l\u1ecbch \u0110\u00e0 L\u1ea1t\",\"DU L\u1ecaCH VI\u1ec6T NAM\",\"Khuy\u1ebfn M\u00e3i\",\"N\u1ed5i B\u1eadt\",\"N\u1ed5i B\u1eadt 2\"],\"inLanguage\":\"vi\"},{\"@type\":\"WebPage\",\"@id\":\"https:\/\/www.ivivu.com\/blog\/2017\/01\/check-in-swiss-belresort-tuyen-lam-khu-nghi-duong-co-khung-canh-nhu-chau-au-o-da-lat\/\",\"url\":\"https:\/\/www.ivivu.com\/blog\/2017\/01\/check-in-swiss-belresort-tuyen-lam-khu-nghi-duong-co-khung-canh-nhu-chau-au-o-da-lat\/\",\"name\":\"Check-in Swiss Belresort Tuy\u1ec1n L\u00e2m - khu ngh\u1ec9 d\u01b0\u1ee1ng c\u00f3 khung c\u1ea3nh nh\u01b0 ch\u00e2u \u00c2u \u1edf \u0110\u00e0 L\u1ea1t - iVIVU.com\",\"isPartOf\":{\"@id\":\"https:\/\/www.ivivu.com\/blog\/#website\"},\"primaryImageOfPage\":{\"@id\":\"https:\/\/www.ivivu.com\/blog\/2017\/01\/check-in-swiss-belresort-tuyen-lam-khu-nghi-duong-co-khung-canh-nhu-chau-au-o-da-lat\/#primaryimage\"},\"image\":{\"@id\":\"https:\/\/www.ivivu.com\/blog\/2017\/01\/check-in-swiss-belresort-tuyen-lam-khu-nghi-duong-co-khung-canh-nhu-chau-au-o-da-lat\/#primaryimage\"},\"thumbnailUrl\":\"https:\/\/cdn3.ivivu.com\/2017\/01\/Swiss-Belresort-tuyen-lam-ivivu-11.png\",\"datePublished\":\"2017-01-17T06:10:36+00:00\",\"dateModified\":\"2019-02-14T04:04:53+00:00\",\"description\":\"L\u01b0u tr\u00fa t\u1ea1i Swiss Belresort Tuy\u1ec1n L\u00e2m, ch\u1eafc ch\u1eafn b\u1ea1n s\u1ebd c\u00f3 nguy\u00ean m\u1ed9t abum \u1ea3nh \u0111\u1ec3 \u201cs\u1ed1ng \u1ea3o\u201d c\u1ea3 n\u0103m d\u00f9 ch\u1ec9 loanh quanh trong khu\u00f4n vi\u00ean resort th\u00f4i.\",\"breadcrumb\":{\"@id\":\"https:\/\/www.ivivu.com\/blog\/2017\/01\/check-in-swiss-belresort-tuyen-lam-khu-nghi-duong-co-khung-canh-nhu-chau-au-o-da-lat\/#breadcrumb\"},\"inLanguage\":\"vi\",\"potentialAction\":[{\"@type\":\"ReadAction\",\"target\":[\"https:\/\/www.ivivu.com\/blog\/2017\/01\/check-in-swiss-belresort-tuyen-lam-khu-nghi-duong-co-khung-canh-nhu-chau-au-o-da-lat\/\"]}]},{\"@type\":\"ImageObject\",\"inLanguage\":\"vi\",\"@id\":\"https:\/\/www.ivivu.com\/blog\/2017\/01\/check-in-swiss-belresort-tuyen-lam-khu-nghi-duong-co-khung-canh-nhu-chau-au-o-da-lat\/#primaryimage\",\"url\":\"https:\/\/cdn3.ivivu.com\/2017\/01\/Swiss-Belresort-tuyen-lam-ivivu-11.png\",\"contentUrl\":\"https:\/\/cdn3.ivivu.com\/2017\/01\/Swiss-Belresort-tuyen-lam-ivivu-11.png\",\"width\":595,\"height\":442,\"caption\":\"\u1ea2nh:@swissbelhotel\"},{\"@type\":\"BreadcrumbList\",\"@id\":\"https:\/\/www.ivivu.com\/blog\/2017\/01\/check-in-swiss-belresort-tuyen-lam-khu-nghi-duong-co-khung-canh-nhu-chau-au-o-da-lat\/#breadcrumb\",\"itemListElement\":[{\"@type\":\"ListItem\",\"position\":1,\"name\":\"Home\",\"item\":\"https:\/\/www.ivivu.com\/blog\/\"},{\"@type\":\"ListItem\",\"position\":2,\"name\":\"Check-in Swiss Belresort Tuy\u1ec1n L\u00e2m &#8211; khu ngh\u1ec9 d\u01b0\u1ee1ng c\u00f3 khung c\u1ea3nh nh\u01b0 ch\u00e2u \u00c2u \u1edf \u0110\u00e0 L\u1ea1t\"}]},{\"@type\":\"WebSite\",\"@id\":\"https:\/\/www.ivivu.com\/blog\/#website\",\"url\":\"https:\/\/www.ivivu.com\/blog\/\",\"name\":\"C\u1ea9m nang du l\u1ecbch\",\"description\":\"\",\"publisher\":{\"@id\":\"https:\/\/www.ivivu.com\/blog\/#organization\"},\"potentialAction\":[{\"@type\":\"SearchAction\",\"target\":{\"@type\":\"EntryPoint\",\"urlTemplate\":\"https:\/\/www.ivivu.com\/blog\/?s={search_term_string}\"},\"query-input\":\"required name=search_term_string\"}],\"inLanguage\":\"vi\"},{\"@type\":\"Organization\",\"@id\":\"https:\/\/www.ivivu.com\/blog\/#organization\",\"name\":\"iVIVU.com\",\"url\":\"https:\/\/www.ivivu.com\/blog\/\",\"logo\":{\"@type\":\"ImageObject\",\"inLanguage\":\"vi\",\"@id\":\"https:\/\/www.ivivu.com\/blog\/#\/schema\/logo\/image\/\",\"url\":\"https:\/\/cdn3.ivivu.com\/2024\/01\/ivivu_no_slogan.png\",\"contentUrl\":\"https:\/\/cdn3.ivivu.com\/2024\/01\/ivivu_no_slogan.png\",\"width\":788,\"height\":565,\"caption\":\"iVIVU.com\"},\"image\":{\"@id\":\"https:\/\/www.ivivu.com\/blog\/#\/schema\/logo\/image\/\"},\"sameAs\":[\"https:\/\/www.facebook.com\/iVIVU\"]},{\"@type\":\"Person\",\"@id\":\"https:\/\/www.ivivu.com\/blog\/#\/schema\/person\/b98886072f55c18603c011b213b164eb\",\"name\":\"Tr\u1ecbnh L\u00e2m\",\"sameAs\":[\"https:\/\/www.ivivu.com\/blog\"],\"url\":\"https:\/\/www.ivivu.com\/blog\/author\/lam\/\"}]}<\/script>\n<!-- \/ Yoast SEO Premium plugin. -->","yoast_head_json":{"title":"Check-in Swiss Belresort Tuy\u1ec1n L\u00e2m - khu ngh\u1ec9 d\u01b0\u1ee1ng c\u00f3 khung c\u1ea3nh nh\u01b0 ch\u00e2u \u00c2u \u1edf \u0110\u00e0 L\u1ea1t - iVIVU.com","description":"L\u01b0u tr\u00fa t\u1ea1i Swiss Belresort Tuy\u1ec1n L\u00e2m, ch\u1eafc ch\u1eafn b\u1ea1n s\u1ebd c\u00f3 nguy\u00ean m\u1ed9t abum \u1ea3nh \u0111\u1ec3 \u201cs\u1ed1ng \u1ea3o\u201d c\u1ea3 n\u0103m d\u00f9 ch\u1ec9 loanh quanh trong khu\u00f4n vi\u00ean resort th\u00f4i.","robots":{"index":"index","follow":"follow","max-snippet":"max-snippet:-1","max-image-preview":"max-image-preview:large","max-video-preview":"max-video-preview:-1"},"canonical":"https:\/\/www.ivivu.com\/blog\/2017\/01\/check-in-swiss-belresort-tuyen-lam-khu-nghi-duong-co-khung-canh-nhu-chau-au-o-da-lat\/","twitter_misc":{"\u0110\u01b0\u1ee3c vi\u1ebft b\u1edfi":"Tr\u1ecbnh L\u00e2m","\u01af\u1edbc t\u00ednh th\u1eddi gian \u0111\u1ecdc":"5 ph\u00fat"},"schema":{"@context":"https:\/\/schema.org","@graph":[{"@type":"Article","@id":"https:\/\/www.ivivu.com\/blog\/2017\/01\/check-in-swiss-belresort-tuyen-lam-khu-nghi-duong-co-khung-canh-nhu-chau-au-o-da-lat\/#article","isPartOf":{"@id":"https:\/\/www.ivivu.com\/blog\/2017\/01\/check-in-swiss-belresort-tuyen-lam-khu-nghi-duong-co-khung-canh-nhu-chau-au-o-da-lat\/"},"author":{"name":"Tr\u1ecbnh L\u00e2m","@id":"https:\/\/www.ivivu.com\/blog\/#\/schema\/person\/b98886072f55c18603c011b213b164eb"},"headline":"Check-in Swiss Belresort Tuy\u1ec1n L\u00e2m &#8211; khu ngh\u1ec9 d\u01b0\u1ee1ng c\u00f3 khung c\u1ea3nh nh\u01b0 ch\u00e2u \u00c2u \u1edf \u0110\u00e0 L\u1ea1t","datePublished":"2017-01-17T06:10:36+00:00","dateModified":"2019-02-14T04:04:53+00:00","mainEntityOfPage":{"@id":"https:\/\/www.ivivu.com\/blog\/2017\/01\/check-in-swiss-belresort-tuyen-lam-khu-nghi-duong-co-khung-canh-nhu-chau-au-o-da-lat\/"},"wordCount":1074,"publisher":{"@id":"https:\/\/www.ivivu.com\/blog\/#organization"},"image":{"@id":"https:\/\/www.ivivu.com\/blog\/2017\/01\/check-in-swiss-belresort-tuyen-lam-khu-nghi-duong-co-khung-canh-nhu-chau-au-o-da-lat\/#primaryimage"},"thumbnailUrl":"https:\/\/cdn3.ivivu.com\/2017\/01\/Swiss-Belresort-tuyen-lam-ivivu-11.png","keywords":["du l\u1ecbch \u0111\u00e0 l\u1ea1t","\u0111i\u1ec3m \u0111\u1ebfn \u0111\u00e0 l\u1ea1t","kh\u00e1ch s\u1ea1n \u0110\u00e0 L\u1ea1t","kh\u00e1ch s\u1ea1n khu h\u1ed3 Tuy\u1ec1n L\u00e2m","khu ngh\u1ec9 d\u01b0\u1ee1ng h\u1ed3 Tuy\u1ec1n L\u00e2m","resort \u0110\u00e0 L\u1ea1t","resort \u0111\u1eb9p \u0110\u00e0 L\u1ea1t","resort khu h\u1ed3 Tuy\u1ec1n L\u00e2m","Swiss-Belresort Tuy\u1ec1n L\u00e2m","tour du l\u1ecbch \u0111\u00e0 l\u1ea1t"],"articleSection":["Du l\u1ecbch \u0110\u00e0 L\u1ea1t","DU L\u1ecaCH VI\u1ec6T NAM","Khuy\u1ebfn M\u00e3i","N\u1ed5i B\u1eadt","N\u1ed5i B\u1eadt 2"],"inLanguage":"vi"},{"@type":"WebPage","@id":"https:\/\/www.ivivu.com\/blog\/2017\/01\/check-in-swiss-belresort-tuyen-lam-khu-nghi-duong-co-khung-canh-nhu-chau-au-o-da-lat\/","url":"https:\/\/www.ivivu.com\/blog\/2017\/01\/check-in-swiss-belresort-tuyen-lam-khu-nghi-duong-co-khung-canh-nhu-chau-au-o-da-lat\/","name":"Check-in Swiss Belresort Tuy\u1ec1n L\u00e2m - khu ngh\u1ec9 d\u01b0\u1ee1ng c\u00f3 khung c\u1ea3nh nh\u01b0 ch\u00e2u \u00c2u \u1edf \u0110\u00e0 L\u1ea1t - iVIVU.com","isPartOf":{"@id":"https:\/\/www.ivivu.com\/blog\/#website"},"primaryImageOfPage":{"@id":"https:\/\/www.ivivu.com\/blog\/2017\/01\/check-in-swiss-belresort-tuyen-lam-khu-nghi-duong-co-khung-canh-nhu-chau-au-o-da-lat\/#primaryimage"},"image":{"@id":"https:\/\/www.ivivu.com\/blog\/2017\/01\/check-in-swiss-belresort-tuyen-lam-khu-nghi-duong-co-khung-canh-nhu-chau-au-o-da-lat\/#primaryimage"},"thumbnailUrl":"https:\/\/cdn3.ivivu.com\/2017\/01\/Swiss-Belresort-tuyen-lam-ivivu-11.png","datePublished":"2017-01-17T06:10:36+00:00","dateModified":"2019-02-14T04:04:53+00:00","description":"L\u01b0u tr\u00fa t\u1ea1i Swiss Belresort Tuy\u1ec1n L\u00e2m, ch\u1eafc ch\u1eafn b\u1ea1n s\u1ebd c\u00f3 nguy\u00ean m\u1ed9t abum \u1ea3nh \u0111\u1ec3 \u201cs\u1ed1ng \u1ea3o\u201d c\u1ea3 n\u0103m d\u00f9 ch\u1ec9 loanh quanh trong khu\u00f4n vi\u00ean resort th\u00f4i.","breadcrumb":{"@id":"https:\/\/www.ivivu.com\/blog\/2017\/01\/check-in-swiss-belresort-tuyen-lam-khu-nghi-duong-co-khung-canh-nhu-chau-au-o-da-lat\/#breadcrumb"},"inLanguage":"vi","potentialAction":[{"@type":"ReadAction","target":["https:\/\/www.ivivu.com\/blog\/2017\/01\/check-in-swiss-belresort-tuyen-lam-khu-nghi-duong-co-khung-canh-nhu-chau-au-o-da-lat\/"]}]},{"@type":"ImageObject","inLanguage":"vi","@id":"https:\/\/www.ivivu.com\/blog\/2017\/01\/check-in-swiss-belresort-tuyen-lam-khu-nghi-duong-co-khung-canh-nhu-chau-au-o-da-lat\/#primaryimage","url":"https:\/\/cdn3.ivivu.com\/2017\/01\/Swiss-Belresort-tuyen-lam-ivivu-11.png","contentUrl":"https:\/\/cdn3.ivivu.com\/2017\/01\/Swiss-Belresort-tuyen-lam-ivivu-11.png","width":595,"height":442,"caption":"\u1ea2nh:@swissbelhotel"},{"@type":"BreadcrumbList","@id":"https:\/\/www.ivivu.com\/blog\/2017\/01\/check-in-swiss-belresort-tuyen-lam-khu-nghi-duong-co-khung-canh-nhu-chau-au-o-da-lat\/#breadcrumb","itemListElement":[{"@type":"ListItem","position":1,"name":"Home","item":"https:\/\/www.ivivu.com\/blog\/"},{"@type":"ListItem","position":2,"name":"Check-in Swiss Belresort Tuy\u1ec1n L\u00e2m &#8211; khu ngh\u1ec9 d\u01b0\u1ee1ng c\u00f3 khung c\u1ea3nh nh\u01b0 ch\u00e2u \u00c2u \u1edf \u0110\u00e0 L\u1ea1t"}]},{"@type":"WebSite","@id":"https:\/\/www.ivivu.com\/blog\/#website","url":"https:\/\/www.ivivu.com\/blog\/","name":"C\u1ea9m nang du l\u1ecbch","description":"","publisher":{"@id":"https:\/\/www.ivivu.com\/blog\/#organization"},"potentialAction":[{"@type":"SearchAction","target":{"@type":"EntryPoint","urlTemplate":"https:\/\/www.ivivu.com\/blog\/?s={search_term_string}"},"query-input":"required name=search_term_string"}],"inLanguage":"vi"},{"@type":"Organization","@id":"https:\/\/www.ivivu.com\/blog\/#organization","name":"iVIVU.com","url":"https:\/\/www.ivivu.com\/blog\/","logo":{"@type":"ImageObject","inLanguage":"vi","@id":"https:\/\/www.ivivu.com\/blog\/#\/schema\/logo\/image\/","url":"https:\/\/cdn3.ivivu.com\/2024\/01\/ivivu_no_slogan.png","contentUrl":"https:\/\/cdn3.ivivu.com\/2024\/01\/ivivu_no_slogan.png","width":788,"height":565,"caption":"iVIVU.com"},"image":{"@id":"https:\/\/www.ivivu.com\/blog\/#\/schema\/logo\/image\/"},"sameAs":["https:\/\/www.facebook.com\/iVIVU"]},{"@type":"Person","@id":"https:\/\/www.ivivu.com\/blog\/#\/schema\/person\/b98886072f55c18603c011b213b164eb","name":"Tr\u1ecbnh L\u00e2m","sameAs":["https:\/\/www.ivivu.com\/blog"],"url":"https:\/\/www.ivivu.com\/blog\/author\/lam\/"}]}},"_links":{"self":[{"href":"https:\/\/www.ivivu.com\/blog\/wp-json\/wp\/v2\/posts\/187204"}],"collection":[{"href":"https:\/\/www.ivivu.com\/blog\/wp-json\/wp\/v2\/posts"}],"about":[{"href":"https:\/\/www.ivivu.com\/blog\/wp-json\/wp\/v2\/types\/post"}],"author":[{"embeddable":true,"href":"https:\/\/www.ivivu.com\/blog\/wp-json\/wp\/v2\/users\/31"}],"replies":[{"embeddable":true,"href":"https:\/\/www.ivivu.com\/blog\/wp-json\/wp\/v2\/comments?post=187204"}],"version-history":[{"count":8,"href":"https:\/\/www.ivivu.com\/blog\/wp-json\/wp\/v2\/posts\/187204\/revisions"}],"predecessor-version":[{"id":284325,"href":"https:\/\/www.ivivu.com\/blog\/wp-json\/wp\/v2\/posts\/187204\/revisions\/284325"}],"wp:featuredmedia":[{"embeddable":true,"href":"https:\/\/www.ivivu.com\/blog\/wp-json\/wp\/v2\/media\/187227"}],"wp:attachment":[{"href":"https:\/\/www.ivivu.com\/blog\/wp-json\/wp\/v2\/media?parent=187204"}],"wp:term":[{"taxonomy":"category","embeddable":true,"href":"https:\/\/www.ivivu.com\/blog\/wp-json\/wp\/v2\/categories?post=187204"},{"taxonomy":"post_tag","embeddable":true,"href":"https:\/\/www.ivivu.com\/blog\/wp-json\/wp\/v2\/tags?post=187204"}],"curies":[{"name":"wp","href":"https:\/\/api.w.org\/{rel}","templated":true}]}}