{"id":187715,"date":"2017-01-19T10:56:45","date_gmt":"2017-01-19T03:56:45","guid":{"rendered":"https:\/\/www.ivivu.com\/blog\/?p=187715"},"modified":"2017-01-18T17:57:45","modified_gmt":"2017-01-18T10:57:45","slug":"6-vung-la-phong-tuyet-dep-khap-ca-nuoc","status":"publish","type":"post","link":"https:\/\/www.ivivu.com\/blog\/2017\/01\/6-vung-la-phong-tuyet-dep-khap-ca-nuoc\/","title":{"rendered":"6 v\u00f9ng l\u00e1 phong tuy\u1ec7t \u0111\u1eb9p kh\u1eafp c\u1ea3 n\u01b0\u1edbc"},"content":{"rendered":"<p style=\"text-align: justify;\"><strong><em>Kh\u00f4ng ph\u1ea3i \u0111\u1ebfn H\u00e0n Qu\u1ed1c hay Nh\u1eadt B\u1ea3n m\u1edbi c\u00f3 th\u1ec3 ng\u1eafm nh\u1eefng t\u00e1n l\u00e1 phong ng\u1eadp tr\u00e0n m\u00e0u s\u1eafc, b\u1ea1n c\u00f3 th\u1ec3 chi\u00eam ng\u01b0\u1ee1ng lo\u1ea1i c\u00e2y mang phong v\u1ecb thu \u0111\u00f4ng n\u00e0y ngay t\u1ea1i Vi\u1ec7t Nam.<\/em><\/strong><!--more--><\/p>\n<h2 style=\"text-align: justify;\">6 v\u00f9ng l\u00e1 phong tuy\u1ec7t \u0111\u1eb9p kh\u1eafp c\u1ea3 n\u01b0\u1edbc<\/h2>\n<p style=\"text-align: justify;\"><strong>\u0110\u00e0 L\u1ea1t, L\u00e2m \u0110\u1ed3ng<\/strong><\/p>\n<p style=\"text-align: justify;\">Th\u00e0nh ph\u1ed1 ng\u00e0n hoa kh\u00f4ng ch\u1ec9 r\u1ef1c r\u1ee1 s\u1eafc hoa quanh n\u0103m, m\u00e0 c\u00f2n l\u00e3ng m\u1ea1n v\u1edbi nh\u1eefng t\u00e1n l\u00e1 phong xanh v\u00e0ng v\u00e0 \u0111\u1ecf khi chuy\u1ec3n m\u00f9a.<\/p>\n<div id=\"attachment_187716\" style=\"width: 539px\" class=\"wp-caption aligncenter\"><img loading=\"lazy\" decoding=\"async\" aria-describedby=\"caption-attachment-187716\" class=\"wp-image-187716 size-full\" title=\"\u0110\u00e0 L\u1ea1t m\u00f9a l\u00e1 phong. \u1ea2nh: Nhungtran2410.\" src=\"https:\/\/cdn3.ivivu.com\/2017\/01\/6-vung-la-phong-tuyet-dep-khap-ca-nuoc-ivivu-1.png\" alt=\"\u0110\u00e0 L\u1ea1t m\u00f9a l\u00e1 phong. \u1ea2nh: Nhungtran2410.\" width=\"529\" height=\"382\" srcset=\"https:\/\/cdn3.ivivu.com\/2017\/01\/6-vung-la-phong-tuyet-dep-khap-ca-nuoc-ivivu-1.png 529w, https:\/\/cdn3.ivivu.com\/2017\/01\/6-vung-la-phong-tuyet-dep-khap-ca-nuoc-ivivu-1-422x305.png 422w, https:\/\/cdn3.ivivu.com\/2017\/01\/6-vung-la-phong-tuyet-dep-khap-ca-nuoc-ivivu-1-50x35.png 50w\" sizes=\"(max-width: 529px) 100vw, 529px\" \/><p id=\"caption-attachment-187716\" class=\"wp-caption-text\">\u0110\u00e0 L\u1ea1t m\u00f9a l\u00e1 phong. \u1ea2nh: Nhungtran2410.<\/p><\/div>\n<p style=\"text-align: justify;\">C\u00e1nh r\u1eebng phong n\u1ed5i ti\u1ebfng \u0111\u01b0\u1ee3c nhi\u1ec1u ng\u01b0\u1eddi bi\u1ebft \u0111\u1ebfn nh\u1ea5t \u1edf tr\u00ean h\u1ed3 Tuy\u1ec1n L\u00e2m. \u0110\u1ec3 \u0111\u01b0\u1ee3c ng\u1eafm nh\u00ecn c\u00e1nh r\u1eebng phong n\u00e0y, b\u1ea1n s\u1ebd ph\u1ea3i \u0111i xu\u1ed3ng qua h\u1ed3, sau \u0111\u00f3 \u0111i b\u1ed9 qua r\u1eebng v\u00e0 su\u1ed1i m\u1edbi c\u00f3 th\u1ec3 t\u1edbi n\u01a1i. Ngo\u00e0i ra b\u1ea1n c\u00f3 th\u1ec3 chi\u00eam ng\u01b0\u1ee1ng nh\u1eefng t\u00e1n c\u00e2y l\u00e1 phong \u1edf khu v\u1ef1c \u0111\u1ed3i M\u1ed9ng M\u01a1 hay V\u01b0\u1eddn qu\u1ed1c gia Bidoup.<\/p>\n<p style=\"text-align: justify;\">Kh\u00f4ng kh\u00ed m\u00e1t l\u1ea1nh xen l\u1eabn v\u1edbi c\u1ea3nh s\u1eafc y\u00ean b\u00ecnh c\u1ee7a nh\u1eefng t\u00e1n l\u00e1 xanh \u0111\u1ecf ch\u1eafc ch\u1eafn s\u1ebd khi\u1ebfn c\u00e1c b\u1ea1n qu\u00ean \u0111i nh\u1eefng m\u1ec7t m\u1ecfi trong h\u00e0nh tr\u00ecnh \u0111\u1ebfn v\u1edbi r\u1eebng phong \u0111\u1eb9p nh\u1ea5t \u0110\u00e0 L\u1ea1t n\u00e0y.<\/p>\n<p style=\"text-align: justify;\"><strong>H\u1ea3i D\u01b0\u01a1ng<\/strong><\/p>\n<p style=\"text-align: justify;\">Nhi\u1ec1u ng\u01b0\u1eddi v\u1eabn th\u01b0\u1eddng n\u00f3i c\u00f3 l\u1ebd r\u1eebng phong \u0111\u1eb7c bi\u1ec7t nh\u1ea5t c\u1ee7a Vi\u1ec7t Nam l\u00e0 \u1edf H\u1ea3i D\u01b0\u01a1ng b\u1edfi \u0111\u00e2y l\u00e0 r\u1eebng phong m\u1ecdc \u1edf ch\u00e2n n\u00fai ch\u00f9a Thanh Mai, n\u00fai Tam Ban, x\u00e3 Ho\u00e0ng Hoa Th\u00e1m, huy\u1ec7n Ch\u00ed Linh.<\/p>\n<div id=\"attachment_187717\" style=\"width: 670px\" class=\"wp-caption aligncenter\"><img loading=\"lazy\" decoding=\"async\" aria-describedby=\"caption-attachment-187717\" class=\"wp-image-187717 size-full\" title=\"R\u1eebng phong r\u1ee3p b\u00f3ng. \u1ea2nh: Chu\u1ed3n chu\u1ed3n Kym.\" src=\"https:\/\/cdn3.ivivu.com\/2017\/01\/6-vung-la-phong-tuyet-dep-khap-ca-nuoc-ivivu-2.jpg\" alt=\"R\u1eebng phong r\u1ee3p b\u00f3ng. \u1ea2nh: Chu\u1ed3n chu\u1ed3n Kym.\" width=\"660\" height=\"440\" srcset=\"https:\/\/cdn3.ivivu.com\/2017\/01\/6-vung-la-phong-tuyet-dep-khap-ca-nuoc-ivivu-2.jpg 660w, https:\/\/cdn3.ivivu.com\/2017\/01\/6-vung-la-phong-tuyet-dep-khap-ca-nuoc-ivivu-2-458x305.jpg 458w\" sizes=\"(max-width: 660px) 100vw, 660px\" \/><p id=\"caption-attachment-187717\" class=\"wp-caption-text\">R\u1eebng phong r\u1ee3p b\u00f3ng. \u1ea2nh: Chu\u1ed3n chu\u1ed3n Kym.<\/p><\/div>\n<p style=\"text-align: justify;\">Ch\u00f9a Thanh Mai l\u00e0 m\u1ed9t trong nh\u1eefng ng\u00f4i ch\u00f9a linh thi\u00eang c\u1ee7a thi\u1ec1n ph\u00e1i Tr\u00fac L\u00e2m. H\u00e0ng n\u0103m khi m\u1ed7i m\u00f9a thu t\u1edbi, t\u1eeb ch\u00e2n n\u00fai cho t\u1edbi khu v\u1ef1c ch\u00f9a, c\u00e1c b\u1ea1n c\u00f3 th\u1ec3 chi\u00eam ng\u01b0\u1ee1ng s\u1ef1 chuy\u1ec3n m\u00e0u m\u00ea ho\u1eb7c c\u1ee7a nh\u1eefng t\u00e1n l\u00e1 phong. L\u00e1 phong n\u01a1i \u0111\u00e2y kh\u00f4ng \u0111\u1ed3ng lo\u1ea1t chuy\u1ec3n m\u00e0u nh\u01b0 nh\u1eefng n\u01a1i kh\u00e1c, nh\u01b0ng s\u1ef1 ch\u1eadm r\u00e3i t\u1eeb t\u1eeb chuy\u1ec3n m\u00e0u cho \u0111\u1ebfn khi tr\u1ee5i l\u00e1 \u0111\u00f3 c\u0169ng khi\u1ebfn bao ng\u01b0\u1eddi m\u00ea m\u1ea9n.<\/p>\n<p style=\"text-align: justify;\">Hi\u1ec7n nay, quanh ch\u00f9a c\u00f3 v\u00e0i g\u1ed1c phong c\u1ed5 th\u1ee5 hai ng\u01b0\u1eddi \u00f4m m\u1edbi h\u1ebft, v\u00e0 c\u0169ng nhi\u1ec1u g\u1ed1c phong l\u00e2u n\u0103m m\u1ed9t ng\u01b0\u1eddi \u00f4m c\u0169ng kh\u00f4ng xu\u1ec3.<\/p>\n<p style=\"text-align: justify;\"><strong>R\u1eebng phong tr\u00ean n\u00fai Fansipan &#8211; L\u00e0o Cai<\/strong><\/p>\n<p style=\"text-align: justify;\">\u0110\u01b0\u1ee3c m\u1ec7nh danh l\u00e0 n\u00f3c nh\u00e0 \u0110\u00f4ng D\u01b0\u01a1ng, \u0111\u1ec9nh Fansipan kh\u00f4ng ch\u1ec9 h\u1ea5p d\u1eabn nh\u1eefng ph\u01b0\u1ee3t th\u1ee7 \u01b0a th\u1eed th\u00e1ch m\u00e0 c\u00f2n quy\u1ebfn r\u0169 bao du kh\u00e1ch mu\u1ed1n chi\u00eam ng\u01b0\u1ee1ng nh\u1eefng r\u1eb7ng c\u00e2y l\u00e1 phong n\u01a1i \u0111\u00e2y.<\/p>\n<p style=\"text-align: justify;\">Hi\u1ec7n nay h\u1ec7 th\u1ed1ng c\u00e1p treo \u0111\u00e3 ph\u00e1t tri\u1ec3n, n\u00ean \u0111o\u1ea1n \u0111\u01b0\u1eddng t\u1edbi \u0111\u1ec9nh Fansipan tr\u1edf n\u00ean d\u1ec5 d\u00e0ng h\u01a1n. Tuy nhi\u00ean ch\u1eb7ng \u0111\u01b0\u1eddng \u0111\u1ec3 l\u00ean t\u1edbi \u0111\u1ec9nh v\u00e0 ng\u1eafm c\u1ea3nh s\u1eafc quanh \u0111\u00f3 c\u0169ng th\u1ef1c s\u1ef1 kh\u00e1 d\u00e0i.<\/p>\n<div id=\"attachment_187718\" style=\"width: 550px\" class=\"wp-caption aligncenter\"><img loading=\"lazy\" decoding=\"async\" aria-describedby=\"caption-attachment-187718\" class=\"wp-image-187718 size-full\" title=\"L\u00e1 phong v\u01b0\u01a1n m\u00ecnh tr\u00ean \u0111\u1ec9nh Fansipan. \u1ea2nh: Thaonhitr.\" src=\"https:\/\/cdn3.ivivu.com\/2017\/01\/6-vung-la-phong-tuyet-dep-khap-ca-nuoc-ivivu-3.png\" alt=\"L\u00e1 phong v\u01b0\u01a1n m\u00ecnh tr\u00ean \u0111\u1ec9nh Fansipan. \u1ea2nh: Thaonhitr.\" width=\"540\" height=\"374\" srcset=\"https:\/\/cdn3.ivivu.com\/2017\/01\/6-vung-la-phong-tuyet-dep-khap-ca-nuoc-ivivu-3.png 540w, https:\/\/cdn3.ivivu.com\/2017\/01\/6-vung-la-phong-tuyet-dep-khap-ca-nuoc-ivivu-3-440x305.png 440w, https:\/\/cdn3.ivivu.com\/2017\/01\/6-vung-la-phong-tuyet-dep-khap-ca-nuoc-ivivu-3-240x165.png 240w, https:\/\/cdn3.ivivu.com\/2017\/01\/6-vung-la-phong-tuyet-dep-khap-ca-nuoc-ivivu-3-50x35.png 50w\" sizes=\"(max-width: 540px) 100vw, 540px\" \/><p id=\"caption-attachment-187718\" class=\"wp-caption-text\">L\u00e1 phong v\u01b0\u01a1n m\u00ecnh tr\u00ean \u0111\u1ec9nh Fansipan. \u1ea2nh: Thaonhitr.<\/p><\/div>\n<p style=\"text-align: justify;\">C\u00f3 nh\u1eefng c\u00e2y phong m\u1ecdc v\u1eaft v\u1ebbo \u1edf \u0111\u1ed9 cao tr\u00ean 3.000 m n\u00ean kh\u00f4ng ph\u1ea3i ai c\u0169ng c\u00f3 c\u01a1 h\u1ed9i ng\u1eafm nh\u00ecn t\u1eadn m\u1eaft, hay ch\u1ea1m v\u00e0o m\u1ed9t trong nh\u1eefng c\u00e2y phong \u0111\u1eb7c bi\u1ec7t nh\u1ea5t tr\u00ean \u0111\u1ec9nh Fansipan.<\/p>\n<p style=\"text-align: justify;\"><strong>R\u1eebng phong Ch\u1ebf T\u1ea1o &#8211; Y\u00ean B\u00e1i<\/strong><\/p>\n<p style=\"text-align: justify;\">Ch\u1ebf T\u1ea1o l\u00e0 t\u00ean c\u1ee7a m\u1ed9t khu r\u1eebng nguy\u00ean sinh \u1edf Y\u00ean B\u00e1i, tr\u00ean cung \u0111\u01b0\u1eddng ph\u01b0\u1ee3t M\u00f9 Cang Ch\u1ea3i.<\/p>\n<div id=\"attachment_187719\" style=\"width: 670px\" class=\"wp-caption aligncenter\"><img loading=\"lazy\" decoding=\"async\" aria-describedby=\"caption-attachment-187719\" class=\"wp-image-187719 size-full\" title=\"Nh\u1eefng m\u1ea3ng c\u00e2y \u00f3ng v\u00e0ng. \u1ea2nh: Tran Thuy.\" src=\"https:\/\/cdn3.ivivu.com\/2017\/01\/6-vung-la-phong-tuyet-dep-khap-ca-nuoc-ivivu-4.jpg\" alt=\"Nh\u1eefng m\u1ea3ng c\u00e2y \u00f3ng v\u00e0ng. \u1ea2nh: Tran Thuy.\" width=\"660\" height=\"371\" srcset=\"https:\/\/cdn3.ivivu.com\/2017\/01\/6-vung-la-phong-tuyet-dep-khap-ca-nuoc-ivivu-4.jpg 660w, https:\/\/cdn3.ivivu.com\/2017\/01\/6-vung-la-phong-tuyet-dep-khap-ca-nuoc-ivivu-4-250x142.jpg 250w, https:\/\/cdn3.ivivu.com\/2017\/01\/6-vung-la-phong-tuyet-dep-khap-ca-nuoc-ivivu-4-540x305.jpg 540w, https:\/\/cdn3.ivivu.com\/2017\/01\/6-vung-la-phong-tuyet-dep-khap-ca-nuoc-ivivu-4-225x127.jpg 225w, https:\/\/cdn3.ivivu.com\/2017\/01\/6-vung-la-phong-tuyet-dep-khap-ca-nuoc-ivivu-4-370x208.jpg 370w, https:\/\/cdn3.ivivu.com\/2017\/01\/6-vung-la-phong-tuyet-dep-khap-ca-nuoc-ivivu-4-50x28.jpg 50w, https:\/\/cdn3.ivivu.com\/2017\/01\/6-vung-la-phong-tuyet-dep-khap-ca-nuoc-ivivu-4-107x60.jpg 107w, https:\/\/cdn3.ivivu.com\/2017\/01\/6-vung-la-phong-tuyet-dep-khap-ca-nuoc-ivivu-4-195x110.jpg 195w, https:\/\/cdn3.ivivu.com\/2017\/01\/6-vung-la-phong-tuyet-dep-khap-ca-nuoc-ivivu-4-220x125.jpg 220w, https:\/\/cdn3.ivivu.com\/2017\/01\/6-vung-la-phong-tuyet-dep-khap-ca-nuoc-ivivu-4-400x225.jpg 400w, https:\/\/cdn3.ivivu.com\/2017\/01\/6-vung-la-phong-tuyet-dep-khap-ca-nuoc-ivivu-4-140x80.jpg 140w\" sizes=\"(max-width: 660px) 100vw, 660px\" \/><p id=\"caption-attachment-187719\" class=\"wp-caption-text\">Nh\u1eefng m\u1ea3ng c\u00e2y \u00f3ng v\u00e0ng. \u1ea2nh: Tran Thuy.<\/p><\/div>\n<p style=\"text-align: justify;\">Kh\u00f4ng tr\u00e8o \u0111\u00e8o l\u1ed9i su\u1ed1i nh\u01b0 \u0111\u1ebfn v\u1edbi r\u1eebng phong tr\u00ean h\u1ed3 Tuy\u1ec1n L\u00e2m, hay v\u01b0\u1ee3t ch\u1eb7ng \u0111\u01b0\u1eddng d\u00e0i t\u1edbi Fansipan tr\u00ean \u0111\u1ec9nh n\u00fai, tr\u00ean cung \u0111\u01b0\u1eddng ph\u01b0\u1ee3t \u0111i qua, b\u1ea1n c\u00f3 th\u1ec3 ch\u1ea7m ch\u1eadm ng\u1eafm nh\u00ecn nh\u1eefng c\u00e0nh l\u00e1 phong u\u1ed1n l\u01b0\u1ee3n b\u00ean \u0111\u01b0\u1eddng.<\/p>\n<p style=\"text-align: justify;\">M\u00e0u l\u00e1 phong h\u00f2a quy\u1ec7n v\u1edbi s\u1eafc \u0111\u1ecf, s\u1eafc t\u00edm v\u00e0 tr\u1eafng c\u1ee7a hoa \u0111\u1ed7 quy\u00ean v\u00e0 hoa mua, t\u1ea1o n\u00ean b\u1ee9c tranh thi\u00ean nhi\u00ean r\u1ef1c r\u1ee1 b\u1ea5t k\u1ef3 ph\u01b0\u1ee3t th\u1ee7 n\u00e0o c\u0169ng \u1ea5n t\u01b0\u1ee3ng s\u00e2u s\u1eafc.<\/p>\n<p style=\"text-align: justify;\"><strong>R\u1eebng phong \u0110\u1ed3ng Cao &#8211; B\u1eafc Giang<\/strong><\/p>\n<p style=\"text-align: justify;\">\u0110\u1ed3ng Cao l\u00e0 m\u1ed9t trong nh\u1eefng \u0111\u1ecba \u0111i\u1ec3m l\u00fd t\u01b0\u1edfng \u0111\u01b0\u1ee3c c\u00e1c b\u1ea1n tr\u1ebb l\u1ef1a ch\u1ecdn trong nh\u1eefng d\u1ecbp cu\u1ed1i tu\u1ea7n, c\u00e1ch H\u00e0 N\u1ed9i 170 km, l\u00e0 m\u1ed9t x\u00e3 thu\u1ed9c t\u1ec9nh B\u1eafc Giang. B\u1ea1n s\u1ebd c\u00f3 c\u01a1 h\u1ed9i \u0111\u01b0\u1ee3c ng\u1eafm nh\u00ecn nh\u1eefng c\u00e0nh l\u00e1 phong h\u1ea5p d\u1eabn.<\/p>\n<p style=\"text-align: justify;\">Tuy l\u00e1 \u1edf \u0111\u00e2y kh\u00f4ng d\u00e0y \u0111\u1eb7c v\u00e0 tr\u1ea3i r\u1eb7ng l\u1edbn nh\u01b0 nhi\u1ec1u n\u01a1i, s\u1ef1 xu\u1ea5t hi\u1ec7n c\u1ee7a nh\u1eefng t\u00e1n l\u00e1 phong c\u00f9ng v\u1edbi ti\u1ebft tr\u1eddi trong xanh m\u00e1t m\u1ebb c\u1ee7a m\u00f9a thu ch\u1eafc ch\u1eafn v\u1eabn s\u1ebd \u0111em l\u1ea1i cho c\u00e1c b\u1ea1n nh\u1eefng c\u1ea3m x\u00fac nh\u1eb9 nh\u00e0ng kh\u00f3 qu\u00ean, lu\u00f4n mu\u1ed1n ghi l\u1ea1i nh\u1eefng h\u00ecnh \u1ea3nh n\u01a1i n\u00e0y v\u00e0 nh\u1eefng tr\u1ea3i nghi\u1ec7m th\u00fa v\u1ecb.<\/p>\n<p style=\"text-align: justify;\"><strong>R\u1eebng phong Tam \u0110\u1ea3o &#8211; V\u0129nh Ph\u00fac<\/strong><\/p>\n<p style=\"text-align: justify;\">Tam \u0110\u1ea3o l\u00e0 m\u1ed9t d\u00e3y n\u00fai \u0111\u00e1 c\u1ee7a v\u00f9ng n\u00fai \u0110\u00f4ng B\u1eafc n\u1eb1m tr\u00ean \u0111\u1ecba b\u00e0n t\u1ec9nh V\u0129nh Ph\u00fac. \u0110\u00e3 t\u1eeb l\u00e2u, Tam \u0110\u1ea3o n\u1ed5i ti\u1ebfng l\u00e0 \u0111\u1ecba \u0111i\u1ec3m du l\u1ecbch v\u00e0 ngh\u1ec9 d\u01b0\u1ee1ng ng\u1eafn ng\u00e0y cho nhi\u1ec1u gia \u0111\u00ecnh v\u00e0o d\u1ecbp cu\u1ed1i tu\u1ea7n.<\/p>\n<p><img loading=\"lazy\" decoding=\"async\" class=\"aligncenter wp-image-187720 size-full\" src=\"https:\/\/cdn3.ivivu.com\/2017\/01\/6-vung-la-phong-tuyet-dep-khap-ca-nuoc-ivivu-5.png\" alt=\"6-vung-la-phong-tuyet-dep-khap-ca-nuoc-ivivu-5\" width=\"540\" height=\"668\" srcset=\"https:\/\/cdn3.ivivu.com\/2017\/01\/6-vung-la-phong-tuyet-dep-khap-ca-nuoc-ivivu-5.png 540w, https:\/\/cdn3.ivivu.com\/2017\/01\/6-vung-la-phong-tuyet-dep-khap-ca-nuoc-ivivu-5-247x305.png 247w\" sizes=\"(max-width: 540px) 100vw, 540px\" \/><\/p>\n<p style=\"text-align: justify;\">Tam \u0110\u1ea3o c\u0169ng l\u00e0 m\u1ed9t trong s\u1ed1 \u00edt nh\u1eefng n\u01a1i \u1edf Vi\u1ec7t Nam c\u00f3 c\u00e2y l\u00e1 phong. D\u1ecdc tr\u00ean con \u0111\u01b0\u1eddng v\u00e0o ch\u00f9a \u0110\u1ecba Ng\u1ee5c, l\u00e1 phong m\u1ecdc r\u1ea5t nhi\u1ec1u v\u00e0 r\u1ea5t \u0111\u1eb9p. N\u1ebfu b\u1ea1n mu\u1ed1n ng\u1eafm l\u00e1 phong \u0111\u1ecf b\u1ea3y th\u00f9y, h\u00e3y d\u1eebng ch\u00e2n tr\u01b0\u1edbc c\u1ea7u v\u00e0o ch\u00f9a \u0111\u1ec3 ng\u1eafm c\u00e2y phong tuy\u1ec7t \u0111\u1eb9p.<\/p>\n<h4 style=\"text-align: center;\"><div class=\"ltt-contentbox white\"><\/span>B\u1ea0N C\u1ea6N M\u1ed8T N\u01a0I L\u01afU TR\u00da V\u1edaI GI\u00c1 H\u1ee2P T\u00daI TI\u1ec0N TRONG H\u00c0NH TR\u00ccNH DU L\u1ecaCH, \u0110\u1eeaNG NG\u1ea6N NG\u1ea0I G\u1eccI NGAY T\u1edaI S\u1ed0 1900 1870 \u0110\u1ec2 \u0110\u01af\u1ee2C T\u01af V\u1ea4N NH\u00c9<\/div><\/h4>\n<p style=\"text-align: right;\"><strong>Theo <a href=\"http:\/\/news.zing.vn\/6-vung-la-phong-tuyet-dep-khap-ca-nuoc-post712475.html\" target=\"_blank\" rel=\"nofollow\">Ph\u01b0\u1edbc B\u00ecnh\/Zing News<\/a><\/strong><\/p>\n<div class=\"ltt-contentbox white\"><\/span><\/p>\n<p><strong>Xem th\u00eam c\u00e1c b\u00e0i vi\u1ebft:<\/strong><\/p>\n<p><a href=\"https:\/\/www.ivivu.com\/blog\/2017\/01\/kinh-nghiem-bo-tui-cho-nhung-nguoi-du-lich-lan-dau\/\" target=\"_blank\"><strong>Kinh nghi\u1ec7m b\u1ecf t\u00fai cho nh\u1eefng ng\u01b0\u1eddi du l\u1ecbch l\u1ea7n \u0111\u1ea7u<\/strong><\/a><\/p>\n<p><a href=\"https:\/\/www.ivivu.com\/blog\/2017\/01\/nguoi-viet-duoc-mien-visa-belarus-5-ngay\/\" target=\"_blank\"><strong>Ng\u01b0\u1eddi Vi\u1ec7t \u0111\u01b0\u1ee3c mi\u1ec5n visa Belarus 5 ng\u00e0y<\/strong><\/a><\/p>\n<p><a href=\"https:\/\/www.ivivu.com\/blog\/2017\/01\/10-meo-tiet-kiem-cuc-huu-hieu-de-du-it-tien-van-thoa-suc-di-du-lich\/\" target=\"_blank\"><strong>10 m\u1eb9o ti\u1ebft ki\u1ec7m c\u1ef1c h\u1eefu hi\u1ec7u \u0111\u1ec3 d\u00f9 \u00edt ti\u1ec1n v\u1eabn th\u1ecfa s\u1ee9c \u0111i du l\u1ecbch<\/strong><\/a><\/p>\n<p><\/div>\n<h3><div class=\"ltt-contentbox white\"><\/span>Click \u0111\u1eb7t ngay <a href=\"https:\/\/www.ivivu.com\/?utm_source=blog_ivivu&amp;utm_medium=post_link&amp;utm_campaign=internal\" target=\"_blank\">Kh\u00e1ch s\u1ea1n kh\u1eafp Vi\u1ec7t Nam v\u00e0 to\u00e0n th\u1ebf gi\u1edbi<\/a> gi\u00e1 t\u1ed1t nh\u1ea5t ch\u1ec9 c\u00f3 t\u1ea1i iVIVU.com<\/div><\/h3>\n<p><strong>***<\/strong><\/p>\n<p><strong>Tham kh\u1ea3o: <a href=\"https:\/\/www.ivivu.com\/blog\" target=\"_blank\">C\u1ea9m nang du l\u1ecbch iVIVU.com<\/a><\/strong><\/p>\n","protected":false},"excerpt":{"rendered":"<p>Kh\u00f4ng ph\u1ea3i \u0111\u1ebfn H\u00e0n Qu\u1ed1c hay Nh\u1eadt B\u1ea3n m\u1edbi c\u00f3 th\u1ec3 ng\u1eafm nh\u1eefng t\u00e1n l\u00e1 phong ng\u1eadp tr\u00e0n m\u00e0u s\u1eafc, b\u1ea1n c\u00f3 th\u1ec3 chi\u00eam ng\u01b0\u1ee1ng lo\u1ea1i c\u00e2y mang phong v\u1ecb thu \u0111\u00f4ng n\u00e0y ngay t\u1ea1i Vi\u1ec7t Nam.<\/p>\n","protected":false},"author":38,"featured_media":187718,"comment_status":"closed","ping_status":"open","sticky":false,"template":"","format":"standard","meta":{"_acf_changed":false,"footnotes":""},"categories":[229,14742],"tags":[5843,17819,17511,26102,26103,122],"acf":[],"yoast_head":"<!-- This site is optimized with the Yoast SEO Premium plugin v22.6 (Yoast SEO v22.6) - https:\/\/yoast.com\/wordpress\/plugins\/seo\/ -->\n<title>6 v\u00f9ng l\u00e1 phong tuy\u1ec7t \u0111\u1eb9p kh\u1eafp c\u1ea3 n\u01b0\u1edbc - iVIVU.com<\/title>\n<meta name=\"description\" content=\"Kh\u00f4ng ph\u1ea3i \u0111\u1ebfn H\u00e0n Qu\u1ed1c hay Nh\u1eadt B\u1ea3n m\u1edbi c\u00f3 th\u1ec3 ng\u1eafm nh\u1eefng t\u00e1n l\u00e1 phong, b\u1ea1n c\u00f3 th\u1ec3 chi\u00eam ng\u01b0\u1ee1ng lo\u1ea1i c\u00e2y mang phong v\u1ecb thu \u0111\u00f4ng n\u00e0y ngay t\u1ea1i Vi\u1ec7t Nam.\" \/>\n<meta name=\"robots\" content=\"index, follow, max-snippet:-1, max-image-preview:large, max-video-preview:-1\" \/>\n<link rel=\"canonical\" href=\"https:\/\/www.ivivu.com\/blog\/2017\/01\/6-vung-la-phong-tuyet-dep-khap-ca-nuoc\/\" \/>\n<meta name=\"twitter:label1\" content=\"\u0110\u01b0\u1ee3c vi\u1ebft b\u1edfi\" \/>\n\t<meta name=\"twitter:data1\" content=\"Ng\u00e2n Thi\u1ec1u Kim\" \/>\n\t<meta name=\"twitter:label2\" content=\"\u01af\u1edbc t\u00ednh th\u1eddi gian \u0111\u1ecdc\" \/>\n\t<meta name=\"twitter:data2\" content=\"7 ph\u00fat\" \/>\n<script type=\"application\/ld+json\" class=\"yoast-schema-graph\">{\"@context\":\"https:\/\/schema.org\",\"@graph\":[{\"@type\":\"Article\",\"@id\":\"https:\/\/www.ivivu.com\/blog\/2017\/01\/6-vung-la-phong-tuyet-dep-khap-ca-nuoc\/#article\",\"isPartOf\":{\"@id\":\"https:\/\/www.ivivu.com\/blog\/2017\/01\/6-vung-la-phong-tuyet-dep-khap-ca-nuoc\/\"},\"author\":{\"name\":\"Ng\u00e2n Thi\u1ec1u Kim\",\"@id\":\"https:\/\/www.ivivu.com\/blog\/#\/schema\/person\/f6e706f46fad4e85f2e1c3ec41136369\"},\"headline\":\"6 v\u00f9ng l\u00e1 phong tuy\u1ec7t \u0111\u1eb9p kh\u1eafp c\u1ea3 n\u01b0\u1edbc\",\"datePublished\":\"2017-01-19T03:56:45+00:00\",\"dateModified\":\"2017-01-18T10:57:45+00:00\",\"mainEntityOfPage\":{\"@id\":\"https:\/\/www.ivivu.com\/blog\/2017\/01\/6-vung-la-phong-tuyet-dep-khap-ca-nuoc\/\"},\"wordCount\":1476,\"publisher\":{\"@id\":\"https:\/\/www.ivivu.com\/blog\/#organization\"},\"image\":{\"@id\":\"https:\/\/www.ivivu.com\/blog\/2017\/01\/6-vung-la-phong-tuyet-dep-khap-ca-nuoc\/#primaryimage\"},\"thumbnailUrl\":\"https:\/\/cdn3.ivivu.com\/2017\/01\/6-vung-la-phong-tuyet-dep-khap-ca-nuoc-ivivu-3.png\",\"keywords\":[\"\u0111i\u1ec3m \u0111\u1ebfn Vi\u1ec7t Nam\",\"l\u00e1 phong\",\"r\u1eebng phong Ch\u1ebf T\u1ea1o\",\"r\u1eebng phong \u0110\u1ed3ng Cao\",\"r\u1eebng phong Tam \u0110\u1ea3o\",\"Vi\u1ec7t Nam\"],\"articleSection\":[\"DU L\u1ecaCH VI\u1ec6T NAM\",\"N\u1ed5i B\u1eadt 2\"],\"inLanguage\":\"vi\"},{\"@type\":\"WebPage\",\"@id\":\"https:\/\/www.ivivu.com\/blog\/2017\/01\/6-vung-la-phong-tuyet-dep-khap-ca-nuoc\/\",\"url\":\"https:\/\/www.ivivu.com\/blog\/2017\/01\/6-vung-la-phong-tuyet-dep-khap-ca-nuoc\/\",\"name\":\"6 v\u00f9ng l\u00e1 phong tuy\u1ec7t \u0111\u1eb9p kh\u1eafp c\u1ea3 n\u01b0\u1edbc - iVIVU.com\",\"isPartOf\":{\"@id\":\"https:\/\/www.ivivu.com\/blog\/#website\"},\"primaryImageOfPage\":{\"@id\":\"https:\/\/www.ivivu.com\/blog\/2017\/01\/6-vung-la-phong-tuyet-dep-khap-ca-nuoc\/#primaryimage\"},\"image\":{\"@id\":\"https:\/\/www.ivivu.com\/blog\/2017\/01\/6-vung-la-phong-tuyet-dep-khap-ca-nuoc\/#primaryimage\"},\"thumbnailUrl\":\"https:\/\/cdn3.ivivu.com\/2017\/01\/6-vung-la-phong-tuyet-dep-khap-ca-nuoc-ivivu-3.png\",\"datePublished\":\"2017-01-19T03:56:45+00:00\",\"dateModified\":\"2017-01-18T10:57:45+00:00\",\"description\":\"Kh\u00f4ng ph\u1ea3i \u0111\u1ebfn H\u00e0n Qu\u1ed1c hay Nh\u1eadt B\u1ea3n m\u1edbi c\u00f3 th\u1ec3 ng\u1eafm nh\u1eefng t\u00e1n l\u00e1 phong, b\u1ea1n c\u00f3 th\u1ec3 chi\u00eam ng\u01b0\u1ee1ng lo\u1ea1i c\u00e2y mang phong v\u1ecb thu \u0111\u00f4ng n\u00e0y ngay t\u1ea1i Vi\u1ec7t Nam.\",\"breadcrumb\":{\"@id\":\"https:\/\/www.ivivu.com\/blog\/2017\/01\/6-vung-la-phong-tuyet-dep-khap-ca-nuoc\/#breadcrumb\"},\"inLanguage\":\"vi\",\"potentialAction\":[{\"@type\":\"ReadAction\",\"target\":[\"https:\/\/www.ivivu.com\/blog\/2017\/01\/6-vung-la-phong-tuyet-dep-khap-ca-nuoc\/\"]}]},{\"@type\":\"ImageObject\",\"inLanguage\":\"vi\",\"@id\":\"https:\/\/www.ivivu.com\/blog\/2017\/01\/6-vung-la-phong-tuyet-dep-khap-ca-nuoc\/#primaryimage\",\"url\":\"https:\/\/cdn3.ivivu.com\/2017\/01\/6-vung-la-phong-tuyet-dep-khap-ca-nuoc-ivivu-3.png\",\"contentUrl\":\"https:\/\/cdn3.ivivu.com\/2017\/01\/6-vung-la-phong-tuyet-dep-khap-ca-nuoc-ivivu-3.png\",\"width\":540,\"height\":374},{\"@type\":\"BreadcrumbList\",\"@id\":\"https:\/\/www.ivivu.com\/blog\/2017\/01\/6-vung-la-phong-tuyet-dep-khap-ca-nuoc\/#breadcrumb\",\"itemListElement\":[{\"@type\":\"ListItem\",\"position\":1,\"name\":\"Home\",\"item\":\"https:\/\/www.ivivu.com\/blog\/\"},{\"@type\":\"ListItem\",\"position\":2,\"name\":\"6 v\u00f9ng l\u00e1 phong tuy\u1ec7t \u0111\u1eb9p kh\u1eafp c\u1ea3 n\u01b0\u1edbc\"}]},{\"@type\":\"WebSite\",\"@id\":\"https:\/\/www.ivivu.com\/blog\/#website\",\"url\":\"https:\/\/www.ivivu.com\/blog\/\",\"name\":\"C\u1ea9m nang du l\u1ecbch\",\"description\":\"\",\"publisher\":{\"@id\":\"https:\/\/www.ivivu.com\/blog\/#organization\"},\"potentialAction\":[{\"@type\":\"SearchAction\",\"target\":{\"@type\":\"EntryPoint\",\"urlTemplate\":\"https:\/\/www.ivivu.com\/blog\/?s={search_term_string}\"},\"query-input\":\"required name=search_term_string\"}],\"inLanguage\":\"vi\"},{\"@type\":\"Organization\",\"@id\":\"https:\/\/www.ivivu.com\/blog\/#organization\",\"name\":\"iVIVU.com\",\"url\":\"https:\/\/www.ivivu.com\/blog\/\",\"logo\":{\"@type\":\"ImageObject\",\"inLanguage\":\"vi\",\"@id\":\"https:\/\/www.ivivu.com\/blog\/#\/schema\/logo\/image\/\",\"url\":\"https:\/\/cdn3.ivivu.com\/2024\/01\/ivivu_no_slogan.png\",\"contentUrl\":\"https:\/\/cdn3.ivivu.com\/2024\/01\/ivivu_no_slogan.png\",\"width\":788,\"height\":565,\"caption\":\"iVIVU.com\"},\"image\":{\"@id\":\"https:\/\/www.ivivu.com\/blog\/#\/schema\/logo\/image\/\"},\"sameAs\":[\"https:\/\/www.facebook.com\/iVIVU\"]},{\"@type\":\"Person\",\"@id\":\"https:\/\/www.ivivu.com\/blog\/#\/schema\/person\/f6e706f46fad4e85f2e1c3ec41136369\",\"name\":\"Ng\u00e2n Thi\u1ec1u Kim\",\"sameAs\":[\"https:\/\/www.ivivu.com\/blog\/\"],\"url\":\"https:\/\/www.ivivu.com\/blog\/author\/ngan-thieu\/\"}]}<\/script>\n<!-- \/ Yoast SEO Premium plugin. -->","yoast_head_json":{"title":"6 v\u00f9ng l\u00e1 phong tuy\u1ec7t \u0111\u1eb9p kh\u1eafp c\u1ea3 n\u01b0\u1edbc - iVIVU.com","description":"Kh\u00f4ng ph\u1ea3i \u0111\u1ebfn H\u00e0n Qu\u1ed1c hay Nh\u1eadt B\u1ea3n m\u1edbi c\u00f3 th\u1ec3 ng\u1eafm nh\u1eefng t\u00e1n l\u00e1 phong, b\u1ea1n c\u00f3 th\u1ec3 chi\u00eam ng\u01b0\u1ee1ng lo\u1ea1i c\u00e2y mang phong v\u1ecb thu \u0111\u00f4ng n\u00e0y ngay t\u1ea1i Vi\u1ec7t Nam.","robots":{"index":"index","follow":"follow","max-snippet":"max-snippet:-1","max-image-preview":"max-image-preview:large","max-video-preview":"max-video-preview:-1"},"canonical":"https:\/\/www.ivivu.com\/blog\/2017\/01\/6-vung-la-phong-tuyet-dep-khap-ca-nuoc\/","twitter_misc":{"\u0110\u01b0\u1ee3c vi\u1ebft b\u1edfi":"Ng\u00e2n Thi\u1ec1u Kim","\u01af\u1edbc t\u00ednh th\u1eddi gian \u0111\u1ecdc":"7 ph\u00fat"},"schema":{"@context":"https:\/\/schema.org","@graph":[{"@type":"Article","@id":"https:\/\/www.ivivu.com\/blog\/2017\/01\/6-vung-la-phong-tuyet-dep-khap-ca-nuoc\/#article","isPartOf":{"@id":"https:\/\/www.ivivu.com\/blog\/2017\/01\/6-vung-la-phong-tuyet-dep-khap-ca-nuoc\/"},"author":{"name":"Ng\u00e2n Thi\u1ec1u Kim","@id":"https:\/\/www.ivivu.com\/blog\/#\/schema\/person\/f6e706f46fad4e85f2e1c3ec41136369"},"headline":"6 v\u00f9ng l\u00e1 phong tuy\u1ec7t \u0111\u1eb9p kh\u1eafp c\u1ea3 n\u01b0\u1edbc","datePublished":"2017-01-19T03:56:45+00:00","dateModified":"2017-01-18T10:57:45+00:00","mainEntityOfPage":{"@id":"https:\/\/www.ivivu.com\/blog\/2017\/01\/6-vung-la-phong-tuyet-dep-khap-ca-nuoc\/"},"wordCount":1476,"publisher":{"@id":"https:\/\/www.ivivu.com\/blog\/#organization"},"image":{"@id":"https:\/\/www.ivivu.com\/blog\/2017\/01\/6-vung-la-phong-tuyet-dep-khap-ca-nuoc\/#primaryimage"},"thumbnailUrl":"https:\/\/cdn3.ivivu.com\/2017\/01\/6-vung-la-phong-tuyet-dep-khap-ca-nuoc-ivivu-3.png","keywords":["\u0111i\u1ec3m \u0111\u1ebfn Vi\u1ec7t Nam","l\u00e1 phong","r\u1eebng phong Ch\u1ebf T\u1ea1o","r\u1eebng phong \u0110\u1ed3ng Cao","r\u1eebng phong Tam \u0110\u1ea3o","Vi\u1ec7t Nam"],"articleSection":["DU L\u1ecaCH VI\u1ec6T NAM","N\u1ed5i B\u1eadt 2"],"inLanguage":"vi"},{"@type":"WebPage","@id":"https:\/\/www.ivivu.com\/blog\/2017\/01\/6-vung-la-phong-tuyet-dep-khap-ca-nuoc\/","url":"https:\/\/www.ivivu.com\/blog\/2017\/01\/6-vung-la-phong-tuyet-dep-khap-ca-nuoc\/","name":"6 v\u00f9ng l\u00e1 phong tuy\u1ec7t \u0111\u1eb9p kh\u1eafp c\u1ea3 n\u01b0\u1edbc - iVIVU.com","isPartOf":{"@id":"https:\/\/www.ivivu.com\/blog\/#website"},"primaryImageOfPage":{"@id":"https:\/\/www.ivivu.com\/blog\/2017\/01\/6-vung-la-phong-tuyet-dep-khap-ca-nuoc\/#primaryimage"},"image":{"@id":"https:\/\/www.ivivu.com\/blog\/2017\/01\/6-vung-la-phong-tuyet-dep-khap-ca-nuoc\/#primaryimage"},"thumbnailUrl":"https:\/\/cdn3.ivivu.com\/2017\/01\/6-vung-la-phong-tuyet-dep-khap-ca-nuoc-ivivu-3.png","datePublished":"2017-01-19T03:56:45+00:00","dateModified":"2017-01-18T10:57:45+00:00","description":"Kh\u00f4ng ph\u1ea3i \u0111\u1ebfn H\u00e0n Qu\u1ed1c hay Nh\u1eadt B\u1ea3n m\u1edbi c\u00f3 th\u1ec3 ng\u1eafm nh\u1eefng t\u00e1n l\u00e1 phong, b\u1ea1n c\u00f3 th\u1ec3 chi\u00eam ng\u01b0\u1ee1ng lo\u1ea1i c\u00e2y mang phong v\u1ecb thu \u0111\u00f4ng n\u00e0y ngay t\u1ea1i Vi\u1ec7t Nam.","breadcrumb":{"@id":"https:\/\/www.ivivu.com\/blog\/2017\/01\/6-vung-la-phong-tuyet-dep-khap-ca-nuoc\/#breadcrumb"},"inLanguage":"vi","potentialAction":[{"@type":"ReadAction","target":["https:\/\/www.ivivu.com\/blog\/2017\/01\/6-vung-la-phong-tuyet-dep-khap-ca-nuoc\/"]}]},{"@type":"ImageObject","inLanguage":"vi","@id":"https:\/\/www.ivivu.com\/blog\/2017\/01\/6-vung-la-phong-tuyet-dep-khap-ca-nuoc\/#primaryimage","url":"https:\/\/cdn3.ivivu.com\/2017\/01\/6-vung-la-phong-tuyet-dep-khap-ca-nuoc-ivivu-3.png","contentUrl":"https:\/\/cdn3.ivivu.com\/2017\/01\/6-vung-la-phong-tuyet-dep-khap-ca-nuoc-ivivu-3.png","width":540,"height":374},{"@type":"BreadcrumbList","@id":"https:\/\/www.ivivu.com\/blog\/2017\/01\/6-vung-la-phong-tuyet-dep-khap-ca-nuoc\/#breadcrumb","itemListElement":[{"@type":"ListItem","position":1,"name":"Home","item":"https:\/\/www.ivivu.com\/blog\/"},{"@type":"ListItem","position":2,"name":"6 v\u00f9ng l\u00e1 phong tuy\u1ec7t \u0111\u1eb9p kh\u1eafp c\u1ea3 n\u01b0\u1edbc"}]},{"@type":"WebSite","@id":"https:\/\/www.ivivu.com\/blog\/#website","url":"https:\/\/www.ivivu.com\/blog\/","name":"C\u1ea9m nang du l\u1ecbch","description":"","publisher":{"@id":"https:\/\/www.ivivu.com\/blog\/#organization"},"potentialAction":[{"@type":"SearchAction","target":{"@type":"EntryPoint","urlTemplate":"https:\/\/www.ivivu.com\/blog\/?s={search_term_string}"},"query-input":"required name=search_term_string"}],"inLanguage":"vi"},{"@type":"Organization","@id":"https:\/\/www.ivivu.com\/blog\/#organization","name":"iVIVU.com","url":"https:\/\/www.ivivu.com\/blog\/","logo":{"@type":"ImageObject","inLanguage":"vi","@id":"https:\/\/www.ivivu.com\/blog\/#\/schema\/logo\/image\/","url":"https:\/\/cdn3.ivivu.com\/2024\/01\/ivivu_no_slogan.png","contentUrl":"https:\/\/cdn3.ivivu.com\/2024\/01\/ivivu_no_slogan.png","width":788,"height":565,"caption":"iVIVU.com"},"image":{"@id":"https:\/\/www.ivivu.com\/blog\/#\/schema\/logo\/image\/"},"sameAs":["https:\/\/www.facebook.com\/iVIVU"]},{"@type":"Person","@id":"https:\/\/www.ivivu.com\/blog\/#\/schema\/person\/f6e706f46fad4e85f2e1c3ec41136369","name":"Ng\u00e2n Thi\u1ec1u Kim","sameAs":["https:\/\/www.ivivu.com\/blog\/"],"url":"https:\/\/www.ivivu.com\/blog\/author\/ngan-thieu\/"}]}},"_links":{"self":[{"href":"https:\/\/www.ivivu.com\/blog\/wp-json\/wp\/v2\/posts\/187715"}],"collection":[{"href":"https:\/\/www.ivivu.com\/blog\/wp-json\/wp\/v2\/posts"}],"about":[{"href":"https:\/\/www.ivivu.com\/blog\/wp-json\/wp\/v2\/types\/post"}],"author":[{"embeddable":true,"href":"https:\/\/www.ivivu.com\/blog\/wp-json\/wp\/v2\/users\/38"}],"replies":[{"embeddable":true,"href":"https:\/\/www.ivivu.com\/blog\/wp-json\/wp\/v2\/comments?post=187715"}],"version-history":[{"count":5,"href":"https:\/\/www.ivivu.com\/blog\/wp-json\/wp\/v2\/posts\/187715\/revisions"}],"predecessor-version":[{"id":187725,"href":"https:\/\/www.ivivu.com\/blog\/wp-json\/wp\/v2\/posts\/187715\/revisions\/187725"}],"wp:featuredmedia":[{"embeddable":true,"href":"https:\/\/www.ivivu.com\/blog\/wp-json\/wp\/v2\/media\/187718"}],"wp:attachment":[{"href":"https:\/\/www.ivivu.com\/blog\/wp-json\/wp\/v2\/media?parent=187715"}],"wp:term":[{"taxonomy":"category","embeddable":true,"href":"https:\/\/www.ivivu.com\/blog\/wp-json\/wp\/v2\/categories?post=187715"},{"taxonomy":"post_tag","embeddable":true,"href":"https:\/\/www.ivivu.com\/blog\/wp-json\/wp\/v2\/tags?post=187715"}],"curies":[{"name":"wp","href":"https:\/\/api.w.org\/{rel}","templated":true}]}}