{"id":193587,"date":"2017-03-05T16:35:23","date_gmt":"2017-03-05T09:35:23","guid":{"rendered":"https:\/\/www.ivivu.com\/blog\/?p=193587"},"modified":"2017-03-03T17:35:44","modified_gmt":"2017-03-03T10:35:44","slug":"tat-tat-ve-okinawa-diem-du-lich-tren-ca-tuyet-voi-cua-nhat-ban","status":"publish","type":"post","link":"https:\/\/www.ivivu.com\/blog\/2017\/03\/tat-tat-ve-okinawa-diem-du-lich-tren-ca-tuyet-voi-cua-nhat-ban\/","title":{"rendered":"T\u1ea5t t\u1eadt v\u1ec1 Okinawa &#8211; \u0111i\u1ec3m du l\u1ecbch tr\u00ean c\u1ea3 tuy\u1ec7t v\u1eddi c\u1ee7a Nh\u1eadt B\u1ea3n"},"content":{"rendered":"<p style=\"text-align: justify;\"><strong><em>L\u1eb7n bi\u1ec3n, ch\u1ee5p \u1ea3nh, th\u01b0\u1edfng th\u1ee9c h\u1ea3i s\u1ea3n t\u01b0\u01a1i s\u1ed1ng, \u0111\u1eafm ch\u00ecm trong thi\u00ean nhi\u00ean t\u01b0\u01a1i \u0111\u1eb9p&#8230; l\u00e0 nh\u1eefng tr\u1ea3i nghi\u1ec7m tuy\u1ec7t v\u1eddi v\u00e0 kh\u00f3 qu\u00ean khi t\u1edbi Okinawa.<\/em><\/strong><!--more--><\/p>\n<div class=\"ltt-contentbox white\"><\/span><strong>Xem th\u00eam: <a href=\"https:\/\/www.ivivu.com\/blog\/tag\/du-lich-nhat-ban\/\" target=\"_blank\">Du l\u1ecbch Nh\u1eadt B\u1ea3n<\/a><\/strong><\/div>\n<h2 style=\"text-align: left;\">T\u1ea5t t\u1eadt v\u1ec1 du l\u1ecbch Okinawa &#8211; \u0111i\u1ec3m \u0111\u1ebfn tr\u00ean c\u1ea3 tuy\u1ec7t v\u1eddi c\u1ee7a Nh\u1eadt B\u1ea3n<\/h2>\n<p style=\"text-align: justify;\"><strong>1. C\u00f4ng vi\u00ean trung t\u00e2m Nago<\/strong><\/p>\n<p style=\"text-align: justify;\">Th\u1eddi gian l\u00fd t\u01b0\u1edfng \u0111\u1ec3 &#8220;th\u01b0\u1edfng th\u1ee9c&#8221; nh\u1eefng b\u00e3i bi\u1ec3n \u0111\u1eb7c s\u1ea3n \u1edf Okinawa l\u00e0 m\u00f9a xu\u00e2n (th\u00e1ng 3~5) v\u00e0 m\u00f9a thu (th\u00e1ng 9~12). Tuy nhi\u00ean, n\u1ebfu b\u1ea1n \u1ea5p \u1ee7 d\u1ef1 \u0111\u1ecbnh ng\u1eafm nh\u1eefng b\u00f4ng hoa anh \u0111\u00e0o \u0111\u1ea7u m\u00f9a, th\u00ec chuy\u1ebfn \u0111i t\u1edbi Okinawa t\u1eeb cu\u1ed1i th\u00e1ng 1 t\u1edbi cu\u1ed1i th\u00e1ng 2 s\u1ebd khi\u1ebfn b\u1ea1n vi\u00ean m\u00e3n h\u01a1n c\u1ea3, khi v\u1eeba \u0111\u01b0\u1ee3c ng\u1eafm hoa, v\u1eeba \u0111\u01b0\u1ee3c d\u1ea1o ch\u01a1i \u1edf bi\u1ec3n.<\/p>\n<p><img loading=\"lazy\" decoding=\"async\" class=\"aligncenter wp-image-193553 size-full\" title=\"du l\u1ecbch Nh\u1eadt B\u1ea3n, kh\u00e1m ph\u00e1 Nh\u1eadt B\u1ea3n,kh\u00e1ch s\u1ea1n Nh\u1eadt B\u1ea3n gi\u00e1 r\u1ebb, v\u0103n h\u00f3a Nh\u1eadt B\u1ea3n\" src=\"https:\/\/cdn3.ivivu.com\/2017\/02\/tat-tat-ve-okinawa-diem-du-lich-tren-ca-tuyet-voi-cua-nhat-ban-ivivu-1.jpg\" alt=\"du l\u1ecbch Nh\u1eadt B\u1ea3n, kh\u00e1m ph\u00e1 Nh\u1eadt B\u1ea3n,kh\u00e1ch s\u1ea1n Nh\u1eadt B\u1ea3n gi\u00e1 r\u1ebb, v\u0103n h\u00f3a Nh\u1eadt B\u1ea3n\" width=\"650\" height=\"432\" srcset=\"https:\/\/cdn3.ivivu.com\/2017\/02\/tat-tat-ve-okinawa-diem-du-lich-tren-ca-tuyet-voi-cua-nhat-ban-ivivu-1.jpg 650w, https:\/\/cdn3.ivivu.com\/2017\/02\/tat-tat-ve-okinawa-diem-du-lich-tren-ca-tuyet-voi-cua-nhat-ban-ivivu-1-459x305.jpg 459w\" sizes=\"(max-width: 650px) 100vw, 650px\" \/><\/p>\n<p style=\"text-align: justify;\">Nh\u1eefng \u0111\u1ecba \u0111i\u1ec3m quen thu\u1ed9c \u0111\u01b0\u1ee3c m\u1ecdi ng\u01b0\u1eddi l\u1ef1a ch\u1ecdn \u0111\u1ec3 ng\u1eafm hoa anh \u0111\u00e0o \u1edf Okinawa l\u00e0: L\u00e2u \u0111\u00e0i Nakijin, c\u00f4ng vi\u00ean Yogi hay c\u00f4ng vi\u00ean trung t\u00e2m Nago &#8211; n\u01a1i c\u00f3 di\u1ec7n t\u00edch tr\u1ed3ng hoa anh \u0111\u00e0o r\u1ed9ng nh\u1ea5t \u1edf Okinawa.<\/p>\n<p style=\"text-align: justify;\"><strong>2. M\u0169i \u0111\u00e1 Manzamo<\/strong><\/p>\n<p style=\"text-align: justify;\">\u0110\u00e2y l\u00e0 m\u1ed9t trong nh\u1eefng n\u01a1i \u0111\u1ea7u ti\u00ean c\u1ea7n ph\u1ea3i check-in \u0111\u1ec3 ch\u1ee9ng minh v\u1ebb \u0111\u1eb9p thi\u00ean \u0111\u01b0\u1eddng \u1edf Okinawa. C\u00e1c du kh\u00e1ch th\u01b0\u1eddng c\u00f3 hai l\u1ef1a ch\u1ecdn khi ch\u1ee5p \u1ea3nh \u1edf \u0111\u00e2y: ch\u1ee5p ng\u01b0\u1ee3c n\u1eafng khi ho\u00e0ng h\u00f4n bu\u00f4ng n\u1eafng. H\u00ecnh d\u1ea1ng \u0111\u1eb7c s\u1eafc c\u1ee7a nh\u1eefng phi\u1ebfn \u0111\u00e1 c\u0169ng l\u00e0 m\u1ed9t \u01b0u \u0111\u00e3i m\u00e0 thi\u00ean nhi\u00ean ban t\u1eb7ng cho v\u00f9ng \u0111\u1ea5t n\u00e0y.<\/p>\n<p><img loading=\"lazy\" decoding=\"async\" class=\"aligncenter wp-image-193554 size-full\" src=\"https:\/\/cdn3.ivivu.com\/2017\/02\/tat-tat-ve-okinawa-diem-du-lich-tren-ca-tuyet-voi-cua-nhat-ban-ivivu-2.jpg\" alt=\"tat-tat-ve-okinawa-diem-du-lich-tren-ca-tuyet-voi-cua-nhat-ban-ivivu-2\" width=\"650\" height=\"434\" srcset=\"https:\/\/cdn3.ivivu.com\/2017\/02\/tat-tat-ve-okinawa-diem-du-lich-tren-ca-tuyet-voi-cua-nhat-ban-ivivu-2.jpg 650w, https:\/\/cdn3.ivivu.com\/2017\/02\/tat-tat-ve-okinawa-diem-du-lich-tren-ca-tuyet-voi-cua-nhat-ban-ivivu-2-457x305.jpg 457w\" sizes=\"(max-width: 650px) 100vw, 650px\" \/><\/p>\n<p><strong>3. Ch\u1ee3 \u0111\u00eam Makishi<\/strong><\/p>\n<p style=\"text-align: justify;\">T\u1ea5t c\u1ea3 c\u00e1c s\u1ea3n ph\u1ea9m \u0111\u1ec1u t\u01b0\u01a1i s\u1ed1ng, t\u1eeb th\u1ecbt c\u00e1, rau hay h\u1ea3i s\u1ea3n. B\u1ea1n c\u00f3 th\u1ec3 mua \u0111\u1ed3 v\u00e0 nh\u1edd ch\u00ednh ng\u01b0\u1eddi b\u00e1n ch\u1ebf bi\u1ebfn theo s\u1edf th\u00edch hay theo \u0111\u1eb7c tr\u01b0ng \u1ea9m th\u1ef1c c\u1ee7a v\u00f9ng Okinawa ngay t\u1ea1i ch\u1ed7.<\/p>\n<p><img loading=\"lazy\" decoding=\"async\" class=\"aligncenter wp-image-193555 size-full\" src=\"https:\/\/cdn3.ivivu.com\/2017\/02\/tat-tat-ve-okinawa-diem-du-lich-tren-ca-tuyet-voi-cua-nhat-ban-ivivu-3.jpg\" alt=\"tat-tat-ve-okinawa-diem-du-lich-tren-ca-tuyet-voi-cua-nhat-ban-ivivu-3\" width=\"650\" height=\"349\" srcset=\"https:\/\/cdn3.ivivu.com\/2017\/02\/tat-tat-ve-okinawa-diem-du-lich-tren-ca-tuyet-voi-cua-nhat-ban-ivivu-3.jpg 650w, https:\/\/cdn3.ivivu.com\/2017\/02\/tat-tat-ve-okinawa-diem-du-lich-tren-ca-tuyet-voi-cua-nhat-ban-ivivu-3-540x290.jpg 540w, https:\/\/cdn3.ivivu.com\/2017\/02\/tat-tat-ve-okinawa-diem-du-lich-tren-ca-tuyet-voi-cua-nhat-ban-ivivu-3-50x28.jpg 50w\" sizes=\"(max-width: 650px) 100vw, 650px\" \/><strong>4. L\u00e2u \u0111\u00e0i Shuri<\/strong><\/p>\n<p style=\"text-align: justify;\">Tuy \u0111\u00e3 b\u1ecb ph\u00e1 h\u1ee7y nhi\u1ec1u trong chi\u1ebfn tranh, nh\u01b0ng \u0111\u00e3 \u0111\u01b0\u1ee3c tr\u00f9ng tu v\u00e0o n\u0103m 1992 \u0111\u1ec3 l\u00e0m th\u00e0nh \u0111\u1ecba \u0111i\u1ec3m tham quan du l\u1ecbch. Theo web c\u1ee7a UNESCO, l\u00e2u \u0111\u00e0i Shuri l\u00e0 n\u01a1i \u1edf tr\u01b0\u1edbc kia c\u1ee7a gia \u0111\u00ecnh ho\u00e0ng gia Anh \u1edf qu\u1ea7n Ryukyu.<\/p>\n<div id=\"attachment_193556\" style=\"width: 660px\" class=\"wp-caption aligncenter\"><img loading=\"lazy\" decoding=\"async\" aria-describedby=\"caption-attachment-193556\" class=\"wp-image-193556 size-full\" title=\" C\u00f3 r\u1ea5t nhi\u1ec1u \u0111i\u1ec1u \u0111\u1ec3 kh\u00e1m ph\u00e1 \u1edf \u0111\u00e2y: th\u01b0\u1edfng th\u1ee9c m\u00e0n nh\u1ea1c chu\u00f4ng truy\u1ec1n th\u1ed1ng, bi\u1ec3u di\u1ec5n ngh\u1ec7 thu\u1eadt trong c\u00e1c l\u1ec5 h\u1ed9i hay u\u1ed1ng th\u1eed r\u01b0\u1ee3u g\u1ea1o l\u00ean men - \u0111\u1eb7c s\u1ea3n \u1edf v\u00f9ng Okinawa.\" src=\"https:\/\/cdn3.ivivu.com\/2017\/02\/tat-tat-ve-okinawa-diem-du-lich-tren-ca-tuyet-voi-cua-nhat-ban-ivivu-4.jpg\" alt=\" C\u00f3 r\u1ea5t nhi\u1ec1u \u0111i\u1ec1u \u0111\u1ec3 kh\u00e1m ph\u00e1 \u1edf \u0111\u00e2y: th\u01b0\u1edfng th\u1ee9c m\u00e0n nh\u1ea1c chu\u00f4ng truy\u1ec1n th\u1ed1ng, bi\u1ec3u di\u1ec5n ngh\u1ec7 thu\u1eadt trong c\u00e1c l\u1ec5 h\u1ed9i hay u\u1ed1ng th\u1eed r\u01b0\u1ee3u g\u1ea1o l\u00ean men - \u0111\u1eb7c s\u1ea3n \u1edf v\u00f9ng Okinawa.\" width=\"650\" height=\"406\" srcset=\"https:\/\/cdn3.ivivu.com\/2017\/02\/tat-tat-ve-okinawa-diem-du-lich-tren-ca-tuyet-voi-cua-nhat-ban-ivivu-4.jpg 650w, https:\/\/cdn3.ivivu.com\/2017\/02\/tat-tat-ve-okinawa-diem-du-lich-tren-ca-tuyet-voi-cua-nhat-ban-ivivu-4-488x305.jpg 488w\" sizes=\"(max-width: 650px) 100vw, 650px\" \/><p id=\"caption-attachment-193556\" class=\"wp-caption-text\">C\u00f3 r\u1ea5t nhi\u1ec1u \u0111i\u1ec1u \u0111\u1ec3 kh\u00e1m ph\u00e1 \u1edf \u0111\u00e2y: th\u01b0\u1edfng th\u1ee9c m\u00e0n nh\u1ea1c chu\u00f4ng truy\u1ec1n th\u1ed1ng, bi\u1ec3u di\u1ec5n ngh\u1ec7 thu\u1eadt trong c\u00e1c l\u1ec5 h\u1ed9i hay u\u1ed1ng th\u1eed r\u01b0\u1ee3u g\u1ea1o l\u00ean men &#8211; \u0111\u1eb7c s\u1ea3n \u1edf v\u00f9ng Okinawa.<\/p><\/div>\n<p><strong>5. C\u00f4ng vi\u00ean gi\u1ea3i tr\u00ed Okinawa World<\/strong><\/p>\n<p style=\"text-align: justify;\">C\u00f4ng vi\u00ean \u0111\u01b0\u1ee3c chia l\u00e0m 3 khu v\u1ef1c ch\u00ednh: Habu Part, Ryukyu Kingdom Village v\u00e0 hang \u0111\u1ed9ng Gyokusendo.<\/p>\n<p style=\"text-align: justify;\">L\u00e0ng v\u01b0\u01a1ng qu\u1ed1c l\u00e0 b\u1ea3n sao c\u1ee7a m\u1ed9t ng\u00f4i l\u00e0ng truy\u1ec1n th\u1ed1ng \u1edf Okinawa cung c\u1ea5p cho b\u1ea1n m\u1ed9t c\u00e1i nh\u00ecn tho\u00e1ng qua v\u1ec1 cu\u1ed9c s\u1ed1ng c\u1ee7a ng\u01b0\u1eddi d\u00e2n \u1edf \u0111\u1ea3o tr\u01b0\u1edbc th\u1ebf k\u1ef7 19. H\u00e3y tham gia v\u00e0o c\u00e1c gian h\u00e0ng th\u1ee7 c\u00f4ng ho\u1eb7c th\u01b0\u1edfng th\u1ee9c c\u00e1c m\u00f3n ngon truy\u1ec1n th\u1ed1ng \u1edf \u0111\u00e2y.<\/p>\n<p><img loading=\"lazy\" decoding=\"async\" class=\"aligncenter wp-image-193557 size-full\" title=\"Gyokusend\u014d Cave l\u00e0 h\u1ec7 th\u1ed1ng hang \u0111\u1ed9ng l\u1edbn th\u1ee9 hai t\u1ea1i Nh\u1eadt B\u1ea3n. C\u00e1c th\u00e0nh t\u1ea1o \u0111\u1ecba ch\u1ea5t \u1edf \u0111\u00e2y \u0111\u01b0\u1ee3c h\u00ecnh th\u00e0nh trong qu\u00e1 tr\u00ecnh c\u1ee7a 300.000 n\u0103m.\" src=\"https:\/\/cdn3.ivivu.com\/2017\/02\/tat-tat-ve-okinawa-diem-du-lich-tren-ca-tuyet-voi-cua-nhat-ban-ivivu-5.jpg\" alt=\"Gyokusend\u014d Cave l\u00e0 h\u1ec7 th\u1ed1ng hang \u0111\u1ed9ng l\u1edbn th\u1ee9 hai t\u1ea1i Nh\u1eadt B\u1ea3n. C\u00e1c th\u00e0nh t\u1ea1o \u0111\u1ecba ch\u1ea5t \u1edf \u0111\u00e2y \u0111\u01b0\u1ee3c h\u00ecnh th\u00e0nh trong qu\u00e1 tr\u00ecnh c\u1ee7a 300.000 n\u0103m.\" width=\"650\" height=\"431\" srcset=\"https:\/\/cdn3.ivivu.com\/2017\/02\/tat-tat-ve-okinawa-diem-du-lich-tren-ca-tuyet-voi-cua-nhat-ban-ivivu-5.jpg 650w, https:\/\/cdn3.ivivu.com\/2017\/02\/tat-tat-ve-okinawa-diem-du-lich-tren-ca-tuyet-voi-cua-nhat-ban-ivivu-5-460x305.jpg 460w\" sizes=\"(max-width: 650px) 100vw, 650px\" \/><\/p>\n<p style=\"text-align: justify;\">Gyokusend\u014d Cave l\u00e0 h\u1ec7 th\u1ed1ng hang \u0111\u1ed9ng l\u1edbn th\u1ee9 hai t\u1ea1i Nh\u1eadt B\u1ea3n. C\u00e1c th\u00e0nh t\u1ea1o \u0111\u1ecba ch\u1ea5t \u1edf \u0111\u00e2y \u0111\u01b0\u1ee3c h\u00ecnh th\u00e0nh trong qu\u00e1 tr\u00ecnh c\u1ee7a 300.000 n\u0103m.<\/p>\n<p><img loading=\"lazy\" decoding=\"async\" class=\"aligncenter wp-image-193558 size-full\" title=\"\u1ede Habu Park b\u1ea1n c\u00f3 th\u1ec3 t\u00ecm hi\u1ec3u v\u1ec1 c\u00e1c lo\u00e0i r\u1eafn kh\u00e1c nhau v\u00e0 nh\u1eefng th\u1ee9 kh\u00e1c li\u00ean quan \u0111\u1ebfn r\u1eafn.\" src=\"https:\/\/cdn3.ivivu.com\/2017\/02\/tat-tat-ve-okinawa-diem-du-lich-tren-ca-tuyet-voi-cua-nhat-ban-ivivu-6.jpg\" alt=\"\u1ede Habu Park b\u1ea1n c\u00f3 th\u1ec3 t\u00ecm hi\u1ec3u v\u1ec1 c\u00e1c lo\u00e0i r\u1eafn kh\u00e1c nhau v\u00e0 nh\u1eefng th\u1ee9 kh\u00e1c li\u00ean quan \u0111\u1ebfn r\u1eafn.\" width=\"650\" height=\"433\" srcset=\"https:\/\/cdn3.ivivu.com\/2017\/02\/tat-tat-ve-okinawa-diem-du-lich-tren-ca-tuyet-voi-cua-nhat-ban-ivivu-6.jpg 650w, https:\/\/cdn3.ivivu.com\/2017\/02\/tat-tat-ve-okinawa-diem-du-lich-tren-ca-tuyet-voi-cua-nhat-ban-ivivu-6-458x305.jpg 458w\" sizes=\"(max-width: 650px) 100vw, 650px\" \/><\/p>\n<p style=\"text-align: justify;\">\u1ede Habu Park b\u1ea1n c\u00f3 th\u1ec3 t\u00ecm hi\u1ec3u v\u1ec1 c\u00e1c lo\u00e0i r\u1eafn kh\u00e1c nhau v\u00e0 nh\u1eefng th\u1ee9 kh\u00e1c li\u00ean quan \u0111\u1ebfn r\u1eafn.<\/p>\n<p><strong>6. Th\u1ee7y cung Okinawa Churaum<\/strong><\/p>\n<p style=\"text-align: justify;\">Khi tham quan c\u00e1c lo\u00e0i \u0111\u1ed9ng v\u1eadt hoang d\u00e3 v\u00e0 khu v\u01b0\u1eddn th\u1ef1c v\u1eadt \u1edf \u0111\u00e2y, b\u1ea1n s\u1ebd v\u00f4 c\u00f9ng s\u1eedng s\u1ed1t tr\u01b0\u1edbc s\u1ef1 \u0111a d\u1ea1ng sinh h\u1ecdc \u1edf \u0111\u1ea3o Okinawa. Ngo\u00e0i ra, \u0111\u00e2y c\u0169ng t\u1eebng l\u00e0 b\u1ec3 c\u00e1 nh\u00e2n t\u1ea1o l\u1edbn nh\u1ea5t th\u1ebf gi\u1edbi, v\u1edbi chi\u1ec1u cao 35m.<\/p>\n<p style=\"text-align: right;\"><img loading=\"lazy\" decoding=\"async\" class=\"aligncenter wp-image-193559 size-full\" src=\"https:\/\/cdn3.ivivu.com\/2017\/02\/tat-tat-ve-okinawa-diem-du-lich-tren-ca-tuyet-voi-cua-nhat-ban-ivivu-7.jpg\" alt=\"tat-tat-ve-okinawa-diem-du-lich-tren-ca-tuyet-voi-cua-nhat-ban-ivivu-7\" width=\"650\" height=\"288\" srcset=\"https:\/\/cdn3.ivivu.com\/2017\/02\/tat-tat-ve-okinawa-diem-du-lich-tren-ca-tuyet-voi-cua-nhat-ban-ivivu-7.jpg 650w, https:\/\/cdn3.ivivu.com\/2017\/02\/tat-tat-ve-okinawa-diem-du-lich-tren-ca-tuyet-voi-cua-nhat-ban-ivivu-7-540x239.jpg 540w\" sizes=\"(max-width: 650px) 100vw, 650px\" \/><\/p>\n<p style=\"text-align: justify;\"><strong><div class=\"ltt-contentbox white\"><\/span><\/strong><\/p>\n<p style=\"text-align: justify;\"><strong>Khuy\u1ebfn m\u00e3i HOT<\/strong><\/p>\n<p style=\"text-align: justify;\"><strong>Click \u0111\u1eb7t ngay\u00a0<a href=\"https:\/\/www.ivivu.com\/du-lich\/tour-nhat-ban-4n3d-mua-hoa-anh-dao\/722?utm_source=blog_ivivu&amp;utm_medium=post_link&amp;utm_campaign=internal\" target=\"_blank\">Tour Nh\u1eadt B\u1ea3n 4N3D: M\u00f9a Hoa Anh \u0110\u00e0o gi\u00e1 ch\u1ec9\u00a023.800.000 VND<\/a>\u00a0(Bao \u0111\u1eadu visa +\u00a0Th\u1ee7 t\u1ee5c visa ch\u1ec9 c\u1ea7n h\u00ecnh + h\u1ed9 chi\u1ebfu v\u1edbi nh\u1eefng kh\u00e1ch \u0111\u00e3 \u0111i 3 n\u01b0\u1edbc +\u00a0T\u1eb7ng ngay voucher th\u1ea9m m\u0129 vi\u1ec7n 5 tri\u1ec7u \u0111\u1ed3ng + Gi\u1ea3m ngay 500 ngh\u00ecn cho 100 kh\u00e1ch \u0111\u1ea7u ti\u00ean)<\/strong><\/p>\n<p style=\"text-align: justify;\"><strong>Click <a href=\"https:\/\/www.ivivu.com\/du-lich\/tour-nhat-ban-4n3d-mua-hoa-anh-dao\/722?utm_source=blog_ivivu&amp;utm_medium=post_link&amp;utm_campaign=internal\" target=\"_blank\">T\u1ea0I \u0110\u00c2Y<\/a> \u0111\u1ec3 xem l\u1ecbch tr\u00ecnh tour chi ti\u1ebft<\/strong><\/p>\n<h4 style=\"text-align: center;\"><strong>G\u1ecdi ngay \u0111\u1ebfn s\u1ed1 hotline\u00a0(08) 3933 8002 \u0111\u1ec3 \u0111\u01b0\u1ee3c t\u01b0 v\u1ea5n \u0111\u1eb7t tour nh\u00e9!<\/strong><\/h4>\n<p><\/div><\/p>\n<p style=\"text-align: right;\"><strong>Theo Afamily<\/strong><\/p>\n<div class=\"ltt-contentbox white\"><\/span><\/p>\n<p><strong>Xem th\u00eam c\u00e1c b\u00e0i vi\u1ebft:<\/strong><\/p>\n<p><a href=\"https:\/\/www.ivivu.com\/blog\/2017\/02\/hoa-man-no-ro-khap-nhat-ban\/\" target=\"_blank\"><strong>Hoa m\u1eadn n\u1edf r\u1ed9 kh\u1eafp Nh\u1eadt B\u1ea3n<\/strong><\/a><\/p>\n<p><a href=\"https:\/\/www.ivivu.com\/blog\/2017\/02\/nam-2017-ban-muon-di-du-lich-nuoc-ngoai-o-dau-nao\/\" target=\"_blank\"><strong>N\u0103m 2017 b\u1ea1n mu\u1ed1n \u0111i du l\u1ecbch n\u01b0\u1edbc ngo\u00e0i \u1edf \u0111\u00e2u n\u00e0o?<\/strong><\/a><\/p>\n<p><a href=\"https:\/\/www.ivivu.com\/blog\/2017\/02\/ngoi-lang-nhat-ruc-hong-mua-hoa-anh-dao\/\" target=\"_blank\"><strong>Ng\u00f4i l\u00e0ng Nh\u1eadt r\u1ef1c h\u1ed3ng m\u00f9a hoa anh \u0111\u00e0o<\/strong><\/a><\/p>\n<p><\/div>\n<h3><div class=\"ltt-contentbox white\"><\/span>\u0110\u1eb7t <a href=\"https:\/\/www.ivivu.com\/khach-san-tokyo?utm_source=blog_ivivu&amp;utm_medium=post_link&amp;utm_campaign=internal\" target=\"_blank\">kh\u00e1ch s\u1ea1n Nh\u1eadt B\u1ea3n<\/a> t\u1ea1i iVIVU.com nh\u1eadn nhi\u1ec1u \u01b0u \u0111\u00e3i h\u1ea5p d\u1eabn<\/div><\/h3>\n<p>***<\/p>\n<p><strong>Tham kh\u1ea3o:\u00a0<a href=\"https:\/\/www.ivivu.com\/blog\/\" target=\"_blank\">C\u1ea9m nang du l\u1ecbch iVIVU.com<\/a><\/strong><\/p>\n","protected":false},"excerpt":{"rendered":"<p>L\u1eb7n bi\u1ec3n, ch\u1ee5p \u1ea3nh, th\u01b0\u1edfng th\u1ee9c h\u1ea3i s\u1ea3n t\u01b0\u01a1i s\u1ed1ng, \u0111\u1eafm ch\u00ecm trong thi\u00ean nhi\u00ean t\u01b0\u01a1i \u0111\u1eb9p&#8230; l\u00e0 nh\u1eefng tr\u1ea3i nghi\u1ec7m tuy\u1ec7t v\u1eddi v\u00e0 kh\u00f3 qu\u00ean khi t\u1edbi Okinawa.<\/p>\n","protected":false},"author":38,"featured_media":193553,"comment_status":"closed","ping_status":"open","sticky":false,"template":"","format":"standard","meta":{"_acf_changed":false,"footnotes":""},"categories":[246,8625,231,795,14742],"tags":[3128,17810,4685,5158,4684,26719],"acf":[],"yoast_head":"<!-- This site is optimized with the Yoast SEO Premium plugin v22.6 (Yoast SEO v22.6) - https:\/\/yoast.com\/wordpress\/plugins\/seo\/ -->\n<title>T\u1ea5t t\u1eadt v\u1ec1 du l\u1ecbch Okinawa - \u0111i\u1ec3m \u0111\u1ebfn tr\u00ean c\u1ea3 tuy\u1ec7t v\u1eddi c\u1ee7a Nh\u1eadt B\u1ea3n - iVIVU.com<\/title>\n<meta name=\"description\" content=\"L\u1eb7n bi\u1ec3n, ch\u1ee5p \u1ea3nh, th\u01b0\u1edfng th\u1ee9c h\u1ea3i s\u1ea3n, \u0111\u1eafm ch\u00ecm trong thi\u00ean nhi\u00ean t\u01b0\u01a1i \u0111\u1eb9p... l\u00e0 nh\u1eefng tr\u1ea3i nghi\u1ec7m tuy\u1ec7t v\u1eddi v\u00e0 kh\u00f3 qu\u00ean khi t\u1edbi du l\u1ecbch Okinawa.\" \/>\n<meta name=\"robots\" content=\"index, follow, max-snippet:-1, max-image-preview:large, max-video-preview:-1\" \/>\n<link rel=\"canonical\" href=\"https:\/\/www.ivivu.com\/blog\/2017\/03\/tat-tat-ve-okinawa-diem-du-lich-tren-ca-tuyet-voi-cua-nhat-ban\/\" \/>\n<meta name=\"twitter:label1\" content=\"\u0110\u01b0\u1ee3c vi\u1ebft b\u1edfi\" \/>\n\t<meta name=\"twitter:data1\" content=\"Ng\u00e2n Thi\u1ec1u Kim\" \/>\n\t<meta name=\"twitter:label2\" content=\"\u01af\u1edbc t\u00ednh th\u1eddi gian \u0111\u1ecdc\" \/>\n\t<meta name=\"twitter:data2\" content=\"5 ph\u00fat\" \/>\n<script type=\"application\/ld+json\" class=\"yoast-schema-graph\">{\"@context\":\"https:\/\/schema.org\",\"@graph\":[{\"@type\":\"Article\",\"@id\":\"https:\/\/www.ivivu.com\/blog\/2017\/03\/tat-tat-ve-okinawa-diem-du-lich-tren-ca-tuyet-voi-cua-nhat-ban\/#article\",\"isPartOf\":{\"@id\":\"https:\/\/www.ivivu.com\/blog\/2017\/03\/tat-tat-ve-okinawa-diem-du-lich-tren-ca-tuyet-voi-cua-nhat-ban\/\"},\"author\":{\"name\":\"Ng\u00e2n Thi\u1ec1u Kim\",\"@id\":\"https:\/\/www.ivivu.com\/blog\/#\/schema\/person\/f6e706f46fad4e85f2e1c3ec41136369\"},\"headline\":\"T\u1ea5t t\u1eadt v\u1ec1 Okinawa &#8211; \u0111i\u1ec3m du l\u1ecbch tr\u00ean c\u1ea3 tuy\u1ec7t v\u1eddi c\u1ee7a Nh\u1eadt B\u1ea3n\",\"datePublished\":\"2017-03-05T09:35:23+00:00\",\"dateModified\":\"2017-03-03T10:35:44+00:00\",\"mainEntityOfPage\":{\"@id\":\"https:\/\/www.ivivu.com\/blog\/2017\/03\/tat-tat-ve-okinawa-diem-du-lich-tren-ca-tuyet-voi-cua-nhat-ban\/\"},\"wordCount\":1036,\"publisher\":{\"@id\":\"https:\/\/www.ivivu.com\/blog\/#organization\"},\"image\":{\"@id\":\"https:\/\/www.ivivu.com\/blog\/2017\/03\/tat-tat-ve-okinawa-diem-du-lich-tren-ca-tuyet-voi-cua-nhat-ban\/#primaryimage\"},\"thumbnailUrl\":\"https:\/\/cdn3.ivivu.com\/2017\/02\/tat-tat-ve-okinawa-diem-du-lich-tren-ca-tuyet-voi-cua-nhat-ban-ivivu-1.jpg\",\"keywords\":[\"du l\u1ecbch nh\u1eadt b\u1ea3n\",\"du l\u1ecbch Okinawa\",\"\u0111i\u1ec3m \u0111\u1ebfn nh\u1eadt b\u1ea3n\",\"kh\u00e1ch s\u1ea1n nh\u1eadt b\u1ea3n\",\"kinh nghi\u1ec7m du l\u1ecbch nh\u1eadt b\u1ea3n\",\"kinh nghi\u1ec7m du l\u1ecbch Okinawa\"],\"articleSection\":[\"Ch\u00e2u \u00c1\",\"Du l\u1ecbch Nh\u1eadt B\u1ea3n\",\"DU L\u1ecaCH TH\u1ebe GI\u1edaI\",\"\u0110i\u1ec3m \u0111\u1ebfn\",\"N\u1ed5i B\u1eadt 2\"],\"inLanguage\":\"vi\"},{\"@type\":\"WebPage\",\"@id\":\"https:\/\/www.ivivu.com\/blog\/2017\/03\/tat-tat-ve-okinawa-diem-du-lich-tren-ca-tuyet-voi-cua-nhat-ban\/\",\"url\":\"https:\/\/www.ivivu.com\/blog\/2017\/03\/tat-tat-ve-okinawa-diem-du-lich-tren-ca-tuyet-voi-cua-nhat-ban\/\",\"name\":\"T\u1ea5t t\u1eadt v\u1ec1 du l\u1ecbch Okinawa - \u0111i\u1ec3m \u0111\u1ebfn tr\u00ean c\u1ea3 tuy\u1ec7t v\u1eddi c\u1ee7a Nh\u1eadt B\u1ea3n - iVIVU.com\",\"isPartOf\":{\"@id\":\"https:\/\/www.ivivu.com\/blog\/#website\"},\"primaryImageOfPage\":{\"@id\":\"https:\/\/www.ivivu.com\/blog\/2017\/03\/tat-tat-ve-okinawa-diem-du-lich-tren-ca-tuyet-voi-cua-nhat-ban\/#primaryimage\"},\"image\":{\"@id\":\"https:\/\/www.ivivu.com\/blog\/2017\/03\/tat-tat-ve-okinawa-diem-du-lich-tren-ca-tuyet-voi-cua-nhat-ban\/#primaryimage\"},\"thumbnailUrl\":\"https:\/\/cdn3.ivivu.com\/2017\/02\/tat-tat-ve-okinawa-diem-du-lich-tren-ca-tuyet-voi-cua-nhat-ban-ivivu-1.jpg\",\"datePublished\":\"2017-03-05T09:35:23+00:00\",\"dateModified\":\"2017-03-03T10:35:44+00:00\",\"description\":\"L\u1eb7n bi\u1ec3n, ch\u1ee5p \u1ea3nh, th\u01b0\u1edfng th\u1ee9c h\u1ea3i s\u1ea3n, \u0111\u1eafm ch\u00ecm trong thi\u00ean nhi\u00ean t\u01b0\u01a1i \u0111\u1eb9p... l\u00e0 nh\u1eefng tr\u1ea3i nghi\u1ec7m tuy\u1ec7t v\u1eddi v\u00e0 kh\u00f3 qu\u00ean khi t\u1edbi du l\u1ecbch Okinawa.\",\"breadcrumb\":{\"@id\":\"https:\/\/www.ivivu.com\/blog\/2017\/03\/tat-tat-ve-okinawa-diem-du-lich-tren-ca-tuyet-voi-cua-nhat-ban\/#breadcrumb\"},\"inLanguage\":\"vi\",\"potentialAction\":[{\"@type\":\"ReadAction\",\"target\":[\"https:\/\/www.ivivu.com\/blog\/2017\/03\/tat-tat-ve-okinawa-diem-du-lich-tren-ca-tuyet-voi-cua-nhat-ban\/\"]}]},{\"@type\":\"ImageObject\",\"inLanguage\":\"vi\",\"@id\":\"https:\/\/www.ivivu.com\/blog\/2017\/03\/tat-tat-ve-okinawa-diem-du-lich-tren-ca-tuyet-voi-cua-nhat-ban\/#primaryimage\",\"url\":\"https:\/\/cdn3.ivivu.com\/2017\/02\/tat-tat-ve-okinawa-diem-du-lich-tren-ca-tuyet-voi-cua-nhat-ban-ivivu-1.jpg\",\"contentUrl\":\"https:\/\/cdn3.ivivu.com\/2017\/02\/tat-tat-ve-okinawa-diem-du-lich-tren-ca-tuyet-voi-cua-nhat-ban-ivivu-1.jpg\",\"width\":650,\"height\":432},{\"@type\":\"BreadcrumbList\",\"@id\":\"https:\/\/www.ivivu.com\/blog\/2017\/03\/tat-tat-ve-okinawa-diem-du-lich-tren-ca-tuyet-voi-cua-nhat-ban\/#breadcrumb\",\"itemListElement\":[{\"@type\":\"ListItem\",\"position\":1,\"name\":\"Home\",\"item\":\"https:\/\/www.ivivu.com\/blog\/\"},{\"@type\":\"ListItem\",\"position\":2,\"name\":\"T\u1ea5t t\u1eadt v\u1ec1 Okinawa &#8211; \u0111i\u1ec3m du l\u1ecbch tr\u00ean c\u1ea3 tuy\u1ec7t v\u1eddi c\u1ee7a Nh\u1eadt B\u1ea3n\"}]},{\"@type\":\"WebSite\",\"@id\":\"https:\/\/www.ivivu.com\/blog\/#website\",\"url\":\"https:\/\/www.ivivu.com\/blog\/\",\"name\":\"C\u1ea9m nang du l\u1ecbch\",\"description\":\"\",\"publisher\":{\"@id\":\"https:\/\/www.ivivu.com\/blog\/#organization\"},\"potentialAction\":[{\"@type\":\"SearchAction\",\"target\":{\"@type\":\"EntryPoint\",\"urlTemplate\":\"https:\/\/www.ivivu.com\/blog\/?s={search_term_string}\"},\"query-input\":\"required name=search_term_string\"}],\"inLanguage\":\"vi\"},{\"@type\":\"Organization\",\"@id\":\"https:\/\/www.ivivu.com\/blog\/#organization\",\"name\":\"iVIVU.com\",\"url\":\"https:\/\/www.ivivu.com\/blog\/\",\"logo\":{\"@type\":\"ImageObject\",\"inLanguage\":\"vi\",\"@id\":\"https:\/\/www.ivivu.com\/blog\/#\/schema\/logo\/image\/\",\"url\":\"https:\/\/cdn3.ivivu.com\/2024\/01\/ivivu_no_slogan.png\",\"contentUrl\":\"https:\/\/cdn3.ivivu.com\/2024\/01\/ivivu_no_slogan.png\",\"width\":788,\"height\":565,\"caption\":\"iVIVU.com\"},\"image\":{\"@id\":\"https:\/\/www.ivivu.com\/blog\/#\/schema\/logo\/image\/\"},\"sameAs\":[\"https:\/\/www.facebook.com\/iVIVU\"]},{\"@type\":\"Person\",\"@id\":\"https:\/\/www.ivivu.com\/blog\/#\/schema\/person\/f6e706f46fad4e85f2e1c3ec41136369\",\"name\":\"Ng\u00e2n Thi\u1ec1u Kim\",\"sameAs\":[\"https:\/\/www.ivivu.com\/blog\/\"],\"url\":\"https:\/\/www.ivivu.com\/blog\/author\/ngan-thieu\/\"}]}<\/script>\n<!-- \/ Yoast SEO Premium plugin. -->","yoast_head_json":{"title":"T\u1ea5t t\u1eadt v\u1ec1 du l\u1ecbch Okinawa - \u0111i\u1ec3m \u0111\u1ebfn tr\u00ean c\u1ea3 tuy\u1ec7t v\u1eddi c\u1ee7a Nh\u1eadt B\u1ea3n - iVIVU.com","description":"L\u1eb7n bi\u1ec3n, ch\u1ee5p \u1ea3nh, th\u01b0\u1edfng th\u1ee9c h\u1ea3i s\u1ea3n, \u0111\u1eafm ch\u00ecm trong thi\u00ean nhi\u00ean t\u01b0\u01a1i \u0111\u1eb9p... l\u00e0 nh\u1eefng tr\u1ea3i nghi\u1ec7m tuy\u1ec7t v\u1eddi v\u00e0 kh\u00f3 qu\u00ean khi t\u1edbi du l\u1ecbch Okinawa.","robots":{"index":"index","follow":"follow","max-snippet":"max-snippet:-1","max-image-preview":"max-image-preview:large","max-video-preview":"max-video-preview:-1"},"canonical":"https:\/\/www.ivivu.com\/blog\/2017\/03\/tat-tat-ve-okinawa-diem-du-lich-tren-ca-tuyet-voi-cua-nhat-ban\/","twitter_misc":{"\u0110\u01b0\u1ee3c vi\u1ebft b\u1edfi":"Ng\u00e2n Thi\u1ec1u Kim","\u01af\u1edbc t\u00ednh th\u1eddi gian \u0111\u1ecdc":"5 ph\u00fat"},"schema":{"@context":"https:\/\/schema.org","@graph":[{"@type":"Article","@id":"https:\/\/www.ivivu.com\/blog\/2017\/03\/tat-tat-ve-okinawa-diem-du-lich-tren-ca-tuyet-voi-cua-nhat-ban\/#article","isPartOf":{"@id":"https:\/\/www.ivivu.com\/blog\/2017\/03\/tat-tat-ve-okinawa-diem-du-lich-tren-ca-tuyet-voi-cua-nhat-ban\/"},"author":{"name":"Ng\u00e2n Thi\u1ec1u Kim","@id":"https:\/\/www.ivivu.com\/blog\/#\/schema\/person\/f6e706f46fad4e85f2e1c3ec41136369"},"headline":"T\u1ea5t t\u1eadt v\u1ec1 Okinawa &#8211; \u0111i\u1ec3m du l\u1ecbch tr\u00ean c\u1ea3 tuy\u1ec7t v\u1eddi c\u1ee7a Nh\u1eadt B\u1ea3n","datePublished":"2017-03-05T09:35:23+00:00","dateModified":"2017-03-03T10:35:44+00:00","mainEntityOfPage":{"@id":"https:\/\/www.ivivu.com\/blog\/2017\/03\/tat-tat-ve-okinawa-diem-du-lich-tren-ca-tuyet-voi-cua-nhat-ban\/"},"wordCount":1036,"publisher":{"@id":"https:\/\/www.ivivu.com\/blog\/#organization"},"image":{"@id":"https:\/\/www.ivivu.com\/blog\/2017\/03\/tat-tat-ve-okinawa-diem-du-lich-tren-ca-tuyet-voi-cua-nhat-ban\/#primaryimage"},"thumbnailUrl":"https:\/\/cdn3.ivivu.com\/2017\/02\/tat-tat-ve-okinawa-diem-du-lich-tren-ca-tuyet-voi-cua-nhat-ban-ivivu-1.jpg","keywords":["du l\u1ecbch nh\u1eadt b\u1ea3n","du l\u1ecbch Okinawa","\u0111i\u1ec3m \u0111\u1ebfn nh\u1eadt b\u1ea3n","kh\u00e1ch s\u1ea1n nh\u1eadt b\u1ea3n","kinh nghi\u1ec7m du l\u1ecbch nh\u1eadt b\u1ea3n","kinh nghi\u1ec7m du l\u1ecbch Okinawa"],"articleSection":["Ch\u00e2u \u00c1","Du l\u1ecbch Nh\u1eadt B\u1ea3n","DU L\u1ecaCH TH\u1ebe GI\u1edaI","\u0110i\u1ec3m \u0111\u1ebfn","N\u1ed5i B\u1eadt 2"],"inLanguage":"vi"},{"@type":"WebPage","@id":"https:\/\/www.ivivu.com\/blog\/2017\/03\/tat-tat-ve-okinawa-diem-du-lich-tren-ca-tuyet-voi-cua-nhat-ban\/","url":"https:\/\/www.ivivu.com\/blog\/2017\/03\/tat-tat-ve-okinawa-diem-du-lich-tren-ca-tuyet-voi-cua-nhat-ban\/","name":"T\u1ea5t t\u1eadt v\u1ec1 du l\u1ecbch Okinawa - \u0111i\u1ec3m \u0111\u1ebfn tr\u00ean c\u1ea3 tuy\u1ec7t v\u1eddi c\u1ee7a Nh\u1eadt B\u1ea3n - iVIVU.com","isPartOf":{"@id":"https:\/\/www.ivivu.com\/blog\/#website"},"primaryImageOfPage":{"@id":"https:\/\/www.ivivu.com\/blog\/2017\/03\/tat-tat-ve-okinawa-diem-du-lich-tren-ca-tuyet-voi-cua-nhat-ban\/#primaryimage"},"image":{"@id":"https:\/\/www.ivivu.com\/blog\/2017\/03\/tat-tat-ve-okinawa-diem-du-lich-tren-ca-tuyet-voi-cua-nhat-ban\/#primaryimage"},"thumbnailUrl":"https:\/\/cdn3.ivivu.com\/2017\/02\/tat-tat-ve-okinawa-diem-du-lich-tren-ca-tuyet-voi-cua-nhat-ban-ivivu-1.jpg","datePublished":"2017-03-05T09:35:23+00:00","dateModified":"2017-03-03T10:35:44+00:00","description":"L\u1eb7n bi\u1ec3n, ch\u1ee5p \u1ea3nh, th\u01b0\u1edfng th\u1ee9c h\u1ea3i s\u1ea3n, \u0111\u1eafm ch\u00ecm trong thi\u00ean nhi\u00ean t\u01b0\u01a1i \u0111\u1eb9p... l\u00e0 nh\u1eefng tr\u1ea3i nghi\u1ec7m tuy\u1ec7t v\u1eddi v\u00e0 kh\u00f3 qu\u00ean khi t\u1edbi du l\u1ecbch Okinawa.","breadcrumb":{"@id":"https:\/\/www.ivivu.com\/blog\/2017\/03\/tat-tat-ve-okinawa-diem-du-lich-tren-ca-tuyet-voi-cua-nhat-ban\/#breadcrumb"},"inLanguage":"vi","potentialAction":[{"@type":"ReadAction","target":["https:\/\/www.ivivu.com\/blog\/2017\/03\/tat-tat-ve-okinawa-diem-du-lich-tren-ca-tuyet-voi-cua-nhat-ban\/"]}]},{"@type":"ImageObject","inLanguage":"vi","@id":"https:\/\/www.ivivu.com\/blog\/2017\/03\/tat-tat-ve-okinawa-diem-du-lich-tren-ca-tuyet-voi-cua-nhat-ban\/#primaryimage","url":"https:\/\/cdn3.ivivu.com\/2017\/02\/tat-tat-ve-okinawa-diem-du-lich-tren-ca-tuyet-voi-cua-nhat-ban-ivivu-1.jpg","contentUrl":"https:\/\/cdn3.ivivu.com\/2017\/02\/tat-tat-ve-okinawa-diem-du-lich-tren-ca-tuyet-voi-cua-nhat-ban-ivivu-1.jpg","width":650,"height":432},{"@type":"BreadcrumbList","@id":"https:\/\/www.ivivu.com\/blog\/2017\/03\/tat-tat-ve-okinawa-diem-du-lich-tren-ca-tuyet-voi-cua-nhat-ban\/#breadcrumb","itemListElement":[{"@type":"ListItem","position":1,"name":"Home","item":"https:\/\/www.ivivu.com\/blog\/"},{"@type":"ListItem","position":2,"name":"T\u1ea5t t\u1eadt v\u1ec1 Okinawa &#8211; \u0111i\u1ec3m du l\u1ecbch tr\u00ean c\u1ea3 tuy\u1ec7t v\u1eddi c\u1ee7a Nh\u1eadt B\u1ea3n"}]},{"@type":"WebSite","@id":"https:\/\/www.ivivu.com\/blog\/#website","url":"https:\/\/www.ivivu.com\/blog\/","name":"C\u1ea9m nang du l\u1ecbch","description":"","publisher":{"@id":"https:\/\/www.ivivu.com\/blog\/#organization"},"potentialAction":[{"@type":"SearchAction","target":{"@type":"EntryPoint","urlTemplate":"https:\/\/www.ivivu.com\/blog\/?s={search_term_string}"},"query-input":"required name=search_term_string"}],"inLanguage":"vi"},{"@type":"Organization","@id":"https:\/\/www.ivivu.com\/blog\/#organization","name":"iVIVU.com","url":"https:\/\/www.ivivu.com\/blog\/","logo":{"@type":"ImageObject","inLanguage":"vi","@id":"https:\/\/www.ivivu.com\/blog\/#\/schema\/logo\/image\/","url":"https:\/\/cdn3.ivivu.com\/2024\/01\/ivivu_no_slogan.png","contentUrl":"https:\/\/cdn3.ivivu.com\/2024\/01\/ivivu_no_slogan.png","width":788,"height":565,"caption":"iVIVU.com"},"image":{"@id":"https:\/\/www.ivivu.com\/blog\/#\/schema\/logo\/image\/"},"sameAs":["https:\/\/www.facebook.com\/iVIVU"]},{"@type":"Person","@id":"https:\/\/www.ivivu.com\/blog\/#\/schema\/person\/f6e706f46fad4e85f2e1c3ec41136369","name":"Ng\u00e2n Thi\u1ec1u Kim","sameAs":["https:\/\/www.ivivu.com\/blog\/"],"url":"https:\/\/www.ivivu.com\/blog\/author\/ngan-thieu\/"}]}},"_links":{"self":[{"href":"https:\/\/www.ivivu.com\/blog\/wp-json\/wp\/v2\/posts\/193587"}],"collection":[{"href":"https:\/\/www.ivivu.com\/blog\/wp-json\/wp\/v2\/posts"}],"about":[{"href":"https:\/\/www.ivivu.com\/blog\/wp-json\/wp\/v2\/types\/post"}],"author":[{"embeddable":true,"href":"https:\/\/www.ivivu.com\/blog\/wp-json\/wp\/v2\/users\/38"}],"replies":[{"embeddable":true,"href":"https:\/\/www.ivivu.com\/blog\/wp-json\/wp\/v2\/comments?post=193587"}],"version-history":[{"count":3,"href":"https:\/\/www.ivivu.com\/blog\/wp-json\/wp\/v2\/posts\/193587\/revisions"}],"predecessor-version":[{"id":194528,"href":"https:\/\/www.ivivu.com\/blog\/wp-json\/wp\/v2\/posts\/193587\/revisions\/194528"}],"wp:featuredmedia":[{"embeddable":true,"href":"https:\/\/www.ivivu.com\/blog\/wp-json\/wp\/v2\/media\/193553"}],"wp:attachment":[{"href":"https:\/\/www.ivivu.com\/blog\/wp-json\/wp\/v2\/media?parent=193587"}],"wp:term":[{"taxonomy":"category","embeddable":true,"href":"https:\/\/www.ivivu.com\/blog\/wp-json\/wp\/v2\/categories?post=193587"},{"taxonomy":"post_tag","embeddable":true,"href":"https:\/\/www.ivivu.com\/blog\/wp-json\/wp\/v2\/tags?post=193587"}],"curies":[{"name":"wp","href":"https:\/\/api.w.org\/{rel}","templated":true}]}}