{"id":211320,"date":"2017-06-11T09:51:12","date_gmt":"2017-06-11T02:51:12","guid":{"rendered":"https:\/\/www.ivivu.com\/blog\/?p=211320"},"modified":"2017-06-09T17:51:28","modified_gmt":"2017-06-09T10:51:28","slug":"bo-tranh-thuyen-thung-dau-tien-va-nhieu-nhat-viet-nam","status":"publish","type":"post","link":"https:\/\/www.ivivu.com\/blog\/2017\/06\/bo-tranh-thuyen-thung-dau-tien-va-nhieu-nhat-viet-nam\/","title":{"rendered":"B\u1ed9 tranh thuy\u1ec1n th\u00fang \u0111\u1ea7u ti\u00ean v\u00e0 nhi\u1ec1u nh\u1ea5t Vi\u1ec7t Nam"},"content":{"rendered":"<p style=\"text-align: justify;\"><strong><em>B\u1ed9 tranh thuy\u1ec1n th\u00fang g\u1ed3m 111 chi\u1ebfc t\u01b0\u1ee3ng tr\u01b0ng cho 111 n\u0103m th\u00e0nh l\u1eadp ph\u1ee7 l\u1ef5 Tam K\u1ef3 v\u00e0 11 n\u0103m th\u00e0nh l\u1eadp th\u00e0nh ph\u1ed1 Tam K\u1ef3, <a href=\"https:\/\/www.ivivu.com\/blog\/tag\/du-lich-quang-nam\/\" target=\"_blank\">Qu\u1ea3ng Nam.<\/a><\/em><\/strong><!--more--><\/p>\n<p style=\"text-align: justify;\"><strong><div class=\"ltt-contentbox white\"><\/span>Xem th\u00eam: <a href=\"https:\/\/www.ivivu.com\/blog\/category\/viet-nam\/hoi-an\/\" target=\"_blank\">Du l\u1ecbch H\u1ed9i An<\/a><\/div><\/strong><\/p>\n<h2 style=\"text-align: left;\">Du l\u1ecbch Qu\u1ea3ng Nam tham quan b\u1ed9 tranh thuy\u1ec1n th\u00fang \u0111\u1ea7u ti\u00ean v\u00e0 nhi\u1ec1u nh\u1ea5t Vi\u1ec7t Nam<\/h2>\n<div id=\"attachment_211326\" style=\"width: 690px\" class=\"wp-caption aligncenter\"><img loading=\"lazy\" decoding=\"async\" aria-describedby=\"caption-attachment-211326\" class=\"wp-image-211326 size-full\" title=\"\u0110\u01b0\u1ee3c th\u1ef1c hi\u1ec7n g\u1ea7n 3 th\u00e1ng, b\u1ed9 tranh s\u1ebd ra m\u1eaft ng\u00e0y 9\/6 nh\u00e2n kh\u00e1nh th\u00e0nh L\u00e0ng Ngh\u1ec7 thu\u1eadt c\u1ed9ng \u0111\u1ed3ng Tam Thanh, v\u00e0 x\u00e1c l\u1eadp k\u1ef7 l\u1ee5c v\u1ec1 B\u1ed9 tranh thuy\u1ec1n th\u00fang \u0111\u1ea7u ti\u00ean v\u00e0 nhi\u1ec1u nh\u1ea5t Vi\u1ec7t Nam. \u1ea2nh: H\u00e0 Nguy\u1ec5n.\" src=\"https:\/\/cdn3.ivivu.com\/2017\/06\/bo-tranh-thuyen-thung-dau-tien-va-nhieu-nhat-viet-nam-ivivu-1.jpg\" alt=\"\u0110\u01b0\u1ee3c th\u1ef1c hi\u1ec7n g\u1ea7n 3 th\u00e1ng, b\u1ed9 tranh s\u1ebd ra m\u1eaft ng\u00e0y 9\/6 nh\u00e2n kh\u00e1nh th\u00e0nh L\u00e0ng Ngh\u1ec7 thu\u1eadt c\u1ed9ng \u0111\u1ed3ng Tam Thanh, v\u00e0 x\u00e1c l\u1eadp k\u1ef7 l\u1ee5c v\u1ec1 B\u1ed9 tranh thuy\u1ec1n th\u00fang \u0111\u1ea7u ti\u00ean v\u00e0 nhi\u1ec1u nh\u1ea5t Vi\u1ec7t Nam. \u1ea2nh: H\u00e0 Nguy\u1ec5n.\" width=\"680\" height=\"382\" srcset=\"https:\/\/cdn3.ivivu.com\/2017\/06\/bo-tranh-thuyen-thung-dau-tien-va-nhieu-nhat-viet-nam-ivivu-1.jpg 680w, https:\/\/cdn3.ivivu.com\/2017\/06\/bo-tranh-thuyen-thung-dau-tien-va-nhieu-nhat-viet-nam-ivivu-1-540x303.jpg 540w, https:\/\/cdn3.ivivu.com\/2017\/06\/bo-tranh-thuyen-thung-dau-tien-va-nhieu-nhat-viet-nam-ivivu-1-225x127.jpg 225w, https:\/\/cdn3.ivivu.com\/2017\/06\/bo-tranh-thuyen-thung-dau-tien-va-nhieu-nhat-viet-nam-ivivu-1-370x208.jpg 370w, https:\/\/cdn3.ivivu.com\/2017\/06\/bo-tranh-thuyen-thung-dau-tien-va-nhieu-nhat-viet-nam-ivivu-1-50x28.jpg 50w, https:\/\/cdn3.ivivu.com\/2017\/06\/bo-tranh-thuyen-thung-dau-tien-va-nhieu-nhat-viet-nam-ivivu-1-107x60.jpg 107w, https:\/\/cdn3.ivivu.com\/2017\/06\/bo-tranh-thuyen-thung-dau-tien-va-nhieu-nhat-viet-nam-ivivu-1-195x110.jpg 195w, https:\/\/cdn3.ivivu.com\/2017\/06\/bo-tranh-thuyen-thung-dau-tien-va-nhieu-nhat-viet-nam-ivivu-1-220x125.jpg 220w, https:\/\/cdn3.ivivu.com\/2017\/06\/bo-tranh-thuyen-thung-dau-tien-va-nhieu-nhat-viet-nam-ivivu-1-400x225.jpg 400w, https:\/\/cdn3.ivivu.com\/2017\/06\/bo-tranh-thuyen-thung-dau-tien-va-nhieu-nhat-viet-nam-ivivu-1-140x80.jpg 140w\" sizes=\"(max-width: 680px) 100vw, 680px\" \/><p id=\"caption-attachment-211326\" class=\"wp-caption-text\">\u0110\u01b0\u1ee3c th\u1ef1c hi\u1ec7n g\u1ea7n 3 th\u00e1ng, b\u1ed9 tranh s\u1ebd ra m\u1eaft ng\u00e0y 9\/6 nh\u00e2n kh\u00e1nh th\u00e0nh L\u00e0ng Ngh\u1ec7 thu\u1eadt c\u1ed9ng \u0111\u1ed3ng Tam Thanh, v\u00e0 x\u00e1c l\u1eadp k\u1ef7 l\u1ee5c v\u1ec1 B\u1ed9 tranh thuy\u1ec1n th\u00fang \u0111\u1ea7u ti\u00ean v\u00e0 nhi\u1ec1u nh\u1ea5t Vi\u1ec7t Nam. \u1ea2nh: H\u00e0 Nguy\u1ec5n.<\/p><\/div>\n<div id=\"attachment_211327\" style=\"width: 690px\" class=\"wp-caption aligncenter\"><img loading=\"lazy\" decoding=\"async\" aria-describedby=\"caption-attachment-211327\" class=\"wp-image-211327 size-full\" title=\"\u00dd t\u01b0\u1edfng v\u1ebd tranh tr\u00ean thuy\u1ec1n th\u00fang xu\u1ea5t ph\u00e1t t\u1eeb D\u1ef1 \u00e1n th\u00ed \u0111i\u1ec3m \u201cPh\u00e1t tri\u1ec3n du l\u1ecbch v\u1edbi s\u1ef1 tham gia c\u1ee7a c\u1ed9ng \u0111\u1ed3ng t\u1ea1i Tam Thanh\u201d, do UBND TP Tam K\u1ef3 l\u00e0m ch\u1ee7 d\u1ef1 \u00e1n, T\u1ed5ng c\u00f4ng ty C\u1ed5 ph\u1ea7n Thi\u1ebft b\u1ecb \u0111i\u1ec7n Vi\u1ec7t Nam (GELEX) h\u1ed7 tr\u1ee3 1,1 t\u1ef7 \u0111\u1ed3ng. \u1ea2nh: Nguy\u1ec5n C\u00f4ng H\u00e0.\" src=\"https:\/\/cdn3.ivivu.com\/2017\/06\/bo-tranh-thuyen-thung-dau-tien-va-nhieu-nhat-viet-nam-ivivu-2.jpg\" alt=\"\u00dd t\u01b0\u1edfng v\u1ebd tranh tr\u00ean thuy\u1ec1n th\u00fang xu\u1ea5t ph\u00e1t t\u1eeb D\u1ef1 \u00e1n th\u00ed \u0111i\u1ec3m \u201cPh\u00e1t tri\u1ec3n du l\u1ecbch v\u1edbi s\u1ef1 tham gia c\u1ee7a c\u1ed9ng \u0111\u1ed3ng t\u1ea1i Tam Thanh\u201d, do UBND TP Tam K\u1ef3 l\u00e0m ch\u1ee7 d\u1ef1 \u00e1n, T\u1ed5ng c\u00f4ng ty C\u1ed5 ph\u1ea7n Thi\u1ebft b\u1ecb \u0111i\u1ec7n Vi\u1ec7t Nam (GELEX) h\u1ed7 tr\u1ee3 1,1 t\u1ef7 \u0111\u1ed3ng. \u1ea2nh: Nguy\u1ec5n C\u00f4ng H\u00e0.\" width=\"680\" height=\"453\" srcset=\"https:\/\/cdn3.ivivu.com\/2017\/06\/bo-tranh-thuyen-thung-dau-tien-va-nhieu-nhat-viet-nam-ivivu-2.jpg 680w, https:\/\/cdn3.ivivu.com\/2017\/06\/bo-tranh-thuyen-thung-dau-tien-va-nhieu-nhat-viet-nam-ivivu-2-458x305.jpg 458w\" sizes=\"(max-width: 680px) 100vw, 680px\" \/><p id=\"caption-attachment-211327\" class=\"wp-caption-text\">\u00dd t\u01b0\u1edfng v\u1ebd tranh tr\u00ean thuy\u1ec1n th\u00fang xu\u1ea5t ph\u00e1t t\u1eeb D\u1ef1 \u00e1n th\u00ed \u0111i\u1ec3m \u201cPh\u00e1t tri\u1ec3n du l\u1ecbch v\u1edbi s\u1ef1 tham gia c\u1ee7a c\u1ed9ng \u0111\u1ed3ng t\u1ea1i Tam Thanh\u201d, do UBND TP Tam K\u1ef3 l\u00e0m ch\u1ee7 d\u1ef1 \u00e1n, T\u1ed5ng c\u00f4ng ty C\u1ed5 ph\u1ea7n Thi\u1ebft b\u1ecb \u0111i\u1ec7n Vi\u1ec7t Nam (GELEX) h\u1ed7 tr\u1ee3 1,1 t\u1ef7 \u0111\u1ed3ng. \u1ea2nh: Nguy\u1ec5n C\u00f4ng H\u00e0.<\/p><\/div>\n<div id=\"attachment_211328\" style=\"width: 690px\" class=\"wp-caption aligncenter\"><img loading=\"lazy\" decoding=\"async\" aria-describedby=\"caption-attachment-211328\" class=\"wp-image-211328 size-full\" title=\"Ngo\u00e0i c\u00e1c chuy\u00ean gia v\u00e0 gi\u1ea3ng vi\u00ean nhi\u1ec1u tr\u01b0\u1eddng \u0111\u1ea1i h\u1ecdc, t\u00ecnh nguy\u1ec7n vi\u00ean t\u1eeb M\u1ea1ng l\u01b0\u1edbi Qu\u1ef9 Ph\u00e1t tri\u1ec3n c\u1ed9ng \u0111\u1ed3ng (CDF), d\u1ef1 \u00e1n c\u0169ng thu h\u00fat h\u01a1n 20 h\u1ecda s\u0129, nhi\u1ebfp \u1ea3nh gia, nh\u00e0 \u0111i\u00eau kh\u1eafc, nh\u00e0 nghi\u00ean c\u1ee9u v\u0103n ho\u00e1. \u1ea2nh: Nguy\u1ec5n Phong.\" src=\"https:\/\/cdn3.ivivu.com\/2017\/06\/bo-tranh-thuyen-thung-dau-tien-va-nhieu-nhat-viet-nam-ivivu-3.jpg\" alt=\"Ngo\u00e0i c\u00e1c chuy\u00ean gia v\u00e0 gi\u1ea3ng vi\u00ean nhi\u1ec1u tr\u01b0\u1eddng \u0111\u1ea1i h\u1ecdc, t\u00ecnh nguy\u1ec7n vi\u00ean t\u1eeb M\u1ea1ng l\u01b0\u1edbi Qu\u1ef9 Ph\u00e1t tri\u1ec3n c\u1ed9ng \u0111\u1ed3ng (CDF), d\u1ef1 \u00e1n c\u0169ng thu h\u00fat h\u01a1n 20 h\u1ecda s\u0129, nhi\u1ebfp \u1ea3nh gia, nh\u00e0 \u0111i\u00eau kh\u1eafc, nh\u00e0 nghi\u00ean c\u1ee9u v\u0103n ho\u00e1. \u1ea2nh: Nguy\u1ec5n Phong.\" width=\"680\" height=\"453\" srcset=\"https:\/\/cdn3.ivivu.com\/2017\/06\/bo-tranh-thuyen-thung-dau-tien-va-nhieu-nhat-viet-nam-ivivu-3.jpg 680w, https:\/\/cdn3.ivivu.com\/2017\/06\/bo-tranh-thuyen-thung-dau-tien-va-nhieu-nhat-viet-nam-ivivu-3-458x305.jpg 458w\" sizes=\"(max-width: 680px) 100vw, 680px\" \/><p id=\"caption-attachment-211328\" class=\"wp-caption-text\">Ngo\u00e0i c\u00e1c chuy\u00ean gia v\u00e0 gi\u1ea3ng vi\u00ean nhi\u1ec1u tr\u01b0\u1eddng \u0111\u1ea1i h\u1ecdc, t\u00ecnh nguy\u1ec7n vi\u00ean t\u1eeb M\u1ea1ng l\u01b0\u1edbi Qu\u1ef9 Ph\u00e1t tri\u1ec3n c\u1ed9ng \u0111\u1ed3ng (CDF), d\u1ef1 \u00e1n c\u0169ng thu h\u00fat h\u01a1n 20 h\u1ecda s\u0129, nhi\u1ebfp \u1ea3nh gia, nh\u00e0 \u0111i\u00eau kh\u1eafc, nh\u00e0 nghi\u00ean c\u1ee9u v\u0103n ho\u00e1. \u1ea2nh: Nguy\u1ec5n Phong.<\/p><\/div>\n<div id=\"attachment_211329\" style=\"width: 690px\" class=\"wp-caption aligncenter\"><img loading=\"lazy\" decoding=\"async\" aria-describedby=\"caption-attachment-211329\" class=\"wp-image-211329 size-full\" title=\"Tr\u00ean \u1ea3nh l\u00e0 h\u1ecda s\u0129 Tr\u1ea7n Th\u1ecb Thu \u0111ang th\u1ef1c hi\u1ec7n t\u00e1c ph\u1ea9m c\u1ee7a m\u00ecnh tr\u00ean m\u1eb7t th\u00fang. Trong s\u1ed1 111 thuy\u1ec1n th\u00fang, c\u00f3 89 th\u00fang tr\u00f2n c\u00f3 \u0111\u01b0\u1eddng k\u00ednh 1 \u0111\u1ebfn 3 m, 22 thuy\u1ec1n (th\u00fang m\u00e9o) 4,5 m \u0111\u1ebfn 7 m.\" src=\"https:\/\/cdn3.ivivu.com\/2017\/06\/bo-tranh-thuyen-thung-dau-tien-va-nhieu-nhat-viet-nam-ivivu-5.jpg\" alt=\"Tr\u00ean \u1ea3nh l\u00e0 h\u1ecda s\u0129 Tr\u1ea7n Th\u1ecb Thu \u0111ang th\u1ef1c hi\u1ec7n t\u00e1c ph\u1ea9m c\u1ee7a m\u00ecnh tr\u00ean m\u1eb7t th\u00fang. Trong s\u1ed1 111 thuy\u1ec1n th\u00fang, c\u00f3 89 th\u00fang tr\u00f2n c\u00f3 \u0111\u01b0\u1eddng k\u00ednh 1 \u0111\u1ebfn 3 m, 22 thuy\u1ec1n (th\u00fang m\u00e9o) 4,5 m \u0111\u1ebfn 7 m.\" width=\"680\" height=\"453\" srcset=\"https:\/\/cdn3.ivivu.com\/2017\/06\/bo-tranh-thuyen-thung-dau-tien-va-nhieu-nhat-viet-nam-ivivu-5.jpg 680w, https:\/\/cdn3.ivivu.com\/2017\/06\/bo-tranh-thuyen-thung-dau-tien-va-nhieu-nhat-viet-nam-ivivu-5-458x305.jpg 458w\" sizes=\"(max-width: 680px) 100vw, 680px\" \/><p id=\"caption-attachment-211329\" class=\"wp-caption-text\">Tr\u00ean \u1ea3nh l\u00e0 h\u1ecda s\u0129 Tr\u1ea7n Th\u1ecb Thu \u0111ang th\u1ef1c hi\u1ec7n t\u00e1c ph\u1ea9m c\u1ee7a m\u00ecnh tr\u00ean m\u1eb7t th\u00fang. Trong s\u1ed1 111 thuy\u1ec1n th\u00fang, c\u00f3 89 th\u00fang tr\u00f2n c\u00f3 \u0111\u01b0\u1eddng k\u00ednh 1 \u0111\u1ebfn 3 m, 22 thuy\u1ec1n (th\u00fang m\u00e9o) 4,5 m \u0111\u1ebfn 7 m.<\/p><\/div>\n<div id=\"attachment_211330\" style=\"width: 690px\" class=\"wp-caption aligncenter\"><img loading=\"lazy\" decoding=\"async\" aria-describedby=\"caption-attachment-211330\" class=\"wp-image-211330 size-full\" title=\"H\u01a1n 100 thuy\u1ec1n th\u00fang n\u00e0y do ng\u01b0 d\u00e2n hi\u1ebfn t\u1eb7ng, m\u1ed9t s\u1ed1 \u0111\u01b0\u1ee3c mua. T\u1ea5t c\u1ea3 \u0111\u01b0\u1ee3c b\u1ed1 tr\u00ed \u1edf 4 \u0111\u1ecba \u0111i\u1ec3m, trong \u0111\u00f3 2 \u0111i\u1ec3m s\u1eafp \u0111\u1eb7t ven \u0111\u01b0\u1eddng Thanh Ni\u00ean, m\u1ed9t \u0111i\u1ec3m \u1edf g\u1ea7n nh\u00e0 d\u00e2n v\u00e0 m\u1ed9t n\u01a1i \u1edf b\u00e3i \u0111\u1ea5t tr\u1ed1ng b\u00ean s\u00f4ng Tr\u01b0\u1eddng Giang. \u1ea2nh: Ph\u1ea1m Ho\u00e0i Thanh.\" src=\"https:\/\/cdn3.ivivu.com\/2017\/06\/bo-tranh-thuyen-thung-dau-tien-va-nhieu-nhat-viet-nam-ivivu-6.jpg\" alt=\"H\u01a1n 100 thuy\u1ec1n th\u00fang n\u00e0y do ng\u01b0 d\u00e2n hi\u1ebfn t\u1eb7ng, m\u1ed9t s\u1ed1 \u0111\u01b0\u1ee3c mua. T\u1ea5t c\u1ea3 \u0111\u01b0\u1ee3c b\u1ed1 tr\u00ed \u1edf 4 \u0111\u1ecba \u0111i\u1ec3m, trong \u0111\u00f3 2 \u0111i\u1ec3m s\u1eafp \u0111\u1eb7t ven \u0111\u01b0\u1eddng Thanh Ni\u00ean, m\u1ed9t \u0111i\u1ec3m \u1edf g\u1ea7n nh\u00e0 d\u00e2n v\u00e0 m\u1ed9t n\u01a1i \u1edf b\u00e3i \u0111\u1ea5t tr\u1ed1ng b\u00ean s\u00f4ng Tr\u01b0\u1eddng Giang. \u1ea2nh: Ph\u1ea1m Ho\u00e0i Thanh.\" width=\"680\" height=\"453\" srcset=\"https:\/\/cdn3.ivivu.com\/2017\/06\/bo-tranh-thuyen-thung-dau-tien-va-nhieu-nhat-viet-nam-ivivu-6.jpg 680w, https:\/\/cdn3.ivivu.com\/2017\/06\/bo-tranh-thuyen-thung-dau-tien-va-nhieu-nhat-viet-nam-ivivu-6-458x305.jpg 458w\" sizes=\"(max-width: 680px) 100vw, 680px\" \/><p id=\"caption-attachment-211330\" class=\"wp-caption-text\">H\u01a1n 100 thuy\u1ec1n th\u00fang n\u00e0y do ng\u01b0 d\u00e2n hi\u1ebfn t\u1eb7ng, m\u1ed9t s\u1ed1 \u0111\u01b0\u1ee3c mua. T\u1ea5t c\u1ea3 \u0111\u01b0\u1ee3c b\u1ed1 tr\u00ed \u1edf 4 \u0111\u1ecba \u0111i\u1ec3m, trong \u0111\u00f3 2 \u0111i\u1ec3m s\u1eafp \u0111\u1eb7t ven \u0111\u01b0\u1eddng Thanh Ni\u00ean, m\u1ed9t \u0111i\u1ec3m \u1edf g\u1ea7n nh\u00e0 d\u00e2n v\u00e0 m\u1ed9t n\u01a1i \u1edf b\u00e3i \u0111\u1ea5t tr\u1ed1ng b\u00ean s\u00f4ng Tr\u01b0\u1eddng Giang. \u1ea2nh: Ph\u1ea1m Ho\u00e0i Thanh.<\/p><\/div>\n<div id=\"attachment_211331\" style=\"width: 690px\" class=\"wp-caption aligncenter\"><img loading=\"lazy\" decoding=\"async\" aria-describedby=\"caption-attachment-211331\" class=\"wp-image-211331 size-full\" title=\"V\u1edbi ngu\u1ed3n kinh ph\u00ed th\u1ef1c hi\u1ec7n v\u00e0o kho\u1ea3ng 5 t\u1ef7 \u0111\u1ed3ng, th\u00e0nh ph\u1ed1 Tam K\u1ef3 ti\u1ebfp t\u1ee5c huy \u0111\u1ed9ng s\u1ef1 h\u1ed7 tr\u1ee3 t\u1eeb c\u00e1c doanh nghi\u1ec7p v\u00e0 t\u1eeb Qu\u1ef9 ph\u00e1t tri\u1ec3n c\u1ed9ng \u0111\u1ed3ng v\u1edbi h\u00ecnh th\u1ee9c chung tay ti\u1ebft ki\u1ec7m c\u1ed9ng \u0111\u1ed3ng.\" src=\"https:\/\/cdn3.ivivu.com\/2017\/06\/bo-tranh-thuyen-thung-dau-tien-va-nhieu-nhat-viet-nam-ivivu-7.jpg\" alt=\"V\u1edbi ngu\u1ed3n kinh ph\u00ed th\u1ef1c hi\u1ec7n v\u00e0o kho\u1ea3ng 5 t\u1ef7 \u0111\u1ed3ng, th\u00e0nh ph\u1ed1 Tam K\u1ef3 ti\u1ebfp t\u1ee5c huy \u0111\u1ed9ng s\u1ef1 h\u1ed7 tr\u1ee3 t\u1eeb c\u00e1c doanh nghi\u1ec7p v\u00e0 t\u1eeb Qu\u1ef9 ph\u00e1t tri\u1ec3n c\u1ed9ng \u0111\u1ed3ng v\u1edbi h\u00ecnh th\u1ee9c chung tay ti\u1ebft ki\u1ec7m c\u1ed9ng \u0111\u1ed3ng.\" width=\"680\" height=\"382\" srcset=\"https:\/\/cdn3.ivivu.com\/2017\/06\/bo-tranh-thuyen-thung-dau-tien-va-nhieu-nhat-viet-nam-ivivu-7.jpg 680w, https:\/\/cdn3.ivivu.com\/2017\/06\/bo-tranh-thuyen-thung-dau-tien-va-nhieu-nhat-viet-nam-ivivu-7-540x303.jpg 540w, https:\/\/cdn3.ivivu.com\/2017\/06\/bo-tranh-thuyen-thung-dau-tien-va-nhieu-nhat-viet-nam-ivivu-7-225x127.jpg 225w, https:\/\/cdn3.ivivu.com\/2017\/06\/bo-tranh-thuyen-thung-dau-tien-va-nhieu-nhat-viet-nam-ivivu-7-370x208.jpg 370w, https:\/\/cdn3.ivivu.com\/2017\/06\/bo-tranh-thuyen-thung-dau-tien-va-nhieu-nhat-viet-nam-ivivu-7-50x28.jpg 50w, https:\/\/cdn3.ivivu.com\/2017\/06\/bo-tranh-thuyen-thung-dau-tien-va-nhieu-nhat-viet-nam-ivivu-7-107x60.jpg 107w, https:\/\/cdn3.ivivu.com\/2017\/06\/bo-tranh-thuyen-thung-dau-tien-va-nhieu-nhat-viet-nam-ivivu-7-195x110.jpg 195w, https:\/\/cdn3.ivivu.com\/2017\/06\/bo-tranh-thuyen-thung-dau-tien-va-nhieu-nhat-viet-nam-ivivu-7-220x125.jpg 220w, https:\/\/cdn3.ivivu.com\/2017\/06\/bo-tranh-thuyen-thung-dau-tien-va-nhieu-nhat-viet-nam-ivivu-7-400x225.jpg 400w, https:\/\/cdn3.ivivu.com\/2017\/06\/bo-tranh-thuyen-thung-dau-tien-va-nhieu-nhat-viet-nam-ivivu-7-140x80.jpg 140w\" sizes=\"(max-width: 680px) 100vw, 680px\" \/><p id=\"caption-attachment-211331\" class=\"wp-caption-text\">V\u1edbi ngu\u1ed3n kinh ph\u00ed th\u1ef1c hi\u1ec7n v\u00e0o kho\u1ea3ng 5 t\u1ef7 \u0111\u1ed3ng, th\u00e0nh ph\u1ed1 Tam K\u1ef3 ti\u1ebfp t\u1ee5c huy \u0111\u1ed9ng s\u1ef1 h\u1ed7 tr\u1ee3 t\u1eeb c\u00e1c doanh nghi\u1ec7p v\u00e0 t\u1eeb Qu\u1ef9 ph\u00e1t tri\u1ec3n c\u1ed9ng \u0111\u1ed3ng v\u1edbi h\u00ecnh th\u1ee9c chung tay ti\u1ebft ki\u1ec7m c\u1ed9ng \u0111\u1ed3ng.<\/p><\/div>\n<div id=\"attachment_211332\" style=\"width: 690px\" class=\"wp-caption aligncenter\"><img loading=\"lazy\" decoding=\"async\" aria-describedby=\"caption-attachment-211332\" class=\"wp-image-211332 size-full\" title=\"C\u1ed9ng \u0111\u1ed3ng x\u00e3 Tam Thanh c\u0169ng \u0111ang th\u00ed \u0111i\u1ec3m x\u00e2y d\u1ef1ng c\u00e1c s\u1ea3n ph\u1ea9m du l\u1ecbch \u0111\u1ed9c \u0111\u00e1o, ph\u00f9 h\u1ee3p \u0111\u1ec3 thu h\u00fat du kh\u00e1ch nh\u01b0 d\u1ecbch v\u1ee5 tr\u1ea3i nghi\u1ec7m thuy\u1ec1n th\u00fang tr\u00ean s\u00f4ng Tr\u01b0\u1eddng Giang (hi\u1ec7n c\u00f3 15 thuy\u1ec1n, th\u00fang), d\u1ecbch v\u1ee5 homestay ( g\u1ed3m 11 h\u1ed9 - 19 ph\u00f2ng). \u1ea2nh: Nguy\u1ec5n C\u00f4ng H\u00e0.\" src=\"https:\/\/cdn3.ivivu.com\/2017\/06\/bo-tranh-thuyen-thung-dau-tien-va-nhieu-nhat-viet-nam-ivivu-8.jpg\" alt=\"C\u1ed9ng \u0111\u1ed3ng x\u00e3 Tam Thanh c\u0169ng \u0111ang th\u00ed \u0111i\u1ec3m x\u00e2y d\u1ef1ng c\u00e1c s\u1ea3n ph\u1ea9m du l\u1ecbch \u0111\u1ed9c \u0111\u00e1o, ph\u00f9 h\u1ee3p \u0111\u1ec3 thu h\u00fat du kh\u00e1ch nh\u01b0 d\u1ecbch v\u1ee5 tr\u1ea3i nghi\u1ec7m thuy\u1ec1n th\u00fang tr\u00ean s\u00f4ng Tr\u01b0\u1eddng Giang (hi\u1ec7n c\u00f3 15 thuy\u1ec1n, th\u00fang), d\u1ecbch v\u1ee5 homestay ( g\u1ed3m 11 h\u1ed9 - 19 ph\u00f2ng). \u1ea2nh: Nguy\u1ec5n C\u00f4ng H\u00e0.\" width=\"680\" height=\"453\" srcset=\"https:\/\/cdn3.ivivu.com\/2017\/06\/bo-tranh-thuyen-thung-dau-tien-va-nhieu-nhat-viet-nam-ivivu-8.jpg 680w, https:\/\/cdn3.ivivu.com\/2017\/06\/bo-tranh-thuyen-thung-dau-tien-va-nhieu-nhat-viet-nam-ivivu-8-458x305.jpg 458w\" sizes=\"(max-width: 680px) 100vw, 680px\" \/><p id=\"caption-attachment-211332\" class=\"wp-caption-text\">C\u1ed9ng \u0111\u1ed3ng x\u00e3 Tam Thanh c\u0169ng \u0111ang th\u00ed \u0111i\u1ec3m x\u00e2y d\u1ef1ng c\u00e1c s\u1ea3n ph\u1ea9m du l\u1ecbch \u0111\u1ed9c \u0111\u00e1o, ph\u00f9 h\u1ee3p \u0111\u1ec3 thu h\u00fat du kh\u00e1ch nh\u01b0 d\u1ecbch v\u1ee5 tr\u1ea3i nghi\u1ec7m thuy\u1ec1n th\u00fang tr\u00ean s\u00f4ng Tr\u01b0\u1eddng Giang (hi\u1ec7n c\u00f3 15 thuy\u1ec1n, th\u00fang), d\u1ecbch v\u1ee5 homestay ( g\u1ed3m 11 h\u1ed9 &#8211; 19 ph\u00f2ng). \u1ea2nh: Nguy\u1ec5n C\u00f4ng H\u00e0.<\/p><\/div>\n<div id=\"attachment_211333\" style=\"width: 690px\" class=\"wp-caption aligncenter\"><img loading=\"lazy\" decoding=\"async\" aria-describedby=\"caption-attachment-211333\" class=\"wp-image-211333 size-full\" title=\" X\u00e3 Tam Thanh tri\u1ec3n khai x\u00e2y d\u1ef1ng h\u1ea1 t\u1ea7ng c\u01a1 s\u1edf cho \u0111i\u1ec3m \u0111\u1ebfn L\u00e0ng ngh\u1ec7 thu\u1eadt c\u1ed9ng \u0111\u1ed3ng Tam Thanh, g\u1ed3m: b\u00e3i \u0111\u1eadu xe, ch\u00f2i quan s\u00e1t, b\u1ea3ng th\u00f4ng tin du kh\u00e1ch... \u1ea2nh: Nguy\u1ec5n C\u00f4ng H\u00e0.\" src=\"https:\/\/cdn3.ivivu.com\/2017\/06\/bo-tranh-thuyen-thung-dau-tien-va-nhieu-nhat-viet-nam-ivivu-9.jpg\" alt=\" X\u00e3 Tam Thanh tri\u1ec3n khai x\u00e2y d\u1ef1ng h\u1ea1 t\u1ea7ng c\u01a1 s\u1edf cho \u0111i\u1ec3m \u0111\u1ebfn L\u00e0ng ngh\u1ec7 thu\u1eadt c\u1ed9ng \u0111\u1ed3ng Tam Thanh, g\u1ed3m: b\u00e3i \u0111\u1eadu xe, ch\u00f2i quan s\u00e1t, b\u1ea3ng th\u00f4ng tin du kh\u00e1ch... \u1ea2nh: Nguy\u1ec5n C\u00f4ng H\u00e0.\" width=\"680\" height=\"453\" srcset=\"https:\/\/cdn3.ivivu.com\/2017\/06\/bo-tranh-thuyen-thung-dau-tien-va-nhieu-nhat-viet-nam-ivivu-9.jpg 680w, https:\/\/cdn3.ivivu.com\/2017\/06\/bo-tranh-thuyen-thung-dau-tien-va-nhieu-nhat-viet-nam-ivivu-9-458x305.jpg 458w\" sizes=\"(max-width: 680px) 100vw, 680px\" \/><p id=\"caption-attachment-211333\" class=\"wp-caption-text\">X\u00e3 Tam Thanh tri\u1ec3n khai x\u00e2y d\u1ef1ng h\u1ea1 t\u1ea7ng c\u01a1 s\u1edf cho \u0111i\u1ec3m \u0111\u1ebfn L\u00e0ng ngh\u1ec7 thu\u1eadt c\u1ed9ng \u0111\u1ed3ng Tam Thanh, g\u1ed3m: b\u00e3i \u0111\u1eadu xe, ch\u00f2i quan s\u00e1t, b\u1ea3ng th\u00f4ng tin du kh\u00e1ch&#8230; \u1ea2nh: Nguy\u1ec5n C\u00f4ng H\u00e0.<\/p><\/div>\n<div id=\"attachment_211334\" style=\"width: 690px\" class=\"wp-caption aligncenter\"><img loading=\"lazy\" decoding=\"async\" aria-describedby=\"caption-attachment-211334\" class=\"wp-image-211334 size-full\" title=\"M\u1ed9t khu d\u00e2n c\u01b0 ki\u1ec3u m\u1eabu, kh\u00f4ng gian tr\u01b0ng b\u00e0y v\u0103n h\u00f3a l\u00e0ng ch\u00e0i Tam Thanh t\u1ea1i c\u00e1c nh\u00e0 v\u0103n h\u00f3a th\u00f4n H\u1ea1 Thanh 1 c\u0169ng \u0111ang \u0111\u01b0\u1ee3c x\u00e2y d\u1ef1ng. C\u00e1ch th\u1ee9c t\u1ed5 ch\u1ee9c th\u1ef1c hi\u1ec7n l\u00e0 huy \u0111\u1ed9ng s\u1ef1 tham gia t\u1ed1i \u0111a c\u1ee7a c\u1ed9ng \u0111\u1ed3ng, hi\u1ec7n th\u1ef1c ho\u00e1 m\u00f4 h\u00ecnh \u201c\u0111\u01b0a ngh\u1ec7 thu\u1eadt v\u00e0o kh\u00f4ng gian s\u1ed1ng\u201d, x\u00e2y d\u1ef1ng m\u00f4i tr\u01b0\u1eddng s\u1ea1ch \u0111\u1eb9p \u201cl\u00e0ng b\u00e1ch hoa - l\u00e0ng kh\u00f4ng r\u00e1c\u201d. \u1ea2nh: Nguy\u1ec5n C\u00f4ng H\u00e0.\" src=\"https:\/\/cdn3.ivivu.com\/2017\/06\/bo-tranh-thuyen-thung-dau-tien-va-nhieu-nhat-viet-nam-ivivu-10.jpg\" alt=\"M\u1ed9t khu d\u00e2n c\u01b0 ki\u1ec3u m\u1eabu, kh\u00f4ng gian tr\u01b0ng b\u00e0y v\u0103n h\u00f3a l\u00e0ng ch\u00e0i Tam Thanh t\u1ea1i c\u00e1c nh\u00e0 v\u0103n h\u00f3a th\u00f4n H\u1ea1 Thanh 1 c\u0169ng \u0111ang \u0111\u01b0\u1ee3c x\u00e2y d\u1ef1ng. C\u00e1ch th\u1ee9c t\u1ed5 ch\u1ee9c th\u1ef1c hi\u1ec7n l\u00e0 huy \u0111\u1ed9ng s\u1ef1 tham gia t\u1ed1i \u0111a c\u1ee7a c\u1ed9ng \u0111\u1ed3ng, hi\u1ec7n th\u1ef1c ho\u00e1 m\u00f4 h\u00ecnh \u201c\u0111\u01b0a ngh\u1ec7 thu\u1eadt v\u00e0o kh\u00f4ng gian s\u1ed1ng\u201d, x\u00e2y d\u1ef1ng m\u00f4i tr\u01b0\u1eddng s\u1ea1ch \u0111\u1eb9p \u201cl\u00e0ng b\u00e1ch hoa - l\u00e0ng kh\u00f4ng r\u00e1c\u201d. \u1ea2nh: Nguy\u1ec5n C\u00f4ng H\u00e0.\" width=\"680\" height=\"453\" srcset=\"https:\/\/cdn3.ivivu.com\/2017\/06\/bo-tranh-thuyen-thung-dau-tien-va-nhieu-nhat-viet-nam-ivivu-10.jpg 680w, https:\/\/cdn3.ivivu.com\/2017\/06\/bo-tranh-thuyen-thung-dau-tien-va-nhieu-nhat-viet-nam-ivivu-10-458x305.jpg 458w\" sizes=\"(max-width: 680px) 100vw, 680px\" \/><p id=\"caption-attachment-211334\" class=\"wp-caption-text\">M\u1ed9t khu d\u00e2n c\u01b0 ki\u1ec3u m\u1eabu, kh\u00f4ng gian tr\u01b0ng b\u00e0y v\u0103n h\u00f3a l\u00e0ng ch\u00e0i Tam Thanh t\u1ea1i c\u00e1c nh\u00e0 v\u0103n h\u00f3a th\u00f4n H\u1ea1 Thanh 1 c\u0169ng \u0111ang \u0111\u01b0\u1ee3c x\u00e2y d\u1ef1ng. C\u00e1ch th\u1ee9c t\u1ed5 ch\u1ee9c th\u1ef1c hi\u1ec7n l\u00e0 huy \u0111\u1ed9ng s\u1ef1 tham gia t\u1ed1i \u0111a c\u1ee7a c\u1ed9ng \u0111\u1ed3ng, hi\u1ec7n th\u1ef1c ho\u00e1 m\u00f4 h\u00ecnh \u201c\u0111\u01b0a ngh\u1ec7 thu\u1eadt v\u00e0o kh\u00f4ng gian s\u1ed1ng\u201d, x\u00e2y d\u1ef1ng m\u00f4i tr\u01b0\u1eddng s\u1ea1ch \u0111\u1eb9p \u201cl\u00e0ng b\u00e1ch hoa &#8211; l\u00e0ng kh\u00f4ng r\u00e1c\u201d. \u1ea2nh: Nguy\u1ec5n C\u00f4ng H\u00e0.<\/p><\/div>\n<div id=\"attachment_211335\" style=\"width: 690px\" class=\"wp-caption aligncenter\"><img loading=\"lazy\" decoding=\"async\" aria-describedby=\"caption-attachment-211335\" class=\"wp-image-211335 size-full\" title=\"C\u00e1c b\u1ea1n tr\u1ebb \u0111\u1ebfn \u0111\u00e2y c\u00f3 th\u1ec3 \u0111\u1ea1p xe theo con \u0111\u01b0\u1eddng Thanh Ni\u00ean v\u00e0 \u0111\u01b0\u1eddng b\u1edd k\u00e8 ven bi\u1ec3n \u0111\u1ec3 tham quan h\u1ebft Con \u0111\u01b0\u1eddng tranh thuy\u1ec1n th\u00fang, l\u00e0ng b\u00edch h\u1ecda. \u1ea2nh: H\u00e0 Nguy\u1ec5n\" src=\"https:\/\/cdn3.ivivu.com\/2017\/06\/bo-tranh-thuyen-thung-dau-tien-va-nhieu-nhat-viet-nam-ivivu-11.jpg\" alt=\"C\u00e1c b\u1ea1n tr\u1ebb \u0111\u1ebfn \u0111\u00e2y c\u00f3 th\u1ec3 \u0111\u1ea1p xe theo con \u0111\u01b0\u1eddng Thanh Ni\u00ean v\u00e0 \u0111\u01b0\u1eddng b\u1edd k\u00e8 ven bi\u1ec3n \u0111\u1ec3 tham quan h\u1ebft Con \u0111\u01b0\u1eddng tranh thuy\u1ec1n th\u00fang, l\u00e0ng b\u00edch h\u1ecda. \u1ea2nh: H\u00e0 Nguy\u1ec5n\" width=\"680\" height=\"382\" srcset=\"https:\/\/cdn3.ivivu.com\/2017\/06\/bo-tranh-thuyen-thung-dau-tien-va-nhieu-nhat-viet-nam-ivivu-11.jpg 680w, https:\/\/cdn3.ivivu.com\/2017\/06\/bo-tranh-thuyen-thung-dau-tien-va-nhieu-nhat-viet-nam-ivivu-11-540x303.jpg 540w, https:\/\/cdn3.ivivu.com\/2017\/06\/bo-tranh-thuyen-thung-dau-tien-va-nhieu-nhat-viet-nam-ivivu-11-225x127.jpg 225w, https:\/\/cdn3.ivivu.com\/2017\/06\/bo-tranh-thuyen-thung-dau-tien-va-nhieu-nhat-viet-nam-ivivu-11-370x208.jpg 370w, https:\/\/cdn3.ivivu.com\/2017\/06\/bo-tranh-thuyen-thung-dau-tien-va-nhieu-nhat-viet-nam-ivivu-11-50x28.jpg 50w, https:\/\/cdn3.ivivu.com\/2017\/06\/bo-tranh-thuyen-thung-dau-tien-va-nhieu-nhat-viet-nam-ivivu-11-107x60.jpg 107w, https:\/\/cdn3.ivivu.com\/2017\/06\/bo-tranh-thuyen-thung-dau-tien-va-nhieu-nhat-viet-nam-ivivu-11-195x110.jpg 195w, https:\/\/cdn3.ivivu.com\/2017\/06\/bo-tranh-thuyen-thung-dau-tien-va-nhieu-nhat-viet-nam-ivivu-11-220x125.jpg 220w, https:\/\/cdn3.ivivu.com\/2017\/06\/bo-tranh-thuyen-thung-dau-tien-va-nhieu-nhat-viet-nam-ivivu-11-400x225.jpg 400w, https:\/\/cdn3.ivivu.com\/2017\/06\/bo-tranh-thuyen-thung-dau-tien-va-nhieu-nhat-viet-nam-ivivu-11-140x80.jpg 140w\" sizes=\"(max-width: 680px) 100vw, 680px\" \/><p id=\"caption-attachment-211335\" class=\"wp-caption-text\">C\u00e1c b\u1ea1n tr\u1ebb \u0111\u1ebfn \u0111\u00e2y c\u00f3 th\u1ec3 \u0111\u1ea1p xe theo con \u0111\u01b0\u1eddng Thanh Ni\u00ean v\u00e0 \u0111\u01b0\u1eddng b\u1edd k\u00e8 ven bi\u1ec3n \u0111\u1ec3 tham quan h\u1ebft Con \u0111\u01b0\u1eddng tranh thuy\u1ec1n th\u00fang, l\u00e0ng b\u00edch h\u1ecda. \u1ea2nh: H\u00e0 Nguy\u1ec5n<\/p><\/div>\n<div id=\"attachment_211336\" style=\"width: 690px\" class=\"wp-caption aligncenter\"><img loading=\"lazy\" decoding=\"async\" aria-describedby=\"caption-attachment-211336\" class=\"wp-image-211336 size-full\" title=\"Th\u00e1ng 6\/2016, Tam Thanh c\u0169ng tr\u1edf th\u00e0nh l\u00e0ng b\u00edch h\u1ecda \u0111\u1ea7u ti\u00ean Vi\u1ec7t Nam v\u1edbi h\u01a1n 100 ng\u00f4i nh\u00e0 \u0111\u01b0\u1ee3c v\u1ebd tranh t\u01b0\u1eddng sinh \u0111\u1ed9ng. Tr\u00ean \u1ea3nh l\u00e0 b\u1ee9c tranh C\u00f4 g\u00e1i nh\u00ecn ra bi\u1ec3n v\u00e0 kh\u00f4ng gian s\u1eafp \u0111\u1eb7t thuy\u1ec1n th\u00fang. \u1ea2nh: H\u00e0 Nguy\u1ec5n.\" src=\"https:\/\/cdn3.ivivu.com\/2017\/06\/bo-tranh-thuyen-thung-dau-tien-va-nhieu-nhat-viet-nam-ivivu-12.jpg\" alt=\"Th\u00e1ng 6\/2016, Tam Thanh c\u0169ng tr\u1edf th\u00e0nh l\u00e0ng b\u00edch h\u1ecda \u0111\u1ea7u ti\u00ean Vi\u1ec7t Nam v\u1edbi h\u01a1n 100 ng\u00f4i nh\u00e0 \u0111\u01b0\u1ee3c v\u1ebd tranh t\u01b0\u1eddng sinh \u0111\u1ed9ng. Tr\u00ean \u1ea3nh l\u00e0 b\u1ee9c tranh C\u00f4 g\u00e1i nh\u00ecn ra bi\u1ec3n v\u00e0 kh\u00f4ng gian s\u1eafp \u0111\u1eb7t thuy\u1ec1n th\u00fang. \u1ea2nh: H\u00e0 Nguy\u1ec5n.\" width=\"680\" height=\"382\" srcset=\"https:\/\/cdn3.ivivu.com\/2017\/06\/bo-tranh-thuyen-thung-dau-tien-va-nhieu-nhat-viet-nam-ivivu-12.jpg 680w, https:\/\/cdn3.ivivu.com\/2017\/06\/bo-tranh-thuyen-thung-dau-tien-va-nhieu-nhat-viet-nam-ivivu-12-540x303.jpg 540w, https:\/\/cdn3.ivivu.com\/2017\/06\/bo-tranh-thuyen-thung-dau-tien-va-nhieu-nhat-viet-nam-ivivu-12-225x127.jpg 225w, https:\/\/cdn3.ivivu.com\/2017\/06\/bo-tranh-thuyen-thung-dau-tien-va-nhieu-nhat-viet-nam-ivivu-12-370x208.jpg 370w, https:\/\/cdn3.ivivu.com\/2017\/06\/bo-tranh-thuyen-thung-dau-tien-va-nhieu-nhat-viet-nam-ivivu-12-50x28.jpg 50w, https:\/\/cdn3.ivivu.com\/2017\/06\/bo-tranh-thuyen-thung-dau-tien-va-nhieu-nhat-viet-nam-ivivu-12-107x60.jpg 107w, https:\/\/cdn3.ivivu.com\/2017\/06\/bo-tranh-thuyen-thung-dau-tien-va-nhieu-nhat-viet-nam-ivivu-12-195x110.jpg 195w, https:\/\/cdn3.ivivu.com\/2017\/06\/bo-tranh-thuyen-thung-dau-tien-va-nhieu-nhat-viet-nam-ivivu-12-220x125.jpg 220w, https:\/\/cdn3.ivivu.com\/2017\/06\/bo-tranh-thuyen-thung-dau-tien-va-nhieu-nhat-viet-nam-ivivu-12-400x225.jpg 400w, https:\/\/cdn3.ivivu.com\/2017\/06\/bo-tranh-thuyen-thung-dau-tien-va-nhieu-nhat-viet-nam-ivivu-12-140x80.jpg 140w\" sizes=\"(max-width: 680px) 100vw, 680px\" \/><p id=\"caption-attachment-211336\" class=\"wp-caption-text\">Th\u00e1ng 6\/2016, Tam Thanh c\u0169ng tr\u1edf th\u00e0nh l\u00e0ng b\u00edch h\u1ecda \u0111\u1ea7u ti\u00ean Vi\u1ec7t Nam v\u1edbi h\u01a1n 100 ng\u00f4i nh\u00e0 \u0111\u01b0\u1ee3c v\u1ebd tranh t\u01b0\u1eddng sinh \u0111\u1ed9ng. Tr\u00ean \u1ea3nh l\u00e0 b\u1ee9c tranh C\u00f4 g\u00e1i nh\u00ecn ra bi\u1ec3n v\u00e0 kh\u00f4ng gian s\u1eafp \u0111\u1eb7t thuy\u1ec1n th\u00fang. \u1ea2nh: H\u00e0 Nguy\u1ec5n.<\/p><\/div>\n<h4 style=\"text-align: center;\"><strong><div class=\"ltt-contentbox white\"><\/span>Tham kh\u1ea3o th\u00eam\u00a0<a href=\"https:\/\/www.ivivu.com\/khach-san-quang-nam\/khach-san-muong-thanh-grand-quang-nam?utm_source=blog_ivivu&amp;utm_medium=post_link&amp;utm_campaign=internal\" target=\"_blank\">Kh\u00e1ch s\u1ea1n M\u01b0\u1eddng Thanh Grand Qu\u1ea3ng Nam<\/a>\u00a0v\u1edbi gi\u00e1 \u01b0u \u0111\u00e3i c\u1ef1c t\u1ed1t t\u1eeb iVIVU.com<\/div><\/strong><\/h4>\n<p style=\"text-align: right;\"><strong>Theo <a href=\"http:\/\/dulich.vnexpress.net\/photo\/anh-video\/bo-tranh-thuyen-thung-dau-tien-va-nhieu-nhat-viet-nam-3596067.html\" target=\"_blank\">Vy An\/Vnexpress<\/a><\/strong><\/p>\n<div class=\"ltt-contentbox white\"><\/span><\/p>\n<p><strong>Xem th\u00eam c\u00e1c b\u00e0i vi\u1ebft:<\/strong><\/p>\n<p><a href=\"https:\/\/www.ivivu.com\/blog\/2017\/06\/huong-dan-duong-di-toi-cong-troi-view-bien-dang-cuc-hot-o-vung-tau\/\" target=\"_blank\"><strong>H\u01b0\u1edbng d\u1eabn \u0111\u01b0\u1eddng \u0111i t\u1edbi \u2018c\u1ed5ng tr\u1eddi\u2019 view bi\u1ec3n \u0111ang c\u1ef1c hot \u1edf V\u0169ng T\u00e0u<\/strong><\/a><\/p>\n<p><a href=\"https:\/\/www.ivivu.com\/blog\/2017\/06\/he-nay-di-mui-ne-ocean-resort-spa-nghi-duong-tha-ga-khong-can-lo-gia\/\" target=\"_blank\"><strong>H\u00e8 n\u00e0y \u0111i M\u0169i N\u00e9 Ocean Resort &amp; Spa ngh\u1ec9 d\u01b0\u1ee1ng th\u1ea3 ga kh\u00f4ng c\u1ea7n lo gi\u00e1<\/strong><\/a><\/p>\n<p><a href=\"https:\/\/www.ivivu.com\/blog\/2017\/06\/he-nay-den-khu-du-lich-bien-da-vang-check-in-voi-cac-ngoi-nha-bay-sac-cau-vong-ruc-ro\/\" target=\"_blank\"><strong>H\u00e8 n\u00e0y \u0111\u1ebfn khu du l\u1ecbch Bi\u1ec3n \u0110\u00e1 V\u00e0ng, check-in v\u1edbi c\u00e1c ng\u00f4i nh\u00e0 b\u1ea3y s\u1eafc c\u1ea7u v\u1ed3ng r\u1ef1c r\u1ee1<\/strong><\/a><\/p>\n<p><\/div>\n<h3><div class=\"ltt-contentbox white\"><\/span>G\u1ecdi ngay 1900 1870 \u0111\u1ec3 \u0111\u01b0\u1ee3c t\u01b0 v\u1ea5n\u00a0<a href=\"https:\/\/www.ivivu.com\/khach-san-hoi-an?utm_source=blog_ivivu&amp;utm_medium=post_link&amp;utm_campaign=internal\" target=\"_blank\">kh\u00e1ch s\u1ea1n\u00a0H\u1ed9i An<\/a>\u00a0gi\u00e1 \u01b0u \u0111\u00e3i h\u1ea5p d\u1eabn t\u1ea1i iVIVU.com<\/div><\/h3>\n<p>***<\/p>\n<p><strong>Tham kh\u1ea3o: <a href=\"https:\/\/www.ivivu.com\/blog\" target=\"_blank\">C\u1ea9m nang du l\u1ecbch iVIVU.com<\/a><\/strong><\/p>\n","protected":false},"excerpt":{"rendered":"<p>B\u1ed9 tranh thuy\u1ec1n th\u00fang g\u1ed3m 111 chi\u1ebfc t\u01b0\u1ee3ng tr\u01b0ng cho 111 n\u0103m th\u00e0nh l\u1eadp ph\u1ee7 l\u1ef5 Tam K\u1ef3 v\u00e0 11 n\u0103m th\u00e0nh l\u1eadp th\u00e0nh ph\u1ed1 Tam K\u1ef3, Qu\u1ea3ng Nam.<\/p>\n","protected":false},"author":38,"featured_media":211326,"comment_status":"closed","ping_status":"open","sticky":false,"template":"","format":"standard","meta":{"_acf_changed":false,"footnotes":""},"categories":[237,229,795,14742],"tags":[28258,28259,3599,22091,13508,19674,22092,769],"acf":[],"yoast_head":"<!-- This site is optimized with the Yoast SEO Premium plugin v22.6 (Yoast SEO v22.6) - https:\/\/yoast.com\/wordpress\/plugins\/seo\/ -->\n<title>Du l\u1ecbch Qu\u1ea3ng Nam tham quan b\u1ed9 tranh thuy\u1ec1n th\u00fang \u0111\u1ea7u ti\u00ean v\u00e0 nhi\u1ec1u nh\u1ea5t Vi\u1ec7t Nam - iVIVU.com<\/title>\n<meta name=\"description\" content=\"Du l\u1ecbch Qu\u1ea3ng Nam b\u1ea1n s\u1ebd \u0111\u01b0\u1ee3c tham quan b\u1ed9 tranh thuy\u1ec1n th\u00fang g\u1ed3m 111 chi\u1ebfc t\u01b0\u1ee3ng tr\u01b0ng cho 111 n\u0103m th\u00e0nh l\u1eadp ph\u1ee7 l\u1ef5 Tam K\u1ef3 v\u00e0 11 n\u0103m th\u00e0nh l\u1eadp TP. Tam K\u1ef3\" \/>\n<meta name=\"robots\" content=\"index, follow, max-snippet:-1, max-image-preview:large, max-video-preview:-1\" \/>\n<link rel=\"canonical\" href=\"https:\/\/www.ivivu.com\/blog\/2017\/06\/bo-tranh-thuyen-thung-dau-tien-va-nhieu-nhat-viet-nam\/\" \/>\n<meta name=\"twitter:label1\" content=\"\u0110\u01b0\u1ee3c vi\u1ebft b\u1edfi\" \/>\n\t<meta name=\"twitter:data1\" content=\"Ng\u00e2n Thi\u1ec1u Kim\" \/>\n\t<meta name=\"twitter:label2\" content=\"\u01af\u1edbc t\u00ednh th\u1eddi gian \u0111\u1ecdc\" \/>\n\t<meta name=\"twitter:data2\" content=\"5 ph\u00fat\" \/>\n<script type=\"application\/ld+json\" class=\"yoast-schema-graph\">{\"@context\":\"https:\/\/schema.org\",\"@graph\":[{\"@type\":\"Article\",\"@id\":\"https:\/\/www.ivivu.com\/blog\/2017\/06\/bo-tranh-thuyen-thung-dau-tien-va-nhieu-nhat-viet-nam\/#article\",\"isPartOf\":{\"@id\":\"https:\/\/www.ivivu.com\/blog\/2017\/06\/bo-tranh-thuyen-thung-dau-tien-va-nhieu-nhat-viet-nam\/\"},\"author\":{\"name\":\"Ng\u00e2n Thi\u1ec1u Kim\",\"@id\":\"https:\/\/www.ivivu.com\/blog\/#\/schema\/person\/f6e706f46fad4e85f2e1c3ec41136369\"},\"headline\":\"B\u1ed9 tranh thuy\u1ec1n th\u00fang \u0111\u1ea7u ti\u00ean v\u00e0 nhi\u1ec1u nh\u1ea5t Vi\u1ec7t Nam\",\"datePublished\":\"2017-06-11T02:51:12+00:00\",\"dateModified\":\"2017-06-09T10:51:28+00:00\",\"mainEntityOfPage\":{\"@id\":\"https:\/\/www.ivivu.com\/blog\/2017\/06\/bo-tranh-thuyen-thung-dau-tien-va-nhieu-nhat-viet-nam\/\"},\"wordCount\":1111,\"publisher\":{\"@id\":\"https:\/\/www.ivivu.com\/blog\/#organization\"},\"image\":{\"@id\":\"https:\/\/www.ivivu.com\/blog\/2017\/06\/bo-tranh-thuyen-thung-dau-tien-va-nhieu-nhat-viet-nam\/#primaryimage\"},\"thumbnailUrl\":\"https:\/\/cdn3.ivivu.com\/2017\/06\/bo-tranh-thuyen-thung-dau-tien-va-nhieu-nhat-viet-nam-ivivu-1.jpg\",\"keywords\":[\"b\u1ed9 tranh thuy\u1ec1n th\u00fang\",\"b\u1ed9 tranh thuy\u1ec1n th\u00fang Qu\u1ea3ng Nam\",\"du l\u1ecbch Qu\u1ea3ng Nam\",\"\u0111i\u1ec3m \u0111\u1ebfn Qu\u1ea3ng Nam\",\"kh\u00e1ch s\u1ea1n Qu\u1ea3ng Nam\",\"kh\u00e1ch s\u1ea1n Qu\u1ea3ng Nam gi\u00e1 r\u1ebb\",\"kh\u00e1ch s\u1ea1n Tam K\u1ef3\",\"Qu\u1ea3ng Nam\"],\"articleSection\":[\"Du l\u1ecbch H\u1ed9i An\",\"DU L\u1ecaCH VI\u1ec6T NAM\",\"\u0110i\u1ec3m \u0111\u1ebfn\",\"N\u1ed5i B\u1eadt 2\"],\"inLanguage\":\"vi\"},{\"@type\":\"WebPage\",\"@id\":\"https:\/\/www.ivivu.com\/blog\/2017\/06\/bo-tranh-thuyen-thung-dau-tien-va-nhieu-nhat-viet-nam\/\",\"url\":\"https:\/\/www.ivivu.com\/blog\/2017\/06\/bo-tranh-thuyen-thung-dau-tien-va-nhieu-nhat-viet-nam\/\",\"name\":\"Du l\u1ecbch Qu\u1ea3ng Nam tham quan b\u1ed9 tranh thuy\u1ec1n th\u00fang \u0111\u1ea7u ti\u00ean v\u00e0 nhi\u1ec1u nh\u1ea5t Vi\u1ec7t Nam - iVIVU.com\",\"isPartOf\":{\"@id\":\"https:\/\/www.ivivu.com\/blog\/#website\"},\"primaryImageOfPage\":{\"@id\":\"https:\/\/www.ivivu.com\/blog\/2017\/06\/bo-tranh-thuyen-thung-dau-tien-va-nhieu-nhat-viet-nam\/#primaryimage\"},\"image\":{\"@id\":\"https:\/\/www.ivivu.com\/blog\/2017\/06\/bo-tranh-thuyen-thung-dau-tien-va-nhieu-nhat-viet-nam\/#primaryimage\"},\"thumbnailUrl\":\"https:\/\/cdn3.ivivu.com\/2017\/06\/bo-tranh-thuyen-thung-dau-tien-va-nhieu-nhat-viet-nam-ivivu-1.jpg\",\"datePublished\":\"2017-06-11T02:51:12+00:00\",\"dateModified\":\"2017-06-09T10:51:28+00:00\",\"description\":\"Du l\u1ecbch Qu\u1ea3ng Nam b\u1ea1n s\u1ebd \u0111\u01b0\u1ee3c tham quan b\u1ed9 tranh thuy\u1ec1n th\u00fang g\u1ed3m 111 chi\u1ebfc t\u01b0\u1ee3ng tr\u01b0ng cho 111 n\u0103m th\u00e0nh l\u1eadp ph\u1ee7 l\u1ef5 Tam K\u1ef3 v\u00e0 11 n\u0103m th\u00e0nh l\u1eadp TP. Tam K\u1ef3\",\"breadcrumb\":{\"@id\":\"https:\/\/www.ivivu.com\/blog\/2017\/06\/bo-tranh-thuyen-thung-dau-tien-va-nhieu-nhat-viet-nam\/#breadcrumb\"},\"inLanguage\":\"vi\",\"potentialAction\":[{\"@type\":\"ReadAction\",\"target\":[\"https:\/\/www.ivivu.com\/blog\/2017\/06\/bo-tranh-thuyen-thung-dau-tien-va-nhieu-nhat-viet-nam\/\"]}]},{\"@type\":\"ImageObject\",\"inLanguage\":\"vi\",\"@id\":\"https:\/\/www.ivivu.com\/blog\/2017\/06\/bo-tranh-thuyen-thung-dau-tien-va-nhieu-nhat-viet-nam\/#primaryimage\",\"url\":\"https:\/\/cdn3.ivivu.com\/2017\/06\/bo-tranh-thuyen-thung-dau-tien-va-nhieu-nhat-viet-nam-ivivu-1.jpg\",\"contentUrl\":\"https:\/\/cdn3.ivivu.com\/2017\/06\/bo-tranh-thuyen-thung-dau-tien-va-nhieu-nhat-viet-nam-ivivu-1.jpg\",\"width\":680,\"height\":382},{\"@type\":\"BreadcrumbList\",\"@id\":\"https:\/\/www.ivivu.com\/blog\/2017\/06\/bo-tranh-thuyen-thung-dau-tien-va-nhieu-nhat-viet-nam\/#breadcrumb\",\"itemListElement\":[{\"@type\":\"ListItem\",\"position\":1,\"name\":\"Home\",\"item\":\"https:\/\/www.ivivu.com\/blog\/\"},{\"@type\":\"ListItem\",\"position\":2,\"name\":\"B\u1ed9 tranh thuy\u1ec1n th\u00fang \u0111\u1ea7u ti\u00ean v\u00e0 nhi\u1ec1u nh\u1ea5t Vi\u1ec7t Nam\"}]},{\"@type\":\"WebSite\",\"@id\":\"https:\/\/www.ivivu.com\/blog\/#website\",\"url\":\"https:\/\/www.ivivu.com\/blog\/\",\"name\":\"C\u1ea9m nang du l\u1ecbch\",\"description\":\"\",\"publisher\":{\"@id\":\"https:\/\/www.ivivu.com\/blog\/#organization\"},\"potentialAction\":[{\"@type\":\"SearchAction\",\"target\":{\"@type\":\"EntryPoint\",\"urlTemplate\":\"https:\/\/www.ivivu.com\/blog\/?s={search_term_string}\"},\"query-input\":\"required name=search_term_string\"}],\"inLanguage\":\"vi\"},{\"@type\":\"Organization\",\"@id\":\"https:\/\/www.ivivu.com\/blog\/#organization\",\"name\":\"iVIVU.com\",\"url\":\"https:\/\/www.ivivu.com\/blog\/\",\"logo\":{\"@type\":\"ImageObject\",\"inLanguage\":\"vi\",\"@id\":\"https:\/\/www.ivivu.com\/blog\/#\/schema\/logo\/image\/\",\"url\":\"https:\/\/cdn3.ivivu.com\/2024\/01\/ivivu_no_slogan.png\",\"contentUrl\":\"https:\/\/cdn3.ivivu.com\/2024\/01\/ivivu_no_slogan.png\",\"width\":788,\"height\":565,\"caption\":\"iVIVU.com\"},\"image\":{\"@id\":\"https:\/\/www.ivivu.com\/blog\/#\/schema\/logo\/image\/\"},\"sameAs\":[\"https:\/\/www.facebook.com\/iVIVU\"]},{\"@type\":\"Person\",\"@id\":\"https:\/\/www.ivivu.com\/blog\/#\/schema\/person\/f6e706f46fad4e85f2e1c3ec41136369\",\"name\":\"Ng\u00e2n Thi\u1ec1u Kim\",\"sameAs\":[\"https:\/\/www.ivivu.com\/blog\/\"],\"url\":\"https:\/\/www.ivivu.com\/blog\/author\/ngan-thieu\/\"}]}<\/script>\n<!-- \/ Yoast SEO Premium plugin. -->","yoast_head_json":{"title":"Du l\u1ecbch Qu\u1ea3ng Nam tham quan b\u1ed9 tranh thuy\u1ec1n th\u00fang \u0111\u1ea7u ti\u00ean v\u00e0 nhi\u1ec1u nh\u1ea5t Vi\u1ec7t Nam - iVIVU.com","description":"Du l\u1ecbch Qu\u1ea3ng Nam b\u1ea1n s\u1ebd \u0111\u01b0\u1ee3c tham quan b\u1ed9 tranh thuy\u1ec1n th\u00fang g\u1ed3m 111 chi\u1ebfc t\u01b0\u1ee3ng tr\u01b0ng cho 111 n\u0103m th\u00e0nh l\u1eadp ph\u1ee7 l\u1ef5 Tam K\u1ef3 v\u00e0 11 n\u0103m th\u00e0nh l\u1eadp TP. Tam K\u1ef3","robots":{"index":"index","follow":"follow","max-snippet":"max-snippet:-1","max-image-preview":"max-image-preview:large","max-video-preview":"max-video-preview:-1"},"canonical":"https:\/\/www.ivivu.com\/blog\/2017\/06\/bo-tranh-thuyen-thung-dau-tien-va-nhieu-nhat-viet-nam\/","twitter_misc":{"\u0110\u01b0\u1ee3c vi\u1ebft b\u1edfi":"Ng\u00e2n Thi\u1ec1u Kim","\u01af\u1edbc t\u00ednh th\u1eddi gian \u0111\u1ecdc":"5 ph\u00fat"},"schema":{"@context":"https:\/\/schema.org","@graph":[{"@type":"Article","@id":"https:\/\/www.ivivu.com\/blog\/2017\/06\/bo-tranh-thuyen-thung-dau-tien-va-nhieu-nhat-viet-nam\/#article","isPartOf":{"@id":"https:\/\/www.ivivu.com\/blog\/2017\/06\/bo-tranh-thuyen-thung-dau-tien-va-nhieu-nhat-viet-nam\/"},"author":{"name":"Ng\u00e2n Thi\u1ec1u Kim","@id":"https:\/\/www.ivivu.com\/blog\/#\/schema\/person\/f6e706f46fad4e85f2e1c3ec41136369"},"headline":"B\u1ed9 tranh thuy\u1ec1n th\u00fang \u0111\u1ea7u ti\u00ean v\u00e0 nhi\u1ec1u nh\u1ea5t Vi\u1ec7t Nam","datePublished":"2017-06-11T02:51:12+00:00","dateModified":"2017-06-09T10:51:28+00:00","mainEntityOfPage":{"@id":"https:\/\/www.ivivu.com\/blog\/2017\/06\/bo-tranh-thuyen-thung-dau-tien-va-nhieu-nhat-viet-nam\/"},"wordCount":1111,"publisher":{"@id":"https:\/\/www.ivivu.com\/blog\/#organization"},"image":{"@id":"https:\/\/www.ivivu.com\/blog\/2017\/06\/bo-tranh-thuyen-thung-dau-tien-va-nhieu-nhat-viet-nam\/#primaryimage"},"thumbnailUrl":"https:\/\/cdn3.ivivu.com\/2017\/06\/bo-tranh-thuyen-thung-dau-tien-va-nhieu-nhat-viet-nam-ivivu-1.jpg","keywords":["b\u1ed9 tranh thuy\u1ec1n th\u00fang","b\u1ed9 tranh thuy\u1ec1n th\u00fang Qu\u1ea3ng Nam","du l\u1ecbch Qu\u1ea3ng Nam","\u0111i\u1ec3m \u0111\u1ebfn Qu\u1ea3ng Nam","kh\u00e1ch s\u1ea1n Qu\u1ea3ng Nam","kh\u00e1ch s\u1ea1n Qu\u1ea3ng Nam gi\u00e1 r\u1ebb","kh\u00e1ch s\u1ea1n Tam K\u1ef3","Qu\u1ea3ng Nam"],"articleSection":["Du l\u1ecbch H\u1ed9i An","DU L\u1ecaCH VI\u1ec6T NAM","\u0110i\u1ec3m \u0111\u1ebfn","N\u1ed5i B\u1eadt 2"],"inLanguage":"vi"},{"@type":"WebPage","@id":"https:\/\/www.ivivu.com\/blog\/2017\/06\/bo-tranh-thuyen-thung-dau-tien-va-nhieu-nhat-viet-nam\/","url":"https:\/\/www.ivivu.com\/blog\/2017\/06\/bo-tranh-thuyen-thung-dau-tien-va-nhieu-nhat-viet-nam\/","name":"Du l\u1ecbch Qu\u1ea3ng Nam tham quan b\u1ed9 tranh thuy\u1ec1n th\u00fang \u0111\u1ea7u ti\u00ean v\u00e0 nhi\u1ec1u nh\u1ea5t Vi\u1ec7t Nam - iVIVU.com","isPartOf":{"@id":"https:\/\/www.ivivu.com\/blog\/#website"},"primaryImageOfPage":{"@id":"https:\/\/www.ivivu.com\/blog\/2017\/06\/bo-tranh-thuyen-thung-dau-tien-va-nhieu-nhat-viet-nam\/#primaryimage"},"image":{"@id":"https:\/\/www.ivivu.com\/blog\/2017\/06\/bo-tranh-thuyen-thung-dau-tien-va-nhieu-nhat-viet-nam\/#primaryimage"},"thumbnailUrl":"https:\/\/cdn3.ivivu.com\/2017\/06\/bo-tranh-thuyen-thung-dau-tien-va-nhieu-nhat-viet-nam-ivivu-1.jpg","datePublished":"2017-06-11T02:51:12+00:00","dateModified":"2017-06-09T10:51:28+00:00","description":"Du l\u1ecbch Qu\u1ea3ng Nam b\u1ea1n s\u1ebd \u0111\u01b0\u1ee3c tham quan b\u1ed9 tranh thuy\u1ec1n th\u00fang g\u1ed3m 111 chi\u1ebfc t\u01b0\u1ee3ng tr\u01b0ng cho 111 n\u0103m th\u00e0nh l\u1eadp ph\u1ee7 l\u1ef5 Tam K\u1ef3 v\u00e0 11 n\u0103m th\u00e0nh l\u1eadp TP. Tam K\u1ef3","breadcrumb":{"@id":"https:\/\/www.ivivu.com\/blog\/2017\/06\/bo-tranh-thuyen-thung-dau-tien-va-nhieu-nhat-viet-nam\/#breadcrumb"},"inLanguage":"vi","potentialAction":[{"@type":"ReadAction","target":["https:\/\/www.ivivu.com\/blog\/2017\/06\/bo-tranh-thuyen-thung-dau-tien-va-nhieu-nhat-viet-nam\/"]}]},{"@type":"ImageObject","inLanguage":"vi","@id":"https:\/\/www.ivivu.com\/blog\/2017\/06\/bo-tranh-thuyen-thung-dau-tien-va-nhieu-nhat-viet-nam\/#primaryimage","url":"https:\/\/cdn3.ivivu.com\/2017\/06\/bo-tranh-thuyen-thung-dau-tien-va-nhieu-nhat-viet-nam-ivivu-1.jpg","contentUrl":"https:\/\/cdn3.ivivu.com\/2017\/06\/bo-tranh-thuyen-thung-dau-tien-va-nhieu-nhat-viet-nam-ivivu-1.jpg","width":680,"height":382},{"@type":"BreadcrumbList","@id":"https:\/\/www.ivivu.com\/blog\/2017\/06\/bo-tranh-thuyen-thung-dau-tien-va-nhieu-nhat-viet-nam\/#breadcrumb","itemListElement":[{"@type":"ListItem","position":1,"name":"Home","item":"https:\/\/www.ivivu.com\/blog\/"},{"@type":"ListItem","position":2,"name":"B\u1ed9 tranh thuy\u1ec1n th\u00fang \u0111\u1ea7u ti\u00ean v\u00e0 nhi\u1ec1u nh\u1ea5t Vi\u1ec7t Nam"}]},{"@type":"WebSite","@id":"https:\/\/www.ivivu.com\/blog\/#website","url":"https:\/\/www.ivivu.com\/blog\/","name":"C\u1ea9m nang du l\u1ecbch","description":"","publisher":{"@id":"https:\/\/www.ivivu.com\/blog\/#organization"},"potentialAction":[{"@type":"SearchAction","target":{"@type":"EntryPoint","urlTemplate":"https:\/\/www.ivivu.com\/blog\/?s={search_term_string}"},"query-input":"required name=search_term_string"}],"inLanguage":"vi"},{"@type":"Organization","@id":"https:\/\/www.ivivu.com\/blog\/#organization","name":"iVIVU.com","url":"https:\/\/www.ivivu.com\/blog\/","logo":{"@type":"ImageObject","inLanguage":"vi","@id":"https:\/\/www.ivivu.com\/blog\/#\/schema\/logo\/image\/","url":"https:\/\/cdn3.ivivu.com\/2024\/01\/ivivu_no_slogan.png","contentUrl":"https:\/\/cdn3.ivivu.com\/2024\/01\/ivivu_no_slogan.png","width":788,"height":565,"caption":"iVIVU.com"},"image":{"@id":"https:\/\/www.ivivu.com\/blog\/#\/schema\/logo\/image\/"},"sameAs":["https:\/\/www.facebook.com\/iVIVU"]},{"@type":"Person","@id":"https:\/\/www.ivivu.com\/blog\/#\/schema\/person\/f6e706f46fad4e85f2e1c3ec41136369","name":"Ng\u00e2n Thi\u1ec1u Kim","sameAs":["https:\/\/www.ivivu.com\/blog\/"],"url":"https:\/\/www.ivivu.com\/blog\/author\/ngan-thieu\/"}]}},"_links":{"self":[{"href":"https:\/\/www.ivivu.com\/blog\/wp-json\/wp\/v2\/posts\/211320"}],"collection":[{"href":"https:\/\/www.ivivu.com\/blog\/wp-json\/wp\/v2\/posts"}],"about":[{"href":"https:\/\/www.ivivu.com\/blog\/wp-json\/wp\/v2\/types\/post"}],"author":[{"embeddable":true,"href":"https:\/\/www.ivivu.com\/blog\/wp-json\/wp\/v2\/users\/38"}],"replies":[{"embeddable":true,"href":"https:\/\/www.ivivu.com\/blog\/wp-json\/wp\/v2\/comments?post=211320"}],"version-history":[{"count":6,"href":"https:\/\/www.ivivu.com\/blog\/wp-json\/wp\/v2\/posts\/211320\/revisions"}],"predecessor-version":[{"id":211434,"href":"https:\/\/www.ivivu.com\/blog\/wp-json\/wp\/v2\/posts\/211320\/revisions\/211434"}],"wp:featuredmedia":[{"embeddable":true,"href":"https:\/\/www.ivivu.com\/blog\/wp-json\/wp\/v2\/media\/211326"}],"wp:attachment":[{"href":"https:\/\/www.ivivu.com\/blog\/wp-json\/wp\/v2\/media?parent=211320"}],"wp:term":[{"taxonomy":"category","embeddable":true,"href":"https:\/\/www.ivivu.com\/blog\/wp-json\/wp\/v2\/categories?post=211320"},{"taxonomy":"post_tag","embeddable":true,"href":"https:\/\/www.ivivu.com\/blog\/wp-json\/wp\/v2\/tags?post=211320"}],"curies":[{"name":"wp","href":"https:\/\/api.w.org\/{rel}","templated":true}]}}