{"id":215915,"date":"2017-07-09T09:50:11","date_gmt":"2017-07-09T02:50:11","guid":{"rendered":"https:\/\/www.ivivu.com\/blog\/?p=215915"},"modified":"2017-07-07T16:20:33","modified_gmt":"2017-07-07T09:20:33","slug":"thoang-song-cham-nhan-nha-o-milan","status":"publish","type":"post","link":"https:\/\/www.ivivu.com\/blog\/2017\/07\/thoang-song-cham-nhan-nha-o-milan\/","title":{"rendered":"Tho\u00e1ng s\u1ed1ng ch\u1eadm, nh\u00e0n nh\u00e3 \u1edf Milan"},"content":{"rendered":"<p style=\"text-align: justify;\"><strong><em>Chi\u1ec1u d\u1ea7n nh\u1eb9 xu\u1ed1ng, hai ch\u00e2n m\u1ecfi nh\u1eeb, l\u01b0ng c\u00f2ng v\u00ec ba l\u00f4 n\u1eb7ng&#8230;, b\u1ea1n c\u1ea7n ngh\u1ec9 ng\u01a1i sau m\u1ed9t ng\u00e0y lang thang chi\u00eam ng\u1eafm c\u1ea3nh quan th\u00e0nh ph\u1ed1 Milan. \u0110\u1eebng v\u1ed9i quay v\u1ec1 kh\u00e1ch s\u1ea1n m\u00e0 h\u00e3y gh\u00e9 v\u00e0o m\u1ed9t trong nh\u1eefng h\u00e0ng qu\u00e1n bao quanh qu\u1ea3ng tr\u01b0\u1eddng r\u1ed9ng l\u1edbn Piazza Duomo v\u1edbi ng\u00f4i gi\u00e1o \u0111\u01b0\u1eddng nguy nga. B\u1ea1n s\u1ebd c\u00f3 m\u1ed9t bu\u1ed5i ho\u00e0ng h\u00f4n h\u01b0\u1edfng nh\u00e0n nh\u1edb \u0111\u1eddi.<\/em><\/strong><!--more--><\/p>\n<h2 style=\"text-align: justify;\">Tho\u00e1ng s\u1ed1ng ch\u1eadm, nh\u00e0n nh\u00e3 trong chuy\u1ebfn du l\u1ecbch Milan<\/h2>\n<p style=\"text-align: justify;\">Ch\u00fang t\u00f4i ch\u1ecdn m\u1ed9t nh\u00e0 h\u00e0ng v\u1edbi d\u00e3y b\u00e0n b\u00e0y \u0111\u1ed1i di\u1ec7n ph\u00eda b\u00ean tr\u00e1i c\u1ee7a V\u01b0\u01a1ng cung th\u00e1nh \u0111\u01b0\u1eddng Milan. Ph\u00eda b\u00ean ph\u1ea3i l\u00e0 Galleria Vittorio Emmanuele, kh\u00f4ng gian b\u00e1n h\u00e0ng th\u1eddi trang d\u01b0\u1edbi m\u00e1i v\u00f2m kh\u1ed5ng l\u1ed3. Kh\u00f4ng ch\u1ec9 c\u00f3 ch\u00fang t\u00f4i, 4 ng\u01b0\u1eddi b\u1ea1n t\u1eeb TP.HCM bay sang tham quan, m\u00e0 d\u01b0\u1eddng nh\u01b0 t\u1ea5t c\u1ea3 m\u1ecdi du kh\u00e1ch qu\u1ed1c t\u1ebf \u0111\u1ec1u k\u00e9o gh\u1ebf, ng\u1ed3i v\u00e0o b\u00e0n khi chi\u1ec1u \u0111\u1ebfn. V\u00e0 r\u1ea5t nhi\u1ec1u c\u01b0 d\u00e2n Milan c\u0169ng l\u00e0m nh\u01b0 v\u1eady, nh\u01b0 cha \u00f4ng h\u1ecd \u0111\u00e3 quen l\u00e0m t\u1eeb x\u01b0a \u0111\u1ebfn gi\u1edd. Khi \u00e1nh d\u01b0\u01a1ng b\u1eaft \u0111\u1ea7u d\u1ecbu b\u1edbt, c\u00e1c c\u00f4ng s\u1edf \u0111\u00f3ng c\u1eeda th\u00ec ai ai c\u0169ng gh\u00e9 v\u00e0o qu\u00e1n l\u00e0m ly vang, ly cocktail, tr\u00f2 chuy\u1ec7n, t\u00e1n g\u1eabu. Kho\u1ea3ng th\u1eddi gian t\u1eeb 6 &#8211; 8 gi\u1edd t\u1ed1i lu\u00f4n l\u00e0 th\u1eddi kh\u1eafc c\u1ee7a &#8220;aperitivo&#8221;, t\u1ee9c gi\u1edd t\u1eadn h\u01b0\u1edfng th\u1ee9c u\u1ed1ng khai v\u1ecb.<\/p>\n<p style=\"text-align: justify;\">V\u00e0 t\u1ea1i Milan, m\u1ed9t trong b\u1ed1n th\u00e0nh ph\u1ed1 du l\u1ecbch n\u1ed5i ti\u1ebfng nh\u1ea5t c\u1ee7a \u0111\u1ea5t n\u01b0\u1edbc \u00dd (ba \u0111i\u1ec3m \u0111\u1ebfn kia l\u00e0 Rome, Venice v\u00e0 Florence), v\u00e0o gi\u1edd aperitivo, ch\u1ec9 c\u1ea7n b\u1ea1n g\u1ecdi v\u1ea1i bia hay chai vang tr\u1eafng s\u1ee7i t\u0103m prosecco l\u00e0 s\u1ebd \u0111\u01b0\u1ee3c ph\u1ee5c v\u1ee5 v\u00e0i ba m\u00f3n \u0103n ch\u01a1i mi\u1ec5n ph\u00ed. Th\u01b0\u1eddng l\u00e0 m\u1ed9t \u0111\u0129a \u0111\u1ea7y nh\u1eefng l\u00e1t b\u00e1nh m\u00ec v\u1edbi d\u1ea7u \u00f4-liu, c\u00e0 chua ho\u1eb7c m\u1ed9t \u0111\u0129a th\u1ecbt ngu\u1ed9i c\u1eaft m\u1ecfng.<\/p>\n<p style=\"text-align: justify;\">R\u1ea5t th\u01b0\u1eddng th\u1ea5y xu\u1ea5t hi\u1ec7n l\u00e0 nh\u1eefng mi\u1ebfng pizza chay th\u01a1m n\u00f3ng \u0103n v\u1edbi v\u00e0i ba th\u1ee9 s\u1ed1t kh\u00e1c nhau. D\u00f9 l\u00e0 qu\u00e1n nh\u1ecf nh\u1ea5t, nh\u00ecn c\u0169 k\u1ef9 nh\u1ea5t \u1edf ven con k\u00eanh \u0111\u00e0o x\u01b0a c\u0169 trong khu ph\u1ed1 Navigli nh\u01b0ng c\u0169ng kh\u00f4ng bao gi\u1edd thi\u1ebfu s\u00f3t kho\u1ea3n m\u1eddi kh\u00e1ch \u00edt m\u00f3n \u0103n \u00dd mi\u1ec5n ph\u00ed v\u00e0o gi\u1edd aperitivo. Th\u1eadm ch\u00ed nh\u1eefng c\u1eeda h\u00e0ng chuy\u00ean b\u00e1n b\u00e1nh ng\u1ecdt c\u0169ng c\u00f3 aperitivo l\u00fac ho\u00e0ng h\u00f4n. V\u00e0 c\u00f2n c\u00f3 nh\u1eefng nh\u00e0 h\u00e0ng, qu\u00e1n bar thi nhau pha ch\u1ebf \u0111\u1ee7 lo\u1ea1i m\u00f3n khai v\u1ecb nh\u1eb1m thu h\u00fat nhi\u1ec1u kh\u00e1ch trung th\u00e0nh h\u01a1n v\u1edbi gi\u1edd aperitivo m\u1ed7i ng\u00e0y.<\/p>\n<div id=\"attachment_215911\" style=\"width: 510px\" class=\"wp-caption aligncenter\"><img loading=\"lazy\" decoding=\"async\" aria-describedby=\"caption-attachment-215911\" class=\"wp-image-215911 size-full\" title=\" Aperitivo \u1edf Piazza Duomo\" src=\"https:\/\/cdn3.ivivu.com\/2017\/07\/thoang-song-cham-nhan-nha-o-milan-ivivu-1.jpg\" alt=\" Aperitivo \u1edf Piazza Duomo\" width=\"500\" height=\"334\" srcset=\"https:\/\/cdn3.ivivu.com\/2017\/07\/thoang-song-cham-nhan-nha-o-milan-ivivu-1.jpg 500w, https:\/\/cdn3.ivivu.com\/2017\/07\/thoang-song-cham-nhan-nha-o-milan-ivivu-1-457x305.jpg 457w\" sizes=\"(max-width: 500px) 100vw, 500px\" \/><p id=\"caption-attachment-215911\" class=\"wp-caption-text\">Aperitivo \u1edf Piazza Duomo<\/p><\/div>\n<p style=\"text-align: justify;\">C\u00f3 th\u1ec3 n\u00f3i kh\u00f4ng sai r\u1eb1ng, aperitivo ch\u00ednh l\u00e0 th\u1eddi kh\u1eafc &#8220;happy hour&#8221; ri\u00eang c\u1ee7a Milan. N\u00f3 c\u00f3 s\u1ee9c h\u1ea5p d\u1eabn kh\u00f4ng thua k\u00e9m nh\u1eefng truy\u1ec1n thuy\u1ebft th\u00e0nh th\u1ecb hi\u1ec7n \u0111\u1ea1i v\u1ec1 c\u00e1c lo\u1ea1i cocktail \u1edf New York, nh\u1eefng qu\u00e1n r\u01b0\u1ee3u \u1edf Dublin, nh\u1eefng l\u1ec1u bia kh\u1ed5ng l\u1ed3 \u1edf Munich, nh\u1eefng tapas \u1edf Barcelona&#8230; Kh\u1edfi ngu\u1ed3n t\u1eeb nh\u1eefng n\u0103m 1860 r\u1ed3i tr\u1edf th\u00e0nh &#8220;d\u1ea5u \u1ea5n&#8221; \u0111\u1eb7c bi\u1ec7t c\u1ee7a Milan k\u1ec3 t\u1eeb nh\u1eefng n\u0103m 1920, aperitivo g\u00f3p ph\u1ea7n l\u00e0m cho Milan n\u1ed5i ti\u1ebfng h\u01a1n n\u1eefa, h\u00fat nhi\u1ec1u du kh\u00e1ch h\u01a1n. Milan l\u00e0 c\u00e1i n\u00f4i th\u1eddi trang \u00dd v\u00e0 c\u00f2n l\u00e0 &#8220;th\u1ee7 \u0111\u00f4\u201d c\u1ee7a aperitivo. T\u1eeb Milan, aperitivo \u0111\u00e3 lan t\u1ecfa ra c\u00e1c th\u00e0nh ph\u1ed1 kh\u00e1c t\u1ea1i \u00dd, t\u1eeb Rome qua Florence \u0111\u1ebfn Siena, Torino, Venice.<\/p>\n<p style=\"text-align: justify;\">H\u00edt h\u01b0\u01a1ng th\u01a1m nh\u00e8 nh\u1eb9 c\u1ee7a vang tr\u1eafng, nh\u1ea5m nh\u00e1p v\u1ecb m\u1eb7n c\u1ee7a mi\u1ebfng th\u1ecbt ngu\u1ed9i r\u1ed3i v\u1ecb b\u00e9o c\u1ee7a vi\u00ean ph\u00f4 mai mozarella, quan s\u00e1t ng\u01b0\u1eddi qua k\u1ebb l\u1ea1i, ng\u01b0\u1eddi v\u1ed9i v\u00e0ng v\u1ec1 nh\u00e0 v\u1edbi gia \u0111\u00ecnh, ng\u01b0\u1eddi v\u1eabn c\u1ee9 nh\u1edfn nh\u01a1 b\u01b0\u1edbc ch\u1eadm, b\u1ea1n hi\u1ec3u v\u00ec sao l\u00e2u nay ng\u01b0\u1eddi ta quen n\u00f3i r\u1eb1ng, ng\u01b0\u1eddi \u00dd r\u1ea5t bi\u1ebft s\u1ed1ng ch\u1eadm, h\u01b0\u1edfng nh\u00e0n. Cu\u1ed9c s\u1ed1ng c\u1ee7a h\u1ecd \u0111\u00fang l\u00e0 &#8220;la dolce vita&#8221; (s\u1ed1ng ng\u1ecdt ng\u00e0o &#8211; ti\u1ebfng \u00dd). L\u1ea7n sau c\u00f3 \u0111\u1ebfn Milan, l\u00fac ho\u00e0ng h\u00f4n h\u00e3y nh\u1edb &#8220;prendiamo un aperitivo!&#8221;.<\/p>\n<h4 style=\"text-align: center;\"><div class=\"ltt-contentbox white\"><\/span>G\u1eccI NGAY 1900 1870 \u0110\u1ec2 \u0110\u01af\u1ee2C T\u01af V\u1ea4N\u00a0<a href=\"https:\/\/www.ivivu.com\/ve-may-bay\/?utm_source=blog_ivivu&amp;utm_medium=post_link&amp;utm_campaign=internal\" target=\"_blank\">COMBO KH\u00c1CH S\u1ea0N + V\u00c9 M\u00c1Y BAY<\/a> GI\u00c1 SI\u00caU TI\u1ebeT KI\u1ec6M T\u1eea IVIVU.COM<\/div><\/h4>\n<p style=\"text-align: right;\"><strong>Theo Doanh nh\u00e2n S\u00e0i G\u00f2n<\/strong><\/p>\n<div class=\"ltt-contentbox white\"><\/span><\/p>\n<p><strong>Xem th\u00eam c\u00e1c b\u00e0i vi\u1ebft:<\/strong><\/p>\n<p><strong><a href=\"https:\/\/www.ivivu.com\/blog\/2017\/06\/hallstatt-thi-tran-co-kinh-va-yen-binh-nhat-chau-au\/\" target=\"_blank\">Hallstatt \u2013 th\u1ecb tr\u1ea5n c\u1ed5 k\u00ednh v\u00e0 y\u00ean b\u00ecnh nh\u1ea5t ch\u00e2u \u00c2u<\/a><\/strong><\/p>\n<p><strong><a href=\"https:\/\/www.ivivu.com\/blog\/2017\/07\/stylist-trinh-tu-trung-chia-se-kinh-nghiem-di-dao-thien-duong-santorini\/\" target=\"_blank\">Stylist Tr\u1ecbnh T\u00fa Trung chia s\u1ebb kinh nghi\u1ec7m \u0111i \u0111\u1ea3o thi\u00ean \u0111\u01b0\u1eddng Santorini<\/a><\/strong><\/p>\n<p><strong><a href=\"https:\/\/www.ivivu.com\/blog\/2017\/07\/nam-lan-duoi-thap-eiffel-dua-voi-chim-o-nha-tho-duc-ba-paris\/\" target=\"_blank\">N\u1eb1m l\u0103n d\u01b0\u1edbi th\u00e1p Eiffel, \u0111\u00f9a v\u1edbi chim \u1edf nh\u00e0 th\u1edd \u0110\u1ee9c B\u00e0 Paris<\/a><\/strong><\/p>\n<p><\/div>\n<h3><div class=\"ltt-contentbox white\"><\/span>Click \u0111\u1eb7t ngay <a href=\"https:\/\/www.ivivu.com\/vi\/?utm_source=blog_ivivu&amp;utm_medium=post_link&amp;utm_campaign=internal?utm_source=blog_ivivu&amp;utm_medium=post_link&amp;utm_campaign=internal?utm_source=blog_ivivu&amp;utm_medium=post_link&amp;utm_campaign=internal?utm_source=blog_ivivu&amp;utm_medium=post_link&amp;utm_campaign=internal?utm_source=blog_ivivu&amp;utm_medium=post_link&amp;utm_campaign=internal?utm_source=blog_ivivu&amp;utm_medium=post_link&amp;utm_campaign=internal?utm_source=blog_ivivu&amp;utm_medium=post_link&amp;utm_campaign=internal?utm_source=blog_ivivu&amp;utm_medium=post_link&amp;utm_campaign=internal?utm_source=blog_ivivu&amp;utm_medium=post_link&amp;utm_campaign=internal?utm_source=blog_ivivu&amp;utm_medium=post_link&amp;utm_campaign=internal?utm_source=blog_ivivu&amp;utm_medium=post_link&amp;utm_campaign=internal?utm_source=blog_ivivu&amp;utm_medium=post_link&amp;utm_campaign=internal?utm_source=blog_ivivu&amp;utm_medium=post_link&amp;utm_campaign=internal?utm_source=blog_ivivu&amp;utm_medium=post_link&amp;utm_campaign=internal\" target=\"_blank\">Kh\u00e1ch s\u1ea1n kh\u1eafp Vi\u1ec7t Nam v\u00e0 to\u00e0n th\u1ebf gi\u1edbi<\/a> gi\u00e1 t\u1ed1t nh\u1ea5t ch\u1ec9 c\u00f3 t\u1ea1i iVIVU.com<\/div><\/h3>\n<p>***<\/p>\n<p><strong>Tham kh\u1ea3o:\u00a0<a href=\"https:\/\/www.ivivu.com\/blog\/\" target=\"_blank\">C\u1ea9m nang du l\u1ecbch iVIVU.com<\/a><\/strong><\/p>\n","protected":false},"excerpt":{"rendered":"<p>Chi\u1ec1u d\u1ea7n nh\u1eb9 xu\u1ed1ng, hai ch\u00e2n m\u1ecfi nh\u1eeb, l\u01b0ng c\u00f2ng v\u00ec ba l\u00f4 n\u1eb7ng&#8230;, b\u1ea1n c\u1ea7n ngh\u1ec9 ng\u01a1i sau m\u1ed9t ng\u00e0y lang thang chi\u00eam ng\u1eafm c\u1ea3nh quan th\u00e0nh ph\u1ed1 Milan. \u0110\u1eebng v\u1ed9i quay v\u1ec1 kh\u00e1ch s\u1ea1n m\u00e0 h\u00e3y gh\u00e9 v\u00e0o&#8230;<\/p>\n","protected":false},"author":38,"featured_media":216533,"comment_status":"closed","ping_status":"open","sticky":false,"template":"","format":"standard","meta":{"_acf_changed":false,"footnotes":""},"categories":[247,231,795,14742],"tags":[319,16388,6033,28654,16387],"acf":[],"yoast_head":"<!-- This site is optimized with the Yoast SEO Premium plugin v22.6 (Yoast SEO v22.6) - https:\/\/yoast.com\/wordpress\/plugins\/seo\/ -->\n<title>Tho\u00e1ng s\u1ed1ng ch\u1eadm, nh\u00e0n nh\u00e3 trong chuy\u1ebfn du l\u1ecbch Milan - iVIVU.com<\/title>\n<meta name=\"description\" content=\"\u0110\u1ebfn du l\u1ecbch Milan, \u0111\u1eebng v\u1ed9i quay v\u1ec1 kh\u00e1ch s\u1ea1n sau ng\u00e0y d\u00e0i tham quan m\u00e0 h\u00e3y gh\u00e9 v\u00e0o m\u1ed9t qu\u00e1n \u1edf Piazza Duomo. B\u1ea1n s\u1ebd c\u00f3 m\u1ed9t bu\u1ed5i ho\u00e0ng h\u00f4n h\u01b0\u1edfng nh\u00e0n nh\u1edb \u0111\u1eddi\" \/>\n<meta name=\"robots\" content=\"index, follow, max-snippet:-1, max-image-preview:large, max-video-preview:-1\" \/>\n<link rel=\"canonical\" href=\"https:\/\/www.ivivu.com\/blog\/2017\/07\/thoang-song-cham-nhan-nha-o-milan\/\" \/>\n<meta name=\"twitter:label1\" content=\"\u0110\u01b0\u1ee3c vi\u1ebft b\u1edfi\" \/>\n\t<meta name=\"twitter:data1\" content=\"Ng\u00e2n Thi\u1ec1u Kim\" \/>\n\t<meta name=\"twitter:label2\" content=\"\u01af\u1edbc t\u00ednh th\u1eddi gian \u0111\u1ecdc\" \/>\n\t<meta name=\"twitter:data2\" content=\"5 ph\u00fat\" \/>\n<script type=\"application\/ld+json\" class=\"yoast-schema-graph\">{\"@context\":\"https:\/\/schema.org\",\"@graph\":[{\"@type\":\"Article\",\"@id\":\"https:\/\/www.ivivu.com\/blog\/2017\/07\/thoang-song-cham-nhan-nha-o-milan\/#article\",\"isPartOf\":{\"@id\":\"https:\/\/www.ivivu.com\/blog\/2017\/07\/thoang-song-cham-nhan-nha-o-milan\/\"},\"author\":{\"name\":\"Ng\u00e2n Thi\u1ec1u Kim\",\"@id\":\"https:\/\/www.ivivu.com\/blog\/#\/schema\/person\/f6e706f46fad4e85f2e1c3ec41136369\"},\"headline\":\"Tho\u00e1ng s\u1ed1ng ch\u1eadm, nh\u00e0n nh\u00e3 \u1edf Milan\",\"datePublished\":\"2017-07-09T02:50:11+00:00\",\"dateModified\":\"2017-07-07T09:20:33+00:00\",\"mainEntityOfPage\":{\"@id\":\"https:\/\/www.ivivu.com\/blog\/2017\/07\/thoang-song-cham-nhan-nha-o-milan\/\"},\"wordCount\":1100,\"publisher\":{\"@id\":\"https:\/\/www.ivivu.com\/blog\/#organization\"},\"image\":{\"@id\":\"https:\/\/www.ivivu.com\/blog\/2017\/07\/thoang-song-cham-nhan-nha-o-milan\/#primaryimage\"},\"thumbnailUrl\":\"https:\/\/cdn3.ivivu.com\/2017\/07\/du-lich-milan-ivivu.jpg\",\"keywords\":[\"Du l\u1ecbch ch\u00e2u \u00e2u\",\"du l\u1ecbch Milan\",\"\u0111i\u1ec3m \u0111\u1ebfn ch\u00e2u \u00c2u\",\"\u0111i\u1ec3m \u0111\u1ebfn Milan\",\"Milan\"],\"articleSection\":[\"Ch\u00e2u \u00c2u\",\"DU L\u1ecaCH TH\u1ebe GI\u1edaI\",\"\u0110i\u1ec3m \u0111\u1ebfn\",\"N\u1ed5i B\u1eadt 2\"],\"inLanguage\":\"vi\"},{\"@type\":\"WebPage\",\"@id\":\"https:\/\/www.ivivu.com\/blog\/2017\/07\/thoang-song-cham-nhan-nha-o-milan\/\",\"url\":\"https:\/\/www.ivivu.com\/blog\/2017\/07\/thoang-song-cham-nhan-nha-o-milan\/\",\"name\":\"Tho\u00e1ng s\u1ed1ng ch\u1eadm, nh\u00e0n nh\u00e3 trong chuy\u1ebfn du l\u1ecbch Milan - iVIVU.com\",\"isPartOf\":{\"@id\":\"https:\/\/www.ivivu.com\/blog\/#website\"},\"primaryImageOfPage\":{\"@id\":\"https:\/\/www.ivivu.com\/blog\/2017\/07\/thoang-song-cham-nhan-nha-o-milan\/#primaryimage\"},\"image\":{\"@id\":\"https:\/\/www.ivivu.com\/blog\/2017\/07\/thoang-song-cham-nhan-nha-o-milan\/#primaryimage\"},\"thumbnailUrl\":\"https:\/\/cdn3.ivivu.com\/2017\/07\/du-lich-milan-ivivu.jpg\",\"datePublished\":\"2017-07-09T02:50:11+00:00\",\"dateModified\":\"2017-07-07T09:20:33+00:00\",\"description\":\"\u0110\u1ebfn du l\u1ecbch Milan, \u0111\u1eebng v\u1ed9i quay v\u1ec1 kh\u00e1ch s\u1ea1n sau ng\u00e0y d\u00e0i tham quan m\u00e0 h\u00e3y gh\u00e9 v\u00e0o m\u1ed9t qu\u00e1n \u1edf Piazza Duomo. B\u1ea1n s\u1ebd c\u00f3 m\u1ed9t bu\u1ed5i ho\u00e0ng h\u00f4n h\u01b0\u1edfng nh\u00e0n nh\u1edb \u0111\u1eddi\",\"breadcrumb\":{\"@id\":\"https:\/\/www.ivivu.com\/blog\/2017\/07\/thoang-song-cham-nhan-nha-o-milan\/#breadcrumb\"},\"inLanguage\":\"vi\",\"potentialAction\":[{\"@type\":\"ReadAction\",\"target\":[\"https:\/\/www.ivivu.com\/blog\/2017\/07\/thoang-song-cham-nhan-nha-o-milan\/\"]}]},{\"@type\":\"ImageObject\",\"inLanguage\":\"vi\",\"@id\":\"https:\/\/www.ivivu.com\/blog\/2017\/07\/thoang-song-cham-nhan-nha-o-milan\/#primaryimage\",\"url\":\"https:\/\/cdn3.ivivu.com\/2017\/07\/du-lich-milan-ivivu.jpg\",\"contentUrl\":\"https:\/\/cdn3.ivivu.com\/2017\/07\/du-lich-milan-ivivu.jpg\",\"width\":550,\"height\":378},{\"@type\":\"BreadcrumbList\",\"@id\":\"https:\/\/www.ivivu.com\/blog\/2017\/07\/thoang-song-cham-nhan-nha-o-milan\/#breadcrumb\",\"itemListElement\":[{\"@type\":\"ListItem\",\"position\":1,\"name\":\"Home\",\"item\":\"https:\/\/www.ivivu.com\/blog\/\"},{\"@type\":\"ListItem\",\"position\":2,\"name\":\"Tho\u00e1ng s\u1ed1ng ch\u1eadm, nh\u00e0n nh\u00e3 \u1edf Milan\"}]},{\"@type\":\"WebSite\",\"@id\":\"https:\/\/www.ivivu.com\/blog\/#website\",\"url\":\"https:\/\/www.ivivu.com\/blog\/\",\"name\":\"C\u1ea9m nang du l\u1ecbch\",\"description\":\"\",\"publisher\":{\"@id\":\"https:\/\/www.ivivu.com\/blog\/#organization\"},\"potentialAction\":[{\"@type\":\"SearchAction\",\"target\":{\"@type\":\"EntryPoint\",\"urlTemplate\":\"https:\/\/www.ivivu.com\/blog\/?s={search_term_string}\"},\"query-input\":\"required name=search_term_string\"}],\"inLanguage\":\"vi\"},{\"@type\":\"Organization\",\"@id\":\"https:\/\/www.ivivu.com\/blog\/#organization\",\"name\":\"iVIVU.com\",\"url\":\"https:\/\/www.ivivu.com\/blog\/\",\"logo\":{\"@type\":\"ImageObject\",\"inLanguage\":\"vi\",\"@id\":\"https:\/\/www.ivivu.com\/blog\/#\/schema\/logo\/image\/\",\"url\":\"https:\/\/cdn3.ivivu.com\/2024\/01\/ivivu_no_slogan.png\",\"contentUrl\":\"https:\/\/cdn3.ivivu.com\/2024\/01\/ivivu_no_slogan.png\",\"width\":788,\"height\":565,\"caption\":\"iVIVU.com\"},\"image\":{\"@id\":\"https:\/\/www.ivivu.com\/blog\/#\/schema\/logo\/image\/\"},\"sameAs\":[\"https:\/\/www.facebook.com\/iVIVU\"]},{\"@type\":\"Person\",\"@id\":\"https:\/\/www.ivivu.com\/blog\/#\/schema\/person\/f6e706f46fad4e85f2e1c3ec41136369\",\"name\":\"Ng\u00e2n Thi\u1ec1u Kim\",\"sameAs\":[\"https:\/\/www.ivivu.com\/blog\/\"],\"url\":\"https:\/\/www.ivivu.com\/blog\/author\/ngan-thieu\/\"}]}<\/script>\n<!-- \/ Yoast SEO Premium plugin. -->","yoast_head_json":{"title":"Tho\u00e1ng s\u1ed1ng ch\u1eadm, nh\u00e0n nh\u00e3 trong chuy\u1ebfn du l\u1ecbch Milan - iVIVU.com","description":"\u0110\u1ebfn du l\u1ecbch Milan, \u0111\u1eebng v\u1ed9i quay v\u1ec1 kh\u00e1ch s\u1ea1n sau ng\u00e0y d\u00e0i tham quan m\u00e0 h\u00e3y gh\u00e9 v\u00e0o m\u1ed9t qu\u00e1n \u1edf Piazza Duomo. B\u1ea1n s\u1ebd c\u00f3 m\u1ed9t bu\u1ed5i ho\u00e0ng h\u00f4n h\u01b0\u1edfng nh\u00e0n nh\u1edb \u0111\u1eddi","robots":{"index":"index","follow":"follow","max-snippet":"max-snippet:-1","max-image-preview":"max-image-preview:large","max-video-preview":"max-video-preview:-1"},"canonical":"https:\/\/www.ivivu.com\/blog\/2017\/07\/thoang-song-cham-nhan-nha-o-milan\/","twitter_misc":{"\u0110\u01b0\u1ee3c vi\u1ebft b\u1edfi":"Ng\u00e2n Thi\u1ec1u Kim","\u01af\u1edbc t\u00ednh th\u1eddi gian \u0111\u1ecdc":"5 ph\u00fat"},"schema":{"@context":"https:\/\/schema.org","@graph":[{"@type":"Article","@id":"https:\/\/www.ivivu.com\/blog\/2017\/07\/thoang-song-cham-nhan-nha-o-milan\/#article","isPartOf":{"@id":"https:\/\/www.ivivu.com\/blog\/2017\/07\/thoang-song-cham-nhan-nha-o-milan\/"},"author":{"name":"Ng\u00e2n Thi\u1ec1u Kim","@id":"https:\/\/www.ivivu.com\/blog\/#\/schema\/person\/f6e706f46fad4e85f2e1c3ec41136369"},"headline":"Tho\u00e1ng s\u1ed1ng ch\u1eadm, nh\u00e0n nh\u00e3 \u1edf Milan","datePublished":"2017-07-09T02:50:11+00:00","dateModified":"2017-07-07T09:20:33+00:00","mainEntityOfPage":{"@id":"https:\/\/www.ivivu.com\/blog\/2017\/07\/thoang-song-cham-nhan-nha-o-milan\/"},"wordCount":1100,"publisher":{"@id":"https:\/\/www.ivivu.com\/blog\/#organization"},"image":{"@id":"https:\/\/www.ivivu.com\/blog\/2017\/07\/thoang-song-cham-nhan-nha-o-milan\/#primaryimage"},"thumbnailUrl":"https:\/\/cdn3.ivivu.com\/2017\/07\/du-lich-milan-ivivu.jpg","keywords":["Du l\u1ecbch ch\u00e2u \u00e2u","du l\u1ecbch Milan","\u0111i\u1ec3m \u0111\u1ebfn ch\u00e2u \u00c2u","\u0111i\u1ec3m \u0111\u1ebfn Milan","Milan"],"articleSection":["Ch\u00e2u \u00c2u","DU L\u1ecaCH TH\u1ebe GI\u1edaI","\u0110i\u1ec3m \u0111\u1ebfn","N\u1ed5i B\u1eadt 2"],"inLanguage":"vi"},{"@type":"WebPage","@id":"https:\/\/www.ivivu.com\/blog\/2017\/07\/thoang-song-cham-nhan-nha-o-milan\/","url":"https:\/\/www.ivivu.com\/blog\/2017\/07\/thoang-song-cham-nhan-nha-o-milan\/","name":"Tho\u00e1ng s\u1ed1ng ch\u1eadm, nh\u00e0n nh\u00e3 trong chuy\u1ebfn du l\u1ecbch Milan - iVIVU.com","isPartOf":{"@id":"https:\/\/www.ivivu.com\/blog\/#website"},"primaryImageOfPage":{"@id":"https:\/\/www.ivivu.com\/blog\/2017\/07\/thoang-song-cham-nhan-nha-o-milan\/#primaryimage"},"image":{"@id":"https:\/\/www.ivivu.com\/blog\/2017\/07\/thoang-song-cham-nhan-nha-o-milan\/#primaryimage"},"thumbnailUrl":"https:\/\/cdn3.ivivu.com\/2017\/07\/du-lich-milan-ivivu.jpg","datePublished":"2017-07-09T02:50:11+00:00","dateModified":"2017-07-07T09:20:33+00:00","description":"\u0110\u1ebfn du l\u1ecbch Milan, \u0111\u1eebng v\u1ed9i quay v\u1ec1 kh\u00e1ch s\u1ea1n sau ng\u00e0y d\u00e0i tham quan m\u00e0 h\u00e3y gh\u00e9 v\u00e0o m\u1ed9t qu\u00e1n \u1edf Piazza Duomo. B\u1ea1n s\u1ebd c\u00f3 m\u1ed9t bu\u1ed5i ho\u00e0ng h\u00f4n h\u01b0\u1edfng nh\u00e0n nh\u1edb \u0111\u1eddi","breadcrumb":{"@id":"https:\/\/www.ivivu.com\/blog\/2017\/07\/thoang-song-cham-nhan-nha-o-milan\/#breadcrumb"},"inLanguage":"vi","potentialAction":[{"@type":"ReadAction","target":["https:\/\/www.ivivu.com\/blog\/2017\/07\/thoang-song-cham-nhan-nha-o-milan\/"]}]},{"@type":"ImageObject","inLanguage":"vi","@id":"https:\/\/www.ivivu.com\/blog\/2017\/07\/thoang-song-cham-nhan-nha-o-milan\/#primaryimage","url":"https:\/\/cdn3.ivivu.com\/2017\/07\/du-lich-milan-ivivu.jpg","contentUrl":"https:\/\/cdn3.ivivu.com\/2017\/07\/du-lich-milan-ivivu.jpg","width":550,"height":378},{"@type":"BreadcrumbList","@id":"https:\/\/www.ivivu.com\/blog\/2017\/07\/thoang-song-cham-nhan-nha-o-milan\/#breadcrumb","itemListElement":[{"@type":"ListItem","position":1,"name":"Home","item":"https:\/\/www.ivivu.com\/blog\/"},{"@type":"ListItem","position":2,"name":"Tho\u00e1ng s\u1ed1ng ch\u1eadm, nh\u00e0n nh\u00e3 \u1edf Milan"}]},{"@type":"WebSite","@id":"https:\/\/www.ivivu.com\/blog\/#website","url":"https:\/\/www.ivivu.com\/blog\/","name":"C\u1ea9m nang du l\u1ecbch","description":"","publisher":{"@id":"https:\/\/www.ivivu.com\/blog\/#organization"},"potentialAction":[{"@type":"SearchAction","target":{"@type":"EntryPoint","urlTemplate":"https:\/\/www.ivivu.com\/blog\/?s={search_term_string}"},"query-input":"required name=search_term_string"}],"inLanguage":"vi"},{"@type":"Organization","@id":"https:\/\/www.ivivu.com\/blog\/#organization","name":"iVIVU.com","url":"https:\/\/www.ivivu.com\/blog\/","logo":{"@type":"ImageObject","inLanguage":"vi","@id":"https:\/\/www.ivivu.com\/blog\/#\/schema\/logo\/image\/","url":"https:\/\/cdn3.ivivu.com\/2024\/01\/ivivu_no_slogan.png","contentUrl":"https:\/\/cdn3.ivivu.com\/2024\/01\/ivivu_no_slogan.png","width":788,"height":565,"caption":"iVIVU.com"},"image":{"@id":"https:\/\/www.ivivu.com\/blog\/#\/schema\/logo\/image\/"},"sameAs":["https:\/\/www.facebook.com\/iVIVU"]},{"@type":"Person","@id":"https:\/\/www.ivivu.com\/blog\/#\/schema\/person\/f6e706f46fad4e85f2e1c3ec41136369","name":"Ng\u00e2n Thi\u1ec1u Kim","sameAs":["https:\/\/www.ivivu.com\/blog\/"],"url":"https:\/\/www.ivivu.com\/blog\/author\/ngan-thieu\/"}]}},"_links":{"self":[{"href":"https:\/\/www.ivivu.com\/blog\/wp-json\/wp\/v2\/posts\/215915"}],"collection":[{"href":"https:\/\/www.ivivu.com\/blog\/wp-json\/wp\/v2\/posts"}],"about":[{"href":"https:\/\/www.ivivu.com\/blog\/wp-json\/wp\/v2\/types\/post"}],"author":[{"embeddable":true,"href":"https:\/\/www.ivivu.com\/blog\/wp-json\/wp\/v2\/users\/38"}],"replies":[{"embeddable":true,"href":"https:\/\/www.ivivu.com\/blog\/wp-json\/wp\/v2\/comments?post=215915"}],"version-history":[{"count":6,"href":"https:\/\/www.ivivu.com\/blog\/wp-json\/wp\/v2\/posts\/215915\/revisions"}],"predecessor-version":[{"id":216477,"href":"https:\/\/www.ivivu.com\/blog\/wp-json\/wp\/v2\/posts\/215915\/revisions\/216477"}],"wp:featuredmedia":[{"embeddable":true,"href":"https:\/\/www.ivivu.com\/blog\/wp-json\/wp\/v2\/media\/216533"}],"wp:attachment":[{"href":"https:\/\/www.ivivu.com\/blog\/wp-json\/wp\/v2\/media?parent=215915"}],"wp:term":[{"taxonomy":"category","embeddable":true,"href":"https:\/\/www.ivivu.com\/blog\/wp-json\/wp\/v2\/categories?post=215915"},{"taxonomy":"post_tag","embeddable":true,"href":"https:\/\/www.ivivu.com\/blog\/wp-json\/wp\/v2\/tags?post=215915"}],"curies":[{"name":"wp","href":"https:\/\/api.w.org\/{rel}","templated":true}]}}