{"id":216671,"date":"2017-07-15T14:00:19","date_gmt":"2017-07-15T07:00:19","guid":{"rendered":"https:\/\/www.ivivu.com\/blog\/?p=216671"},"modified":"2017-07-14T15:55:51","modified_gmt":"2017-07-14T08:55:51","slug":"nha-tho-sagrada-familia-kiet-tac-cua-ke-dien-hay-thien-tai","status":"publish","type":"post","link":"https:\/\/www.ivivu.com\/blog\/2017\/07\/nha-tho-sagrada-familia-kiet-tac-cua-ke-dien-hay-thien-tai\/","title":{"rendered":"Nh\u00e0 th\u1edd Sagrada Familia &#8211; ki\u1ec7t t\u00e1c c\u1ee7a k\u1ebb \u0111i\u00ean hay thi\u00ean t\u00e0i?"},"content":{"rendered":"<p style=\"text-align: justify;\"><strong><em>Sagrada Familia l\u00e0 c\u00f4ng tr\u00ecnh m\u00e0 ki\u1ebfn tr\u00fac s\u01b0 v\u0129 \u0111\u1ea1i b\u1eadc nh\u1ea5t T\u00e2y Ban Nha \u0111\u00e3 v\u1eaft ki\u1ec7t t\u00e2m huy\u1ebft, s\u1ef1 s\u00e1ng t\u1ea1o v\u00e0 s\u1ee9c l\u1ef1c trong 42 n\u0103m.<\/em><\/strong><!--more--><\/p>\n<h2>Nh\u00e0 th\u1edd Sagrada Familia &#8211; ki\u1ec7t t\u00e1c c\u1ee7a k\u1ebb \u0111i\u00ean hay thi\u00ean t\u00e0i?<\/h2>\n<div id=\"attachment_216631\" style=\"width: 690px\" class=\"wp-caption aligncenter\"><img loading=\"lazy\" decoding=\"async\" aria-describedby=\"caption-attachment-216631\" class=\"wp-image-216631 size-full\" title=\"N\u0103m 1878, th\u1ea7y tr\u01b0\u1edfng khoa c\u1ee7a \u0111\u1ea1i h\u1ecdc Ki\u1ebfn tr\u00fac Barcelona, T\u00e2y Ban Nha khi nh\u00ecn lu\u1eadn \u00e1n v\u00e0 tr\u01b0\u1edbc l\u00fac k\u00fd t\u00ean v\u00e0o v\u0103n b\u1eb1ng t\u1ed1t nghi\u1ec7p c\u1ee7a ch\u00e0ng sinh vi\u00ean tr\u1ebb Antoni Gaudi, \u0111\u00e3 t\u1ef1 v\u1ea5n: &quot;M\u00ecnh \u0111ang c\u1ea5p b\u1eb1ng cho ai \u0111\u00e2y, m\u1ed9t k\u1ebb \u0111i\u00ean hay thi\u00ean t\u00e0i?&quot;.  Gaudi, thi\u00ean t\u00e0i v\u1ec1 ki\u1ebfn tr\u00fac s\u1ed1 m\u1ed9t c\u1ee7a T\u00e2y Ban Nha v\u00e0 ch\u00e2u \u00c2u, \u0111\u00e3 l\u1eb7ng l\u1ebd tr\u1ea3 l\u1eddi c\u00e2u h\u1ecfi c\u1ee7a th\u1ea7y gi\u00e1o b\u1eb1ng r\u1ea5t nhi\u1ec1u c\u00f4ng tr\u00ecnh. M\u1ed9t trong s\u1ed1 \u0111\u00f3 l\u00e0 ki\u1ec7t t\u00e1c mang t\u00ean Sagrada Familia. \u1ea2nh: Marbellamasbella.\" src=\"https:\/\/cdn3.ivivu.com\/2017\/07\/nha-tho-sagrada-familia-kiet-tac-cua-ke-dien-hay-thien-tai-ivivu-2.jpg\" alt=\"N\u0103m 1878, th\u1ea7y tr\u01b0\u1edfng khoa c\u1ee7a \u0111\u1ea1i h\u1ecdc Ki\u1ebfn tr\u00fac Barcelona, T\u00e2y Ban Nha khi nh\u00ecn lu\u1eadn \u00e1n v\u00e0 tr\u01b0\u1edbc l\u00fac k\u00fd t\u00ean v\u00e0o v\u0103n b\u1eb1ng t\u1ed1t nghi\u1ec7p c\u1ee7a ch\u00e0ng sinh vi\u00ean tr\u1ebb Antoni Gaudi, \u0111\u00e3 t\u1ef1 v\u1ea5n: &quot;M\u00ecnh \u0111ang c\u1ea5p b\u1eb1ng cho ai \u0111\u00e2y, m\u1ed9t k\u1ebb \u0111i\u00ean hay thi\u00ean t\u00e0i?&quot;.  Gaudi, thi\u00ean t\u00e0i v\u1ec1 ki\u1ebfn tr\u00fac s\u1ed1 m\u1ed9t c\u1ee7a T\u00e2y Ban Nha v\u00e0 ch\u00e2u \u00c2u, \u0111\u00e3 l\u1eb7ng l\u1ebd tr\u1ea3 l\u1eddi c\u00e2u h\u1ecfi c\u1ee7a th\u1ea7y gi\u00e1o b\u1eb1ng r\u1ea5t nhi\u1ec1u c\u00f4ng tr\u00ecnh. M\u1ed9t trong s\u1ed1 \u0111\u00f3 l\u00e0 ki\u1ec7t t\u00e1c mang t\u00ean Sagrada Familia. \u1ea2nh: Marbellamasbella.\" width=\"680\" height=\"453\" srcset=\"https:\/\/cdn3.ivivu.com\/2017\/07\/nha-tho-sagrada-familia-kiet-tac-cua-ke-dien-hay-thien-tai-ivivu-2.jpg 680w, https:\/\/cdn3.ivivu.com\/2017\/07\/nha-tho-sagrada-familia-kiet-tac-cua-ke-dien-hay-thien-tai-ivivu-2-458x305.jpg 458w\" sizes=\"(max-width: 680px) 100vw, 680px\" \/><p id=\"caption-attachment-216631\" class=\"wp-caption-text\">N\u0103m 1878, th\u1ea7y tr\u01b0\u1edfng khoa c\u1ee7a \u0111\u1ea1i h\u1ecdc Ki\u1ebfn tr\u00fac Barcelona, T\u00e2y Ban Nha khi nh\u00ecn lu\u1eadn \u00e1n v\u00e0 tr\u01b0\u1edbc l\u00fac k\u00fd t\u00ean v\u00e0o v\u0103n b\u1eb1ng t\u1ed1t nghi\u1ec7p c\u1ee7a ch\u00e0ng sinh vi\u00ean tr\u1ebb Antoni Gaudi, \u0111\u00e3 t\u1ef1 v\u1ea5n: &#8220;M\u00ecnh \u0111ang c\u1ea5p b\u1eb1ng cho ai \u0111\u00e2y, m\u1ed9t k\u1ebb \u0111i\u00ean hay thi\u00ean t\u00e0i?&#8221;. Gaudi, thi\u00ean t\u00e0i v\u1ec1 ki\u1ebfn tr\u00fac s\u1ed1 m\u1ed9t c\u1ee7a T\u00e2y Ban Nha v\u00e0 ch\u00e2u \u00c2u, \u0111\u00e3 l\u1eb7ng l\u1ebd tr\u1ea3 l\u1eddi c\u00e2u h\u1ecfi c\u1ee7a th\u1ea7y gi\u00e1o b\u1eb1ng r\u1ea5t nhi\u1ec1u c\u00f4ng tr\u00ecnh. M\u1ed9t trong s\u1ed1 \u0111\u00f3 l\u00e0 ki\u1ec7t t\u00e1c mang t\u00ean Sagrada Familia. \u1ea2nh: Marbellamasbella.<\/p><\/div>\n<div id=\"attachment_216630\" style=\"width: 690px\" class=\"wp-caption aligncenter\"><img loading=\"lazy\" decoding=\"async\" aria-describedby=\"caption-attachment-216630\" class=\"wp-image-216630 size-full\" title=\"Sagrada Familia l\u00e0 nh\u00e0 th\u1edd c\u00f4ng gi\u00e1o l\u1edbn \u1edf v\u00f9ng Catalan, l\u00e0 bi\u1ec3u t\u01b0\u1ee3ng n\u1ed5i ti\u1ebfng c\u1ee7a T\u00e2y Ban Nha v\u1edbi l\u1ed1i ki\u1ebfn tr\u00fac k\u1ebft h\u1ee3p gi\u1eefa Gothic truy\u1ec1n th\u1ed1ng v\u00e0 Art Nouveau hi\u1ec7n \u0111\u1ea1i. Nhi\u1ec1u ng\u01b0\u1eddi cho r\u1eb1ng, phong c\u00e1ch Art Nouveau (s\u1ef1 ph\u1ee7 nh\u1eadn nh\u1eefng \u0111\u01b0\u1eddng th\u1eb3ng t\u1eafp, t\u00f4n vinh nh\u1eefng \u0111\u01b0\u1eddng cong u\u1ed1n l\u01b0\u1ee3n) th\u1ef1c s\u1ef1 h\u1ee3p v\u1edbi Gaudi - m\u1ed9t ng\u01b0\u1eddi y\u00eau thi\u00ean nhi\u00ean v\u00e0 ch\u1ec9 th\u00edch v\u1ebd c\u00e2y c\u1ecf khi c\u00f2n b\u00e9. \u1ea2nh: Pinterest.\" src=\"https:\/\/cdn3.ivivu.com\/2017\/07\/nha-tho-sagrada-familia-kiet-tac-cua-ke-dien-hay-thien-tai-ivivu-1.jpg\" alt=\"Sagrada Familia l\u00e0 nh\u00e0 th\u1edd c\u00f4ng gi\u00e1o l\u1edbn \u1edf v\u00f9ng Catalan, l\u00e0 bi\u1ec3u t\u01b0\u1ee3ng n\u1ed5i ti\u1ebfng c\u1ee7a T\u00e2y Ban Nha v\u1edbi l\u1ed1i ki\u1ebfn tr\u00fac k\u1ebft h\u1ee3p gi\u1eefa Gothic truy\u1ec1n th\u1ed1ng v\u00e0 Art Nouveau hi\u1ec7n \u0111\u1ea1i. Nhi\u1ec1u ng\u01b0\u1eddi cho r\u1eb1ng, phong c\u00e1ch Art Nouveau (s\u1ef1 ph\u1ee7 nh\u1eadn nh\u1eefng \u0111\u01b0\u1eddng th\u1eb3ng t\u1eafp, t\u00f4n vinh nh\u1eefng \u0111\u01b0\u1eddng cong u\u1ed1n l\u01b0\u1ee3n) th\u1ef1c s\u1ef1 h\u1ee3p v\u1edbi Gaudi - m\u1ed9t ng\u01b0\u1eddi y\u00eau thi\u00ean nhi\u00ean v\u00e0 ch\u1ec9 th\u00edch v\u1ebd c\u00e2y c\u1ecf khi c\u00f2n b\u00e9. \u1ea2nh: Pinterest.\" width=\"680\" height=\"364\" srcset=\"https:\/\/cdn3.ivivu.com\/2017\/07\/nha-tho-sagrada-familia-kiet-tac-cua-ke-dien-hay-thien-tai-ivivu-1.jpg 680w, https:\/\/cdn3.ivivu.com\/2017\/07\/nha-tho-sagrada-familia-kiet-tac-cua-ke-dien-hay-thien-tai-ivivu-1-540x289.jpg 540w, https:\/\/cdn3.ivivu.com\/2017\/07\/nha-tho-sagrada-familia-kiet-tac-cua-ke-dien-hay-thien-tai-ivivu-1-50x28.jpg 50w\" sizes=\"(max-width: 680px) 100vw, 680px\" \/><p id=\"caption-attachment-216630\" class=\"wp-caption-text\">Sagrada Familia l\u00e0 nh\u00e0 th\u1edd c\u00f4ng gi\u00e1o l\u1edbn \u1edf v\u00f9ng Catalan, l\u00e0 bi\u1ec3u t\u01b0\u1ee3ng n\u1ed5i ti\u1ebfng c\u1ee7a T\u00e2y Ban Nha v\u1edbi l\u1ed1i ki\u1ebfn tr\u00fac k\u1ebft h\u1ee3p gi\u1eefa Gothic truy\u1ec1n th\u1ed1ng v\u00e0 Art Nouveau hi\u1ec7n \u0111\u1ea1i. Nhi\u1ec1u ng\u01b0\u1eddi cho r\u1eb1ng, phong c\u00e1ch Art Nouveau (s\u1ef1 ph\u1ee7 nh\u1eadn nh\u1eefng \u0111\u01b0\u1eddng th\u1eb3ng t\u1eafp, t\u00f4n vinh nh\u1eefng \u0111\u01b0\u1eddng cong u\u1ed1n l\u01b0\u1ee3n) th\u1ef1c s\u1ef1 h\u1ee3p v\u1edbi Gaudi &#8211; m\u1ed9t ng\u01b0\u1eddi y\u00eau thi\u00ean nhi\u00ean v\u00e0 ch\u1ec9 th\u00edch v\u1ebd c\u00e2y c\u1ecf khi c\u00f2n b\u00e9. \u1ea2nh: Pinterest.<\/p><\/div>\n<div id=\"attachment_216632\" style=\"width: 690px\" class=\"wp-caption aligncenter\"><img loading=\"lazy\" decoding=\"async\" aria-describedby=\"caption-attachment-216632\" class=\"wp-image-216632 size-full\" title=\"M\u1ed9t trong nh\u1eefng n\u00e9t \u0111\u1eb7c s\u1eafc nh\u1ea5t c\u1ee7a nh\u00e0 th\u1edd l\u00e0 18 ng\u1ecdn th\u00e1p h\u00ecnh con su\u1ed1t quay t\u01a1, t\u01b0\u1ee3ng tr\u01b0ng cho 12 t\u00f4ng \u0111\u1ed3, 4 th\u00e1nh s\u1eed ch\u00e9p Ph\u00fac \u00e2m, \u0110\u1ee9c M\u1eb9 Maria v\u00e0 ng\u1ecdn th\u00e1p cao nh\u1ea5t, 170 m, l\u00e0 Ch\u00faa Jesus.  Tr\u00ean \u0111\u1ec9nh c\u1ee7a c\u00e1c ng\u1ecdn th\u00e1p c\u00f3 nh\u1eefng b\u1ee9c \u0111i\u00eau kh\u1eafc t\u01b0\u1ee3ng tr\u01b0ng theo truy\u1ec1n th\u1ed1ng: con b\u00f2 (th\u00e1nh Luca), ph\u01b0\u1ee3ng ho\u00e0ng (th\u00e1nh Gioan), s\u01b0 t\u1eed (th\u00e1nh Marco) v\u00e0 ng\u01b0\u1eddi c\u00f3 c\u00e1nh (th\u00e1nh Matthew) ho\u1eb7c h\u00ecnh b\u00e1nh th\u00e1nh v\u1edbi ch\u00f9m b\u00f4ng l\u00faa, ch\u00e9n l\u1ec5 v\u00e0 ch\u00f9m nho, bi\u1ec3u t\u01b0\u1ee3ng c\u1ee7a ph\u00e9p Th\u00e1nh Th\u1ec3... \u1ea2nh: Open Culture.\" src=\"https:\/\/cdn3.ivivu.com\/2017\/07\/nha-tho-sagrada-familia-kiet-tac-cua-ke-dien-hay-thien-tai-ivivu-3.jpg\" alt=\"M\u1ed9t trong nh\u1eefng n\u00e9t \u0111\u1eb7c s\u1eafc nh\u1ea5t c\u1ee7a nh\u00e0 th\u1edd l\u00e0 18 ng\u1ecdn th\u00e1p h\u00ecnh con su\u1ed1t quay t\u01a1, t\u01b0\u1ee3ng tr\u01b0ng cho 12 t\u00f4ng \u0111\u1ed3, 4 th\u00e1nh s\u1eed ch\u00e9p Ph\u00fac \u00e2m, \u0110\u1ee9c M\u1eb9 Maria v\u00e0 ng\u1ecdn th\u00e1p cao nh\u1ea5t, 170 m, l\u00e0 Ch\u00faa Jesus.  Tr\u00ean \u0111\u1ec9nh c\u1ee7a c\u00e1c ng\u1ecdn th\u00e1p c\u00f3 nh\u1eefng b\u1ee9c \u0111i\u00eau kh\u1eafc t\u01b0\u1ee3ng tr\u01b0ng theo truy\u1ec1n th\u1ed1ng: con b\u00f2 (th\u00e1nh Luca), ph\u01b0\u1ee3ng ho\u00e0ng (th\u00e1nh Gioan), s\u01b0 t\u1eed (th\u00e1nh Marco) v\u00e0 ng\u01b0\u1eddi c\u00f3 c\u00e1nh (th\u00e1nh Matthew) ho\u1eb7c h\u00ecnh b\u00e1nh th\u00e1nh v\u1edbi ch\u00f9m b\u00f4ng l\u00faa, ch\u00e9n l\u1ec5 v\u00e0 ch\u00f9m nho, bi\u1ec3u t\u01b0\u1ee3ng c\u1ee7a ph\u00e9p Th\u00e1nh Th\u1ec3... \u1ea2nh: Open Culture.\" width=\"680\" height=\"510\" srcset=\"https:\/\/cdn3.ivivu.com\/2017\/07\/nha-tho-sagrada-familia-kiet-tac-cua-ke-dien-hay-thien-tai-ivivu-3.jpg 680w, https:\/\/cdn3.ivivu.com\/2017\/07\/nha-tho-sagrada-familia-kiet-tac-cua-ke-dien-hay-thien-tai-ivivu-3-407x305.jpg 407w\" sizes=\"(max-width: 680px) 100vw, 680px\" \/><p id=\"caption-attachment-216632\" class=\"wp-caption-text\">M\u1ed9t trong nh\u1eefng n\u00e9t \u0111\u1eb7c s\u1eafc nh\u1ea5t c\u1ee7a nh\u00e0 th\u1edd l\u00e0 18 ng\u1ecdn th\u00e1p h\u00ecnh con su\u1ed1t quay t\u01a1, t\u01b0\u1ee3ng tr\u01b0ng cho 12 t\u00f4ng \u0111\u1ed3, 4 th\u00e1nh s\u1eed ch\u00e9p Ph\u00fac \u00e2m, \u0110\u1ee9c M\u1eb9 Maria v\u00e0 ng\u1ecdn th\u00e1p cao nh\u1ea5t, 170 m, l\u00e0 Ch\u00faa Jesus. Tr\u00ean \u0111\u1ec9nh c\u1ee7a c\u00e1c ng\u1ecdn th\u00e1p c\u00f3 nh\u1eefng b\u1ee9c \u0111i\u00eau kh\u1eafc t\u01b0\u1ee3ng tr\u01b0ng theo truy\u1ec1n th\u1ed1ng: con b\u00f2 (th\u00e1nh Luca), ph\u01b0\u1ee3ng ho\u00e0ng (th\u00e1nh Gioan), s\u01b0 t\u1eed (th\u00e1nh Marco) v\u00e0 ng\u01b0\u1eddi c\u00f3 c\u00e1nh (th\u00e1nh Matthew) ho\u1eb7c h\u00ecnh b\u00e1nh th\u00e1nh v\u1edbi ch\u00f9m b\u00f4ng l\u00faa, ch\u00e9n l\u1ec5 v\u00e0 ch\u00f9m nho, bi\u1ec3u t\u01b0\u1ee3ng c\u1ee7a ph\u00e9p Th\u00e1nh Th\u1ec3&#8230; \u1ea2nh: Open Culture.<\/p><\/div>\n<div id=\"attachment_216633\" style=\"width: 690px\" class=\"wp-caption aligncenter\"><img loading=\"lazy\" decoding=\"async\" aria-describedby=\"caption-attachment-216633\" class=\"wp-image-216633 size-full\" title=\"Mong mu\u1ed1n c\u1ee7a Gaudi l\u00e0 Sagrada Familia s\u1ebd tr\u1edf th\u00e0nh nh\u00e0 th\u1edd v\u1edbi ng\u1ecdn th\u00e1p cao nh\u1ea5t th\u1ebf gi\u1edbi. Hi\u1ec7n t\u1ea1i, 8 th\u00e1p chu\u00f4ng \u0111\u00e3 \u0111\u01b0\u1ee3c ho\u00e0n th\u00e0nh.  M\u1eb7t tr\u01b0\u1edbc c\u1ee7a nh\u00e0 th\u1edd \u0111\u01b0\u1ee3c trang tr\u00ed nhi\u1ec1u b\u1ee9c t\u01b0\u1ee3ng t\u00e1i hi\u1ec7n l\u1ea1i qu\u00e3ng \u0111\u1eddi c\u1ee7a \u0110\u1ee9c Ch\u00faa. \u1ea2nh: Lonelyplanet.\" src=\"https:\/\/cdn3.ivivu.com\/2017\/07\/nha-tho-sagrada-familia-kiet-tac-cua-ke-dien-hay-thien-tai-ivivu-4.jpg\" alt=\"Mong mu\u1ed1n c\u1ee7a Gaudi l\u00e0 Sagrada Familia s\u1ebd tr\u1edf th\u00e0nh nh\u00e0 th\u1edd v\u1edbi ng\u1ecdn th\u00e1p cao nh\u1ea5t th\u1ebf gi\u1edbi. Hi\u1ec7n t\u1ea1i, 8 th\u00e1p chu\u00f4ng \u0111\u00e3 \u0111\u01b0\u1ee3c ho\u00e0n th\u00e0nh.  M\u1eb7t tr\u01b0\u1edbc c\u1ee7a nh\u00e0 th\u1edd \u0111\u01b0\u1ee3c trang tr\u00ed nhi\u1ec1u b\u1ee9c t\u01b0\u1ee3ng t\u00e1i hi\u1ec7n l\u1ea1i qu\u00e3ng \u0111\u1eddi c\u1ee7a \u0110\u1ee9c Ch\u00faa. \u1ea2nh: Lonelyplanet.\" width=\"680\" height=\"457\" srcset=\"https:\/\/cdn3.ivivu.com\/2017\/07\/nha-tho-sagrada-familia-kiet-tac-cua-ke-dien-hay-thien-tai-ivivu-4.jpg 680w, https:\/\/cdn3.ivivu.com\/2017\/07\/nha-tho-sagrada-familia-kiet-tac-cua-ke-dien-hay-thien-tai-ivivu-4-454x305.jpg 454w, https:\/\/cdn3.ivivu.com\/2017\/07\/nha-tho-sagrada-familia-kiet-tac-cua-ke-dien-hay-thien-tai-ivivu-4-50x35.jpg 50w\" sizes=\"(max-width: 680px) 100vw, 680px\" \/><p id=\"caption-attachment-216633\" class=\"wp-caption-text\">Mong mu\u1ed1n c\u1ee7a Gaudi l\u00e0 Sagrada Familia s\u1ebd tr\u1edf th\u00e0nh nh\u00e0 th\u1edd v\u1edbi ng\u1ecdn th\u00e1p cao nh\u1ea5t th\u1ebf gi\u1edbi. Hi\u1ec7n t\u1ea1i, 8 th\u00e1p chu\u00f4ng \u0111\u00e3 \u0111\u01b0\u1ee3c ho\u00e0n th\u00e0nh. M\u1eb7t tr\u01b0\u1edbc c\u1ee7a nh\u00e0 th\u1edd \u0111\u01b0\u1ee3c trang tr\u00ed nhi\u1ec1u b\u1ee9c t\u01b0\u1ee3ng t\u00e1i hi\u1ec7n l\u1ea1i qu\u00e3ng \u0111\u1eddi c\u1ee7a \u0110\u1ee9c Ch\u00faa. \u1ea2nh: Lonelyplanet.<\/p><\/div>\n<div id=\"attachment_216634\" style=\"width: 690px\" class=\"wp-caption aligncenter\"><img loading=\"lazy\" decoding=\"async\" aria-describedby=\"caption-attachment-216634\" class=\"wp-image-216634 size-full\" title=\"B\u00ean trong nh\u00e0 th\u1edd \u0111\u01b0\u1ee3c chi\u1ebfu s\u00e1ng b\u1edfi nh\u1eefng lu\u1ed3ng \u00e1nh s\u00e1ng m\u1eb7t tr\u1eddi xuy\u00ean th\u1eb3ng qua h\u00ecnh ovan tr\u00ean v\u00f2m tr\u1ea7n v\u00e0 nh\u1eefng khu\u00f4n c\u1eeda k\u00ednh m\u00e0u l\u1ed9ng l\u1eaby. \u1ea2nh: Egosumgo.\" src=\"https:\/\/cdn3.ivivu.com\/2017\/07\/nha-tho-sagrada-familia-kiet-tac-cua-ke-dien-hay-thien-tai-ivivu-5.png\" alt=\"B\u00ean trong nh\u00e0 th\u1edd \u0111\u01b0\u1ee3c chi\u1ebfu s\u00e1ng b\u1edfi nh\u1eefng lu\u1ed3ng \u00e1nh s\u00e1ng m\u1eb7t tr\u1eddi xuy\u00ean th\u1eb3ng qua h\u00ecnh ovan tr\u00ean v\u00f2m tr\u1ea7n v\u00e0 nh\u1eefng khu\u00f4n c\u1eeda k\u00ednh m\u00e0u l\u1ed9ng l\u1eaby. \u1ea2nh: Egosumgo.\" width=\"680\" height=\"454\" srcset=\"https:\/\/cdn3.ivivu.com\/2017\/07\/nha-tho-sagrada-familia-kiet-tac-cua-ke-dien-hay-thien-tai-ivivu-5.png 680w, https:\/\/cdn3.ivivu.com\/2017\/07\/nha-tho-sagrada-familia-kiet-tac-cua-ke-dien-hay-thien-tai-ivivu-5-457x305.png 457w\" sizes=\"(max-width: 680px) 100vw, 680px\" \/><p id=\"caption-attachment-216634\" class=\"wp-caption-text\">B\u00ean trong nh\u00e0 th\u1edd \u0111\u01b0\u1ee3c chi\u1ebfu s\u00e1ng b\u1edfi nh\u1eefng lu\u1ed3ng \u00e1nh s\u00e1ng m\u1eb7t tr\u1eddi xuy\u00ean th\u1eb3ng qua h\u00ecnh ovan tr\u00ean v\u00f2m tr\u1ea7n v\u00e0 nh\u1eefng khu\u00f4n c\u1eeda k\u00ednh m\u00e0u l\u1ed9ng l\u1eaby. \u1ea2nh: Egosumgo.<\/p><\/div>\n<div id=\"attachment_216635\" style=\"width: 690px\" class=\"wp-caption aligncenter\"><img loading=\"lazy\" decoding=\"async\" aria-describedby=\"caption-attachment-216635\" class=\"wp-image-216635 size-full\" title=\"Theo Destinationsdetoursdreams, \u0111\u00e2y l\u00e0 c\u00f4ng tr\u00ecnh m\u00e0 ki\u1ebfn tr\u00fac s\u01b0 v\u0129 \u0111\u1ea1i b\u1eadc nh\u1ea5t \u1edf T\u00e2y Ban Nha \u0111\u00e3 v\u1eaft ki\u1ec7t t\u00e2m huy\u1ebft, s\u1ef1 s\u00e1ng t\u1ea1o v\u00e0 s\u1ee9c l\u1ef1c c\u1ee7a m\u00ecnh trong 42 n\u0103m. Gaudi \u0111\u00e3 d\u00e0nh 16 n\u0103m \u0111\u1ec3 ho\u00e0n thi\u1ec7n c\u00f4ng tr\u00ecnh. \u0110\u1ebfn n\u0103m 1926 th\u00ec d\u1ef1 \u00e1n dang d\u1edf do \u00f4ng m\u1ea5t \u0111\u1ed9t ng\u1ed9t trong m\u1ed9t tai n\u1ea1n t\u00e0u \u0111i\u1ec7n. \u1ea2nh: Carmencita.\" src=\"https:\/\/cdn3.ivivu.com\/2017\/07\/nha-tho-sagrada-familia-kiet-tac-cua-ke-dien-hay-thien-tai-ivivu-6.jpg\" alt=\"Theo Destinationsdetoursdreams, \u0111\u00e2y l\u00e0 c\u00f4ng tr\u00ecnh m\u00e0 ki\u1ebfn tr\u00fac s\u01b0 v\u0129 \u0111\u1ea1i b\u1eadc nh\u1ea5t \u1edf T\u00e2y Ban Nha \u0111\u00e3 v\u1eaft ki\u1ec7t t\u00e2m huy\u1ebft, s\u1ef1 s\u00e1ng t\u1ea1o v\u00e0 s\u1ee9c l\u1ef1c c\u1ee7a m\u00ecnh trong 42 n\u0103m. Gaudi \u0111\u00e3 d\u00e0nh 16 n\u0103m \u0111\u1ec3 ho\u00e0n thi\u1ec7n c\u00f4ng tr\u00ecnh. \u0110\u1ebfn n\u0103m 1926 th\u00ec d\u1ef1 \u00e1n dang d\u1edf do \u00f4ng m\u1ea5t \u0111\u1ed9t ng\u1ed9t trong m\u1ed9t tai n\u1ea1n t\u00e0u \u0111i\u1ec7n. \u1ea2nh: Carmencita.\" width=\"680\" height=\"510\" srcset=\"https:\/\/cdn3.ivivu.com\/2017\/07\/nha-tho-sagrada-familia-kiet-tac-cua-ke-dien-hay-thien-tai-ivivu-6.jpg 680w, https:\/\/cdn3.ivivu.com\/2017\/07\/nha-tho-sagrada-familia-kiet-tac-cua-ke-dien-hay-thien-tai-ivivu-6-407x305.jpg 407w\" sizes=\"(max-width: 680px) 100vw, 680px\" \/><p id=\"caption-attachment-216635\" class=\"wp-caption-text\">Theo Destinationsdetoursdreams, \u0111\u00e2y l\u00e0 c\u00f4ng tr\u00ecnh m\u00e0 ki\u1ebfn tr\u00fac s\u01b0 v\u0129 \u0111\u1ea1i b\u1eadc nh\u1ea5t \u1edf T\u00e2y Ban Nha \u0111\u00e3 v\u1eaft ki\u1ec7t t\u00e2m huy\u1ebft, s\u1ef1 s\u00e1ng t\u1ea1o v\u00e0 s\u1ee9c l\u1ef1c c\u1ee7a m\u00ecnh trong 42 n\u0103m. Gaudi \u0111\u00e3 d\u00e0nh 16 n\u0103m \u0111\u1ec3 ho\u00e0n thi\u1ec7n c\u00f4ng tr\u00ecnh. \u0110\u1ebfn n\u0103m 1926 th\u00ec d\u1ef1 \u00e1n dang d\u1edf do \u00f4ng m\u1ea5t \u0111\u1ed9t ng\u1ed9t trong m\u1ed9t tai n\u1ea1n t\u00e0u \u0111i\u1ec7n. \u1ea2nh: Carmencita.<\/p><\/div>\n<div id=\"attachment_216636\" style=\"width: 690px\" class=\"wp-caption aligncenter\"><img loading=\"lazy\" decoding=\"async\" aria-describedby=\"caption-attachment-216636\" class=\"wp-image-216636 size-full\" title=\"Ngo\u00e0i ra, Sagrada Familia n\u1ed5i ti\u1ebfng v\u00ec l\u00e0 nh\u00e0 th\u1edd duy nh\u1ea5t tr\u00ean th\u1ebf gi\u1edbi c\u00f3 th\u1eddi gian x\u00e2y qu\u00e1 l\u00e2u, h\u01a1n m\u1ed9t th\u1ebf k\u1ef7. Kh\u1edfi c\u00f4ng x\u00e2y d\u1ef1ng t\u1eeb n\u0103m 1882, v\u00e0 \u0111\u1ebfn nay, sau 135 n\u0103m, nh\u00e0 th\u1edd v\u1eabn ch\u01b0a ho\u00e0n thi\u1ec7n. C\u00f2n theo l\u1eddi n\u00f3i \u0111\u00f9a n\u1ed5i ti\u1ebfng c\u1ee7a Gaudi, \u00f4ng tin r\u1eb1ng kh\u00e1ch h\u00e0ng c\u1ee7a m\u00ecnh, \u0110\u1ee9c Ch\u00faa tr\u1eddi, s\u1ebd kh\u00f4ng qu\u00e1 n\u00f3ng l\u00f2ng v\u00e0 c\u00f3 th\u1ec3 ch\u1edd \u0111\u1ee3i \u0111\u01b0\u1ee3c. \u1ea2nh: News.\" src=\"https:\/\/cdn3.ivivu.com\/2017\/07\/nha-tho-sagrada-familia-kiet-tac-cua-ke-dien-hay-thien-tai-ivivu-7.jpg\" alt=\"Ngo\u00e0i ra, Sagrada Familia n\u1ed5i ti\u1ebfng v\u00ec l\u00e0 nh\u00e0 th\u1edd duy nh\u1ea5t tr\u00ean th\u1ebf gi\u1edbi c\u00f3 th\u1eddi gian x\u00e2y qu\u00e1 l\u00e2u, h\u01a1n m\u1ed9t th\u1ebf k\u1ef7. Kh\u1edfi c\u00f4ng x\u00e2y d\u1ef1ng t\u1eeb n\u0103m 1882, v\u00e0 \u0111\u1ebfn nay, sau 135 n\u0103m, nh\u00e0 th\u1edd v\u1eabn ch\u01b0a ho\u00e0n thi\u1ec7n. C\u00f2n theo l\u1eddi n\u00f3i \u0111\u00f9a n\u1ed5i ti\u1ebfng c\u1ee7a Gaudi, \u00f4ng tin r\u1eb1ng kh\u00e1ch h\u00e0ng c\u1ee7a m\u00ecnh, \u0110\u1ee9c Ch\u00faa tr\u1eddi, s\u1ebd kh\u00f4ng qu\u00e1 n\u00f3ng l\u00f2ng v\u00e0 c\u00f3 th\u1ec3 ch\u1edd \u0111\u1ee3i \u0111\u01b0\u1ee3c. \u1ea2nh: News.\" width=\"680\" height=\"511\" srcset=\"https:\/\/cdn3.ivivu.com\/2017\/07\/nha-tho-sagrada-familia-kiet-tac-cua-ke-dien-hay-thien-tai-ivivu-7.jpg 680w, https:\/\/cdn3.ivivu.com\/2017\/07\/nha-tho-sagrada-familia-kiet-tac-cua-ke-dien-hay-thien-tai-ivivu-7-406x305.jpg 406w\" sizes=\"(max-width: 680px) 100vw, 680px\" \/><p id=\"caption-attachment-216636\" class=\"wp-caption-text\">Ngo\u00e0i ra, Sagrada Familia n\u1ed5i ti\u1ebfng v\u00ec l\u00e0 nh\u00e0 th\u1edd duy nh\u1ea5t tr\u00ean th\u1ebf gi\u1edbi c\u00f3 th\u1eddi gian x\u00e2y qu\u00e1 l\u00e2u, h\u01a1n m\u1ed9t th\u1ebf k\u1ef7. Kh\u1edfi c\u00f4ng x\u00e2y d\u1ef1ng t\u1eeb n\u0103m 1882, v\u00e0 \u0111\u1ebfn nay, sau 135 n\u0103m, nh\u00e0 th\u1edd v\u1eabn ch\u01b0a ho\u00e0n thi\u1ec7n. C\u00f2n theo l\u1eddi n\u00f3i \u0111\u00f9a n\u1ed5i ti\u1ebfng c\u1ee7a Gaudi, \u00f4ng tin r\u1eb1ng kh\u00e1ch h\u00e0ng c\u1ee7a m\u00ecnh, \u0110\u1ee9c Ch\u00faa tr\u1eddi, s\u1ebd kh\u00f4ng qu\u00e1 n\u00f3ng l\u00f2ng v\u00e0 c\u00f3 th\u1ec3 ch\u1edd \u0111\u1ee3i \u0111\u01b0\u1ee3c. \u1ea2nh: News.<\/p><\/div>\n<div id=\"attachment_216638\" style=\"width: 690px\" class=\"wp-caption aligncenter\"><img loading=\"lazy\" decoding=\"async\" aria-describedby=\"caption-attachment-216638\" class=\"wp-image-216638 size-full\" title=\"Theo ch\u00ednh ph\u1ee7 T\u00e2y Ban Nha, ki\u1ec7t t\u00e1c n\u00e0y s\u1ebd \u0111\u01b0\u1ee3c ho\u00e0n th\u00e0nh v\u00e0o n\u0103m 2026, nh\u00e2n k\u1ef7 ni\u1ec7m 100 n\u0103m ng\u00e0y m\u1ea5t c\u1ee7a Gaudi. C\u00e2u h\u1ecfi c\u1ee7a th\u1ea7y tr\u01b0\u1edfng khoa ki\u1ebfn tr\u00fac c\u00e1ch \u0111\u00e2y g\u1ea7n 140 n\u0103m v\u1eabn ch\u01b0a c\u00f3 l\u1eddi gi\u1ea3i \u0111\u00e1p. Kh\u00f4ng ai bi\u1ebft Gaudi c\u00f3 \u0111i\u00ean hay kh\u00f4ng, nh\u01b0ng hi\u1ec7n t\u1ea1i ai c\u0169ng xem \u00f4ng nh\u01b0 m\u1ed9t thi\u00ean t\u00e0i.\" src=\"https:\/\/cdn3.ivivu.com\/2017\/07\/nha-tho-sagrada-familia-kiet-tac-cua-ke-dien-hay-thien-tai-ivivu-9.jpg\" alt=\"Theo ch\u00ednh ph\u1ee7 T\u00e2y Ban Nha, ki\u1ec7t t\u00e1c n\u00e0y s\u1ebd \u0111\u01b0\u1ee3c ho\u00e0n th\u00e0nh v\u00e0o n\u0103m 2026, nh\u00e2n k\u1ef7 ni\u1ec7m 100 n\u0103m ng\u00e0y m\u1ea5t c\u1ee7a Gaudi. C\u00e2u h\u1ecfi c\u1ee7a th\u1ea7y tr\u01b0\u1edfng khoa ki\u1ebfn tr\u00fac c\u00e1ch \u0111\u00e2y g\u1ea7n 140 n\u0103m v\u1eabn ch\u01b0a c\u00f3 l\u1eddi gi\u1ea3i \u0111\u00e1p. Kh\u00f4ng ai bi\u1ebft Gaudi c\u00f3 \u0111i\u00ean hay kh\u00f4ng, nh\u01b0ng hi\u1ec7n t\u1ea1i ai c\u0169ng xem \u00f4ng nh\u01b0 m\u1ed9t thi\u00ean t\u00e0i.\" width=\"680\" height=\"510\" srcset=\"https:\/\/cdn3.ivivu.com\/2017\/07\/nha-tho-sagrada-familia-kiet-tac-cua-ke-dien-hay-thien-tai-ivivu-9.jpg 680w, https:\/\/cdn3.ivivu.com\/2017\/07\/nha-tho-sagrada-familia-kiet-tac-cua-ke-dien-hay-thien-tai-ivivu-9-407x305.jpg 407w\" sizes=\"(max-width: 680px) 100vw, 680px\" \/><p id=\"caption-attachment-216638\" class=\"wp-caption-text\">Theo ch\u00ednh ph\u1ee7 T\u00e2y Ban Nha, ki\u1ec7t t\u00e1c n\u00e0y s\u1ebd \u0111\u01b0\u1ee3c ho\u00e0n th\u00e0nh v\u00e0o n\u0103m 2026, nh\u00e2n k\u1ef7 ni\u1ec7m 100 n\u0103m ng\u00e0y m\u1ea5t c\u1ee7a Gaudi. C\u00e2u h\u1ecfi c\u1ee7a th\u1ea7y tr\u01b0\u1edfng khoa ki\u1ebfn tr\u00fac c\u00e1ch \u0111\u00e2y g\u1ea7n 140 n\u0103m v\u1eabn ch\u01b0a c\u00f3 l\u1eddi gi\u1ea3i \u0111\u00e1p. Kh\u00f4ng ai bi\u1ebft Gaudi c\u00f3 \u0111i\u00ean hay kh\u00f4ng, nh\u01b0ng hi\u1ec7n t\u1ea1i ai c\u0169ng xem \u00f4ng nh\u01b0 m\u1ed9t thi\u00ean t\u00e0i.<\/p><\/div>\n<div id=\"attachment_216637\" style=\"width: 690px\" class=\"wp-caption aligncenter\"><img loading=\"lazy\" decoding=\"async\" aria-describedby=\"caption-attachment-216637\" class=\"wp-image-216637 size-full\" title=\"N\u0103m 1984, nh\u00e0 th\u1edd \u0111\u01b0\u1ee3c ghi v\u00e0o danh s\u00e1ch di s\u1ea3n th\u1ebf gi\u1edbi c\u1ee7a UNESCO. V\u00e0o n\u0103m 2007, n\u00f3 \u0111\u01b0\u1ee3c x\u1ebfp v\u00e0o danh s\u00e1ch 12 b\u1ea3o v\u1eadt c\u1ee7a T\u00e2y Ban Nha. \u1ea2nh: News. Ng\u00e0y 7\/11\/2010, nh\u00e0 th\u1edd \u0111\u01b0\u1ee3c Gi\u00e1o ho\u00e0ng Benedictus XVI th\u00e1nh hi\u1ebfn v\u00e0 n\u00e2ng l\u00ean th\u00e0nh V\u01b0\u01a1ng cung th\u00e1nh \u0111\u01b0\u1eddng trong d\u1ecbp th\u0103m Santiago de Compostela v\u00e0 Barcelona. Do v\u1eady, ng\u00e0y nay, Sagrada Familia c\u00f2n c\u00f3 t\u00ean g\u1ecdi kh\u00e1c l\u00e0 V\u01b0\u01a1ng cung th\u00e1nh \u0111\u01b0\u1eddng Nh\u00e0 th\u1edd ngo\u1ea1i hi\u1ec7u Th\u00e1nh Gia.\" src=\"https:\/\/cdn3.ivivu.com\/2017\/07\/nha-tho-sagrada-familia-kiet-tac-cua-ke-dien-hay-thien-tai-ivivu-8.jpg\" alt=\"N\u0103m 1984, nh\u00e0 th\u1edd \u0111\u01b0\u1ee3c ghi v\u00e0o danh s\u00e1ch di s\u1ea3n th\u1ebf gi\u1edbi c\u1ee7a UNESCO. V\u00e0o n\u0103m 2007, n\u00f3 \u0111\u01b0\u1ee3c x\u1ebfp v\u00e0o danh s\u00e1ch 12 b\u1ea3o v\u1eadt c\u1ee7a T\u00e2y Ban Nha. \u1ea2nh: News. Ng\u00e0y 7\/11\/2010, nh\u00e0 th\u1edd \u0111\u01b0\u1ee3c Gi\u00e1o ho\u00e0ng Benedictus XVI th\u00e1nh hi\u1ebfn v\u00e0 n\u00e2ng l\u00ean th\u00e0nh V\u01b0\u01a1ng cung th\u00e1nh \u0111\u01b0\u1eddng trong d\u1ecbp th\u0103m Santiago de Compostela v\u00e0 Barcelona. Do v\u1eady, ng\u00e0y nay, Sagrada Familia c\u00f2n c\u00f3 t\u00ean g\u1ecdi kh\u00e1c l\u00e0 V\u01b0\u01a1ng cung th\u00e1nh \u0111\u01b0\u1eddng Nh\u00e0 th\u1edd ngo\u1ea1i hi\u1ec7u Th\u00e1nh Gia.\" width=\"680\" height=\"455\" srcset=\"https:\/\/cdn3.ivivu.com\/2017\/07\/nha-tho-sagrada-familia-kiet-tac-cua-ke-dien-hay-thien-tai-ivivu-8.jpg 680w, https:\/\/cdn3.ivivu.com\/2017\/07\/nha-tho-sagrada-familia-kiet-tac-cua-ke-dien-hay-thien-tai-ivivu-8-456x305.jpg 456w\" sizes=\"(max-width: 680px) 100vw, 680px\" \/><p id=\"caption-attachment-216637\" class=\"wp-caption-text\">N\u0103m 1984, nh\u00e0 th\u1edd \u0111\u01b0\u1ee3c ghi v\u00e0o danh s\u00e1ch di s\u1ea3n th\u1ebf gi\u1edbi c\u1ee7a UNESCO. V\u00e0o n\u0103m 2007, n\u00f3 \u0111\u01b0\u1ee3c x\u1ebfp v\u00e0o danh s\u00e1ch 12 b\u1ea3o v\u1eadt c\u1ee7a T\u00e2y Ban Nha. Ng\u00e0y 7\/11\/2010, nh\u00e0 th\u1edd \u0111\u01b0\u1ee3c Gi\u00e1o ho\u00e0ng Benedictus XVI th\u00e1nh hi\u1ebfn v\u00e0 n\u00e2ng l\u00ean th\u00e0nh V\u01b0\u01a1ng cung th\u00e1nh \u0111\u01b0\u1eddng trong d\u1ecbp th\u0103m Santiago de Compostela v\u00e0 Barcelona. Do v\u1eady, ng\u00e0y nay, Sagrada Familia c\u00f2n c\u00f3 t\u00ean g\u1ecdi kh\u00e1c l\u00e0 V\u01b0\u01a1ng cung th\u00e1nh \u0111\u01b0\u1eddng Nh\u00e0 th\u1edd ngo\u1ea1i hi\u1ec7u Th\u00e1nh Gia. \u1ea2nh: News<\/p><\/div>\n<div id=\"attachment_216639\" style=\"width: 690px\" class=\"wp-caption aligncenter\"><img loading=\"lazy\" decoding=\"async\" aria-describedby=\"caption-attachment-216639\" class=\"wp-image-216639 size-full\" title=\"Ng\u00e0y nay, Sagrada Familia \u0111\u00f3n kho\u1ea3ng 3 tri\u1ec7u du kh\u00e1ch m\u1ed7i n\u0103m. Ti\u1ec1n \u0111\u1ea7u t\u01b0 \u0111\u1ec3 ti\u1ebfp t\u1ee5c x\u00e2y d\u1ef1ng nh\u00e0 th\u1edd \u0111\u01b0\u1ee3c thu v\u1ec1 t\u1eeb vi\u1ec7c b\u00e1n v\u00e9 tham quan cho du kh\u00e1ch. \u0110\u1ecba ch\u1ec9 nh\u00e0 th\u1edd: La Sagrada Familia, Carrer Mallorca, Barcelona. Gi\u1edd m\u1edf c\u1eeda: 9h-18h (th\u00e1ng 1, 2, 11, 12), 9h-19h (th\u00e1ng 3, 10), 9h-20h (th\u00e1ng 4, 5, 6, 7, 8, 9), 9h-14h (hai ng\u00e0y 25, 26\/12 v\u00e0 1-6\/1). Gi\u00e1 v\u00e9: 15 - 29 Euro. \u1ea2nh: Pinterest.\" src=\"https:\/\/cdn3.ivivu.com\/2017\/07\/nha-tho-sagrada-familia-kiet-tac-cua-ke-dien-hay-thien-tai-ivivu-10.jpg\" alt=\"Ng\u00e0y nay, Sagrada Familia \u0111\u00f3n kho\u1ea3ng 3 tri\u1ec7u du kh\u00e1ch m\u1ed7i n\u0103m. Ti\u1ec1n \u0111\u1ea7u t\u01b0 \u0111\u1ec3 ti\u1ebfp t\u1ee5c x\u00e2y d\u1ef1ng nh\u00e0 th\u1edd \u0111\u01b0\u1ee3c thu v\u1ec1 t\u1eeb vi\u1ec7c b\u00e1n v\u00e9 tham quan cho du kh\u00e1ch. \u0110\u1ecba ch\u1ec9 nh\u00e0 th\u1edd: La Sagrada Familia, Carrer Mallorca, Barcelona. Gi\u1edd m\u1edf c\u1eeda: 9h-18h (th\u00e1ng 1, 2, 11, 12), 9h-19h (th\u00e1ng 3, 10), 9h-20h (th\u00e1ng 4, 5, 6, 7, 8, 9), 9h-14h (hai ng\u00e0y 25, 26\/12 v\u00e0 1-6\/1). Gi\u00e1 v\u00e9: 15 - 29 Euro. \u1ea2nh: Pinterest.\" width=\"680\" height=\"510\" srcset=\"https:\/\/cdn3.ivivu.com\/2017\/07\/nha-tho-sagrada-familia-kiet-tac-cua-ke-dien-hay-thien-tai-ivivu-10.jpg 680w, https:\/\/cdn3.ivivu.com\/2017\/07\/nha-tho-sagrada-familia-kiet-tac-cua-ke-dien-hay-thien-tai-ivivu-10-407x305.jpg 407w\" sizes=\"(max-width: 680px) 100vw, 680px\" \/><p id=\"caption-attachment-216639\" class=\"wp-caption-text\">Ng\u00e0y nay, Sagrada Familia \u0111\u00f3n kho\u1ea3ng 3 tri\u1ec7u du kh\u00e1ch m\u1ed7i n\u0103m. Ti\u1ec1n \u0111\u1ea7u t\u01b0 \u0111\u1ec3 ti\u1ebfp t\u1ee5c x\u00e2y d\u1ef1ng nh\u00e0 th\u1edd \u0111\u01b0\u1ee3c thu v\u1ec1 t\u1eeb vi\u1ec7c b\u00e1n v\u00e9 tham quan cho du kh\u00e1ch. \u0110\u1ecba ch\u1ec9 nh\u00e0 th\u1edd: La Sagrada Familia, Carrer Mallorca, Barcelona. Gi\u1edd m\u1edf c\u1eeda: 9h-18h (th\u00e1ng 1, 2, 11, 12), 9h-19h (th\u00e1ng 3, 10), 9h-20h (th\u00e1ng 4, 5, 6, 7, 8, 9), 9h-14h (hai ng\u00e0y 25, 26\/12 v\u00e0 1-6\/1). Gi\u00e1 v\u00e9: 15 &#8211; 29 Euro. \u1ea2nh: Pinterest.<\/p><\/div>\n<h4 style=\"text-align: center;\"><div class=\"ltt-contentbox white\"><\/span>G\u1eccI NGAY 1900 1870 \u0110\u1ec2 \u0110\u01af\u1ee2C T\u01af V\u1ea4N\u00a0<a href=\"https:\/\/www.ivivu.com\/ve-may-bay\/?utm_source=blog_ivivu&amp;utm_medium=post_link&amp;utm_campaign=internal\" target=\"_blank\">COMBO KH\u00c1CH S\u1ea0N + V\u00c9 M\u00c1Y BAY<\/a> GI\u00c1 SI\u00caU TI\u1ebeT KI\u1ec6M T\u1eea IVIVU.COM<\/div><\/h4>\n<p style=\"text-align: right;\"><strong>Theo <a href=\"http:\/\/dulich.vnexpress.net\/photo\/anh-video\/nha-tho-sagrada-familia-kiet-tac-cua-ke-dien-hay-thien-tai-3609636.html\" target=\"_blank\" rel=\"nofollow\">Anh Minh\/Vnexpress<\/a><\/strong><\/p>\n<div class=\"ltt-contentbox white\"><\/span><\/p>\n<p><strong>Xem th\u00eam c\u00e1c b\u00e0i vi\u1ebft:<\/strong><\/p>\n<p><a href=\"https:\/\/www.ivivu.com\/blog\/2017\/07\/thoang-song-cham-nhan-nha-o-milan\/\" target=\"_blank\"><strong>Tho\u00e1ng s\u1ed1ng ch\u1eadm, nh\u00e0n nh\u00e3 \u1edf Milan<\/strong><\/a><\/p>\n<p><a href=\"https:\/\/www.ivivu.com\/blog\/2017\/07\/7-diem-tuyet-voi-ngam-cuc-quang\/\" target=\"_blank\"><strong>7 \u0111i\u1ec3m tuy\u1ec7t v\u1eddi ng\u1eafm c\u1ef1c quang<\/strong><\/a><\/p>\n<p><a href=\"https:\/\/www.ivivu.com\/blog\/2017\/07\/%E2%80%8Blang-nguoi-ve-dep-noi-bien-gioi-ba-lan-slovakia\/\" target=\"_blank\"><strong>L\u1eb7ng ng\u01b0\u1eddi v\u1ebb \u0111\u1eb9p n\u01a1i bi\u00ean gi\u1edbi Ba Lan \u2013 Slovakia<\/strong><\/a><\/p>\n<p><\/div>\n<h3><div class=\"ltt-contentbox white\"><\/span>Click \u0111\u1eb7t ngay <a href=\"https:\/\/www.ivivu.com\/vi\/?utm_source=blog_ivivu&amp;utm_medium=post_link&amp;utm_campaign=internal?utm_source=blog_ivivu&amp;utm_medium=post_link&amp;utm_campaign=internal?utm_source=blog_ivivu&amp;utm_medium=post_link&amp;utm_campaign=internal?utm_source=blog_ivivu&amp;utm_medium=post_link&amp;utm_campaign=internal?utm_source=blog_ivivu&amp;utm_medium=post_link&amp;utm_campaign=internal?utm_source=blog_ivivu&amp;utm_medium=post_link&amp;utm_campaign=internal?utm_source=blog_ivivu&amp;utm_medium=post_link&amp;utm_campaign=internal?utm_source=blog_ivivu&amp;utm_medium=post_link&amp;utm_campaign=internal?utm_source=blog_ivivu&amp;utm_medium=post_link&amp;utm_campaign=internal?utm_source=blog_ivivu&amp;utm_medium=post_link&amp;utm_campaign=internal?utm_source=blog_ivivu&amp;utm_medium=post_link&amp;utm_campaign=internal?utm_source=blog_ivivu&amp;utm_medium=post_link&amp;utm_campaign=internal?utm_source=blog_ivivu&amp;utm_medium=post_link&amp;utm_campaign=internal?utm_source=blog_ivivu&amp;utm_medium=post_link&amp;utm_campaign=internal?utm_source=blog_ivivu&amp;utm_medium=post_link&amp;utm_campaign=internal\" target=\"_blank\">Kh\u00e1ch s\u1ea1n kh\u1eafp Vi\u1ec7t Nam v\u00e0 to\u00e0n th\u1ebf gi\u1edbi<\/a> gi\u00e1 t\u1ed1t nh\u1ea5t ch\u1ec9 c\u00f3 t\u1ea1i iVIVU.com<\/div><\/h3>\n<p>***<\/p>\n<p><strong>Tham kh\u1ea3o:\u00a0<a href=\"https:\/\/www.ivivu.com\/blog\/\" target=\"_blank\">C\u1ea9m nang du l\u1ecbch iVIVU.com<\/a><\/strong><\/p>\n","protected":false},"excerpt":{"rendered":"<p>Sagrada Familia l\u00e0 c\u00f4ng tr\u00ecnh m\u00e0 ki\u1ebfn tr\u00fac s\u01b0 v\u0129 \u0111\u1ea1i b\u1eadc nh\u1ea5t T\u00e2y Ban Nha \u0111\u00e3 v\u1eaft ki\u1ec7t t\u00e2m huy\u1ebft, s\u1ef1 s\u00e1ng t\u1ea1o v\u00e0 s\u1ee9c l\u1ef1c trong 42 n\u0103m.<\/p>\n","protected":false},"author":38,"featured_media":216631,"comment_status":"closed","ping_status":"open","sticky":false,"template":"","format":"standard","meta":{"_acf_changed":false,"footnotes":""},"categories":[247,231,795,14742],"tags":[3660,22410,28741,28659,1926],"acf":[],"yoast_head":"<!-- This site is optimized with the Yoast SEO Premium plugin v22.6 (Yoast SEO v22.6) - https:\/\/yoast.com\/wordpress\/plugins\/seo\/ -->\n<title>Nh\u00e0 th\u1edd Sagrada Familia - ki\u1ec7t t\u00e1c c\u1ee7a k\u1ebb \u0111i\u00ean hay thi\u00ean t\u00e0i - iVIVU.com<\/title>\n<meta name=\"description\" content=\"Nh\u00e0 th\u1edd Sagrada Familia l\u00e0 c\u00f4ng tr\u00ecnh m\u00e0 ki\u1ebfn tr\u00fac s\u01b0 v\u0129 \u0111\u1ea1i b\u1eadc nh\u1ea5t T\u00e2y Ban Nha \u0111\u00e3 v\u1eaft ki\u1ec7t t\u00e2m huy\u1ebft, s\u1ef1 s\u00e1ng t\u1ea1o v\u00e0 s\u1ee9c l\u1ef1c trong 42 n\u0103m.\" \/>\n<meta name=\"robots\" content=\"index, follow, max-snippet:-1, max-image-preview:large, max-video-preview:-1\" \/>\n<link rel=\"canonical\" href=\"https:\/\/www.ivivu.com\/blog\/2017\/07\/nha-tho-sagrada-familia-kiet-tac-cua-ke-dien-hay-thien-tai\/\" \/>\n<meta name=\"twitter:label1\" content=\"\u0110\u01b0\u1ee3c vi\u1ebft b\u1edfi\" \/>\n\t<meta name=\"twitter:data1\" content=\"Ng\u00e2n Thi\u1ec1u Kim\" \/>\n\t<meta name=\"twitter:label2\" content=\"\u01af\u1edbc t\u00ednh th\u1eddi gian \u0111\u1ecdc\" \/>\n\t<meta name=\"twitter:data2\" content=\"7 ph\u00fat\" \/>\n<script type=\"application\/ld+json\" class=\"yoast-schema-graph\">{\"@context\":\"https:\/\/schema.org\",\"@graph\":[{\"@type\":\"Article\",\"@id\":\"https:\/\/www.ivivu.com\/blog\/2017\/07\/nha-tho-sagrada-familia-kiet-tac-cua-ke-dien-hay-thien-tai\/#article\",\"isPartOf\":{\"@id\":\"https:\/\/www.ivivu.com\/blog\/2017\/07\/nha-tho-sagrada-familia-kiet-tac-cua-ke-dien-hay-thien-tai\/\"},\"author\":{\"name\":\"Ng\u00e2n Thi\u1ec1u Kim\",\"@id\":\"https:\/\/www.ivivu.com\/blog\/#\/schema\/person\/f6e706f46fad4e85f2e1c3ec41136369\"},\"headline\":\"Nh\u00e0 th\u1edd Sagrada Familia &#8211; ki\u1ec7t t\u00e1c c\u1ee7a k\u1ebb \u0111i\u00ean hay thi\u00ean t\u00e0i?\",\"datePublished\":\"2017-07-15T07:00:19+00:00\",\"dateModified\":\"2017-07-14T08:55:51+00:00\",\"mainEntityOfPage\":{\"@id\":\"https:\/\/www.ivivu.com\/blog\/2017\/07\/nha-tho-sagrada-familia-kiet-tac-cua-ke-dien-hay-thien-tai\/\"},\"wordCount\":1328,\"publisher\":{\"@id\":\"https:\/\/www.ivivu.com\/blog\/#organization\"},\"image\":{\"@id\":\"https:\/\/www.ivivu.com\/blog\/2017\/07\/nha-tho-sagrada-familia-kiet-tac-cua-ke-dien-hay-thien-tai\/#primaryimage\"},\"thumbnailUrl\":\"https:\/\/cdn3.ivivu.com\/2017\/07\/nha-tho-sagrada-familia-kiet-tac-cua-ke-dien-hay-thien-tai-ivivu-2.jpg\",\"keywords\":[\"du l\u1ecbch T\u00e2y Ban Nha\",\"\u0111i\u1ec3m \u0111\u1ebfn T\u00e2y Ban Nha\",\"kinh nghi\u1ec7m du l\u1ecbch T\u00e2y Ban Nha\",\"Nh\u00e0 th\u1edd Sagrada Familia\",\"T\u00e2y Ban Nha\"],\"articleSection\":[\"Ch\u00e2u \u00c2u\",\"DU L\u1ecaCH TH\u1ebe GI\u1edaI\",\"\u0110i\u1ec3m \u0111\u1ebfn\",\"N\u1ed5i B\u1eadt 2\"],\"inLanguage\":\"vi\"},{\"@type\":\"WebPage\",\"@id\":\"https:\/\/www.ivivu.com\/blog\/2017\/07\/nha-tho-sagrada-familia-kiet-tac-cua-ke-dien-hay-thien-tai\/\",\"url\":\"https:\/\/www.ivivu.com\/blog\/2017\/07\/nha-tho-sagrada-familia-kiet-tac-cua-ke-dien-hay-thien-tai\/\",\"name\":\"Nh\u00e0 th\u1edd Sagrada Familia - ki\u1ec7t t\u00e1c c\u1ee7a k\u1ebb \u0111i\u00ean hay thi\u00ean t\u00e0i - iVIVU.com\",\"isPartOf\":{\"@id\":\"https:\/\/www.ivivu.com\/blog\/#website\"},\"primaryImageOfPage\":{\"@id\":\"https:\/\/www.ivivu.com\/blog\/2017\/07\/nha-tho-sagrada-familia-kiet-tac-cua-ke-dien-hay-thien-tai\/#primaryimage\"},\"image\":{\"@id\":\"https:\/\/www.ivivu.com\/blog\/2017\/07\/nha-tho-sagrada-familia-kiet-tac-cua-ke-dien-hay-thien-tai\/#primaryimage\"},\"thumbnailUrl\":\"https:\/\/cdn3.ivivu.com\/2017\/07\/nha-tho-sagrada-familia-kiet-tac-cua-ke-dien-hay-thien-tai-ivivu-2.jpg\",\"datePublished\":\"2017-07-15T07:00:19+00:00\",\"dateModified\":\"2017-07-14T08:55:51+00:00\",\"description\":\"Nh\u00e0 th\u1edd Sagrada Familia l\u00e0 c\u00f4ng tr\u00ecnh m\u00e0 ki\u1ebfn tr\u00fac s\u01b0 v\u0129 \u0111\u1ea1i b\u1eadc nh\u1ea5t T\u00e2y Ban Nha \u0111\u00e3 v\u1eaft ki\u1ec7t t\u00e2m huy\u1ebft, s\u1ef1 s\u00e1ng t\u1ea1o v\u00e0 s\u1ee9c l\u1ef1c trong 42 n\u0103m.\",\"breadcrumb\":{\"@id\":\"https:\/\/www.ivivu.com\/blog\/2017\/07\/nha-tho-sagrada-familia-kiet-tac-cua-ke-dien-hay-thien-tai\/#breadcrumb\"},\"inLanguage\":\"vi\",\"potentialAction\":[{\"@type\":\"ReadAction\",\"target\":[\"https:\/\/www.ivivu.com\/blog\/2017\/07\/nha-tho-sagrada-familia-kiet-tac-cua-ke-dien-hay-thien-tai\/\"]}]},{\"@type\":\"ImageObject\",\"inLanguage\":\"vi\",\"@id\":\"https:\/\/www.ivivu.com\/blog\/2017\/07\/nha-tho-sagrada-familia-kiet-tac-cua-ke-dien-hay-thien-tai\/#primaryimage\",\"url\":\"https:\/\/cdn3.ivivu.com\/2017\/07\/nha-tho-sagrada-familia-kiet-tac-cua-ke-dien-hay-thien-tai-ivivu-2.jpg\",\"contentUrl\":\"https:\/\/cdn3.ivivu.com\/2017\/07\/nha-tho-sagrada-familia-kiet-tac-cua-ke-dien-hay-thien-tai-ivivu-2.jpg\",\"width\":680,\"height\":453},{\"@type\":\"BreadcrumbList\",\"@id\":\"https:\/\/www.ivivu.com\/blog\/2017\/07\/nha-tho-sagrada-familia-kiet-tac-cua-ke-dien-hay-thien-tai\/#breadcrumb\",\"itemListElement\":[{\"@type\":\"ListItem\",\"position\":1,\"name\":\"Home\",\"item\":\"https:\/\/www.ivivu.com\/blog\/\"},{\"@type\":\"ListItem\",\"position\":2,\"name\":\"Nh\u00e0 th\u1edd Sagrada Familia &#8211; ki\u1ec7t t\u00e1c c\u1ee7a k\u1ebb \u0111i\u00ean hay thi\u00ean t\u00e0i?\"}]},{\"@type\":\"WebSite\",\"@id\":\"https:\/\/www.ivivu.com\/blog\/#website\",\"url\":\"https:\/\/www.ivivu.com\/blog\/\",\"name\":\"C\u1ea9m nang du l\u1ecbch\",\"description\":\"\",\"publisher\":{\"@id\":\"https:\/\/www.ivivu.com\/blog\/#organization\"},\"potentialAction\":[{\"@type\":\"SearchAction\",\"target\":{\"@type\":\"EntryPoint\",\"urlTemplate\":\"https:\/\/www.ivivu.com\/blog\/?s={search_term_string}\"},\"query-input\":\"required name=search_term_string\"}],\"inLanguage\":\"vi\"},{\"@type\":\"Organization\",\"@id\":\"https:\/\/www.ivivu.com\/blog\/#organization\",\"name\":\"iVIVU.com\",\"url\":\"https:\/\/www.ivivu.com\/blog\/\",\"logo\":{\"@type\":\"ImageObject\",\"inLanguage\":\"vi\",\"@id\":\"https:\/\/www.ivivu.com\/blog\/#\/schema\/logo\/image\/\",\"url\":\"https:\/\/cdn3.ivivu.com\/2024\/01\/ivivu_no_slogan.png\",\"contentUrl\":\"https:\/\/cdn3.ivivu.com\/2024\/01\/ivivu_no_slogan.png\",\"width\":788,\"height\":565,\"caption\":\"iVIVU.com\"},\"image\":{\"@id\":\"https:\/\/www.ivivu.com\/blog\/#\/schema\/logo\/image\/\"},\"sameAs\":[\"https:\/\/www.facebook.com\/iVIVU\"]},{\"@type\":\"Person\",\"@id\":\"https:\/\/www.ivivu.com\/blog\/#\/schema\/person\/f6e706f46fad4e85f2e1c3ec41136369\",\"name\":\"Ng\u00e2n Thi\u1ec1u Kim\",\"sameAs\":[\"https:\/\/www.ivivu.com\/blog\/\"],\"url\":\"https:\/\/www.ivivu.com\/blog\/author\/ngan-thieu\/\"}]}<\/script>\n<!-- \/ Yoast SEO Premium plugin. -->","yoast_head_json":{"title":"Nh\u00e0 th\u1edd Sagrada Familia - ki\u1ec7t t\u00e1c c\u1ee7a k\u1ebb \u0111i\u00ean hay thi\u00ean t\u00e0i - iVIVU.com","description":"Nh\u00e0 th\u1edd Sagrada Familia l\u00e0 c\u00f4ng tr\u00ecnh m\u00e0 ki\u1ebfn tr\u00fac s\u01b0 v\u0129 \u0111\u1ea1i b\u1eadc nh\u1ea5t T\u00e2y Ban Nha \u0111\u00e3 v\u1eaft ki\u1ec7t t\u00e2m huy\u1ebft, s\u1ef1 s\u00e1ng t\u1ea1o v\u00e0 s\u1ee9c l\u1ef1c trong 42 n\u0103m.","robots":{"index":"index","follow":"follow","max-snippet":"max-snippet:-1","max-image-preview":"max-image-preview:large","max-video-preview":"max-video-preview:-1"},"canonical":"https:\/\/www.ivivu.com\/blog\/2017\/07\/nha-tho-sagrada-familia-kiet-tac-cua-ke-dien-hay-thien-tai\/","twitter_misc":{"\u0110\u01b0\u1ee3c vi\u1ebft b\u1edfi":"Ng\u00e2n Thi\u1ec1u Kim","\u01af\u1edbc t\u00ednh th\u1eddi gian \u0111\u1ecdc":"7 ph\u00fat"},"schema":{"@context":"https:\/\/schema.org","@graph":[{"@type":"Article","@id":"https:\/\/www.ivivu.com\/blog\/2017\/07\/nha-tho-sagrada-familia-kiet-tac-cua-ke-dien-hay-thien-tai\/#article","isPartOf":{"@id":"https:\/\/www.ivivu.com\/blog\/2017\/07\/nha-tho-sagrada-familia-kiet-tac-cua-ke-dien-hay-thien-tai\/"},"author":{"name":"Ng\u00e2n Thi\u1ec1u Kim","@id":"https:\/\/www.ivivu.com\/blog\/#\/schema\/person\/f6e706f46fad4e85f2e1c3ec41136369"},"headline":"Nh\u00e0 th\u1edd Sagrada Familia &#8211; ki\u1ec7t t\u00e1c c\u1ee7a k\u1ebb \u0111i\u00ean hay thi\u00ean t\u00e0i?","datePublished":"2017-07-15T07:00:19+00:00","dateModified":"2017-07-14T08:55:51+00:00","mainEntityOfPage":{"@id":"https:\/\/www.ivivu.com\/blog\/2017\/07\/nha-tho-sagrada-familia-kiet-tac-cua-ke-dien-hay-thien-tai\/"},"wordCount":1328,"publisher":{"@id":"https:\/\/www.ivivu.com\/blog\/#organization"},"image":{"@id":"https:\/\/www.ivivu.com\/blog\/2017\/07\/nha-tho-sagrada-familia-kiet-tac-cua-ke-dien-hay-thien-tai\/#primaryimage"},"thumbnailUrl":"https:\/\/cdn3.ivivu.com\/2017\/07\/nha-tho-sagrada-familia-kiet-tac-cua-ke-dien-hay-thien-tai-ivivu-2.jpg","keywords":["du l\u1ecbch T\u00e2y Ban Nha","\u0111i\u1ec3m \u0111\u1ebfn T\u00e2y Ban Nha","kinh nghi\u1ec7m du l\u1ecbch T\u00e2y Ban Nha","Nh\u00e0 th\u1edd Sagrada Familia","T\u00e2y Ban Nha"],"articleSection":["Ch\u00e2u \u00c2u","DU L\u1ecaCH TH\u1ebe GI\u1edaI","\u0110i\u1ec3m \u0111\u1ebfn","N\u1ed5i B\u1eadt 2"],"inLanguage":"vi"},{"@type":"WebPage","@id":"https:\/\/www.ivivu.com\/blog\/2017\/07\/nha-tho-sagrada-familia-kiet-tac-cua-ke-dien-hay-thien-tai\/","url":"https:\/\/www.ivivu.com\/blog\/2017\/07\/nha-tho-sagrada-familia-kiet-tac-cua-ke-dien-hay-thien-tai\/","name":"Nh\u00e0 th\u1edd Sagrada Familia - ki\u1ec7t t\u00e1c c\u1ee7a k\u1ebb \u0111i\u00ean hay thi\u00ean t\u00e0i - iVIVU.com","isPartOf":{"@id":"https:\/\/www.ivivu.com\/blog\/#website"},"primaryImageOfPage":{"@id":"https:\/\/www.ivivu.com\/blog\/2017\/07\/nha-tho-sagrada-familia-kiet-tac-cua-ke-dien-hay-thien-tai\/#primaryimage"},"image":{"@id":"https:\/\/www.ivivu.com\/blog\/2017\/07\/nha-tho-sagrada-familia-kiet-tac-cua-ke-dien-hay-thien-tai\/#primaryimage"},"thumbnailUrl":"https:\/\/cdn3.ivivu.com\/2017\/07\/nha-tho-sagrada-familia-kiet-tac-cua-ke-dien-hay-thien-tai-ivivu-2.jpg","datePublished":"2017-07-15T07:00:19+00:00","dateModified":"2017-07-14T08:55:51+00:00","description":"Nh\u00e0 th\u1edd Sagrada Familia l\u00e0 c\u00f4ng tr\u00ecnh m\u00e0 ki\u1ebfn tr\u00fac s\u01b0 v\u0129 \u0111\u1ea1i b\u1eadc nh\u1ea5t T\u00e2y Ban Nha \u0111\u00e3 v\u1eaft ki\u1ec7t t\u00e2m huy\u1ebft, s\u1ef1 s\u00e1ng t\u1ea1o v\u00e0 s\u1ee9c l\u1ef1c trong 42 n\u0103m.","breadcrumb":{"@id":"https:\/\/www.ivivu.com\/blog\/2017\/07\/nha-tho-sagrada-familia-kiet-tac-cua-ke-dien-hay-thien-tai\/#breadcrumb"},"inLanguage":"vi","potentialAction":[{"@type":"ReadAction","target":["https:\/\/www.ivivu.com\/blog\/2017\/07\/nha-tho-sagrada-familia-kiet-tac-cua-ke-dien-hay-thien-tai\/"]}]},{"@type":"ImageObject","inLanguage":"vi","@id":"https:\/\/www.ivivu.com\/blog\/2017\/07\/nha-tho-sagrada-familia-kiet-tac-cua-ke-dien-hay-thien-tai\/#primaryimage","url":"https:\/\/cdn3.ivivu.com\/2017\/07\/nha-tho-sagrada-familia-kiet-tac-cua-ke-dien-hay-thien-tai-ivivu-2.jpg","contentUrl":"https:\/\/cdn3.ivivu.com\/2017\/07\/nha-tho-sagrada-familia-kiet-tac-cua-ke-dien-hay-thien-tai-ivivu-2.jpg","width":680,"height":453},{"@type":"BreadcrumbList","@id":"https:\/\/www.ivivu.com\/blog\/2017\/07\/nha-tho-sagrada-familia-kiet-tac-cua-ke-dien-hay-thien-tai\/#breadcrumb","itemListElement":[{"@type":"ListItem","position":1,"name":"Home","item":"https:\/\/www.ivivu.com\/blog\/"},{"@type":"ListItem","position":2,"name":"Nh\u00e0 th\u1edd Sagrada Familia &#8211; ki\u1ec7t t\u00e1c c\u1ee7a k\u1ebb \u0111i\u00ean hay thi\u00ean t\u00e0i?"}]},{"@type":"WebSite","@id":"https:\/\/www.ivivu.com\/blog\/#website","url":"https:\/\/www.ivivu.com\/blog\/","name":"C\u1ea9m nang du l\u1ecbch","description":"","publisher":{"@id":"https:\/\/www.ivivu.com\/blog\/#organization"},"potentialAction":[{"@type":"SearchAction","target":{"@type":"EntryPoint","urlTemplate":"https:\/\/www.ivivu.com\/blog\/?s={search_term_string}"},"query-input":"required name=search_term_string"}],"inLanguage":"vi"},{"@type":"Organization","@id":"https:\/\/www.ivivu.com\/blog\/#organization","name":"iVIVU.com","url":"https:\/\/www.ivivu.com\/blog\/","logo":{"@type":"ImageObject","inLanguage":"vi","@id":"https:\/\/www.ivivu.com\/blog\/#\/schema\/logo\/image\/","url":"https:\/\/cdn3.ivivu.com\/2024\/01\/ivivu_no_slogan.png","contentUrl":"https:\/\/cdn3.ivivu.com\/2024\/01\/ivivu_no_slogan.png","width":788,"height":565,"caption":"iVIVU.com"},"image":{"@id":"https:\/\/www.ivivu.com\/blog\/#\/schema\/logo\/image\/"},"sameAs":["https:\/\/www.facebook.com\/iVIVU"]},{"@type":"Person","@id":"https:\/\/www.ivivu.com\/blog\/#\/schema\/person\/f6e706f46fad4e85f2e1c3ec41136369","name":"Ng\u00e2n Thi\u1ec1u Kim","sameAs":["https:\/\/www.ivivu.com\/blog\/"],"url":"https:\/\/www.ivivu.com\/blog\/author\/ngan-thieu\/"}]}},"_links":{"self":[{"href":"https:\/\/www.ivivu.com\/blog\/wp-json\/wp\/v2\/posts\/216671"}],"collection":[{"href":"https:\/\/www.ivivu.com\/blog\/wp-json\/wp\/v2\/posts"}],"about":[{"href":"https:\/\/www.ivivu.com\/blog\/wp-json\/wp\/v2\/types\/post"}],"author":[{"embeddable":true,"href":"https:\/\/www.ivivu.com\/blog\/wp-json\/wp\/v2\/users\/38"}],"replies":[{"embeddable":true,"href":"https:\/\/www.ivivu.com\/blog\/wp-json\/wp\/v2\/comments?post=216671"}],"version-history":[{"count":6,"href":"https:\/\/www.ivivu.com\/blog\/wp-json\/wp\/v2\/posts\/216671\/revisions"}],"predecessor-version":[{"id":217615,"href":"https:\/\/www.ivivu.com\/blog\/wp-json\/wp\/v2\/posts\/216671\/revisions\/217615"}],"wp:featuredmedia":[{"embeddable":true,"href":"https:\/\/www.ivivu.com\/blog\/wp-json\/wp\/v2\/media\/216631"}],"wp:attachment":[{"href":"https:\/\/www.ivivu.com\/blog\/wp-json\/wp\/v2\/media?parent=216671"}],"wp:term":[{"taxonomy":"category","embeddable":true,"href":"https:\/\/www.ivivu.com\/blog\/wp-json\/wp\/v2\/categories?post=216671"},{"taxonomy":"post_tag","embeddable":true,"href":"https:\/\/www.ivivu.com\/blog\/wp-json\/wp\/v2\/tags?post=216671"}],"curies":[{"name":"wp","href":"https:\/\/api.w.org\/{rel}","templated":true}]}}