{"id":216677,"date":"2017-07-10T09:18:20","date_gmt":"2017-07-10T02:18:20","guid":{"rendered":"https:\/\/www.ivivu.com\/blog\/?p=216677"},"modified":"2017-07-10T09:18:20","modified_gmt":"2017-07-10T02:18:20","slug":"den-bhutan-tim-phan-con-lai-cua-thien-duong","status":"publish","type":"post","link":"https:\/\/www.ivivu.com\/blog\/2017\/07\/den-bhutan-tim-phan-con-lai-cua-thien-duong\/","title":{"rendered":"\u0110\u1ebfn Bhutan t\u00ecm ph\u1ea7n c\u00f2n l\u1ea1i c\u1ee7a thi\u00ean \u0111\u01b0\u1eddng"},"content":{"rendered":"<p style=\"text-align: justify;\"><strong><em>&#8220;Bhutan kh\u00f4ng ph\u1ea3i l\u00e0 thi\u00ean \u0111\u01b0\u1eddng, song l\u00e0 ph\u1ea7n c\u00f2n l\u1ea1i c\u1ee7a thi\u00ean \u0111\u01b0\u1eddng&#8221;, MC Phan Anh chia s\u1ebb sau 2 chuy\u1ebfn \u0111i tr\u1ea3i nghi\u1ec7m \u1edf <a href=\"https:\/\/www.ivivu.com\/blog\/category\/the-gioi\/du-lich-chau-a\/du-lich-bhutan\/\" target=\"_blank\">Bhutan<\/a>.<\/em><\/strong><!--more--><\/p>\n<p><strong><div class=\"ltt-contentbox white\"><\/span>Xem th\u00eam:\u00a0<a href=\"https:\/\/www.ivivu.com\/blog\/category\/the-gioi\/du-lich-chau-a\/du-lich-bhutan\/\" target=\"_blank\">Du l\u1ecbch Bhutan<\/a><\/div><\/strong><\/p>\n<h2>\u0110\u1ebfn du l\u1ecbch Bhutan t\u00ecm ph\u1ea7n c\u00f2n l\u1ea1i c\u1ee7a thi\u00ean \u0111\u01b0\u1eddng<\/h2>\n<div id=\"attachment_216604\" style=\"width: 1034px\" class=\"wp-caption aligncenter\"><img loading=\"lazy\" decoding=\"async\" aria-describedby=\"caption-attachment-216604\" class=\"wp-image-216604 size-full\" title=\"Cu\u1ed9c h\u1ecdp m\u1eb7t v\u1edbi ch\u1ee7 \u0111\u1ec1 &quot;Tr\u1ea3i nghi\u1ec7m h\u1ea1nh ph\u00fac \u1edf V\u01b0\u01a1ng qu\u1ed1c Ph\u1eadt gi\u00e1o Bhutan&quot; di\u1ec5n ra t\u1ea1i TP.HCM c\u00f3 s\u1ef1 tham d\u1ef1 c\u1ee7a MC Phan Anh v\u00e0 nh\u00e0 thi\u1ebft k\u1ebf Hu\u1ec7 H\u1eefu. Hai nh\u00e2n v\u1eadt \u0111\u00e3 chia s\u1ebb cho h\u01a1n 100 v\u1ecb kh\u00e1ch m\u1eddi mu\u1ed1n m\u1ed9t l\u1ea7n \u0111\u1eb7t ch\u00e2n \u0111\u1ebfn \u0111\u1ea5t Ph\u1eadt nh\u01b0ng ch\u01b0a c\u00f3 c\u01a1 h\u1ed9i tr\u1ea3i nghi\u1ec7m. \u1ea2nh: B\u1ebfn Th\u00e0nh Tourist.\" src=\"https:\/\/cdn3.ivivu.com\/2017\/07\/den-bhutan-tim-phan-con-lai-cua-thien-duong-ivivu-1.jpg\" alt=\"Cu\u1ed9c h\u1ecdp m\u1eb7t v\u1edbi ch\u1ee7 \u0111\u1ec1 &quot;Tr\u1ea3i nghi\u1ec7m h\u1ea1nh ph\u00fac \u1edf V\u01b0\u01a1ng qu\u1ed1c Ph\u1eadt gi\u00e1o Bhutan&quot; di\u1ec5n ra t\u1ea1i TP.HCM c\u00f3 s\u1ef1 tham d\u1ef1 c\u1ee7a MC Phan Anh v\u00e0 nh\u00e0 thi\u1ebft k\u1ebf Hu\u1ec7 H\u1eefu. Hai nh\u00e2n v\u1eadt \u0111\u00e3 chia s\u1ebb cho h\u01a1n 100 v\u1ecb kh\u00e1ch m\u1eddi mu\u1ed1n m\u1ed9t l\u1ea7n \u0111\u1eb7t ch\u00e2n \u0111\u1ebfn \u0111\u1ea5t Ph\u1eadt nh\u01b0ng ch\u01b0a c\u00f3 c\u01a1 h\u1ed9i tr\u1ea3i nghi\u1ec7m. \u1ea2nh: B\u1ebfn Th\u00e0nh Tourist.\" width=\"1024\" height=\"662\" srcset=\"https:\/\/cdn3.ivivu.com\/2017\/07\/den-bhutan-tim-phan-con-lai-cua-thien-duong-ivivu-1.jpg 1024w, https:\/\/cdn3.ivivu.com\/2017\/07\/den-bhutan-tim-phan-con-lai-cua-thien-duong-ivivu-1-472x305.jpg 472w\" sizes=\"(max-width: 1024px) 100vw, 1024px\" \/><p id=\"caption-attachment-216604\" class=\"wp-caption-text\">Cu\u1ed9c h\u1ecdp m\u1eb7t v\u1edbi ch\u1ee7 \u0111\u1ec1 &#8220;Tr\u1ea3i nghi\u1ec7m h\u1ea1nh ph\u00fac \u1edf V\u01b0\u01a1ng qu\u1ed1c Ph\u1eadt gi\u00e1o Bhutan&#8221; di\u1ec5n ra t\u1ea1i TP.HCM c\u00f3 s\u1ef1 tham d\u1ef1 c\u1ee7a MC Phan Anh v\u00e0 nh\u00e0 thi\u1ebft k\u1ebf Hu\u1ec7 H\u1eefu. Hai nh\u00e2n v\u1eadt \u0111\u00e3 chia s\u1ebb cho h\u01a1n 100 v\u1ecb kh\u00e1ch m\u1eddi mu\u1ed1n m\u1ed9t l\u1ea7n \u0111\u1eb7t ch\u00e2n \u0111\u1ebfn \u0111\u1ea5t Ph\u1eadt nh\u01b0ng ch\u01b0a c\u00f3 c\u01a1 h\u1ed9i tr\u1ea3i nghi\u1ec7m.<\/p><\/div>\n<div id=\"attachment_216605\" style=\"width: 1034px\" class=\"wp-caption aligncenter\"><img loading=\"lazy\" decoding=\"async\" aria-describedby=\"caption-attachment-216605\" class=\"wp-image-216605 size-full\" title=\"\u0110\u1ea5t n\u01b0\u1edbc Bhutan \u0111\u01b0\u1ee3c v\u00ed nh\u01b0 chi\u1ebfc x\u00fac x\u00edch k\u1eb9p gi\u1eefa hai \u00f4ng l\u1edbn \u1ea4n \u0110\u1ed9 v\u00e0 Trung Qu\u1ed1c. Qu\u1ed1c gia nh\u1ecf b\u00e9 n\u1eb1m b\u00ean tri\u1ec1n n\u00f3c nh\u00e0 th\u1ebf gi\u1edbi, \u0111\u01b0\u1ee3c xem l\u00e0 thi\u00ean \u0111\u01b0\u1eddng cho nh\u1eefng ai mu\u1ed1n tr\u1ed1n ch\u1ea1y nh\u1eefng x\u00f4 b\u1ed3, \u1ed3n \u00e0o.\" src=\"https:\/\/cdn3.ivivu.com\/2017\/07\/den-bhutan-tim-phan-con-lai-cua-thien-duong-ivivu-2.jpg\" alt=\"\u0110\u1ea5t n\u01b0\u1edbc Bhutan \u0111\u01b0\u1ee3c v\u00ed nh\u01b0 chi\u1ebfc x\u00fac x\u00edch k\u1eb9p gi\u1eefa hai \u00f4ng l\u1edbn \u1ea4n \u0110\u1ed9 v\u00e0 Trung Qu\u1ed1c. Qu\u1ed1c gia nh\u1ecf b\u00e9 n\u1eb1m b\u00ean tri\u1ec1n n\u00f3c nh\u00e0 th\u1ebf gi\u1edbi, \u0111\u01b0\u1ee3c xem l\u00e0 thi\u00ean \u0111\u01b0\u1eddng cho nh\u1eefng ai mu\u1ed1n tr\u1ed1n ch\u1ea1y nh\u1eefng x\u00f4 b\u1ed3, \u1ed3n \u00e0o.\" width=\"1024\" height=\"693\" srcset=\"https:\/\/cdn3.ivivu.com\/2017\/07\/den-bhutan-tim-phan-con-lai-cua-thien-duong-ivivu-2.jpg 1024w, https:\/\/cdn3.ivivu.com\/2017\/07\/den-bhutan-tim-phan-con-lai-cua-thien-duong-ivivu-2-451x305.jpg 451w, https:\/\/cdn3.ivivu.com\/2017\/07\/den-bhutan-tim-phan-con-lai-cua-thien-duong-ivivu-2-50x35.jpg 50w\" sizes=\"(max-width: 1024px) 100vw, 1024px\" \/><p id=\"caption-attachment-216605\" class=\"wp-caption-text\">\u0110\u1ea5t n\u01b0\u1edbc Bhutan \u0111\u01b0\u1ee3c v\u00ed nh\u01b0 chi\u1ebfc x\u00fac x\u00edch k\u1eb9p gi\u1eefa hai \u00f4ng l\u1edbn \u1ea4n \u0110\u1ed9 v\u00e0 Trung Qu\u1ed1c. Qu\u1ed1c gia nh\u1ecf b\u00e9 n\u1eb1m b\u00ean tri\u1ec1n n\u00f3c nh\u00e0 th\u1ebf gi\u1edbi, \u0111\u01b0\u1ee3c xem l\u00e0 thi\u00ean \u0111\u01b0\u1eddng cho nh\u1eefng ai mu\u1ed1n tr\u1ed1n ch\u1ea1y nh\u1eefng x\u00f4 b\u1ed3, \u1ed3n \u00e0o.<\/p><\/div>\n<div id=\"attachment_216606\" style=\"width: 1034px\" class=\"wp-caption aligncenter\"><img loading=\"lazy\" decoding=\"async\" aria-describedby=\"caption-attachment-216606\" class=\"wp-image-216606 size-full\" title=\"\u0110\u00e2y c\u0169ng l\u00e0 \u0111i\u1ec3m \u0111\u1ebfn cho h\u00e0ng tri\u1ec7u t\u00edn \u0111\u1ed3 h\u00e0nh h\u01b0\u01a1ng, t\u00ecm ki\u1ebfm h\u1ea1nh ph\u00fac, b\u00ecnh an.\" src=\"https:\/\/cdn3.ivivu.com\/2017\/07\/den-bhutan-tim-phan-con-lai-cua-thien-duong-ivivu-3.jpg\" alt=\"\u0110\u00e2y c\u0169ng l\u00e0 \u0111i\u1ec3m \u0111\u1ebfn cho h\u00e0ng tri\u1ec7u t\u00edn \u0111\u1ed3 h\u00e0nh h\u01b0\u01a1ng, t\u00ecm ki\u1ebfm h\u1ea1nh ph\u00fac, b\u00ecnh an.\" width=\"1024\" height=\"683\" srcset=\"https:\/\/cdn3.ivivu.com\/2017\/07\/den-bhutan-tim-phan-con-lai-cua-thien-duong-ivivu-3.jpg 1024w, https:\/\/cdn3.ivivu.com\/2017\/07\/den-bhutan-tim-phan-con-lai-cua-thien-duong-ivivu-3-457x305.jpg 457w\" sizes=\"(max-width: 1024px) 100vw, 1024px\" \/><p id=\"caption-attachment-216606\" class=\"wp-caption-text\">\u0110\u00e2y c\u0169ng l\u00e0 \u0111i\u1ec3m \u0111\u1ebfn cho h\u00e0ng tri\u1ec7u t\u00edn \u0111\u1ed3 h\u00e0nh h\u01b0\u01a1ng, t\u00ecm ki\u1ebfm h\u1ea1nh ph\u00fac, b\u00ecnh an.<\/p><\/div>\n<div id=\"attachment_216607\" style=\"width: 1034px\" class=\"wp-caption aligncenter\"><img loading=\"lazy\" decoding=\"async\" aria-describedby=\"caption-attachment-216607\" class=\"wp-image-216607 size-full\" title=\"MC Phan Anh v\u1eabn c\u00f2n l\u00e2ng l\u00e2ng c\u1ea3m x\u00fac sau chuy\u1ebfn \u0111i. Kh\u00f4ng c\u00f2n c\u1ea3m gi\u00e1c ph\u1ea5n kh\u00edch nh\u01b0 l\u1ea7n \u0111\u1ea7u ch\u1ea1m v\u00e0o Tiger\u2019s Nest, g\u1eb7p g\u1ee1 nh\u1eefng nh\u00e2n v\u1eadt t\u00f4n qu\u00fd, anh th\u1ea5y m\u00ecnh t\u00ecm th\u1ea5y s\u1ef1 b\u00ecnh an t\u1eeb ch\u00ednh b\u00ean trong t\u00e2m h\u1ed3n, nh\u01b0 th\u1ec3 \u0111\u01b0\u1ee3c h\u1ea5p th\u1ee5 nh\u1eefng c\u1ea3m x\u00fac t\u00edch c\u1ef1c.\" src=\"https:\/\/cdn3.ivivu.com\/2017\/07\/den-bhutan-tim-phan-con-lai-cua-thien-duong-ivivu-4.jpg\" alt=\"MC Phan Anh v\u1eabn c\u00f2n l\u00e2ng l\u00e2ng c\u1ea3m x\u00fac sau chuy\u1ebfn \u0111i. Kh\u00f4ng c\u00f2n c\u1ea3m gi\u00e1c ph\u1ea5n kh\u00edch nh\u01b0 l\u1ea7n \u0111\u1ea7u ch\u1ea1m v\u00e0o Tiger\u2019s Nest, g\u1eb7p g\u1ee1 nh\u1eefng nh\u00e2n v\u1eadt t\u00f4n qu\u00fd, anh th\u1ea5y m\u00ecnh t\u00ecm th\u1ea5y s\u1ef1 b\u00ecnh an t\u1eeb ch\u00ednh b\u00ean trong t\u00e2m h\u1ed3n, nh\u01b0 th\u1ec3 \u0111\u01b0\u1ee3c h\u1ea5p th\u1ee5 nh\u1eefng c\u1ea3m x\u00fac t\u00edch c\u1ef1c.\" width=\"1024\" height=\"1292\" srcset=\"https:\/\/cdn3.ivivu.com\/2017\/07\/den-bhutan-tim-phan-con-lai-cua-thien-duong-ivivu-4.jpg 1024w, https:\/\/cdn3.ivivu.com\/2017\/07\/den-bhutan-tim-phan-con-lai-cua-thien-duong-ivivu-4-242x305.jpg 242w, https:\/\/cdn3.ivivu.com\/2017\/07\/den-bhutan-tim-phan-con-lai-cua-thien-duong-ivivu-4-812x1024.jpg 812w\" sizes=\"(max-width: 1024px) 100vw, 1024px\" \/><p id=\"caption-attachment-216607\" class=\"wp-caption-text\">MC Phan Anh v\u1eabn c\u00f2n l\u00e2ng l\u00e2ng c\u1ea3m x\u00fac sau chuy\u1ebfn \u0111i. Kh\u00f4ng c\u00f2n c\u1ea3m gi\u00e1c ph\u1ea5n kh\u00edch nh\u01b0 l\u1ea7n \u0111\u1ea7u ch\u1ea1m v\u00e0o Tiger\u2019s Nest, g\u1eb7p g\u1ee1 nh\u1eefng nh\u00e2n v\u1eadt t\u00f4n qu\u00fd, anh th\u1ea5y m\u00ecnh t\u00ecm th\u1ea5y s\u1ef1 b\u00ecnh an t\u1eeb ch\u00ednh b\u00ean trong t\u00e2m h\u1ed3n, nh\u01b0 th\u1ec3 \u0111\u01b0\u1ee3c h\u1ea5p th\u1ee5 nh\u1eefng c\u1ea3m x\u00fac t\u00edch c\u1ef1c.<\/p><\/div>\n<div id=\"attachment_216608\" style=\"width: 1034px\" class=\"wp-caption aligncenter\"><img loading=\"lazy\" decoding=\"async\" aria-describedby=\"caption-attachment-216608\" class=\"wp-image-216608 size-full\" title=\"Nh\u00e0 thi\u1ebft k\u1ebf Hu\u1ec7 H\u1eefu c\u00f3 duy\u00ean \u0111\u1ebfn Bhutan sau m\u1ed9t cu\u1ed9c t\u00ecnh tan v\u1ee1. Ch\u1ecb mang trong m\u00ecnh nh\u1eefng v\u1ee5n v\u1ee1, c\u1ea3m x\u00fac bi quan, c\u1ea7n ki\u1ebfm t\u00ecm m\u1ed9t n\u01a1i ru\u1ed3ng b\u1ecf th\u1ebf gi\u1edbi \u0111\u1ec3 ch\u1ea1y tr\u1ed1n.\" src=\"https:\/\/cdn3.ivivu.com\/2017\/07\/den-bhutan-tim-phan-con-lai-cua-thien-duong-ivivu-5.jpg\" alt=\"Nh\u00e0 thi\u1ebft k\u1ebf Hu\u1ec7 H\u1eefu c\u00f3 duy\u00ean \u0111\u1ebfn Bhutan sau m\u1ed9t cu\u1ed9c t\u00ecnh tan v\u1ee1. Ch\u1ecb mang trong m\u00ecnh nh\u1eefng v\u1ee5n v\u1ee1, c\u1ea3m x\u00fac bi quan, c\u1ea7n ki\u1ebfm t\u00ecm m\u1ed9t n\u01a1i ru\u1ed3ng b\u1ecf th\u1ebf gi\u1edbi \u0111\u1ec3 ch\u1ea1y tr\u1ed1n.\" width=\"1024\" height=\"576\" srcset=\"https:\/\/cdn3.ivivu.com\/2017\/07\/den-bhutan-tim-phan-con-lai-cua-thien-duong-ivivu-5.jpg 1024w, https:\/\/cdn3.ivivu.com\/2017\/07\/den-bhutan-tim-phan-con-lai-cua-thien-duong-ivivu-5-250x142.jpg 250w, https:\/\/cdn3.ivivu.com\/2017\/07\/den-bhutan-tim-phan-con-lai-cua-thien-duong-ivivu-5-540x305.jpg 540w, https:\/\/cdn3.ivivu.com\/2017\/07\/den-bhutan-tim-phan-con-lai-cua-thien-duong-ivivu-5-750x422.jpg 750w, https:\/\/cdn3.ivivu.com\/2017\/07\/den-bhutan-tim-phan-con-lai-cua-thien-duong-ivivu-5-225x127.jpg 225w, https:\/\/cdn3.ivivu.com\/2017\/07\/den-bhutan-tim-phan-con-lai-cua-thien-duong-ivivu-5-370x208.jpg 370w, https:\/\/cdn3.ivivu.com\/2017\/07\/den-bhutan-tim-phan-con-lai-cua-thien-duong-ivivu-5-50x28.jpg 50w, https:\/\/cdn3.ivivu.com\/2017\/07\/den-bhutan-tim-phan-con-lai-cua-thien-duong-ivivu-5-107x60.jpg 107w, https:\/\/cdn3.ivivu.com\/2017\/07\/den-bhutan-tim-phan-con-lai-cua-thien-duong-ivivu-5-195x110.jpg 195w, https:\/\/cdn3.ivivu.com\/2017\/07\/den-bhutan-tim-phan-con-lai-cua-thien-duong-ivivu-5-220x125.jpg 220w, https:\/\/cdn3.ivivu.com\/2017\/07\/den-bhutan-tim-phan-con-lai-cua-thien-duong-ivivu-5-400x225.jpg 400w, https:\/\/cdn3.ivivu.com\/2017\/07\/den-bhutan-tim-phan-con-lai-cua-thien-duong-ivivu-5-140x80.jpg 140w\" sizes=\"(max-width: 1024px) 100vw, 1024px\" \/><p id=\"caption-attachment-216608\" class=\"wp-caption-text\">Nh\u00e0 thi\u1ebft k\u1ebf Hu\u1ec7 H\u1eefu c\u00f3 duy\u00ean \u0111\u1ebfn Bhutan sau m\u1ed9t cu\u1ed9c t\u00ecnh tan v\u1ee1. Ch\u1ecb mang trong m\u00ecnh nh\u1eefng v\u1ee5n v\u1ee1, c\u1ea3m x\u00fac bi quan, c\u1ea7n ki\u1ebfm t\u00ecm m\u1ed9t n\u01a1i ru\u1ed3ng b\u1ecf th\u1ebf gi\u1edbi \u0111\u1ec3 ch\u1ea1y tr\u1ed1n.<\/p><\/div>\n<div id=\"attachment_216609\" style=\"width: 1034px\" class=\"wp-caption aligncenter\"><img loading=\"lazy\" decoding=\"async\" aria-describedby=\"caption-attachment-216609\" class=\"wp-image-216609 size-full\" title=\"\u0110\u1eafm ch\u00ecm gi\u1eefa thi\u00ean nhi\u00ean ngo\u1ea1n m\u1ee5c \u1ea9n gi\u1eefa m\u00e0n s\u01b0\u01a1ng gi\u0103ng m\u1eafc tr\u00ean t\u1ea7ng tr\u1eddi v\u00e0 r\u1eebng th\u00f4ng ng\u00fat ng\u00e0n khi\u1ebfn c\u00f4 g\u00e1i c\u1ea3m th\u1ea5y tr\u00e1i tim \u0111\u01b0\u1ee3c h\u00e0n g\u1eafn. K\u1ec3 t\u1eeb \u0111\u00f3, Hu\u1ec7 H\u1eefu tr\u1edf th\u00e0nh m\u1ed9t &quot;Bhutanist&quot;. S\u1ed1 l\u1ea7n \u0111\u1ebfn Bhutan d\u01b0\u1eddng nh\u01b0 \u0111\u1ebfn ch\u1ecb c\u0169ng kh\u00f4ng th\u1ec3 nh\u1edb. M\u1ed7i n\u0103m ch\u1ecb c\u00f3 4 th\u00e1ng \u0111\u1ec3 du l\u1ecbch, v\u00e0 Bhutan lu\u00f4n l\u00e0 l\u1ef1a ch\u1ecdn s\u1ed1 m\u1ed9t.\" src=\"https:\/\/cdn3.ivivu.com\/2017\/07\/den-bhutan-tim-phan-con-lai-cua-thien-duong-ivivu-6.jpg\" alt=\"\u0110\u1eafm ch\u00ecm gi\u1eefa thi\u00ean nhi\u00ean ngo\u1ea1n m\u1ee5c \u1ea9n gi\u1eefa m\u00e0n s\u01b0\u01a1ng gi\u0103ng m\u1eafc tr\u00ean t\u1ea7ng tr\u1eddi v\u00e0 r\u1eebng th\u00f4ng ng\u00fat ng\u00e0n khi\u1ebfn c\u00f4 g\u00e1i c\u1ea3m th\u1ea5y tr\u00e1i tim \u0111\u01b0\u1ee3c h\u00e0n g\u1eafn. K\u1ec3 t\u1eeb \u0111\u00f3, Hu\u1ec7 H\u1eefu tr\u1edf th\u00e0nh m\u1ed9t &quot;Bhutanist&quot;. S\u1ed1 l\u1ea7n \u0111\u1ebfn Bhutan d\u01b0\u1eddng nh\u01b0 \u0111\u1ebfn ch\u1ecb c\u0169ng kh\u00f4ng th\u1ec3 nh\u1edb. M\u1ed7i n\u0103m ch\u1ecb c\u00f3 4 th\u00e1ng \u0111\u1ec3 du l\u1ecbch, v\u00e0 Bhutan lu\u00f4n l\u00e0 l\u1ef1a ch\u1ecdn s\u1ed1 m\u1ed9t.\" width=\"1024\" height=\"576\" srcset=\"https:\/\/cdn3.ivivu.com\/2017\/07\/den-bhutan-tim-phan-con-lai-cua-thien-duong-ivivu-6.jpg 1024w, https:\/\/cdn3.ivivu.com\/2017\/07\/den-bhutan-tim-phan-con-lai-cua-thien-duong-ivivu-6-250x142.jpg 250w, https:\/\/cdn3.ivivu.com\/2017\/07\/den-bhutan-tim-phan-con-lai-cua-thien-duong-ivivu-6-540x305.jpg 540w, https:\/\/cdn3.ivivu.com\/2017\/07\/den-bhutan-tim-phan-con-lai-cua-thien-duong-ivivu-6-750x422.jpg 750w, https:\/\/cdn3.ivivu.com\/2017\/07\/den-bhutan-tim-phan-con-lai-cua-thien-duong-ivivu-6-225x127.jpg 225w, https:\/\/cdn3.ivivu.com\/2017\/07\/den-bhutan-tim-phan-con-lai-cua-thien-duong-ivivu-6-370x208.jpg 370w, https:\/\/cdn3.ivivu.com\/2017\/07\/den-bhutan-tim-phan-con-lai-cua-thien-duong-ivivu-6-50x28.jpg 50w, https:\/\/cdn3.ivivu.com\/2017\/07\/den-bhutan-tim-phan-con-lai-cua-thien-duong-ivivu-6-107x60.jpg 107w, https:\/\/cdn3.ivivu.com\/2017\/07\/den-bhutan-tim-phan-con-lai-cua-thien-duong-ivivu-6-195x110.jpg 195w, https:\/\/cdn3.ivivu.com\/2017\/07\/den-bhutan-tim-phan-con-lai-cua-thien-duong-ivivu-6-220x125.jpg 220w, https:\/\/cdn3.ivivu.com\/2017\/07\/den-bhutan-tim-phan-con-lai-cua-thien-duong-ivivu-6-400x225.jpg 400w, https:\/\/cdn3.ivivu.com\/2017\/07\/den-bhutan-tim-phan-con-lai-cua-thien-duong-ivivu-6-140x80.jpg 140w\" sizes=\"(max-width: 1024px) 100vw, 1024px\" \/><p id=\"caption-attachment-216609\" class=\"wp-caption-text\">\u0110\u1eafm ch\u00ecm gi\u1eefa thi\u00ean nhi\u00ean ngo\u1ea1n m\u1ee5c \u1ea9n gi\u1eefa m\u00e0n s\u01b0\u01a1ng gi\u0103ng m\u1eafc tr\u00ean t\u1ea7ng tr\u1eddi v\u00e0 r\u1eebng th\u00f4ng ng\u00fat ng\u00e0n khi\u1ebfn c\u00f4 g\u00e1i c\u1ea3m th\u1ea5y tr\u00e1i tim \u0111\u01b0\u1ee3c h\u00e0n g\u1eafn. K\u1ec3 t\u1eeb \u0111\u00f3, Hu\u1ec7 H\u1eefu tr\u1edf th\u00e0nh m\u1ed9t &#8220;Bhutanist&#8221;. S\u1ed1 l\u1ea7n \u0111\u1ebfn Bhutan d\u01b0\u1eddng nh\u01b0 \u0111\u1ebfn ch\u1ecb c\u0169ng kh\u00f4ng th\u1ec3 nh\u1edb. M\u1ed7i n\u0103m ch\u1ecb c\u00f3 4 th\u00e1ng \u0111\u1ec3 du l\u1ecbch, v\u00e0 Bhutan lu\u00f4n l\u00e0 l\u1ef1a ch\u1ecdn s\u1ed1 m\u1ed9t.<\/p><\/div>\n<div id=\"attachment_216610\" style=\"width: 1034px\" class=\"wp-caption aligncenter\"><img loading=\"lazy\" decoding=\"async\" aria-describedby=\"caption-attachment-216610\" class=\"wp-image-216610 size-full\" title=\"Theo ch\u1ecb, \u1edf qu\u1ed1c gia h\u1ea1nh ph\u00fac n\u00e0y, ch\u1ecb xa l\u00e1nh \u0111\u01b0\u1ee3c nh\u1eefng \u1ed3n \u00e3 c\u1ee7a ph\u1ed1 th\u1ecb, \u00e1p l\u1ef1c c\u00f4ng vi\u1ec7c. \u1ede \u0111\u00e2y ch\u1ecb tr\u1ecdn v\u1eb9n t\u1eadn h\u01b0\u1edfng nh\u1eefng khung c\u1ea3nh h\u00f9ng v\u0129 c\u1ee7a thi\u00ean nhi\u00ean, h\u00edt th\u1edf kh\u00f4ng kh\u00ed trong l\u00e0nh v\u00e0 \u0111\u01b0\u1ee3c g\u1eb7p ng\u01b0\u1eddi d\u00e2n th\u00e2n thi\u1ec7n. Bhutan kh\u00f4ng ph\u1ea3i l\u00e0 thi\u00ean \u0111\u01b0\u1eddng &quot;s\u1ed1ng \u1ea3o&quot; cho nh\u1eefng ai th\u00edch ch\u1ee5p \u1ea3nh \u0111\u0103ng Facebook. Quang c\u1ea3nh di\u1ec7u k\u1ef3 l\u00e0m ng\u01b0\u1eddi ta \u00edch k\u1ef7 \u0111\u1ebfn n\u1ed7i kh\u00f4ng mu\u1ed1n ch\u1ee5p \u1ea3nh.\" src=\"https:\/\/cdn3.ivivu.com\/2017\/07\/den-bhutan-tim-phan-con-lai-cua-thien-duong-ivivu-7.jpg\" alt=\"Theo ch\u1ecb, \u1edf qu\u1ed1c gia h\u1ea1nh ph\u00fac n\u00e0y, ch\u1ecb xa l\u00e1nh \u0111\u01b0\u1ee3c nh\u1eefng \u1ed3n \u00e3 c\u1ee7a ph\u1ed1 th\u1ecb, \u00e1p l\u1ef1c c\u00f4ng vi\u1ec7c. \u1ede \u0111\u00e2y ch\u1ecb tr\u1ecdn v\u1eb9n t\u1eadn h\u01b0\u1edfng nh\u1eefng khung c\u1ea3nh h\u00f9ng v\u0129 c\u1ee7a thi\u00ean nhi\u00ean, h\u00edt th\u1edf kh\u00f4ng kh\u00ed trong l\u00e0nh v\u00e0 \u0111\u01b0\u1ee3c g\u1eb7p ng\u01b0\u1eddi d\u00e2n th\u00e2n thi\u1ec7n. Bhutan kh\u00f4ng ph\u1ea3i l\u00e0 thi\u00ean \u0111\u01b0\u1eddng &quot;s\u1ed1ng \u1ea3o&quot; cho nh\u1eefng ai th\u00edch ch\u1ee5p \u1ea3nh \u0111\u0103ng Facebook. Quang c\u1ea3nh di\u1ec7u k\u1ef3 l\u00e0m ng\u01b0\u1eddi ta \u00edch k\u1ef7 \u0111\u1ebfn n\u1ed7i kh\u00f4ng mu\u1ed1n ch\u1ee5p \u1ea3nh.\" width=\"1024\" height=\"576\" srcset=\"https:\/\/cdn3.ivivu.com\/2017\/07\/den-bhutan-tim-phan-con-lai-cua-thien-duong-ivivu-7.jpg 1024w, https:\/\/cdn3.ivivu.com\/2017\/07\/den-bhutan-tim-phan-con-lai-cua-thien-duong-ivivu-7-250x142.jpg 250w, https:\/\/cdn3.ivivu.com\/2017\/07\/den-bhutan-tim-phan-con-lai-cua-thien-duong-ivivu-7-540x305.jpg 540w, https:\/\/cdn3.ivivu.com\/2017\/07\/den-bhutan-tim-phan-con-lai-cua-thien-duong-ivivu-7-750x422.jpg 750w, https:\/\/cdn3.ivivu.com\/2017\/07\/den-bhutan-tim-phan-con-lai-cua-thien-duong-ivivu-7-225x127.jpg 225w, https:\/\/cdn3.ivivu.com\/2017\/07\/den-bhutan-tim-phan-con-lai-cua-thien-duong-ivivu-7-370x208.jpg 370w, https:\/\/cdn3.ivivu.com\/2017\/07\/den-bhutan-tim-phan-con-lai-cua-thien-duong-ivivu-7-50x28.jpg 50w, https:\/\/cdn3.ivivu.com\/2017\/07\/den-bhutan-tim-phan-con-lai-cua-thien-duong-ivivu-7-107x60.jpg 107w, https:\/\/cdn3.ivivu.com\/2017\/07\/den-bhutan-tim-phan-con-lai-cua-thien-duong-ivivu-7-195x110.jpg 195w, https:\/\/cdn3.ivivu.com\/2017\/07\/den-bhutan-tim-phan-con-lai-cua-thien-duong-ivivu-7-220x125.jpg 220w, https:\/\/cdn3.ivivu.com\/2017\/07\/den-bhutan-tim-phan-con-lai-cua-thien-duong-ivivu-7-400x225.jpg 400w, https:\/\/cdn3.ivivu.com\/2017\/07\/den-bhutan-tim-phan-con-lai-cua-thien-duong-ivivu-7-140x80.jpg 140w\" sizes=\"(max-width: 1024px) 100vw, 1024px\" \/><p id=\"caption-attachment-216610\" class=\"wp-caption-text\">Theo ch\u1ecb, \u1edf qu\u1ed1c gia h\u1ea1nh ph\u00fac n\u00e0y, ch\u1ecb xa l\u00e1nh \u0111\u01b0\u1ee3c nh\u1eefng \u1ed3n \u00e3 c\u1ee7a ph\u1ed1 th\u1ecb, \u00e1p l\u1ef1c c\u00f4ng vi\u1ec7c. \u1ede \u0111\u00e2y ch\u1ecb tr\u1ecdn v\u1eb9n t\u1eadn h\u01b0\u1edfng nh\u1eefng khung c\u1ea3nh h\u00f9ng v\u0129 c\u1ee7a thi\u00ean nhi\u00ean, h\u00edt th\u1edf kh\u00f4ng kh\u00ed trong l\u00e0nh v\u00e0 \u0111\u01b0\u1ee3c g\u1eb7p ng\u01b0\u1eddi d\u00e2n th\u00e2n thi\u1ec7n. Bhutan kh\u00f4ng ph\u1ea3i l\u00e0 thi\u00ean \u0111\u01b0\u1eddng &#8220;s\u1ed1ng \u1ea3o&#8221; cho nh\u1eefng ai th\u00edch ch\u1ee5p \u1ea3nh \u0111\u0103ng Facebook. Quang c\u1ea3nh di\u1ec7u k\u1ef3 l\u00e0m ng\u01b0\u1eddi ta \u00edch k\u1ef7 \u0111\u1ebfn n\u1ed7i kh\u00f4ng mu\u1ed1n ch\u1ee5p \u1ea3nh.<\/p><\/div>\n<div id=\"attachment_216611\" style=\"width: 1034px\" class=\"wp-caption aligncenter\"><img loading=\"lazy\" decoding=\"async\" aria-describedby=\"caption-attachment-216611\" class=\"wp-image-216611 size-full\" title=\"\u0110\u1eb7c s\u1ea3n c\u1ee7a Bhutan kh\u00f4ng ch\u1ec9 l\u00e0 nh\u1eefng tu vi\u1ec7n v\u1eaft v\u1ebbo b\u00ean tri\u1ec1n n\u00fai, quang c\u1ea3nh h\u00f9ng v\u0129 m\u00e0 n\u1eb1m \u1edf nh\u1eefng \u0111i\u1ec1u r\u1ea5t b\u00ecnh d\u1ecb. Nhi\u1ec1u \u0111\u00f4i v\u1ee3 ch\u1ed3ng Vi\u1ec7t hi\u1ebfm mu\u1ed9n t\u00ecm \u0111\u1ebfn ng\u00f4i l\u00e0ng c\u1ea7u con n\u1eb1m \u1edf m\u1ed9t v\u00f9ng qu\u00ea xa x\u00f4i, c\u1ea7u nguy\u1ec7n t\u1ea1i ch\u00f9a Chimi Lhakhang. D\u01b0\u1eddng nh\u01b0 n\u01a1i n\u00e0y trao g\u1eedi ni\u1ec1m tin cho nh\u1eefng c\u1eb7p v\u1ee3 ch\u1ed3ng c\u00f3 ph\u1ea7n k\u00e9m h\u1ea1nh ph\u00fac khi c\u00f3 kh\u00e1 nhi\u1ec1u c\u1eb7p \u0111\u00f4i \u0111\u1ebfn \u0111\u00e2y &quot;c\u1ea7u \u0111\u01b0\u1ee3c \u01b0\u1edbc th\u1ea5y&quot;.\" src=\"https:\/\/cdn3.ivivu.com\/2017\/07\/den-bhutan-tim-phan-con-lai-cua-thien-duong-ivivu-8.jpg\" alt=\"\u0110\u1eb7c s\u1ea3n c\u1ee7a Bhutan kh\u00f4ng ch\u1ec9 l\u00e0 nh\u1eefng tu vi\u1ec7n v\u1eaft v\u1ebbo b\u00ean tri\u1ec1n n\u00fai, quang c\u1ea3nh h\u00f9ng v\u0129 m\u00e0 n\u1eb1m \u1edf nh\u1eefng \u0111i\u1ec1u r\u1ea5t b\u00ecnh d\u1ecb. Nhi\u1ec1u \u0111\u00f4i v\u1ee3 ch\u1ed3ng Vi\u1ec7t hi\u1ebfm mu\u1ed9n t\u00ecm \u0111\u1ebfn ng\u00f4i l\u00e0ng c\u1ea7u con n\u1eb1m \u1edf m\u1ed9t v\u00f9ng qu\u00ea xa x\u00f4i, c\u1ea7u nguy\u1ec7n t\u1ea1i ch\u00f9a Chimi Lhakhang. D\u01b0\u1eddng nh\u01b0 n\u01a1i n\u00e0y trao g\u1eedi ni\u1ec1m tin cho nh\u1eefng c\u1eb7p v\u1ee3 ch\u1ed3ng c\u00f3 ph\u1ea7n k\u00e9m h\u1ea1nh ph\u00fac khi c\u00f3 kh\u00e1 nhi\u1ec1u c\u1eb7p \u0111\u00f4i \u0111\u1ebfn \u0111\u00e2y &quot;c\u1ea7u \u0111\u01b0\u1ee3c \u01b0\u1edbc th\u1ea5y&quot;.\" width=\"1024\" height=\"683\" srcset=\"https:\/\/cdn3.ivivu.com\/2017\/07\/den-bhutan-tim-phan-con-lai-cua-thien-duong-ivivu-8.jpg 1024w, https:\/\/cdn3.ivivu.com\/2017\/07\/den-bhutan-tim-phan-con-lai-cua-thien-duong-ivivu-8-457x305.jpg 457w\" sizes=\"(max-width: 1024px) 100vw, 1024px\" \/><p id=\"caption-attachment-216611\" class=\"wp-caption-text\">\u0110\u1eb7c s\u1ea3n c\u1ee7a Bhutan kh\u00f4ng ch\u1ec9 l\u00e0 nh\u1eefng tu vi\u1ec7n v\u1eaft v\u1ebbo b\u00ean tri\u1ec1n n\u00fai, quang c\u1ea3nh h\u00f9ng v\u0129 m\u00e0 n\u1eb1m \u1edf nh\u1eefng \u0111i\u1ec1u r\u1ea5t b\u00ecnh d\u1ecb. Nhi\u1ec1u \u0111\u00f4i v\u1ee3 ch\u1ed3ng Vi\u1ec7t hi\u1ebfm mu\u1ed9n t\u00ecm \u0111\u1ebfn ng\u00f4i l\u00e0ng c\u1ea7u con n\u1eb1m \u1edf m\u1ed9t v\u00f9ng qu\u00ea xa x\u00f4i, c\u1ea7u nguy\u1ec7n t\u1ea1i ch\u00f9a Chimi Lhakhang. D\u01b0\u1eddng nh\u01b0 n\u01a1i n\u00e0y trao g\u1eedi ni\u1ec1m tin cho nh\u1eefng c\u1eb7p v\u1ee3 ch\u1ed3ng c\u00f3 ph\u1ea7n k\u00e9m h\u1ea1nh ph\u00fac khi c\u00f3 kh\u00e1 nhi\u1ec1u c\u1eb7p \u0111\u00f4i \u0111\u1ebfn \u0111\u00e2y &#8220;c\u1ea7u \u0111\u01b0\u1ee3c \u01b0\u1edbc th\u1ea5y&#8221;.<\/p><\/div>\n<div id=\"attachment_216612\" style=\"width: 1034px\" class=\"wp-caption aligncenter\"><img loading=\"lazy\" decoding=\"async\" aria-describedby=\"caption-attachment-216612\" class=\"wp-image-216612 size-full\" title=\"Th\u00fa v\u1ecb h\u01a1n khi qu\u1ed1c v\u01b0\u01a1ng Bhutan \u0111\u00e3 b\u1ecf lu\u1eadt \u0111\u00e0n \u00f4ng \u0111\u01b0\u1ee3c l\u1ea5y nhi\u1ec1u v\u1ee3, th\u00ec c\u00f3 m\u1ed9t ng\u00f4i l\u00e0ng ph\u1ee5 n\u1eef \u0111\u01b0\u1ee3c l\u1ea5y nhi\u1ec1u ch\u1ed3ng. Ng\u00f4i l\u00e0ng \u0111\u01b0\u1ee3c qu\u00e2n \u0111\u1ed9i b\u1ea3o v\u1ec7 nghi\u00eam ng\u1eb7t. Nh\u1eefng ai vi\u1ebfng th\u0103m c\u1ea7n ph\u1ea3i \u0111\u01b0\u1ee3c qu\u00e2n \u0111\u1ed9i v\u00e0 ch\u00ednh ph\u1ee7 n\u01b0\u1edbc n\u00e0y cho ph\u00e9p. B\u00ean c\u1ea1nh \u0111\u00f3 Bhutan c\u00f2n c\u00f3 ng\u00e0y h\u1ed9i kh\u1ecfa th\u00e2n.\" src=\"https:\/\/cdn3.ivivu.com\/2017\/07\/den-bhutan-tim-phan-con-lai-cua-thien-duong-ivivu-9.jpg\" alt=\"Th\u00fa v\u1ecb h\u01a1n khi qu\u1ed1c v\u01b0\u01a1ng Bhutan \u0111\u00e3 b\u1ecf lu\u1eadt \u0111\u00e0n \u00f4ng \u0111\u01b0\u1ee3c l\u1ea5y nhi\u1ec1u v\u1ee3, th\u00ec c\u00f3 m\u1ed9t ng\u00f4i l\u00e0ng ph\u1ee5 n\u1eef \u0111\u01b0\u1ee3c l\u1ea5y nhi\u1ec1u ch\u1ed3ng. Ng\u00f4i l\u00e0ng \u0111\u01b0\u1ee3c qu\u00e2n \u0111\u1ed9i b\u1ea3o v\u1ec7 nghi\u00eam ng\u1eb7t. Nh\u1eefng ai vi\u1ebfng th\u0103m c\u1ea7n ph\u1ea3i \u0111\u01b0\u1ee3c qu\u00e2n \u0111\u1ed9i v\u00e0 ch\u00ednh ph\u1ee7 n\u01b0\u1edbc n\u00e0y cho ph\u00e9p. B\u00ean c\u1ea1nh \u0111\u00f3 Bhutan c\u00f2n c\u00f3 ng\u00e0y h\u1ed9i kh\u1ecfa th\u00e2n.\" width=\"1024\" height=\"683\" srcset=\"https:\/\/cdn3.ivivu.com\/2017\/07\/den-bhutan-tim-phan-con-lai-cua-thien-duong-ivivu-9.jpg 1024w, https:\/\/cdn3.ivivu.com\/2017\/07\/den-bhutan-tim-phan-con-lai-cua-thien-duong-ivivu-9-457x305.jpg 457w\" sizes=\"(max-width: 1024px) 100vw, 1024px\" \/><p id=\"caption-attachment-216612\" class=\"wp-caption-text\">Th\u00fa v\u1ecb h\u01a1n khi qu\u1ed1c v\u01b0\u01a1ng Bhutan \u0111\u00e3 b\u1ecf lu\u1eadt \u0111\u00e0n \u00f4ng \u0111\u01b0\u1ee3c l\u1ea5y nhi\u1ec1u v\u1ee3, th\u00ec c\u00f3 m\u1ed9t ng\u00f4i l\u00e0ng ph\u1ee5 n\u1eef \u0111\u01b0\u1ee3c l\u1ea5y nhi\u1ec1u ch\u1ed3ng. Ng\u00f4i l\u00e0ng \u0111\u01b0\u1ee3c qu\u00e2n \u0111\u1ed9i b\u1ea3o v\u1ec7 nghi\u00eam ng\u1eb7t. Nh\u1eefng ai vi\u1ebfng th\u0103m c\u1ea7n ph\u1ea3i \u0111\u01b0\u1ee3c qu\u00e2n \u0111\u1ed9i v\u00e0 ch\u00ednh ph\u1ee7 n\u01b0\u1edbc n\u00e0y cho ph\u00e9p. B\u00ean c\u1ea1nh \u0111\u00f3 Bhutan c\u00f2n c\u00f3 ng\u00e0y h\u1ed9i kh\u1ecfa th\u00e2n.<\/p><\/div>\n<div id=\"attachment_216613\" style=\"width: 1034px\" class=\"wp-caption aligncenter\"><img loading=\"lazy\" decoding=\"async\" aria-describedby=\"caption-attachment-216613\" class=\"wp-image-216613 size-full\" title=\"\u0110i\u1ec3m chung c\u1ee7a nhi\u1ec1u du kh\u00e1ch tr\u1edf v\u1ec1 t\u1eeb Bhutan l\u00e0 t\u00ecm th\u1ea5y m\u00ecnh v\u00e0 \u00fd ngh\u0129a m\u1ee5c ti\u00eau c\u1ee7a cu\u1ed9c s\u1ed1ng. Phan Anh cho r\u1eb1ng Bhutan gi\u00fap ng\u01b0\u1eddi ta gi\u00e1c ng\u1ed9 \u0111\u01b0\u1ee3c hai t\u1eeb &quot;t\u1eeb bi&quot;, s\u1ed1ng bao dung, hi\u1ec1n h\u00f2a. Bhutan l\u00e0 \u0111i\u1ec3m \u0111\u1ebfn kh\u00f4ng ph\u1ea3i l\u00e0 thi\u00ean \u0111\u01b0\u1eddng, nh\u01b0ng b\u1ea1n s\u1ebd t\u00ecm th\u1ea5y ph\u1ea7n c\u00f2n l\u1ea1i c\u1ee7a thi\u00ean \u0111\u01b0\u1eddng trong ch\u00ednh b\u1ea3n ng\u00e3 c\u1ee7a m\u1ed7i ng\u01b0\u1eddi.\" src=\"https:\/\/cdn3.ivivu.com\/2017\/07\/den-bhutan-tim-phan-con-lai-cua-thien-duong-ivivu-10.jpg\" alt=\"\u0110i\u1ec3m chung c\u1ee7a nhi\u1ec1u du kh\u00e1ch tr\u1edf v\u1ec1 t\u1eeb Bhutan l\u00e0 t\u00ecm th\u1ea5y m\u00ecnh v\u00e0 \u00fd ngh\u0129a m\u1ee5c ti\u00eau c\u1ee7a cu\u1ed9c s\u1ed1ng. Phan Anh cho r\u1eb1ng Bhutan gi\u00fap ng\u01b0\u1eddi ta gi\u00e1c ng\u1ed9 \u0111\u01b0\u1ee3c hai t\u1eeb &quot;t\u1eeb bi&quot;, s\u1ed1ng bao dung, hi\u1ec1n h\u00f2a. Bhutan l\u00e0 \u0111i\u1ec3m \u0111\u1ebfn kh\u00f4ng ph\u1ea3i l\u00e0 thi\u00ean \u0111\u01b0\u1eddng, nh\u01b0ng b\u1ea1n s\u1ebd t\u00ecm th\u1ea5y ph\u1ea7n c\u00f2n l\u1ea1i c\u1ee7a thi\u00ean \u0111\u01b0\u1eddng trong ch\u00ednh b\u1ea3n ng\u00e3 c\u1ee7a m\u1ed7i ng\u01b0\u1eddi.\" width=\"1024\" height=\"576\" srcset=\"https:\/\/cdn3.ivivu.com\/2017\/07\/den-bhutan-tim-phan-con-lai-cua-thien-duong-ivivu-10.jpg 1024w, https:\/\/cdn3.ivivu.com\/2017\/07\/den-bhutan-tim-phan-con-lai-cua-thien-duong-ivivu-10-250x142.jpg 250w, https:\/\/cdn3.ivivu.com\/2017\/07\/den-bhutan-tim-phan-con-lai-cua-thien-duong-ivivu-10-540x305.jpg 540w, https:\/\/cdn3.ivivu.com\/2017\/07\/den-bhutan-tim-phan-con-lai-cua-thien-duong-ivivu-10-750x422.jpg 750w, https:\/\/cdn3.ivivu.com\/2017\/07\/den-bhutan-tim-phan-con-lai-cua-thien-duong-ivivu-10-225x127.jpg 225w, https:\/\/cdn3.ivivu.com\/2017\/07\/den-bhutan-tim-phan-con-lai-cua-thien-duong-ivivu-10-370x208.jpg 370w, https:\/\/cdn3.ivivu.com\/2017\/07\/den-bhutan-tim-phan-con-lai-cua-thien-duong-ivivu-10-50x28.jpg 50w, https:\/\/cdn3.ivivu.com\/2017\/07\/den-bhutan-tim-phan-con-lai-cua-thien-duong-ivivu-10-107x60.jpg 107w, https:\/\/cdn3.ivivu.com\/2017\/07\/den-bhutan-tim-phan-con-lai-cua-thien-duong-ivivu-10-195x110.jpg 195w, https:\/\/cdn3.ivivu.com\/2017\/07\/den-bhutan-tim-phan-con-lai-cua-thien-duong-ivivu-10-220x125.jpg 220w, https:\/\/cdn3.ivivu.com\/2017\/07\/den-bhutan-tim-phan-con-lai-cua-thien-duong-ivivu-10-400x225.jpg 400w, https:\/\/cdn3.ivivu.com\/2017\/07\/den-bhutan-tim-phan-con-lai-cua-thien-duong-ivivu-10-140x80.jpg 140w\" sizes=\"(max-width: 1024px) 100vw, 1024px\" \/><p id=\"caption-attachment-216613\" class=\"wp-caption-text\">\u0110i\u1ec3m chung c\u1ee7a nhi\u1ec1u du kh\u00e1ch tr\u1edf v\u1ec1 t\u1eeb Bhutan l\u00e0 t\u00ecm th\u1ea5y m\u00ecnh v\u00e0 \u00fd ngh\u0129a m\u1ee5c ti\u00eau c\u1ee7a cu\u1ed9c s\u1ed1ng. Phan Anh cho r\u1eb1ng Bhutan gi\u00fap ng\u01b0\u1eddi ta gi\u00e1c ng\u1ed9 \u0111\u01b0\u1ee3c hai t\u1eeb &#8220;t\u1eeb bi&#8221;, s\u1ed1ng bao dung, hi\u1ec1n h\u00f2a. Bhutan l\u00e0 \u0111i\u1ec3m \u0111\u1ebfn kh\u00f4ng ph\u1ea3i l\u00e0 thi\u00ean \u0111\u01b0\u1eddng, nh\u01b0ng b\u1ea1n s\u1ebd t\u00ecm th\u1ea5y ph\u1ea7n c\u00f2n l\u1ea1i c\u1ee7a thi\u00ean \u0111\u01b0\u1eddng trong ch\u00ednh b\u1ea3n ng\u00e3 c\u1ee7a m\u1ed7i ng\u01b0\u1eddi.<\/p><\/div>\n<div id=\"attachment_216614\" style=\"width: 775px\" class=\"wp-caption aligncenter\"><img loading=\"lazy\" decoding=\"async\" aria-describedby=\"caption-attachment-216614\" class=\"wp-image-216614 size-full\" title=\"V\u01b0\u01a1ng qu\u1ed1c Bhutan n\u1eb1m ho\u00e0n to\u00e0n tr\u00ean d\u00e3y n\u00fai Himalaya, gi\u00e1p Trung Qu\u1ed1c \u1edf ph\u00eda b\u1eafc v\u00e0 \u1ea4n \u0110\u1ed9 \u1edf ph\u00eda nam. \u1ea2nh ch\u1ee5p m\u00e0n h\u00ecnh.\" src=\"https:\/\/cdn3.ivivu.com\/2017\/07\/den-bhutan-tim-phan-con-lai-cua-thien-duong-ivivu-11.jpg\" alt=\"V\u01b0\u01a1ng qu\u1ed1c Bhutan n\u1eb1m ho\u00e0n to\u00e0n tr\u00ean d\u00e3y n\u00fai Himalaya, gi\u00e1p Trung Qu\u1ed1c \u1edf ph\u00eda b\u1eafc v\u00e0 \u1ea4n \u0110\u1ed9 \u1edf ph\u00eda nam. \u1ea2nh ch\u1ee5p m\u00e0n h\u00ecnh.\" width=\"765\" height=\"605\" srcset=\"https:\/\/cdn3.ivivu.com\/2017\/07\/den-bhutan-tim-phan-con-lai-cua-thien-duong-ivivu-11.jpg 765w, https:\/\/cdn3.ivivu.com\/2017\/07\/den-bhutan-tim-phan-con-lai-cua-thien-duong-ivivu-11-386x305.jpg 386w\" sizes=\"(max-width: 765px) 100vw, 765px\" \/><p id=\"caption-attachment-216614\" class=\"wp-caption-text\">V\u01b0\u01a1ng qu\u1ed1c Bhutan n\u1eb1m ho\u00e0n to\u00e0n tr\u00ean d\u00e3y n\u00fai Himalaya, gi\u00e1p Trung Qu\u1ed1c \u1edf ph\u00eda b\u1eafc v\u00e0 \u1ea4n \u0110\u1ed9 \u1edf ph\u00eda nam. \u1ea2nh ch\u1ee5p m\u00e0n h\u00ecnh.<\/p><\/div>\n<h4 style=\"text-align: center;\"><div class=\"ltt-contentbox white\"><\/span>G\u1eccI NGAY 1900 1870 \u0110\u1ec2 \u0110\u01af\u1ee2C T\u01af V\u1ea4N\u00a0<a href=\"https:\/\/www.ivivu.com\/ve-may-bay\/?utm_source=blog_ivivu&amp;utm_medium=post_link&amp;utm_campaign=internal\" target=\"_blank\">COMBO KH\u00c1CH S\u1ea0N + V\u00c9 M\u00c1Y BAY<\/a> GI\u00c1 SI\u00caU TI\u1ebeT KI\u1ec6M T\u1eea IVIVU.COM<\/div><\/h4>\n<p style=\"text-align: right;\"><strong>Theo <a href=\"http:\/\/news.zing.vn\/den-bhutan-tim-phan-con-lai-cua-thien-duong-post760492.html\" target=\"_blank\" rel=\"nofollow\">Ho\u00e0i Nh\u01a1n &#8211; \u00c1nh Ng\u1ecdc\/Zing news<\/a><\/strong><\/p>\n<div class=\"ltt-contentbox white\"><\/span><\/p>\n<p><strong>Xem th\u00eam c\u00e1c b\u00e0i vi\u1ebft:<\/strong><\/p>\n<p style=\"text-align: justify;\"><strong><a href=\"https:\/\/www.ivivu.com\/blog\/2017\/06\/5-mon-an-phai-thu-khi-den-bhutan\/\" target=\"_blank\">5 m\u00f3n \u0103n ph\u1ea3i th\u1eed khi \u0111\u1ebfn Bhutan<\/a><\/strong><\/p>\n<p><strong><a href=\"https:\/\/www.ivivu.com\/blog\/2017\/05\/nhung-trai-nghiem-quy-bau-cua-mc-phan-anh-o-bhutan\/\" target=\"_blank\">Nh\u1eefng tr\u1ea3i nghi\u1ec7m qu\u00fd b\u00e1u c\u1ee7a MC Phan Anh \u1edf Bhutan<\/a><\/strong><\/p>\n<p><strong><a href=\"https:\/\/www.ivivu.com\/blog\/2017\/05\/10-dieu-ly-thu-o-quoc-gia-hanh-phuc-nhat-the-gioi\/\" target=\"_blank\">10 \u0111i\u1ec1u l\u00fd th\u00fa \u1edf qu\u1ed1c gia h\u1ea1nh ph\u00fac nh\u1ea5t th\u1ebf gi\u1edbi<\/a><\/strong><\/p>\n<p><\/div>\n<h3><div class=\"ltt-contentbox white\"><\/span>Click \u0111\u1eb7t ngay <a href=\"https:\/\/www.ivivu.com\/vi\/?utm_source=blog_ivivu&amp;utm_medium=post_link&amp;utm_campaign=internal?utm_source=blog_ivivu&amp;utm_medium=post_link&amp;utm_campaign=internal?utm_source=blog_ivivu&amp;utm_medium=post_link&amp;utm_campaign=internal?utm_source=blog_ivivu&amp;utm_medium=post_link&amp;utm_campaign=internal?utm_source=blog_ivivu&amp;utm_medium=post_link&amp;utm_campaign=internal?utm_source=blog_ivivu&amp;utm_medium=post_link&amp;utm_campaign=internal?utm_source=blog_ivivu&amp;utm_medium=post_link&amp;utm_campaign=internal?utm_source=blog_ivivu&amp;utm_medium=post_link&amp;utm_campaign=internal?utm_source=blog_ivivu&amp;utm_medium=post_link&amp;utm_campaign=internal?utm_source=blog_ivivu&amp;utm_medium=post_link&amp;utm_campaign=internal?utm_source=blog_ivivu&amp;utm_medium=post_link&amp;utm_campaign=internal?utm_source=blog_ivivu&amp;utm_medium=post_link&amp;utm_campaign=internal?utm_source=blog_ivivu&amp;utm_medium=post_link&amp;utm_campaign=internal?utm_source=blog_ivivu&amp;utm_medium=post_link&amp;utm_campaign=internal?utm_source=blog_ivivu&amp;utm_medium=post_link&amp;utm_campaign=internal\" target=\"_blank\">Kh\u00e1ch s\u1ea1n kh\u1eafp Vi\u1ec7t Nam v\u00e0 to\u00e0n th\u1ebf gi\u1edbi<\/a> gi\u00e1 t\u1ed1t nh\u1ea5t ch\u1ec9 c\u00f3 t\u1ea1i iVIVU.com<\/div><\/h3>\n<p>***<\/p>\n<p><strong>Tham kh\u1ea3o:\u00a0<a href=\"https:\/\/www.ivivu.com\/blog\/\" target=\"_blank\">C\u1ea9m nang du l\u1ecbch iVIVU.com<\/a><\/strong><\/p>\n","protected":false},"excerpt":{"rendered":"<p>&#8220;Bhutan kh\u00f4ng ph\u1ea3i l\u00e0 thi\u00ean \u0111\u01b0\u1eddng, song l\u00e0 ph\u1ea7n c\u00f2n l\u1ea1i c\u1ee7a thi\u00ean \u0111\u01b0\u1eddng&#8221;, MC Phan Anh chia s\u1ebb sau 2 chuy\u1ebfn \u0111i tr\u1ea3i nghi\u1ec7m \u1edf Bhutan.<\/p>\n","protected":false},"author":38,"featured_media":216608,"comment_status":"closed","ping_status":"open","sticky":false,"template":"","format":"standard","meta":{"_acf_changed":false,"footnotes":""},"categories":[246,19012,231,795,14742],"tags":[9602,7263,18934,20892,28679],"acf":[],"yoast_head":"<!-- This site is optimized with the Yoast SEO Premium plugin v22.6 (Yoast SEO v22.6) - https:\/\/yoast.com\/wordpress\/plugins\/seo\/ -->\n<title>\u0110\u1ebfn Bhutan t\u00ecm ph\u1ea7n c\u00f2n l\u1ea1i c\u1ee7a thi\u00ean \u0111\u01b0\u1eddng<\/title>\n<meta name=\"description\" content=\"&quot;Bhutan kh\u00f4ng ph\u1ea3i l\u00e0 thi\u00ean \u0111\u01b0\u1eddng, song l\u00e0 ph\u1ea7n c\u00f2n l\u1ea1i c\u1ee7a thi\u00ean \u0111\u01b0\u1eddng&quot;, MC Phan Anh chia s\u1ebb sau 2 chuy\u1ebfn \u0111i tr\u1ea3i nghi\u1ec7m \u1edf Bhutan.\" \/>\n<meta name=\"robots\" content=\"index, follow, max-snippet:-1, max-image-preview:large, max-video-preview:-1\" \/>\n<link rel=\"canonical\" href=\"https:\/\/www.ivivu.com\/blog\/2017\/07\/den-bhutan-tim-phan-con-lai-cua-thien-duong\/\" \/>\n<meta name=\"twitter:label1\" content=\"\u0110\u01b0\u1ee3c vi\u1ebft b\u1edfi\" \/>\n\t<meta name=\"twitter:data1\" content=\"Ng\u00e2n Thi\u1ec1u Kim\" \/>\n\t<meta name=\"twitter:label2\" content=\"\u01af\u1edbc t\u00ednh th\u1eddi gian \u0111\u1ecdc\" \/>\n\t<meta name=\"twitter:data2\" content=\"6 ph\u00fat\" \/>\n<script type=\"application\/ld+json\" class=\"yoast-schema-graph\">{\"@context\":\"https:\/\/schema.org\",\"@graph\":[{\"@type\":\"Article\",\"@id\":\"https:\/\/www.ivivu.com\/blog\/2017\/07\/den-bhutan-tim-phan-con-lai-cua-thien-duong\/#article\",\"isPartOf\":{\"@id\":\"https:\/\/www.ivivu.com\/blog\/2017\/07\/den-bhutan-tim-phan-con-lai-cua-thien-duong\/\"},\"author\":{\"name\":\"Ng\u00e2n Thi\u1ec1u Kim\",\"@id\":\"https:\/\/www.ivivu.com\/blog\/#\/schema\/person\/f6e706f46fad4e85f2e1c3ec41136369\"},\"headline\":\"\u0110\u1ebfn Bhutan t\u00ecm ph\u1ea7n c\u00f2n l\u1ea1i c\u1ee7a thi\u00ean \u0111\u01b0\u1eddng\",\"datePublished\":\"2017-07-10T02:18:20+00:00\",\"dateModified\":\"2017-07-10T02:18:20+00:00\",\"mainEntityOfPage\":{\"@id\":\"https:\/\/www.ivivu.com\/blog\/2017\/07\/den-bhutan-tim-phan-con-lai-cua-thien-duong\/\"},\"wordCount\":1235,\"publisher\":{\"@id\":\"https:\/\/www.ivivu.com\/blog\/#organization\"},\"image\":{\"@id\":\"https:\/\/www.ivivu.com\/blog\/2017\/07\/den-bhutan-tim-phan-con-lai-cua-thien-duong\/#primaryimage\"},\"thumbnailUrl\":\"https:\/\/cdn3.ivivu.com\/2017\/07\/den-bhutan-tim-phan-con-lai-cua-thien-duong-ivivu-5.jpg\",\"keywords\":[\"Bhutan\",\"du l\u1ecbch Bhutan\",\"\u0111i\u1ec3m \u0111\u1ebfn Bhutan\",\"kinh nghi\u1ec7m du l\u1ecbch Bhutan\",\"tham quan Bhutan\"],\"articleSection\":[\"Ch\u00e2u \u00c1\",\"Du l\u1ecbch Bhutan\",\"DU L\u1ecaCH TH\u1ebe GI\u1edaI\",\"\u0110i\u1ec3m \u0111\u1ebfn\",\"N\u1ed5i B\u1eadt 2\"],\"inLanguage\":\"vi\"},{\"@type\":\"WebPage\",\"@id\":\"https:\/\/www.ivivu.com\/blog\/2017\/07\/den-bhutan-tim-phan-con-lai-cua-thien-duong\/\",\"url\":\"https:\/\/www.ivivu.com\/blog\/2017\/07\/den-bhutan-tim-phan-con-lai-cua-thien-duong\/\",\"name\":\"\u0110\u1ebfn Bhutan t\u00ecm ph\u1ea7n c\u00f2n l\u1ea1i c\u1ee7a thi\u00ean \u0111\u01b0\u1eddng\",\"isPartOf\":{\"@id\":\"https:\/\/www.ivivu.com\/blog\/#website\"},\"primaryImageOfPage\":{\"@id\":\"https:\/\/www.ivivu.com\/blog\/2017\/07\/den-bhutan-tim-phan-con-lai-cua-thien-duong\/#primaryimage\"},\"image\":{\"@id\":\"https:\/\/www.ivivu.com\/blog\/2017\/07\/den-bhutan-tim-phan-con-lai-cua-thien-duong\/#primaryimage\"},\"thumbnailUrl\":\"https:\/\/cdn3.ivivu.com\/2017\/07\/den-bhutan-tim-phan-con-lai-cua-thien-duong-ivivu-5.jpg\",\"datePublished\":\"2017-07-10T02:18:20+00:00\",\"dateModified\":\"2017-07-10T02:18:20+00:00\",\"description\":\"\\\"Bhutan kh\u00f4ng ph\u1ea3i l\u00e0 thi\u00ean \u0111\u01b0\u1eddng, song l\u00e0 ph\u1ea7n c\u00f2n l\u1ea1i c\u1ee7a thi\u00ean \u0111\u01b0\u1eddng\\\", MC Phan Anh chia s\u1ebb sau 2 chuy\u1ebfn \u0111i tr\u1ea3i nghi\u1ec7m \u1edf Bhutan.\",\"breadcrumb\":{\"@id\":\"https:\/\/www.ivivu.com\/blog\/2017\/07\/den-bhutan-tim-phan-con-lai-cua-thien-duong\/#breadcrumb\"},\"inLanguage\":\"vi\",\"potentialAction\":[{\"@type\":\"ReadAction\",\"target\":[\"https:\/\/www.ivivu.com\/blog\/2017\/07\/den-bhutan-tim-phan-con-lai-cua-thien-duong\/\"]}]},{\"@type\":\"ImageObject\",\"inLanguage\":\"vi\",\"@id\":\"https:\/\/www.ivivu.com\/blog\/2017\/07\/den-bhutan-tim-phan-con-lai-cua-thien-duong\/#primaryimage\",\"url\":\"https:\/\/cdn3.ivivu.com\/2017\/07\/den-bhutan-tim-phan-con-lai-cua-thien-duong-ivivu-5.jpg\",\"contentUrl\":\"https:\/\/cdn3.ivivu.com\/2017\/07\/den-bhutan-tim-phan-con-lai-cua-thien-duong-ivivu-5.jpg\",\"width\":1024,\"height\":576},{\"@type\":\"BreadcrumbList\",\"@id\":\"https:\/\/www.ivivu.com\/blog\/2017\/07\/den-bhutan-tim-phan-con-lai-cua-thien-duong\/#breadcrumb\",\"itemListElement\":[{\"@type\":\"ListItem\",\"position\":1,\"name\":\"Home\",\"item\":\"https:\/\/www.ivivu.com\/blog\/\"},{\"@type\":\"ListItem\",\"position\":2,\"name\":\"\u0110\u1ebfn Bhutan t\u00ecm ph\u1ea7n c\u00f2n l\u1ea1i c\u1ee7a thi\u00ean \u0111\u01b0\u1eddng\"}]},{\"@type\":\"WebSite\",\"@id\":\"https:\/\/www.ivivu.com\/blog\/#website\",\"url\":\"https:\/\/www.ivivu.com\/blog\/\",\"name\":\"C\u1ea9m nang du l\u1ecbch\",\"description\":\"\",\"publisher\":{\"@id\":\"https:\/\/www.ivivu.com\/blog\/#organization\"},\"potentialAction\":[{\"@type\":\"SearchAction\",\"target\":{\"@type\":\"EntryPoint\",\"urlTemplate\":\"https:\/\/www.ivivu.com\/blog\/?s={search_term_string}\"},\"query-input\":\"required name=search_term_string\"}],\"inLanguage\":\"vi\"},{\"@type\":\"Organization\",\"@id\":\"https:\/\/www.ivivu.com\/blog\/#organization\",\"name\":\"iVIVU.com\",\"url\":\"https:\/\/www.ivivu.com\/blog\/\",\"logo\":{\"@type\":\"ImageObject\",\"inLanguage\":\"vi\",\"@id\":\"https:\/\/www.ivivu.com\/blog\/#\/schema\/logo\/image\/\",\"url\":\"https:\/\/cdn3.ivivu.com\/2024\/01\/ivivu_no_slogan.png\",\"contentUrl\":\"https:\/\/cdn3.ivivu.com\/2024\/01\/ivivu_no_slogan.png\",\"width\":788,\"height\":565,\"caption\":\"iVIVU.com\"},\"image\":{\"@id\":\"https:\/\/www.ivivu.com\/blog\/#\/schema\/logo\/image\/\"},\"sameAs\":[\"https:\/\/www.facebook.com\/iVIVU\"]},{\"@type\":\"Person\",\"@id\":\"https:\/\/www.ivivu.com\/blog\/#\/schema\/person\/f6e706f46fad4e85f2e1c3ec41136369\",\"name\":\"Ng\u00e2n Thi\u1ec1u Kim\",\"sameAs\":[\"https:\/\/www.ivivu.com\/blog\/\"],\"url\":\"https:\/\/www.ivivu.com\/blog\/author\/ngan-thieu\/\"}]}<\/script>\n<!-- \/ Yoast SEO Premium plugin. -->","yoast_head_json":{"title":"\u0110\u1ebfn Bhutan t\u00ecm ph\u1ea7n c\u00f2n l\u1ea1i c\u1ee7a thi\u00ean \u0111\u01b0\u1eddng","description":"\"Bhutan kh\u00f4ng ph\u1ea3i l\u00e0 thi\u00ean \u0111\u01b0\u1eddng, song l\u00e0 ph\u1ea7n c\u00f2n l\u1ea1i c\u1ee7a thi\u00ean \u0111\u01b0\u1eddng\", MC Phan Anh chia s\u1ebb sau 2 chuy\u1ebfn \u0111i tr\u1ea3i nghi\u1ec7m \u1edf Bhutan.","robots":{"index":"index","follow":"follow","max-snippet":"max-snippet:-1","max-image-preview":"max-image-preview:large","max-video-preview":"max-video-preview:-1"},"canonical":"https:\/\/www.ivivu.com\/blog\/2017\/07\/den-bhutan-tim-phan-con-lai-cua-thien-duong\/","twitter_misc":{"\u0110\u01b0\u1ee3c vi\u1ebft b\u1edfi":"Ng\u00e2n Thi\u1ec1u Kim","\u01af\u1edbc t\u00ednh th\u1eddi gian \u0111\u1ecdc":"6 ph\u00fat"},"schema":{"@context":"https:\/\/schema.org","@graph":[{"@type":"Article","@id":"https:\/\/www.ivivu.com\/blog\/2017\/07\/den-bhutan-tim-phan-con-lai-cua-thien-duong\/#article","isPartOf":{"@id":"https:\/\/www.ivivu.com\/blog\/2017\/07\/den-bhutan-tim-phan-con-lai-cua-thien-duong\/"},"author":{"name":"Ng\u00e2n Thi\u1ec1u Kim","@id":"https:\/\/www.ivivu.com\/blog\/#\/schema\/person\/f6e706f46fad4e85f2e1c3ec41136369"},"headline":"\u0110\u1ebfn Bhutan t\u00ecm ph\u1ea7n c\u00f2n l\u1ea1i c\u1ee7a thi\u00ean \u0111\u01b0\u1eddng","datePublished":"2017-07-10T02:18:20+00:00","dateModified":"2017-07-10T02:18:20+00:00","mainEntityOfPage":{"@id":"https:\/\/www.ivivu.com\/blog\/2017\/07\/den-bhutan-tim-phan-con-lai-cua-thien-duong\/"},"wordCount":1235,"publisher":{"@id":"https:\/\/www.ivivu.com\/blog\/#organization"},"image":{"@id":"https:\/\/www.ivivu.com\/blog\/2017\/07\/den-bhutan-tim-phan-con-lai-cua-thien-duong\/#primaryimage"},"thumbnailUrl":"https:\/\/cdn3.ivivu.com\/2017\/07\/den-bhutan-tim-phan-con-lai-cua-thien-duong-ivivu-5.jpg","keywords":["Bhutan","du l\u1ecbch Bhutan","\u0111i\u1ec3m \u0111\u1ebfn Bhutan","kinh nghi\u1ec7m du l\u1ecbch Bhutan","tham quan Bhutan"],"articleSection":["Ch\u00e2u \u00c1","Du l\u1ecbch Bhutan","DU L\u1ecaCH TH\u1ebe GI\u1edaI","\u0110i\u1ec3m \u0111\u1ebfn","N\u1ed5i B\u1eadt 2"],"inLanguage":"vi"},{"@type":"WebPage","@id":"https:\/\/www.ivivu.com\/blog\/2017\/07\/den-bhutan-tim-phan-con-lai-cua-thien-duong\/","url":"https:\/\/www.ivivu.com\/blog\/2017\/07\/den-bhutan-tim-phan-con-lai-cua-thien-duong\/","name":"\u0110\u1ebfn Bhutan t\u00ecm ph\u1ea7n c\u00f2n l\u1ea1i c\u1ee7a thi\u00ean \u0111\u01b0\u1eddng","isPartOf":{"@id":"https:\/\/www.ivivu.com\/blog\/#website"},"primaryImageOfPage":{"@id":"https:\/\/www.ivivu.com\/blog\/2017\/07\/den-bhutan-tim-phan-con-lai-cua-thien-duong\/#primaryimage"},"image":{"@id":"https:\/\/www.ivivu.com\/blog\/2017\/07\/den-bhutan-tim-phan-con-lai-cua-thien-duong\/#primaryimage"},"thumbnailUrl":"https:\/\/cdn3.ivivu.com\/2017\/07\/den-bhutan-tim-phan-con-lai-cua-thien-duong-ivivu-5.jpg","datePublished":"2017-07-10T02:18:20+00:00","dateModified":"2017-07-10T02:18:20+00:00","description":"\"Bhutan kh\u00f4ng ph\u1ea3i l\u00e0 thi\u00ean \u0111\u01b0\u1eddng, song l\u00e0 ph\u1ea7n c\u00f2n l\u1ea1i c\u1ee7a thi\u00ean \u0111\u01b0\u1eddng\", MC Phan Anh chia s\u1ebb sau 2 chuy\u1ebfn \u0111i tr\u1ea3i nghi\u1ec7m \u1edf Bhutan.","breadcrumb":{"@id":"https:\/\/www.ivivu.com\/blog\/2017\/07\/den-bhutan-tim-phan-con-lai-cua-thien-duong\/#breadcrumb"},"inLanguage":"vi","potentialAction":[{"@type":"ReadAction","target":["https:\/\/www.ivivu.com\/blog\/2017\/07\/den-bhutan-tim-phan-con-lai-cua-thien-duong\/"]}]},{"@type":"ImageObject","inLanguage":"vi","@id":"https:\/\/www.ivivu.com\/blog\/2017\/07\/den-bhutan-tim-phan-con-lai-cua-thien-duong\/#primaryimage","url":"https:\/\/cdn3.ivivu.com\/2017\/07\/den-bhutan-tim-phan-con-lai-cua-thien-duong-ivivu-5.jpg","contentUrl":"https:\/\/cdn3.ivivu.com\/2017\/07\/den-bhutan-tim-phan-con-lai-cua-thien-duong-ivivu-5.jpg","width":1024,"height":576},{"@type":"BreadcrumbList","@id":"https:\/\/www.ivivu.com\/blog\/2017\/07\/den-bhutan-tim-phan-con-lai-cua-thien-duong\/#breadcrumb","itemListElement":[{"@type":"ListItem","position":1,"name":"Home","item":"https:\/\/www.ivivu.com\/blog\/"},{"@type":"ListItem","position":2,"name":"\u0110\u1ebfn Bhutan t\u00ecm ph\u1ea7n c\u00f2n l\u1ea1i c\u1ee7a thi\u00ean \u0111\u01b0\u1eddng"}]},{"@type":"WebSite","@id":"https:\/\/www.ivivu.com\/blog\/#website","url":"https:\/\/www.ivivu.com\/blog\/","name":"C\u1ea9m nang du l\u1ecbch","description":"","publisher":{"@id":"https:\/\/www.ivivu.com\/blog\/#organization"},"potentialAction":[{"@type":"SearchAction","target":{"@type":"EntryPoint","urlTemplate":"https:\/\/www.ivivu.com\/blog\/?s={search_term_string}"},"query-input":"required name=search_term_string"}],"inLanguage":"vi"},{"@type":"Organization","@id":"https:\/\/www.ivivu.com\/blog\/#organization","name":"iVIVU.com","url":"https:\/\/www.ivivu.com\/blog\/","logo":{"@type":"ImageObject","inLanguage":"vi","@id":"https:\/\/www.ivivu.com\/blog\/#\/schema\/logo\/image\/","url":"https:\/\/cdn3.ivivu.com\/2024\/01\/ivivu_no_slogan.png","contentUrl":"https:\/\/cdn3.ivivu.com\/2024\/01\/ivivu_no_slogan.png","width":788,"height":565,"caption":"iVIVU.com"},"image":{"@id":"https:\/\/www.ivivu.com\/blog\/#\/schema\/logo\/image\/"},"sameAs":["https:\/\/www.facebook.com\/iVIVU"]},{"@type":"Person","@id":"https:\/\/www.ivivu.com\/blog\/#\/schema\/person\/f6e706f46fad4e85f2e1c3ec41136369","name":"Ng\u00e2n Thi\u1ec1u Kim","sameAs":["https:\/\/www.ivivu.com\/blog\/"],"url":"https:\/\/www.ivivu.com\/blog\/author\/ngan-thieu\/"}]}},"_links":{"self":[{"href":"https:\/\/www.ivivu.com\/blog\/wp-json\/wp\/v2\/posts\/216677"}],"collection":[{"href":"https:\/\/www.ivivu.com\/blog\/wp-json\/wp\/v2\/posts"}],"about":[{"href":"https:\/\/www.ivivu.com\/blog\/wp-json\/wp\/v2\/types\/post"}],"author":[{"embeddable":true,"href":"https:\/\/www.ivivu.com\/blog\/wp-json\/wp\/v2\/users\/38"}],"replies":[{"embeddable":true,"href":"https:\/\/www.ivivu.com\/blog\/wp-json\/wp\/v2\/comments?post=216677"}],"version-history":[{"count":9,"href":"https:\/\/www.ivivu.com\/blog\/wp-json\/wp\/v2\/posts\/216677\/revisions"}],"predecessor-version":[{"id":216718,"href":"https:\/\/www.ivivu.com\/blog\/wp-json\/wp\/v2\/posts\/216677\/revisions\/216718"}],"wp:featuredmedia":[{"embeddable":true,"href":"https:\/\/www.ivivu.com\/blog\/wp-json\/wp\/v2\/media\/216608"}],"wp:attachment":[{"href":"https:\/\/www.ivivu.com\/blog\/wp-json\/wp\/v2\/media?parent=216677"}],"wp:term":[{"taxonomy":"category","embeddable":true,"href":"https:\/\/www.ivivu.com\/blog\/wp-json\/wp\/v2\/categories?post=216677"},{"taxonomy":"post_tag","embeddable":true,"href":"https:\/\/www.ivivu.com\/blog\/wp-json\/wp\/v2\/tags?post=216677"}],"curies":[{"name":"wp","href":"https:\/\/api.w.org\/{rel}","templated":true}]}}