{"id":223087,"date":"2017-08-20T06:00:04","date_gmt":"2017-08-19T23:00:04","guid":{"rendered":"https:\/\/www.ivivu.com\/blog\/?p=223087"},"modified":"2017-08-18T14:35:52","modified_gmt":"2017-08-18T07:35:52","slug":"cap-doi-che-xe-hoi-thanh-nha-di-dong-di-choi-vong-quanh-chau-au","status":"publish","type":"post","link":"https:\/\/www.ivivu.com\/blog\/2017\/08\/cap-doi-che-xe-hoi-thanh-nha-di-dong-di-choi-vong-quanh-chau-au\/","title":{"rendered":"C\u1eb7p \u0111\u00f4i ch\u1ebf xe h\u01a1i th\u00e0nh &#8216;nh\u00e0 di \u0111\u1ed9ng&#8217; \u0111i ch\u01a1i v\u00f2ng quanh ch\u00e2u \u00c2u"},"content":{"rendered":"<p style=\"text-align: justify;\"><strong><em>C\u1eb7p \u0111\u00f4i ng\u01b0\u1eddi Na Uy Birk Haaland v\u00e0 Sara Teigen \u0111\u00e3 bi\u1ebfn chi\u1ebfc xe Volkswagen c\u1ee7a m\u00ecnh th\u00e0nh ng\u00f4i nh\u00e0 di \u0111\u1ed9ng \u0111\u1ec3 \u0111i du l\u1ecbch qua nhi\u1ec1u qu\u1ed1c gia ch\u00e2u \u00c2u.<\/em><\/strong><!--more--><\/p>\n<h2 style=\"text-align: justify;\">C\u1eb7p \u0111\u00f4i ch\u1ebf xe h\u01a1i th\u00e0nh &#8216;nh\u00e0 di \u0111\u1ed9ng&#8217; \u0111i du l\u1ecbch v\u00f2ng quanh ch\u00e2u \u00c2u<\/h2>\n<div id=\"attachment_223064\" style=\"width: 644px\" class=\"wp-caption aligncenter\"><img loading=\"lazy\" decoding=\"async\" aria-describedby=\"caption-attachment-223064\" class=\"wp-image-223064 size-full\" title=\"Sara Teigen tr\u00ean chi\u1ebfc xe Volkswagen - \u1ea2nh: mediadrumworld\" src=\"https:\/\/cdn3.ivivu.com\/2017\/08\/cap-doi-che-xe-hoi-thanh-nha-di-dong-di-choi-vong-quanh-chau-au-ivivu-1.jpg\" alt=\"Sara Teigen tr\u00ean chi\u1ebfc xe Volkswagen - \u1ea2nh: mediadrumworld\" width=\"634\" height=\"493\" srcset=\"https:\/\/cdn3.ivivu.com\/2017\/08\/cap-doi-che-xe-hoi-thanh-nha-di-dong-di-choi-vong-quanh-chau-au-ivivu-1.jpg 634w, https:\/\/cdn3.ivivu.com\/2017\/08\/cap-doi-che-xe-hoi-thanh-nha-di-dong-di-choi-vong-quanh-chau-au-ivivu-1-392x305.jpg 392w\" sizes=\"(max-width: 634px) 100vw, 634px\" \/><p id=\"caption-attachment-223064\" class=\"wp-caption-text\">Sara Teigen tr\u00ean chi\u1ebfc xe Volkswagen &#8211; \u1ea2nh: mediadrumworld<\/p><\/div>\n<p style=\"text-align: justify;\">&#8220;Sau khi Birk b\u1ecb b\u1ec7nh v\u00e0o ba n\u0103m tr\u01b0\u1edbc, ch\u00fang t\u00f4i \u0111\u00e3 thay \u0111\u1ed5i quan ni\u1ec7m s\u1ed1ng&#8221;, c\u00f4 g\u00e1i 26 tu\u1ed5i Sara n\u00f3i.<\/p>\n<p style=\"text-align: justify;\">&#8220;Ch\u00fang t\u00f4i quan t\u00e2m \u0111\u1ebfn hi\u1ec7n t\u1ea1i, \u0111i du l\u1ecbch, t\u1eadp yoga, d\u00e0nh th\u1eddi gian cho b\u1ea1n b\u00e8 v\u00e0 gia \u0111\u00ecnh nhi\u1ec1u h\u01a1n. Birk b\u1eaft \u0111\u1ea7u ngh\u0129 \u0111\u1ebfn vi\u1ec7c t\u1ef1 t\u1ea1o ra m\u1ed9t ng\u00f4i nh\u00e0 nh\u1ecf tr\u00ean chi\u1ebfc xe b\u00e1n t\u1ea3i&#8221;, c\u00f4 k\u1ec3.<\/p>\n<p style=\"text-align: justify;\">C\u1eb7p \u0111\u00f4i cho bi\u1ebft h\u1ecd r\u1ea5t th\u00edch \u00fd t\u01b0\u1edfng \u0111\u01b0\u1ee3c s\u1ed1ng trong m\u1ed9t ng\u00f4i nh\u00e0 tuy nh\u1ecf nh\u01b0ng \u0111\u1ea7m \u1ea5m, h\u1ea1nh ph\u00fac, n\u01a1i cho ph\u00e9p h\u1ecd phi\u00eau l\u01b0u \u0111\u1ebfn m\u1ecdi n\u01a1i.<\/p>\n<p style=\"text-align: justify;\">C\u1ea3 hai v\u1eabn \u0111ang ti\u1ebft ki\u1ec7m ti\u1ec1n \u0111\u1ec3 ho\u00e0n th\u00e0nh k\u1ebf ho\u1ea1ch \u0111i du l\u1ecbch v\u00f2ng quanh ch\u00e2u \u00c2u c\u1ee7a m\u00ecnh. T\u00ednh \u0111\u1ebfn nay, Sara v\u00e0 Birk \u0111\u00e3 \u0111i qua \u0110an M\u1ea1ch, Th\u1ee5y \u0110i\u1ec3n v\u00e0 ph\u00eda B\u1eafc Na Uy.<\/p>\n<p style=\"text-align: justify;\">&#8220;C\u1ea3m gi\u00e1c \u0111\u01b0\u1ee3c l\u00e0 m\u1ed9t ph\u1ea7n c\u1ee7a thi\u00ean nhi\u00ean r\u1ea5t th\u00fa v\u1ecb. \u0110\u00f3 l\u00e0 tr\u1ea3i nghi\u1ec7m \u0111\u1ea7y y\u00ean b\u00ecnh nh\u01b0ng c\u0169ng r\u1ea5t ph\u1ea5n kh\u00edch&#8221;, Birk k\u1ec3 v\u1ec1 nh\u1eefng l\u1ea7n anh c\u00f9ng b\u1ea1n g\u00e1i l\u01b0\u1edbt s\u00f3ng.<\/p>\n<p style=\"text-align: justify;\">&#8220;Cu\u1ed9c s\u1ed1ng d\u01b0\u1eddng nh\u01b0 tr\u00f4i ch\u1eadm l\u1ea1i khi ch\u00fang t\u00f4i c\u00f9ng nhau \u0111i du l\u1ecbch b\u1eb1ng ng\u00f4i nh\u00e0 di \u0111\u1ed9ng n\u00e0y. T\u00f4i c\u00f3 th\u1ec3 t\u1eadn h\u01b0\u1edfng thi\u00ean nhi\u00ean, l\u00e0m m\u1ecdi \u0111i\u1ec1u m\u00ecnh th\u00edch. N\u1ebfu th\u1ea5y c\u1ea3nh \u0111\u1eb9p, ch\u00fang t\u00f4i d\u1eebng l\u1ea1i. Khi \u0111\u00f3i, ch\u00fang t\u00f4i \u0103n. Ch\u1eb3ng c\u1ea7n ph\u1ea3i lo l\u1eafng v\u1ec1 \u0111i\u1ec1u g\u00ec&#8221;, Sara cho bi\u1ebft.<\/p>\n<p style=\"text-align: justify;\"><img loading=\"lazy\" decoding=\"async\" class=\"aligncenter wp-image-223065 size-full\" src=\"https:\/\/cdn3.ivivu.com\/2017\/08\/cap-doi-che-xe-hoi-thanh-nha-di-dong-di-choi-vong-quanh-chau-au-ivivu-2.jpg\" alt=\"cap-doi-che-xe-hoi-thanh-nha-di-dong-di-choi-vong-quanh-chau-au-ivivu-2\" width=\"634\" height=\"634\" srcset=\"https:\/\/cdn3.ivivu.com\/2017\/08\/cap-doi-che-xe-hoi-thanh-nha-di-dong-di-choi-vong-quanh-chau-au-ivivu-2.jpg 634w, https:\/\/cdn3.ivivu.com\/2017\/08\/cap-doi-che-xe-hoi-thanh-nha-di-dong-di-choi-vong-quanh-chau-au-ivivu-2-305x305.jpg 305w, https:\/\/cdn3.ivivu.com\/2017\/08\/cap-doi-che-xe-hoi-thanh-nha-di-dong-di-choi-vong-quanh-chau-au-ivivu-2-75x75.jpg 75w\" sizes=\"(max-width: 634px) 100vw, 634px\" \/> <img loading=\"lazy\" decoding=\"async\" class=\"aligncenter wp-image-223066 size-full\" src=\"https:\/\/cdn3.ivivu.com\/2017\/08\/cap-doi-che-xe-hoi-thanh-nha-di-dong-di-choi-vong-quanh-chau-au-ivivu-3.jpg\" alt=\"cap-doi-che-xe-hoi-thanh-nha-di-dong-di-choi-vong-quanh-chau-au-ivivu-3\" width=\"634\" height=\"673\" srcset=\"https:\/\/cdn3.ivivu.com\/2017\/08\/cap-doi-che-xe-hoi-thanh-nha-di-dong-di-choi-vong-quanh-chau-au-ivivu-3.jpg 634w, https:\/\/cdn3.ivivu.com\/2017\/08\/cap-doi-che-xe-hoi-thanh-nha-di-dong-di-choi-vong-quanh-chau-au-ivivu-3-287x305.jpg 287w\" sizes=\"(max-width: 634px) 100vw, 634px\" \/> <img loading=\"lazy\" decoding=\"async\" class=\"aligncenter wp-image-223068 size-full\" src=\"https:\/\/cdn3.ivivu.com\/2017\/08\/cap-doi-che-xe-hoi-thanh-nha-di-dong-di-choi-vong-quanh-chau-au-ivivu-5.jpg\" alt=\"cap-doi-che-xe-hoi-thanh-nha-di-dong-di-choi-vong-quanh-chau-au-ivivu-5\" width=\"634\" height=\"581\" srcset=\"https:\/\/cdn3.ivivu.com\/2017\/08\/cap-doi-che-xe-hoi-thanh-nha-di-dong-di-choi-vong-quanh-chau-au-ivivu-5.jpg 634w, https:\/\/cdn3.ivivu.com\/2017\/08\/cap-doi-che-xe-hoi-thanh-nha-di-dong-di-choi-vong-quanh-chau-au-ivivu-5-333x305.jpg 333w\" sizes=\"(max-width: 634px) 100vw, 634px\" \/> <img loading=\"lazy\" decoding=\"async\" class=\"aligncenter wp-image-223067 size-full\" src=\"https:\/\/cdn3.ivivu.com\/2017\/08\/cap-doi-che-xe-hoi-thanh-nha-di-dong-di-choi-vong-quanh-chau-au-ivivu-4.jpg\" alt=\"cap-doi-che-xe-hoi-thanh-nha-di-dong-di-choi-vong-quanh-chau-au-ivivu-4\" width=\"634\" height=\"845\" srcset=\"https:\/\/cdn3.ivivu.com\/2017\/08\/cap-doi-che-xe-hoi-thanh-nha-di-dong-di-choi-vong-quanh-chau-au-ivivu-4.jpg 634w, https:\/\/cdn3.ivivu.com\/2017\/08\/cap-doi-che-xe-hoi-thanh-nha-di-dong-di-choi-vong-quanh-chau-au-ivivu-4-229x305.jpg 229w\" sizes=\"(max-width: 634px) 100vw, 634px\" \/><\/p>\n<h4 style=\"text-align: center;\"><div class=\"ltt-contentbox white\"><\/span>G\u1eccI NGAY 1900 1870 (Mi\u1ec1n Nam),\u00a01900 2045 (Mi\u1ec1n B\u1eafc) ho\u1eb7c 029 27308668 (Mi\u1ec1n T\u00e2y) \u0110\u1ec2 \u0110\u01af\u1ee2C T\u01af V\u1ea4N\u00a0<a href=\"https:\/\/www.ivivu.com\/ve-may-bay\/?utm_source=blog_ivivu&amp;utm_medium=post_link&amp;utm_campaign=internal\" target=\"_blank\">COMBO KH\u00c1CH S\u1ea0N + V\u00c9 M\u00c1Y BAY<\/a> GI\u00c1 SI\u00caU TI\u1ebeT KI\u1ec6M T\u1eea IVIVU.COM<\/div><\/h4>\n<p style=\"text-align: right;\">\u00a0<strong>Theo B\u00ecnh Minh\/Tu\u1ed5i tr\u1ebb<\/strong><\/p>\n<p style=\"text-align: left;\"><div class=\"ltt-contentbox white\"><\/span><\/p>\n<p style=\"text-align: left;\"><strong>Xem th\u00eam c\u00e1c b\u00e0i vi\u1ebft:<\/strong><\/p>\n<p style=\"text-align: left;\"><strong><a href=\"https:\/\/www.ivivu.com\/blog\/2017\/08\/doi-vo-chong-viet-hung-va-hanh-trinh-dap-xe-11-000km-qua-13-nuoc-tu-hungary-ve-viet-nam\/\" target=\"_blank\">\u0110\u00f4i v\u1ee3 ch\u1ed3ng Vi\u1ec7t \u2013 Hung v\u00e0 h\u00e0nh tr\u00ecnh \u0111\u1ea1p xe 11.000km qua 13 n\u01b0\u1edbc t\u1eeb Hungary v\u1ec1 Vi\u1ec7t Nam<\/a><\/strong><\/p>\n<p style=\"text-align: left;\"><strong><a href=\"https:\/\/www.ivivu.com\/blog\/2016\/05\/4-cap-doi-cuc-dep-roi-suot-ngay-dua-nhau-di-khap-the-gian-khien-ban-phat-them\/\" target=\"_blank\">4 c\u1eb7p \u0111\u00f4i c\u1ef1c \u0111\u1eb9p r\u1ed3i su\u1ed1t ng\u00e0y\u2026 \u0111\u01b0a nhau \u0111i kh\u1eafp th\u1ebf gian khi\u1ebfn b\u1ea1n ph\u00e1t th\u00e8m!<\/a><\/strong><\/p>\n<p style=\"text-align: left;\"><strong><a href=\"https:\/\/www.ivivu.com\/blog\/2017\/02\/10-dieu-ban-va-nguoi-yeu-nen-lam-khi-xach-balo-len-va-di\/\" target=\"_blank\">10 \u0111i\u1ec1u b\u1ea1n v\u00e0 ng\u01b0\u1eddi y\u00eau n\u00ean l\u00e0m khi \u2018x\u00e1ch balo l\u00ean v\u00e0 \u0111i\u2019<\/a><\/strong><\/p>\n<p style=\"text-align: left;\"><\/div><\/p>\n<h3 style=\"text-align: left;\"><div class=\"ltt-contentbox white\"><\/span>Click \u0111\u1eb7t ngay <a href=\"https:\/\/www.ivivu.com\/vi\/?utm_source=blog_ivivu&amp;utm_medium=post_link&amp;utm_campaign=internal?utm_source=blog_ivivu&amp;utm_medium=post_link&amp;utm_campaign=internal?utm_source=blog_ivivu&amp;utm_medium=post_link&amp;utm_campaign=internal?utm_source=blog_ivivu&amp;utm_medium=post_link&amp;utm_campaign=internal?utm_source=blog_ivivu&amp;utm_medium=post_link&amp;utm_campaign=internal?utm_source=blog_ivivu&amp;utm_medium=post_link&amp;utm_campaign=internal?utm_source=blog_ivivu&amp;utm_medium=post_link&amp;utm_campaign=internal?utm_source=blog_ivivu&amp;utm_medium=post_link&amp;utm_campaign=internal?utm_source=blog_ivivu&amp;utm_medium=post_link&amp;utm_campaign=internal?utm_source=blog_ivivu&amp;utm_medium=post_link&amp;utm_campaign=internal?utm_source=blog_ivivu&amp;utm_medium=post_link&amp;utm_campaign=internal?utm_source=blog_ivivu&amp;utm_medium=post_link&amp;utm_campaign=internal?utm_source=blog_ivivu&amp;utm_medium=post_link&amp;utm_campaign=internal?utm_source=blog_ivivu&amp;utm_medium=post_link&amp;utm_campaign=internal?utm_source=blog_ivivu&amp;utm_medium=post_link&amp;utm_campaign=internal\" target=\"_blank\">Kh\u00e1ch s\u1ea1n kh\u1eafp Vi\u1ec7t Nam v\u00e0 to\u00e0n th\u1ebf gi\u1edbi<\/a> gi\u00e1 t\u1ed1t nh\u1ea5t ch\u1ec9 c\u00f3 t\u1ea1i iVIVU.com<\/div><\/h3>\n<p style=\"text-align: left;\">***<\/p>\n<p style=\"text-align: left;\"><strong>Tham kh\u1ea3o:\u00a0<a href=\"https:\/\/www.ivivu.com\/blog\/\" target=\"_blank\">C\u1ea9m nang du l\u1ecbch iVIVU.com<\/a><\/strong><\/p>\n","protected":false},"excerpt":{"rendered":"<p>C\u1eb7p \u0111\u00f4i ng\u01b0\u1eddi Na Uy Birk Haaland v\u00e0 Sara Teigen \u0111\u00e3 bi\u1ebfn chi\u1ebfc xe Volkswagen c\u1ee7a m\u00ecnh th\u00e0nh ng\u00f4i nh\u00e0 di \u0111\u1ed9ng \u0111\u1ec3 \u0111i du l\u1ecbch qua nhi\u1ec1u qu\u1ed1c gia ch\u00e2u \u00c2u.<\/p>\n","protected":false},"author":38,"featured_media":223066,"comment_status":"closed","ping_status":"open","sticky":false,"template":"","format":"standard","meta":{"_acf_changed":false,"footnotes":""},"categories":[231,796,14742],"tags":[44,16,12927,319,6033,29196],"acf":[],"yoast_head":"<!-- This site is optimized with the Yoast SEO Premium plugin v22.6 (Yoast SEO v22.6) - https:\/\/yoast.com\/wordpress\/plugins\/seo\/ -->\n<title>C\u1eb7p \u0111\u00f4i ch\u1ebf xe h\u01a1i th\u00e0nh &#039;nh\u00e0 di \u0111\u1ed9ng&#039; \u0111i du l\u1ecbch v\u00f2ng quanh ch\u00e2u \u00c2u - iVIVU.com<\/title>\n<meta name=\"description\" content=\"C\u1eb7p \u0111\u00f4i ng\u01b0\u1eddi Na Uy Birk Haaland v\u00e0 Sara Teigen \u0111\u00e3 bi\u1ebfn chi\u1ebfc xe Volkswagen c\u1ee7a m\u00ecnh th\u00e0nh ng\u00f4i nh\u00e0 di \u0111\u1ed9ng \u0111\u1ec3 \u0111i du l\u1ecbch qua nhi\u1ec1u qu\u1ed1c gia ch\u00e2u \u00c2u.\" \/>\n<meta name=\"robots\" content=\"index, follow, max-snippet:-1, max-image-preview:large, max-video-preview:-1\" \/>\n<link rel=\"canonical\" href=\"https:\/\/www.ivivu.com\/blog\/2017\/08\/cap-doi-che-xe-hoi-thanh-nha-di-dong-di-choi-vong-quanh-chau-au\/\" \/>\n<meta name=\"twitter:label1\" content=\"\u0110\u01b0\u1ee3c vi\u1ebft b\u1edfi\" \/>\n\t<meta name=\"twitter:data1\" content=\"Ng\u00e2n Thi\u1ec1u Kim\" \/>\n\t<meta name=\"twitter:label2\" content=\"\u01af\u1edbc t\u00ednh th\u1eddi gian \u0111\u1ecdc\" \/>\n\t<meta name=\"twitter:data2\" content=\"3 ph\u00fat\" \/>\n<script type=\"application\/ld+json\" class=\"yoast-schema-graph\">{\"@context\":\"https:\/\/schema.org\",\"@graph\":[{\"@type\":\"Article\",\"@id\":\"https:\/\/www.ivivu.com\/blog\/2017\/08\/cap-doi-che-xe-hoi-thanh-nha-di-dong-di-choi-vong-quanh-chau-au\/#article\",\"isPartOf\":{\"@id\":\"https:\/\/www.ivivu.com\/blog\/2017\/08\/cap-doi-che-xe-hoi-thanh-nha-di-dong-di-choi-vong-quanh-chau-au\/\"},\"author\":{\"name\":\"Ng\u00e2n Thi\u1ec1u Kim\",\"@id\":\"https:\/\/www.ivivu.com\/blog\/#\/schema\/person\/f6e706f46fad4e85f2e1c3ec41136369\"},\"headline\":\"C\u1eb7p \u0111\u00f4i ch\u1ebf xe h\u01a1i th\u00e0nh &#8216;nh\u00e0 di \u0111\u1ed9ng&#8217; \u0111i ch\u01a1i v\u00f2ng quanh ch\u00e2u \u00c2u\",\"datePublished\":\"2017-08-19T23:00:04+00:00\",\"dateModified\":\"2017-08-18T07:35:52+00:00\",\"mainEntityOfPage\":{\"@id\":\"https:\/\/www.ivivu.com\/blog\/2017\/08\/cap-doi-che-xe-hoi-thanh-nha-di-dong-di-choi-vong-quanh-chau-au\/\"},\"wordCount\":639,\"publisher\":{\"@id\":\"https:\/\/www.ivivu.com\/blog\/#organization\"},\"image\":{\"@id\":\"https:\/\/www.ivivu.com\/blog\/2017\/08\/cap-doi-che-xe-hoi-thanh-nha-di-dong-di-choi-vong-quanh-chau-au\/#primaryimage\"},\"thumbnailUrl\":\"https:\/\/cdn3.ivivu.com\/2017\/08\/cap-doi-che-xe-hoi-thanh-nha-di-dong-di-choi-vong-quanh-chau-au-ivivu-3.jpg\",\"keywords\":[\"ch\u00e2u \u00c2u\",\"du l\u1ecbch\",\"du l\u1ecbch c\u1eb7p \u0111\u00f4i\",\"Du l\u1ecbch ch\u00e2u \u00e2u\",\"\u0111i\u1ec3m \u0111\u1ebfn ch\u00e2u \u00c2u\",\"v\u00f2ng quanh ch\u00e2u \u00c2u\"],\"articleSection\":[\"DU L\u1ecaCH TH\u1ebe GI\u1edaI\",\"Mu\u00f4n M\u00e0u\",\"N\u1ed5i B\u1eadt 2\"],\"inLanguage\":\"vi\"},{\"@type\":\"WebPage\",\"@id\":\"https:\/\/www.ivivu.com\/blog\/2017\/08\/cap-doi-che-xe-hoi-thanh-nha-di-dong-di-choi-vong-quanh-chau-au\/\",\"url\":\"https:\/\/www.ivivu.com\/blog\/2017\/08\/cap-doi-che-xe-hoi-thanh-nha-di-dong-di-choi-vong-quanh-chau-au\/\",\"name\":\"C\u1eb7p \u0111\u00f4i ch\u1ebf xe h\u01a1i th\u00e0nh 'nh\u00e0 di \u0111\u1ed9ng' \u0111i du l\u1ecbch v\u00f2ng quanh ch\u00e2u \u00c2u - iVIVU.com\",\"isPartOf\":{\"@id\":\"https:\/\/www.ivivu.com\/blog\/#website\"},\"primaryImageOfPage\":{\"@id\":\"https:\/\/www.ivivu.com\/blog\/2017\/08\/cap-doi-che-xe-hoi-thanh-nha-di-dong-di-choi-vong-quanh-chau-au\/#primaryimage\"},\"image\":{\"@id\":\"https:\/\/www.ivivu.com\/blog\/2017\/08\/cap-doi-che-xe-hoi-thanh-nha-di-dong-di-choi-vong-quanh-chau-au\/#primaryimage\"},\"thumbnailUrl\":\"https:\/\/cdn3.ivivu.com\/2017\/08\/cap-doi-che-xe-hoi-thanh-nha-di-dong-di-choi-vong-quanh-chau-au-ivivu-3.jpg\",\"datePublished\":\"2017-08-19T23:00:04+00:00\",\"dateModified\":\"2017-08-18T07:35:52+00:00\",\"description\":\"C\u1eb7p \u0111\u00f4i ng\u01b0\u1eddi Na Uy Birk Haaland v\u00e0 Sara Teigen \u0111\u00e3 bi\u1ebfn chi\u1ebfc xe Volkswagen c\u1ee7a m\u00ecnh th\u00e0nh ng\u00f4i nh\u00e0 di \u0111\u1ed9ng \u0111\u1ec3 \u0111i du l\u1ecbch qua nhi\u1ec1u qu\u1ed1c gia ch\u00e2u \u00c2u.\",\"breadcrumb\":{\"@id\":\"https:\/\/www.ivivu.com\/blog\/2017\/08\/cap-doi-che-xe-hoi-thanh-nha-di-dong-di-choi-vong-quanh-chau-au\/#breadcrumb\"},\"inLanguage\":\"vi\",\"potentialAction\":[{\"@type\":\"ReadAction\",\"target\":[\"https:\/\/www.ivivu.com\/blog\/2017\/08\/cap-doi-che-xe-hoi-thanh-nha-di-dong-di-choi-vong-quanh-chau-au\/\"]}]},{\"@type\":\"ImageObject\",\"inLanguage\":\"vi\",\"@id\":\"https:\/\/www.ivivu.com\/blog\/2017\/08\/cap-doi-che-xe-hoi-thanh-nha-di-dong-di-choi-vong-quanh-chau-au\/#primaryimage\",\"url\":\"https:\/\/cdn3.ivivu.com\/2017\/08\/cap-doi-che-xe-hoi-thanh-nha-di-dong-di-choi-vong-quanh-chau-au-ivivu-3.jpg\",\"contentUrl\":\"https:\/\/cdn3.ivivu.com\/2017\/08\/cap-doi-che-xe-hoi-thanh-nha-di-dong-di-choi-vong-quanh-chau-au-ivivu-3.jpg\",\"width\":634,\"height\":673},{\"@type\":\"BreadcrumbList\",\"@id\":\"https:\/\/www.ivivu.com\/blog\/2017\/08\/cap-doi-che-xe-hoi-thanh-nha-di-dong-di-choi-vong-quanh-chau-au\/#breadcrumb\",\"itemListElement\":[{\"@type\":\"ListItem\",\"position\":1,\"name\":\"Home\",\"item\":\"https:\/\/www.ivivu.com\/blog\/\"},{\"@type\":\"ListItem\",\"position\":2,\"name\":\"C\u1eb7p \u0111\u00f4i ch\u1ebf xe h\u01a1i th\u00e0nh &#8216;nh\u00e0 di \u0111\u1ed9ng&#8217; \u0111i ch\u01a1i v\u00f2ng quanh ch\u00e2u \u00c2u\"}]},{\"@type\":\"WebSite\",\"@id\":\"https:\/\/www.ivivu.com\/blog\/#website\",\"url\":\"https:\/\/www.ivivu.com\/blog\/\",\"name\":\"C\u1ea9m nang du l\u1ecbch\",\"description\":\"\",\"publisher\":{\"@id\":\"https:\/\/www.ivivu.com\/blog\/#organization\"},\"potentialAction\":[{\"@type\":\"SearchAction\",\"target\":{\"@type\":\"EntryPoint\",\"urlTemplate\":\"https:\/\/www.ivivu.com\/blog\/?s={search_term_string}\"},\"query-input\":\"required name=search_term_string\"}],\"inLanguage\":\"vi\"},{\"@type\":\"Organization\",\"@id\":\"https:\/\/www.ivivu.com\/blog\/#organization\",\"name\":\"iVIVU.com\",\"url\":\"https:\/\/www.ivivu.com\/blog\/\",\"logo\":{\"@type\":\"ImageObject\",\"inLanguage\":\"vi\",\"@id\":\"https:\/\/www.ivivu.com\/blog\/#\/schema\/logo\/image\/\",\"url\":\"https:\/\/cdn3.ivivu.com\/2024\/01\/ivivu_no_slogan.png\",\"contentUrl\":\"https:\/\/cdn3.ivivu.com\/2024\/01\/ivivu_no_slogan.png\",\"width\":788,\"height\":565,\"caption\":\"iVIVU.com\"},\"image\":{\"@id\":\"https:\/\/www.ivivu.com\/blog\/#\/schema\/logo\/image\/\"},\"sameAs\":[\"https:\/\/www.facebook.com\/iVIVU\"]},{\"@type\":\"Person\",\"@id\":\"https:\/\/www.ivivu.com\/blog\/#\/schema\/person\/f6e706f46fad4e85f2e1c3ec41136369\",\"name\":\"Ng\u00e2n Thi\u1ec1u Kim\",\"sameAs\":[\"https:\/\/www.ivivu.com\/blog\/\"],\"url\":\"https:\/\/www.ivivu.com\/blog\/author\/ngan-thieu\/\"}]}<\/script>\n<!-- \/ Yoast SEO Premium plugin. -->","yoast_head_json":{"title":"C\u1eb7p \u0111\u00f4i ch\u1ebf xe h\u01a1i th\u00e0nh 'nh\u00e0 di \u0111\u1ed9ng' \u0111i du l\u1ecbch v\u00f2ng quanh ch\u00e2u \u00c2u - iVIVU.com","description":"C\u1eb7p \u0111\u00f4i ng\u01b0\u1eddi Na Uy Birk Haaland v\u00e0 Sara Teigen \u0111\u00e3 bi\u1ebfn chi\u1ebfc xe Volkswagen c\u1ee7a m\u00ecnh th\u00e0nh ng\u00f4i nh\u00e0 di \u0111\u1ed9ng \u0111\u1ec3 \u0111i du l\u1ecbch qua nhi\u1ec1u qu\u1ed1c gia ch\u00e2u \u00c2u.","robots":{"index":"index","follow":"follow","max-snippet":"max-snippet:-1","max-image-preview":"max-image-preview:large","max-video-preview":"max-video-preview:-1"},"canonical":"https:\/\/www.ivivu.com\/blog\/2017\/08\/cap-doi-che-xe-hoi-thanh-nha-di-dong-di-choi-vong-quanh-chau-au\/","twitter_misc":{"\u0110\u01b0\u1ee3c vi\u1ebft b\u1edfi":"Ng\u00e2n Thi\u1ec1u Kim","\u01af\u1edbc t\u00ednh th\u1eddi gian \u0111\u1ecdc":"3 ph\u00fat"},"schema":{"@context":"https:\/\/schema.org","@graph":[{"@type":"Article","@id":"https:\/\/www.ivivu.com\/blog\/2017\/08\/cap-doi-che-xe-hoi-thanh-nha-di-dong-di-choi-vong-quanh-chau-au\/#article","isPartOf":{"@id":"https:\/\/www.ivivu.com\/blog\/2017\/08\/cap-doi-che-xe-hoi-thanh-nha-di-dong-di-choi-vong-quanh-chau-au\/"},"author":{"name":"Ng\u00e2n Thi\u1ec1u Kim","@id":"https:\/\/www.ivivu.com\/blog\/#\/schema\/person\/f6e706f46fad4e85f2e1c3ec41136369"},"headline":"C\u1eb7p \u0111\u00f4i ch\u1ebf xe h\u01a1i th\u00e0nh &#8216;nh\u00e0 di \u0111\u1ed9ng&#8217; \u0111i ch\u01a1i v\u00f2ng quanh ch\u00e2u \u00c2u","datePublished":"2017-08-19T23:00:04+00:00","dateModified":"2017-08-18T07:35:52+00:00","mainEntityOfPage":{"@id":"https:\/\/www.ivivu.com\/blog\/2017\/08\/cap-doi-che-xe-hoi-thanh-nha-di-dong-di-choi-vong-quanh-chau-au\/"},"wordCount":639,"publisher":{"@id":"https:\/\/www.ivivu.com\/blog\/#organization"},"image":{"@id":"https:\/\/www.ivivu.com\/blog\/2017\/08\/cap-doi-che-xe-hoi-thanh-nha-di-dong-di-choi-vong-quanh-chau-au\/#primaryimage"},"thumbnailUrl":"https:\/\/cdn3.ivivu.com\/2017\/08\/cap-doi-che-xe-hoi-thanh-nha-di-dong-di-choi-vong-quanh-chau-au-ivivu-3.jpg","keywords":["ch\u00e2u \u00c2u","du l\u1ecbch","du l\u1ecbch c\u1eb7p \u0111\u00f4i","Du l\u1ecbch ch\u00e2u \u00e2u","\u0111i\u1ec3m \u0111\u1ebfn ch\u00e2u \u00c2u","v\u00f2ng quanh ch\u00e2u \u00c2u"],"articleSection":["DU L\u1ecaCH TH\u1ebe GI\u1edaI","Mu\u00f4n M\u00e0u","N\u1ed5i B\u1eadt 2"],"inLanguage":"vi"},{"@type":"WebPage","@id":"https:\/\/www.ivivu.com\/blog\/2017\/08\/cap-doi-che-xe-hoi-thanh-nha-di-dong-di-choi-vong-quanh-chau-au\/","url":"https:\/\/www.ivivu.com\/blog\/2017\/08\/cap-doi-che-xe-hoi-thanh-nha-di-dong-di-choi-vong-quanh-chau-au\/","name":"C\u1eb7p \u0111\u00f4i ch\u1ebf xe h\u01a1i th\u00e0nh 'nh\u00e0 di \u0111\u1ed9ng' \u0111i du l\u1ecbch v\u00f2ng quanh ch\u00e2u \u00c2u - iVIVU.com","isPartOf":{"@id":"https:\/\/www.ivivu.com\/blog\/#website"},"primaryImageOfPage":{"@id":"https:\/\/www.ivivu.com\/blog\/2017\/08\/cap-doi-che-xe-hoi-thanh-nha-di-dong-di-choi-vong-quanh-chau-au\/#primaryimage"},"image":{"@id":"https:\/\/www.ivivu.com\/blog\/2017\/08\/cap-doi-che-xe-hoi-thanh-nha-di-dong-di-choi-vong-quanh-chau-au\/#primaryimage"},"thumbnailUrl":"https:\/\/cdn3.ivivu.com\/2017\/08\/cap-doi-che-xe-hoi-thanh-nha-di-dong-di-choi-vong-quanh-chau-au-ivivu-3.jpg","datePublished":"2017-08-19T23:00:04+00:00","dateModified":"2017-08-18T07:35:52+00:00","description":"C\u1eb7p \u0111\u00f4i ng\u01b0\u1eddi Na Uy Birk Haaland v\u00e0 Sara Teigen \u0111\u00e3 bi\u1ebfn chi\u1ebfc xe Volkswagen c\u1ee7a m\u00ecnh th\u00e0nh ng\u00f4i nh\u00e0 di \u0111\u1ed9ng \u0111\u1ec3 \u0111i du l\u1ecbch qua nhi\u1ec1u qu\u1ed1c gia ch\u00e2u \u00c2u.","breadcrumb":{"@id":"https:\/\/www.ivivu.com\/blog\/2017\/08\/cap-doi-che-xe-hoi-thanh-nha-di-dong-di-choi-vong-quanh-chau-au\/#breadcrumb"},"inLanguage":"vi","potentialAction":[{"@type":"ReadAction","target":["https:\/\/www.ivivu.com\/blog\/2017\/08\/cap-doi-che-xe-hoi-thanh-nha-di-dong-di-choi-vong-quanh-chau-au\/"]}]},{"@type":"ImageObject","inLanguage":"vi","@id":"https:\/\/www.ivivu.com\/blog\/2017\/08\/cap-doi-che-xe-hoi-thanh-nha-di-dong-di-choi-vong-quanh-chau-au\/#primaryimage","url":"https:\/\/cdn3.ivivu.com\/2017\/08\/cap-doi-che-xe-hoi-thanh-nha-di-dong-di-choi-vong-quanh-chau-au-ivivu-3.jpg","contentUrl":"https:\/\/cdn3.ivivu.com\/2017\/08\/cap-doi-che-xe-hoi-thanh-nha-di-dong-di-choi-vong-quanh-chau-au-ivivu-3.jpg","width":634,"height":673},{"@type":"BreadcrumbList","@id":"https:\/\/www.ivivu.com\/blog\/2017\/08\/cap-doi-che-xe-hoi-thanh-nha-di-dong-di-choi-vong-quanh-chau-au\/#breadcrumb","itemListElement":[{"@type":"ListItem","position":1,"name":"Home","item":"https:\/\/www.ivivu.com\/blog\/"},{"@type":"ListItem","position":2,"name":"C\u1eb7p \u0111\u00f4i ch\u1ebf xe h\u01a1i th\u00e0nh &#8216;nh\u00e0 di \u0111\u1ed9ng&#8217; \u0111i ch\u01a1i v\u00f2ng quanh ch\u00e2u \u00c2u"}]},{"@type":"WebSite","@id":"https:\/\/www.ivivu.com\/blog\/#website","url":"https:\/\/www.ivivu.com\/blog\/","name":"C\u1ea9m nang du l\u1ecbch","description":"","publisher":{"@id":"https:\/\/www.ivivu.com\/blog\/#organization"},"potentialAction":[{"@type":"SearchAction","target":{"@type":"EntryPoint","urlTemplate":"https:\/\/www.ivivu.com\/blog\/?s={search_term_string}"},"query-input":"required name=search_term_string"}],"inLanguage":"vi"},{"@type":"Organization","@id":"https:\/\/www.ivivu.com\/blog\/#organization","name":"iVIVU.com","url":"https:\/\/www.ivivu.com\/blog\/","logo":{"@type":"ImageObject","inLanguage":"vi","@id":"https:\/\/www.ivivu.com\/blog\/#\/schema\/logo\/image\/","url":"https:\/\/cdn3.ivivu.com\/2024\/01\/ivivu_no_slogan.png","contentUrl":"https:\/\/cdn3.ivivu.com\/2024\/01\/ivivu_no_slogan.png","width":788,"height":565,"caption":"iVIVU.com"},"image":{"@id":"https:\/\/www.ivivu.com\/blog\/#\/schema\/logo\/image\/"},"sameAs":["https:\/\/www.facebook.com\/iVIVU"]},{"@type":"Person","@id":"https:\/\/www.ivivu.com\/blog\/#\/schema\/person\/f6e706f46fad4e85f2e1c3ec41136369","name":"Ng\u00e2n Thi\u1ec1u Kim","sameAs":["https:\/\/www.ivivu.com\/blog\/"],"url":"https:\/\/www.ivivu.com\/blog\/author\/ngan-thieu\/"}]}},"_links":{"self":[{"href":"https:\/\/www.ivivu.com\/blog\/wp-json\/wp\/v2\/posts\/223087"}],"collection":[{"href":"https:\/\/www.ivivu.com\/blog\/wp-json\/wp\/v2\/posts"}],"about":[{"href":"https:\/\/www.ivivu.com\/blog\/wp-json\/wp\/v2\/types\/post"}],"author":[{"embeddable":true,"href":"https:\/\/www.ivivu.com\/blog\/wp-json\/wp\/v2\/users\/38"}],"replies":[{"embeddable":true,"href":"https:\/\/www.ivivu.com\/blog\/wp-json\/wp\/v2\/comments?post=223087"}],"version-history":[{"count":7,"href":"https:\/\/www.ivivu.com\/blog\/wp-json\/wp\/v2\/posts\/223087\/revisions"}],"predecessor-version":[{"id":223436,"href":"https:\/\/www.ivivu.com\/blog\/wp-json\/wp\/v2\/posts\/223087\/revisions\/223436"}],"wp:featuredmedia":[{"embeddable":true,"href":"https:\/\/www.ivivu.com\/blog\/wp-json\/wp\/v2\/media\/223066"}],"wp:attachment":[{"href":"https:\/\/www.ivivu.com\/blog\/wp-json\/wp\/v2\/media?parent=223087"}],"wp:term":[{"taxonomy":"category","embeddable":true,"href":"https:\/\/www.ivivu.com\/blog\/wp-json\/wp\/v2\/categories?post=223087"},{"taxonomy":"post_tag","embeddable":true,"href":"https:\/\/www.ivivu.com\/blog\/wp-json\/wp\/v2\/tags?post=223087"}],"curies":[{"name":"wp","href":"https:\/\/api.w.org\/{rel}","templated":true}]}}