{"id":223944,"date":"2017-08-24T14:11:15","date_gmt":"2017-08-24T07:11:15","guid":{"rendered":"https:\/\/www.ivivu.com\/blog\/?p=223944"},"modified":"2018-01-09T09:47:05","modified_gmt":"2018-01-09T02:47:05","slug":"cuoi-tuan-dua-gia-dinh-di-nghi-o-la-paz-ha-noi-tha-ho-thu-gian-voi-cong-vien-nuoc-xem-bieu-dien-ca-heo","status":"publish","type":"post","link":"https:\/\/www.ivivu.com\/blog\/2017\/08\/cuoi-tuan-dua-gia-dinh-di-nghi-o-la-paz-ha-noi-tha-ho-thu-gian-voi-cong-vien-nuoc-xem-bieu-dien-ca-heo\/","title":{"rendered":"Cu\u1ed1i tu\u1ea7n \u0111\u01b0a gia \u0111\u00ecnh \u0111i ngh\u1ec9 \u1edf La Paz H\u00e0 N\u1ed9i tha h\u1ed3 th\u01b0 gi\u00e3n v\u1edbi c\u00f4ng vi\u00ean n\u01b0\u1edbc, xem bi\u1ec3u di\u1ec5n c\u00e1 heo"},"content":{"rendered":"<p style=\"text-align: justify;\"><strong><em>V\u1eeba g\u1ea7n H\u00e0 N\u1ed9i, gi\u00e1 ph\u00f2ng l\u1ea1i si\u00eau t\u1ed1t, xung quanh th\u00ec \u0111\u1ea7y ho\u1ea1t \u0111\u1ed9ng vui ch\u01a1i th\u00fa v\u1ecb nh\u01b0\u00a0xem bi\u1ec3u di\u1ec5n c\u00e1 heo hay tha h\u1ed3 v\u1eaby v\u00f9ng \u1edf c\u00f4ng vi\u00ean n\u01b0\u1edbc&#8230; th\u00ec c\u00f2n l\u00fd do g\u00ec m\u00e0 b\u1ea1n kh\u00f4ng ch\u1ecdn <a href=\"https:\/\/www.ivivu.com\/khach-san-ha-noi\/baara-land-ha-noi?utm_source=blog_ivivu&amp;utm_medium=post_link&amp;utm_campaign=internal\" target=\"_blank\">kh\u00e1ch s\u1ea1n La Paz H\u00e0 N\u1ed9i<\/a> cho chuy\u1ebfn \u0111i ngh\u1ec9 cu\u1ed1i tu\u1ea7n?\u00a0(Update: combo \u0111\u00e3 h\u1ebft h\u1ea1n)<\/em><\/strong><\/p>\n<p style=\"text-align: justify;\"><!--more--><\/p>\n<p style=\"text-align: justify;\"><div class=\"ltt-contentbox white\"><\/span><strong>Xem th\u00eam: <a href=\"https:\/\/www.ivivu.com\/blog\/category\/viet-nam\/ha-noi\/\" target=\"_blank\">Du l\u1ecbch H\u00e0 N\u1ed9i<\/a><\/strong><\/div><\/p>\n<h2 style=\"text-align: left;\">Cu\u1ed1i tu\u1ea7n \u0111\u01b0a gia \u0111\u00ecnh \u0111i ngh\u1ec9 \u1edf La Paz H\u00e0 N\u1ed9i tha h\u1ed3 th\u01b0 gi\u00e3n v\u1edbi c\u00f4ng vi\u00ean n\u01b0\u1edbc, xem bi\u1ec3u di\u1ec5n c\u00e1 heo<\/h2>\n<p style=\"text-align: justify;\">Ch\u1ec9 v\u1edbi\u00a01.999.000 \u0111\u1ed3ng\/ ph\u00f2ng, b\u1ea1n s\u1ebd \u0111\u01b0\u1ee3c tr\u1ea3i nghi\u1ec7m 2N1\u0110 ngh\u1ec9 t\u1ea1i kh\u00e1ch s\u1ea1n La Paz H\u00e0 N\u1ed9i 4 sao v\u00e0 \u0103n s\u00e1ng buffet. \u0110\u1eb7c bi\u1ec7t khi \u0111\u1eb7t 2 \u0111\u00eam b\u1ea1n s\u1ebd \u0111\u01b0\u1ee3c t\u1eb7ng 1 b\u1eefa \u0103n t\u1ed1i theo set menu cho 2 kh\u00e1ch.<\/p>\n<p style=\"text-align: center;\"><img loading=\"lazy\" decoding=\"async\" class=\"aligncenter size-full wp-image-224042\" src=\"https:\/\/cdn3.ivivu.com\/2017\/08\/khach-san-La-Paz-ha-noi-ivivu-11.jpg\" alt=\"khach-san-La-Paz-ha-noi-ivivu-11\" width=\"960\" height=\"641\" srcset=\"https:\/\/cdn3.ivivu.com\/2017\/08\/khach-san-La-Paz-ha-noi-ivivu-11.jpg 960w, https:\/\/cdn3.ivivu.com\/2017\/08\/khach-san-La-Paz-ha-noi-ivivu-11-457x305.jpg 457w\" sizes=\"(max-width: 960px) 100vw, 960px\" \/><\/p>\n<p style=\"text-align: center;\"><img loading=\"lazy\" decoding=\"async\" class=\"aligncenter size-full wp-image-224043\" src=\"https:\/\/cdn3.ivivu.com\/2017\/08\/khach-san-La-Paz-ha-noi-ivivu-12.jpg\" alt=\"khach-san-La-Paz-ha-noi-ivivu-12\" width=\"1024\" height=\"683\" srcset=\"https:\/\/cdn3.ivivu.com\/2017\/08\/khach-san-La-Paz-ha-noi-ivivu-12.jpg 1024w, https:\/\/cdn3.ivivu.com\/2017\/08\/khach-san-La-Paz-ha-noi-ivivu-12-457x305.jpg 457w\" sizes=\"(max-width: 1024px) 100vw, 1024px\" \/><\/p>\n<p style=\"text-align: justify;\">N\u1eb1m trong khu ph\u1ee9c h\u1ee3p gi\u1ea3i tr\u00ed Baara Land, t\u1ecda l\u1ea1c t\u1ea1i l\u00e0ng \u0110a Ph\u00fac, x\u00e3 S\u00e0i S\u01a1n, huy\u1ec7n Qu\u1ed1c Oai, La Paz H\u00e0 N\u1ed9i kh\u00f4ng ch\u1ec9 cung c\u1ea5p kh\u00f4ng gian ngh\u1ec9 d\u01b0\u1ee1ng tuy\u1ec7t v\u1eddi m\u00e0 c\u00f2n n\u1eb1m ngay c\u1ea1nh baara baara beach &#8211; b\u00e3i bi\u1ec3n m\u1eb7n nh\u00e2n t\u1ea1o duy nh\u1ea5t \u1edf H\u00e0 N\u1ed9i. Do \u0111\u00f3, b\u1ea1n ho\u00e0n to\u00e0n c\u00f3 th\u1ec3 d\u1ec5 d\u00e0ng t\u1eafm bi\u1ec3n, vui ch\u01a1i th\u1ecfa th\u00edch c\u00e1c tr\u00f2 ch\u01a1i t\u1ea1i \u0111\u00e2y.<\/p>\n<p style=\"text-align: center;\"><img loading=\"lazy\" decoding=\"async\" class=\"aligncenter size-full wp-image-224036\" src=\"https:\/\/cdn3.ivivu.com\/2017\/08\/khach-san-La-Paz-ha-noi-ivivu-7.jpg\" alt=\"khach-san-La-Paz-ha-noi-ivivu-7\" width=\"1903\" height=\"971\" srcset=\"https:\/\/cdn3.ivivu.com\/2017\/08\/khach-san-La-Paz-ha-noi-ivivu-7.jpg 1903w, https:\/\/cdn3.ivivu.com\/2017\/08\/khach-san-La-Paz-ha-noi-ivivu-7-540x276.jpg 540w, https:\/\/cdn3.ivivu.com\/2017\/08\/khach-san-La-Paz-ha-noi-ivivu-7-1024x522.jpg 1024w\" sizes=\"(max-width: 1903px) 100vw, 1903px\" \/><\/p>\n<p style=\"text-align: center;\"><img loading=\"lazy\" decoding=\"async\" class=\"aligncenter size-full wp-image-224034\" src=\"https:\/\/cdn3.ivivu.com\/2017\/08\/khach-san-La-Paz-ha-noi-ivivu-6.jpg\" alt=\"khach-san-La-Paz-ha-noi-ivivu-6\" width=\"1903\" height=\"971\" srcset=\"https:\/\/cdn3.ivivu.com\/2017\/08\/khach-san-La-Paz-ha-noi-ivivu-6.jpg 1903w, https:\/\/cdn3.ivivu.com\/2017\/08\/khach-san-La-Paz-ha-noi-ivivu-6-540x276.jpg 540w, https:\/\/cdn3.ivivu.com\/2017\/08\/khach-san-La-Paz-ha-noi-ivivu-6-1024x522.jpg 1024w\" sizes=\"(max-width: 1903px) 100vw, 1903px\" \/><\/p>\n<p style=\"text-align: justify;\">La Paz H\u00e0 N\u1ed9i\u00a0c\u00e1ch trung t\u00e2m th\u00e0nh ph\u1ed1 kho\u1ea3ng 30 ph\u00fat l\u00e1i xe, b\u1ea1n \u0111i th\u1eb3ng \u0111\u1ea1i l\u1ed9 Th\u0103ng Long, h\u01b0\u1edbng \u0111i S\u01a1n T\u00e2y. Khi n\u00e0o th\u1ea5y bi\u1ec3n b\u00e1o ch\u1ec9 \u0111\u01b0\u1eddng \u0111\u1ebfn Baara Land v\u00e0 ch\u00f9a Th\u1ea7y th\u00ec r\u1ebd ph\u1ea3i, \u0111i ti\u1ebfp m\u1ed9t \u0111o\u1ea1n theo bi\u1ec3n ch\u1ec9 d\u1eabn l\u00e0 \u0111\u1ebfn n\u01a1i.<\/p>\n<p style=\"text-align: center;\"><img loading=\"lazy\" decoding=\"async\" class=\"aligncenter size-full wp-image-224033\" src=\"https:\/\/cdn3.ivivu.com\/2017\/08\/khach-san-La-Paz-ha-noi-ivivu-5.jpg\" alt=\"khach-san-La-Paz-ha-noi-ivivu-5\" width=\"1617\" height=\"775\" srcset=\"https:\/\/cdn3.ivivu.com\/2017\/08\/khach-san-La-Paz-ha-noi-ivivu-5.jpg 1617w, https:\/\/cdn3.ivivu.com\/2017\/08\/khach-san-La-Paz-ha-noi-ivivu-5-540x259.jpg 540w, https:\/\/cdn3.ivivu.com\/2017\/08\/khach-san-La-Paz-ha-noi-ivivu-5-1024x491.jpg 1024w\" sizes=\"(max-width: 1617px) 100vw, 1617px\" \/><\/p>\n<p style=\"text-align: justify;\">La Paz H\u00e0 N\u1ed9i l\u00e0 t\u1ed5 h\u1ee3p c\u1ee7a 9 c\u0103n bi\u1ec7t th\u1ef1 v\u1edbi 84 ph\u00f2ng g\u1ed3m 3 lo\u1ea1i: Superior, Deluxe, Deluxe Premium. L\u1ed1i ki\u1ebfn tr\u00fac v\u00e0 n\u1ed9i th\u1ea5t c\u1ee7a La Paz H\u00e0 N\u1ed9i ch\u00fa tr\u1ecdng \u0111\u1ebfn thi\u1ebft k\u1ebf, trang tr\u00ed t\u1eebng chi ti\u1ebft nh\u1ecf \u0111\u1ec3 mang l\u1ea1i cho kh\u00e1ch h\u00e0ng kh\u00f4ng gian tho\u1ea3i m\u00e1i nh\u01b0ng v\u1eabn sang tr\u1ecdng v\u00e0 \u0111\u1eb3ng c\u1ea5p.<\/p>\n<p style=\"text-align: center;\"><img loading=\"lazy\" decoding=\"async\" class=\"aligncenter size-full wp-image-224030\" src=\"https:\/\/cdn3.ivivu.com\/2017\/08\/khach-san-La-Paz-ha-noi-ivivu-2.jpg\" alt=\"khach-san-La-Paz-ha-noi-ivivu-2\" width=\"1024\" height=\"683\" srcset=\"https:\/\/cdn3.ivivu.com\/2017\/08\/khach-san-La-Paz-ha-noi-ivivu-2.jpg 1024w, https:\/\/cdn3.ivivu.com\/2017\/08\/khach-san-La-Paz-ha-noi-ivivu-2-457x305.jpg 457w\" sizes=\"(max-width: 1024px) 100vw, 1024px\" \/> <img loading=\"lazy\" decoding=\"async\" class=\"aligncenter size-full wp-image-224031\" src=\"https:\/\/cdn3.ivivu.com\/2017\/08\/khach-san-La-Paz-ha-noi-ivivu-3.jpg\" alt=\"khach-san-La-Paz-ha-noi-ivivu-3\" width=\"1024\" height=\"684\" srcset=\"https:\/\/cdn3.ivivu.com\/2017\/08\/khach-san-La-Paz-ha-noi-ivivu-3.jpg 1024w, https:\/\/cdn3.ivivu.com\/2017\/08\/khach-san-La-Paz-ha-noi-ivivu-3-457x305.jpg 457w\" sizes=\"(max-width: 1024px) 100vw, 1024px\" \/><\/p>\n<p style=\"text-align: justify;\">M\u1ed9t \u0111i\u1ec3m c\u1ed9ng m\u00e0 kh\u00e1ch s\u1ea1n\u00a0La Paz H\u00e0 N\u1ed9i \u0111\u01b0\u1ee3c nhi\u1ec1u gia \u0111\u00ecnh y\u00eau th\u00edch l\u1ef1a ch\u1ecdn l\u00e0 ngo\u00e0i ngh\u1ec9 d\u01b0\u1ee1ng, b\u1ea1n c\u00f3 th\u1ec3 k\u1ebft h\u1ee3p \u0111\u01b0a con tham gia nhi\u1ec1u ho\u1ea1t \u0111\u1ed9ng th\u00fa v\u1ecb \u1edf \u0111\u00e2y nh\u01b0: th\u1eed s\u1ee9c v\u1edbi c\u00e1c \u0111\u01b0\u1eddng tr\u01b0\u1ee3t \u1ed1ng c\u1ea3m gi\u00e1c m\u1ea1nh v\u00e0 v\u00f2ng xo\u00e1y Tornado, xem bi\u1ec3u di\u1ec5n c\u00e1 heo \u1edf Dolphinarium v\u00e0 b\u1ea3o t\u00e0ng \u0111\u1ea1i d\u01b0\u01a1ng hay th\u1ecfa s\u1ee9c s\u00e1ng t\u1ea1o t\u1ea1i kh\u00f4ng gian v\u1eeba h\u1ecdc v\u1eeba ch\u01a1i trong nh\u00e0 d\u00e0nh cho c\u00e1c b\u00e9 Totto Kids House.<\/p>\n<p style=\"text-align: center;\"><img loading=\"lazy\" decoding=\"async\" class=\"aligncenter size-full wp-image-224037\" src=\"https:\/\/cdn3.ivivu.com\/2017\/08\/khach-san-La-Paz-ha-noi-ivivu-8.jpg\" alt=\"khach-san-La-Paz-ha-noi-ivivu-8\" width=\"1903\" height=\"971\" srcset=\"https:\/\/cdn3.ivivu.com\/2017\/08\/khach-san-La-Paz-ha-noi-ivivu-8.jpg 1903w, https:\/\/cdn3.ivivu.com\/2017\/08\/khach-san-La-Paz-ha-noi-ivivu-8-540x276.jpg 540w, https:\/\/cdn3.ivivu.com\/2017\/08\/khach-san-La-Paz-ha-noi-ivivu-8-1024x522.jpg 1024w\" sizes=\"(max-width: 1903px) 100vw, 1903px\" \/> <img loading=\"lazy\" decoding=\"async\" class=\"aligncenter size-full wp-image-224038\" src=\"https:\/\/cdn3.ivivu.com\/2017\/08\/khach-san-La-Paz-ha-noi-ivivu-9.jpg\" alt=\"khach-san-La-Paz-ha-noi-ivivu-9\" width=\"1903\" height=\"971\" srcset=\"https:\/\/cdn3.ivivu.com\/2017\/08\/khach-san-La-Paz-ha-noi-ivivu-9.jpg 1903w, https:\/\/cdn3.ivivu.com\/2017\/08\/khach-san-La-Paz-ha-noi-ivivu-9-540x276.jpg 540w, https:\/\/cdn3.ivivu.com\/2017\/08\/khach-san-La-Paz-ha-noi-ivivu-9-1024x522.jpg 1024w\" sizes=\"(max-width: 1903px) 100vw, 1903px\" \/> <img loading=\"lazy\" decoding=\"async\" class=\"aligncenter size-full wp-image-224039\" src=\"https:\/\/cdn3.ivivu.com\/2017\/08\/khach-san-La-Paz-ha-noi-ivivu-10.jpg\" alt=\"khach-san-La-Paz-ha-noi-ivivu-10\" width=\"1378\" height=\"899\" srcset=\"https:\/\/cdn3.ivivu.com\/2017\/08\/khach-san-La-Paz-ha-noi-ivivu-10.jpg 1378w, https:\/\/cdn3.ivivu.com\/2017\/08\/khach-san-La-Paz-ha-noi-ivivu-10-468x305.jpg 468w, https:\/\/cdn3.ivivu.com\/2017\/08\/khach-san-La-Paz-ha-noi-ivivu-10-1024x668.jpg 1024w\" sizes=\"(max-width: 1378px) 100vw, 1378px\" \/><\/p>\n<p style=\"text-align: justify;\"><div class=\"ltt-contentbox white\"><\/span><\/p>\n<p style=\"text-align: justify;\"><strong>Gi\u00e1 v\u00e9 v\u00e0o khu vui ch\u01a1i Baara Baara Beach nh\u01b0 sau:<\/strong><\/p>\n<p style=\"text-align: justify;\">&#8211; Gi\u00e1 v\u00e9 ng\u01b0\u1eddi l\u1edbn: Th\u1ee9 3 \u2013 Th\u1ee9 6: 299.000 \u0111\u1ed3ng\/ng\u01b0\u1eddi; Th\u1ee9 7 &#8211; Ch\u1ee7 Nh\u1eadt: 399.000 \u0111\u1ed3ng\/ng\u01b0\u1eddi<\/p>\n<p style=\"text-align: justify;\">&#8211; Gi\u00e1 v\u00e9 tr\u1ebb em: T\u1eeb 0,6m \u2013 1,19m: 50% gi\u00e1 v\u00e9 ng\u01b0\u1eddi l\u1edbn; Tr\u00ean 1,2m: b\u1eb1ng gi\u00e1 v\u00e9 ng\u01b0\u1eddi l\u1edbn<\/p>\n<p><strong>V\u00e9 v\u00e0o Baara Baara Beach bao g\u1ed3m nh\u1eefng d\u1ecbch v\u1ee5 g\u00ec?<\/strong><\/p>\n<p>&#8211; T\u1eafm bi\u1ec3n kh\u00f4ng gi\u1edbi h\u1ea1n \u1edf b\u00e3i bi\u1ec3n nh\u00e2n t\u1ea1o duy nh\u1ea5t t\u1ea1i H\u00e0 N\u1ed9i<\/p>\n<p>&#8211; Ch\u01a1i t\u1ea5t c\u1ea3 c\u00e1c tr\u00f2 ch\u01a1i c\u1ea7u tr\u01b0\u1ee3t c\u1ea3m gi\u00e1c m\u1ea1nh<\/p>\n<p>&#8211; Xem bi\u1ec3u di\u1ec5n c\u00e1 heo, h\u1ea3i c\u1ea9u v\u00e0 s\u01b0 t\u1eed bi\u1ec3n<\/p>\n<p>&#8211; Mi\u1ec5n ph\u00ed t\u1ee7 \u0111\u1ec3 \u0111\u1ed3, \u00e1o phao, phao b\u01a1i v\u00e0 kh\u0103n t\u1eafm<\/p>\n<p style=\"text-align: justify;\"><strong>Khung gi\u1edd bi\u1ec3u di\u1ec5n c\u00e1 heo:<\/strong><\/p>\n<p style=\"text-align: justify;\">&#8211; Th\u1ee9 3 \u2013 Th\u1ee9 6: 11h00 v\u00e0 15h00<\/p>\n<p style=\"text-align: justify;\">&#8211; Th\u1ee9 7 &#8211; Ch\u1ee7 Nh\u1eadt: 10h00, 11h00 v\u00e0 15h00<\/p>\n<p style=\"text-align: justify;\"><strong> Ch\u01a1i v\u00e0 b\u01a1i c\u00f9ng c\u00e1 heo ch\u1ec9 di\u1ec5n ra v\u00e0o th\u1ee9 7 v\u00e0 Ch\u1ee7 Nh\u1eadt l\u00fac 16h00<\/strong><\/p>\n<p style=\"text-align: justify;\">&#8211; Ch\u01a1i c\u00f9ng c\u00e1 heo (6 &#8211; 15 tu\u1ed5i): Ph\u1ee5 thu 100.000 \u0111\u1ed3ng<\/p>\n<p style=\"text-align: justify;\">&#8211; B\u01a1i c\u00f9ng c\u00e1 heo (12 &#8211; 15 tu\u1ed5i): Ph\u1ee5 thu 200.000 \u0111\u1ed3ng<\/p>\n<p style=\"text-align: justify;\"><\/div><\/p>\n<p style=\"text-align: justify;\"><div class=\"ltt-contentbox white\"><\/span><\/p>\n<p><strong>Combo 2N1\u0110 ch\u1ec9 1.999.000 \u0111\u1ed3ng\/ Ph\u00f2ng:<\/strong><\/p>\n<p>&#8211; 01 \u0111\u00eam ngh\u1ec9 d\u01b0\u1ee1ng t\u1ea1i ph\u00f2ng Superior<\/p>\n<p>&#8211; \u0102n s\u00e1ng buffet<\/p>\n<p>&#8211; \u0110\u1eb7t 02 \u0111\u00eam t\u1eb7ng 01 b\u1eefa \u0103n t\u1ed1i theo set menu Vi\u1ec7t Nam cho 2 kh\u00e1ch<\/p>\n<p>\u2013 \u01afu \u0111\u00e3i cho kh\u00e1ch h\u00e0ng l\u00e0 ch\u1ee7 th\u1ebb JCB, gi\u1ea3m gi\u00e1 20% t\u1ed1i \u0111a l\u00e0 1 tri\u1ec7u \u0111\u1ed3ng\/\u0111\u01a1n h\u00e0ng\/2 kh\u00e1ch\u00a0(Update: Ch\u01b0\u01a1ng tr\u00ecnh \u0111\u00e3 k\u1ebft th\u00fac)<\/p>\n<p><strong><em>Ph\u1ee5 thu:<\/em><\/strong><\/p>\n<p>&#8211; Ph\u1ee5 thu cu\u1ed1i tu\u1ea7n th\u1ee9 6, th\u1ee9 7 v\u00e0 ch\u1ee7 nh\u1eadt: 710.000 \u0111\u1ed3ng\/ph\u00f2ng\/\u0111\u00eam<\/p>\n<p>&#8211; Ph\u1ee5 thu ng\u01b0\u1eddi th\u1ee9 3 v\u00e0 tr\u1ebb 12 tu\u1ed5i tr\u1edf l\u00ean (c\u00f3 gi\u01b0\u1eddng ph\u1ee5): 950.000 \u0111\u1ed3ng\/kh\u00e1ch\/\u0111\u00eam<\/p>\n<p>&#8211; Ph\u1ee5 thu tr\u1ebb t\u1eeb 6 \u0111\u1ebfn 11 tu\u1ed5i (kh\u00f4ng gi\u01b0\u1eddng ph\u1ee5): 400.000 \u0111\u1ed3ng\/tr\u1ebb\/\u0111\u00eam<\/p>\n<p><strong>H\u01b0\u1edbng d\u1eabn c\u00e1ch \u0111\u1eb7t khu ngh\u1ec9 d\u01b0\u1ee1ng n\u00e0y:<\/strong><\/p>\n<p>\u2013 G\u1ecdi <strong>1900 1870 (Mi\u1ec1n Nam)<\/strong>, <strong>1900 2045 (Mi\u1ec1n B\u1eafc)<\/strong> ho\u1eb7c <strong>(029) 27308668 (Mi\u1ec1n T\u00e2y)<\/strong> \u0111\u1ec3 \u0111\u01b0\u1ee3c t\u01b0 v\u1ea5n.<\/p>\n<p>\u2013 \u0110\u1eb7t online\u00a0<a href=\"https:\/\/www.ivivu.com\/khach-san-ha-noi\/baara-land-ha-noi?utm_source=blog_ivivu&amp;utm_medium=post_link&amp;utm_campaign=internal\" target=\"_blank\"><strong>T\u1ea0I \u0110\u00c2Y<\/strong><\/a><\/p>\n<p><\/div><\/p>\n<p style=\"text-align: right;\"><strong>Theo iVIVU.com<\/strong><\/p>\n<div class=\"ltt-contentbox white\"><\/span><\/p>\n<p><strong>Xem th\u00eam b\u00e0i vi\u1ebft:<\/strong><\/p>\n<p><strong><a href=\"https:\/\/www.ivivu.com\/blog\/2017\/08\/5-quan-cafe-trong-ngo-de-tim-tinh-lang-va-yen-binh-cho-nhung-ngay-cuoi-ha\/\" target=\"_blank\">5 qu\u00e1n cafe trong ng\u00f5 \u0111\u1ec3 t\u00ecm t\u0129nh l\u1eb7ng v\u00e0 y\u00ean b\u00ecnh cho nh\u1eefng ng\u00e0y cu\u1ed1i h\u1ea1<\/a><\/strong><\/p>\n<p><strong><a href=\"https:\/\/www.ivivu.com\/blog\/2017\/07\/8-quan-ca-phe-so-huu-view-ngam-ha-noi-tu-tren-cao-sieu-dep\/\" target=\"_blank\">8 qu\u00e1n c\u00e0 ph\u00ea s\u1edf h\u1eefu view ng\u1eafm H\u00e0 N\u1ed9i t\u1eeb tr\u00ean cao si\u00eau \u0111\u1eb9p<\/a><\/strong><\/p>\n<p><strong><a href=\"https:\/\/www.ivivu.com\/blog\/2017\/07\/cu-ngon-nhu-banh-da-cua-o-4-hang-nay-ban-can-chi-ton-tien-an-cao-luong-my-vi-nua\/\" target=\"_blank\">C\u1ee9 ngon nh\u01b0 b\u00e1nh \u0111a cua \u1edf 4 h\u00e0ng n\u00e0y, b\u1ea1n c\u1ea7n chi t\u1ed1n ti\u1ec1n \u0103n cao l\u01b0\u01a1ng m\u1ef9 v\u1ecb n\u1eefa!<\/a><\/strong><\/p>\n<p><\/div>\n<h3><div class=\"ltt-contentbox white\"><\/span>G\u1ecdi ngay\u00a01900 1870 (mi\u1ec1n Nam), 1900 2045 (mi\u1ec1n B\u1eafc) ho\u1eb7c (029) 27308668 (Mi\u1ec1n T\u00e2y) \u0111\u1ec3 \u0111\u01b0\u1ee3c t\u01b0 v\u1ea5n\u00a0<a href=\"https:\/\/www.ivivu.com\/khach-san-ha-noi?utm_source=blog_ivivu&amp;utm_medium=post_link&amp;utm_campaign=internal\" target=\"_blank\">kh\u00e1ch s\u1ea1n H\u00e0 N\u1ed9i<\/a>\u00a0v\u1edbi gi\u00e1 \u01b0u \u0111\u00e3i th\u1ea5p nh\u1ea5t th\u1ecb tr\u01b0\u1eddng nh\u00e9<\/div><\/h3>\n<p>***<\/p>\n<p><strong>Tham kh\u1ea3o:\u00a0<a href=\"https:\/\/www.ivivu.com\/blog\" target=\"_blank\">C\u1ea9m nang du l\u1ecbch iVIVU.com<\/a><\/strong><\/p>\n","protected":false},"excerpt":{"rendered":"<p>V\u1eeba g\u1ea7n H\u00e0 N\u1ed9i, gi\u00e1 ph\u00f2ng l\u1ea1i si\u00eau t\u1ed1t, xung quanh th\u00ec \u0111\u1ea7y ho\u1ea1t \u0111\u1ed9ng vui ch\u01a1i th\u00fa v\u1ecb nh\u01b0\u00a0xem bi\u1ec3u di\u1ec5n c\u00e1 heo hay tha h\u1ed3 v\u1eaby v\u00f9ng \u1edf c\u00f4ng vi\u00ean n\u01b0\u1edbc&#8230; th\u00ec c\u00f2n l\u00fd do g\u00ec m\u00e0 b\u1ea1n&#8230;<\/p>\n","protected":false},"author":31,"featured_media":224042,"comment_status":"closed","ping_status":"open","sticky":false,"template":"","format":"standard","meta":{"_acf_changed":false,"footnotes":""},"categories":[234,229,795,797,806,14742],"tags":[560,7501,490,29251,28567,1410,29250,29249],"acf":[],"yoast_head":"<!-- This site is optimized with the Yoast SEO Premium plugin v22.6 (Yoast SEO v22.6) - https:\/\/yoast.com\/wordpress\/plugins\/seo\/ -->\n<title>Cu\u1ed1i tu\u1ea7n \u0111\u01b0a gia \u0111\u00ecnh \u0111i ngh\u1ec9 \u1edf La Paz H\u00e0 N\u1ed9i tha h\u1ed3 th\u01b0 gi\u00e3n v\u1edbi c\u00f4ng vi\u00ean n\u01b0\u1edbc, xem bi\u1ec3u di\u1ec5n c\u00e1 heo - iVIVU.com<\/title>\n<meta name=\"description\" content=\"Ch\u1ec9 v\u1edbi 1.999.000 \u0111\u1ed3ng\/ ph\u00f2ng, b\u1ea1n s\u1ebd \u0111\u01b0\u1ee3c tr\u1ea3i nghi\u1ec7m 2N1\u0110 ngh\u1ec9 t\u1ea1i kh\u00e1ch s\u1ea1n La Paz H\u00e0 N\u1ed9i 4 sao v\u00e0 \u0103n s\u00e1ng buffet.\" \/>\n<meta name=\"robots\" content=\"index, follow, max-snippet:-1, max-image-preview:large, max-video-preview:-1\" \/>\n<link rel=\"canonical\" href=\"https:\/\/www.ivivu.com\/blog\/2017\/08\/cuoi-tuan-dua-gia-dinh-di-nghi-o-la-paz-ha-noi-tha-ho-thu-gian-voi-cong-vien-nuoc-xem-bieu-dien-ca-heo\/\" \/>\n<meta name=\"twitter:label1\" content=\"\u0110\u01b0\u1ee3c vi\u1ebft b\u1edfi\" \/>\n\t<meta name=\"twitter:data1\" content=\"Tr\u1ecbnh L\u00e2m\" \/>\n\t<meta name=\"twitter:label2\" content=\"\u01af\u1edbc t\u00ednh th\u1eddi gian \u0111\u1ecdc\" \/>\n\t<meta name=\"twitter:data2\" content=\"6 ph\u00fat\" \/>\n<script type=\"application\/ld+json\" class=\"yoast-schema-graph\">{\"@context\":\"https:\/\/schema.org\",\"@graph\":[{\"@type\":\"Article\",\"@id\":\"https:\/\/www.ivivu.com\/blog\/2017\/08\/cuoi-tuan-dua-gia-dinh-di-nghi-o-la-paz-ha-noi-tha-ho-thu-gian-voi-cong-vien-nuoc-xem-bieu-dien-ca-heo\/#article\",\"isPartOf\":{\"@id\":\"https:\/\/www.ivivu.com\/blog\/2017\/08\/cuoi-tuan-dua-gia-dinh-di-nghi-o-la-paz-ha-noi-tha-ho-thu-gian-voi-cong-vien-nuoc-xem-bieu-dien-ca-heo\/\"},\"author\":{\"name\":\"Tr\u1ecbnh L\u00e2m\",\"@id\":\"https:\/\/www.ivivu.com\/blog\/#\/schema\/person\/b98886072f55c18603c011b213b164eb\"},\"headline\":\"Cu\u1ed1i tu\u1ea7n \u0111\u01b0a gia \u0111\u00ecnh \u0111i ngh\u1ec9 \u1edf La Paz H\u00e0 N\u1ed9i tha h\u1ed3 th\u01b0 gi\u00e3n v\u1edbi c\u00f4ng vi\u00ean n\u01b0\u1edbc, xem bi\u1ec3u di\u1ec5n c\u00e1 heo\",\"datePublished\":\"2017-08-24T07:11:15+00:00\",\"dateModified\":\"2018-01-09T02:47:05+00:00\",\"mainEntityOfPage\":{\"@id\":\"https:\/\/www.ivivu.com\/blog\/2017\/08\/cuoi-tuan-dua-gia-dinh-di-nghi-o-la-paz-ha-noi-tha-ho-thu-gian-voi-cong-vien-nuoc-xem-bieu-dien-ca-heo\/\"},\"wordCount\":1182,\"publisher\":{\"@id\":\"https:\/\/www.ivivu.com\/blog\/#organization\"},\"image\":{\"@id\":\"https:\/\/www.ivivu.com\/blog\/2017\/08\/cuoi-tuan-dua-gia-dinh-di-nghi-o-la-paz-ha-noi-tha-ho-thu-gian-voi-cong-vien-nuoc-xem-bieu-dien-ca-heo\/#primaryimage\"},\"thumbnailUrl\":\"https:\/\/cdn3.ivivu.com\/2017\/08\/khach-san-La-Paz-ha-noi-ivivu-11.jpg\",\"keywords\":[\"du l\u1ecbch cu\u1ed1i tu\u1ea7n\",\"du l\u1ecbch gia \u0111\u00ecnh\",\"du l\u1ecbch H\u00e0 N\u1ed9i\",\"\u0111\u1ecba \u0111i\u1ec3m \u0111i ch\u01a1i g\u1ea7n H\u00e0 N\u1ed9i\",\"\u0111i\u1ec3m \u0111\u1ebfn gia \u0111\u00ecnh\",\"kh\u00e1ch s\u1ea1n H\u00e0 N\u1ed9i\",\"kh\u00e1ch s\u1ea1n La Paz H\u00e0 N\u1ed9i\",\"La Paz H\u00e0 N\u1ed9i\"],\"articleSection\":[\"Du l\u1ecbch H\u00e0 N\u1ed9i\",\"DU L\u1ecaCH VI\u1ec6T NAM\",\"\u0110i\u1ec3m \u0111\u1ebfn\",\"Khuy\u1ebfn M\u00e3i\",\"N\u1ed5i B\u1eadt\",\"N\u1ed5i B\u1eadt 2\"],\"inLanguage\":\"vi\"},{\"@type\":\"WebPage\",\"@id\":\"https:\/\/www.ivivu.com\/blog\/2017\/08\/cuoi-tuan-dua-gia-dinh-di-nghi-o-la-paz-ha-noi-tha-ho-thu-gian-voi-cong-vien-nuoc-xem-bieu-dien-ca-heo\/\",\"url\":\"https:\/\/www.ivivu.com\/blog\/2017\/08\/cuoi-tuan-dua-gia-dinh-di-nghi-o-la-paz-ha-noi-tha-ho-thu-gian-voi-cong-vien-nuoc-xem-bieu-dien-ca-heo\/\",\"name\":\"Cu\u1ed1i tu\u1ea7n \u0111\u01b0a gia \u0111\u00ecnh \u0111i ngh\u1ec9 \u1edf La Paz H\u00e0 N\u1ed9i tha h\u1ed3 th\u01b0 gi\u00e3n v\u1edbi c\u00f4ng vi\u00ean n\u01b0\u1edbc, xem bi\u1ec3u di\u1ec5n c\u00e1 heo - iVIVU.com\",\"isPartOf\":{\"@id\":\"https:\/\/www.ivivu.com\/blog\/#website\"},\"primaryImageOfPage\":{\"@id\":\"https:\/\/www.ivivu.com\/blog\/2017\/08\/cuoi-tuan-dua-gia-dinh-di-nghi-o-la-paz-ha-noi-tha-ho-thu-gian-voi-cong-vien-nuoc-xem-bieu-dien-ca-heo\/#primaryimage\"},\"image\":{\"@id\":\"https:\/\/www.ivivu.com\/blog\/2017\/08\/cuoi-tuan-dua-gia-dinh-di-nghi-o-la-paz-ha-noi-tha-ho-thu-gian-voi-cong-vien-nuoc-xem-bieu-dien-ca-heo\/#primaryimage\"},\"thumbnailUrl\":\"https:\/\/cdn3.ivivu.com\/2017\/08\/khach-san-La-Paz-ha-noi-ivivu-11.jpg\",\"datePublished\":\"2017-08-24T07:11:15+00:00\",\"dateModified\":\"2018-01-09T02:47:05+00:00\",\"description\":\"Ch\u1ec9 v\u1edbi 1.999.000 \u0111\u1ed3ng\/ ph\u00f2ng, b\u1ea1n s\u1ebd \u0111\u01b0\u1ee3c tr\u1ea3i nghi\u1ec7m 2N1\u0110 ngh\u1ec9 t\u1ea1i kh\u00e1ch s\u1ea1n La Paz H\u00e0 N\u1ed9i 4 sao v\u00e0 \u0103n s\u00e1ng buffet.\",\"breadcrumb\":{\"@id\":\"https:\/\/www.ivivu.com\/blog\/2017\/08\/cuoi-tuan-dua-gia-dinh-di-nghi-o-la-paz-ha-noi-tha-ho-thu-gian-voi-cong-vien-nuoc-xem-bieu-dien-ca-heo\/#breadcrumb\"},\"inLanguage\":\"vi\",\"potentialAction\":[{\"@type\":\"ReadAction\",\"target\":[\"https:\/\/www.ivivu.com\/blog\/2017\/08\/cuoi-tuan-dua-gia-dinh-di-nghi-o-la-paz-ha-noi-tha-ho-thu-gian-voi-cong-vien-nuoc-xem-bieu-dien-ca-heo\/\"]}]},{\"@type\":\"ImageObject\",\"inLanguage\":\"vi\",\"@id\":\"https:\/\/www.ivivu.com\/blog\/2017\/08\/cuoi-tuan-dua-gia-dinh-di-nghi-o-la-paz-ha-noi-tha-ho-thu-gian-voi-cong-vien-nuoc-xem-bieu-dien-ca-heo\/#primaryimage\",\"url\":\"https:\/\/cdn3.ivivu.com\/2017\/08\/khach-san-La-Paz-ha-noi-ivivu-11.jpg\",\"contentUrl\":\"https:\/\/cdn3.ivivu.com\/2017\/08\/khach-san-La-Paz-ha-noi-ivivu-11.jpg\",\"width\":960,\"height\":641},{\"@type\":\"BreadcrumbList\",\"@id\":\"https:\/\/www.ivivu.com\/blog\/2017\/08\/cuoi-tuan-dua-gia-dinh-di-nghi-o-la-paz-ha-noi-tha-ho-thu-gian-voi-cong-vien-nuoc-xem-bieu-dien-ca-heo\/#breadcrumb\",\"itemListElement\":[{\"@type\":\"ListItem\",\"position\":1,\"name\":\"Home\",\"item\":\"https:\/\/www.ivivu.com\/blog\/\"},{\"@type\":\"ListItem\",\"position\":2,\"name\":\"Cu\u1ed1i tu\u1ea7n \u0111\u01b0a gia \u0111\u00ecnh \u0111i ngh\u1ec9 \u1edf La Paz H\u00e0 N\u1ed9i tha h\u1ed3 th\u01b0 gi\u00e3n v\u1edbi c\u00f4ng vi\u00ean n\u01b0\u1edbc, xem bi\u1ec3u di\u1ec5n c\u00e1 heo\"}]},{\"@type\":\"WebSite\",\"@id\":\"https:\/\/www.ivivu.com\/blog\/#website\",\"url\":\"https:\/\/www.ivivu.com\/blog\/\",\"name\":\"C\u1ea9m nang du l\u1ecbch\",\"description\":\"\",\"publisher\":{\"@id\":\"https:\/\/www.ivivu.com\/blog\/#organization\"},\"potentialAction\":[{\"@type\":\"SearchAction\",\"target\":{\"@type\":\"EntryPoint\",\"urlTemplate\":\"https:\/\/www.ivivu.com\/blog\/?s={search_term_string}\"},\"query-input\":\"required name=search_term_string\"}],\"inLanguage\":\"vi\"},{\"@type\":\"Organization\",\"@id\":\"https:\/\/www.ivivu.com\/blog\/#organization\",\"name\":\"iVIVU.com\",\"url\":\"https:\/\/www.ivivu.com\/blog\/\",\"logo\":{\"@type\":\"ImageObject\",\"inLanguage\":\"vi\",\"@id\":\"https:\/\/www.ivivu.com\/blog\/#\/schema\/logo\/image\/\",\"url\":\"https:\/\/cdn3.ivivu.com\/2024\/01\/ivivu_no_slogan.png\",\"contentUrl\":\"https:\/\/cdn3.ivivu.com\/2024\/01\/ivivu_no_slogan.png\",\"width\":788,\"height\":565,\"caption\":\"iVIVU.com\"},\"image\":{\"@id\":\"https:\/\/www.ivivu.com\/blog\/#\/schema\/logo\/image\/\"},\"sameAs\":[\"https:\/\/www.facebook.com\/iVIVU\"]},{\"@type\":\"Person\",\"@id\":\"https:\/\/www.ivivu.com\/blog\/#\/schema\/person\/b98886072f55c18603c011b213b164eb\",\"name\":\"Tr\u1ecbnh L\u00e2m\",\"sameAs\":[\"https:\/\/www.ivivu.com\/blog\"],\"url\":\"https:\/\/www.ivivu.com\/blog\/author\/lam\/\"}]}<\/script>\n<!-- \/ Yoast SEO Premium plugin. -->","yoast_head_json":{"title":"Cu\u1ed1i tu\u1ea7n \u0111\u01b0a gia \u0111\u00ecnh \u0111i ngh\u1ec9 \u1edf La Paz H\u00e0 N\u1ed9i tha h\u1ed3 th\u01b0 gi\u00e3n v\u1edbi c\u00f4ng vi\u00ean n\u01b0\u1edbc, xem bi\u1ec3u di\u1ec5n c\u00e1 heo - iVIVU.com","description":"Ch\u1ec9 v\u1edbi 1.999.000 \u0111\u1ed3ng\/ ph\u00f2ng, b\u1ea1n s\u1ebd \u0111\u01b0\u1ee3c tr\u1ea3i nghi\u1ec7m 2N1\u0110 ngh\u1ec9 t\u1ea1i kh\u00e1ch s\u1ea1n La Paz H\u00e0 N\u1ed9i 4 sao v\u00e0 \u0103n s\u00e1ng buffet.","robots":{"index":"index","follow":"follow","max-snippet":"max-snippet:-1","max-image-preview":"max-image-preview:large","max-video-preview":"max-video-preview:-1"},"canonical":"https:\/\/www.ivivu.com\/blog\/2017\/08\/cuoi-tuan-dua-gia-dinh-di-nghi-o-la-paz-ha-noi-tha-ho-thu-gian-voi-cong-vien-nuoc-xem-bieu-dien-ca-heo\/","twitter_misc":{"\u0110\u01b0\u1ee3c vi\u1ebft b\u1edfi":"Tr\u1ecbnh L\u00e2m","\u01af\u1edbc t\u00ednh th\u1eddi gian \u0111\u1ecdc":"6 ph\u00fat"},"schema":{"@context":"https:\/\/schema.org","@graph":[{"@type":"Article","@id":"https:\/\/www.ivivu.com\/blog\/2017\/08\/cuoi-tuan-dua-gia-dinh-di-nghi-o-la-paz-ha-noi-tha-ho-thu-gian-voi-cong-vien-nuoc-xem-bieu-dien-ca-heo\/#article","isPartOf":{"@id":"https:\/\/www.ivivu.com\/blog\/2017\/08\/cuoi-tuan-dua-gia-dinh-di-nghi-o-la-paz-ha-noi-tha-ho-thu-gian-voi-cong-vien-nuoc-xem-bieu-dien-ca-heo\/"},"author":{"name":"Tr\u1ecbnh L\u00e2m","@id":"https:\/\/www.ivivu.com\/blog\/#\/schema\/person\/b98886072f55c18603c011b213b164eb"},"headline":"Cu\u1ed1i tu\u1ea7n \u0111\u01b0a gia \u0111\u00ecnh \u0111i ngh\u1ec9 \u1edf La Paz H\u00e0 N\u1ed9i tha h\u1ed3 th\u01b0 gi\u00e3n v\u1edbi c\u00f4ng vi\u00ean n\u01b0\u1edbc, xem bi\u1ec3u di\u1ec5n c\u00e1 heo","datePublished":"2017-08-24T07:11:15+00:00","dateModified":"2018-01-09T02:47:05+00:00","mainEntityOfPage":{"@id":"https:\/\/www.ivivu.com\/blog\/2017\/08\/cuoi-tuan-dua-gia-dinh-di-nghi-o-la-paz-ha-noi-tha-ho-thu-gian-voi-cong-vien-nuoc-xem-bieu-dien-ca-heo\/"},"wordCount":1182,"publisher":{"@id":"https:\/\/www.ivivu.com\/blog\/#organization"},"image":{"@id":"https:\/\/www.ivivu.com\/blog\/2017\/08\/cuoi-tuan-dua-gia-dinh-di-nghi-o-la-paz-ha-noi-tha-ho-thu-gian-voi-cong-vien-nuoc-xem-bieu-dien-ca-heo\/#primaryimage"},"thumbnailUrl":"https:\/\/cdn3.ivivu.com\/2017\/08\/khach-san-La-Paz-ha-noi-ivivu-11.jpg","keywords":["du l\u1ecbch cu\u1ed1i tu\u1ea7n","du l\u1ecbch gia \u0111\u00ecnh","du l\u1ecbch H\u00e0 N\u1ed9i","\u0111\u1ecba \u0111i\u1ec3m \u0111i ch\u01a1i g\u1ea7n H\u00e0 N\u1ed9i","\u0111i\u1ec3m \u0111\u1ebfn gia \u0111\u00ecnh","kh\u00e1ch s\u1ea1n H\u00e0 N\u1ed9i","kh\u00e1ch s\u1ea1n La Paz H\u00e0 N\u1ed9i","La Paz H\u00e0 N\u1ed9i"],"articleSection":["Du l\u1ecbch H\u00e0 N\u1ed9i","DU L\u1ecaCH VI\u1ec6T NAM","\u0110i\u1ec3m \u0111\u1ebfn","Khuy\u1ebfn M\u00e3i","N\u1ed5i B\u1eadt","N\u1ed5i B\u1eadt 2"],"inLanguage":"vi"},{"@type":"WebPage","@id":"https:\/\/www.ivivu.com\/blog\/2017\/08\/cuoi-tuan-dua-gia-dinh-di-nghi-o-la-paz-ha-noi-tha-ho-thu-gian-voi-cong-vien-nuoc-xem-bieu-dien-ca-heo\/","url":"https:\/\/www.ivivu.com\/blog\/2017\/08\/cuoi-tuan-dua-gia-dinh-di-nghi-o-la-paz-ha-noi-tha-ho-thu-gian-voi-cong-vien-nuoc-xem-bieu-dien-ca-heo\/","name":"Cu\u1ed1i tu\u1ea7n \u0111\u01b0a gia \u0111\u00ecnh \u0111i ngh\u1ec9 \u1edf La Paz H\u00e0 N\u1ed9i tha h\u1ed3 th\u01b0 gi\u00e3n v\u1edbi c\u00f4ng vi\u00ean n\u01b0\u1edbc, xem bi\u1ec3u di\u1ec5n c\u00e1 heo - iVIVU.com","isPartOf":{"@id":"https:\/\/www.ivivu.com\/blog\/#website"},"primaryImageOfPage":{"@id":"https:\/\/www.ivivu.com\/blog\/2017\/08\/cuoi-tuan-dua-gia-dinh-di-nghi-o-la-paz-ha-noi-tha-ho-thu-gian-voi-cong-vien-nuoc-xem-bieu-dien-ca-heo\/#primaryimage"},"image":{"@id":"https:\/\/www.ivivu.com\/blog\/2017\/08\/cuoi-tuan-dua-gia-dinh-di-nghi-o-la-paz-ha-noi-tha-ho-thu-gian-voi-cong-vien-nuoc-xem-bieu-dien-ca-heo\/#primaryimage"},"thumbnailUrl":"https:\/\/cdn3.ivivu.com\/2017\/08\/khach-san-La-Paz-ha-noi-ivivu-11.jpg","datePublished":"2017-08-24T07:11:15+00:00","dateModified":"2018-01-09T02:47:05+00:00","description":"Ch\u1ec9 v\u1edbi 1.999.000 \u0111\u1ed3ng\/ ph\u00f2ng, b\u1ea1n s\u1ebd \u0111\u01b0\u1ee3c tr\u1ea3i nghi\u1ec7m 2N1\u0110 ngh\u1ec9 t\u1ea1i kh\u00e1ch s\u1ea1n La Paz H\u00e0 N\u1ed9i 4 sao v\u00e0 \u0103n s\u00e1ng buffet.","breadcrumb":{"@id":"https:\/\/www.ivivu.com\/blog\/2017\/08\/cuoi-tuan-dua-gia-dinh-di-nghi-o-la-paz-ha-noi-tha-ho-thu-gian-voi-cong-vien-nuoc-xem-bieu-dien-ca-heo\/#breadcrumb"},"inLanguage":"vi","potentialAction":[{"@type":"ReadAction","target":["https:\/\/www.ivivu.com\/blog\/2017\/08\/cuoi-tuan-dua-gia-dinh-di-nghi-o-la-paz-ha-noi-tha-ho-thu-gian-voi-cong-vien-nuoc-xem-bieu-dien-ca-heo\/"]}]},{"@type":"ImageObject","inLanguage":"vi","@id":"https:\/\/www.ivivu.com\/blog\/2017\/08\/cuoi-tuan-dua-gia-dinh-di-nghi-o-la-paz-ha-noi-tha-ho-thu-gian-voi-cong-vien-nuoc-xem-bieu-dien-ca-heo\/#primaryimage","url":"https:\/\/cdn3.ivivu.com\/2017\/08\/khach-san-La-Paz-ha-noi-ivivu-11.jpg","contentUrl":"https:\/\/cdn3.ivivu.com\/2017\/08\/khach-san-La-Paz-ha-noi-ivivu-11.jpg","width":960,"height":641},{"@type":"BreadcrumbList","@id":"https:\/\/www.ivivu.com\/blog\/2017\/08\/cuoi-tuan-dua-gia-dinh-di-nghi-o-la-paz-ha-noi-tha-ho-thu-gian-voi-cong-vien-nuoc-xem-bieu-dien-ca-heo\/#breadcrumb","itemListElement":[{"@type":"ListItem","position":1,"name":"Home","item":"https:\/\/www.ivivu.com\/blog\/"},{"@type":"ListItem","position":2,"name":"Cu\u1ed1i tu\u1ea7n \u0111\u01b0a gia \u0111\u00ecnh \u0111i ngh\u1ec9 \u1edf La Paz H\u00e0 N\u1ed9i tha h\u1ed3 th\u01b0 gi\u00e3n v\u1edbi c\u00f4ng vi\u00ean n\u01b0\u1edbc, xem bi\u1ec3u di\u1ec5n c\u00e1 heo"}]},{"@type":"WebSite","@id":"https:\/\/www.ivivu.com\/blog\/#website","url":"https:\/\/www.ivivu.com\/blog\/","name":"C\u1ea9m nang du l\u1ecbch","description":"","publisher":{"@id":"https:\/\/www.ivivu.com\/blog\/#organization"},"potentialAction":[{"@type":"SearchAction","target":{"@type":"EntryPoint","urlTemplate":"https:\/\/www.ivivu.com\/blog\/?s={search_term_string}"},"query-input":"required name=search_term_string"}],"inLanguage":"vi"},{"@type":"Organization","@id":"https:\/\/www.ivivu.com\/blog\/#organization","name":"iVIVU.com","url":"https:\/\/www.ivivu.com\/blog\/","logo":{"@type":"ImageObject","inLanguage":"vi","@id":"https:\/\/www.ivivu.com\/blog\/#\/schema\/logo\/image\/","url":"https:\/\/cdn3.ivivu.com\/2024\/01\/ivivu_no_slogan.png","contentUrl":"https:\/\/cdn3.ivivu.com\/2024\/01\/ivivu_no_slogan.png","width":788,"height":565,"caption":"iVIVU.com"},"image":{"@id":"https:\/\/www.ivivu.com\/blog\/#\/schema\/logo\/image\/"},"sameAs":["https:\/\/www.facebook.com\/iVIVU"]},{"@type":"Person","@id":"https:\/\/www.ivivu.com\/blog\/#\/schema\/person\/b98886072f55c18603c011b213b164eb","name":"Tr\u1ecbnh L\u00e2m","sameAs":["https:\/\/www.ivivu.com\/blog"],"url":"https:\/\/www.ivivu.com\/blog\/author\/lam\/"}]}},"_links":{"self":[{"href":"https:\/\/www.ivivu.com\/blog\/wp-json\/wp\/v2\/posts\/223944"}],"collection":[{"href":"https:\/\/www.ivivu.com\/blog\/wp-json\/wp\/v2\/posts"}],"about":[{"href":"https:\/\/www.ivivu.com\/blog\/wp-json\/wp\/v2\/types\/post"}],"author":[{"embeddable":true,"href":"https:\/\/www.ivivu.com\/blog\/wp-json\/wp\/v2\/users\/31"}],"replies":[{"embeddable":true,"href":"https:\/\/www.ivivu.com\/blog\/wp-json\/wp\/v2\/comments?post=223944"}],"version-history":[{"count":12,"href":"https:\/\/www.ivivu.com\/blog\/wp-json\/wp\/v2\/posts\/223944\/revisions"}],"predecessor-version":[{"id":241151,"href":"https:\/\/www.ivivu.com\/blog\/wp-json\/wp\/v2\/posts\/223944\/revisions\/241151"}],"wp:featuredmedia":[{"embeddable":true,"href":"https:\/\/www.ivivu.com\/blog\/wp-json\/wp\/v2\/media\/224042"}],"wp:attachment":[{"href":"https:\/\/www.ivivu.com\/blog\/wp-json\/wp\/v2\/media?parent=223944"}],"wp:term":[{"taxonomy":"category","embeddable":true,"href":"https:\/\/www.ivivu.com\/blog\/wp-json\/wp\/v2\/categories?post=223944"},{"taxonomy":"post_tag","embeddable":true,"href":"https:\/\/www.ivivu.com\/blog\/wp-json\/wp\/v2\/tags?post=223944"}],"curies":[{"name":"wp","href":"https:\/\/api.w.org\/{rel}","templated":true}]}}