{"id":232221,"date":"2017-10-28T09:20:47","date_gmt":"2017-10-28T02:20:47","guid":{"rendered":"https:\/\/www.ivivu.com\/blog\/?p=232221"},"modified":"2017-10-27T15:21:15","modified_gmt":"2017-10-27T08:21:15","slug":"5-diem-ngam-la-phong-do-ngay-o-viet-nam","status":"publish","type":"post","link":"https:\/\/www.ivivu.com\/blog\/2017\/10\/5-diem-ngam-la-phong-do-ngay-o-viet-nam\/","title":{"rendered":"5 \u0111i\u1ec3m ng\u1eafm l\u00e1 phong \u0111\u1ecf ngay \u1edf Vi\u1ec7t Nam"},"content":{"rendered":"<p style=\"text-align: justify;\"><strong><em>\u1ede Vi\u1ec7t Nam c\u0169ng c\u00f3 nhi\u1ec1u khu r\u1eebng c\u00e2y phong ph\u00e1t tri\u1ec3n v\u00e0 chuy\u1ec3n m\u00e0u r\u1ea5t \u0111\u1eb9p m\u1ed7i d\u1ecbp thu sang, nh\u01b0 <a href=\"https:\/\/www.ivivu.com\/blog\/category\/viet-nam\/da-lat\/\" target=\"_blank\">\u0110\u00e0 L\u1ea1t<\/a> hay Pha Lu\u00f4ng.<\/em><\/strong><!--more--><\/p>\n<h2 style=\"text-align: justify;\">5 \u0111i\u1ec3m ng\u1eafm l\u00e1 phong \u0111\u1ecf ngay \u1edf Vi\u1ec7t Nam<\/h2>\n<div id=\"attachment_232222\" style=\"width: 670px\" class=\"wp-caption aligncenter\"><img loading=\"lazy\" decoding=\"async\" aria-describedby=\"caption-attachment-232222\" class=\"wp-image-232222 size-full\" title=\"\u0110\u00e0 L\u1ea1t  R\u1eebng c\u00e2y b\u00ean h\u1ed3 Tuy\u1ec1n L\u00e2m l\u00e0 n\u01a1i n\u1ed5i ti\u1ebfng v\u1edbi l\u00e1 phong \u0111\u1ecf v\u00e0o m\u1ed7i d\u1ecbp th\u00e1ng 10. M\u1edbi \u0111\u01b0\u1ee3c ph\u00e1t hi\u1ec7n v\u00e0i n\u0103m g\u1ea7n \u0111\u00e2y, khu v\u1ef1c n\u00e0y nhanh ch\u00f3ng \u0111\u01b0\u1ee3c c\u00e1c b\u1ea1n tr\u1ebb t\u00ecm \u0111\u1ebfn check-in. H\u00e0nh tr\u00ecnh kh\u00e1m ph\u00e1 th\u01b0\u1eddng b\u1eaft \u0111\u1ea7u b\u1eb1ng tour ch\u00e8o thuy\u1ec1n cao su qua h\u1ed3 d\u00e0i 6 km, sau \u0111\u00f3 \u0111i b\u1ed9 15 ph\u00fat theo \u0111\u01b0\u1eddng m\u00f2n v\u00e0o r\u1eebng. C\u00e1c c\u00e2y phong \u1edf \u0111\u00e2y m\u1ecdc n\u1ed1i ti\u1ebfp nhau, chuy\u1ec3n m\u00e0u \u0111\u1ebfn cu\u1ed1i th\u00e1ng 12. \u1ea2nh: Thanh Tuy\u1ebft.\" src=\"https:\/\/cdn3.ivivu.com\/2017\/10\/5-diem-ngam-la-phong-do-ngay-o-viet-nam-ivivu-1.jpg\" alt=\"\u0110\u00e0 L\u1ea1t  R\u1eebng c\u00e2y b\u00ean h\u1ed3 Tuy\u1ec1n L\u00e2m l\u00e0 n\u01a1i n\u1ed5i ti\u1ebfng v\u1edbi l\u00e1 phong \u0111\u1ecf v\u00e0o m\u1ed7i d\u1ecbp th\u00e1ng 10. M\u1edbi \u0111\u01b0\u1ee3c ph\u00e1t hi\u1ec7n v\u00e0i n\u0103m g\u1ea7n \u0111\u00e2y, khu v\u1ef1c n\u00e0y nhanh ch\u00f3ng \u0111\u01b0\u1ee3c c\u00e1c b\u1ea1n tr\u1ebb t\u00ecm \u0111\u1ebfn check-in. H\u00e0nh tr\u00ecnh kh\u00e1m ph\u00e1 th\u01b0\u1eddng b\u1eaft \u0111\u1ea7u b\u1eb1ng tour ch\u00e8o thuy\u1ec1n cao su qua h\u1ed3 d\u00e0i 6 km, sau \u0111\u00f3 \u0111i b\u1ed9 15 ph\u00fat theo \u0111\u01b0\u1eddng m\u00f2n v\u00e0o r\u1eebng. C\u00e1c c\u00e2y phong \u1edf \u0111\u00e2y m\u1ecdc n\u1ed1i ti\u1ebfp nhau, chuy\u1ec3n m\u00e0u \u0111\u1ebfn cu\u1ed1i th\u00e1ng 12. \u1ea2nh: Thanh Tuy\u1ebft.\" width=\"660\" height=\"467\" srcset=\"https:\/\/cdn3.ivivu.com\/2017\/10\/5-diem-ngam-la-phong-do-ngay-o-viet-nam-ivivu-1.jpg 660w, https:\/\/cdn3.ivivu.com\/2017\/10\/5-diem-ngam-la-phong-do-ngay-o-viet-nam-ivivu-1-431x305.jpg 431w, https:\/\/cdn3.ivivu.com\/2017\/10\/5-diem-ngam-la-phong-do-ngay-o-viet-nam-ivivu-1-50x35.jpg 50w\" sizes=\"(max-width: 660px) 100vw, 660px\" \/><p id=\"caption-attachment-232222\" class=\"wp-caption-text\"><strong><a href=\"https:\/\/www.ivivu.com\/blog\/category\/viet-nam\/da-lat\/\" target=\"_blank\">\u0110\u00e0 L\u1ea1t:<\/a>\u00a0<\/strong>R\u1eebng c\u00e2y b\u00ean h\u1ed3 Tuy\u1ec1n L\u00e2m l\u00e0 n\u01a1i n\u1ed5i ti\u1ebfng v\u1edbi l\u00e1 phong \u0111\u1ecf v\u00e0o m\u1ed7i d\u1ecbp th\u00e1ng 10. M\u1edbi \u0111\u01b0\u1ee3c ph\u00e1t hi\u1ec7n v\u00e0i n\u0103m g\u1ea7n \u0111\u00e2y, khu v\u1ef1c n\u00e0y nhanh ch\u00f3ng \u0111\u01b0\u1ee3c c\u00e1c b\u1ea1n tr\u1ebb t\u00ecm \u0111\u1ebfn check-in. H\u00e0nh tr\u00ecnh kh\u00e1m ph\u00e1 th\u01b0\u1eddng b\u1eaft \u0111\u1ea7u b\u1eb1ng tour ch\u00e8o thuy\u1ec1n cao su qua h\u1ed3 d\u00e0i 6 km, sau \u0111\u00f3 \u0111i b\u1ed9 15 ph\u00fat theo \u0111\u01b0\u1eddng m\u00f2n v\u00e0o r\u1eebng. C\u00e1c c\u00e2y phong \u1edf \u0111\u00e2y m\u1ecdc n\u1ed1i ti\u1ebfp nhau, chuy\u1ec3n m\u00e0u \u0111\u1ebfn cu\u1ed1i th\u00e1ng 12. \u1ea2nh: Thanh Tuy\u1ebft.<\/p><\/div>\n<div id=\"attachment_232224\" style=\"width: 690px\" class=\"wp-caption aligncenter\"><img loading=\"lazy\" decoding=\"async\" aria-describedby=\"caption-attachment-232224\" class=\"wp-image-232224 size-full\" title=\"H\u1ea3i D\u01b0\u01a1ng \u0110i\u1ec3m \u0111\u1ebfn n\u1ed5i ti\u1ebfng v\u1edbi c\u00e2y phong \u1edf H\u1ea3i D\u01b0\u01a1ng l\u00e0 ch\u00f9a Thanh Mai, x\u00e3 Ho\u00e0ng Hoa Th\u00e1m, th\u1ecb x\u00e3 Ch\u00ed Linh. T\u1ea1i \u0111\u00e2y r\u1eebng c\u00e2y phong bao quanh ch\u00f9a r\u1ed9ng \u0111\u1ebfn 100 ha, t\u1ea1o n\u00ean phong c\u1ea3nh thi\u00ean nhi\u00ean \u00edt n\u01a1i c\u00f3 \u0111\u01b0\u1ee3c, nh\u1ea5t l\u00e0 v\u00e0o m\u00f9a l\u1ea1nh. C\u00e2y phong \u1edf \u0111\u00e2y cao, \u0111\u01b0\u1eddng k\u00ednh th\u00e2n 60-70 cm, m\u1ecdc t\u1eeb l\u01b0ng ch\u1eebng n\u00fai l\u00ean \u0111\u1ebfn \u0111\u1ec9nh. So v\u1edbi \u0110\u00e0 L\u1ea1t, l\u00e1 phong \u1edf \u0111\u00e2y chuy\u1ec3n m\u00e0u mu\u1ed9n h\u01a1n. \u1ea2nh: Giang Chinh.\" src=\"https:\/\/cdn3.ivivu.com\/2017\/10\/5-diem-ngam-la-phong-do-ngay-o-viet-nam-ivivu-2.jpg\" alt=\"H\u1ea3i D\u01b0\u01a1ng \u0110i\u1ec3m \u0111\u1ebfn n\u1ed5i ti\u1ebfng v\u1edbi c\u00e2y phong \u1edf H\u1ea3i D\u01b0\u01a1ng l\u00e0 ch\u00f9a Thanh Mai, x\u00e3 Ho\u00e0ng Hoa Th\u00e1m, th\u1ecb x\u00e3 Ch\u00ed Linh. T\u1ea1i \u0111\u00e2y r\u1eebng c\u00e2y phong bao quanh ch\u00f9a r\u1ed9ng \u0111\u1ebfn 100 ha, t\u1ea1o n\u00ean phong c\u1ea3nh thi\u00ean nhi\u00ean \u00edt n\u01a1i c\u00f3 \u0111\u01b0\u1ee3c, nh\u1ea5t l\u00e0 v\u00e0o m\u00f9a l\u1ea1nh. C\u00e2y phong \u1edf \u0111\u00e2y cao, \u0111\u01b0\u1eddng k\u00ednh th\u00e2n 60-70 cm, m\u1ecdc t\u1eeb l\u01b0ng ch\u1eebng n\u00fai l\u00ean \u0111\u1ebfn \u0111\u1ec9nh. So v\u1edbi \u0110\u00e0 L\u1ea1t, l\u00e1 phong \u1edf \u0111\u00e2y chuy\u1ec3n m\u00e0u mu\u1ed9n h\u01a1n. \u1ea2nh: Giang Chinh.\" width=\"680\" height=\"510\" srcset=\"https:\/\/cdn3.ivivu.com\/2017\/10\/5-diem-ngam-la-phong-do-ngay-o-viet-nam-ivivu-2.jpg 680w, https:\/\/cdn3.ivivu.com\/2017\/10\/5-diem-ngam-la-phong-do-ngay-o-viet-nam-ivivu-2-407x305.jpg 407w\" sizes=\"(max-width: 680px) 100vw, 680px\" \/><p id=\"caption-attachment-232224\" class=\"wp-caption-text\"><strong>H\u1ea3i D\u01b0\u01a1ng:<\/strong> \u0110i\u1ec3m \u0111\u1ebfn n\u1ed5i ti\u1ebfng v\u1edbi c\u00e2y phong \u1edf H\u1ea3i D\u01b0\u01a1ng l\u00e0 ch\u00f9a Thanh Mai, x\u00e3 Ho\u00e0ng Hoa Th\u00e1m, th\u1ecb x\u00e3 Ch\u00ed Linh. T\u1ea1i \u0111\u00e2y r\u1eebng c\u00e2y phong bao quanh ch\u00f9a r\u1ed9ng \u0111\u1ebfn 100 ha, t\u1ea1o n\u00ean phong c\u1ea3nh thi\u00ean nhi\u00ean \u00edt n\u01a1i c\u00f3 \u0111\u01b0\u1ee3c, nh\u1ea5t l\u00e0 v\u00e0o m\u00f9a l\u1ea1nh. C\u00e2y phong \u1edf \u0111\u00e2y cao, \u0111\u01b0\u1eddng k\u00ednh th\u00e2n 60-70 cm, m\u1ecdc t\u1eeb l\u01b0ng ch\u1eebng n\u00fai l\u00ean \u0111\u1ebfn \u0111\u1ec9nh. So v\u1edbi \u0110\u00e0 L\u1ea1t, l\u00e1 phong \u1edf \u0111\u00e2y chuy\u1ec3n m\u00e0u mu\u1ed9n h\u01a1n. \u1ea2nh: Giang Chinh.<\/p><\/div>\n<div id=\"attachment_232225\" style=\"width: 690px\" class=\"wp-caption aligncenter\"><img loading=\"lazy\" decoding=\"async\" aria-describedby=\"caption-attachment-232225\" class=\"wp-image-232225 size-full\" title=\"Cao B\u1eb1ng T\u1ea1i t\u1ec9nh bi\u00ean gi\u1edbi n\u00e0y, b\u1ea1n c\u0169ng c\u00f3 th\u1ec3 ng\u1eafm nh\u1eefng c\u00e2y phong tr\u00ean h\u00e0nh tr\u00ecnh chinh ph\u1ee5c n\u00fai B\u00e1o \u0110\u00f4ng, n\u01a1i Ch\u1ee7 t\u1ecbch H\u1ed3 Ch\u00ed Minh \u0111\u00e3 quan s\u00e1t tr\u1eadn \u0111\u1ecba \u0110\u00f4ng Kh\u00ea n\u0103m 1950 \u1edf huy\u1ec7n Th\u1ea1ch An. \u0110\u1ec3 l\u00ean \u0111\u00e0i quan s\u00e1t du kh\u00e1ch ph\u1ea3i b\u01b0\u1edbc qua h\u01a1n 840 b\u1eadc \u0111\u00e1. C\u00e2y phong m\u1ecdc tr\u00ean n\u00fai ngay tr\u00ean ch\u1eb7ng \u0111\u1ea7u c\u1ee7a h\u00e0nh tr\u00ecnh, g\u1ea7n l\u1ed1i \u0111i n\u00ean r\u1ea5t d\u1ec5 quan s\u00e1t. \u1ea2nh: Vy An.\" src=\"https:\/\/cdn3.ivivu.com\/2017\/10\/5-diem-ngam-la-phong-do-ngay-o-viet-nam-ivivu-3.jpg\" alt=\"Cao B\u1eb1ng T\u1ea1i t\u1ec9nh bi\u00ean gi\u1edbi n\u00e0y, b\u1ea1n c\u0169ng c\u00f3 th\u1ec3 ng\u1eafm nh\u1eefng c\u00e2y phong tr\u00ean h\u00e0nh tr\u00ecnh chinh ph\u1ee5c n\u00fai B\u00e1o \u0110\u00f4ng, n\u01a1i Ch\u1ee7 t\u1ecbch H\u1ed3 Ch\u00ed Minh \u0111\u00e3 quan s\u00e1t tr\u1eadn \u0111\u1ecba \u0110\u00f4ng Kh\u00ea n\u0103m 1950 \u1edf huy\u1ec7n Th\u1ea1ch An. \u0110\u1ec3 l\u00ean \u0111\u00e0i quan s\u00e1t du kh\u00e1ch ph\u1ea3i b\u01b0\u1edbc qua h\u01a1n 840 b\u1eadc \u0111\u00e1. C\u00e2y phong m\u1ecdc tr\u00ean n\u00fai ngay tr\u00ean ch\u1eb7ng \u0111\u1ea7u c\u1ee7a h\u00e0nh tr\u00ecnh, g\u1ea7n l\u1ed1i \u0111i n\u00ean r\u1ea5t d\u1ec5 quan s\u00e1t. \u1ea2nh: Vy An.\" width=\"680\" height=\"510\" srcset=\"https:\/\/cdn3.ivivu.com\/2017\/10\/5-diem-ngam-la-phong-do-ngay-o-viet-nam-ivivu-3.jpg 680w, https:\/\/cdn3.ivivu.com\/2017\/10\/5-diem-ngam-la-phong-do-ngay-o-viet-nam-ivivu-3-407x305.jpg 407w\" sizes=\"(max-width: 680px) 100vw, 680px\" \/><p id=\"caption-attachment-232225\" class=\"wp-caption-text\"><strong>Cao B\u1eb1ng:\u00a0<\/strong>T\u1ea1i t\u1ec9nh bi\u00ean gi\u1edbi n\u00e0y, b\u1ea1n c\u0169ng c\u00f3 th\u1ec3 ng\u1eafm nh\u1eefng c\u00e2y phong tr\u00ean h\u00e0nh tr\u00ecnh chinh ph\u1ee5c n\u00fai B\u00e1o \u0110\u00f4ng, n\u01a1i Ch\u1ee7 t\u1ecbch H\u1ed3 Ch\u00ed Minh \u0111\u00e3 quan s\u00e1t tr\u1eadn \u0111\u1ecba \u0110\u00f4ng Kh\u00ea n\u0103m 1950 \u1edf huy\u1ec7n Th\u1ea1ch An. \u0110\u1ec3 l\u00ean \u0111\u00e0i quan s\u00e1t du kh\u00e1ch ph\u1ea3i b\u01b0\u1edbc qua h\u01a1n 840 b\u1eadc \u0111\u00e1. C\u00e2y phong m\u1ecdc tr\u00ean n\u00fai ngay tr\u00ean ch\u1eb7ng \u0111\u1ea7u c\u1ee7a h\u00e0nh tr\u00ecnh, g\u1ea7n l\u1ed1i \u0111i n\u00ean r\u1ea5t d\u1ec5 quan s\u00e1t. \u1ea2nh: Vy An.<\/p><\/div>\n<div id=\"attachment_232226\" style=\"width: 690px\" class=\"wp-caption aligncenter\"><img loading=\"lazy\" decoding=\"async\" aria-describedby=\"caption-attachment-232226\" class=\"wp-image-232226 size-full\" title=\"\u0110\u1ec9nh Fansipan Phong m\u1ecdc \u1edf \u0111\u1ed9 cao 3.000 m, thu\u1ed9c \u0111\u1ec9nh Fansipan, L\u00e0o Cai. \u0110\u1ec3 ng\u1eafm \u0111\u01b0\u1ee3c khung c\u1ea3nh nh\u01b0 \u1edf tr\u1eddi \u00c2u du kh\u00e1ch ph\u1ea3i v\u01b0\u1ee3t qua qu\u00e3ng \u0111\u01b0\u1eddng n\u00fai v\u1edbi \u0111\u1ecba h\u00ecnh ph\u1ee9c t\u1ea1p. C\u00e2y phong gi\u00e0 t\u00e1n l\u1edbn, th\u00e2n x\u00f9 x\u00ec, m\u1ed1c tr\u1eafng. Ng\u00e0y nay, du kh\u00e1ch c\u00f3 th\u1ec3 l\u00ean Fansipan b\u1eb1ng c\u00e1p treo. Tuy kh\u00f4ng \u0111\u01b0\u1ee3c ch\u1ea1m tay v\u00e0o nh\u1eefng chi\u1ebfc l\u00e1 phong \u0111\u1ecf, du kh\u00e1ch c\u00f3 th\u1ec3 ng\u1eafm t\u00e1n l\u00e1 \u0111\u1ed5i m\u00e0u t\u1eeb tr\u00ean cao. \u1ea2nh: Hachi8.\" src=\"https:\/\/cdn3.ivivu.com\/2017\/10\/5-diem-ngam-la-phong-do-ngay-o-viet-nam-ivivu-4.jpg\" alt=\"\u0110\u1ec9nh Fansipan Phong m\u1ecdc \u1edf \u0111\u1ed9 cao 3.000 m, thu\u1ed9c \u0111\u1ec9nh Fansipan, L\u00e0o Cai. \u0110\u1ec3 ng\u1eafm \u0111\u01b0\u1ee3c khung c\u1ea3nh nh\u01b0 \u1edf tr\u1eddi \u00c2u du kh\u00e1ch ph\u1ea3i v\u01b0\u1ee3t qua qu\u00e3ng \u0111\u01b0\u1eddng n\u00fai v\u1edbi \u0111\u1ecba h\u00ecnh ph\u1ee9c t\u1ea1p. C\u00e2y phong gi\u00e0 t\u00e1n l\u1edbn, th\u00e2n x\u00f9 x\u00ec, m\u1ed1c tr\u1eafng. Ng\u00e0y nay, du kh\u00e1ch c\u00f3 th\u1ec3 l\u00ean Fansipan b\u1eb1ng c\u00e1p treo. Tuy kh\u00f4ng \u0111\u01b0\u1ee3c ch\u1ea1m tay v\u00e0o nh\u1eefng chi\u1ebfc l\u00e1 phong \u0111\u1ecf, du kh\u00e1ch c\u00f3 th\u1ec3 ng\u1eafm t\u00e1n l\u00e1 \u0111\u1ed5i m\u00e0u t\u1eeb tr\u00ean cao. \u1ea2nh: Hachi8.\" width=\"680\" height=\"453\" srcset=\"https:\/\/cdn3.ivivu.com\/2017\/10\/5-diem-ngam-la-phong-do-ngay-o-viet-nam-ivivu-4.jpg 680w, https:\/\/cdn3.ivivu.com\/2017\/10\/5-diem-ngam-la-phong-do-ngay-o-viet-nam-ivivu-4-458x305.jpg 458w\" sizes=\"(max-width: 680px) 100vw, 680px\" \/><p id=\"caption-attachment-232226\" class=\"wp-caption-text\"><strong>\u0110\u1ec9nh Fansipan:<\/strong> Phong m\u1ecdc \u1edf \u0111\u1ed9 cao 3.000 m, thu\u1ed9c \u0111\u1ec9nh Fansipan, L\u00e0o Cai. \u0110\u1ec3 ng\u1eafm \u0111\u01b0\u1ee3c khung c\u1ea3nh nh\u01b0 \u1edf tr\u1eddi \u00c2u du kh\u00e1ch ph\u1ea3i v\u01b0\u1ee3t qua qu\u00e3ng \u0111\u01b0\u1eddng n\u00fai v\u1edbi \u0111\u1ecba h\u00ecnh ph\u1ee9c t\u1ea1p. C\u00e2y phong gi\u00e0 t\u00e1n l\u1edbn, th\u00e2n x\u00f9 x\u00ec, m\u1ed1c tr\u1eafng. Ng\u00e0y nay, du kh\u00e1ch c\u00f3 th\u1ec3 l\u00ean Fansipan b\u1eb1ng c\u00e1p treo. Tuy kh\u00f4ng \u0111\u01b0\u1ee3c ch\u1ea1m tay v\u00e0o nh\u1eefng chi\u1ebfc l\u00e1 phong \u0111\u1ecf, du kh\u00e1ch c\u00f3 th\u1ec3 ng\u1eafm t\u00e1n l\u00e1 \u0111\u1ed5i m\u00e0u t\u1eeb tr\u00ean cao. \u1ea2nh: Hachi8.<\/p><\/div>\n<div id=\"attachment_232227\" style=\"width: 690px\" class=\"wp-caption aligncenter\"><img loading=\"lazy\" decoding=\"async\" aria-describedby=\"caption-attachment-232227\" class=\"wp-image-232227 size-full\" title=\"Pha Lu\u00f4ng Tr\u00ean \u0111\u01b0\u1eddng chinh ph\u1ee5c \u0111\u1ec9nh Pha Lu\u00f4ng, n\u00f3c nh\u00e0 c\u1ee7a M\u1ed9c Ch\u00e2u (S\u01a1n La), nh\u1eefng c\u00e2y phong v\u01b0\u01a1n t\u00e1n l\u1edbn n\u1ed5i b\u1eadt gi\u1eefa r\u1eebng xanh s\u1ebd thu h\u00fat \u00e1nh nh\u00ecn c\u1ee7a b\u1ea1n. T\u1eeb \u0111\u1ea7u m\u00f9a thu, l\u00e1 s\u1ebd chuy\u1ec3n m\u00e0u t\u1eeb xanh sang v\u00e0ng, nh\u01b0ng \u0111\u1ebfn cu\u1ed1i m\u00f9a, lo\u1ea1t l\u00e1 \u0111\u1ed5i m\u00e0u \u0111\u1ecf r\u1ef1c. \u0110\u00e2y nh\u01b0 ph\u1ea7n th\u01b0\u1edfng tr\u00ean h\u00e0nh tr\u00ecnh 4 ti\u1ebfng \u0111i b\u1ed9 \u0111\u01b0\u1eddng r\u1eebng \u0111\u1ec3 chinh ph\u1ee5c \u0111\u1ec9nh Pha Lu\u00f4ng. \u1ea2nh: M\u00e8o Gi\u00e0.\" src=\"https:\/\/cdn3.ivivu.com\/2017\/10\/5-diem-ngam-la-phong-do-ngay-o-viet-nam-ivivu-5.jpg\" alt=\"Pha Lu\u00f4ng Tr\u00ean \u0111\u01b0\u1eddng chinh ph\u1ee5c \u0111\u1ec9nh Pha Lu\u00f4ng, n\u00f3c nh\u00e0 c\u1ee7a M\u1ed9c Ch\u00e2u (S\u01a1n La), nh\u1eefng c\u00e2y phong v\u01b0\u01a1n t\u00e1n l\u1edbn n\u1ed5i b\u1eadt gi\u1eefa r\u1eebng xanh s\u1ebd thu h\u00fat \u00e1nh nh\u00ecn c\u1ee7a b\u1ea1n. T\u1eeb \u0111\u1ea7u m\u00f9a thu, l\u00e1 s\u1ebd chuy\u1ec3n m\u00e0u t\u1eeb xanh sang v\u00e0ng, nh\u01b0ng \u0111\u1ebfn cu\u1ed1i m\u00f9a, lo\u1ea1t l\u00e1 \u0111\u1ed5i m\u00e0u \u0111\u1ecf r\u1ef1c. \u0110\u00e2y nh\u01b0 ph\u1ea7n th\u01b0\u1edfng tr\u00ean h\u00e0nh tr\u00ecnh 4 ti\u1ebfng \u0111i b\u1ed9 \u0111\u01b0\u1eddng r\u1eebng \u0111\u1ec3 chinh ph\u1ee5c \u0111\u1ec9nh Pha Lu\u00f4ng. \u1ea2nh: M\u00e8o Gi\u00e0.\" width=\"680\" height=\"453\" srcset=\"https:\/\/cdn3.ivivu.com\/2017\/10\/5-diem-ngam-la-phong-do-ngay-o-viet-nam-ivivu-5.jpg 680w, https:\/\/cdn3.ivivu.com\/2017\/10\/5-diem-ngam-la-phong-do-ngay-o-viet-nam-ivivu-5-458x305.jpg 458w\" sizes=\"(max-width: 680px) 100vw, 680px\" \/><p id=\"caption-attachment-232227\" class=\"wp-caption-text\"><strong>Pha Lu\u00f4ng:\u00a0<\/strong>Tr\u00ean \u0111\u01b0\u1eddng chinh ph\u1ee5c \u0111\u1ec9nh Pha Lu\u00f4ng, n\u00f3c nh\u00e0 c\u1ee7a M\u1ed9c Ch\u00e2u (S\u01a1n La), nh\u1eefng c\u00e2y phong v\u01b0\u01a1n t\u00e1n l\u1edbn n\u1ed5i b\u1eadt gi\u1eefa r\u1eebng xanh s\u1ebd thu h\u00fat \u00e1nh nh\u00ecn c\u1ee7a b\u1ea1n. T\u1eeb \u0111\u1ea7u m\u00f9a thu, l\u00e1 s\u1ebd chuy\u1ec3n m\u00e0u t\u1eeb xanh sang v\u00e0ng, nh\u01b0ng \u0111\u1ebfn cu\u1ed1i m\u00f9a, lo\u1ea1t l\u00e1 \u0111\u1ed5i m\u00e0u \u0111\u1ecf r\u1ef1c. \u0110\u00e2y nh\u01b0 ph\u1ea7n th\u01b0\u1edfng tr\u00ean h\u00e0nh tr\u00ecnh 4 ti\u1ebfng \u0111i b\u1ed9 \u0111\u01b0\u1eddng r\u1eebng \u0111\u1ec3 chinh ph\u1ee5c \u0111\u1ec9nh Pha Lu\u00f4ng. \u1ea2nh: M\u00e8o Gi\u00e0.<\/p><\/div>\n<h4 style=\"text-align: center;\"><div class=\"ltt-contentbox white\"><\/span>G\u1eccI NGAY 1900 1870 (Mi\u1ec1n Nam),\u00a01900 2045 (Mi\u1ec1n B\u1eafc) ho\u1eb7c (029) 27308668 (Mi\u1ec1n T\u00e2y) \u0110\u1ec2 \u0110\u01af\u1ee2C T\u01af V\u1ea4N\u00a0<a href=\"https:\/\/www.ivivu.com\/ve-may-bay\/?utm_source=blog_ivivu&amp;utm_medium=post_link&amp;utm_campaign=internal\" target=\"_blank\">COMBO KH\u00c1CH S\u1ea0N + V\u00c9 M\u00c1Y BAY<\/a>\u00a0GI\u00c1 SI\u00caU TI\u1ebeT KI\u1ec6M T\u1eea IVIVU.COM<\/div><\/h4>\n<p style=\"text-align: right;\"><strong>Theo <a href=\"https:\/\/dulich.vnexpress.net\/photo\/hanh-trinh\/5-diem-ngam-la-phong-do-ngay-o-viet-nam-3661409.html\" target=\"_blank\" rel=\"nofollow\">Vy An\/Vnexpress<\/a><\/strong><\/p>\n<div class=\"ltt-contentbox white\"><\/span><\/p>\n<p><strong>Xem th\u00eam b\u00e0i vi\u1ebft:<\/strong><\/p>\n<p><strong><a href=\"https:\/\/www.ivivu.com\/blog\/2017\/10\/nhung-diem-ngam-tam-giac-mach-hot-nhat-mua-nay\/\" target=\"_blank\">Nh\u1eefng \u0111i\u1ec3m ng\u1eafm tam gi\u00e1c m\u1ea1ch hot nh\u1ea5t m\u00f9a n\u00e0y<\/a><\/strong><\/p>\n<p><strong><a href=\"https:\/\/www.ivivu.com\/blog\/2017\/10\/ba-ly-do-nen-di-da-lat-ngay-bay-gio-keo-lo-mat-mua-vang\/\" target=\"_blank\">Ba l\u00fd do n\u00ean \u0111i \u0110\u00e0 L\u1ea1t ngay b\u00e2y gi\u1edd k\u1ebbo l\u1ee1 m\u1ea5t \u2018m\u00f9a v\u00e0ng\u2019<\/a><\/strong><\/p>\n<p><strong><a href=\"https:\/\/www.ivivu.com\/blog\/2017\/10\/binh-yen-doi-che-cau-dat\/\" target=\"_blank\">B\u00ecnh y\u00ean \u0111\u1ed3i ch\u00e8 C\u1ea7u \u0110\u1ea5t<\/a><\/strong><\/p>\n<p><\/div>\n<h3><div class=\"ltt-contentbox white\"><\/span>Click \u0111\u1eb7t ngay\u00a0<a href=\"https:\/\/www.ivivu.com\/vi\/?utm_source=blog_ivivu&amp;utm_medium=post_link&amp;utm_campaign=internal?utm_source=blog_ivivu&amp;utm_medium=post_link&amp;utm_campaign=internal?utm_source=blog_ivivu&amp;utm_medium=post_link&amp;utm_campaign=internal?utm_source=blog_ivivu&amp;utm_medium=post_link&amp;utm_campaign=internal?utm_source=blog_ivivu&amp;utm_medium=post_link&amp;utm_campaign=internal?utm_source=blog_ivivu&amp;utm_medium=post_link&amp;utm_campaign=internal?utm_source=blog_ivivu&amp;utm_medium=post_link&amp;utm_campaign=internal?utm_source=blog_ivivu&amp;utm_medium=post_link&amp;utm_campaign=internal?utm_source=blog_ivivu&amp;utm_medium=post_link&amp;utm_campaign=internal?utm_source=blog_ivivu&amp;utm_medium=post_link&amp;utm_campaign=internal?utm_source=blog_ivivu&amp;utm_medium=post_link&amp;utm_campaign=internal?utm_source=blog_ivivu&amp;utm_medium=post_link&amp;utm_campaign=internal?utm_source=blog_ivivu&amp;utm_medium=post_link&amp;utm_campaign=internal?utm_source=blog_ivivu&amp;utm_medium=post_link&amp;utm_campaign=internal?utm_source=blog_ivivu&amp;utm_medium=post_link&amp;utm_campaign=internal?utm_source=blog_ivivu&amp;utm_medium=post_link&amp;utm_campaign=internal?utm_source=blog_ivivu&amp;utm_medium=post_link&amp;utm_campaign=internal?utm_source=blog_ivivu&amp;utm_medium=post_link&amp;utm_campaign=internal\" target=\"_blank\">Kh\u00e1ch s\u1ea1n kh\u1eafp Vi\u1ec7t Nam v\u00e0 to\u00e0n th\u1ebf gi\u1edbi<\/a>\u00a0gi\u00e1 t\u1ed1t nh\u1ea5t ch\u1ec9 c\u00f3 t\u1ea1i iVIVU.com<\/div><\/h3>\n<p>***<\/p>\n<p><strong>Tham kh\u1ea3o:\u00a0<a href=\"https:\/\/www.ivivu.com\/blog\" target=\"_blank\">C\u1ea9m nang du l\u1ecbch iVIVU.com<\/a><\/strong><\/p>\n","protected":false},"excerpt":{"rendered":"<p>\u1ede Vi\u1ec7t Nam c\u0169ng c\u00f3 nhi\u1ec1u khu r\u1eebng c\u00e2y phong ph\u00e1t tri\u1ec3n v\u00e0 chuy\u1ec3n m\u00e0u r\u1ea5t \u0111\u1eb9p m\u1ed7i d\u1ecbp thu sang, nh\u01b0 \u0110\u00e0 L\u1ea1t hay Pha Lu\u00f4ng.<\/p>\n","protected":false},"author":38,"featured_media":232222,"comment_status":"closed","ping_status":"open","sticky":false,"template":"","format":"standard","meta":{"_acf_changed":false,"footnotes":""},"categories":[229,795,14742],"tags":[2926,19565,30136,30138,30137,3301,122],"acf":[],"yoast_head":"<!-- This site is optimized with the Yoast SEO Premium plugin v22.6 (Yoast SEO v22.6) - https:\/\/yoast.com\/wordpress\/plugins\/seo\/ -->\n<title>5 \u0111i\u1ec3m ng\u1eafm l\u00e1 phong \u0111\u1ecf ngay \u1edf Vi\u1ec7t Nam - iVIVU.com<\/title>\n<meta name=\"description\" content=\"\u1ede Vi\u1ec7t Nam c\u0169ng c\u00f3 nhi\u1ec1u khu r\u1eebng c\u00e2y phong ph\u00e1t tri\u1ec3n v\u00e0 chuy\u1ec3n m\u00e0u r\u1ea5t \u0111\u1eb9p m\u1ed7i d\u1ecbp thu sang, nh\u01b0 \u0110\u00e0 L\u1ea1t hay Pha Lu\u00f4ng.\" \/>\n<meta name=\"robots\" content=\"index, follow, max-snippet:-1, max-image-preview:large, max-video-preview:-1\" \/>\n<link rel=\"canonical\" href=\"https:\/\/www.ivivu.com\/blog\/2017\/10\/5-diem-ngam-la-phong-do-ngay-o-viet-nam\/\" \/>\n<meta name=\"twitter:label1\" content=\"\u0110\u01b0\u1ee3c vi\u1ebft b\u1edfi\" \/>\n\t<meta name=\"twitter:data1\" content=\"Ng\u00e2n Thi\u1ec1u Kim\" \/>\n\t<meta name=\"twitter:label2\" content=\"\u01af\u1edbc t\u00ednh th\u1eddi gian \u0111\u1ecdc\" \/>\n\t<meta name=\"twitter:data2\" content=\"4 ph\u00fat\" \/>\n<script type=\"application\/ld+json\" class=\"yoast-schema-graph\">{\"@context\":\"https:\/\/schema.org\",\"@graph\":[{\"@type\":\"Article\",\"@id\":\"https:\/\/www.ivivu.com\/blog\/2017\/10\/5-diem-ngam-la-phong-do-ngay-o-viet-nam\/#article\",\"isPartOf\":{\"@id\":\"https:\/\/www.ivivu.com\/blog\/2017\/10\/5-diem-ngam-la-phong-do-ngay-o-viet-nam\/\"},\"author\":{\"name\":\"Ng\u00e2n Thi\u1ec1u Kim\",\"@id\":\"https:\/\/www.ivivu.com\/blog\/#\/schema\/person\/f6e706f46fad4e85f2e1c3ec41136369\"},\"headline\":\"5 \u0111i\u1ec3m ng\u1eafm l\u00e1 phong \u0111\u1ecf ngay \u1edf Vi\u1ec7t Nam\",\"datePublished\":\"2017-10-28T02:20:47+00:00\",\"dateModified\":\"2017-10-27T08:21:15+00:00\",\"mainEntityOfPage\":{\"@id\":\"https:\/\/www.ivivu.com\/blog\/2017\/10\/5-diem-ngam-la-phong-do-ngay-o-viet-nam\/\"},\"wordCount\":846,\"publisher\":{\"@id\":\"https:\/\/www.ivivu.com\/blog\/#organization\"},\"image\":{\"@id\":\"https:\/\/www.ivivu.com\/blog\/2017\/10\/5-diem-ngam-la-phong-do-ngay-o-viet-nam\/#primaryimage\"},\"thumbnailUrl\":\"https:\/\/cdn3.ivivu.com\/2017\/10\/5-diem-ngam-la-phong-do-ngay-o-viet-nam-ivivu-1.jpg\",\"keywords\":[\"du l\u1ecbch \u0111\u00e0 l\u1ea1t\",\"du l\u1ecbch Pha Lu\u00f4ng\",\"\u0111\u1ecba \u0111i\u1ec3m ng\u1eafm l\u00e1 phong \u0111\u1ecf\",\"\u0111\u1ecba \u0111i\u1ec3m ng\u1eafm l\u00e1 phong \u0111\u1ecf \u1edf \u0110\u00e0 L\u1ea1t\",\"\u0111i\u1ec3m ng\u1eafm l\u00e1 phong\",\"\u0111\u1ec9nh Fansipan\",\"Vi\u1ec7t Nam\"],\"articleSection\":[\"DU L\u1ecaCH VI\u1ec6T NAM\",\"\u0110i\u1ec3m \u0111\u1ebfn\",\"N\u1ed5i B\u1eadt 2\"],\"inLanguage\":\"vi\"},{\"@type\":\"WebPage\",\"@id\":\"https:\/\/www.ivivu.com\/blog\/2017\/10\/5-diem-ngam-la-phong-do-ngay-o-viet-nam\/\",\"url\":\"https:\/\/www.ivivu.com\/blog\/2017\/10\/5-diem-ngam-la-phong-do-ngay-o-viet-nam\/\",\"name\":\"5 \u0111i\u1ec3m ng\u1eafm l\u00e1 phong \u0111\u1ecf ngay \u1edf Vi\u1ec7t Nam - iVIVU.com\",\"isPartOf\":{\"@id\":\"https:\/\/www.ivivu.com\/blog\/#website\"},\"primaryImageOfPage\":{\"@id\":\"https:\/\/www.ivivu.com\/blog\/2017\/10\/5-diem-ngam-la-phong-do-ngay-o-viet-nam\/#primaryimage\"},\"image\":{\"@id\":\"https:\/\/www.ivivu.com\/blog\/2017\/10\/5-diem-ngam-la-phong-do-ngay-o-viet-nam\/#primaryimage\"},\"thumbnailUrl\":\"https:\/\/cdn3.ivivu.com\/2017\/10\/5-diem-ngam-la-phong-do-ngay-o-viet-nam-ivivu-1.jpg\",\"datePublished\":\"2017-10-28T02:20:47+00:00\",\"dateModified\":\"2017-10-27T08:21:15+00:00\",\"description\":\"\u1ede Vi\u1ec7t Nam c\u0169ng c\u00f3 nhi\u1ec1u khu r\u1eebng c\u00e2y phong ph\u00e1t tri\u1ec3n v\u00e0 chuy\u1ec3n m\u00e0u r\u1ea5t \u0111\u1eb9p m\u1ed7i d\u1ecbp thu sang, nh\u01b0 \u0110\u00e0 L\u1ea1t hay Pha Lu\u00f4ng.\",\"breadcrumb\":{\"@id\":\"https:\/\/www.ivivu.com\/blog\/2017\/10\/5-diem-ngam-la-phong-do-ngay-o-viet-nam\/#breadcrumb\"},\"inLanguage\":\"vi\",\"potentialAction\":[{\"@type\":\"ReadAction\",\"target\":[\"https:\/\/www.ivivu.com\/blog\/2017\/10\/5-diem-ngam-la-phong-do-ngay-o-viet-nam\/\"]}]},{\"@type\":\"ImageObject\",\"inLanguage\":\"vi\",\"@id\":\"https:\/\/www.ivivu.com\/blog\/2017\/10\/5-diem-ngam-la-phong-do-ngay-o-viet-nam\/#primaryimage\",\"url\":\"https:\/\/cdn3.ivivu.com\/2017\/10\/5-diem-ngam-la-phong-do-ngay-o-viet-nam-ivivu-1.jpg\",\"contentUrl\":\"https:\/\/cdn3.ivivu.com\/2017\/10\/5-diem-ngam-la-phong-do-ngay-o-viet-nam-ivivu-1.jpg\",\"width\":660,\"height\":467},{\"@type\":\"BreadcrumbList\",\"@id\":\"https:\/\/www.ivivu.com\/blog\/2017\/10\/5-diem-ngam-la-phong-do-ngay-o-viet-nam\/#breadcrumb\",\"itemListElement\":[{\"@type\":\"ListItem\",\"position\":1,\"name\":\"Home\",\"item\":\"https:\/\/www.ivivu.com\/blog\/\"},{\"@type\":\"ListItem\",\"position\":2,\"name\":\"5 \u0111i\u1ec3m ng\u1eafm l\u00e1 phong \u0111\u1ecf ngay \u1edf Vi\u1ec7t Nam\"}]},{\"@type\":\"WebSite\",\"@id\":\"https:\/\/www.ivivu.com\/blog\/#website\",\"url\":\"https:\/\/www.ivivu.com\/blog\/\",\"name\":\"C\u1ea9m nang du l\u1ecbch\",\"description\":\"\",\"publisher\":{\"@id\":\"https:\/\/www.ivivu.com\/blog\/#organization\"},\"potentialAction\":[{\"@type\":\"SearchAction\",\"target\":{\"@type\":\"EntryPoint\",\"urlTemplate\":\"https:\/\/www.ivivu.com\/blog\/?s={search_term_string}\"},\"query-input\":\"required name=search_term_string\"}],\"inLanguage\":\"vi\"},{\"@type\":\"Organization\",\"@id\":\"https:\/\/www.ivivu.com\/blog\/#organization\",\"name\":\"iVIVU.com\",\"url\":\"https:\/\/www.ivivu.com\/blog\/\",\"logo\":{\"@type\":\"ImageObject\",\"inLanguage\":\"vi\",\"@id\":\"https:\/\/www.ivivu.com\/blog\/#\/schema\/logo\/image\/\",\"url\":\"https:\/\/cdn3.ivivu.com\/2024\/01\/ivivu_no_slogan.png\",\"contentUrl\":\"https:\/\/cdn3.ivivu.com\/2024\/01\/ivivu_no_slogan.png\",\"width\":788,\"height\":565,\"caption\":\"iVIVU.com\"},\"image\":{\"@id\":\"https:\/\/www.ivivu.com\/blog\/#\/schema\/logo\/image\/\"},\"sameAs\":[\"https:\/\/www.facebook.com\/iVIVU\"]},{\"@type\":\"Person\",\"@id\":\"https:\/\/www.ivivu.com\/blog\/#\/schema\/person\/f6e706f46fad4e85f2e1c3ec41136369\",\"name\":\"Ng\u00e2n Thi\u1ec1u Kim\",\"sameAs\":[\"https:\/\/www.ivivu.com\/blog\/\"],\"url\":\"https:\/\/www.ivivu.com\/blog\/author\/ngan-thieu\/\"}]}<\/script>\n<!-- \/ Yoast SEO Premium plugin. -->","yoast_head_json":{"title":"5 \u0111i\u1ec3m ng\u1eafm l\u00e1 phong \u0111\u1ecf ngay \u1edf Vi\u1ec7t Nam - iVIVU.com","description":"\u1ede Vi\u1ec7t Nam c\u0169ng c\u00f3 nhi\u1ec1u khu r\u1eebng c\u00e2y phong ph\u00e1t tri\u1ec3n v\u00e0 chuy\u1ec3n m\u00e0u r\u1ea5t \u0111\u1eb9p m\u1ed7i d\u1ecbp thu sang, nh\u01b0 \u0110\u00e0 L\u1ea1t hay Pha Lu\u00f4ng.","robots":{"index":"index","follow":"follow","max-snippet":"max-snippet:-1","max-image-preview":"max-image-preview:large","max-video-preview":"max-video-preview:-1"},"canonical":"https:\/\/www.ivivu.com\/blog\/2017\/10\/5-diem-ngam-la-phong-do-ngay-o-viet-nam\/","twitter_misc":{"\u0110\u01b0\u1ee3c vi\u1ebft b\u1edfi":"Ng\u00e2n Thi\u1ec1u Kim","\u01af\u1edbc t\u00ednh th\u1eddi gian \u0111\u1ecdc":"4 ph\u00fat"},"schema":{"@context":"https:\/\/schema.org","@graph":[{"@type":"Article","@id":"https:\/\/www.ivivu.com\/blog\/2017\/10\/5-diem-ngam-la-phong-do-ngay-o-viet-nam\/#article","isPartOf":{"@id":"https:\/\/www.ivivu.com\/blog\/2017\/10\/5-diem-ngam-la-phong-do-ngay-o-viet-nam\/"},"author":{"name":"Ng\u00e2n Thi\u1ec1u Kim","@id":"https:\/\/www.ivivu.com\/blog\/#\/schema\/person\/f6e706f46fad4e85f2e1c3ec41136369"},"headline":"5 \u0111i\u1ec3m ng\u1eafm l\u00e1 phong \u0111\u1ecf ngay \u1edf Vi\u1ec7t Nam","datePublished":"2017-10-28T02:20:47+00:00","dateModified":"2017-10-27T08:21:15+00:00","mainEntityOfPage":{"@id":"https:\/\/www.ivivu.com\/blog\/2017\/10\/5-diem-ngam-la-phong-do-ngay-o-viet-nam\/"},"wordCount":846,"publisher":{"@id":"https:\/\/www.ivivu.com\/blog\/#organization"},"image":{"@id":"https:\/\/www.ivivu.com\/blog\/2017\/10\/5-diem-ngam-la-phong-do-ngay-o-viet-nam\/#primaryimage"},"thumbnailUrl":"https:\/\/cdn3.ivivu.com\/2017\/10\/5-diem-ngam-la-phong-do-ngay-o-viet-nam-ivivu-1.jpg","keywords":["du l\u1ecbch \u0111\u00e0 l\u1ea1t","du l\u1ecbch Pha Lu\u00f4ng","\u0111\u1ecba \u0111i\u1ec3m ng\u1eafm l\u00e1 phong \u0111\u1ecf","\u0111\u1ecba \u0111i\u1ec3m ng\u1eafm l\u00e1 phong \u0111\u1ecf \u1edf \u0110\u00e0 L\u1ea1t","\u0111i\u1ec3m ng\u1eafm l\u00e1 phong","\u0111\u1ec9nh Fansipan","Vi\u1ec7t Nam"],"articleSection":["DU L\u1ecaCH VI\u1ec6T NAM","\u0110i\u1ec3m \u0111\u1ebfn","N\u1ed5i B\u1eadt 2"],"inLanguage":"vi"},{"@type":"WebPage","@id":"https:\/\/www.ivivu.com\/blog\/2017\/10\/5-diem-ngam-la-phong-do-ngay-o-viet-nam\/","url":"https:\/\/www.ivivu.com\/blog\/2017\/10\/5-diem-ngam-la-phong-do-ngay-o-viet-nam\/","name":"5 \u0111i\u1ec3m ng\u1eafm l\u00e1 phong \u0111\u1ecf ngay \u1edf Vi\u1ec7t Nam - iVIVU.com","isPartOf":{"@id":"https:\/\/www.ivivu.com\/blog\/#website"},"primaryImageOfPage":{"@id":"https:\/\/www.ivivu.com\/blog\/2017\/10\/5-diem-ngam-la-phong-do-ngay-o-viet-nam\/#primaryimage"},"image":{"@id":"https:\/\/www.ivivu.com\/blog\/2017\/10\/5-diem-ngam-la-phong-do-ngay-o-viet-nam\/#primaryimage"},"thumbnailUrl":"https:\/\/cdn3.ivivu.com\/2017\/10\/5-diem-ngam-la-phong-do-ngay-o-viet-nam-ivivu-1.jpg","datePublished":"2017-10-28T02:20:47+00:00","dateModified":"2017-10-27T08:21:15+00:00","description":"\u1ede Vi\u1ec7t Nam c\u0169ng c\u00f3 nhi\u1ec1u khu r\u1eebng c\u00e2y phong ph\u00e1t tri\u1ec3n v\u00e0 chuy\u1ec3n m\u00e0u r\u1ea5t \u0111\u1eb9p m\u1ed7i d\u1ecbp thu sang, nh\u01b0 \u0110\u00e0 L\u1ea1t hay Pha Lu\u00f4ng.","breadcrumb":{"@id":"https:\/\/www.ivivu.com\/blog\/2017\/10\/5-diem-ngam-la-phong-do-ngay-o-viet-nam\/#breadcrumb"},"inLanguage":"vi","potentialAction":[{"@type":"ReadAction","target":["https:\/\/www.ivivu.com\/blog\/2017\/10\/5-diem-ngam-la-phong-do-ngay-o-viet-nam\/"]}]},{"@type":"ImageObject","inLanguage":"vi","@id":"https:\/\/www.ivivu.com\/blog\/2017\/10\/5-diem-ngam-la-phong-do-ngay-o-viet-nam\/#primaryimage","url":"https:\/\/cdn3.ivivu.com\/2017\/10\/5-diem-ngam-la-phong-do-ngay-o-viet-nam-ivivu-1.jpg","contentUrl":"https:\/\/cdn3.ivivu.com\/2017\/10\/5-diem-ngam-la-phong-do-ngay-o-viet-nam-ivivu-1.jpg","width":660,"height":467},{"@type":"BreadcrumbList","@id":"https:\/\/www.ivivu.com\/blog\/2017\/10\/5-diem-ngam-la-phong-do-ngay-o-viet-nam\/#breadcrumb","itemListElement":[{"@type":"ListItem","position":1,"name":"Home","item":"https:\/\/www.ivivu.com\/blog\/"},{"@type":"ListItem","position":2,"name":"5 \u0111i\u1ec3m ng\u1eafm l\u00e1 phong \u0111\u1ecf ngay \u1edf Vi\u1ec7t Nam"}]},{"@type":"WebSite","@id":"https:\/\/www.ivivu.com\/blog\/#website","url":"https:\/\/www.ivivu.com\/blog\/","name":"C\u1ea9m nang du l\u1ecbch","description":"","publisher":{"@id":"https:\/\/www.ivivu.com\/blog\/#organization"},"potentialAction":[{"@type":"SearchAction","target":{"@type":"EntryPoint","urlTemplate":"https:\/\/www.ivivu.com\/blog\/?s={search_term_string}"},"query-input":"required name=search_term_string"}],"inLanguage":"vi"},{"@type":"Organization","@id":"https:\/\/www.ivivu.com\/blog\/#organization","name":"iVIVU.com","url":"https:\/\/www.ivivu.com\/blog\/","logo":{"@type":"ImageObject","inLanguage":"vi","@id":"https:\/\/www.ivivu.com\/blog\/#\/schema\/logo\/image\/","url":"https:\/\/cdn3.ivivu.com\/2024\/01\/ivivu_no_slogan.png","contentUrl":"https:\/\/cdn3.ivivu.com\/2024\/01\/ivivu_no_slogan.png","width":788,"height":565,"caption":"iVIVU.com"},"image":{"@id":"https:\/\/www.ivivu.com\/blog\/#\/schema\/logo\/image\/"},"sameAs":["https:\/\/www.facebook.com\/iVIVU"]},{"@type":"Person","@id":"https:\/\/www.ivivu.com\/blog\/#\/schema\/person\/f6e706f46fad4e85f2e1c3ec41136369","name":"Ng\u00e2n Thi\u1ec1u Kim","sameAs":["https:\/\/www.ivivu.com\/blog\/"],"url":"https:\/\/www.ivivu.com\/blog\/author\/ngan-thieu\/"}]}},"_links":{"self":[{"href":"https:\/\/www.ivivu.com\/blog\/wp-json\/wp\/v2\/posts\/232221"}],"collection":[{"href":"https:\/\/www.ivivu.com\/blog\/wp-json\/wp\/v2\/posts"}],"about":[{"href":"https:\/\/www.ivivu.com\/blog\/wp-json\/wp\/v2\/types\/post"}],"author":[{"embeddable":true,"href":"https:\/\/www.ivivu.com\/blog\/wp-json\/wp\/v2\/users\/38"}],"replies":[{"embeddable":true,"href":"https:\/\/www.ivivu.com\/blog\/wp-json\/wp\/v2\/comments?post=232221"}],"version-history":[{"count":4,"href":"https:\/\/www.ivivu.com\/blog\/wp-json\/wp\/v2\/posts\/232221\/revisions"}],"predecessor-version":[{"id":232270,"href":"https:\/\/www.ivivu.com\/blog\/wp-json\/wp\/v2\/posts\/232221\/revisions\/232270"}],"wp:featuredmedia":[{"embeddable":true,"href":"https:\/\/www.ivivu.com\/blog\/wp-json\/wp\/v2\/media\/232222"}],"wp:attachment":[{"href":"https:\/\/www.ivivu.com\/blog\/wp-json\/wp\/v2\/media?parent=232221"}],"wp:term":[{"taxonomy":"category","embeddable":true,"href":"https:\/\/www.ivivu.com\/blog\/wp-json\/wp\/v2\/categories?post=232221"},{"taxonomy":"post_tag","embeddable":true,"href":"https:\/\/www.ivivu.com\/blog\/wp-json\/wp\/v2\/tags?post=232221"}],"curies":[{"name":"wp","href":"https:\/\/api.w.org\/{rel}","templated":true}]}}