{"id":234131,"date":"2017-11-14T10:15:35","date_gmt":"2017-11-14T03:15:35","guid":{"rendered":"https:\/\/www.ivivu.com\/blog\/?p=234131"},"modified":"2017-11-14T10:15:35","modified_gmt":"2017-11-14T03:15:35","slug":"chuyen-phuot-cua-thu-tuong-canada-toi-viet-nam-nam-1995","status":"publish","type":"post","link":"https:\/\/www.ivivu.com\/blog\/2017\/11\/chuyen-phuot-cua-thu-tuong-canada-toi-viet-nam-nam-1995\/","title":{"rendered":"Chuy\u1ebfn ph\u01b0\u1ee3t c\u1ee7a Th\u1ee7 t\u01b0\u1edbng Canada t\u1edbi Vi\u1ec7t Nam n\u0103m 1995"},"content":{"rendered":"<p><em><strong>Ch\u00e0ng thanh ni\u00ean Justin Trudeau d\u00e0nh m\u1ed9t n\u0103m sau \u0111\u1ea1i h\u1ecdc \u0111\u1ec3 kh\u00e1m ph\u00e1 th\u1ebf gi\u1edbi, \u0111\u1ebfn c\u00e1c n\u01b0\u1edbc \u00c2u, Phi v\u00e0 \u00c1, trong \u0111\u00f3 c\u00f3 Vi\u1ec7t Nam.<\/strong><\/em><!--more--><\/p>\n<h2>Chuy\u1ebfn du l\u1ecbch c\u1ee7a Th\u1ee7 t\u01b0\u1edbng Canada t\u1edbi Vi\u1ec7t Nam n\u0103m 1995<\/h2>\n<p style=\"text-align: justify;\">Trong bu\u1ed5i tr\u00f2 chuy\u1ec7n v\u1edbi Th\u1ee7 t\u01b0\u1edbng Nguy\u1ec5n Xu\u00e2n Ph\u00fac h\u00f4m 8\/11, Th\u1ee7 t\u01b0\u1edbng Trudeau nh\u1eafc \u0111\u1ebfn chuy\u1ebfn <strong>du l\u1ecbch<\/strong> Vi\u1ec7t Nam n\u0103m 1995 c\u1ee7a m\u00ecnh. D\u01b0\u1edbi \u0111\u00e2y l\u00e0 l\u1eddi k\u1ec3 c\u1ee7a Vilho Sakari Leino, ph\u01b0\u1ee3t th\u1ee7 Ph\u1ea7n Lan t\u1eebng \u0111\u1ed3ng h\u00e0nh c\u00f9ng \u00f4ng Trudeau trong h\u00e0nh tr\u00ecnh xuy\u00ean l\u1ee5c \u0111\u1ecba h\u01a1n 20 n\u0103m tr\u01b0\u1edbc.<\/p>\n<p style=\"text-align: justify;\">T\u1ed1t nghi\u1ec7p tr\u01b0\u1eddng \u0110\u1ea1i h\u1ecdc McGrill t\u1ea1i Montreal n\u0103m 1994, ch\u00e0ng trai Justin Trudeau khi \u1ea5y m\u1edbi ngo\u00e0i 20 tu\u1ed5i, mu\u1ed1n ti\u1ebfp t\u1ee5c s\u1ef1 nghi\u1ec7p h\u1ecdc h\u00e0nh \u0111\u1ec3 tr\u1edf th\u00e0nh gi\u00e1o vi\u00ean. Nh\u01b0ng tr\u01b0\u1edbc h\u1ebft, Trudeau quy\u1ebft \u0111\u1ecbnh d\u00e0nh m\u1ed9t n\u0103m &#8220;gap year&#8221; \u0111\u1ec3 kh\u00e1m ph\u00e1 th\u1ebf gi\u1edbi.<\/p>\n<p style=\"text-align: justify;\">Trudeau t\u1eeb Canada t\u1edbi th\u1ecb tr\u1ea5n ven bi\u1ec3n Ramsgate (Anh) c\u00f9ng b\u1ea1n v\u00e0 nh\u1eadp h\u1ed9i v\u1edbi nh\u1eefng ng\u01b0\u1eddi xa l\u1ea1 c\u00f3 chung ni\u1ec1m \u0111am m\u00ea x\u00ea d\u1ecbch. H\u1ecd h\u1ee3p l\u1ea1i th\u00e0nh m\u1ed9t nh\u00f3m kho\u1ea3ng 20 ng\u01b0\u1eddi \u0111\u1ebfn t\u1eeb kh\u1eafp n\u01a1i tr\u00ean th\u1ebf gi\u1edbi, g\u00f3p ti\u1ec1n mua m\u1ed9t chi\u1ebfc xe t\u1ea3i v\u00e0 l\u00e1i \u0111\u1ebfn mi\u1ec1n Nam \u00c2u.<\/p>\n<p style=\"text-align: justify;\">Nh\u1eefng ph\u01b0\u1ee3t th\u1ee7 tr\u1ebb tu\u1ed5i n\u00f3ng l\u00f2ng v\u01b0\u1ee3t kh\u1ecfi l\u00e3nh th\u1ed5 ch\u00e2u \u00c2u. H\u1ecd l\u00e1i xe qua Ph\u00e1p v\u00e0 T\u00e2y Ban Nha trong v\u00e0i ng\u00e0y, ch\u1ec9 d\u1eebng l\u1ea1i khi m\u00e0n \u0111\u00eam bu\u00f4ng xu\u1ed1ng \u0111\u1ec3 c\u1eafm tr\u1ea1i ven \u0111\u01b0\u1eddng cao t\u1ed1c.<\/p>\n<div id=\"attachment_234109\" style=\"width: 510px\" class=\"wp-caption aligncenter\"><img loading=\"lazy\" decoding=\"async\" aria-describedby=\"caption-attachment-234109\" class=\"wp-image-234109 size-full\" title=\"Leino h\u1ed3i t\u01b0\u1edfng l\u1ea1i chuy\u1ebfn \u0111i c\u00e1ch \u0111\u00e2y h\u01a1n 20 n\u0103m, khi \u1ea5y Justin Trudeau \u0111\u00e3 l\u00e0 &quot;m\u1ed9t c\u1ed7 m\u00e1y chuy\u1ec3n \u0111\u1ed9ng kh\u00f4ng ng\u1eebng&quot;. \u1ea2nh: Vilho Sakari Leino.\" src=\"https:\/\/cdn3.ivivu.com\/2017\/11\/chuyen-phuot-cua-thu-tuong-canada-toi-viet-nam-nam-1995-ivivu-1.jpg\" alt=\"Leino h\u1ed3i t\u01b0\u1edfng l\u1ea1i chuy\u1ebfn \u0111i c\u00e1ch \u0111\u00e2y h\u01a1n 20 n\u0103m, khi \u1ea5y Justin Trudeau \u0111\u00e3 l\u00e0 &quot;m\u1ed9t c\u1ed7 m\u00e1y chuy\u1ec3n \u0111\u1ed9ng kh\u00f4ng ng\u1eebng&quot;. \u1ea2nh: Vilho Sakari Leino.\" width=\"500\" height=\"327\" srcset=\"https:\/\/cdn3.ivivu.com\/2017\/11\/chuyen-phuot-cua-thu-tuong-canada-toi-viet-nam-nam-1995-ivivu-1.jpg 500w, https:\/\/cdn3.ivivu.com\/2017\/11\/chuyen-phuot-cua-thu-tuong-canada-toi-viet-nam-nam-1995-ivivu-1-466x305.jpg 466w\" sizes=\"(max-width: 500px) 100vw, 500px\" \/><p id=\"caption-attachment-234109\" class=\"wp-caption-text\">Leino h\u1ed3i t\u01b0\u1edfng l\u1ea1i chuy\u1ebfn \u0111i c\u00e1ch \u0111\u00e2y h\u01a1n 20 n\u0103m, khi \u1ea5y Justin Trudeau \u0111\u00e3 l\u00e0 &#8220;m\u1ed9t c\u1ed7 m\u00e1y chuy\u1ec3n \u0111\u1ed9ng kh\u00f4ng ng\u1eebng&#8221;. \u1ea2nh: Vilho Sakari Leino.<\/p><\/div>\n<p style=\"text-align: justify;\">H\u1ecd g\u1ecdi cu\u1ed9c \u0111i\u1ec7n tho\u1ea1i cu\u1ed1i c\u00f9ng v\u1ec1 nh\u00e0 khi t\u1edbi Gibraltar, l\u00e3nh th\u1ed5 h\u1ea3i ngo\u1ea1i c\u1ee7a Anh, v\u00e0 l\u00ean ph\u00e0 t\u1edbi Morocco, Justin Trudeau ghi trong cu\u1ed1n h\u1ed3i k\u00fd Common Ground xu\u1ea5t b\u1ea3n n\u0103m 2014 c\u1ee7a m\u00ecnh.<\/p>\n<p style=\"text-align: justify;\">Trong nh\u00f3m c\u00f3 Vilho Sakari Leino, \u0111\u1ebfn t\u1eeb Helsinki (Ph\u1ea7n Lan) nh\u1eadp h\u1ed9i m\u1ed9t m\u00ecnh. Leino kh\u00f4ng c\u00f2n l\u00e0 tay m\u01a1 v\u00ec \u1edf tu\u1ed5i 27, anh \u0111\u00e3 \u0111i kh\u1eafp th\u1ebf gi\u1edbi. \u00dd t\u01b0\u1edfng ph\u01b0\u1ee3t xuy\u00ean ch\u00e2u Phi nhen nh\u00f3m trong chuy\u1ebfn \u0111i cu\u1ed1i c\u00f9ng c\u1ee7a Leino t\u1edbi Zimbabwe c\u00f9ng anh trai.<\/p>\n<p style=\"text-align: justify;\">Leino cho r\u1eb1ng, g\u1ea7n nh\u01b0 c\u00e1c ph\u01b0\u1ee3t th\u1ee7 Anh l\u00e0 nh\u1eefng ng\u01b0\u1eddi \u0111\u1ea7u ti\u00ean nh\u1eadn ra c\u1ea3 h\u1ed9i \u0111ang ph\u01b0\u1ee3t c\u00f9ng nh\u00e2n v\u1eadt n\u1ed5i ti\u1ebfng. Justin Trudeau l\u00e0 con trai c\u1ef1u th\u1ee7 t\u01b0\u1edbng Pierre Trudeau, ng\u01b0\u1eddi l\u00e3nh \u0111\u1ea1o Canada t\u1eeb 1968 t\u1edbi 1979. H\u01a1n n\u1eefa, anh b\u1ea1n ph\u01b0\u1ee3t c\u1ee7a h\u1ecd c\u0169ng t\u1eebng xu\u1ea5t hi\u1ec7n r\u1ea5t nhi\u1ec1u tr\u01b0\u1edbc c\u00f4ng ch\u00fang, v\u00e0 Trudeau c\u0169ng l\u00e0 h\u1ecd c\u00f3 ti\u1ebfng t\u0103m trong Kh\u1ed1i Th\u1ecbnh v\u01b0\u1ee3ng chung Anh.<\/p>\n<p style=\"text-align: justify;\">Trudeau kh\u00f4ng mu\u1ed1n ph\u00f4 tr\u01b0\u01a1ng th\u00e2n th\u1ebf c\u1ee7a m\u00ecnh m\u00e0 ch\u1ec9 mu\u1ed1n \u1ea9n danh t\u00ednh gi\u1eefa c\u1ea3 nh\u00f3m, song Leino l\u00e0 ng\u01b0\u1eddi t\u00f2 m\u00f2. M\u1ed7i c\u00e2u chuy\u1ec7n Trudeau k\u1ec3 c\u00e0ng cho th\u1ea5y cu\u1ed9c \u0111\u1eddi c\u1ee7a con trai m\u1ed9t Th\u1ee7 t\u01b0\u1edbng kh\u00e1c bi\u1ec7t v\u1edbi m\u1ecdi ng\u01b0\u1eddi nh\u01b0 th\u1ebf n\u00e0o. &#8220;Anh \u1ea5y n\u00f3i r\u1eb1ng khi c\u00f2n b\u00e9, gia \u0111\u00ecnh th\u01b0\u1eddng c\u00f3 kh\u00e1ch nh\u01b0 danh ca Neil Young hay Leonard Cohen t\u1edbi u\u1ed1ng c\u00e0 ph\u00ea v\u00e0o bu\u1ed5i s\u00e1ng&#8221;, Leino k\u1ec3 l\u1ea1i.<\/p>\n<p style=\"text-align: justify;\">&#8220;L\u00fac \u0111\u1ea7u ch\u00fang t\u00f4i ch\u1ec9 r\u1ec9 tai nhau v\u1ec1 \u0111i\u1ec1u n\u00e0y, r\u1ed3i cu\u1ed1i c\u00f9ng t\u1ea5t c\u1ea3 \u0111\u1ec1u bi\u1ebft&#8221;, Leino h\u1ed3i t\u01b0\u1edfng l\u1ea1i.<\/p>\n<p style=\"text-align: justify;\">Ch\u00ednh Trudeau t\u1eebng vi\u1ebft trong h\u1ed3i k\u00fd c\u1ee7a m\u00ecnh r\u1eb1ng trong chuy\u1ebfn \u0111i \u1ea5y, \u00f4ng ph\u1ea3i v\u1eadt l\u1ed9n v\u1edbi t\u00ednh nh\u00fat nh\u00e1t, \u0111i\u1ec1u ng\u0103n \u00f4ng l\u00e0m quen b\u1ea1n m\u1edbi. Nh\u01b0ng sau khi ng\u1ed3i tr\u00ean c\u00f9ng m\u1ed9t chi\u1ebfc xe t\u1ea3i trong nhi\u1ec1u tu\u1ea7n, r\u1ed3i ng\u1ee7 chung trong l\u1ec1u, c\u1ea3 nh\u00f3m d\u1ea7n th\u00e2n thi\u1ebft h\u01a1n. Trudeau b\u1eaft \u0111\u1ea7u c\u00f3 th\u00eam b\u1ea1n.<\/p>\n<p style=\"text-align: justify;\">Trudeau c\u00f9ng ba ng\u01b0\u1eddi b\u1ea1n t\u1eeb Canada c\u00f3 nhi\u1ec1u pha &#8220;c\u1ee9u nguy&#8221; cho c\u1ea3 nh\u00f3m. V\u1edbi kh\u1ea3 n\u0103ng ngo\u1ea1i ng\u1eef, h\u1ecd g\u1ee1 r\u1ed1i kh\u00f4ng \u00edt l\u1ea7n xe qua bi\u00ean gi\u1edbi hay trao \u0111\u1ed5i v\u1edbi c\u1ea3nh s\u00e1t t\u1ea1i c\u00e1c qu\u1ed1c gia n\u00f3i ti\u1ebfng Ph\u00e1p \u1edf ch\u00e2u Phi.<\/p>\n<p style=\"text-align: justify;\">Leino h\u00e0o h\u1ee9ng k\u1ec3 v\u1ec1 l\u1ea7n c\u1ea3 nh\u00f3m b\u1ecb c\u1ea3nh s\u00e1t cho d\u1eebng xe khi g\u1ecdi taxi t\u1eeb th\u00e0nh ph\u1ed1 v\u1ec1 khu c\u1eafm tr\u1ea1i: &#8220;V\u1edbi b\u1ea3y h\u00e0nh kh\u00e1ch n\u01b0\u1edbc ngo\u00e0i tr\u00ean xe, ch\u01b0a k\u1ec3 ba ng\u01b0\u1eddi ng\u1ed3i th\u00eam sau c\u1ed1p, m\u1ed9t trong nh\u1eefng anh ch\u00e0ng Canada s\u1ebd l\u00e0m th\u00f4ng d\u1ecbch vi\u00ean \u0111\u1ec3 gi\u1ea3i th\u00edch t\u1ea5t c\u1ea3&#8221;.<\/p>\n<p style=\"text-align: justify;\">C\u1ea3 nh\u00f3m c\u0169ng t\u1eebng g\u1eb7p r\u1eafc r\u1ed1i v\u1edbi c\u1ea3nh s\u00e1t t\u1ea1i Mauritania \u1edf T\u00e2y Phi. M\u1ed9t th\u00e0nh vi\u00ean b\u1ecb ph\u00e1t hi\u1ec7n m\u1edf bia t\u1ea1i n\u01a1i c\u00f4ng c\u1ed9ng, Trudeau c\u0169ng l\u00e0 ng\u01b0\u1eddi \u0111\u1ee9ng ra n\u00f3i chuy\u1ec7n v\u1edbi c\u1ea3nh s\u00e1t v\u00e0 c\u1ea3 nh\u00f3m g\u00f3p ti\u1ec1n n\u1ed9p ph\u1ea1t.<\/p>\n<div id=\"attachment_234110\" style=\"width: 510px\" class=\"wp-caption aligncenter\"><img loading=\"lazy\" decoding=\"async\" aria-describedby=\"caption-attachment-234110\" class=\"wp-image-234110 size-full\" title=\"Trong cu\u1ed1n s\u00e1ch Contender: The Justin Trudeau Story xu\u1ea5t b\u1ea3n n\u0103m 2013, t\u00e1c gi\u1ea3 Althia Raj ti\u1ebft l\u1ed9 Trudeau t\u1eebng c\u1ea1o \u0111\u1ea7u t\u1ea1i Sahara. \u1ea2nh: Vilho Sakari Leino.\" src=\"https:\/\/cdn3.ivivu.com\/2017\/11\/chuyen-phuot-cua-thu-tuong-canada-toi-viet-nam-nam-1995-ivivu-2.jpg\" alt=\"Trong cu\u1ed1n s\u00e1ch Contender: The Justin Trudeau Story xu\u1ea5t b\u1ea3n n\u0103m 2013, t\u00e1c gi\u1ea3 Althia Raj ti\u1ebft l\u1ed9 Trudeau t\u1eebng c\u1ea1o \u0111\u1ea7u t\u1ea1i Sahara. \u1ea2nh: Vilho Sakari Leino.\" width=\"500\" height=\"310\" srcset=\"https:\/\/cdn3.ivivu.com\/2017\/11\/chuyen-phuot-cua-thu-tuong-canada-toi-viet-nam-nam-1995-ivivu-2.jpg 500w, https:\/\/cdn3.ivivu.com\/2017\/11\/chuyen-phuot-cua-thu-tuong-canada-toi-viet-nam-nam-1995-ivivu-2-492x305.jpg 492w\" sizes=\"(max-width: 500px) 100vw, 500px\" \/><p id=\"caption-attachment-234110\" class=\"wp-caption-text\">Trong cu\u1ed1n s\u00e1ch Contender: The Justin Trudeau Story xu\u1ea5t b\u1ea3n n\u0103m 2013, t\u00e1c gi\u1ea3 Althia Raj ti\u1ebft l\u1ed9 Trudeau t\u1eebng c\u1ea1o \u0111\u1ea7u t\u1ea1i Sahara. \u1ea2nh: Vilho Sakari Leino.<\/p><\/div>\n<p style=\"text-align: justify;\">&#8220;Khi \u0111i qua nh\u1eefng qu\u1ed1c gia thu\u1ed9c sa m\u1ea1c Sahara, xe t\u1ea3i th\u01b0\u1eddng b\u1ecb l\u00fan b\u00e1nh d\u01b0\u1edbi c\u00e1c \u0111\u1ee5n c\u00e1t n\u00ean th\u1eddi gian \u1ea5y c\u1ea3 nh\u00f3m v\u1ea5t v\u1ea3 h\u01a1n. \u0110\u00f3 c\u0169ng l\u00e0 l\u00fac Trudeau b\u1ecb ng\u1ed9 \u0111\u1ed9c, kh\u00f4ng ai \u1ed1m n\u1eb7ng h\u01a1n anh \u1ea5y&#8221;, Leino ti\u1ebft l\u1ed9.<\/p>\n<p style=\"text-align: justify;\">Th\u00e1ng 12\/1994, c\u1ea3 nh\u00f3m ph\u01b0\u1ee3t qua nh\u1eefng n\u01b0\u1edbc T\u00e2y Phi ven v\u1ecbnh Guinea t\u1edbi Benin &#8211; \u0111\u00e2y c\u0169ng l\u00e0 \u0111i\u1ec3m cu\u1ed1i c\u00f9ng trong h\u00e0nh tr\u00ecnh c\u1ee7a Trudeau v\u00e0 c\u00e1c b\u1ea1n. H\u1ecd mu\u1ed1n \u0111\u1ed5i ph\u01b0\u01a1ng ti\u1ec7n di chuy\u1ec3n v\u00e0 nh\u00ecn ng\u1eafm nh\u1eefng c\u1ea3nh quan m\u1edbi, n\u00ean \u0111\u00e3 mua v\u00e9 t\u00e0u h\u1ecfa Trans-Siberian Express.<\/p>\n<p style=\"text-align: justify;\">Leino ti\u1ebfp t\u1ee5c h\u00e0nh tr\u00ecnh v\u00e0 g\u1ee3i \u00fd cho b\u1ed1n ng\u01b0\u1eddi b\u1ea1n Canada b\u1eaft m\u00e1y bay v\u1ec1 Helsinki \u0111\u1ec3 ngh\u1ec9 c\u00f9ng gia \u0111\u00ecnh anh, trong khi \u0111\u1ee3i visa \u0111\u1ebfn Siberia. Ch\u1ecb g\u00e1i Leino \u0111\u00f3n b\u1ed1n ng\u01b0\u1eddi l\u1ea1 m\u1eb7t sau khi nh\u1eadn \u0111i\u1ec7n tho\u1ea1i c\u1ee7a h\u1ecd t\u1eeb s\u00e2n bay v\u00e0 \u0111\u1ecdc b\u1ee9c th\u01b0 tay c\u1ee7a em trai g\u1eedi g\u1eafm.<\/p>\n<p style=\"text-align: justify;\">Trudeau c\u00f9ng b\u1ea1n ngh\u1ec9 l\u1ea1i c\u0103n h\u1ed9 c\u1ee7a nh\u00e0 Leino tr\u00ean ph\u1ed1 Minna Canth, Helsinki. Th\u1eadm ch\u00ed, ch\u1ecb g\u00e1i Leino c\u00f2n n\u1ea5u b\u1eefa t\u1ed1i truy\u1ec1n th\u1ed1ng c\u1ee7a ng\u01b0\u1eddi Ph\u1ea7n Lan m\u1eddi b\u1ed1n v\u1ecb kh\u00e1ch v\u00e0o Gi\u00e1ng sinh, c\u0169ng l\u00e0 sinh nh\u1eadt l\u1ea7n th\u1ee9 23 c\u1ee7a Trudeau.<\/p>\n<p style=\"text-align: justify;\">H\u1ecd d\u00e0nh nhi\u1ec1u th\u1eddi gian th\u0103m th\u00fa Helsinki, say s\u01b0a h\u00e0ng gi\u1edd trong th\u01b0 vi\u1ec7n T\u00f6\u00f6l\u00f6 c\u1ee7a th\u00e0nh ph\u1ed1. Leino \u0111o\u00e1n l\u00fac \u1ea5y, ph\u1ea7n l\u1edbn h\u1ecd \u0111ang nghi\u00ean c\u1ee9u h\u00e0nh tr\u00ecnh t\u1edbi Nga, Trung Qu\u1ed1c, Th\u00e1i Lan v\u00e0 Vi\u1ec7t Nam sau \u0111\u00f3.<\/p>\n<div id=\"attachment_234111\" style=\"width: 510px\" class=\"wp-caption aligncenter\"><img loading=\"lazy\" decoding=\"async\" aria-describedby=\"caption-attachment-234111\" class=\"wp-image-234111 size-full\" title=\"Th\u1ee7 t\u01b0\u1edbng Trudeau m\u1edbi chia s\u1ebb b\u1ee9c \u1ea3nh ch\u1ee5p cu\u1ed1n s\u1ed5 ghi t\u00ean kh\u00e1ch m\u00e0 \u0110\u1ea1i s\u1ee9 qu\u00e1n Canada t\u1ea1i H\u00e0 N\u1ed9i l\u01b0u gi\u1eef. Trong \u0111\u00f3 v\u1eabn c\u00f2n ch\u1eef k\u00fd c\u1ee7a \u00f4ng trong chuy\u1ebfn du l\u1ecbch Vi\u1ec7t Nam n\u0103m 1995. \u1ea2nh: Justin Trudeau.\" src=\"https:\/\/cdn3.ivivu.com\/2017\/11\/chuyen-phuot-cua-thu-tuong-canada-toi-viet-nam-nam-1995-ivivu-3.jpg\" alt=\"Th\u1ee7 t\u01b0\u1edbng Trudeau m\u1edbi chia s\u1ebb b\u1ee9c \u1ea3nh ch\u1ee5p cu\u1ed1n s\u1ed5 ghi t\u00ean kh\u00e1ch m\u00e0 \u0110\u1ea1i s\u1ee9 qu\u00e1n Canada t\u1ea1i H\u00e0 N\u1ed9i l\u01b0u gi\u1eef. Trong \u0111\u00f3 v\u1eabn c\u00f2n ch\u1eef k\u00fd c\u1ee7a \u00f4ng trong chuy\u1ebfn du l\u1ecbch Vi\u1ec7t Nam n\u0103m 1995. \u1ea2nh: Justin Trudeau.\" width=\"500\" height=\"332\" srcset=\"https:\/\/cdn3.ivivu.com\/2017\/11\/chuyen-phuot-cua-thu-tuong-canada-toi-viet-nam-nam-1995-ivivu-3.jpg 500w, https:\/\/cdn3.ivivu.com\/2017\/11\/chuyen-phuot-cua-thu-tuong-canada-toi-viet-nam-nam-1995-ivivu-3-459x305.jpg 459w\" sizes=\"(max-width: 500px) 100vw, 500px\" \/><p id=\"caption-attachment-234111\" class=\"wp-caption-text\">Th\u1ee7 t\u01b0\u1edbng Trudeau m\u1edbi chia s\u1ebb b\u1ee9c \u1ea3nh ch\u1ee5p cu\u1ed1n s\u1ed5 ghi t\u00ean kh\u00e1ch m\u00e0 \u0110\u1ea1i s\u1ee9 qu\u00e1n Canada t\u1ea1i H\u00e0 N\u1ed9i l\u01b0u gi\u1eef. Trong \u0111\u00f3 v\u1eabn c\u00f2n ch\u1eef k\u00fd c\u1ee7a \u00f4ng trong chuy\u1ebfn du l\u1ecbch Vi\u1ec7t Nam n\u0103m 1995. \u1ea2nh: Justin Trudeau.<\/p><\/div>\n<p style=\"text-align: justify;\">K\u1ebft th\u00fac h\u00e0nh tr\u00ecnh xuy\u00ean l\u1ee5c \u0111\u1ecba, Trudeau tr\u1edf v\u1ec1 Canada v\u00e0 ti\u1ebfp t\u1ee5c theo h\u1ecdc t\u1ea1i \u0110\u1ea1i h\u1ecdc British Columbia. \u00d4ng tr\u1edf th\u00e0nh m\u1ed9t gi\u00e1o vi\u00ean ti\u1ebfng Ph\u00e1p tr\u01b0\u1edbc khi b\u1eaft \u0111\u1ea7u s\u1ef1 nghi\u1ec7p ch\u00ednh tr\u1ecb.<\/p>\n<p style=\"text-align: justify;\">Trong cu\u1ed1n h\u1ed3i k\u00fd c\u1ee7a m\u00ecnh, Th\u1ee7 t\u01b0\u1edbng Canada cho r\u1eb1ng chuy\u1ebfn \u0111i \u0111\u00e3 thay \u0111\u1ed5i con ng\u01b0\u1eddi \u00f4ng. &#8220;Nh\u01b0 ph\u1ea7n l\u1edbn ng\u01b0\u1eddi Canada \u0111\u1ee7 may m\u1eafn \u0111\u1ec3 ra n\u01b0\u1edbc ngo\u00e0i, t\u00f4i tr\u1edf v\u1ec1 c\u00f9ng l\u00f2ng tr\u00e2n tr\u1ecdng \u0111\u1ed1i v\u1edbi v\u0103n h\u00f3a \u0111a d\u1ea1ng v\u00e0 \u0111\u1ed9c \u0111\u00e1o c\u1ee7a \u0111\u1ea5t n\u01b0\u1edbc m\u00ecnh. B\u1ea3n s\u1eafc c\u1ee7a Canada hi\u1ec7n \u0111\u1ea1i kh\u00f4ng c\u00f2n ph\u1ee5 thu\u1ed9c v\u00e0o d\u00e2n t\u1ed9c, t\u00f4n gi\u00e1o, l\u1ecbch s\u1eed hay \u0111\u1ecba l\u00fd. Ng\u01b0\u1eddi Canada c\u00f3 th\u1ec3 mang m\u1ecdi m\u00e0u da, v\u0103n h\u00f3a v\u00e0 t\u00edn ng\u01b0\u1ee1ng&#8221;. Th\u00f4ng \u0111i\u1ec7p n\u00e0y \u0111\u01b0\u1ee3c Th\u1ee7 t\u01b0\u1edbng Canada nh\u1eafc l\u1ea1i nhi\u1ec1u l\u1ea7n t\u1eeb khi nh\u1eadm ch\u1ee9c.<\/p>\n<p style=\"text-align: justify;\">Leino c\u0169ng tin h\u00e0nh tr\u00ecnh h\u01a1n 20 n\u0103m tr\u01b0\u1edbc \u0111\u00e3 th\u1ef1c s\u1ef1 thay \u0111\u1ed5i Trudeau: &#8220;Xa nh\u00e0 m\u1ed9t th\u1eddi gian d\u00e0i s\u1ebd khi\u1ebfn con ng\u01b0\u1eddi ch\u00fang ta kh\u00e1c \u0111i, anh \u1ea5y khi \u0111\u00f3 c\u00f2n r\u1ea5t tr\u1ebb. Justin Trudeau ch\u1eafc ch\u1eafn \u0111\u00e3 \u0111i kh\u1eafp th\u1ebf gi\u1edbi c\u00f9ng cha, nh\u01b0ng c\u00f3 l\u1ebd anh \u1ea5y ch\u01b0a bao gi\u1edd \u0111i xa m\u00e0 kh\u00f4ng c\u00f3 cha m\u1eb9. V\u00e0 h\u1ed3i \u1ea5y ch\u1eafc ch\u1eafn h\u1ecd ch\u01b0a t\u1edbi ch\u00e2u Phi&#8221;.<\/p>\n<h4 style=\"text-align: center;\"><div class=\"ltt-contentbox white\"><\/span>G\u1eccI NGAY 1900 1870 (Mi\u1ec1n Nam),\u00a01900 2045 (Mi\u1ec1n B\u1eafc) ho\u1eb7c (029) 27308668 (Mi\u1ec1n T\u00e2y) \u0110\u1ec2 \u0110\u01af\u1ee2C T\u01af V\u1ea4N\u00a0<a href=\"https:\/\/www.ivivu.com\/ve-may-bay\/?utm_source=blog_ivivu&amp;utm_medium=post_link&amp;utm_campaign=internal\" target=\"_blank\">COMBO KH\u00c1CH S\u1ea0N + V\u00c9 M\u00c1Y BAY<\/a>\u00a0GI\u00c1 SI\u00caU TI\u1ebeT KI\u1ec6M T\u1eea IVIVU.COM<\/div><\/h4>\n<p style=\"text-align: right;\"><strong>Theo <a href=\"https:\/\/dulich.vnexpress.net\/tin-tuc\/dau-chan\/chuyen-phuot-cua-thu-tuong-canada-toi-viet-nam-nam-1995-3668373.html\" target=\"_blank\" rel=\"nofollow\">Ph\u1ea1m Huy\u1ec1n\/Vnexpress<\/a><\/strong><\/p>\n<div class=\"ltt-contentbox white\"><\/span><\/p>\n<p><strong>Xem th\u00eam c\u00e1c b\u00e0i vi\u1ebft:<\/strong><\/p>\n<p><strong><a href=\"https:\/\/www.ivivu.com\/blog\/2017\/07\/ngam-new-york-trong-chuyen-du-ngoan-tren-song-hudson\/\" target=\"_blank\">Ng\u1eafm New York trong chuy\u1ebfn du ngo\u1ea1n tr\u00ean s\u00f4ng Hudson<\/a><\/strong><\/p>\n<p><strong><a href=\"https:\/\/www.ivivu.com\/blog\/2017\/06\/los-angeles-thanh-pho-cua-nhung-vi-sao\/\" target=\"_blank\">Los Angeles \u2013 th\u00e0nh ph\u1ed1 c\u1ee7a nh\u1eefng v\u00ec sao<\/a><\/strong><\/p>\n<p><strong><a href=\"https:\/\/www.ivivu.com\/blog\/2017\/04\/co-mot-alaska-hoang-da-va-dep-phong-khoang-khien-ai-cung-uoc-mot-lan-duoc-dat-chan\/\" target=\"_blank\">C\u00f3 m\u1ed9t Alaska hoang d\u00e3 v\u00e0 \u0111\u1eb9p ph\u00f3ng kho\u00e1ng khi\u1ebfn ai c\u0169ng \u01b0\u1edbc m\u1ed9t l\u1ea7n \u0111\u01b0\u1ee3c \u0111\u1eb7t ch\u00e2n<\/a><\/strong><\/p>\n<p><\/div>\n<h3><div class=\"ltt-contentbox white\"><\/span>Click \u0111\u1eb7t ngay\u00a0<a href=\"https:\/\/www.ivivu.com\/vi\/?utm_source=blog_ivivu&amp;utm_medium=post_link&amp;utm_campaign=internal?utm_source=blog_ivivu&amp;utm_medium=post_link&amp;utm_campaign=internal?utm_source=blog_ivivu&amp;utm_medium=post_link&amp;utm_campaign=internal?utm_source=blog_ivivu&amp;utm_medium=post_link&amp;utm_campaign=internal?utm_source=blog_ivivu&amp;utm_medium=post_link&amp;utm_campaign=internal?utm_source=blog_ivivu&amp;utm_medium=post_link&amp;utm_campaign=internal?utm_source=blog_ivivu&amp;utm_medium=post_link&amp;utm_campaign=internal?utm_source=blog_ivivu&amp;utm_medium=post_link&amp;utm_campaign=internal?utm_source=blog_ivivu&amp;utm_medium=post_link&amp;utm_campaign=internal?utm_source=blog_ivivu&amp;utm_medium=post_link&amp;utm_campaign=internal?utm_source=blog_ivivu&amp;utm_medium=post_link&amp;utm_campaign=internal?utm_source=blog_ivivu&amp;utm_medium=post_link&amp;utm_campaign=internal?utm_source=blog_ivivu&amp;utm_medium=post_link&amp;utm_campaign=internal\" target=\"_blank\">Kh\u00e1ch s\u1ea1n kh\u1eafp Vi\u1ec7t Nam v\u00e0 to\u00e0n th\u1ebf gi\u1edbi<\/a>\u00a0gi\u00e1 t\u1ed1t nh\u1ea5t ch\u1ec9 c\u00f3 t\u1ea1i iVIVU.com<\/div><\/h3>\n<p>***<\/p>\n<p><strong>Tham kh\u1ea3o:\u00a0<a href=\"https:\/\/www.ivivu.com\/blog\/\" target=\"_blank\">C\u1ea9m nang du l\u1ecbch iVIVU.com<\/a><\/strong><\/p>\n","protected":false},"excerpt":{"rendered":"<p>Ch\u00e0ng thanh ni\u00ean Justin Trudeau d\u00e0nh m\u1ed9t n\u0103m sau \u0111\u1ea1i h\u1ecdc \u0111\u1ec3 kh\u00e1m ph\u00e1 th\u1ebf gi\u1edbi, \u0111\u1ebfn c\u00e1c n\u01b0\u1edbc \u00c2u, Phi v\u00e0 \u00c1, trong \u0111\u00f3 c\u00f3 Vi\u1ec7t Nam.<\/p>\n","protected":false},"author":38,"featured_media":234109,"comment_status":"closed","ping_status":"open","sticky":false,"template":"","format":"standard","meta":{"_acf_changed":false,"footnotes":""},"categories":[231,795,14742],"tags":[30327,16,319,3563,30313,122],"acf":[],"yoast_head":"<!-- This site is optimized with the Yoast SEO Premium plugin v22.6 (Yoast SEO v22.6) - https:\/\/yoast.com\/wordpress\/plugins\/seo\/ -->\n<title>Chuy\u1ebfn du l\u1ecbch c\u1ee7a Th\u1ee7 t\u01b0\u1edbng Canada t\u1edbi Vi\u1ec7t Nam n\u0103m 1995 - iVIVU.com<\/title>\n<meta name=\"description\" content=\"Ch\u00e0ng thanh ni\u00ean Justin Trudeau d\u00e0nh m\u1ed9t n\u0103m sau \u0111\u1ea1i h\u1ecdc \u0111\u1ec3 kh\u00e1m ph\u00e1 th\u1ebf gi\u1edbi, \u0111\u1ebfn c\u00e1c n\u01b0\u1edbc \u00c2u, Phi v\u00e0 \u00c1, trong \u0111\u00f3 c\u00f3 Vi\u1ec7t Nam.\" \/>\n<meta name=\"robots\" content=\"index, follow, max-snippet:-1, max-image-preview:large, max-video-preview:-1\" \/>\n<link rel=\"canonical\" href=\"https:\/\/www.ivivu.com\/blog\/2017\/11\/chuyen-phuot-cua-thu-tuong-canada-toi-viet-nam-nam-1995\/\" \/>\n<meta name=\"twitter:label1\" content=\"\u0110\u01b0\u1ee3c vi\u1ebft b\u1edfi\" \/>\n\t<meta name=\"twitter:data1\" content=\"Ng\u00e2n Thi\u1ec1u Kim\" \/>\n\t<meta name=\"twitter:label2\" content=\"\u01af\u1edbc t\u00ednh th\u1eddi gian \u0111\u1ecdc\" \/>\n\t<meta name=\"twitter:data2\" content=\"10 ph\u00fat\" \/>\n<script type=\"application\/ld+json\" class=\"yoast-schema-graph\">{\"@context\":\"https:\/\/schema.org\",\"@graph\":[{\"@type\":\"Article\",\"@id\":\"https:\/\/www.ivivu.com\/blog\/2017\/11\/chuyen-phuot-cua-thu-tuong-canada-toi-viet-nam-nam-1995\/#article\",\"isPartOf\":{\"@id\":\"https:\/\/www.ivivu.com\/blog\/2017\/11\/chuyen-phuot-cua-thu-tuong-canada-toi-viet-nam-nam-1995\/\"},\"author\":{\"name\":\"Ng\u00e2n Thi\u1ec1u Kim\",\"@id\":\"https:\/\/www.ivivu.com\/blog\/#\/schema\/person\/f6e706f46fad4e85f2e1c3ec41136369\"},\"headline\":\"Chuy\u1ebfn ph\u01b0\u1ee3t c\u1ee7a Th\u1ee7 t\u01b0\u1edbng Canada t\u1edbi Vi\u1ec7t Nam n\u0103m 1995\",\"datePublished\":\"2017-11-14T03:15:35+00:00\",\"dateModified\":\"2017-11-14T03:15:35+00:00\",\"mainEntityOfPage\":{\"@id\":\"https:\/\/www.ivivu.com\/blog\/2017\/11\/chuyen-phuot-cua-thu-tuong-canada-toi-viet-nam-nam-1995\/\"},\"wordCount\":2078,\"publisher\":{\"@id\":\"https:\/\/www.ivivu.com\/blog\/#organization\"},\"image\":{\"@id\":\"https:\/\/www.ivivu.com\/blog\/2017\/11\/chuyen-phuot-cua-thu-tuong-canada-toi-viet-nam-nam-1995\/#primaryimage\"},\"thumbnailUrl\":\"https:\/\/cdn3.ivivu.com\/2017\/11\/chuyen-phuot-cua-thu-tuong-canada-toi-viet-nam-nam-1995-ivivu-1.jpg\",\"keywords\":[\"ch\u00e0ng thanh ni\u00ean Justin Trudeau\",\"du l\u1ecbch\",\"Du l\u1ecbch ch\u00e2u \u00e2u\",\"ph\u01b0\u1ee3t vi\u1ec7t nam\",\"Th\u1ee7 t\u01b0\u1edbng Canada\",\"Vi\u1ec7t Nam\"],\"articleSection\":[\"DU L\u1ecaCH TH\u1ebe GI\u1edaI\",\"\u0110i\u1ec3m \u0111\u1ebfn\",\"N\u1ed5i B\u1eadt 2\"],\"inLanguage\":\"vi\"},{\"@type\":\"WebPage\",\"@id\":\"https:\/\/www.ivivu.com\/blog\/2017\/11\/chuyen-phuot-cua-thu-tuong-canada-toi-viet-nam-nam-1995\/\",\"url\":\"https:\/\/www.ivivu.com\/blog\/2017\/11\/chuyen-phuot-cua-thu-tuong-canada-toi-viet-nam-nam-1995\/\",\"name\":\"Chuy\u1ebfn du l\u1ecbch c\u1ee7a Th\u1ee7 t\u01b0\u1edbng Canada t\u1edbi Vi\u1ec7t Nam n\u0103m 1995 - iVIVU.com\",\"isPartOf\":{\"@id\":\"https:\/\/www.ivivu.com\/blog\/#website\"},\"primaryImageOfPage\":{\"@id\":\"https:\/\/www.ivivu.com\/blog\/2017\/11\/chuyen-phuot-cua-thu-tuong-canada-toi-viet-nam-nam-1995\/#primaryimage\"},\"image\":{\"@id\":\"https:\/\/www.ivivu.com\/blog\/2017\/11\/chuyen-phuot-cua-thu-tuong-canada-toi-viet-nam-nam-1995\/#primaryimage\"},\"thumbnailUrl\":\"https:\/\/cdn3.ivivu.com\/2017\/11\/chuyen-phuot-cua-thu-tuong-canada-toi-viet-nam-nam-1995-ivivu-1.jpg\",\"datePublished\":\"2017-11-14T03:15:35+00:00\",\"dateModified\":\"2017-11-14T03:15:35+00:00\",\"description\":\"Ch\u00e0ng thanh ni\u00ean Justin Trudeau d\u00e0nh m\u1ed9t n\u0103m sau \u0111\u1ea1i h\u1ecdc \u0111\u1ec3 kh\u00e1m ph\u00e1 th\u1ebf gi\u1edbi, \u0111\u1ebfn c\u00e1c n\u01b0\u1edbc \u00c2u, Phi v\u00e0 \u00c1, trong \u0111\u00f3 c\u00f3 Vi\u1ec7t Nam.\",\"breadcrumb\":{\"@id\":\"https:\/\/www.ivivu.com\/blog\/2017\/11\/chuyen-phuot-cua-thu-tuong-canada-toi-viet-nam-nam-1995\/#breadcrumb\"},\"inLanguage\":\"vi\",\"potentialAction\":[{\"@type\":\"ReadAction\",\"target\":[\"https:\/\/www.ivivu.com\/blog\/2017\/11\/chuyen-phuot-cua-thu-tuong-canada-toi-viet-nam-nam-1995\/\"]}]},{\"@type\":\"ImageObject\",\"inLanguage\":\"vi\",\"@id\":\"https:\/\/www.ivivu.com\/blog\/2017\/11\/chuyen-phuot-cua-thu-tuong-canada-toi-viet-nam-nam-1995\/#primaryimage\",\"url\":\"https:\/\/cdn3.ivivu.com\/2017\/11\/chuyen-phuot-cua-thu-tuong-canada-toi-viet-nam-nam-1995-ivivu-1.jpg\",\"contentUrl\":\"https:\/\/cdn3.ivivu.com\/2017\/11\/chuyen-phuot-cua-thu-tuong-canada-toi-viet-nam-nam-1995-ivivu-1.jpg\",\"width\":500,\"height\":327},{\"@type\":\"BreadcrumbList\",\"@id\":\"https:\/\/www.ivivu.com\/blog\/2017\/11\/chuyen-phuot-cua-thu-tuong-canada-toi-viet-nam-nam-1995\/#breadcrumb\",\"itemListElement\":[{\"@type\":\"ListItem\",\"position\":1,\"name\":\"Home\",\"item\":\"https:\/\/www.ivivu.com\/blog\/\"},{\"@type\":\"ListItem\",\"position\":2,\"name\":\"Chuy\u1ebfn ph\u01b0\u1ee3t c\u1ee7a Th\u1ee7 t\u01b0\u1edbng Canada t\u1edbi Vi\u1ec7t Nam n\u0103m 1995\"}]},{\"@type\":\"WebSite\",\"@id\":\"https:\/\/www.ivivu.com\/blog\/#website\",\"url\":\"https:\/\/www.ivivu.com\/blog\/\",\"name\":\"C\u1ea9m nang du l\u1ecbch\",\"description\":\"\",\"publisher\":{\"@id\":\"https:\/\/www.ivivu.com\/blog\/#organization\"},\"potentialAction\":[{\"@type\":\"SearchAction\",\"target\":{\"@type\":\"EntryPoint\",\"urlTemplate\":\"https:\/\/www.ivivu.com\/blog\/?s={search_term_string}\"},\"query-input\":\"required name=search_term_string\"}],\"inLanguage\":\"vi\"},{\"@type\":\"Organization\",\"@id\":\"https:\/\/www.ivivu.com\/blog\/#organization\",\"name\":\"iVIVU.com\",\"url\":\"https:\/\/www.ivivu.com\/blog\/\",\"logo\":{\"@type\":\"ImageObject\",\"inLanguage\":\"vi\",\"@id\":\"https:\/\/www.ivivu.com\/blog\/#\/schema\/logo\/image\/\",\"url\":\"https:\/\/cdn3.ivivu.com\/2024\/01\/ivivu_no_slogan.png\",\"contentUrl\":\"https:\/\/cdn3.ivivu.com\/2024\/01\/ivivu_no_slogan.png\",\"width\":788,\"height\":565,\"caption\":\"iVIVU.com\"},\"image\":{\"@id\":\"https:\/\/www.ivivu.com\/blog\/#\/schema\/logo\/image\/\"},\"sameAs\":[\"https:\/\/www.facebook.com\/iVIVU\"]},{\"@type\":\"Person\",\"@id\":\"https:\/\/www.ivivu.com\/blog\/#\/schema\/person\/f6e706f46fad4e85f2e1c3ec41136369\",\"name\":\"Ng\u00e2n Thi\u1ec1u Kim\",\"sameAs\":[\"https:\/\/www.ivivu.com\/blog\/\"],\"url\":\"https:\/\/www.ivivu.com\/blog\/author\/ngan-thieu\/\"}]}<\/script>\n<!-- \/ Yoast SEO Premium plugin. -->","yoast_head_json":{"title":"Chuy\u1ebfn du l\u1ecbch c\u1ee7a Th\u1ee7 t\u01b0\u1edbng Canada t\u1edbi Vi\u1ec7t Nam n\u0103m 1995 - iVIVU.com","description":"Ch\u00e0ng thanh ni\u00ean Justin Trudeau d\u00e0nh m\u1ed9t n\u0103m sau \u0111\u1ea1i h\u1ecdc \u0111\u1ec3 kh\u00e1m ph\u00e1 th\u1ebf gi\u1edbi, \u0111\u1ebfn c\u00e1c n\u01b0\u1edbc \u00c2u, Phi v\u00e0 \u00c1, trong \u0111\u00f3 c\u00f3 Vi\u1ec7t Nam.","robots":{"index":"index","follow":"follow","max-snippet":"max-snippet:-1","max-image-preview":"max-image-preview:large","max-video-preview":"max-video-preview:-1"},"canonical":"https:\/\/www.ivivu.com\/blog\/2017\/11\/chuyen-phuot-cua-thu-tuong-canada-toi-viet-nam-nam-1995\/","twitter_misc":{"\u0110\u01b0\u1ee3c vi\u1ebft b\u1edfi":"Ng\u00e2n Thi\u1ec1u Kim","\u01af\u1edbc t\u00ednh th\u1eddi gian \u0111\u1ecdc":"10 ph\u00fat"},"schema":{"@context":"https:\/\/schema.org","@graph":[{"@type":"Article","@id":"https:\/\/www.ivivu.com\/blog\/2017\/11\/chuyen-phuot-cua-thu-tuong-canada-toi-viet-nam-nam-1995\/#article","isPartOf":{"@id":"https:\/\/www.ivivu.com\/blog\/2017\/11\/chuyen-phuot-cua-thu-tuong-canada-toi-viet-nam-nam-1995\/"},"author":{"name":"Ng\u00e2n Thi\u1ec1u Kim","@id":"https:\/\/www.ivivu.com\/blog\/#\/schema\/person\/f6e706f46fad4e85f2e1c3ec41136369"},"headline":"Chuy\u1ebfn ph\u01b0\u1ee3t c\u1ee7a Th\u1ee7 t\u01b0\u1edbng Canada t\u1edbi Vi\u1ec7t Nam n\u0103m 1995","datePublished":"2017-11-14T03:15:35+00:00","dateModified":"2017-11-14T03:15:35+00:00","mainEntityOfPage":{"@id":"https:\/\/www.ivivu.com\/blog\/2017\/11\/chuyen-phuot-cua-thu-tuong-canada-toi-viet-nam-nam-1995\/"},"wordCount":2078,"publisher":{"@id":"https:\/\/www.ivivu.com\/blog\/#organization"},"image":{"@id":"https:\/\/www.ivivu.com\/blog\/2017\/11\/chuyen-phuot-cua-thu-tuong-canada-toi-viet-nam-nam-1995\/#primaryimage"},"thumbnailUrl":"https:\/\/cdn3.ivivu.com\/2017\/11\/chuyen-phuot-cua-thu-tuong-canada-toi-viet-nam-nam-1995-ivivu-1.jpg","keywords":["ch\u00e0ng thanh ni\u00ean Justin Trudeau","du l\u1ecbch","Du l\u1ecbch ch\u00e2u \u00e2u","ph\u01b0\u1ee3t vi\u1ec7t nam","Th\u1ee7 t\u01b0\u1edbng Canada","Vi\u1ec7t Nam"],"articleSection":["DU L\u1ecaCH TH\u1ebe GI\u1edaI","\u0110i\u1ec3m \u0111\u1ebfn","N\u1ed5i B\u1eadt 2"],"inLanguage":"vi"},{"@type":"WebPage","@id":"https:\/\/www.ivivu.com\/blog\/2017\/11\/chuyen-phuot-cua-thu-tuong-canada-toi-viet-nam-nam-1995\/","url":"https:\/\/www.ivivu.com\/blog\/2017\/11\/chuyen-phuot-cua-thu-tuong-canada-toi-viet-nam-nam-1995\/","name":"Chuy\u1ebfn du l\u1ecbch c\u1ee7a Th\u1ee7 t\u01b0\u1edbng Canada t\u1edbi Vi\u1ec7t Nam n\u0103m 1995 - iVIVU.com","isPartOf":{"@id":"https:\/\/www.ivivu.com\/blog\/#website"},"primaryImageOfPage":{"@id":"https:\/\/www.ivivu.com\/blog\/2017\/11\/chuyen-phuot-cua-thu-tuong-canada-toi-viet-nam-nam-1995\/#primaryimage"},"image":{"@id":"https:\/\/www.ivivu.com\/blog\/2017\/11\/chuyen-phuot-cua-thu-tuong-canada-toi-viet-nam-nam-1995\/#primaryimage"},"thumbnailUrl":"https:\/\/cdn3.ivivu.com\/2017\/11\/chuyen-phuot-cua-thu-tuong-canada-toi-viet-nam-nam-1995-ivivu-1.jpg","datePublished":"2017-11-14T03:15:35+00:00","dateModified":"2017-11-14T03:15:35+00:00","description":"Ch\u00e0ng thanh ni\u00ean Justin Trudeau d\u00e0nh m\u1ed9t n\u0103m sau \u0111\u1ea1i h\u1ecdc \u0111\u1ec3 kh\u00e1m ph\u00e1 th\u1ebf gi\u1edbi, \u0111\u1ebfn c\u00e1c n\u01b0\u1edbc \u00c2u, Phi v\u00e0 \u00c1, trong \u0111\u00f3 c\u00f3 Vi\u1ec7t Nam.","breadcrumb":{"@id":"https:\/\/www.ivivu.com\/blog\/2017\/11\/chuyen-phuot-cua-thu-tuong-canada-toi-viet-nam-nam-1995\/#breadcrumb"},"inLanguage":"vi","potentialAction":[{"@type":"ReadAction","target":["https:\/\/www.ivivu.com\/blog\/2017\/11\/chuyen-phuot-cua-thu-tuong-canada-toi-viet-nam-nam-1995\/"]}]},{"@type":"ImageObject","inLanguage":"vi","@id":"https:\/\/www.ivivu.com\/blog\/2017\/11\/chuyen-phuot-cua-thu-tuong-canada-toi-viet-nam-nam-1995\/#primaryimage","url":"https:\/\/cdn3.ivivu.com\/2017\/11\/chuyen-phuot-cua-thu-tuong-canada-toi-viet-nam-nam-1995-ivivu-1.jpg","contentUrl":"https:\/\/cdn3.ivivu.com\/2017\/11\/chuyen-phuot-cua-thu-tuong-canada-toi-viet-nam-nam-1995-ivivu-1.jpg","width":500,"height":327},{"@type":"BreadcrumbList","@id":"https:\/\/www.ivivu.com\/blog\/2017\/11\/chuyen-phuot-cua-thu-tuong-canada-toi-viet-nam-nam-1995\/#breadcrumb","itemListElement":[{"@type":"ListItem","position":1,"name":"Home","item":"https:\/\/www.ivivu.com\/blog\/"},{"@type":"ListItem","position":2,"name":"Chuy\u1ebfn ph\u01b0\u1ee3t c\u1ee7a Th\u1ee7 t\u01b0\u1edbng Canada t\u1edbi Vi\u1ec7t Nam n\u0103m 1995"}]},{"@type":"WebSite","@id":"https:\/\/www.ivivu.com\/blog\/#website","url":"https:\/\/www.ivivu.com\/blog\/","name":"C\u1ea9m nang du l\u1ecbch","description":"","publisher":{"@id":"https:\/\/www.ivivu.com\/blog\/#organization"},"potentialAction":[{"@type":"SearchAction","target":{"@type":"EntryPoint","urlTemplate":"https:\/\/www.ivivu.com\/blog\/?s={search_term_string}"},"query-input":"required name=search_term_string"}],"inLanguage":"vi"},{"@type":"Organization","@id":"https:\/\/www.ivivu.com\/blog\/#organization","name":"iVIVU.com","url":"https:\/\/www.ivivu.com\/blog\/","logo":{"@type":"ImageObject","inLanguage":"vi","@id":"https:\/\/www.ivivu.com\/blog\/#\/schema\/logo\/image\/","url":"https:\/\/cdn3.ivivu.com\/2024\/01\/ivivu_no_slogan.png","contentUrl":"https:\/\/cdn3.ivivu.com\/2024\/01\/ivivu_no_slogan.png","width":788,"height":565,"caption":"iVIVU.com"},"image":{"@id":"https:\/\/www.ivivu.com\/blog\/#\/schema\/logo\/image\/"},"sameAs":["https:\/\/www.facebook.com\/iVIVU"]},{"@type":"Person","@id":"https:\/\/www.ivivu.com\/blog\/#\/schema\/person\/f6e706f46fad4e85f2e1c3ec41136369","name":"Ng\u00e2n Thi\u1ec1u Kim","sameAs":["https:\/\/www.ivivu.com\/blog\/"],"url":"https:\/\/www.ivivu.com\/blog\/author\/ngan-thieu\/"}]}},"_links":{"self":[{"href":"https:\/\/www.ivivu.com\/blog\/wp-json\/wp\/v2\/posts\/234131"}],"collection":[{"href":"https:\/\/www.ivivu.com\/blog\/wp-json\/wp\/v2\/posts"}],"about":[{"href":"https:\/\/www.ivivu.com\/blog\/wp-json\/wp\/v2\/types\/post"}],"author":[{"embeddable":true,"href":"https:\/\/www.ivivu.com\/blog\/wp-json\/wp\/v2\/users\/38"}],"replies":[{"embeddable":true,"href":"https:\/\/www.ivivu.com\/blog\/wp-json\/wp\/v2\/comments?post=234131"}],"version-history":[{"count":5,"href":"https:\/\/www.ivivu.com\/blog\/wp-json\/wp\/v2\/posts\/234131\/revisions"}],"predecessor-version":[{"id":234217,"href":"https:\/\/www.ivivu.com\/blog\/wp-json\/wp\/v2\/posts\/234131\/revisions\/234217"}],"wp:featuredmedia":[{"embeddable":true,"href":"https:\/\/www.ivivu.com\/blog\/wp-json\/wp\/v2\/media\/234109"}],"wp:attachment":[{"href":"https:\/\/www.ivivu.com\/blog\/wp-json\/wp\/v2\/media?parent=234131"}],"wp:term":[{"taxonomy":"category","embeddable":true,"href":"https:\/\/www.ivivu.com\/blog\/wp-json\/wp\/v2\/categories?post=234131"},{"taxonomy":"post_tag","embeddable":true,"href":"https:\/\/www.ivivu.com\/blog\/wp-json\/wp\/v2\/tags?post=234131"}],"curies":[{"name":"wp","href":"https:\/\/api.w.org\/{rel}","templated":true}]}}