{"id":241115,"date":"2018-01-10T10:28:45","date_gmt":"2018-01-10T03:28:45","guid":{"rendered":"https:\/\/www.ivivu.com\/blog\/?p=241115"},"modified":"2018-01-10T10:28:45","modified_gmt":"2018-01-10T03:28:45","slug":"nhung-ly-do-khien-du-khach-phai-den-paris-trong-nam-2018","status":"publish","type":"post","link":"https:\/\/www.ivivu.com\/blog\/2018\/01\/nhung-ly-do-khien-du-khach-phai-den-paris-trong-nam-2018\/","title":{"rendered":"Nh\u1eefng l\u00fd do khi\u1ebfn du kh\u00e1ch ph\u1ea3i \u0111\u1ebfn Paris trong n\u0103m 2018"},"content":{"rendered":"<p><strong><em>Vi\u1ec7c t\u1ed5 ch\u1ee9c li\u00ean hoan \u00e2m nh\u1ea1c, tri\u1ec3n l\u00e3m ngh\u1ec7 thu\u1eadt hay m\u1edf c\u1eeda nh\u00e0 h\u00e0ng l\u1edbn nh\u1ea5t ch\u00e2u \u00c2u l\u00e0 nh\u1eefng l\u00fd do khi\u1ebfn du kh\u00e1ch ph\u1ea3i \u0111\u1ebfn Paris n\u0103m 2018.<\/em><\/strong><!--more--><\/p>\n<h2>Nh\u1eefng l\u00fd do khi\u1ebfn du kh\u00e1ch ph\u1ea3i \u0111\u1ebfn du l\u1ecbch Paris trong n\u0103m 2018<\/h2>\n<div id=\"attachment_241069\" style=\"width: 610px\" class=\"wp-caption aligncenter\"><img loading=\"lazy\" decoding=\"async\" aria-describedby=\"caption-attachment-241069\" class=\"wp-image-241069 size-full\" title=\"Nh\u00e0 h\u00e0ng l\u1edbn nh\u1ea5t ch\u00e2u \u00c2u khai tr\u01b0\u01a1ng \u1edf Paris: V\u00e0o \u0111\u1ea7u n\u0103m 2018, Big Mamma s\u1ebd m\u1edf c\u1eeda Mamma F, nh\u00e0 h\u00e0ng l\u1edbn nh\u1ea5t ch\u00e2u \u00c2u v\u1edbi kh\u00f4ng gian r\u1ed9ng kho\u1ea3ng 3.000 m2, t\u1ea1i Station F, khu\u00f4n vi\u00ean kh\u1edfi nghi\u1ec7p l\u1edbn nh\u1ea5t th\u1ebf gi\u1edbi, kh\u00e1nh th\u00e0nh th\u00e1ng 6\/2017 t\u1ea1i b\u1edd s\u00f4ng Seine. Nh\u00e0 h\u00e0ng n\u00e0y c\u00f3 4 nh\u00e0 b\u1ebfp, m\u1ed9t qu\u00e1n bar, s\u00e2n th\u01b0\u1ee3ng ngo\u00e0i tr\u1eddi v\u00e0 s\u1ebd m\u1edf c\u1eeda 24 ti\u1ebfng su\u1ed1t 7 ng\u00e0y trong tu\u1ea7n. \u1ea2nh: Lesinrocks.\" src=\"https:\/\/cdn3.ivivu.com\/2018\/01\/nhung-ly-do-khien-du-khach-phai-den-paris-trong-nam-2018-ivivu-1.jpg\" alt=\"Nh\u00e0 h\u00e0ng l\u1edbn nh\u1ea5t ch\u00e2u \u00c2u khai tr\u01b0\u01a1ng \u1edf Paris: V\u00e0o \u0111\u1ea7u n\u0103m 2018, Big Mamma s\u1ebd m\u1edf c\u1eeda Mamma F, nh\u00e0 h\u00e0ng l\u1edbn nh\u1ea5t ch\u00e2u \u00c2u v\u1edbi kh\u00f4ng gian r\u1ed9ng kho\u1ea3ng 3.000 m2, t\u1ea1i Station F, khu\u00f4n vi\u00ean kh\u1edfi nghi\u1ec7p l\u1edbn nh\u1ea5t th\u1ebf gi\u1edbi, kh\u00e1nh th\u00e0nh th\u00e1ng 6\/2017 t\u1ea1i b\u1edd s\u00f4ng Seine. Nh\u00e0 h\u00e0ng n\u00e0y c\u00f3 4 nh\u00e0 b\u1ebfp, m\u1ed9t qu\u00e1n bar, s\u00e2n th\u01b0\u1ee3ng ngo\u00e0i tr\u1eddi v\u00e0 s\u1ebd m\u1edf c\u1eeda 24 ti\u1ebfng su\u1ed1t 7 ng\u00e0y trong tu\u1ea7n. \u1ea2nh: Lesinrocks.\" width=\"600\" height=\"326\" srcset=\"https:\/\/cdn3.ivivu.com\/2018\/01\/nhung-ly-do-khien-du-khach-phai-den-paris-trong-nam-2018-ivivu-1.jpg 600w, https:\/\/cdn3.ivivu.com\/2018\/01\/nhung-ly-do-khien-du-khach-phai-den-paris-trong-nam-2018-ivivu-1-540x293.jpg 540w, https:\/\/cdn3.ivivu.com\/2018\/01\/nhung-ly-do-khien-du-khach-phai-den-paris-trong-nam-2018-ivivu-1-50x28.jpg 50w\" sizes=\"(max-width: 600px) 100vw, 600px\" \/><p id=\"caption-attachment-241069\" class=\"wp-caption-text\"><strong>Nh\u00e0 h\u00e0ng l\u1edbn nh\u1ea5t ch\u00e2u \u00c2u khai tr\u01b0\u01a1ng \u1edf Paris:<\/strong> V\u00e0o \u0111\u1ea7u n\u0103m 2018, Big Mamma s\u1ebd m\u1edf c\u1eeda Mamma F, nh\u00e0 h\u00e0ng l\u1edbn nh\u1ea5t ch\u00e2u \u00c2u v\u1edbi kh\u00f4ng gian r\u1ed9ng kho\u1ea3ng 3.000 m2, t\u1ea1i Station F, khu\u00f4n vi\u00ean kh\u1edfi nghi\u1ec7p l\u1edbn nh\u1ea5t th\u1ebf gi\u1edbi, kh\u00e1nh th\u00e0nh th\u00e1ng 6\/2017 t\u1ea1i b\u1edd s\u00f4ng Seine. Nh\u00e0 h\u00e0ng n\u00e0y c\u00f3 4 nh\u00e0 b\u1ebfp, m\u1ed9t qu\u00e1n bar, s\u00e2n th\u01b0\u1ee3ng ngo\u00e0i tr\u1eddi v\u00e0 s\u1ebd m\u1edf c\u1eeda 24 ti\u1ebfng su\u1ed1t 7 ng\u00e0y trong tu\u1ea7n. \u1ea2nh: Lesinrocks.<\/p><\/div>\n<div id=\"attachment_241070\" style=\"width: 610px\" class=\"wp-caption aligncenter\"><img loading=\"lazy\" decoding=\"async\" aria-describedby=\"caption-attachment-241070\" class=\"wp-image-241070 size-full\" title=\"Kh\u00e1ch s\u1ea1n Lutetia m\u1edf c\u1eeda tr\u1edf l\u1ea1i: Trong n\u0103m 2018, Lutetia, m\u1ed9t trong nh\u1eefng kh\u00e1ch s\u1ea1n cao c\u1ea5p h\u00e0ng \u0111\u1ea7u \u1edf Paris, s\u1ebd m\u1edf c\u1eeda tr\u1edf l\u1ea1i sau h\u01a1n 3 n\u0103m tu s\u1eeda v\u00e0 c\u1ea3i t\u1ea1o. Kh\u00e1ch s\u1ea1n c\u00f3 184 ph\u00f2ng, 47 suite, 2 c\u0103n h\u1ed9 penthouse c\u00f3 l\u1ed1i \u0111i ri\u00eang t\u1edbi s\u00e2n hi\u00ean r\u1ed9ng 70 m2 v\u00e0 c\u00f3 t\u1ea7m nh\u00ecn to\u00e0n c\u1ea3nh Paris. Ngo\u00e0i ra, t\u1ea1i \u0111\u00e2y, du kh\u00e1ch c\u00f2n c\u00f3 th\u1ec3 gh\u00e9 \u0111\u1ebfn brasserie, spa, bar jazz v\u00e0 bar x\u00ec g\u00e0. \u1ea2nh: Hotelaparis.\" src=\"https:\/\/cdn3.ivivu.com\/2018\/01\/nhung-ly-do-khien-du-khach-phai-den-paris-trong-nam-2018-ivivu-2.jpg\" alt=\"Kh\u00e1ch s\u1ea1n Lutetia m\u1edf c\u1eeda tr\u1edf l\u1ea1i: Trong n\u0103m 2018, Lutetia, m\u1ed9t trong nh\u1eefng kh\u00e1ch s\u1ea1n cao c\u1ea5p h\u00e0ng \u0111\u1ea7u \u1edf Paris, s\u1ebd m\u1edf c\u1eeda tr\u1edf l\u1ea1i sau h\u01a1n 3 n\u0103m tu s\u1eeda v\u00e0 c\u1ea3i t\u1ea1o. Kh\u00e1ch s\u1ea1n c\u00f3 184 ph\u00f2ng, 47 suite, 2 c\u0103n h\u1ed9 penthouse c\u00f3 l\u1ed1i \u0111i ri\u00eang t\u1edbi s\u00e2n hi\u00ean r\u1ed9ng 70 m2 v\u00e0 c\u00f3 t\u1ea7m nh\u00ecn to\u00e0n c\u1ea3nh Paris. Ngo\u00e0i ra, t\u1ea1i \u0111\u00e2y, du kh\u00e1ch c\u00f2n c\u00f3 th\u1ec3 gh\u00e9 \u0111\u1ebfn brasserie, spa, bar jazz v\u00e0 bar x\u00ec g\u00e0. \u1ea2nh: Hotelaparis.\" width=\"600\" height=\"337\" srcset=\"https:\/\/cdn3.ivivu.com\/2018\/01\/nhung-ly-do-khien-du-khach-phai-den-paris-trong-nam-2018-ivivu-2.jpg 600w, https:\/\/cdn3.ivivu.com\/2018\/01\/nhung-ly-do-khien-du-khach-phai-den-paris-trong-nam-2018-ivivu-2-540x303.jpg 540w, https:\/\/cdn3.ivivu.com\/2018\/01\/nhung-ly-do-khien-du-khach-phai-den-paris-trong-nam-2018-ivivu-2-225x127.jpg 225w, https:\/\/cdn3.ivivu.com\/2018\/01\/nhung-ly-do-khien-du-khach-phai-den-paris-trong-nam-2018-ivivu-2-370x208.jpg 370w, https:\/\/cdn3.ivivu.com\/2018\/01\/nhung-ly-do-khien-du-khach-phai-den-paris-trong-nam-2018-ivivu-2-50x28.jpg 50w, https:\/\/cdn3.ivivu.com\/2018\/01\/nhung-ly-do-khien-du-khach-phai-den-paris-trong-nam-2018-ivivu-2-107x60.jpg 107w, https:\/\/cdn3.ivivu.com\/2018\/01\/nhung-ly-do-khien-du-khach-phai-den-paris-trong-nam-2018-ivivu-2-195x110.jpg 195w, https:\/\/cdn3.ivivu.com\/2018\/01\/nhung-ly-do-khien-du-khach-phai-den-paris-trong-nam-2018-ivivu-2-220x125.jpg 220w, https:\/\/cdn3.ivivu.com\/2018\/01\/nhung-ly-do-khien-du-khach-phai-den-paris-trong-nam-2018-ivivu-2-400x225.jpg 400w, https:\/\/cdn3.ivivu.com\/2018\/01\/nhung-ly-do-khien-du-khach-phai-den-paris-trong-nam-2018-ivivu-2-140x80.jpg 140w\" sizes=\"(max-width: 600px) 100vw, 600px\" \/><p id=\"caption-attachment-241070\" class=\"wp-caption-text\"><strong>Kh\u00e1ch s\u1ea1n Lutetia m\u1edf c\u1eeda tr\u1edf l\u1ea1i:<\/strong> Trong n\u0103m 2018, Lutetia, m\u1ed9t trong nh\u1eefng kh\u00e1ch s\u1ea1n cao c\u1ea5p h\u00e0ng \u0111\u1ea7u \u1edf Paris, s\u1ebd m\u1edf c\u1eeda tr\u1edf l\u1ea1i sau h\u01a1n 3 n\u0103m tu s\u1eeda v\u00e0 c\u1ea3i t\u1ea1o. Kh\u00e1ch s\u1ea1n c\u00f3 184 ph\u00f2ng, 47 suite, 2 c\u0103n h\u1ed9 penthouse c\u00f3 l\u1ed1i \u0111i ri\u00eang t\u1edbi s\u00e2n hi\u00ean r\u1ed9ng 70 m2 v\u00e0 c\u00f3 t\u1ea7m nh\u00ecn to\u00e0n c\u1ea3nh Paris. Ngo\u00e0i ra, t\u1ea1i \u0111\u00e2y, du kh\u00e1ch c\u00f2n c\u00f3 th\u1ec3 gh\u00e9 \u0111\u1ebfn brasserie, spa, bar jazz v\u00e0 bar x\u00ec g\u00e0. \u1ea2nh: Hotelaparis.<\/p><\/div>\n<div id=\"attachment_241071\" style=\"width: 610px\" class=\"wp-caption aligncenter\"><img loading=\"lazy\" decoding=\"async\" aria-describedby=\"caption-attachment-241071\" class=\"wp-image-241071 size-full\" title=\"Tri\u1ec3n l\u00e3m ngh\u1ec7 thu\u1eadt l\u1eadp th\u1ec3 t\u1ea1i Pompidou: V\u00e0o cu\u1ed1i n\u0103m 2018, trung t\u00e2m ngh\u1ec7 thu\u1eadt v\u00e0 v\u0103n h\u00f3a Pompidou s\u1ebd t\u1ed5 ch\u1ee9c m\u1ed9t tri\u1ec3n l\u00e3m v\u1ec1 ngh\u1ec7 thu\u1eadt l\u1eadp th\u1ec3 v\u1edbi 300 t\u00e1c ph\u1ea9m c\u1ee7a Picasso, Braque, Derain, Laurens, Delaunay, L\u00e9ger, Picabia v\u00e0 Duchamp. Tri\u1ec3n l\u00e3m n\u00e0y l\u00e0 d\u1ecbp kh\u00f3 c\u00f3 th\u1ec3 b\u1ecf qua \u0111\u1ed1i v\u1edbi nh\u1eefng ng\u01b0\u1eddi h\u00e2m m\u1ed9 ngh\u1ec7 thu\u1eadt hi\u1ec7n \u0111\u1ea1i. \u1ea2nh: Aviewoncities.\" src=\"https:\/\/cdn3.ivivu.com\/2018\/01\/nhung-ly-do-khien-du-khach-phai-den-paris-trong-nam-2018-ivivu-3.jpg\" alt=\"Tri\u1ec3n l\u00e3m ngh\u1ec7 thu\u1eadt l\u1eadp th\u1ec3 t\u1ea1i Pompidou: V\u00e0o cu\u1ed1i n\u0103m 2018, trung t\u00e2m ngh\u1ec7 thu\u1eadt v\u00e0 v\u0103n h\u00f3a Pompidou s\u1ebd t\u1ed5 ch\u1ee9c m\u1ed9t tri\u1ec3n l\u00e3m v\u1ec1 ngh\u1ec7 thu\u1eadt l\u1eadp th\u1ec3 v\u1edbi 300 t\u00e1c ph\u1ea9m c\u1ee7a Picasso, Braque, Derain, Laurens, Delaunay, L\u00e9ger, Picabia v\u00e0 Duchamp. Tri\u1ec3n l\u00e3m n\u00e0y l\u00e0 d\u1ecbp kh\u00f3 c\u00f3 th\u1ec3 b\u1ecf qua \u0111\u1ed1i v\u1edbi nh\u1eefng ng\u01b0\u1eddi h\u00e2m m\u1ed9 ngh\u1ec7 thu\u1eadt hi\u1ec7n \u0111\u1ea1i. \u1ea2nh: Aviewoncities.\" width=\"600\" height=\"400\" srcset=\"https:\/\/cdn3.ivivu.com\/2018\/01\/nhung-ly-do-khien-du-khach-phai-den-paris-trong-nam-2018-ivivu-3.jpg 600w, https:\/\/cdn3.ivivu.com\/2018\/01\/nhung-ly-do-khien-du-khach-phai-den-paris-trong-nam-2018-ivivu-3-458x305.jpg 458w\" sizes=\"(max-width: 600px) 100vw, 600px\" \/><p id=\"caption-attachment-241071\" class=\"wp-caption-text\"><strong>Tri\u1ec3n l\u00e3m ngh\u1ec7 thu\u1eadt l\u1eadp th\u1ec3 t\u1ea1i Pompidou:<\/strong> V\u00e0o cu\u1ed1i n\u0103m 2018, trung t\u00e2m ngh\u1ec7 thu\u1eadt v\u00e0 v\u0103n h\u00f3a Pompidou s\u1ebd t\u1ed5 ch\u1ee9c m\u1ed9t tri\u1ec3n l\u00e3m v\u1ec1 ngh\u1ec7 thu\u1eadt l\u1eadp th\u1ec3 v\u1edbi 300 t\u00e1c ph\u1ea9m c\u1ee7a Picasso, Braque, Derain, Laurens, Delaunay, L\u00e9ger, Picabia v\u00e0 Duchamp. Tri\u1ec3n l\u00e3m n\u00e0y l\u00e0 d\u1ecbp kh\u00f3 c\u00f3 th\u1ec3 b\u1ecf qua \u0111\u1ed1i v\u1edbi nh\u1eefng ng\u01b0\u1eddi h\u00e2m m\u1ed9 ngh\u1ec7 thu\u1eadt hi\u1ec7n \u0111\u1ea1i. \u1ea2nh: Aviewoncities.<\/p><\/div>\n<div id=\"attachment_241072\" style=\"width: 610px\" class=\"wp-caption aligncenter\"><img loading=\"lazy\" decoding=\"async\" aria-describedby=\"caption-attachment-241072\" class=\"wp-image-241072 size-full\" title=\"Li\u00ean hoan \u00e2m nh\u1ea1c Lollapalooza Paris: Li\u00ean hoan \u00e2m nh\u1ea1c Lollapalooza l\u1ea7n \u0111\u1ea7u \u0111\u01b0\u1ee3c t\u1ed5 ch\u1ee9c \u1edf M\u1ef9 v\u00e0o \u0111\u1ea7u th\u1eadp ni\u00ean 1990, sau \u0111\u00f3 lan r\u1ed9ng t\u1edbi Nam M\u1ef9 v\u00e0 ch\u00e2u \u00c2u. N\u0103m nay, li\u00ean hoan \u00e2m nh\u1ea1c Lollapalooza Paris \u0111\u01b0\u1ee3c coi l\u00e0 m\u1ed9t trong nh\u1eefng s\u1ef1 ki\u1ec7n \u00e2m nh\u1ea1c n\u1ed5i b\u1eadt c\u1ee7a n\u0103m, di\u1ec5n ra t\u1ea1i Longchamp Hippodrome v\u00e0 s\u1ebd l\u00e0 s\u00e2n kh\u1ea5u quy t\u1ee5 nh\u1eefng ng\u00f4i sao n\u1ed5i ti\u1ebfng. \u1ea2nh: Festicket.\" src=\"https:\/\/cdn3.ivivu.com\/2018\/01\/nhung-ly-do-khien-du-khach-phai-den-paris-trong-nam-2018-ivivu-4.jpg\" alt=\"Li\u00ean hoan \u00e2m nh\u1ea1c Lollapalooza Paris: Li\u00ean hoan \u00e2m nh\u1ea1c Lollapalooza l\u1ea7n \u0111\u1ea7u \u0111\u01b0\u1ee3c t\u1ed5 ch\u1ee9c \u1edf M\u1ef9 v\u00e0o \u0111\u1ea7u th\u1eadp ni\u00ean 1990, sau \u0111\u00f3 lan r\u1ed9ng t\u1edbi Nam M\u1ef9 v\u00e0 ch\u00e2u \u00c2u. N\u0103m nay, li\u00ean hoan \u00e2m nh\u1ea1c Lollapalooza Paris \u0111\u01b0\u1ee3c coi l\u00e0 m\u1ed9t trong nh\u1eefng s\u1ef1 ki\u1ec7n \u00e2m nh\u1ea1c n\u1ed5i b\u1eadt c\u1ee7a n\u0103m, di\u1ec5n ra t\u1ea1i Longchamp Hippodrome v\u00e0 s\u1ebd l\u00e0 s\u00e2n kh\u1ea5u quy t\u1ee5 nh\u1eefng ng\u00f4i sao n\u1ed5i ti\u1ebfng. \u1ea2nh: Festicket.\" width=\"600\" height=\"424\" srcset=\"https:\/\/cdn3.ivivu.com\/2018\/01\/nhung-ly-do-khien-du-khach-phai-den-paris-trong-nam-2018-ivivu-4.jpg 600w, https:\/\/cdn3.ivivu.com\/2018\/01\/nhung-ly-do-khien-du-khach-phai-den-paris-trong-nam-2018-ivivu-4-432x305.jpg 432w, https:\/\/cdn3.ivivu.com\/2018\/01\/nhung-ly-do-khien-du-khach-phai-den-paris-trong-nam-2018-ivivu-4-50x35.jpg 50w\" sizes=\"(max-width: 600px) 100vw, 600px\" \/><p id=\"caption-attachment-241072\" class=\"wp-caption-text\"><strong>Li\u00ean hoan \u00e2m nh\u1ea1c Lollapalooza Paris:<\/strong> Li\u00ean hoan \u00e2m nh\u1ea1c Lollapalooza l\u1ea7n \u0111\u1ea7u \u0111\u01b0\u1ee3c t\u1ed5 ch\u1ee9c \u1edf M\u1ef9 v\u00e0o \u0111\u1ea7u th\u1eadp ni\u00ean 1990, sau \u0111\u00f3 lan r\u1ed9ng t\u1edbi Nam M\u1ef9 v\u00e0 ch\u00e2u \u00c2u. N\u0103m nay, li\u00ean hoan \u00e2m nh\u1ea1c Lollapalooza Paris \u0111\u01b0\u1ee3c coi l\u00e0 m\u1ed9t trong nh\u1eefng s\u1ef1 ki\u1ec7n \u00e2m nh\u1ea1c n\u1ed5i b\u1eadt c\u1ee7a n\u0103m, di\u1ec5n ra t\u1ea1i Longchamp Hippodrome v\u00e0 s\u1ebd l\u00e0 s\u00e2n kh\u1ea5u quy t\u1ee5 nh\u1eefng ng\u00f4i sao n\u1ed5i ti\u1ebfng. \u1ea2nh: Festicket.<\/p><\/div>\n<div id=\"attachment_241073\" style=\"width: 610px\" class=\"wp-caption aligncenter\"><img loading=\"lazy\" decoding=\"async\" aria-describedby=\"caption-attachment-241073\" class=\"wp-image-241073 size-full\" title=\"D\u1ef1 \u00e1n bia Brussels: Bia c\u00f3 th\u1ec3 kh\u00f4ng ph\u1ea3i l\u00e0 lo\u1ea1i th\u1ee9c u\u1ed1ng \u0111\u1ea7u ti\u00ean m\u00e0 du kh\u00e1ch ngh\u0129 \u0111\u1ebfn khi \u0111\u1eb7t ch\u00e2n t\u1edbi kinh \u0111\u00f4 \u00e1nh s\u00e1ng. Tuy nhi\u00ean, t\u1eeb th\u00e1ng 2 n\u0103m nay, m\u1ed9t qu\u00e1n bar ph\u1ee5c v\u1ee5 nhi\u1ec1u lo\u1ea1i bia n\u1ed5i ti\u1ebfng \u0111\u1ebfn t\u1eeb B\u1ec9, c\u00f9ng c\u00e1c lo\u1ea1i b\u00e1nh ng\u1ecdt \u0111\u1ed9c \u0111\u00e1o s\u1ebd \u0111i v\u00e0o ho\u1ea1t \u0111\u1ed9ng t\u1ea1i khu Pigalle, Paris, h\u1ee9a h\u1eb9n mang \u0111\u1ebfn cho du kh\u00e1ch h\u01b0\u01a1ng v\u1ecb c\u1ee7a nh\u1eefng ly bia ngon nh\u1ea5t th\u1ebf gi\u1edbi tr\u00ean \u0111\u1ea5t Ph\u00e1p. \u1ea2nh: Bento.\" src=\"https:\/\/cdn3.ivivu.com\/2018\/01\/nhung-ly-do-khien-du-khach-phai-den-paris-trong-nam-2018-ivivu-5.jpg\" alt=\"D\u1ef1 \u00e1n bia Brussels: Bia c\u00f3 th\u1ec3 kh\u00f4ng ph\u1ea3i l\u00e0 lo\u1ea1i th\u1ee9c u\u1ed1ng \u0111\u1ea7u ti\u00ean m\u00e0 du kh\u00e1ch ngh\u0129 \u0111\u1ebfn khi \u0111\u1eb7t ch\u00e2n t\u1edbi kinh \u0111\u00f4 \u00e1nh s\u00e1ng. Tuy nhi\u00ean, t\u1eeb th\u00e1ng 2 n\u0103m nay, m\u1ed9t qu\u00e1n bar ph\u1ee5c v\u1ee5 nhi\u1ec1u lo\u1ea1i bia n\u1ed5i ti\u1ebfng \u0111\u1ebfn t\u1eeb B\u1ec9, c\u00f9ng c\u00e1c lo\u1ea1i b\u00e1nh ng\u1ecdt \u0111\u1ed9c \u0111\u00e1o s\u1ebd \u0111i v\u00e0o ho\u1ea1t \u0111\u1ed9ng t\u1ea1i khu Pigalle, Paris, h\u1ee9a h\u1eb9n mang \u0111\u1ebfn cho du kh\u00e1ch h\u01b0\u01a1ng v\u1ecb c\u1ee7a nh\u1eefng ly bia ngon nh\u1ea5t th\u1ebf gi\u1edbi tr\u00ean \u0111\u1ea5t Ph\u00e1p. \u1ea2nh: Bento.\" width=\"600\" height=\"398\" srcset=\"https:\/\/cdn3.ivivu.com\/2018\/01\/nhung-ly-do-khien-du-khach-phai-den-paris-trong-nam-2018-ivivu-5.jpg 600w, https:\/\/cdn3.ivivu.com\/2018\/01\/nhung-ly-do-khien-du-khach-phai-den-paris-trong-nam-2018-ivivu-5-460x305.jpg 460w\" sizes=\"(max-width: 600px) 100vw, 600px\" \/><p id=\"caption-attachment-241073\" class=\"wp-caption-text\"><strong>D\u1ef1 \u00e1n bia Brussels:<\/strong> Bia c\u00f3 th\u1ec3 kh\u00f4ng ph\u1ea3i l\u00e0 lo\u1ea1i th\u1ee9c u\u1ed1ng \u0111\u1ea7u ti\u00ean m\u00e0 du kh\u00e1ch ngh\u0129 \u0111\u1ebfn khi \u0111\u1eb7t ch\u00e2n t\u1edbi kinh \u0111\u00f4 \u00e1nh s\u00e1ng. Tuy nhi\u00ean, t\u1eeb th\u00e1ng 2 n\u0103m nay, m\u1ed9t qu\u00e1n bar ph\u1ee5c v\u1ee5 nhi\u1ec1u lo\u1ea1i bia n\u1ed5i ti\u1ebfng \u0111\u1ebfn t\u1eeb B\u1ec9, c\u00f9ng c\u00e1c lo\u1ea1i b\u00e1nh ng\u1ecdt \u0111\u1ed9c \u0111\u00e1o s\u1ebd \u0111i v\u00e0o ho\u1ea1t \u0111\u1ed9ng t\u1ea1i khu Pigalle, Paris, h\u1ee9a h\u1eb9n mang \u0111\u1ebfn cho du kh\u00e1ch h\u01b0\u01a1ng v\u1ecb c\u1ee7a nh\u1eefng ly bia ngon nh\u1ea5t th\u1ebf gi\u1edbi tr\u00ean \u0111\u1ea5t Ph\u00e1p. \u1ea2nh: Bento.<\/p><\/div>\n<div id=\"attachment_241074\" style=\"width: 610px\" class=\"wp-caption aligncenter\"><img loading=\"lazy\" decoding=\"async\" aria-describedby=\"caption-attachment-241074\" class=\"wp-image-241074 size-full\" title=\"Brach Paris m\u1edf c\u1eeda: N\u0103m nay, th\u01b0\u01a1ng hi\u1ec7u kh\u00e1ch s\u1ea1n Evok, s\u1ebd khai tr\u01b0\u01a1ng m\u1ed9t kh\u00e1ch s\u1ea1n 5 sao sang tr\u1ecdng, c\u00f3 59 ph\u00f2ng t\u1ea1i qu\u1eadn 16, Paris. Kh\u00e1ch s\u1ea1n c\u00f3 nh\u00e0 h\u00e0ng, qu\u00e1n bar, c\u1eeda h\u00e0ng b\u00e1nh ng\u1ecdt, 2 h\u1ed3 b\u01a1i, Jacuzzis ngo\u00e0i tr\u1eddi v\u00e0 khu v\u01b0\u1eddn tr\u00ean s\u00e2n th\u01b0\u1ee3ng r\u1ea5t hi\u1ec7n \u0111\u1ea1i c\u00f9ng n\u1ed9i th\u1ea5t theo \u00fd t\u01b0\u1edfng nh\u00e0 thi\u1ebft k\u1ebf n\u1ed5i ti\u1ebfng, Philippe Starck. \u1ea2nh: Businesstraveller.\" src=\"https:\/\/cdn3.ivivu.com\/2018\/01\/nhung-ly-do-khien-du-khach-phai-den-paris-trong-nam-2018-ivivu-6.jpg\" alt=\"Brach Paris m\u1edf c\u1eeda: N\u0103m nay, th\u01b0\u01a1ng hi\u1ec7u kh\u00e1ch s\u1ea1n Evok, s\u1ebd khai tr\u01b0\u01a1ng m\u1ed9t kh\u00e1ch s\u1ea1n 5 sao sang tr\u1ecdng, c\u00f3 59 ph\u00f2ng t\u1ea1i qu\u1eadn 16, Paris. Kh\u00e1ch s\u1ea1n c\u00f3 nh\u00e0 h\u00e0ng, qu\u00e1n bar, c\u1eeda h\u00e0ng b\u00e1nh ng\u1ecdt, 2 h\u1ed3 b\u01a1i, Jacuzzis ngo\u00e0i tr\u1eddi v\u00e0 khu v\u01b0\u1eddn tr\u00ean s\u00e2n th\u01b0\u1ee3ng r\u1ea5t hi\u1ec7n \u0111\u1ea1i c\u00f9ng n\u1ed9i th\u1ea5t theo \u00fd t\u01b0\u1edfng nh\u00e0 thi\u1ebft k\u1ebf n\u1ed5i ti\u1ebfng, Philippe Starck. \u1ea2nh: Businesstraveller.\" width=\"600\" height=\"337\" srcset=\"https:\/\/cdn3.ivivu.com\/2018\/01\/nhung-ly-do-khien-du-khach-phai-den-paris-trong-nam-2018-ivivu-6.jpg 600w, https:\/\/cdn3.ivivu.com\/2018\/01\/nhung-ly-do-khien-du-khach-phai-den-paris-trong-nam-2018-ivivu-6-540x303.jpg 540w, https:\/\/cdn3.ivivu.com\/2018\/01\/nhung-ly-do-khien-du-khach-phai-den-paris-trong-nam-2018-ivivu-6-225x127.jpg 225w, https:\/\/cdn3.ivivu.com\/2018\/01\/nhung-ly-do-khien-du-khach-phai-den-paris-trong-nam-2018-ivivu-6-370x208.jpg 370w, https:\/\/cdn3.ivivu.com\/2018\/01\/nhung-ly-do-khien-du-khach-phai-den-paris-trong-nam-2018-ivivu-6-50x28.jpg 50w, https:\/\/cdn3.ivivu.com\/2018\/01\/nhung-ly-do-khien-du-khach-phai-den-paris-trong-nam-2018-ivivu-6-107x60.jpg 107w, https:\/\/cdn3.ivivu.com\/2018\/01\/nhung-ly-do-khien-du-khach-phai-den-paris-trong-nam-2018-ivivu-6-195x110.jpg 195w, https:\/\/cdn3.ivivu.com\/2018\/01\/nhung-ly-do-khien-du-khach-phai-den-paris-trong-nam-2018-ivivu-6-220x125.jpg 220w, https:\/\/cdn3.ivivu.com\/2018\/01\/nhung-ly-do-khien-du-khach-phai-den-paris-trong-nam-2018-ivivu-6-400x225.jpg 400w, https:\/\/cdn3.ivivu.com\/2018\/01\/nhung-ly-do-khien-du-khach-phai-den-paris-trong-nam-2018-ivivu-6-140x80.jpg 140w\" sizes=\"(max-width: 600px) 100vw, 600px\" \/><p id=\"caption-attachment-241074\" class=\"wp-caption-text\"><strong>Brach Paris m\u1edf c\u1eeda:<\/strong> N\u0103m nay, th\u01b0\u01a1ng hi\u1ec7u kh\u00e1ch s\u1ea1n Evok, s\u1ebd khai tr\u01b0\u01a1ng m\u1ed9t kh\u00e1ch s\u1ea1n 5 sao sang tr\u1ecdng, c\u00f3 59 ph\u00f2ng t\u1ea1i qu\u1eadn 16, Paris. Kh\u00e1ch s\u1ea1n c\u00f3 nh\u00e0 h\u00e0ng, qu\u00e1n bar, c\u1eeda h\u00e0ng b\u00e1nh ng\u1ecdt, 2 h\u1ed3 b\u01a1i, Jacuzzis ngo\u00e0i tr\u1eddi v\u00e0 khu v\u01b0\u1eddn tr\u00ean s\u00e2n th\u01b0\u1ee3ng r\u1ea5t hi\u1ec7n \u0111\u1ea1i c\u00f9ng n\u1ed9i th\u1ea5t theo \u00fd t\u01b0\u1edfng nh\u00e0 thi\u1ebft k\u1ebf n\u1ed5i ti\u1ebfng, Philippe Starck. \u1ea2nh: Businesstraveller.<\/p><\/div>\n<div id=\"attachment_241075\" style=\"width: 610px\" class=\"wp-caption aligncenter\"><img loading=\"lazy\" decoding=\"async\" aria-describedby=\"caption-attachment-241075\" class=\"wp-image-241075 size-full\" title=\"Season of the Force t\u1ea1i Disneyland: T\u1eeb 13\/1 \u0111\u1ebfn 25\/3, Disneyland \u1edf Paris t\u1ed5 ch\u1ee9c &quot; Season of the Force&quot;, h\u1ee9a h\u1eb9n mang \u0111\u1ebfn cho du kh\u00e1ch kh\u00f4ng gian ngo\u1ea1n m\u1ee5c c\u00f9ng c\u00e1c m\u00e0n tr\u00ecnh di\u1ec5n v\u00e0 s\u1ef1 ki\u1ec7n theo ch\u1ee7 \u0111\u1ec1 trong b\u1ed9 phim Star Wars. Tham gia s\u1ef1 ki\u1ec7n, du kh\u00e1ch s\u1ebd c\u00f3 c\u01a1 h\u1ed9i di\u1ec5u h\u00e0nh c\u00f9ng c\u00e1c chi\u1ebfn binh v\u00e0 g\u1eb7p g\u1ee1 Darth Vader. \u1ea2nh: Entertainmentearth.\" src=\"https:\/\/cdn3.ivivu.com\/2018\/01\/nhung-ly-do-khien-du-khach-phai-den-paris-trong-nam-2018-ivivu-7.jpg\" alt=\"Season of the Force t\u1ea1i Disneyland: T\u1eeb 13\/1 \u0111\u1ebfn 25\/3, Disneyland \u1edf Paris t\u1ed5 ch\u1ee9c &quot; Season of the Force&quot;, h\u1ee9a h\u1eb9n mang \u0111\u1ebfn cho du kh\u00e1ch kh\u00f4ng gian ngo\u1ea1n m\u1ee5c c\u00f9ng c\u00e1c m\u00e0n tr\u00ecnh di\u1ec5n v\u00e0 s\u1ef1 ki\u1ec7n theo ch\u1ee7 \u0111\u1ec1 trong b\u1ed9 phim Star Wars. Tham gia s\u1ef1 ki\u1ec7n, du kh\u00e1ch s\u1ebd c\u00f3 c\u01a1 h\u1ed9i di\u1ec5u h\u00e0nh c\u00f9ng c\u00e1c chi\u1ebfn binh v\u00e0 g\u1eb7p g\u1ee1 Darth Vader. \u1ea2nh: Entertainmentearth.\" width=\"600\" height=\"360\" srcset=\"https:\/\/cdn3.ivivu.com\/2018\/01\/nhung-ly-do-khien-du-khach-phai-den-paris-trong-nam-2018-ivivu-7.jpg 600w, https:\/\/cdn3.ivivu.com\/2018\/01\/nhung-ly-do-khien-du-khach-phai-den-paris-trong-nam-2018-ivivu-7-508x305.jpg 508w\" sizes=\"(max-width: 600px) 100vw, 600px\" \/><p id=\"caption-attachment-241075\" class=\"wp-caption-text\"><strong>Season of the Force t\u1ea1i Disneyland:<\/strong> T\u1eeb 13\/1 \u0111\u1ebfn 25\/3, Disneyland \u1edf Paris t\u1ed5 ch\u1ee9c &#8221; Season of the Force&#8221;, h\u1ee9a h\u1eb9n mang \u0111\u1ebfn cho du kh\u00e1ch kh\u00f4ng gian ngo\u1ea1n m\u1ee5c c\u00f9ng c\u00e1c m\u00e0n tr\u00ecnh di\u1ec5n v\u00e0 s\u1ef1 ki\u1ec7n theo ch\u1ee7 \u0111\u1ec1 trong b\u1ed9 phim Star Wars. Tham gia s\u1ef1 ki\u1ec7n, du kh\u00e1ch s\u1ebd c\u00f3 c\u01a1 h\u1ed9i di\u1ec5u h\u00e0nh c\u00f9ng c\u00e1c chi\u1ebfn binh v\u00e0 g\u1eb7p g\u1ee1 Darth Vader. \u1ea2nh: Entertainmentearth.<\/p><\/div>\n<div id=\"attachment_241076\" style=\"width: 610px\" class=\"wp-caption aligncenter\"><img loading=\"lazy\" decoding=\"async\" aria-describedby=\"caption-attachment-241076\" class=\"wp-image-241076 size-full\" title=\"Tri\u1ec3n l\u00e3m trang s\u1ee9c c\u1ee7a c\u00e1c ngh\u1ec7 s\u1ef9: T\u1eeb Picasso \u0111\u1ebfn Koons: V\u00e0o th\u00e1ng 7, B\u1ea3o t\u00e0ng ngh\u1ec7 thu\u1eadt trang tr\u00ed Paris s\u1ebd t\u1ed5 ch\u1ee9c tri\u1ec3n l\u00e3m trang s\u1ee9c v\u1edbi h\u01a1n 250 m\u00f3n \u0111\u1ed3 trang s\u1ee9c, l\u00e0 t\u00e1c ph\u1ea9m c\u1ee7a m\u1ed9t s\u1ed1 h\u1ecda s\u0129, ngh\u1ec7 s\u0129 c\u00f3 \u1ea3nh h\u01b0\u1edfng nh\u1ea5t trong th\u1ebf k\u1ef7 20 bao g\u1ed3m Alexander Calder, Marx Ernst, Salvador Dali, Niki de Saint-Phalle, Roy Lichtenstein v\u00e0 Louise Bourgeois c\u0169ng nh\u01b0 Anish Kapoor, Jeff Koons v\u00e0 Pablo Picasso. \u1ea2nh: Lnmm.lv.\" src=\"https:\/\/cdn3.ivivu.com\/2018\/01\/nhung-ly-do-khien-du-khach-phai-den-paris-trong-nam-2018-ivivu-8.jpg\" alt=\"Tri\u1ec3n l\u00e3m trang s\u1ee9c c\u1ee7a c\u00e1c ngh\u1ec7 s\u1ef9: T\u1eeb Picasso \u0111\u1ebfn Koons: V\u00e0o th\u00e1ng 7, B\u1ea3o t\u00e0ng ngh\u1ec7 thu\u1eadt trang tr\u00ed Paris s\u1ebd t\u1ed5 ch\u1ee9c tri\u1ec3n l\u00e3m trang s\u1ee9c v\u1edbi h\u01a1n 250 m\u00f3n \u0111\u1ed3 trang s\u1ee9c, l\u00e0 t\u00e1c ph\u1ea9m c\u1ee7a m\u1ed9t s\u1ed1 h\u1ecda s\u0129, ngh\u1ec7 s\u0129 c\u00f3 \u1ea3nh h\u01b0\u1edfng nh\u1ea5t trong th\u1ebf k\u1ef7 20 bao g\u1ed3m Alexander Calder, Marx Ernst, Salvador Dali, Niki de Saint-Phalle, Roy Lichtenstein v\u00e0 Louise Bourgeois c\u0169ng nh\u01b0 Anish Kapoor, Jeff Koons v\u00e0 Pablo Picasso. \u1ea2nh: Lnmm.lv.\" width=\"600\" height=\"400\" srcset=\"https:\/\/cdn3.ivivu.com\/2018\/01\/nhung-ly-do-khien-du-khach-phai-den-paris-trong-nam-2018-ivivu-8.jpg 600w, https:\/\/cdn3.ivivu.com\/2018\/01\/nhung-ly-do-khien-du-khach-phai-den-paris-trong-nam-2018-ivivu-8-458x305.jpg 458w\" sizes=\"(max-width: 600px) 100vw, 600px\" \/><p id=\"caption-attachment-241076\" class=\"wp-caption-text\"><strong>Tri\u1ec3n l\u00e3m trang s\u1ee9c c\u1ee7a c\u00e1c ngh\u1ec7 s\u1ef9:<\/strong> T\u1eeb Picasso \u0111\u1ebfn Koons: V\u00e0o th\u00e1ng 7, B\u1ea3o t\u00e0ng ngh\u1ec7 thu\u1eadt trang tr\u00ed Paris s\u1ebd t\u1ed5 ch\u1ee9c tri\u1ec3n l\u00e3m trang s\u1ee9c v\u1edbi h\u01a1n 250 m\u00f3n \u0111\u1ed3 trang s\u1ee9c, l\u00e0 t\u00e1c ph\u1ea9m c\u1ee7a m\u1ed9t s\u1ed1 h\u1ecda s\u0129, ngh\u1ec7 s\u0129 c\u00f3 \u1ea3nh h\u01b0\u1edfng nh\u1ea5t trong th\u1ebf k\u1ef7 20 bao g\u1ed3m Alexander Calder, Marx Ernst, Salvador Dali, Niki de Saint-Phalle, Roy Lichtenstein v\u00e0 Louise Bourgeois c\u0169ng nh\u01b0 Anish Kapoor, Jeff Koons v\u00e0 Pablo Picasso. \u1ea2nh: Lnmm.lv.<\/p><\/div>\n<div id=\"attachment_241077\" style=\"width: 610px\" class=\"wp-caption aligncenter\"><img loading=\"lazy\" decoding=\"async\" aria-describedby=\"caption-attachment-241077\" class=\"wp-image-241077 size-full\" title=\"Khai tr\u01b0\u01a1ng nh\u00e0 h\u00e0ng La Girafe: Th\u01b0 vi\u1ec7n b\u1ea3o t\u00e0ng ki\u1ebfn tr\u00fac v\u00e0 di s\u1ea3n, n\u1eb1m t\u1ea1i c\u1ee7a cung \u0111i\u1ec7n Chaillot, Paris s\u1ebd khai tr\u01b0\u01a1ng m\u1ed9t nh\u00e0 h\u00e0ng tr\u00ean t\u1ea7ng m\u00e1i v\u00e0o \u0111\u1ea7u n\u0103m nay. Nh\u00e0 h\u00e0ng n\u00e0y s\u1ebd \u0111em l\u1ea1i cho th\u1ef1c kh\u00e1ch nh\u1eefng m\u00f3n \u0103n h\u1ea5p d\u1eabn c\u00f9ng kh\u00f4ng gian to\u00e0n c\u1ea3nh v\u1ec1 ph\u00eda s\u00f4ng Seine, th\u00e1p Eiffel c\u0169ng nh\u01b0 c\u1ea3 th\u00e0nh ph\u1ed1 Paris. \u1ea2nh: Panoramio.\" src=\"https:\/\/cdn3.ivivu.com\/2018\/01\/nhung-ly-do-khien-du-khach-phai-den-paris-trong-nam-2018-ivivu-9.jpg\" alt=\"Khai tr\u01b0\u01a1ng nh\u00e0 h\u00e0ng La Girafe: Th\u01b0 vi\u1ec7n b\u1ea3o t\u00e0ng ki\u1ebfn tr\u00fac v\u00e0 di s\u1ea3n, n\u1eb1m t\u1ea1i c\u1ee7a cung \u0111i\u1ec7n Chaillot, Paris s\u1ebd khai tr\u01b0\u01a1ng m\u1ed9t nh\u00e0 h\u00e0ng tr\u00ean t\u1ea7ng m\u00e1i v\u00e0o \u0111\u1ea7u n\u0103m nay. Nh\u00e0 h\u00e0ng n\u00e0y s\u1ebd \u0111em l\u1ea1i cho th\u1ef1c kh\u00e1ch nh\u1eefng m\u00f3n \u0103n h\u1ea5p d\u1eabn c\u00f9ng kh\u00f4ng gian to\u00e0n c\u1ea3nh v\u1ec1 ph\u00eda s\u00f4ng Seine, th\u00e1p Eiffel c\u0169ng nh\u01b0 c\u1ea3 th\u00e0nh ph\u1ed1 Paris. \u1ea2nh: Panoramio.\" width=\"600\" height=\"450\" srcset=\"https:\/\/cdn3.ivivu.com\/2018\/01\/nhung-ly-do-khien-du-khach-phai-den-paris-trong-nam-2018-ivivu-9.jpg 600w, https:\/\/cdn3.ivivu.com\/2018\/01\/nhung-ly-do-khien-du-khach-phai-den-paris-trong-nam-2018-ivivu-9-407x305.jpg 407w\" sizes=\"(max-width: 600px) 100vw, 600px\" \/><p id=\"caption-attachment-241077\" class=\"wp-caption-text\"><strong>Khai tr\u01b0\u01a1ng nh\u00e0 h\u00e0ng La Girafe:<\/strong> Th\u01b0 vi\u1ec7n b\u1ea3o t\u00e0ng ki\u1ebfn tr\u00fac v\u00e0 di s\u1ea3n, n\u1eb1m t\u1ea1i c\u1ee7a cung \u0111i\u1ec7n Chaillot, Paris s\u1ebd khai tr\u01b0\u01a1ng m\u1ed9t nh\u00e0 h\u00e0ng tr\u00ean t\u1ea7ng m\u00e1i v\u00e0o \u0111\u1ea7u n\u0103m nay. Nh\u00e0 h\u00e0ng n\u00e0y s\u1ebd \u0111em l\u1ea1i cho th\u1ef1c kh\u00e1ch nh\u1eefng m\u00f3n \u0103n h\u1ea5p d\u1eabn c\u00f9ng kh\u00f4ng gian to\u00e0n c\u1ea3nh v\u1ec1 ph\u00eda s\u00f4ng Seine, th\u00e1p Eiffel c\u0169ng nh\u01b0 c\u1ea3 th\u00e0nh ph\u1ed1 Paris. \u1ea2nh: Panoramio.<\/p><\/div>\n<div id=\"attachment_241078\" style=\"width: 610px\" class=\"wp-caption aligncenter\"><img loading=\"lazy\" decoding=\"async\" aria-describedby=\"caption-attachment-241078\" class=\"wp-image-241078 size-full\" title=\"Jean Paul Gaultier Fashion Freak Show: Fashion Freak Show di\u1ec5n ra v\u00e0o cu\u1ed1i n\u0103m t\u1ea1i nh\u00e0 h\u00e1t Folies Berg\u00e8re, c\u1ee7a Jean Paul Gouturier l\u00e0 m\u1ed9t trong nh\u1eefng show th\u1eddi trang \u0111\u1ed9c \u0111\u00e1o, kh\u00f3 l\u00f2ng b\u1ecf qua \u0111\u1ed1i v\u1edbi nh\u1eefng t\u00edn \u0111\u1ed3 c\u1ee7a th\u1eddi trang. Trong show di\u1ec5n \u0111\u1eb7c bi\u1ec7t n\u00e0y, Jean Paul Gouturier l\u00e0 t\u00e1c gi\u1ea3, \u0111\u1ea1o di\u1ec5n v\u00e0 nh\u00e0 thi\u1ebft k\u1ebf, s\u1ebd mang m\u1ed9t b\u1eefa ti\u1ec7c th\u1eddi trang d\u1ef1a tr\u00ean ch\u00ednh cu\u1ed9c \u0111\u1eddi c\u1ee7a \u00f4ng v\u00e0 nh\u1eefng d\u1ea5u m\u1ed1c quan tr\u1ecdng, c\u00f9ng s\u1ef1 tham gia c\u1ee7a nh\u1eefng di\u1ec5n vi\u00ean, v\u0169 c\u00f4ng v\u00e0 ngh\u1ec7 s\u0129 xi\u1ebfc. \u1ea2nh: WWD.\" src=\"https:\/\/cdn3.ivivu.com\/2018\/01\/nhung-ly-do-khien-du-khach-phai-den-paris-trong-nam-2018-ivivu-10.jpeg\" alt=\"Jean Paul Gaultier Fashion Freak Show: Fashion Freak Show di\u1ec5n ra v\u00e0o cu\u1ed1i n\u0103m t\u1ea1i nh\u00e0 h\u00e1t Folies Berg\u00e8re, c\u1ee7a Jean Paul Gouturier l\u00e0 m\u1ed9t trong nh\u1eefng show th\u1eddi trang \u0111\u1ed9c \u0111\u00e1o, kh\u00f3 l\u00f2ng b\u1ecf qua \u0111\u1ed1i v\u1edbi nh\u1eefng t\u00edn \u0111\u1ed3 c\u1ee7a th\u1eddi trang. Trong show di\u1ec5n \u0111\u1eb7c bi\u1ec7t n\u00e0y, Jean Paul Gouturier l\u00e0 t\u00e1c gi\u1ea3, \u0111\u1ea1o di\u1ec5n v\u00e0 nh\u00e0 thi\u1ebft k\u1ebf, s\u1ebd mang m\u1ed9t b\u1eefa ti\u1ec7c th\u1eddi trang d\u1ef1a tr\u00ean ch\u00ednh cu\u1ed9c \u0111\u1eddi c\u1ee7a \u00f4ng v\u00e0 nh\u1eefng d\u1ea5u m\u1ed1c quan tr\u1ecdng, c\u00f9ng s\u1ef1 tham gia c\u1ee7a nh\u1eefng di\u1ec5n vi\u00ean, v\u0169 c\u00f4ng v\u00e0 ngh\u1ec7 s\u0129 xi\u1ebfc. \u1ea2nh: WWD.\" width=\"600\" height=\"389\" srcset=\"https:\/\/cdn3.ivivu.com\/2018\/01\/nhung-ly-do-khien-du-khach-phai-den-paris-trong-nam-2018-ivivu-10.jpeg 600w, https:\/\/cdn3.ivivu.com\/2018\/01\/nhung-ly-do-khien-du-khach-phai-den-paris-trong-nam-2018-ivivu-10-470x305.jpeg 470w\" sizes=\"(max-width: 600px) 100vw, 600px\" \/><p id=\"caption-attachment-241078\" class=\"wp-caption-text\"><strong>Jean Paul Gaultier Fashion Freak Show:<\/strong> Fashion Freak Show di\u1ec5n ra v\u00e0o cu\u1ed1i n\u0103m t\u1ea1i nh\u00e0 h\u00e1t Folies Berg\u00e8re, c\u1ee7a Jean Paul Gouturier l\u00e0 m\u1ed9t trong nh\u1eefng show th\u1eddi trang \u0111\u1ed9c \u0111\u00e1o, kh\u00f3 l\u00f2ng b\u1ecf qua \u0111\u1ed1i v\u1edbi nh\u1eefng t\u00edn \u0111\u1ed3 c\u1ee7a th\u1eddi trang. Trong show di\u1ec5n \u0111\u1eb7c bi\u1ec7t n\u00e0y, Jean Paul Gouturier l\u00e0 t\u00e1c gi\u1ea3, \u0111\u1ea1o di\u1ec5n v\u00e0 nh\u00e0 thi\u1ebft k\u1ebf, s\u1ebd mang m\u1ed9t b\u1eefa ti\u1ec7c th\u1eddi trang d\u1ef1a tr\u00ean ch\u00ednh cu\u1ed9c \u0111\u1eddi c\u1ee7a \u00f4ng v\u00e0 nh\u1eefng d\u1ea5u m\u1ed1c quan tr\u1ecdng, c\u00f9ng s\u1ef1 tham gia c\u1ee7a nh\u1eefng di\u1ec5n vi\u00ean, v\u0169 c\u00f4ng v\u00e0 ngh\u1ec7 s\u0129 xi\u1ebfc. \u1ea2nh: WWD.<\/p><\/div>\n<h4 style=\"text-align: center;\"><div class=\"ltt-contentbox white\"><\/span>G\u1eccI NGAY 1900 1870 (MI\u1ec0N NAM), 1900 2045 (MI\u1ec0N B\u1eaeC) HO\u1eb6C (029) 27308668 (MI\u1ec0N T\u00c2Y) \u0110\u1ec2 \u0110\u01af\u1ee2C T\u01af V\u1ea4N\u00a0<a href=\"https:\/\/www.ivivu.com\/ve-may-bay\/?utm_source=blog_ivivu&amp;utm_medium=post_link&amp;utm_campaign=internal\" target=\"_blank\">COMBO KH\u00c1CH S\u1ea0N + V\u00c9 M\u00c1Y BAY<\/a>\u00a0GI\u00c1 SI\u00caU TI\u1ebeT KI\u1ec6M T\u1eea IVIVU.COM<\/div><\/h4>\n<p style=\"text-align: right;\"><strong>Theo <a href=\"https:\/\/news.zing.vn\/nhung-ly-do-khien-du-khach-phai-den-paris-trong-nam-2018-post809062.html\" target=\"_blank\" rel=\"nofollow\">Oanh V\u0169\/Zing news<\/a><\/strong><\/p>\n<div class=\"ltt-contentbox white\"><\/span><\/p>\n<p><strong>Xem th\u00eam c\u00e1c b\u00e0i vi\u1ebft:<\/strong><\/p>\n<p><strong><a href=\"https:\/\/www.ivivu.com\/blog\/2017\/12\/7-lau-dai-nhat-dinh-phai-ngam-khi-den-phap\/\" target=\"_blank\">7 l\u00e2u \u0111\u00e0i nh\u1ea5t \u0111\u1ecbnh ph\u1ea3i ng\u1eafm khi \u0111\u1ebfn Ph\u00e1p<\/a><\/strong><\/p>\n<p><strong><a href=\"https:\/\/www.ivivu.com\/blog\/2017\/12\/lyon-thanh-pho-cua-nhung-buc-tranh-khong-lo\/\" target=\"_blank\">Lyon \u2013 th\u00e0nh ph\u1ed1 c\u1ee7a nh\u1eefng b\u1ee9c tranh kh\u1ed5ng l\u1ed3<\/a><\/strong><\/p>\n<p><strong><a href=\"https:\/\/www.ivivu.com\/blog\/2017\/12\/mua-dong-tuyet-trang-o-chau-au\/\" target=\"_blank\">M\u00f9a \u0111\u00f4ng tuy\u1ebft tr\u1eafng \u1edf ch\u00e2u \u00c2u<\/a><\/strong><\/p>\n<p><\/div>\n<h3><div class=\"ltt-contentbox white\"><\/span>Click \u0111\u1eb7t ngay\u00a0<a href=\"https:\/\/www.ivivu.com\/vi\/?utm_source=blog_ivivu&amp;utm_medium=post_link&amp;utm_campaign=internal?utm_source=blog_ivivu&amp;utm_medium=post_link&amp;utm_campaign=internal?utm_source=blog_ivivu&amp;utm_medium=post_link&amp;utm_campaign=internal?utm_source=blog_ivivu&amp;utm_medium=post_link&amp;utm_campaign=internal?utm_source=blog_ivivu&amp;utm_medium=post_link&amp;utm_campaign=internal?utm_source=blog_ivivu&amp;utm_medium=post_link&amp;utm_campaign=internal?utm_source=blog_ivivu&amp;utm_medium=post_link&amp;utm_campaign=internal?utm_source=blog_ivivu&amp;utm_medium=post_link&amp;utm_campaign=internal?utm_source=blog_ivivu&amp;utm_medium=post_link&amp;utm_campaign=internal?utm_source=blog_ivivu&amp;utm_medium=post_link&amp;utm_campaign=internal?utm_source=blog_ivivu&amp;utm_medium=post_link&amp;utm_campaign=internal?utm_source=blog_ivivu&amp;utm_medium=post_link&amp;utm_campaign=internal?utm_source=blog_ivivu&amp;utm_medium=post_link&amp;utm_campaign=internal\" target=\"_blank\">Kh\u00e1ch s\u1ea1n kh\u1eafp Vi\u1ec7t Nam v\u00e0 to\u00e0n th\u1ebf gi\u1edbi<\/a>\u00a0gi\u00e1 t\u1ed1t nh\u1ea5t ch\u1ec9 c\u00f3 t\u1ea1i iVIVU.com<\/div><\/h3>\n<p>***<\/p>\n<p><strong>Tham kh\u1ea3o:\u00a0<a href=\"https:\/\/www.ivivu.com\/blog\/\" target=\"_blank\">C\u1ea9m nang du l\u1ecbch iVIVU.com<\/a><\/strong><\/p>\n","protected":false},"excerpt":{"rendered":"<p>Vi\u1ec7c t\u1ed5 ch\u1ee9c li\u00ean hoan \u00e2m nh\u1ea1c, tri\u1ec3n l\u00e3m ngh\u1ec7 thu\u1eadt hay m\u1edf c\u1eeda nh\u00e0 h\u00e0ng l\u1edbn nh\u1ea5t ch\u00e2u \u00c2u l\u00e0 nh\u1eefng l\u00fd do khi\u1ebfn du kh\u00e1ch ph\u1ea3i \u0111\u1ebfn Paris n\u0103m 2018.<\/p>\n","protected":false},"author":38,"featured_media":241077,"comment_status":"closed","ping_status":"open","sticky":false,"template":"","format":"standard","meta":{"_acf_changed":false,"footnotes":""},"categories":[247,231,795,14742],"tags":[319,321,6033,24356,1596],"acf":[],"yoast_head":"<!-- This site is optimized with the Yoast SEO Premium plugin v22.6 (Yoast SEO v22.6) - https:\/\/yoast.com\/wordpress\/plugins\/seo\/ -->\n<title>Nh\u1eefng l\u00fd do khi\u1ebfn du kh\u00e1ch ph\u1ea3i \u0111\u1ebfn du l\u1ecbch Paris trong n\u0103m 2018 - iVIVU.com<\/title>\n<meta name=\"description\" content=\"Vi\u1ec7c t\u1ed5 ch\u1ee9c li\u00ean hoan \u00e2m nh\u1ea1c, tri\u1ec3n l\u00e3m ngh\u1ec7 thu\u1eadt hay m\u1edf c\u1eeda nh\u00e0 h\u00e0ng l\u1edbn nh\u1ea5t ch\u00e2u \u00c2u l\u00e0 nh\u1eefng l\u00fd do khi\u1ebfn du kh\u00e1ch ph\u1ea3i \u0111\u1ebfn du l\u1ecbch Paris n\u0103m 2018.\" \/>\n<meta name=\"robots\" content=\"index, follow, max-snippet:-1, max-image-preview:large, max-video-preview:-1\" \/>\n<link rel=\"canonical\" href=\"https:\/\/www.ivivu.com\/blog\/2018\/01\/nhung-ly-do-khien-du-khach-phai-den-paris-trong-nam-2018\/\" \/>\n<meta name=\"twitter:label1\" content=\"\u0110\u01b0\u1ee3c vi\u1ebft b\u1edfi\" \/>\n\t<meta name=\"twitter:data1\" content=\"Ng\u00e2n Thi\u1ec1u Kim\" \/>\n\t<meta name=\"twitter:label2\" content=\"\u01af\u1edbc t\u00ednh th\u1eddi gian \u0111\u1ecdc\" \/>\n\t<meta name=\"twitter:data2\" content=\"7 ph\u00fat\" \/>\n<script type=\"application\/ld+json\" class=\"yoast-schema-graph\">{\"@context\":\"https:\/\/schema.org\",\"@graph\":[{\"@type\":\"Article\",\"@id\":\"https:\/\/www.ivivu.com\/blog\/2018\/01\/nhung-ly-do-khien-du-khach-phai-den-paris-trong-nam-2018\/#article\",\"isPartOf\":{\"@id\":\"https:\/\/www.ivivu.com\/blog\/2018\/01\/nhung-ly-do-khien-du-khach-phai-den-paris-trong-nam-2018\/\"},\"author\":{\"name\":\"Ng\u00e2n Thi\u1ec1u Kim\",\"@id\":\"https:\/\/www.ivivu.com\/blog\/#\/schema\/person\/f6e706f46fad4e85f2e1c3ec41136369\"},\"headline\":\"Nh\u1eefng l\u00fd do khi\u1ebfn du kh\u00e1ch ph\u1ea3i \u0111\u1ebfn Paris trong n\u0103m 2018\",\"datePublished\":\"2018-01-10T03:28:45+00:00\",\"dateModified\":\"2018-01-10T03:28:45+00:00\",\"mainEntityOfPage\":{\"@id\":\"https:\/\/www.ivivu.com\/blog\/2018\/01\/nhung-ly-do-khien-du-khach-phai-den-paris-trong-nam-2018\/\"},\"wordCount\":1395,\"publisher\":{\"@id\":\"https:\/\/www.ivivu.com\/blog\/#organization\"},\"image\":{\"@id\":\"https:\/\/www.ivivu.com\/blog\/2018\/01\/nhung-ly-do-khien-du-khach-phai-den-paris-trong-nam-2018\/#primaryimage\"},\"thumbnailUrl\":\"https:\/\/cdn3.ivivu.com\/2018\/01\/nhung-ly-do-khien-du-khach-phai-den-paris-trong-nam-2018-ivivu-9.jpg\",\"keywords\":[\"Du l\u1ecbch ch\u00e2u \u00e2u\",\"Du l\u1ecbch Ph\u00e1p\",\"\u0111i\u1ec3m \u0111\u1ebfn ch\u00e2u \u00c2u\",\"kinh nghi\u1ec7m du l\u1ecbch Ph\u00e1p\",\"Ph\u00e1p\"],\"articleSection\":[\"Ch\u00e2u \u00c2u\",\"DU L\u1ecaCH TH\u1ebe GI\u1edaI\",\"\u0110i\u1ec3m \u0111\u1ebfn\",\"N\u1ed5i B\u1eadt 2\"],\"inLanguage\":\"vi\"},{\"@type\":\"WebPage\",\"@id\":\"https:\/\/www.ivivu.com\/blog\/2018\/01\/nhung-ly-do-khien-du-khach-phai-den-paris-trong-nam-2018\/\",\"url\":\"https:\/\/www.ivivu.com\/blog\/2018\/01\/nhung-ly-do-khien-du-khach-phai-den-paris-trong-nam-2018\/\",\"name\":\"Nh\u1eefng l\u00fd do khi\u1ebfn du kh\u00e1ch ph\u1ea3i \u0111\u1ebfn du l\u1ecbch Paris trong n\u0103m 2018 - iVIVU.com\",\"isPartOf\":{\"@id\":\"https:\/\/www.ivivu.com\/blog\/#website\"},\"primaryImageOfPage\":{\"@id\":\"https:\/\/www.ivivu.com\/blog\/2018\/01\/nhung-ly-do-khien-du-khach-phai-den-paris-trong-nam-2018\/#primaryimage\"},\"image\":{\"@id\":\"https:\/\/www.ivivu.com\/blog\/2018\/01\/nhung-ly-do-khien-du-khach-phai-den-paris-trong-nam-2018\/#primaryimage\"},\"thumbnailUrl\":\"https:\/\/cdn3.ivivu.com\/2018\/01\/nhung-ly-do-khien-du-khach-phai-den-paris-trong-nam-2018-ivivu-9.jpg\",\"datePublished\":\"2018-01-10T03:28:45+00:00\",\"dateModified\":\"2018-01-10T03:28:45+00:00\",\"description\":\"Vi\u1ec7c t\u1ed5 ch\u1ee9c li\u00ean hoan \u00e2m nh\u1ea1c, tri\u1ec3n l\u00e3m ngh\u1ec7 thu\u1eadt hay m\u1edf c\u1eeda nh\u00e0 h\u00e0ng l\u1edbn nh\u1ea5t ch\u00e2u \u00c2u l\u00e0 nh\u1eefng l\u00fd do khi\u1ebfn du kh\u00e1ch ph\u1ea3i \u0111\u1ebfn du l\u1ecbch Paris n\u0103m 2018.\",\"breadcrumb\":{\"@id\":\"https:\/\/www.ivivu.com\/blog\/2018\/01\/nhung-ly-do-khien-du-khach-phai-den-paris-trong-nam-2018\/#breadcrumb\"},\"inLanguage\":\"vi\",\"potentialAction\":[{\"@type\":\"ReadAction\",\"target\":[\"https:\/\/www.ivivu.com\/blog\/2018\/01\/nhung-ly-do-khien-du-khach-phai-den-paris-trong-nam-2018\/\"]}]},{\"@type\":\"ImageObject\",\"inLanguage\":\"vi\",\"@id\":\"https:\/\/www.ivivu.com\/blog\/2018\/01\/nhung-ly-do-khien-du-khach-phai-den-paris-trong-nam-2018\/#primaryimage\",\"url\":\"https:\/\/cdn3.ivivu.com\/2018\/01\/nhung-ly-do-khien-du-khach-phai-den-paris-trong-nam-2018-ivivu-9.jpg\",\"contentUrl\":\"https:\/\/cdn3.ivivu.com\/2018\/01\/nhung-ly-do-khien-du-khach-phai-den-paris-trong-nam-2018-ivivu-9.jpg\",\"width\":600,\"height\":450},{\"@type\":\"BreadcrumbList\",\"@id\":\"https:\/\/www.ivivu.com\/blog\/2018\/01\/nhung-ly-do-khien-du-khach-phai-den-paris-trong-nam-2018\/#breadcrumb\",\"itemListElement\":[{\"@type\":\"ListItem\",\"position\":1,\"name\":\"Home\",\"item\":\"https:\/\/www.ivivu.com\/blog\/\"},{\"@type\":\"ListItem\",\"position\":2,\"name\":\"Nh\u1eefng l\u00fd do khi\u1ebfn du kh\u00e1ch ph\u1ea3i \u0111\u1ebfn Paris trong n\u0103m 2018\"}]},{\"@type\":\"WebSite\",\"@id\":\"https:\/\/www.ivivu.com\/blog\/#website\",\"url\":\"https:\/\/www.ivivu.com\/blog\/\",\"name\":\"C\u1ea9m nang du l\u1ecbch\",\"description\":\"\",\"publisher\":{\"@id\":\"https:\/\/www.ivivu.com\/blog\/#organization\"},\"potentialAction\":[{\"@type\":\"SearchAction\",\"target\":{\"@type\":\"EntryPoint\",\"urlTemplate\":\"https:\/\/www.ivivu.com\/blog\/?s={search_term_string}\"},\"query-input\":\"required name=search_term_string\"}],\"inLanguage\":\"vi\"},{\"@type\":\"Organization\",\"@id\":\"https:\/\/www.ivivu.com\/blog\/#organization\",\"name\":\"iVIVU.com\",\"url\":\"https:\/\/www.ivivu.com\/blog\/\",\"logo\":{\"@type\":\"ImageObject\",\"inLanguage\":\"vi\",\"@id\":\"https:\/\/www.ivivu.com\/blog\/#\/schema\/logo\/image\/\",\"url\":\"https:\/\/cdn3.ivivu.com\/2024\/01\/ivivu_no_slogan.png\",\"contentUrl\":\"https:\/\/cdn3.ivivu.com\/2024\/01\/ivivu_no_slogan.png\",\"width\":788,\"height\":565,\"caption\":\"iVIVU.com\"},\"image\":{\"@id\":\"https:\/\/www.ivivu.com\/blog\/#\/schema\/logo\/image\/\"},\"sameAs\":[\"https:\/\/www.facebook.com\/iVIVU\"]},{\"@type\":\"Person\",\"@id\":\"https:\/\/www.ivivu.com\/blog\/#\/schema\/person\/f6e706f46fad4e85f2e1c3ec41136369\",\"name\":\"Ng\u00e2n Thi\u1ec1u Kim\",\"sameAs\":[\"https:\/\/www.ivivu.com\/blog\/\"],\"url\":\"https:\/\/www.ivivu.com\/blog\/author\/ngan-thieu\/\"}]}<\/script>\n<!-- \/ Yoast SEO Premium plugin. -->","yoast_head_json":{"title":"Nh\u1eefng l\u00fd do khi\u1ebfn du kh\u00e1ch ph\u1ea3i \u0111\u1ebfn du l\u1ecbch Paris trong n\u0103m 2018 - iVIVU.com","description":"Vi\u1ec7c t\u1ed5 ch\u1ee9c li\u00ean hoan \u00e2m nh\u1ea1c, tri\u1ec3n l\u00e3m ngh\u1ec7 thu\u1eadt hay m\u1edf c\u1eeda nh\u00e0 h\u00e0ng l\u1edbn nh\u1ea5t ch\u00e2u \u00c2u l\u00e0 nh\u1eefng l\u00fd do khi\u1ebfn du kh\u00e1ch ph\u1ea3i \u0111\u1ebfn du l\u1ecbch Paris n\u0103m 2018.","robots":{"index":"index","follow":"follow","max-snippet":"max-snippet:-1","max-image-preview":"max-image-preview:large","max-video-preview":"max-video-preview:-1"},"canonical":"https:\/\/www.ivivu.com\/blog\/2018\/01\/nhung-ly-do-khien-du-khach-phai-den-paris-trong-nam-2018\/","twitter_misc":{"\u0110\u01b0\u1ee3c vi\u1ebft b\u1edfi":"Ng\u00e2n Thi\u1ec1u Kim","\u01af\u1edbc t\u00ednh th\u1eddi gian \u0111\u1ecdc":"7 ph\u00fat"},"schema":{"@context":"https:\/\/schema.org","@graph":[{"@type":"Article","@id":"https:\/\/www.ivivu.com\/blog\/2018\/01\/nhung-ly-do-khien-du-khach-phai-den-paris-trong-nam-2018\/#article","isPartOf":{"@id":"https:\/\/www.ivivu.com\/blog\/2018\/01\/nhung-ly-do-khien-du-khach-phai-den-paris-trong-nam-2018\/"},"author":{"name":"Ng\u00e2n Thi\u1ec1u Kim","@id":"https:\/\/www.ivivu.com\/blog\/#\/schema\/person\/f6e706f46fad4e85f2e1c3ec41136369"},"headline":"Nh\u1eefng l\u00fd do khi\u1ebfn du kh\u00e1ch ph\u1ea3i \u0111\u1ebfn Paris trong n\u0103m 2018","datePublished":"2018-01-10T03:28:45+00:00","dateModified":"2018-01-10T03:28:45+00:00","mainEntityOfPage":{"@id":"https:\/\/www.ivivu.com\/blog\/2018\/01\/nhung-ly-do-khien-du-khach-phai-den-paris-trong-nam-2018\/"},"wordCount":1395,"publisher":{"@id":"https:\/\/www.ivivu.com\/blog\/#organization"},"image":{"@id":"https:\/\/www.ivivu.com\/blog\/2018\/01\/nhung-ly-do-khien-du-khach-phai-den-paris-trong-nam-2018\/#primaryimage"},"thumbnailUrl":"https:\/\/cdn3.ivivu.com\/2018\/01\/nhung-ly-do-khien-du-khach-phai-den-paris-trong-nam-2018-ivivu-9.jpg","keywords":["Du l\u1ecbch ch\u00e2u \u00e2u","Du l\u1ecbch Ph\u00e1p","\u0111i\u1ec3m \u0111\u1ebfn ch\u00e2u \u00c2u","kinh nghi\u1ec7m du l\u1ecbch Ph\u00e1p","Ph\u00e1p"],"articleSection":["Ch\u00e2u \u00c2u","DU L\u1ecaCH TH\u1ebe GI\u1edaI","\u0110i\u1ec3m \u0111\u1ebfn","N\u1ed5i B\u1eadt 2"],"inLanguage":"vi"},{"@type":"WebPage","@id":"https:\/\/www.ivivu.com\/blog\/2018\/01\/nhung-ly-do-khien-du-khach-phai-den-paris-trong-nam-2018\/","url":"https:\/\/www.ivivu.com\/blog\/2018\/01\/nhung-ly-do-khien-du-khach-phai-den-paris-trong-nam-2018\/","name":"Nh\u1eefng l\u00fd do khi\u1ebfn du kh\u00e1ch ph\u1ea3i \u0111\u1ebfn du l\u1ecbch Paris trong n\u0103m 2018 - iVIVU.com","isPartOf":{"@id":"https:\/\/www.ivivu.com\/blog\/#website"},"primaryImageOfPage":{"@id":"https:\/\/www.ivivu.com\/blog\/2018\/01\/nhung-ly-do-khien-du-khach-phai-den-paris-trong-nam-2018\/#primaryimage"},"image":{"@id":"https:\/\/www.ivivu.com\/blog\/2018\/01\/nhung-ly-do-khien-du-khach-phai-den-paris-trong-nam-2018\/#primaryimage"},"thumbnailUrl":"https:\/\/cdn3.ivivu.com\/2018\/01\/nhung-ly-do-khien-du-khach-phai-den-paris-trong-nam-2018-ivivu-9.jpg","datePublished":"2018-01-10T03:28:45+00:00","dateModified":"2018-01-10T03:28:45+00:00","description":"Vi\u1ec7c t\u1ed5 ch\u1ee9c li\u00ean hoan \u00e2m nh\u1ea1c, tri\u1ec3n l\u00e3m ngh\u1ec7 thu\u1eadt hay m\u1edf c\u1eeda nh\u00e0 h\u00e0ng l\u1edbn nh\u1ea5t ch\u00e2u \u00c2u l\u00e0 nh\u1eefng l\u00fd do khi\u1ebfn du kh\u00e1ch ph\u1ea3i \u0111\u1ebfn du l\u1ecbch Paris n\u0103m 2018.","breadcrumb":{"@id":"https:\/\/www.ivivu.com\/blog\/2018\/01\/nhung-ly-do-khien-du-khach-phai-den-paris-trong-nam-2018\/#breadcrumb"},"inLanguage":"vi","potentialAction":[{"@type":"ReadAction","target":["https:\/\/www.ivivu.com\/blog\/2018\/01\/nhung-ly-do-khien-du-khach-phai-den-paris-trong-nam-2018\/"]}]},{"@type":"ImageObject","inLanguage":"vi","@id":"https:\/\/www.ivivu.com\/blog\/2018\/01\/nhung-ly-do-khien-du-khach-phai-den-paris-trong-nam-2018\/#primaryimage","url":"https:\/\/cdn3.ivivu.com\/2018\/01\/nhung-ly-do-khien-du-khach-phai-den-paris-trong-nam-2018-ivivu-9.jpg","contentUrl":"https:\/\/cdn3.ivivu.com\/2018\/01\/nhung-ly-do-khien-du-khach-phai-den-paris-trong-nam-2018-ivivu-9.jpg","width":600,"height":450},{"@type":"BreadcrumbList","@id":"https:\/\/www.ivivu.com\/blog\/2018\/01\/nhung-ly-do-khien-du-khach-phai-den-paris-trong-nam-2018\/#breadcrumb","itemListElement":[{"@type":"ListItem","position":1,"name":"Home","item":"https:\/\/www.ivivu.com\/blog\/"},{"@type":"ListItem","position":2,"name":"Nh\u1eefng l\u00fd do khi\u1ebfn du kh\u00e1ch ph\u1ea3i \u0111\u1ebfn Paris trong n\u0103m 2018"}]},{"@type":"WebSite","@id":"https:\/\/www.ivivu.com\/blog\/#website","url":"https:\/\/www.ivivu.com\/blog\/","name":"C\u1ea9m nang du l\u1ecbch","description":"","publisher":{"@id":"https:\/\/www.ivivu.com\/blog\/#organization"},"potentialAction":[{"@type":"SearchAction","target":{"@type":"EntryPoint","urlTemplate":"https:\/\/www.ivivu.com\/blog\/?s={search_term_string}"},"query-input":"required name=search_term_string"}],"inLanguage":"vi"},{"@type":"Organization","@id":"https:\/\/www.ivivu.com\/blog\/#organization","name":"iVIVU.com","url":"https:\/\/www.ivivu.com\/blog\/","logo":{"@type":"ImageObject","inLanguage":"vi","@id":"https:\/\/www.ivivu.com\/blog\/#\/schema\/logo\/image\/","url":"https:\/\/cdn3.ivivu.com\/2024\/01\/ivivu_no_slogan.png","contentUrl":"https:\/\/cdn3.ivivu.com\/2024\/01\/ivivu_no_slogan.png","width":788,"height":565,"caption":"iVIVU.com"},"image":{"@id":"https:\/\/www.ivivu.com\/blog\/#\/schema\/logo\/image\/"},"sameAs":["https:\/\/www.facebook.com\/iVIVU"]},{"@type":"Person","@id":"https:\/\/www.ivivu.com\/blog\/#\/schema\/person\/f6e706f46fad4e85f2e1c3ec41136369","name":"Ng\u00e2n Thi\u1ec1u Kim","sameAs":["https:\/\/www.ivivu.com\/blog\/"],"url":"https:\/\/www.ivivu.com\/blog\/author\/ngan-thieu\/"}]}},"_links":{"self":[{"href":"https:\/\/www.ivivu.com\/blog\/wp-json\/wp\/v2\/posts\/241115"}],"collection":[{"href":"https:\/\/www.ivivu.com\/blog\/wp-json\/wp\/v2\/posts"}],"about":[{"href":"https:\/\/www.ivivu.com\/blog\/wp-json\/wp\/v2\/types\/post"}],"author":[{"embeddable":true,"href":"https:\/\/www.ivivu.com\/blog\/wp-json\/wp\/v2\/users\/38"}],"replies":[{"embeddable":true,"href":"https:\/\/www.ivivu.com\/blog\/wp-json\/wp\/v2\/comments?post=241115"}],"version-history":[{"count":4,"href":"https:\/\/www.ivivu.com\/blog\/wp-json\/wp\/v2\/posts\/241115\/revisions"}],"predecessor-version":[{"id":241389,"href":"https:\/\/www.ivivu.com\/blog\/wp-json\/wp\/v2\/posts\/241115\/revisions\/241389"}],"wp:featuredmedia":[{"embeddable":true,"href":"https:\/\/www.ivivu.com\/blog\/wp-json\/wp\/v2\/media\/241077"}],"wp:attachment":[{"href":"https:\/\/www.ivivu.com\/blog\/wp-json\/wp\/v2\/media?parent=241115"}],"wp:term":[{"taxonomy":"category","embeddable":true,"href":"https:\/\/www.ivivu.com\/blog\/wp-json\/wp\/v2\/categories?post=241115"},{"taxonomy":"post_tag","embeddable":true,"href":"https:\/\/www.ivivu.com\/blog\/wp-json\/wp\/v2\/tags?post=241115"}],"curies":[{"name":"wp","href":"https:\/\/api.w.org\/{rel}","templated":true}]}}