{"id":249980,"date":"2018-03-24T06:00:07","date_gmt":"2018-03-23T23:00:07","guid":{"rendered":"https:\/\/www.ivivu.com\/blog\/?p=249980"},"modified":"2018-03-23T11:06:37","modified_gmt":"2018-03-23T04:06:37","slug":"6-dia-diem-nhat-dinh-phai-ngam-khi-du-hi-paris","status":"publish","type":"post","link":"https:\/\/www.ivivu.com\/blog\/2018\/03\/6-dia-diem-nhat-dinh-phai-ngam-khi-du-hi-paris\/","title":{"rendered":"6 \u0111\u1ecba \u0111i\u1ec3m nh\u1ea5t \u0111\u1ecbnh ph\u1ea3i ng\u1eafm khi du h\u00ed Paris"},"content":{"rendered":"<p style=\"text-align: justify;\"><strong><em>Th\u1ee7 \u0111\u00f4 Paris c\u1ee7a n\u01b0\u1edbc Ph\u00e1p \u0111\u01b0\u1ee3c t\u1eb7ng v\u1edbi r\u1ea5t nhi\u1ec1u m\u1ef9 danh nh\u01b0 &#8216;th\u1ee7 \u0111\u00f4 c\u1ee7a hoa&#8217;, &#8216;th\u1ee7 \u0111\u00f4 th\u1eddi trang&#8217;, &#8216;kinh \u0111\u00f4 \u00e1nh s\u00e1ng&#8217; hay &#8216;con g\u00e1i c\u1ee7a d\u00f2ng s\u00f4ng Seine&#8217;. D\u0129 nhi\u00ean du kh\u00e1ch ph\u1ea3i t\u00ecm \u0111\u1ebfn nh\u1eefng \u0111i\u1ec3m du l\u1ecbch n\u00e0y m\u1edbi hi\u1ec3u h\u1ebft v\u1ebb \u0111\u1eb9p c\u1ee7a c\u00f4 g\u00e1i \u0111\u00f3\u2026<\/em><\/strong><!--more--><\/p>\n<h2 style=\"text-align: justify;\">6 \u0111\u1ecba \u0111i\u1ec3m nh\u1ea5t \u0111\u1ecbnh ph\u1ea3i ng\u1eafm khi du l\u1ecbch Paris<\/h2>\n<p style=\"text-align: justify;\"><strong>1. Th\u00e1p Eiffel<\/strong><\/p>\n<div id=\"attachment_249892\" style=\"width: 710px\" class=\"wp-caption aligncenter\"><img loading=\"lazy\" decoding=\"async\" aria-describedby=\"caption-attachment-249892\" class=\"wp-image-249892 size-full\" title=\"Th\u00e1p Eiffel v\u0129 \u0111\u1ea1i l\u00e0 m\u1ed9t bi\u1ec3u t\u01b0\u1ee3ng kh\u00f4ng ch\u1ec9 d\u00e0nh ri\u00eang cho Paris. \u1ea2nh: Qu\u1ed1c \u0110\u1ea1i\" src=\"https:\/\/cdn3.ivivu.com\/2018\/03\/6-dia-diem-nhat-dinh-phai-ngam-khi-du-hi-paris-ivivu-1.jpg\" alt=\"Th\u00e1p Eiffel v\u0129 \u0111\u1ea1i l\u00e0 m\u1ed9t bi\u1ec3u t\u01b0\u1ee3ng kh\u00f4ng ch\u1ec9 d\u00e0nh ri\u00eang cho Paris. \u1ea2nh: Qu\u1ed1c \u0110\u1ea1i\" width=\"700\" height=\"467\" srcset=\"https:\/\/cdn3.ivivu.com\/2018\/03\/6-dia-diem-nhat-dinh-phai-ngam-khi-du-hi-paris-ivivu-1.jpg 700w, https:\/\/cdn3.ivivu.com\/2018\/03\/6-dia-diem-nhat-dinh-phai-ngam-khi-du-hi-paris-ivivu-1-457x305.jpg 457w\" sizes=\"(max-width: 700px) 100vw, 700px\" \/><p id=\"caption-attachment-249892\" class=\"wp-caption-text\">Th\u00e1p Eiffel v\u0129 \u0111\u1ea1i l\u00e0 m\u1ed9t bi\u1ec3u t\u01b0\u1ee3ng kh\u00f4ng ch\u1ec9 d\u00e0nh ri\u00eang cho Paris. \u1ea2nh: Qu\u1ed1c \u0110\u1ea1i<\/p><\/div>\n<p style=\"text-align: justify;\">Th\u00e1p Eiffel v\u0129 \u0111\u1ea1i l\u00e0 m\u1ed9t bi\u1ec3u t\u01b0\u1ee3ng mang t\u00ednh ngh\u1ec7 thu\u1eadt c\u1ee7a th\u1ee7 \u0111\u00f4 Paris n\u00f3i ri\u00eang v\u00e0 n\u01b0\u1edbc Ph\u00e1p n\u00f3i chung. T\u1ecda l\u1ea1c tr\u00ean qu\u1ea3ng tr\u01b0\u1eddng Champ de Mars, b\u00ean c\u1ea1nh d\u00f2ng s\u00f4ng Seine \u1edf Paris. V\u00e0o th\u1eddi \u0111i\u1ec3m x\u00e2y d\u1ef1ng n\u0103m 1889, th\u00e1p n\u00e0y l\u00e0 c\u00f4ng tr\u00ecnh cao nh\u1ea5t th\u1ebf gi\u1edbi v\u00e0 danh hi\u1ec7u \u0111\u00f3 \u0111\u01b0\u1ee3c gi\u1eef t\u1edbi t\u1eadn n\u0103m 1930.<\/p>\n<p style=\"text-align: justify;\">Th\u00e1p ho\u00e0n t\u1ea5t x\u00e2y d\u1ef1ng v\u00e0o n\u0103m 1889, cao 1.056 feet l\u00e0 k\u1ef3 c\u00f4ng x\u00e2y d\u1ef1ng n\u1ed5i ti\u1ebfng c\u1ee7a th\u1ebf gi\u1edbi b\u1edfi ri\u00eang \u0111\u1ec9nh v\u00f2ng cong d\u01b0\u1edbi \u0111\u00e1y th\u00e1p \u0111\u00e3 cao b\u1eb1ng t\u00f2a nh\u00e0 10 t\u1ea7ng. C\u00f3 hai nh\u00e0 h\u00e0ng Altitude 95 (t\u1ea7ng 1) v\u00e0 Le Jules Verne (t\u1ea7ng 2), t\u1ea7m nh\u00ecn r\u1ed9ng xa h\u01a1n 40 d\u1eb7m kh\u1eafp Paris.<\/p>\n<p style=\"text-align: justify;\">N\u1ebfu \u0111i thang b\u1ed9 th\u00ec kh\u00f4ng ph\u1ea3i x\u1ebfp h\u00e0ng nh\u01b0ng m\u1ea5t nhi\u1ec1u th\u1eddi gian v\u00ec v\u1eady du kh\u00e1ch n\u00ean mua v\u00e9 \u0111i thang m\u00e1y \u0111\u1ec3 leo l\u00ean t\u1ea7ng cao ch\u00f3t v\u00f3t.<\/p>\n<p style=\"text-align: justify;\">Tuy nhi\u00ean gi\u00e1 v\u00e9 s\u1ebd t\u0103ng d\u1ea7n theo s\u1ed1 t\u1ea7ng b\u1ea1n mu\u1ed1n \u0111\u1ebfn. Th\u00e1p \u0111\u01b0\u1ee3c \u0111\u1eb7t theo t\u00ean k\u1ef9 s\u01b0 thi\u1ebft k\u1ebf Gustave Eiffel, v\u00e0 l\u00e0 m\u1ed9t trong nh\u1eefng \u0111i\u1ec3m \u0111\u1ebfn h\u00e0ng \u0111\u1ea7u th\u1ebf gi\u1edbi, thu h\u00fat h\u01a1n 5,5 tri\u1ec7u du kh\u00e1ch <strong>du l\u1ecbch Paris<\/strong> m\u1ed7i n\u0103m. Du kh\u00e1ch c\u00f3 th\u1ec3 ng\u1eafm nh\u00ecn th\u00e1p t\u1eeb xa khi d\u1ea1o thuy\u1ec1n tr\u00ean d\u00f2ng s\u00f4ng Seine \u0111ang l\u1eefng l\u1edd tr\u00f4i.<\/p>\n<p><strong>2. \u0110\u1ea1i l\u1ed9 Champs &#8211; Elyse\u00e9s<\/strong><\/p>\n<div id=\"attachment_249893\" style=\"width: 710px\" class=\"wp-caption aligncenter\"><img loading=\"lazy\" decoding=\"async\" aria-describedby=\"caption-attachment-249893\" class=\"wp-image-249893 size-full\" title=\"\u0110\u1ea1i l\u1ed9 Champs-\u00c9lys\u00e9es \u0111\u1eb9p nh\u1ea5t l\u00e0 v\u00e0o ban \u0111\u00eam. \u1ea2nh: Qu\u1ed1c \u0110\u1ea1i\" src=\"https:\/\/cdn3.ivivu.com\/2018\/03\/6-dia-diem-nhat-dinh-phai-ngam-khi-du-hi-paris-ivivu-2.jpg\" alt=\"\u0110\u1ea1i l\u1ed9 Champs-\u00c9lys\u00e9es \u0111\u1eb9p nh\u1ea5t l\u00e0 v\u00e0o ban \u0111\u00eam. \u1ea2nh: Qu\u1ed1c \u0110\u1ea1i\" width=\"700\" height=\"465\" srcset=\"https:\/\/cdn3.ivivu.com\/2018\/03\/6-dia-diem-nhat-dinh-phai-ngam-khi-du-hi-paris-ivivu-2.jpg 700w, https:\/\/cdn3.ivivu.com\/2018\/03\/6-dia-diem-nhat-dinh-phai-ngam-khi-du-hi-paris-ivivu-2-459x305.jpg 459w\" sizes=\"(max-width: 700px) 100vw, 700px\" \/><p id=\"caption-attachment-249893\" class=\"wp-caption-text\">\u0110\u1ea1i l\u1ed9 Champs-\u00c9lys\u00e9es \u0111\u1eb9p nh\u1ea5t l\u00e0 v\u00e0o ban \u0111\u00eam. \u1ea2nh: Qu\u1ed1c \u0110\u1ea1i<\/p><\/div>\n<p style=\"text-align: justify;\">L\u00e0 con \u0111\u01b0\u1eddng huy\u1ebft m\u1ea1ch c\u1ee7a Paris \u0111\u1ed3ng th\u1eddi c\u0169ng l\u00e0 n\u01a1i t\u1ed5 ch\u1ee9c c\u00e1c ch\u1ee3 phi\u00ean c\u1ee7a th\u1ecb d\u00e2n n\u01a1i n\u00e0y.<\/p>\n<p style=\"text-align: justify;\">Con \u0111\u01b0\u1eddng n\u00e0y d\u00e0i 1.800 m\u00e9t, r\u1ed9ng 120 m\u00e9t, c\u00f3 10 l\u00e0n xe ch\u1ea1y, hai b\u00ean \u0111\u01b0\u1eddng c\u00f2n l\u00e0 n\u01a1i ph\u00f4 b\u00e0y v\u1ebb xa hoa, h\u00e0o nho\u00e1ng c\u1ee7a Paris v\u1edbi c\u00e1c \u0111\u1ea1i ng\u00e2n h\u00e0ng, h\u00ed vi\u1ec7n, c\u1eeda h\u00e0ng th\u1eddi trang, \u0111\u1ea1i si\u00eau th\u1ecb c\u0169ng nh\u01b0 nh\u1eefng \u0111i\u1ec3m \u0103n ch\u01a1i c\u1ee7a gi\u1edbi th\u01b0\u1ee3ng l\u01b0u.<\/p>\n<p style=\"text-align: justify;\">Tr\u00ean v\u1ec9a h\u00e8 r\u1ed9ng l\u1edbn c\u1ee7a Champs &#8211; Elyse\u00e9s, ng\u01b0\u1eddi d\u00e2n Paris th\u01b0\u1eddng \u0111\u1ebfn th\u01b0 gi\u00e3n v\u00e0 \u0103n u\u1ed1ng. Xa xa, t\u01b0\u1ee3ng \u0111\u00e0i &#8220;C\u1ed9t th\u00e1ng B\u1ea3y&#8221; t\u01b0\u1edfng nh\u1edb nh\u1eefng n\u1ea1n nh\u00e2n c\u1ee7a cu\u1ed9c c\u00e1ch m\u1ea1ng 1830 l\u00e0m b\u1eb1ng \u0111\u00e1 c\u1ea9m th\u1ea1ch cao 47 m\u00e9t, tr\u00ean \u0111\u1ec9nh c\u00f3 t\u01b0\u1ee3ng N\u1eef th\u1ea7n t\u1ef1 do.<\/p>\n<p><strong>3. Kh\u1ea3i Ho\u00e0n M\u00f4n<\/strong><\/p>\n<div id=\"attachment_249894\" style=\"width: 710px\" class=\"wp-caption aligncenter\"><img loading=\"lazy\" decoding=\"async\" aria-describedby=\"caption-attachment-249894\" class=\"wp-image-249894 size-full\" title=\"Kh\u1ea3i Ho\u00e0n M\u00f4n - n\u01a1i du kh\u00e1ch c\u00f3 th\u1ec3 leo b\u1ed9 ho\u1eb7c d\u00f9ng thang m\u00e1y l\u00ean \u0111\u1ec9nh \u0111\u1ec3 nh\u00ecn ng\u1eafm to\u00e0n c\u1ea3nh Paris. \u1ea2nh: Qu\u1ed1c \u0110\u1ea1i\" src=\"https:\/\/cdn3.ivivu.com\/2018\/03\/6-dia-diem-nhat-dinh-phai-ngam-khi-du-hi-paris-ivivu-3.jpg\" alt=\"Kh\u1ea3i Ho\u00e0n M\u00f4n - n\u01a1i du kh\u00e1ch c\u00f3 th\u1ec3 leo b\u1ed9 ho\u1eb7c d\u00f9ng thang m\u00e1y l\u00ean \u0111\u1ec9nh \u0111\u1ec3 nh\u00ecn ng\u1eafm to\u00e0n c\u1ea3nh Paris. \u1ea2nh: Qu\u1ed1c \u0110\u1ea1i\" width=\"700\" height=\"478\" srcset=\"https:\/\/cdn3.ivivu.com\/2018\/03\/6-dia-diem-nhat-dinh-phai-ngam-khi-du-hi-paris-ivivu-3.jpg 700w, https:\/\/cdn3.ivivu.com\/2018\/03\/6-dia-diem-nhat-dinh-phai-ngam-khi-du-hi-paris-ivivu-3-447x305.jpg 447w, https:\/\/cdn3.ivivu.com\/2018\/03\/6-dia-diem-nhat-dinh-phai-ngam-khi-du-hi-paris-ivivu-3-240x165.jpg 240w, https:\/\/cdn3.ivivu.com\/2018\/03\/6-dia-diem-nhat-dinh-phai-ngam-khi-du-hi-paris-ivivu-3-50x35.jpg 50w\" sizes=\"(max-width: 700px) 100vw, 700px\" \/><p id=\"caption-attachment-249894\" class=\"wp-caption-text\">Kh\u1ea3i Ho\u00e0n M\u00f4n &#8211; n\u01a1i du kh\u00e1ch c\u00f3 th\u1ec3 leo b\u1ed9 ho\u1eb7c d\u00f9ng thang m\u00e1y l\u00ean \u0111\u1ec9nh \u0111\u1ec3 nh\u00ecn ng\u1eafm to\u00e0n c\u1ea3nh Paris. \u1ea2nh: Qu\u1ed1c \u0110\u1ea1i<\/p><\/div>\n<p style=\"text-align: justify;\">N\u1eb1m ngay qu\u1ea3ng tr\u01b0\u1eddng Carrousel cao 49 m\u00e9t, r\u1ed9ng 45 m\u00e9t v\u00e0 s\u00e2u 22 m\u00e9t, Kh\u1ea3i Ho\u00e0n M\u00f4n \u0111\u01b0\u1ee3c b\u1eaft \u0111\u1ea7u x\u00e2y d\u1ef1ng v\u00e0o n\u0103m 1808 v\u00e0 k\u00e9o d\u00e0i su\u1ed1t th\u1eddi gian Napol\u00e9on c\u1ea7m quy\u1ec1n, \u0111\u01b0\u1ee3c g\u1ecdi l\u00e0 Kh\u1ea3i Ho\u00e0n M\u00f4n c\u1ee7a &#8220;Qu\u00e2n \u0111\u1ed9i Quang Vinh&#8221;.<\/p>\n<p style=\"text-align: justify;\">Tr\u00ean t\u01b0\u1eddng Kh\u1ea3i Ho\u00e0n M\u00f4n l\u00e0 c\u00e1c ph\u00f9 \u0111i\u00eau l\u1edbn v\u00e0 t\u00ean c\u1ee7a 386 v\u1ecb t\u01b0\u1edbng l\u0129nh \u0111\u00e3 t\u1eebng theo Napol\u00e9on \u0111i vi\u1ec5n chinh, b\u00ean d\u01b0\u1edbi l\u00e0 m\u1ed9 nh\u1eefng t\u01b0\u1edbng s\u0129 v\u00f4 danh c\u00f9ng m\u1ed9t ng\u1ecdn \u0111\u00e8n chong th\u1eafp s\u00e1ng ng\u00e0y \u0111\u00eam v\u00e0 m\u1ed9t nh\u00f3m v\u1ec7 binh \u0111\u1ee9ng g\u00e1c. Du kh\u00e1ch c\u00f3 th\u1ec3 leo b\u1ed9 ho\u1eb7c d\u00f9ng thang m\u00e1y l\u00ean \u0111\u1ec9nh \u0111\u1ec3 nh\u00ecn ng\u1eafm to\u00e0n c\u1ea3nh Paris.<\/p>\n<p><strong>4. Nh\u00e0 th\u1edd \u0110\u1ee9c B\u00e0<\/strong><\/p>\n<div id=\"attachment_249895\" style=\"width: 710px\" class=\"wp-caption aligncenter\"><img loading=\"lazy\" decoding=\"async\" aria-describedby=\"caption-attachment-249895\" class=\"wp-image-249895 size-full\" title=\"Nh\u00e0 th\u1edd \u0110\u1ee9c B\u00e0 \u0111\u00e3 \u0111\u01b0\u1ee3c nhi\u1ec1u ng\u01b0\u1eddi bi\u1ebft \u0111\u1ebfn qua t\u00e1c ph\u1ea9m v\u0103n h\u1ecdc c\u00f9ng t\u00ean. \u1ea2nh: Qu\u1ed1c \u0110\u1ea1i\" src=\"https:\/\/cdn3.ivivu.com\/2018\/03\/6-dia-diem-nhat-dinh-phai-ngam-khi-du-hi-paris-ivivu-4.jpg\" alt=\"Nh\u00e0 th\u1edd \u0110\u1ee9c B\u00e0 \u0111\u00e3 \u0111\u01b0\u1ee3c nhi\u1ec1u ng\u01b0\u1eddi bi\u1ebft \u0111\u1ebfn qua t\u00e1c ph\u1ea9m v\u0103n h\u1ecdc c\u00f9ng t\u00ean. \u1ea2nh: Qu\u1ed1c \u0110\u1ea1i\" width=\"700\" height=\"525\" srcset=\"https:\/\/cdn3.ivivu.com\/2018\/03\/6-dia-diem-nhat-dinh-phai-ngam-khi-du-hi-paris-ivivu-4.jpg 700w, https:\/\/cdn3.ivivu.com\/2018\/03\/6-dia-diem-nhat-dinh-phai-ngam-khi-du-hi-paris-ivivu-4-407x305.jpg 407w\" sizes=\"(max-width: 700px) 100vw, 700px\" \/><p id=\"caption-attachment-249895\" class=\"wp-caption-text\">Nh\u00e0 th\u1edd \u0110\u1ee9c B\u00e0 \u0111\u00e3 \u0111\u01b0\u1ee3c nhi\u1ec1u ng\u01b0\u1eddi bi\u1ebft \u0111\u1ebfn qua t\u00e1c ph\u1ea9m v\u0103n h\u1ecdc c\u00f9ng t\u00ean. \u1ea2nh: Qu\u1ed1c \u0110\u1ea1i<\/p><\/div>\n<p style=\"text-align: justify;\">Ti\u00eau bi\u1ec3u nh\u1ea5t cho ki\u1ebfn tr\u00fac Gothique v\u1edbi v\u00f2m cung nh\u1ecdn, \u0111\u01b0\u1eddng n\u00e9t v\u00fat cao nh\u01b0 m\u0169i dao tr\u1ed5 tr\u00ean b\u1ea7u tr\u1eddi th\u1ec3 hi\u1ec7n tinh th\u1ea7n t\u1ef1 do. \u0110\u01b0\u1ee3c b\u1eaft \u0111\u1ea7u x\u00e2y d\u1ef1ng t\u1eeb n\u0103m 1163 d\u01b0\u1edbi th\u1eddi vua Louis VII k\u00e9o d\u00e0i trong su\u1ed1t 2 th\u1ebf k\u1ef7 \u0111\u1ebfn n\u0103m 1345 th\u00ec m\u1edbi ho\u00e0n th\u00e0nh.<\/p>\n<p style=\"text-align: justify;\">Nh\u00e0 th\u1edd \u0111\u00e3 \u0111i v\u00e0o v\u0103n h\u1ecdc c\u1ee7a nh\u00e2n lo\u1ea1i qua t\u00e1c ph\u1ea9m c\u00f9ng t\u00ean &#8220;Notre &#8211; Dame de Paris&#8221; c\u1ee7a \u0111\u1ea1i v\u0103n h\u00e0o Ph\u00e1p Victor Hugo. Ki\u1ebfn tr\u00fac c\u1ee7a nh\u00e0 th\u1edd l\u1edbn \u1edf th\u1ee7 \u0111\u00f4 H\u00e0 N\u1ed9i m\u00f4 ph\u1ecfng theo nh\u00e0 th\u1edd \u0110\u1ee9c B\u00e0 \u1edf \u0111\u00e2y. \u0110\u1ebfn <em><strong>du l\u1ecbch Paris<\/strong><\/em>, du kh\u00e1ch c\u00f3 th\u1ec3 leo l\u00ean tr\u00ean nh\u00e0 th\u1edd \u0111\u1ec3 nh\u00ecn th\u1ea5y r\u00f5 h\u01a1n to\u00e0n c\u1ea3nh s\u00f4ng Seine th\u01a1 m\u1ed9ng.<\/p>\n<p><strong>5. Cung \u0111i\u1ec7n Louvre<\/strong><\/p>\n<div id=\"attachment_249896\" style=\"width: 710px\" class=\"wp-caption aligncenter\"><img loading=\"lazy\" decoding=\"async\" aria-describedby=\"caption-attachment-249896\" class=\"wp-image-249896 size-full\" title=\"Nh\u1eefng ch\u1ea1m kh\u1eafc k\u1ef9 x\u1ea3o \u0111\u00e3 \u0111\u01b0a Louvre tr\u1edf th\u00e0nh m\u1ed9t ki\u1ec7t t\u00e1c ngh\u1ec7 thu\u1eadt c\u1ee7a th\u1ebf gi\u1edbi. \u1ea2nh: Qu\u1ed1c \u0110\u1ea1i\" src=\"https:\/\/cdn3.ivivu.com\/2018\/03\/6-dia-diem-nhat-dinh-phai-ngam-khi-du-hi-paris-ivivu-5.jpg\" alt=\"Nh\u1eefng ch\u1ea1m kh\u1eafc k\u1ef9 x\u1ea3o \u0111\u00e3 \u0111\u01b0a Louvre tr\u1edf th\u00e0nh m\u1ed9t ki\u1ec7t t\u00e1c ngh\u1ec7 thu\u1eadt c\u1ee7a th\u1ebf gi\u1edbi. \u1ea2nh: Qu\u1ed1c \u0110\u1ea1i\" width=\"700\" height=\"525\" srcset=\"https:\/\/cdn3.ivivu.com\/2018\/03\/6-dia-diem-nhat-dinh-phai-ngam-khi-du-hi-paris-ivivu-5.jpg 700w, https:\/\/cdn3.ivivu.com\/2018\/03\/6-dia-diem-nhat-dinh-phai-ngam-khi-du-hi-paris-ivivu-5-407x305.jpg 407w\" sizes=\"(max-width: 700px) 100vw, 700px\" \/><p id=\"caption-attachment-249896\" class=\"wp-caption-text\">Nh\u1eefng ch\u1ea1m kh\u1eafc k\u1ef9 x\u1ea3o \u0111\u00e3 \u0111\u01b0a Louvre tr\u1edf th\u00e0nh m\u1ed9t ki\u1ec7t t\u00e1c ngh\u1ec7 thu\u1eadt c\u1ee7a th\u1ebf gi\u1edbi. \u1ea2nh: Qu\u1ed1c \u0110\u1ea1i<\/p><\/div>\n<p style=\"text-align: justify;\">N\u1eb1m b\u00ean b\u1edd B\u1eafc s\u00f4ng Seine, v\u1ed1n l\u00e0 cung \u0111i\u1ec7n c\u1ee7a c\u00e1c vua ch\u00faa n\u01b0\u1edbc Ph\u00e1p, t\u1eeb n\u0103m 1793 \u0111\u01b0\u1ee3c c\u1ea3i bi\u1ebfn th\u00e0nh Vi\u1ec7n B\u1ea3o t\u00e0ng m\u1ef9 thu\u1eadt qu\u1ed1c gia m\u00e0 ng\u00e0y nay ch\u00ednh l\u00e0 kho t\u00e0ng m\u1ef9 thu\u1eadt n\u1ed5i ti\u1ebfng tr\u00ean th\u1ebf gi\u1edbi. Cung \u0111i\u1ec7n c\u00f3 di\u1ec7n t\u00edch 180.000 km2, c\u1ea5t gi\u1eef h\u01a1n 400.000 t\u00e1c ph\u1ea9m m\u1ef9 thu\u1eadt nh\u01b0ng ch\u1ec9 \u0111\u01b0\u1ee3c tr\u01b0ng b\u00e0y m\u1ed9t ph\u1ea7n nh\u1ecf \u0111\u1ec3 m\u1ecdi ng\u01b0\u1eddi chi\u00eam ng\u01b0\u1ee1ng.<\/p>\n<p style=\"text-align: justify;\">Hai b\u00ean ch\u00ednh \u0111i\u1ec7n l\u00e0 hai c\u00f4ng tr\u00ecnh ph\u1ee5 m\u00e0 ch\u00ednh gi\u1eefa l\u00e0 qu\u1ea3ng tr\u01b0\u1eddng Carousel. Ph\u00eda \u0111\u00f4ng c\u1ee7a cung \u0111i\u1ec7n l\u00e0 m\u1ed9t h\u00e0nh lang d\u00e0i v\u1edbi m\u1ed9t h\u00e0ng tr\u1ee5 c\u1ed9t l\u1edbn, ki\u1ebfn tr\u00fac n\u00e0y th\u1eadt nguy nga, tr\u00e1ng l\u1ec7.<\/p>\n<p style=\"text-align: justify;\">Trong cung \u0111i\u1ec7n c\u00f3 225 ph\u00f2ng tr\u01b0ng b\u00e0y ph\u00e2n th\u00e0nh c\u00e1c ph\u00f2ng ngh\u1ec7 thu\u1eadt La M\u00e3 v\u00e0 Hy L\u1ea1p, ph\u00f2ng \u0111i\u00eau kh\u1eafc th\u1eddi hi\u1ec7n \u0111\u1ea1i v\u00e0 c\u00e1c t\u00e1c ph\u1ea9m th\u1eddi Ph\u1ee5c H\u01b0ng, ph\u00f2ng tr\u01b0ng b\u00e0y h\u1ed9i h\u1ecda c\u1ee7a c\u00e1c th\u1eddi \u0111\u1ea1i trong \u0111\u00f3 c\u00f3 t\u00e1c ph\u1ea9m &#8220;Mona Lisa&#8221; c\u1ee7a Leonardo da Vinci, hai b\u1ee9c t\u01b0\u1ee3ng b\u1ea5t h\u1ee7 &#8220;N\u1eef th\u1ea7n Venus&#8221; v\u00e0 &#8220;N\u1eef th\u1ea7n chi\u1ebfn th\u1eafng&#8221; c\u1ee7a Hy L\u1ea1p \u0111\u01b0\u1ee3c xem l\u00e0 3 b\u00e1u v\u1eadt tuy\u1ec7t t\u00e1c qu\u00fd gi\u00e1 c\u1ee7a nh\u00e2n lo\u1ea1i.<\/p>\n<p><strong>6. \u0110\u1ec1n th\u1edd Tr\u00e1i tim c\u1ef1c th\u00e1nh<\/strong><\/p>\n<div id=\"attachment_249897\" style=\"width: 710px\" class=\"wp-caption aligncenter\"><img loading=\"lazy\" decoding=\"async\" aria-describedby=\"caption-attachment-249897\" class=\"wp-image-249897 size-full\" title=\"To\u00e0n c\u1ea3nh c\u1ee7a \u0111\u1ec1n th\u1edd Tr\u00e1i tim c\u1ef1c th\u00e1nh. \u1ea2nh: Qu\u1ed1c \u0110\u1ea1i\" src=\"https:\/\/cdn3.ivivu.com\/2018\/03\/6-dia-diem-nhat-dinh-phai-ngam-khi-du-hi-paris-ivivu-6.jpg\" alt=\"To\u00e0n c\u1ea3nh c\u1ee7a \u0111\u1ec1n th\u1edd Tr\u00e1i tim c\u1ef1c th\u00e1nh. \u1ea2nh: Qu\u1ed1c \u0110\u1ea1i\" width=\"700\" height=\"525\" srcset=\"https:\/\/cdn3.ivivu.com\/2018\/03\/6-dia-diem-nhat-dinh-phai-ngam-khi-du-hi-paris-ivivu-6.jpg 700w, https:\/\/cdn3.ivivu.com\/2018\/03\/6-dia-diem-nhat-dinh-phai-ngam-khi-du-hi-paris-ivivu-6-407x305.jpg 407w\" sizes=\"(max-width: 700px) 100vw, 700px\" \/><p id=\"caption-attachment-249897\" class=\"wp-caption-text\">To\u00e0n c\u1ea3nh c\u1ee7a \u0111\u1ec1n th\u1edd Tr\u00e1i tim c\u1ef1c th\u00e1nh. \u1ea2nh: Qu\u1ed1c \u0110\u1ea1i<\/p><\/div>\n<p style=\"text-align: justify;\">\u0110\u1ec1n th\u1edd Tr\u00e1i tim c\u1ef1c th\u00e1nh (Basilique du Sacr\u00e9 Coeur) c\u00f2n c\u00f3 t\u00ean g\u1ecdi kh\u00e1c l\u00e0 Nh\u00e0 th\u1edd Th\u00e1nh T\u00e2m \u0111\u01b0\u1ee3c x\u00e2y d\u1ef1ng t\u1eeb 1876 \u0111\u1ebfn 1914 theo ki\u1ec3u th\u1ee9c La M\u00e3 \u2013 Byzantine tuy\u1ec7t \u0111\u1eb9p nh\u1edd t\u1ecda l\u1ea1c tr\u00ean ng\u1ecdn \u0111\u1ed3i Montmartre, m\u00e1i v\u00f2m cao 273 feet v\u00e0 l\u00e0 \u0111i\u1ec3m cao th\u1ee9 hai c\u1ee7a th\u1ee7 \u0111\u00f4 Paris sau th\u00e1p Eiffel.<\/p>\n<p style=\"text-align: justify;\">Ch\u1eb3ng ph\u1ea3i ng\u1eabu nhi\u00ean m\u00e0 Paris \u0111\u01b0\u1ee3c g\u1ecdi l\u00e0 &#8220;Kinh \u0111\u00f4 \u00e1nh s\u00e1ng&#8221; b\u1edfi khi \u00e1nh m\u1eb7t tr\u1eddi t\u1eaft h\u1eb3n, th\u00e0nh ph\u1ed1 l\u1ea1i \u0111\u01b0\u1ee3c kho\u00e1c l\u00ean t\u1ea5m \u00e1o m\u1edbi c\u1ef1c k\u1ef3 quy\u1ebfn r\u0169.<\/p>\n<p style=\"text-align: justify;\">T\u1ea5t c\u1ea3 c\u1ea3nh v\u1eadt trong th\u00e0nh ph\u1ed1 \u0111\u1ec1u ch\u00ecm \u0111\u1eafm lung linh trong \u00e1nh s\u00e1ng huy\u1ec1n \u1ea3o l\u00e3ng m\u1ea1n. V\u1ec1 \u0111\u00eam, quang c\u1ea3nh n\u01a1i \u0111\u00e2y nh\u01b0 h\u00f2a quy\u1ec7n v\u1edbi con ng\u01b0\u1eddi, ri\u00eang tr\u00ean th\u00e1p Eiffel c\u00f3 h\u01a1n 20 ng\u00e0n ng\u1ecdn \u0111\u00e8n l\u1ea5p l\u00e1nh tr\u00e1ng l\u1ec7.<\/p>\n<p style=\"text-align: justify;\">\u00c1nh s\u00e1ng m\u1ea1nh gi\u00fap du kh\u00e1ch c\u1ea3m nh\u1eadn \u0111\u01b0\u1ee3c khung c\u1ea3nh tr\u1edf n\u00ean \u00eam \u0111\u1ec1m h\u01a1n nhi\u1ec1u l\u1ea7n \u0111\u1ec3 r\u1ed3i b\u1ea1n c\u00f3 th\u1ec3 t\u1ee5m n\u0103m t\u1ee5m b\u1ea3y b\u00ean b\u1edd s\u00f4ng Seine ho\u1eb7c ri\u00eang t\u01b0 v\u1edbi ng\u01b0\u1eddi y\u00eau b\u00ean nh\u1eefng qu\u00e1n caf\u00e9 ven g\u00f3c ph\u1ed1 t\u0129nh l\u1eb7ng.<\/p>\n<p style=\"text-align: justify;\">C\u00f3 l\u1ebd Paris kh\u00f4ng nh\u1eefng l\u00e0 kinh \u0111\u00f4 c\u1ee7a \u00e1nh s\u00e1ng m\u00e0 c\u00f2n l\u00e0 th\u00e0nh ph\u1ed1 c\u1ee7a nh\u1eefng gi\u1ea5c m\u01a1.<\/p>\n<h4 style=\"text-align: center;\"><div class=\"ltt-contentbox white\"><\/span>G\u1eccI NGAY 1900 1870 (Mi\u1ec1n Nam),\u00a01900 2045 (Mi\u1ec1n B\u1eafc) ho\u1eb7c (029) 27308668 (Mi\u1ec1n T\u00e2y) \u0110\u1ec2 \u0110\u01af\u1ee2C T\u01af V\u1ea4N\u00a0<a href=\"https:\/\/www.ivivu.com\/ve-may-bay\/?utm_source=blog_ivivu&amp;utm_medium=post_link&amp;utm_campaign=internal\" target=\"_blank\">COMBO KH\u00c1CH S\u1ea0N + V\u00c9 M\u00c1Y BAY<\/a>\u00a0GI\u00c1 SI\u00caU TI\u1ebeT KI\u1ec6M T\u1eea IVIVU.COM<\/div><\/h4>\n<p style=\"text-align: right;\"><strong>Theo Qu\u1ed1c Vinh\/Tu\u1ed5i tr\u1ebb<\/strong><\/p>\n<div class=\"ltt-contentbox white\"><\/span><\/p>\n<p><strong>Xem th\u00eam c\u00e1c b\u00e0i vi\u1ebft:<\/strong><\/p>\n<p><a href=\"https:\/\/www.ivivu.com\/blog\/2017\/09\/15-ngay-o-chau-au-tien-nao-cua-nay-cua-adrian-anh-tuan-va-son-doan\/\" target=\"_blank\"><strong>15 ng\u00e0y \u1edf ch\u00e2u \u00c2u \u2018ti\u1ec1n n\u00e0o c\u1ee7a n\u1ea5y\u2019 c\u1ee7a Adrian Anh Tu\u1ea5n v\u00e0 S\u01a1n \u0110o\u00e0n<\/strong><\/a><\/p>\n<p><a href=\"https:\/\/www.ivivu.com\/blog\/2017\/07\/nhung-bi-an-trong-nha-tho-duc-ba-paris\/\" target=\"_blank\"><strong>Nh\u1eefng b\u00ed \u1ea9n trong nh\u00e0 th\u1edd \u0110\u1ee9c B\u00e0 Paris<\/strong><\/a><\/p>\n<p><strong><a href=\"https:\/\/www.ivivu.com\/blog\/2017\/06\/20-trai-nghiem-mien-phi-o-paris\/\" target=\"_blank\">20 tr\u1ea3i nghi\u1ec7m mi\u1ec5n ph\u00ed \u1edf Paris<\/a><\/strong><\/p>\n<p><\/div>\n<h3><div class=\"ltt-contentbox white\"><\/span>Click \u0111\u1eb7t ngay\u00a0<a href=\"https:\/\/www.ivivu.com\/vi\/?utm_source=blog_ivivu&amp;utm_medium=post_link&amp;utm_campaign=internal?utm_source=blog_ivivu&amp;utm_medium=post_link&amp;utm_campaign=internal?utm_source=blog_ivivu&amp;utm_medium=post_link&amp;utm_campaign=internal?utm_source=blog_ivivu&amp;utm_medium=post_link&amp;utm_campaign=internal?utm_source=blog_ivivu&amp;utm_medium=post_link&amp;utm_campaign=internal?utm_source=blog_ivivu&amp;utm_medium=post_link&amp;utm_campaign=internal?utm_source=blog_ivivu&amp;utm_medium=post_link&amp;utm_campaign=internal?utm_source=blog_ivivu&amp;utm_medium=post_link&amp;utm_campaign=internal?utm_source=blog_ivivu&amp;utm_medium=post_link&amp;utm_campaign=internal?utm_source=blog_ivivu&amp;utm_medium=post_link&amp;utm_campaign=internal?utm_source=blog_ivivu&amp;utm_medium=post_link&amp;utm_campaign=internal?utm_source=blog_ivivu&amp;utm_medium=post_link&amp;utm_campaign=internal?utm_source=blog_ivivu&amp;utm_medium=post_link&amp;utm_campaign=internal?utm_source=blog_ivivu&amp;utm_medium=post_link&amp;utm_campaign=internal?utm_source=blog_ivivu&amp;utm_medium=post_link&amp;utm_campaign=internal?utm_source=blog_ivivu&amp;utm_medium=post_link&amp;utm_campaign=internal?utm_source=blog_ivivu&amp;utm_medium=post_link&amp;utm_campaign=internal?utm_source=blog_ivivu&amp;utm_medium=post_link&amp;utm_campaign=internal\" target=\"_blank\">Kh\u00e1ch s\u1ea1n kh\u1eafp Vi\u1ec7t Nam v\u00e0 to\u00e0n th\u1ebf gi\u1edbi<\/a>\u00a0gi\u00e1 t\u1ed1t nh\u1ea5t ch\u1ec9 c\u00f3 t\u1ea1i iVIVU.com<\/div><\/h3>\n<p>***<\/p>\n<p><strong>Tham kh\u1ea3o:\u00a0<a href=\"https:\/\/www.ivivu.com\/blog\/\" target=\"_blank\">C\u1ea9m nang du l\u1ecbch iVIVU.com<\/a><\/strong><\/p>\n","protected":false},"excerpt":{"rendered":"<p>Th\u1ee7 \u0111\u00f4 Paris c\u1ee7a n\u01b0\u1edbc Ph\u00e1p \u0111\u01b0\u1ee3c t\u1eb7ng v\u1edbi r\u1ea5t nhi\u1ec1u m\u1ef9 danh nh\u01b0 &#8216;th\u1ee7 \u0111\u00f4 c\u1ee7a hoa&#8217;, &#8216;th\u1ee7 \u0111\u00f4 th\u1eddi trang&#8217;, &#8216;kinh \u0111\u00f4 \u00e1nh s\u00e1ng&#8217; hay &#8216;con g\u00e1i c\u1ee7a d\u00f2ng s\u00f4ng Seine&#8217;. D\u0129 nhi\u00ean du kh\u00e1ch ph\u1ea3i t\u00ecm \u0111\u1ebfn&#8230;<\/p>\n","protected":false},"author":38,"featured_media":249896,"comment_status":"closed","ping_status":"open","sticky":false,"template":"","format":"standard","meta":{"_acf_changed":false,"footnotes":""},"categories":[247,231,795,14742],"tags":[319,3367,321,9829,8748,31760,390],"acf":[],"yoast_head":"<!-- This site is optimized with the Yoast SEO Premium plugin v22.6 (Yoast SEO v22.6) - https:\/\/yoast.com\/wordpress\/plugins\/seo\/ -->\n<title>6 \u0111\u1ecba \u0111i\u1ec3m nh\u1ea5t \u0111\u1ecbnh ph\u1ea3i ng\u1eafm khi du l\u1ecbch Paris - iVIVU.com<\/title>\n<meta name=\"description\" content=\"Paris \u0111\u01b0\u1ee3c m\u1ec7nh danh l\u00e0 &#039;th\u1ee7 \u0111\u00f4 c\u1ee7a hoa&#039;, &#039;th\u1ee7 \u0111\u00f4 th\u1eddi trang&#039;... v\u00e0 d\u0129 nhi\u00ean du l\u1ecbch Paris, b\u1ea1n ph\u1ea3i t\u00ecm \u0111\u1ebfn nh\u1eefng \u0111i\u1ec3m n\u00e0y m\u1edbi hi\u1ec3u h\u1ebft v\u1ebb \u0111\u1eb9p c\u1ee7a c\u00f4 g\u00e1i \u0111\u00f3\u2026\" \/>\n<meta name=\"robots\" content=\"index, follow, max-snippet:-1, max-image-preview:large, max-video-preview:-1\" \/>\n<link rel=\"canonical\" href=\"https:\/\/www.ivivu.com\/blog\/2018\/03\/6-dia-diem-nhat-dinh-phai-ngam-khi-du-hi-paris\/\" \/>\n<meta name=\"twitter:label1\" content=\"\u0110\u01b0\u1ee3c vi\u1ebft b\u1edfi\" \/>\n\t<meta name=\"twitter:data1\" content=\"Ng\u00e2n Thi\u1ec1u Kim\" \/>\n\t<meta name=\"twitter:label2\" content=\"\u01af\u1edbc t\u00ednh th\u1eddi gian \u0111\u1ecdc\" \/>\n\t<meta name=\"twitter:data2\" content=\"10 ph\u00fat\" \/>\n<script type=\"application\/ld+json\" class=\"yoast-schema-graph\">{\"@context\":\"https:\/\/schema.org\",\"@graph\":[{\"@type\":\"Article\",\"@id\":\"https:\/\/www.ivivu.com\/blog\/2018\/03\/6-dia-diem-nhat-dinh-phai-ngam-khi-du-hi-paris\/#article\",\"isPartOf\":{\"@id\":\"https:\/\/www.ivivu.com\/blog\/2018\/03\/6-dia-diem-nhat-dinh-phai-ngam-khi-du-hi-paris\/\"},\"author\":{\"name\":\"Ng\u00e2n Thi\u1ec1u Kim\",\"@id\":\"https:\/\/www.ivivu.com\/blog\/#\/schema\/person\/f6e706f46fad4e85f2e1c3ec41136369\"},\"headline\":\"6 \u0111\u1ecba \u0111i\u1ec3m nh\u1ea5t \u0111\u1ecbnh ph\u1ea3i ng\u1eafm khi du h\u00ed Paris\",\"datePublished\":\"2018-03-23T23:00:07+00:00\",\"dateModified\":\"2018-03-23T04:06:37+00:00\",\"mainEntityOfPage\":{\"@id\":\"https:\/\/www.ivivu.com\/blog\/2018\/03\/6-dia-diem-nhat-dinh-phai-ngam-khi-du-hi-paris\/\"},\"wordCount\":1969,\"publisher\":{\"@id\":\"https:\/\/www.ivivu.com\/blog\/#organization\"},\"image\":{\"@id\":\"https:\/\/www.ivivu.com\/blog\/2018\/03\/6-dia-diem-nhat-dinh-phai-ngam-khi-du-hi-paris\/#primaryimage\"},\"thumbnailUrl\":\"https:\/\/cdn3.ivivu.com\/2018\/03\/6-dia-diem-nhat-dinh-phai-ngam-khi-du-hi-paris-ivivu-5.jpg\",\"keywords\":[\"Du l\u1ecbch ch\u00e2u \u00e2u\",\"du l\u1ecbch Paris\",\"Du l\u1ecbch Ph\u00e1p\",\"\u0111i\u1ec3m \u0111\u1ebfn Paris\",\"kinh nghi\u1ec7m du l\u1ecbch Paris\",\"kinh nghi\u1ec7m \u0111i ch\u00e2u \u00c2u\",\"Paris\"],\"articleSection\":[\"Ch\u00e2u \u00c2u\",\"DU L\u1ecaCH TH\u1ebe GI\u1edaI\",\"\u0110i\u1ec3m \u0111\u1ebfn\",\"N\u1ed5i B\u1eadt 2\"],\"inLanguage\":\"vi\"},{\"@type\":\"WebPage\",\"@id\":\"https:\/\/www.ivivu.com\/blog\/2018\/03\/6-dia-diem-nhat-dinh-phai-ngam-khi-du-hi-paris\/\",\"url\":\"https:\/\/www.ivivu.com\/blog\/2018\/03\/6-dia-diem-nhat-dinh-phai-ngam-khi-du-hi-paris\/\",\"name\":\"6 \u0111\u1ecba \u0111i\u1ec3m nh\u1ea5t \u0111\u1ecbnh ph\u1ea3i ng\u1eafm khi du l\u1ecbch Paris - iVIVU.com\",\"isPartOf\":{\"@id\":\"https:\/\/www.ivivu.com\/blog\/#website\"},\"primaryImageOfPage\":{\"@id\":\"https:\/\/www.ivivu.com\/blog\/2018\/03\/6-dia-diem-nhat-dinh-phai-ngam-khi-du-hi-paris\/#primaryimage\"},\"image\":{\"@id\":\"https:\/\/www.ivivu.com\/blog\/2018\/03\/6-dia-diem-nhat-dinh-phai-ngam-khi-du-hi-paris\/#primaryimage\"},\"thumbnailUrl\":\"https:\/\/cdn3.ivivu.com\/2018\/03\/6-dia-diem-nhat-dinh-phai-ngam-khi-du-hi-paris-ivivu-5.jpg\",\"datePublished\":\"2018-03-23T23:00:07+00:00\",\"dateModified\":\"2018-03-23T04:06:37+00:00\",\"description\":\"Paris \u0111\u01b0\u1ee3c m\u1ec7nh danh l\u00e0 'th\u1ee7 \u0111\u00f4 c\u1ee7a hoa', 'th\u1ee7 \u0111\u00f4 th\u1eddi trang'... v\u00e0 d\u0129 nhi\u00ean du l\u1ecbch Paris, b\u1ea1n ph\u1ea3i t\u00ecm \u0111\u1ebfn nh\u1eefng \u0111i\u1ec3m n\u00e0y m\u1edbi hi\u1ec3u h\u1ebft v\u1ebb \u0111\u1eb9p c\u1ee7a c\u00f4 g\u00e1i \u0111\u00f3\u2026\",\"breadcrumb\":{\"@id\":\"https:\/\/www.ivivu.com\/blog\/2018\/03\/6-dia-diem-nhat-dinh-phai-ngam-khi-du-hi-paris\/#breadcrumb\"},\"inLanguage\":\"vi\",\"potentialAction\":[{\"@type\":\"ReadAction\",\"target\":[\"https:\/\/www.ivivu.com\/blog\/2018\/03\/6-dia-diem-nhat-dinh-phai-ngam-khi-du-hi-paris\/\"]}]},{\"@type\":\"ImageObject\",\"inLanguage\":\"vi\",\"@id\":\"https:\/\/www.ivivu.com\/blog\/2018\/03\/6-dia-diem-nhat-dinh-phai-ngam-khi-du-hi-paris\/#primaryimage\",\"url\":\"https:\/\/cdn3.ivivu.com\/2018\/03\/6-dia-diem-nhat-dinh-phai-ngam-khi-du-hi-paris-ivivu-5.jpg\",\"contentUrl\":\"https:\/\/cdn3.ivivu.com\/2018\/03\/6-dia-diem-nhat-dinh-phai-ngam-khi-du-hi-paris-ivivu-5.jpg\",\"width\":700,\"height\":525},{\"@type\":\"BreadcrumbList\",\"@id\":\"https:\/\/www.ivivu.com\/blog\/2018\/03\/6-dia-diem-nhat-dinh-phai-ngam-khi-du-hi-paris\/#breadcrumb\",\"itemListElement\":[{\"@type\":\"ListItem\",\"position\":1,\"name\":\"Home\",\"item\":\"https:\/\/www.ivivu.com\/blog\/\"},{\"@type\":\"ListItem\",\"position\":2,\"name\":\"6 \u0111\u1ecba \u0111i\u1ec3m nh\u1ea5t \u0111\u1ecbnh ph\u1ea3i ng\u1eafm khi du h\u00ed Paris\"}]},{\"@type\":\"WebSite\",\"@id\":\"https:\/\/www.ivivu.com\/blog\/#website\",\"url\":\"https:\/\/www.ivivu.com\/blog\/\",\"name\":\"C\u1ea9m nang du l\u1ecbch\",\"description\":\"\",\"publisher\":{\"@id\":\"https:\/\/www.ivivu.com\/blog\/#organization\"},\"potentialAction\":[{\"@type\":\"SearchAction\",\"target\":{\"@type\":\"EntryPoint\",\"urlTemplate\":\"https:\/\/www.ivivu.com\/blog\/?s={search_term_string}\"},\"query-input\":\"required name=search_term_string\"}],\"inLanguage\":\"vi\"},{\"@type\":\"Organization\",\"@id\":\"https:\/\/www.ivivu.com\/blog\/#organization\",\"name\":\"iVIVU.com\",\"url\":\"https:\/\/www.ivivu.com\/blog\/\",\"logo\":{\"@type\":\"ImageObject\",\"inLanguage\":\"vi\",\"@id\":\"https:\/\/www.ivivu.com\/blog\/#\/schema\/logo\/image\/\",\"url\":\"https:\/\/cdn3.ivivu.com\/2024\/01\/ivivu_no_slogan.png\",\"contentUrl\":\"https:\/\/cdn3.ivivu.com\/2024\/01\/ivivu_no_slogan.png\",\"width\":788,\"height\":565,\"caption\":\"iVIVU.com\"},\"image\":{\"@id\":\"https:\/\/www.ivivu.com\/blog\/#\/schema\/logo\/image\/\"},\"sameAs\":[\"https:\/\/www.facebook.com\/iVIVU\"]},{\"@type\":\"Person\",\"@id\":\"https:\/\/www.ivivu.com\/blog\/#\/schema\/person\/f6e706f46fad4e85f2e1c3ec41136369\",\"name\":\"Ng\u00e2n Thi\u1ec1u Kim\",\"sameAs\":[\"https:\/\/www.ivivu.com\/blog\/\"],\"url\":\"https:\/\/www.ivivu.com\/blog\/author\/ngan-thieu\/\"}]}<\/script>\n<!-- \/ Yoast SEO Premium plugin. -->","yoast_head_json":{"title":"6 \u0111\u1ecba \u0111i\u1ec3m nh\u1ea5t \u0111\u1ecbnh ph\u1ea3i ng\u1eafm khi du l\u1ecbch Paris - iVIVU.com","description":"Paris \u0111\u01b0\u1ee3c m\u1ec7nh danh l\u00e0 'th\u1ee7 \u0111\u00f4 c\u1ee7a hoa', 'th\u1ee7 \u0111\u00f4 th\u1eddi trang'... v\u00e0 d\u0129 nhi\u00ean du l\u1ecbch Paris, b\u1ea1n ph\u1ea3i t\u00ecm \u0111\u1ebfn nh\u1eefng \u0111i\u1ec3m n\u00e0y m\u1edbi hi\u1ec3u h\u1ebft v\u1ebb \u0111\u1eb9p c\u1ee7a c\u00f4 g\u00e1i \u0111\u00f3\u2026","robots":{"index":"index","follow":"follow","max-snippet":"max-snippet:-1","max-image-preview":"max-image-preview:large","max-video-preview":"max-video-preview:-1"},"canonical":"https:\/\/www.ivivu.com\/blog\/2018\/03\/6-dia-diem-nhat-dinh-phai-ngam-khi-du-hi-paris\/","twitter_misc":{"\u0110\u01b0\u1ee3c vi\u1ebft b\u1edfi":"Ng\u00e2n Thi\u1ec1u Kim","\u01af\u1edbc t\u00ednh th\u1eddi gian \u0111\u1ecdc":"10 ph\u00fat"},"schema":{"@context":"https:\/\/schema.org","@graph":[{"@type":"Article","@id":"https:\/\/www.ivivu.com\/blog\/2018\/03\/6-dia-diem-nhat-dinh-phai-ngam-khi-du-hi-paris\/#article","isPartOf":{"@id":"https:\/\/www.ivivu.com\/blog\/2018\/03\/6-dia-diem-nhat-dinh-phai-ngam-khi-du-hi-paris\/"},"author":{"name":"Ng\u00e2n Thi\u1ec1u Kim","@id":"https:\/\/www.ivivu.com\/blog\/#\/schema\/person\/f6e706f46fad4e85f2e1c3ec41136369"},"headline":"6 \u0111\u1ecba \u0111i\u1ec3m nh\u1ea5t \u0111\u1ecbnh ph\u1ea3i ng\u1eafm khi du h\u00ed Paris","datePublished":"2018-03-23T23:00:07+00:00","dateModified":"2018-03-23T04:06:37+00:00","mainEntityOfPage":{"@id":"https:\/\/www.ivivu.com\/blog\/2018\/03\/6-dia-diem-nhat-dinh-phai-ngam-khi-du-hi-paris\/"},"wordCount":1969,"publisher":{"@id":"https:\/\/www.ivivu.com\/blog\/#organization"},"image":{"@id":"https:\/\/www.ivivu.com\/blog\/2018\/03\/6-dia-diem-nhat-dinh-phai-ngam-khi-du-hi-paris\/#primaryimage"},"thumbnailUrl":"https:\/\/cdn3.ivivu.com\/2018\/03\/6-dia-diem-nhat-dinh-phai-ngam-khi-du-hi-paris-ivivu-5.jpg","keywords":["Du l\u1ecbch ch\u00e2u \u00e2u","du l\u1ecbch Paris","Du l\u1ecbch Ph\u00e1p","\u0111i\u1ec3m \u0111\u1ebfn Paris","kinh nghi\u1ec7m du l\u1ecbch Paris","kinh nghi\u1ec7m \u0111i ch\u00e2u \u00c2u","Paris"],"articleSection":["Ch\u00e2u \u00c2u","DU L\u1ecaCH TH\u1ebe GI\u1edaI","\u0110i\u1ec3m \u0111\u1ebfn","N\u1ed5i B\u1eadt 2"],"inLanguage":"vi"},{"@type":"WebPage","@id":"https:\/\/www.ivivu.com\/blog\/2018\/03\/6-dia-diem-nhat-dinh-phai-ngam-khi-du-hi-paris\/","url":"https:\/\/www.ivivu.com\/blog\/2018\/03\/6-dia-diem-nhat-dinh-phai-ngam-khi-du-hi-paris\/","name":"6 \u0111\u1ecba \u0111i\u1ec3m nh\u1ea5t \u0111\u1ecbnh ph\u1ea3i ng\u1eafm khi du l\u1ecbch Paris - iVIVU.com","isPartOf":{"@id":"https:\/\/www.ivivu.com\/blog\/#website"},"primaryImageOfPage":{"@id":"https:\/\/www.ivivu.com\/blog\/2018\/03\/6-dia-diem-nhat-dinh-phai-ngam-khi-du-hi-paris\/#primaryimage"},"image":{"@id":"https:\/\/www.ivivu.com\/blog\/2018\/03\/6-dia-diem-nhat-dinh-phai-ngam-khi-du-hi-paris\/#primaryimage"},"thumbnailUrl":"https:\/\/cdn3.ivivu.com\/2018\/03\/6-dia-diem-nhat-dinh-phai-ngam-khi-du-hi-paris-ivivu-5.jpg","datePublished":"2018-03-23T23:00:07+00:00","dateModified":"2018-03-23T04:06:37+00:00","description":"Paris \u0111\u01b0\u1ee3c m\u1ec7nh danh l\u00e0 'th\u1ee7 \u0111\u00f4 c\u1ee7a hoa', 'th\u1ee7 \u0111\u00f4 th\u1eddi trang'... v\u00e0 d\u0129 nhi\u00ean du l\u1ecbch Paris, b\u1ea1n ph\u1ea3i t\u00ecm \u0111\u1ebfn nh\u1eefng \u0111i\u1ec3m n\u00e0y m\u1edbi hi\u1ec3u h\u1ebft v\u1ebb \u0111\u1eb9p c\u1ee7a c\u00f4 g\u00e1i \u0111\u00f3\u2026","breadcrumb":{"@id":"https:\/\/www.ivivu.com\/blog\/2018\/03\/6-dia-diem-nhat-dinh-phai-ngam-khi-du-hi-paris\/#breadcrumb"},"inLanguage":"vi","potentialAction":[{"@type":"ReadAction","target":["https:\/\/www.ivivu.com\/blog\/2018\/03\/6-dia-diem-nhat-dinh-phai-ngam-khi-du-hi-paris\/"]}]},{"@type":"ImageObject","inLanguage":"vi","@id":"https:\/\/www.ivivu.com\/blog\/2018\/03\/6-dia-diem-nhat-dinh-phai-ngam-khi-du-hi-paris\/#primaryimage","url":"https:\/\/cdn3.ivivu.com\/2018\/03\/6-dia-diem-nhat-dinh-phai-ngam-khi-du-hi-paris-ivivu-5.jpg","contentUrl":"https:\/\/cdn3.ivivu.com\/2018\/03\/6-dia-diem-nhat-dinh-phai-ngam-khi-du-hi-paris-ivivu-5.jpg","width":700,"height":525},{"@type":"BreadcrumbList","@id":"https:\/\/www.ivivu.com\/blog\/2018\/03\/6-dia-diem-nhat-dinh-phai-ngam-khi-du-hi-paris\/#breadcrumb","itemListElement":[{"@type":"ListItem","position":1,"name":"Home","item":"https:\/\/www.ivivu.com\/blog\/"},{"@type":"ListItem","position":2,"name":"6 \u0111\u1ecba \u0111i\u1ec3m nh\u1ea5t \u0111\u1ecbnh ph\u1ea3i ng\u1eafm khi du h\u00ed Paris"}]},{"@type":"WebSite","@id":"https:\/\/www.ivivu.com\/blog\/#website","url":"https:\/\/www.ivivu.com\/blog\/","name":"C\u1ea9m nang du l\u1ecbch","description":"","publisher":{"@id":"https:\/\/www.ivivu.com\/blog\/#organization"},"potentialAction":[{"@type":"SearchAction","target":{"@type":"EntryPoint","urlTemplate":"https:\/\/www.ivivu.com\/blog\/?s={search_term_string}"},"query-input":"required name=search_term_string"}],"inLanguage":"vi"},{"@type":"Organization","@id":"https:\/\/www.ivivu.com\/blog\/#organization","name":"iVIVU.com","url":"https:\/\/www.ivivu.com\/blog\/","logo":{"@type":"ImageObject","inLanguage":"vi","@id":"https:\/\/www.ivivu.com\/blog\/#\/schema\/logo\/image\/","url":"https:\/\/cdn3.ivivu.com\/2024\/01\/ivivu_no_slogan.png","contentUrl":"https:\/\/cdn3.ivivu.com\/2024\/01\/ivivu_no_slogan.png","width":788,"height":565,"caption":"iVIVU.com"},"image":{"@id":"https:\/\/www.ivivu.com\/blog\/#\/schema\/logo\/image\/"},"sameAs":["https:\/\/www.facebook.com\/iVIVU"]},{"@type":"Person","@id":"https:\/\/www.ivivu.com\/blog\/#\/schema\/person\/f6e706f46fad4e85f2e1c3ec41136369","name":"Ng\u00e2n Thi\u1ec1u Kim","sameAs":["https:\/\/www.ivivu.com\/blog\/"],"url":"https:\/\/www.ivivu.com\/blog\/author\/ngan-thieu\/"}]}},"_links":{"self":[{"href":"https:\/\/www.ivivu.com\/blog\/wp-json\/wp\/v2\/posts\/249980"}],"collection":[{"href":"https:\/\/www.ivivu.com\/blog\/wp-json\/wp\/v2\/posts"}],"about":[{"href":"https:\/\/www.ivivu.com\/blog\/wp-json\/wp\/v2\/types\/post"}],"author":[{"embeddable":true,"href":"https:\/\/www.ivivu.com\/blog\/wp-json\/wp\/v2\/users\/38"}],"replies":[{"embeddable":true,"href":"https:\/\/www.ivivu.com\/blog\/wp-json\/wp\/v2\/comments?post=249980"}],"version-history":[{"count":5,"href":"https:\/\/www.ivivu.com\/blog\/wp-json\/wp\/v2\/posts\/249980\/revisions"}],"predecessor-version":[{"id":250011,"href":"https:\/\/www.ivivu.com\/blog\/wp-json\/wp\/v2\/posts\/249980\/revisions\/250011"}],"wp:featuredmedia":[{"embeddable":true,"href":"https:\/\/www.ivivu.com\/blog\/wp-json\/wp\/v2\/media\/249896"}],"wp:attachment":[{"href":"https:\/\/www.ivivu.com\/blog\/wp-json\/wp\/v2\/media?parent=249980"}],"wp:term":[{"taxonomy":"category","embeddable":true,"href":"https:\/\/www.ivivu.com\/blog\/wp-json\/wp\/v2\/categories?post=249980"},{"taxonomy":"post_tag","embeddable":true,"href":"https:\/\/www.ivivu.com\/blog\/wp-json\/wp\/v2\/tags?post=249980"}],"curies":[{"name":"wp","href":"https:\/\/api.w.org\/{rel}","templated":true}]}}