{"id":261524,"date":"2018-07-07T06:00:46","date_gmt":"2018-07-06T23:00:46","guid":{"rendered":"https:\/\/www.ivivu.com\/blog\/?p=261524"},"modified":"2018-07-06T10:57:14","modified_gmt":"2018-07-06T03:57:14","slug":"9-diem-tham-quan-mien-phi-khong-the-bo-qua-khi-du-lich-dao-jeju","status":"publish","type":"post","link":"https:\/\/www.ivivu.com\/blog\/2018\/07\/9-diem-tham-quan-mien-phi-khong-the-bo-qua-khi-du-lich-dao-jeju\/","title":{"rendered":"9 \u0111i\u1ec3m tham quan mi\u1ec5n ph\u00ed kh\u00f4ng th\u1ec3 b\u1ecf qua khi du l\u1ecbch \u0111\u1ea3o Jeju"},"content":{"rendered":"<p style=\"text-align: justify;\"><em><strong>\u0110\u1ea3o Jeju \u0111\u01b0\u1ee3c m\u1ec7nh danh l\u00e0 \u201ch\u00f2n \u0111\u1ea3o thi\u00ean \u0111\u01b0\u1eddng\u201d c\u1ee7a <a href=\"https:\/\/www.ivivu.com\/blog\/category\/the-gioi\/du-lich-chau-a\/du-lich-han-quoc\/\" target=\"_blank\">H\u00e0n Qu\u1ed1c<\/a> v\u1edbi kh\u00ed h\u1eadu quanh n\u0103m m\u00e1t m\u1ebb v\u00e0 c\u1ea3nh quan thi\u00ean nhi\u00ean t\u01b0\u01a1i \u0111\u1eb9p. \u0110\u1eb7c bi\u1ec7t v\u1edbi ch\u00ednh s\u00e1ch mi\u1ec5n visa cho du kh\u00e1ch Vi\u1ec7t, du l\u1ecbch \u0111\u1ea3o Jeju gi\u1edd \u0111\u00e2y tr\u1edf n\u00ean d\u1ec5 d\u00e0ng h\u01a1n bao gi\u1edd h\u1ebft.<\/strong><\/em><!--more--><\/p>\n<div class=\"ltt-contentbox white\"><\/span><strong>Xem th\u00eam: <a href=\"https:\/\/www.ivivu.com\/blog\/category\/the-gioi\/du-lich-chau-a\/du-lich-han-quoc\/\" target=\"_blank\">Du l\u1ecbch H\u00e0n Qu\u1ed1c<\/a><\/strong><\/div>\n<h2>9 \u0111i\u1ec3m tham quan mi\u1ec5n ph\u00ed kh\u00f4ng th\u1ec3 b\u1ecf qua khi du l\u1ecbch \u0111\u1ea3o Jeju<\/h2>\n<p style=\"text-align: justify;\">N\u1ebfu \u0111\u00e3 qu\u00e1 quen thu\u1ed9c v\u1edbi nh\u1eefng \u0111\u1ecba \u0111i\u1ec3m n\u1ed5i ti\u1ebfng lu\u00f4n c\u00f3 trong h\u00e0nh tr\u00ecnh <strong>du l\u1ecbch \u0111\u1ea3o Jeju<\/strong> c\u1ee7a m\u1ecdi du kh\u00e1ch nh\u01b0 \u0111\u1ec9nh n\u00fai m\u1eb7t tr\u1eddi m\u1ecdc Seongsan Ilchulbong, th\u00e1c Cheonjeyeon, n\u00fai Halla, c\u1ed9t \u0111\u00e1 nham th\u1ea1ch Jungmun Daepo th\u00ec ch\u1eafc ch\u1eafn b\u1ea1n s\u1ebd kh\u00f4ng mu\u1ed1n b\u1ecf qua 9 \u0111\u1ecba \u0111i\u1ec3m tham quan v\u1eeba \u0111\u1ed9c l\u1ea1, v\u1eeba ho\u00e0n to\u00e0n mi\u1ec5n ph\u00ed d\u01b0\u1edbi \u0111\u00e2y.<\/p>\n<p><strong>1. N\u00f4ng tr\u1ea1i St. Isidore \u1edf Hallim-eub<\/strong><\/p>\n<p style=\"text-align: justify;\">N\u00f4ng tr\u1ea1i St. Isidore l\u00e0 \u0111\u1ecba \u0111i\u1ec3m ch\u1ee5p h\u00ecnh v\u00f4 c\u00f9ng n\u1ed5i ti\u1ebfng, \u0111\u01b0\u1ee3c gi\u1edbi tr\u1ebb H\u00e0n Qu\u1ed1c n\u00f4 n\u1ee9c check-in khi <em><strong>du l\u1ecbch \u0111\u1ea3o Jeju<\/strong><\/em> nh\u1edd khung c\u1ea3nh thanh b\u00ecnh v\u00e0 \u0111\u1eb7c bi\u1ec7t l\u00e0 t\u00f2a nh\u00e0 Cteshphon v\u1edbi ki\u1ebfn tr\u00fac c\u1ed5ng t\u00f2 v\u00f2 \u0111\u1ed9c \u0111\u00e1o.<\/p>\n<div id=\"attachment_261528\" style=\"width: 910px\" class=\"wp-caption aligncenter\"><a href=\"https:\/\/cdn3.ivivu.com\/2018\/07\/9-diem-tham-quan-mien-phi-khong-the-bo-qua-khi-du-lich-dao-Jeju-ivivu-1.jpg\"><img loading=\"lazy\" decoding=\"async\" aria-describedby=\"caption-attachment-261528\" class=\"wp-image-261528 size-full\" title=\"\u1ea2nh: VIP\" src=\"https:\/\/cdn3.ivivu.com\/2018\/07\/9-diem-tham-quan-mien-phi-khong-the-bo-qua-khi-du-lich-dao-Jeju-ivivu-1.jpg\" alt=\"\u1ea2nh: VIP\" width=\"900\" height=\"750\" srcset=\"https:\/\/cdn3.ivivu.com\/2018\/07\/9-diem-tham-quan-mien-phi-khong-the-bo-qua-khi-du-lich-dao-Jeju-ivivu-1.jpg 900w, https:\/\/cdn3.ivivu.com\/2018\/07\/9-diem-tham-quan-mien-phi-khong-the-bo-qua-khi-du-lich-dao-Jeju-ivivu-1-366x305.jpg 366w\" sizes=\"(max-width: 900px) 100vw, 900px\" \/><\/a><p id=\"caption-attachment-261528\" class=\"wp-caption-text\">\u1ea2nh: VIP<\/p><\/div>\n<div id=\"attachment_261530\" style=\"width: 910px\" class=\"wp-caption aligncenter\"><a href=\"https:\/\/cdn3.ivivu.com\/2018\/07\/9-diem-tham-quan-mien-phi-khong-the-bo-qua-khi-du-lich-dao-Jeju-ivivu-2.jpg\"><img loading=\"lazy\" decoding=\"async\" aria-describedby=\"caption-attachment-261530\" class=\"wp-image-261530 size-full\" title=\"\u1ea2nh: @death4001\" src=\"https:\/\/cdn3.ivivu.com\/2018\/07\/9-diem-tham-quan-mien-phi-khong-the-bo-qua-khi-du-lich-dao-Jeju-ivivu-2.jpg\" alt=\"\u1ea2nh: @death4001\" width=\"900\" height=\"600\" srcset=\"https:\/\/cdn3.ivivu.com\/2018\/07\/9-diem-tham-quan-mien-phi-khong-the-bo-qua-khi-du-lich-dao-Jeju-ivivu-2.jpg 900w, https:\/\/cdn3.ivivu.com\/2018\/07\/9-diem-tham-quan-mien-phi-khong-the-bo-qua-khi-du-lich-dao-Jeju-ivivu-2-458x305.jpg 458w\" sizes=\"(max-width: 900px) 100vw, 900px\" \/><\/a><p id=\"caption-attachment-261530\" class=\"wp-caption-text\">\u1ea2nh: @death4001<\/p><\/div>\n<p style=\"text-align: justify;\"><strong>2. Trang tr\u1ea1i hoa h\u01b0\u1edbng d\u01b0\u01a1ng Kim Kyoung Sook \u1edf Hoecheon-dong<\/strong><\/p>\n<p style=\"text-align: justify;\">M\u00f9a xu\u00e2n trang tr\u1ea1i tr\u1ed3ng hoa c\u1ea3i, c\u00f2n m\u00f9a h\u00e8 th\u00ec tr\u1ed3ng hoa h\u01b0\u1edbng d\u01b0\u01a1ng. \u0110\u1ebfn \u0111\u00e2y ngo\u00e0i ch\u1ee5p h\u00ecnh s\u1ed1ng \u1ea3o gi\u1eefa c\u00e1nh \u0111\u1ed3ng hoa v\u00e0ng r\u1ef1c, b\u1ea1n c\u00f2n c\u00f3 th\u1ec3 mua c\u00e1c s\u1ea3n ph\u1ea9m \u0111\u01b0\u1ee3c l\u00e0m ra ngay t\u1ea1i trang tr\u1ea1i nh\u01b0 h\u1ea1t h\u01b0\u1edbng d\u01b0\u01a1ng, d\u1ea7u h\u01b0\u1edbng d\u01b0\u01a1ng,\u2026<\/p>\n<div id=\"attachment_261531\" style=\"width: 970px\" class=\"wp-caption aligncenter\"><a href=\"https:\/\/cdn3.ivivu.com\/2018\/07\/9-diem-tham-quan-mien-phi-khong-the-bo-qua-khi-du-lich-dao-Jeju-ivivu-3.jpg\"><img loading=\"lazy\" decoding=\"async\" aria-describedby=\"caption-attachment-261531\" class=\"wp-image-261531 size-full\" title=\"\u1ea2nh: Jejuwang\" src=\"https:\/\/cdn3.ivivu.com\/2018\/07\/9-diem-tham-quan-mien-phi-khong-the-bo-qua-khi-du-lich-dao-Jeju-ivivu-3.jpg\" alt=\"\u1ea2nh: Jejuwang\" width=\"960\" height=\"640\" srcset=\"https:\/\/cdn3.ivivu.com\/2018\/07\/9-diem-tham-quan-mien-phi-khong-the-bo-qua-khi-du-lich-dao-Jeju-ivivu-3.jpg 960w, https:\/\/cdn3.ivivu.com\/2018\/07\/9-diem-tham-quan-mien-phi-khong-the-bo-qua-khi-du-lich-dao-Jeju-ivivu-3-458x305.jpg 458w\" sizes=\"(max-width: 960px) 100vw, 960px\" \/><\/a><p id=\"caption-attachment-261531\" class=\"wp-caption-text\">\u1ea2nh: Jejuwang<\/p><\/div>\n<div id=\"attachment_261532\" style=\"width: 910px\" class=\"wp-caption aligncenter\"><a href=\"https:\/\/cdn3.ivivu.com\/2018\/07\/9-diem-tham-quan-mien-phi-khong-the-bo-qua-khi-du-lich-dao-Jeju-ivivu-4.jpg\"><img loading=\"lazy\" decoding=\"async\" aria-describedby=\"caption-attachment-261532\" class=\"wp-image-261532 size-full\" title=\"\u1ea2nh: Haeuri Pictures\" src=\"https:\/\/cdn3.ivivu.com\/2018\/07\/9-diem-tham-quan-mien-phi-khong-the-bo-qua-khi-du-lich-dao-Jeju-ivivu-4.jpg\" alt=\"\u1ea2nh: Haeuri Pictures\" width=\"900\" height=\"600\" srcset=\"https:\/\/cdn3.ivivu.com\/2018\/07\/9-diem-tham-quan-mien-phi-khong-the-bo-qua-khi-du-lich-dao-Jeju-ivivu-4.jpg 900w, https:\/\/cdn3.ivivu.com\/2018\/07\/9-diem-tham-quan-mien-phi-khong-the-bo-qua-khi-du-lich-dao-Jeju-ivivu-4-458x305.jpg 458w\" sizes=\"(max-width: 900px) 100vw, 900px\" \/><\/a><p id=\"caption-attachment-261532\" class=\"wp-caption-text\">\u1ea2nh: Haeuri Pictures<\/p><\/div>\n<p style=\"text-align: justify;\"><strong>3. Tr\u01b0\u1eddng ti\u1ec3u h\u1ecdc Deoreok \u1edf Aewol-eub<\/strong><\/p>\n<p style=\"text-align: justify;\">C\u00e1c t\u00f2a nh\u00e0 trong tr\u01b0\u1eddng \u0111\u1ec1u \u0111\u01b0\u1ee3c s\u01a1n nhi\u1ec1u m\u00e0u s\u1eafc s\u1eb7c s\u1ee1, v\u00f4 c\u00f9ng b\u1eaft m\u1eaft. V\u00e0o ng\u00e0y th\u01b0\u1eddng v\u00ec h\u1ecdc sinh \u0111i h\u1ecdc n\u00ean ch\u1ec9 \u0111\u01b0\u1ee3c v\u00e0o tr\u01b0\u1eddng tham quan sau khi k\u1ebft th\u00fac gi\u1edd h\u1ecdc.<\/p>\n<div id=\"attachment_261533\" style=\"width: 750px\" class=\"wp-caption aligncenter\"><a href=\"https:\/\/cdn3.ivivu.com\/2018\/07\/9-diem-tham-quan-mien-phi-khong-the-bo-qua-khi-du-lich-dao-Jeju-ivivu-5.jpg\"><img loading=\"lazy\" decoding=\"async\" aria-describedby=\"caption-attachment-261533\" class=\"wp-image-261533 size-full\" title=\"\u1ea2nh: @ejejucom\" src=\"https:\/\/cdn3.ivivu.com\/2018\/07\/9-diem-tham-quan-mien-phi-khong-the-bo-qua-khi-du-lich-dao-Jeju-ivivu-5.jpg\" alt=\"\u1ea2nh: @ejejucom\" width=\"740\" height=\"493\" srcset=\"https:\/\/cdn3.ivivu.com\/2018\/07\/9-diem-tham-quan-mien-phi-khong-the-bo-qua-khi-du-lich-dao-Jeju-ivivu-5.jpg 740w, https:\/\/cdn3.ivivu.com\/2018\/07\/9-diem-tham-quan-mien-phi-khong-the-bo-qua-khi-du-lich-dao-Jeju-ivivu-5-458x305.jpg 458w\" sizes=\"(max-width: 740px) 100vw, 740px\" \/><\/a><p id=\"caption-attachment-261533\" class=\"wp-caption-text\">\u1ea2nh: @ejejucom<\/p><\/div>\n<div id=\"attachment_261534\" style=\"width: 750px\" class=\"wp-caption aligncenter\"><a href=\"https:\/\/cdn3.ivivu.com\/2018\/07\/9-diem-tham-quan-mien-phi-khong-the-bo-qua-khi-du-lich-dao-Jeju-ivivu-6.jpg\"><img loading=\"lazy\" decoding=\"async\" aria-describedby=\"caption-attachment-261534\" class=\"wp-image-261534 size-full\" title=\"\u1ea2nh: Findjeju\" src=\"https:\/\/cdn3.ivivu.com\/2018\/07\/9-diem-tham-quan-mien-phi-khong-the-bo-qua-khi-du-lich-dao-Jeju-ivivu-6.jpg\" alt=\"\u1ea2nh: Findjeju\" width=\"740\" height=\"493\" srcset=\"https:\/\/cdn3.ivivu.com\/2018\/07\/9-diem-tham-quan-mien-phi-khong-the-bo-qua-khi-du-lich-dao-Jeju-ivivu-6.jpg 740w, https:\/\/cdn3.ivivu.com\/2018\/07\/9-diem-tham-quan-mien-phi-khong-the-bo-qua-khi-du-lich-dao-Jeju-ivivu-6-458x305.jpg 458w\" sizes=\"(max-width: 740px) 100vw, 740px\" \/><\/a><p id=\"caption-attachment-261534\" class=\"wp-caption-text\">\u1ea2nh: Findjeju<\/p><\/div>\n<p style=\"text-align: justify;\"><strong>4. Nh\u00e0 th\u1edd Bangju \u1edf Seogwipo<\/strong><\/p>\n<p style=\"text-align: justify;\">Nh\u00e0 th\u1edd Bangju \u0111\u01b0\u1ee3c x\u00e2y d\u1ef1ng n\u1ed5i tr\u00ean m\u1eb7t n\u01b0\u1edbc, l\u1ea5y \u00fd t\u01b0\u1edfng t\u1eeb con t\u00e0u c\u1ee7a Noah trong truy\u1ec1n thuy\u1ebft. V\u1edbi ki\u1ebfn tr\u00fac \u1ea5n t\u01b0\u1ee3ng, nh\u00e0 th\u1edd Bangju \u0111\u00e3 \u0111\u1ea1t gi\u1ea3i th\u01b0\u1edfng l\u1edbn c\u1ee7a Hi\u1ec7p h\u1ed9i ki\u1ebfn tr\u00fac s\u01b0 H\u00e0n Qu\u1ed1c n\u0103m 2010, l\u00e0 c\u00f4ng tr\u00ecnh ki\u1ebfn tr\u00fac nh\u1ea5t \u0111\u1ecbnh ph\u1ea3i gh\u00e9 th\u0103m khi <em>du l\u1ecbch \u0111\u1ea3o Jeju<\/em>.<\/p>\n<div id=\"attachment_261536\" style=\"width: 750px\" class=\"wp-caption aligncenter\"><a href=\"https:\/\/cdn3.ivivu.com\/2018\/07\/9-diem-tham-quan-mien-phi-khong-the-bo-qua-khi-du-lich-dao-Jeju-ivivu-7.jpg\"><img loading=\"lazy\" decoding=\"async\" aria-describedby=\"caption-attachment-261536\" class=\"wp-image-261536 size-full\" title=\"\u1ea2nh: @jejumamnpapa\" src=\"https:\/\/cdn3.ivivu.com\/2018\/07\/9-diem-tham-quan-mien-phi-khong-the-bo-qua-khi-du-lich-dao-Jeju-ivivu-7.jpg\" alt=\"\u1ea2nh: @jejumamnpapa\" width=\"740\" height=\"493\" srcset=\"https:\/\/cdn3.ivivu.com\/2018\/07\/9-diem-tham-quan-mien-phi-khong-the-bo-qua-khi-du-lich-dao-Jeju-ivivu-7.jpg 740w, https:\/\/cdn3.ivivu.com\/2018\/07\/9-diem-tham-quan-mien-phi-khong-the-bo-qua-khi-du-lich-dao-Jeju-ivivu-7-458x305.jpg 458w\" sizes=\"(max-width: 740px) 100vw, 740px\" \/><\/a><p id=\"caption-attachment-261536\" class=\"wp-caption-text\">\u1ea2nh: @jejumamnpapa<\/p><\/div>\n<div id=\"attachment_261537\" style=\"width: 745px\" class=\"wp-caption aligncenter\"><a href=\"https:\/\/cdn3.ivivu.com\/2018\/07\/9-diem-tham-quan-mien-phi-khong-the-bo-qua-khi-du-lich-dao-Jeju-ivivu-8.jpg\"><img loading=\"lazy\" decoding=\"async\" aria-describedby=\"caption-attachment-261537\" class=\"wp-image-261537 size-full\" title=\"\u1ea2nh: @jmaa08\" src=\"https:\/\/cdn3.ivivu.com\/2018\/07\/9-diem-tham-quan-mien-phi-khong-the-bo-qua-khi-du-lich-dao-Jeju-ivivu-8.jpg\" alt=\"\u1ea2nh: @jmaa08\" width=\"735\" height=\"485\" srcset=\"https:\/\/cdn3.ivivu.com\/2018\/07\/9-diem-tham-quan-mien-phi-khong-the-bo-qua-khi-du-lich-dao-Jeju-ivivu-8.jpg 735w, https:\/\/cdn3.ivivu.com\/2018\/07\/9-diem-tham-quan-mien-phi-khong-the-bo-qua-khi-du-lich-dao-Jeju-ivivu-8-462x305.jpg 462w\" sizes=\"(max-width: 735px) 100vw, 735px\" \/><\/a><p id=\"caption-attachment-261537\" class=\"wp-caption-text\">\u1ea2nh: @jmaa08<\/p><\/div>\n<p style=\"text-align: justify;\"><strong>5. V\u01b0\u1eddn th\u1ef1c v\u1eadt Halla \u1edf Yeon-dong<\/strong><\/p>\n<p style=\"text-align: justify;\">V\u01b0\u1eddn th\u1ef1c v\u1eadt Halla \u0111\u01b0\u1ee3c th\u00e0nh l\u1eadp \u0111\u1ec3 nghi\u00ean c\u1ee9u v\u00e0 b\u1ea3o t\u1ed3n m\u00f4i tr\u01b0\u1eddng thi\u00ean nhi\u00ean. \u1ede \u0111\u00e2y b\u1ea1n c\u00f3 th\u1ec3 \u0111i d\u1ea1o d\u01b0\u1edbi nh\u1eefng h\u00e0ng c\u00e2y, ng\u1eafm c\u00e1c lo\u00e0i hoa t\u1ef1 nhi\u00ean \u0111\u1ea7y m\u00e0u s\u1eafc v\u00e0 g\u1eb7p g\u1ee1 nhi\u1ec1u lo\u00e0i \u0111\u1ed9ng v\u1eadt kh\u00e1c nhau.<\/p>\n<div id=\"attachment_261538\" style=\"width: 710px\" class=\"wp-caption aligncenter\"><a href=\"https:\/\/cdn3.ivivu.com\/2018\/07\/9-diem-tham-quan-mien-phi-khong-the-bo-qua-khi-du-lich-dao-Jeju-ivivu-9.jpg\"><img loading=\"lazy\" decoding=\"async\" aria-describedby=\"caption-attachment-261538\" class=\"wp-image-261538 size-full\" title=\"\u1ea2nh: Korea Tourism Organization\" src=\"https:\/\/cdn3.ivivu.com\/2018\/07\/9-diem-tham-quan-mien-phi-khong-the-bo-qua-khi-du-lich-dao-Jeju-ivivu-9.jpg\" alt=\"\u1ea2nh: Korea Tourism Organization\" width=\"700\" height=\"525\" srcset=\"https:\/\/cdn3.ivivu.com\/2018\/07\/9-diem-tham-quan-mien-phi-khong-the-bo-qua-khi-du-lich-dao-Jeju-ivivu-9.jpg 700w, https:\/\/cdn3.ivivu.com\/2018\/07\/9-diem-tham-quan-mien-phi-khong-the-bo-qua-khi-du-lich-dao-Jeju-ivivu-9-407x305.jpg 407w\" sizes=\"(max-width: 700px) 100vw, 700px\" \/><\/a><p id=\"caption-attachment-261538\" class=\"wp-caption-text\">\u1ea2nh: Korea Tourism Organization<\/p><\/div>\n<div id=\"attachment_261539\" style=\"width: 750px\" class=\"wp-caption aligncenter\"><a href=\"https:\/\/cdn3.ivivu.com\/2018\/07\/9-diem-tham-quan-mien-phi-khong-the-bo-qua-khi-du-lich-dao-Jeju-ivivu-10.jpg\"><img loading=\"lazy\" decoding=\"async\" aria-describedby=\"caption-attachment-261539\" class=\"wp-image-261539 size-full\" title=\"\u1ea2nh: @land201kr\" src=\"https:\/\/cdn3.ivivu.com\/2018\/07\/9-diem-tham-quan-mien-phi-khong-the-bo-qua-khi-du-lich-dao-Jeju-ivivu-10.jpg\" alt=\"\u1ea2nh: @land201kr\" width=\"740\" height=\"493\" srcset=\"https:\/\/cdn3.ivivu.com\/2018\/07\/9-diem-tham-quan-mien-phi-khong-the-bo-qua-khi-du-lich-dao-Jeju-ivivu-10.jpg 740w, https:\/\/cdn3.ivivu.com\/2018\/07\/9-diem-tham-quan-mien-phi-khong-the-bo-qua-khi-du-lich-dao-Jeju-ivivu-10-458x305.jpg 458w\" sizes=\"(max-width: 740px) 100vw, 740px\" \/><\/a><p id=\"caption-attachment-261539\" class=\"wp-caption-text\">\u1ea2nh: @land201kr<\/p><\/div>\n<p style=\"text-align: justify;\"><strong>6. B\u00e3i ch\u0103n th\u1ea3 ng\u1ef1a \u1edf Yonggang-dong<\/strong><\/p>\n<p style=\"text-align: justify;\">Ng\u1eafm nh\u00ecn nh\u1eefng con ng\u1ef1a bi\u1ec3u t\u01b0\u1ee3ng n\u1ed5i ti\u1ebfng c\u1ee7a Jeju th\u1ea3nh th\u01a1i g\u1eb7m c\u1ecf tr\u00ean \u0111\u1ed3ng c\u1ecf xanh tr\u1ea3i d\u00e0i ng\u00fat t\u1ea7m m\u1eaft ch\u1eafc ch\u1eafn l\u00e0 m\u1ed9t tr\u1ea3i nghi\u1ec7m kh\u00f4ng th\u1ec3 n\u00e0o qu\u00ean khi du l\u1ecbch \u0111\u1ea3o Jeju. Ngo\u00e0i ra, b\u1ea1n c\u00f2n c\u00f3 th\u1ec3 th\u01b0\u1edfng th\u1ee9c th\u1ee9c u\u1ed1ng v\u00e0 kem \u0111\u01b0\u1ee3c l\u00e0m t\u1eeb s\u1eefa t\u01b0\u01a1i t\u1eeb n\u00f4ng tr\u1ea1i.<\/p>\n<div id=\"attachment_261541\" style=\"width: 750px\" class=\"wp-caption aligncenter\"><a href=\"https:\/\/cdn3.ivivu.com\/2018\/07\/9-diem-tham-quan-mien-phi-khong-the-bo-qua-khi-du-lich-dao-Jeju-ivivu-11.jpg\"><img loading=\"lazy\" decoding=\"async\" aria-describedby=\"caption-attachment-261541\" class=\"wp-image-261541 size-full\" title=\"\u1ea2nh: @jejumamnpapa\" src=\"https:\/\/cdn3.ivivu.com\/2018\/07\/9-diem-tham-quan-mien-phi-khong-the-bo-qua-khi-du-lich-dao-Jeju-ivivu-11.jpg\" alt=\"\u1ea2nh: @jejumamnpapa\" width=\"740\" height=\"493\" srcset=\"https:\/\/cdn3.ivivu.com\/2018\/07\/9-diem-tham-quan-mien-phi-khong-the-bo-qua-khi-du-lich-dao-Jeju-ivivu-11.jpg 740w, https:\/\/cdn3.ivivu.com\/2018\/07\/9-diem-tham-quan-mien-phi-khong-the-bo-qua-khi-du-lich-dao-Jeju-ivivu-11-458x305.jpg 458w\" sizes=\"(max-width: 740px) 100vw, 740px\" \/><\/a><p id=\"caption-attachment-261541\" class=\"wp-caption-text\">\u1ea2nh: @jejumamnpapa<\/p><\/div>\n<div id=\"attachment_261542\" style=\"width: 660px\" class=\"wp-caption aligncenter\"><a href=\"https:\/\/cdn3.ivivu.com\/2018\/07\/9-diem-tham-quan-mien-phi-khong-the-bo-qua-khi-du-lich-dao-Jeju-ivivu-12.jpg\"><img loading=\"lazy\" decoding=\"async\" aria-describedby=\"caption-attachment-261542\" class=\"wp-image-261542 size-full\" title=\"\u1ea2nh: @jejugil\" src=\"https:\/\/cdn3.ivivu.com\/2018\/07\/9-diem-tham-quan-mien-phi-khong-the-bo-qua-khi-du-lich-dao-Jeju-ivivu-12.jpg\" alt=\"\u1ea2nh: @jejugil\" width=\"650\" height=\"433\" srcset=\"https:\/\/cdn3.ivivu.com\/2018\/07\/9-diem-tham-quan-mien-phi-khong-the-bo-qua-khi-du-lich-dao-Jeju-ivivu-12.jpg 650w, https:\/\/cdn3.ivivu.com\/2018\/07\/9-diem-tham-quan-mien-phi-khong-the-bo-qua-khi-du-lich-dao-Jeju-ivivu-12-458x305.jpg 458w\" sizes=\"(max-width: 650px) 100vw, 650px\" \/><\/a><p id=\"caption-attachment-261542\" class=\"wp-caption-text\">\u1ea2nh: @jejugil<\/p><\/div>\n<p style=\"text-align: justify;\"><strong>7. B\u1ea3o t\u00e0ng tr\u00e0 Osulloc \u1edf Seogwipo<\/strong><\/p>\n<p style=\"text-align: justify;\">B\u1ea3o t\u00e0ng tr\u01b0ng b\u00e0y v\u00f4 s\u1ed1 c\u00e1c lo\u1ea1i tr\u00e0 v\u00e0 tr\u00e0 c\u1ee5 tr\u00ean kh\u1eafp th\u1ebf gi\u1edbi. B\u1ea1n c\u00f3 th\u1ec3 th\u01b0\u1edfng th\u1ee9c c\u00e1c lo\u1ea1i tr\u00e0 truy\u1ec1n th\u1ed1ng, \u0111\u1eb7c bi\u1ec7t l\u00e0 menu v\u1edbi nh\u1eefng m\u00f3n l\u00e0m t\u1eeb tr\u00e0 xanh Jeju \u1edf qu\u00e1n cafe trong khu\u00f4n vi\u00ean b\u1ea3o t\u00e0ng ho\u1eb7c \u0111\u1ee9ng tr\u00ean \u0111\u00e0i quan s\u00e1t ng\u1eafm \u0111\u1ed3i tr\u00e0 b\u1ea1t ng\u00e0n tr\u01b0\u1edbc m\u1eaft.<\/p>\n<div id=\"attachment_261543\" style=\"width: 910px\" class=\"wp-caption aligncenter\"><a href=\"https:\/\/cdn3.ivivu.com\/2018\/07\/9-diem-tham-quan-mien-phi-khong-the-bo-qua-khi-du-lich-dao-Jeju-ivivu-13.jpg\"><img loading=\"lazy\" decoding=\"async\" aria-describedby=\"caption-attachment-261543\" class=\"wp-image-261543 size-full\" title=\"\u1ea2nh: Hong Nya Hong\" src=\"https:\/\/cdn3.ivivu.com\/2018\/07\/9-diem-tham-quan-mien-phi-khong-the-bo-qua-khi-du-lich-dao-Jeju-ivivu-13.jpg\" alt=\"\u1ea2nh: Hong Nya Hong\" width=\"900\" height=\"604\" srcset=\"https:\/\/cdn3.ivivu.com\/2018\/07\/9-diem-tham-quan-mien-phi-khong-the-bo-qua-khi-du-lich-dao-Jeju-ivivu-13.jpg 900w, https:\/\/cdn3.ivivu.com\/2018\/07\/9-diem-tham-quan-mien-phi-khong-the-bo-qua-khi-du-lich-dao-Jeju-ivivu-13-454x305.jpg 454w, https:\/\/cdn3.ivivu.com\/2018\/07\/9-diem-tham-quan-mien-phi-khong-the-bo-qua-khi-du-lich-dao-Jeju-ivivu-13-50x35.jpg 50w\" sizes=\"(max-width: 900px) 100vw, 900px\" \/><\/a><p id=\"caption-attachment-261543\" class=\"wp-caption-text\">\u1ea2nh: Hong Nya Hong<\/p><\/div>\n<div id=\"attachment_261545\" style=\"width: 710px\" class=\"wp-caption aligncenter\"><a href=\"https:\/\/cdn3.ivivu.com\/2018\/07\/9-diem-tham-quan-mien-phi-khong-the-bo-qua-khi-du-lich-dao-Jeju-ivivu-14.jpg\"><img loading=\"lazy\" decoding=\"async\" aria-describedby=\"caption-attachment-261545\" class=\"wp-image-261545 size-full\" title=\"\u1ea2nh: Korea Tourism Organization\" src=\"https:\/\/cdn3.ivivu.com\/2018\/07\/9-diem-tham-quan-mien-phi-khong-the-bo-qua-khi-du-lich-dao-Jeju-ivivu-14.jpg\" alt=\"\u1ea2nh: Korea Tourism Organization\" width=\"700\" height=\"465\" srcset=\"https:\/\/cdn3.ivivu.com\/2018\/07\/9-diem-tham-quan-mien-phi-khong-the-bo-qua-khi-du-lich-dao-Jeju-ivivu-14.jpg 700w, https:\/\/cdn3.ivivu.com\/2018\/07\/9-diem-tham-quan-mien-phi-khong-the-bo-qua-khi-du-lich-dao-Jeju-ivivu-14-459x305.jpg 459w\" sizes=\"(max-width: 700px) 100vw, 700px\" \/><\/a><p id=\"caption-attachment-261545\" class=\"wp-caption-text\">\u1ea2nh: Korea Tourism Organization<\/p><\/div>\n<p style=\"text-align: justify;\"><strong>8. Th\u00e1c Eongtto \u1edf Seogwipo<\/strong><\/p>\n<p style=\"text-align: justify;\">Th\u00e1c Eongtto l\u00e0 th\u00e1c n\u01b0\u1edbc h\u00f9ng v\u0129 cao h\u01a1n 50m, \u1ea9n trong khu r\u1eebng \u00e1 nhi\u1ec7t \u0111\u1edbi, c\u00f2n nguy\u00ean v\u1ebb hoang s\u01a1. \u0110\u1eb7c bi\u1ec7t con \u0111\u01b0\u1eddng g\u1ed7 \u1ea9n hi\u1ec7n trong r\u1eebng d\u1eabn v\u00e0o th\u00e1c v\u1eeba b\u00ed \u1ea9n l\u1ea1i v\u00f4 c\u00f9ng n\u00ean th\u01a1.<\/p>\n<div id=\"attachment_261546\" style=\"width: 750px\" class=\"wp-caption aligncenter\"><a href=\"https:\/\/cdn3.ivivu.com\/2018\/07\/9-diem-tham-quan-mien-phi-khong-the-bo-qua-khi-du-lich-dao-Jeju-ivivu-15.jpg\"><img loading=\"lazy\" decoding=\"async\" aria-describedby=\"caption-attachment-261546\" class=\"wp-image-261546 size-full\" title=\"\u1ea2nh: @healinggarden\" src=\"https:\/\/cdn3.ivivu.com\/2018\/07\/9-diem-tham-quan-mien-phi-khong-the-bo-qua-khi-du-lich-dao-Jeju-ivivu-15.jpg\" alt=\"\u1ea2nh: @healinggarden\" width=\"740\" height=\"492\" srcset=\"https:\/\/cdn3.ivivu.com\/2018\/07\/9-diem-tham-quan-mien-phi-khong-the-bo-qua-khi-du-lich-dao-Jeju-ivivu-15.jpg 740w, https:\/\/cdn3.ivivu.com\/2018\/07\/9-diem-tham-quan-mien-phi-khong-the-bo-qua-khi-du-lich-dao-Jeju-ivivu-15-459x305.jpg 459w\" sizes=\"(max-width: 740px) 100vw, 740px\" \/><\/a><p id=\"caption-attachment-261546\" class=\"wp-caption-text\">\u1ea2nh: @healinggarden<\/p><\/div>\n<div id=\"attachment_261547\" style=\"width: 750px\" class=\"wp-caption aligncenter\"><a href=\"https:\/\/cdn3.ivivu.com\/2018\/07\/9-diem-tham-quan-mien-phi-khong-the-bo-qua-khi-du-lich-dao-Jeju-ivivu-16.jpg\"><img loading=\"lazy\" decoding=\"async\" aria-describedby=\"caption-attachment-261547\" class=\"wp-image-261547 size-full\" title=\"\u1ea2nh: @p3rk3\" src=\"https:\/\/cdn3.ivivu.com\/2018\/07\/9-diem-tham-quan-mien-phi-khong-the-bo-qua-khi-du-lich-dao-Jeju-ivivu-16.jpg\" alt=\"\u1ea2nh: @p3rk3\" width=\"740\" height=\"492\" srcset=\"https:\/\/cdn3.ivivu.com\/2018\/07\/9-diem-tham-quan-mien-phi-khong-the-bo-qua-khi-du-lich-dao-Jeju-ivivu-16.jpg 740w, https:\/\/cdn3.ivivu.com\/2018\/07\/9-diem-tham-quan-mien-phi-khong-the-bo-qua-khi-du-lich-dao-Jeju-ivivu-16-459x305.jpg 459w\" sizes=\"(max-width: 740px) 100vw, 740px\" \/><\/a><p id=\"caption-attachment-261547\" class=\"wp-caption-text\">\u1ea2nh: @p3rk3<\/p><\/div>\n<p style=\"text-align: justify;\"><strong>9. C\u00f4ng vi\u00ean h\u1ea3i \u0111\u0103ng \u0111\u1ea3o Udo \u1edf Udo-myeon<\/strong><\/p>\n<p style=\"text-align: justify;\">\u0110\u1ea3o Udo ch\u1ec9 n\u1eb1m\u00a0c\u00e1ch Jeju ch\u01b0a \u0111\u1ea7y 15 ph\u00fat \u0111i ph\u00e0, n\u1eb1m trong danh s\u00e1ch nh\u1eefng \u0111\u1ecba \u0111i\u1ec3m ph\u1ea3i \u0111\u1ebfn khi du l\u1ecbch \u0111\u1ea3o Jeju. C\u00f4ng vi\u00ean h\u1ea3i \u0111\u0103ng \u0111\u1ea3o Udo n\u1eb1m tr\u00ean \u0111\u1ec9nh n\u00fai n\u00ean \u0111\u1ee9ng \u1edf \u0111\u00e2y trong l\u00e0n gi\u00f3 trong l\u00e0nh, m\u00e1t m\u1ebb b\u1ea1n c\u00f3 th\u1ec3 thu h\u1ebft bi\u1ec3n xanh v\u00e0 c\u1ea3nh v\u1eadt \u0111\u1ea3o Udo v\u00e0o t\u1ea7m m\u1eaft.<\/p>\n<div id=\"attachment_261548\" style=\"width: 770px\" class=\"wp-caption aligncenter\"><a href=\"https:\/\/cdn3.ivivu.com\/2018\/07\/9-diem-tham-quan-mien-phi-khong-the-bo-qua-khi-du-lich-dao-Jeju-ivivu-17.jpg\"><img loading=\"lazy\" decoding=\"async\" aria-describedby=\"caption-attachment-261548\" class=\"wp-image-261548 size-full\" title=\"\u1ea2nh: @plusjena\" src=\"https:\/\/cdn3.ivivu.com\/2018\/07\/9-diem-tham-quan-mien-phi-khong-the-bo-qua-khi-du-lich-dao-Jeju-ivivu-17.jpg\" alt=\"\u1ea2nh: @plusjena\" width=\"760\" height=\"380\" srcset=\"https:\/\/cdn3.ivivu.com\/2018\/07\/9-diem-tham-quan-mien-phi-khong-the-bo-qua-khi-du-lich-dao-Jeju-ivivu-17.jpg 760w, https:\/\/cdn3.ivivu.com\/2018\/07\/9-diem-tham-quan-mien-phi-khong-the-bo-qua-khi-du-lich-dao-Jeju-ivivu-17-540x270.jpg 540w\" sizes=\"(max-width: 760px) 100vw, 760px\" \/><\/a><p id=\"caption-attachment-261548\" class=\"wp-caption-text\">\u1ea2nh: @plusjena<\/p><\/div>\n<div id=\"attachment_261550\" style=\"width: 750px\" class=\"wp-caption aligncenter\"><a href=\"https:\/\/cdn3.ivivu.com\/2018\/07\/9-diem-tham-quan-mien-phi-khong-the-bo-qua-khi-du-lich-dao-Jeju-ivivu-18.jpg\"><img loading=\"lazy\" decoding=\"async\" aria-describedby=\"caption-attachment-261550\" class=\"wp-image-261550 size-full\" title=\"\u1ea2nh: FindJeju\" src=\"https:\/\/cdn3.ivivu.com\/2018\/07\/9-diem-tham-quan-mien-phi-khong-the-bo-qua-khi-du-lich-dao-Jeju-ivivu-18.jpg\" alt=\"\u1ea2nh: FindJeju\" width=\"740\" height=\"493\" srcset=\"https:\/\/cdn3.ivivu.com\/2018\/07\/9-diem-tham-quan-mien-phi-khong-the-bo-qua-khi-du-lich-dao-Jeju-ivivu-18.jpg 740w, https:\/\/cdn3.ivivu.com\/2018\/07\/9-diem-tham-quan-mien-phi-khong-the-bo-qua-khi-du-lich-dao-Jeju-ivivu-18-458x305.jpg 458w\" sizes=\"(max-width: 740px) 100vw, 740px\" \/><\/a><p id=\"caption-attachment-261550\" class=\"wp-caption-text\">\u1ea2nh: Findjeju<\/p><\/div>\n<h4 style=\"text-align: justify;\"><strong>B\u1ea2N \u0110\u1ed2 9 \u0110\u1ecaA \u0110I\u1ec2M DU L\u1ecaCH MI\u1ec4N PH\u00cd KH\u00d4NG TH\u1ec2 B\u1ece QUA KHI DU L\u1ecaCH \u0110\u1ea2O JEJU<\/strong><\/h4>\n<p><iframe loading=\"lazy\" src=\"\/\/www.google.com\/maps\/d\/embed?mid=1iXWGz4duNok7-kfIWot_I8HTrpS0ZEnJ\" width=\"640\" height=\"480\"><\/iframe><br \/>\n<div class=\"ltt-contentbox white\"><\/span><\/p>\n<h4 style=\"text-align: justify;\">ivivu.com g\u1ee3i \u00fd m\u1ed9t s\u1ed1 kh\u00e1ch s\u1ea1n Jeju gi\u00e1 t\u1ed1t<\/h4>\n<p style=\"text-align: justify;\"><strong>1. <a href=\"https:\/\/www.ivivu.com\/khach-san-jeju\/whistle-lark-hotel?utm_source=blog_ivivu&amp;utm_medium=post_link&amp;utm_campaign=internal\" target=\"_blank\">Whistle Lark Hotel<\/a><\/strong><\/p>\n<p style=\"text-align: justify;\"><strong>2. <a href=\"https:\/\/www.ivivu.com\/khach-san-jeju\/hotel-nanta-jeju?utm_source=blog_ivivu&amp;utm_medium=post_link&amp;utm_campaign=internal\" target=\"_blank\">Hotel Nanta Jeju<\/a><\/strong><\/p>\n<p style=\"text-align: justify;\"><strong>3. <a href=\"https:\/\/www.ivivu.com\/khach-san-jeju\/hotel-shalom?utm_source=blog_ivivu&amp;utm_medium=post_link&amp;utm_campaign=internal\" target=\"_blank\">Hotel Shalom<\/a><\/strong><\/p>\n<p><\/div><\/p>\n<div class=\"ltt-contentbox white\"><\/span><\/p>\n<h4>ivivu.com g\u1ee3i \u00fd m\u1ed9t s\u1ed1 tour du l\u1ecbch Jeju gi\u00e1 t\u1ed1t<\/h4>\n<p style=\"text-align: justify;\"><strong>1. <a href=\"https:\/\/www.ivivu.com\/du-lich\/tour-han-quoc-5n5d-seoul-jeju-nami-everland\/646?utm_source=blog_ivivu&amp;utm_medium=post_link&amp;utm_campaign=internal\" target=\"_blank\">Tour H\u00e0n Qu\u1ed1c 5N5D: Seoul \u2013 Jeju \u2013 Nami \u2013 Everland<\/a><\/strong><\/p>\n<p style=\"text-align: justify;\"><strong>2. <a href=\"https:\/\/www.ivivu.com\/du-lich\/tour-han-quoc-5n5d-seoul-jeju-nami-everland-nanta-show\/703?utm_source=blog_ivivu&amp;utm_medium=post_link&amp;utm_campaign=internal\" target=\"_blank\">Tour H\u00e0n Qu\u1ed1c 5N5D: Seoul &#8211; Jeju &#8211; Nami &#8211; Everland &#8211; Nanta show<\/a><\/strong><\/p>\n<p style=\"text-align: justify;\"><strong>3. <a href=\"https:\/\/www.ivivu.com\/du-lich\/tour-han-quoc-5n4d-seoul-dao-nami-everland\/643?utm_source=blog_ivivu&amp;utm_medium=post_link&amp;utm_campaign=internal\" target=\"_blank\">Tour H\u00e0n Qu\u1ed1c 5N4D: Seoul &#8211; \u0110\u1ea3o Nami &#8211; Everland<\/a><\/strong><\/p>\n<p><\/div>\n<p style=\"text-align: right;\"><strong>Hang Ngo\/ Theo Dingo Travel<\/strong><\/p>\n<div class=\"ltt-contentbox white\"><\/span><\/p>\n<p style=\"text-align: left;\"><strong>Xem th\u00eam c\u00e1c b\u00e0i vi\u1ebft<\/strong><\/p>\n<p style=\"text-align: left;\"><strong><a href=\"https:\/\/www.ivivu.com\/blog\/2017\/12\/jeju-thien-duong-bien-dao-cua-xu-so-kim-chi\/\" target=\"_blank\">Jeju \u2013 thi\u00ean \u0111\u01b0\u1eddng bi\u1ec3n \u0111\u1ea3o c\u1ee7a x\u1ee9 s\u1edf kim chi<\/a><\/strong><\/p>\n<p style=\"text-align: left;\"><strong><a href=\"https:\/\/www.ivivu.com\/blog\/2016\/05\/lich-trinh-vi-vu-seoul-jeju-8-ngay-vui-tha-ga-voi-14-900-000-dong\/\" target=\"_blank\">L\u1ecbch tr\u00ecnh vi vu Seoul, Jeju 8 ng\u00e0y \u201cvui th\u1ea3 ga\u201d v\u1edbi 14.900.000 \u0111\u1ed3ng<\/a><\/strong><\/p>\n<p style=\"text-align: left;\"><strong><a href=\"https:\/\/www.ivivu.com\/blog\/2015\/12\/10-dieu-tuyet-voi-cua-dao-jeju-don-tim-du-khach\/\" target=\"_blank\">10 \u0111i\u1ec1u tuy\u1ec7t v\u1eddi c\u1ee7a \u0111\u1ea3o Jeju \u2018\u0111\u1ed1n tim\u2019 du kh\u00e1ch<\/a><\/strong><\/p>\n<p><\/div>\n<h3><div class=\"ltt-contentbox white\"><\/span>G\u1ecdi ngay 1900 1870 (Mi\u1ec1n Nam), 1900 2045 (Mi\u1ec1n B\u1eafc) ho\u1eb7c (029) 27308668 (C\u1ea7n Th\u01a1) \u0111\u1ec3 \u0111\u01b0\u1ee3c t\u01b0 v\u1ea5n <a href=\"https:\/\/www.ivivu.com\/khach-san-jeju?utm_source=blog_ivivu&amp;utm_medium=post_link&amp;utm_campaign=internal\" target=\"_blank\">kh\u00e1ch s\u1ea1n Jeju<\/a> gi\u00e1 \u01b0u \u0111\u00e3i c\u1ef1c t\u1ed1t t\u1ea1i iVIVU.com<\/div><\/h3>\n<p>***<\/p>\n<p><strong>Tham kh\u1ea3o:\u00a0<a href=\"https:\/\/www.ivivu.com\/blog\" target=\"_blank\">C\u1ea9m nang du l\u1ecbch iVIVU.com<\/a><\/strong><\/p>\n","protected":false},"excerpt":{"rendered":"<p>\u0110\u1ea3o Jeju \u0111\u01b0\u1ee3c m\u1ec7nh danh l\u00e0 \u201ch\u00f2n \u0111\u1ea3o thi\u00ean \u0111\u01b0\u1eddng\u201d c\u1ee7a H\u00e0n Qu\u1ed1c v\u1edbi kh\u00ed h\u1eadu quanh n\u0103m m\u00e1t m\u1ebb v\u00e0 c\u1ea3nh quan thi\u00ean nhi\u00ean t\u01b0\u01a1i \u0111\u1eb9p. \u0110\u1eb7c bi\u1ec7t v\u1edbi ch\u00ednh s\u00e1ch mi\u1ec5n visa cho du kh\u00e1ch Vi\u1ec7t, du l\u1ecbch&#8230;<\/p>\n","protected":false},"author":55,"featured_media":261541,"comment_status":"closed","ping_status":"open","sticky":false,"template":"","format":"standard","meta":{"_acf_changed":false,"footnotes":""},"categories":[246,360,231,795,14742],"tags":[32954,3697,32947,353,1147,32948,32957,32958,32951,32949,32952],"acf":[],"yoast_head":"<!-- This site is optimized with the Yoast SEO Premium plugin v22.6 (Yoast SEO v22.6) - https:\/\/yoast.com\/wordpress\/plugins\/seo\/ -->\n<title>9 \u0111i\u1ec3m tham quan mi\u1ec5n ph\u00ed kh\u00f4ng th\u1ec3 b\u1ecf qua khi du l\u1ecbch \u0111\u1ea3o Jeju - iVIVU.com<\/title>\n<meta name=\"description\" content=\"\u0110\u1eb7c bi\u1ec7t v\u1edbi ch\u00ednh s\u00e1ch mi\u1ec5n visa cho du kh\u00e1ch Vi\u1ec7t, du l\u1ecbch \u0111\u1ea3o Jeju gi\u1edd \u0111\u00e2y tr\u1edf n\u00ean d\u1ec5 d\u00e0ng h\u01a1n bao gi\u1edd h\u1ebft.\" \/>\n<meta name=\"robots\" content=\"index, follow, max-snippet:-1, max-image-preview:large, max-video-preview:-1\" \/>\n<link rel=\"canonical\" href=\"https:\/\/www.ivivu.com\/blog\/2018\/07\/9-diem-tham-quan-mien-phi-khong-the-bo-qua-khi-du-lich-dao-jeju\/\" \/>\n<meta name=\"twitter:label1\" content=\"\u0110\u01b0\u1ee3c vi\u1ebft b\u1edfi\" \/>\n\t<meta name=\"twitter:data1\" content=\"Hang Ngo\" \/>\n\t<meta name=\"twitter:label2\" content=\"\u01af\u1edbc t\u00ednh th\u1eddi gian \u0111\u1ecdc\" \/>\n\t<meta name=\"twitter:data2\" content=\"7 ph\u00fat\" \/>\n<script type=\"application\/ld+json\" class=\"yoast-schema-graph\">{\"@context\":\"https:\/\/schema.org\",\"@graph\":[{\"@type\":\"Article\",\"@id\":\"https:\/\/www.ivivu.com\/blog\/2018\/07\/9-diem-tham-quan-mien-phi-khong-the-bo-qua-khi-du-lich-dao-jeju\/#article\",\"isPartOf\":{\"@id\":\"https:\/\/www.ivivu.com\/blog\/2018\/07\/9-diem-tham-quan-mien-phi-khong-the-bo-qua-khi-du-lich-dao-jeju\/\"},\"author\":{\"name\":\"Hang Ngo\",\"@id\":\"https:\/\/www.ivivu.com\/blog\/#\/schema\/person\/d0c72d36b3c66271bf6280011a80a397\"},\"headline\":\"9 \u0111i\u1ec3m tham quan mi\u1ec5n ph\u00ed kh\u00f4ng th\u1ec3 b\u1ecf qua khi du l\u1ecbch \u0111\u1ea3o Jeju\",\"datePublished\":\"2018-07-06T23:00:46+00:00\",\"dateModified\":\"2018-07-06T03:57:14+00:00\",\"mainEntityOfPage\":{\"@id\":\"https:\/\/www.ivivu.com\/blog\/2018\/07\/9-diem-tham-quan-mien-phi-khong-the-bo-qua-khi-du-lich-dao-jeju\/\"},\"wordCount\":1407,\"publisher\":{\"@id\":\"https:\/\/www.ivivu.com\/blog\/#organization\"},\"image\":{\"@id\":\"https:\/\/www.ivivu.com\/blog\/2018\/07\/9-diem-tham-quan-mien-phi-khong-the-bo-qua-khi-du-lich-dao-jeju\/#primaryimage\"},\"thumbnailUrl\":\"https:\/\/cdn3.ivivu.com\/2018\/07\/9-diem-tham-quan-mien-phi-khong-the-bo-qua-khi-du-lich-dao-Jeju-ivivu-11.jpg\",\"keywords\":[\"b\u1ea3o t\u00e0ng tr\u00e0 Osulloc\",\"du l\u1ecbch \u0111\u1ea3o jeju\",\"du l\u1ecbch \u0111\u1ea3o Jeju H\u00e0n Qu\u1ed1c\",\"Du l\u1ecbch H\u00e0n Qu\u1ed1c\",\"\u0111\u1ea3o Jeju\",\"\u0111\u1ea3o Udo\",\"kh\u00e1ch s\u1ea1n \u0111\u1ea3o Jeju\",\"kinh nghi\u1ec7m du l\u1ecbch \u0111\u1ea3o Jeju t\u1ef1 t\u00fac\",\"nh\u00e0 th\u1edd Bangju\",\"n\u00f4ng tr\u1ea1i St Isidore\",\"v\u01b0\u1eddn th\u1ef1c v\u1eadt Halla\"],\"articleSection\":[\"Ch\u00e2u \u00c1\",\"Du l\u1ecbch H\u00e0n Qu\u1ed1c\",\"DU L\u1ecaCH TH\u1ebe GI\u1edaI\",\"\u0110i\u1ec3m \u0111\u1ebfn\",\"N\u1ed5i B\u1eadt 2\"],\"inLanguage\":\"vi\"},{\"@type\":\"WebPage\",\"@id\":\"https:\/\/www.ivivu.com\/blog\/2018\/07\/9-diem-tham-quan-mien-phi-khong-the-bo-qua-khi-du-lich-dao-jeju\/\",\"url\":\"https:\/\/www.ivivu.com\/blog\/2018\/07\/9-diem-tham-quan-mien-phi-khong-the-bo-qua-khi-du-lich-dao-jeju\/\",\"name\":\"9 \u0111i\u1ec3m tham quan mi\u1ec5n ph\u00ed kh\u00f4ng th\u1ec3 b\u1ecf qua khi du l\u1ecbch \u0111\u1ea3o Jeju - iVIVU.com\",\"isPartOf\":{\"@id\":\"https:\/\/www.ivivu.com\/blog\/#website\"},\"primaryImageOfPage\":{\"@id\":\"https:\/\/www.ivivu.com\/blog\/2018\/07\/9-diem-tham-quan-mien-phi-khong-the-bo-qua-khi-du-lich-dao-jeju\/#primaryimage\"},\"image\":{\"@id\":\"https:\/\/www.ivivu.com\/blog\/2018\/07\/9-diem-tham-quan-mien-phi-khong-the-bo-qua-khi-du-lich-dao-jeju\/#primaryimage\"},\"thumbnailUrl\":\"https:\/\/cdn3.ivivu.com\/2018\/07\/9-diem-tham-quan-mien-phi-khong-the-bo-qua-khi-du-lich-dao-Jeju-ivivu-11.jpg\",\"datePublished\":\"2018-07-06T23:00:46+00:00\",\"dateModified\":\"2018-07-06T03:57:14+00:00\",\"description\":\"\u0110\u1eb7c bi\u1ec7t v\u1edbi ch\u00ednh s\u00e1ch mi\u1ec5n visa cho du kh\u00e1ch Vi\u1ec7t, du l\u1ecbch \u0111\u1ea3o Jeju gi\u1edd \u0111\u00e2y tr\u1edf n\u00ean d\u1ec5 d\u00e0ng h\u01a1n bao gi\u1edd h\u1ebft.\",\"breadcrumb\":{\"@id\":\"https:\/\/www.ivivu.com\/blog\/2018\/07\/9-diem-tham-quan-mien-phi-khong-the-bo-qua-khi-du-lich-dao-jeju\/#breadcrumb\"},\"inLanguage\":\"vi\",\"potentialAction\":[{\"@type\":\"ReadAction\",\"target\":[\"https:\/\/www.ivivu.com\/blog\/2018\/07\/9-diem-tham-quan-mien-phi-khong-the-bo-qua-khi-du-lich-dao-jeju\/\"]}]},{\"@type\":\"ImageObject\",\"inLanguage\":\"vi\",\"@id\":\"https:\/\/www.ivivu.com\/blog\/2018\/07\/9-diem-tham-quan-mien-phi-khong-the-bo-qua-khi-du-lich-dao-jeju\/#primaryimage\",\"url\":\"https:\/\/cdn3.ivivu.com\/2018\/07\/9-diem-tham-quan-mien-phi-khong-the-bo-qua-khi-du-lich-dao-Jeju-ivivu-11.jpg\",\"contentUrl\":\"https:\/\/cdn3.ivivu.com\/2018\/07\/9-diem-tham-quan-mien-phi-khong-the-bo-qua-khi-du-lich-dao-Jeju-ivivu-11.jpg\",\"width\":740,\"height\":493},{\"@type\":\"BreadcrumbList\",\"@id\":\"https:\/\/www.ivivu.com\/blog\/2018\/07\/9-diem-tham-quan-mien-phi-khong-the-bo-qua-khi-du-lich-dao-jeju\/#breadcrumb\",\"itemListElement\":[{\"@type\":\"ListItem\",\"position\":1,\"name\":\"Home\",\"item\":\"https:\/\/www.ivivu.com\/blog\/\"},{\"@type\":\"ListItem\",\"position\":2,\"name\":\"9 \u0111i\u1ec3m tham quan mi\u1ec5n ph\u00ed kh\u00f4ng th\u1ec3 b\u1ecf qua khi du l\u1ecbch \u0111\u1ea3o Jeju\"}]},{\"@type\":\"WebSite\",\"@id\":\"https:\/\/www.ivivu.com\/blog\/#website\",\"url\":\"https:\/\/www.ivivu.com\/blog\/\",\"name\":\"C\u1ea9m nang du l\u1ecbch\",\"description\":\"\",\"publisher\":{\"@id\":\"https:\/\/www.ivivu.com\/blog\/#organization\"},\"potentialAction\":[{\"@type\":\"SearchAction\",\"target\":{\"@type\":\"EntryPoint\",\"urlTemplate\":\"https:\/\/www.ivivu.com\/blog\/?s={search_term_string}\"},\"query-input\":\"required name=search_term_string\"}],\"inLanguage\":\"vi\"},{\"@type\":\"Organization\",\"@id\":\"https:\/\/www.ivivu.com\/blog\/#organization\",\"name\":\"iVIVU.com\",\"url\":\"https:\/\/www.ivivu.com\/blog\/\",\"logo\":{\"@type\":\"ImageObject\",\"inLanguage\":\"vi\",\"@id\":\"https:\/\/www.ivivu.com\/blog\/#\/schema\/logo\/image\/\",\"url\":\"https:\/\/cdn3.ivivu.com\/2024\/01\/ivivu_no_slogan.png\",\"contentUrl\":\"https:\/\/cdn3.ivivu.com\/2024\/01\/ivivu_no_slogan.png\",\"width\":788,\"height\":565,\"caption\":\"iVIVU.com\"},\"image\":{\"@id\":\"https:\/\/www.ivivu.com\/blog\/#\/schema\/logo\/image\/\"},\"sameAs\":[\"https:\/\/www.facebook.com\/iVIVU\"]},{\"@type\":\"Person\",\"@id\":\"https:\/\/www.ivivu.com\/blog\/#\/schema\/person\/d0c72d36b3c66271bf6280011a80a397\",\"name\":\"Hang Ngo\",\"sameAs\":[\"http:\/\/www.ivivu.com\"],\"url\":\"https:\/\/www.ivivu.com\/blog\/author\/hang-ngo\/\"}]}<\/script>\n<!-- \/ Yoast SEO Premium plugin. -->","yoast_head_json":{"title":"9 \u0111i\u1ec3m tham quan mi\u1ec5n ph\u00ed kh\u00f4ng th\u1ec3 b\u1ecf qua khi du l\u1ecbch \u0111\u1ea3o Jeju - iVIVU.com","description":"\u0110\u1eb7c bi\u1ec7t v\u1edbi ch\u00ednh s\u00e1ch mi\u1ec5n visa cho du kh\u00e1ch Vi\u1ec7t, du l\u1ecbch \u0111\u1ea3o Jeju gi\u1edd \u0111\u00e2y tr\u1edf n\u00ean d\u1ec5 d\u00e0ng h\u01a1n bao gi\u1edd h\u1ebft.","robots":{"index":"index","follow":"follow","max-snippet":"max-snippet:-1","max-image-preview":"max-image-preview:large","max-video-preview":"max-video-preview:-1"},"canonical":"https:\/\/www.ivivu.com\/blog\/2018\/07\/9-diem-tham-quan-mien-phi-khong-the-bo-qua-khi-du-lich-dao-jeju\/","twitter_misc":{"\u0110\u01b0\u1ee3c vi\u1ebft b\u1edfi":"Hang Ngo","\u01af\u1edbc t\u00ednh th\u1eddi gian \u0111\u1ecdc":"7 ph\u00fat"},"schema":{"@context":"https:\/\/schema.org","@graph":[{"@type":"Article","@id":"https:\/\/www.ivivu.com\/blog\/2018\/07\/9-diem-tham-quan-mien-phi-khong-the-bo-qua-khi-du-lich-dao-jeju\/#article","isPartOf":{"@id":"https:\/\/www.ivivu.com\/blog\/2018\/07\/9-diem-tham-quan-mien-phi-khong-the-bo-qua-khi-du-lich-dao-jeju\/"},"author":{"name":"Hang Ngo","@id":"https:\/\/www.ivivu.com\/blog\/#\/schema\/person\/d0c72d36b3c66271bf6280011a80a397"},"headline":"9 \u0111i\u1ec3m tham quan mi\u1ec5n ph\u00ed kh\u00f4ng th\u1ec3 b\u1ecf qua khi du l\u1ecbch \u0111\u1ea3o Jeju","datePublished":"2018-07-06T23:00:46+00:00","dateModified":"2018-07-06T03:57:14+00:00","mainEntityOfPage":{"@id":"https:\/\/www.ivivu.com\/blog\/2018\/07\/9-diem-tham-quan-mien-phi-khong-the-bo-qua-khi-du-lich-dao-jeju\/"},"wordCount":1407,"publisher":{"@id":"https:\/\/www.ivivu.com\/blog\/#organization"},"image":{"@id":"https:\/\/www.ivivu.com\/blog\/2018\/07\/9-diem-tham-quan-mien-phi-khong-the-bo-qua-khi-du-lich-dao-jeju\/#primaryimage"},"thumbnailUrl":"https:\/\/cdn3.ivivu.com\/2018\/07\/9-diem-tham-quan-mien-phi-khong-the-bo-qua-khi-du-lich-dao-Jeju-ivivu-11.jpg","keywords":["b\u1ea3o t\u00e0ng tr\u00e0 Osulloc","du l\u1ecbch \u0111\u1ea3o jeju","du l\u1ecbch \u0111\u1ea3o Jeju H\u00e0n Qu\u1ed1c","Du l\u1ecbch H\u00e0n Qu\u1ed1c","\u0111\u1ea3o Jeju","\u0111\u1ea3o Udo","kh\u00e1ch s\u1ea1n \u0111\u1ea3o Jeju","kinh nghi\u1ec7m du l\u1ecbch \u0111\u1ea3o Jeju t\u1ef1 t\u00fac","nh\u00e0 th\u1edd Bangju","n\u00f4ng tr\u1ea1i St Isidore","v\u01b0\u1eddn th\u1ef1c v\u1eadt Halla"],"articleSection":["Ch\u00e2u \u00c1","Du l\u1ecbch H\u00e0n Qu\u1ed1c","DU L\u1ecaCH TH\u1ebe GI\u1edaI","\u0110i\u1ec3m \u0111\u1ebfn","N\u1ed5i B\u1eadt 2"],"inLanguage":"vi"},{"@type":"WebPage","@id":"https:\/\/www.ivivu.com\/blog\/2018\/07\/9-diem-tham-quan-mien-phi-khong-the-bo-qua-khi-du-lich-dao-jeju\/","url":"https:\/\/www.ivivu.com\/blog\/2018\/07\/9-diem-tham-quan-mien-phi-khong-the-bo-qua-khi-du-lich-dao-jeju\/","name":"9 \u0111i\u1ec3m tham quan mi\u1ec5n ph\u00ed kh\u00f4ng th\u1ec3 b\u1ecf qua khi du l\u1ecbch \u0111\u1ea3o Jeju - iVIVU.com","isPartOf":{"@id":"https:\/\/www.ivivu.com\/blog\/#website"},"primaryImageOfPage":{"@id":"https:\/\/www.ivivu.com\/blog\/2018\/07\/9-diem-tham-quan-mien-phi-khong-the-bo-qua-khi-du-lich-dao-jeju\/#primaryimage"},"image":{"@id":"https:\/\/www.ivivu.com\/blog\/2018\/07\/9-diem-tham-quan-mien-phi-khong-the-bo-qua-khi-du-lich-dao-jeju\/#primaryimage"},"thumbnailUrl":"https:\/\/cdn3.ivivu.com\/2018\/07\/9-diem-tham-quan-mien-phi-khong-the-bo-qua-khi-du-lich-dao-Jeju-ivivu-11.jpg","datePublished":"2018-07-06T23:00:46+00:00","dateModified":"2018-07-06T03:57:14+00:00","description":"\u0110\u1eb7c bi\u1ec7t v\u1edbi ch\u00ednh s\u00e1ch mi\u1ec5n visa cho du kh\u00e1ch Vi\u1ec7t, du l\u1ecbch \u0111\u1ea3o Jeju gi\u1edd \u0111\u00e2y tr\u1edf n\u00ean d\u1ec5 d\u00e0ng h\u01a1n bao gi\u1edd h\u1ebft.","breadcrumb":{"@id":"https:\/\/www.ivivu.com\/blog\/2018\/07\/9-diem-tham-quan-mien-phi-khong-the-bo-qua-khi-du-lich-dao-jeju\/#breadcrumb"},"inLanguage":"vi","potentialAction":[{"@type":"ReadAction","target":["https:\/\/www.ivivu.com\/blog\/2018\/07\/9-diem-tham-quan-mien-phi-khong-the-bo-qua-khi-du-lich-dao-jeju\/"]}]},{"@type":"ImageObject","inLanguage":"vi","@id":"https:\/\/www.ivivu.com\/blog\/2018\/07\/9-diem-tham-quan-mien-phi-khong-the-bo-qua-khi-du-lich-dao-jeju\/#primaryimage","url":"https:\/\/cdn3.ivivu.com\/2018\/07\/9-diem-tham-quan-mien-phi-khong-the-bo-qua-khi-du-lich-dao-Jeju-ivivu-11.jpg","contentUrl":"https:\/\/cdn3.ivivu.com\/2018\/07\/9-diem-tham-quan-mien-phi-khong-the-bo-qua-khi-du-lich-dao-Jeju-ivivu-11.jpg","width":740,"height":493},{"@type":"BreadcrumbList","@id":"https:\/\/www.ivivu.com\/blog\/2018\/07\/9-diem-tham-quan-mien-phi-khong-the-bo-qua-khi-du-lich-dao-jeju\/#breadcrumb","itemListElement":[{"@type":"ListItem","position":1,"name":"Home","item":"https:\/\/www.ivivu.com\/blog\/"},{"@type":"ListItem","position":2,"name":"9 \u0111i\u1ec3m tham quan mi\u1ec5n ph\u00ed kh\u00f4ng th\u1ec3 b\u1ecf qua khi du l\u1ecbch \u0111\u1ea3o Jeju"}]},{"@type":"WebSite","@id":"https:\/\/www.ivivu.com\/blog\/#website","url":"https:\/\/www.ivivu.com\/blog\/","name":"C\u1ea9m nang du l\u1ecbch","description":"","publisher":{"@id":"https:\/\/www.ivivu.com\/blog\/#organization"},"potentialAction":[{"@type":"SearchAction","target":{"@type":"EntryPoint","urlTemplate":"https:\/\/www.ivivu.com\/blog\/?s={search_term_string}"},"query-input":"required name=search_term_string"}],"inLanguage":"vi"},{"@type":"Organization","@id":"https:\/\/www.ivivu.com\/blog\/#organization","name":"iVIVU.com","url":"https:\/\/www.ivivu.com\/blog\/","logo":{"@type":"ImageObject","inLanguage":"vi","@id":"https:\/\/www.ivivu.com\/blog\/#\/schema\/logo\/image\/","url":"https:\/\/cdn3.ivivu.com\/2024\/01\/ivivu_no_slogan.png","contentUrl":"https:\/\/cdn3.ivivu.com\/2024\/01\/ivivu_no_slogan.png","width":788,"height":565,"caption":"iVIVU.com"},"image":{"@id":"https:\/\/www.ivivu.com\/blog\/#\/schema\/logo\/image\/"},"sameAs":["https:\/\/www.facebook.com\/iVIVU"]},{"@type":"Person","@id":"https:\/\/www.ivivu.com\/blog\/#\/schema\/person\/d0c72d36b3c66271bf6280011a80a397","name":"Hang Ngo","sameAs":["http:\/\/www.ivivu.com"],"url":"https:\/\/www.ivivu.com\/blog\/author\/hang-ngo\/"}]}},"_links":{"self":[{"href":"https:\/\/www.ivivu.com\/blog\/wp-json\/wp\/v2\/posts\/261524"}],"collection":[{"href":"https:\/\/www.ivivu.com\/blog\/wp-json\/wp\/v2\/posts"}],"about":[{"href":"https:\/\/www.ivivu.com\/blog\/wp-json\/wp\/v2\/types\/post"}],"author":[{"embeddable":true,"href":"https:\/\/www.ivivu.com\/blog\/wp-json\/wp\/v2\/users\/55"}],"replies":[{"embeddable":true,"href":"https:\/\/www.ivivu.com\/blog\/wp-json\/wp\/v2\/comments?post=261524"}],"version-history":[{"count":17,"href":"https:\/\/www.ivivu.com\/blog\/wp-json\/wp\/v2\/posts\/261524\/revisions"}],"predecessor-version":[{"id":261615,"href":"https:\/\/www.ivivu.com\/blog\/wp-json\/wp\/v2\/posts\/261524\/revisions\/261615"}],"wp:featuredmedia":[{"embeddable":true,"href":"https:\/\/www.ivivu.com\/blog\/wp-json\/wp\/v2\/media\/261541"}],"wp:attachment":[{"href":"https:\/\/www.ivivu.com\/blog\/wp-json\/wp\/v2\/media?parent=261524"}],"wp:term":[{"taxonomy":"category","embeddable":true,"href":"https:\/\/www.ivivu.com\/blog\/wp-json\/wp\/v2\/categories?post=261524"},{"taxonomy":"post_tag","embeddable":true,"href":"https:\/\/www.ivivu.com\/blog\/wp-json\/wp\/v2\/tags?post=261524"}],"curies":[{"name":"wp","href":"https:\/\/api.w.org\/{rel}","templated":true}]}}