{"id":266235,"date":"2018-08-24T09:37:56","date_gmt":"2018-08-24T02:37:56","guid":{"rendered":"https:\/\/www.ivivu.com\/blog\/?p=266235"},"modified":"2018-08-24T09:37:56","modified_gmt":"2018-08-24T02:37:56","slug":"day-chinh-la-5-dia-diem-duoc-gioi-tre-viet-thi-nhau-check-in-nhieu-nhat-tren-ban-do-du-lich","status":"publish","type":"post","link":"https:\/\/www.ivivu.com\/blog\/2018\/08\/day-chinh-la-5-dia-diem-duoc-gioi-tre-viet-thi-nhau-check-in-nhieu-nhat-tren-ban-do-du-lich\/","title":{"rendered":"\u0110\u00e2y ch\u00ednh l\u00e0 5 \u0111\u1ecba \u0111i\u1ec3m \u0111\u01b0\u1ee3c gi\u1edbi tr\u1ebb Vi\u1ec7t thi nhau check-in nhi\u1ec1u nh\u1ea5t tr\u00ean b\u1ea3n \u0111\u1ed3 du l\u1ecbch!"},"content":{"rendered":"<p style=\"text-align: justify;\"><strong><em>M\u1ed7i \u0111\u1ecba \u0111i\u1ec3m c\u00f3 m\u1ed9t m\u00e0u s\u1eafc, m\u1ed9t s\u1ef1 th\u00fa v\u1ecb ri\u00eang nh\u01b0ng t\u1ef1u trung l\u1ea1i th\u00ec ch\u00fang \u0111\u1ec1u tr\u1edf th\u00e0nh minh ch\u1ee9ng cho th\u1ea5y b\u1ea1n ch\u1eb3ng c\u1ea7n \u0111i \u0111\u00e2u xa c\u0169ng c\u00f3 th\u1ec3 c\u00f3 \u0111\u01b0\u1ee3c nh\u1eefng tr\u1ea3i nghi\u1ec7m du l\u1ecbch kh\u00f3 qu\u00ean. C\u00f2n gi\u1edd th\u00ec \u0111i th\u00f4i, \u0111i h\u1ebft Vi\u1ec7t Nam m\u00ecnh!<\/em><\/strong><!--more--><\/p>\n<h2 style=\"text-align: left;\">\u0110\u00e2y ch\u00ednh l\u00e0 5 \u0111\u1ecba \u0111i\u1ec3m \u0111\u01b0\u1ee3c gi\u1edbi tr\u1ebb Vi\u1ec7t thi nhau check-in nhi\u1ec1u nh\u1ea5t tr\u00ean b\u1ea3n \u0111\u1ed3 du l\u1ecbch!<\/h2>\n<p style=\"text-align: justify;\">V\u1edbi nhi\u1ec1u ng\u01b0\u1eddi, chuy\u1ebfn \u0111i v\u00e0 tu\u1ed5i tr\u1ebb l\u00e0 c\u1eb7p b\u00e0i tr\u00f9ng c\u1ef1c k\u00ec ho\u00e0n h\u1ea3o. Nh\u1edd s\u1ee9c tr\u1ebb m\u00e0 nh\u1eefng chuy\u1ebfn rong ru\u1ed5i c\u1ee7a b\u1ea1n tr\u1edf n\u00ean h\u00e0o h\u1ee9ng h\u01a1n, d\u00e1m th\u1eed nhi\u1ec1u h\u01a1n v\u00e0 ng\u01b0\u1ee3c l\u1ea1i, nh\u1eefng chuy\u1ebfn \u0111i s\u1ebd h\u00f3a th\u00e0nh tr\u1ea3i nghi\u1ec7m bi\u1ebfn thanh xu\u00e2n c\u1ee7a b\u1ea1n th\u00e0nh m\u1ed9t b\u1ee9c tranh r\u1ef1c r\u1ee1 nhi\u1ec1u m\u00e0u.<\/p>\n<p style=\"text-align: justify;\">B\u1edfi ch\u00fang ta \u0111\u1ec1u bi\u1ebft m\u00eanh m\u00f4ng ngo\u00e0i kia l\u00e0 nh\u1eefng ch\u00e2n tr\u1eddi m\u1edbi, l\u00e0 nh\u1eefng \u0111i\u1ec1u tuy\u1ec7t v\u1eddi \u0111ang ch\u1edd b\u01b0\u1edbc ch\u00e2n m\u00ecnh \u0111\u1ebfn kh\u00e1m ph\u00e1 n\u00ean ai c\u0169ng v\u1eady, \u00edt nh\u1ea5t n\u00ean c\u00f3 m\u1ed9t l\u1ea7n g\u00e1c l\u1ea1i c\u00f4ng vi\u1ec7c, s\u00e1ch v\u1edf \u0111\u1ec3 c\u00f3 cho m\u00ecnh m\u1ed9t h\u00e0nh tr\u00ecnh tu\u1ed5i tr\u1ebb nh\u01b0 v\u1eady. B\u1ea1n kh\u00f4ng nh\u1ea5t thi\u1ebft ph\u1ea3i \u0111i \u0111\u00e2u xa x\u00f4i n\u01b0\u1edbc ngo\u00e0i n\u01b0\u1edbc trong \u0111\u00e2u, v\u00ec \u0111\u1eebng qu\u00ean ch\u00ednh Vi\u1ec7t Nam c\u0169ng c\u00f2n r\u1ea5t nhi\u1ec1u m\u1ea3nh \u0111\u1ea5t \u0111\u1ec3 b\u1ea1n kh\u00e1m ph\u00e1. C\u00f3 nh\u1eefng n\u01a1i ng\u01b0\u1eddi ta \u0111\u00e3 \u0111i m\u00f2n ch\u00e2n, c\u0169ng c\u00f3 nh\u1eefng c\u00e1i t\u00ean c\u00f2n nhi\u1ec1u m\u1edbi l\u1ea1 nh\u01b0ng ch\u1eafc h\u1eb3n ch\u00fang \u0111\u1ec1u \u0111ang l\u00e0 nh\u1eefng \u0111\u1ecba \u0111i\u1ec3m du h\u00ed m\u00e0 c\u00e1c b\u1ea1n tr\u1ebb y\u00eau th\u00edch nh\u1ea5t, d\u00e0nh nhi\u1ec1u s\u1ef1 quan t\u00e2m nh\u1ea5t \u0111\u1ea5y!<\/p>\n<p style=\"text-align: justify;\"><strong>1. <a href=\"https:\/\/www.ivivu.com\/blog\/category\/viet-nam\/du-lich-quang-binh-viet-nam\/\" target=\"_blank\">Qu\u1ea3ng B\u00ecnh<\/a><\/strong><\/p>\n<p style=\"text-align: justify;\">B\u1eaft \u0111\u1ea7u t\u1eeb 2 n\u0103m g\u1ea7n \u0111\u00e2y, Qu\u1ea3ng B\u00ecnh n\u1ed5i l\u00ean nh\u01b0 m\u1ed9t v\u00f9ng \u0111\u1ea5t v\u00f4 c\u00f9ng ho\u00e0n h\u1ea3o cho nh\u1eefng chuy\u1ebfn<strong> du l\u1ecbch<\/strong> tu\u1ed5i tr\u1ebb. Tuy v\u1eabn l\u00e0 c\u00e1i t\u00ean kh\u00e1 m\u1edbi tr\u00ean b\u1ea3n \u0111\u1ed3 du l\u1ecbch nh\u01b0ng c\u00e1i g\u00ec b\u1ea1n c\u1ea7n, Qu\u1ea3ng B\u00ecnh \u0111\u1ec1u c\u00f3, t\u1eeb tr\u1ea3i nghi\u1ec7m vui ch\u01a1i, ngh\u1ec9 d\u01b0\u1ee1ng cho \u0111\u1ebfn phi\u00eau l\u01b0u, kh\u00e1m ph\u00e1.<\/p>\n<p><img loading=\"lazy\" decoding=\"async\" class=\"aligncenter wp-image-266165 size-large\" src=\"https:\/\/cdn3.ivivu.com\/2018\/08\/day-chinh-la-5-dia-diem-duoc-gioi-tre-viet-thi-nhau-check-in-nhieu-nhat-tren-ban-do-du-lich-ivivu-1-1024x683.jpg\" alt=\"day-chinh-la-5-dia-diem-duoc-gioi-tre-viet-thi-nhau-check-in-nhieu-nhat-tren-ban-do-du-lich-ivivu-1\" width=\"1024\" height=\"683\" srcset=\"https:\/\/cdn3.ivivu.com\/2018\/08\/day-chinh-la-5-dia-diem-duoc-gioi-tre-viet-thi-nhau-check-in-nhieu-nhat-tren-ban-do-du-lich-ivivu-1-1024x683.jpg 1024w, https:\/\/cdn3.ivivu.com\/2018\/08\/day-chinh-la-5-dia-diem-duoc-gioi-tre-viet-thi-nhau-check-in-nhieu-nhat-tren-ban-do-du-lich-ivivu-1-458x305.jpg 458w, https:\/\/cdn3.ivivu.com\/2018\/08\/day-chinh-la-5-dia-diem-duoc-gioi-tre-viet-thi-nhau-check-in-nhieu-nhat-tren-ban-do-du-lich-ivivu-1.jpg 1500w\" sizes=\"(max-width: 1024px) 100vw, 1024px\" \/> <img loading=\"lazy\" decoding=\"async\" class=\"aligncenter wp-image-266166 size-full\" src=\"https:\/\/cdn3.ivivu.com\/2018\/08\/day-chinh-la-5-dia-diem-duoc-gioi-tre-viet-thi-nhau-check-in-nhieu-nhat-tren-ban-do-du-lich-ivivu-2.jpg\" alt=\"day-chinh-la-5-dia-diem-duoc-gioi-tre-viet-thi-nhau-check-in-nhieu-nhat-tren-ban-do-du-lich-ivivu-2\" width=\"1000\" height=\"667\" srcset=\"https:\/\/cdn3.ivivu.com\/2018\/08\/day-chinh-la-5-dia-diem-duoc-gioi-tre-viet-thi-nhau-check-in-nhieu-nhat-tren-ban-do-du-lich-ivivu-2.jpg 1000w, https:\/\/cdn3.ivivu.com\/2018\/08\/day-chinh-la-5-dia-diem-duoc-gioi-tre-viet-thi-nhau-check-in-nhieu-nhat-tren-ban-do-du-lich-ivivu-2-457x305.jpg 457w\" sizes=\"(max-width: 1000px) 100vw, 1000px\" \/><\/p>\n<p style=\"text-align: justify;\">Thi\u00ean nhi\u00ean th\u1ef1c s\u1ef1 \u0111\u00e3 \u01b0u \u0111\u00e3i cho Qu\u1ea3ng B\u00ecnh r\u1ea5t nhi\u1ec1u. B\u1ea1n mu\u1ed1n bi\u1ec3n xanh c\u00e1t tr\u1eafng, b\u1ea1n c\u00f3 th\u1ec3 gh\u00e9 th\u0103m b\u00e3i bi\u1ec3n Nh\u1eadt L\u1ec7, bi\u1ec3n B\u1ea3o Ninh, c\u00f9ng ghi l\u1ea1i nh\u1eefng shoot h\u00ecnh tuy\u1ec7t v\u1eddi b\u00ean b\u00e3i bi\u1ec3n n\u00ean th\u01a1, c\u00f9ng v\u00f9ng v\u1eaby trong l\u00e0n n\u01b0\u1edbc m\u00e1t l\u1ea1nh. B\u1ea1n mu\u1ed1n n\u00fai non h\u00f9ng v\u0129, Qu\u1ea3ng B\u00ecnh c\u0169ng c\u00f3 c\u1ea3. T\u1eeb s\u00f4ng Ch\u00e0y, su\u1ed1i n\u01b0\u1edbc Mo\u1ecdc, \u0111\u1ebfn h\u1ec7 th\u1ed1ng hang \u0111\u1ed9ng Phong Nha &#8211; K\u1ebb B\u00e0ng, S\u01a1n \u0110o\u00f2ng, Hang T\u1ed1i&#8230; t\u1ea5t c\u1ea3 \u0111\u1ec1u c\u00f2n hoang s\u01a1, \u0111\u1eb9p v\u00e0 k\u1ef3 v\u0129 \u0111\u1ebfn cho\u00e1ng ng\u1ee3p.<\/p>\n<p><img loading=\"lazy\" decoding=\"async\" class=\"aligncenter wp-image-266168 size-full\" src=\"https:\/\/cdn3.ivivu.com\/2018\/08\/day-chinh-la-5-dia-diem-duoc-gioi-tre-viet-thi-nhau-check-in-nhieu-nhat-tren-ban-do-du-lich-ivivu-4.jpg\" alt=\"day-chinh-la-5-dia-diem-duoc-gioi-tre-viet-thi-nhau-check-in-nhieu-nhat-tren-ban-do-du-lich-ivivu-4\" width=\"660\" height=\"440\" srcset=\"https:\/\/cdn3.ivivu.com\/2018\/08\/day-chinh-la-5-dia-diem-duoc-gioi-tre-viet-thi-nhau-check-in-nhieu-nhat-tren-ban-do-du-lich-ivivu-4.jpg 660w, https:\/\/cdn3.ivivu.com\/2018\/08\/day-chinh-la-5-dia-diem-duoc-gioi-tre-viet-thi-nhau-check-in-nhieu-nhat-tren-ban-do-du-lich-ivivu-4-458x305.jpg 458w\" sizes=\"(max-width: 660px) 100vw, 660px\" \/><img loading=\"lazy\" decoding=\"async\" class=\"aligncenter wp-image-266167 size-full\" src=\"https:\/\/cdn3.ivivu.com\/2018\/08\/day-chinh-la-5-dia-diem-duoc-gioi-tre-viet-thi-nhau-check-in-nhieu-nhat-tren-ban-do-du-lich-ivivu-3.jpg\" alt=\"day-chinh-la-5-dia-diem-duoc-gioi-tre-viet-thi-nhau-check-in-nhieu-nhat-tren-ban-do-du-lich-ivivu-3\" width=\"660\" height=\"440\" srcset=\"https:\/\/cdn3.ivivu.com\/2018\/08\/day-chinh-la-5-dia-diem-duoc-gioi-tre-viet-thi-nhau-check-in-nhieu-nhat-tren-ban-do-du-lich-ivivu-3.jpg 660w, https:\/\/cdn3.ivivu.com\/2018\/08\/day-chinh-la-5-dia-diem-duoc-gioi-tre-viet-thi-nhau-check-in-nhieu-nhat-tren-ban-do-du-lich-ivivu-3-458x305.jpg 458w\" sizes=\"(max-width: 660px) 100vw, 660px\" \/><\/p>\n<p style=\"text-align: justify;\">Ngo\u00e0i c\u1ea3nh \u0111\u1eb9p th\u00ec n\u00e9t v\u0103n h\u00f3a \u1ea9m th\u1ef1c c\u1ee7a Qu\u1ea3ng B\u00ecnh c\u0169ng kh\u00f4ng ch\u00ea v\u00e0o \u0111\u00e2u \u0111\u01b0\u1ee3c. N\u00e0o b\u00e1nh b\u1ed9t l\u1ecdc, n\u00e0o b\u00e1nh n\u1eadm, n\u00e0o b\u00e1nh x\u00e8o Qu\u1ea3ng H\u00f2a, n\u00e0o ch\u00e1o canh, n\u00e0o l\u1ea9u c\u00e1 khoai&#8230; thi\u00ean \u0111\u01b0\u1eddng m\u00f3n ngon n\u01a1i \u0111\u00e2y ch\u1eafc h\u1eb3n s\u1ebd l\u00e0 m\u1ed9t l\u00fd do to \u0111\u00f9ng kh\u00e1c n\u00edu ch\u00e2n b\u1ea1n \u1edf l\u1ea1i.<\/p>\n<p><img loading=\"lazy\" decoding=\"async\" class=\"aligncenter wp-image-266169 size-full\" src=\"https:\/\/cdn3.ivivu.com\/2018\/08\/day-chinh-la-5-dia-diem-duoc-gioi-tre-viet-thi-nhau-check-in-nhieu-nhat-tren-ban-do-du-lich-ivivu-5.jpg\" alt=\"day-chinh-la-5-dia-diem-duoc-gioi-tre-viet-thi-nhau-check-in-nhieu-nhat-tren-ban-do-du-lich-ivivu-5\" width=\"660\" height=\"440\" srcset=\"https:\/\/cdn3.ivivu.com\/2018\/08\/day-chinh-la-5-dia-diem-duoc-gioi-tre-viet-thi-nhau-check-in-nhieu-nhat-tren-ban-do-du-lich-ivivu-5.jpg 660w, https:\/\/cdn3.ivivu.com\/2018\/08\/day-chinh-la-5-dia-diem-duoc-gioi-tre-viet-thi-nhau-check-in-nhieu-nhat-tren-ban-do-du-lich-ivivu-5-458x305.jpg 458w\" sizes=\"(max-width: 660px) 100vw, 660px\" \/> <img loading=\"lazy\" decoding=\"async\" class=\"aligncenter wp-image-266170 size-full\" src=\"https:\/\/cdn3.ivivu.com\/2018\/08\/day-chinh-la-5-dia-diem-duoc-gioi-tre-viet-thi-nhau-check-in-nhieu-nhat-tren-ban-do-du-lich-ivivu-6.jpg\" alt=\"day-chinh-la-5-dia-diem-duoc-gioi-tre-viet-thi-nhau-check-in-nhieu-nhat-tren-ban-do-du-lich-ivivu-6\" width=\"660\" height=\"440\" srcset=\"https:\/\/cdn3.ivivu.com\/2018\/08\/day-chinh-la-5-dia-diem-duoc-gioi-tre-viet-thi-nhau-check-in-nhieu-nhat-tren-ban-do-du-lich-ivivu-6.jpg 660w, https:\/\/cdn3.ivivu.com\/2018\/08\/day-chinh-la-5-dia-diem-duoc-gioi-tre-viet-thi-nhau-check-in-nhieu-nhat-tren-ban-do-du-lich-ivivu-6-458x305.jpg 458w\" sizes=\"(max-width: 660px) 100vw, 660px\" \/><\/p>\n<p><strong>2. <a href=\"https:\/\/www.ivivu.com\/blog\/tag\/du-lich-ninh-binh\/\" target=\"_blank\">Ninh B\u00ecnh<\/a><\/strong><\/p>\n<p style=\"text-align: justify;\">Tho\u1ea1t nghe v\u1ec1 Ninh B\u00ecnh, ch\u1eafc h\u1eb3n nhi\u1ec1u ng\u01b0\u1eddi s\u1ebd l\u1eafc \u0111\u1ea7u b\u0129u m\u00f4i, \u0111i \u0111\u00e2u kh\u00f4ng \u0111i, \u0111i c\u00e1i ch\u1ed7 n\u00e0y l\u00e0m g\u00ec, ch\u1eafc ch\u1ec9 c\u00f3 B\u00e1i \u0110\u00ednh, ch\u1ea5m h\u1ebft. Nh\u01b0ng kh\u00f4ng, b\u1ea1n \u0111\u00e3 nh\u1ea7m r\u1ed3i, Ninh B\u00ecnh kh\u00f4ng h\u1ec1 ch\u00e1n, ch\u1eb3ng qua b\u1ea1n ch\u01b0a \u0111i \u0111\u1ee7 nh\u1eefng ch\u1ed7 hay ho m\u00e0 th\u00f4i.<\/p>\n<p style=\"text-align: justify;\">M\u1ea3nh \u0111\u1ea5t n\u00e0y s\u1edf h\u1eefu v\u1ebb \u0111\u1eb9p c\u00f2n kh\u00e1 hoang s\u01a1 nguy\u00ean v\u1eb9n, v\u1edbi n\u00fai non, s\u00f4ng n\u01b0\u1edbc v\u00e0 nh\u1eefng c\u00e1i \u0111\u1ed3ng l\u00faa tr\u1ea3i d\u00e0i, v\u1edbi nh\u1eefng \u0111\u1ea7m sen b\u00ean v\u00e1ch n\u00fai \u0111\u1eb9p nh\u01b0 m\u1ed9t b\u1ee9c tranh. C\u00f3 th\u1ec3 n\u01a1i \u0111\u00e2y kh\u00f4ng ph\u1ea3i m\u1ed9t \u0111\u1ecba \u0111i\u1ec3m s\u00f4i \u0111\u1ed9ng v\u1edbi c\u00e1c \u0111i\u1ec3m \u0103n ch\u01a1i, mua s\u1eafm nh\u01b0ng l\u1ea1i ho\u00e0n to\u00e0n ph\u00f9 h\u1ee3p v\u1edbi nh\u1eefng ai \u0111ang t\u00ecm ki\u1ebfm m\u1ed9t n\u01a1i tr\u1ed1n \u0111\u1ec3 h\u01b0\u1edfng th\u1ee5 b\u1ea7u kh\u00f4ng kh\u00ed y\u00ean b\u00ecnh t\u1ef1 t\u1ea1i, \u0111\u1ec3 tr\u00e1nh xa b\u1ee5i b\u1eb7m, \u0111\u1ec3 th\u1ea5y m\u00ecnh nh\u1ecf b\u00e9 gi\u1eefa thi\u00ean nhi\u00ean&#8230;<\/p>\n<p style=\"text-align: center;\"><img loading=\"lazy\" decoding=\"async\" class=\"aligncenter wp-image-266171 size-full\" src=\"https:\/\/cdn3.ivivu.com\/2018\/08\/day-chinh-la-5-dia-diem-duoc-gioi-tre-viet-thi-nhau-check-in-nhieu-nhat-tren-ban-do-du-lich-ivivu-7.jpg\" alt=\"day-chinh-la-5-dia-diem-duoc-gioi-tre-viet-thi-nhau-check-in-nhieu-nhat-tren-ban-do-du-lich-ivivu-7\" width=\"660\" height=\"660\" srcset=\"https:\/\/cdn3.ivivu.com\/2018\/08\/day-chinh-la-5-dia-diem-duoc-gioi-tre-viet-thi-nhau-check-in-nhieu-nhat-tren-ban-do-du-lich-ivivu-7.jpg 660w, https:\/\/cdn3.ivivu.com\/2018\/08\/day-chinh-la-5-dia-diem-duoc-gioi-tre-viet-thi-nhau-check-in-nhieu-nhat-tren-ban-do-du-lich-ivivu-7-305x305.jpg 305w, https:\/\/cdn3.ivivu.com\/2018\/08\/day-chinh-la-5-dia-diem-duoc-gioi-tre-viet-thi-nhau-check-in-nhieu-nhat-tren-ban-do-du-lich-ivivu-7-75x75.jpg 75w\" sizes=\"(max-width: 660px) 100vw, 660px\" \/><\/p>\n<div id=\"attachment_266172\" style=\"width: 670px\" class=\"wp-caption aligncenter\"><img loading=\"lazy\" decoding=\"async\" aria-describedby=\"caption-attachment-266172\" class=\"wp-image-266172 size-full\" title=\"\u1ea2nh: @quangvinh\" src=\"https:\/\/cdn3.ivivu.com\/2018\/08\/day-chinh-la-5-dia-diem-duoc-gioi-tre-viet-thi-nhau-check-in-nhieu-nhat-tren-ban-do-du-lich-ivivu-8.jpg\" alt=\"\u1ea2nh: @quangvinh\" width=\"660\" height=\"660\" srcset=\"https:\/\/cdn3.ivivu.com\/2018\/08\/day-chinh-la-5-dia-diem-duoc-gioi-tre-viet-thi-nhau-check-in-nhieu-nhat-tren-ban-do-du-lich-ivivu-8.jpg 660w, https:\/\/cdn3.ivivu.com\/2018\/08\/day-chinh-la-5-dia-diem-duoc-gioi-tre-viet-thi-nhau-check-in-nhieu-nhat-tren-ban-do-du-lich-ivivu-8-305x305.jpg 305w, https:\/\/cdn3.ivivu.com\/2018\/08\/day-chinh-la-5-dia-diem-duoc-gioi-tre-viet-thi-nhau-check-in-nhieu-nhat-tren-ban-do-du-lich-ivivu-8-75x75.jpg 75w\" sizes=\"(max-width: 660px) 100vw, 660px\" \/><p id=\"caption-attachment-266172\" class=\"wp-caption-text\">\u1ea2nh: @quangvinh<\/p><\/div>\n<p style=\"text-align: justify;\">V\u1eady Ninh B\u00ecnh c\u00f3 g\u00ec? Ninh B\u00ecnh c\u00f3 nhi\u1ec1u ch\u1ee9. Ninh B\u00ecnh c\u00f3 Tr\u00e0ng An, ch\u00f9a B\u00e1i \u0110\u00ednh, Ninh B\u00ecnh c\u00f3 \u0111\u1ea7m V\u00e2n Long, v\u01b0\u1eddn chim Thung Nham, Ninh B\u00ecnh c\u00f3 Tam C\u1ed1c, hang M\u00faa v\u00e0 v\u00f4 s\u1ed1 nh\u1eefng c\u1ea3nh \u0111\u1eb9p \u0111\u1eadm ch\u1ea5t mi\u1ec1n qu\u00ea B\u1eafc B\u1ed9 kh\u00e1c n\u1eefa. <em><strong>Du l\u1ecbch<\/strong><\/em> ng\u00e0y c\u00e0ng ph\u00e1t tri\u1ec3n c\u0169ng mang l\u00e0n gi\u00f3 m\u1edbi \u0111\u1ebfn v\u1edbi n\u01a1i \u0111\u00e2y khi c\u00e0ng ng\u00e0y c\u00e0ng c\u00f3 nhi\u1ec1u resort, homestay xinh x\u1eafn m\u1ecdc l\u00ean.<\/p>\n<p><img loading=\"lazy\" decoding=\"async\" class=\"aligncenter wp-image-266173 size-large\" src=\"https:\/\/cdn3.ivivu.com\/2018\/08\/day-chinh-la-5-dia-diem-duoc-gioi-tre-viet-thi-nhau-check-in-nhieu-nhat-tren-ban-do-du-lich-ivivu-9-1024x683.jpg\" alt=\"day-chinh-la-5-dia-diem-duoc-gioi-tre-viet-thi-nhau-check-in-nhieu-nhat-tren-ban-do-du-lich-ivivu-9\" width=\"1024\" height=\"683\" srcset=\"https:\/\/cdn3.ivivu.com\/2018\/08\/day-chinh-la-5-dia-diem-duoc-gioi-tre-viet-thi-nhau-check-in-nhieu-nhat-tren-ban-do-du-lich-ivivu-9-1024x683.jpg 1024w, https:\/\/cdn3.ivivu.com\/2018\/08\/day-chinh-la-5-dia-diem-duoc-gioi-tre-viet-thi-nhau-check-in-nhieu-nhat-tren-ban-do-du-lich-ivivu-9-457x305.jpg 457w, https:\/\/cdn3.ivivu.com\/2018\/08\/day-chinh-la-5-dia-diem-duoc-gioi-tre-viet-thi-nhau-check-in-nhieu-nhat-tren-ban-do-du-lich-ivivu-9.jpg 1600w\" sizes=\"(max-width: 1024px) 100vw, 1024px\" \/> <img loading=\"lazy\" decoding=\"async\" class=\"aligncenter wp-image-266174 size-large\" src=\"https:\/\/cdn3.ivivu.com\/2018\/08\/day-chinh-la-5-dia-diem-duoc-gioi-tre-viet-thi-nhau-check-in-nhieu-nhat-tren-ban-do-du-lich-ivivu-10-1024x683.jpg\" alt=\"day-chinh-la-5-dia-diem-duoc-gioi-tre-viet-thi-nhau-check-in-nhieu-nhat-tren-ban-do-du-lich-ivivu-10\" width=\"1024\" height=\"683\" srcset=\"https:\/\/cdn3.ivivu.com\/2018\/08\/day-chinh-la-5-dia-diem-duoc-gioi-tre-viet-thi-nhau-check-in-nhieu-nhat-tren-ban-do-du-lich-ivivu-10-1024x683.jpg 1024w, https:\/\/cdn3.ivivu.com\/2018\/08\/day-chinh-la-5-dia-diem-duoc-gioi-tre-viet-thi-nhau-check-in-nhieu-nhat-tren-ban-do-du-lich-ivivu-10-457x305.jpg 457w, https:\/\/cdn3.ivivu.com\/2018\/08\/day-chinh-la-5-dia-diem-duoc-gioi-tre-viet-thi-nhau-check-in-nhieu-nhat-tren-ban-do-du-lich-ivivu-10.jpg 1600w\" sizes=\"(max-width: 1024px) 100vw, 1024px\" \/><\/p>\n<p style=\"text-align: justify;\">Ngo\u00e0i ra, v\u1edbi c\u00e1c t\u00edn \u0111\u1ed3 s\u00e0nh \u0103n th\u00ec vi\u1ec7c b\u1ecf qua Ninh B\u00ecnh tr\u00ean b\u1ea3n \u0111\u1ed3 \u1ea9m th\u1ef1c c\u0169ng l\u00e0 ti\u1ebfc nu\u1ed1i \u0111\u1ea5y. V\u00ec Ninh B\u00ecnh kh\u00f4ng ch\u1ec9 c\u00f3 d\u00ea v\u00e0 c\u01a1m ch\u00e1y, Ninh Binh c\u00f2n n\u1ee9c ti\u1ebfng v\u1edbi g\u1ecfi c\u00e1 nh\u1ec7ch, \u1ed1c n\u00fai, canh chua c\u00e1 r\u00f4 v\u00e0 c\u1ea3 mi\u1ebfn l\u01b0\u01a1n n\u1eefa. Th\u1ebf n\u00e0o, ch\u1ec9 nghe th\u00f4i b\u1ea1n \u0111\u00e3 ph\u1ea3i nu\u1ed1t n\u01b0\u1edbc mi\u1ebfng \u1eebng \u1ef1c r\u1ed3i \u0111\u00fang kh\u00f4ng?<\/p>\n<p style=\"text-align: justify;\"><strong>3. <a href=\"https:\/\/www.ivivu.com\/blog\/category\/viet-nam\/phu-quoc\/\" target=\"_blank\">Ph\u00fa Qu\u1ed1c<\/a><\/strong><\/p>\n<p style=\"text-align: justify;\">Kh\u00f4ng h\u1ec1 kh\u00f3 hi\u1ec3u khi Ph\u00fa Qu\u1ed1c l\u1ea1i l\u1ecdt top nh\u1eefng \u0111\u1ecba \u0111i\u1ec3m \u0111\u01b0\u1ee3c gi\u1edbi tr\u1ebb m\u00ea d\u1ecbch chuy\u1ec3n y\u00eau th\u00edch nh\u1ea5t nh\u00ec b\u1edfi \u0111i bi\u1ec3n lu\u00f4n l\u00e0 l\u1ef1a ch\u1ecdn tuy\u1ec7t v\u1eddi nh\u1ea5t cho nh\u1eefng chuy\u1ebfn <em>du l\u1ecbch<\/em> v\u00e0 b\u1edfi m\u1ed9t khi \u0111\u00e3 nh\u1eafc \u0111\u1ebfn bi\u1ec3n \u0111\u1ea3o Vi\u1ec7t Nam th\u00ec ch\u1eafc ch\u1eafn kh\u00f4ng th\u1ec3 n\u00e0o b\u1ecf qua c\u00e1i t\u00ean Ph\u00fa Qu\u1ed1c &#8211; n\u01a1i \u0111\u01b0\u1ee3c vinh danh l\u00e0 m\u1ed9t trong nh\u1eefng b\u00e3i bi\u1ec3n \u0111\u1eb9p nh\u1ea5t th\u1ebf gi\u1edbi.<\/p>\n<p><img loading=\"lazy\" decoding=\"async\" class=\"aligncenter wp-image-266175 size-large\" src=\"https:\/\/cdn3.ivivu.com\/2018\/08\/day-chinh-la-5-dia-diem-duoc-gioi-tre-viet-thi-nhau-check-in-nhieu-nhat-tren-ban-do-du-lich-ivivu-11-1024x683.jpg\" alt=\"day-chinh-la-5-dia-diem-duoc-gioi-tre-viet-thi-nhau-check-in-nhieu-nhat-tren-ban-do-du-lich-ivivu-11\" width=\"1024\" height=\"683\" srcset=\"https:\/\/cdn3.ivivu.com\/2018\/08\/day-chinh-la-5-dia-diem-duoc-gioi-tre-viet-thi-nhau-check-in-nhieu-nhat-tren-ban-do-du-lich-ivivu-11-1024x683.jpg 1024w, https:\/\/cdn3.ivivu.com\/2018\/08\/day-chinh-la-5-dia-diem-duoc-gioi-tre-viet-thi-nhau-check-in-nhieu-nhat-tren-ban-do-du-lich-ivivu-11-458x305.jpg 458w, https:\/\/cdn3.ivivu.com\/2018\/08\/day-chinh-la-5-dia-diem-duoc-gioi-tre-viet-thi-nhau-check-in-nhieu-nhat-tren-ban-do-du-lich-ivivu-11.jpg 1500w\" sizes=\"(max-width: 1024px) 100vw, 1024px\" \/><\/p>\n<p style=\"text-align: justify;\">&#8220;\u0110\u1ea3o Ng\u1ecdc&#8221; c\u1ee7a ch\u00fang ta v\u1ed1n n\u1ed5i ti\u1ebfng v\u1edbi nh\u1eefng b\u00e3i c\u00e1t tr\u1eafng phau, nh\u1eefng b\u1edd bi\u1ec3n \u0111\u1eb9p kh\u00f4ng ch\u00ea v\u00e0o \u0111\u00e2u \u0111\u01b0\u1ee3c c\u00f9ng nh\u1eefng qu\u1ea7n th\u1ec3 sinh v\u1eadt d\u01b0\u1edbi bi\u1ec3n v\u00f4 c\u00f9ng \u0111a d\u1ea1ng. N\u01a1i \u0111\u00e2y c\u00f3 th\u1ec3 kh\u00f4ng s\u1ea7m u\u1ea5t v\u00e0 h\u00e0o nho\u00e1ng nh\u01b0 th\u00e0nh ph\u1ed1 bi\u1ec3n Nha Trang, \u0110\u00e0 N\u1eb5ng nh\u01b0ng n\u01a1i \u0111\u00e2y c\u00f3 ch\u1ea5t ch\u00e2n ph\u01b0\u01a1ng c\u1ee7a ri\u00eang m\u00ecnh. Kh\u00f4ng ch\u1ec9 c\u00f3 c\u1ea3nh \u0111\u1eb9p v\u1edbi m\u0169i G\u00e0nh D\u1ea7u, Dinh C\u1eadu, h\u00f2n Th\u01a1m, su\u1ed1i Tranh, su\u1ed1i \u0110\u00e1 B\u00e0n, su\u1ed1i \u0110\u00e1 Ng\u1ecdn&#8230; Ph\u00fa Qu\u1ed1c c\u00f2n &#8220;\u0111\u1ed1n tim&#8221; du kh\u00e1ch b\u1edfi s\u1ef1 th\u00e2n thi\u1ec7n c\u1ee7a ng\u01b0\u1eddi d\u00e2n b\u1ea3n x\u1ee9 c\u00f9ng n\u1ec1n v\u0103n h\u00f3a \u0111a d\u1ea1ng n\u01a1i \u0111\u00e2y.<\/p>\n<p><img loading=\"lazy\" decoding=\"async\" class=\"aligncenter wp-image-266176 size-full\" src=\"https:\/\/cdn3.ivivu.com\/2018\/08\/day-chinh-la-5-dia-diem-duoc-gioi-tre-viet-thi-nhau-check-in-nhieu-nhat-tren-ban-do-du-lich-ivivu-12.jpg\" alt=\"day-chinh-la-5-dia-diem-duoc-gioi-tre-viet-thi-nhau-check-in-nhieu-nhat-tren-ban-do-du-lich-ivivu-12\" width=\"660\" height=\"495\" srcset=\"https:\/\/cdn3.ivivu.com\/2018\/08\/day-chinh-la-5-dia-diem-duoc-gioi-tre-viet-thi-nhau-check-in-nhieu-nhat-tren-ban-do-du-lich-ivivu-12.jpg 660w, https:\/\/cdn3.ivivu.com\/2018\/08\/day-chinh-la-5-dia-diem-duoc-gioi-tre-viet-thi-nhau-check-in-nhieu-nhat-tren-ban-do-du-lich-ivivu-12-407x305.jpg 407w\" sizes=\"(max-width: 660px) 100vw, 660px\" \/> <img loading=\"lazy\" decoding=\"async\" class=\"aligncenter wp-image-266177 size-full\" src=\"https:\/\/cdn3.ivivu.com\/2018\/08\/day-chinh-la-5-dia-diem-duoc-gioi-tre-viet-thi-nhau-check-in-nhieu-nhat-tren-ban-do-du-lich-ivivu-13.jpg\" alt=\"day-chinh-la-5-dia-diem-duoc-gioi-tre-viet-thi-nhau-check-in-nhieu-nhat-tren-ban-do-du-lich-ivivu-13\" width=\"660\" height=\"440\" srcset=\"https:\/\/cdn3.ivivu.com\/2018\/08\/day-chinh-la-5-dia-diem-duoc-gioi-tre-viet-thi-nhau-check-in-nhieu-nhat-tren-ban-do-du-lich-ivivu-13.jpg 660w, https:\/\/cdn3.ivivu.com\/2018\/08\/day-chinh-la-5-dia-diem-duoc-gioi-tre-viet-thi-nhau-check-in-nhieu-nhat-tren-ban-do-du-lich-ivivu-13-458x305.jpg 458w\" sizes=\"(max-width: 660px) 100vw, 660px\" \/><\/p>\n<p style=\"text-align: justify;\">Ph\u00fa Qu\u1ed1c kh\u00f4ng thi\u1ebfu nh\u1eefng khu ngh\u1ec9 d\u01b0\u1ee1ng sang ch\u1ea3nh v\u00e0 c\u0169ng la li\u1ec7t nh\u1eefng n\u01a1i c\u01b0 tr\u00fa d\u00e0nh cho h\u1ed9i th\u00edch du l\u1ecbch gi\u00e1 r\u1ebb. Ph\u00fa Qu\u1ed1c c\u0169ng bi\u1ebft quy\u1ebfn r\u0169 nh\u1eefng t\u00e2m h\u1ed3n \u0103n u\u1ed1ng b\u1edfi \u1ea9m th\u1ef1c nhi\u1ec1u m\u00e0u c\u1ee7a m\u00ecnh. H\u00e3y chu\u1ea9n b\u1ecb m\u1ed9t v\u00ed ti\u1ec1n th\u1eadt ch\u1eafc c\u00f9ng m\u1ed9t chi\u1ebfc b\u1ee5ng th\u1eadt r\u1ed7ng \u0111\u1ec3 c\u00f3 th\u1ec3 th\u1eed h\u1ebft gh\u1eb9 H\u00e0m Ninh, g\u1ecfi c\u00e1 tr\u00edch, \u1ed1c nh\u1ea3y, nhum Ph\u00fa Qu\u1ed1c, c\u00e1 b\u1edbp, t\u00f4m M\u0169 Ni n\u01b0\u1edbng&#8230; nh\u00e9!<\/p>\n<p><strong><img loading=\"lazy\" decoding=\"async\" class=\"aligncenter wp-image-266178 size-full\" src=\"https:\/\/cdn3.ivivu.com\/2018\/08\/day-chinh-la-5-dia-diem-duoc-gioi-tre-viet-thi-nhau-check-in-nhieu-nhat-tren-ban-do-du-lich-ivivu-14.jpg\" alt=\"Processed with VSCO with a6 preset\" width=\"660\" height=\"436\" srcset=\"https:\/\/cdn3.ivivu.com\/2018\/08\/day-chinh-la-5-dia-diem-duoc-gioi-tre-viet-thi-nhau-check-in-nhieu-nhat-tren-ban-do-du-lich-ivivu-14.jpg 660w, https:\/\/cdn3.ivivu.com\/2018\/08\/day-chinh-la-5-dia-diem-duoc-gioi-tre-viet-thi-nhau-check-in-nhieu-nhat-tren-ban-do-du-lich-ivivu-14-462x305.jpg 462w\" sizes=\"(max-width: 660px) 100vw, 660px\" \/><\/strong><\/p>\n<p><strong>4. <a href=\"https:\/\/www.ivivu.com\/blog\/category\/viet-nam\/hoi-an\/\" target=\"_blank\">H\u1ed9i An<\/a><\/strong><\/p>\n<p style=\"text-align: justify;\">H\u1ed9i An l\u00e0 m\u1ed9t \u0111i\u1ec3m \u0111\u1ebfn kh\u00f4ng h\u1ec1 m\u1edbi nh\u01b0ng s\u1ee9c h\u00fat t\u1eeb m\u1ea3nh \u0111\u1ea5t nghe th\u00f4i \u0111\u00e3 th\u1ea5y t\u00ecnh n\u00e0y th\u00ec ch\u01b0a bao gi\u1edd gi\u1ea3m nhi\u1ec7t c\u1ea3. Ai \u0111\u00e3 t\u1eebng \u0111\u1ebfn H\u1ed9i An ch\u1eafc h\u1eb3n \u0111\u1ec1u \u0111\u00e3 &#8220;ph\u1ea3i l\u00f2ng&#8221; b\u1ea7u kh\u00f4ng kh\u00ed nh\u1eb9 nh\u00e0ng, y\u00ean b\u00ecnh c\u1ee7a n\u01a1i \u0111\u00e2y.<\/p>\n<p style=\"text-align: center;\"><img loading=\"lazy\" decoding=\"async\" class=\"aligncenter wp-image-266179 size-full\" src=\"https:\/\/cdn3.ivivu.com\/2018\/08\/day-chinh-la-5-dia-diem-duoc-gioi-tre-viet-thi-nhau-check-in-nhieu-nhat-tren-ban-do-du-lich-ivivu-15.jpg\" alt=\"day-chinh-la-5-dia-diem-duoc-gioi-tre-viet-thi-nhau-check-in-nhieu-nhat-tren-ban-do-du-lich-ivivu-15\" width=\"660\" height=\"660\" srcset=\"https:\/\/cdn3.ivivu.com\/2018\/08\/day-chinh-la-5-dia-diem-duoc-gioi-tre-viet-thi-nhau-check-in-nhieu-nhat-tren-ban-do-du-lich-ivivu-15.jpg 660w, https:\/\/cdn3.ivivu.com\/2018\/08\/day-chinh-la-5-dia-diem-duoc-gioi-tre-viet-thi-nhau-check-in-nhieu-nhat-tren-ban-do-du-lich-ivivu-15-305x305.jpg 305w, https:\/\/cdn3.ivivu.com\/2018\/08\/day-chinh-la-5-dia-diem-duoc-gioi-tre-viet-thi-nhau-check-in-nhieu-nhat-tren-ban-do-du-lich-ivivu-15-75x75.jpg 75w\" sizes=\"(max-width: 660px) 100vw, 660px\" \/><\/p>\n<div id=\"attachment_266180\" style=\"width: 670px\" class=\"wp-caption aligncenter\"><img loading=\"lazy\" decoding=\"async\" aria-describedby=\"caption-attachment-266180\" class=\"wp-image-266180 size-full\" title=\"\u1ea2nh: \u0110inh L\u00ea Tu\u1ea5n Phong\" src=\"https:\/\/cdn3.ivivu.com\/2018\/08\/day-chinh-la-5-dia-diem-duoc-gioi-tre-viet-thi-nhau-check-in-nhieu-nhat-tren-ban-do-du-lich-ivivu-16.jpg\" alt=\"\u1ea2nh: \u0110inh L\u00ea Tu\u1ea5n Phong\" width=\"660\" height=\"660\" srcset=\"https:\/\/cdn3.ivivu.com\/2018\/08\/day-chinh-la-5-dia-diem-duoc-gioi-tre-viet-thi-nhau-check-in-nhieu-nhat-tren-ban-do-du-lich-ivivu-16.jpg 660w, https:\/\/cdn3.ivivu.com\/2018\/08\/day-chinh-la-5-dia-diem-duoc-gioi-tre-viet-thi-nhau-check-in-nhieu-nhat-tren-ban-do-du-lich-ivivu-16-305x305.jpg 305w, https:\/\/cdn3.ivivu.com\/2018\/08\/day-chinh-la-5-dia-diem-duoc-gioi-tre-viet-thi-nhau-check-in-nhieu-nhat-tren-ban-do-du-lich-ivivu-16-75x75.jpg 75w\" sizes=\"(max-width: 660px) 100vw, 660px\" \/><p id=\"caption-attachment-266180\" class=\"wp-caption-text\">\u1ea2nh: \u0110inh L\u00ea Tu\u1ea5n Phong<\/p><\/div>\n<p style=\"text-align: justify;\">\u0110\u1ec3 n\u00f3i v\u1ec1 H\u1ed9i An th\u00ec l\u00e0m sao c\u00f3 th\u1ec3 qu\u00ean \u0111\u01b0\u1ee3c nh\u1eefng m\u1ea3ng t\u01b0\u1eddng v\u00e0ng \u0111\u1eb7c tr\u01b0ng, nh\u1eefng c\u0103n nh\u00e0 c\u1ed5 xinh x\u1eafn, con \u0111\u01b0\u1eddng \u0111i b\u1ed9 l\u00fac n\u00e0o c\u0169ng t\u1ea5p n\u1eadp \u0111\u00f4ng vui, n\u1ee5 c\u01b0\u1eddi m\u1ebfn kh\u00e1ch c\u1ee7a nh\u1eefng c\u1ee5 gi\u00e0 cho \u0111\u1ebfn nh\u1eefng em nh\u1ecf hay c\u1ea3 nh\u1eefng ch\u00fa ch\u00f3 \u0111\u00e1ng y\u00eau c\u1ee9 l\u01b0\u1ee3n qua l\u01b0\u1ee3n l\u1ea1i tr\u00f4ng c\u1ef1c k\u00ec vui m\u1eaft. D\u00f9 l\u00e0 g\u00ec \u0111i ch\u0103ng n\u1eefa th\u00ec H\u1ed9i An v\u1eabn lu\u00f4n l\u00e0 th\u1ebf &#8211; khi\u1ebfn b\u1ea1n y\u00eau m\u1ebfn v\u00e0 m\u00e3i ch\u1eb3ng th\u1ec3 qu\u00ean!<\/p>\n<p style=\"text-align: justify;\">Gi\u1eefa n\u00e9t c\u1ed5 k\u00ednh truy\u1ec1n th\u1ed1ng nh\u01b0 m\u1ed9t th\u01b0\u1edbc phim, hi\u1ec7n t\u1ea1i, H\u1ed9i An c\u00f2n c\u00f3 th\u00eam s\u1ee9c h\u00fat m\u1edbi nh\u1edd h\u00e0ng lo\u1ea1t nh\u1eefng h\u00e0ng qu\u00e1n xinh x\u1eafn m\u1ecdc l\u00ean nh\u01b0 n\u1ea5m. M\u1ed9t ch\u00fat hi\u1ec7n \u0111\u1ea1i xen l\u1eabn ho\u00e0i c\u1ed5 t\u1ea1o n\u00ean b\u1ee9c tranh d\u1ec5 th\u01b0\u01a1ng m\u00e0 \u0111\u1ea3m b\u1ea3o t\u00edn \u0111\u1ed3 x\u00ea d\u1ecbch n\u00e0o c\u0169ng m\u00ea t\u00edt!<\/p>\n<p style=\"text-align: center;\"><img loading=\"lazy\" decoding=\"async\" class=\"aligncenter wp-image-266181 size-full\" src=\"https:\/\/cdn3.ivivu.com\/2018\/08\/day-chinh-la-5-dia-diem-duoc-gioi-tre-viet-thi-nhau-check-in-nhieu-nhat-tren-ban-do-du-lich-ivivu-17.jpg\" alt=\"Processed with VSCO with c7 preset\" width=\"660\" height=\"825\" srcset=\"https:\/\/cdn3.ivivu.com\/2018\/08\/day-chinh-la-5-dia-diem-duoc-gioi-tre-viet-thi-nhau-check-in-nhieu-nhat-tren-ban-do-du-lich-ivivu-17.jpg 660w, https:\/\/cdn3.ivivu.com\/2018\/08\/day-chinh-la-5-dia-diem-duoc-gioi-tre-viet-thi-nhau-check-in-nhieu-nhat-tren-ban-do-du-lich-ivivu-17-244x305.jpg 244w\" sizes=\"(max-width: 660px) 100vw, 660px\" \/><\/p>\n<div id=\"attachment_266182\" style=\"width: 670px\" class=\"wp-caption aligncenter\"><img loading=\"lazy\" decoding=\"async\" aria-describedby=\"caption-attachment-266182\" class=\"wp-image-266182 size-full\" title=\"\u1ea2nh: \u0110inh L\u00ea Tu\u1ea5n Phong\" src=\"https:\/\/cdn3.ivivu.com\/2018\/08\/day-chinh-la-5-dia-diem-duoc-gioi-tre-viet-thi-nhau-check-in-nhieu-nhat-tren-ban-do-du-lich-ivivu-18.jpg\" alt=\"\u1ea2nh: \u0110inh L\u00ea Tu\u1ea5n Phong\" width=\"660\" height=\"660\" srcset=\"https:\/\/cdn3.ivivu.com\/2018\/08\/day-chinh-la-5-dia-diem-duoc-gioi-tre-viet-thi-nhau-check-in-nhieu-nhat-tren-ban-do-du-lich-ivivu-18.jpg 660w, https:\/\/cdn3.ivivu.com\/2018\/08\/day-chinh-la-5-dia-diem-duoc-gioi-tre-viet-thi-nhau-check-in-nhieu-nhat-tren-ban-do-du-lich-ivivu-18-305x305.jpg 305w, https:\/\/cdn3.ivivu.com\/2018\/08\/day-chinh-la-5-dia-diem-duoc-gioi-tre-viet-thi-nhau-check-in-nhieu-nhat-tren-ban-do-du-lich-ivivu-18-75x75.jpg 75w\" sizes=\"(max-width: 660px) 100vw, 660px\" \/><p id=\"caption-attachment-266182\" class=\"wp-caption-text\">\u1ea2nh: \u0110inh L\u00ea Tu\u1ea5n Phong<\/p><\/div>\n<p style=\"text-align: justify;\"><strong>5. <a href=\"https:\/\/www.ivivu.com\/blog\/category\/viet-nam\/hue-viet-nam\/\" target=\"_blank\">Hu\u1ebf<\/a><\/strong><\/p>\n<p style=\"text-align: justify;\">Nh\u1eafc \u0111\u1ebfn Hu\u1ebf, ch\u1eafc h\u1eb3n nhi\u1ec1u ng\u01b0\u1eddi s\u1ebd ngh\u0129 ngay v\u1ec1 m\u1ed9t th\u00e0nh ph\u1ed1 \u1eeb th\u00ec y\u00ean b\u00ecnh, nh\u01b0ng s\u1ef1 t\u0129nh l\u1eb7ng \u0111\u1ebfn nh\u00e0m ch\u00e1n \u0111\u1ea5y l\u00e0 do b\u1ea1n ch\u01b0a c\u1ea3m nh\u1eadn \u0111\u01b0\u1ee3c h\u1ebft s\u1ef1 th\u00fa v\u1ecb m\u00e0 v\u00f9ng \u0111\u1ea5t &#8220;m\u1ed9ng m\u01a1&#8221; n\u00e0y \u0111em l\u1ea1i th\u00f4i.<\/p>\n<div id=\"attachment_266183\" style=\"width: 970px\" class=\"wp-caption aligncenter\"><img loading=\"lazy\" decoding=\"async\" aria-describedby=\"caption-attachment-266183\" class=\"wp-image-266183 size-full\" title=\"\u1ea2nh: S\u01a1n Qu\u1ef3nh T\u1ea1\" src=\"https:\/\/cdn3.ivivu.com\/2018\/08\/day-chinh-la-5-dia-diem-duoc-gioi-tre-viet-thi-nhau-check-in-nhieu-nhat-tren-ban-do-du-lich-ivivu-19.jpg\" alt=\"\u1ea2nh: S\u01a1n Qu\u1ef3nh T\u1ea1\" width=\"960\" height=\"639\" srcset=\"https:\/\/cdn3.ivivu.com\/2018\/08\/day-chinh-la-5-dia-diem-duoc-gioi-tre-viet-thi-nhau-check-in-nhieu-nhat-tren-ban-do-du-lich-ivivu-19.jpg 960w, https:\/\/cdn3.ivivu.com\/2018\/08\/day-chinh-la-5-dia-diem-duoc-gioi-tre-viet-thi-nhau-check-in-nhieu-nhat-tren-ban-do-du-lich-ivivu-19-458x305.jpg 458w\" sizes=\"(max-width: 960px) 100vw, 960px\" \/><p id=\"caption-attachment-266183\" class=\"wp-caption-text\">\u1ea2nh: S\u01a1n Qu\u1ef3nh T\u1ea1<\/p><\/div>\n<p style=\"text-align: justify;\">Kh\u00f4ng ph\u1ea3i b\u1ed7ng nhi\u00ean m\u00e0 th\u1eddi gian g\u1ea7n \u0111\u00e2y, Hu\u1ebf b\u1ed7ng tr\u1edf th\u00e0nh \u0111\u1ecba \u0111i\u1ec3m &#8220;ph\u1ee7 s\u00f3ng&#8221; c\u1ea3 Instagram l\u1eabn Facebook c\u1ee7a gi\u1edbi tr\u1ebb. Ng\u01b0\u1eddi ng\u01b0\u1eddi nh\u00e0 nh\u00e0 r\u1ee7 nhau \u0111i Hu\u1ebf v\u00e0 r\u1ed3i ph\u1ea3i l\u00f2ng lu\u00f4n m\u1ea3nh \u0111\u1ea5t c\u1ed1 \u0111\u00f4 n\u00e0y.<\/p>\n<p style=\"text-align: justify;\">\u1ede Hu\u1ebf b\u1ea1n c\u00f3 th\u1ec3 \u0111\u1eafm m\u00ecnh trong kh\u00f4ng kh\u00ed th\u01a1 m\u1ed9ng, nh\u1eb9 nh\u00e0ng c\u00f9ng nh\u1eefng c\u00f4ng tr\u00ecnh ki\u1ebfn tr\u00fac \u1ea5n t\u01b0\u1ee3ng g\u1eafn li\u1ec1n v\u1edbi s\u1eed Vi\u1ec7t ng\u00e0n n\u0103m. B\u00ean c\u1ea1nh v\u00f4 s\u1ed1 di t\u00edch l\u1ecbch s\u1eed \u1ea5y, Hu\u1ebf c\u00f2n r\u1ea5t nhi\u1ec1u \u0111\u1ecba \u0111i\u1ec3m thi\u00ean nhi\u00ean hoang s\u01a1 cho b\u1ea1n th\u1ecfa s\u1ee9c kh\u00e1m ph\u00e1. N\u00e0o l\u00e0 l\u0103ng t\u1ea9m, n\u00e0o l\u00e0 b\u00e3i bi\u1ec3n Thu\u1eadn An, bi\u1ec3n L\u0103ng C\u00f4&#8230; t\u1ea5t c\u1ea3 \u0111\u1ec1u c\u00f3 th\u1ec3 gi\u00fap b\u1ea1n c\u00f3 shoot h\u00ecnh s\u1ed1ng \u1ea3o. Ho\u1eb7c gi\u1ea3 nh\u01b0 b\u1ea1n th\u00edch ph\u01b0\u1ee3t qua nh\u1eefng cung \u0111\u01b0\u1eddng \u0111\u1eb9p nh\u01b0 m\u01a1 v\u1edbi khung c\u1ea3nh thi\u00ean nhi\u00ean h\u00f9ng v\u0129 th\u00ec cung \u0111\u01b0\u1eddng \u0110\u00e0 N\u1eb5ng &#8211; Hu\u1ebf v\u1edbi &#8220;thi\u00ean h\u1ea1 \u0111\u1ec7 nh\u1ea5t h\u00f9ng quan&#8221; &#8211; \u0111\u00e8o H\u1ea3i V\u00e2n s\u1ebd l\u00e0 l\u1ef1a ch\u1ecdn ho\u00e0n h\u1ea3o cho b\u1ea1n.<\/p>\n<p style=\"text-align: center;\"><img loading=\"lazy\" decoding=\"async\" class=\"aligncenter wp-image-266184 size-full\" src=\"https:\/\/cdn3.ivivu.com\/2018\/08\/day-chinh-la-5-dia-diem-duoc-gioi-tre-viet-thi-nhau-check-in-nhieu-nhat-tren-ban-do-du-lich-ivivu-20.jpg\" alt=\"day-chinh-la-5-dia-diem-duoc-gioi-tre-viet-thi-nhau-check-in-nhieu-nhat-tren-ban-do-du-lich-ivivu-20\" width=\"660\" height=\"495\" srcset=\"https:\/\/cdn3.ivivu.com\/2018\/08\/day-chinh-la-5-dia-diem-duoc-gioi-tre-viet-thi-nhau-check-in-nhieu-nhat-tren-ban-do-du-lich-ivivu-20.jpg 660w, https:\/\/cdn3.ivivu.com\/2018\/08\/day-chinh-la-5-dia-diem-duoc-gioi-tre-viet-thi-nhau-check-in-nhieu-nhat-tren-ban-do-du-lich-ivivu-20-407x305.jpg 407w\" sizes=\"(max-width: 660px) 100vw, 660px\" \/><\/p>\n<div id=\"attachment_266185\" style=\"width: 670px\" class=\"wp-caption aligncenter\"><img loading=\"lazy\" decoding=\"async\" aria-describedby=\"caption-attachment-266185\" class=\"wp-image-266185 size-full\" title=\"(\u1ea2nh: @massabumi1; @nammon_krittanai; Nguy\u1ec5n Thanh Duy; @phuong.anh.violet; @rin.47)\" src=\"https:\/\/cdn3.ivivu.com\/2018\/08\/day-chinh-la-5-dia-diem-duoc-gioi-tre-viet-thi-nhau-check-in-nhieu-nhat-tren-ban-do-du-lich-ivivu-21.jpg\" alt=\"(\u1ea2nh: @massabumi1; @nammon_krittanai; Nguy\u1ec5n Thanh Duy; @phuong.anh.violet; @rin.47)\" width=\"660\" height=\"494\" srcset=\"https:\/\/cdn3.ivivu.com\/2018\/08\/day-chinh-la-5-dia-diem-duoc-gioi-tre-viet-thi-nhau-check-in-nhieu-nhat-tren-ban-do-du-lich-ivivu-21.jpg 660w, https:\/\/cdn3.ivivu.com\/2018\/08\/day-chinh-la-5-dia-diem-duoc-gioi-tre-viet-thi-nhau-check-in-nhieu-nhat-tren-ban-do-du-lich-ivivu-21-407x305.jpg 407w\" sizes=\"(max-width: 660px) 100vw, 660px\" \/><p id=\"caption-attachment-266185\" class=\"wp-caption-text\">(\u1ea2nh: @massabumi1; @nammon_krittanai; Nguy\u1ec5n Thanh Duy; @phuong.anh.violet; @rin.47)<\/p><\/div>\n<p style=\"text-align: justify;\">Kh\u00f4ng k\u00e9m c\u1ea1nh c\u00e1c th\u00e0nh ph\u1ed1 du l\u1ecbch kh\u00e1c, \u1edf Hu\u1ebf c\u0169ng tr\u00e0n lan nh\u1eefng homestay xinh \u0111\u1eb9p v\u00e0 ch\u1ea5t ng\u1ea5t. Ngo\u00e0i ra, m\u00f3n \u0103n \u1edf Hu\u1ebf c\u0169ng khi\u1ebfn bao ng\u01b0\u1eddi ng\u1ea5t ng\u00e2y v\u00ec v\u1eeba \u0111a d\u1ea1ng l\u1ea1i ngon, nh\u1eefng qu\u00e1n c\u00e0 ph\u00ea \u0111\u1ee7 m\u1ecdi phong c\u00e1ch nh\u01b0ng c\u0169ng kh\u00f4ng qu\u00e1 c\u1ea7u k\u00ec \u0111\u00fang nh\u01b0 b\u1ea3n ch\u1ea5t c\u1ee7a ng\u01b0\u1eddi x\u1ee9 Hu\u1ebf lu\u00f4n nh\u1ecf nh\u1eb9, \u0111i\u1ec1m \u0111\u1ea1m v\u00e0 th\u00e2n thi\u1ec7n v\u00f4 c\u00f9ng.<\/p>\n<div id=\"attachment_266186\" style=\"width: 1010px\" class=\"wp-caption aligncenter\"><img loading=\"lazy\" decoding=\"async\" aria-describedby=\"caption-attachment-266186\" class=\"wp-image-266186 size-full\" title=\"\u1ea2nh: L\u00fd B\u00edch Ph\u01b0\u01a1ng\" src=\"https:\/\/cdn3.ivivu.com\/2018\/08\/day-chinh-la-5-dia-diem-duoc-gioi-tre-viet-thi-nhau-check-in-nhieu-nhat-tren-ban-do-du-lich-ivivu-22.jpg\" alt=\"\u1ea2nh: L\u00fd B\u00edch Ph\u01b0\u01a1ng\" width=\"1000\" height=\"667\" srcset=\"https:\/\/cdn3.ivivu.com\/2018\/08\/day-chinh-la-5-dia-diem-duoc-gioi-tre-viet-thi-nhau-check-in-nhieu-nhat-tren-ban-do-du-lich-ivivu-22.jpg 1000w, https:\/\/cdn3.ivivu.com\/2018\/08\/day-chinh-la-5-dia-diem-duoc-gioi-tre-viet-thi-nhau-check-in-nhieu-nhat-tren-ban-do-du-lich-ivivu-22-457x305.jpg 457w\" sizes=\"(max-width: 1000px) 100vw, 1000px\" \/><p id=\"caption-attachment-266186\" class=\"wp-caption-text\">\u1ea2nh: L\u00fd B\u00edch Ph\u01b0\u01a1ng<\/p><\/div>\n<h4 style=\"text-align: center;\"><div class=\"ltt-contentbox white\"><\/span>G\u1eccI NGAY 1900 1870 (Mi\u1ec1n Nam),\u00a01900 2045 (Mi\u1ec1n B\u1eafc) ho\u1eb7c\u00a01900 2087 (Mi\u1ec1n T\u00e2y) \u0110\u1ec2 \u0110\u01af\u1ee2C T\u01af V\u1ea4N\u00a0<a href=\"https:\/\/www.ivivu.com\/ve-may-bay\/?utm_source=blog_ivivu&amp;utm_medium=post_link&amp;utm_campaign=internal\" target=\"_blank\">COMBO KH\u00c1CH S\u1ea0N + V\u00c9 M\u00c1Y BAY<\/a>\u00a0GI\u00c1 SI\u00caU TI\u1ebeT KI\u1ec6M T\u1eea IVIVU.COM<\/div><\/h4>\n<p style=\"text-align: right;\"><strong>Theo\u00a0Kenh 14<\/strong><\/p>\n<div class=\"ltt-contentbox white\"><\/span><\/p>\n<p><strong>Xem th\u00eam c\u00e1c b\u00e0i vi\u1ebft:<\/strong><\/p>\n<p><strong><a href=\"https:\/\/www.ivivu.com\/blog\/2018\/07\/4-tro-choi-mao-hiem-cuc-thu-vi-ma-khong-can-ra-nuoc-ngoai-ngay-o-viet-nam-cung-co-the-choi-duoc\/\" target=\"_blank\">4 tr\u00f2 ch\u01a1i m\u1ea1o hi\u1ec3m c\u1ef1c th\u00fa v\u1ecb m\u00e0 kh\u00f4ng c\u1ea7n ra n\u01b0\u1edbc ngo\u00e0i, ngay \u1edf Vi\u1ec7t Nam c\u0169ng c\u00f3 th\u1ec3 ch\u01a1i \u0111\u01b0\u1ee3c<\/a><\/strong><\/p>\n<p><strong><a href=\"https:\/\/www.ivivu.com\/blog\/2018\/08\/choi-gi-o-toa-nha-cao-nhat-viet-nam-moi-khanh-thanh\/\" target=\"_blank\">Ch\u01a1i g\u00ec \u1edf t\u00f2a nh\u00e0 cao nh\u1ea5t Vi\u1ec7t Nam m\u1edbi kh\u00e1nh th\u00e0nh<\/a><\/strong><\/p>\n<p><strong><a href=\"https:\/\/www.ivivu.com\/blog\/2018\/08\/thu-tron-hoang-hon-xu-hue-tuyet-dep-tu-doi-vong-canh\/\" target=\"_blank\">Thu tr\u1ecdn ho\u00e0ng h\u00f4n x\u1ee9 Hu\u1ebf tuy\u1ec7t \u0111\u1eb9p t\u1eeb \u0111\u1ed3i V\u1ecdng C\u1ea3nh<\/a><\/strong><\/p>\n<p><\/div>\n<h3><div class=\"ltt-contentbox white\"><\/span>Click \u0111\u1eb7t ngay\u00a0<a href=\"https:\/\/www.ivivu.com\/?utm_source=blog_ivivu&amp;utm_medium=post_link&amp;utm_campaign=internal\" target=\"_blank\">Kh\u00e1ch s\u1ea1n kh\u1eafp Vi\u1ec7t Nam v\u00e0 to\u00e0n th\u1ebf gi\u1edbi<\/a>\u00a0gi\u00e1 t\u1ed1t nh\u1ea5t\u00a0ch\u1ec9 c\u00f3 t\u1ea1i iVIVU.com<\/div><\/h3>\n<p><strong>***<\/strong><\/p>\n<p><strong>Tham kh\u1ea3o:\u00a0<a href=\"https:\/\/www.ivivu.com\/blog\/\" target=\"_blank\">C\u1ea9m nang du l\u1ecbch iVIVU.com<\/a><\/strong><\/p>\n","protected":false},"excerpt":{"rendered":"<p>M\u1ed7i \u0111\u1ecba \u0111i\u1ec3m c\u00f3 m\u1ed9t m\u00e0u s\u1eafc, m\u1ed9t s\u1ef1 th\u00fa v\u1ecb ri\u00eang nh\u01b0ng t\u1ef1u trung l\u1ea1i th\u00ec ch\u00fang \u0111\u1ec1u tr\u1edf th\u00e0nh minh ch\u1ee9ng cho th\u1ea5y b\u1ea1n ch\u1eb3ng c\u1ea7n \u0111i \u0111\u00e2u xa c\u0169ng c\u00f3 th\u1ec3 c\u00f3 \u0111\u01b0\u1ee3c nh\u1eefng tr\u1ea3i nghi\u1ec7m du&#8230;<\/p>\n","protected":false},"author":38,"featured_media":266186,"comment_status":"closed","ping_status":"open","sticky":false,"template":"","format":"standard","meta":{"_acf_changed":false,"footnotes":""},"categories":[229,795,14742],"tags":[13662,33394,16,315,922,313,3254,122],"acf":[],"yoast_head":"<!-- This site is optimized with the Yoast SEO Premium plugin v22.6 (Yoast SEO v22.6) - https:\/\/yoast.com\/wordpress\/plugins\/seo\/ -->\n<title>\u0110\u00e2y ch\u00ednh l\u00e0 5 \u0111\u1ecba \u0111i\u1ec3m \u0111\u01b0\u1ee3c gi\u1edbi tr\u1ebb Vi\u1ec7t thi nhau check-in nhi\u1ec1u nh\u1ea5t tr\u00ean b\u1ea3n \u0111\u1ed3 du l\u1ecbch! - iVIVU.com<\/title>\n<meta name=\"description\" content=\"M\u1ed7i \u0111\u1ecba \u0111i\u1ec3m c\u00f3 m\u1ed9t s\u1ef1 th\u00fa v\u1ecb ri\u00eang nh\u01b0ng t\u1ef1u trung l\u1ea1i th\u00ec ch\u00fang \u0111\u1ec1u tr\u1edf th\u00e0nh minh ch\u1ee9ng cho th\u1ea5y b\u1ea1n ch\u1eb3ng c\u1ea7n \u0111i \u0111\u00e2u xa c\u0169ng c\u00f3 th\u1ec3 c\u00f3 \u0111\u01b0\u1ee3c nh\u1eefng tr\u1ea3i nghi\u1ec7m du l\u1ecbch kh\u00f3 qu\u00ean.\" \/>\n<meta name=\"robots\" content=\"index, follow, max-snippet:-1, max-image-preview:large, max-video-preview:-1\" \/>\n<link rel=\"canonical\" href=\"https:\/\/www.ivivu.com\/blog\/2018\/08\/day-chinh-la-5-dia-diem-duoc-gioi-tre-viet-thi-nhau-check-in-nhieu-nhat-tren-ban-do-du-lich\/\" \/>\n<meta name=\"twitter:label1\" content=\"\u0110\u01b0\u1ee3c vi\u1ebft b\u1edfi\" \/>\n\t<meta name=\"twitter:data1\" content=\"Ng\u00e2n Thi\u1ec1u Kim\" \/>\n\t<meta name=\"twitter:label2\" content=\"\u01af\u1edbc t\u00ednh th\u1eddi gian \u0111\u1ecdc\" \/>\n\t<meta name=\"twitter:data2\" content=\"13 ph\u00fat\" \/>\n<script type=\"application\/ld+json\" class=\"yoast-schema-graph\">{\"@context\":\"https:\/\/schema.org\",\"@graph\":[{\"@type\":\"Article\",\"@id\":\"https:\/\/www.ivivu.com\/blog\/2018\/08\/day-chinh-la-5-dia-diem-duoc-gioi-tre-viet-thi-nhau-check-in-nhieu-nhat-tren-ban-do-du-lich\/#article\",\"isPartOf\":{\"@id\":\"https:\/\/www.ivivu.com\/blog\/2018\/08\/day-chinh-la-5-dia-diem-duoc-gioi-tre-viet-thi-nhau-check-in-nhieu-nhat-tren-ban-do-du-lich\/\"},\"author\":{\"name\":\"Ng\u00e2n Thi\u1ec1u Kim\",\"@id\":\"https:\/\/www.ivivu.com\/blog\/#\/schema\/person\/f6e706f46fad4e85f2e1c3ec41136369\"},\"headline\":\"\u0110\u00e2y ch\u00ednh l\u00e0 5 \u0111\u1ecba \u0111i\u1ec3m \u0111\u01b0\u1ee3c gi\u1edbi tr\u1ebb Vi\u1ec7t thi nhau check-in nhi\u1ec1u nh\u1ea5t tr\u00ean b\u1ea3n \u0111\u1ed3 du l\u1ecbch!\",\"datePublished\":\"2018-08-24T02:37:56+00:00\",\"dateModified\":\"2018-08-24T02:37:56+00:00\",\"mainEntityOfPage\":{\"@id\":\"https:\/\/www.ivivu.com\/blog\/2018\/08\/day-chinh-la-5-dia-diem-duoc-gioi-tre-viet-thi-nhau-check-in-nhieu-nhat-tren-ban-do-du-lich\/\"},\"wordCount\":2653,\"publisher\":{\"@id\":\"https:\/\/www.ivivu.com\/blog\/#organization\"},\"image\":{\"@id\":\"https:\/\/www.ivivu.com\/blog\/2018\/08\/day-chinh-la-5-dia-diem-duoc-gioi-tre-viet-thi-nhau-check-in-nhieu-nhat-tren-ban-do-du-lich\/#primaryimage\"},\"thumbnailUrl\":\"https:\/\/cdn3.ivivu.com\/2018\/08\/day-chinh-la-5-dia-diem-duoc-gioi-tre-viet-thi-nhau-check-in-nhieu-nhat-tren-ban-do-du-lich-ivivu-22.jpg\",\"keywords\":[\"b\u1ea3n \u0111\u1ed3 du l\u1ecbch\",\"b\u1ea3n \u0111\u1ed3 du l\u1ecbch Vi\u1ec7t Nam\",\"du l\u1ecbch\",\"Du l\u1ecbch H\u1ed9i An\",\"du l\u1ecbch Hu\u1ebf\",\"du l\u1ecbch ph\u00fa qu\u1ed1c\",\"du l\u1ecbch Qu\u1ea3ng B\u00ecnh\",\"Vi\u1ec7t Nam\"],\"articleSection\":[\"DU L\u1ecaCH VI\u1ec6T NAM\",\"\u0110i\u1ec3m \u0111\u1ebfn\",\"N\u1ed5i B\u1eadt 2\"],\"inLanguage\":\"vi\"},{\"@type\":\"WebPage\",\"@id\":\"https:\/\/www.ivivu.com\/blog\/2018\/08\/day-chinh-la-5-dia-diem-duoc-gioi-tre-viet-thi-nhau-check-in-nhieu-nhat-tren-ban-do-du-lich\/\",\"url\":\"https:\/\/www.ivivu.com\/blog\/2018\/08\/day-chinh-la-5-dia-diem-duoc-gioi-tre-viet-thi-nhau-check-in-nhieu-nhat-tren-ban-do-du-lich\/\",\"name\":\"\u0110\u00e2y ch\u00ednh l\u00e0 5 \u0111\u1ecba \u0111i\u1ec3m \u0111\u01b0\u1ee3c gi\u1edbi tr\u1ebb Vi\u1ec7t thi nhau check-in nhi\u1ec1u nh\u1ea5t tr\u00ean b\u1ea3n \u0111\u1ed3 du l\u1ecbch! - iVIVU.com\",\"isPartOf\":{\"@id\":\"https:\/\/www.ivivu.com\/blog\/#website\"},\"primaryImageOfPage\":{\"@id\":\"https:\/\/www.ivivu.com\/blog\/2018\/08\/day-chinh-la-5-dia-diem-duoc-gioi-tre-viet-thi-nhau-check-in-nhieu-nhat-tren-ban-do-du-lich\/#primaryimage\"},\"image\":{\"@id\":\"https:\/\/www.ivivu.com\/blog\/2018\/08\/day-chinh-la-5-dia-diem-duoc-gioi-tre-viet-thi-nhau-check-in-nhieu-nhat-tren-ban-do-du-lich\/#primaryimage\"},\"thumbnailUrl\":\"https:\/\/cdn3.ivivu.com\/2018\/08\/day-chinh-la-5-dia-diem-duoc-gioi-tre-viet-thi-nhau-check-in-nhieu-nhat-tren-ban-do-du-lich-ivivu-22.jpg\",\"datePublished\":\"2018-08-24T02:37:56+00:00\",\"dateModified\":\"2018-08-24T02:37:56+00:00\",\"description\":\"M\u1ed7i \u0111\u1ecba \u0111i\u1ec3m c\u00f3 m\u1ed9t s\u1ef1 th\u00fa v\u1ecb ri\u00eang nh\u01b0ng t\u1ef1u trung l\u1ea1i th\u00ec ch\u00fang \u0111\u1ec1u tr\u1edf th\u00e0nh minh ch\u1ee9ng cho th\u1ea5y b\u1ea1n ch\u1eb3ng c\u1ea7n \u0111i \u0111\u00e2u xa c\u0169ng c\u00f3 th\u1ec3 c\u00f3 \u0111\u01b0\u1ee3c nh\u1eefng tr\u1ea3i nghi\u1ec7m du l\u1ecbch kh\u00f3 qu\u00ean.\",\"breadcrumb\":{\"@id\":\"https:\/\/www.ivivu.com\/blog\/2018\/08\/day-chinh-la-5-dia-diem-duoc-gioi-tre-viet-thi-nhau-check-in-nhieu-nhat-tren-ban-do-du-lich\/#breadcrumb\"},\"inLanguage\":\"vi\",\"potentialAction\":[{\"@type\":\"ReadAction\",\"target\":[\"https:\/\/www.ivivu.com\/blog\/2018\/08\/day-chinh-la-5-dia-diem-duoc-gioi-tre-viet-thi-nhau-check-in-nhieu-nhat-tren-ban-do-du-lich\/\"]}]},{\"@type\":\"ImageObject\",\"inLanguage\":\"vi\",\"@id\":\"https:\/\/www.ivivu.com\/blog\/2018\/08\/day-chinh-la-5-dia-diem-duoc-gioi-tre-viet-thi-nhau-check-in-nhieu-nhat-tren-ban-do-du-lich\/#primaryimage\",\"url\":\"https:\/\/cdn3.ivivu.com\/2018\/08\/day-chinh-la-5-dia-diem-duoc-gioi-tre-viet-thi-nhau-check-in-nhieu-nhat-tren-ban-do-du-lich-ivivu-22.jpg\",\"contentUrl\":\"https:\/\/cdn3.ivivu.com\/2018\/08\/day-chinh-la-5-dia-diem-duoc-gioi-tre-viet-thi-nhau-check-in-nhieu-nhat-tren-ban-do-du-lich-ivivu-22.jpg\",\"width\":1000,\"height\":667},{\"@type\":\"BreadcrumbList\",\"@id\":\"https:\/\/www.ivivu.com\/blog\/2018\/08\/day-chinh-la-5-dia-diem-duoc-gioi-tre-viet-thi-nhau-check-in-nhieu-nhat-tren-ban-do-du-lich\/#breadcrumb\",\"itemListElement\":[{\"@type\":\"ListItem\",\"position\":1,\"name\":\"Home\",\"item\":\"https:\/\/www.ivivu.com\/blog\/\"},{\"@type\":\"ListItem\",\"position\":2,\"name\":\"\u0110\u00e2y ch\u00ednh l\u00e0 5 \u0111\u1ecba \u0111i\u1ec3m \u0111\u01b0\u1ee3c gi\u1edbi tr\u1ebb Vi\u1ec7t thi nhau check-in nhi\u1ec1u nh\u1ea5t tr\u00ean b\u1ea3n \u0111\u1ed3 du l\u1ecbch!\"}]},{\"@type\":\"WebSite\",\"@id\":\"https:\/\/www.ivivu.com\/blog\/#website\",\"url\":\"https:\/\/www.ivivu.com\/blog\/\",\"name\":\"C\u1ea9m nang du l\u1ecbch\",\"description\":\"\",\"publisher\":{\"@id\":\"https:\/\/www.ivivu.com\/blog\/#organization\"},\"potentialAction\":[{\"@type\":\"SearchAction\",\"target\":{\"@type\":\"EntryPoint\",\"urlTemplate\":\"https:\/\/www.ivivu.com\/blog\/?s={search_term_string}\"},\"query-input\":\"required name=search_term_string\"}],\"inLanguage\":\"vi\"},{\"@type\":\"Organization\",\"@id\":\"https:\/\/www.ivivu.com\/blog\/#organization\",\"name\":\"iVIVU.com\",\"url\":\"https:\/\/www.ivivu.com\/blog\/\",\"logo\":{\"@type\":\"ImageObject\",\"inLanguage\":\"vi\",\"@id\":\"https:\/\/www.ivivu.com\/blog\/#\/schema\/logo\/image\/\",\"url\":\"https:\/\/cdn3.ivivu.com\/2024\/01\/ivivu_no_slogan.png\",\"contentUrl\":\"https:\/\/cdn3.ivivu.com\/2024\/01\/ivivu_no_slogan.png\",\"width\":788,\"height\":565,\"caption\":\"iVIVU.com\"},\"image\":{\"@id\":\"https:\/\/www.ivivu.com\/blog\/#\/schema\/logo\/image\/\"},\"sameAs\":[\"https:\/\/www.facebook.com\/iVIVU\"]},{\"@type\":\"Person\",\"@id\":\"https:\/\/www.ivivu.com\/blog\/#\/schema\/person\/f6e706f46fad4e85f2e1c3ec41136369\",\"name\":\"Ng\u00e2n Thi\u1ec1u Kim\",\"sameAs\":[\"https:\/\/www.ivivu.com\/blog\/\"],\"url\":\"https:\/\/www.ivivu.com\/blog\/author\/ngan-thieu\/\"}]}<\/script>\n<!-- \/ Yoast SEO Premium plugin. -->","yoast_head_json":{"title":"\u0110\u00e2y ch\u00ednh l\u00e0 5 \u0111\u1ecba \u0111i\u1ec3m \u0111\u01b0\u1ee3c gi\u1edbi tr\u1ebb Vi\u1ec7t thi nhau check-in nhi\u1ec1u nh\u1ea5t tr\u00ean b\u1ea3n \u0111\u1ed3 du l\u1ecbch! - iVIVU.com","description":"M\u1ed7i \u0111\u1ecba \u0111i\u1ec3m c\u00f3 m\u1ed9t s\u1ef1 th\u00fa v\u1ecb ri\u00eang nh\u01b0ng t\u1ef1u trung l\u1ea1i th\u00ec ch\u00fang \u0111\u1ec1u tr\u1edf th\u00e0nh minh ch\u1ee9ng cho th\u1ea5y b\u1ea1n ch\u1eb3ng c\u1ea7n \u0111i \u0111\u00e2u xa c\u0169ng c\u00f3 th\u1ec3 c\u00f3 \u0111\u01b0\u1ee3c nh\u1eefng tr\u1ea3i nghi\u1ec7m du l\u1ecbch kh\u00f3 qu\u00ean.","robots":{"index":"index","follow":"follow","max-snippet":"max-snippet:-1","max-image-preview":"max-image-preview:large","max-video-preview":"max-video-preview:-1"},"canonical":"https:\/\/www.ivivu.com\/blog\/2018\/08\/day-chinh-la-5-dia-diem-duoc-gioi-tre-viet-thi-nhau-check-in-nhieu-nhat-tren-ban-do-du-lich\/","twitter_misc":{"\u0110\u01b0\u1ee3c vi\u1ebft b\u1edfi":"Ng\u00e2n Thi\u1ec1u Kim","\u01af\u1edbc t\u00ednh th\u1eddi gian \u0111\u1ecdc":"13 ph\u00fat"},"schema":{"@context":"https:\/\/schema.org","@graph":[{"@type":"Article","@id":"https:\/\/www.ivivu.com\/blog\/2018\/08\/day-chinh-la-5-dia-diem-duoc-gioi-tre-viet-thi-nhau-check-in-nhieu-nhat-tren-ban-do-du-lich\/#article","isPartOf":{"@id":"https:\/\/www.ivivu.com\/blog\/2018\/08\/day-chinh-la-5-dia-diem-duoc-gioi-tre-viet-thi-nhau-check-in-nhieu-nhat-tren-ban-do-du-lich\/"},"author":{"name":"Ng\u00e2n Thi\u1ec1u Kim","@id":"https:\/\/www.ivivu.com\/blog\/#\/schema\/person\/f6e706f46fad4e85f2e1c3ec41136369"},"headline":"\u0110\u00e2y ch\u00ednh l\u00e0 5 \u0111\u1ecba \u0111i\u1ec3m \u0111\u01b0\u1ee3c gi\u1edbi tr\u1ebb Vi\u1ec7t thi nhau check-in nhi\u1ec1u nh\u1ea5t tr\u00ean b\u1ea3n \u0111\u1ed3 du l\u1ecbch!","datePublished":"2018-08-24T02:37:56+00:00","dateModified":"2018-08-24T02:37:56+00:00","mainEntityOfPage":{"@id":"https:\/\/www.ivivu.com\/blog\/2018\/08\/day-chinh-la-5-dia-diem-duoc-gioi-tre-viet-thi-nhau-check-in-nhieu-nhat-tren-ban-do-du-lich\/"},"wordCount":2653,"publisher":{"@id":"https:\/\/www.ivivu.com\/blog\/#organization"},"image":{"@id":"https:\/\/www.ivivu.com\/blog\/2018\/08\/day-chinh-la-5-dia-diem-duoc-gioi-tre-viet-thi-nhau-check-in-nhieu-nhat-tren-ban-do-du-lich\/#primaryimage"},"thumbnailUrl":"https:\/\/cdn3.ivivu.com\/2018\/08\/day-chinh-la-5-dia-diem-duoc-gioi-tre-viet-thi-nhau-check-in-nhieu-nhat-tren-ban-do-du-lich-ivivu-22.jpg","keywords":["b\u1ea3n \u0111\u1ed3 du l\u1ecbch","b\u1ea3n \u0111\u1ed3 du l\u1ecbch Vi\u1ec7t Nam","du l\u1ecbch","Du l\u1ecbch H\u1ed9i An","du l\u1ecbch Hu\u1ebf","du l\u1ecbch ph\u00fa qu\u1ed1c","du l\u1ecbch Qu\u1ea3ng B\u00ecnh","Vi\u1ec7t Nam"],"articleSection":["DU L\u1ecaCH VI\u1ec6T NAM","\u0110i\u1ec3m \u0111\u1ebfn","N\u1ed5i B\u1eadt 2"],"inLanguage":"vi"},{"@type":"WebPage","@id":"https:\/\/www.ivivu.com\/blog\/2018\/08\/day-chinh-la-5-dia-diem-duoc-gioi-tre-viet-thi-nhau-check-in-nhieu-nhat-tren-ban-do-du-lich\/","url":"https:\/\/www.ivivu.com\/blog\/2018\/08\/day-chinh-la-5-dia-diem-duoc-gioi-tre-viet-thi-nhau-check-in-nhieu-nhat-tren-ban-do-du-lich\/","name":"\u0110\u00e2y ch\u00ednh l\u00e0 5 \u0111\u1ecba \u0111i\u1ec3m \u0111\u01b0\u1ee3c gi\u1edbi tr\u1ebb Vi\u1ec7t thi nhau check-in nhi\u1ec1u nh\u1ea5t tr\u00ean b\u1ea3n \u0111\u1ed3 du l\u1ecbch! - iVIVU.com","isPartOf":{"@id":"https:\/\/www.ivivu.com\/blog\/#website"},"primaryImageOfPage":{"@id":"https:\/\/www.ivivu.com\/blog\/2018\/08\/day-chinh-la-5-dia-diem-duoc-gioi-tre-viet-thi-nhau-check-in-nhieu-nhat-tren-ban-do-du-lich\/#primaryimage"},"image":{"@id":"https:\/\/www.ivivu.com\/blog\/2018\/08\/day-chinh-la-5-dia-diem-duoc-gioi-tre-viet-thi-nhau-check-in-nhieu-nhat-tren-ban-do-du-lich\/#primaryimage"},"thumbnailUrl":"https:\/\/cdn3.ivivu.com\/2018\/08\/day-chinh-la-5-dia-diem-duoc-gioi-tre-viet-thi-nhau-check-in-nhieu-nhat-tren-ban-do-du-lich-ivivu-22.jpg","datePublished":"2018-08-24T02:37:56+00:00","dateModified":"2018-08-24T02:37:56+00:00","description":"M\u1ed7i \u0111\u1ecba \u0111i\u1ec3m c\u00f3 m\u1ed9t s\u1ef1 th\u00fa v\u1ecb ri\u00eang nh\u01b0ng t\u1ef1u trung l\u1ea1i th\u00ec ch\u00fang \u0111\u1ec1u tr\u1edf th\u00e0nh minh ch\u1ee9ng cho th\u1ea5y b\u1ea1n ch\u1eb3ng c\u1ea7n \u0111i \u0111\u00e2u xa c\u0169ng c\u00f3 th\u1ec3 c\u00f3 \u0111\u01b0\u1ee3c nh\u1eefng tr\u1ea3i nghi\u1ec7m du l\u1ecbch kh\u00f3 qu\u00ean.","breadcrumb":{"@id":"https:\/\/www.ivivu.com\/blog\/2018\/08\/day-chinh-la-5-dia-diem-duoc-gioi-tre-viet-thi-nhau-check-in-nhieu-nhat-tren-ban-do-du-lich\/#breadcrumb"},"inLanguage":"vi","potentialAction":[{"@type":"ReadAction","target":["https:\/\/www.ivivu.com\/blog\/2018\/08\/day-chinh-la-5-dia-diem-duoc-gioi-tre-viet-thi-nhau-check-in-nhieu-nhat-tren-ban-do-du-lich\/"]}]},{"@type":"ImageObject","inLanguage":"vi","@id":"https:\/\/www.ivivu.com\/blog\/2018\/08\/day-chinh-la-5-dia-diem-duoc-gioi-tre-viet-thi-nhau-check-in-nhieu-nhat-tren-ban-do-du-lich\/#primaryimage","url":"https:\/\/cdn3.ivivu.com\/2018\/08\/day-chinh-la-5-dia-diem-duoc-gioi-tre-viet-thi-nhau-check-in-nhieu-nhat-tren-ban-do-du-lich-ivivu-22.jpg","contentUrl":"https:\/\/cdn3.ivivu.com\/2018\/08\/day-chinh-la-5-dia-diem-duoc-gioi-tre-viet-thi-nhau-check-in-nhieu-nhat-tren-ban-do-du-lich-ivivu-22.jpg","width":1000,"height":667},{"@type":"BreadcrumbList","@id":"https:\/\/www.ivivu.com\/blog\/2018\/08\/day-chinh-la-5-dia-diem-duoc-gioi-tre-viet-thi-nhau-check-in-nhieu-nhat-tren-ban-do-du-lich\/#breadcrumb","itemListElement":[{"@type":"ListItem","position":1,"name":"Home","item":"https:\/\/www.ivivu.com\/blog\/"},{"@type":"ListItem","position":2,"name":"\u0110\u00e2y ch\u00ednh l\u00e0 5 \u0111\u1ecba \u0111i\u1ec3m \u0111\u01b0\u1ee3c gi\u1edbi tr\u1ebb Vi\u1ec7t thi nhau check-in nhi\u1ec1u nh\u1ea5t tr\u00ean b\u1ea3n \u0111\u1ed3 du l\u1ecbch!"}]},{"@type":"WebSite","@id":"https:\/\/www.ivivu.com\/blog\/#website","url":"https:\/\/www.ivivu.com\/blog\/","name":"C\u1ea9m nang du l\u1ecbch","description":"","publisher":{"@id":"https:\/\/www.ivivu.com\/blog\/#organization"},"potentialAction":[{"@type":"SearchAction","target":{"@type":"EntryPoint","urlTemplate":"https:\/\/www.ivivu.com\/blog\/?s={search_term_string}"},"query-input":"required name=search_term_string"}],"inLanguage":"vi"},{"@type":"Organization","@id":"https:\/\/www.ivivu.com\/blog\/#organization","name":"iVIVU.com","url":"https:\/\/www.ivivu.com\/blog\/","logo":{"@type":"ImageObject","inLanguage":"vi","@id":"https:\/\/www.ivivu.com\/blog\/#\/schema\/logo\/image\/","url":"https:\/\/cdn3.ivivu.com\/2024\/01\/ivivu_no_slogan.png","contentUrl":"https:\/\/cdn3.ivivu.com\/2024\/01\/ivivu_no_slogan.png","width":788,"height":565,"caption":"iVIVU.com"},"image":{"@id":"https:\/\/www.ivivu.com\/blog\/#\/schema\/logo\/image\/"},"sameAs":["https:\/\/www.facebook.com\/iVIVU"]},{"@type":"Person","@id":"https:\/\/www.ivivu.com\/blog\/#\/schema\/person\/f6e706f46fad4e85f2e1c3ec41136369","name":"Ng\u00e2n Thi\u1ec1u Kim","sameAs":["https:\/\/www.ivivu.com\/blog\/"],"url":"https:\/\/www.ivivu.com\/blog\/author\/ngan-thieu\/"}]}},"_links":{"self":[{"href":"https:\/\/www.ivivu.com\/blog\/wp-json\/wp\/v2\/posts\/266235"}],"collection":[{"href":"https:\/\/www.ivivu.com\/blog\/wp-json\/wp\/v2\/posts"}],"about":[{"href":"https:\/\/www.ivivu.com\/blog\/wp-json\/wp\/v2\/types\/post"}],"author":[{"embeddable":true,"href":"https:\/\/www.ivivu.com\/blog\/wp-json\/wp\/v2\/users\/38"}],"replies":[{"embeddable":true,"href":"https:\/\/www.ivivu.com\/blog\/wp-json\/wp\/v2\/comments?post=266235"}],"version-history":[{"count":5,"href":"https:\/\/www.ivivu.com\/blog\/wp-json\/wp\/v2\/posts\/266235\/revisions"}],"predecessor-version":[{"id":266270,"href":"https:\/\/www.ivivu.com\/blog\/wp-json\/wp\/v2\/posts\/266235\/revisions\/266270"}],"wp:featuredmedia":[{"embeddable":true,"href":"https:\/\/www.ivivu.com\/blog\/wp-json\/wp\/v2\/media\/266186"}],"wp:attachment":[{"href":"https:\/\/www.ivivu.com\/blog\/wp-json\/wp\/v2\/media?parent=266235"}],"wp:term":[{"taxonomy":"category","embeddable":true,"href":"https:\/\/www.ivivu.com\/blog\/wp-json\/wp\/v2\/categories?post=266235"},{"taxonomy":"post_tag","embeddable":true,"href":"https:\/\/www.ivivu.com\/blog\/wp-json\/wp\/v2\/tags?post=266235"}],"curies":[{"name":"wp","href":"https:\/\/api.w.org\/{rel}","templated":true}]}}