{"id":266551,"date":"2018-08-30T13:26:27","date_gmt":"2018-08-30T06:26:27","guid":{"rendered":"https:\/\/www.ivivu.com\/blog\/?p=266551"},"modified":"2018-08-30T13:26:27","modified_gmt":"2018-08-30T06:26:27","slug":"ba-cung-duong-trekking-3-ngay-2-dem-cho-dip-le-29","status":"publish","type":"post","link":"https:\/\/www.ivivu.com\/blog\/2018\/08\/ba-cung-duong-trekking-3-ngay-2-dem-cho-dip-le-29\/","title":{"rendered":"Ba cung \u0111\u01b0\u1eddng trekking 3 ng\u00e0y 2 \u0111\u00eam cho d\u1ecbp l\u1ec5 2\/9"},"content":{"rendered":"<p style=\"text-align: justify;\"><strong><em>Ng\u1eafm m\u00e2y, h\u00f2a m\u00ecnh v\u00e0o kh\u00f4ng gian xanh ng\u00e1t hay ch\u00ecm v\u00e0o \u0111\u1ed3ng c\u1ecf may cao ng\u00fat khi\u1ebfn d\u1ecbp l\u1ec5 c\u1ee7a b\u1ea1n kh\u00f4ng nh\u00e0m ch\u00e1n.<\/em><\/strong><!--more--><\/p>\n<h2 style=\"text-align: justify;\">Ba cung \u0111\u01b0\u1eddng trekking 3 ng\u00e0y 2 \u0111\u00eam cho d\u1ecbp l\u1ec5 2\/9<\/h2>\n<p class=\"Normal\" style=\"text-align: justify;\">N\u1ebfu v\u1eabn ch\u01b0a bi\u1ebft \u0111i \u0111\u00e2u v\u00e0o d\u1ecbp Qu\u1ed1c kh\u00e1nh, b\u1ea1n v\u1eabn k\u1ecbp l\u00ean k\u1ebf ho\u1ea1ch \u0111\u1ebfn ba <strong>cung \u0111\u01b0\u1eddng trekking<\/strong> \u0111\u1eb9p nh\u1ea5t Vi\u1ec7t Nam. Tr\u01b0\u1edbc khi l\u00ean \u0111\u01b0\u1eddng, b\u1ea1n ch\u1ec9 c\u1ea7n chu\u1ea9n b\u1ecb \u0111\u1ea7y \u0111\u1ee7 \u0111\u1ed3 ngh\u1ec1 c\u1ea7n thi\u1ebft nh\u01b0 qu\u1ea7n \u00e1o g\u1ecdn nh\u1eb9 mau kh\u00f4, l\u1ec1u, t\u00fai ng\u1ee7, \u0111\u00e8n pin, gi\u00e0y c\u1ed5 cao b\u00e1m t\u1ed1t, l\u01b0\u01a1ng th\u1ef1c, quan tr\u1ecdng nh\u1ea5t l\u00e0 n\u01b0\u1edbc c\u00f9ng m\u1ed9t s\u1ed1 k\u1ef9 n\u0103ng \u0111i r\u1eebng.<\/p>\n<p class=\"Normal\"><strong>T\u00e0 N\u0103ng (L\u00e2m \u0110\u1ed3ng)<\/strong><\/p>\n<p class=\"Normal\"><a href=\"https:\/\/cdn3.ivivu.com\/2018\/08\/ba-cung-duong-trekking-3-ngay-2-dem-cho-dip-le-2-9-ivivu-1.jpg\"><img loading=\"lazy\" decoding=\"async\" class=\"aligncenter size-full wp-image-266552\" src=\"https:\/\/cdn3.ivivu.com\/2018\/08\/ba-cung-duong-trekking-3-ngay-2-dem-cho-dip-le-2-9-ivivu-1.jpg\" alt=\"ba-cung-duong-trekking-3-ngay-2-dem-cho-dip-le-2-9-ivivu-1\" width=\"680\" height=\"454\" srcset=\"https:\/\/cdn3.ivivu.com\/2018\/08\/ba-cung-duong-trekking-3-ngay-2-dem-cho-dip-le-2-9-ivivu-1.jpg 680w, https:\/\/cdn3.ivivu.com\/2018\/08\/ba-cung-duong-trekking-3-ngay-2-dem-cho-dip-le-2-9-ivivu-1-457x305.jpg 457w\" sizes=\"(max-width: 680px) 100vw, 680px\" \/><\/a><\/p>\n<p class=\"Normal\" style=\"text-align: justify;\">C\u00e1ch S\u00e0i G\u00f2n kho\u1ea3ng 300 km, T\u00e0 N\u0103ng \u0111\u01b0\u1ee3c m\u1ec7nh danh l\u00e0 <strong><em>cung \u0111\u01b0\u1eddng trekking<\/em><\/strong> \u0111\u1eb9p nh\u1ea5t Vi\u1ec7t Nam, kh\u00f4ng c\u00f2n xa l\u1ea1 trong c\u1ed9ng \u0111\u1ed3ng ph\u01b0\u1ee3t. M\u00f9a c\u1ecf xanh hay m\u00f9a c\u1ecf ch\u00e1y kh\u00f4 v\u00e0ng, khung c\u1ea3nh \u1edf \u0111\u00e2y \u0111\u1ec1u mang nh\u1eefng n\u00e9t \u0111\u1eb9p ri\u00eang. V\u00e0o \u0111\u1ed9 cu\u1ed1i th\u00e1ng 8 \u0111\u1ea7u th\u00e1ng 9, d\u1ecdc \u0111\u01b0\u1eddng \u0111i b\u1ea1n c\u00f2n b\u0103ng qua \u0111\u1ed3ng b\u1eafp \u0111ang tr\u1ed5 b\u00f4ng gi\u1eefa gi\u00f3 thu nh\u00e8 nh\u1eb9, h\u01b0\u01a1ng \u0111\u1ed3ng n\u1ed9i thoang tho\u1ea3ng s\u1ebd khi\u1ebfn b\u1ea1n c\u1ea3m th\u1ea5y nh\u1eb9 nh\u00f5m.<\/p>\n<p class=\"Normal\" style=\"text-align: justify;\">C\u00f3 2 cung \u0111\u01b0\u1eddng cho b\u1ea1n l\u1ef1a ch\u1ecdn: 30 km v\u00e0 55 km, trong \u0111\u00f3 cung \u0111\u01b0\u1eddng ng\u1eafn v\u1eeba v\u1eb7n \u0111\u1ee7 ho\u00e0n th\u00e0nh trong 3 ng\u00e0y 2 \u0111\u00eam. D\u00e2n nghi\u1ec7p d\u01b0 c\u00f3 th\u1ec3 \u0111\u0103ng k\u00fd c\u00e1c tour trekking c\u00f3 h\u01b0\u1edbng d\u1eabn v\u00e0 potter h\u1ed7 tr\u1ee3 s\u1ebd an to\u00e0n h\u01a1n, chi ph\u00ed kho\u1ea3ng 1,6 tri\u1ec7u \u0111\u1ed3ng\/ng\u01b0\u1eddi tr\u1edf l\u00ean t\u00f9y s\u1ed1 ng\u00e0y. C\u00f2n n\u1ebfu \u0111\u1ee7 t\u1ef1 tin v\u00e0 quen trekking, b\u1ea1n ch\u1ec9 vi\u1ec7c x\u00e1ch ba l\u00f4 l\u00ean v\u00e0 \u0111i nh\u01b0ng t\u1ed1t nh\u1ea5t l\u00e0 tham kh\u1ea3o l\u1ecbch tr\u00ecnh t\u1eeb nh\u1eefng ng\u01b0\u1eddi \u0111i tr\u01b0\u1edbc. T\u1eeb S\u00e0i G\u00f2n, b\u1ea1n b\u1eaft xe l\u00ean L\u00e2m \u0110\u1ed3ng, d\u1eebng t\u1ea1i ng\u00e3 ba T\u00e0 Hine (g\u1ea7n h\u1ed3 \u0110\u1ea1i Ninh) r\u1ed3i t\u1eeb \u0111\u00e2y di chuy\u1ec3n \u0111\u1ebfn T\u00e0 N\u0103ng &#8211; Phan D\u0169ng, b\u1eaft \u0111\u1ea7u h\u00e0nh tr\u00ecnh xuy\u00ean r\u1eebng.<\/p>\n<p class=\"Normal\"><strong>B\u00ecnh Li\u00eau (Qu\u1ea3ng Ninh)<\/strong><\/p>\n<p class=\"Normal\"><a href=\"https:\/\/cdn3.ivivu.com\/2018\/08\/ba-cung-duong-trekking-3-ngay-2-dem-cho-dip-le-2-9-ivivu-2.jpg\"><img loading=\"lazy\" decoding=\"async\" class=\"aligncenter size-full wp-image-266553\" src=\"https:\/\/cdn3.ivivu.com\/2018\/08\/ba-cung-duong-trekking-3-ngay-2-dem-cho-dip-le-2-9-ivivu-2.jpg\" alt=\"ba-cung-duong-trekking-3-ngay-2-dem-cho-dip-le-2-9-ivivu-2\" width=\"680\" height=\"472\" srcset=\"https:\/\/cdn3.ivivu.com\/2018\/08\/ba-cung-duong-trekking-3-ngay-2-dem-cho-dip-le-2-9-ivivu-2.jpg 680w, https:\/\/cdn3.ivivu.com\/2018\/08\/ba-cung-duong-trekking-3-ngay-2-dem-cho-dip-le-2-9-ivivu-2-439x305.jpg 439w, https:\/\/cdn3.ivivu.com\/2018\/08\/ba-cung-duong-trekking-3-ngay-2-dem-cho-dip-le-2-9-ivivu-2-50x35.jpg 50w\" sizes=\"(max-width: 680px) 100vw, 680px\" \/><\/a><\/p>\n<p class=\"Normal\" style=\"text-align: justify;\">B\u00ecnh Li\u00eau c\u00e1ch TP H\u1ea1 Long kho\u1ea3ng 100 km v\u00e0 c\u00e1ch H\u00e0 N\u1ed9i kho\u1ea3ng 270 km, k\u00edch th\u00edch nh\u1eefng tay x\u1ebf mu\u1ed1n t\u00ecm c\u1ea3m gi\u00e1c phi\u00eau l\u01b0u. B\u1ea1n c\u00f3 th\u1ec3 d\u1ec5 d\u00e0ng ch\u1ea1y xe m\u00e1y ho\u1eb7c \u00f4t\u00f4 t\u1eeb H\u00e0 N\u1ed9i, \u0111\u01b0\u1eddng kh\u00f4ng qu\u00e1 kh\u00f3, ch\u1ea1y xe t\u00e0 t\u00e0 ng\u1eafm c\u1ea3nh c\u0169ng kh\u00e1 th\u00fa v\u1ecb, m\u1ec7t th\u00ec ngh\u1ec9. B\u00ean c\u1ea1nh \u0111\u00f3, cung \u0111\u01b0\u1eddng tu\u1ea7n tra bi\u00ean gi\u1edbi ph\u00eda T\u00e2y B\u00ecnh Li\u00eau \u1edf \u0111\u1ed9 cao 700 m so v\u1edbi m\u1ef1c n\u01b0\u1edbc bi\u1ec3n,\u00a0d\u1ecdc \u0111\u01b0\u1eddng ngang qua c\u1ea3nh n\u00fai non, \u0111\u1ed3ng l\u00faa, c\u00f3 th\u1ec3\u00a0d\u1eebng l\u1ea1i \u0111\u1ec3 ch\u1ee5p \u1ea3nh.<\/p>\n<p class=\"Normal\" style=\"text-align: justify;\">\u0110i\u1ec3m m\u1ea5u ch\u1ed1t khi\u1ebfn c\u00e1c ph\u01b0\u1ee3t th\u1ee7 cu\u1ed3ng ch\u00e2n l\u00e0 con \u0111\u01b0\u1eddng m\u00f2n n\u1eb1m gi\u1eefa n\u00fai \u0111\u01b0\u1ee3c m\u1ec7nh danh l\u00e0 s\u1ed1ng l\u01b0ng kh\u1ee7ng long \u1edf Vi\u1ec7t Nam, b\u1ec1 ngang \u0111\u01b0\u1eddng ch\u1ec9 v\u1eeba \u0111\u1ee7 m\u1ed9t xe m\u00e1y ch\u1ea1y. C\u1ea3nh thi\u00ean nhi\u00ean hoang d\u00e3, hai b\u00ean l\u00e0 n\u00fai xanh th\u1eb3m tr\u00f9ng \u0111i\u1ec7p, \u0111\u1eb7c bi\u1ec7t l\u00e0 c\u1ea3nh ho\u00e0ng h\u00f4n \u1edf \u0111\u00e2y ch\u1eafc ch\u1eafn s\u1ebd khi\u1ebfn b\u1ea1n c\u1ea3m th\u1ea5y c\u00f4ng s\u1ee9c m\u00ecnh b\u1ecf ra kh\u00f4ng h\u1ec1 u\u1ed5ng ph\u00ed.<\/p>\n<p class=\"Normal\"><strong>T\u00e0 X\u00f9a (S\u01a1n La)<\/strong><\/p>\n<p class=\"Normal\"><a href=\"https:\/\/cdn3.ivivu.com\/2018\/08\/ba-cung-duong-trekking-3-ngay-2-dem-cho-dip-le-2-9-ivivu-3.jpg\"><img loading=\"lazy\" decoding=\"async\" class=\"aligncenter size-full wp-image-266554\" src=\"https:\/\/cdn3.ivivu.com\/2018\/08\/ba-cung-duong-trekking-3-ngay-2-dem-cho-dip-le-2-9-ivivu-3.jpg\" alt=\"ba-cung-duong-trekking-3-ngay-2-dem-cho-dip-le-2-9-ivivu-3\" width=\"680\" height=\"453\" srcset=\"https:\/\/cdn3.ivivu.com\/2018\/08\/ba-cung-duong-trekking-3-ngay-2-dem-cho-dip-le-2-9-ivivu-3.jpg 680w, https:\/\/cdn3.ivivu.com\/2018\/08\/ba-cung-duong-trekking-3-ngay-2-dem-cho-dip-le-2-9-ivivu-3-458x305.jpg 458w\" sizes=\"(max-width: 680px) 100vw, 680px\" \/><\/a><\/p>\n<p class=\"Normal\" style=\"text-align: justify;\">T\u00e0 X\u00f9a \u1edf huy\u1ec7n B\u1eafc Y\u00ean (S\u01a1n La) l\u00e0 \u0111i\u1ec3m s\u0103n m\u00e2y c\u00f3 ti\u1ebfng tr\u00ean b\u1ea3n \u0111\u1ed3 du l\u1ecbch Vi\u1ec7t Nam. Kho\u1ea3ng th\u00e1ng 12 \u0111\u1ebfn th\u00e1ng 3 l\u00e0 th\u1eddi \u0111i\u1ec3m \u0111\u1eb9p nh\u1ea5t \u0111\u1ec3 ng\u1eafm nh\u00ecn bi\u1ec3n m\u00e2y tr\u1eafng x\u00f3a b\u1ed3ng b\u1ec1nh nh\u01b0 b\u00f4ng g\u00f2n, tuy nhi\u00ean n\u1ebfu chinh ph\u1ee5c T\u00e0 X\u00f9a v\u00e0o th\u00e1ng 9, ngo\u00e0i l\u1edbp m\u00e2y ph\u1ee7 nh\u1eb9, d\u00f9 \u00edt h\u01a1n so v\u1edbi nh\u1eefng th\u00e1ng m\u00f9a \u0111\u00f4ng nh\u01b0ng n\u00fai non \u1ea9n hi\u1ec7n bi\u1ebfn n\u01a1i \u0111\u00e2y nh\u01b0 ti\u00ean c\u1ea3nh \u0111\u1eb9p ng\u1ee1 ng\u00e0ng. \u0110\u1ebfn tr\u01b0a m\u00e2y c\u0169ng ch\u01b0a tan v\u00ec b\u00ean d\u01b0\u1edbi l\u00e0 thung l\u0169ng, \u0111\u01b0\u1ee3c bao quanh b\u1edfi n\u00fai k\u00edn gi\u00f3.<\/p>\n<p class=\"Normal\" style=\"text-align: justify;\">T\u1eeb H\u00e0 N\u1ed9i, b\u1ea1n ch\u1ea1y xe kho\u1ea3ng 250 km \u0111\u1ebfn S\u01a1n La. C\u00f3 th\u1ec3 ch\u1ecdn ngh\u1ec9 t\u1ea1i nh\u00e0 ngh\u1ec9 \u1edf B\u1eafc Y\u00ean ho\u1eb7c mu\u1ed1n ti\u1ebft ki\u1ec7m th\u00ec mang theo l\u1ec1u v\u00e0 l\u01b0\u01a1ng th\u1ef1c r\u1ed3i c\u1eafm tr\u1ea1i ngay t\u1ea1i T\u00e0 X\u00f9a. Ngo\u00e0i s\u0103n m\u00e2y th\u00ec ng\u1eafm sao, ho\u00e0ng h\u00f4n \u1edf T\u00e0 X\u00f9a ch\u1eafc ch\u1eafn s\u1ebd r\u1ea5t tuy\u1ec7t v\u1eddi. B\u1ea7u tr\u1eddi \u0111\u00eam huy\u1ec1n \u1ea3o, ti\u1ebft tr\u1eddi l\u00e0nh l\u1ea1nh, nh\u1ea5m nh\u00e1p ly c\u00e0 ph\u00ea n\u00f3ng h\u1ed5i trong chi\u1ebfc l\u1ec1u nh\u1ecf s\u1ebd khi\u1ebfn b\u1ea1n th\u1ea5y th\u01b0 th\u00e1i h\u01a1n nhi\u1ec1u.<\/p>\n<h4 style=\"text-align: center;\"><div class=\"ltt-contentbox white\"><\/span>G\u1eccI NGAY 1900 1870 (Mi\u1ec1n Nam),\u00a01900 2045 (Mi\u1ec1n B\u1eafc) ho\u1eb7c\u00a01900 2087 (Mi\u1ec1n T\u00e2y) \u0110\u1ec2 \u0110\u01af\u1ee2C T\u01af V\u1ea4N\u00a0<a href=\"https:\/\/www.ivivu.com\/ve-may-bay\/?utm_source=blog_ivivu&amp;utm_medium=post_link&amp;utm_campaign=internal\" target=\"_blank\">COMBO KH\u00c1CH S\u1ea0N + V\u00c9 M\u00c1Y BAY<\/a>\u00a0GI\u00c1 SI\u00caU TI\u1ebeT KI\u1ec6M T\u1eea IVIVU.COM<\/div><\/h4>\n<p style=\"text-align: right;\"><a href=\"https:\/\/ngoisao.net\/tin-tuc\/an-choi\/choi-dau\/ba-cung-duong-trekking-3-ngay-2-dem-cho-dip-le-2-9-3799083.html\" target=\"_blank\"><strong>Theo Vi Y\u1ebfn (Ng\u00f4i sao)<\/strong><\/a><\/p>\n<div class=\"ltt-contentbox white\"><\/span><\/p>\n<p><strong>Xem th\u00eam c\u00e1c b\u00e0i vi\u1ebft:<\/strong><\/p>\n<p><strong><a href=\"https:\/\/www.ivivu.com\/blog\/2018\/08\/8-dieu-khong-the-bo-qua-o-da-lat-khi-di-choi-29\/\" target=\"_blank\">8 \u0111i\u1ec1u kh\u00f4ng th\u1ec3 b\u1ecf qua \u1edf \u0110\u00e0 L\u1ea1t khi \u0111i ch\u01a1i 2\/9<\/a><\/strong><\/p>\n<p><strong><a href=\"https:\/\/www.ivivu.com\/blog\/2018\/08\/xem-xong-bo-anh-dep-me-li-nay-cu-dan-mang-hi-hung-khi-biet-them-mot-diem-song-ao-moi-o-an-giang\/\" target=\"_blank\">Xem xong b\u1ed9 \u1ea3nh \u0111\u1eb9p m\u00ea li n\u00e0y, c\u01b0 d\u00e2n m\u1ea1ng h\u00ed h\u1eedng khi bi\u1ebft th\u00eam m\u1ed9t \u0111i\u1ec3m s\u1ed1ng \u1ea3o m\u1edbi \u1edf An Giang<\/a><\/strong><\/p>\n<p><strong><a href=\"https:\/\/www.ivivu.com\/blog\/2018\/08\/top-4-khach-san-da-lat-dip-le-29-gia-chi-tu-345-000-dongdem\/\" target=\"_blank\">Top 4 kh\u00e1ch s\u1ea1n \u0110\u00e0 L\u1ea1t d\u1ecbp l\u1ec5 2\/9 gi\u00e1 ch\u1ec9 t\u1eeb 345.000 \u0111\u1ed3ng\/\u0111\u00eam<\/a><\/strong><\/p>\n<p><\/div>\n<h3><div class=\"ltt-contentbox white\"><\/span>Click \u0111\u1eb7t ngay\u00a0<a href=\"https:\/\/www.ivivu.com\/vi\/?utm_source=blog_ivivu&amp;utm_medium=post_link&amp;utm_campaign=internal?utm_source=blog_ivivu&amp;utm_medium=post_link&amp;utm_campaign=internal?utm_source=blog_ivivu&amp;utm_medium=post_link&amp;utm_campaign=internal?utm_source=blog_ivivu&amp;utm_medium=post_link&amp;utm_campaign=internal?utm_source=blog_ivivu&amp;utm_medium=post_link&amp;utm_campaign=internal?utm_source=blog_ivivu&amp;utm_medium=post_link&amp;utm_campaign=internal?utm_source=blog_ivivu&amp;utm_medium=post_link&amp;utm_campaign=internal?utm_source=blog_ivivu&amp;utm_medium=post_link&amp;utm_campaign=internal?utm_source=blog_ivivu&amp;utm_medium=post_link&amp;utm_campaign=internal?utm_source=blog_ivivu&amp;utm_medium=post_link&amp;utm_campaign=internal?utm_source=blog_ivivu&amp;utm_medium=post_link&amp;utm_campaign=internal?utm_source=blog_ivivu&amp;utm_medium=post_link&amp;utm_campaign=internal?utm_source=blog_ivivu&amp;utm_medium=post_link&amp;utm_campaign=internal\" target=\"_blank\">Kh\u00e1ch s\u1ea1n kh\u1eafp Vi\u1ec7t Nam v\u00e0 to\u00e0n th\u1ebf gi\u1edbi<\/a>\u00a0gi\u00e1 t\u1ed1t nh\u1ea5t ch\u1ec9 c\u00f3 t\u1ea1i iVIVU.com<\/div><\/h3>\n<h3><strong style=\"font-size: 16px;\">***<\/strong><\/h3>\n<p><strong>Tham kh\u1ea3o:\u00a0<a href=\"https:\/\/www.ivivu.com\/blog\" target=\"_blank\">C\u1ea9m nang du l\u1ecbch iVIVU.com<\/a><\/strong><\/p>\n","protected":false},"excerpt":{"rendered":"<p>Ng\u1eafm m\u00e2y, h\u00f2a m\u00ecnh v\u00e0o kh\u00f4ng gian xanh ng\u00e1t hay ch\u00ecm v\u00e0o \u0111\u1ed3ng c\u1ecf may cao ng\u00fat khi\u1ebfn d\u1ecbp l\u1ec5 c\u1ee7a b\u1ea1n kh\u00f4ng nh\u00e0m ch\u00e1n.<\/p>\n","protected":false},"author":38,"featured_media":266553,"comment_status":"closed","ping_status":"open","sticky":false,"template":"","format":"standard","meta":{"_acf_changed":false,"footnotes":""},"categories":[229,795,14742],"tags":[17995,11881,16431,23340,33434,18434,33435],"acf":[],"yoast_head":"<!-- This site is optimized with the Yoast SEO Premium plugin v22.6 (Yoast SEO v22.6) - https:\/\/yoast.com\/wordpress\/plugins\/seo\/ -->\n<title>Ba cung \u0111\u01b0\u1eddng trekking 3 ng\u00e0y 2 \u0111\u00eam cho d\u1ecbp l\u1ec5 2\/9 - iVIVU.com<\/title>\n<meta name=\"description\" content=\"Ng\u1eafm m\u00e2y, h\u00f2a m\u00ecnh v\u00e0o kh\u00f4ng gian xanh ng\u00e1t hay ch\u00ecm v\u00e0o \u0111\u1ed3ng c\u1ecf may cao ng\u00fat v\u1edbi nh\u1eefng cung \u0111\u01b0\u1eddng trekking khi\u1ebfn d\u1ecbp l\u1ec5 2\/9 c\u1ee7a b\u1ea1n kh\u00f4ng nh\u00e0m ch\u00e1n.\" \/>\n<meta name=\"robots\" content=\"index, follow, max-snippet:-1, max-image-preview:large, max-video-preview:-1\" \/>\n<link rel=\"canonical\" href=\"https:\/\/www.ivivu.com\/blog\/2018\/08\/ba-cung-duong-trekking-3-ngay-2-dem-cho-dip-le-29\/\" \/>\n<meta name=\"twitter:label1\" content=\"\u0110\u01b0\u1ee3c vi\u1ebft b\u1edfi\" \/>\n\t<meta name=\"twitter:data1\" content=\"Ng\u00e2n Thi\u1ec1u Kim\" \/>\n\t<meta name=\"twitter:label2\" content=\"\u01af\u1edbc t\u00ednh th\u1eddi gian \u0111\u1ecdc\" \/>\n\t<meta name=\"twitter:data2\" content=\"6 ph\u00fat\" \/>\n<script type=\"application\/ld+json\" class=\"yoast-schema-graph\">{\"@context\":\"https:\/\/schema.org\",\"@graph\":[{\"@type\":\"Article\",\"@id\":\"https:\/\/www.ivivu.com\/blog\/2018\/08\/ba-cung-duong-trekking-3-ngay-2-dem-cho-dip-le-29\/#article\",\"isPartOf\":{\"@id\":\"https:\/\/www.ivivu.com\/blog\/2018\/08\/ba-cung-duong-trekking-3-ngay-2-dem-cho-dip-le-29\/\"},\"author\":{\"name\":\"Ng\u00e2n Thi\u1ec1u Kim\",\"@id\":\"https:\/\/www.ivivu.com\/blog\/#\/schema\/person\/f6e706f46fad4e85f2e1c3ec41136369\"},\"headline\":\"Ba cung \u0111\u01b0\u1eddng trekking 3 ng\u00e0y 2 \u0111\u00eam cho d\u1ecbp l\u1ec5 2\/9\",\"datePublished\":\"2018-08-30T06:26:27+00:00\",\"dateModified\":\"2018-08-30T06:26:27+00:00\",\"mainEntityOfPage\":{\"@id\":\"https:\/\/www.ivivu.com\/blog\/2018\/08\/ba-cung-duong-trekking-3-ngay-2-dem-cho-dip-le-29\/\"},\"wordCount\":1196,\"publisher\":{\"@id\":\"https:\/\/www.ivivu.com\/blog\/#organization\"},\"image\":{\"@id\":\"https:\/\/www.ivivu.com\/blog\/2018\/08\/ba-cung-duong-trekking-3-ngay-2-dem-cho-dip-le-29\/#primaryimage\"},\"thumbnailUrl\":\"https:\/\/cdn3.ivivu.com\/2018\/08\/ba-cung-duong-trekking-3-ngay-2-dem-cho-dip-le-2-9-ivivu-2.jpg\",\"keywords\":[\"cung \u0111\u01b0\u1eddng trekking\",\"d\u1ecbp l\u1ec5 2\/9\",\"du l\u1ecbch d\u1ecbp l\u1ec5 2\/9\",\"\u0111i\u1ec3m \u0111\u1ebfn 2\/9\",\"trekking B\u00ecnh Li\u00eau\",\"trekking T\u00e0 N\u0103ng\",\"trekking T\u00e0 X\u00f9a\"],\"articleSection\":[\"DU L\u1ecaCH VI\u1ec6T NAM\",\"\u0110i\u1ec3m \u0111\u1ebfn\",\"N\u1ed5i B\u1eadt 2\"],\"inLanguage\":\"vi\"},{\"@type\":\"WebPage\",\"@id\":\"https:\/\/www.ivivu.com\/blog\/2018\/08\/ba-cung-duong-trekking-3-ngay-2-dem-cho-dip-le-29\/\",\"url\":\"https:\/\/www.ivivu.com\/blog\/2018\/08\/ba-cung-duong-trekking-3-ngay-2-dem-cho-dip-le-29\/\",\"name\":\"Ba cung \u0111\u01b0\u1eddng trekking 3 ng\u00e0y 2 \u0111\u00eam cho d\u1ecbp l\u1ec5 2\/9 - iVIVU.com\",\"isPartOf\":{\"@id\":\"https:\/\/www.ivivu.com\/blog\/#website\"},\"primaryImageOfPage\":{\"@id\":\"https:\/\/www.ivivu.com\/blog\/2018\/08\/ba-cung-duong-trekking-3-ngay-2-dem-cho-dip-le-29\/#primaryimage\"},\"image\":{\"@id\":\"https:\/\/www.ivivu.com\/blog\/2018\/08\/ba-cung-duong-trekking-3-ngay-2-dem-cho-dip-le-29\/#primaryimage\"},\"thumbnailUrl\":\"https:\/\/cdn3.ivivu.com\/2018\/08\/ba-cung-duong-trekking-3-ngay-2-dem-cho-dip-le-2-9-ivivu-2.jpg\",\"datePublished\":\"2018-08-30T06:26:27+00:00\",\"dateModified\":\"2018-08-30T06:26:27+00:00\",\"description\":\"Ng\u1eafm m\u00e2y, h\u00f2a m\u00ecnh v\u00e0o kh\u00f4ng gian xanh ng\u00e1t hay ch\u00ecm v\u00e0o \u0111\u1ed3ng c\u1ecf may cao ng\u00fat v\u1edbi nh\u1eefng cung \u0111\u01b0\u1eddng trekking khi\u1ebfn d\u1ecbp l\u1ec5 2\/9 c\u1ee7a b\u1ea1n kh\u00f4ng nh\u00e0m ch\u00e1n.\",\"breadcrumb\":{\"@id\":\"https:\/\/www.ivivu.com\/blog\/2018\/08\/ba-cung-duong-trekking-3-ngay-2-dem-cho-dip-le-29\/#breadcrumb\"},\"inLanguage\":\"vi\",\"potentialAction\":[{\"@type\":\"ReadAction\",\"target\":[\"https:\/\/www.ivivu.com\/blog\/2018\/08\/ba-cung-duong-trekking-3-ngay-2-dem-cho-dip-le-29\/\"]}]},{\"@type\":\"ImageObject\",\"inLanguage\":\"vi\",\"@id\":\"https:\/\/www.ivivu.com\/blog\/2018\/08\/ba-cung-duong-trekking-3-ngay-2-dem-cho-dip-le-29\/#primaryimage\",\"url\":\"https:\/\/cdn3.ivivu.com\/2018\/08\/ba-cung-duong-trekking-3-ngay-2-dem-cho-dip-le-2-9-ivivu-2.jpg\",\"contentUrl\":\"https:\/\/cdn3.ivivu.com\/2018\/08\/ba-cung-duong-trekking-3-ngay-2-dem-cho-dip-le-2-9-ivivu-2.jpg\",\"width\":680,\"height\":472},{\"@type\":\"BreadcrumbList\",\"@id\":\"https:\/\/www.ivivu.com\/blog\/2018\/08\/ba-cung-duong-trekking-3-ngay-2-dem-cho-dip-le-29\/#breadcrumb\",\"itemListElement\":[{\"@type\":\"ListItem\",\"position\":1,\"name\":\"Home\",\"item\":\"https:\/\/www.ivivu.com\/blog\/\"},{\"@type\":\"ListItem\",\"position\":2,\"name\":\"Ba cung \u0111\u01b0\u1eddng trekking 3 ng\u00e0y 2 \u0111\u00eam cho d\u1ecbp l\u1ec5 2\/9\"}]},{\"@type\":\"WebSite\",\"@id\":\"https:\/\/www.ivivu.com\/blog\/#website\",\"url\":\"https:\/\/www.ivivu.com\/blog\/\",\"name\":\"C\u1ea9m nang du l\u1ecbch\",\"description\":\"\",\"publisher\":{\"@id\":\"https:\/\/www.ivivu.com\/blog\/#organization\"},\"potentialAction\":[{\"@type\":\"SearchAction\",\"target\":{\"@type\":\"EntryPoint\",\"urlTemplate\":\"https:\/\/www.ivivu.com\/blog\/?s={search_term_string}\"},\"query-input\":\"required name=search_term_string\"}],\"inLanguage\":\"vi\"},{\"@type\":\"Organization\",\"@id\":\"https:\/\/www.ivivu.com\/blog\/#organization\",\"name\":\"iVIVU.com\",\"url\":\"https:\/\/www.ivivu.com\/blog\/\",\"logo\":{\"@type\":\"ImageObject\",\"inLanguage\":\"vi\",\"@id\":\"https:\/\/www.ivivu.com\/blog\/#\/schema\/logo\/image\/\",\"url\":\"https:\/\/cdn3.ivivu.com\/2024\/01\/ivivu_no_slogan.png\",\"contentUrl\":\"https:\/\/cdn3.ivivu.com\/2024\/01\/ivivu_no_slogan.png\",\"width\":788,\"height\":565,\"caption\":\"iVIVU.com\"},\"image\":{\"@id\":\"https:\/\/www.ivivu.com\/blog\/#\/schema\/logo\/image\/\"},\"sameAs\":[\"https:\/\/www.facebook.com\/iVIVU\"]},{\"@type\":\"Person\",\"@id\":\"https:\/\/www.ivivu.com\/blog\/#\/schema\/person\/f6e706f46fad4e85f2e1c3ec41136369\",\"name\":\"Ng\u00e2n Thi\u1ec1u Kim\",\"sameAs\":[\"https:\/\/www.ivivu.com\/blog\/\"],\"url\":\"https:\/\/www.ivivu.com\/blog\/author\/ngan-thieu\/\"}]}<\/script>\n<!-- \/ Yoast SEO Premium plugin. -->","yoast_head_json":{"title":"Ba cung \u0111\u01b0\u1eddng trekking 3 ng\u00e0y 2 \u0111\u00eam cho d\u1ecbp l\u1ec5 2\/9 - iVIVU.com","description":"Ng\u1eafm m\u00e2y, h\u00f2a m\u00ecnh v\u00e0o kh\u00f4ng gian xanh ng\u00e1t hay ch\u00ecm v\u00e0o \u0111\u1ed3ng c\u1ecf may cao ng\u00fat v\u1edbi nh\u1eefng cung \u0111\u01b0\u1eddng trekking khi\u1ebfn d\u1ecbp l\u1ec5 2\/9 c\u1ee7a b\u1ea1n kh\u00f4ng nh\u00e0m ch\u00e1n.","robots":{"index":"index","follow":"follow","max-snippet":"max-snippet:-1","max-image-preview":"max-image-preview:large","max-video-preview":"max-video-preview:-1"},"canonical":"https:\/\/www.ivivu.com\/blog\/2018\/08\/ba-cung-duong-trekking-3-ngay-2-dem-cho-dip-le-29\/","twitter_misc":{"\u0110\u01b0\u1ee3c vi\u1ebft b\u1edfi":"Ng\u00e2n Thi\u1ec1u Kim","\u01af\u1edbc t\u00ednh th\u1eddi gian \u0111\u1ecdc":"6 ph\u00fat"},"schema":{"@context":"https:\/\/schema.org","@graph":[{"@type":"Article","@id":"https:\/\/www.ivivu.com\/blog\/2018\/08\/ba-cung-duong-trekking-3-ngay-2-dem-cho-dip-le-29\/#article","isPartOf":{"@id":"https:\/\/www.ivivu.com\/blog\/2018\/08\/ba-cung-duong-trekking-3-ngay-2-dem-cho-dip-le-29\/"},"author":{"name":"Ng\u00e2n Thi\u1ec1u Kim","@id":"https:\/\/www.ivivu.com\/blog\/#\/schema\/person\/f6e706f46fad4e85f2e1c3ec41136369"},"headline":"Ba cung \u0111\u01b0\u1eddng trekking 3 ng\u00e0y 2 \u0111\u00eam cho d\u1ecbp l\u1ec5 2\/9","datePublished":"2018-08-30T06:26:27+00:00","dateModified":"2018-08-30T06:26:27+00:00","mainEntityOfPage":{"@id":"https:\/\/www.ivivu.com\/blog\/2018\/08\/ba-cung-duong-trekking-3-ngay-2-dem-cho-dip-le-29\/"},"wordCount":1196,"publisher":{"@id":"https:\/\/www.ivivu.com\/blog\/#organization"},"image":{"@id":"https:\/\/www.ivivu.com\/blog\/2018\/08\/ba-cung-duong-trekking-3-ngay-2-dem-cho-dip-le-29\/#primaryimage"},"thumbnailUrl":"https:\/\/cdn3.ivivu.com\/2018\/08\/ba-cung-duong-trekking-3-ngay-2-dem-cho-dip-le-2-9-ivivu-2.jpg","keywords":["cung \u0111\u01b0\u1eddng trekking","d\u1ecbp l\u1ec5 2\/9","du l\u1ecbch d\u1ecbp l\u1ec5 2\/9","\u0111i\u1ec3m \u0111\u1ebfn 2\/9","trekking B\u00ecnh Li\u00eau","trekking T\u00e0 N\u0103ng","trekking T\u00e0 X\u00f9a"],"articleSection":["DU L\u1ecaCH VI\u1ec6T NAM","\u0110i\u1ec3m \u0111\u1ebfn","N\u1ed5i B\u1eadt 2"],"inLanguage":"vi"},{"@type":"WebPage","@id":"https:\/\/www.ivivu.com\/blog\/2018\/08\/ba-cung-duong-trekking-3-ngay-2-dem-cho-dip-le-29\/","url":"https:\/\/www.ivivu.com\/blog\/2018\/08\/ba-cung-duong-trekking-3-ngay-2-dem-cho-dip-le-29\/","name":"Ba cung \u0111\u01b0\u1eddng trekking 3 ng\u00e0y 2 \u0111\u00eam cho d\u1ecbp l\u1ec5 2\/9 - iVIVU.com","isPartOf":{"@id":"https:\/\/www.ivivu.com\/blog\/#website"},"primaryImageOfPage":{"@id":"https:\/\/www.ivivu.com\/blog\/2018\/08\/ba-cung-duong-trekking-3-ngay-2-dem-cho-dip-le-29\/#primaryimage"},"image":{"@id":"https:\/\/www.ivivu.com\/blog\/2018\/08\/ba-cung-duong-trekking-3-ngay-2-dem-cho-dip-le-29\/#primaryimage"},"thumbnailUrl":"https:\/\/cdn3.ivivu.com\/2018\/08\/ba-cung-duong-trekking-3-ngay-2-dem-cho-dip-le-2-9-ivivu-2.jpg","datePublished":"2018-08-30T06:26:27+00:00","dateModified":"2018-08-30T06:26:27+00:00","description":"Ng\u1eafm m\u00e2y, h\u00f2a m\u00ecnh v\u00e0o kh\u00f4ng gian xanh ng\u00e1t hay ch\u00ecm v\u00e0o \u0111\u1ed3ng c\u1ecf may cao ng\u00fat v\u1edbi nh\u1eefng cung \u0111\u01b0\u1eddng trekking khi\u1ebfn d\u1ecbp l\u1ec5 2\/9 c\u1ee7a b\u1ea1n kh\u00f4ng nh\u00e0m ch\u00e1n.","breadcrumb":{"@id":"https:\/\/www.ivivu.com\/blog\/2018\/08\/ba-cung-duong-trekking-3-ngay-2-dem-cho-dip-le-29\/#breadcrumb"},"inLanguage":"vi","potentialAction":[{"@type":"ReadAction","target":["https:\/\/www.ivivu.com\/blog\/2018\/08\/ba-cung-duong-trekking-3-ngay-2-dem-cho-dip-le-29\/"]}]},{"@type":"ImageObject","inLanguage":"vi","@id":"https:\/\/www.ivivu.com\/blog\/2018\/08\/ba-cung-duong-trekking-3-ngay-2-dem-cho-dip-le-29\/#primaryimage","url":"https:\/\/cdn3.ivivu.com\/2018\/08\/ba-cung-duong-trekking-3-ngay-2-dem-cho-dip-le-2-9-ivivu-2.jpg","contentUrl":"https:\/\/cdn3.ivivu.com\/2018\/08\/ba-cung-duong-trekking-3-ngay-2-dem-cho-dip-le-2-9-ivivu-2.jpg","width":680,"height":472},{"@type":"BreadcrumbList","@id":"https:\/\/www.ivivu.com\/blog\/2018\/08\/ba-cung-duong-trekking-3-ngay-2-dem-cho-dip-le-29\/#breadcrumb","itemListElement":[{"@type":"ListItem","position":1,"name":"Home","item":"https:\/\/www.ivivu.com\/blog\/"},{"@type":"ListItem","position":2,"name":"Ba cung \u0111\u01b0\u1eddng trekking 3 ng\u00e0y 2 \u0111\u00eam cho d\u1ecbp l\u1ec5 2\/9"}]},{"@type":"WebSite","@id":"https:\/\/www.ivivu.com\/blog\/#website","url":"https:\/\/www.ivivu.com\/blog\/","name":"C\u1ea9m nang du l\u1ecbch","description":"","publisher":{"@id":"https:\/\/www.ivivu.com\/blog\/#organization"},"potentialAction":[{"@type":"SearchAction","target":{"@type":"EntryPoint","urlTemplate":"https:\/\/www.ivivu.com\/blog\/?s={search_term_string}"},"query-input":"required name=search_term_string"}],"inLanguage":"vi"},{"@type":"Organization","@id":"https:\/\/www.ivivu.com\/blog\/#organization","name":"iVIVU.com","url":"https:\/\/www.ivivu.com\/blog\/","logo":{"@type":"ImageObject","inLanguage":"vi","@id":"https:\/\/www.ivivu.com\/blog\/#\/schema\/logo\/image\/","url":"https:\/\/cdn3.ivivu.com\/2024\/01\/ivivu_no_slogan.png","contentUrl":"https:\/\/cdn3.ivivu.com\/2024\/01\/ivivu_no_slogan.png","width":788,"height":565,"caption":"iVIVU.com"},"image":{"@id":"https:\/\/www.ivivu.com\/blog\/#\/schema\/logo\/image\/"},"sameAs":["https:\/\/www.facebook.com\/iVIVU"]},{"@type":"Person","@id":"https:\/\/www.ivivu.com\/blog\/#\/schema\/person\/f6e706f46fad4e85f2e1c3ec41136369","name":"Ng\u00e2n Thi\u1ec1u Kim","sameAs":["https:\/\/www.ivivu.com\/blog\/"],"url":"https:\/\/www.ivivu.com\/blog\/author\/ngan-thieu\/"}]}},"_links":{"self":[{"href":"https:\/\/www.ivivu.com\/blog\/wp-json\/wp\/v2\/posts\/266551"}],"collection":[{"href":"https:\/\/www.ivivu.com\/blog\/wp-json\/wp\/v2\/posts"}],"about":[{"href":"https:\/\/www.ivivu.com\/blog\/wp-json\/wp\/v2\/types\/post"}],"author":[{"embeddable":true,"href":"https:\/\/www.ivivu.com\/blog\/wp-json\/wp\/v2\/users\/38"}],"replies":[{"embeddable":true,"href":"https:\/\/www.ivivu.com\/blog\/wp-json\/wp\/v2\/comments?post=266551"}],"version-history":[{"count":8,"href":"https:\/\/www.ivivu.com\/blog\/wp-json\/wp\/v2\/posts\/266551\/revisions"}],"predecessor-version":[{"id":266643,"href":"https:\/\/www.ivivu.com\/blog\/wp-json\/wp\/v2\/posts\/266551\/revisions\/266643"}],"wp:featuredmedia":[{"embeddable":true,"href":"https:\/\/www.ivivu.com\/blog\/wp-json\/wp\/v2\/media\/266553"}],"wp:attachment":[{"href":"https:\/\/www.ivivu.com\/blog\/wp-json\/wp\/v2\/media?parent=266551"}],"wp:term":[{"taxonomy":"category","embeddable":true,"href":"https:\/\/www.ivivu.com\/blog\/wp-json\/wp\/v2\/categories?post=266551"},{"taxonomy":"post_tag","embeddable":true,"href":"https:\/\/www.ivivu.com\/blog\/wp-json\/wp\/v2\/tags?post=266551"}],"curies":[{"name":"wp","href":"https:\/\/api.w.org\/{rel}","templated":true}]}}