{"id":276504,"date":"2018-11-24T09:00:57","date_gmt":"2018-11-24T02:00:57","guid":{"rendered":"https:\/\/www.ivivu.com\/blog\/?p=276504"},"modified":"2018-11-23T14:41:19","modified_gmt":"2018-11-23T07:41:19","slug":"du-khach-viet-duoc-quan-doi-ho-tong-khi-di-choi-o-pakistan","status":"publish","type":"post","link":"https:\/\/www.ivivu.com\/blog\/2018\/11\/du-khach-viet-duoc-quan-doi-ho-tong-khi-di-choi-o-pakistan\/","title":{"rendered":"Du kh\u00e1ch Vi\u1ec7t \u0111\u01b0\u1ee3c qu\u00e2n \u0111\u1ed9i h\u1ed9 t\u1ed1ng khi \u0111i ch\u01a1i \u1edf Pakistan"},"content":{"rendered":"<p style=\"text-align: justify;\"><em><strong>Trong n\u1eeda th\u00e1ng \u1edf Pakistan, anh T\u00f9ng \u0111i qua nh\u1eefng con \u0111\u01b0\u1eddng ng\u1eadp l\u00e1 v\u00e0ng, hai l\u1ea7n \u0111\u01b0\u1ee3c binh l\u00ednh h\u1ed7 tr\u1ee3 \u0111\u1ea3m b\u1ea3o an to\u00e0n.<\/strong><\/em><!--more--><\/p>\n<h2 style=\"text-align: justify;\">Du kh\u00e1ch Vi\u1ec7t \u0111\u01b0\u1ee3c qu\u00e2n \u0111\u1ed9i h\u1ed9 t\u1ed1ng khi \u0111i ch\u01a1i \u1edf Pakistan<\/h2>\n<div id=\"attachment_276431\" style=\"width: 690px\" class=\"wp-caption aligncenter\"><img loading=\"lazy\" decoding=\"async\" aria-describedby=\"caption-attachment-276431\" class=\"wp-image-276431 size-full\" title=\"Kh\u1ee7ng b\u1ed1, chi\u1ebfn tranh, \u0111\u1ecba h\u00ecnh ph\u1ee9c t\u1ea1p l\u00e0 nh\u1eefng \u0111i\u1ec1u khi\u1ebfn Pakistan b\u1ecb xem l\u00e0 &quot;v\u00f9ng \u0111\u1ea5t b\u1ea5t an&quot;. Tuy nhi\u00ean, anh Tr\u1ea7n Kh\u1eafc T\u00f9ng (hi\u1ec7n s\u1ed1ng \u1edf TP HCM) \u0111\u00e3 quy\u1ebft \u0111\u1ecbnh quay tr\u1edf l\u1ea1i \u0111\u00e2y l\u1ea7n th\u1ee9 2.  B\u00e9n duy\u00ean v\u1edbi v\u00f9ng \u0111\u1ea5t n\u00e0y t\u1eeb m\u1ed9t ng\u01b0\u1eddi b\u1ea1n, anh T\u00f9ng b\u1ecb h\u00fat h\u1ed3n khi nh\u00ecn th\u1ea5y nh\u1eefng c\u00e2y m\u01a1, t\u00e1o, \u0111\u00e0o n\u1edf hoa r\u1ef1c r\u1ee1 v\u00e0o m\u00f9a xu\u00e2n \u1edf thung l\u0169ng Hunza, ph\u00eda b\u1eafc Pakistan. &quot;T\u00f4i \u0111\u00e3 \u0111\u1ebfn \u0111\u00e2y v\u00e0o m\u00f9a xu\u00e2n v\u00e0 nh\u01b0 l\u1ea1c v\u00e0o thi\u00ean \u0111\u01b0\u1eddng&quot;, anh k\u1ec3.\" src=\"https:\/\/cdn3.ivivu.com\/2018\/11\/du-khach-viet-duoc-quan-doi-ho-tong-khi-di-choi-o-pakistan-ivivu-1.jpg\" alt=\"Kh\u1ee7ng b\u1ed1, chi\u1ebfn tranh, \u0111\u1ecba h\u00ecnh ph\u1ee9c t\u1ea1p l\u00e0 nh\u1eefng \u0111i\u1ec1u khi\u1ebfn Pakistan b\u1ecb xem l\u00e0 &quot;v\u00f9ng \u0111\u1ea5t b\u1ea5t an&quot;. Tuy nhi\u00ean, anh Tr\u1ea7n Kh\u1eafc T\u00f9ng (hi\u1ec7n s\u1ed1ng \u1edf TP HCM) \u0111\u00e3 quy\u1ebft \u0111\u1ecbnh quay tr\u1edf l\u1ea1i \u0111\u00e2y l\u1ea7n th\u1ee9 2.  B\u00e9n duy\u00ean v\u1edbi v\u00f9ng \u0111\u1ea5t n\u00e0y t\u1eeb m\u1ed9t ng\u01b0\u1eddi b\u1ea1n, anh T\u00f9ng b\u1ecb h\u00fat h\u1ed3n khi nh\u00ecn th\u1ea5y nh\u1eefng c\u00e2y m\u01a1, t\u00e1o, \u0111\u00e0o n\u1edf hoa r\u1ef1c r\u1ee1 v\u00e0o m\u00f9a xu\u00e2n \u1edf thung l\u0169ng Hunza, ph\u00eda b\u1eafc Pakistan. &quot;T\u00f4i \u0111\u00e3 \u0111\u1ebfn \u0111\u00e2y v\u00e0o m\u00f9a xu\u00e2n v\u00e0 nh\u01b0 l\u1ea1c v\u00e0o thi\u00ean \u0111\u01b0\u1eddng&quot;, anh k\u1ec3.\" width=\"680\" height=\"473\" srcset=\"https:\/\/cdn3.ivivu.com\/2018\/11\/du-khach-viet-duoc-quan-doi-ho-tong-khi-di-choi-o-pakistan-ivivu-1.jpg 680w, https:\/\/cdn3.ivivu.com\/2018\/11\/du-khach-viet-duoc-quan-doi-ho-tong-khi-di-choi-o-pakistan-ivivu-1-438x305.jpg 438w, https:\/\/cdn3.ivivu.com\/2018\/11\/du-khach-viet-duoc-quan-doi-ho-tong-khi-di-choi-o-pakistan-ivivu-1-50x35.jpg 50w\" sizes=\"(max-width: 680px) 100vw, 680px\" \/><p id=\"caption-attachment-276431\" class=\"wp-caption-text\">Kh\u1ee7ng b\u1ed1, chi\u1ebfn tranh, \u0111\u1ecba h\u00ecnh ph\u1ee9c t\u1ea1p l\u00e0 nh\u1eefng \u0111i\u1ec1u khi\u1ebfn Pakistan b\u1ecb xem l\u00e0 &#8220;v\u00f9ng \u0111\u1ea5t b\u1ea5t an&#8221;. Tuy nhi\u00ean, anh Tr\u1ea7n Kh\u1eafc T\u00f9ng (hi\u1ec7n s\u1ed1ng \u1edf TP HCM) \u0111\u00e3 quy\u1ebft \u0111\u1ecbnh quay tr\u1edf l\u1ea1i \u0111\u00e2y l\u1ea7n th\u1ee9 2. B\u00e9n duy\u00ean v\u1edbi v\u00f9ng \u0111\u1ea5t n\u00e0y t\u1eeb m\u1ed9t ng\u01b0\u1eddi b\u1ea1n, anh T\u00f9ng b\u1ecb h\u00fat h\u1ed3n khi nh\u00ecn th\u1ea5y nh\u1eefng c\u00e2y m\u01a1, t\u00e1o, \u0111\u00e0o n\u1edf hoa r\u1ef1c r\u1ee1 v\u00e0o m\u00f9a xu\u00e2n \u1edf thung l\u0169ng Hunza, ph\u00eda b\u1eafc Pakistan. &#8220;T\u00f4i \u0111\u00e3 \u0111\u1ebfn \u0111\u00e2y v\u00e0o m\u00f9a xu\u00e2n v\u00e0 nh\u01b0 l\u1ea1c v\u00e0o thi\u00ean \u0111\u01b0\u1eddng&#8221;, anh k\u1ec3.<\/p><\/div>\n<div id=\"attachment_276432\" style=\"width: 690px\" class=\"wp-caption aligncenter\"><img loading=\"lazy\" decoding=\"async\" aria-describedby=\"caption-attachment-276432\" class=\"wp-image-276432 size-full\" title=\"Anh T\u00f9ng c\u00f3 visa sau 10 ng\u00e0y th\u00f4ng qua m\u1ed9t c\u00f4ng ty du l\u1ecbch \u1edf Pakistan. T\u1eeb Vi\u1ec7t Nam, du kh\u00e1ch c\u00f3 th\u1ec3 bay sang Bangkok (Th\u00e1i Lan) r\u1ed3i n\u1ed1i chuy\u1ebfn \u0111\u1ebfn th\u1ee7 \u0111\u00f4 Islamabad. T\u1eeb \u0111\u00e2y, b\u1ea1n c\u00f3 th\u1ec3 \u0111i xe bus du l\u1ecbch ho\u1eb7c bay n\u1ed9i \u0111\u1ecba t\u1edbi v\u00f9ng Gilgit - Batistan \u1edf ph\u00eda b\u1eafc Pakistan, r\u1ed3i di chuy\u1ec3n b\u1eb1ng \u00f4t\u00f4 t\u1edbi c\u00e1c \u0111\u1ecba \u0111i\u1ec3m b\u1ea1n mu\u1ed1n \u0111i, th\u01b0\u1eddng l\u00e0 c\u00e1c l\u00e0ng m\u1ea1c quanh thung l\u0169ng Skardu, Hunza v\u00e0 Phandar.  C\u00e1c chuy\u1ebfn bay n\u1ed9i \u0111\u1ecba t\u1eeb th\u1ee7 \u0111\u00f4 Islamabad t\u1edbi Gilgit h\u1ebft t\u1ea7m 45 ph\u00fat nh\u01b0ng c\u00f3 x\u00e1c su\u1ea5t b\u1ecb ho\u00e3n, h\u1ee7y chuy\u1ebfn t\u01b0\u01a1ng \u0111\u1ed1i cao n\u00ean c\u00e1c nh\u00e0 tour khuy\u00ean kh\u00e1ch \u0111i xe du l\u1ecbch do h\u1ecd s\u1eafp x\u1ebfp. Ch\u1eb7ng \u0111i bus t\u1eeb th\u1ee7 \u0111\u00f4 t\u1edbi Gilgit m\u1ea5t kho\u1ea3ng 13-17 gi\u1edd \u0111\u1ed3ng h\u1ed3, c\u00f3 khi l\u00e2u h\u01a1n nhi\u1ec1u n\u1ebfu \u0111\u01b0\u1eddng b\u1ecb s\u1ea1t l\u1edf ph\u1ea3i ch\u1edd \u0111\u1ee3i \u0111\u1ec3 s\u1eeda.\" src=\"https:\/\/cdn3.ivivu.com\/2018\/11\/du-khach-viet-duoc-quan-doi-ho-tong-khi-di-choi-o-pakistan-ivivu-2.jpg\" alt=\"Anh T\u00f9ng c\u00f3 visa sau 10 ng\u00e0y th\u00f4ng qua m\u1ed9t c\u00f4ng ty du l\u1ecbch \u1edf Pakistan. T\u1eeb Vi\u1ec7t Nam, du kh\u00e1ch c\u00f3 th\u1ec3 bay sang Bangkok (Th\u00e1i Lan) r\u1ed3i n\u1ed1i chuy\u1ebfn \u0111\u1ebfn th\u1ee7 \u0111\u00f4 Islamabad. T\u1eeb \u0111\u00e2y, b\u1ea1n c\u00f3 th\u1ec3 \u0111i xe bus du l\u1ecbch ho\u1eb7c bay n\u1ed9i \u0111\u1ecba t\u1edbi v\u00f9ng Gilgit - Batistan \u1edf ph\u00eda b\u1eafc Pakistan, r\u1ed3i di chuy\u1ec3n b\u1eb1ng \u00f4t\u00f4 t\u1edbi c\u00e1c \u0111\u1ecba \u0111i\u1ec3m b\u1ea1n mu\u1ed1n \u0111i, th\u01b0\u1eddng l\u00e0 c\u00e1c l\u00e0ng m\u1ea1c quanh thung l\u0169ng Skardu, Hunza v\u00e0 Phandar.  C\u00e1c chuy\u1ebfn bay n\u1ed9i \u0111\u1ecba t\u1eeb th\u1ee7 \u0111\u00f4 Islamabad t\u1edbi Gilgit h\u1ebft t\u1ea7m 45 ph\u00fat nh\u01b0ng c\u00f3 x\u00e1c su\u1ea5t b\u1ecb ho\u00e3n, h\u1ee7y chuy\u1ebfn t\u01b0\u01a1ng \u0111\u1ed1i cao n\u00ean c\u00e1c nh\u00e0 tour khuy\u00ean kh\u00e1ch \u0111i xe du l\u1ecbch do h\u1ecd s\u1eafp x\u1ebfp. Ch\u1eb7ng \u0111i bus t\u1eeb th\u1ee7 \u0111\u00f4 t\u1edbi Gilgit m\u1ea5t kho\u1ea3ng 13-17 gi\u1edd \u0111\u1ed3ng h\u1ed3, c\u00f3 khi l\u00e2u h\u01a1n nhi\u1ec1u n\u1ebfu \u0111\u01b0\u1eddng b\u1ecb s\u1ea1t l\u1edf ph\u1ea3i ch\u1edd \u0111\u1ee3i \u0111\u1ec3 s\u1eeda.\" width=\"680\" height=\"417\" srcset=\"https:\/\/cdn3.ivivu.com\/2018\/11\/du-khach-viet-duoc-quan-doi-ho-tong-khi-di-choi-o-pakistan-ivivu-2.jpg 680w, https:\/\/cdn3.ivivu.com\/2018\/11\/du-khach-viet-duoc-quan-doi-ho-tong-khi-di-choi-o-pakistan-ivivu-2-497x305.jpg 497w\" sizes=\"(max-width: 680px) 100vw, 680px\" \/><p id=\"caption-attachment-276432\" class=\"wp-caption-text\">Anh T\u00f9ng c\u00f3 visa sau 10 ng\u00e0y th\u00f4ng qua m\u1ed9t c\u00f4ng ty du l\u1ecbch \u1edf Pakistan. T\u1eeb Vi\u1ec7t Nam, du kh\u00e1ch c\u00f3 th\u1ec3 bay sang Bangkok (Th\u00e1i Lan) r\u1ed3i n\u1ed1i chuy\u1ebfn \u0111\u1ebfn th\u1ee7 \u0111\u00f4 Islamabad. T\u1eeb \u0111\u00e2y, b\u1ea1n c\u00f3 th\u1ec3 \u0111i xe bus du l\u1ecbch ho\u1eb7c bay n\u1ed9i \u0111\u1ecba t\u1edbi v\u00f9ng Gilgit &#8211; Batistan \u1edf ph\u00eda b\u1eafc Pakistan, r\u1ed3i di chuy\u1ec3n b\u1eb1ng \u00f4t\u00f4 t\u1edbi c\u00e1c \u0111\u1ecba \u0111i\u1ec3m b\u1ea1n mu\u1ed1n \u0111i, th\u01b0\u1eddng l\u00e0 c\u00e1c l\u00e0ng m\u1ea1c quanh thung l\u0169ng Skardu, Hunza v\u00e0 Phandar. C\u00e1c chuy\u1ebfn bay n\u1ed9i \u0111\u1ecba t\u1eeb th\u1ee7 \u0111\u00f4 Islamabad t\u1edbi Gilgit h\u1ebft t\u1ea7m 45 ph\u00fat nh\u01b0ng c\u00f3 x\u00e1c su\u1ea5t b\u1ecb ho\u00e3n, h\u1ee7y chuy\u1ebfn t\u01b0\u01a1ng \u0111\u1ed1i cao n\u00ean c\u00e1c nh\u00e0 tour khuy\u00ean kh\u00e1ch \u0111i xe du l\u1ecbch do h\u1ecd s\u1eafp x\u1ebfp. Ch\u1eb7ng \u0111i bus t\u1eeb th\u1ee7 \u0111\u00f4 t\u1edbi Gilgit m\u1ea5t kho\u1ea3ng 13-17 gi\u1edd \u0111\u1ed3ng h\u1ed3, c\u00f3 khi l\u00e2u h\u01a1n nhi\u1ec1u n\u1ebfu \u0111\u01b0\u1eddng b\u1ecb s\u1ea1t l\u1edf ph\u1ea3i ch\u1edd \u0111\u1ee3i \u0111\u1ec3 s\u1eeda.<\/p><\/div>\n<div id=\"attachment_276433\" style=\"width: 690px\" class=\"wp-caption aligncenter\"><img loading=\"lazy\" decoding=\"async\" aria-describedby=\"caption-attachment-276433\" class=\"wp-image-276433 size-full\" title=\"H\u00e0nh tr\u00ecnh c\u1ee7a anh T\u00f9ng d\u1ef1 \u0111\u1ecbnh \u0111\u1ebfn c\u00e1c v\u00f9ng Hunza, Skardu v\u00e0 Chitral nh\u01b0ng v\u00ec m\u01b0a tuy\u1ebft n\u00ean xe kh\u00f4ng qua \u0111\u00e8o \u0111\u01b0\u1ee3c n\u00ean anh l\u1ee1 h\u1eb9n v\u1edbi Chitral.\" src=\"https:\/\/cdn3.ivivu.com\/2018\/11\/du-khach-viet-duoc-quan-doi-ho-tong-khi-di-choi-o-pakistan-ivivu-3.jpg\" alt=\"H\u00e0nh tr\u00ecnh c\u1ee7a anh T\u00f9ng d\u1ef1 \u0111\u1ecbnh \u0111\u1ebfn c\u00e1c v\u00f9ng Hunza, Skardu v\u00e0 Chitral nh\u01b0ng v\u00ec m\u01b0a tuy\u1ebft n\u00ean xe kh\u00f4ng qua \u0111\u00e8o \u0111\u01b0\u1ee3c n\u00ean anh l\u1ee1 h\u1eb9n v\u1edbi Chitral.\" width=\"680\" height=\"454\" srcset=\"https:\/\/cdn3.ivivu.com\/2018\/11\/du-khach-viet-duoc-quan-doi-ho-tong-khi-di-choi-o-pakistan-ivivu-3.jpg 680w, https:\/\/cdn3.ivivu.com\/2018\/11\/du-khach-viet-duoc-quan-doi-ho-tong-khi-di-choi-o-pakistan-ivivu-3-457x305.jpg 457w\" sizes=\"(max-width: 680px) 100vw, 680px\" \/><p id=\"caption-attachment-276433\" class=\"wp-caption-text\">H\u00e0nh tr\u00ecnh c\u1ee7a anh T\u00f9ng d\u1ef1 \u0111\u1ecbnh \u0111\u1ebfn c\u00e1c v\u00f9ng Hunza, Skardu v\u00e0 Chitral nh\u01b0ng v\u00ec m\u01b0a tuy\u1ebft n\u00ean xe kh\u00f4ng qua \u0111\u00e8o \u0111\u01b0\u1ee3c n\u00ean anh l\u1ee1 h\u1eb9n v\u1edbi Chitral.<\/p><\/div>\n<div id=\"attachment_276434\" style=\"width: 690px\" class=\"wp-caption aligncenter\"><img loading=\"lazy\" decoding=\"async\" aria-describedby=\"caption-attachment-276434\" class=\"wp-image-276434 size-full\" title=\"Nh\u1eefng c\u00e2u chuy\u1ec7n v\u1ec1 kh\u1ee7ng b\u1ed1, \u0111\u00e1nh bom, b\u1eaft c\u00f3c kh\u00e1ch du l\u1ecbch \u0111\u01b0\u1ee3c ph\u1ea3n \u00e1nh kh\u00e1 nhi\u1ec1u. Tuy nhi\u00ean, \u0111\u00f3 ch\u1ec9 l\u00e0 m\u1ed9t kh\u00eda c\u1ea1nh v\u1ec1 \u0111\u1ea5t n\u01b0\u1edbc n\u00e0y. Anh T\u00f9ng cho bi\u1ebft, n\u1ebfu \u0111i xe bu\u00fdt l\u00ean v\u00f9ng Gilgit - Batistan, du kh\u00e1ch s\u1ebd qua nhi\u1ec1u tr\u1ea1m g\u00e1c c\u00f3 qu\u00e2n \u0111\u1ed9i ki\u1ec3m so\u00e1t. Th\u1eadm ch\u00ed, c\u00f3 nh\u1eefng l\u00fac qu\u00e2n \u0111\u1ed9i h\u1ed9 t\u1ed1ng \u0111o\u00e0n xe c\u1ee7a b\u1ea1n.  Trong 17 ng\u00e0y rong ru\u1ed5i \u1edf \u0111\u00e2y, anh T\u00f9ng c\u0169ng 2 l\u1ea7n nh\u1eadn \u0111\u01b0\u1ee3c s\u1ef1 h\u1ed9 t\u1ed1ng c\u1ee7a binh l\u00ednh Pakistan.\" src=\"https:\/\/cdn3.ivivu.com\/2018\/11\/du-khach-viet-duoc-quan-doi-ho-tong-khi-di-choi-o-pakistan-ivivu-4.jpg\" alt=\"Nh\u1eefng c\u00e2u chuy\u1ec7n v\u1ec1 kh\u1ee7ng b\u1ed1, \u0111\u00e1nh bom, b\u1eaft c\u00f3c kh\u00e1ch du l\u1ecbch \u0111\u01b0\u1ee3c ph\u1ea3n \u00e1nh kh\u00e1 nhi\u1ec1u. Tuy nhi\u00ean, \u0111\u00f3 ch\u1ec9 l\u00e0 m\u1ed9t kh\u00eda c\u1ea1nh v\u1ec1 \u0111\u1ea5t n\u01b0\u1edbc n\u00e0y. Anh T\u00f9ng cho bi\u1ebft, n\u1ebfu \u0111i xe bu\u00fdt l\u00ean v\u00f9ng Gilgit - Batistan, du kh\u00e1ch s\u1ebd qua nhi\u1ec1u tr\u1ea1m g\u00e1c c\u00f3 qu\u00e2n \u0111\u1ed9i ki\u1ec3m so\u00e1t. Th\u1eadm ch\u00ed, c\u00f3 nh\u1eefng l\u00fac qu\u00e2n \u0111\u1ed9i h\u1ed9 t\u1ed1ng \u0111o\u00e0n xe c\u1ee7a b\u1ea1n.  Trong 17 ng\u00e0y rong ru\u1ed5i \u1edf \u0111\u00e2y, anh T\u00f9ng c\u0169ng 2 l\u1ea7n nh\u1eadn \u0111\u01b0\u1ee3c s\u1ef1 h\u1ed9 t\u1ed1ng c\u1ee7a binh l\u00ednh Pakistan.\" width=\"680\" height=\"456\" srcset=\"https:\/\/cdn3.ivivu.com\/2018\/11\/du-khach-viet-duoc-quan-doi-ho-tong-khi-di-choi-o-pakistan-ivivu-4.jpg 680w, https:\/\/cdn3.ivivu.com\/2018\/11\/du-khach-viet-duoc-quan-doi-ho-tong-khi-di-choi-o-pakistan-ivivu-4-455x305.jpg 455w, https:\/\/cdn3.ivivu.com\/2018\/11\/du-khach-viet-duoc-quan-doi-ho-tong-khi-di-choi-o-pakistan-ivivu-4-50x35.jpg 50w\" sizes=\"(max-width: 680px) 100vw, 680px\" \/><p id=\"caption-attachment-276434\" class=\"wp-caption-text\">Nh\u1eefng c\u00e2u chuy\u1ec7n v\u1ec1 kh\u1ee7ng b\u1ed1, \u0111\u00e1nh bom, b\u1eaft c\u00f3c kh\u00e1ch du l\u1ecbch \u0111\u01b0\u1ee3c ph\u1ea3n \u00e1nh kh\u00e1 nhi\u1ec1u. Tuy nhi\u00ean, \u0111\u00f3 ch\u1ec9 l\u00e0 m\u1ed9t kh\u00eda c\u1ea1nh v\u1ec1 \u0111\u1ea5t n\u01b0\u1edbc n\u00e0y. Anh T\u00f9ng cho bi\u1ebft, n\u1ebfu \u0111i xe bu\u00fdt l\u00ean v\u00f9ng Gilgit &#8211; Batistan, du kh\u00e1ch s\u1ebd qua nhi\u1ec1u tr\u1ea1m g\u00e1c c\u00f3 qu\u00e2n \u0111\u1ed9i ki\u1ec3m so\u00e1t. Th\u1eadm ch\u00ed, c\u00f3 nh\u1eefng l\u00fac qu\u00e2n \u0111\u1ed9i h\u1ed9 t\u1ed1ng \u0111o\u00e0n xe c\u1ee7a b\u1ea1n. Trong 17 ng\u00e0y rong ru\u1ed5i \u1edf \u0111\u00e2y, anh T\u00f9ng c\u0169ng 2 l\u1ea7n nh\u1eadn \u0111\u01b0\u1ee3c s\u1ef1 h\u1ed9 t\u1ed1ng c\u1ee7a binh l\u00ednh Pakistan.<\/p><\/div>\n<div id=\"attachment_276435\" style=\"width: 690px\" class=\"wp-caption aligncenter\"><img loading=\"lazy\" decoding=\"async\" aria-describedby=\"caption-attachment-276435\" class=\"wp-image-276435 size-full\" title=\"M\u00f9a thu, khung c\u1ea3nh thi\u00ean nhi\u00ean \u1edf \u0111\u00e2y c\u00e0ng tr\u1edf n\u00ean h\u00f9ng v\u0129 khi nh\u1eefng tia n\u1eafng hanh hao ph\u1ee7 v\u00e0ng l\u00ean c\u00e2y c\u1ed1i v\u00e0 l\u00e0ng m\u1ea1c. Anh T\u00f9ng \u1ea5n t\u01b0\u1ee3ng nh\u1ea5t v\u1edbi h\u1ed3 Khalti \u1edf thung l\u0169ng Gupis tr\u00ean tr\u1ee5c \u0111\u01b0\u1eddng Chitral - Gilgit.  &quot;L\u00fac \u0111\u00f3 c\u1ea3 nh\u00f3m \u0111ang tr\u00ean \u0111\u01b0\u1eddng quay v\u1ec1 trong t\u00e2m tr\u1ea1ng th\u1ea5t v\u1ecdng v\u00ec kh\u00f4ng \u0111i Chitral. L\u00fac n\u00e0y m\u1eb7t tr\u1eddi s\u1eafp l\u1eb7n, nh\u1eefng tia s\u00e1ng cu\u1ed1i c\u00f9ng v\u01b0\u01a1ng l\u1ea1i tr\u00ean \u0111\u00e1m l\u00e1 v\u00e0ng in b\u00f3ng xu\u1ed1ng m\u1eb7t h\u1ed3 t\u1ea1o n\u00ean m\u1ed9t b\u1ee9c tranh qu\u00e1 \u0111\u1eb9p&quot;, anh n\u00f3i.\" src=\"https:\/\/cdn3.ivivu.com\/2018\/11\/du-khach-viet-duoc-quan-doi-ho-tong-khi-di-choi-o-pakistan-ivivu-5.jpg\" alt=\"M\u00f9a thu, khung c\u1ea3nh thi\u00ean nhi\u00ean \u1edf \u0111\u00e2y c\u00e0ng tr\u1edf n\u00ean h\u00f9ng v\u0129 khi nh\u1eefng tia n\u1eafng hanh hao ph\u1ee7 v\u00e0ng l\u00ean c\u00e2y c\u1ed1i v\u00e0 l\u00e0ng m\u1ea1c. Anh T\u00f9ng \u1ea5n t\u01b0\u1ee3ng nh\u1ea5t v\u1edbi h\u1ed3 Khalti \u1edf thung l\u0169ng Gupis tr\u00ean tr\u1ee5c \u0111\u01b0\u1eddng Chitral - Gilgit.  &quot;L\u00fac \u0111\u00f3 c\u1ea3 nh\u00f3m \u0111ang tr\u00ean \u0111\u01b0\u1eddng quay v\u1ec1 trong t\u00e2m tr\u1ea1ng th\u1ea5t v\u1ecdng v\u00ec kh\u00f4ng \u0111i Chitral. L\u00fac n\u00e0y m\u1eb7t tr\u1eddi s\u1eafp l\u1eb7n, nh\u1eefng tia s\u00e1ng cu\u1ed1i c\u00f9ng v\u01b0\u01a1ng l\u1ea1i tr\u00ean \u0111\u00e1m l\u00e1 v\u00e0ng in b\u00f3ng xu\u1ed1ng m\u1eb7t h\u1ed3 t\u1ea1o n\u00ean m\u1ed9t b\u1ee9c tranh qu\u00e1 \u0111\u1eb9p&quot;, anh n\u00f3i.\" width=\"680\" height=\"419\" srcset=\"https:\/\/cdn3.ivivu.com\/2018\/11\/du-khach-viet-duoc-quan-doi-ho-tong-khi-di-choi-o-pakistan-ivivu-5.jpg 680w, https:\/\/cdn3.ivivu.com\/2018\/11\/du-khach-viet-duoc-quan-doi-ho-tong-khi-di-choi-o-pakistan-ivivu-5-495x305.jpg 495w\" sizes=\"(max-width: 680px) 100vw, 680px\" \/><p id=\"caption-attachment-276435\" class=\"wp-caption-text\">M\u00f9a thu, khung c\u1ea3nh thi\u00ean nhi\u00ean \u1edf \u0111\u00e2y c\u00e0ng tr\u1edf n\u00ean h\u00f9ng v\u0129 khi nh\u1eefng tia n\u1eafng hanh hao ph\u1ee7 v\u00e0ng l\u00ean c\u00e2y c\u1ed1i v\u00e0 l\u00e0ng m\u1ea1c. Anh T\u00f9ng \u1ea5n t\u01b0\u1ee3ng nh\u1ea5t v\u1edbi h\u1ed3 Khalti \u1edf thung l\u0169ng Gupis tr\u00ean tr\u1ee5c \u0111\u01b0\u1eddng Chitral &#8211; Gilgit. &#8220;L\u00fac \u0111\u00f3 c\u1ea3 nh\u00f3m \u0111ang tr\u00ean \u0111\u01b0\u1eddng quay v\u1ec1 trong t\u00e2m tr\u1ea1ng th\u1ea5t v\u1ecdng v\u00ec kh\u00f4ng \u0111i Chitral. L\u00fac n\u00e0y m\u1eb7t tr\u1eddi s\u1eafp l\u1eb7n, nh\u1eefng tia s\u00e1ng cu\u1ed1i c\u00f9ng v\u01b0\u01a1ng l\u1ea1i tr\u00ean \u0111\u00e1m l\u00e1 v\u00e0ng in b\u00f3ng xu\u1ed1ng m\u1eb7t h\u1ed3 t\u1ea1o n\u00ean m\u1ed9t b\u1ee9c tranh qu\u00e1 \u0111\u1eb9p&#8221;, anh n\u00f3i.<\/p><\/div>\n<div id=\"attachment_276436\" style=\"width: 690px\" class=\"wp-caption aligncenter\"><img loading=\"lazy\" decoding=\"async\" aria-describedby=\"caption-attachment-276436\" class=\"wp-image-276436 size-full\" title=\"Pakistan h\u00fat kh\u00e1ch kh\u00f4ng ch\u1ec9 b\u1edfi l\u00e0 m\u1ed9t v\u00f9ng \u0111\u1ea5t hoang s\u01a1 v\u1edbi n\u00fai r\u1eebng, nh\u1eefng d\u00e3y n\u00fai quanh n\u0103m tuy\u1ebft ph\u1ee7, m\u1eb7t h\u1ed3 trong xanh nh\u01b0 ng\u1ecdc, c\u00e1c lo\u00e0i \u0111\u1ed9ng v\u1eadt hoang d\u00e3. N\u01a1i n\u00e0y c\u00f2n ch\u1ee9a \u0111\u1ef1ng m\u1ed9t n\u1ec1n v\u0103n minh r\u1ef1c r\u1ee1 tr\u1ea3i qua h\u00e0ng ngh\u00ecn n\u0103m l\u1ecbch s\u1eed, \u0111\u01b0\u1ee3c minh ch\u1ee9ng b\u1edfi c\u00e1c c\u00f4ng tr\u00ecnh ki\u1ebfn tr\u00fac t\u1eeb Ph\u1eadt gi\u00e1o, Hindu cho \u0111\u1ebfn H\u1ed3i gi\u00e1o v\u1eabn c\u00f2n t\u1ed3n t\u1ea1i. Trong \u1ea3nh l\u00e0 ph\u00e1o \u0111\u00e0i Baltit \u1edf Kirimabad.\" src=\"https:\/\/cdn3.ivivu.com\/2018\/11\/du-khach-viet-duoc-quan-doi-ho-tong-khi-di-choi-o-pakistan-ivivu-6.jpg\" alt=\"Pakistan h\u00fat kh\u00e1ch kh\u00f4ng ch\u1ec9 b\u1edfi l\u00e0 m\u1ed9t v\u00f9ng \u0111\u1ea5t hoang s\u01a1 v\u1edbi n\u00fai r\u1eebng, nh\u1eefng d\u00e3y n\u00fai quanh n\u0103m tuy\u1ebft ph\u1ee7, m\u1eb7t h\u1ed3 trong xanh nh\u01b0 ng\u1ecdc, c\u00e1c lo\u00e0i \u0111\u1ed9ng v\u1eadt hoang d\u00e3. N\u01a1i n\u00e0y c\u00f2n ch\u1ee9a \u0111\u1ef1ng m\u1ed9t n\u1ec1n v\u0103n minh r\u1ef1c r\u1ee1 tr\u1ea3i qua h\u00e0ng ngh\u00ecn n\u0103m l\u1ecbch s\u1eed, \u0111\u01b0\u1ee3c minh ch\u1ee9ng b\u1edfi c\u00e1c c\u00f4ng tr\u00ecnh ki\u1ebfn tr\u00fac t\u1eeb Ph\u1eadt gi\u00e1o, Hindu cho \u0111\u1ebfn H\u1ed3i gi\u00e1o v\u1eabn c\u00f2n t\u1ed3n t\u1ea1i. Trong \u1ea3nh l\u00e0 ph\u00e1o \u0111\u00e0i Baltit \u1edf Kirimabad.\" width=\"680\" height=\"454\" srcset=\"https:\/\/cdn3.ivivu.com\/2018\/11\/du-khach-viet-duoc-quan-doi-ho-tong-khi-di-choi-o-pakistan-ivivu-6.jpg 680w, https:\/\/cdn3.ivivu.com\/2018\/11\/du-khach-viet-duoc-quan-doi-ho-tong-khi-di-choi-o-pakistan-ivivu-6-457x305.jpg 457w\" sizes=\"(max-width: 680px) 100vw, 680px\" \/><p id=\"caption-attachment-276436\" class=\"wp-caption-text\">Pakistan h\u00fat kh\u00e1ch kh\u00f4ng ch\u1ec9 b\u1edfi l\u00e0 m\u1ed9t v\u00f9ng \u0111\u1ea5t hoang s\u01a1 v\u1edbi n\u00fai r\u1eebng, nh\u1eefng d\u00e3y n\u00fai quanh n\u0103m tuy\u1ebft ph\u1ee7, m\u1eb7t h\u1ed3 trong xanh nh\u01b0 ng\u1ecdc, c\u00e1c lo\u00e0i \u0111\u1ed9ng v\u1eadt hoang d\u00e3. N\u01a1i n\u00e0y c\u00f2n ch\u1ee9a \u0111\u1ef1ng m\u1ed9t n\u1ec1n v\u0103n minh r\u1ef1c r\u1ee1 tr\u1ea3i qua h\u00e0ng ngh\u00ecn n\u0103m l\u1ecbch s\u1eed, \u0111\u01b0\u1ee3c minh ch\u1ee9ng b\u1edfi c\u00e1c c\u00f4ng tr\u00ecnh ki\u1ebfn tr\u00fac t\u1eeb Ph\u1eadt gi\u00e1o, Hindu cho \u0111\u1ebfn H\u1ed3i gi\u00e1o v\u1eabn c\u00f2n t\u1ed3n t\u1ea1i. Trong \u1ea3nh l\u00e0 ph\u00e1o \u0111\u00e0i Baltit \u1edf Kirimabad.<\/p><\/div>\n<div id=\"attachment_276437\" style=\"width: 610px\" class=\"wp-caption aligncenter\"><img loading=\"lazy\" decoding=\"async\" aria-describedby=\"caption-attachment-276437\" class=\"wp-image-276437 size-full\" title=\"N\u00f3i v\u1ec1 \u0111i\u1ec1u \u0111\u1eb9p nh\u1ea5t c\u00f2n \u0111\u1ecdng l\u1ea1i, anh T\u00f9ng b\u1ed3i h\u1ed3i nh\u1edb t\u1edbi s\u1ef1 th\u00e2n thi\u1ec7n v\u00e0 hi\u1ebfu kh\u00e1ch c\u1ee7a ng\u01b0\u1eddi d\u00e2n nh\u1eefng n\u01a1i m\u00e0 anh \u0111\u00e3 \u0111i qua.\" src=\"https:\/\/cdn3.ivivu.com\/2018\/11\/du-khach-viet-duoc-quan-doi-ho-tong-khi-di-choi-o-pakistan-ivivu-7.jpg\" alt=\"N\u00f3i v\u1ec1 \u0111i\u1ec1u \u0111\u1eb9p nh\u1ea5t c\u00f2n \u0111\u1ecdng l\u1ea1i, anh T\u00f9ng b\u1ed3i h\u1ed3i nh\u1edb t\u1edbi s\u1ef1 th\u00e2n thi\u1ec7n v\u00e0 hi\u1ebfu kh\u00e1ch c\u1ee7a ng\u01b0\u1eddi d\u00e2n nh\u1eefng n\u01a1i m\u00e0 anh \u0111\u00e3 \u0111i qua.\" width=\"600\" height=\"899\" srcset=\"https:\/\/cdn3.ivivu.com\/2018\/11\/du-khach-viet-duoc-quan-doi-ho-tong-khi-di-choi-o-pakistan-ivivu-7.jpg 600w, https:\/\/cdn3.ivivu.com\/2018\/11\/du-khach-viet-duoc-quan-doi-ho-tong-khi-di-choi-o-pakistan-ivivu-7-204x305.jpg 204w\" sizes=\"(max-width: 600px) 100vw, 600px\" \/><p id=\"caption-attachment-276437\" class=\"wp-caption-text\">N\u00f3i v\u1ec1 \u0111i\u1ec1u \u0111\u1eb9p nh\u1ea5t c\u00f2n \u0111\u1ecdng l\u1ea1i, anh T\u00f9ng b\u1ed3i h\u1ed3i nh\u1edb t\u1edbi s\u1ef1 th\u00e2n thi\u1ec7n v\u00e0 hi\u1ebfu kh\u00e1ch c\u1ee7a ng\u01b0\u1eddi d\u00e2n nh\u1eefng n\u01a1i m\u00e0 anh \u0111\u00e3 \u0111i qua.<\/p><\/div>\n<div id=\"attachment_276438\" style=\"width: 610px\" class=\"wp-caption aligncenter\"><img loading=\"lazy\" decoding=\"async\" aria-describedby=\"caption-attachment-276438\" class=\"wp-image-276438 size-full\" title=\"&quot;Bu\u1ed5i s\u00e1ng h\u00f4m \u0111\u00f3 tr\u1eddi r\u00e9t c\u0103m c\u0103m, t\u00f4i \u0111i lang thang ch\u1ee5p h\u00ecnh \u1edf l\u00e0ng Khyber th\u00ec g\u1eb7p m\u01b0a tuy\u1ebft. M\u1ed9t c\u1eadu b\u00e9 t\u1ea7m 10 tu\u1ed5i \u0111\u00e3 m\u1eddi t\u00f4i v\u00e0o nh\u00e0 tr\u00fa. H\u00f4m \u0111\u00f3, nh\u00e0 c\u00f3 b\u00e0 m\u1eb9 v\u00e0 3 con trai, \u0111\u1ee9a l\u1edbn nh\u1ea5t l\u00e0 c\u1eadu b\u00e9 kia, v\u00e0 \u0111\u1ee9a nh\u1ecf nh\u1ea5t t\u1ea7m 3 tu\u1ed5i. H\u1ecd m\u1eddi t\u00f4i d\u00f9ng b\u1eefa s\u00e1ng v\u1edbi h\u1ecd. Ch\u1ec9 \u0111\u01a1n gi\u1ea3n l\u00e0 b\u00e1nh m\u00ec n\u01b0\u1edbng v\u00e0 tr\u00e0 s\u1eefa trong c\u0103n b\u1ebfp g\u1ea7n nh\u01b0 kh\u00f4ng c\u00f3 ti\u1ec7n nghi g\u00ec, nh\u01b0ng \u1ea5m \u00e1p v\u00e0 ngon l\u1ea1 th\u01b0\u1eddng&quot;.\" src=\"https:\/\/cdn3.ivivu.com\/2018\/11\/du-khach-viet-duoc-quan-doi-ho-tong-khi-di-choi-o-pakistan-ivivu-8.jpg\" alt=\"&quot;Bu\u1ed5i s\u00e1ng h\u00f4m \u0111\u00f3 tr\u1eddi r\u00e9t c\u0103m c\u0103m, t\u00f4i \u0111i lang thang ch\u1ee5p h\u00ecnh \u1edf l\u00e0ng Khyber th\u00ec g\u1eb7p m\u01b0a tuy\u1ebft. M\u1ed9t c\u1eadu b\u00e9 t\u1ea7m 10 tu\u1ed5i \u0111\u00e3 m\u1eddi t\u00f4i v\u00e0o nh\u00e0 tr\u00fa. H\u00f4m \u0111\u00f3, nh\u00e0 c\u00f3 b\u00e0 m\u1eb9 v\u00e0 3 con trai, \u0111\u1ee9a l\u1edbn nh\u1ea5t l\u00e0 c\u1eadu b\u00e9 kia, v\u00e0 \u0111\u1ee9a nh\u1ecf nh\u1ea5t t\u1ea7m 3 tu\u1ed5i. H\u1ecd m\u1eddi t\u00f4i d\u00f9ng b\u1eefa s\u00e1ng v\u1edbi h\u1ecd. Ch\u1ec9 \u0111\u01a1n gi\u1ea3n l\u00e0 b\u00e1nh m\u00ec n\u01b0\u1edbng v\u00e0 tr\u00e0 s\u1eefa trong c\u0103n b\u1ebfp g\u1ea7n nh\u01b0 kh\u00f4ng c\u00f3 ti\u1ec7n nghi g\u00ec, nh\u01b0ng \u1ea5m \u00e1p v\u00e0 ngon l\u1ea1 th\u01b0\u1eddng&quot;.\" width=\"600\" height=\"899\" srcset=\"https:\/\/cdn3.ivivu.com\/2018\/11\/du-khach-viet-duoc-quan-doi-ho-tong-khi-di-choi-o-pakistan-ivivu-8.jpg 600w, https:\/\/cdn3.ivivu.com\/2018\/11\/du-khach-viet-duoc-quan-doi-ho-tong-khi-di-choi-o-pakistan-ivivu-8-204x305.jpg 204w\" sizes=\"(max-width: 600px) 100vw, 600px\" \/><p id=\"caption-attachment-276438\" class=\"wp-caption-text\">&#8220;Bu\u1ed5i s\u00e1ng h\u00f4m \u0111\u00f3 tr\u1eddi r\u00e9t c\u0103m c\u0103m, t\u00f4i \u0111i lang thang ch\u1ee5p h\u00ecnh \u1edf l\u00e0ng Khyber th\u00ec g\u1eb7p m\u01b0a tuy\u1ebft. M\u1ed9t c\u1eadu b\u00e9 t\u1ea7m 10 tu\u1ed5i \u0111\u00e3 m\u1eddi t\u00f4i v\u00e0o nh\u00e0 tr\u00fa. H\u00f4m \u0111\u00f3, nh\u00e0 c\u00f3 b\u00e0 m\u1eb9 v\u00e0 3 con trai, \u0111\u1ee9a l\u1edbn nh\u1ea5t l\u00e0 c\u1eadu b\u00e9 kia, v\u00e0 \u0111\u1ee9a nh\u1ecf nh\u1ea5t t\u1ea7m 3 tu\u1ed5i. H\u1ecd m\u1eddi t\u00f4i d\u00f9ng b\u1eefa s\u00e1ng v\u1edbi h\u1ecd. Ch\u1ec9 \u0111\u01a1n gi\u1ea3n l\u00e0 b\u00e1nh m\u00ec n\u01b0\u1edbng v\u00e0 tr\u00e0 s\u1eefa trong c\u0103n b\u1ebfp g\u1ea7n nh\u01b0 kh\u00f4ng c\u00f3 ti\u1ec7n nghi g\u00ec, nh\u01b0ng \u1ea5m \u00e1p v\u00e0 ngon l\u1ea1 th\u01b0\u1eddng&#8221;.<\/p><\/div>\n<div id=\"attachment_276439\" style=\"width: 690px\" class=\"wp-caption aligncenter\"><img loading=\"lazy\" decoding=\"async\" aria-describedby=\"caption-attachment-276439\" class=\"wp-image-276439 size-full\" title=\"Trong h\u01a1n n\u1eeda th\u00e1ng \u1edf x\u1ee9 ng\u01b0\u1eddi, T\u00f9ng \u0103n &quot;li\u00ean t\u1ee5c t\u00f9 t\u00ec&quot; nh\u1eefng m\u00f3n n\u1ea5u v\u1edbi c\u00e0 ri, r\u1ea5t \u00edt rau. Anh chia s\u1ebb, h\u1ea7u nh\u01b0 c\u00e1c m\u00f3n n\u00e0y \u0111\u1ec1u kh\u00f3 \u0103n so v\u1edbi kh\u1ea9u v\u1ecb c\u1ee7a ng\u01b0\u1eddi Vi\u1ec7t. Tuy nhi\u00ean, &quot;m\u1ed9t s\u1ed1 nh\u00e0 tour \u1edf \u0111\u00e2y \u0111\u00e3 b\u1eaft \u0111\u1ea7u h\u1ecdc c\u00e1ch ch\u1ebf bi\u1ebfn m\u00f3n \u0103n h\u1ee3p v\u1edbi kh\u1ea9u v\u1ecb c\u1ee7a ng\u01b0\u1eddi Vi\u1ec7t h\u01a1n&quot;.\" src=\"https:\/\/cdn3.ivivu.com\/2018\/11\/du-khach-viet-duoc-quan-doi-ho-tong-khi-di-choi-o-pakistan-ivivu-9.jpg\" alt=\"Trong h\u01a1n n\u1eeda th\u00e1ng \u1edf x\u1ee9 ng\u01b0\u1eddi, T\u00f9ng \u0103n &quot;li\u00ean t\u1ee5c t\u00f9 t\u00ec&quot; nh\u1eefng m\u00f3n n\u1ea5u v\u1edbi c\u00e0 ri, r\u1ea5t \u00edt rau. Anh chia s\u1ebb, h\u1ea7u nh\u01b0 c\u00e1c m\u00f3n n\u00e0y \u0111\u1ec1u kh\u00f3 \u0103n so v\u1edbi kh\u1ea9u v\u1ecb c\u1ee7a ng\u01b0\u1eddi Vi\u1ec7t. Tuy nhi\u00ean, &quot;m\u1ed9t s\u1ed1 nh\u00e0 tour \u1edf \u0111\u00e2y \u0111\u00e3 b\u1eaft \u0111\u1ea7u h\u1ecdc c\u00e1ch ch\u1ebf bi\u1ebfn m\u00f3n \u0103n h\u1ee3p v\u1edbi kh\u1ea9u v\u1ecb c\u1ee7a ng\u01b0\u1eddi Vi\u1ec7t h\u01a1n&quot;.\" width=\"680\" height=\"417\" srcset=\"https:\/\/cdn3.ivivu.com\/2018\/11\/du-khach-viet-duoc-quan-doi-ho-tong-khi-di-choi-o-pakistan-ivivu-9.jpg 680w, https:\/\/cdn3.ivivu.com\/2018\/11\/du-khach-viet-duoc-quan-doi-ho-tong-khi-di-choi-o-pakistan-ivivu-9-497x305.jpg 497w\" sizes=\"(max-width: 680px) 100vw, 680px\" \/><p id=\"caption-attachment-276439\" class=\"wp-caption-text\">Trong h\u01a1n n\u1eeda th\u00e1ng \u1edf x\u1ee9 ng\u01b0\u1eddi, T\u00f9ng \u0103n &#8220;li\u00ean t\u1ee5c t\u00f9 t\u00ec&#8221; nh\u1eefng m\u00f3n n\u1ea5u v\u1edbi c\u00e0 ri, r\u1ea5t \u00edt rau. Anh chia s\u1ebb, h\u1ea7u nh\u01b0 c\u00e1c m\u00f3n n\u00e0y \u0111\u1ec1u kh\u00f3 \u0103n so v\u1edbi kh\u1ea9u v\u1ecb c\u1ee7a ng\u01b0\u1eddi Vi\u1ec7t. Tuy nhi\u00ean, &#8220;m\u1ed9t s\u1ed1 nh\u00e0 tour \u1edf \u0111\u00e2y \u0111\u00e3 b\u1eaft \u0111\u1ea7u h\u1ecdc c\u00e1ch ch\u1ebf bi\u1ebfn m\u00f3n \u0103n h\u1ee3p v\u1edbi kh\u1ea9u v\u1ecb c\u1ee7a ng\u01b0\u1eddi Vi\u1ec7t h\u01a1n&#8221;.<\/p><\/div>\n<div id=\"attachment_276440\" style=\"width: 610px\" class=\"wp-caption aligncenter\"><img loading=\"lazy\" decoding=\"async\" aria-describedby=\"caption-attachment-276440\" class=\"wp-image-276440 size-full\" title=\"Ng\u01b0\u1eddi d\u00e2n Pakistan bu\u1ed5i s\u00e1ng th\u01b0\u1eddng \u0111\u01b0a d\u00ea l\u00ean n\u00fai cho \u0103n, t\u1ed1i l\u1ea1i \u0111\u01b0a v\u1ec1 chu\u1ed3ng.\" src=\"https:\/\/cdn3.ivivu.com\/2018\/11\/du-khach-viet-duoc-quan-doi-ho-tong-khi-di-choi-o-pakistan-ivivu-10.jpg\" alt=\"Ng\u01b0\u1eddi d\u00e2n Pakistan bu\u1ed5i s\u00e1ng th\u01b0\u1eddng \u0111\u01b0a d\u00ea l\u00ean n\u00fai cho \u0103n, t\u1ed1i l\u1ea1i \u0111\u01b0a v\u1ec1 chu\u1ed3ng.\" width=\"600\" height=\"899\" srcset=\"https:\/\/cdn3.ivivu.com\/2018\/11\/du-khach-viet-duoc-quan-doi-ho-tong-khi-di-choi-o-pakistan-ivivu-10.jpg 600w, https:\/\/cdn3.ivivu.com\/2018\/11\/du-khach-viet-duoc-quan-doi-ho-tong-khi-di-choi-o-pakistan-ivivu-10-204x305.jpg 204w\" sizes=\"(max-width: 600px) 100vw, 600px\" \/><p id=\"caption-attachment-276440\" class=\"wp-caption-text\">Ng\u01b0\u1eddi d\u00e2n Pakistan bu\u1ed5i s\u00e1ng th\u01b0\u1eddng \u0111\u01b0a d\u00ea l\u00ean n\u00fai cho \u0103n, t\u1ed1i l\u1ea1i \u0111\u01b0a v\u1ec1 chu\u1ed3ng.<\/p><\/div>\n<div id=\"attachment_276441\" style=\"width: 690px\" class=\"wp-caption aligncenter\"><img loading=\"lazy\" decoding=\"async\" aria-describedby=\"caption-attachment-276441\" class=\"wp-image-276441 size-full\" title=\"Anh T\u00f9ng quan t\u00e2m nhi\u1ec1u \u0111\u1ebfn nhi\u1ebfp \u1ea3nh, ch\u1ee7 y\u1ebfu v\u1ec1 phong c\u1ea3nh v\u00e0 cu\u1ed9c s\u1ed1ng c\u1ee7a ng\u01b0\u1eddi d\u00e2n \u0111\u1ecba ph\u01b0\u01a1ng. Tr\u00ean m\u1ed7i con \u0111\u01b0\u1eddng \u0111i qua, anh \u0111\u1ec1u quan s\u00e1t th\u1eadt k\u1ef9 m\u1ecdi th\u1ee9 xung quanh.\" src=\"https:\/\/cdn3.ivivu.com\/2018\/11\/du-khach-viet-duoc-quan-doi-ho-tong-khi-di-choi-o-pakistan-ivivu-11.jpeg\" alt=\"Anh T\u00f9ng quan t\u00e2m nhi\u1ec1u \u0111\u1ebfn nhi\u1ebfp \u1ea3nh, ch\u1ee7 y\u1ebfu v\u1ec1 phong c\u1ea3nh v\u00e0 cu\u1ed9c s\u1ed1ng c\u1ee7a ng\u01b0\u1eddi d\u00e2n \u0111\u1ecba ph\u01b0\u01a1ng. Tr\u00ean m\u1ed7i con \u0111\u01b0\u1eddng \u0111i qua, anh \u0111\u1ec1u quan s\u00e1t th\u1eadt k\u1ef9 m\u1ecdi th\u1ee9 xung quanh.\" width=\"680\" height=\"510\" srcset=\"https:\/\/cdn3.ivivu.com\/2018\/11\/du-khach-viet-duoc-quan-doi-ho-tong-khi-di-choi-o-pakistan-ivivu-11.jpeg 680w, https:\/\/cdn3.ivivu.com\/2018\/11\/du-khach-viet-duoc-quan-doi-ho-tong-khi-di-choi-o-pakistan-ivivu-11-407x305.jpeg 407w\" sizes=\"(max-width: 680px) 100vw, 680px\" \/><p id=\"caption-attachment-276441\" class=\"wp-caption-text\">Anh T\u00f9ng quan t\u00e2m nhi\u1ec1u \u0111\u1ebfn nhi\u1ebfp \u1ea3nh, ch\u1ee7 y\u1ebfu v\u1ec1 phong c\u1ea3nh v\u00e0 cu\u1ed9c s\u1ed1ng c\u1ee7a ng\u01b0\u1eddi d\u00e2n \u0111\u1ecba ph\u01b0\u01a1ng. Tr\u00ean m\u1ed7i con \u0111\u01b0\u1eddng \u0111i qua, anh \u0111\u1ec1u quan s\u00e1t th\u1eadt k\u1ef9 m\u1ecdi th\u1ee9 xung quanh.<\/p><\/div>\n<div id=\"attachment_276442\" style=\"width: 610px\" class=\"wp-caption aligncenter\"><img loading=\"lazy\" decoding=\"async\" aria-describedby=\"caption-attachment-276442\" class=\"wp-image-276442 size-full\" title=\"Nh\u1eefng b\u1ee9c h\u00ecnh ph\u00e1c ho\u1ea1 ch\u00e2n th\u1ef1c khung c\u1ea3nh thi\u00ean nhi\u00ean l\u1eabn n\u00e9t \u0111\u1eb9p c\u1ee7a con ng\u01b0\u1eddi. B\u1ea7u tr\u1eddi \u0111\u1ea7y sao \u1edf Pakistan.\" src=\"https:\/\/cdn3.ivivu.com\/2018\/11\/du-khach-viet-duoc-quan-doi-ho-tong-khi-di-choi-o-pakistan-ivivu-12.jpg\" alt=\"Nh\u1eefng b\u1ee9c h\u00ecnh ph\u00e1c ho\u1ea1 ch\u00e2n th\u1ef1c khung c\u1ea3nh thi\u00ean nhi\u00ean l\u1eabn n\u00e9t \u0111\u1eb9p c\u1ee7a con ng\u01b0\u1eddi. B\u1ea7u tr\u1eddi \u0111\u1ea7y sao \u1edf Pakistan.\" width=\"600\" height=\"899\" srcset=\"https:\/\/cdn3.ivivu.com\/2018\/11\/du-khach-viet-duoc-quan-doi-ho-tong-khi-di-choi-o-pakistan-ivivu-12.jpg 600w, https:\/\/cdn3.ivivu.com\/2018\/11\/du-khach-viet-duoc-quan-doi-ho-tong-khi-di-choi-o-pakistan-ivivu-12-204x305.jpg 204w\" sizes=\"(max-width: 600px) 100vw, 600px\" \/><p id=\"caption-attachment-276442\" class=\"wp-caption-text\">Nh\u1eefng b\u1ee9c h\u00ecnh ph\u00e1c ho\u1ea1 ch\u00e2n th\u1ef1c khung c\u1ea3nh thi\u00ean nhi\u00ean l\u1eabn n\u00e9t \u0111\u1eb9p c\u1ee7a con ng\u01b0\u1eddi. B\u1ea7u tr\u1eddi \u0111\u1ea7y sao \u1edf Pakistan.<\/p><\/div>\n<div id=\"attachment_276443\" style=\"width: 690px\" class=\"wp-caption aligncenter\"><img loading=\"lazy\" decoding=\"async\" aria-describedby=\"caption-attachment-276443\" class=\"wp-image-276443 size-full\" title=\"&quot;Nh\u1eefng l\u1ea7n nh\u1eadn \u0111\u01b0\u1ee3c s\u1ef1 gi\u00fap \u0111\u1ee1 t\u1eeb qu\u00e2n \u0111\u1ed9i n\u01b0\u1edbc n\u00e0y, t\u00f4i c\u1ea3m th\u1ea5y ch\u00ednh quy\u1ec1n Pakistan \u0111ang n\u1ed7 l\u1ef1c g\u00ecn gi\u1eef an ninh cho du kh\u00e1ch v\u00e0 ng\u01b0\u1eddi d\u00e2n. L\u00ean t\u1edbi v\u00f9ng Gilgit-Batistan, t\u00f4i kh\u00f4ng th\u1ea5y c\u00e1c tr\u1ea1m g\u00e1c n\u1eefa. Nh\u1eefng ng\u01b0\u1eddi d\u00e2n \u1edf \u0111\u00f3 h\u1ebft s\u1ee9c l\u1ecbch thi\u1ec7p, m\u1ebfn kh\u00e1ch&quot;, anh T\u00f9ng chia s\u1ebb.\" src=\"https:\/\/cdn3.ivivu.com\/2018\/11\/du-khach-viet-duoc-quan-doi-ho-tong-khi-di-choi-o-pakistan-ivivu-13.jpg\" alt=\"&quot;Nh\u1eefng l\u1ea7n nh\u1eadn \u0111\u01b0\u1ee3c s\u1ef1 gi\u00fap \u0111\u1ee1 t\u1eeb qu\u00e2n \u0111\u1ed9i n\u01b0\u1edbc n\u00e0y, t\u00f4i c\u1ea3m th\u1ea5y ch\u00ednh quy\u1ec1n Pakistan \u0111ang n\u1ed7 l\u1ef1c g\u00ecn gi\u1eef an ninh cho du kh\u00e1ch v\u00e0 ng\u01b0\u1eddi d\u00e2n. L\u00ean t\u1edbi v\u00f9ng Gilgit-Batistan, t\u00f4i kh\u00f4ng th\u1ea5y c\u00e1c tr\u1ea1m g\u00e1c n\u1eefa. Nh\u1eefng ng\u01b0\u1eddi d\u00e2n \u1edf \u0111\u00f3 h\u1ebft s\u1ee9c l\u1ecbch thi\u1ec7p, m\u1ebfn kh\u00e1ch&quot;, anh T\u00f9ng chia s\u1ebb.\" width=\"680\" height=\"446\" srcset=\"https:\/\/cdn3.ivivu.com\/2018\/11\/du-khach-viet-duoc-quan-doi-ho-tong-khi-di-choi-o-pakistan-ivivu-13.jpg 680w, https:\/\/cdn3.ivivu.com\/2018\/11\/du-khach-viet-duoc-quan-doi-ho-tong-khi-di-choi-o-pakistan-ivivu-13-465x305.jpg 465w\" sizes=\"(max-width: 680px) 100vw, 680px\" \/><p id=\"caption-attachment-276443\" class=\"wp-caption-text\">&#8220;Nh\u1eefng l\u1ea7n nh\u1eadn \u0111\u01b0\u1ee3c s\u1ef1 gi\u00fap \u0111\u1ee1 t\u1eeb qu\u00e2n \u0111\u1ed9i n\u01b0\u1edbc n\u00e0y, t\u00f4i c\u1ea3m th\u1ea5y ch\u00ednh quy\u1ec1n Pakistan \u0111ang n\u1ed7 l\u1ef1c g\u00ecn gi\u1eef an ninh cho du kh\u00e1ch v\u00e0 ng\u01b0\u1eddi d\u00e2n. L\u00ean t\u1edbi v\u00f9ng Gilgit-Batistan, t\u00f4i kh\u00f4ng th\u1ea5y c\u00e1c tr\u1ea1m g\u00e1c n\u1eefa. Nh\u1eefng ng\u01b0\u1eddi d\u00e2n \u1edf \u0111\u00f3 h\u1ebft s\u1ee9c l\u1ecbch thi\u1ec7p, m\u1ebfn kh\u00e1ch&#8221;, anh T\u00f9ng chia s\u1ebb.<\/p><\/div>\n<h4 style=\"text-align: center;\"><div class=\"ltt-contentbox white\"><\/span>G\u1eccI NGAY 1900 1870 (Mi\u1ec1n Nam),\u00a01900 2045 (Mi\u1ec1n B\u1eafc) ho\u1eb7c (029) 27308668 (Mi\u1ec1n T\u00e2y) \u0110\u1ec2 \u0110\u01af\u1ee2C T\u01af V\u1ea4N\u00a0<a href=\"https:\/\/www.ivivu.com\/ve-may-bay\/?utm_source=blog_ivivu&amp;utm_medium=post_link&amp;utm_campaign=internal\" target=\"_blank\">COMBO KH\u00c1CH S\u1ea0N + V\u00c9 M\u00c1Y BAY<\/a>\u00a0GI\u00c1 SI\u00caU TI\u1ebeT KI\u1ec6M T\u1eea IVIVU.COM<\/div><\/h4>\n<p style=\"text-align: right;\"><strong>Theo <a href=\"https:\/\/dulich.vnexpress.net\/photo\/dau-chan\/du-khach-viet-duoc-quan-doi-ho-tong-khi-di-choi-o-pakistan-3841683.html\" target=\"_blank\" rel=\"nofollow\">Phong Vinh\/ Vnexpress<\/a><\/strong><\/p>\n<div class=\"ltt-contentbox white\"><\/span><\/p>\n<p><strong>Xem th\u00eam b\u00e0i vi\u1ebft:<\/strong><\/p>\n<p><strong><a href=\"https:\/\/www.ivivu.com\/blog\/2018\/11\/bo-anh-pakistan-mua-thu-cham-toi-trai-tim-cua-du-khach-viet\/\" target=\"_blank\">B\u1ed9 \u1ea3nh Pakistan m\u00f9a thu \u2018ch\u1ea1m t\u1edbi tr\u00e1i tim\u2019 c\u1ee7a du kh\u00e1ch Vi\u1ec7t<\/a><\/strong><\/p>\n<p><strong><a href=\"https:\/\/www.ivivu.com\/blog\/2017\/10\/turtuk-net-dep-cua-ngoi-lang-nam-giua-bien-gioi-an-do-pakistan\/\" target=\"_blank\">Turtuk \u2013 n\u00e9t \u0111\u1eb9p c\u1ee7a ng\u00f4i l\u00e0ng n\u1eb1m gi\u1eefa bi\u00ean gi\u1edbi \u1ea4n \u0110\u1ed9 \u2013 Pakistan<\/a><\/strong><\/p>\n<p><strong><a href=\"https:\/\/www.ivivu.com\/blog\/2018\/06\/8-mon-qua-luu-niem-nen-mua-khi-den-nga\/\" target=\"_blank\">8 m\u00f3n qu\u00e0 l\u01b0u ni\u1ec7m n\u00ean mua khi \u0111\u1ebfn Nga<\/a><\/strong><\/p>\n<p><\/div>\n<h3><div class=\"ltt-contentbox white\"><\/span>Click \u0111\u1eb7t ngay\u00a0<a href=\"https:\/\/www.ivivu.com\/vi\/?utm_source=blog_ivivu&amp;utm_medium=post_link&amp;utm_campaign=internal?utm_source=blog_ivivu&amp;utm_medium=post_link&amp;utm_campaign=internal?utm_source=blog_ivivu&amp;utm_medium=post_link&amp;utm_campaign=internal?utm_source=blog_ivivu&amp;utm_medium=post_link&amp;utm_campaign=internal?utm_source=blog_ivivu&amp;utm_medium=post_link&amp;utm_campaign=internal?utm_source=blog_ivivu&amp;utm_medium=post_link&amp;utm_campaign=internal?utm_source=blog_ivivu&amp;utm_medium=post_link&amp;utm_campaign=internal?utm_source=blog_ivivu&amp;utm_medium=post_link&amp;utm_campaign=internal?utm_source=blog_ivivu&amp;utm_medium=post_link&amp;utm_campaign=internal?utm_source=blog_ivivu&amp;utm_medium=post_link&amp;utm_campaign=internal?utm_source=blog_ivivu&amp;utm_medium=post_link&amp;utm_campaign=internal?utm_source=blog_ivivu&amp;utm_medium=post_link&amp;utm_campaign=internal?utm_source=blog_ivivu&amp;utm_medium=post_link&amp;utm_campaign=internal?utm_source=blog_ivivu&amp;utm_medium=post_link&amp;utm_campaign=internal?utm_source=blog_ivivu&amp;utm_medium=post_link&amp;utm_campaign=internal?utm_source=blog_ivivu&amp;utm_medium=post_link&amp;utm_campaign=internal?utm_source=blog_ivivu&amp;utm_medium=post_link&amp;utm_campaign=internal?utm_source=blog_ivivu&amp;utm_medium=post_link&amp;utm_campaign=internal\" target=\"_blank\">Kh\u00e1ch s\u1ea1n kh\u1eafp Vi\u1ec7t Nam v\u00e0 to\u00e0n th\u1ebf gi\u1edbi<\/a>\u00a0gi\u00e1 t\u1ed1t nh\u1ea5t ch\u1ec9 c\u00f3 t\u1ea1i iVIVU.com<\/div><\/h3>\n<p>***<\/p>\n<p><strong>Tham kh\u1ea3o:\u00a0<a href=\"https:\/\/www.ivivu.com\/blog\" target=\"_blank\">C\u1ea9m nang du l\u1ecbch iVIVU.com<\/a><\/strong><strong>\u00a0<\/strong><\/p>\n","protected":false},"excerpt":{"rendered":"<p>Trong n\u1eeda th\u00e1ng \u1edf Pakistan, anh T\u00f9ng \u0111i qua nh\u1eefng con \u0111\u01b0\u1eddng ng\u1eadp l\u00e1 v\u00e0ng, hai l\u1ea7n \u0111\u01b0\u1ee3c binh l\u00ednh h\u1ed7 tr\u1ee3 \u0111\u1ea3m b\u1ea3o an to\u00e0n.<\/p>\n","protected":false},"author":38,"featured_media":276431,"comment_status":"closed","ping_status":"open","sticky":false,"template":"","format":"standard","meta":{"_acf_changed":false,"footnotes":""},"categories":[246,231,795,14742],"tags":[18336,26032,34134,4115,18339],"acf":[],"yoast_head":"<!-- This site is optimized with the Yoast SEO Premium plugin v22.6 (Yoast SEO v22.6) - https:\/\/yoast.com\/wordpress\/plugins\/seo\/ -->\n<title>Du kh\u00e1ch Vi\u1ec7t \u0111\u01b0\u1ee3c qu\u00e2n \u0111\u1ed9i h\u1ed9 t\u1ed1ng khi \u0111i ch\u01a1i \u1edf Pakistan - iVIVU.com<\/title>\n<meta name=\"description\" content=\"Trong n\u1eeda th\u00e1ng \u1edf Pakistan, anh T\u00f9ng \u0111i qua nh\u1eefng con \u0111\u01b0\u1eddng ng\u1eadp l\u00e1 v\u00e0ng, hai l\u1ea7n \u0111\u01b0\u1ee3c binh l\u00ednh h\u1ed7 tr\u1ee3 \u0111\u1ea3m b\u1ea3o an to\u00e0n.\" \/>\n<meta name=\"robots\" content=\"index, follow, max-snippet:-1, max-image-preview:large, max-video-preview:-1\" \/>\n<link rel=\"canonical\" href=\"https:\/\/www.ivivu.com\/blog\/2018\/11\/du-khach-viet-duoc-quan-doi-ho-tong-khi-di-choi-o-pakistan\/\" \/>\n<meta name=\"twitter:label1\" content=\"\u0110\u01b0\u1ee3c vi\u1ebft b\u1edfi\" \/>\n\t<meta name=\"twitter:data1\" content=\"Ng\u00e2n Thi\u1ec1u Kim\" \/>\n\t<meta name=\"twitter:label2\" content=\"\u01af\u1edbc t\u00ednh th\u1eddi gian \u0111\u1ecdc\" \/>\n\t<meta name=\"twitter:data2\" content=\"8 ph\u00fat\" \/>\n<script type=\"application\/ld+json\" class=\"yoast-schema-graph\">{\"@context\":\"https:\/\/schema.org\",\"@graph\":[{\"@type\":\"Article\",\"@id\":\"https:\/\/www.ivivu.com\/blog\/2018\/11\/du-khach-viet-duoc-quan-doi-ho-tong-khi-di-choi-o-pakistan\/#article\",\"isPartOf\":{\"@id\":\"https:\/\/www.ivivu.com\/blog\/2018\/11\/du-khach-viet-duoc-quan-doi-ho-tong-khi-di-choi-o-pakistan\/\"},\"author\":{\"name\":\"Ng\u00e2n Thi\u1ec1u Kim\",\"@id\":\"https:\/\/www.ivivu.com\/blog\/#\/schema\/person\/f6e706f46fad4e85f2e1c3ec41136369\"},\"headline\":\"Du kh\u00e1ch Vi\u1ec7t \u0111\u01b0\u1ee3c qu\u00e2n \u0111\u1ed9i h\u1ed9 t\u1ed1ng khi \u0111i ch\u01a1i \u1edf Pakistan\",\"datePublished\":\"2018-11-24T02:00:57+00:00\",\"dateModified\":\"2018-11-23T07:41:19+00:00\",\"mainEntityOfPage\":{\"@id\":\"https:\/\/www.ivivu.com\/blog\/2018\/11\/du-khach-viet-duoc-quan-doi-ho-tong-khi-di-choi-o-pakistan\/\"},\"wordCount\":1595,\"publisher\":{\"@id\":\"https:\/\/www.ivivu.com\/blog\/#organization\"},\"image\":{\"@id\":\"https:\/\/www.ivivu.com\/blog\/2018\/11\/du-khach-viet-duoc-quan-doi-ho-tong-khi-di-choi-o-pakistan\/#primaryimage\"},\"thumbnailUrl\":\"https:\/\/cdn3.ivivu.com\/2018\/11\/du-khach-viet-duoc-quan-doi-ho-tong-khi-di-choi-o-pakistan-ivivu-1.jpg\",\"keywords\":[\"du l\u1ecbch Pakistan\",\"\u0111i\u1ec3m \u0111\u1ebfn Pakistan\",\"kinh nghi\u1ec7m du l\u1ecbch Pakistan\",\"Pakistan\",\"ph\u01b0\u1ee3t Pakistan\"],\"articleSection\":[\"Ch\u00e2u \u00c1\",\"DU L\u1ecaCH TH\u1ebe GI\u1edaI\",\"\u0110i\u1ec3m \u0111\u1ebfn\",\"N\u1ed5i B\u1eadt 2\"],\"inLanguage\":\"vi\"},{\"@type\":\"WebPage\",\"@id\":\"https:\/\/www.ivivu.com\/blog\/2018\/11\/du-khach-viet-duoc-quan-doi-ho-tong-khi-di-choi-o-pakistan\/\",\"url\":\"https:\/\/www.ivivu.com\/blog\/2018\/11\/du-khach-viet-duoc-quan-doi-ho-tong-khi-di-choi-o-pakistan\/\",\"name\":\"Du kh\u00e1ch Vi\u1ec7t \u0111\u01b0\u1ee3c qu\u00e2n \u0111\u1ed9i h\u1ed9 t\u1ed1ng khi \u0111i ch\u01a1i \u1edf Pakistan - iVIVU.com\",\"isPartOf\":{\"@id\":\"https:\/\/www.ivivu.com\/blog\/#website\"},\"primaryImageOfPage\":{\"@id\":\"https:\/\/www.ivivu.com\/blog\/2018\/11\/du-khach-viet-duoc-quan-doi-ho-tong-khi-di-choi-o-pakistan\/#primaryimage\"},\"image\":{\"@id\":\"https:\/\/www.ivivu.com\/blog\/2018\/11\/du-khach-viet-duoc-quan-doi-ho-tong-khi-di-choi-o-pakistan\/#primaryimage\"},\"thumbnailUrl\":\"https:\/\/cdn3.ivivu.com\/2018\/11\/du-khach-viet-duoc-quan-doi-ho-tong-khi-di-choi-o-pakistan-ivivu-1.jpg\",\"datePublished\":\"2018-11-24T02:00:57+00:00\",\"dateModified\":\"2018-11-23T07:41:19+00:00\",\"description\":\"Trong n\u1eeda th\u00e1ng \u1edf Pakistan, anh T\u00f9ng \u0111i qua nh\u1eefng con \u0111\u01b0\u1eddng ng\u1eadp l\u00e1 v\u00e0ng, hai l\u1ea7n \u0111\u01b0\u1ee3c binh l\u00ednh h\u1ed7 tr\u1ee3 \u0111\u1ea3m b\u1ea3o an to\u00e0n.\",\"breadcrumb\":{\"@id\":\"https:\/\/www.ivivu.com\/blog\/2018\/11\/du-khach-viet-duoc-quan-doi-ho-tong-khi-di-choi-o-pakistan\/#breadcrumb\"},\"inLanguage\":\"vi\",\"potentialAction\":[{\"@type\":\"ReadAction\",\"target\":[\"https:\/\/www.ivivu.com\/blog\/2018\/11\/du-khach-viet-duoc-quan-doi-ho-tong-khi-di-choi-o-pakistan\/\"]}]},{\"@type\":\"ImageObject\",\"inLanguage\":\"vi\",\"@id\":\"https:\/\/www.ivivu.com\/blog\/2018\/11\/du-khach-viet-duoc-quan-doi-ho-tong-khi-di-choi-o-pakistan\/#primaryimage\",\"url\":\"https:\/\/cdn3.ivivu.com\/2018\/11\/du-khach-viet-duoc-quan-doi-ho-tong-khi-di-choi-o-pakistan-ivivu-1.jpg\",\"contentUrl\":\"https:\/\/cdn3.ivivu.com\/2018\/11\/du-khach-viet-duoc-quan-doi-ho-tong-khi-di-choi-o-pakistan-ivivu-1.jpg\",\"width\":680,\"height\":473},{\"@type\":\"BreadcrumbList\",\"@id\":\"https:\/\/www.ivivu.com\/blog\/2018\/11\/du-khach-viet-duoc-quan-doi-ho-tong-khi-di-choi-o-pakistan\/#breadcrumb\",\"itemListElement\":[{\"@type\":\"ListItem\",\"position\":1,\"name\":\"Home\",\"item\":\"https:\/\/www.ivivu.com\/blog\/\"},{\"@type\":\"ListItem\",\"position\":2,\"name\":\"Du kh\u00e1ch Vi\u1ec7t \u0111\u01b0\u1ee3c qu\u00e2n \u0111\u1ed9i h\u1ed9 t\u1ed1ng khi \u0111i ch\u01a1i \u1edf Pakistan\"}]},{\"@type\":\"WebSite\",\"@id\":\"https:\/\/www.ivivu.com\/blog\/#website\",\"url\":\"https:\/\/www.ivivu.com\/blog\/\",\"name\":\"C\u1ea9m nang du l\u1ecbch\",\"description\":\"\",\"publisher\":{\"@id\":\"https:\/\/www.ivivu.com\/blog\/#organization\"},\"potentialAction\":[{\"@type\":\"SearchAction\",\"target\":{\"@type\":\"EntryPoint\",\"urlTemplate\":\"https:\/\/www.ivivu.com\/blog\/?s={search_term_string}\"},\"query-input\":\"required name=search_term_string\"}],\"inLanguage\":\"vi\"},{\"@type\":\"Organization\",\"@id\":\"https:\/\/www.ivivu.com\/blog\/#organization\",\"name\":\"iVIVU.com\",\"url\":\"https:\/\/www.ivivu.com\/blog\/\",\"logo\":{\"@type\":\"ImageObject\",\"inLanguage\":\"vi\",\"@id\":\"https:\/\/www.ivivu.com\/blog\/#\/schema\/logo\/image\/\",\"url\":\"https:\/\/cdn3.ivivu.com\/2024\/01\/ivivu_no_slogan.png\",\"contentUrl\":\"https:\/\/cdn3.ivivu.com\/2024\/01\/ivivu_no_slogan.png\",\"width\":788,\"height\":565,\"caption\":\"iVIVU.com\"},\"image\":{\"@id\":\"https:\/\/www.ivivu.com\/blog\/#\/schema\/logo\/image\/\"},\"sameAs\":[\"https:\/\/www.facebook.com\/iVIVU\"]},{\"@type\":\"Person\",\"@id\":\"https:\/\/www.ivivu.com\/blog\/#\/schema\/person\/f6e706f46fad4e85f2e1c3ec41136369\",\"name\":\"Ng\u00e2n Thi\u1ec1u Kim\",\"sameAs\":[\"https:\/\/www.ivivu.com\/blog\/\"],\"url\":\"https:\/\/www.ivivu.com\/blog\/author\/ngan-thieu\/\"}]}<\/script>\n<!-- \/ Yoast SEO Premium plugin. -->","yoast_head_json":{"title":"Du kh\u00e1ch Vi\u1ec7t \u0111\u01b0\u1ee3c qu\u00e2n \u0111\u1ed9i h\u1ed9 t\u1ed1ng khi \u0111i ch\u01a1i \u1edf Pakistan - iVIVU.com","description":"Trong n\u1eeda th\u00e1ng \u1edf Pakistan, anh T\u00f9ng \u0111i qua nh\u1eefng con \u0111\u01b0\u1eddng ng\u1eadp l\u00e1 v\u00e0ng, hai l\u1ea7n \u0111\u01b0\u1ee3c binh l\u00ednh h\u1ed7 tr\u1ee3 \u0111\u1ea3m b\u1ea3o an to\u00e0n.","robots":{"index":"index","follow":"follow","max-snippet":"max-snippet:-1","max-image-preview":"max-image-preview:large","max-video-preview":"max-video-preview:-1"},"canonical":"https:\/\/www.ivivu.com\/blog\/2018\/11\/du-khach-viet-duoc-quan-doi-ho-tong-khi-di-choi-o-pakistan\/","twitter_misc":{"\u0110\u01b0\u1ee3c vi\u1ebft b\u1edfi":"Ng\u00e2n Thi\u1ec1u Kim","\u01af\u1edbc t\u00ednh th\u1eddi gian \u0111\u1ecdc":"8 ph\u00fat"},"schema":{"@context":"https:\/\/schema.org","@graph":[{"@type":"Article","@id":"https:\/\/www.ivivu.com\/blog\/2018\/11\/du-khach-viet-duoc-quan-doi-ho-tong-khi-di-choi-o-pakistan\/#article","isPartOf":{"@id":"https:\/\/www.ivivu.com\/blog\/2018\/11\/du-khach-viet-duoc-quan-doi-ho-tong-khi-di-choi-o-pakistan\/"},"author":{"name":"Ng\u00e2n Thi\u1ec1u Kim","@id":"https:\/\/www.ivivu.com\/blog\/#\/schema\/person\/f6e706f46fad4e85f2e1c3ec41136369"},"headline":"Du kh\u00e1ch Vi\u1ec7t \u0111\u01b0\u1ee3c qu\u00e2n \u0111\u1ed9i h\u1ed9 t\u1ed1ng khi \u0111i ch\u01a1i \u1edf Pakistan","datePublished":"2018-11-24T02:00:57+00:00","dateModified":"2018-11-23T07:41:19+00:00","mainEntityOfPage":{"@id":"https:\/\/www.ivivu.com\/blog\/2018\/11\/du-khach-viet-duoc-quan-doi-ho-tong-khi-di-choi-o-pakistan\/"},"wordCount":1595,"publisher":{"@id":"https:\/\/www.ivivu.com\/blog\/#organization"},"image":{"@id":"https:\/\/www.ivivu.com\/blog\/2018\/11\/du-khach-viet-duoc-quan-doi-ho-tong-khi-di-choi-o-pakistan\/#primaryimage"},"thumbnailUrl":"https:\/\/cdn3.ivivu.com\/2018\/11\/du-khach-viet-duoc-quan-doi-ho-tong-khi-di-choi-o-pakistan-ivivu-1.jpg","keywords":["du l\u1ecbch Pakistan","\u0111i\u1ec3m \u0111\u1ebfn Pakistan","kinh nghi\u1ec7m du l\u1ecbch Pakistan","Pakistan","ph\u01b0\u1ee3t Pakistan"],"articleSection":["Ch\u00e2u \u00c1","DU L\u1ecaCH TH\u1ebe GI\u1edaI","\u0110i\u1ec3m \u0111\u1ebfn","N\u1ed5i B\u1eadt 2"],"inLanguage":"vi"},{"@type":"WebPage","@id":"https:\/\/www.ivivu.com\/blog\/2018\/11\/du-khach-viet-duoc-quan-doi-ho-tong-khi-di-choi-o-pakistan\/","url":"https:\/\/www.ivivu.com\/blog\/2018\/11\/du-khach-viet-duoc-quan-doi-ho-tong-khi-di-choi-o-pakistan\/","name":"Du kh\u00e1ch Vi\u1ec7t \u0111\u01b0\u1ee3c qu\u00e2n \u0111\u1ed9i h\u1ed9 t\u1ed1ng khi \u0111i ch\u01a1i \u1edf Pakistan - iVIVU.com","isPartOf":{"@id":"https:\/\/www.ivivu.com\/blog\/#website"},"primaryImageOfPage":{"@id":"https:\/\/www.ivivu.com\/blog\/2018\/11\/du-khach-viet-duoc-quan-doi-ho-tong-khi-di-choi-o-pakistan\/#primaryimage"},"image":{"@id":"https:\/\/www.ivivu.com\/blog\/2018\/11\/du-khach-viet-duoc-quan-doi-ho-tong-khi-di-choi-o-pakistan\/#primaryimage"},"thumbnailUrl":"https:\/\/cdn3.ivivu.com\/2018\/11\/du-khach-viet-duoc-quan-doi-ho-tong-khi-di-choi-o-pakistan-ivivu-1.jpg","datePublished":"2018-11-24T02:00:57+00:00","dateModified":"2018-11-23T07:41:19+00:00","description":"Trong n\u1eeda th\u00e1ng \u1edf Pakistan, anh T\u00f9ng \u0111i qua nh\u1eefng con \u0111\u01b0\u1eddng ng\u1eadp l\u00e1 v\u00e0ng, hai l\u1ea7n \u0111\u01b0\u1ee3c binh l\u00ednh h\u1ed7 tr\u1ee3 \u0111\u1ea3m b\u1ea3o an to\u00e0n.","breadcrumb":{"@id":"https:\/\/www.ivivu.com\/blog\/2018\/11\/du-khach-viet-duoc-quan-doi-ho-tong-khi-di-choi-o-pakistan\/#breadcrumb"},"inLanguage":"vi","potentialAction":[{"@type":"ReadAction","target":["https:\/\/www.ivivu.com\/blog\/2018\/11\/du-khach-viet-duoc-quan-doi-ho-tong-khi-di-choi-o-pakistan\/"]}]},{"@type":"ImageObject","inLanguage":"vi","@id":"https:\/\/www.ivivu.com\/blog\/2018\/11\/du-khach-viet-duoc-quan-doi-ho-tong-khi-di-choi-o-pakistan\/#primaryimage","url":"https:\/\/cdn3.ivivu.com\/2018\/11\/du-khach-viet-duoc-quan-doi-ho-tong-khi-di-choi-o-pakistan-ivivu-1.jpg","contentUrl":"https:\/\/cdn3.ivivu.com\/2018\/11\/du-khach-viet-duoc-quan-doi-ho-tong-khi-di-choi-o-pakistan-ivivu-1.jpg","width":680,"height":473},{"@type":"BreadcrumbList","@id":"https:\/\/www.ivivu.com\/blog\/2018\/11\/du-khach-viet-duoc-quan-doi-ho-tong-khi-di-choi-o-pakistan\/#breadcrumb","itemListElement":[{"@type":"ListItem","position":1,"name":"Home","item":"https:\/\/www.ivivu.com\/blog\/"},{"@type":"ListItem","position":2,"name":"Du kh\u00e1ch Vi\u1ec7t \u0111\u01b0\u1ee3c qu\u00e2n \u0111\u1ed9i h\u1ed9 t\u1ed1ng khi \u0111i ch\u01a1i \u1edf Pakistan"}]},{"@type":"WebSite","@id":"https:\/\/www.ivivu.com\/blog\/#website","url":"https:\/\/www.ivivu.com\/blog\/","name":"C\u1ea9m nang du l\u1ecbch","description":"","publisher":{"@id":"https:\/\/www.ivivu.com\/blog\/#organization"},"potentialAction":[{"@type":"SearchAction","target":{"@type":"EntryPoint","urlTemplate":"https:\/\/www.ivivu.com\/blog\/?s={search_term_string}"},"query-input":"required name=search_term_string"}],"inLanguage":"vi"},{"@type":"Organization","@id":"https:\/\/www.ivivu.com\/blog\/#organization","name":"iVIVU.com","url":"https:\/\/www.ivivu.com\/blog\/","logo":{"@type":"ImageObject","inLanguage":"vi","@id":"https:\/\/www.ivivu.com\/blog\/#\/schema\/logo\/image\/","url":"https:\/\/cdn3.ivivu.com\/2024\/01\/ivivu_no_slogan.png","contentUrl":"https:\/\/cdn3.ivivu.com\/2024\/01\/ivivu_no_slogan.png","width":788,"height":565,"caption":"iVIVU.com"},"image":{"@id":"https:\/\/www.ivivu.com\/blog\/#\/schema\/logo\/image\/"},"sameAs":["https:\/\/www.facebook.com\/iVIVU"]},{"@type":"Person","@id":"https:\/\/www.ivivu.com\/blog\/#\/schema\/person\/f6e706f46fad4e85f2e1c3ec41136369","name":"Ng\u00e2n Thi\u1ec1u Kim","sameAs":["https:\/\/www.ivivu.com\/blog\/"],"url":"https:\/\/www.ivivu.com\/blog\/author\/ngan-thieu\/"}]}},"_links":{"self":[{"href":"https:\/\/www.ivivu.com\/blog\/wp-json\/wp\/v2\/posts\/276504"}],"collection":[{"href":"https:\/\/www.ivivu.com\/blog\/wp-json\/wp\/v2\/posts"}],"about":[{"href":"https:\/\/www.ivivu.com\/blog\/wp-json\/wp\/v2\/types\/post"}],"author":[{"embeddable":true,"href":"https:\/\/www.ivivu.com\/blog\/wp-json\/wp\/v2\/users\/38"}],"replies":[{"embeddable":true,"href":"https:\/\/www.ivivu.com\/blog\/wp-json\/wp\/v2\/comments?post=276504"}],"version-history":[{"count":5,"href":"https:\/\/www.ivivu.com\/blog\/wp-json\/wp\/v2\/posts\/276504\/revisions"}],"predecessor-version":[{"id":276638,"href":"https:\/\/www.ivivu.com\/blog\/wp-json\/wp\/v2\/posts\/276504\/revisions\/276638"}],"wp:featuredmedia":[{"embeddable":true,"href":"https:\/\/www.ivivu.com\/blog\/wp-json\/wp\/v2\/media\/276431"}],"wp:attachment":[{"href":"https:\/\/www.ivivu.com\/blog\/wp-json\/wp\/v2\/media?parent=276504"}],"wp:term":[{"taxonomy":"category","embeddable":true,"href":"https:\/\/www.ivivu.com\/blog\/wp-json\/wp\/v2\/categories?post=276504"},{"taxonomy":"post_tag","embeddable":true,"href":"https:\/\/www.ivivu.com\/blog\/wp-json\/wp\/v2\/tags?post=276504"}],"curies":[{"name":"wp","href":"https:\/\/api.w.org\/{rel}","templated":true}]}}