{"id":288066,"date":"2019-04-06T06:00:25","date_gmt":"2019-04-05T23:00:25","guid":{"rendered":"https:\/\/www.ivivu.com\/blog\/?p=288066"},"modified":"2019-04-04T15:12:58","modified_gmt":"2019-04-04T08:12:58","slug":"amsterdam-se-cam-cac-tour-du-lich-den-pho-den-do","status":"publish","type":"post","link":"https:\/\/www.ivivu.com\/blog\/2019\/04\/amsterdam-se-cam-cac-tour-du-lich-den-pho-den-do\/","title":{"rendered":"Amsterdam s\u1ebd c\u1ea5m c\u00e1c tour du l\u1ecbch \u0111\u1ebfn ph\u1ed1 \u0111\u00e8n \u0111\u1ecf"},"content":{"rendered":"<p style=\"text-align: justify;\"><strong><em>Ch\u00ednh quy\u1ec1n th\u00e0nh ph\u1ed1 cho r\u1eb1ng nh\u1eefng tour \u0111\u01b0a kh\u00e1ch du l\u1ecbch \u0111\u1ebfn tham quan khu ph\u1ed1 \u0111\u00e8n \u0111\u1ecf &#8220;thi\u1ebfu t\u00f4n tr\u1ecdng&#8221; \u0111\u1ed1i v\u1edbi c\u00e1c lao \u0111\u1ed9ng t\u00ecnh d\u1ee5c.<\/em><\/strong><!--more--><\/p>\n<h2 style=\"text-align: justify;\">Amsterdam s\u1ebd c\u1ea5m c\u00e1c tour du l\u1ecbch \u0111\u1ebfn ph\u1ed1 \u0111\u00e8n \u0111\u1ecf<\/h2>\n<div id=\"attachment_288067\" style=\"width: 510px\" class=\"wp-caption aligncenter\"><img loading=\"lazy\" decoding=\"async\" aria-describedby=\"caption-attachment-288067\" class=\"wp-image-288067 size-full\" title=\"Khu ph\u1ed1 \u0111\u00e8n \u0111\u1ecf \u1edf Amsterdam. \u1ea2nh: Guardian.\" src=\"https:\/\/cdn3.ivivu.com\/2019\/03\/amsterdam-se-cam-cac-tour-du-lich-den-pho-den-do-ivivu-1.jpg\" alt=\"Khu ph\u1ed1 \u0111\u00e8n \u0111\u1ecf \u1edf Amsterdam. \u1ea2nh: Guardian.\" width=\"500\" height=\"300\" \/><p id=\"caption-attachment-288067\" class=\"wp-caption-text\">Khu ph\u1ed1 \u0111\u00e8n \u0111\u1ecf \u1edf Amsterdam. \u1ea2nh: Guardian.<\/p><\/div>\n<p style=\"text-align: justify;\">&#8220;Trong th\u1eddi \u0111\u1ea1i n\u00e0y, kh\u00f4ng th\u1ec3 ch\u1ea5p nh\u1eadn vi\u1ec7c coi nh\u1eefng lao \u0111\u1ed9ng t\u00ecnh d\u1ee5c l\u00e0 m\u1ed9t th\u1ee9 thu h\u00fat kh\u00e1ch du l\u1ecbch&#8221;, Guardian d\u1eabn l\u1eddi \u1ee7y vi\u00ean h\u1ed9i \u0111\u1ed3ng th\u00e0nh ph\u1ed1, Udo Kock, ng\u00e0y 21\/3 \u0111\u01b0a tin.<\/p>\n<p style=\"text-align: justify;\">Trong m\u1ed9t kh\u1ea3o s\u00e1t c\u1ee7a h\u1ed9i \u0111\u1ed3ng th\u00e0nh ph\u1ed1, 80% lao \u0111\u1ed9ng t\u00ecnh d\u1ee5c cho bi\u1ebft vi\u1ec7c kh\u00e1ch du l\u1ecbch nh\u00ecn ch\u1eb1m ch\u1eb1m v\u00e0o h\u1ecd l\u00e0 nguy\u00ean nh\u00e2n khi\u1ebfn c\u00f4ng vi\u1ec7c kinh doanh b\u1ecb \u1ea3nh h\u01b0\u1edfng. H\u1ed9i \u0111\u1ed3ng th\u00e0nh ph\u1ed1 n\u0103m 2018 \u0111\u00e3 \u0111\u1ec1 xu\u1ea5t vi\u1ec7c chuy\u1ec3n khu ph\u1ed1 \u0111\u00e8n \u0111\u1ecf \u0111\u1ebfn m\u1ed9t n\u01a1i kh\u00e1c.<\/p>\n<p style=\"text-align: justify;\">Do v\u00e9 m\u00e1y bay ng\u00e0y c\u00e0ng r\u1ebb c\u00f9ng nh\u1eefng d\u1ecbch v\u1ee5 nh\u01b0 \u0111\u1eb7t kh\u00e1ch s\u1ea1n tr\u1ef1c tuy\u1ebfn, th\u00e0nh ph\u1ed1 <strong>Amsterdam<\/strong> v\u1edbi d\u00e2n s\u1ed1 kho\u1ea3ng 850.000 ng\u01b0\u1eddi \u0111\u00e3 ph\u1ea3i \u0111\u00f3n 19 tri\u1ec7u kh\u00e1ch du l\u1ecbch v\u00e0o n\u0103m 2018. Th\u1ecb tr\u01b0\u1edfng Femke Halsema d\u1ef1 \u0111o\u00e1n s\u1ed1 l\u01b0\u1ee3ng du kh\u00e1ch s\u1ebd l\u00ean t\u1edbi m\u1ee9c 29 tri\u1ec7u v\u00e0o n\u0103m 2025. Ng\u01b0\u1eddi d\u00e2n th\u00e0nh ph\u1ed1 cho bi\u1ebft khu trung t\u00e2m \u0111\u00f4ng \u0111\u00fac \u0111\u1ebfn m\u1ee9c kh\u00f4ng th\u1ec3 s\u1ed1ng n\u1ed5i.<\/p>\n<p style=\"text-align: justify;\">L\u1ec7nh c\u1ea5m, b\u1eaft \u0111\u1ea7u c\u00f3 hi\u1ec7u l\u1ef1c v\u00e0o ng\u00e0y 1\/1\/2020, s\u1ebd kh\u00f4ng cho ph\u00e9p kh\u00e1ch c\u1ee7a c\u00e1c \u0111o\u00e0n du l\u1ecbch\u00a0<em><strong>Amsterdam\u00a0<\/strong><\/em>t\u1edbi khu v\u1ef1c qu\u1eadn \u0111\u00e8n \u0111\u1ecf. S\u1ed1 ng\u01b0\u1eddi t\u1ed1i \u0111a \u0111\u01b0\u1ee3c ph\u00e9p tham gia c\u00e1c tour du l\u1ecbch c\u00f3 t\u1ed5 ch\u1ee9c t\u1edbi nh\u1eefng ch\u1ed7 kh\u00e1c trong trung t\u00e2m th\u00e0nh ph\u1ed1 c\u0169ng gi\u1ea3m t\u1eeb 20 xu\u1ed1ng 15. H\u01b0\u1edbng d\u1eabn vi\u00ean s\u1ebd ph\u1ea3i c\u00f3 gi\u1ea5y ph\u00e9p c\u1ee7a h\u1ed9i \u0111\u1ed3ng th\u00e0nh ph\u1ed1 v\u00e0 tu\u00e2n th\u1ee7 c\u00e1c quy t\u1eafc \u1ee9ng x\u1eed nghi\u00eam ng\u1eb7t.<\/p>\n<p style=\"text-align: justify;\"><em>Amsterdam<\/em> c\u0169ng \u0111\u00e3 \u0111\u01b0a ra nh\u1eefng s\u00e1ng ki\u1ebfn \u0111\u1ec3 h\u1ea1n ch\u1ebf s\u1ed1 l\u01b0\u1ee3ng c\u00e1c c\u1eeda h\u00e0ng kinh doanh c\u00e1c d\u1ecbch v\u1ee5 du l\u1ecbch, si\u1ebft ch\u1eb7t ho\u1ea1t \u0111\u1ed9ng thu\u00ea nh\u00e0 qua trang Airbnb v\u00e0 t\u0103ng thu\u1ebf \u0111\u1ed1i v\u1edbi kh\u00e1ch du l\u1ecbch.<\/p>\n<h4 style=\"text-align: center;\"><div class=\"ltt-contentbox white\"><\/span>G\u1eccI NGAY 1900 1870 (Mi\u1ec1n Nam),\u00a01900 2045 (Mi\u1ec1n B\u1eafc) ho\u1eb7c (029) 27308668 (Mi\u1ec1n T\u00e2y) \u0110\u1ec2 \u0110\u01af\u1ee2C T\u01af V\u1ea4N\u00a0<a href=\"https:\/\/www.ivivu.com\/ve-may-bay\/?utm_source=blog_ivivu&amp;utm_medium=post_link&amp;utm_campaign=internal\" target=\"_blank\">COMBO KH\u00c1CH S\u1ea0N + V\u00c9 M\u00c1Y BAY<\/a>\u00a0GI\u00c1 SI\u00caU TI\u1ebeT KI\u1ec6M T\u1eea IVIVU.COM<\/div><\/h4>\n<p style=\"text-align: right;\"><strong>Theo <a href=\"https:\/\/vnexpress.net\/du-lich\/amsterdam-se-cam-cac-tour-du-lich-den-pho-den-do-3897645.html\" target=\"_blank\" rel=\"nofollow\">An H\u1ed3ng\/Vnexpress<\/a><\/strong><\/p>\n<div class=\"ltt-contentbox white\"><\/span><\/p>\n<p><strong>Xem th\u00eam c\u00e1c b\u00e0i vi\u1ebft:<\/strong><\/p>\n<p><strong><a href=\"https:\/\/www.ivivu.com\/blog\/2019\/03\/net-dep-hai-hoa-giua-kien-truc-tuong-lai-va-dau-an-xua-cu-o-ha-lan\/\" target=\"_blank\">N\u00e9t \u0111\u1eb9p h\u00e0i h\u00f2a gi\u1eefa ki\u1ebfn tr\u00fac t\u01b0\u01a1ng lai v\u00e0 d\u1ea5u \u1ea5n x\u01b0a c\u0169 \u1edf H\u00e0 Lan<\/a><\/strong><\/p>\n<p><strong><a href=\"https:\/\/www.ivivu.com\/blog\/2018\/09\/7-dieu-khien-ha-lan-tro-thanh-hanh-tinh-ky-la-tren-the-gioi\/\" target=\"_blank\">7 \u0111i\u1ec1u khi\u1ebfn H\u00e0 Lan tr\u1edf th\u00e0nh \u2018h\u00e0nh tinh k\u1ef3 l\u1ea1\u2019 tr\u00ean th\u1ebf gi\u1edbi<\/a><\/strong><\/p>\n<p><strong><a href=\"https:\/\/www.ivivu.com\/blog\/2018\/06\/ca-si-linh-phi-say-long-voi-chuyen-di-lac-ve-mien-co-tich\/\" target=\"_blank\">Ca s\u0129 Linh Phi say l\u00f2ng v\u1edbi chuy\u1ebfn \u0111i \u2018l\u1ea1c v\u1ec1 mi\u1ec1n c\u1ed5 t\u00edch\u2019<\/a><\/strong><\/p>\n<p><\/div>\n<h3><div class=\"ltt-contentbox white\"><\/span>Click \u0111\u1eb7t ngay\u00a0<a href=\"https:\/\/www.ivivu.com\/vi\/?utm_source=blog_ivivu&amp;utm_medium=post_link&amp;utm_campaign=internal?utm_source=blog_ivivu&amp;utm_medium=post_link&amp;utm_campaign=internal?utm_source=blog_ivivu&amp;utm_medium=post_link&amp;utm_campaign=internal?utm_source=blog_ivivu&amp;utm_medium=post_link&amp;utm_campaign=internal?utm_source=blog_ivivu&amp;utm_medium=post_link&amp;utm_campaign=internal?utm_source=blog_ivivu&amp;utm_medium=post_link&amp;utm_campaign=internal?utm_source=blog_ivivu&amp;utm_medium=post_link&amp;utm_campaign=internal?utm_source=blog_ivivu&amp;utm_medium=post_link&amp;utm_campaign=internal?utm_source=blog_ivivu&amp;utm_medium=post_link&amp;utm_campaign=internal?utm_source=blog_ivivu&amp;utm_medium=post_link&amp;utm_campaign=internal?utm_source=blog_ivivu&amp;utm_medium=post_link&amp;utm_campaign=internal?utm_source=blog_ivivu&amp;utm_medium=post_link&amp;utm_campaign=internal?utm_source=blog_ivivu&amp;utm_medium=post_link&amp;utm_campaign=internal?utm_source=blog_ivivu&amp;utm_medium=post_link&amp;utm_campaign=internal?utm_source=blog_ivivu&amp;utm_medium=post_link&amp;utm_campaign=internal?utm_source=blog_ivivu&amp;utm_medium=post_link&amp;utm_campaign=internal?utm_source=blog_ivivu&amp;utm_medium=post_link&amp;utm_campaign=internal\" target=\"_blank\">Kh\u00e1ch s\u1ea1n kh\u1eafp Vi\u1ec7t Nam v\u00e0 to\u00e0n th\u1ebf gi\u1edbi<\/a>\u00a0gi\u00e1 t\u1ed1t nh\u1ea5t ch\u1ec9 c\u00f3 t\u1ea1i iVIVU.com<\/div><\/h3>\n<p>***<\/p>\n<p><strong>Tham kh\u1ea3o:\u00a0<a href=\"https:\/\/www.ivivu.com\/blog\/\" target=\"_blank\">C\u1ea9m nang du l\u1ecbch iVIVU.com<\/a><\/strong><\/p>\n","protected":false},"excerpt":{"rendered":"<p>Ch\u00ednh quy\u1ec1n th\u00e0nh ph\u1ed1 cho r\u1eb1ng nh\u1eefng tour \u0111\u01b0a kh\u00e1ch du l\u1ecbch \u0111\u1ebfn tham quan khu ph\u1ed1 \u0111\u00e8n \u0111\u1ecf &#8220;thi\u1ebfu t\u00f4n tr\u1ecdng&#8221; \u0111\u1ed1i v\u1edbi c\u00e1c lao \u0111\u1ed9ng t\u00ecnh d\u1ee5c.<\/p>\n","protected":false},"author":38,"featured_media":288067,"comment_status":"closed","ping_status":"open","sticky":false,"template":"","format":"standard","meta":{"_acf_changed":false,"footnotes":""},"categories":[247,231,795,14742],"tags":[1094,8280,4509,1948,23784,1300,34960],"acf":[],"yoast_head":"<!-- This site is optimized with the Yoast SEO Premium plugin v22.6 (Yoast SEO v22.6) - https:\/\/yoast.com\/wordpress\/plugins\/seo\/ -->\n<title>Amsterdam s\u1ebd c\u1ea5m c\u00e1c tour du l\u1ecbch \u0111\u1ebfn ph\u1ed1 \u0111\u00e8n \u0111\u1ecf - iVIVU.com<\/title>\n<meta name=\"description\" content=\"Ch\u00ednh quy\u1ec1n th\u00e0nh ph\u1ed1 cho r\u1eb1ng nh\u1eefng tour \u0111\u01b0a kh\u00e1ch du l\u1ecbch \u0111\u1ebfn tham quan khu ph\u1ed1 \u0111\u00e8n \u0111\u1ecf &quot;thi\u1ebfu t\u00f4n tr\u1ecdng&quot; \u0111\u1ed1i v\u1edbi c\u00e1c lao \u0111\u1ed9ng t\u00ecnh d\u1ee5c.\" \/>\n<meta name=\"robots\" content=\"index, follow, max-snippet:-1, max-image-preview:large, max-video-preview:-1\" \/>\n<link rel=\"canonical\" href=\"https:\/\/www.ivivu.com\/blog\/2019\/04\/amsterdam-se-cam-cac-tour-du-lich-den-pho-den-do\/\" \/>\n<meta name=\"twitter:label1\" content=\"\u0110\u01b0\u1ee3c vi\u1ebft b\u1edfi\" \/>\n\t<meta name=\"twitter:data1\" content=\"Ng\u00e2n Thi\u1ec1u Kim\" \/>\n\t<meta name=\"twitter:label2\" content=\"\u01af\u1edbc t\u00ednh th\u1eddi gian \u0111\u1ecdc\" \/>\n\t<meta name=\"twitter:data2\" content=\"3 ph\u00fat\" \/>\n<script type=\"application\/ld+json\" class=\"yoast-schema-graph\">{\"@context\":\"https:\/\/schema.org\",\"@graph\":[{\"@type\":\"Article\",\"@id\":\"https:\/\/www.ivivu.com\/blog\/2019\/04\/amsterdam-se-cam-cac-tour-du-lich-den-pho-den-do\/#article\",\"isPartOf\":{\"@id\":\"https:\/\/www.ivivu.com\/blog\/2019\/04\/amsterdam-se-cam-cac-tour-du-lich-den-pho-den-do\/\"},\"author\":{\"name\":\"Ng\u00e2n Thi\u1ec1u Kim\",\"@id\":\"https:\/\/www.ivivu.com\/blog\/#\/schema\/person\/f6e706f46fad4e85f2e1c3ec41136369\"},\"headline\":\"Amsterdam s\u1ebd c\u1ea5m c\u00e1c tour du l\u1ecbch \u0111\u1ebfn ph\u1ed1 \u0111\u00e8n \u0111\u1ecf\",\"datePublished\":\"2019-04-05T23:00:25+00:00\",\"dateModified\":\"2019-04-04T08:12:58+00:00\",\"mainEntityOfPage\":{\"@id\":\"https:\/\/www.ivivu.com\/blog\/2019\/04\/amsterdam-se-cam-cac-tour-du-lich-den-pho-den-do\/\"},\"wordCount\":678,\"publisher\":{\"@id\":\"https:\/\/www.ivivu.com\/blog\/#organization\"},\"image\":{\"@id\":\"https:\/\/www.ivivu.com\/blog\/2019\/04\/amsterdam-se-cam-cac-tour-du-lich-den-pho-den-do\/#primaryimage\"},\"thumbnailUrl\":\"https:\/\/cdn3.ivivu.com\/2019\/03\/amsterdam-se-cam-cac-tour-du-lich-den-pho-den-do-ivivu-1.jpg\",\"keywords\":[\"amsterdam\",\"du l\u1ecbch Amsterdam\",\"du l\u1ecbch H\u00e0 Lan\",\"H\u00e0 Lan\",\"kinh nghi\u1ec7m du l\u1ecbch H\u00e0 Lan\",\"ph\u1ed1 \u0111\u00e8n \u0111\u1ecf\",\"ph\u1ed1 \u0111\u00e8n \u0111\u1ecf Amsterdam\"],\"articleSection\":[\"Ch\u00e2u \u00c2u\",\"DU L\u1ecaCH TH\u1ebe GI\u1edaI\",\"\u0110i\u1ec3m \u0111\u1ebfn\",\"N\u1ed5i B\u1eadt 2\"],\"inLanguage\":\"vi\"},{\"@type\":\"WebPage\",\"@id\":\"https:\/\/www.ivivu.com\/blog\/2019\/04\/amsterdam-se-cam-cac-tour-du-lich-den-pho-den-do\/\",\"url\":\"https:\/\/www.ivivu.com\/blog\/2019\/04\/amsterdam-se-cam-cac-tour-du-lich-den-pho-den-do\/\",\"name\":\"Amsterdam s\u1ebd c\u1ea5m c\u00e1c tour du l\u1ecbch \u0111\u1ebfn ph\u1ed1 \u0111\u00e8n \u0111\u1ecf - iVIVU.com\",\"isPartOf\":{\"@id\":\"https:\/\/www.ivivu.com\/blog\/#website\"},\"primaryImageOfPage\":{\"@id\":\"https:\/\/www.ivivu.com\/blog\/2019\/04\/amsterdam-se-cam-cac-tour-du-lich-den-pho-den-do\/#primaryimage\"},\"image\":{\"@id\":\"https:\/\/www.ivivu.com\/blog\/2019\/04\/amsterdam-se-cam-cac-tour-du-lich-den-pho-den-do\/#primaryimage\"},\"thumbnailUrl\":\"https:\/\/cdn3.ivivu.com\/2019\/03\/amsterdam-se-cam-cac-tour-du-lich-den-pho-den-do-ivivu-1.jpg\",\"datePublished\":\"2019-04-05T23:00:25+00:00\",\"dateModified\":\"2019-04-04T08:12:58+00:00\",\"description\":\"Ch\u00ednh quy\u1ec1n th\u00e0nh ph\u1ed1 cho r\u1eb1ng nh\u1eefng tour \u0111\u01b0a kh\u00e1ch du l\u1ecbch \u0111\u1ebfn tham quan khu ph\u1ed1 \u0111\u00e8n \u0111\u1ecf \\\"thi\u1ebfu t\u00f4n tr\u1ecdng\\\" \u0111\u1ed1i v\u1edbi c\u00e1c lao \u0111\u1ed9ng t\u00ecnh d\u1ee5c.\",\"breadcrumb\":{\"@id\":\"https:\/\/www.ivivu.com\/blog\/2019\/04\/amsterdam-se-cam-cac-tour-du-lich-den-pho-den-do\/#breadcrumb\"},\"inLanguage\":\"vi\",\"potentialAction\":[{\"@type\":\"ReadAction\",\"target\":[\"https:\/\/www.ivivu.com\/blog\/2019\/04\/amsterdam-se-cam-cac-tour-du-lich-den-pho-den-do\/\"]}]},{\"@type\":\"ImageObject\",\"inLanguage\":\"vi\",\"@id\":\"https:\/\/www.ivivu.com\/blog\/2019\/04\/amsterdam-se-cam-cac-tour-du-lich-den-pho-den-do\/#primaryimage\",\"url\":\"https:\/\/cdn3.ivivu.com\/2019\/03\/amsterdam-se-cam-cac-tour-du-lich-den-pho-den-do-ivivu-1.jpg\",\"contentUrl\":\"https:\/\/cdn3.ivivu.com\/2019\/03\/amsterdam-se-cam-cac-tour-du-lich-den-pho-den-do-ivivu-1.jpg\",\"width\":500,\"height\":300},{\"@type\":\"BreadcrumbList\",\"@id\":\"https:\/\/www.ivivu.com\/blog\/2019\/04\/amsterdam-se-cam-cac-tour-du-lich-den-pho-den-do\/#breadcrumb\",\"itemListElement\":[{\"@type\":\"ListItem\",\"position\":1,\"name\":\"Home\",\"item\":\"https:\/\/www.ivivu.com\/blog\/\"},{\"@type\":\"ListItem\",\"position\":2,\"name\":\"Amsterdam s\u1ebd c\u1ea5m c\u00e1c tour du l\u1ecbch \u0111\u1ebfn ph\u1ed1 \u0111\u00e8n \u0111\u1ecf\"}]},{\"@type\":\"WebSite\",\"@id\":\"https:\/\/www.ivivu.com\/blog\/#website\",\"url\":\"https:\/\/www.ivivu.com\/blog\/\",\"name\":\"C\u1ea9m nang du l\u1ecbch\",\"description\":\"\",\"publisher\":{\"@id\":\"https:\/\/www.ivivu.com\/blog\/#organization\"},\"potentialAction\":[{\"@type\":\"SearchAction\",\"target\":{\"@type\":\"EntryPoint\",\"urlTemplate\":\"https:\/\/www.ivivu.com\/blog\/?s={search_term_string}\"},\"query-input\":\"required name=search_term_string\"}],\"inLanguage\":\"vi\"},{\"@type\":\"Organization\",\"@id\":\"https:\/\/www.ivivu.com\/blog\/#organization\",\"name\":\"iVIVU.com\",\"url\":\"https:\/\/www.ivivu.com\/blog\/\",\"logo\":{\"@type\":\"ImageObject\",\"inLanguage\":\"vi\",\"@id\":\"https:\/\/www.ivivu.com\/blog\/#\/schema\/logo\/image\/\",\"url\":\"https:\/\/cdn3.ivivu.com\/2024\/01\/ivivu_no_slogan.png\",\"contentUrl\":\"https:\/\/cdn3.ivivu.com\/2024\/01\/ivivu_no_slogan.png\",\"width\":788,\"height\":565,\"caption\":\"iVIVU.com\"},\"image\":{\"@id\":\"https:\/\/www.ivivu.com\/blog\/#\/schema\/logo\/image\/\"},\"sameAs\":[\"https:\/\/www.facebook.com\/iVIVU\"]},{\"@type\":\"Person\",\"@id\":\"https:\/\/www.ivivu.com\/blog\/#\/schema\/person\/f6e706f46fad4e85f2e1c3ec41136369\",\"name\":\"Ng\u00e2n Thi\u1ec1u Kim\",\"sameAs\":[\"https:\/\/www.ivivu.com\/blog\/\"],\"url\":\"https:\/\/www.ivivu.com\/blog\/author\/ngan-thieu\/\"}]}<\/script>\n<!-- \/ Yoast SEO Premium plugin. -->","yoast_head_json":{"title":"Amsterdam s\u1ebd c\u1ea5m c\u00e1c tour du l\u1ecbch \u0111\u1ebfn ph\u1ed1 \u0111\u00e8n \u0111\u1ecf - iVIVU.com","description":"Ch\u00ednh quy\u1ec1n th\u00e0nh ph\u1ed1 cho r\u1eb1ng nh\u1eefng tour \u0111\u01b0a kh\u00e1ch du l\u1ecbch \u0111\u1ebfn tham quan khu ph\u1ed1 \u0111\u00e8n \u0111\u1ecf \"thi\u1ebfu t\u00f4n tr\u1ecdng\" \u0111\u1ed1i v\u1edbi c\u00e1c lao \u0111\u1ed9ng t\u00ecnh d\u1ee5c.","robots":{"index":"index","follow":"follow","max-snippet":"max-snippet:-1","max-image-preview":"max-image-preview:large","max-video-preview":"max-video-preview:-1"},"canonical":"https:\/\/www.ivivu.com\/blog\/2019\/04\/amsterdam-se-cam-cac-tour-du-lich-den-pho-den-do\/","twitter_misc":{"\u0110\u01b0\u1ee3c vi\u1ebft b\u1edfi":"Ng\u00e2n Thi\u1ec1u Kim","\u01af\u1edbc t\u00ednh th\u1eddi gian \u0111\u1ecdc":"3 ph\u00fat"},"schema":{"@context":"https:\/\/schema.org","@graph":[{"@type":"Article","@id":"https:\/\/www.ivivu.com\/blog\/2019\/04\/amsterdam-se-cam-cac-tour-du-lich-den-pho-den-do\/#article","isPartOf":{"@id":"https:\/\/www.ivivu.com\/blog\/2019\/04\/amsterdam-se-cam-cac-tour-du-lich-den-pho-den-do\/"},"author":{"name":"Ng\u00e2n Thi\u1ec1u Kim","@id":"https:\/\/www.ivivu.com\/blog\/#\/schema\/person\/f6e706f46fad4e85f2e1c3ec41136369"},"headline":"Amsterdam s\u1ebd c\u1ea5m c\u00e1c tour du l\u1ecbch \u0111\u1ebfn ph\u1ed1 \u0111\u00e8n \u0111\u1ecf","datePublished":"2019-04-05T23:00:25+00:00","dateModified":"2019-04-04T08:12:58+00:00","mainEntityOfPage":{"@id":"https:\/\/www.ivivu.com\/blog\/2019\/04\/amsterdam-se-cam-cac-tour-du-lich-den-pho-den-do\/"},"wordCount":678,"publisher":{"@id":"https:\/\/www.ivivu.com\/blog\/#organization"},"image":{"@id":"https:\/\/www.ivivu.com\/blog\/2019\/04\/amsterdam-se-cam-cac-tour-du-lich-den-pho-den-do\/#primaryimage"},"thumbnailUrl":"https:\/\/cdn3.ivivu.com\/2019\/03\/amsterdam-se-cam-cac-tour-du-lich-den-pho-den-do-ivivu-1.jpg","keywords":["amsterdam","du l\u1ecbch Amsterdam","du l\u1ecbch H\u00e0 Lan","H\u00e0 Lan","kinh nghi\u1ec7m du l\u1ecbch H\u00e0 Lan","ph\u1ed1 \u0111\u00e8n \u0111\u1ecf","ph\u1ed1 \u0111\u00e8n \u0111\u1ecf Amsterdam"],"articleSection":["Ch\u00e2u \u00c2u","DU L\u1ecaCH TH\u1ebe GI\u1edaI","\u0110i\u1ec3m \u0111\u1ebfn","N\u1ed5i B\u1eadt 2"],"inLanguage":"vi"},{"@type":"WebPage","@id":"https:\/\/www.ivivu.com\/blog\/2019\/04\/amsterdam-se-cam-cac-tour-du-lich-den-pho-den-do\/","url":"https:\/\/www.ivivu.com\/blog\/2019\/04\/amsterdam-se-cam-cac-tour-du-lich-den-pho-den-do\/","name":"Amsterdam s\u1ebd c\u1ea5m c\u00e1c tour du l\u1ecbch \u0111\u1ebfn ph\u1ed1 \u0111\u00e8n \u0111\u1ecf - iVIVU.com","isPartOf":{"@id":"https:\/\/www.ivivu.com\/blog\/#website"},"primaryImageOfPage":{"@id":"https:\/\/www.ivivu.com\/blog\/2019\/04\/amsterdam-se-cam-cac-tour-du-lich-den-pho-den-do\/#primaryimage"},"image":{"@id":"https:\/\/www.ivivu.com\/blog\/2019\/04\/amsterdam-se-cam-cac-tour-du-lich-den-pho-den-do\/#primaryimage"},"thumbnailUrl":"https:\/\/cdn3.ivivu.com\/2019\/03\/amsterdam-se-cam-cac-tour-du-lich-den-pho-den-do-ivivu-1.jpg","datePublished":"2019-04-05T23:00:25+00:00","dateModified":"2019-04-04T08:12:58+00:00","description":"Ch\u00ednh quy\u1ec1n th\u00e0nh ph\u1ed1 cho r\u1eb1ng nh\u1eefng tour \u0111\u01b0a kh\u00e1ch du l\u1ecbch \u0111\u1ebfn tham quan khu ph\u1ed1 \u0111\u00e8n \u0111\u1ecf \"thi\u1ebfu t\u00f4n tr\u1ecdng\" \u0111\u1ed1i v\u1edbi c\u00e1c lao \u0111\u1ed9ng t\u00ecnh d\u1ee5c.","breadcrumb":{"@id":"https:\/\/www.ivivu.com\/blog\/2019\/04\/amsterdam-se-cam-cac-tour-du-lich-den-pho-den-do\/#breadcrumb"},"inLanguage":"vi","potentialAction":[{"@type":"ReadAction","target":["https:\/\/www.ivivu.com\/blog\/2019\/04\/amsterdam-se-cam-cac-tour-du-lich-den-pho-den-do\/"]}]},{"@type":"ImageObject","inLanguage":"vi","@id":"https:\/\/www.ivivu.com\/blog\/2019\/04\/amsterdam-se-cam-cac-tour-du-lich-den-pho-den-do\/#primaryimage","url":"https:\/\/cdn3.ivivu.com\/2019\/03\/amsterdam-se-cam-cac-tour-du-lich-den-pho-den-do-ivivu-1.jpg","contentUrl":"https:\/\/cdn3.ivivu.com\/2019\/03\/amsterdam-se-cam-cac-tour-du-lich-den-pho-den-do-ivivu-1.jpg","width":500,"height":300},{"@type":"BreadcrumbList","@id":"https:\/\/www.ivivu.com\/blog\/2019\/04\/amsterdam-se-cam-cac-tour-du-lich-den-pho-den-do\/#breadcrumb","itemListElement":[{"@type":"ListItem","position":1,"name":"Home","item":"https:\/\/www.ivivu.com\/blog\/"},{"@type":"ListItem","position":2,"name":"Amsterdam s\u1ebd c\u1ea5m c\u00e1c tour du l\u1ecbch \u0111\u1ebfn ph\u1ed1 \u0111\u00e8n \u0111\u1ecf"}]},{"@type":"WebSite","@id":"https:\/\/www.ivivu.com\/blog\/#website","url":"https:\/\/www.ivivu.com\/blog\/","name":"C\u1ea9m nang du l\u1ecbch","description":"","publisher":{"@id":"https:\/\/www.ivivu.com\/blog\/#organization"},"potentialAction":[{"@type":"SearchAction","target":{"@type":"EntryPoint","urlTemplate":"https:\/\/www.ivivu.com\/blog\/?s={search_term_string}"},"query-input":"required name=search_term_string"}],"inLanguage":"vi"},{"@type":"Organization","@id":"https:\/\/www.ivivu.com\/blog\/#organization","name":"iVIVU.com","url":"https:\/\/www.ivivu.com\/blog\/","logo":{"@type":"ImageObject","inLanguage":"vi","@id":"https:\/\/www.ivivu.com\/blog\/#\/schema\/logo\/image\/","url":"https:\/\/cdn3.ivivu.com\/2024\/01\/ivivu_no_slogan.png","contentUrl":"https:\/\/cdn3.ivivu.com\/2024\/01\/ivivu_no_slogan.png","width":788,"height":565,"caption":"iVIVU.com"},"image":{"@id":"https:\/\/www.ivivu.com\/blog\/#\/schema\/logo\/image\/"},"sameAs":["https:\/\/www.facebook.com\/iVIVU"]},{"@type":"Person","@id":"https:\/\/www.ivivu.com\/blog\/#\/schema\/person\/f6e706f46fad4e85f2e1c3ec41136369","name":"Ng\u00e2n Thi\u1ec1u Kim","sameAs":["https:\/\/www.ivivu.com\/blog\/"],"url":"https:\/\/www.ivivu.com\/blog\/author\/ngan-thieu\/"}]}},"_links":{"self":[{"href":"https:\/\/www.ivivu.com\/blog\/wp-json\/wp\/v2\/posts\/288066"}],"collection":[{"href":"https:\/\/www.ivivu.com\/blog\/wp-json\/wp\/v2\/posts"}],"about":[{"href":"https:\/\/www.ivivu.com\/blog\/wp-json\/wp\/v2\/types\/post"}],"author":[{"embeddable":true,"href":"https:\/\/www.ivivu.com\/blog\/wp-json\/wp\/v2\/users\/38"}],"replies":[{"embeddable":true,"href":"https:\/\/www.ivivu.com\/blog\/wp-json\/wp\/v2\/comments?post=288066"}],"version-history":[{"count":6,"href":"https:\/\/www.ivivu.com\/blog\/wp-json\/wp\/v2\/posts\/288066\/revisions"}],"predecessor-version":[{"id":288700,"href":"https:\/\/www.ivivu.com\/blog\/wp-json\/wp\/v2\/posts\/288066\/revisions\/288700"}],"wp:featuredmedia":[{"embeddable":true,"href":"https:\/\/www.ivivu.com\/blog\/wp-json\/wp\/v2\/media\/288067"}],"wp:attachment":[{"href":"https:\/\/www.ivivu.com\/blog\/wp-json\/wp\/v2\/media?parent=288066"}],"wp:term":[{"taxonomy":"category","embeddable":true,"href":"https:\/\/www.ivivu.com\/blog\/wp-json\/wp\/v2\/categories?post=288066"},{"taxonomy":"post_tag","embeddable":true,"href":"https:\/\/www.ivivu.com\/blog\/wp-json\/wp\/v2\/tags?post=288066"}],"curies":[{"name":"wp","href":"https:\/\/api.w.org\/{rel}","templated":true}]}}