{"id":302746,"date":"2019-08-17T06:17:44","date_gmt":"2019-08-16T23:17:44","guid":{"rendered":"https:\/\/www.ivivu.com\/blog\/?p=302746"},"modified":"2019-08-16T16:19:00","modified_gmt":"2019-08-16T09:19:00","slug":"48-gio-o-thanh-co-salamanca-cua-nu-du-khach-viet","status":"publish","type":"post","link":"https:\/\/www.ivivu.com\/blog\/2019\/08\/48-gio-o-thanh-co-salamanca-cua-nu-du-khach-viet\/","title":{"rendered":"48 gi\u1edd \u1edf th\u00e0nh c\u1ed5 Salamanca c\u1ee7a n\u1eef du kh\u00e1ch Vi\u1ec7t"},"content":{"rendered":"<p style=\"text-align: justify;\"><strong><em>\u0110\u01b0\u1ee3c UNESCO c\u00f4ng nh\u1eadn l\u00e0 di s\u1ea3n th\u1ebf gi\u1edbi n\u0103m 1988, Salamanca (T\u00e2y Ban Nha) h\u1ea5p d\u1eabn n\u1eef du kh\u00e1ch nh\u1edd c\u00e1c ki\u1ebfn tr\u00fac h\u00e0ng tr\u0103m n\u0103m tu\u1ed5i.<\/em><\/strong><!--more--><\/p>\n<h2 style=\"text-align: justify;\">48 gi\u1edd du l\u1ecbch Salamanca c\u1ee7a n\u1eef du kh\u00e1ch Vi\u1ec7t<\/h2>\n<div id=\"attachment_302747\" style=\"width: 690px\" class=\"wp-caption aligncenter\"><img loading=\"lazy\" decoding=\"async\" aria-describedby=\"caption-attachment-302747\" class=\"wp-image-302747 size-full\" title=\"Ch\u1ecb Ng\u1ecdc Anh (H\u00e0 N\u1ed9i) v\u1eeba c\u00f3 chuy\u1ebfn tham quan hai ng\u00e0y \u1edf th\u00e0nh ph\u1ed1 Salamanca, m\u1ed9t trong nh\u1eefng \u0111\u1ecba \u0111i\u1ec3m c\u1ed5 x\u01b0a nh\u1ea5t c\u1ee7a x\u1ee9 s\u1edf b\u00f2 t\u00f3t, c\u00e1ch th\u1ee7 \u0111\u00f4 Madrid 200 km v\u00e0 bi\u00ean gi\u1edbi B\u1ed3 \u0110\u00e0o Nha 80 km. N\u01a1i \u0111\u00e2y \u0111\u01b0\u1ee3c bi\u1ebft \u0111\u1ebfn v\u1edbi c\u00e1c t\u00f2a nh\u00e0, c\u00f4ng tr\u00ecnh mang \u0111\u1eadm d\u1ea5u \u1ea5n ki\u1ebfn tr\u00fac th\u1eddi k\u1ef3 Ph\u1ee5c H\u01b0ng v\u00e0 c\u00e1c tr\u01b0\u1eddng \u0111\u1ea1i h\u1ecdc c\u1ed5 k\u00ednh, danh ti\u1ebfng.\" src=\"https:\/\/cdn3.ivivu.com\/2019\/07\/48-gio-o-thanh-co-salamanca-cua-nu-du-khach-viet-ivivu-1.jpg\" alt=\"48-gio-o-thanh-co-salamanca-cua-nu-du-khach-viet-ivivu-1\" width=\"680\" height=\"440\" srcset=\"https:\/\/cdn3.ivivu.com\/2019\/07\/48-gio-o-thanh-co-salamanca-cua-nu-du-khach-viet-ivivu-1.jpg 680w, https:\/\/cdn3.ivivu.com\/2019\/07\/48-gio-o-thanh-co-salamanca-cua-nu-du-khach-viet-ivivu-1-471x305.jpg 471w\" sizes=\"(max-width: 680px) 100vw, 680px\" \/><p id=\"caption-attachment-302747\" class=\"wp-caption-text\">Ch\u1ecb Ng\u1ecdc Anh (H\u00e0 N\u1ed9i) v\u1eeba c\u00f3 chuy\u1ebfn<strong> du l\u1ecbch Salamanca<\/strong>, m\u1ed9t trong nh\u1eefng \u0111\u1ecba \u0111i\u1ec3m c\u1ed5 x\u01b0a nh\u1ea5t c\u1ee7a x\u1ee9 s\u1edf b\u00f2 t\u00f3t, c\u00e1ch th\u1ee7 \u0111\u00f4 Madrid 200 km v\u00e0 bi\u00ean gi\u1edbi B\u1ed3 \u0110\u00e0o Nha 80 km. N\u01a1i \u0111\u00e2y \u0111\u01b0\u1ee3c bi\u1ebft \u0111\u1ebfn v\u1edbi c\u00e1c t\u00f2a nh\u00e0, c\u00f4ng tr\u00ecnh mang \u0111\u1eadm d\u1ea5u \u1ea5n ki\u1ebfn tr\u00fac th\u1eddi k\u1ef3 Ph\u1ee5c H\u01b0ng v\u00e0 c\u00e1c tr\u01b0\u1eddng \u0111\u1ea1i h\u1ecdc c\u1ed5 k\u00ednh, danh ti\u1ebfng.<\/p><\/div>\n<div id=\"attachment_302748\" style=\"width: 690px\" class=\"wp-caption aligncenter\"><img loading=\"lazy\" decoding=\"async\" aria-describedby=\"caption-attachment-302748\" class=\"wp-image-302748 size-full\" title=\"M\u1ed9t trong nh\u1eefng n\u01a1i nh\u1ea5t \u0111\u1ecbnh ph\u1ea3i t\u1edbi \u1edf Salamanca l\u00e0 qu\u1ea3ng tr\u01b0\u1eddng ch\u00ednh Plaza Mayor. N\u01a1i n\u00e0y c\u00f3 s\u1ee9c ch\u1ee9a 20.000 ng\u01b0\u1eddi, tr\u01b0\u1edbc \u0111\u00e2y th\u01b0\u1eddng t\u1ed5 ch\u1ee9c c\u00e1c bu\u1ed5i \u0111\u1ea5u b\u00f2, sau n\u00e0y l\u00e0 c\u00e1c bu\u1ed5i ca nh\u1ea1c. T\u1ea7ng 1 v\u00e0 2 \u1edf qu\u1ea3ng tr\u01b0\u1eddng c\u00f3 c\u00e1c c\u1eeda h\u00e0ng b\u00e1n \u0111\u1ed3 l\u01b0u ni\u1ec7m, h\u00e0ng \u0103n. Du kh\u00e1ch ng\u1ed3i \u0103n trong nh\u00e0, ho\u1eb7c c\u00e1c d\u00e3y b\u00e0n gh\u1ebf \u0111\u01b0\u1ee3c k\u00ea b\u00ean ngo\u00e0i h\u00e0nh lang, nh\u00ecn ra qu\u1ea3ng tr\u01b0\u1eddng tr\u01b0\u1edbc m\u1eb7t.\" src=\"https:\/\/cdn3.ivivu.com\/2019\/07\/48-gio-o-thanh-co-salamanca-cua-nu-du-khach-viet-ivivu-2.jpg\" alt=\"M\u1ed9t trong nh\u1eefng n\u01a1i nh\u1ea5t \u0111\u1ecbnh ph\u1ea3i t\u1edbi \u1edf Salamanca l\u00e0 qu\u1ea3ng tr\u01b0\u1eddng ch\u00ednh Plaza Mayor. N\u01a1i n\u00e0y c\u00f3 s\u1ee9c ch\u1ee9a 20.000 ng\u01b0\u1eddi, tr\u01b0\u1edbc \u0111\u00e2y th\u01b0\u1eddng t\u1ed5 ch\u1ee9c c\u00e1c bu\u1ed5i \u0111\u1ea5u b\u00f2, sau n\u00e0y l\u00e0 c\u00e1c bu\u1ed5i ca nh\u1ea1c. T\u1ea7ng 1 v\u00e0 2 \u1edf qu\u1ea3ng tr\u01b0\u1eddng c\u00f3 c\u00e1c c\u1eeda h\u00e0ng b\u00e1n \u0111\u1ed3 l\u01b0u ni\u1ec7m, h\u00e0ng \u0103n. Du kh\u00e1ch ng\u1ed3i \u0103n trong nh\u00e0, ho\u1eb7c c\u00e1c d\u00e3y b\u00e0n gh\u1ebf \u0111\u01b0\u1ee3c k\u00ea b\u00ean ngo\u00e0i h\u00e0nh lang, nh\u00ecn ra qu\u1ea3ng tr\u01b0\u1eddng tr\u01b0\u1edbc m\u1eb7t.\" width=\"680\" height=\"382\" srcset=\"https:\/\/cdn3.ivivu.com\/2019\/07\/48-gio-o-thanh-co-salamanca-cua-nu-du-khach-viet-ivivu-2.jpg 680w, https:\/\/cdn3.ivivu.com\/2019\/07\/48-gio-o-thanh-co-salamanca-cua-nu-du-khach-viet-ivivu-2-540x303.jpg 540w, https:\/\/cdn3.ivivu.com\/2019\/07\/48-gio-o-thanh-co-salamanca-cua-nu-du-khach-viet-ivivu-2-225x127.jpg 225w, https:\/\/cdn3.ivivu.com\/2019\/07\/48-gio-o-thanh-co-salamanca-cua-nu-du-khach-viet-ivivu-2-370x208.jpg 370w, https:\/\/cdn3.ivivu.com\/2019\/07\/48-gio-o-thanh-co-salamanca-cua-nu-du-khach-viet-ivivu-2-50x28.jpg 50w, https:\/\/cdn3.ivivu.com\/2019\/07\/48-gio-o-thanh-co-salamanca-cua-nu-du-khach-viet-ivivu-2-107x60.jpg 107w, https:\/\/cdn3.ivivu.com\/2019\/07\/48-gio-o-thanh-co-salamanca-cua-nu-du-khach-viet-ivivu-2-195x110.jpg 195w, https:\/\/cdn3.ivivu.com\/2019\/07\/48-gio-o-thanh-co-salamanca-cua-nu-du-khach-viet-ivivu-2-220x125.jpg 220w, https:\/\/cdn3.ivivu.com\/2019\/07\/48-gio-o-thanh-co-salamanca-cua-nu-du-khach-viet-ivivu-2-400x225.jpg 400w, https:\/\/cdn3.ivivu.com\/2019\/07\/48-gio-o-thanh-co-salamanca-cua-nu-du-khach-viet-ivivu-2-140x80.jpg 140w\" sizes=\"(max-width: 680px) 100vw, 680px\" \/><p id=\"caption-attachment-302748\" class=\"wp-caption-text\">M\u1ed9t trong nh\u1eefng n\u01a1i nh\u1ea5t \u0111\u1ecbnh ph\u1ea3i t\u1edbi \u1edf Salamanca l\u00e0 qu\u1ea3ng tr\u01b0\u1eddng ch\u00ednh Plaza Mayor. N\u01a1i n\u00e0y c\u00f3 s\u1ee9c ch\u1ee9a 20.000 ng\u01b0\u1eddi, tr\u01b0\u1edbc \u0111\u00e2y th\u01b0\u1eddng t\u1ed5 ch\u1ee9c c\u00e1c bu\u1ed5i \u0111\u1ea5u b\u00f2, sau n\u00e0y l\u00e0 c\u00e1c bu\u1ed5i ca nh\u1ea1c. T\u1ea7ng 1 v\u00e0 2 \u1edf qu\u1ea3ng tr\u01b0\u1eddng c\u00f3 c\u00e1c c\u1eeda h\u00e0ng b\u00e1n \u0111\u1ed3 l\u01b0u ni\u1ec7m, h\u00e0ng \u0103n. Du kh\u00e1ch ng\u1ed3i \u0103n trong nh\u00e0, ho\u1eb7c c\u00e1c d\u00e3y b\u00e0n gh\u1ebf \u0111\u01b0\u1ee3c k\u00ea b\u00ean ngo\u00e0i h\u00e0nh lang, nh\u00ecn ra qu\u1ea3ng tr\u01b0\u1eddng tr\u01b0\u1edbc m\u1eb7t.<\/p><\/div>\n<div id=\"attachment_302749\" style=\"width: 690px\" class=\"wp-caption aligncenter\"><img loading=\"lazy\" decoding=\"async\" aria-describedby=\"caption-attachment-302749\" class=\"wp-image-302749 size-full\" title=\"V\u00e0o m\u00f9a h\u00e8, 21h tr\u1eddi v\u1eabn s\u00e1ng, sau 22h, tr\u1eddi t\u1ed1i nhanh h\u01a1n. \u0110\u00e2y l\u00e0 th\u1eddi \u0111i\u1ec3m nhi\u1ec1u du kh\u00e1ch \u0111\u1ed5 v\u1ec1 qu\u1ea3ng tr\u01b0\u1eddng nh\u1ea5t. H\u1ecd ng\u1ed3i u\u1ed1ng n\u01b0\u1edbc, \u0103n t\u1ed1i v\u00e0 ng\u1eafm \u0111\u00e8n l\u00ean. Gi\u00e1 m\u1ed9t m\u00f3n \u0111\u1ed3 u\u1ed1ng nh\u1eb9 t\u1eeb 2,9 Euro. Khi qu\u1ea3ng tr\u01b0\u1eddng th\u1eafp s\u00e1ng m\u1ecdi ng\u1ecdn \u0111\u00e8n, du kh\u00e1ch \u0111\u1ec1u \u0111\u1ed3ng lo\u1ea1t v\u1ed7 tay v\u00e0 reo l\u00ean th\u00edch th\u00fa.\" src=\"https:\/\/cdn3.ivivu.com\/2019\/07\/48-gio-o-thanh-co-salamanca-cua-nu-du-khach-viet-ivivu-3.jpg\" alt=\"V\u00e0o m\u00f9a h\u00e8, 21h tr\u1eddi v\u1eabn s\u00e1ng, sau 22h, tr\u1eddi t\u1ed1i nhanh h\u01a1n. \u0110\u00e2y l\u00e0 th\u1eddi \u0111i\u1ec3m nhi\u1ec1u du kh\u00e1ch \u0111\u1ed5 v\u1ec1 qu\u1ea3ng tr\u01b0\u1eddng nh\u1ea5t. H\u1ecd ng\u1ed3i u\u1ed1ng n\u01b0\u1edbc, \u0103n t\u1ed1i v\u00e0 ng\u1eafm \u0111\u00e8n l\u00ean. Gi\u00e1 m\u1ed9t m\u00f3n \u0111\u1ed3 u\u1ed1ng nh\u1eb9 t\u1eeb 2,9 Euro. Khi qu\u1ea3ng tr\u01b0\u1eddng th\u1eafp s\u00e1ng m\u1ecdi ng\u1ecdn \u0111\u00e8n, du kh\u00e1ch \u0111\u1ec1u \u0111\u1ed3ng lo\u1ea1t v\u1ed7 tay v\u00e0 reo l\u00ean th\u00edch th\u00fa.\" width=\"680\" height=\"382\" srcset=\"https:\/\/cdn3.ivivu.com\/2019\/07\/48-gio-o-thanh-co-salamanca-cua-nu-du-khach-viet-ivivu-3.jpg 680w, https:\/\/cdn3.ivivu.com\/2019\/07\/48-gio-o-thanh-co-salamanca-cua-nu-du-khach-viet-ivivu-3-540x303.jpg 540w, https:\/\/cdn3.ivivu.com\/2019\/07\/48-gio-o-thanh-co-salamanca-cua-nu-du-khach-viet-ivivu-3-225x127.jpg 225w, https:\/\/cdn3.ivivu.com\/2019\/07\/48-gio-o-thanh-co-salamanca-cua-nu-du-khach-viet-ivivu-3-370x208.jpg 370w, https:\/\/cdn3.ivivu.com\/2019\/07\/48-gio-o-thanh-co-salamanca-cua-nu-du-khach-viet-ivivu-3-50x28.jpg 50w, https:\/\/cdn3.ivivu.com\/2019\/07\/48-gio-o-thanh-co-salamanca-cua-nu-du-khach-viet-ivivu-3-107x60.jpg 107w, https:\/\/cdn3.ivivu.com\/2019\/07\/48-gio-o-thanh-co-salamanca-cua-nu-du-khach-viet-ivivu-3-195x110.jpg 195w, https:\/\/cdn3.ivivu.com\/2019\/07\/48-gio-o-thanh-co-salamanca-cua-nu-du-khach-viet-ivivu-3-220x125.jpg 220w, https:\/\/cdn3.ivivu.com\/2019\/07\/48-gio-o-thanh-co-salamanca-cua-nu-du-khach-viet-ivivu-3-400x225.jpg 400w, https:\/\/cdn3.ivivu.com\/2019\/07\/48-gio-o-thanh-co-salamanca-cua-nu-du-khach-viet-ivivu-3-140x80.jpg 140w\" sizes=\"(max-width: 680px) 100vw, 680px\" \/><p id=\"caption-attachment-302749\" class=\"wp-caption-text\">V\u00e0o m\u00f9a h\u00e8, 21h tr\u1eddi v\u1eabn s\u00e1ng, sau 22h, tr\u1eddi t\u1ed1i nhanh h\u01a1n. \u0110\u00e2y l\u00e0 th\u1eddi \u0111i\u1ec3m nhi\u1ec1u du kh\u00e1ch \u0111\u1ed5 v\u1ec1 qu\u1ea3ng tr\u01b0\u1eddng nh\u1ea5t. H\u1ecd ng\u1ed3i u\u1ed1ng n\u01b0\u1edbc, \u0103n t\u1ed1i v\u00e0 ng\u1eafm \u0111\u00e8n l\u00ean. Gi\u00e1 m\u1ed9t m\u00f3n \u0111\u1ed3 u\u1ed1ng nh\u1eb9 t\u1eeb 2,9 Euro. Khi qu\u1ea3ng tr\u01b0\u1eddng th\u1eafp s\u00e1ng m\u1ecdi ng\u1ecdn \u0111\u00e8n, du kh\u00e1ch \u0111\u1ec1u \u0111\u1ed3ng lo\u1ea1t v\u1ed7 tay v\u00e0 reo l\u00ean th\u00edch th\u00fa.<\/p><\/div>\n<div id=\"attachment_302750\" style=\"width: 690px\" class=\"wp-caption aligncenter\"><img loading=\"lazy\" decoding=\"async\" aria-describedby=\"caption-attachment-302750\" class=\"wp-image-302750 size-full\" title=\"Ngo\u00e0i c\u00e1c qu\u1ea7y h\u00e0ng b\u00e1n \u0111\u1ed3 \u0103n, mua s\u1eafm, du kh\u00e1ch c\u00f3 th\u1ec3 d\u1eebng l\u1ea1i m\u1ed9t g\u00f3c nh\u1ecf trong ph\u1ed1 \u0111i b\u1ed9 g\u1ea7n qu\u1ea3ng tr\u01b0\u1eddng \u0111\u1ec3 \u0111\u1eb7t h\u1ecda s\u0129 \u0111\u01b0\u1eddng ph\u1ed1 v\u1ebd ch\u00e2n dung theo ki\u1ec3u bi\u1ebfm h\u1ecda. Gi\u00e1 m\u1ed7i b\u1ee9c l\u00e0 6 Euro.\" src=\"https:\/\/cdn3.ivivu.com\/2019\/07\/48-gio-o-thanh-co-salamanca-cua-nu-du-khach-viet-ivivu-4.jpg\" alt=\"Ngo\u00e0i c\u00e1c qu\u1ea7y h\u00e0ng b\u00e1n \u0111\u1ed3 \u0103n, mua s\u1eafm, du kh\u00e1ch c\u00f3 th\u1ec3 d\u1eebng l\u1ea1i m\u1ed9t g\u00f3c nh\u1ecf trong ph\u1ed1 \u0111i b\u1ed9 g\u1ea7n qu\u1ea3ng tr\u01b0\u1eddng \u0111\u1ec3 \u0111\u1eb7t h\u1ecda s\u0129 \u0111\u01b0\u1eddng ph\u1ed1 v\u1ebd ch\u00e2n dung theo ki\u1ec3u bi\u1ebfm h\u1ecda. Gi\u00e1 m\u1ed7i b\u1ee9c l\u00e0 6 Euro.\" width=\"680\" height=\"382\" srcset=\"https:\/\/cdn3.ivivu.com\/2019\/07\/48-gio-o-thanh-co-salamanca-cua-nu-du-khach-viet-ivivu-4.jpg 680w, https:\/\/cdn3.ivivu.com\/2019\/07\/48-gio-o-thanh-co-salamanca-cua-nu-du-khach-viet-ivivu-4-540x303.jpg 540w, https:\/\/cdn3.ivivu.com\/2019\/07\/48-gio-o-thanh-co-salamanca-cua-nu-du-khach-viet-ivivu-4-225x127.jpg 225w, https:\/\/cdn3.ivivu.com\/2019\/07\/48-gio-o-thanh-co-salamanca-cua-nu-du-khach-viet-ivivu-4-370x208.jpg 370w, https:\/\/cdn3.ivivu.com\/2019\/07\/48-gio-o-thanh-co-salamanca-cua-nu-du-khach-viet-ivivu-4-50x28.jpg 50w, https:\/\/cdn3.ivivu.com\/2019\/07\/48-gio-o-thanh-co-salamanca-cua-nu-du-khach-viet-ivivu-4-107x60.jpg 107w, https:\/\/cdn3.ivivu.com\/2019\/07\/48-gio-o-thanh-co-salamanca-cua-nu-du-khach-viet-ivivu-4-195x110.jpg 195w, https:\/\/cdn3.ivivu.com\/2019\/07\/48-gio-o-thanh-co-salamanca-cua-nu-du-khach-viet-ivivu-4-220x125.jpg 220w, https:\/\/cdn3.ivivu.com\/2019\/07\/48-gio-o-thanh-co-salamanca-cua-nu-du-khach-viet-ivivu-4-400x225.jpg 400w, https:\/\/cdn3.ivivu.com\/2019\/07\/48-gio-o-thanh-co-salamanca-cua-nu-du-khach-viet-ivivu-4-140x80.jpg 140w\" sizes=\"(max-width: 680px) 100vw, 680px\" \/><p id=\"caption-attachment-302750\" class=\"wp-caption-text\">Ngo\u00e0i c\u00e1c qu\u1ea7y h\u00e0ng b\u00e1n \u0111\u1ed3 \u0103n, mua s\u1eafm, du kh\u00e1ch c\u00f3 th\u1ec3 d\u1eebng l\u1ea1i m\u1ed9t g\u00f3c nh\u1ecf trong ph\u1ed1 \u0111i b\u1ed9 g\u1ea7n qu\u1ea3ng tr\u01b0\u1eddng \u0111\u1ec3 \u0111\u1eb7t h\u1ecda s\u0129 \u0111\u01b0\u1eddng ph\u1ed1 v\u1ebd ch\u00e2n dung theo ki\u1ec3u bi\u1ebfm h\u1ecda. Gi\u00e1 m\u1ed7i b\u1ee9c l\u00e0 6 Euro.<\/p><\/div>\n<div id=\"attachment_302751\" style=\"width: 560px\" class=\"wp-caption aligncenter\"><img loading=\"lazy\" decoding=\"async\" aria-describedby=\"caption-attachment-302751\" class=\"wp-image-302751 size-full\" title=\"\u0110i\u1ec3m \u0111\u1ebfn ti\u1ebfp theo g\u1ea7n qu\u1ea3ng tr\u01b0\u1eddng l\u00e0 t\u00f2a th\u00e1p Clerec\u00eda. C\u00e1c t\u00edn \u0111\u1ed3 c\u00f4ng gi\u00e1o tin r\u1eb1ng \u0111\u00e2y l\u00e0 n\u01a1i gi\u00fap h\u1ecd thanh t\u1ea9y t\u00e2m h\u1ed3n v\u00e0 \u0111\u01b0\u1ee3c l\u00ean thi\u00ean \u0111\u00e0ng. Ng\u00e0y nay, \u0111\u00e2y l\u00e0 m\u1ed9t trong nh\u1eefng \u0111\u1ecba \u0111i\u1ec3m check-in &quot;s\u1ed1ng \u1ea3o&quot; \u0111\u1eb9p b\u1eadc nh\u1ea5t t\u1ea1i Salamanca.\" src=\"https:\/\/cdn3.ivivu.com\/2019\/07\/48-gio-o-thanh-co-salamanca-cua-nu-du-khach-viet-ivivu-5.jpg\" alt=\"\u0110i\u1ec3m \u0111\u1ebfn ti\u1ebfp theo g\u1ea7n qu\u1ea3ng tr\u01b0\u1eddng l\u00e0 t\u00f2a th\u00e1p Clerec\u00eda. C\u00e1c t\u00edn \u0111\u1ed3 c\u00f4ng gi\u00e1o tin r\u1eb1ng \u0111\u00e2y l\u00e0 n\u01a1i gi\u00fap h\u1ecd thanh t\u1ea9y t\u00e2m h\u1ed3n v\u00e0 \u0111\u01b0\u1ee3c l\u00ean thi\u00ean \u0111\u00e0ng. Ng\u00e0y nay, \u0111\u00e2y l\u00e0 m\u1ed9t trong nh\u1eefng \u0111\u1ecba \u0111i\u1ec3m check-in &quot;s\u1ed1ng \u1ea3o&quot; \u0111\u1eb9p b\u1eadc nh\u1ea5t t\u1ea1i Salamanca.\" width=\"550\" height=\"979\" srcset=\"https:\/\/cdn3.ivivu.com\/2019\/07\/48-gio-o-thanh-co-salamanca-cua-nu-du-khach-viet-ivivu-5.jpg 550w, https:\/\/cdn3.ivivu.com\/2019\/07\/48-gio-o-thanh-co-salamanca-cua-nu-du-khach-viet-ivivu-5-171x305.jpg 171w\" sizes=\"(max-width: 550px) 100vw, 550px\" \/><p id=\"caption-attachment-302751\" class=\"wp-caption-text\">\u0110i\u1ec3m \u0111\u1ebfn ti\u1ebfp theo g\u1ea7n qu\u1ea3ng tr\u01b0\u1eddng l\u00e0 t\u00f2a th\u00e1p Clerec\u00eda. C\u00e1c t\u00edn \u0111\u1ed3 c\u00f4ng gi\u00e1o tin r\u1eb1ng \u0111\u00e2y l\u00e0 n\u01a1i gi\u00fap h\u1ecd thanh t\u1ea9y t\u00e2m h\u1ed3n v\u00e0 \u0111\u01b0\u1ee3c l\u00ean thi\u00ean \u0111\u00e0ng. Ng\u00e0y nay, \u0111\u00e2y l\u00e0 m\u1ed9t trong nh\u1eefng \u0111\u1ecba \u0111i\u1ec3m check-in &#8220;s\u1ed1ng \u1ea3o&#8221; \u0111\u1eb9p b\u1eadc nh\u1ea5t t\u1ea1i Salamanca.<\/p><\/div>\n<div id=\"attachment_302752\" style=\"width: 690px\" class=\"wp-caption aligncenter\"><img loading=\"lazy\" decoding=\"async\" aria-describedby=\"caption-attachment-302752\" class=\"wp-image-302752 size-full\" title=\"\u0110\u1ebfn \u0111\u00e2y, b\u1ea1n c\u00f3 th\u1ec3 mua v\u00e9 l\u00ean tham quan \u0111\u1ec9nh th\u00e1p v\u00e0 nh\u00ecn to\u00e0n c\u1ea3nh th\u00e0nh ph\u1ed1 ph\u00eda d\u01b0\u1edbi. Gi\u00e1 v\u00e9 v\u00e0o c\u1eeda l\u00e0 3,75 Euro, n\u1ebfu \u0111i theo \u0111o\u00e0n gi\u00e1 s\u1ebd c\u00f2n 3,25 Euro m\u1ed9t ng\u01b0\u1eddi. Th\u1eddi gian m\u1edf c\u1eeda t\u1eeb 10h \u0111\u1ebfn 18h ho\u1eb7c 20h, t\u00f9y theo m\u00f9a.\" src=\"https:\/\/cdn3.ivivu.com\/2019\/07\/48-gio-o-thanh-co-salamanca-cua-nu-du-khach-viet-ivivu-6.jpg\" alt=\"\u0110\u1ebfn \u0111\u00e2y, b\u1ea1n c\u00f3 th\u1ec3 mua v\u00e9 l\u00ean tham quan \u0111\u1ec9nh th\u00e1p v\u00e0 nh\u00ecn to\u00e0n c\u1ea3nh th\u00e0nh ph\u1ed1 ph\u00eda d\u01b0\u1edbi. Gi\u00e1 v\u00e9 v\u00e0o c\u1eeda l\u00e0 3,75 Euro, n\u1ebfu \u0111i theo \u0111o\u00e0n gi\u00e1 s\u1ebd c\u00f2n 3,25 Euro m\u1ed9t ng\u01b0\u1eddi. Th\u1eddi gian m\u1edf c\u1eeda t\u1eeb 10h \u0111\u1ebfn 18h ho\u1eb7c 20h, t\u00f9y theo m\u00f9a.\" width=\"680\" height=\"382\" srcset=\"https:\/\/cdn3.ivivu.com\/2019\/07\/48-gio-o-thanh-co-salamanca-cua-nu-du-khach-viet-ivivu-6.jpg 680w, https:\/\/cdn3.ivivu.com\/2019\/07\/48-gio-o-thanh-co-salamanca-cua-nu-du-khach-viet-ivivu-6-540x303.jpg 540w, https:\/\/cdn3.ivivu.com\/2019\/07\/48-gio-o-thanh-co-salamanca-cua-nu-du-khach-viet-ivivu-6-225x127.jpg 225w, https:\/\/cdn3.ivivu.com\/2019\/07\/48-gio-o-thanh-co-salamanca-cua-nu-du-khach-viet-ivivu-6-370x208.jpg 370w, https:\/\/cdn3.ivivu.com\/2019\/07\/48-gio-o-thanh-co-salamanca-cua-nu-du-khach-viet-ivivu-6-50x28.jpg 50w, https:\/\/cdn3.ivivu.com\/2019\/07\/48-gio-o-thanh-co-salamanca-cua-nu-du-khach-viet-ivivu-6-107x60.jpg 107w, https:\/\/cdn3.ivivu.com\/2019\/07\/48-gio-o-thanh-co-salamanca-cua-nu-du-khach-viet-ivivu-6-195x110.jpg 195w, https:\/\/cdn3.ivivu.com\/2019\/07\/48-gio-o-thanh-co-salamanca-cua-nu-du-khach-viet-ivivu-6-220x125.jpg 220w, https:\/\/cdn3.ivivu.com\/2019\/07\/48-gio-o-thanh-co-salamanca-cua-nu-du-khach-viet-ivivu-6-400x225.jpg 400w, https:\/\/cdn3.ivivu.com\/2019\/07\/48-gio-o-thanh-co-salamanca-cua-nu-du-khach-viet-ivivu-6-140x80.jpg 140w\" sizes=\"(max-width: 680px) 100vw, 680px\" \/><p id=\"caption-attachment-302752\" class=\"wp-caption-text\">\u0110\u1ebfn \u0111\u00e2y, b\u1ea1n c\u00f3 th\u1ec3 mua v\u00e9 l\u00ean tham quan \u0111\u1ec9nh th\u00e1p v\u00e0 nh\u00ecn to\u00e0n c\u1ea3nh th\u00e0nh ph\u1ed1 ph\u00eda d\u01b0\u1edbi. Gi\u00e1 v\u00e9 v\u00e0o c\u1eeda l\u00e0 3,75 Euro, n\u1ebfu \u0111i theo \u0111o\u00e0n gi\u00e1 s\u1ebd c\u00f2n 3,25 Euro m\u1ed9t ng\u01b0\u1eddi. Th\u1eddi gian m\u1edf c\u1eeda t\u1eeb 10h \u0111\u1ebfn 18h ho\u1eb7c 20h, t\u00f9y theo m\u00f9a.<\/p><\/div>\n<div id=\"attachment_302753\" style=\"width: 690px\" class=\"wp-caption aligncenter\"><img loading=\"lazy\" decoding=\"async\" aria-describedby=\"caption-attachment-302753\" class=\"wp-image-302753 size-full\" title=\"G\u1ea7n th\u00e1p l\u00e0 \u0111\u1ea1i h\u1ecdc Salamanca, m\u1ed9t \u0111\u1ecba \u0111i\u1ec3m h\u00fat kh\u00e1ch du l\u1ecbch kh\u00f4ng k\u00e9m. C\u00f4ng tr\u00ecnh \u0111\u01b0\u1ee3c x\u00e2y d\u1ef1ng n\u0103m 1134 v\u00e0 tr\u1edf th\u00e0nh tr\u01b0\u1eddng \u0111\u1ea1i h\u1ecdc v\u00e0o n\u0103m 1218 d\u01b0\u1edbi l\u1ec7nh c\u1ee7a vua Alfonson. \u0110\u00e2y l\u00e0 tr\u01b0\u1eddng \u0111\u1ea1i h\u1ecdc l\u00e2u \u0111\u1eddi nh\u1ea5t \u1edf T\u00e2y Ban Nha v\u00e0 l\u00e0 tr\u01b0\u1eddng \u0111\u1ea1i h\u1ecdc l\u00e2u \u0111\u1eddi th\u1ee9 ba tr\u00ean th\u1ebf gi\u1edbi v\u1eabn c\u00f2n ho\u1ea1t \u0111\u1ed9ng.\" src=\"https:\/\/cdn3.ivivu.com\/2019\/07\/48-gio-o-thanh-co-salamanca-cua-nu-du-khach-viet-ivivu-7.jpg\" alt=\"G\u1ea7n th\u00e1p l\u00e0 \u0111\u1ea1i h\u1ecdc Salamanca, m\u1ed9t \u0111\u1ecba \u0111i\u1ec3m h\u00fat kh\u00e1ch du l\u1ecbch kh\u00f4ng k\u00e9m. C\u00f4ng tr\u00ecnh \u0111\u01b0\u1ee3c x\u00e2y d\u1ef1ng n\u0103m 1134 v\u00e0 tr\u1edf th\u00e0nh tr\u01b0\u1eddng \u0111\u1ea1i h\u1ecdc v\u00e0o n\u0103m 1218 d\u01b0\u1edbi l\u1ec7nh c\u1ee7a vua Alfonson. \u0110\u00e2y l\u00e0 tr\u01b0\u1eddng \u0111\u1ea1i h\u1ecdc l\u00e2u \u0111\u1eddi nh\u1ea5t \u1edf T\u00e2y Ban Nha v\u00e0 l\u00e0 tr\u01b0\u1eddng \u0111\u1ea1i h\u1ecdc l\u00e2u \u0111\u1eddi th\u1ee9 ba tr\u00ean th\u1ebf gi\u1edbi v\u1eabn c\u00f2n ho\u1ea1t \u0111\u1ed9ng.\" width=\"680\" height=\"510\" srcset=\"https:\/\/cdn3.ivivu.com\/2019\/07\/48-gio-o-thanh-co-salamanca-cua-nu-du-khach-viet-ivivu-7.jpg 680w, https:\/\/cdn3.ivivu.com\/2019\/07\/48-gio-o-thanh-co-salamanca-cua-nu-du-khach-viet-ivivu-7-407x305.jpg 407w\" sizes=\"(max-width: 680px) 100vw, 680px\" \/><p id=\"caption-attachment-302753\" class=\"wp-caption-text\">G\u1ea7n th\u00e1p l\u00e0 \u0111\u1ea1i h\u1ecdc Salamanca, m\u1ed9t \u0111\u1ecba \u0111i\u1ec3m h\u00fat kh\u00e1ch du l\u1ecbch kh\u00f4ng k\u00e9m. C\u00f4ng tr\u00ecnh \u0111\u01b0\u1ee3c x\u00e2y d\u1ef1ng n\u0103m 1134 v\u00e0 tr\u1edf th\u00e0nh tr\u01b0\u1eddng \u0111\u1ea1i h\u1ecdc v\u00e0o n\u0103m 1218 d\u01b0\u1edbi l\u1ec7nh c\u1ee7a vua Alfonson. \u0110\u00e2y l\u00e0 tr\u01b0\u1eddng \u0111\u1ea1i h\u1ecdc l\u00e2u \u0111\u1eddi nh\u1ea5t \u1edf T\u00e2y Ban Nha v\u00e0 l\u00e0 tr\u01b0\u1eddng \u0111\u1ea1i h\u1ecdc l\u00e2u \u0111\u1eddi th\u1ee9 ba tr\u00ean th\u1ebf gi\u1edbi v\u1eabn c\u00f2n ho\u1ea1t \u0111\u1ed9ng.<\/p><\/div>\n<div id=\"attachment_302754\" style=\"width: 560px\" class=\"wp-caption aligncenter\"><img loading=\"lazy\" decoding=\"async\" aria-describedby=\"caption-attachment-302754\" class=\"wp-image-302754 size-full\" title=\"Ng\u00e0y th\u1ee9 hai, ch\u1ecb Ng\u1ecdc Anh d\u00e0nh th\u1eddi gian tham quan tu vi\u1ec7n San Esteban n\u1eb1m tr\u00ean qu\u1ea3ng tr\u01b0\u1eddng Concilio de Trento, Salamanca. Tu vi\u1ec7n \u0111\u01b0\u1ee3c x\u00e2y v\u00e0o kho\u1ea3ng n\u0103m 1255, nh\u01b0ng sau \u0111\u00f3 b\u1ecb ph\u00e1 h\u1ee7y \u0111\u1ec3 x\u00e2y d\u1ef1ng nh\u00e0 th\u1edd gi\u00e1o x\u1ee9 St. Stephen v\u00e0o n\u0103m 1524. \u0110\u00e2y c\u0169ng l\u00e0 n\u01a1i Christopher Columbus gh\u00e9 th\u0103m v\u00e0 \u1edf l\u1ea1i khi \u00f4ng \u0111\u1ebfn Salamanca \u0111\u1ec3 b\u1ea3o v\u1ec7 \u00fd t\u01b0\u1edfng ch\u00e8o thuy\u1ec1n v\u1ec1 ph\u00eda t\u00e2y \u0111\u1ebfn \u1ea4n \u0110\u1ed9. Ng\u00e0y nay, khu v\u1ef1c r\u1ed9ng l\u1edbn n\u00e0y lu\u00f4n \u0111\u00f4ng kh\u00e1ch \u0111\u1ebfn tham quan, nh\u01b0ng kh\u00f4ng gian v\u1eabn y\u00ean t\u0129nh.  Kh\u00e1ch du l\u1ecbch c\u00f3 th\u1ec3 thong th\u1ea3 d\u1ea1o b\u01b0\u1edbc tr\u00ean nh\u1eefng h\u00e0nh lang d\u00e0i v\u00e0 r\u1ed9ng, th\u0103m c\u00e1c c\u0103n ph\u00f2ng tr\u01b0\u1edbc \u0111\u00e2y t\u1eebng \u0111\u01b0\u1ee3c d\u00f9ng \u0111\u1ec3 l\u00e0m l\u1edbp h\u1ecdc, th\u01b0 vi\u1ec7n, c\u1ea7u nguy\u1ec7n...\" src=\"https:\/\/cdn3.ivivu.com\/2019\/07\/48-gio-o-thanh-co-salamanca-cua-nu-du-khach-viet-ivivu-8.jpg\" alt=\"Ng\u00e0y th\u1ee9 hai, ch\u1ecb Ng\u1ecdc Anh d\u00e0nh th\u1eddi gian tham quan tu vi\u1ec7n San Esteban n\u1eb1m tr\u00ean qu\u1ea3ng tr\u01b0\u1eddng Concilio de Trento, Salamanca. Tu vi\u1ec7n \u0111\u01b0\u1ee3c x\u00e2y v\u00e0o kho\u1ea3ng n\u0103m 1255, nh\u01b0ng sau \u0111\u00f3 b\u1ecb ph\u00e1 h\u1ee7y \u0111\u1ec3 x\u00e2y d\u1ef1ng nh\u00e0 th\u1edd gi\u00e1o x\u1ee9 St. Stephen v\u00e0o n\u0103m 1524. \u0110\u00e2y c\u0169ng l\u00e0 n\u01a1i Christopher Columbus gh\u00e9 th\u0103m v\u00e0 \u1edf l\u1ea1i khi \u00f4ng \u0111\u1ebfn Salamanca \u0111\u1ec3 b\u1ea3o v\u1ec7 \u00fd t\u01b0\u1edfng ch\u00e8o thuy\u1ec1n v\u1ec1 ph\u00eda t\u00e2y \u0111\u1ebfn \u1ea4n \u0110\u1ed9. Ng\u00e0y nay, khu v\u1ef1c r\u1ed9ng l\u1edbn n\u00e0y lu\u00f4n \u0111\u00f4ng kh\u00e1ch \u0111\u1ebfn tham quan, nh\u01b0ng kh\u00f4ng gian v\u1eabn y\u00ean t\u0129nh.  Kh\u00e1ch du l\u1ecbch c\u00f3 th\u1ec3 thong th\u1ea3 d\u1ea1o b\u01b0\u1edbc tr\u00ean nh\u1eefng h\u00e0nh lang d\u00e0i v\u00e0 r\u1ed9ng, th\u0103m c\u00e1c c\u0103n ph\u00f2ng tr\u01b0\u1edbc \u0111\u00e2y t\u1eebng \u0111\u01b0\u1ee3c d\u00f9ng \u0111\u1ec3 l\u00e0m l\u1edbp h\u1ecdc, th\u01b0 vi\u1ec7n, c\u1ea7u nguy\u1ec7n...\" width=\"550\" height=\"733\" srcset=\"https:\/\/cdn3.ivivu.com\/2019\/07\/48-gio-o-thanh-co-salamanca-cua-nu-du-khach-viet-ivivu-8.jpg 550w, https:\/\/cdn3.ivivu.com\/2019\/07\/48-gio-o-thanh-co-salamanca-cua-nu-du-khach-viet-ivivu-8-229x305.jpg 229w\" sizes=\"(max-width: 550px) 100vw, 550px\" \/><p id=\"caption-attachment-302754\" class=\"wp-caption-text\">Ng\u00e0y th\u1ee9 hai, du l\u1ecbch Salamanca ch\u1ecb Ng\u1ecdc Anh d\u00e0nh th\u1eddi gian tham quan tu vi\u1ec7n San Esteban n\u1eb1m tr\u00ean qu\u1ea3ng tr\u01b0\u1eddng Concilio de Trento. Tu vi\u1ec7n \u0111\u01b0\u1ee3c x\u00e2y v\u00e0o kho\u1ea3ng n\u0103m 1255, nh\u01b0ng sau \u0111\u00f3 b\u1ecb ph\u00e1 h\u1ee7y \u0111\u1ec3 x\u00e2y d\u1ef1ng nh\u00e0 th\u1edd gi\u00e1o x\u1ee9 St. Stephen v\u00e0o n\u0103m 1524. \u0110\u00e2y c\u0169ng l\u00e0 n\u01a1i Christopher Columbus gh\u00e9 th\u0103m v\u00e0 \u1edf l\u1ea1i khi \u00f4ng \u0111\u1ebfn Salamanca \u0111\u1ec3 b\u1ea3o v\u1ec7 \u00fd t\u01b0\u1edfng ch\u00e8o thuy\u1ec1n v\u1ec1 ph\u00eda t\u00e2y \u0111\u1ebfn \u1ea4n \u0110\u1ed9. Ng\u00e0y nay, khu v\u1ef1c r\u1ed9ng l\u1edbn n\u00e0y lu\u00f4n \u0111\u00f4ng kh\u00e1ch \u0111\u1ebfn tham quan, nh\u01b0ng kh\u00f4ng gian v\u1eabn y\u00ean t\u0129nh. Kh\u00e1ch du l\u1ecbch c\u00f3 th\u1ec3 thong th\u1ea3 d\u1ea1o b\u01b0\u1edbc tr\u00ean nh\u1eefng h\u00e0nh lang d\u00e0i v\u00e0 r\u1ed9ng, th\u0103m c\u00e1c c\u0103n ph\u00f2ng tr\u01b0\u1edbc \u0111\u00e2y t\u1eebng \u0111\u01b0\u1ee3c d\u00f9ng \u0111\u1ec3 l\u00e0m l\u1edbp h\u1ecdc, th\u01b0 vi\u1ec7n, c\u1ea7u nguy\u1ec7n&#8230;<\/p><\/div>\n<div id=\"attachment_302755\" style=\"width: 690px\" class=\"wp-caption aligncenter\"><img loading=\"lazy\" decoding=\"async\" aria-describedby=\"caption-attachment-302755\" class=\"wp-image-302755 size-full\" title=\"\u0110\u1ecba \u0111i\u1ec3m cu\u1ed1i c\u00f9ng m\u00e0 ch\u1ecb Ng\u1ecdc Anh gh\u00e9 th\u0103m l\u00e0 c\u00e2y c\u1ea7u n\u1ed5i ti\u1ebfng Roman bridge (t\u00ean g\u1ecdi kh\u00e1c l\u00e0 Puente romano de Salamanca). C\u1ea7u b\u1eafc qua s\u00f4ng Tormes l\u00e0 m\u1ed9t bi\u1ec3u t\u01b0\u1ee3ng c\u1ee7a th\u00e0nh ph\u1ed1. Ng\u00e0y nay, du kh\u00e1ch c\u00f3 th\u1ec3 \u0111i b\u1ed9 ho\u1eb7c \u0111\u1ea1p xe qua c\u1ea7u.  Ngo\u00e0i c\u00e1c \u0111i\u1ec3m tham quan n\u1ed5i ti\u1ebfng c\u1ee7a th\u00e0nh ph\u1ed1, b\u1ea1n kh\u00f4ng n\u00ean b\u1ecf l\u1ee1 vi\u1ec7c lang thang tr\u00ean nh\u1eefng con \u0111\u01b0\u1eddng nh\u1ecf, l\u00e1t \u0111\u00e1 \u1edf khu v\u1ef1c Old Town. Nh\u1eefng g\u00f3c ph\u1ed1 nh\u1ecf xinh, y\u00ean b\u00ecnh n\u00e0y l\u00e0 \u0111\u1ecba \u0111i\u1ec3m l\u00fd t\u01b0\u1edfng cho c\u00e1c du kh\u00e1ch th\u00edch ch\u1ee5p \u1ea3nh.  Th\u1eddi gian \u1edf Salamanca, du kh\u00e1ch H\u00e0 N\u1ed9i c\u0169ng gh\u00e9 nh\u00e0 h\u00e0ng sao Michellin Don Mauro \u0111\u1ec3 kh\u00e1m ph\u00e1 \u1ea9m th\u1ef1c. Gi\u00e1 m\u1ed7i b\u1eefa \u0103n t\u1eeb 35 \u0111\u1ebfn 85 Euro. Gi\u1edd m\u1edf c\u1eeda ph\u1ee5c v\u1ee5 kh\u00e1ch \u0103n tr\u01b0a t\u1eeb 13h30.\" src=\"https:\/\/cdn3.ivivu.com\/2019\/07\/48-gio-o-thanh-co-salamanca-cua-nu-du-khach-viet-ivivu-9.jpg\" alt=\"\u0110\u1ecba \u0111i\u1ec3m cu\u1ed1i c\u00f9ng m\u00e0 ch\u1ecb Ng\u1ecdc Anh gh\u00e9 th\u0103m l\u00e0 c\u00e2y c\u1ea7u n\u1ed5i ti\u1ebfng Roman bridge (t\u00ean g\u1ecdi kh\u00e1c l\u00e0 Puente romano de Salamanca). C\u1ea7u b\u1eafc qua s\u00f4ng Tormes l\u00e0 m\u1ed9t bi\u1ec3u t\u01b0\u1ee3ng c\u1ee7a th\u00e0nh ph\u1ed1. Ng\u00e0y nay, du kh\u00e1ch c\u00f3 th\u1ec3 \u0111i b\u1ed9 ho\u1eb7c \u0111\u1ea1p xe qua c\u1ea7u.  Ngo\u00e0i c\u00e1c \u0111i\u1ec3m tham quan n\u1ed5i ti\u1ebfng c\u1ee7a th\u00e0nh ph\u1ed1, b\u1ea1n kh\u00f4ng n\u00ean b\u1ecf l\u1ee1 vi\u1ec7c lang thang tr\u00ean nh\u1eefng con \u0111\u01b0\u1eddng nh\u1ecf, l\u00e1t \u0111\u00e1 \u1edf khu v\u1ef1c Old Town. Nh\u1eefng g\u00f3c ph\u1ed1 nh\u1ecf xinh, y\u00ean b\u00ecnh n\u00e0y l\u00e0 \u0111\u1ecba \u0111i\u1ec3m l\u00fd t\u01b0\u1edfng cho c\u00e1c du kh\u00e1ch th\u00edch ch\u1ee5p \u1ea3nh.  Th\u1eddi gian \u1edf Salamanca, du kh\u00e1ch H\u00e0 N\u1ed9i c\u0169ng gh\u00e9 nh\u00e0 h\u00e0ng sao Michellin Don Mauro \u0111\u1ec3 kh\u00e1m ph\u00e1 \u1ea9m th\u1ef1c. Gi\u00e1 m\u1ed7i b\u1eefa \u0103n t\u1eeb 35 \u0111\u1ebfn 85 Euro. Gi\u1edd m\u1edf c\u1eeda ph\u1ee5c v\u1ee5 kh\u00e1ch \u0103n tr\u01b0a t\u1eeb 13h30.\" width=\"680\" height=\"382\" srcset=\"https:\/\/cdn3.ivivu.com\/2019\/07\/48-gio-o-thanh-co-salamanca-cua-nu-du-khach-viet-ivivu-9.jpg 680w, https:\/\/cdn3.ivivu.com\/2019\/07\/48-gio-o-thanh-co-salamanca-cua-nu-du-khach-viet-ivivu-9-540x303.jpg 540w, https:\/\/cdn3.ivivu.com\/2019\/07\/48-gio-o-thanh-co-salamanca-cua-nu-du-khach-viet-ivivu-9-225x127.jpg 225w, https:\/\/cdn3.ivivu.com\/2019\/07\/48-gio-o-thanh-co-salamanca-cua-nu-du-khach-viet-ivivu-9-370x208.jpg 370w, https:\/\/cdn3.ivivu.com\/2019\/07\/48-gio-o-thanh-co-salamanca-cua-nu-du-khach-viet-ivivu-9-50x28.jpg 50w, https:\/\/cdn3.ivivu.com\/2019\/07\/48-gio-o-thanh-co-salamanca-cua-nu-du-khach-viet-ivivu-9-107x60.jpg 107w, https:\/\/cdn3.ivivu.com\/2019\/07\/48-gio-o-thanh-co-salamanca-cua-nu-du-khach-viet-ivivu-9-195x110.jpg 195w, https:\/\/cdn3.ivivu.com\/2019\/07\/48-gio-o-thanh-co-salamanca-cua-nu-du-khach-viet-ivivu-9-220x125.jpg 220w, https:\/\/cdn3.ivivu.com\/2019\/07\/48-gio-o-thanh-co-salamanca-cua-nu-du-khach-viet-ivivu-9-400x225.jpg 400w, https:\/\/cdn3.ivivu.com\/2019\/07\/48-gio-o-thanh-co-salamanca-cua-nu-du-khach-viet-ivivu-9-140x80.jpg 140w\" sizes=\"(max-width: 680px) 100vw, 680px\" \/><p id=\"caption-attachment-302755\" class=\"wp-caption-text\">\u0110\u1ecba \u0111i\u1ec3m cu\u1ed1i c\u00f9ng m\u00e0 ch\u1ecb Ng\u1ecdc Anh gh\u00e9 th\u0103m trong chuy\u1ebfn du l\u1ecbch Salamanca l\u00e0 c\u00e2y c\u1ea7u n\u1ed5i ti\u1ebfng Roman bridge (t\u00ean g\u1ecdi kh\u00e1c l\u00e0 Puente romano de Salamanca). C\u1ea7u b\u1eafc qua s\u00f4ng Tormes l\u00e0 m\u1ed9t bi\u1ec3u t\u01b0\u1ee3ng c\u1ee7a th\u00e0nh ph\u1ed1. Ng\u00e0y nay, du kh\u00e1ch c\u00f3 th\u1ec3 \u0111i b\u1ed9 ho\u1eb7c \u0111\u1ea1p xe qua c\u1ea7u. Ngo\u00e0i c\u00e1c \u0111i\u1ec3m tham quan n\u1ed5i ti\u1ebfng c\u1ee7a th\u00e0nh ph\u1ed1, b\u1ea1n kh\u00f4ng n\u00ean b\u1ecf l\u1ee1 vi\u1ec7c lang thang tr\u00ean nh\u1eefng con \u0111\u01b0\u1eddng nh\u1ecf, l\u00e1t \u0111\u00e1 \u1edf khu v\u1ef1c Old Town. Nh\u1eefng g\u00f3c ph\u1ed1 nh\u1ecf xinh, y\u00ean b\u00ecnh n\u00e0y l\u00e0 \u0111\u1ecba \u0111i\u1ec3m l\u00fd t\u01b0\u1edfng cho c\u00e1c du kh\u00e1ch th\u00edch ch\u1ee5p \u1ea3nh. Th\u1eddi gian \u1edf Salamanca, du kh\u00e1ch H\u00e0 N\u1ed9i c\u0169ng gh\u00e9 nh\u00e0 h\u00e0ng sao Michellin Don Mauro \u0111\u1ec3 kh\u00e1m ph\u00e1 \u1ea9m th\u1ef1c. Gi\u00e1 m\u1ed7i b\u1eefa \u0103n t\u1eeb 35 \u0111\u1ebfn 85 Euro. Gi\u1edd m\u1edf c\u1eeda ph\u1ee5c v\u1ee5 kh\u00e1ch \u0103n tr\u01b0a t\u1eeb 13h30.<\/p><\/div>\n<div id=\"attachment_302756\" style=\"width: 690px\" class=\"wp-caption aligncenter\"><img loading=\"lazy\" decoding=\"async\" aria-describedby=\"caption-attachment-302756\" class=\"wp-image-302756 size-full\" title=\" Theo ch\u1ecb Ng\u1ecdc Anh, ch\u1ecdn thu\u00ea kh\u00e1ch s\u1ea1n n\u1eb1m t\u1ea1i trung t\u00e2m s\u1ebd gi\u00fap r\u00fat ng\u1eafn th\u1eddi gian \u0111i l\u1ea1i \u0111\u1ec3 tham quan nhi\u1ec1u h\u01a1n. Kh\u00e1ch s\u1ea1n Euro Stars las Claras l\u00e0 m\u1ed9t g\u1ee3i \u00fd, c\u00e1ch trung t\u00e2m 500 m. Gi\u00e1 ph\u00f2ng kho\u1ea3ng 62 Euro m\u1ed9t \u0111\u00eam.  M\u1ed9t trong nh\u1eefng h\u00e3ng h\u00e0ng kh\u00f4ng bay t\u1eeb Vi\u1ec7t Nam t\u1edbi T\u00e2y Ban Nha l\u00e0 Qatar Airways. Gi\u00e1 v\u00e9 h\u1ea1ng th\u01b0\u01a1ng gia kh\u1ee9 h\u1ed3i l\u00e0 g\u1ea7n 4.000 USD, v\u00e9 ph\u1ed5 th\u00f4ng l\u00e0 1.000 USD. H\u00e0nh tr\u00ecnh bay k\u00e9o d\u00e0i 14 ti\u1ebfng, qu\u00e1 c\u1ea3nh \u1edf Doha, Qatar kho\u1ea3ng 2-3 ti\u1ebfng.\" src=\"https:\/\/cdn3.ivivu.com\/2019\/07\/48-gio-o-thanh-co-salamanca-cua-nu-du-khach-viet-ivivu-10.jpg\" alt=\" Theo ch\u1ecb Ng\u1ecdc Anh, ch\u1ecdn thu\u00ea kh\u00e1ch s\u1ea1n n\u1eb1m t\u1ea1i trung t\u00e2m s\u1ebd gi\u00fap r\u00fat ng\u1eafn th\u1eddi gian \u0111i l\u1ea1i \u0111\u1ec3 tham quan nhi\u1ec1u h\u01a1n. Kh\u00e1ch s\u1ea1n Euro Stars las Claras l\u00e0 m\u1ed9t g\u1ee3i \u00fd, c\u00e1ch trung t\u00e2m 500 m. Gi\u00e1 ph\u00f2ng kho\u1ea3ng 62 Euro m\u1ed9t \u0111\u00eam.  M\u1ed9t trong nh\u1eefng h\u00e3ng h\u00e0ng kh\u00f4ng bay t\u1eeb Vi\u1ec7t Nam t\u1edbi T\u00e2y Ban Nha l\u00e0 Qatar Airways. Gi\u00e1 v\u00e9 h\u1ea1ng th\u01b0\u01a1ng gia kh\u1ee9 h\u1ed3i l\u00e0 g\u1ea7n 4.000 USD, v\u00e9 ph\u1ed5 th\u00f4ng l\u00e0 1.000 USD. H\u00e0nh tr\u00ecnh bay k\u00e9o d\u00e0i 14 ti\u1ebfng, qu\u00e1 c\u1ea3nh \u1edf Doha, Qatar kho\u1ea3ng 2-3 ti\u1ebfng.\" width=\"680\" height=\"381\" srcset=\"https:\/\/cdn3.ivivu.com\/2019\/07\/48-gio-o-thanh-co-salamanca-cua-nu-du-khach-viet-ivivu-10.jpg 680w, https:\/\/cdn3.ivivu.com\/2019\/07\/48-gio-o-thanh-co-salamanca-cua-nu-du-khach-viet-ivivu-10-540x303.jpg 540w, https:\/\/cdn3.ivivu.com\/2019\/07\/48-gio-o-thanh-co-salamanca-cua-nu-du-khach-viet-ivivu-10-225x127.jpg 225w, https:\/\/cdn3.ivivu.com\/2019\/07\/48-gio-o-thanh-co-salamanca-cua-nu-du-khach-viet-ivivu-10-370x208.jpg 370w, https:\/\/cdn3.ivivu.com\/2019\/07\/48-gio-o-thanh-co-salamanca-cua-nu-du-khach-viet-ivivu-10-50x28.jpg 50w, https:\/\/cdn3.ivivu.com\/2019\/07\/48-gio-o-thanh-co-salamanca-cua-nu-du-khach-viet-ivivu-10-107x60.jpg 107w, https:\/\/cdn3.ivivu.com\/2019\/07\/48-gio-o-thanh-co-salamanca-cua-nu-du-khach-viet-ivivu-10-195x110.jpg 195w, https:\/\/cdn3.ivivu.com\/2019\/07\/48-gio-o-thanh-co-salamanca-cua-nu-du-khach-viet-ivivu-10-400x225.jpg 400w\" sizes=\"(max-width: 680px) 100vw, 680px\" \/><p id=\"caption-attachment-302756\" class=\"wp-caption-text\">Theo ch\u1ecb Ng\u1ecdc Anh, ch\u1ecdn thu\u00ea kh\u00e1ch s\u1ea1n n\u1eb1m t\u1ea1i trung t\u00e2m s\u1ebd gi\u00fap r\u00fat ng\u1eafn th\u1eddi gian \u0111i l\u1ea1i \u0111\u1ec3 tham quan nhi\u1ec1u h\u01a1n. Kh\u00e1ch s\u1ea1n Euro Stars las Claras l\u00e0 m\u1ed9t g\u1ee3i \u00fd, c\u00e1ch trung t\u00e2m 500 m. Gi\u00e1 ph\u00f2ng kho\u1ea3ng 62 Euro m\u1ed9t \u0111\u00eam. M\u1ed9t trong nh\u1eefng h\u00e3ng h\u00e0ng kh\u00f4ng bay t\u1eeb Vi\u1ec7t Nam t\u1edbi T\u00e2y Ban Nha l\u00e0 Qatar Airways. Gi\u00e1 v\u00e9 h\u1ea1ng th\u01b0\u01a1ng gia kh\u1ee9 h\u1ed3i l\u00e0 g\u1ea7n 4.000 USD, v\u00e9 ph\u1ed5 th\u00f4ng l\u00e0 1.000 USD. H\u00e0nh tr\u00ecnh bay k\u00e9o d\u00e0i 14 ti\u1ebfng, qu\u00e1 c\u1ea3nh \u1edf Doha, Qatar kho\u1ea3ng 2-3 ti\u1ebfng.<\/p><\/div>\n<h4 style=\"text-align: center;\"><div class=\"ltt-contentbox white\"><\/span>G\u1eccI NGAY 1900 1870 (Mi\u1ec1n Nam),\u00a01900 2045 (Mi\u1ec1n B\u1eafc) ho\u1eb7c (029) 27308668 (Mi\u1ec1n T\u00e2y) \u0110\u1ec2 \u0110\u01af\u1ee2C T\u01af V\u1ea4N\u00a0<a href=\"https:\/\/www.ivivu.com\/ve-may-bay\/?utm_source=blog_ivivu&amp;utm_medium=post_link&amp;utm_campaign=internal\" target=\"_blank\">COMBO KH\u00c1CH S\u1ea0N + V\u00c9 M\u00c1Y BAY<\/a>\u00a0GI\u00c1 SI\u00caU TI\u1ebeT KI\u1ec6M T\u1eea IVIVU.COM<\/div><\/h4>\n<p style=\"text-align: right;\"><strong>Theo <a href=\"https:\/\/vnexpress.net\/du-lich\/48-gio-o-thanh-co-salamanca-cua-nu-du-khach-viet-3956743.html\" target=\"_blank\" rel=\"nofollow\">Ng\u1ecdc Anh\/ Vnexpress<\/a><\/strong><\/p>\n<div class=\"ltt-contentbox white\"><\/span><\/p>\n<p><strong>Xem th\u00eam b\u00e0i vi\u1ebft:<\/strong><\/p>\n<p><strong><a href=\"https:\/\/www.ivivu.com\/blog\/2019\/02\/cuoc-song-an-toan-binh-yen-o-thanh-pho-khong-dong-co\/\" target=\"_blank\">Cu\u1ed9c s\u1ed1ng an to\u00e0n, b\u00ecnh y\u00ean \u1edf th\u00e0nh ph\u1ed1 kh\u00f4ng \u0111\u1ed9ng c\u01a1<\/a><\/strong><\/p>\n<p><strong><a href=\"https:\/\/www.ivivu.com\/blog\/2018\/10\/thung-rac-oto-xe-may-xep-day-long-duong-o-barcelona\/\" target=\"_blank\">Th\u00f9ng r\u00e1c, \u00f4t\u00f4, xe m\u00e1y x\u1ebfp \u0111\u1ea7y l\u00f2ng \u0111\u01b0\u1eddng \u1edf Barcelona<\/a><\/strong><\/p>\n<p><strong><a href=\"https:\/\/www.ivivu.com\/blog\/2018\/07\/ibiza-thien-duong-an-choi-cua-gioi-quan-dui-ao-so\/\" target=\"_blank\">Ibiza \u2013 thi\u00ean \u0111\u01b0\u1eddng \u0103n ch\u01a1i c\u1ee7a gi\u1edbi \u2018qu\u1ea7n \u0111\u00f9i \u00e1o s\u1ed1\u2019<\/a><\/strong><\/p>\n<p><\/div>\n<h3><div class=\"ltt-contentbox white\"><\/span>Click \u0111\u1eb7t ngay\u00a0<a href=\"https:\/\/www.ivivu.com\/vi\/?utm_source=blog_ivivu&amp;utm_medium=post_link&amp;utm_campaign=internal?utm_source=blog_ivivu&amp;utm_medium=post_link&amp;utm_campaign=internal?utm_source=blog_ivivu&amp;utm_medium=post_link&amp;utm_campaign=internal?utm_source=blog_ivivu&amp;utm_medium=post_link&amp;utm_campaign=internal?utm_source=blog_ivivu&amp;utm_medium=post_link&amp;utm_campaign=internal?utm_source=blog_ivivu&amp;utm_medium=post_link&amp;utm_campaign=internal?utm_source=blog_ivivu&amp;utm_medium=post_link&amp;utm_campaign=internal?utm_source=blog_ivivu&amp;utm_medium=post_link&amp;utm_campaign=internal?utm_source=blog_ivivu&amp;utm_medium=post_link&amp;utm_campaign=internal?utm_source=blog_ivivu&amp;utm_medium=post_link&amp;utm_campaign=internal?utm_source=blog_ivivu&amp;utm_medium=post_link&amp;utm_campaign=internal?utm_source=blog_ivivu&amp;utm_medium=post_link&amp;utm_campaign=internal?utm_source=blog_ivivu&amp;utm_medium=post_link&amp;utm_campaign=internal?utm_source=blog_ivivu&amp;utm_medium=post_link&amp;utm_campaign=internal?utm_source=blog_ivivu&amp;utm_medium=post_link&amp;utm_campaign=internal?utm_source=blog_ivivu&amp;utm_medium=post_link&amp;utm_campaign=internal?utm_source=blog_ivivu&amp;utm_medium=post_link&amp;utm_campaign=internal?utm_source=blog_ivivu&amp;utm_medium=post_link&amp;utm_campaign=internal\" target=\"_blank\">Kh\u00e1ch s\u1ea1n kh\u1eafp Vi\u1ec7t Nam v\u00e0 to\u00e0n th\u1ebf gi\u1edbi<\/a>\u00a0gi\u00e1 t\u1ed1t nh\u1ea5t ch\u1ec9 c\u00f3 t\u1ea1i iVIVU.com<\/div><\/h3>\n<p>***<\/p>\n<p><strong>Tham kh\u1ea3o:\u00a0<a href=\"https:\/\/www.ivivu.com\/blog\" target=\"_blank\">C\u1ea9m nang du l\u1ecbch iVIVU.com<\/a><\/strong><strong>\u00a0<\/strong><\/p>\n","protected":false},"excerpt":{"rendered":"<p>\u0110\u01b0\u1ee3c UNESCO c\u00f4ng nh\u1eadn l\u00e0 di s\u1ea3n th\u1ebf gi\u1edbi n\u0103m 1988, Salamanca (T\u00e2y Ban Nha) h\u1ea5p d\u1eabn n\u1eef du kh\u00e1ch nh\u1edd c\u00e1c ki\u1ebfn tr\u00fac h\u00e0ng tr\u0103m n\u0103m tu\u1ed5i.<\/p>\n","protected":false},"author":38,"featured_media":302747,"comment_status":"closed","ping_status":"open","sticky":false,"template":"","format":"standard","meta":{"_acf_changed":false,"footnotes":""},"categories":[247,231,795,14742],"tags":[319,36464,3660,5721,28741,36463,1926,36222],"acf":[],"yoast_head":"<!-- This site is optimized with the Yoast SEO Premium plugin v22.6 (Yoast SEO v22.6) - https:\/\/yoast.com\/wordpress\/plugins\/seo\/ -->\n<title>48 gi\u1edd du l\u1ecbch Salamanca c\u1ee7a n\u1eef du kh\u00e1ch Vi\u1ec7t - iVIVU.com<\/title>\n<meta name=\"description\" content=\"\u0110\u01b0\u1ee3c UNESCO c\u00f4ng nh\u1eadn l\u00e0 di s\u1ea3n th\u1ebf gi\u1edbi n\u0103m 1988, du l\u1ecbch Salamanca (T\u00e2y Ban Nha) h\u1ea5p d\u1eabn n\u1eef du kh\u00e1ch nh\u1edd c\u00e1c ki\u1ebfn tr\u00fac h\u00e0ng tr\u0103m n\u0103m tu\u1ed5i.\" \/>\n<meta name=\"robots\" content=\"index, follow, max-snippet:-1, max-image-preview:large, max-video-preview:-1\" \/>\n<link rel=\"canonical\" href=\"https:\/\/www.ivivu.com\/blog\/2019\/08\/48-gio-o-thanh-co-salamanca-cua-nu-du-khach-viet\/\" \/>\n<meta name=\"twitter:label1\" content=\"\u0110\u01b0\u1ee3c vi\u1ebft b\u1edfi\" \/>\n\t<meta name=\"twitter:data1\" content=\"Ng\u00e2n Thi\u1ec1u Kim\" \/>\n\t<meta name=\"twitter:label2\" content=\"\u01af\u1edbc t\u00ednh th\u1eddi gian \u0111\u1ecdc\" \/>\n\t<meta name=\"twitter:data2\" content=\"7 ph\u00fat\" \/>\n<script type=\"application\/ld+json\" class=\"yoast-schema-graph\">{\"@context\":\"https:\/\/schema.org\",\"@graph\":[{\"@type\":\"Article\",\"@id\":\"https:\/\/www.ivivu.com\/blog\/2019\/08\/48-gio-o-thanh-co-salamanca-cua-nu-du-khach-viet\/#article\",\"isPartOf\":{\"@id\":\"https:\/\/www.ivivu.com\/blog\/2019\/08\/48-gio-o-thanh-co-salamanca-cua-nu-du-khach-viet\/\"},\"author\":{\"name\":\"Ng\u00e2n Thi\u1ec1u Kim\",\"@id\":\"https:\/\/www.ivivu.com\/blog\/#\/schema\/person\/f6e706f46fad4e85f2e1c3ec41136369\"},\"headline\":\"48 gi\u1edd \u1edf th\u00e0nh c\u1ed5 Salamanca c\u1ee7a n\u1eef du kh\u00e1ch Vi\u1ec7t\",\"datePublished\":\"2019-08-16T23:17:44+00:00\",\"dateModified\":\"2019-08-16T09:19:00+00:00\",\"mainEntityOfPage\":{\"@id\":\"https:\/\/www.ivivu.com\/blog\/2019\/08\/48-gio-o-thanh-co-salamanca-cua-nu-du-khach-viet\/\"},\"wordCount\":1439,\"publisher\":{\"@id\":\"https:\/\/www.ivivu.com\/blog\/#organization\"},\"image\":{\"@id\":\"https:\/\/www.ivivu.com\/blog\/2019\/08\/48-gio-o-thanh-co-salamanca-cua-nu-du-khach-viet\/#primaryimage\"},\"thumbnailUrl\":\"https:\/\/cdn3.ivivu.com\/2019\/07\/48-gio-o-thanh-co-salamanca-cua-nu-du-khach-viet-ivivu-1.jpg\",\"keywords\":[\"Du l\u1ecbch ch\u00e2u \u00e2u\",\"du l\u1ecbch Salamanca\",\"du l\u1ecbch T\u00e2y Ban Nha\",\"kinh nghi\u1ec7m du l\u1ecbch ch\u00e2u \u00e2u\",\"kinh nghi\u1ec7m du l\u1ecbch T\u00e2y Ban Nha\",\"Salamanca T\u00e2y Ban Nha\",\"T\u00e2y Ban Nha\",\"th\u00e0nh c\u1ed5 Salamanca\"],\"articleSection\":[\"Ch\u00e2u \u00c2u\",\"DU L\u1ecaCH TH\u1ebe GI\u1edaI\",\"\u0110i\u1ec3m \u0111\u1ebfn\",\"N\u1ed5i B\u1eadt 2\"],\"inLanguage\":\"vi\"},{\"@type\":\"WebPage\",\"@id\":\"https:\/\/www.ivivu.com\/blog\/2019\/08\/48-gio-o-thanh-co-salamanca-cua-nu-du-khach-viet\/\",\"url\":\"https:\/\/www.ivivu.com\/blog\/2019\/08\/48-gio-o-thanh-co-salamanca-cua-nu-du-khach-viet\/\",\"name\":\"48 gi\u1edd du l\u1ecbch Salamanca c\u1ee7a n\u1eef du kh\u00e1ch Vi\u1ec7t - iVIVU.com\",\"isPartOf\":{\"@id\":\"https:\/\/www.ivivu.com\/blog\/#website\"},\"primaryImageOfPage\":{\"@id\":\"https:\/\/www.ivivu.com\/blog\/2019\/08\/48-gio-o-thanh-co-salamanca-cua-nu-du-khach-viet\/#primaryimage\"},\"image\":{\"@id\":\"https:\/\/www.ivivu.com\/blog\/2019\/08\/48-gio-o-thanh-co-salamanca-cua-nu-du-khach-viet\/#primaryimage\"},\"thumbnailUrl\":\"https:\/\/cdn3.ivivu.com\/2019\/07\/48-gio-o-thanh-co-salamanca-cua-nu-du-khach-viet-ivivu-1.jpg\",\"datePublished\":\"2019-08-16T23:17:44+00:00\",\"dateModified\":\"2019-08-16T09:19:00+00:00\",\"description\":\"\u0110\u01b0\u1ee3c UNESCO c\u00f4ng nh\u1eadn l\u00e0 di s\u1ea3n th\u1ebf gi\u1edbi n\u0103m 1988, du l\u1ecbch Salamanca (T\u00e2y Ban Nha) h\u1ea5p d\u1eabn n\u1eef du kh\u00e1ch nh\u1edd c\u00e1c ki\u1ebfn tr\u00fac h\u00e0ng tr\u0103m n\u0103m tu\u1ed5i.\",\"breadcrumb\":{\"@id\":\"https:\/\/www.ivivu.com\/blog\/2019\/08\/48-gio-o-thanh-co-salamanca-cua-nu-du-khach-viet\/#breadcrumb\"},\"inLanguage\":\"vi\",\"potentialAction\":[{\"@type\":\"ReadAction\",\"target\":[\"https:\/\/www.ivivu.com\/blog\/2019\/08\/48-gio-o-thanh-co-salamanca-cua-nu-du-khach-viet\/\"]}]},{\"@type\":\"ImageObject\",\"inLanguage\":\"vi\",\"@id\":\"https:\/\/www.ivivu.com\/blog\/2019\/08\/48-gio-o-thanh-co-salamanca-cua-nu-du-khach-viet\/#primaryimage\",\"url\":\"https:\/\/cdn3.ivivu.com\/2019\/07\/48-gio-o-thanh-co-salamanca-cua-nu-du-khach-viet-ivivu-1.jpg\",\"contentUrl\":\"https:\/\/cdn3.ivivu.com\/2019\/07\/48-gio-o-thanh-co-salamanca-cua-nu-du-khach-viet-ivivu-1.jpg\",\"width\":680,\"height\":440},{\"@type\":\"BreadcrumbList\",\"@id\":\"https:\/\/www.ivivu.com\/blog\/2019\/08\/48-gio-o-thanh-co-salamanca-cua-nu-du-khach-viet\/#breadcrumb\",\"itemListElement\":[{\"@type\":\"ListItem\",\"position\":1,\"name\":\"Home\",\"item\":\"https:\/\/www.ivivu.com\/blog\/\"},{\"@type\":\"ListItem\",\"position\":2,\"name\":\"48 gi\u1edd \u1edf th\u00e0nh c\u1ed5 Salamanca c\u1ee7a n\u1eef du kh\u00e1ch Vi\u1ec7t\"}]},{\"@type\":\"WebSite\",\"@id\":\"https:\/\/www.ivivu.com\/blog\/#website\",\"url\":\"https:\/\/www.ivivu.com\/blog\/\",\"name\":\"C\u1ea9m nang du l\u1ecbch\",\"description\":\"\",\"publisher\":{\"@id\":\"https:\/\/www.ivivu.com\/blog\/#organization\"},\"potentialAction\":[{\"@type\":\"SearchAction\",\"target\":{\"@type\":\"EntryPoint\",\"urlTemplate\":\"https:\/\/www.ivivu.com\/blog\/?s={search_term_string}\"},\"query-input\":\"required name=search_term_string\"}],\"inLanguage\":\"vi\"},{\"@type\":\"Organization\",\"@id\":\"https:\/\/www.ivivu.com\/blog\/#organization\",\"name\":\"iVIVU.com\",\"url\":\"https:\/\/www.ivivu.com\/blog\/\",\"logo\":{\"@type\":\"ImageObject\",\"inLanguage\":\"vi\",\"@id\":\"https:\/\/www.ivivu.com\/blog\/#\/schema\/logo\/image\/\",\"url\":\"https:\/\/cdn3.ivivu.com\/2024\/01\/ivivu_no_slogan.png\",\"contentUrl\":\"https:\/\/cdn3.ivivu.com\/2024\/01\/ivivu_no_slogan.png\",\"width\":788,\"height\":565,\"caption\":\"iVIVU.com\"},\"image\":{\"@id\":\"https:\/\/www.ivivu.com\/blog\/#\/schema\/logo\/image\/\"},\"sameAs\":[\"https:\/\/www.facebook.com\/iVIVU\"]},{\"@type\":\"Person\",\"@id\":\"https:\/\/www.ivivu.com\/blog\/#\/schema\/person\/f6e706f46fad4e85f2e1c3ec41136369\",\"name\":\"Ng\u00e2n Thi\u1ec1u Kim\",\"sameAs\":[\"https:\/\/www.ivivu.com\/blog\/\"],\"url\":\"https:\/\/www.ivivu.com\/blog\/author\/ngan-thieu\/\"}]}<\/script>\n<!-- \/ Yoast SEO Premium plugin. -->","yoast_head_json":{"title":"48 gi\u1edd du l\u1ecbch Salamanca c\u1ee7a n\u1eef du kh\u00e1ch Vi\u1ec7t - iVIVU.com","description":"\u0110\u01b0\u1ee3c UNESCO c\u00f4ng nh\u1eadn l\u00e0 di s\u1ea3n th\u1ebf gi\u1edbi n\u0103m 1988, du l\u1ecbch Salamanca (T\u00e2y Ban Nha) h\u1ea5p d\u1eabn n\u1eef du kh\u00e1ch nh\u1edd c\u00e1c ki\u1ebfn tr\u00fac h\u00e0ng tr\u0103m n\u0103m tu\u1ed5i.","robots":{"index":"index","follow":"follow","max-snippet":"max-snippet:-1","max-image-preview":"max-image-preview:large","max-video-preview":"max-video-preview:-1"},"canonical":"https:\/\/www.ivivu.com\/blog\/2019\/08\/48-gio-o-thanh-co-salamanca-cua-nu-du-khach-viet\/","twitter_misc":{"\u0110\u01b0\u1ee3c vi\u1ebft b\u1edfi":"Ng\u00e2n Thi\u1ec1u Kim","\u01af\u1edbc t\u00ednh th\u1eddi gian \u0111\u1ecdc":"7 ph\u00fat"},"schema":{"@context":"https:\/\/schema.org","@graph":[{"@type":"Article","@id":"https:\/\/www.ivivu.com\/blog\/2019\/08\/48-gio-o-thanh-co-salamanca-cua-nu-du-khach-viet\/#article","isPartOf":{"@id":"https:\/\/www.ivivu.com\/blog\/2019\/08\/48-gio-o-thanh-co-salamanca-cua-nu-du-khach-viet\/"},"author":{"name":"Ng\u00e2n Thi\u1ec1u Kim","@id":"https:\/\/www.ivivu.com\/blog\/#\/schema\/person\/f6e706f46fad4e85f2e1c3ec41136369"},"headline":"48 gi\u1edd \u1edf th\u00e0nh c\u1ed5 Salamanca c\u1ee7a n\u1eef du kh\u00e1ch Vi\u1ec7t","datePublished":"2019-08-16T23:17:44+00:00","dateModified":"2019-08-16T09:19:00+00:00","mainEntityOfPage":{"@id":"https:\/\/www.ivivu.com\/blog\/2019\/08\/48-gio-o-thanh-co-salamanca-cua-nu-du-khach-viet\/"},"wordCount":1439,"publisher":{"@id":"https:\/\/www.ivivu.com\/blog\/#organization"},"image":{"@id":"https:\/\/www.ivivu.com\/blog\/2019\/08\/48-gio-o-thanh-co-salamanca-cua-nu-du-khach-viet\/#primaryimage"},"thumbnailUrl":"https:\/\/cdn3.ivivu.com\/2019\/07\/48-gio-o-thanh-co-salamanca-cua-nu-du-khach-viet-ivivu-1.jpg","keywords":["Du l\u1ecbch ch\u00e2u \u00e2u","du l\u1ecbch Salamanca","du l\u1ecbch T\u00e2y Ban Nha","kinh nghi\u1ec7m du l\u1ecbch ch\u00e2u \u00e2u","kinh nghi\u1ec7m du l\u1ecbch T\u00e2y Ban Nha","Salamanca T\u00e2y Ban Nha","T\u00e2y Ban Nha","th\u00e0nh c\u1ed5 Salamanca"],"articleSection":["Ch\u00e2u \u00c2u","DU L\u1ecaCH TH\u1ebe GI\u1edaI","\u0110i\u1ec3m \u0111\u1ebfn","N\u1ed5i B\u1eadt 2"],"inLanguage":"vi"},{"@type":"WebPage","@id":"https:\/\/www.ivivu.com\/blog\/2019\/08\/48-gio-o-thanh-co-salamanca-cua-nu-du-khach-viet\/","url":"https:\/\/www.ivivu.com\/blog\/2019\/08\/48-gio-o-thanh-co-salamanca-cua-nu-du-khach-viet\/","name":"48 gi\u1edd du l\u1ecbch Salamanca c\u1ee7a n\u1eef du kh\u00e1ch Vi\u1ec7t - iVIVU.com","isPartOf":{"@id":"https:\/\/www.ivivu.com\/blog\/#website"},"primaryImageOfPage":{"@id":"https:\/\/www.ivivu.com\/blog\/2019\/08\/48-gio-o-thanh-co-salamanca-cua-nu-du-khach-viet\/#primaryimage"},"image":{"@id":"https:\/\/www.ivivu.com\/blog\/2019\/08\/48-gio-o-thanh-co-salamanca-cua-nu-du-khach-viet\/#primaryimage"},"thumbnailUrl":"https:\/\/cdn3.ivivu.com\/2019\/07\/48-gio-o-thanh-co-salamanca-cua-nu-du-khach-viet-ivivu-1.jpg","datePublished":"2019-08-16T23:17:44+00:00","dateModified":"2019-08-16T09:19:00+00:00","description":"\u0110\u01b0\u1ee3c UNESCO c\u00f4ng nh\u1eadn l\u00e0 di s\u1ea3n th\u1ebf gi\u1edbi n\u0103m 1988, du l\u1ecbch Salamanca (T\u00e2y Ban Nha) h\u1ea5p d\u1eabn n\u1eef du kh\u00e1ch nh\u1edd c\u00e1c ki\u1ebfn tr\u00fac h\u00e0ng tr\u0103m n\u0103m tu\u1ed5i.","breadcrumb":{"@id":"https:\/\/www.ivivu.com\/blog\/2019\/08\/48-gio-o-thanh-co-salamanca-cua-nu-du-khach-viet\/#breadcrumb"},"inLanguage":"vi","potentialAction":[{"@type":"ReadAction","target":["https:\/\/www.ivivu.com\/blog\/2019\/08\/48-gio-o-thanh-co-salamanca-cua-nu-du-khach-viet\/"]}]},{"@type":"ImageObject","inLanguage":"vi","@id":"https:\/\/www.ivivu.com\/blog\/2019\/08\/48-gio-o-thanh-co-salamanca-cua-nu-du-khach-viet\/#primaryimage","url":"https:\/\/cdn3.ivivu.com\/2019\/07\/48-gio-o-thanh-co-salamanca-cua-nu-du-khach-viet-ivivu-1.jpg","contentUrl":"https:\/\/cdn3.ivivu.com\/2019\/07\/48-gio-o-thanh-co-salamanca-cua-nu-du-khach-viet-ivivu-1.jpg","width":680,"height":440},{"@type":"BreadcrumbList","@id":"https:\/\/www.ivivu.com\/blog\/2019\/08\/48-gio-o-thanh-co-salamanca-cua-nu-du-khach-viet\/#breadcrumb","itemListElement":[{"@type":"ListItem","position":1,"name":"Home","item":"https:\/\/www.ivivu.com\/blog\/"},{"@type":"ListItem","position":2,"name":"48 gi\u1edd \u1edf th\u00e0nh c\u1ed5 Salamanca c\u1ee7a n\u1eef du kh\u00e1ch Vi\u1ec7t"}]},{"@type":"WebSite","@id":"https:\/\/www.ivivu.com\/blog\/#website","url":"https:\/\/www.ivivu.com\/blog\/","name":"C\u1ea9m nang du l\u1ecbch","description":"","publisher":{"@id":"https:\/\/www.ivivu.com\/blog\/#organization"},"potentialAction":[{"@type":"SearchAction","target":{"@type":"EntryPoint","urlTemplate":"https:\/\/www.ivivu.com\/blog\/?s={search_term_string}"},"query-input":"required name=search_term_string"}],"inLanguage":"vi"},{"@type":"Organization","@id":"https:\/\/www.ivivu.com\/blog\/#organization","name":"iVIVU.com","url":"https:\/\/www.ivivu.com\/blog\/","logo":{"@type":"ImageObject","inLanguage":"vi","@id":"https:\/\/www.ivivu.com\/blog\/#\/schema\/logo\/image\/","url":"https:\/\/cdn3.ivivu.com\/2024\/01\/ivivu_no_slogan.png","contentUrl":"https:\/\/cdn3.ivivu.com\/2024\/01\/ivivu_no_slogan.png","width":788,"height":565,"caption":"iVIVU.com"},"image":{"@id":"https:\/\/www.ivivu.com\/blog\/#\/schema\/logo\/image\/"},"sameAs":["https:\/\/www.facebook.com\/iVIVU"]},{"@type":"Person","@id":"https:\/\/www.ivivu.com\/blog\/#\/schema\/person\/f6e706f46fad4e85f2e1c3ec41136369","name":"Ng\u00e2n Thi\u1ec1u Kim","sameAs":["https:\/\/www.ivivu.com\/blog\/"],"url":"https:\/\/www.ivivu.com\/blog\/author\/ngan-thieu\/"}]}},"_links":{"self":[{"href":"https:\/\/www.ivivu.com\/blog\/wp-json\/wp\/v2\/posts\/302746"}],"collection":[{"href":"https:\/\/www.ivivu.com\/blog\/wp-json\/wp\/v2\/posts"}],"about":[{"href":"https:\/\/www.ivivu.com\/blog\/wp-json\/wp\/v2\/types\/post"}],"author":[{"embeddable":true,"href":"https:\/\/www.ivivu.com\/blog\/wp-json\/wp\/v2\/users\/38"}],"replies":[{"embeddable":true,"href":"https:\/\/www.ivivu.com\/blog\/wp-json\/wp\/v2\/comments?post=302746"}],"version-history":[{"count":4,"href":"https:\/\/www.ivivu.com\/blog\/wp-json\/wp\/v2\/posts\/302746\/revisions"}],"predecessor-version":[{"id":305213,"href":"https:\/\/www.ivivu.com\/blog\/wp-json\/wp\/v2\/posts\/302746\/revisions\/305213"}],"wp:featuredmedia":[{"embeddable":true,"href":"https:\/\/www.ivivu.com\/blog\/wp-json\/wp\/v2\/media\/302747"}],"wp:attachment":[{"href":"https:\/\/www.ivivu.com\/blog\/wp-json\/wp\/v2\/media?parent=302746"}],"wp:term":[{"taxonomy":"category","embeddable":true,"href":"https:\/\/www.ivivu.com\/blog\/wp-json\/wp\/v2\/categories?post=302746"},{"taxonomy":"post_tag","embeddable":true,"href":"https:\/\/www.ivivu.com\/blog\/wp-json\/wp\/v2\/tags?post=302746"}],"curies":[{"name":"wp","href":"https:\/\/api.w.org\/{rel}","templated":true}]}}