{"id":311777,"date":"2019-10-18T16:02:05","date_gmt":"2019-10-18T09:02:05","guid":{"rendered":"https:\/\/www.ivivu.com\/blog\/?p=311777"},"modified":"2019-10-18T16:02:52","modified_gmt":"2019-10-18T09:02:52","slug":"huong-dan-di-chuyen-den-dam-sen-tam-da-o-tp-ho-chi-minh","status":"publish","type":"post","link":"https:\/\/www.ivivu.com\/blog\/2019\/10\/huong-dan-di-chuyen-den-dam-sen-tam-da-o-tp-ho-chi-minh\/","title":{"rendered":"H\u01b0\u1edbng d\u1eabn di chuy\u1ec3n \u0111\u1ebfn \u0111\u1ea7m sen Tam \u0110a \u1edf TP H\u1ed3 Ch\u00ed Minh"},"content":{"rendered":"<p style=\"text-align: justify;\"><em><strong>T\u1eeb gi\u1edd, b\u1ea1n ch\u1eb3ng c\u1ea7n ph\u1ea3i l\u1eb7n l\u1ed9i \u0111\u1ebfn \u0110\u1ed3ng Th\u00e1p M\u01b0\u1eddi \u0111\u1ec3 ng\u1eafm hoa sen \u0111\u00e2u, ngay <a href=\"https:\/\/www.ivivu.com\/blog\/category\/viet-nam\/tp-hcm\/\" target=\"_blank\">S\u00e0i G\u00f2n<\/a> \u0111\u00e3 c\u00f3 \u0111\u1ea7m sen Tam \u0110a cho b\u1ea1n tha h\u1ed3 ch\u1ee5p cho\u1eb9t, s\u1ed1ng \u1ea3o r\u1ed3i.<!--more--><\/strong><\/em><\/p>\n<p style=\"text-align: justify;\"><div class=\"ltt-contentbox white\"><\/span><strong>Xem th\u00eam:\u00a0<a href=\"https:\/\/www.ivivu.com\/blog\/category\/viet-nam\/tp-hcm\/\" target=\"_blank\">Du l\u1ecbch S\u00e0i G\u00f2n<\/a><\/strong><\/div><\/p>\n<h2 style=\"text-align: justify;\">H\u01b0\u1edbng d\u1eabn di chuy\u1ec3n \u0111\u1ebfn \u0111\u1ea7m sen Tam \u0110a \u1edf TP H\u1ed3 Ch\u00ed Minh<\/h2>\n<p style=\"text-align: justify;\"><strong>\u0110\u1ea7m sen Tam \u0110a<\/strong> c\u00e1ch trung t\u00e2m S\u00e0i G\u00f2n kho\u1ea3ng h\u01a1n 20 km v\u1ec1 h\u01b0\u1edbng \u0111\u00f4ng, n\u01a1i \u0111\u00e2y l\u00e0 m\u1ed9t kho\u1ea3ng kh\u00f4ng gian xanh m\u00e1t k\u1ebft h\u1ee3p v\u1edbi h\u00ecnh \u1ea3nh hoa sen n\u1edf r\u1ef1c r\u1ee1 gi\u1eefa \u0111\u1ea7m, \u0111\u01b0\u1ee3c xem l\u00e0 \u0111i\u1ec3m \u0111\u1ebfn ho\u00e0n h\u1ea3o cho nh\u1eefng ng\u00e0y ngh\u1ec9 cu\u1ed1i tu\u1ea7n.<\/p>\n<div id=\"attachment_311838\" style=\"width: 1090px\" class=\"wp-caption aligncenter\"><a href=\"https:\/\/cdn3.ivivu.com\/2019\/10\/dam-sen-tam-da-o-sai-gon-ivivu.jpg\" target=\"_blank\"><img loading=\"lazy\" decoding=\"async\" aria-describedby=\"caption-attachment-311838\" class=\"wp-image-311838 size-full\" title=\"\u1ea2nh: _uynthie_\" src=\"https:\/\/cdn3.ivivu.com\/2019\/10\/dam-sen-tam-da-o-sai-gon-ivivu.jpg\" alt=\"\u1ea2nh: _uynthie_\" width=\"1080\" height=\"767\" srcset=\"https:\/\/cdn3.ivivu.com\/2019\/10\/dam-sen-tam-da-o-sai-gon-ivivu.jpg 1080w, https:\/\/cdn3.ivivu.com\/2019\/10\/dam-sen-tam-da-o-sai-gon-ivivu-429x305.jpg 429w, https:\/\/cdn3.ivivu.com\/2019\/10\/dam-sen-tam-da-o-sai-gon-ivivu-1024x727.jpg 1024w, https:\/\/cdn3.ivivu.com\/2019\/10\/dam-sen-tam-da-o-sai-gon-ivivu-50x35.jpg 50w\" sizes=\"(max-width: 1080px) 100vw, 1080px\" \/><\/a><p id=\"caption-attachment-311838\" class=\"wp-caption-text\">\u1ea2nh: _uynthie_<\/p><\/div>\n<div id=\"attachment_311839\" style=\"width: 1090px\" class=\"wp-caption aligncenter\"><a href=\"https:\/\/cdn3.ivivu.com\/2019\/10\/dam-sen-tam-da-o-sai-gon-ivivu-1.jpg\" target=\"_blank\"><img loading=\"lazy\" decoding=\"async\" aria-describedby=\"caption-attachment-311839\" class=\"wp-image-311839 size-full\" title=\"\u1ea2nh: isara_pham\" src=\"https:\/\/cdn3.ivivu.com\/2019\/10\/dam-sen-tam-da-o-sai-gon-ivivu-1.jpg\" alt=\"\u1ea2nh: isara_pham\" width=\"1080\" height=\"720\" srcset=\"https:\/\/cdn3.ivivu.com\/2019\/10\/dam-sen-tam-da-o-sai-gon-ivivu-1.jpg 1080w, https:\/\/cdn3.ivivu.com\/2019\/10\/dam-sen-tam-da-o-sai-gon-ivivu-1-458x305.jpg 458w, https:\/\/cdn3.ivivu.com\/2019\/10\/dam-sen-tam-da-o-sai-gon-ivivu-1-1024x683.jpg 1024w\" sizes=\"(max-width: 1080px) 100vw, 1080px\" \/><\/a><p id=\"caption-attachment-311839\" class=\"wp-caption-text\">\u1ea2nh: isara_pham<\/p><\/div>\n<p style=\"text-align: justify;\"><em><strong>\u0110\u1ea7m sen Tam \u0110a<\/strong><\/em> kh\u00f4ng ch\u1ec9 l\u00e0 \u0111\u1ecba \u0111i\u1ec3m check-in l\u00fd t\u01b0\u1edfng m\u00e0 c\u00f2n l\u00e0 n\u01a1i \u0111\u1ec3 b\u1ea1n ho\u00e0 m\u00ecnh v\u00e0o v\u1edbi thi\u00ean nhi\u00ean sau m\u1ed9t tu\u1ea7n l\u00e0m vi\u1ec7c c\u0103ng th\u1eb3ng. \u0110\u1ebfn \u0111\u00e2y, b\u1ea1n s\u1ebd \u0111\u01b0\u1ee3c t\u1eadn h\u01b0\u1edfng kh\u00f4ng kh\u00ed trong l\u00e0nh, m\u00f9i th\u01a1m thoang tho\u1ea3ng c\u1ee7a nh\u1eefng b\u00f4ng sen c\u00f9ng v\u1edbi khung c\u1ea3nh l\u00e3ng m\u1ea1n.<\/p>\n<div id=\"attachment_311840\" style=\"width: 1090px\" class=\"wp-caption aligncenter\"><a href=\"https:\/\/cdn3.ivivu.com\/2019\/10\/dam-sen-tam-da-o-sai-gon-ivivu-2.jpg\" target=\"_blank\"><img loading=\"lazy\" decoding=\"async\" aria-describedby=\"caption-attachment-311840\" class=\"wp-image-311840 size-full\" title=\"\u1ea2nh: hienbui.88\" src=\"https:\/\/cdn3.ivivu.com\/2019\/10\/dam-sen-tam-da-o-sai-gon-ivivu-2.jpg\" alt=\"\u1ea2nh: hienbui.88\" width=\"1080\" height=\"816\" srcset=\"https:\/\/cdn3.ivivu.com\/2019\/10\/dam-sen-tam-da-o-sai-gon-ivivu-2.jpg 1080w, https:\/\/cdn3.ivivu.com\/2019\/10\/dam-sen-tam-da-o-sai-gon-ivivu-2-404x305.jpg 404w, https:\/\/cdn3.ivivu.com\/2019\/10\/dam-sen-tam-da-o-sai-gon-ivivu-2-1024x774.jpg 1024w\" sizes=\"(max-width: 1080px) 100vw, 1080px\" \/><\/a><p id=\"caption-attachment-311840\" class=\"wp-caption-text\">\u1ea2nh: hienbui.88<\/p><\/div>\n<div id=\"attachment_311841\" style=\"width: 949px\" class=\"wp-caption aligncenter\"><a href=\"https:\/\/cdn3.ivivu.com\/2019\/10\/dam-sen-tam-da-o-sai-gon-ivivu-5.jpg\" target=\"_blank\"><img loading=\"lazy\" decoding=\"async\" aria-describedby=\"caption-attachment-311841\" class=\"wp-image-311841 size-full\" title=\"\u1ea2nh: thaotrinh9x\" src=\"https:\/\/cdn3.ivivu.com\/2019\/10\/dam-sen-tam-da-o-sai-gon-ivivu-5.jpg\" alt=\"\u1ea2nh: thaotrinh9x\" width=\"939\" height=\"1174\" srcset=\"https:\/\/cdn3.ivivu.com\/2019\/10\/dam-sen-tam-da-o-sai-gon-ivivu-5.jpg 939w, https:\/\/cdn3.ivivu.com\/2019\/10\/dam-sen-tam-da-o-sai-gon-ivivu-5-244x305.jpg 244w, https:\/\/cdn3.ivivu.com\/2019\/10\/dam-sen-tam-da-o-sai-gon-ivivu-5-819x1024.jpg 819w\" sizes=\"(max-width: 939px) 100vw, 939px\" \/><\/a><p id=\"caption-attachment-311841\" class=\"wp-caption-text\">\u1ea2nh: thaotrinh9x<\/p><\/div>\n<p style=\"text-align: justify;\">Gi\u00e1 v\u00e9 v\u00e0o c\u1ed5ng l\u00e0 25k\/ng\u01b0\u1eddi, b\u1ea1n c\u00f3 th\u1ec3 tho\u1ea3i m\u00e1i vui ch\u01a1i t\u1ea1i \u0111\u00e2y, ch\u1ee5p \u1ea3nh t\u1eb9t ga c\u00f9ng b\u1ea1n b\u00e8 v\u00e0 gia \u0111\u00ecnh \u0111\u1ec3 c\u00f3 nh\u1eefng b\u1ee9c \u1ea3nh th\u1eadt \u0111\u1eb9p nh\u00e9.<\/p>\n<div id=\"attachment_311842\" style=\"width: 1090px\" class=\"wp-caption aligncenter\"><a href=\"https:\/\/cdn3.ivivu.com\/2019\/10\/dam-sen-tam-da-o-sai-gon-ivivu-6.jpg\" target=\"_blank\"><img loading=\"lazy\" decoding=\"async\" aria-describedby=\"caption-attachment-311842\" class=\"wp-image-311842 size-full\" title=\"\u1ea2nh: tuan_cuong1002\" src=\"https:\/\/cdn3.ivivu.com\/2019\/10\/dam-sen-tam-da-o-sai-gon-ivivu-6.jpg\" alt=\"\u1ea2nh: tuan_cuong1002\" width=\"1080\" height=\"1080\" srcset=\"https:\/\/cdn3.ivivu.com\/2019\/10\/dam-sen-tam-da-o-sai-gon-ivivu-6.jpg 1080w, https:\/\/cdn3.ivivu.com\/2019\/10\/dam-sen-tam-da-o-sai-gon-ivivu-6-305x305.jpg 305w, https:\/\/cdn3.ivivu.com\/2019\/10\/dam-sen-tam-da-o-sai-gon-ivivu-6-1024x1024.jpg 1024w, https:\/\/cdn3.ivivu.com\/2019\/10\/dam-sen-tam-da-o-sai-gon-ivivu-6-75x75.jpg 75w\" sizes=\"(max-width: 1080px) 100vw, 1080px\" \/><\/a><p id=\"caption-attachment-311842\" class=\"wp-caption-text\">\u1ea2nh: tuan_cuong1002<\/p><\/div>\n<div id=\"attachment_311843\" style=\"width: 1090px\" class=\"wp-caption aligncenter\"><a href=\"https:\/\/cdn3.ivivu.com\/2019\/10\/dam-sen-tam-da-o-sai-gon-ivivu-7.jpg\" target=\"_blank\"><img loading=\"lazy\" decoding=\"async\" aria-describedby=\"caption-attachment-311843\" class=\"wp-image-311843 size-full\" title=\"\u1ea2nh: tackebong94\" src=\"https:\/\/cdn3.ivivu.com\/2019\/10\/dam-sen-tam-da-o-sai-gon-ivivu-7.jpg\" alt=\"\u1ea2nh: tackebong94\" width=\"1080\" height=\"1080\" srcset=\"https:\/\/cdn3.ivivu.com\/2019\/10\/dam-sen-tam-da-o-sai-gon-ivivu-7.jpg 1080w, https:\/\/cdn3.ivivu.com\/2019\/10\/dam-sen-tam-da-o-sai-gon-ivivu-7-305x305.jpg 305w, https:\/\/cdn3.ivivu.com\/2019\/10\/dam-sen-tam-da-o-sai-gon-ivivu-7-1024x1024.jpg 1024w, https:\/\/cdn3.ivivu.com\/2019\/10\/dam-sen-tam-da-o-sai-gon-ivivu-7-75x75.jpg 75w\" sizes=\"(max-width: 1080px) 100vw, 1080px\" \/><\/a><p id=\"caption-attachment-311843\" class=\"wp-caption-text\">\u1ea2nh: tackebong94<\/p><\/div>\n<p style=\"text-align: justify;\">Th\u1eddi \u0111i\u1ec3m \u0111\u1eb9p nh\u1ea5t \u0111\u1ec3 b\u1ea1n ng\u1eafm v\u00e0 ch\u1ee5p h\u00ecnh v\u1edbi hoa sen l\u00e0 v\u00e0o kho\u1ea3ng 5h \u0111\u1ebfn 9h s\u00e1ng. B\u1edfi v\u00ec \u0111\u00e2y l\u00e0 l\u00fac m\u00e0 \u00e1nh n\u1eafng m\u1eb7t tr\u1eddi m\u1edbi l\u00f3 r\u1ea1ng, ch\u01b0a b\u1ecb g\u1eaft, nh\u1eefng b\u00f4ng sen s\u1ebd n\u1edf d\u1ea7n v\u00e0 c\u00e1nh hoa s\u1ebd tr\u00f4ng lung linh h\u01a1n.<\/p>\n<div id=\"attachment_311844\" style=\"width: 970px\" class=\"wp-caption aligncenter\"><a href=\"https:\/\/cdn3.ivivu.com\/2019\/10\/dam-sen-tam-da-o-sai-gon-ivivu-4.jpg\" target=\"_blank\"><img loading=\"lazy\" decoding=\"async\" aria-describedby=\"caption-attachment-311844\" class=\"wp-image-311844 size-full\" title=\"\u1ea2nh: s\u01b0u t\u1ea7m\" src=\"https:\/\/cdn3.ivivu.com\/2019\/10\/dam-sen-tam-da-o-sai-gon-ivivu-4.jpg\" alt=\"\u1ea2nh: s\u01b0u t\u1ea7m\" width=\"960\" height=\"640\" srcset=\"https:\/\/cdn3.ivivu.com\/2019\/10\/dam-sen-tam-da-o-sai-gon-ivivu-4.jpg 960w, https:\/\/cdn3.ivivu.com\/2019\/10\/dam-sen-tam-da-o-sai-gon-ivivu-4-458x305.jpg 458w\" sizes=\"(max-width: 960px) 100vw, 960px\" \/><\/a><p id=\"caption-attachment-311844\" class=\"wp-caption-text\">\u1ea2nh: s\u01b0u t\u1ea7m<\/p><\/div>\n<div id=\"attachment_311845\" style=\"width: 650px\" class=\"wp-caption aligncenter\"><a href=\"https:\/\/cdn3.ivivu.com\/2019\/10\/dam-sen-tam-da-o-sai-gon-ivivu-3.jpg\" target=\"_blank\"><img loading=\"lazy\" decoding=\"async\" aria-describedby=\"caption-attachment-311845\" class=\"wp-image-311845 size-full\" title=\"\u1ea2nh: s\u01b0u t\u1ea7m\" src=\"https:\/\/cdn3.ivivu.com\/2019\/10\/dam-sen-tam-da-o-sai-gon-ivivu-3.jpg\" alt=\"\u1ea2nh: s\u01b0u t\u1ea7m\" width=\"640\" height=\"424\" srcset=\"https:\/\/cdn3.ivivu.com\/2019\/10\/dam-sen-tam-da-o-sai-gon-ivivu-3.jpg 640w, https:\/\/cdn3.ivivu.com\/2019\/10\/dam-sen-tam-da-o-sai-gon-ivivu-3-460x305.jpg 460w\" sizes=\"(max-width: 640px) 100vw, 640px\" \/><\/a><p id=\"caption-attachment-311845\" class=\"wp-caption-text\">\u1ea2nh: s\u01b0u t\u1ea7m<\/p><\/div>\n<p style=\"text-align: justify;\"><strong>H\u01b0\u1edbng d\u1eabn di chuy\u1ec3n: <\/strong>T\u1eeb trung t\u00e2m S\u00e0i G\u00f2n, b\u1ea1n di chuy\u1ec3n theo \u0111\u01b0\u1eddng Nguy\u1ec5n Duy Trinh, Qu\u1eadn 2, \u0111i th\u1eb3ng \u0111\u1ebfn khi n\u00e0o g\u1eb7p ng\u00e3 3 \u0111\u01b0\u1eddng Tam \u0110a, t\u1edbi Khu du l\u1ecbch BCR \u0111i h\u01a1n 200m n\u1eefa s\u1ebd g\u1eb7p \u0111\u01b0\u1ee3c <em>\u0110\u1ea7m sen Tam \u0110a.<\/em><\/p>\n<p style=\"text-align: justify;\"><div class=\"ltt-contentbox white\"><\/span><\/p>\n<p style=\"text-align: justify;\"><strong>Th\u00f4ng tin chi ti\u1ebft:<\/strong><\/p>\n<p style=\"text-align: justify;\"><strong>\u0110\u1ea7m sen Tam \u0110a<\/strong><\/p>\n<p style=\"text-align: justify;\"><strong>\u0110\u1ecba ch\u1ec9:<\/strong> Tr\u01b0\u1eddng Th\u1ea1nh, Qu\u1eadn 9, H\u1ed3 Ch\u00ed Minh<\/p>\n<p style=\"text-align: justify;\"><strong>Gi\u00e1 v\u00e9 v\u00e0o \u0111\u1ea7m sen:<\/strong> 25k\/ng\u01b0\u1eddi<\/p>\n<p style=\"text-align: justify;\"><\/div><\/p>\n<p style=\"text-align: justify;\"><div class=\"ltt-contentbox white\"><\/span><\/p>\n<h4><strong>IVIVU.COM G\u1ee2I \u00dd M\u1ed8T S\u1ed0 KH\u00c1CH S\u1ea0N S\u00c0I G\u00d2N GI\u00c1 T\u1ed0T<\/strong><\/h4>\n<p><strong>1.\u00a0<a href=\"https:\/\/www.ivivu.com\/khach-san-ho-chi-minh\/vinpearl-luxury-landmark-81?utm_source=blog_ivivu&amp;utm_medium=post_link&amp;utm_campaign=internal\" target=\"_blank\">Vinpearl Luxury Landmark 81 S\u00e0i G\u00f2n\u00a0<\/a><\/strong><\/p>\n<p><strong><a href=\"https:\/\/www.ivivu.com\/khach-san-ho-chi-minh\/khach-san-the-reverie-saigon?utm_source=blog_ivivu&amp;utm_medium=post_link&amp;utm_campaign=internal\" target=\"_blank\">2. Kh\u00e1ch s\u1ea1n The Reverie S\u00e0i G\u00f2n<\/a><\/strong><\/p>\n<p><strong><a href=\"https:\/\/www.ivivu.com\/khach-san-ho-chi-minh\/khach-san-emm-sai-gon?utm_source=blog_ivivu&amp;utm_medium=post_link&amp;utm_campaign=internal\" target=\"_blank\">3. Kh\u00e1ch s\u1ea1n \u00caMM S\u00e0i G\u00f2n<\/a><\/strong><\/p>\n<p><\/div><\/p>\n<div class=\"ltt-contentbox white\"><\/span><\/p>\n<p><strong>IVIVU.COM G\u1ee2I \u00dd M\u1ed8T S\u1ed0 TOUR S\u00c0I G\u00d2N H\u1ea4P D\u1eaaN<\/strong><\/p>\n<p><strong><a href=\"https:\/\/www.ivivu.com\/du-lich\/tour-sai-gon-1n-cu-chi\/109?utm_source=blog_ivivu&amp;utm_medium=post_link&amp;utm_campaign=internal\" target=\"_blank\">1. Tour S\u00e0i G\u00f2n 1N: C\u1ee7 Chi<\/a><\/strong><\/p>\n<p><strong><a href=\"https:\/\/www.ivivu.com\/du-lich\/tour-sai-gon-1n-tham-quan-tp-ho-chi-minh\/134?utm_source=blog_ivivu&amp;utm_medium=post_link&amp;utm_campaign=internal\" target=\"_blank\">2. Tour S\u00e0i G\u00f2n 1N: Tham quan tp H\u1ed3 Ch\u00ed Minh<\/a><\/strong><\/p>\n<p><\/div>\n<p style=\"text-align: right;\"><strong>Theo Monster<\/strong><\/p>\n<div class=\"ltt-contentbox white\"><\/span><\/p>\n<p><strong>Xem th\u00eam b\u00e0i vi\u1ebft:<\/strong><\/p>\n<p><a href=\"https:\/\/www.ivivu.com\/blog\/2019\/10\/nguoi-sai-gon-chui-hem-an-bo-kho-ban-5-tieng-cua-ba-chu-lai-viet-an\/\" target=\"_blank\"><strong>Ng\u01b0\u1eddi S\u00e0i G\u00f2n \u2018chui h\u1ebbm\u2019 \u0103n b\u00f2 kho b\u00e1n 5 ti\u1ebfng c\u1ee7a b\u00e0 ch\u1ee7 lai Vi\u1ec7t \u2013 \u1ea4n<\/strong><\/a><\/p>\n<p><a href=\"https:\/\/www.ivivu.com\/blog\/2019\/10\/top-quan-ca-phe-ngam-hoa-dep-o-sai-gon-cho-team-banh-beo\/\" target=\"_blank\"><strong>Top qu\u00e1n c\u00e0 ph\u00ea ng\u1eafm hoa \u0111\u1eb9p \u1edf S\u00e0i G\u00f2n cho team \u201cb\u00e1nh b\u00e8o\u201d<\/strong><\/a><\/p>\n<p><a href=\"https:\/\/www.ivivu.com\/blog\/2019\/10\/quan-hu-tieu-sai-gon-noi-tieng-nho-mieng-bo-vien-nho-xiu\/\" target=\"_blank\"><strong>Qu\u00e1n h\u1ee7 ti\u1ebfu S\u00e0i G\u00f2n n\u1ed5i ti\u1ebfng nh\u1edd mi\u1ebfng b\u00f2 vi\u00ean nh\u1ecf x\u00edu<\/strong><\/a><\/p>\n<p><\/div>\n<h3><div class=\"ltt-contentbox white\"><\/span>G\u1ecdi ngay 1900 1870 (Mi\u1ec1n Nam), 1900 2045 (Mi\u1ec1n B\u1eafc) ho\u1eb7c 1900 2087 (Mi\u1ec1n T\u00e2y) \u0111\u1ec3 \u0111\u01b0\u1ee3c t\u01b0 v\u1ea5n\u00a0<a href=\"https:\/\/www.ivivu.com\/khach-san-ho-chi-minh?utm_source=blog_ivivu&amp;utm_medium=post_link&amp;utm_campaign=internal\" target=\"_blank\">kh\u00e1ch s\u1ea1n S\u00e0i G\u00f2n<\/a>\u00a0gi\u00e1 t\u1ed1t nh\u1ea5t ch\u1ec9 c\u00f3 t\u1ea1i iVIVU.com nh\u00e9<\/div><\/h3>\n<p>***<\/p>\n<p><strong>Tham kh\u1ea3o:\u00a0<a href=\"https:\/\/www.ivivu.com\/blog\">C\u1ea9m nang du l\u1ecbch iVIVU.com<\/a><\/strong><\/p>\n","protected":false},"excerpt":{"rendered":"<p>T\u1eeb gi\u1edd, b\u1ea1n ch\u1eb3ng c\u1ea7n ph\u1ea3i l\u1eb7n l\u1ed9i \u0111\u1ebfn \u0110\u1ed3ng Th\u00e1p M\u01b0\u1eddi \u0111\u1ec3 ng\u1eafm hoa sen \u0111\u00e2u, ngay S\u00e0i G\u00f2n \u0111\u00e3 c\u00f3 \u0111\u1ea7m sen Tam \u0110a cho b\u1ea1n tha h\u1ed3 ch\u1ee5p cho\u1eb9t, s\u1ed1ng \u1ea3o r\u1ed3i.<\/p>\n","protected":false},"author":57,"featured_media":311838,"comment_status":"closed","ping_status":"open","sticky":false,"template":"","format":"standard","meta":{"_acf_changed":false,"footnotes":""},"categories":[235,229,795,14742],"tags":[2868,401,32946,37157,37144,27170,5377,9405,5379,19],"acf":[],"yoast_head":"<!-- This site is optimized with the Yoast SEO Premium plugin v22.6 (Yoast SEO v22.6) - https:\/\/yoast.com\/wordpress\/plugins\/seo\/ -->\n<title>H\u01b0\u1edbng d\u1eabn di chuy\u1ec3n \u0111\u1ebfn \u0111\u1ea7m sen Tam \u0110a \u1edf TP H\u1ed3 Ch\u00ed Minh - iVIVU.com<\/title>\n<meta name=\"description\" content=\"T\u1eeb gi\u1edd, b\u1ea1n ch\u1eb3ng c\u1ea7n ph\u1ea3i l\u1eb7n l\u1ed9i \u0111\u1ebfn \u0110\u1ed3ng Th\u00e1p M\u01b0\u1eddi \u0111\u1ec3 ng\u1eafm hoa sen \u0111\u00e2u, ngay S\u00e0i G\u00f2n \u0111\u00e3 c\u00f3 \u0111\u1ea7m sen Tam \u0110a cho b\u1ea1n tha h\u1ed3 ch\u1ee5p cho\u1eb9t, s\u1ed1ng \u1ea3o r\u1ed3i.\" \/>\n<meta name=\"robots\" content=\"index, follow, max-snippet:-1, max-image-preview:large, max-video-preview:-1\" \/>\n<link rel=\"canonical\" href=\"https:\/\/www.ivivu.com\/blog\/2019\/10\/huong-dan-di-chuyen-den-dam-sen-tam-da-o-tp-ho-chi-minh\/\" \/>\n<meta name=\"twitter:label1\" content=\"\u0110\u01b0\u1ee3c vi\u1ebft b\u1edfi\" \/>\n\t<meta name=\"twitter:data1\" content=\"tho on\" \/>\n\t<meta name=\"twitter:label2\" content=\"\u01af\u1edbc t\u00ednh th\u1eddi gian \u0111\u1ecdc\" \/>\n\t<meta name=\"twitter:data2\" content=\"4 ph\u00fat\" \/>\n<script type=\"application\/ld+json\" class=\"yoast-schema-graph\">{\"@context\":\"https:\/\/schema.org\",\"@graph\":[{\"@type\":\"Article\",\"@id\":\"https:\/\/www.ivivu.com\/blog\/2019\/10\/huong-dan-di-chuyen-den-dam-sen-tam-da-o-tp-ho-chi-minh\/#article\",\"isPartOf\":{\"@id\":\"https:\/\/www.ivivu.com\/blog\/2019\/10\/huong-dan-di-chuyen-den-dam-sen-tam-da-o-tp-ho-chi-minh\/\"},\"author\":{\"name\":\"tho on\",\"@id\":\"https:\/\/www.ivivu.com\/blog\/#\/schema\/person\/5e1c954f532f8487dc5b79bca7443751\"},\"headline\":\"H\u01b0\u1edbng d\u1eabn di chuy\u1ec3n \u0111\u1ebfn \u0111\u1ea7m sen Tam \u0110a \u1edf TP H\u1ed3 Ch\u00ed Minh\",\"datePublished\":\"2019-10-18T09:02:05+00:00\",\"dateModified\":\"2019-10-18T09:02:52+00:00\",\"mainEntityOfPage\":{\"@id\":\"https:\/\/www.ivivu.com\/blog\/2019\/10\/huong-dan-di-chuyen-den-dam-sen-tam-da-o-tp-ho-chi-minh\/\"},\"wordCount\":790,\"publisher\":{\"@id\":\"https:\/\/www.ivivu.com\/blog\/#organization\"},\"image\":{\"@id\":\"https:\/\/www.ivivu.com\/blog\/2019\/10\/huong-dan-di-chuyen-den-dam-sen-tam-da-o-tp-ho-chi-minh\/#primaryimage\"},\"thumbnailUrl\":\"https:\/\/cdn3.ivivu.com\/2019\/10\/dam-sen-tam-da-o-sai-gon-ivivu.jpg\",\"keywords\":[\"du l\u1ecbch s\u00e0i g\u00f2n\",\"Du l\u1ecbch TPHCM\",\"\u0111\u1ea7m sen Tam \u0110a\",\"\u0111\u01b0\u1eddng \u0111i \u0111\u1ea7m sen Tam \u0110a\",\"h\u01b0\u1edbng d\u1eabn di chuy\u1ec3n \u0111\u1ea7m sen Tam \u0110a\",\"kh\u00e1ch s\u1ea1n gi\u00e1 r\u1ebb S\u00e0i G\u00f2n\",\"kh\u00e1ch s\u1ea1n s\u00e0i g\u00f2n\",\"Kh\u00e1ch s\u1ea1n TPHCM\",\"kinh nghi\u1ec7m du l\u1ecbch s\u00e0i g\u00f2n\",\"s\u00e0i g\u00f2n\"],\"articleSection\":[\"Du l\u1ecbch Tp.H\u1ed3 Ch\u00ed Minh\",\"DU L\u1ecaCH VI\u1ec6T NAM\",\"\u0110i\u1ec3m \u0111\u1ebfn\",\"N\u1ed5i B\u1eadt 2\"],\"inLanguage\":\"vi\"},{\"@type\":\"WebPage\",\"@id\":\"https:\/\/www.ivivu.com\/blog\/2019\/10\/huong-dan-di-chuyen-den-dam-sen-tam-da-o-tp-ho-chi-minh\/\",\"url\":\"https:\/\/www.ivivu.com\/blog\/2019\/10\/huong-dan-di-chuyen-den-dam-sen-tam-da-o-tp-ho-chi-minh\/\",\"name\":\"H\u01b0\u1edbng d\u1eabn di chuy\u1ec3n \u0111\u1ebfn \u0111\u1ea7m sen Tam \u0110a \u1edf TP H\u1ed3 Ch\u00ed Minh - iVIVU.com\",\"isPartOf\":{\"@id\":\"https:\/\/www.ivivu.com\/blog\/#website\"},\"primaryImageOfPage\":{\"@id\":\"https:\/\/www.ivivu.com\/blog\/2019\/10\/huong-dan-di-chuyen-den-dam-sen-tam-da-o-tp-ho-chi-minh\/#primaryimage\"},\"image\":{\"@id\":\"https:\/\/www.ivivu.com\/blog\/2019\/10\/huong-dan-di-chuyen-den-dam-sen-tam-da-o-tp-ho-chi-minh\/#primaryimage\"},\"thumbnailUrl\":\"https:\/\/cdn3.ivivu.com\/2019\/10\/dam-sen-tam-da-o-sai-gon-ivivu.jpg\",\"datePublished\":\"2019-10-18T09:02:05+00:00\",\"dateModified\":\"2019-10-18T09:02:52+00:00\",\"description\":\"T\u1eeb gi\u1edd, b\u1ea1n ch\u1eb3ng c\u1ea7n ph\u1ea3i l\u1eb7n l\u1ed9i \u0111\u1ebfn \u0110\u1ed3ng Th\u00e1p M\u01b0\u1eddi \u0111\u1ec3 ng\u1eafm hoa sen \u0111\u00e2u, ngay S\u00e0i G\u00f2n \u0111\u00e3 c\u00f3 \u0111\u1ea7m sen Tam \u0110a cho b\u1ea1n tha h\u1ed3 ch\u1ee5p cho\u1eb9t, s\u1ed1ng \u1ea3o r\u1ed3i.\",\"breadcrumb\":{\"@id\":\"https:\/\/www.ivivu.com\/blog\/2019\/10\/huong-dan-di-chuyen-den-dam-sen-tam-da-o-tp-ho-chi-minh\/#breadcrumb\"},\"inLanguage\":\"vi\",\"potentialAction\":[{\"@type\":\"ReadAction\",\"target\":[\"https:\/\/www.ivivu.com\/blog\/2019\/10\/huong-dan-di-chuyen-den-dam-sen-tam-da-o-tp-ho-chi-minh\/\"]}]},{\"@type\":\"ImageObject\",\"inLanguage\":\"vi\",\"@id\":\"https:\/\/www.ivivu.com\/blog\/2019\/10\/huong-dan-di-chuyen-den-dam-sen-tam-da-o-tp-ho-chi-minh\/#primaryimage\",\"url\":\"https:\/\/cdn3.ivivu.com\/2019\/10\/dam-sen-tam-da-o-sai-gon-ivivu.jpg\",\"contentUrl\":\"https:\/\/cdn3.ivivu.com\/2019\/10\/dam-sen-tam-da-o-sai-gon-ivivu.jpg\",\"width\":1080,\"height\":767},{\"@type\":\"BreadcrumbList\",\"@id\":\"https:\/\/www.ivivu.com\/blog\/2019\/10\/huong-dan-di-chuyen-den-dam-sen-tam-da-o-tp-ho-chi-minh\/#breadcrumb\",\"itemListElement\":[{\"@type\":\"ListItem\",\"position\":1,\"name\":\"Home\",\"item\":\"https:\/\/www.ivivu.com\/blog\/\"},{\"@type\":\"ListItem\",\"position\":2,\"name\":\"H\u01b0\u1edbng d\u1eabn di chuy\u1ec3n \u0111\u1ebfn \u0111\u1ea7m sen Tam \u0110a \u1edf TP H\u1ed3 Ch\u00ed Minh\"}]},{\"@type\":\"WebSite\",\"@id\":\"https:\/\/www.ivivu.com\/blog\/#website\",\"url\":\"https:\/\/www.ivivu.com\/blog\/\",\"name\":\"C\u1ea9m nang du l\u1ecbch\",\"description\":\"\",\"publisher\":{\"@id\":\"https:\/\/www.ivivu.com\/blog\/#organization\"},\"potentialAction\":[{\"@type\":\"SearchAction\",\"target\":{\"@type\":\"EntryPoint\",\"urlTemplate\":\"https:\/\/www.ivivu.com\/blog\/?s={search_term_string}\"},\"query-input\":\"required name=search_term_string\"}],\"inLanguage\":\"vi\"},{\"@type\":\"Organization\",\"@id\":\"https:\/\/www.ivivu.com\/blog\/#organization\",\"name\":\"iVIVU.com\",\"url\":\"https:\/\/www.ivivu.com\/blog\/\",\"logo\":{\"@type\":\"ImageObject\",\"inLanguage\":\"vi\",\"@id\":\"https:\/\/www.ivivu.com\/blog\/#\/schema\/logo\/image\/\",\"url\":\"https:\/\/cdn3.ivivu.com\/2024\/01\/ivivu_no_slogan.png\",\"contentUrl\":\"https:\/\/cdn3.ivivu.com\/2024\/01\/ivivu_no_slogan.png\",\"width\":788,\"height\":565,\"caption\":\"iVIVU.com\"},\"image\":{\"@id\":\"https:\/\/www.ivivu.com\/blog\/#\/schema\/logo\/image\/\"},\"sameAs\":[\"https:\/\/www.facebook.com\/iVIVU\"]},{\"@type\":\"Person\",\"@id\":\"https:\/\/www.ivivu.com\/blog\/#\/schema\/person\/5e1c954f532f8487dc5b79bca7443751\",\"name\":\"tho on\",\"url\":\"https:\/\/www.ivivu.com\/blog\/author\/tho-on\/\"}]}<\/script>\n<!-- \/ Yoast SEO Premium plugin. -->","yoast_head_json":{"title":"H\u01b0\u1edbng d\u1eabn di chuy\u1ec3n \u0111\u1ebfn \u0111\u1ea7m sen Tam \u0110a \u1edf TP H\u1ed3 Ch\u00ed Minh - iVIVU.com","description":"T\u1eeb gi\u1edd, b\u1ea1n ch\u1eb3ng c\u1ea7n ph\u1ea3i l\u1eb7n l\u1ed9i \u0111\u1ebfn \u0110\u1ed3ng Th\u00e1p M\u01b0\u1eddi \u0111\u1ec3 ng\u1eafm hoa sen \u0111\u00e2u, ngay S\u00e0i G\u00f2n \u0111\u00e3 c\u00f3 \u0111\u1ea7m sen Tam \u0110a cho b\u1ea1n tha h\u1ed3 ch\u1ee5p cho\u1eb9t, s\u1ed1ng \u1ea3o r\u1ed3i.","robots":{"index":"index","follow":"follow","max-snippet":"max-snippet:-1","max-image-preview":"max-image-preview:large","max-video-preview":"max-video-preview:-1"},"canonical":"https:\/\/www.ivivu.com\/blog\/2019\/10\/huong-dan-di-chuyen-den-dam-sen-tam-da-o-tp-ho-chi-minh\/","twitter_misc":{"\u0110\u01b0\u1ee3c vi\u1ebft b\u1edfi":"tho on","\u01af\u1edbc t\u00ednh th\u1eddi gian \u0111\u1ecdc":"4 ph\u00fat"},"schema":{"@context":"https:\/\/schema.org","@graph":[{"@type":"Article","@id":"https:\/\/www.ivivu.com\/blog\/2019\/10\/huong-dan-di-chuyen-den-dam-sen-tam-da-o-tp-ho-chi-minh\/#article","isPartOf":{"@id":"https:\/\/www.ivivu.com\/blog\/2019\/10\/huong-dan-di-chuyen-den-dam-sen-tam-da-o-tp-ho-chi-minh\/"},"author":{"name":"tho on","@id":"https:\/\/www.ivivu.com\/blog\/#\/schema\/person\/5e1c954f532f8487dc5b79bca7443751"},"headline":"H\u01b0\u1edbng d\u1eabn di chuy\u1ec3n \u0111\u1ebfn \u0111\u1ea7m sen Tam \u0110a \u1edf TP H\u1ed3 Ch\u00ed Minh","datePublished":"2019-10-18T09:02:05+00:00","dateModified":"2019-10-18T09:02:52+00:00","mainEntityOfPage":{"@id":"https:\/\/www.ivivu.com\/blog\/2019\/10\/huong-dan-di-chuyen-den-dam-sen-tam-da-o-tp-ho-chi-minh\/"},"wordCount":790,"publisher":{"@id":"https:\/\/www.ivivu.com\/blog\/#organization"},"image":{"@id":"https:\/\/www.ivivu.com\/blog\/2019\/10\/huong-dan-di-chuyen-den-dam-sen-tam-da-o-tp-ho-chi-minh\/#primaryimage"},"thumbnailUrl":"https:\/\/cdn3.ivivu.com\/2019\/10\/dam-sen-tam-da-o-sai-gon-ivivu.jpg","keywords":["du l\u1ecbch s\u00e0i g\u00f2n","Du l\u1ecbch TPHCM","\u0111\u1ea7m sen Tam \u0110a","\u0111\u01b0\u1eddng \u0111i \u0111\u1ea7m sen Tam \u0110a","h\u01b0\u1edbng d\u1eabn di chuy\u1ec3n \u0111\u1ea7m sen Tam \u0110a","kh\u00e1ch s\u1ea1n gi\u00e1 r\u1ebb S\u00e0i G\u00f2n","kh\u00e1ch s\u1ea1n s\u00e0i g\u00f2n","Kh\u00e1ch s\u1ea1n TPHCM","kinh nghi\u1ec7m du l\u1ecbch s\u00e0i g\u00f2n","s\u00e0i g\u00f2n"],"articleSection":["Du l\u1ecbch Tp.H\u1ed3 Ch\u00ed Minh","DU L\u1ecaCH VI\u1ec6T NAM","\u0110i\u1ec3m \u0111\u1ebfn","N\u1ed5i B\u1eadt 2"],"inLanguage":"vi"},{"@type":"WebPage","@id":"https:\/\/www.ivivu.com\/blog\/2019\/10\/huong-dan-di-chuyen-den-dam-sen-tam-da-o-tp-ho-chi-minh\/","url":"https:\/\/www.ivivu.com\/blog\/2019\/10\/huong-dan-di-chuyen-den-dam-sen-tam-da-o-tp-ho-chi-minh\/","name":"H\u01b0\u1edbng d\u1eabn di chuy\u1ec3n \u0111\u1ebfn \u0111\u1ea7m sen Tam \u0110a \u1edf TP H\u1ed3 Ch\u00ed Minh - iVIVU.com","isPartOf":{"@id":"https:\/\/www.ivivu.com\/blog\/#website"},"primaryImageOfPage":{"@id":"https:\/\/www.ivivu.com\/blog\/2019\/10\/huong-dan-di-chuyen-den-dam-sen-tam-da-o-tp-ho-chi-minh\/#primaryimage"},"image":{"@id":"https:\/\/www.ivivu.com\/blog\/2019\/10\/huong-dan-di-chuyen-den-dam-sen-tam-da-o-tp-ho-chi-minh\/#primaryimage"},"thumbnailUrl":"https:\/\/cdn3.ivivu.com\/2019\/10\/dam-sen-tam-da-o-sai-gon-ivivu.jpg","datePublished":"2019-10-18T09:02:05+00:00","dateModified":"2019-10-18T09:02:52+00:00","description":"T\u1eeb gi\u1edd, b\u1ea1n ch\u1eb3ng c\u1ea7n ph\u1ea3i l\u1eb7n l\u1ed9i \u0111\u1ebfn \u0110\u1ed3ng Th\u00e1p M\u01b0\u1eddi \u0111\u1ec3 ng\u1eafm hoa sen \u0111\u00e2u, ngay S\u00e0i G\u00f2n \u0111\u00e3 c\u00f3 \u0111\u1ea7m sen Tam \u0110a cho b\u1ea1n tha h\u1ed3 ch\u1ee5p cho\u1eb9t, s\u1ed1ng \u1ea3o r\u1ed3i.","breadcrumb":{"@id":"https:\/\/www.ivivu.com\/blog\/2019\/10\/huong-dan-di-chuyen-den-dam-sen-tam-da-o-tp-ho-chi-minh\/#breadcrumb"},"inLanguage":"vi","potentialAction":[{"@type":"ReadAction","target":["https:\/\/www.ivivu.com\/blog\/2019\/10\/huong-dan-di-chuyen-den-dam-sen-tam-da-o-tp-ho-chi-minh\/"]}]},{"@type":"ImageObject","inLanguage":"vi","@id":"https:\/\/www.ivivu.com\/blog\/2019\/10\/huong-dan-di-chuyen-den-dam-sen-tam-da-o-tp-ho-chi-minh\/#primaryimage","url":"https:\/\/cdn3.ivivu.com\/2019\/10\/dam-sen-tam-da-o-sai-gon-ivivu.jpg","contentUrl":"https:\/\/cdn3.ivivu.com\/2019\/10\/dam-sen-tam-da-o-sai-gon-ivivu.jpg","width":1080,"height":767},{"@type":"BreadcrumbList","@id":"https:\/\/www.ivivu.com\/blog\/2019\/10\/huong-dan-di-chuyen-den-dam-sen-tam-da-o-tp-ho-chi-minh\/#breadcrumb","itemListElement":[{"@type":"ListItem","position":1,"name":"Home","item":"https:\/\/www.ivivu.com\/blog\/"},{"@type":"ListItem","position":2,"name":"H\u01b0\u1edbng d\u1eabn di chuy\u1ec3n \u0111\u1ebfn \u0111\u1ea7m sen Tam \u0110a \u1edf TP H\u1ed3 Ch\u00ed Minh"}]},{"@type":"WebSite","@id":"https:\/\/www.ivivu.com\/blog\/#website","url":"https:\/\/www.ivivu.com\/blog\/","name":"C\u1ea9m nang du l\u1ecbch","description":"","publisher":{"@id":"https:\/\/www.ivivu.com\/blog\/#organization"},"potentialAction":[{"@type":"SearchAction","target":{"@type":"EntryPoint","urlTemplate":"https:\/\/www.ivivu.com\/blog\/?s={search_term_string}"},"query-input":"required name=search_term_string"}],"inLanguage":"vi"},{"@type":"Organization","@id":"https:\/\/www.ivivu.com\/blog\/#organization","name":"iVIVU.com","url":"https:\/\/www.ivivu.com\/blog\/","logo":{"@type":"ImageObject","inLanguage":"vi","@id":"https:\/\/www.ivivu.com\/blog\/#\/schema\/logo\/image\/","url":"https:\/\/cdn3.ivivu.com\/2024\/01\/ivivu_no_slogan.png","contentUrl":"https:\/\/cdn3.ivivu.com\/2024\/01\/ivivu_no_slogan.png","width":788,"height":565,"caption":"iVIVU.com"},"image":{"@id":"https:\/\/www.ivivu.com\/blog\/#\/schema\/logo\/image\/"},"sameAs":["https:\/\/www.facebook.com\/iVIVU"]},{"@type":"Person","@id":"https:\/\/www.ivivu.com\/blog\/#\/schema\/person\/5e1c954f532f8487dc5b79bca7443751","name":"tho on","url":"https:\/\/www.ivivu.com\/blog\/author\/tho-on\/"}]}},"_links":{"self":[{"href":"https:\/\/www.ivivu.com\/blog\/wp-json\/wp\/v2\/posts\/311777"}],"collection":[{"href":"https:\/\/www.ivivu.com\/blog\/wp-json\/wp\/v2\/posts"}],"about":[{"href":"https:\/\/www.ivivu.com\/blog\/wp-json\/wp\/v2\/types\/post"}],"author":[{"embeddable":true,"href":"https:\/\/www.ivivu.com\/blog\/wp-json\/wp\/v2\/users\/57"}],"replies":[{"embeddable":true,"href":"https:\/\/www.ivivu.com\/blog\/wp-json\/wp\/v2\/comments?post=311777"}],"version-history":[{"count":9,"href":"https:\/\/www.ivivu.com\/blog\/wp-json\/wp\/v2\/posts\/311777\/revisions"}],"predecessor-version":[{"id":311963,"href":"https:\/\/www.ivivu.com\/blog\/wp-json\/wp\/v2\/posts\/311777\/revisions\/311963"}],"wp:featuredmedia":[{"embeddable":true,"href":"https:\/\/www.ivivu.com\/blog\/wp-json\/wp\/v2\/media\/311838"}],"wp:attachment":[{"href":"https:\/\/www.ivivu.com\/blog\/wp-json\/wp\/v2\/media?parent=311777"}],"wp:term":[{"taxonomy":"category","embeddable":true,"href":"https:\/\/www.ivivu.com\/blog\/wp-json\/wp\/v2\/categories?post=311777"},{"taxonomy":"post_tag","embeddable":true,"href":"https:\/\/www.ivivu.com\/blog\/wp-json\/wp\/v2\/tags?post=311777"}],"curies":[{"name":"wp","href":"https:\/\/api.w.org\/{rel}","templated":true}]}}