{"id":336185,"date":"2020-07-12T09:00:12","date_gmt":"2020-07-12T02:00:12","guid":{"rendered":"https:\/\/www.ivivu.com\/blog\/?p=336185"},"modified":"2020-07-10T10:44:31","modified_gmt":"2020-07-10T03:44:31","slug":"cung-die%cc%a3n-100-nam-tuoi-xay-tren-cot-da-thang-dung-o-yemen","status":"publish","type":"post","link":"https:\/\/www.ivivu.com\/blog\/2020\/07\/cung-die%cc%a3n-100-nam-tuoi-xay-tren-cot-da-thang-dung-o-yemen\/","title":{"rendered":"Cung \u0111i\u00ea\u0323n 100 n\u0103m tu\u1ed5i x\u00e2y tr\u00ean c\u1ed9t \u0111\u00e1 th\u1eb3ng \u0111\u1ee9ng \u1edf Yemen"},"content":{"rendered":"<p class=\"the-article-summary\" style=\"text-align: justify;\"><em><strong>Cung \u0111i\u1ec7n \u0111\u00e1 Dar al-Hajar l\u00e0 m\u1ed9t trong nh\u1eefng \u0111i\u1ec3m du l\u1ecbch h\u00fat kh\u00e1ch h\u00e0ng \u0111\u1ea7u \u1edf Yemen. T\u00f2a cung \u0111i\u1ec7n cao 5 t\u1ea7ng t\u1ecda l\u1ea1c tr\u00ean c\u1ed9t \u0111\u00e1 th\u1eb3ng \u0111\u1ee9ng su\u1ed1t 100 n\u0103m qua.<\/strong><\/em><\/p>\n<p class=\"the-article-summary\"><!--more--><\/p>\n<h2 class=\"the-article-summary\">Cung \u0111i\u00ea\u0323n Dar al-Hajar 100 n\u0103m tu\u1ed5i x\u00e2y tr\u00ean c\u1ed9t \u0111\u00e1 th\u1eb3ng \u0111\u1ee9ng \u1edf Yemen<\/h2>\n<div id=\"attachment_336187\" style=\"width: 972px\" class=\"wp-caption aligncenter\"><a href=\"https:\/\/cdn3.ivivu.com\/2020\/07\/cung-dien-100-nam-tuoi-xay-tren-cot-da-thang-dung-o-yemen-ivivu.jpg\" target=\"_blank\"><img loading=\"lazy\" decoding=\"async\" aria-describedby=\"caption-attachment-336187\" class=\"wp-image-336187 size-full\" title=\"N\u1eb1m \u1edf thung l\u0169ng Wadi Dhahr c\u00e1ch th\u1ee7 \u0111\u00f4 Sana'a g\u1ea7n 15 km, cung \u0111i\u1ec7n Dar al-Hajar \u0111\u01b0\u1ee3c x\u00e2y d\u1ef1ng l\u00e0m n\u01a1i \u1edf m\u00f9a h\u00e8 cho qu\u1ed1c v\u01b0\u01a1ng Yemen, Yahya Muhammad Hamiddin, t\u1eeb nh\u1eefng n\u0103m 1920. Cung \u0111i\u1ec7n tr\u00ean c\u1ed9t \u0111\u00e1 n\u00e0y l\u00e0 m\u1ed9t trong nh\u1eefng c\u00f4ng tr\u00ecnh ngo\u1ea1n m\u1ee5c nh\u1ea5t th\u1ebf gi\u1edbi.\" src=\"https:\/\/cdn3.ivivu.com\/2020\/07\/cung-dien-100-nam-tuoi-xay-tren-cot-da-thang-dung-o-yemen-ivivu.jpg\" alt=\"N\u1eb1m \u1edf thung l\u0169ng Wadi Dhahr c\u00e1ch th\u1ee7 \u0111\u00f4 Sana'a g\u1ea7n 15 km, cung \u0111i\u1ec7n Dar al-Hajar \u0111\u01b0\u1ee3c x\u00e2y d\u1ef1ng l\u00e0m n\u01a1i \u1edf m\u00f9a h\u00e8 cho qu\u1ed1c v\u01b0\u01a1ng Yemen, Yahya Muhammad Hamiddin, t\u1eeb nh\u1eefng n\u0103m 1920. Cung \u0111i\u1ec7n tr\u00ean c\u1ed9t \u0111\u00e1 n\u00e0y l\u00e0 m\u1ed9t trong nh\u1eefng c\u00f4ng tr\u00ecnh ngo\u1ea1n m\u1ee5c nh\u1ea5t th\u1ebf gi\u1edbi.\" width=\"962\" height=\"773\" srcset=\"https:\/\/cdn3.ivivu.com\/2020\/07\/cung-dien-100-nam-tuoi-xay-tren-cot-da-thang-dung-o-yemen-ivivu.jpg 962w, https:\/\/cdn3.ivivu.com\/2020\/07\/cung-dien-100-nam-tuoi-xay-tren-cot-da-thang-dung-o-yemen-ivivu-380x305.jpg 380w\" sizes=\"(max-width: 962px) 100vw, 962px\" \/><\/a><p id=\"caption-attachment-336187\" class=\"wp-caption-text\">N\u1eb1m \u1edf thung l\u0169ng Wadi Dhahr c\u00e1ch th\u1ee7 \u0111\u00f4 Sana&#8217;a g\u1ea7n 15 km, <strong>cung \u0111i\u1ec7n Dar al-Hajar<\/strong> \u0111\u01b0\u1ee3c x\u00e2y d\u1ef1ng l\u00e0m n\u01a1i \u1edf m\u00f9a h\u00e8 cho qu\u1ed1c v\u01b0\u01a1ng Yemen, Yahya Muhammad Hamiddin, t\u1eeb nh\u1eefng n\u0103m 1920. Cung \u0111i\u1ec7n tr\u00ean c\u1ed9t \u0111\u00e1 n\u00e0y l\u00e0 m\u1ed9t trong nh\u1eefng c\u00f4ng tr\u00ecnh ngo\u1ea1n m\u1ee5c nh\u1ea5t th\u1ebf gi\u1edbi.<\/p><\/div>\n<div id=\"attachment_336214\" style=\"width: 1010px\" class=\"wp-caption aligncenter\"><a href=\"https:\/\/cdn3.ivivu.com\/2020\/07\/cung-dien-100-nam-tuoi-xay-tren-cot-da-thang-dung-o-yemen-ivivu-2.jpg\" target=\"_blank\"><img loading=\"lazy\" decoding=\"async\" aria-describedby=\"caption-attachment-336214\" class=\"wp-image-336214 size-full\" title=\"Cung \u0111i\u1ec7n \u0111\u00e1 Dar Al Hajar n\u1eb1m tr\u00ean \u0111\u1ec9nh n\u00fai \u0111\u00e1 cao 20 m, \u0111\u01b0\u1ee3c cho l\u00e0 c\u00f3 t\u1eeb nh\u1eefng n\u0103m 1700, theo h\u1ecdc gi\u1ea3 H\u1ed3i gi\u00e1o Imam Mansour Ali Bin Mehdi Abbas. \" src=\"https:\/\/cdn3.ivivu.com\/2020\/07\/cung-dien-100-nam-tuoi-xay-tren-cot-da-thang-dung-o-yemen-ivivu-2.jpg\" alt=\"Cung \u0111i\u1ec7n \u0111\u00e1 Dar Al Hajar n\u1eb1m tr\u00ean \u0111\u1ec9nh n\u00fai \u0111\u00e1 cao 20 m, \u0111\u01b0\u1ee3c cho l\u00e0 c\u00f3 t\u1eeb nh\u1eefng n\u0103m 1700, theo h\u1ecdc gi\u1ea3 H\u1ed3i gi\u00e1o Imam Mansour Ali Bin Mehdi Abbas. \" width=\"1000\" height=\"671\" srcset=\"https:\/\/cdn3.ivivu.com\/2020\/07\/cung-dien-100-nam-tuoi-xay-tren-cot-da-thang-dung-o-yemen-ivivu-2.jpg 1000w, https:\/\/cdn3.ivivu.com\/2020\/07\/cung-dien-100-nam-tuoi-xay-tren-cot-da-thang-dung-o-yemen-ivivu-2-455x305.jpg 455w, https:\/\/cdn3.ivivu.com\/2020\/07\/cung-dien-100-nam-tuoi-xay-tren-cot-da-thang-dung-o-yemen-ivivu-2-50x35.jpg 50w\" sizes=\"(max-width: 1000px) 100vw, 1000px\" \/><\/a><p id=\"caption-attachment-336214\" class=\"wp-caption-text\">Cung \u0111i\u1ec7n Dar al-Hajar n\u1eb1m tr\u00ean \u0111\u1ec9nh n\u00fai \u0111\u00e1 cao 20 m, \u0111\u01b0\u1ee3c cho l\u00e0 c\u00f3 t\u1eeb nh\u1eefng n\u0103m 1700, theo h\u1ecdc gi\u1ea3 H\u1ed3i gi\u00e1o Imam Mansour Ali Bin Mehdi Abbas.<\/p><\/div>\n<div id=\"attachment_336213\" style=\"width: 967px\" class=\"wp-caption aligncenter\"><a href=\"https:\/\/cdn3.ivivu.com\/2020\/07\/cung-dien-100-nam-tuoi-xay-tren-cot-da-thang-dung-o-yemen-ivivu-3.jpg\" target=\"_blank\"><img loading=\"lazy\" decoding=\"async\" aria-describedby=\"caption-attachment-336213\" class=\"wp-image-336213 size-full\" title=\"T\u00f2a nh\u00e0 5 t\u1ea7ng c\u00f3 d\u00e1ng v\u1ebb ngo\u1ea1n m\u1ee5c khi nh\u00ecn t\u1eeb m\u1ecdi g\u00f3c \u0111\u1ed9. V\u1edbi v\u1ebb \u0111\u1eb9p \u0111\u00f3, cung \u0111i\u1ec7n Dar al-Hajar xu\u1ea5t hi\u1ec7n tr\u00ean m\u1ed9t t\u1edd ti\u1ec1n gi\u1ea5y c\u1ee7a Yemen.\" src=\"https:\/\/cdn3.ivivu.com\/2020\/07\/cung-dien-100-nam-tuoi-xay-tren-cot-da-thang-dung-o-yemen-ivivu-3.jpg\" alt=\"cung-dien-100-nam-tuoi-xay-tren-cot-da-thang-dung-o-yemen-ivivu-3\" width=\"957\" height=\"624\" srcset=\"https:\/\/cdn3.ivivu.com\/2020\/07\/cung-dien-100-nam-tuoi-xay-tren-cot-da-thang-dung-o-yemen-ivivu-3.jpg 957w, https:\/\/cdn3.ivivu.com\/2020\/07\/cung-dien-100-nam-tuoi-xay-tren-cot-da-thang-dung-o-yemen-ivivu-3-468x305.jpg 468w\" sizes=\"(max-width: 957px) 100vw, 957px\" \/><\/a><p id=\"caption-attachment-336213\" class=\"wp-caption-text\">T\u00f2a nh\u00e0 5 t\u1ea7ng c\u00f3 d\u00e1ng v\u1ebb ngo\u1ea1n m\u1ee5c khi nh\u00ecn t\u1eeb m\u1ecdi g\u00f3c \u0111\u1ed9. V\u1edbi v\u1ebb \u0111\u1eb9p \u0111\u00f3, cung \u0111i\u1ec7n Dar al-Hajar xu\u1ea5t hi\u1ec7n tr\u00ean m\u1ed9t t\u1edd ti\u1ec1n gi\u1ea5y c\u1ee7a Yemen.<\/p><\/div>\n<div id=\"attachment_336212\" style=\"width: 972px\" class=\"wp-caption aligncenter\"><a href=\"https:\/\/cdn3.ivivu.com\/2020\/07\/cung-dien-100-nam-tuoi-xay-tren-cot-da-thang-dung-o-yemen-ivivu-4.jpg\" target=\"_blank\"><img loading=\"lazy\" decoding=\"async\" aria-describedby=\"caption-attachment-336212\" class=\"wp-image-336212 size-full\" title=\"Cung \u0111i\u1ec7n \u0111\u00e1 Dar Al Hajar c\u00f3 35 ph\u00f2ng t\u1ea5t c\u1ea3, nh\u01b0 ph\u00f2ng kh\u00e1ch, nh\u00e0 b\u1ebfp, c\u00e1c ph\u00f2ng tri\u1ec3n l\u00e3m, khu v\u1ef1c l\u01b0u tr\u1eef v\u00e0 c\u0169ng c\u00f3 s\u00e2n trong y\u00ean t\u0129nh.\" src=\"https:\/\/cdn3.ivivu.com\/2020\/07\/cung-dien-100-nam-tuoi-xay-tren-cot-da-thang-dung-o-yemen-ivivu-4.jpg\" alt=\"Cung \u0111i\u1ec7n \u0111\u00e1 Dar Al Hajar c\u00f3 35 ph\u00f2ng t\u1ea5t c\u1ea3, nh\u01b0 ph\u00f2ng kh\u00e1ch, nh\u00e0 b\u1ebfp, c\u00e1c ph\u00f2ng tri\u1ec3n l\u00e3m, khu v\u1ef1c l\u01b0u tr\u1eef v\u00e0 c\u0169ng c\u00f3 s\u00e2n trong y\u00ean t\u0129nh.\" width=\"962\" height=\"641\" srcset=\"https:\/\/cdn3.ivivu.com\/2020\/07\/cung-dien-100-nam-tuoi-xay-tren-cot-da-thang-dung-o-yemen-ivivu-4.jpg 962w, https:\/\/cdn3.ivivu.com\/2020\/07\/cung-dien-100-nam-tuoi-xay-tren-cot-da-thang-dung-o-yemen-ivivu-4-458x305.jpg 458w\" sizes=\"(max-width: 962px) 100vw, 962px\" \/><\/a><p id=\"caption-attachment-336212\" class=\"wp-caption-text\">Cung \u0111i\u1ec7n \u0111\u00e1 Dar al-Hajar c\u00f3 35 ph\u00f2ng t\u1ea5t c\u1ea3, nh\u01b0 ph\u00f2ng kh\u00e1ch, nh\u00e0 b\u1ebfp, c\u00e1c ph\u00f2ng tri\u1ec3n l\u00e3m, khu v\u1ef1c l\u01b0u tr\u1eef v\u00e0 c\u0169ng c\u00f3 s\u00e2n trong y\u00ean t\u0129nh.<\/p><\/div>\n<div id=\"attachment_336211\" style=\"width: 972px\" class=\"wp-caption aligncenter\"><a href=\"https:\/\/cdn3.ivivu.com\/2020\/07\/cung-dien-100-nam-tuoi-xay-tren-cot-da-thang-dung-o-yemen-ivivu-5.jpg\" target=\"_blank\"><img loading=\"lazy\" decoding=\"async\" aria-describedby=\"caption-attachment-336211\" class=\"wp-image-336211 size-full\" title=\"Theo The Vintage News, Dar Al Hajar \u0111\u01b0\u1ee3c x\u00e2y d\u1ef1ng nh\u01b0 ph\u00e1o \u0111\u00e0i, v\u1edbi c\u00e1c \u1ee5 s\u00fang \u0111\u1ec3 b\u1ea3o v\u1ec7 n\u01a1i n\u00e0y kh\u1ecfi nh\u1eefng k\u1ebb t\u1ea5n c\u00f4ng v\u00e0 ngu\u1ed3n cung c\u1ea5p n\u01b0\u1edbc t\u1eeb s\u00e2u b\u00ean d\u01b0\u1edbi t\u1ea3ng \u0111\u00e1, n\u00f3i c\u00e1ch kh\u00e1c l\u00e0 &quot;c\u00f3 th\u1ec3 d\u1ec5 d\u00e0ng ch\u1ecbu \u0111\u01b0\u1ee3c m\u1ed9t cu\u1ed9c bao v\u00e2y&quot;.\" src=\"https:\/\/cdn3.ivivu.com\/2020\/07\/cung-dien-100-nam-tuoi-xay-tren-cot-da-thang-dung-o-yemen-ivivu-5.jpg\" alt=\"Theo The Vintage News, Dar Al Hajar \u0111\u01b0\u1ee3c x\u00e2y d\u1ef1ng nh\u01b0 ph\u00e1o \u0111\u00e0i, v\u1edbi c\u00e1c \u1ee5 s\u00fang \u0111\u1ec3 b\u1ea3o v\u1ec7 n\u01a1i n\u00e0y kh\u1ecfi nh\u1eefng k\u1ebb t\u1ea5n c\u00f4ng v\u00e0 ngu\u1ed3n cung c\u1ea5p n\u01b0\u1edbc t\u1eeb s\u00e2u b\u00ean d\u01b0\u1edbi t\u1ea3ng \u0111\u00e1, n\u00f3i c\u00e1ch kh\u00e1c l\u00e0 &quot;c\u00f3 th\u1ec3 d\u1ec5 d\u00e0ng ch\u1ecbu \u0111\u01b0\u1ee3c m\u1ed9t cu\u1ed9c bao v\u00e2y&quot;.\" width=\"962\" height=\"754\" srcset=\"https:\/\/cdn3.ivivu.com\/2020\/07\/cung-dien-100-nam-tuoi-xay-tren-cot-da-thang-dung-o-yemen-ivivu-5.jpg 962w, https:\/\/cdn3.ivivu.com\/2020\/07\/cung-dien-100-nam-tuoi-xay-tren-cot-da-thang-dung-o-yemen-ivivu-5-389x305.jpg 389w\" sizes=\"(max-width: 962px) 100vw, 962px\" \/><\/a><p id=\"caption-attachment-336211\" class=\"wp-caption-text\">Theo The Vintage News, Dar al-Hajar \u0111\u01b0\u1ee3c x\u00e2y d\u1ef1ng nh\u01b0 ph\u00e1o \u0111\u00e0i, v\u1edbi c\u00e1c \u1ee5 s\u00fang \u0111\u1ec3 b\u1ea3o v\u1ec7 n\u01a1i n\u00e0y kh\u1ecfi nh\u1eefng k\u1ebb t\u1ea5n c\u00f4ng v\u00e0 ngu\u1ed3n cung c\u1ea5p n\u01b0\u1edbc t\u1eeb s\u00e2u b\u00ean d\u01b0\u1edbi t\u1ea3ng \u0111\u00e1, n\u00f3i c\u00e1ch kh\u00e1c l\u00e0 &#8220;c\u00f3 th\u1ec3 d\u1ec5 d\u00e0ng ch\u1ecbu \u0111\u01b0\u1ee3c m\u1ed9t cu\u1ed9c bao v\u00e2y&#8221;.<\/p><\/div>\n<div id=\"attachment_336210\" style=\"width: 972px\" class=\"wp-caption aligncenter\"><a href=\"https:\/\/cdn3.ivivu.com\/2020\/07\/cung-dien-100-nam-tuoi-xay-tren-cot-da-thang-dung-o-yemen-ivivu-6.jpg\" target=\"_blank\"><img loading=\"lazy\" decoding=\"async\" aria-describedby=\"caption-attachment-336210\" class=\"wp-image-336210 size-full\" title=\"Cung \u0111i\u1ec7n v\u1eabn thu\u1ed9c quy\u1ec1n s\u1edf h\u1eefu c\u1ee7a ho\u00e0ng gia Yemen cho \u0111\u1ebfn cu\u1ed9c c\u00e1ch m\u1ea1ng n\u0103m 1962 c\u1ee7a \u0111\u1ea5t n\u01b0\u1edbc. Gi\u1edd \u0111\u00e2y, n\u01a1i n\u00e0y l\u00e0 b\u1ea3o t\u00e0ng du kh\u00e1ch kh\u1eafp m\u1ecdi n\u01a1i \u0111\u1ed5 v\u1ec1, tham quan c\u00e1c ph\u00f2ng v\u00e0 kh\u00e1m ph\u00e1 m\u00ea cung c\u1ea7u thang.\" src=\"https:\/\/cdn3.ivivu.com\/2020\/07\/cung-dien-100-nam-tuoi-xay-tren-cot-da-thang-dung-o-yemen-ivivu-6.jpg\" alt=\"Cung \u0111i\u1ec7n v\u1eabn thu\u1ed9c quy\u1ec1n s\u1edf h\u1eefu c\u1ee7a ho\u00e0ng gia Yemen cho \u0111\u1ebfn cu\u1ed9c c\u00e1ch m\u1ea1ng n\u0103m 1962 c\u1ee7a \u0111\u1ea5t n\u01b0\u1edbc. Gi\u1edd \u0111\u00e2y, n\u01a1i n\u00e0y l\u00e0 b\u1ea3o t\u00e0ng du kh\u00e1ch kh\u1eafp m\u1ecdi n\u01a1i \u0111\u1ed5 v\u1ec1, tham quan c\u00e1c ph\u00f2ng v\u00e0 kh\u00e1m ph\u00e1 m\u00ea cung c\u1ea7u thang.\" width=\"962\" height=\"637\" srcset=\"https:\/\/cdn3.ivivu.com\/2020\/07\/cung-dien-100-nam-tuoi-xay-tren-cot-da-thang-dung-o-yemen-ivivu-6.jpg 962w, https:\/\/cdn3.ivivu.com\/2020\/07\/cung-dien-100-nam-tuoi-xay-tren-cot-da-thang-dung-o-yemen-ivivu-6-461x305.jpg 461w\" sizes=\"(max-width: 962px) 100vw, 962px\" \/><\/a><p id=\"caption-attachment-336210\" class=\"wp-caption-text\">Cung \u0111i\u1ec7n v\u1eabn thu\u1ed9c quy\u1ec1n s\u1edf h\u1eefu c\u1ee7a ho\u00e0ng gia Yemen cho \u0111\u1ebfn cu\u1ed9c c\u00e1ch m\u1ea1ng n\u0103m 1962 c\u1ee7a \u0111\u1ea5t n\u01b0\u1edbc. Gi\u1edd \u0111\u00e2y, n\u01a1i n\u00e0y l\u00e0 b\u1ea3o t\u00e0ng du kh\u00e1ch kh\u1eafp m\u1ecdi n\u01a1i \u0111\u1ed5 v\u1ec1, tham quan c\u00e1c ph\u00f2ng v\u00e0 kh\u00e1m ph\u00e1 m\u00ea cung c\u1ea7u thang.<\/p><\/div>\n<div id=\"attachment_336209\" style=\"width: 972px\" class=\"wp-caption aligncenter\"><a href=\"https:\/\/cdn3.ivivu.com\/2020\/07\/cung-dien-100-nam-tuoi-xay-tren-cot-da-thang-dung-o-yemen-ivivu-7.jpg\" target=\"_blank\"><img loading=\"lazy\" decoding=\"async\" aria-describedby=\"caption-attachment-336209\" class=\"wp-image-336209 size-full\" title=\"Tr\u1ea3i qua th\u1eddi gian, cung \u0111i\u1ec7n \u0111\u00e1 c\u1ed5 k\u00ednh b\u1ecb ph\u00e1 h\u1ee7y v\u00e0 \u0111\u01b0\u1ee3c s\u1eeda ch\u1eefa nhi\u1ec1u l\u1ea7n, v\u1edbi \u0111\u1ee3t tr\u00f9ng tu l\u1edbn nh\u1ea5t v\u00e0o th\u1ebf k\u1ef7 17. C\u00f9ng v\u1edbi c\u00e1c ki\u1ebfn tr\u00fac nh\u00e0 th\u00e1p \u0111\u1ed9c \u0111\u00e1o v\u00e0 l\u1ecbch s\u1eed l\u00e2u \u0111\u1eddi, c\u00f4ng tr\u00ecnh n\u00e0y g\u00f3p ph\u1ea7n \u0111\u01b0a th\u1ee7 \u0111\u00f4 Sana'a c\u1ee7a Yemen tr\u1edf th\u00e0nh di s\u1ea3n v\u0103n ho\u00e1. Th\u1ee7 \u0111\u00f4 \u0111\u1ea5t n\u01b0\u1edbc Trung \u0110\u00f4ng n\u00e0y c\u00f2n l\u00e0 m\u1ed9t trong nh\u1eefng th\u00e0nh ph\u1ed1 c\u1ed5 nh\u1ea5t th\u1ebf gi\u1edbi.\" src=\"https:\/\/cdn3.ivivu.com\/2020\/07\/cung-dien-100-nam-tuoi-xay-tren-cot-da-thang-dung-o-yemen-ivivu-7.jpg\" alt=\"Tr\u1ea3i qua th\u1eddi gian, cung \u0111i\u1ec7n \u0111\u00e1 c\u1ed5 k\u00ednh b\u1ecb ph\u00e1 h\u1ee7y v\u00e0 \u0111\u01b0\u1ee3c s\u1eeda ch\u1eefa nhi\u1ec1u l\u1ea7n, v\u1edbi \u0111\u1ee3t tr\u00f9ng tu l\u1edbn nh\u1ea5t v\u00e0o th\u1ebf k\u1ef7 17. C\u00f9ng v\u1edbi c\u00e1c ki\u1ebfn tr\u00fac nh\u00e0 th\u00e1p \u0111\u1ed9c \u0111\u00e1o v\u00e0 l\u1ecbch s\u1eed l\u00e2u \u0111\u1eddi, c\u00f4ng tr\u00ecnh n\u00e0y g\u00f3p ph\u1ea7n \u0111\u01b0a th\u1ee7 \u0111\u00f4 Sana'a c\u1ee7a Yemen tr\u1edf th\u00e0nh di s\u1ea3n v\u0103n ho\u00e1. Th\u1ee7 \u0111\u00f4 \u0111\u1ea5t n\u01b0\u1edbc Trung \u0110\u00f4ng n\u00e0y c\u00f2n l\u00e0 m\u1ed9t trong nh\u1eefng th\u00e0nh ph\u1ed1 c\u1ed5 nh\u1ea5t th\u1ebf gi\u1edbi.\" width=\"962\" height=\"639\" srcset=\"https:\/\/cdn3.ivivu.com\/2020\/07\/cung-dien-100-nam-tuoi-xay-tren-cot-da-thang-dung-o-yemen-ivivu-7.jpg 962w, https:\/\/cdn3.ivivu.com\/2020\/07\/cung-dien-100-nam-tuoi-xay-tren-cot-da-thang-dung-o-yemen-ivivu-7-459x305.jpg 459w\" sizes=\"(max-width: 962px) 100vw, 962px\" \/><\/a><p id=\"caption-attachment-336209\" class=\"wp-caption-text\">Tr\u1ea3i qua th\u1eddi gian, cung \u0111i\u1ec7n \u0111\u00e1 c\u1ed5 k\u00ednh b\u1ecb ph\u00e1 h\u1ee7y v\u00e0 \u0111\u01b0\u1ee3c s\u1eeda ch\u1eefa nhi\u1ec1u l\u1ea7n, v\u1edbi \u0111\u1ee3t tr\u00f9ng tu l\u1edbn nh\u1ea5t v\u00e0o th\u1ebf k\u1ef7 17. C\u00f9ng v\u1edbi c\u00e1c ki\u1ebfn tr\u00fac nh\u00e0 th\u00e1p \u0111\u1ed9c \u0111\u00e1o v\u00e0 l\u1ecbch s\u1eed l\u00e2u \u0111\u1eddi, c\u00f4ng tr\u00ecnh n\u00e0y g\u00f3p ph\u1ea7n \u0111\u01b0a th\u1ee7 \u0111\u00f4 Sana&#8217;a c\u1ee7a Yemen tr\u1edf th\u00e0nh di s\u1ea3n v\u0103n ho\u00e1. Th\u1ee7 \u0111\u00f4 \u0111\u1ea5t n\u01b0\u1edbc Trung \u0110\u00f4ng n\u00e0y c\u00f2n l\u00e0 m\u1ed9t trong nh\u1eefng th\u00e0nh ph\u1ed1 c\u1ed5 nh\u1ea5t th\u1ebf gi\u1edbi.<\/p><\/div>\n<h4 style=\"text-align: center;\"><div class=\"ltt-contentbox white\"><\/span>G\u1eccI NGAY 1900 1870 (Mi\u1ec1n Nam),\u00a01900 2045 (Mi\u1ec1n B\u1eafc) ho\u1eb7c 1900 2087 (Mi\u1ec1n T\u00e2y) \u0110\u1ec2 \u0110\u01af\u1ee2C T\u01af V\u1ea4N\u00a0<a href=\"https:\/\/www.ivivu.com\/ve-may-bay\/?utm_source=blog_ivivu&amp;utm_medium=post_link&amp;utm_campaign=internal\" target=\"_blank\">COMBO KH\u00c1CH S\u1ea0N + V\u00c9 M\u00c1Y BAY<\/a>\u00a0GI\u00c1 SI\u00caU TI\u1ebeT KI\u1ec6M T\u1eea IVIVU.COM<\/div><\/h4>\n<p style=\"text-align: right;\"><strong>Theo <a href=\"https:\/\/zingnews.vn\/cung-dien-100-nam-tuoi-xay-tren-cot-da-thang-dung-o-yemen-post1098740.html\" target=\"_blank\" rel=\"nofollow\">Zingnews.vn<\/a><\/strong><\/p>\n<div class=\"ltt-contentbox white\"><\/span><\/p>\n<p><strong>Xem th\u00eam c\u00e1c b\u00e0i vi\u1ebft:<\/strong><\/p>\n<p class=\"entry-title\"><a href=\"https:\/\/www.ivivu.com\/blog\/2020\/06\/10-diem-du-lich-ngam-cac-loai-dong-thuc-vat-lon-nhat-trai-dat\/\" target=\"_blank\"><strong>10 \u0111i\u1ec3m du l\u1ecbch ng\u1eafm c\u00e1c lo\u00e0i \u0111\u1ed9ng th\u1ef1c v\u1eadt l\u1edbn nh\u1ea5t Tr\u00e1i \u0110\u1ea5t<\/strong><\/a><\/p>\n<p><strong><a href=\"https:\/\/www.ivivu.com\/blog\/2018\/05\/houtong-diem-den-danh-cho-ke-cuong-meo-o-dai-loan\/\" target=\"_blank\">Houtong \u2013 \u0111i\u1ec3m \u0111\u1ebfn d\u00e0nh cho k\u1ebb cu\u1ed3ng m\u00e8o \u1edf \u0110\u00e0i Loan<\/a><\/strong><\/p>\n<p><strong><a href=\"https:\/\/www.ivivu.com\/blog\/2019\/09\/lang-ho-ly-beo-lanh-dia-meo-hoang-doc-dao-o-nhat-ban\/\" target=\"_blank\">L\u00e0ng h\u1ed3 ly b\u00e9o, l\u00e3nh \u0111\u1ecba m\u00e8o hoang \u0111\u1ed9c \u0111\u00e1o \u1edf Nh\u1eadt B\u1ea3n<\/a><\/strong><\/p>\n<p><\/div>\n<h3><div class=\"ltt-contentbox white\"><\/span>Click \u0111\u1eb7t ngay\u00a0<a href=\"https:\/\/www.ivivu.com\/vi\/?utm_source=blog_ivivu&amp;utm_medium=post_link&amp;utm_campaign=internal?utm_source=blog_ivivu&amp;utm_medium=post_link&amp;utm_campaign=internal?utm_source=blog_ivivu&amp;utm_medium=post_link&amp;utm_campaign=internal?utm_source=blog_ivivu&amp;utm_medium=post_link&amp;utm_campaign=internal?utm_source=blog_ivivu&amp;utm_medium=post_link&amp;utm_campaign=internal?utm_source=blog_ivivu&amp;utm_medium=post_link&amp;utm_campaign=internal?utm_source=blog_ivivu&amp;utm_medium=post_link&amp;utm_campaign=internal?utm_source=blog_ivivu&amp;utm_medium=post_link&amp;utm_campaign=internal?utm_source=blog_ivivu&amp;utm_medium=post_link&amp;utm_campaign=internal?utm_source=blog_ivivu&amp;utm_medium=post_link&amp;utm_campaign=internal?utm_source=blog_ivivu&amp;utm_medium=post_link&amp;utm_campaign=internal?utm_source=blog_ivivu&amp;utm_medium=post_link&amp;utm_campaign=internal?utm_source=blog_ivivu&amp;utm_medium=post_link&amp;utm_campaign=internal?utm_source=blog_ivivu&amp;utm_medium=post_link&amp;utm_campaign=internal?utm_source=blog_ivivu&amp;utm_medium=post_link&amp;utm_campaign=internal?utm_source=blog_ivivu&amp;utm_medium=post_link&amp;utm_campaign=internal?utm_source=blog_ivivu&amp;utm_medium=post_link&amp;utm_campaign=internal?utm_source=blog_ivivu&amp;utm_medium=post_link&amp;utm_campaign=internal\" target=\"_blank\">Kh\u00e1ch s\u1ea1n kh\u1eafp Vi\u1ec7t Nam v\u00e0 to\u00e0n th\u1ebf gi\u1edbi<\/a>\u00a0gi\u00e1 t\u1ed1t nh\u1ea5t ch\u1ec9 c\u00f3 t\u1ea1i iVIVU.com<\/div><\/h3>\n<p>***<\/p>\n<p><strong>Tham kh\u1ea3o:\u00a0<a href=\"https:\/\/www.ivivu.com\/blog\" target=\"_blank\">C\u1ea9m nang du l\u1ecbch iVIVU.com<\/a><\/strong><strong>\u00a0<\/strong><\/p>\n","protected":false},"excerpt":{"rendered":"<p>Cung \u0111i\u1ec7n \u0111\u00e1 Dar al-Hajar l\u00e0 m\u1ed9t trong nh\u1eefng \u0111i\u1ec3m du l\u1ecbch h\u00fat kh\u00e1ch h\u00e0ng \u0111\u1ea7u \u1edf Yemen. T\u00f2a cung \u0111i\u1ec7n cao 5 t\u1ea7ng t\u1ecda l\u1ea1c tr\u00ean c\u1ed9t \u0111\u00e1 th\u1eb3ng \u0111\u1ee9ng su\u1ed1t 100 n\u0103m qua.<\/p>\n","protected":false},"author":61,"featured_media":336210,"comment_status":"closed","ping_status":"open","sticky":false,"template":"","format":"standard","meta":{"_acf_changed":false,"footnotes":""},"categories":[231,14742],"tags":[39795,39912,39796,34577,39797,11086],"acf":[],"yoast_head":"<!-- This site is optimized with the Yoast SEO Premium plugin v22.6 (Yoast SEO v22.6) - https:\/\/yoast.com\/wordpress\/plugins\/seo\/ -->\n<title>Cung \u0111i\u00ea\u0323n Dar al-Hajar 100 n\u0103m tu\u1ed5i x\u00e2y tr\u00ean c\u1ed9t \u0111\u00e1 th\u1eb3ng \u0111\u1ee9ng \u1edf Yemen - iVIVU.com<\/title>\n<meta name=\"description\" content=\"Cung \u0111i\u00ea\u0323n Dar al-Hajar l\u00e0 m\u1ed9t trong nh\u1eefng \u0111i\u1ec3m du l\u1ecbch h\u00fat kh\u00e1ch h\u00e0ng \u0111\u1ea7u \u1edf Yemen, t\u1ecda l\u1ea1c tr\u00ean c\u1ed9t \u0111\u00e1 th\u1eb3ng \u0111\u1ee9ng su\u1ed1t 100 n\u0103m qua.\" \/>\n<meta name=\"robots\" content=\"index, follow, max-snippet:-1, max-image-preview:large, max-video-preview:-1\" \/>\n<link rel=\"canonical\" href=\"https:\/\/www.ivivu.com\/blog\/2020\/07\/cung-die\u0323n-100-nam-tuoi-xay-tren-cot-da-thang-dung-o-yemen\/\" \/>\n<meta name=\"twitter:label1\" content=\"\u0110\u01b0\u1ee3c vi\u1ebft b\u1edfi\" \/>\n\t<meta name=\"twitter:data1\" content=\"Ng\u1ecdc Nh\u1ef1t Ph\u1ea1m\" \/>\n\t<meta name=\"twitter:label2\" content=\"\u01af\u1edbc t\u00ednh th\u1eddi gian \u0111\u1ecdc\" \/>\n\t<meta name=\"twitter:data2\" content=\"4 ph\u00fat\" \/>\n<script type=\"application\/ld+json\" class=\"yoast-schema-graph\">{\"@context\":\"https:\/\/schema.org\",\"@graph\":[{\"@type\":\"Article\",\"@id\":\"https:\/\/www.ivivu.com\/blog\/2020\/07\/cung-die%cc%a3n-100-nam-tuoi-xay-tren-cot-da-thang-dung-o-yemen\/#article\",\"isPartOf\":{\"@id\":\"https:\/\/www.ivivu.com\/blog\/2020\/07\/cung-die%cc%a3n-100-nam-tuoi-xay-tren-cot-da-thang-dung-o-yemen\/\"},\"author\":{\"name\":\"Ng\u1ecdc Nh\u1ef1t Ph\u1ea1m\",\"@id\":\"https:\/\/www.ivivu.com\/blog\/#\/schema\/person\/fd65e67cfd67ef1e585300d06ef59495\"},\"headline\":\"Cung \u0111i\u00ea\u0323n 100 n\u0103m tu\u1ed5i x\u00e2y tr\u00ean c\u1ed9t \u0111\u00e1 th\u1eb3ng \u0111\u1ee9ng \u1edf Yemen\",\"datePublished\":\"2020-07-12T02:00:12+00:00\",\"dateModified\":\"2020-07-10T03:44:31+00:00\",\"mainEntityOfPage\":{\"@id\":\"https:\/\/www.ivivu.com\/blog\/2020\/07\/cung-die%cc%a3n-100-nam-tuoi-xay-tren-cot-da-thang-dung-o-yemen\/\"},\"wordCount\":754,\"publisher\":{\"@id\":\"https:\/\/www.ivivu.com\/blog\/#organization\"},\"image\":{\"@id\":\"https:\/\/www.ivivu.com\/blog\/2020\/07\/cung-die%cc%a3n-100-nam-tuoi-xay-tren-cot-da-thang-dung-o-yemen\/#primaryimage\"},\"thumbnailUrl\":\"https:\/\/cdn3.ivivu.com\/2020\/07\/cung-dien-100-nam-tuoi-xay-tren-cot-da-thang-dung-o-yemen-ivivu-6.jpg\",\"keywords\":[\"cung \u0111i\u00ea\u0323n 100 n\u0103m\",\"cung \u0111i\u1ec7n Dar al-Hajar\",\"du li\u0323ch th\u00ea\u0301 gi\u01a1\u0301i\",\"du l\u1ecbch Yemen\",\"\u0111i\u00ea\u0309m \u0111\u00ea\u0301n th\u00ea\u0301 gi\u01a1\u0301i\",\"Yemen\"],\"articleSection\":[\"DU L\u1ecaCH TH\u1ebe GI\u1edaI\",\"N\u1ed5i B\u1eadt 2\"],\"inLanguage\":\"vi\"},{\"@type\":\"WebPage\",\"@id\":\"https:\/\/www.ivivu.com\/blog\/2020\/07\/cung-die%cc%a3n-100-nam-tuoi-xay-tren-cot-da-thang-dung-o-yemen\/\",\"url\":\"https:\/\/www.ivivu.com\/blog\/2020\/07\/cung-die%cc%a3n-100-nam-tuoi-xay-tren-cot-da-thang-dung-o-yemen\/\",\"name\":\"Cung \u0111i\u00ea\u0323n Dar al-Hajar 100 n\u0103m tu\u1ed5i x\u00e2y tr\u00ean c\u1ed9t \u0111\u00e1 th\u1eb3ng \u0111\u1ee9ng \u1edf Yemen - iVIVU.com\",\"isPartOf\":{\"@id\":\"https:\/\/www.ivivu.com\/blog\/#website\"},\"primaryImageOfPage\":{\"@id\":\"https:\/\/www.ivivu.com\/blog\/2020\/07\/cung-die%cc%a3n-100-nam-tuoi-xay-tren-cot-da-thang-dung-o-yemen\/#primaryimage\"},\"image\":{\"@id\":\"https:\/\/www.ivivu.com\/blog\/2020\/07\/cung-die%cc%a3n-100-nam-tuoi-xay-tren-cot-da-thang-dung-o-yemen\/#primaryimage\"},\"thumbnailUrl\":\"https:\/\/cdn3.ivivu.com\/2020\/07\/cung-dien-100-nam-tuoi-xay-tren-cot-da-thang-dung-o-yemen-ivivu-6.jpg\",\"datePublished\":\"2020-07-12T02:00:12+00:00\",\"dateModified\":\"2020-07-10T03:44:31+00:00\",\"description\":\"Cung \u0111i\u00ea\u0323n Dar al-Hajar l\u00e0 m\u1ed9t trong nh\u1eefng \u0111i\u1ec3m du l\u1ecbch h\u00fat kh\u00e1ch h\u00e0ng \u0111\u1ea7u \u1edf Yemen, t\u1ecda l\u1ea1c tr\u00ean c\u1ed9t \u0111\u00e1 th\u1eb3ng \u0111\u1ee9ng su\u1ed1t 100 n\u0103m qua.\",\"breadcrumb\":{\"@id\":\"https:\/\/www.ivivu.com\/blog\/2020\/07\/cung-die%cc%a3n-100-nam-tuoi-xay-tren-cot-da-thang-dung-o-yemen\/#breadcrumb\"},\"inLanguage\":\"vi\",\"potentialAction\":[{\"@type\":\"ReadAction\",\"target\":[\"https:\/\/www.ivivu.com\/blog\/2020\/07\/cung-die%cc%a3n-100-nam-tuoi-xay-tren-cot-da-thang-dung-o-yemen\/\"]}]},{\"@type\":\"ImageObject\",\"inLanguage\":\"vi\",\"@id\":\"https:\/\/www.ivivu.com\/blog\/2020\/07\/cung-die%cc%a3n-100-nam-tuoi-xay-tren-cot-da-thang-dung-o-yemen\/#primaryimage\",\"url\":\"https:\/\/cdn3.ivivu.com\/2020\/07\/cung-dien-100-nam-tuoi-xay-tren-cot-da-thang-dung-o-yemen-ivivu-6.jpg\",\"contentUrl\":\"https:\/\/cdn3.ivivu.com\/2020\/07\/cung-dien-100-nam-tuoi-xay-tren-cot-da-thang-dung-o-yemen-ivivu-6.jpg\",\"width\":962,\"height\":637},{\"@type\":\"BreadcrumbList\",\"@id\":\"https:\/\/www.ivivu.com\/blog\/2020\/07\/cung-die%cc%a3n-100-nam-tuoi-xay-tren-cot-da-thang-dung-o-yemen\/#breadcrumb\",\"itemListElement\":[{\"@type\":\"ListItem\",\"position\":1,\"name\":\"Home\",\"item\":\"https:\/\/www.ivivu.com\/blog\/\"},{\"@type\":\"ListItem\",\"position\":2,\"name\":\"Cung \u0111i\u00ea\u0323n 100 n\u0103m tu\u1ed5i x\u00e2y tr\u00ean c\u1ed9t \u0111\u00e1 th\u1eb3ng \u0111\u1ee9ng \u1edf Yemen\"}]},{\"@type\":\"WebSite\",\"@id\":\"https:\/\/www.ivivu.com\/blog\/#website\",\"url\":\"https:\/\/www.ivivu.com\/blog\/\",\"name\":\"C\u1ea9m nang du l\u1ecbch\",\"description\":\"\",\"publisher\":{\"@id\":\"https:\/\/www.ivivu.com\/blog\/#organization\"},\"potentialAction\":[{\"@type\":\"SearchAction\",\"target\":{\"@type\":\"EntryPoint\",\"urlTemplate\":\"https:\/\/www.ivivu.com\/blog\/?s={search_term_string}\"},\"query-input\":\"required name=search_term_string\"}],\"inLanguage\":\"vi\"},{\"@type\":\"Organization\",\"@id\":\"https:\/\/www.ivivu.com\/blog\/#organization\",\"name\":\"iVIVU.com\",\"url\":\"https:\/\/www.ivivu.com\/blog\/\",\"logo\":{\"@type\":\"ImageObject\",\"inLanguage\":\"vi\",\"@id\":\"https:\/\/www.ivivu.com\/blog\/#\/schema\/logo\/image\/\",\"url\":\"https:\/\/cdn3.ivivu.com\/2024\/01\/ivivu_no_slogan.png\",\"contentUrl\":\"https:\/\/cdn3.ivivu.com\/2024\/01\/ivivu_no_slogan.png\",\"width\":788,\"height\":565,\"caption\":\"iVIVU.com\"},\"image\":{\"@id\":\"https:\/\/www.ivivu.com\/blog\/#\/schema\/logo\/image\/\"},\"sameAs\":[\"https:\/\/www.facebook.com\/iVIVU\"]},{\"@type\":\"Person\",\"@id\":\"https:\/\/www.ivivu.com\/blog\/#\/schema\/person\/fd65e67cfd67ef1e585300d06ef59495\",\"name\":\"Ng\u1ecdc Nh\u1ef1t Ph\u1ea1m\",\"url\":\"https:\/\/www.ivivu.com\/blog\/author\/nhut-pham\/\"}]}<\/script>\n<!-- \/ Yoast SEO Premium plugin. -->","yoast_head_json":{"title":"Cung \u0111i\u00ea\u0323n Dar al-Hajar 100 n\u0103m tu\u1ed5i x\u00e2y tr\u00ean c\u1ed9t \u0111\u00e1 th\u1eb3ng \u0111\u1ee9ng \u1edf Yemen - iVIVU.com","description":"Cung \u0111i\u00ea\u0323n Dar al-Hajar l\u00e0 m\u1ed9t trong nh\u1eefng \u0111i\u1ec3m du l\u1ecbch h\u00fat kh\u00e1ch h\u00e0ng \u0111\u1ea7u \u1edf Yemen, t\u1ecda l\u1ea1c tr\u00ean c\u1ed9t \u0111\u00e1 th\u1eb3ng \u0111\u1ee9ng su\u1ed1t 100 n\u0103m qua.","robots":{"index":"index","follow":"follow","max-snippet":"max-snippet:-1","max-image-preview":"max-image-preview:large","max-video-preview":"max-video-preview:-1"},"canonical":"https:\/\/www.ivivu.com\/blog\/2020\/07\/cung-die\u0323n-100-nam-tuoi-xay-tren-cot-da-thang-dung-o-yemen\/","twitter_misc":{"\u0110\u01b0\u1ee3c vi\u1ebft b\u1edfi":"Ng\u1ecdc Nh\u1ef1t Ph\u1ea1m","\u01af\u1edbc t\u00ednh th\u1eddi gian \u0111\u1ecdc":"4 ph\u00fat"},"schema":{"@context":"https:\/\/schema.org","@graph":[{"@type":"Article","@id":"https:\/\/www.ivivu.com\/blog\/2020\/07\/cung-die%cc%a3n-100-nam-tuoi-xay-tren-cot-da-thang-dung-o-yemen\/#article","isPartOf":{"@id":"https:\/\/www.ivivu.com\/blog\/2020\/07\/cung-die%cc%a3n-100-nam-tuoi-xay-tren-cot-da-thang-dung-o-yemen\/"},"author":{"name":"Ng\u1ecdc Nh\u1ef1t Ph\u1ea1m","@id":"https:\/\/www.ivivu.com\/blog\/#\/schema\/person\/fd65e67cfd67ef1e585300d06ef59495"},"headline":"Cung \u0111i\u00ea\u0323n 100 n\u0103m tu\u1ed5i x\u00e2y tr\u00ean c\u1ed9t \u0111\u00e1 th\u1eb3ng \u0111\u1ee9ng \u1edf Yemen","datePublished":"2020-07-12T02:00:12+00:00","dateModified":"2020-07-10T03:44:31+00:00","mainEntityOfPage":{"@id":"https:\/\/www.ivivu.com\/blog\/2020\/07\/cung-die%cc%a3n-100-nam-tuoi-xay-tren-cot-da-thang-dung-o-yemen\/"},"wordCount":754,"publisher":{"@id":"https:\/\/www.ivivu.com\/blog\/#organization"},"image":{"@id":"https:\/\/www.ivivu.com\/blog\/2020\/07\/cung-die%cc%a3n-100-nam-tuoi-xay-tren-cot-da-thang-dung-o-yemen\/#primaryimage"},"thumbnailUrl":"https:\/\/cdn3.ivivu.com\/2020\/07\/cung-dien-100-nam-tuoi-xay-tren-cot-da-thang-dung-o-yemen-ivivu-6.jpg","keywords":["cung \u0111i\u00ea\u0323n 100 n\u0103m","cung \u0111i\u1ec7n Dar al-Hajar","du li\u0323ch th\u00ea\u0301 gi\u01a1\u0301i","du l\u1ecbch Yemen","\u0111i\u00ea\u0309m \u0111\u00ea\u0301n th\u00ea\u0301 gi\u01a1\u0301i","Yemen"],"articleSection":["DU L\u1ecaCH TH\u1ebe GI\u1edaI","N\u1ed5i B\u1eadt 2"],"inLanguage":"vi"},{"@type":"WebPage","@id":"https:\/\/www.ivivu.com\/blog\/2020\/07\/cung-die%cc%a3n-100-nam-tuoi-xay-tren-cot-da-thang-dung-o-yemen\/","url":"https:\/\/www.ivivu.com\/blog\/2020\/07\/cung-die%cc%a3n-100-nam-tuoi-xay-tren-cot-da-thang-dung-o-yemen\/","name":"Cung \u0111i\u00ea\u0323n Dar al-Hajar 100 n\u0103m tu\u1ed5i x\u00e2y tr\u00ean c\u1ed9t \u0111\u00e1 th\u1eb3ng \u0111\u1ee9ng \u1edf Yemen - iVIVU.com","isPartOf":{"@id":"https:\/\/www.ivivu.com\/blog\/#website"},"primaryImageOfPage":{"@id":"https:\/\/www.ivivu.com\/blog\/2020\/07\/cung-die%cc%a3n-100-nam-tuoi-xay-tren-cot-da-thang-dung-o-yemen\/#primaryimage"},"image":{"@id":"https:\/\/www.ivivu.com\/blog\/2020\/07\/cung-die%cc%a3n-100-nam-tuoi-xay-tren-cot-da-thang-dung-o-yemen\/#primaryimage"},"thumbnailUrl":"https:\/\/cdn3.ivivu.com\/2020\/07\/cung-dien-100-nam-tuoi-xay-tren-cot-da-thang-dung-o-yemen-ivivu-6.jpg","datePublished":"2020-07-12T02:00:12+00:00","dateModified":"2020-07-10T03:44:31+00:00","description":"Cung \u0111i\u00ea\u0323n Dar al-Hajar l\u00e0 m\u1ed9t trong nh\u1eefng \u0111i\u1ec3m du l\u1ecbch h\u00fat kh\u00e1ch h\u00e0ng \u0111\u1ea7u \u1edf Yemen, t\u1ecda l\u1ea1c tr\u00ean c\u1ed9t \u0111\u00e1 th\u1eb3ng \u0111\u1ee9ng su\u1ed1t 100 n\u0103m qua.","breadcrumb":{"@id":"https:\/\/www.ivivu.com\/blog\/2020\/07\/cung-die%cc%a3n-100-nam-tuoi-xay-tren-cot-da-thang-dung-o-yemen\/#breadcrumb"},"inLanguage":"vi","potentialAction":[{"@type":"ReadAction","target":["https:\/\/www.ivivu.com\/blog\/2020\/07\/cung-die%cc%a3n-100-nam-tuoi-xay-tren-cot-da-thang-dung-o-yemen\/"]}]},{"@type":"ImageObject","inLanguage":"vi","@id":"https:\/\/www.ivivu.com\/blog\/2020\/07\/cung-die%cc%a3n-100-nam-tuoi-xay-tren-cot-da-thang-dung-o-yemen\/#primaryimage","url":"https:\/\/cdn3.ivivu.com\/2020\/07\/cung-dien-100-nam-tuoi-xay-tren-cot-da-thang-dung-o-yemen-ivivu-6.jpg","contentUrl":"https:\/\/cdn3.ivivu.com\/2020\/07\/cung-dien-100-nam-tuoi-xay-tren-cot-da-thang-dung-o-yemen-ivivu-6.jpg","width":962,"height":637},{"@type":"BreadcrumbList","@id":"https:\/\/www.ivivu.com\/blog\/2020\/07\/cung-die%cc%a3n-100-nam-tuoi-xay-tren-cot-da-thang-dung-o-yemen\/#breadcrumb","itemListElement":[{"@type":"ListItem","position":1,"name":"Home","item":"https:\/\/www.ivivu.com\/blog\/"},{"@type":"ListItem","position":2,"name":"Cung \u0111i\u00ea\u0323n 100 n\u0103m tu\u1ed5i x\u00e2y tr\u00ean c\u1ed9t \u0111\u00e1 th\u1eb3ng \u0111\u1ee9ng \u1edf Yemen"}]},{"@type":"WebSite","@id":"https:\/\/www.ivivu.com\/blog\/#website","url":"https:\/\/www.ivivu.com\/blog\/","name":"C\u1ea9m nang du l\u1ecbch","description":"","publisher":{"@id":"https:\/\/www.ivivu.com\/blog\/#organization"},"potentialAction":[{"@type":"SearchAction","target":{"@type":"EntryPoint","urlTemplate":"https:\/\/www.ivivu.com\/blog\/?s={search_term_string}"},"query-input":"required name=search_term_string"}],"inLanguage":"vi"},{"@type":"Organization","@id":"https:\/\/www.ivivu.com\/blog\/#organization","name":"iVIVU.com","url":"https:\/\/www.ivivu.com\/blog\/","logo":{"@type":"ImageObject","inLanguage":"vi","@id":"https:\/\/www.ivivu.com\/blog\/#\/schema\/logo\/image\/","url":"https:\/\/cdn3.ivivu.com\/2024\/01\/ivivu_no_slogan.png","contentUrl":"https:\/\/cdn3.ivivu.com\/2024\/01\/ivivu_no_slogan.png","width":788,"height":565,"caption":"iVIVU.com"},"image":{"@id":"https:\/\/www.ivivu.com\/blog\/#\/schema\/logo\/image\/"},"sameAs":["https:\/\/www.facebook.com\/iVIVU"]},{"@type":"Person","@id":"https:\/\/www.ivivu.com\/blog\/#\/schema\/person\/fd65e67cfd67ef1e585300d06ef59495","name":"Ng\u1ecdc Nh\u1ef1t Ph\u1ea1m","url":"https:\/\/www.ivivu.com\/blog\/author\/nhut-pham\/"}]}},"_links":{"self":[{"href":"https:\/\/www.ivivu.com\/blog\/wp-json\/wp\/v2\/posts\/336185"}],"collection":[{"href":"https:\/\/www.ivivu.com\/blog\/wp-json\/wp\/v2\/posts"}],"about":[{"href":"https:\/\/www.ivivu.com\/blog\/wp-json\/wp\/v2\/types\/post"}],"author":[{"embeddable":true,"href":"https:\/\/www.ivivu.com\/blog\/wp-json\/wp\/v2\/users\/61"}],"replies":[{"embeddable":true,"href":"https:\/\/www.ivivu.com\/blog\/wp-json\/wp\/v2\/comments?post=336185"}],"version-history":[{"count":9,"href":"https:\/\/www.ivivu.com\/blog\/wp-json\/wp\/v2\/posts\/336185\/revisions"}],"predecessor-version":[{"id":336995,"href":"https:\/\/www.ivivu.com\/blog\/wp-json\/wp\/v2\/posts\/336185\/revisions\/336995"}],"wp:featuredmedia":[{"embeddable":true,"href":"https:\/\/www.ivivu.com\/blog\/wp-json\/wp\/v2\/media\/336210"}],"wp:attachment":[{"href":"https:\/\/www.ivivu.com\/blog\/wp-json\/wp\/v2\/media?parent=336185"}],"wp:term":[{"taxonomy":"category","embeddable":true,"href":"https:\/\/www.ivivu.com\/blog\/wp-json\/wp\/v2\/categories?post=336185"},{"taxonomy":"post_tag","embeddable":true,"href":"https:\/\/www.ivivu.com\/blog\/wp-json\/wp\/v2\/tags?post=336185"}],"curies":[{"name":"wp","href":"https:\/\/api.w.org\/{rel}","templated":true}]}}