{"id":338423,"date":"2020-08-04T14:30:06","date_gmt":"2020-08-04T07:30:06","guid":{"rendered":"https:\/\/www.ivivu.com\/blog\/?p=338423"},"modified":"2020-08-04T14:30:06","modified_gmt":"2020-08-04T07:30:06","slug":"3n2d-o-la-veranda-phu-quoc-don-tien-san-bay-tang-01-bua-an-toi-chi-2-499-000-dongkhach","status":"publish","type":"post","link":"https:\/\/www.ivivu.com\/blog\/2020\/08\/3n2d-o-la-veranda-phu-quoc-don-tien-san-bay-tang-01-bua-an-toi-chi-2-499-000-dongkhach\/","title":{"rendered":"3N2\u0110 \u1edf La Veranda Ph\u00fa Qu\u1ed1c + \u0110\u00f3n ti\u1ec5n s\u00e2n bay + T\u1eb7ng 01 b\u1eefa \u0103n t\u1ed1i ch\u1ec9 2.499.000 \u0111\u1ed3ng\/kh\u00e1ch"},"content":{"rendered":"<p style=\"text-align: justify;\"><strong><em>N\u00e9p m\u00ecnh b\u00ean b\u00e3i bi\u1ec3n Ph\u00fa Qu\u1ed1c v\u00e0 \u0111\u01b0\u1ee3c bao b\u1ecdc b\u1edfi nh\u1eefng khu v\u01b0\u1eddn xanh m\u01b0\u1edbt, <a href=\"https:\/\/www.ivivu.com\/khach-san-phu-quoc\/khu-nghi-duong-la-veranda-phu-quoc?utm_source=blog_ivivu&amp;utm_medium=post_link&amp;utm_campaign=internal\" target=\"_blank\">La Veranda Ph\u00fa Qu\u1ed1c<\/a> s\u1ebd \u0111\u01b0a b\u1ea1n \u0111\u1ebfn v\u1edbi m\u1ed9t th\u1ebf gi\u1edbi ho\u00e0n to\u00e0n kh\u00e1c, v\u1edbi nh\u1eefng b\u00ecnh y\u00ean c\u1ee7a th\u1eddi xa x\u01b0a t\u01b0\u1edfng ch\u1eebng \u0111\u00e3 b\u1ecb l\u00e3ng qu\u00ean.\u00a0<\/em><\/strong><!--more--><\/p>\n<div class=\"ltt-contentbox white\"><\/span><strong>Xem th\u00eam:\u00a0<a href=\"https:\/\/www.ivivu.com\/blog\/category\/viet-nam\/phu-quoc\/\" target=\"_blank\">Du l\u1ecbch Ph\u00fa Qu\u1ed1c<\/a><\/strong><\/div>\n<h2>3N2\u0110 \u1edf La Veranda Ph\u00fa Qu\u1ed1c + \u0110\u00f3n ti\u1ec5n s\u00e2n bay + T\u1eb7ng 01 b\u1eefa \u0103n t\u1ed1i ch\u1ec9 2.499.000 \u0111\u1ed3ng\/kh\u00e1ch<\/h2>\n<p style=\"text-align: justify;\">M\u1ed7i kh\u00e1ch s\u1ea1n boutique thu\u1ed9c th\u01b0\u01a1ng hi\u1ec7u MGallery \u0111\u1ec1u mang trong m\u00ecnh m\u1ed9t c\u00e2u chuy\u1ec7n \u0111\u1ed9c \u0111\u00e1o, n\u01a1i kh\u00e1ch h\u00e0ng c\u00f3 th\u1ec3 \u0111\u1eafm m\u00ecnh v\u00e0o nh\u1eefng c\u00e2u chuy\u1ec7n v\u1ec1 c\u00e1c h\u00e0nh tr\u00ecnh phi\u00eau l\u01b0u, l\u00e3ng m\u1ea1n, l\u1ecbch s\u1eed, v\u0103n h\u00f3a, thi\u00ean nhi\u00ean v\u00e0 nhi\u1ec1u h\u01a1n th\u1ebf n\u1eefa trong m\u1ed7i k\u1ef3 ngh\u1ec9 \u0111\u00e1ng nh\u1edb c\u1ee7a m\u00ecnh v\u00e0 <strong><em>La Veranda\u00a0Ph\u00fa Qu\u1ed1c<\/em> <\/strong>c\u0169ng kh\u00f4ng ph\u1ea3i l\u00e0 ngo\u1ea1i l\u1ec7.<\/p>\n<p style=\"text-align: center;\"><img loading=\"lazy\" decoding=\"async\" class=\"aligncenter size-full wp-image-339099\" src=\"https:\/\/cdn3.ivivu.com\/2020\/08\/La-Veranda-Phu-Quoc-ivivu-15.jpg\" alt=\"La-Veranda-Phu-Quoc-ivivu-15\" width=\"1280\" height=\"853\" srcset=\"https:\/\/cdn3.ivivu.com\/2020\/08\/La-Veranda-Phu-Quoc-ivivu-15.jpg 1280w, https:\/\/cdn3.ivivu.com\/2020\/08\/La-Veranda-Phu-Quoc-ivivu-15-458x305.jpg 458w, https:\/\/cdn3.ivivu.com\/2020\/08\/La-Veranda-Phu-Quoc-ivivu-15-1024x682.jpg 1024w\" sizes=\"(max-width: 1280px) 100vw, 1280px\" \/><\/p>\n<p style=\"text-align: center;\"><img loading=\"lazy\" decoding=\"async\" class=\"aligncenter size-full wp-image-339102\" src=\"https:\/\/cdn3.ivivu.com\/2020\/08\/La-Veranda-Phu-Quoc-ivivu-16.jpg\" alt=\"La-Veranda-Phu-Quoc-ivivu-16\" width=\"696\" height=\"960\" srcset=\"https:\/\/cdn3.ivivu.com\/2020\/08\/La-Veranda-Phu-Quoc-ivivu-16.jpg 696w, https:\/\/cdn3.ivivu.com\/2020\/08\/La-Veranda-Phu-Quoc-ivivu-16-221x305.jpg 221w\" sizes=\"(max-width: 696px) 100vw, 696px\" \/><\/p>\n<p style=\"text-align: justify;\">\u0110\u01b0\u1ee3c x\u00e2y d\u1ef1ng b\u1edfi ng\u01b0\u1eddi s\u00e1ng l\u1eadp Madame Catherine t\u1eeb t\u00ecnh y\u00eau c\u1ee7a b\u00e0 d\u00e0nh cho h\u00f2n \u0111\u1ea3o Ph\u00fa Qu\u1ed1c xinh \u0111\u1eb9p, t\u00f2a dinh th\u1ef1 Ph\u00e1p thu\u1ed9c n\u1eb1m gi\u1eefa nh\u1eefng khu v\u01b0\u1eddn nhi\u1ec7t \u0111\u1edbi xanh m\u01b0\u1edbt \u0111\u00e3 t\u1ea1o n\u00ean m\u1ed9t n\u00e9t ch\u1ea5m ph\u00e1 duy\u00ean d\u00e1ng cho khu ngh\u1ec9 d\u01b0\u1ee1ng ven bi\u1ec3n n\u00e0y.<\/p>\n<p style=\"text-align: center;\"><img loading=\"lazy\" decoding=\"async\" class=\"aligncenter size-full wp-image-339085\" src=\"https:\/\/cdn3.ivivu.com\/2020\/08\/La-Veranda-Phu-Quoc-ivivu-1.jpg\" alt=\"La-Veranda-Phu-Quoc-ivivu-1\" width=\"2048\" height=\"1365\" srcset=\"https:\/\/cdn3.ivivu.com\/2020\/08\/La-Veranda-Phu-Quoc-ivivu-1.jpg 2048w, https:\/\/cdn3.ivivu.com\/2020\/08\/La-Veranda-Phu-Quoc-ivivu-1-458x305.jpg 458w, https:\/\/cdn3.ivivu.com\/2020\/08\/La-Veranda-Phu-Quoc-ivivu-1-1024x683.jpg 1024w\" sizes=\"(max-width: 2048px) 100vw, 2048px\" \/><\/p>\n<p style=\"text-align: center;\"><img loading=\"lazy\" decoding=\"async\" class=\"aligncenter size-full wp-image-339086\" src=\"https:\/\/cdn3.ivivu.com\/2020\/08\/La-Veranda-Phu-Quoc-ivivu-2.jpg\" alt=\"La-Veranda-Phu-Quoc-ivivu-2\" width=\"2048\" height=\"1365\" srcset=\"https:\/\/cdn3.ivivu.com\/2020\/08\/La-Veranda-Phu-Quoc-ivivu-2.jpg 2048w, https:\/\/cdn3.ivivu.com\/2020\/08\/La-Veranda-Phu-Quoc-ivivu-2-458x305.jpg 458w, https:\/\/cdn3.ivivu.com\/2020\/08\/La-Veranda-Phu-Quoc-ivivu-2-1024x683.jpg 1024w\" sizes=\"(max-width: 2048px) 100vw, 2048px\" \/><\/p>\n<p style=\"text-align: center;\"><img loading=\"lazy\" decoding=\"async\" class=\"aligncenter size-full wp-image-339103\" src=\"https:\/\/cdn3.ivivu.com\/2020\/08\/La-Veranda-Phu-Quoc-ivivu-17.jpg\" alt=\"La-Veranda-Phu-Quoc-ivivu-17\" width=\"706\" height=\"960\" srcset=\"https:\/\/cdn3.ivivu.com\/2020\/08\/La-Veranda-Phu-Quoc-ivivu-17.jpg 706w, https:\/\/cdn3.ivivu.com\/2020\/08\/La-Veranda-Phu-Quoc-ivivu-17-224x305.jpg 224w\" sizes=\"(max-width: 706px) 100vw, 706px\" \/><\/p>\n<p style=\"text-align: justify;\">T\u1eebng chi ti\u1ebft c\u1ee7a 74 ph\u00f2ng ngh\u1ec9 theo phong c\u00e1ch \u0110\u00f4ng D\u01b0\u01a1ng g\u1ee3i l\u00ean m\u1ed9t th\u1eddi \u0111\u1ea1i x\u01b0a c\u0169 khi cu\u1ed9c s\u1ed1ng ch\u1eadm h\u01a1n, \u0111\u01a1n gi\u1ea3n v\u00e0 tinh t\u1ebf h\u01a1n.\u00a0G\u1ea1ch hoa l\u00e1t n\u1ec1n v\u1ebd tay, gi\u01b0\u1eddng m\u1eafc m\u00e0n b\u1ed1n tr\u1ee5 c\u1ee1 l\u1edbn, c\u00e1c t\u00e1c ph\u1ea9m ngh\u1ec7 thu\u1eadt \u0111\u1ea7y c\u1ea3m h\u1ee9ng v\u00e0 c\u00e1c v\u1eadt ph\u1ea9m s\u01b0u t\u1ea7m \u0111\u1ed9c \u0111\u00e1o mang \u0111\u1ebfn cho m\u1ed7i c\u0103n ph\u00f2ng m\u1ed9t s\u1ef1 pha tr\u1ed9n th\u00fa v\u1ecb gi\u1eefa n\u00e9t thanh l\u1ecbch c\u1ed5 \u0111i\u1ec3n v\u00e0 phong c\u00e1ch Vi\u1ec7t Nam truy\u1ec1n th\u1ed1ng. Nh\u1eefng thi\u1ebft k\u1ebf tinh t\u1ebf n\u00e0y, c\u00f9ng v\u1edbi d\u1ecbch v\u1ee5 kh\u00e1ch h\u00e0ng xu\u1ea5t s\u1eafc \u0111\u00e3 gi\u00fap <strong>La Veranda Ph\u00fa Qu\u1ed1c<\/strong> gi\u00e0nh \u0111\u01b0\u1ee3c nhi\u1ec1u gi\u1ea3i th\u01b0\u1edfng v\u00e0 ghi nh\u1eadn qua m\u1ed7i n\u0103m.<\/p>\n<p style=\"text-align: center;\"><img loading=\"lazy\" decoding=\"async\" class=\"aligncenter size-full wp-image-339093\" src=\"https:\/\/cdn3.ivivu.com\/2020\/08\/La-Veranda-Phu-Quoc-ivivu-9.jpg\" alt=\"La-Veranda-Phu-Quoc-ivivu-9\" width=\"2048\" height=\"1342\" srcset=\"https:\/\/cdn3.ivivu.com\/2020\/08\/La-Veranda-Phu-Quoc-ivivu-9.jpg 2048w, https:\/\/cdn3.ivivu.com\/2020\/08\/La-Veranda-Phu-Quoc-ivivu-9-465x305.jpg 465w, https:\/\/cdn3.ivivu.com\/2020\/08\/La-Veranda-Phu-Quoc-ivivu-9-1024x671.jpg 1024w\" sizes=\"(max-width: 2048px) 100vw, 2048px\" \/><\/p>\n<p style=\"text-align: center;\"><img loading=\"lazy\" decoding=\"async\" class=\"aligncenter size-full wp-image-339096\" src=\"https:\/\/cdn3.ivivu.com\/2020\/08\/La-Veranda-Phu-Quoc-ivivu-12.jpg\" alt=\"La-Veranda-Phu-Quoc-ivivu-12\" width=\"1996\" height=\"1384\" srcset=\"https:\/\/cdn3.ivivu.com\/2020\/08\/La-Veranda-Phu-Quoc-ivivu-12.jpg 1996w, https:\/\/cdn3.ivivu.com\/2020\/08\/La-Veranda-Phu-Quoc-ivivu-12-440x305.jpg 440w, https:\/\/cdn3.ivivu.com\/2020\/08\/La-Veranda-Phu-Quoc-ivivu-12-1024x710.jpg 1024w, https:\/\/cdn3.ivivu.com\/2020\/08\/La-Veranda-Phu-Quoc-ivivu-12-240x165.jpg 240w, https:\/\/cdn3.ivivu.com\/2020\/08\/La-Veranda-Phu-Quoc-ivivu-12-50x35.jpg 50w\" sizes=\"(max-width: 1996px) 100vw, 1996px\" \/><\/p>\n<p style=\"text-align: center;\"><img loading=\"lazy\" decoding=\"async\" class=\"aligncenter size-full wp-image-339091\" src=\"https:\/\/cdn3.ivivu.com\/2020\/08\/La-Veranda-Phu-Quoc-ivivu-7.jpg\" alt=\"La-Veranda-Phu-Quoc-ivivu-7\" width=\"2048\" height=\"1365\" srcset=\"https:\/\/cdn3.ivivu.com\/2020\/08\/La-Veranda-Phu-Quoc-ivivu-7.jpg 2048w, https:\/\/cdn3.ivivu.com\/2020\/08\/La-Veranda-Phu-Quoc-ivivu-7-458x305.jpg 458w, https:\/\/cdn3.ivivu.com\/2020\/08\/La-Veranda-Phu-Quoc-ivivu-7-1024x683.jpg 1024w\" sizes=\"(max-width: 2048px) 100vw, 2048px\" \/><\/p>\n<p style=\"text-align: justify;\">L\u01b0u tr\u00fa \u1edf \u0111\u00e2y b\u1ea1n c\u00f3 th\u1ec3 th\u01b0\u1edfng th\u1ee9c nhi\u1ec1u m\u00f3n ngon t\u1ea1i nh\u00e0 h\u00e0ng The Peppertree m\u1edf ra quang c\u1ea3nh tuy\u1ec7t \u0111\u1eb9p c\u1ee7a \u0111\u1ea1i d\u01b0\u01a1ng v\u00e0 nh\u1eefng kho\u1ea3nh kh\u1eafc ho\u00e0ng h\u00f4n m\u00ea \u0111\u1eafm l\u00f2ng ng\u01b0\u1eddi ho\u1eb7c th\u01b0 gi\u00e3n t\u1ea1i Le Bar v\u1edbi c\u00e1c lo\u1ea1i r\u01b0\u1ee3u vang th\u01b0\u1ee3ng h\u1ea1ng, cocktail v\u00e0 r\u01b0\u1ee3u m\u1ea1nh th\u01a1m ngon trong b\u1ea7u kh\u00f4ng kh\u00ed retro l\u00e3ng m\u1ea1n.<\/p>\n<p style=\"text-align: center;\"><img loading=\"lazy\" decoding=\"async\" class=\"aligncenter size-full wp-image-339098\" src=\"https:\/\/cdn3.ivivu.com\/2020\/08\/La-Veranda-Phu-Quoc-ivivu-14.jpg\" alt=\"La-Veranda-Phu-Quoc-ivivu-14\" width=\"1024\" height=\"683\" srcset=\"https:\/\/cdn3.ivivu.com\/2020\/08\/La-Veranda-Phu-Quoc-ivivu-14.jpg 1024w, https:\/\/cdn3.ivivu.com\/2020\/08\/La-Veranda-Phu-Quoc-ivivu-14-457x305.jpg 457w\" sizes=\"(max-width: 1024px) 100vw, 1024px\" \/><\/p>\n<p style=\"text-align: center;\"><img loading=\"lazy\" decoding=\"async\" class=\"aligncenter size-full wp-image-339090\" src=\"https:\/\/cdn3.ivivu.com\/2020\/08\/La-Veranda-Phu-Quoc-ivivu-6.jpg\" alt=\"La-Veranda-Phu-Quoc-ivivu-6\" width=\"640\" height=\"960\" srcset=\"https:\/\/cdn3.ivivu.com\/2020\/08\/La-Veranda-Phu-Quoc-ivivu-6.jpg 640w, https:\/\/cdn3.ivivu.com\/2020\/08\/La-Veranda-Phu-Quoc-ivivu-6-203x305.jpg 203w\" sizes=\"(max-width: 640px) 100vw, 640px\" \/><\/p>\n<p style=\"text-align: justify;\">\u0110\u1eb7c bi\u1ec7t,\u00a0n\u1eb1m b\u00ean trong <em>La Veranda Ph\u00fa Qu\u1ed1c<\/em>, T\u0128NH Wellness Sanctuary\u00a0mang \u0111\u1ebfn m\u1ed9t lo\u1ea1t c\u00e1c l\u1ef1a ch\u1ecdn ch\u0103m s\u00f3c s\u1ee9c kh\u1ecfe, \u0111\u1ec3 b\u1ea1n th\u01b0 gi\u00e3n, t\u00ecm l\u1ea1i c\u00e2n b\u1eb1ng cho c\u01a1 th\u1ec3, ho\u00e0 m\u00ecnh v\u1edbi thi\u00ean nhi\u00ean v\u00e0 \u201ch\u00e0i ho\u00e0\u201d v\u1edbi ch\u00ednh b\u1ea3n th\u00e2n m\u00ecnh. T\u0128NH c\u00f3 8 ph\u00f2ng tr\u1ecb li\u1ec7u sang tr\u1ecdng, n\u01a1i b\u1ea1n c\u00f3 th\u1ec3 l\u1ef1a ch\u1ecdn c\u00e1c li\u1ec7u ph\u00e1p ch\u0103m s\u00f3c s\u1ee9c kh\u1ecfe v\u00e0 spa h\u1eefu c\u01a1.<\/p>\n<p style=\"text-align: center;\"><img loading=\"lazy\" decoding=\"async\" class=\"aligncenter size-full wp-image-339095\" src=\"https:\/\/cdn3.ivivu.com\/2020\/08\/La-Veranda-Phu-Quoc-ivivu-11.jpg\" alt=\"La-Veranda-Phu-Quoc-ivivu-11\" width=\"2048\" height=\"1365\" srcset=\"https:\/\/cdn3.ivivu.com\/2020\/08\/La-Veranda-Phu-Quoc-ivivu-11.jpg 2048w, https:\/\/cdn3.ivivu.com\/2020\/08\/La-Veranda-Phu-Quoc-ivivu-11-458x305.jpg 458w, https:\/\/cdn3.ivivu.com\/2020\/08\/La-Veranda-Phu-Quoc-ivivu-11-1024x683.jpg 1024w\" sizes=\"(max-width: 2048px) 100vw, 2048px\" \/> <img loading=\"lazy\" decoding=\"async\" class=\"aligncenter size-full wp-image-339094\" src=\"https:\/\/cdn3.ivivu.com\/2020\/08\/La-Veranda-Phu-Quoc-ivivu-10.jpg\" alt=\"La-Veranda-Phu-Quoc-ivivu-10\" width=\"640\" height=\"960\" srcset=\"https:\/\/cdn3.ivivu.com\/2020\/08\/La-Veranda-Phu-Quoc-ivivu-10.jpg 640w, https:\/\/cdn3.ivivu.com\/2020\/08\/La-Veranda-Phu-Quoc-ivivu-10-203x305.jpg 203w\" sizes=\"(max-width: 640px) 100vw, 640px\" \/><\/p>\n<p style=\"text-align: justify;\">M\u1ed7i ph\u00f2ng tr\u1ecb li\u1ec7u VIP \u0111\u01b0\u1ee3c l\u1ea5y c\u1ea3m h\u1ee9ng t\u1eeb c\u00e1c nguy\u00ean t\u1ed1 c\u01a1 b\u1ea3n c\u1ee7a thi\u00ean nhi\u00ean l\u00e0 \u0111\u1ea5t, n\u01b0\u1edbc, g\u1ed7, v\u00e0 l\u1eeda. C\u00e1c ph\u00f2ng VIP n\u00e0y \u0111\u01b0\u1ee3c trang b\u1ecb \u0111\u1ea7y \u0111\u1ee7 v\u1edbi ph\u00f2ng x\u00f4ng h\u01a1i b\u1eb1ng tia h\u1ed3ng ngo\u1ea1i, ph\u00f2ng x\u00f4ng h\u01a1i kh\u00f4 truy\u1ec1n th\u1ed1ng, v\u00e0 ph\u00f2ng x\u00f4ng h\u01a1i th\u1ee7y li\u1ec7u ph\u00e1p. Ngo\u00e0i ra c\u00f2n c\u00f3 yoga sala, ph\u00f2ng t\u1eadp gym hi\u1ec7n \u0111\u1ea1i, ph\u00f2ng tr\u1ecb li\u1ec7u, massage ch\u00e2n v\u00e0 ch\u0103m s\u00f3c m\u00f3ng t\u1eeb s\u1ea3n ph\u1ea9m h\u1eefu c\u01a1. T\u1ea5t c\u1ea3 c\u00e1c ti\u1ec7n \u00edch \u0111\u1ea7y \u0111\u1ee7 nh\u1ea5t \u0111\u1ec3 ph\u1ee5c v\u1ee5 nh\u1eefng nhu c\u1ea7u ch\u0103m s\u00f3c s\u1ee9c kh\u1ecfe c\u1ee7a b\u1ea1n.<\/p>\n<p style=\"text-align: center;\"><img loading=\"lazy\" decoding=\"async\" class=\"aligncenter size-full wp-image-339097\" src=\"https:\/\/cdn3.ivivu.com\/2020\/08\/La-Veranda-Phu-Quoc-ivivu-13.jpg\" alt=\"La-Veranda-Phu-Quoc-ivivu-13\" width=\"1024\" height=\"683\" srcset=\"https:\/\/cdn3.ivivu.com\/2020\/08\/La-Veranda-Phu-Quoc-ivivu-13.jpg 1024w, https:\/\/cdn3.ivivu.com\/2020\/08\/La-Veranda-Phu-Quoc-ivivu-13-457x305.jpg 457w\" sizes=\"(max-width: 1024px) 100vw, 1024px\" \/><\/p>\n<p style=\"text-align: justify;\"><div class=\"ltt-contentbox white\"><\/span><\/p>\n<p><strong>Ngh\u1ec9 d\u01b0\u1ee1ng 3N2\u0110 + \u0110\u00f3n ti\u1ec5n s\u00e2n bay + T\u1eb7ng 01 b\u1eefa \u0103n t\u1ed1i ch\u1ec9 2.499.000 VND\/Kh\u00e1ch<\/strong><\/p>\n<p>Combo bao g\u1ed3m<\/p>\n<p>&#8211; 02 \u0111\u00eam ngh\u1ec9 d\u01b0\u1ee1ng t\u1ea1i h\u1ea1ng ph\u00f2ng Deluxe Garden phong c\u00e1ch c\u1ed5 \u0111i\u1ec3n<\/p>\n<p>&#8211; \u0102n s\u00e1ng t\u1ef1 ch\u1ecdn ti\u00eau chu\u1ea9n qu\u1ed1c t\u1ebf<\/p>\n<p>&#8211; \u0110\u01b0a \u0111\u00f3n s\u00e2n bay theo l\u1ecbch tr\u00ecnh kh\u00e1ch h\u00e0ng<\/p>\n<p>&#8211; T\u1eb7ng 01 b\u1eefa \u0103n t\u1ed1i set menu 03 m\u00f3n \u0111\u01b0\u1ee3c thi\u1ebft k\u1ebf b\u1edfi B\u1ebfp tr\u01b0\u1edfng Sin &#8211; Top 3 Master Chef Vi\u1ec7t Nam<\/p>\n<p>&#8211; Xe shuttle bus kh\u1ee9 h\u1ed3i \u0111\u1ebfn B\u00e3i Sao theo l\u1ecbch tr\u00ecnh c\u1ee7a khu ngh\u1ec9, t\u1ef1 do s\u1eed d\u1ee5ng gh\u1ebf t\u1eafm n\u1eafng v\u00e0 d\u00f9 t\u1ea1i Nh\u00e0 h\u00e0ng Paradiso<\/p>\n<p>&#8211; Gi\u1ea3m gi\u00e1 40% khi tr\u1ea3i nghi\u1ec7m c\u00e1c g\u00f3i li\u1ec7u tr\u00ecnh t\u1ea1i LE SPA<\/p>\n<p>&#8211; Tho\u1ea3i m\u00e1i t\u1eadn h\u01b0\u1edfng c\u00e1c ti\u1ec7n \u00edch c\u1ee7a kh\u00e1ch s\u1ea1n nh\u01b0 b\u00e3i bi\u1ec3n ri\u00eang, h\u1ed3 b\u01a1i, kidsclub, ph\u00f2ng gym&#8230;<\/p>\n<p>\u0110i\u1ec1u ki\u1ec7n \u00e1p d\u1ee5ng<\/p>\n<p>&#8211; \u0110\u1eb7t t\u1ed1i thi\u1ec3u 2 kh\u00e1ch\/ph\u00f2ng<\/p>\n<p>&#8211; Th\u1eddi gian \u0111\u1eb7t v\u00e0 l\u01b0u tr\u00fa: T\u1eeb nay &#8211; 31.10.2020<\/p>\n<p>&#8211; L\u1ec5 T\u1ebft m\u1ed9t s\u1ed1 ng\u00e0y cao \u0111i\u1ec3m s\u1ebd c\u00f3 ph\u1ee5 thu<\/p>\n<p><strong>H\u01b0\u1edbng d\u1eabn c\u00e1ch \u0111\u1eb7t g\u00f3i khuy\u1ebfn m\u00e3i n\u00e0y:<\/strong><\/p>\n<p><strong>\u2013 G\u1ecdi 1900 1870 (Mi\u1ec1n Nam), 1900 2045 (Mi\u1ec1n B\u1eafc) ho\u1eb7c 1900 2087 (Mi\u1ec1n T\u00e2y)<\/strong><\/p>\n<p>\u2013 \u0110\u1eb7t online <strong><a href=\"https:\/\/www.ivivu.com\/khach-san-phu-quoc\/khu-nghi-duong-la-veranda-phu-quoc?utm_source=blog_ivivu&amp;utm_medium=post_link&amp;utm_campaign=internal\" target=\"_blank\">T\u1ea0I \u0110\u00c2Y<\/a><\/strong><\/p>\n<p><\/div><\/p>\n<p style=\"text-align: right;\"><strong>Theo iVIVU.com<\/strong><\/p>\n<div class=\"ltt-contentbox white\"><\/span><\/p>\n<p><strong>Xem th\u00eam b\u00e0i vi\u1ebft:<\/strong><\/p>\n<p><strong><a href=\"https:\/\/www.ivivu.com\/blog\/2020\/06\/4-ngay-len-rung-xuong-bien-o-phu-quoc\/\" target=\"_blank\">4 ng\u00e0y l\u00ean r\u1eebng xu\u1ed1ng bi\u1ec3n \u1edf Ph\u00fa Qu\u1ed1c<\/a><\/strong><\/p>\n<p><strong><a href=\"https:\/\/www.ivivu.com\/blog\/2020\/06\/ly-do-phai-den-phu-quoc-he-nay\/\" target=\"_blank\">L\u00fd do ph\u1ea3i \u0111\u1ebfn Ph\u00fa Qu\u1ed1c h\u00e8 n\u00e0y<\/a><\/strong><\/p>\n<p><strong><a href=\"https:\/\/www.ivivu.com\/blog\/2020\/05\/6-trai-nghiem-du-lich-dat-do-nhung-dang-dong-tien-o-phu-quoc\/\" target=\"_blank\">6 tr\u1ea3i nghi\u1ec7m du l\u1ecbch \u0111\u1eaft \u0111\u1ecf nh\u01b0ng \u0111\u00e1ng \u0111\u1ed3ng ti\u1ec1n \u1edf Ph\u00fa Qu\u1ed1c<\/a><\/strong><\/p>\n<p><\/div>\n<h3><div class=\"ltt-contentbox white\"><\/span>G\u1ecdi ngay 1900 1870 (mi\u1ec1n Nam), 1900 2045 (mi\u1ec1n B\u1eafc) ho\u1eb7c 1900 1287 (Mi\u1ec1n T\u00e2y) \u0111\u1ec3 \u0111\u01b0\u1ee3c t\u01b0 v\u1ea5n\u00a0<a href=\"https:\/\/www.ivivu.com\/khach-san-phu-quoc?utm_source=blog_ivivu&amp;utm_medium=post_link&amp;utm_campaign=internal\" target=\"_blank\">kh\u00e1ch s\u1ea1n Ph\u00fa Qu\u1ed1c<\/a>\u00a0v\u1edbi gi\u00e1 \u01b0u \u0111\u00e3 t\u1ed1t nh\u1ea5t th\u1ecb tr\u01b0\u1eddng nh\u00e9<\/div><\/h3>\n<p>***<\/p>\n<p><strong>Tham kh\u1ea3o:\u00a0<a href=\"https:\/\/www.ivivu.com\/blog\" target=\"_blank\">C\u1ea9m nang du l\u1ecbch iVIVU.com<\/a><\/strong><\/p>\n","protected":false},"excerpt":{"rendered":"<p>N\u00e9p m\u00ecnh b\u00ean b\u00e3i bi\u1ec3n Ph\u00fa Qu\u1ed1c v\u00e0 \u0111\u01b0\u1ee3c bao b\u1ecdc b\u1edfi nh\u1eefng khu v\u01b0\u1eddn xanh m\u01b0\u1edbt, La Veranda Ph\u00fa Qu\u1ed1c s\u1ebd \u0111\u01b0a b\u1ea1n \u0111\u1ebfn v\u1edbi m\u1ed9t th\u1ebf gi\u1edbi ho\u00e0n to\u00e0n kh\u00e1c, v\u1edbi nh\u1eefng b\u00ecnh y\u00ean c\u1ee7a th\u1eddi xa x\u01b0a&#8230;<\/p>\n","protected":false},"author":31,"featured_media":339085,"comment_status":"closed","ping_status":"open","sticky":false,"template":"","format":"standard","meta":{"_acf_changed":false,"footnotes":""},"categories":[239,229,797,806,14742],"tags":[40119,28604,313,5564,34132,5567,2930,32264,116,5708,33803],"acf":[],"yoast_head":"<!-- This site is optimized with the Yoast SEO Premium plugin v22.6 (Yoast SEO v22.6) - https:\/\/yoast.com\/wordpress\/plugins\/seo\/ -->\n<title>3N2\u0110 \u1edf La Veranda Ph\u00fa Qu\u1ed1c + \u0110\u00f3n ti\u1ec5n s\u00e2n bay + T\u1eb7ng 01 b\u1eefa \u0103n t\u1ed1i ch\u1ec9 2.499.000 \u0111\u1ed3ng\/kh\u00e1ch - iVIVU.com<\/title>\n<meta name=\"description\" content=\"La Veranda Ph\u00fa Qu\u1ed1c s\u1ebd \u0111\u01b0a b\u1ea1n \u0111\u1ebfn v\u1edbi m\u1ed9t th\u1ebf gi\u1edbi ho\u00e0n to\u00e0n kh\u00e1c, v\u1edbi nh\u1eefng b\u00ecnh y\u00ean c\u1ee7a th\u1eddi xa x\u01b0a t\u01b0\u1edfng ch\u1eebng \u0111\u00e3 b\u1ecb l\u00e3ng qu\u00ean.\" \/>\n<meta name=\"robots\" content=\"index, follow, max-snippet:-1, max-image-preview:large, max-video-preview:-1\" \/>\n<link rel=\"canonical\" href=\"https:\/\/www.ivivu.com\/blog\/2020\/08\/3n2d-o-la-veranda-phu-quoc-don-tien-san-bay-tang-01-bua-an-toi-chi-2-499-000-dongkhach\/\" \/>\n<meta name=\"twitter:label1\" content=\"\u0110\u01b0\u1ee3c vi\u1ebft b\u1edfi\" \/>\n\t<meta name=\"twitter:data1\" content=\"Tr\u1ecbnh L\u00e2m\" \/>\n\t<meta name=\"twitter:label2\" content=\"\u01af\u1edbc t\u00ednh th\u1eddi gian \u0111\u1ecdc\" \/>\n\t<meta name=\"twitter:data2\" content=\"6 ph\u00fat\" \/>\n<script type=\"application\/ld+json\" class=\"yoast-schema-graph\">{\"@context\":\"https:\/\/schema.org\",\"@graph\":[{\"@type\":\"Article\",\"@id\":\"https:\/\/www.ivivu.com\/blog\/2020\/08\/3n2d-o-la-veranda-phu-quoc-don-tien-san-bay-tang-01-bua-an-toi-chi-2-499-000-dongkhach\/#article\",\"isPartOf\":{\"@id\":\"https:\/\/www.ivivu.com\/blog\/2020\/08\/3n2d-o-la-veranda-phu-quoc-don-tien-san-bay-tang-01-bua-an-toi-chi-2-499-000-dongkhach\/\"},\"author\":{\"name\":\"Tr\u1ecbnh L\u00e2m\",\"@id\":\"https:\/\/www.ivivu.com\/blog\/#\/schema\/person\/b98886072f55c18603c011b213b164eb\"},\"headline\":\"3N2\u0110 \u1edf La Veranda Ph\u00fa Qu\u1ed1c + \u0110\u00f3n ti\u1ec5n s\u00e2n bay + T\u1eb7ng 01 b\u1eefa \u0103n t\u1ed1i ch\u1ec9 2.499.000 \u0111\u1ed3ng\/kh\u00e1ch\",\"datePublished\":\"2020-08-04T07:30:06+00:00\",\"dateModified\":\"2020-08-04T07:30:06+00:00\",\"mainEntityOfPage\":{\"@id\":\"https:\/\/www.ivivu.com\/blog\/2020\/08\/3n2d-o-la-veranda-phu-quoc-don-tien-san-bay-tang-01-bua-an-toi-chi-2-499-000-dongkhach\/\"},\"wordCount\":1271,\"publisher\":{\"@id\":\"https:\/\/www.ivivu.com\/blog\/#organization\"},\"image\":{\"@id\":\"https:\/\/www.ivivu.com\/blog\/2020\/08\/3n2d-o-la-veranda-phu-quoc-don-tien-san-bay-tang-01-bua-an-toi-chi-2-499-000-dongkhach\/#primaryimage\"},\"thumbnailUrl\":\"https:\/\/cdn3.ivivu.com\/2020\/08\/La-Veranda-Phu-Quoc-ivivu-1.jpg\",\"keywords\":[\"combo La Veranda Ph\u00fa Qu\u1ed1c\",\"combo Ph\u00fa Qu\u1ed1c\",\"du l\u1ecbch ph\u00fa qu\u1ed1c\",\"\u0111i\u1ec3m \u0111\u1ebfn ph\u00fa qu\u1ed1c\",\"kh\u00e1ch s\u1ea1n gi\u00e1 r\u1ebb \u1edf Ph\u00fa Qu\u1ed1c\",\"kh\u00e1ch s\u1ea1n ph\u00fa qu\u1ed1c\",\"kinh nghi\u1ec7m du l\u1ecbch ph\u00fa qu\u1ed1c\",\"La Veranda Ph\u00fa Qu\u1ed1c\",\"Ph\u00fa Qu\u1ed1c\",\"resort ph\u00fa qu\u1ed1c\",\"tour Ph\u00fa Qu\u1ed1c gi\u00e1 r\u1ebb\"],\"articleSection\":[\"Du l\u1ecbch Ph\u00fa Qu\u1ed1c\",\"DU L\u1ecaCH VI\u1ec6T NAM\",\"Khuy\u1ebfn M\u00e3i\",\"N\u1ed5i B\u1eadt\",\"N\u1ed5i B\u1eadt 2\"],\"inLanguage\":\"vi\"},{\"@type\":\"WebPage\",\"@id\":\"https:\/\/www.ivivu.com\/blog\/2020\/08\/3n2d-o-la-veranda-phu-quoc-don-tien-san-bay-tang-01-bua-an-toi-chi-2-499-000-dongkhach\/\",\"url\":\"https:\/\/www.ivivu.com\/blog\/2020\/08\/3n2d-o-la-veranda-phu-quoc-don-tien-san-bay-tang-01-bua-an-toi-chi-2-499-000-dongkhach\/\",\"name\":\"3N2\u0110 \u1edf La Veranda Ph\u00fa Qu\u1ed1c + \u0110\u00f3n ti\u1ec5n s\u00e2n bay + T\u1eb7ng 01 b\u1eefa \u0103n t\u1ed1i ch\u1ec9 2.499.000 \u0111\u1ed3ng\/kh\u00e1ch - iVIVU.com\",\"isPartOf\":{\"@id\":\"https:\/\/www.ivivu.com\/blog\/#website\"},\"primaryImageOfPage\":{\"@id\":\"https:\/\/www.ivivu.com\/blog\/2020\/08\/3n2d-o-la-veranda-phu-quoc-don-tien-san-bay-tang-01-bua-an-toi-chi-2-499-000-dongkhach\/#primaryimage\"},\"image\":{\"@id\":\"https:\/\/www.ivivu.com\/blog\/2020\/08\/3n2d-o-la-veranda-phu-quoc-don-tien-san-bay-tang-01-bua-an-toi-chi-2-499-000-dongkhach\/#primaryimage\"},\"thumbnailUrl\":\"https:\/\/cdn3.ivivu.com\/2020\/08\/La-Veranda-Phu-Quoc-ivivu-1.jpg\",\"datePublished\":\"2020-08-04T07:30:06+00:00\",\"dateModified\":\"2020-08-04T07:30:06+00:00\",\"description\":\"La Veranda Ph\u00fa Qu\u1ed1c s\u1ebd \u0111\u01b0a b\u1ea1n \u0111\u1ebfn v\u1edbi m\u1ed9t th\u1ebf gi\u1edbi ho\u00e0n to\u00e0n kh\u00e1c, v\u1edbi nh\u1eefng b\u00ecnh y\u00ean c\u1ee7a th\u1eddi xa x\u01b0a t\u01b0\u1edfng ch\u1eebng \u0111\u00e3 b\u1ecb l\u00e3ng qu\u00ean.\",\"breadcrumb\":{\"@id\":\"https:\/\/www.ivivu.com\/blog\/2020\/08\/3n2d-o-la-veranda-phu-quoc-don-tien-san-bay-tang-01-bua-an-toi-chi-2-499-000-dongkhach\/#breadcrumb\"},\"inLanguage\":\"vi\",\"potentialAction\":[{\"@type\":\"ReadAction\",\"target\":[\"https:\/\/www.ivivu.com\/blog\/2020\/08\/3n2d-o-la-veranda-phu-quoc-don-tien-san-bay-tang-01-bua-an-toi-chi-2-499-000-dongkhach\/\"]}]},{\"@type\":\"ImageObject\",\"inLanguage\":\"vi\",\"@id\":\"https:\/\/www.ivivu.com\/blog\/2020\/08\/3n2d-o-la-veranda-phu-quoc-don-tien-san-bay-tang-01-bua-an-toi-chi-2-499-000-dongkhach\/#primaryimage\",\"url\":\"https:\/\/cdn3.ivivu.com\/2020\/08\/La-Veranda-Phu-Quoc-ivivu-1.jpg\",\"contentUrl\":\"https:\/\/cdn3.ivivu.com\/2020\/08\/La-Veranda-Phu-Quoc-ivivu-1.jpg\",\"width\":2048,\"height\":1365},{\"@type\":\"BreadcrumbList\",\"@id\":\"https:\/\/www.ivivu.com\/blog\/2020\/08\/3n2d-o-la-veranda-phu-quoc-don-tien-san-bay-tang-01-bua-an-toi-chi-2-499-000-dongkhach\/#breadcrumb\",\"itemListElement\":[{\"@type\":\"ListItem\",\"position\":1,\"name\":\"Home\",\"item\":\"https:\/\/www.ivivu.com\/blog\/\"},{\"@type\":\"ListItem\",\"position\":2,\"name\":\"3N2\u0110 \u1edf La Veranda Ph\u00fa Qu\u1ed1c + \u0110\u00f3n ti\u1ec5n s\u00e2n bay + T\u1eb7ng 01 b\u1eefa \u0103n t\u1ed1i ch\u1ec9 2.499.000 \u0111\u1ed3ng\/kh\u00e1ch\"}]},{\"@type\":\"WebSite\",\"@id\":\"https:\/\/www.ivivu.com\/blog\/#website\",\"url\":\"https:\/\/www.ivivu.com\/blog\/\",\"name\":\"C\u1ea9m nang du l\u1ecbch\",\"description\":\"\",\"publisher\":{\"@id\":\"https:\/\/www.ivivu.com\/blog\/#organization\"},\"potentialAction\":[{\"@type\":\"SearchAction\",\"target\":{\"@type\":\"EntryPoint\",\"urlTemplate\":\"https:\/\/www.ivivu.com\/blog\/?s={search_term_string}\"},\"query-input\":\"required name=search_term_string\"}],\"inLanguage\":\"vi\"},{\"@type\":\"Organization\",\"@id\":\"https:\/\/www.ivivu.com\/blog\/#organization\",\"name\":\"iVIVU.com\",\"url\":\"https:\/\/www.ivivu.com\/blog\/\",\"logo\":{\"@type\":\"ImageObject\",\"inLanguage\":\"vi\",\"@id\":\"https:\/\/www.ivivu.com\/blog\/#\/schema\/logo\/image\/\",\"url\":\"https:\/\/cdn3.ivivu.com\/2024\/01\/ivivu_no_slogan.png\",\"contentUrl\":\"https:\/\/cdn3.ivivu.com\/2024\/01\/ivivu_no_slogan.png\",\"width\":788,\"height\":565,\"caption\":\"iVIVU.com\"},\"image\":{\"@id\":\"https:\/\/www.ivivu.com\/blog\/#\/schema\/logo\/image\/\"},\"sameAs\":[\"https:\/\/www.facebook.com\/iVIVU\"]},{\"@type\":\"Person\",\"@id\":\"https:\/\/www.ivivu.com\/blog\/#\/schema\/person\/b98886072f55c18603c011b213b164eb\",\"name\":\"Tr\u1ecbnh L\u00e2m\",\"sameAs\":[\"https:\/\/www.ivivu.com\/blog\"],\"url\":\"https:\/\/www.ivivu.com\/blog\/author\/lam\/\"}]}<\/script>\n<!-- \/ Yoast SEO Premium plugin. -->","yoast_head_json":{"title":"3N2\u0110 \u1edf La Veranda Ph\u00fa Qu\u1ed1c + \u0110\u00f3n ti\u1ec5n s\u00e2n bay + T\u1eb7ng 01 b\u1eefa \u0103n t\u1ed1i ch\u1ec9 2.499.000 \u0111\u1ed3ng\/kh\u00e1ch - iVIVU.com","description":"La Veranda Ph\u00fa Qu\u1ed1c s\u1ebd \u0111\u01b0a b\u1ea1n \u0111\u1ebfn v\u1edbi m\u1ed9t th\u1ebf gi\u1edbi ho\u00e0n to\u00e0n kh\u00e1c, v\u1edbi nh\u1eefng b\u00ecnh y\u00ean c\u1ee7a th\u1eddi xa x\u01b0a t\u01b0\u1edfng ch\u1eebng \u0111\u00e3 b\u1ecb l\u00e3ng qu\u00ean.","robots":{"index":"index","follow":"follow","max-snippet":"max-snippet:-1","max-image-preview":"max-image-preview:large","max-video-preview":"max-video-preview:-1"},"canonical":"https:\/\/www.ivivu.com\/blog\/2020\/08\/3n2d-o-la-veranda-phu-quoc-don-tien-san-bay-tang-01-bua-an-toi-chi-2-499-000-dongkhach\/","twitter_misc":{"\u0110\u01b0\u1ee3c vi\u1ebft b\u1edfi":"Tr\u1ecbnh L\u00e2m","\u01af\u1edbc t\u00ednh th\u1eddi gian \u0111\u1ecdc":"6 ph\u00fat"},"schema":{"@context":"https:\/\/schema.org","@graph":[{"@type":"Article","@id":"https:\/\/www.ivivu.com\/blog\/2020\/08\/3n2d-o-la-veranda-phu-quoc-don-tien-san-bay-tang-01-bua-an-toi-chi-2-499-000-dongkhach\/#article","isPartOf":{"@id":"https:\/\/www.ivivu.com\/blog\/2020\/08\/3n2d-o-la-veranda-phu-quoc-don-tien-san-bay-tang-01-bua-an-toi-chi-2-499-000-dongkhach\/"},"author":{"name":"Tr\u1ecbnh L\u00e2m","@id":"https:\/\/www.ivivu.com\/blog\/#\/schema\/person\/b98886072f55c18603c011b213b164eb"},"headline":"3N2\u0110 \u1edf La Veranda Ph\u00fa Qu\u1ed1c + \u0110\u00f3n ti\u1ec5n s\u00e2n bay + T\u1eb7ng 01 b\u1eefa \u0103n t\u1ed1i ch\u1ec9 2.499.000 \u0111\u1ed3ng\/kh\u00e1ch","datePublished":"2020-08-04T07:30:06+00:00","dateModified":"2020-08-04T07:30:06+00:00","mainEntityOfPage":{"@id":"https:\/\/www.ivivu.com\/blog\/2020\/08\/3n2d-o-la-veranda-phu-quoc-don-tien-san-bay-tang-01-bua-an-toi-chi-2-499-000-dongkhach\/"},"wordCount":1271,"publisher":{"@id":"https:\/\/www.ivivu.com\/blog\/#organization"},"image":{"@id":"https:\/\/www.ivivu.com\/blog\/2020\/08\/3n2d-o-la-veranda-phu-quoc-don-tien-san-bay-tang-01-bua-an-toi-chi-2-499-000-dongkhach\/#primaryimage"},"thumbnailUrl":"https:\/\/cdn3.ivivu.com\/2020\/08\/La-Veranda-Phu-Quoc-ivivu-1.jpg","keywords":["combo La Veranda Ph\u00fa Qu\u1ed1c","combo Ph\u00fa Qu\u1ed1c","du l\u1ecbch ph\u00fa qu\u1ed1c","\u0111i\u1ec3m \u0111\u1ebfn ph\u00fa qu\u1ed1c","kh\u00e1ch s\u1ea1n gi\u00e1 r\u1ebb \u1edf Ph\u00fa Qu\u1ed1c","kh\u00e1ch s\u1ea1n ph\u00fa qu\u1ed1c","kinh nghi\u1ec7m du l\u1ecbch ph\u00fa qu\u1ed1c","La Veranda Ph\u00fa Qu\u1ed1c","Ph\u00fa Qu\u1ed1c","resort ph\u00fa qu\u1ed1c","tour Ph\u00fa Qu\u1ed1c gi\u00e1 r\u1ebb"],"articleSection":["Du l\u1ecbch Ph\u00fa Qu\u1ed1c","DU L\u1ecaCH VI\u1ec6T NAM","Khuy\u1ebfn M\u00e3i","N\u1ed5i B\u1eadt","N\u1ed5i B\u1eadt 2"],"inLanguage":"vi"},{"@type":"WebPage","@id":"https:\/\/www.ivivu.com\/blog\/2020\/08\/3n2d-o-la-veranda-phu-quoc-don-tien-san-bay-tang-01-bua-an-toi-chi-2-499-000-dongkhach\/","url":"https:\/\/www.ivivu.com\/blog\/2020\/08\/3n2d-o-la-veranda-phu-quoc-don-tien-san-bay-tang-01-bua-an-toi-chi-2-499-000-dongkhach\/","name":"3N2\u0110 \u1edf La Veranda Ph\u00fa Qu\u1ed1c + \u0110\u00f3n ti\u1ec5n s\u00e2n bay + T\u1eb7ng 01 b\u1eefa \u0103n t\u1ed1i ch\u1ec9 2.499.000 \u0111\u1ed3ng\/kh\u00e1ch - iVIVU.com","isPartOf":{"@id":"https:\/\/www.ivivu.com\/blog\/#website"},"primaryImageOfPage":{"@id":"https:\/\/www.ivivu.com\/blog\/2020\/08\/3n2d-o-la-veranda-phu-quoc-don-tien-san-bay-tang-01-bua-an-toi-chi-2-499-000-dongkhach\/#primaryimage"},"image":{"@id":"https:\/\/www.ivivu.com\/blog\/2020\/08\/3n2d-o-la-veranda-phu-quoc-don-tien-san-bay-tang-01-bua-an-toi-chi-2-499-000-dongkhach\/#primaryimage"},"thumbnailUrl":"https:\/\/cdn3.ivivu.com\/2020\/08\/La-Veranda-Phu-Quoc-ivivu-1.jpg","datePublished":"2020-08-04T07:30:06+00:00","dateModified":"2020-08-04T07:30:06+00:00","description":"La Veranda Ph\u00fa Qu\u1ed1c s\u1ebd \u0111\u01b0a b\u1ea1n \u0111\u1ebfn v\u1edbi m\u1ed9t th\u1ebf gi\u1edbi ho\u00e0n to\u00e0n kh\u00e1c, v\u1edbi nh\u1eefng b\u00ecnh y\u00ean c\u1ee7a th\u1eddi xa x\u01b0a t\u01b0\u1edfng ch\u1eebng \u0111\u00e3 b\u1ecb l\u00e3ng qu\u00ean.","breadcrumb":{"@id":"https:\/\/www.ivivu.com\/blog\/2020\/08\/3n2d-o-la-veranda-phu-quoc-don-tien-san-bay-tang-01-bua-an-toi-chi-2-499-000-dongkhach\/#breadcrumb"},"inLanguage":"vi","potentialAction":[{"@type":"ReadAction","target":["https:\/\/www.ivivu.com\/blog\/2020\/08\/3n2d-o-la-veranda-phu-quoc-don-tien-san-bay-tang-01-bua-an-toi-chi-2-499-000-dongkhach\/"]}]},{"@type":"ImageObject","inLanguage":"vi","@id":"https:\/\/www.ivivu.com\/blog\/2020\/08\/3n2d-o-la-veranda-phu-quoc-don-tien-san-bay-tang-01-bua-an-toi-chi-2-499-000-dongkhach\/#primaryimage","url":"https:\/\/cdn3.ivivu.com\/2020\/08\/La-Veranda-Phu-Quoc-ivivu-1.jpg","contentUrl":"https:\/\/cdn3.ivivu.com\/2020\/08\/La-Veranda-Phu-Quoc-ivivu-1.jpg","width":2048,"height":1365},{"@type":"BreadcrumbList","@id":"https:\/\/www.ivivu.com\/blog\/2020\/08\/3n2d-o-la-veranda-phu-quoc-don-tien-san-bay-tang-01-bua-an-toi-chi-2-499-000-dongkhach\/#breadcrumb","itemListElement":[{"@type":"ListItem","position":1,"name":"Home","item":"https:\/\/www.ivivu.com\/blog\/"},{"@type":"ListItem","position":2,"name":"3N2\u0110 \u1edf La Veranda Ph\u00fa Qu\u1ed1c + \u0110\u00f3n ti\u1ec5n s\u00e2n bay + T\u1eb7ng 01 b\u1eefa \u0103n t\u1ed1i ch\u1ec9 2.499.000 \u0111\u1ed3ng\/kh\u00e1ch"}]},{"@type":"WebSite","@id":"https:\/\/www.ivivu.com\/blog\/#website","url":"https:\/\/www.ivivu.com\/blog\/","name":"C\u1ea9m nang du l\u1ecbch","description":"","publisher":{"@id":"https:\/\/www.ivivu.com\/blog\/#organization"},"potentialAction":[{"@type":"SearchAction","target":{"@type":"EntryPoint","urlTemplate":"https:\/\/www.ivivu.com\/blog\/?s={search_term_string}"},"query-input":"required name=search_term_string"}],"inLanguage":"vi"},{"@type":"Organization","@id":"https:\/\/www.ivivu.com\/blog\/#organization","name":"iVIVU.com","url":"https:\/\/www.ivivu.com\/blog\/","logo":{"@type":"ImageObject","inLanguage":"vi","@id":"https:\/\/www.ivivu.com\/blog\/#\/schema\/logo\/image\/","url":"https:\/\/cdn3.ivivu.com\/2024\/01\/ivivu_no_slogan.png","contentUrl":"https:\/\/cdn3.ivivu.com\/2024\/01\/ivivu_no_slogan.png","width":788,"height":565,"caption":"iVIVU.com"},"image":{"@id":"https:\/\/www.ivivu.com\/blog\/#\/schema\/logo\/image\/"},"sameAs":["https:\/\/www.facebook.com\/iVIVU"]},{"@type":"Person","@id":"https:\/\/www.ivivu.com\/blog\/#\/schema\/person\/b98886072f55c18603c011b213b164eb","name":"Tr\u1ecbnh L\u00e2m","sameAs":["https:\/\/www.ivivu.com\/blog"],"url":"https:\/\/www.ivivu.com\/blog\/author\/lam\/"}]}},"_links":{"self":[{"href":"https:\/\/www.ivivu.com\/blog\/wp-json\/wp\/v2\/posts\/338423"}],"collection":[{"href":"https:\/\/www.ivivu.com\/blog\/wp-json\/wp\/v2\/posts"}],"about":[{"href":"https:\/\/www.ivivu.com\/blog\/wp-json\/wp\/v2\/types\/post"}],"author":[{"embeddable":true,"href":"https:\/\/www.ivivu.com\/blog\/wp-json\/wp\/v2\/users\/31"}],"replies":[{"embeddable":true,"href":"https:\/\/www.ivivu.com\/blog\/wp-json\/wp\/v2\/comments?post=338423"}],"version-history":[{"count":10,"href":"https:\/\/www.ivivu.com\/blog\/wp-json\/wp\/v2\/posts\/338423\/revisions"}],"predecessor-version":[{"id":339104,"href":"https:\/\/www.ivivu.com\/blog\/wp-json\/wp\/v2\/posts\/338423\/revisions\/339104"}],"wp:featuredmedia":[{"embeddable":true,"href":"https:\/\/www.ivivu.com\/blog\/wp-json\/wp\/v2\/media\/339085"}],"wp:attachment":[{"href":"https:\/\/www.ivivu.com\/blog\/wp-json\/wp\/v2\/media?parent=338423"}],"wp:term":[{"taxonomy":"category","embeddable":true,"href":"https:\/\/www.ivivu.com\/blog\/wp-json\/wp\/v2\/categories?post=338423"},{"taxonomy":"post_tag","embeddable":true,"href":"https:\/\/www.ivivu.com\/blog\/wp-json\/wp\/v2\/tags?post=338423"}],"curies":[{"name":"wp","href":"https:\/\/api.w.org\/{rel}","templated":true}]}}