{"id":339192,"date":"2020-08-08T09:27:09","date_gmt":"2020-08-08T02:27:09","guid":{"rendered":"https:\/\/www.ivivu.com\/blog\/?p=339192"},"modified":"2020-08-07T09:28:15","modified_gmt":"2020-08-07T02:28:15","slug":"dat-gau-di-khap-chau-au-thu-nho%cc%89-ta%cc%a3i-cong-vien-ky-quan-the-destina","status":"publish","type":"post","link":"https:\/\/www.ivivu.com\/blog\/2020\/08\/dat-gau-di-khap-chau-au-thu-nho%cc%89-ta%cc%a3i-cong-vien-ky-quan-the-destina\/","title":{"rendered":"D\u0103\u0301t g\u00e2\u0301u \u0111i kh\u0103\u0301p ch\u00e2u \u00c2u thu nho\u0309 ta\u0323i c\u00f4ng vi\u00ean ky\u0300 quan The Destina"},"content":{"rendered":"<p style=\"text-align: justify;\"><em><strong>Sa\u0301t va\u0301ch Sa\u0300i Go\u0300n co\u0301 m\u00f4\u0323t ch\u00e2u \u00c2u thu nho\u0309 nh\u01b0ng i\u0301t ai bi\u00ea\u0301t \u0111\u00ea\u0301n. \u0110o\u0301 la\u0300 c\u00f4ng vi\u00ean ky\u0300 quan The Destina t\u1ea1i Khu \u0111\u00f4 th\u1ecb C\u00e1t T\u01b0\u1eddng Ph\u00fa H\u01b0ng &#8211; thu h\u00fat nhi\u00ea\u0300u ba\u0323n tre\u0309 \u0111\u00ea\u0301n check-in v\u01a1\u0301i m\u00f4 hi\u0300nh ki\u00ea\u0301n tru\u0301c n\u00f4\u0309i ti\u00ea\u0301ng thu nho\u0309 \u0111\u00f4\u0323c \u0111a\u0301o.<\/strong><\/em><\/p>\n<p><!--more--><\/p>\n<p><strong><div class=\"ltt-contentbox white\"><\/span>Xem th\u00eam:\u00a0<a href=\"https:\/\/www.ivivu.com\/blog\/category\/viet-nam\/du-lich-mien-tay\/\" target=\"_blank\">Du l\u1ecbch mi\u1ec1n T\u00e2y<\/a><\/div> <\/strong><\/p>\n<h2>D\u0103\u0301t g\u00e2\u0301u \u0111i kh\u0103\u0301p ch\u00e2u \u00c2u thu nho\u0309 ta\u0323i c\u00f4ng vi\u00ean ky\u0300 quan The Destina<\/h2>\n<div id=\"attachment_339193\" style=\"width: 2058px\" class=\"wp-caption aligncenter\"><a href=\"https:\/\/cdn3.ivivu.com\/2020\/08\/dat-gau-di-khap-chau-au-thu-nho-tai-cong-vien-the-destina-1.jpg\"><img loading=\"lazy\" decoding=\"async\" aria-describedby=\"caption-attachment-339193\" class=\"wp-image-339193 size-full\" src=\"https:\/\/cdn3.ivivu.com\/2020\/08\/dat-gau-di-khap-chau-au-thu-nho-tai-cong-vien-the-destina-1.jpg\" alt=\"dat-gau-di-khap-chau-au-thu-nho-tai-cong-vien-the-destina-1\" width=\"2048\" height=\"1360\" srcset=\"https:\/\/cdn3.ivivu.com\/2020\/08\/dat-gau-di-khap-chau-au-thu-nho-tai-cong-vien-the-destina-1.jpg 2048w, https:\/\/cdn3.ivivu.com\/2020\/08\/dat-gau-di-khap-chau-au-thu-nho-tai-cong-vien-the-destina-1-459x305.jpg 459w, https:\/\/cdn3.ivivu.com\/2020\/08\/dat-gau-di-khap-chau-au-thu-nho-tai-cong-vien-the-destina-1-1024x680.jpg 1024w\" sizes=\"(max-width: 2048px) 100vw, 2048px\" \/><\/a><p id=\"caption-attachment-339193\" class=\"wp-caption-text\">A\u0309nh: Qu\u00f4\u0301c Tha\u0300nh (Teddy Bear)<\/p><\/div>\n<p style=\"text-align: justify;\"><strong>C\u00f4ng vi\u00ean ky\u0300 quan The Destina<\/strong> m\u1ed9t qu\u1ea7n th\u1ec3 c\u00f4ng tr\u00ecnh di s\u1ea3n ki\u1ebfn tr\u00fac tr\u00ean th\u1ebf gi\u1edbi \u0111\u01b0\u1ee3c t\u00e1i hi\u1ec7n m\u1ed9t c\u00e1ch tinh t\u1ebf \u0111\u1ebfn t\u1eebng chi ti\u1ebft. M\u1ed7i c\u00f4ng tr\u00ecnh ki\u1ebfn tr\u00fac l\u00e0 bi\u1ec3u tr\u01b0ng cho m\u1ed9t n\u1ec1n v\u0103n h\u00f3a g\u1eafn li\u1ec1n v\u1edbi l\u1ecbch s\u1eed c\u1ee7a c\u00e1c n\u01b0\u1edbc ph\u01b0\u01a1ng T\u00e2y. Th\u00e1p \u0111\u1ed3ng h\u1ed3 Big Ben bi\u1ec3u t\u01b0\u1ee3ng l\u1ecbch s\u1eed v\u00e0 v\u0103n h\u00f3a n\u01b0\u1edbc Anh; b\u1ea7u kh\u00f4ng gian l\u00e3ng m\u1ea1n t\u1ea1i n\u01b0\u1edbc Ph\u00e1p v\u1edbi Kh\u1ea3i Ho\u00e0n M\u00f4n, Nh\u00e0 Th\u1edd \u0110\u1ee9c B\u00e0 Paris, hay \u0111\u00e0i phun n\u01b0\u1edbc Apollo trong cung \u0111i\u1ec7n Versailles tr\u00e1ng l\u1ec7 ho\u1eb7c check-in x\u1ee9 s\u1edf c\u1edd hoa hi\u1ec7n \u0111\u1ea1i v\u1edbi Qu\u1ea3ng Tr\u01b0\u1eddng Th\u1eddi \u0110\u1ea1i, Nh\u00e0 Tr\u1eafng,\u2026<\/p>\n<div id=\"attachment_339197\" style=\"width: 2058px\" class=\"wp-caption aligncenter\"><a href=\"https:\/\/cdn3.ivivu.com\/2020\/08\/dat-gau-di-khap-chau-au-thu-nho-tai-cong-vien-the-destina-5.jpg\"><img loading=\"lazy\" decoding=\"async\" aria-describedby=\"caption-attachment-339197\" class=\"wp-image-339197 size-full\" src=\"https:\/\/cdn3.ivivu.com\/2020\/08\/dat-gau-di-khap-chau-au-thu-nho-tai-cong-vien-the-destina-5.jpg\" alt=\"dat-gau-di-khap-chau-au-thu-nho-tai-cong-vien-the-destina-5\" width=\"2048\" height=\"1606\" srcset=\"https:\/\/cdn3.ivivu.com\/2020\/08\/dat-gau-di-khap-chau-au-thu-nho-tai-cong-vien-the-destina-5.jpg 2048w, https:\/\/cdn3.ivivu.com\/2020\/08\/dat-gau-di-khap-chau-au-thu-nho-tai-cong-vien-the-destina-5-389x305.jpg 389w, https:\/\/cdn3.ivivu.com\/2020\/08\/dat-gau-di-khap-chau-au-thu-nho-tai-cong-vien-the-destina-5-1024x803.jpg 1024w\" sizes=\"(max-width: 2048px) 100vw, 2048px\" \/><\/a><p id=\"caption-attachment-339197\" class=\"wp-caption-text\">A\u0309nh: Qu\u00f4\u0301c Tha\u0300nh (Teddy Bear)<\/p><\/div>\n<div id=\"attachment_339196\" style=\"width: 2058px\" class=\"wp-caption aligncenter\"><a href=\"https:\/\/cdn3.ivivu.com\/2020\/08\/dat-gau-di-khap-chau-au-thu-nho-tai-cong-vien-the-destina-4.jpg\"><img loading=\"lazy\" decoding=\"async\" aria-describedby=\"caption-attachment-339196\" class=\"wp-image-339196 size-full\" src=\"https:\/\/cdn3.ivivu.com\/2020\/08\/dat-gau-di-khap-chau-au-thu-nho-tai-cong-vien-the-destina-4.jpg\" alt=\"dat-gau-di-khap-chau-au-thu-nho-tai-cong-vien-the-destina-4\" width=\"2048\" height=\"1360\" srcset=\"https:\/\/cdn3.ivivu.com\/2020\/08\/dat-gau-di-khap-chau-au-thu-nho-tai-cong-vien-the-destina-4.jpg 2048w, https:\/\/cdn3.ivivu.com\/2020\/08\/dat-gau-di-khap-chau-au-thu-nho-tai-cong-vien-the-destina-4-459x305.jpg 459w, https:\/\/cdn3.ivivu.com\/2020\/08\/dat-gau-di-khap-chau-au-thu-nho-tai-cong-vien-the-destina-4-1024x680.jpg 1024w\" sizes=\"(max-width: 2048px) 100vw, 2048px\" \/><\/a><p id=\"caption-attachment-339196\" class=\"wp-caption-text\">A\u0309nh: Qu\u00f4\u0301c Tha\u0300nh (Teddy Bear)<\/p><\/div>\n<p style=\"text-align: justify;\">Kh\u00f4ng ch\u1ec9 c\u00f3 c\u00f4ng vi\u00ean di s\u1ea3n ki\u1ebfn tr\u00fac The Destina, khu \u0111\u00f4 th\u1ecb ph\u1ee9c h\u1ee3p \u0111ang d\u1ea7n ho\u00e0n thi\u1ec7n s\u1ebd c\u00f3 c\u00e1c c\u00f4ng tr\u00ecnh tham quan, gi\u1ea3i tr\u00ed n\u1ed5i b\u1eadt nh\u01b0: C\u00f4ng vi\u00ean tr\u00f2 ch\u01a1i, \u0110\u1ea1i l\u1ed9 Danh Nh\u00e2n, Qu\u1ea3ng tr\u01b0\u1eddng \u00c1nh S\u00e1ng, Trung t\u00e2m th\u01b0\u01a1ng m\u1ea1i Thi\u00ean kim hay c\u00f4ng vi\u00ean th\u1ebf gi\u1edbi \u0111i\u1ec7n \u1ea3nh\u2026.<\/p>\n<div id=\"attachment_339198\" style=\"width: 2058px\" class=\"wp-caption aligncenter\"><a href=\"https:\/\/cdn3.ivivu.com\/2020\/08\/dat-gau-di-khap-chau-au-thu-nho-tai-cong-vien-the-destina-6.jpg\"><img loading=\"lazy\" decoding=\"async\" aria-describedby=\"caption-attachment-339198\" class=\"wp-image-339198 size-full\" src=\"https:\/\/cdn3.ivivu.com\/2020\/08\/dat-gau-di-khap-chau-au-thu-nho-tai-cong-vien-the-destina-6.jpg\" alt=\"dat-gau-di-khap-chau-au-thu-nho-tai-cong-vien-the-destina-6\" width=\"2048\" height=\"1598\" srcset=\"https:\/\/cdn3.ivivu.com\/2020\/08\/dat-gau-di-khap-chau-au-thu-nho-tai-cong-vien-the-destina-6.jpg 2048w, https:\/\/cdn3.ivivu.com\/2020\/08\/dat-gau-di-khap-chau-au-thu-nho-tai-cong-vien-the-destina-6-391x305.jpg 391w, https:\/\/cdn3.ivivu.com\/2020\/08\/dat-gau-di-khap-chau-au-thu-nho-tai-cong-vien-the-destina-6-1024x799.jpg 1024w\" sizes=\"(max-width: 2048px) 100vw, 2048px\" \/><\/a><p id=\"caption-attachment-339198\" class=\"wp-caption-text\">A\u0309nh: Qu\u00f4\u0301c Tha\u0300nh (Teddy Bear)<\/p><\/div>\n<div id=\"attachment_339199\" style=\"width: 2058px\" class=\"wp-caption aligncenter\"><a href=\"https:\/\/cdn3.ivivu.com\/2020\/08\/dat-gau-di-khap-chau-au-thu-nho-tai-cong-vien-the-destina-7.jpg\"><img loading=\"lazy\" decoding=\"async\" aria-describedby=\"caption-attachment-339199\" class=\"wp-image-339199 size-full\" src=\"https:\/\/cdn3.ivivu.com\/2020\/08\/dat-gau-di-khap-chau-au-thu-nho-tai-cong-vien-the-destina-7.jpg\" alt=\"dat-gau-di-khap-chau-au-thu-nho-tai-cong-vien-the-destina-7\" width=\"2048\" height=\"1360\" srcset=\"https:\/\/cdn3.ivivu.com\/2020\/08\/dat-gau-di-khap-chau-au-thu-nho-tai-cong-vien-the-destina-7.jpg 2048w, https:\/\/cdn3.ivivu.com\/2020\/08\/dat-gau-di-khap-chau-au-thu-nho-tai-cong-vien-the-destina-7-459x305.jpg 459w, https:\/\/cdn3.ivivu.com\/2020\/08\/dat-gau-di-khap-chau-au-thu-nho-tai-cong-vien-the-destina-7-1024x680.jpg 1024w\" sizes=\"(max-width: 2048px) 100vw, 2048px\" \/><\/a><p id=\"caption-attachment-339199\" class=\"wp-caption-text\">A\u0309nh: Qu\u00f4\u0301c Tha\u0300nh (Teddy Bear)<\/p><\/div>\n<p style=\"text-align: justify;\">T\u1ea5t c\u1ea3 \u0111\u1ec1u \u0111\u01b0\u1ee3c \u201cg\u00f3i g\u1ecdn\u201d trong <strong><em>c\u00f4ng vi\u00ean k\u1ef3 quan\u00a0The Destina<\/em><\/strong> n\u00e0y v\u00e0 c\u00e1c c\u00f4ng tr\u00ecnh \u0111\u1ec1u \u0111\u01b0\u1ee3c l\u00e0m b\u1eb1ng s\u1ee3i th\u1ee7y tinh tinh ch\u1ebf t\u1eeb n\u01b0\u1edbc ngo\u00e0i v\u00e0 nh\u1eadp v\u1ec1 l\u1eafp r\u00e1p t\u1ea1i c\u00f4ng vi\u00ean. C\u00e1c \u0111\u01b0\u1eddng n\u00e9t, t\u1ec9 l\u1ec7 g\u1ea7n nh\u01b0 ch\u00ednh x\u00e1c \u0111\u1ebfn ho\u00e0n h\u1ea3o. \u0110em l\u1ea1i cho b\u1ea1n c\u1ea3m gi\u00e1c th\u1eadt nh\u1ea5t c\u00f3 th\u1ec3, \u201cs\u1ed1ng \u1ea3o\u201d t\u1ea1i \u0111\u00e2y ch\u1eb3ng kh\u00e1c g\u00ec \u0111ang \u0111\u1ee9ng gi\u1eefa m\u1ed9t tr\u1eddi \u00c2u b\u00ean kia b\u00e1n c\u1ea7u.<\/p>\n<div id=\"attachment_339200\" style=\"width: 2058px\" class=\"wp-caption aligncenter\"><a href=\"https:\/\/cdn3.ivivu.com\/2020\/08\/dat-gau-di-khap-chau-au-thu-nho-tai-cong-vien-the-destina-8.jpg\"><img loading=\"lazy\" decoding=\"async\" aria-describedby=\"caption-attachment-339200\" class=\"wp-image-339200 size-full\" src=\"https:\/\/cdn3.ivivu.com\/2020\/08\/dat-gau-di-khap-chau-au-thu-nho-tai-cong-vien-the-destina-8.jpg\" alt=\"dat-gau-di-khap-chau-au-thu-nho-tai-cong-vien-the-destina-8\" width=\"2048\" height=\"1536\" srcset=\"https:\/\/cdn3.ivivu.com\/2020\/08\/dat-gau-di-khap-chau-au-thu-nho-tai-cong-vien-the-destina-8.jpg 2048w, https:\/\/cdn3.ivivu.com\/2020\/08\/dat-gau-di-khap-chau-au-thu-nho-tai-cong-vien-the-destina-8-407x305.jpg 407w, https:\/\/cdn3.ivivu.com\/2020\/08\/dat-gau-di-khap-chau-au-thu-nho-tai-cong-vien-the-destina-8-1024x768.jpg 1024w\" sizes=\"(max-width: 2048px) 100vw, 2048px\" \/><\/a><p id=\"caption-attachment-339200\" class=\"wp-caption-text\">A\u0309nh: Qu\u00f4\u0301c Tha\u0300nh (Teddy Bear)<\/p><\/div>\n<div id=\"attachment_339195\" style=\"width: 2058px\" class=\"wp-caption aligncenter\"><a href=\"https:\/\/cdn3.ivivu.com\/2020\/08\/dat-gau-di-khap-chau-au-thu-nho-tai-cong-vien-the-destina-3.jpg\"><img loading=\"lazy\" decoding=\"async\" aria-describedby=\"caption-attachment-339195\" class=\"wp-image-339195 size-full\" src=\"https:\/\/cdn3.ivivu.com\/2020\/08\/dat-gau-di-khap-chau-au-thu-nho-tai-cong-vien-the-destina-3.jpg\" alt=\"dat-gau-di-khap-chau-au-thu-nho-tai-cong-vien-the-destina-3\" width=\"2048\" height=\"1530\" srcset=\"https:\/\/cdn3.ivivu.com\/2020\/08\/dat-gau-di-khap-chau-au-thu-nho-tai-cong-vien-the-destina-3.jpg 2048w, https:\/\/cdn3.ivivu.com\/2020\/08\/dat-gau-di-khap-chau-au-thu-nho-tai-cong-vien-the-destina-3-408x305.jpg 408w, https:\/\/cdn3.ivivu.com\/2020\/08\/dat-gau-di-khap-chau-au-thu-nho-tai-cong-vien-the-destina-3-1024x765.jpg 1024w\" sizes=\"(max-width: 2048px) 100vw, 2048px\" \/><\/a><p id=\"caption-attachment-339195\" class=\"wp-caption-text\">A\u0309nh: Qu\u00f4\u0301c Tha\u0300nh (Teddy Bear)<\/p><\/div>\n<p style=\"text-align: justify;\"><em>C\u00f4ng vi\u00ean ky\u0300 quan The Destina<\/em> \u0111\u00e3 ch\u00ednh th\u1ee9c kh\u00e1nh th\u00e0nh v\u00e0 \u0111\u01b0a v\u00e0o ho\u1ea1t \u0111\u1ed9ng t\u01b0\u0300 nga\u0300y 17\/8\/2019 va\u0300 m\u1edf c\u1eeda mi\u00ea\u0303n phi\u0301 cho du kh\u00e1ch t\u01b0\u0323 do tham quan. Ngo\u00e0i ra, trong khu \u0111\u00f4 th\u1ecb c\u00f2n c\u00f3 c\u00e1c \u0111i\u1ec3m check-in \u0111\u1ed9c \u0111\u00e1o kh\u00e1c. Bao g\u1ed3m khu An T\u00e2y H\u1ed3 v\u00e0 C\u00f4ng vi\u00ean Th\u1ebf gi\u1edbi tu\u1ed5i th\u01a1 v\u1edbi m\u00f4 h\u00ecnh kh\u1ee7ng long kh\u1ed5ng l\u1ed3 hay c\u00e1c nh\u00e2n v\u1eadt ho\u1ea1t h\u00ecnh v\u00e0 c\u00e1c tr\u00f2 ch\u01a1i g\u1eafn li\u1ec1n v\u1edbi tu\u1ed5i th\u01a1.<\/p>\n<div id=\"attachment_339194\" style=\"width: 1370px\" class=\"wp-caption aligncenter\"><a href=\"https:\/\/cdn3.ivivu.com\/2020\/08\/dat-gau-di-khap-chau-au-thu-nho-tai-cong-vien-the-destina-2.jpg\"><img loading=\"lazy\" decoding=\"async\" aria-describedby=\"caption-attachment-339194\" class=\"wp-image-339194 size-full\" src=\"https:\/\/cdn3.ivivu.com\/2020\/08\/dat-gau-di-khap-chau-au-thu-nho-tai-cong-vien-the-destina-2.jpg\" alt=\"dat-gau-di-khap-chau-au-thu-nho-tai-cong-vien-the-destina-2\" width=\"1360\" height=\"2048\" srcset=\"https:\/\/cdn3.ivivu.com\/2020\/08\/dat-gau-di-khap-chau-au-thu-nho-tai-cong-vien-the-destina-2.jpg 1360w, https:\/\/cdn3.ivivu.com\/2020\/08\/dat-gau-di-khap-chau-au-thu-nho-tai-cong-vien-the-destina-2-203x305.jpg 203w, https:\/\/cdn3.ivivu.com\/2020\/08\/dat-gau-di-khap-chau-au-thu-nho-tai-cong-vien-the-destina-2-680x1024.jpg 680w\" sizes=\"(max-width: 1360px) 100vw, 1360px\" \/><\/a><p id=\"caption-attachment-339194\" class=\"wp-caption-text\">A\u0309nh: Qu\u00f4\u0301c Tha\u0300nh (Teddy Bear)<\/p><\/div>\n<p style=\"text-align: justify;\"><em>\u0110\u1ecba ch\u1ec9: C\u00f4ng vi\u00ean K\u1ef3 Quan The Destina, Khu \u0111\u00f4 th\u1ecb sinh th\u00e1i C\u00e1t T\u01b0\u1eddng Ph\u00fa Sinh, t\u1ec9nh l\u1ed9 9, x\u00e3 M\u1ef9 H\u1ea1nh B\u1eafc, huy\u1ec7n \u0110\u1ee9c H\u00f2a, t\u1ec9nh Long An.<\/em><\/p>\n<p style=\"text-align: justify;\"><em>Gi\u00e1 v\u00e9: Mi\u1ec5n ph\u00ed<\/em><\/p>\n<h4 style=\"text-align: center;\"><div class=\"ltt-contentbox white\"><\/span>CLICK XEM TH\u00caM\u00a0<a href=\"https:\/\/www.ivivu.com\/du-lich\/tour-mien-tay?utm_source=blog_ivivu&amp;utm_medium=post_link&amp;utm_campaign=internal\" target=\"_blank\">TOUR DU L\u1ecaCH MI\u1ec0N T\u00c2Y<\/a>\u00a0V\u1edaI GI\u00c1 \u01afU \u0110\u00c3I C\u1ef0C T\u1ed0T T\u1eea IVIVU.COM<\/div><\/h4>\n<p style=\"text-align: right;\"><strong>Theo iVIVU.com<\/strong><\/p>\n<div class=\"ltt-contentbox white\"><\/span><\/p>\n<p><strong>Xem th\u00eam b\u00e0i vi\u1ebft:<\/strong><\/p>\n<p class=\"entry-title\"><a href=\"https:\/\/www.ivivu.com\/blog\/2019\/10\/mua-hoa-sung-tren-dong-lu-long-an\/\" target=\"_blank\"><strong>M\u00f9a hoa s\u00fang tr\u00ean \u0111\u1ed3ng l\u0169 Long An<\/strong><\/a><\/p>\n<p><strong><a href=\"https:\/\/www.ivivu.com\/blog\/2016\/11\/nhung-kien-truc-co-xinh-dep-o-can-duoc\/\" target=\"_blank\">Nh\u1eefng ki\u1ebfn tr\u00fac c\u1ed5 xinh \u0111\u1eb9p \u1edf C\u1ea7n \u0110\u01b0\u1edbc<\/a><\/strong><\/p>\n<p><strong><a href=\"https:\/\/www.ivivu.com\/blog\/2016\/09\/kham-pha-con-duong-xuyen-rung-tram-tan-lap\/\" target=\"_blank\">Kh\u00e1m ph\u00e1 con \u0111\u01b0\u1eddng xuy\u00ean r\u1eebng tr\u00e0m T\u00e2n L\u1eadp<\/a><\/strong><\/p>\n<p><\/div>\n<h3><div class=\"ltt-contentbox white\"><\/span>Click \u0111\u1eb7t ngay\u00a0<a href=\"https:\/\/www.ivivu.com\/?utm_source=blog_ivivu&amp;utm_medium=post_link&amp;utm_campaign=internal\" target=\"_blank\">Kh\u00e1ch s\u1ea1n kh\u1eafp Vi\u1ec7t Nam v\u00e0 to\u00e0n th\u1ebf gi\u1edbi<\/a>\u00a0gi\u00e1 t\u1ed1t nh\u1ea5t\u00a0ch\u1ec9 c\u00f3 t\u1ea1i iVIVU.com<\/div><\/h3>\n<p>***<\/p>\n<p><strong>Tham kh\u1ea3o:\u00a0<a href=\"https:\/\/www.ivivu.com\/blog\" target=\"_blank\">C\u1ea9m nang du l\u1ecbch iVIVU.com<\/a><\/strong><\/p>\n","protected":false},"excerpt":{"rendered":"<p>Sa\u0301t va\u0301ch Sa\u0300i Go\u0300n co\u0301 m\u00f4\u0323t ch\u00e2u \u00c2u thu nho\u0309 nh\u01b0ng i\u0301t ai bi\u00ea\u0301t \u0111\u00ea\u0301n. \u0110o\u0301 la\u0300 c\u00f4ng vi\u00ean ky\u0300 quan The Destina t\u1ea1i Khu \u0111\u00f4 th\u1ecb C\u00e1t T\u01b0\u1eddng Ph\u00fa H\u01b0ng &#8211; thu h\u00fat nhi\u00ea\u0300u ba\u0323n tre\u0309 \u0111\u00ea\u0301n check-in v\u01a1\u0301i&#8230;<\/p>\n","protected":false},"author":61,"featured_media":339195,"comment_status":"closed","ping_status":"open","sticky":false,"template":"","format":"standard","meta":{"_acf_changed":false,"footnotes":""},"categories":[19931,229,795,14742],"tags":[40199,40197,29416,40198,16746,3104,14314,1125,13373,40200],"acf":[],"yoast_head":"<!-- This site is optimized with the Yoast SEO Premium plugin v22.6 (Yoast SEO v22.6) - https:\/\/yoast.com\/wordpress\/plugins\/seo\/ -->\n<title>D\u0103\u0301t g\u00e2\u0301u \u0111i kh\u0103\u0301p ch\u00e2u \u00c2u thu nho\u0309 ta\u0323i c\u00f4ng vi\u00ean ky\u0300 quan The Destina - iVIVU.com<\/title>\n<meta name=\"description\" content=\"Sa\u0301t va\u0301ch Sa\u0300i Go\u0300n co\u0301 m\u00f4\u0323t ch\u00e2u \u00c2u thu nho\u0309 nh\u01b0ng i\u0301t ai bi\u00ea\u0301t \u0111\u00ea\u0301n. \u0110o\u0301 la\u0300 c\u00f4ng vi\u00ean ky\u0300 quan The Destina t\u1ea1i Khu \u0111\u00f4 th\u1ecb C\u00e1t T\u01b0\u1eddng Ph\u00fa H\u01b0ng\" \/>\n<meta name=\"robots\" content=\"index, follow, max-snippet:-1, max-image-preview:large, max-video-preview:-1\" \/>\n<link rel=\"canonical\" href=\"https:\/\/www.ivivu.com\/blog\/2020\/08\/dat-gau-di-khap-chau-au-thu-nho\u0309-ta\u0323i-cong-vien-ky-quan-the-destina\/\" \/>\n<meta name=\"twitter:label1\" content=\"\u0110\u01b0\u1ee3c vi\u1ebft b\u1edfi\" \/>\n\t<meta name=\"twitter:data1\" content=\"Ng\u1ecdc Nh\u1ef1t Ph\u1ea1m\" \/>\n\t<meta name=\"twitter:label2\" content=\"\u01af\u1edbc t\u00ednh th\u1eddi gian \u0111\u1ecdc\" \/>\n\t<meta name=\"twitter:data2\" content=\"5 ph\u00fat\" \/>\n<script type=\"application\/ld+json\" class=\"yoast-schema-graph\">{\"@context\":\"https:\/\/schema.org\",\"@graph\":[{\"@type\":\"Article\",\"@id\":\"https:\/\/www.ivivu.com\/blog\/2020\/08\/dat-gau-di-khap-chau-au-thu-nho%cc%89-ta%cc%a3i-cong-vien-ky-quan-the-destina\/#article\",\"isPartOf\":{\"@id\":\"https:\/\/www.ivivu.com\/blog\/2020\/08\/dat-gau-di-khap-chau-au-thu-nho%cc%89-ta%cc%a3i-cong-vien-ky-quan-the-destina\/\"},\"author\":{\"name\":\"Ng\u1ecdc Nh\u1ef1t Ph\u1ea1m\",\"@id\":\"https:\/\/www.ivivu.com\/blog\/#\/schema\/person\/fd65e67cfd67ef1e585300d06ef59495\"},\"headline\":\"D\u0103\u0301t g\u00e2\u0301u \u0111i kh\u0103\u0301p ch\u00e2u \u00c2u thu nho\u0309 ta\u0323i c\u00f4ng vi\u00ean ky\u0300 quan The Destina\",\"datePublished\":\"2020-08-08T02:27:09+00:00\",\"dateModified\":\"2020-08-07T02:28:15+00:00\",\"mainEntityOfPage\":{\"@id\":\"https:\/\/www.ivivu.com\/blog\/2020\/08\/dat-gau-di-khap-chau-au-thu-nho%cc%89-ta%cc%a3i-cong-vien-ky-quan-the-destina\/\"},\"wordCount\":926,\"publisher\":{\"@id\":\"https:\/\/www.ivivu.com\/blog\/#organization\"},\"image\":{\"@id\":\"https:\/\/www.ivivu.com\/blog\/2020\/08\/dat-gau-di-khap-chau-au-thu-nho%cc%89-ta%cc%a3i-cong-vien-ky-quan-the-destina\/#primaryimage\"},\"thumbnailUrl\":\"https:\/\/cdn3.ivivu.com\/2020\/08\/dat-gau-di-khap-chau-au-thu-nho-tai-cong-vien-the-destina-3.jpg\",\"keywords\":[\"ch\u00e2u \u00e2u thu nho\u0309\",\"c\u00f4ng vi\u00ean 7 ky\u0300 quan\",\"c\u00f4ng vi\u00ean k\u1ef3 quan\",\"c\u00f4ng vi\u00ean the destina\",\"du l\u1ecbch Long An\",\"du l\u1ecbch mi\u1ec1n T\u00e2y\",\"k\u1ef3 quan th\u1ebf gi\u1edbi\",\"Long An\",\"tour mi\u1ec1n t\u00e2y\",\"tour mi\u00ea\u0300n t\u00e2y gia\u0301 re\u0309\"],\"articleSection\":[\"Du l\u1ecbch mi\u1ec1n T\u00e2y\",\"DU L\u1ecaCH VI\u1ec6T NAM\",\"\u0110i\u1ec3m \u0111\u1ebfn\",\"N\u1ed5i B\u1eadt 2\"],\"inLanguage\":\"vi\"},{\"@type\":\"WebPage\",\"@id\":\"https:\/\/www.ivivu.com\/blog\/2020\/08\/dat-gau-di-khap-chau-au-thu-nho%cc%89-ta%cc%a3i-cong-vien-ky-quan-the-destina\/\",\"url\":\"https:\/\/www.ivivu.com\/blog\/2020\/08\/dat-gau-di-khap-chau-au-thu-nho%cc%89-ta%cc%a3i-cong-vien-ky-quan-the-destina\/\",\"name\":\"D\u0103\u0301t g\u00e2\u0301u \u0111i kh\u0103\u0301p ch\u00e2u \u00c2u thu nho\u0309 ta\u0323i c\u00f4ng vi\u00ean ky\u0300 quan The Destina - iVIVU.com\",\"isPartOf\":{\"@id\":\"https:\/\/www.ivivu.com\/blog\/#website\"},\"primaryImageOfPage\":{\"@id\":\"https:\/\/www.ivivu.com\/blog\/2020\/08\/dat-gau-di-khap-chau-au-thu-nho%cc%89-ta%cc%a3i-cong-vien-ky-quan-the-destina\/#primaryimage\"},\"image\":{\"@id\":\"https:\/\/www.ivivu.com\/blog\/2020\/08\/dat-gau-di-khap-chau-au-thu-nho%cc%89-ta%cc%a3i-cong-vien-ky-quan-the-destina\/#primaryimage\"},\"thumbnailUrl\":\"https:\/\/cdn3.ivivu.com\/2020\/08\/dat-gau-di-khap-chau-au-thu-nho-tai-cong-vien-the-destina-3.jpg\",\"datePublished\":\"2020-08-08T02:27:09+00:00\",\"dateModified\":\"2020-08-07T02:28:15+00:00\",\"description\":\"Sa\u0301t va\u0301ch Sa\u0300i Go\u0300n co\u0301 m\u00f4\u0323t ch\u00e2u \u00c2u thu nho\u0309 nh\u01b0ng i\u0301t ai bi\u00ea\u0301t \u0111\u00ea\u0301n. \u0110o\u0301 la\u0300 c\u00f4ng vi\u00ean ky\u0300 quan The Destina t\u1ea1i Khu \u0111\u00f4 th\u1ecb C\u00e1t T\u01b0\u1eddng Ph\u00fa H\u01b0ng\",\"breadcrumb\":{\"@id\":\"https:\/\/www.ivivu.com\/blog\/2020\/08\/dat-gau-di-khap-chau-au-thu-nho%cc%89-ta%cc%a3i-cong-vien-ky-quan-the-destina\/#breadcrumb\"},\"inLanguage\":\"vi\",\"potentialAction\":[{\"@type\":\"ReadAction\",\"target\":[\"https:\/\/www.ivivu.com\/blog\/2020\/08\/dat-gau-di-khap-chau-au-thu-nho%cc%89-ta%cc%a3i-cong-vien-ky-quan-the-destina\/\"]}]},{\"@type\":\"ImageObject\",\"inLanguage\":\"vi\",\"@id\":\"https:\/\/www.ivivu.com\/blog\/2020\/08\/dat-gau-di-khap-chau-au-thu-nho%cc%89-ta%cc%a3i-cong-vien-ky-quan-the-destina\/#primaryimage\",\"url\":\"https:\/\/cdn3.ivivu.com\/2020\/08\/dat-gau-di-khap-chau-au-thu-nho-tai-cong-vien-the-destina-3.jpg\",\"contentUrl\":\"https:\/\/cdn3.ivivu.com\/2020\/08\/dat-gau-di-khap-chau-au-thu-nho-tai-cong-vien-the-destina-3.jpg\",\"width\":2048,\"height\":1530},{\"@type\":\"BreadcrumbList\",\"@id\":\"https:\/\/www.ivivu.com\/blog\/2020\/08\/dat-gau-di-khap-chau-au-thu-nho%cc%89-ta%cc%a3i-cong-vien-ky-quan-the-destina\/#breadcrumb\",\"itemListElement\":[{\"@type\":\"ListItem\",\"position\":1,\"name\":\"Home\",\"item\":\"https:\/\/www.ivivu.com\/blog\/\"},{\"@type\":\"ListItem\",\"position\":2,\"name\":\"D\u0103\u0301t g\u00e2\u0301u \u0111i kh\u0103\u0301p ch\u00e2u \u00c2u thu nho\u0309 ta\u0323i c\u00f4ng vi\u00ean ky\u0300 quan The Destina\"}]},{\"@type\":\"WebSite\",\"@id\":\"https:\/\/www.ivivu.com\/blog\/#website\",\"url\":\"https:\/\/www.ivivu.com\/blog\/\",\"name\":\"C\u1ea9m nang du l\u1ecbch\",\"description\":\"\",\"publisher\":{\"@id\":\"https:\/\/www.ivivu.com\/blog\/#organization\"},\"potentialAction\":[{\"@type\":\"SearchAction\",\"target\":{\"@type\":\"EntryPoint\",\"urlTemplate\":\"https:\/\/www.ivivu.com\/blog\/?s={search_term_string}\"},\"query-input\":\"required name=search_term_string\"}],\"inLanguage\":\"vi\"},{\"@type\":\"Organization\",\"@id\":\"https:\/\/www.ivivu.com\/blog\/#organization\",\"name\":\"iVIVU.com\",\"url\":\"https:\/\/www.ivivu.com\/blog\/\",\"logo\":{\"@type\":\"ImageObject\",\"inLanguage\":\"vi\",\"@id\":\"https:\/\/www.ivivu.com\/blog\/#\/schema\/logo\/image\/\",\"url\":\"https:\/\/cdn3.ivivu.com\/2024\/01\/ivivu_no_slogan.png\",\"contentUrl\":\"https:\/\/cdn3.ivivu.com\/2024\/01\/ivivu_no_slogan.png\",\"width\":788,\"height\":565,\"caption\":\"iVIVU.com\"},\"image\":{\"@id\":\"https:\/\/www.ivivu.com\/blog\/#\/schema\/logo\/image\/\"},\"sameAs\":[\"https:\/\/www.facebook.com\/iVIVU\"]},{\"@type\":\"Person\",\"@id\":\"https:\/\/www.ivivu.com\/blog\/#\/schema\/person\/fd65e67cfd67ef1e585300d06ef59495\",\"name\":\"Ng\u1ecdc Nh\u1ef1t Ph\u1ea1m\",\"url\":\"https:\/\/www.ivivu.com\/blog\/author\/nhut-pham\/\"}]}<\/script>\n<!-- \/ Yoast SEO Premium plugin. -->","yoast_head_json":{"title":"D\u0103\u0301t g\u00e2\u0301u \u0111i kh\u0103\u0301p ch\u00e2u \u00c2u thu nho\u0309 ta\u0323i c\u00f4ng vi\u00ean ky\u0300 quan The Destina - iVIVU.com","description":"Sa\u0301t va\u0301ch Sa\u0300i Go\u0300n co\u0301 m\u00f4\u0323t ch\u00e2u \u00c2u thu nho\u0309 nh\u01b0ng i\u0301t ai bi\u00ea\u0301t \u0111\u00ea\u0301n. \u0110o\u0301 la\u0300 c\u00f4ng vi\u00ean ky\u0300 quan The Destina t\u1ea1i Khu \u0111\u00f4 th\u1ecb C\u00e1t T\u01b0\u1eddng Ph\u00fa H\u01b0ng","robots":{"index":"index","follow":"follow","max-snippet":"max-snippet:-1","max-image-preview":"max-image-preview:large","max-video-preview":"max-video-preview:-1"},"canonical":"https:\/\/www.ivivu.com\/blog\/2020\/08\/dat-gau-di-khap-chau-au-thu-nho\u0309-ta\u0323i-cong-vien-ky-quan-the-destina\/","twitter_misc":{"\u0110\u01b0\u1ee3c vi\u1ebft b\u1edfi":"Ng\u1ecdc Nh\u1ef1t Ph\u1ea1m","\u01af\u1edbc t\u00ednh th\u1eddi gian \u0111\u1ecdc":"5 ph\u00fat"},"schema":{"@context":"https:\/\/schema.org","@graph":[{"@type":"Article","@id":"https:\/\/www.ivivu.com\/blog\/2020\/08\/dat-gau-di-khap-chau-au-thu-nho%cc%89-ta%cc%a3i-cong-vien-ky-quan-the-destina\/#article","isPartOf":{"@id":"https:\/\/www.ivivu.com\/blog\/2020\/08\/dat-gau-di-khap-chau-au-thu-nho%cc%89-ta%cc%a3i-cong-vien-ky-quan-the-destina\/"},"author":{"name":"Ng\u1ecdc Nh\u1ef1t Ph\u1ea1m","@id":"https:\/\/www.ivivu.com\/blog\/#\/schema\/person\/fd65e67cfd67ef1e585300d06ef59495"},"headline":"D\u0103\u0301t g\u00e2\u0301u \u0111i kh\u0103\u0301p ch\u00e2u \u00c2u thu nho\u0309 ta\u0323i c\u00f4ng vi\u00ean ky\u0300 quan The Destina","datePublished":"2020-08-08T02:27:09+00:00","dateModified":"2020-08-07T02:28:15+00:00","mainEntityOfPage":{"@id":"https:\/\/www.ivivu.com\/blog\/2020\/08\/dat-gau-di-khap-chau-au-thu-nho%cc%89-ta%cc%a3i-cong-vien-ky-quan-the-destina\/"},"wordCount":926,"publisher":{"@id":"https:\/\/www.ivivu.com\/blog\/#organization"},"image":{"@id":"https:\/\/www.ivivu.com\/blog\/2020\/08\/dat-gau-di-khap-chau-au-thu-nho%cc%89-ta%cc%a3i-cong-vien-ky-quan-the-destina\/#primaryimage"},"thumbnailUrl":"https:\/\/cdn3.ivivu.com\/2020\/08\/dat-gau-di-khap-chau-au-thu-nho-tai-cong-vien-the-destina-3.jpg","keywords":["ch\u00e2u \u00e2u thu nho\u0309","c\u00f4ng vi\u00ean 7 ky\u0300 quan","c\u00f4ng vi\u00ean k\u1ef3 quan","c\u00f4ng vi\u00ean the destina","du l\u1ecbch Long An","du l\u1ecbch mi\u1ec1n T\u00e2y","k\u1ef3 quan th\u1ebf gi\u1edbi","Long An","tour mi\u1ec1n t\u00e2y","tour mi\u00ea\u0300n t\u00e2y gia\u0301 re\u0309"],"articleSection":["Du l\u1ecbch mi\u1ec1n T\u00e2y","DU L\u1ecaCH VI\u1ec6T NAM","\u0110i\u1ec3m \u0111\u1ebfn","N\u1ed5i B\u1eadt 2"],"inLanguage":"vi"},{"@type":"WebPage","@id":"https:\/\/www.ivivu.com\/blog\/2020\/08\/dat-gau-di-khap-chau-au-thu-nho%cc%89-ta%cc%a3i-cong-vien-ky-quan-the-destina\/","url":"https:\/\/www.ivivu.com\/blog\/2020\/08\/dat-gau-di-khap-chau-au-thu-nho%cc%89-ta%cc%a3i-cong-vien-ky-quan-the-destina\/","name":"D\u0103\u0301t g\u00e2\u0301u \u0111i kh\u0103\u0301p ch\u00e2u \u00c2u thu nho\u0309 ta\u0323i c\u00f4ng vi\u00ean ky\u0300 quan The Destina - iVIVU.com","isPartOf":{"@id":"https:\/\/www.ivivu.com\/blog\/#website"},"primaryImageOfPage":{"@id":"https:\/\/www.ivivu.com\/blog\/2020\/08\/dat-gau-di-khap-chau-au-thu-nho%cc%89-ta%cc%a3i-cong-vien-ky-quan-the-destina\/#primaryimage"},"image":{"@id":"https:\/\/www.ivivu.com\/blog\/2020\/08\/dat-gau-di-khap-chau-au-thu-nho%cc%89-ta%cc%a3i-cong-vien-ky-quan-the-destina\/#primaryimage"},"thumbnailUrl":"https:\/\/cdn3.ivivu.com\/2020\/08\/dat-gau-di-khap-chau-au-thu-nho-tai-cong-vien-the-destina-3.jpg","datePublished":"2020-08-08T02:27:09+00:00","dateModified":"2020-08-07T02:28:15+00:00","description":"Sa\u0301t va\u0301ch Sa\u0300i Go\u0300n co\u0301 m\u00f4\u0323t ch\u00e2u \u00c2u thu nho\u0309 nh\u01b0ng i\u0301t ai bi\u00ea\u0301t \u0111\u00ea\u0301n. \u0110o\u0301 la\u0300 c\u00f4ng vi\u00ean ky\u0300 quan The Destina t\u1ea1i Khu \u0111\u00f4 th\u1ecb C\u00e1t T\u01b0\u1eddng Ph\u00fa H\u01b0ng","breadcrumb":{"@id":"https:\/\/www.ivivu.com\/blog\/2020\/08\/dat-gau-di-khap-chau-au-thu-nho%cc%89-ta%cc%a3i-cong-vien-ky-quan-the-destina\/#breadcrumb"},"inLanguage":"vi","potentialAction":[{"@type":"ReadAction","target":["https:\/\/www.ivivu.com\/blog\/2020\/08\/dat-gau-di-khap-chau-au-thu-nho%cc%89-ta%cc%a3i-cong-vien-ky-quan-the-destina\/"]}]},{"@type":"ImageObject","inLanguage":"vi","@id":"https:\/\/www.ivivu.com\/blog\/2020\/08\/dat-gau-di-khap-chau-au-thu-nho%cc%89-ta%cc%a3i-cong-vien-ky-quan-the-destina\/#primaryimage","url":"https:\/\/cdn3.ivivu.com\/2020\/08\/dat-gau-di-khap-chau-au-thu-nho-tai-cong-vien-the-destina-3.jpg","contentUrl":"https:\/\/cdn3.ivivu.com\/2020\/08\/dat-gau-di-khap-chau-au-thu-nho-tai-cong-vien-the-destina-3.jpg","width":2048,"height":1530},{"@type":"BreadcrumbList","@id":"https:\/\/www.ivivu.com\/blog\/2020\/08\/dat-gau-di-khap-chau-au-thu-nho%cc%89-ta%cc%a3i-cong-vien-ky-quan-the-destina\/#breadcrumb","itemListElement":[{"@type":"ListItem","position":1,"name":"Home","item":"https:\/\/www.ivivu.com\/blog\/"},{"@type":"ListItem","position":2,"name":"D\u0103\u0301t g\u00e2\u0301u \u0111i kh\u0103\u0301p ch\u00e2u \u00c2u thu nho\u0309 ta\u0323i c\u00f4ng vi\u00ean ky\u0300 quan The Destina"}]},{"@type":"WebSite","@id":"https:\/\/www.ivivu.com\/blog\/#website","url":"https:\/\/www.ivivu.com\/blog\/","name":"C\u1ea9m nang du l\u1ecbch","description":"","publisher":{"@id":"https:\/\/www.ivivu.com\/blog\/#organization"},"potentialAction":[{"@type":"SearchAction","target":{"@type":"EntryPoint","urlTemplate":"https:\/\/www.ivivu.com\/blog\/?s={search_term_string}"},"query-input":"required name=search_term_string"}],"inLanguage":"vi"},{"@type":"Organization","@id":"https:\/\/www.ivivu.com\/blog\/#organization","name":"iVIVU.com","url":"https:\/\/www.ivivu.com\/blog\/","logo":{"@type":"ImageObject","inLanguage":"vi","@id":"https:\/\/www.ivivu.com\/blog\/#\/schema\/logo\/image\/","url":"https:\/\/cdn3.ivivu.com\/2024\/01\/ivivu_no_slogan.png","contentUrl":"https:\/\/cdn3.ivivu.com\/2024\/01\/ivivu_no_slogan.png","width":788,"height":565,"caption":"iVIVU.com"},"image":{"@id":"https:\/\/www.ivivu.com\/blog\/#\/schema\/logo\/image\/"},"sameAs":["https:\/\/www.facebook.com\/iVIVU"]},{"@type":"Person","@id":"https:\/\/www.ivivu.com\/blog\/#\/schema\/person\/fd65e67cfd67ef1e585300d06ef59495","name":"Ng\u1ecdc Nh\u1ef1t Ph\u1ea1m","url":"https:\/\/www.ivivu.com\/blog\/author\/nhut-pham\/"}]}},"_links":{"self":[{"href":"https:\/\/www.ivivu.com\/blog\/wp-json\/wp\/v2\/posts\/339192"}],"collection":[{"href":"https:\/\/www.ivivu.com\/blog\/wp-json\/wp\/v2\/posts"}],"about":[{"href":"https:\/\/www.ivivu.com\/blog\/wp-json\/wp\/v2\/types\/post"}],"author":[{"embeddable":true,"href":"https:\/\/www.ivivu.com\/blog\/wp-json\/wp\/v2\/users\/61"}],"replies":[{"embeddable":true,"href":"https:\/\/www.ivivu.com\/blog\/wp-json\/wp\/v2\/comments?post=339192"}],"version-history":[{"count":8,"href":"https:\/\/www.ivivu.com\/blog\/wp-json\/wp\/v2\/posts\/339192\/revisions"}],"predecessor-version":[{"id":339430,"href":"https:\/\/www.ivivu.com\/blog\/wp-json\/wp\/v2\/posts\/339192\/revisions\/339430"}],"wp:featuredmedia":[{"embeddable":true,"href":"https:\/\/www.ivivu.com\/blog\/wp-json\/wp\/v2\/media\/339195"}],"wp:attachment":[{"href":"https:\/\/www.ivivu.com\/blog\/wp-json\/wp\/v2\/media?parent=339192"}],"wp:term":[{"taxonomy":"category","embeddable":true,"href":"https:\/\/www.ivivu.com\/blog\/wp-json\/wp\/v2\/categories?post=339192"},{"taxonomy":"post_tag","embeddable":true,"href":"https:\/\/www.ivivu.com\/blog\/wp-json\/wp\/v2\/tags?post=339192"}],"curies":[{"name":"wp","href":"https:\/\/api.w.org\/{rel}","templated":true}]}}