{"id":344215,"date":"2020-11-24T11:15:21","date_gmt":"2020-11-24T04:15:21","guid":{"rendered":"https:\/\/www.ivivu.com\/blog\/?p=344215"},"modified":"2020-11-24T11:15:21","modified_gmt":"2020-11-24T04:15:21","slug":"ngan-ngo-voi-can-biet-thu-villa-del-balbianello-dep-nhu-tranh-ve-o-y","status":"publish","type":"post","link":"https:\/\/www.ivivu.com\/blog\/2020\/11\/ngan-ngo-voi-can-biet-thu-villa-del-balbianello-dep-nhu-tranh-ve-o-y\/","title":{"rendered":"Ng\u1ea9n ng\u01a1 v\u1edbi c\u0103n bi\u1ec7t th\u1ef1 Villa del Balbianello \u0111\u1eb9p nh\u01b0 tranh v\u1ebd \u1edf \u00dd"},"content":{"rendered":"<p style=\"text-align: justify;\"><em><strong>Villa del Balbianello l\u00e0 m\u1ed9t to\u00e0 bi\u1ec7t th\u1ef1 \u1edf th\u1ecb tr\u1ea5n Lenno, thu\u1ed9c t\u1ec9nh ph\u00eda b\u1eafc v\u00f9ng Lombardy c\u1ee7a \u00dd. Bi\u1ec7t th\u1ef1 c\u00f3 h\u01b0\u1edbng nh\u00ecn ra h\u1ed3 Como v\u1edbi m\u00e0u n\u01b0\u1edbc xanh ng\u1ecdc b\u00edch quanh n\u0103m.<\/strong><\/em><\/p>\n<p style=\"text-align: justify;\"><!--more--><\/p>\n<h2 style=\"text-align: justify;\"><strong><strong>Ng\u1ea9n ng\u01a1 v\u1edbi c\u0103n bi\u1ec7t th\u1ef1 Villa del Balbianello \u0111\u1eb9p nh\u01b0 tranh v\u1ebd \u1edf \u00dd<br \/>\n<\/strong><\/strong><\/h2>\n<p style=\"text-align: justify;\"><strong><a href=\"https:\/\/cdn3.ivivu.com\/2020\/11\/ngan-ngo-voi-can-biet-thu-Villa-del-Balbianello-dep-nhu-tranh-ve-o-Y-ivivu-00.jpg\"><img loading=\"lazy\" decoding=\"async\" class=\"aligncenter size-full wp-image-344218\" src=\"https:\/\/cdn3.ivivu.com\/2020\/11\/ngan-ngo-voi-can-biet-thu-Villa-del-Balbianello-dep-nhu-tranh-ve-o-Y-ivivu-00.jpg\" alt=\"ngan-ngo-voi-can-biet-thu-Villa-del-Balbianello-dep-nhu-tranh-ve-o-Y-ivivu-00\" width=\"800\" height=\"800\" srcset=\"https:\/\/cdn3.ivivu.com\/2020\/11\/ngan-ngo-voi-can-biet-thu-Villa-del-Balbianello-dep-nhu-tranh-ve-o-Y-ivivu-00.jpg 800w, https:\/\/cdn3.ivivu.com\/2020\/11\/ngan-ngo-voi-can-biet-thu-Villa-del-Balbianello-dep-nhu-tranh-ve-o-Y-ivivu-00-305x305.jpg 305w, https:\/\/cdn3.ivivu.com\/2020\/11\/ngan-ngo-voi-can-biet-thu-Villa-del-Balbianello-dep-nhu-tranh-ve-o-Y-ivivu-00-75x75.jpg 75w\" sizes=\"(max-width: 800px) 100vw, 800px\" \/><\/a><\/strong><\/p>\n<p style=\"text-align: justify;\"><strong>Villa del Balbianello<\/strong> l\u00e0 m\u1ed9t bi\u1ec7t th\u1ef1 \u1edf khu \u0111\u00f4 th\u1ecb Lenno thu\u1ed9c t\u1ec9nh Como, ph\u00eda b\u1eafc v\u00f9ng Lombardy c\u1ee7a \u00dd. N\u00f3 n\u1eb1m tr\u00ean m\u0169i c\u1ee7a b\u00e1n \u0111\u1ea3o Dosso d&#8217;Avedo v\u1edbi r\u1eebng c\u00e2y r\u1eadm r\u1ea1p ven b\u1edd h\u1ed3 Como v\u00e0 n\u1ed5i ti\u1ebfng v\u1edbi nh\u1eefng khu v\u01b0\u1eddn b\u1eadc thang \u0111\u01b0\u1ee3c ch\u0103m s\u00f3c h\u1ebft s\u1ee9c c\u00f4ng phu.<\/p>\n<p style=\"text-align: justify;\"><a href=\"https:\/\/cdn3.ivivu.com\/2020\/11\/ngan-ngo-voi-can-biet-thu-Villa-del-Balbianello-dep-nhu-tranh-ve-o-Y-ivivu-02.jpg\"><img loading=\"lazy\" decoding=\"async\" class=\"aligncenter size-full wp-image-344220\" src=\"https:\/\/cdn3.ivivu.com\/2020\/11\/ngan-ngo-voi-can-biet-thu-Villa-del-Balbianello-dep-nhu-tranh-ve-o-Y-ivivu-02.jpg\" alt=\"ngan-ngo-voi-can-biet-thu-Villa-del-Balbianello-dep-nhu-tranh-ve-o-Y-ivivu-02\" width=\"800\" height=\"999\" srcset=\"https:\/\/cdn3.ivivu.com\/2020\/11\/ngan-ngo-voi-can-biet-thu-Villa-del-Balbianello-dep-nhu-tranh-ve-o-Y-ivivu-02.jpg 800w, https:\/\/cdn3.ivivu.com\/2020\/11\/ngan-ngo-voi-can-biet-thu-Villa-del-Balbianello-dep-nhu-tranh-ve-o-Y-ivivu-02-244x305.jpg 244w\" sizes=\"(max-width: 800px) 100vw, 800px\" \/><\/a><\/p>\n<p style=\"text-align: justify;\">\u0110\u01b0\u1ee3c bi\u1ebft, m\u1ed9t tu vi\u1ec7n d\u00f2ng Phanxic\u00f4 \u0111\u00e3 t\u1ed3n t\u1ea1i tr\u00ean m\u0169i b\u00e1n \u0111\u1ea3o Dosso d&#8217;Avedo t\u1eeb th\u1ebf k\u1ef7 13. Hai ng\u1ecdn th\u00e1p c\u00f2n l\u1ea1i n\u00e0y ch\u00ednh l\u00e0 t\u00e0n t\u00edch c\u1ee7a th\u00e1p canh thu\u1ed9c nh\u00e0 th\u1edd tu vi\u1ec7n. Sau khi \u0111\u01b0\u1ee3c H\u1ed3ng y Angelo Maria Durini mua v\u00e0o n\u0103m 1785, \u00f4ng \u0111\u00e3 chuy\u1ec3n \u0111\u1ed5i ki\u1ebfn tr\u00fac c\u1ee7a tu vi\u1ec7n th\u00e0nh m\u1ed9t bi\u1ec7t th\u1ef1, chuy\u00ean d\u00f9ng cho k\u1ef3 ngh\u1ec9 m\u00f9a h\u00e8 v\u00e0 m\u1ed9t kho\u1ea3ng gia vi\u00ean nh\u1ecf t\u1ea1o n\u00ean m\u1ed9t v\u00f9ng \u0111\u1ea5t xanh t\u01b0\u01a1i, tr\u00f9 ph\u00fa v\u1edbi to\u00e0 bi\u1ec7t th\u1ef1 sang tr\u1ecdng.<\/p>\n<p style=\"text-align: justify;\"><a href=\"https:\/\/cdn3.ivivu.com\/2020\/11\/ngan-ngo-voi-can-biet-thu-Villa-del-Balbianello-dep-nhu-tranh-ve-o-Y-ivivu-07.jpg\"><img loading=\"lazy\" decoding=\"async\" class=\"aligncenter size-full wp-image-344223\" src=\"https:\/\/cdn3.ivivu.com\/2020\/11\/ngan-ngo-voi-can-biet-thu-Villa-del-Balbianello-dep-nhu-tranh-ve-o-Y-ivivu-07.jpg\" alt=\"ngan-ngo-voi-can-biet-thu-Villa-del-Balbianello-dep-nhu-tranh-ve-o-Y-ivivu-07\" width=\"800\" height=\"800\" srcset=\"https:\/\/cdn3.ivivu.com\/2020\/11\/ngan-ngo-voi-can-biet-thu-Villa-del-Balbianello-dep-nhu-tranh-ve-o-Y-ivivu-07.jpg 800w, https:\/\/cdn3.ivivu.com\/2020\/11\/ngan-ngo-voi-can-biet-thu-Villa-del-Balbianello-dep-nhu-tranh-ve-o-Y-ivivu-07-305x305.jpg 305w, https:\/\/cdn3.ivivu.com\/2020\/11\/ngan-ngo-voi-can-biet-thu-Villa-del-Balbianello-dep-nhu-tranh-ve-o-Y-ivivu-07-75x75.jpg 75w\" sizes=\"(max-width: 800px) 100vw, 800px\" \/><\/a><\/p>\n<p style=\"text-align: justify;\">Khi Angelo Maria Durini m\u1ea5t v\u00e0o n\u0103m 1796, bi\u1ec7t th\u1ef1 n\u00e0y \u0111\u01b0\u1ee3c th\u1eeba k\u1ebf b\u1edfi ch\u00e1u trai c\u1ee7a \u00f4ng l\u00e0 Luigi Porro Lambertenghi. Trong su\u1ed1t kho\u1ea3ng th\u1eddi gian \u1ea5y, <em>Villa del Balbianello<\/em> tr\u1edf th\u00e0nh trung t\u00e2m cho c\u00e1c ho\u1ea1t \u0111\u1ed9ng c\u1ee7a ch\u00ednh tr\u1ecb v\u00e0 th\u01b0\u1eddng xuy\u00ean \u0111\u01b0\u1ee3c d\u00f9ng t\u1ed5 ch\u1ee9c h\u1ed9i h\u1ecdp.<\/p>\n<p style=\"text-align: justify;\"><a href=\"https:\/\/cdn3.ivivu.com\/2020\/11\/ngan-ngo-voi-can-biet-thu-Villa-del-Balbianello-dep-nhu-tranh-ve-o-Y-ivivu-08.jpg\"><img loading=\"lazy\" decoding=\"async\" class=\"aligncenter size-full wp-image-344217\" src=\"https:\/\/cdn3.ivivu.com\/2020\/11\/ngan-ngo-voi-can-biet-thu-Villa-del-Balbianello-dep-nhu-tranh-ve-o-Y-ivivu-08.jpg\" alt=\"ngan-ngo-voi-can-biet-thu-Villa-del-Balbianello-dep-nhu-tranh-ve-o-Y-ivivu-08\" width=\"800\" height=\"994\" srcset=\"https:\/\/cdn3.ivivu.com\/2020\/11\/ngan-ngo-voi-can-biet-thu-Villa-del-Balbianello-dep-nhu-tranh-ve-o-Y-ivivu-08.jpg 800w, https:\/\/cdn3.ivivu.com\/2020\/11\/ngan-ngo-voi-can-biet-thu-Villa-del-Balbianello-dep-nhu-tranh-ve-o-Y-ivivu-08-245x305.jpg 245w\" sizes=\"(max-width: 800px) 100vw, 800px\" \/><\/a><\/p>\n<p style=\"text-align: justify;\">Sau r\u1ea5t nhi\u1ec1u \u0111\u1eddi ch\u1ee7 v\u1edbi c\u00e1c th\u01b0\u01a1ng v\u1ee5 mua b\u00e1n nh\u1edd v\u1ebb \u0111\u1eb9p l\u1ecdt v\u00e0o m\u1eaft xanh c\u1ee7a c\u00e1c th\u01b0\u01a1ng gia, c\u0103n bi\u1ec7t th\u1ef1 n\u00e0y \u0111\u00e3 thu\u1ed9c v\u1ec1 v\u1ecb b\u00e1 t\u01b0\u1edbc Guido Monzino &#8211; ng\u01b0\u1eddi l\u00e3nh \u0111\u1ea1o \u0111o\u00e0n th\u00e1m hi\u1ec3m ng\u01b0\u1eddi \u00dd \u0111\u1ea7u ti\u00ean leo l\u00ean \u0111\u1ec9nh Everest. \u0110\u00e2y l\u00e0 th\u1eddi k\u00ec m\u00e0 c\u00e1c m\u00f3n \u0111\u1ed3 trang tr\u00ed v\u00e0 n\u1ed9i th\u1ea5t \u0111\u01b0\u1ee3c &#8220;thay da \u0111\u1ed5i th\u1ecbt&#8221; v\u1edbi s\u1ef1 xu\u1ea5t hi\u1ec7n c\u1ee7a nh\u1eefng m\u00f3n \u0111\u1ed3 c\u1ed5 c\u1ee7a Anh ho\u1eb7c Ph\u00e1p.<\/p>\n<p style=\"text-align: justify;\"><a href=\"https:\/\/cdn3.ivivu.com\/2020\/11\/ngan-ngo-voi-can-biet-thu-Villa-del-Balbianello-dep-nhu-tranh-ve-o-Y-ivivu-01.jpg\"><img loading=\"lazy\" decoding=\"async\" class=\"aligncenter size-full wp-image-344219\" src=\"https:\/\/cdn3.ivivu.com\/2020\/11\/ngan-ngo-voi-can-biet-thu-Villa-del-Balbianello-dep-nhu-tranh-ve-o-Y-ivivu-01.jpg\" alt=\"ngan-ngo-voi-can-biet-thu-Villa-del-Balbianello-dep-nhu-tranh-ve-o-Y-ivivu-01\" width=\"800\" height=\"981\" srcset=\"https:\/\/cdn3.ivivu.com\/2020\/11\/ngan-ngo-voi-can-biet-thu-Villa-del-Balbianello-dep-nhu-tranh-ve-o-Y-ivivu-01.jpg 800w, https:\/\/cdn3.ivivu.com\/2020\/11\/ngan-ngo-voi-can-biet-thu-Villa-del-Balbianello-dep-nhu-tranh-ve-o-Y-ivivu-01-249x305.jpg 249w\" sizes=\"(max-width: 800px) 100vw, 800px\" \/><\/a><\/p>\n<p style=\"text-align: justify;\">Ch\u00ednh nh\u1edd b\u1ec1 d\u00e0y l\u1ecbch s\u1eed tr\u1ea3i qua nhi\u1ec1u th\u0103ng tr\u1ea7m v\u00e0 s\u1edf h\u1eefu nh\u1eefng n\u00e9t ki\u1ebfn tr\u00fac pha tr\u1ed9n c\u1ee7a nhi\u1ec1u n\u1ec1n v\u0103n ho\u00e1 m\u00e0 ng\u00e0y nay, <em><strong>Villa del Balbianello<\/strong><\/em> tr\u1edf th\u00e0nh n\u01a1i \u0111\u01b0\u1ee3c gh\u00e9 th\u0103m nhi\u1ec1u nh\u1ea5t trong s\u1ed1 52 kh\u00e1ch s\u1ea1n thu\u1ed9c s\u1edf h\u1eefu c\u1ee7a Fondo per l&#8217;Ambiente Italiano, v\u1edbi h\u01a1n 135.000 du kh\u00e1ch v\u00e0o n\u0103m 2019.<\/p>\n<p style=\"text-align: justify;\"><a href=\"https:\/\/cdn3.ivivu.com\/2020\/11\/ngan-ngo-voi-can-biet-thu-Villa-del-Balbianello-dep-nhu-tranh-ve-o-Y-ivivu-05.jpg\"><img loading=\"lazy\" decoding=\"async\" class=\"aligncenter size-full wp-image-344221\" src=\"https:\/\/cdn3.ivivu.com\/2020\/11\/ngan-ngo-voi-can-biet-thu-Villa-del-Balbianello-dep-nhu-tranh-ve-o-Y-ivivu-05.jpg\" alt=\"ngan-ngo-voi-can-biet-thu-Villa-del-Balbianello-dep-nhu-tranh-ve-o-Y-ivivu-05\" width=\"800\" height=\"1000\" srcset=\"https:\/\/cdn3.ivivu.com\/2020\/11\/ngan-ngo-voi-can-biet-thu-Villa-del-Balbianello-dep-nhu-tranh-ve-o-Y-ivivu-05.jpg 800w, https:\/\/cdn3.ivivu.com\/2020\/11\/ngan-ngo-voi-can-biet-thu-Villa-del-Balbianello-dep-nhu-tranh-ve-o-Y-ivivu-05-244x305.jpg 244w\" sizes=\"(max-width: 800px) 100vw, 800px\" \/><\/a><\/p>\n<p style=\"text-align: justify;\">N\u0103m 2016, m\u1ed9t d\u1ef1 \u00e1n tr\u1ecb gi\u00e1 413 ngh\u00ecn Euro nh\u1eb1m kh\u00f4i ph\u1ee5c v\u00e0 l\u1eafp \u0111\u1eb7t h\u1ec7 th\u1ed1ng nhi\u00ean li\u1ec7u diesel, \u0111\u00e8n chi\u1ebfu s\u00e1ng, camera an ninh m\u1edbi \u0111\u00e3 \u0111\u01b0\u1ee3c th\u1ef1c hi\u1ec7n. K\u1ec3 t\u1eeb \u0111\u00f3, khi du kh\u00e1ch t\u1edbi th\u0103m \u0111\u00e3 kh\u00f4ng c\u1ea7n qu\u00e1 lo l\u1eafng v\u1ec1 th\u1eddi ti\u1ebft gi\u00e1 l\u1ea1nh c\u1ee7a m\u00f9a \u0111\u00f4ng v\u00e0 \u0111\u01b0\u1ee3c tr\u1ea3i nghi\u1ec7m ph\u00f2ng t\u1eafm c\u1ed5 \u0111i\u1ec3n v\u1edbi \u0111\u1ea7y \u0111\u1ee7 ti\u1ec7n nghi hi\u1ec7n \u0111\u1ea1i. Trong \u0111\u00f3 bao g\u1ed3m hi\u1ec7u s\u00e1ch c\u00f3 l\u01b0u gi\u1eef nhi\u1ec1u t\u00e1c ph\u1ea9m t\u1eeb c\u00e1c th\u1ebf k\u1ef7 tr\u01b0\u1edbc.<\/p>\n<p style=\"text-align: justify;\"><a href=\"https:\/\/cdn3.ivivu.com\/2020\/11\/ngan-ngo-voi-can-biet-thu-Villa-del-Balbianello-dep-nhu-tranh-ve-o-Y-ivivu-06.jpg\"><img loading=\"lazy\" decoding=\"async\" class=\"aligncenter size-full wp-image-344222\" src=\"https:\/\/cdn3.ivivu.com\/2020\/11\/ngan-ngo-voi-can-biet-thu-Villa-del-Balbianello-dep-nhu-tranh-ve-o-Y-ivivu-06.jpg\" alt=\"ngan-ngo-voi-can-biet-thu-Villa-del-Balbianello-dep-nhu-tranh-ve-o-Y-ivivu-06\" width=\"800\" height=\"1000\" srcset=\"https:\/\/cdn3.ivivu.com\/2020\/11\/ngan-ngo-voi-can-biet-thu-Villa-del-Balbianello-dep-nhu-tranh-ve-o-Y-ivivu-06.jpg 800w, https:\/\/cdn3.ivivu.com\/2020\/11\/ngan-ngo-voi-can-biet-thu-Villa-del-Balbianello-dep-nhu-tranh-ve-o-Y-ivivu-06-244x305.jpg 244w\" sizes=\"(max-width: 800px) 100vw, 800px\" \/><\/a><\/p>\n<p style=\"text-align: justify;\">Ngo\u00e0i vi\u1ec7c m\u1edf c\u1eeda cho du kh\u00e1ch tham quan ki\u1ebfn tr\u00fac l\u01b0u l\u1ea1i t\u1eeb th\u1ebf k\u1ef7 13, Villa del Balbianello c\u00f2n l\u00e0 \u0111\u1ecba \u0111i\u1ec3m \u0111\u01b0\u1ee3c nhi\u1ec1u \u0111\u1ea1o di\u1ec5n \u01b0a chu\u1ed9ng. N\u01a1i \u0111\u00e2y t\u1eebng l\u00e0 phim tr\u01b0\u1eddng c\u1ee7a nh\u1eefng t\u00e1c ph\u1ea9m \u0111i\u1ec7n \u1ea3nh n\u1ed5i ti\u1ebfng nh\u01b0: Star Wars, Casio Royale,\u00a0 A Month by the Lake, His Demise,&#8230;<\/p>\n<h4 style=\"text-align: justify;\"><div class=\"ltt-contentbox white\"><\/span>G\u1eccI NGAY 1900 1870 (Mi\u1ec1n Nam),\u00a01900 2045 (Mi\u1ec1n B\u1eafc) ho\u1eb7c 1900 2087\u00a0(Mi\u1ec1n T\u00e2y) \u0110\u1ec2 \u0110\u01af\u1ee2C T\u01af V\u1ea4N\u00a0<a href=\"https:\/\/www.ivivu.com\/ve-may-bay\/?utm_source=blog_ivivu&amp;utm_medium=post_link&amp;utm_campaign=internal\" target=\"_blank\">COMBO KH\u00c1CH S\u1ea0N + V\u00c9 M\u00c1Y BAY<\/a>\u00a0GI\u00c1 SI\u00caU TI\u1ebeT KI\u1ec6M T\u1eea IVIVU.COM<\/div><\/h4>\n<p style=\"text-align: right;\"><strong>Theo iVIVU.com<\/strong><\/p>\n<div class=\"ltt-contentbox white\"><\/span><\/p>\n<p style=\"text-align: justify;\"><strong>Xem th\u00eam b\u00e0i vi\u1ebft:<\/strong><\/p>\n<p style=\"text-align: justify;\"><strong><a href=\"https:\/\/www.ivivu.com\/blog\/2020\/09\/co-mot-ngoi-lang-alberobello-dep-tua-co-tich-o-italy\/\" target=\"_blank\">C\u00f3 m\u1ed9t ng\u00f4i l\u00e0ng Alberobello \u0111\u1eb9p t\u1ef1a c\u1ed5 t\u00edch \u1edf Italy<\/a><\/strong><\/p>\n<p style=\"text-align: justify;\"><strong><a href=\"https:\/\/www.ivivu.com\/blog\/2017\/05\/trai-nghiem-cua-co-gai-viet-tren-dat-y-di-cho-nong-dan-mua-rau-qua-duoc-khuyen-mai-niem-vui\/\" target=\"_blank\">Tr\u1ea3i nghi\u1ec7m c\u1ee7a c\u00f4 g\u00e1i Vi\u1ec7t tr\u00ean \u0111\u1ea5t \u00dd: \u0111i ch\u1ee3 n\u00f4ng d\u00e2n mua rau qu\u1ea3, \u0111\u01b0\u1ee3c khuy\u1ebfn m\u1ea1i ni\u1ec1m vui<\/a><\/strong><\/p>\n<p style=\"text-align: justify;\"><strong><a href=\"https:\/\/www.ivivu.com\/blog\/2020\/01\/9x-chia-tay-ban-trai-bo-viec-di-khap-nuoc-my-cung-cho-cung\/\" target=\"_blank\">9X chia tay b\u1ea1n trai, b\u1ecf vi\u1ec7c \u0111i kh\u1eafp n\u01b0\u1edbc M\u1ef9 c\u00f9ng ch\u00f3 c\u01b0ng<\/a><\/strong><\/p>\n<p><\/div>\n<div class=\"ltt-contentbox white\"><\/span><\/p>\n<h3 style=\"text-align: justify;\">Click \u0111\u1eb7t ngay\u00a0<a href=\"https:\/\/www.ivivu.com\/vi\/?utm_source=blog_ivivu&amp;utm_medium=post_link&amp;utm_campaign=internal?utm_source=blog_ivivu&amp;utm_medium=post_link&amp;utm_campaign=internal?utm_source=blog_ivivu&amp;utm_medium=post_link&amp;utm_campaign=internal?utm_source=blog_ivivu&amp;utm_medium=post_link&amp;utm_campaign=internal?utm_source=blog_ivivu&amp;utm_medium=post_link&amp;utm_campaign=internal?utm_source=blog_ivivu&amp;utm_medium=post_link&amp;utm_campaign=internal?utm_source=blog_ivivu&amp;utm_medium=post_link&amp;utm_campaign=internal?utm_source=blog_ivivu&amp;utm_medium=post_link&amp;utm_campaign=internal?utm_source=blog_ivivu&amp;utm_medium=post_link&amp;utm_campaign=internal?utm_source=blog_ivivu&amp;utm_medium=post_link&amp;utm_campaign=internal?utm_source=blog_ivivu&amp;utm_medium=post_link&amp;utm_campaign=internal?utm_source=blog_ivivu&amp;utm_medium=post_link&amp;utm_campaign=internal?utm_source=blog_ivivu&amp;utm_medium=post_link&amp;utm_campaign=internal?utm_source=blog_ivivu&amp;utm_medium=post_link&amp;utm_campaign=internal?utm_source=blog_ivivu&amp;utm_medium=post_link&amp;utm_campaign=internal?utm_source=blog_ivivu&amp;utm_medium=post_link&amp;utm_campaign=internal?utm_source=blog_ivivu&amp;utm_medium=post_link&amp;utm_campaign=internal?utm_source=blog_ivivu&amp;utm_medium=post_link&amp;utm_campaign=internal\" target=\"_blank\">Kh\u00e1ch s\u1ea1n kh\u1eafp Vi\u1ec7t Nam v\u00e0 to\u00e0n th\u1ebf gi\u1edbi<\/a>\u00a0gi\u00e1 t\u1ed1t nh\u1ea5t ch\u1ec9 c\u00f3 t\u1ea1i iVIVU.com<\/h3>\n<p><\/div>\n<p style=\"text-align: justify;\">***<\/p>\n<p style=\"text-align: justify;\"><strong>Tham kh\u1ea3o:\u00a0<a href=\"https:\/\/www.ivivu.com\/blog\" target=\"_blank\">C\u1ea9m nang du l\u1ecbch iVIVU.com<\/a><\/strong><\/p>\n","protected":false},"excerpt":{"rendered":"<p>Villa del Balbianello l\u00e0 m\u1ed9t to\u00e0 bi\u1ec7t th\u1ef1 \u1edf th\u1ecb tr\u1ea5n Lenno, thu\u1ed9c t\u1ec9nh ph\u00eda b\u1eafc v\u00f9ng Lombardy c\u1ee7a \u00dd. Bi\u1ec7t th\u1ef1 c\u00f3 h\u01b0\u1edbng nh\u00ecn ra h\u1ed3 Como v\u1edbi m\u00e0u n\u01b0\u1edbc xanh ng\u1ecdc b\u00edch quanh n\u0103m.<\/p>\n","protected":false},"author":59,"featured_media":344224,"comment_status":"closed","ping_status":"open","sticky":false,"template":"","format":"standard","meta":{"_acf_changed":false,"footnotes":""},"categories":[247,231,795,14742],"tags":[40927,319,1351,40928,5721,40926],"acf":[],"yoast_head":"<!-- This site is optimized with the Yoast SEO Premium plugin v22.6 (Yoast SEO v22.6) - https:\/\/yoast.com\/wordpress\/plugins\/seo\/ -->\n<title>Ng\u1ea9n ng\u01a1 v\u1edbi c\u0103n bi\u1ec7t th\u1ef1 Villa del Balbianello \u0111\u1eb9p nh\u01b0 tranh v\u1ebd \u1edf \u00dd<\/title>\n<meta name=\"description\" content=\"Villa del Balbianello l\u00e0 m\u1ed9t to\u00e0 bi\u1ec7t th\u1ef1 c\u00f3 v\u1ebb \u0111\u1eb9p b\u00ed \u1ea9n thu h\u00fat nh\u1ea5t \u1edf th\u1ecb tr\u1ea5n Lenno, m\u1ed9t t\u1ec9nh \u1edf ph\u00eda b\u1eafc v\u00f9ng Lombardy c\u1ee7a \u00dd.\" \/>\n<meta name=\"robots\" content=\"index, follow, max-snippet:-1, max-image-preview:large, max-video-preview:-1\" \/>\n<link rel=\"canonical\" href=\"https:\/\/www.ivivu.com\/blog\/2020\/11\/ngan-ngo-voi-can-biet-thu-villa-del-balbianello-dep-nhu-tranh-ve-o-y\/\" \/>\n<meta name=\"twitter:label1\" content=\"\u0110\u01b0\u1ee3c vi\u1ebft b\u1edfi\" \/>\n\t<meta name=\"twitter:data1\" content=\"Ho\u00e0ng Gi\u00e1p \u0110\u00e0o\" \/>\n\t<meta name=\"twitter:label2\" content=\"\u01af\u1edbc t\u00ednh th\u1eddi gian \u0111\u1ecdc\" \/>\n\t<meta name=\"twitter:data2\" content=\"5 ph\u00fat\" \/>\n<script type=\"application\/ld+json\" class=\"yoast-schema-graph\">{\"@context\":\"https:\/\/schema.org\",\"@graph\":[{\"@type\":\"Article\",\"@id\":\"https:\/\/www.ivivu.com\/blog\/2020\/11\/ngan-ngo-voi-can-biet-thu-villa-del-balbianello-dep-nhu-tranh-ve-o-y\/#article\",\"isPartOf\":{\"@id\":\"https:\/\/www.ivivu.com\/blog\/2020\/11\/ngan-ngo-voi-can-biet-thu-villa-del-balbianello-dep-nhu-tranh-ve-o-y\/\"},\"author\":{\"name\":\"Ho\u00e0ng Gi\u00e1p \u0110\u00e0o\",\"@id\":\"https:\/\/www.ivivu.com\/blog\/#\/schema\/person\/5ad47dde77c58d014e95efcaed8b5c51\"},\"headline\":\"Ng\u1ea9n ng\u01a1 v\u1edbi c\u0103n bi\u1ec7t th\u1ef1 Villa del Balbianello \u0111\u1eb9p nh\u01b0 tranh v\u1ebd \u1edf \u00dd\",\"datePublished\":\"2020-11-24T04:15:21+00:00\",\"dateModified\":\"2020-11-24T04:15:21+00:00\",\"mainEntityOfPage\":{\"@id\":\"https:\/\/www.ivivu.com\/blog\/2020\/11\/ngan-ngo-voi-can-biet-thu-villa-del-balbianello-dep-nhu-tranh-ve-o-y\/\"},\"wordCount\":954,\"publisher\":{\"@id\":\"https:\/\/www.ivivu.com\/blog\/#organization\"},\"image\":{\"@id\":\"https:\/\/www.ivivu.com\/blog\/2020\/11\/ngan-ngo-voi-can-biet-thu-villa-del-balbianello-dep-nhu-tranh-ve-o-y\/#primaryimage\"},\"thumbnailUrl\":\"https:\/\/cdn3.ivivu.com\/2020\/11\/ngan-ngo-voi-can-biet-thu-Villa-del-Balbianello-dep-nhu-tranh-ve-o-Y-ivivu-a.jpg\",\"keywords\":[\"bi\u1ec7t th\u1ef1 Villa del Balbianello\",\"Du l\u1ecbch ch\u00e2u \u00e2u\",\"du l\u1ecbch \u00dd\",\"\u0111i\u1ec3m \u0111\u1ebfn \u1edf \u00dd\",\"kinh nghi\u1ec7m du l\u1ecbch ch\u00e2u \u00e2u\",\"Villa del Balbianello\"],\"articleSection\":[\"Ch\u00e2u \u00c2u\",\"DU L\u1ecaCH TH\u1ebe GI\u1edaI\",\"\u0110i\u1ec3m \u0111\u1ebfn\",\"N\u1ed5i B\u1eadt 2\"],\"inLanguage\":\"vi\"},{\"@type\":\"WebPage\",\"@id\":\"https:\/\/www.ivivu.com\/blog\/2020\/11\/ngan-ngo-voi-can-biet-thu-villa-del-balbianello-dep-nhu-tranh-ve-o-y\/\",\"url\":\"https:\/\/www.ivivu.com\/blog\/2020\/11\/ngan-ngo-voi-can-biet-thu-villa-del-balbianello-dep-nhu-tranh-ve-o-y\/\",\"name\":\"Ng\u1ea9n ng\u01a1 v\u1edbi c\u0103n bi\u1ec7t th\u1ef1 Villa del Balbianello \u0111\u1eb9p nh\u01b0 tranh v\u1ebd \u1edf \u00dd\",\"isPartOf\":{\"@id\":\"https:\/\/www.ivivu.com\/blog\/#website\"},\"primaryImageOfPage\":{\"@id\":\"https:\/\/www.ivivu.com\/blog\/2020\/11\/ngan-ngo-voi-can-biet-thu-villa-del-balbianello-dep-nhu-tranh-ve-o-y\/#primaryimage\"},\"image\":{\"@id\":\"https:\/\/www.ivivu.com\/blog\/2020\/11\/ngan-ngo-voi-can-biet-thu-villa-del-balbianello-dep-nhu-tranh-ve-o-y\/#primaryimage\"},\"thumbnailUrl\":\"https:\/\/cdn3.ivivu.com\/2020\/11\/ngan-ngo-voi-can-biet-thu-Villa-del-Balbianello-dep-nhu-tranh-ve-o-Y-ivivu-a.jpg\",\"datePublished\":\"2020-11-24T04:15:21+00:00\",\"dateModified\":\"2020-11-24T04:15:21+00:00\",\"description\":\"Villa del Balbianello l\u00e0 m\u1ed9t to\u00e0 bi\u1ec7t th\u1ef1 c\u00f3 v\u1ebb \u0111\u1eb9p b\u00ed \u1ea9n thu h\u00fat nh\u1ea5t \u1edf th\u1ecb tr\u1ea5n Lenno, m\u1ed9t t\u1ec9nh \u1edf ph\u00eda b\u1eafc v\u00f9ng Lombardy c\u1ee7a \u00dd.\",\"breadcrumb\":{\"@id\":\"https:\/\/www.ivivu.com\/blog\/2020\/11\/ngan-ngo-voi-can-biet-thu-villa-del-balbianello-dep-nhu-tranh-ve-o-y\/#breadcrumb\"},\"inLanguage\":\"vi\",\"potentialAction\":[{\"@type\":\"ReadAction\",\"target\":[\"https:\/\/www.ivivu.com\/blog\/2020\/11\/ngan-ngo-voi-can-biet-thu-villa-del-balbianello-dep-nhu-tranh-ve-o-y\/\"]}]},{\"@type\":\"ImageObject\",\"inLanguage\":\"vi\",\"@id\":\"https:\/\/www.ivivu.com\/blog\/2020\/11\/ngan-ngo-voi-can-biet-thu-villa-del-balbianello-dep-nhu-tranh-ve-o-y\/#primaryimage\",\"url\":\"https:\/\/cdn3.ivivu.com\/2020\/11\/ngan-ngo-voi-can-biet-thu-Villa-del-Balbianello-dep-nhu-tranh-ve-o-Y-ivivu-a.jpg\",\"contentUrl\":\"https:\/\/cdn3.ivivu.com\/2020\/11\/ngan-ngo-voi-can-biet-thu-Villa-del-Balbianello-dep-nhu-tranh-ve-o-Y-ivivu-a.jpg\",\"width\":800,\"height\":400},{\"@type\":\"BreadcrumbList\",\"@id\":\"https:\/\/www.ivivu.com\/blog\/2020\/11\/ngan-ngo-voi-can-biet-thu-villa-del-balbianello-dep-nhu-tranh-ve-o-y\/#breadcrumb\",\"itemListElement\":[{\"@type\":\"ListItem\",\"position\":1,\"name\":\"Home\",\"item\":\"https:\/\/www.ivivu.com\/blog\/\"},{\"@type\":\"ListItem\",\"position\":2,\"name\":\"Ng\u1ea9n ng\u01a1 v\u1edbi c\u0103n bi\u1ec7t th\u1ef1 Villa del Balbianello \u0111\u1eb9p nh\u01b0 tranh v\u1ebd \u1edf \u00dd\"}]},{\"@type\":\"WebSite\",\"@id\":\"https:\/\/www.ivivu.com\/blog\/#website\",\"url\":\"https:\/\/www.ivivu.com\/blog\/\",\"name\":\"C\u1ea9m nang du l\u1ecbch\",\"description\":\"\",\"publisher\":{\"@id\":\"https:\/\/www.ivivu.com\/blog\/#organization\"},\"potentialAction\":[{\"@type\":\"SearchAction\",\"target\":{\"@type\":\"EntryPoint\",\"urlTemplate\":\"https:\/\/www.ivivu.com\/blog\/?s={search_term_string}\"},\"query-input\":\"required name=search_term_string\"}],\"inLanguage\":\"vi\"},{\"@type\":\"Organization\",\"@id\":\"https:\/\/www.ivivu.com\/blog\/#organization\",\"name\":\"iVIVU.com\",\"url\":\"https:\/\/www.ivivu.com\/blog\/\",\"logo\":{\"@type\":\"ImageObject\",\"inLanguage\":\"vi\",\"@id\":\"https:\/\/www.ivivu.com\/blog\/#\/schema\/logo\/image\/\",\"url\":\"https:\/\/cdn3.ivivu.com\/2024\/01\/ivivu_no_slogan.png\",\"contentUrl\":\"https:\/\/cdn3.ivivu.com\/2024\/01\/ivivu_no_slogan.png\",\"width\":788,\"height\":565,\"caption\":\"iVIVU.com\"},\"image\":{\"@id\":\"https:\/\/www.ivivu.com\/blog\/#\/schema\/logo\/image\/\"},\"sameAs\":[\"https:\/\/www.facebook.com\/iVIVU\"]},{\"@type\":\"Person\",\"@id\":\"https:\/\/www.ivivu.com\/blog\/#\/schema\/person\/5ad47dde77c58d014e95efcaed8b5c51\",\"name\":\"Ho\u00e0ng Gi\u00e1p \u0110\u00e0o\",\"url\":\"https:\/\/www.ivivu.com\/blog\/author\/giap-dao\/\"}]}<\/script>\n<!-- \/ Yoast SEO Premium plugin. -->","yoast_head_json":{"title":"Ng\u1ea9n ng\u01a1 v\u1edbi c\u0103n bi\u1ec7t th\u1ef1 Villa del Balbianello \u0111\u1eb9p nh\u01b0 tranh v\u1ebd \u1edf \u00dd","description":"Villa del Balbianello l\u00e0 m\u1ed9t to\u00e0 bi\u1ec7t th\u1ef1 c\u00f3 v\u1ebb \u0111\u1eb9p b\u00ed \u1ea9n thu h\u00fat nh\u1ea5t \u1edf th\u1ecb tr\u1ea5n Lenno, m\u1ed9t t\u1ec9nh \u1edf ph\u00eda b\u1eafc v\u00f9ng Lombardy c\u1ee7a \u00dd.","robots":{"index":"index","follow":"follow","max-snippet":"max-snippet:-1","max-image-preview":"max-image-preview:large","max-video-preview":"max-video-preview:-1"},"canonical":"https:\/\/www.ivivu.com\/blog\/2020\/11\/ngan-ngo-voi-can-biet-thu-villa-del-balbianello-dep-nhu-tranh-ve-o-y\/","twitter_misc":{"\u0110\u01b0\u1ee3c vi\u1ebft b\u1edfi":"Ho\u00e0ng Gi\u00e1p \u0110\u00e0o","\u01af\u1edbc t\u00ednh th\u1eddi gian \u0111\u1ecdc":"5 ph\u00fat"},"schema":{"@context":"https:\/\/schema.org","@graph":[{"@type":"Article","@id":"https:\/\/www.ivivu.com\/blog\/2020\/11\/ngan-ngo-voi-can-biet-thu-villa-del-balbianello-dep-nhu-tranh-ve-o-y\/#article","isPartOf":{"@id":"https:\/\/www.ivivu.com\/blog\/2020\/11\/ngan-ngo-voi-can-biet-thu-villa-del-balbianello-dep-nhu-tranh-ve-o-y\/"},"author":{"name":"Ho\u00e0ng Gi\u00e1p \u0110\u00e0o","@id":"https:\/\/www.ivivu.com\/blog\/#\/schema\/person\/5ad47dde77c58d014e95efcaed8b5c51"},"headline":"Ng\u1ea9n ng\u01a1 v\u1edbi c\u0103n bi\u1ec7t th\u1ef1 Villa del Balbianello \u0111\u1eb9p nh\u01b0 tranh v\u1ebd \u1edf \u00dd","datePublished":"2020-11-24T04:15:21+00:00","dateModified":"2020-11-24T04:15:21+00:00","mainEntityOfPage":{"@id":"https:\/\/www.ivivu.com\/blog\/2020\/11\/ngan-ngo-voi-can-biet-thu-villa-del-balbianello-dep-nhu-tranh-ve-o-y\/"},"wordCount":954,"publisher":{"@id":"https:\/\/www.ivivu.com\/blog\/#organization"},"image":{"@id":"https:\/\/www.ivivu.com\/blog\/2020\/11\/ngan-ngo-voi-can-biet-thu-villa-del-balbianello-dep-nhu-tranh-ve-o-y\/#primaryimage"},"thumbnailUrl":"https:\/\/cdn3.ivivu.com\/2020\/11\/ngan-ngo-voi-can-biet-thu-Villa-del-Balbianello-dep-nhu-tranh-ve-o-Y-ivivu-a.jpg","keywords":["bi\u1ec7t th\u1ef1 Villa del Balbianello","Du l\u1ecbch ch\u00e2u \u00e2u","du l\u1ecbch \u00dd","\u0111i\u1ec3m \u0111\u1ebfn \u1edf \u00dd","kinh nghi\u1ec7m du l\u1ecbch ch\u00e2u \u00e2u","Villa del Balbianello"],"articleSection":["Ch\u00e2u \u00c2u","DU L\u1ecaCH TH\u1ebe GI\u1edaI","\u0110i\u1ec3m \u0111\u1ebfn","N\u1ed5i B\u1eadt 2"],"inLanguage":"vi"},{"@type":"WebPage","@id":"https:\/\/www.ivivu.com\/blog\/2020\/11\/ngan-ngo-voi-can-biet-thu-villa-del-balbianello-dep-nhu-tranh-ve-o-y\/","url":"https:\/\/www.ivivu.com\/blog\/2020\/11\/ngan-ngo-voi-can-biet-thu-villa-del-balbianello-dep-nhu-tranh-ve-o-y\/","name":"Ng\u1ea9n ng\u01a1 v\u1edbi c\u0103n bi\u1ec7t th\u1ef1 Villa del Balbianello \u0111\u1eb9p nh\u01b0 tranh v\u1ebd \u1edf \u00dd","isPartOf":{"@id":"https:\/\/www.ivivu.com\/blog\/#website"},"primaryImageOfPage":{"@id":"https:\/\/www.ivivu.com\/blog\/2020\/11\/ngan-ngo-voi-can-biet-thu-villa-del-balbianello-dep-nhu-tranh-ve-o-y\/#primaryimage"},"image":{"@id":"https:\/\/www.ivivu.com\/blog\/2020\/11\/ngan-ngo-voi-can-biet-thu-villa-del-balbianello-dep-nhu-tranh-ve-o-y\/#primaryimage"},"thumbnailUrl":"https:\/\/cdn3.ivivu.com\/2020\/11\/ngan-ngo-voi-can-biet-thu-Villa-del-Balbianello-dep-nhu-tranh-ve-o-Y-ivivu-a.jpg","datePublished":"2020-11-24T04:15:21+00:00","dateModified":"2020-11-24T04:15:21+00:00","description":"Villa del Balbianello l\u00e0 m\u1ed9t to\u00e0 bi\u1ec7t th\u1ef1 c\u00f3 v\u1ebb \u0111\u1eb9p b\u00ed \u1ea9n thu h\u00fat nh\u1ea5t \u1edf th\u1ecb tr\u1ea5n Lenno, m\u1ed9t t\u1ec9nh \u1edf ph\u00eda b\u1eafc v\u00f9ng Lombardy c\u1ee7a \u00dd.","breadcrumb":{"@id":"https:\/\/www.ivivu.com\/blog\/2020\/11\/ngan-ngo-voi-can-biet-thu-villa-del-balbianello-dep-nhu-tranh-ve-o-y\/#breadcrumb"},"inLanguage":"vi","potentialAction":[{"@type":"ReadAction","target":["https:\/\/www.ivivu.com\/blog\/2020\/11\/ngan-ngo-voi-can-biet-thu-villa-del-balbianello-dep-nhu-tranh-ve-o-y\/"]}]},{"@type":"ImageObject","inLanguage":"vi","@id":"https:\/\/www.ivivu.com\/blog\/2020\/11\/ngan-ngo-voi-can-biet-thu-villa-del-balbianello-dep-nhu-tranh-ve-o-y\/#primaryimage","url":"https:\/\/cdn3.ivivu.com\/2020\/11\/ngan-ngo-voi-can-biet-thu-Villa-del-Balbianello-dep-nhu-tranh-ve-o-Y-ivivu-a.jpg","contentUrl":"https:\/\/cdn3.ivivu.com\/2020\/11\/ngan-ngo-voi-can-biet-thu-Villa-del-Balbianello-dep-nhu-tranh-ve-o-Y-ivivu-a.jpg","width":800,"height":400},{"@type":"BreadcrumbList","@id":"https:\/\/www.ivivu.com\/blog\/2020\/11\/ngan-ngo-voi-can-biet-thu-villa-del-balbianello-dep-nhu-tranh-ve-o-y\/#breadcrumb","itemListElement":[{"@type":"ListItem","position":1,"name":"Home","item":"https:\/\/www.ivivu.com\/blog\/"},{"@type":"ListItem","position":2,"name":"Ng\u1ea9n ng\u01a1 v\u1edbi c\u0103n bi\u1ec7t th\u1ef1 Villa del Balbianello \u0111\u1eb9p nh\u01b0 tranh v\u1ebd \u1edf \u00dd"}]},{"@type":"WebSite","@id":"https:\/\/www.ivivu.com\/blog\/#website","url":"https:\/\/www.ivivu.com\/blog\/","name":"C\u1ea9m nang du l\u1ecbch","description":"","publisher":{"@id":"https:\/\/www.ivivu.com\/blog\/#organization"},"potentialAction":[{"@type":"SearchAction","target":{"@type":"EntryPoint","urlTemplate":"https:\/\/www.ivivu.com\/blog\/?s={search_term_string}"},"query-input":"required name=search_term_string"}],"inLanguage":"vi"},{"@type":"Organization","@id":"https:\/\/www.ivivu.com\/blog\/#organization","name":"iVIVU.com","url":"https:\/\/www.ivivu.com\/blog\/","logo":{"@type":"ImageObject","inLanguage":"vi","@id":"https:\/\/www.ivivu.com\/blog\/#\/schema\/logo\/image\/","url":"https:\/\/cdn3.ivivu.com\/2024\/01\/ivivu_no_slogan.png","contentUrl":"https:\/\/cdn3.ivivu.com\/2024\/01\/ivivu_no_slogan.png","width":788,"height":565,"caption":"iVIVU.com"},"image":{"@id":"https:\/\/www.ivivu.com\/blog\/#\/schema\/logo\/image\/"},"sameAs":["https:\/\/www.facebook.com\/iVIVU"]},{"@type":"Person","@id":"https:\/\/www.ivivu.com\/blog\/#\/schema\/person\/5ad47dde77c58d014e95efcaed8b5c51","name":"Ho\u00e0ng Gi\u00e1p \u0110\u00e0o","url":"https:\/\/www.ivivu.com\/blog\/author\/giap-dao\/"}]}},"_links":{"self":[{"href":"https:\/\/www.ivivu.com\/blog\/wp-json\/wp\/v2\/posts\/344215"}],"collection":[{"href":"https:\/\/www.ivivu.com\/blog\/wp-json\/wp\/v2\/posts"}],"about":[{"href":"https:\/\/www.ivivu.com\/blog\/wp-json\/wp\/v2\/types\/post"}],"author":[{"embeddable":true,"href":"https:\/\/www.ivivu.com\/blog\/wp-json\/wp\/v2\/users\/59"}],"replies":[{"embeddable":true,"href":"https:\/\/www.ivivu.com\/blog\/wp-json\/wp\/v2\/comments?post=344215"}],"version-history":[{"count":8,"href":"https:\/\/www.ivivu.com\/blog\/wp-json\/wp\/v2\/posts\/344215\/revisions"}],"predecessor-version":[{"id":344236,"href":"https:\/\/www.ivivu.com\/blog\/wp-json\/wp\/v2\/posts\/344215\/revisions\/344236"}],"wp:featuredmedia":[{"embeddable":true,"href":"https:\/\/www.ivivu.com\/blog\/wp-json\/wp\/v2\/media\/344224"}],"wp:attachment":[{"href":"https:\/\/www.ivivu.com\/blog\/wp-json\/wp\/v2\/media?parent=344215"}],"wp:term":[{"taxonomy":"category","embeddable":true,"href":"https:\/\/www.ivivu.com\/blog\/wp-json\/wp\/v2\/categories?post=344215"},{"taxonomy":"post_tag","embeddable":true,"href":"https:\/\/www.ivivu.com\/blog\/wp-json\/wp\/v2\/tags?post=344215"}],"curies":[{"name":"wp","href":"https:\/\/api.w.org\/{rel}","templated":true}]}}