{"id":375644,"date":"2022-09-28T14:05:56","date_gmt":"2022-09-28T07:05:56","guid":{"rendered":"https:\/\/www.ivivu.com\/blog\/?p=375644"},"modified":"2022-09-28T14:05:56","modified_gmt":"2022-09-28T07:05:56","slug":"den-thien-vien-truc-lam-da-lat-tim-ve-chon-yen-binh","status":"publish","type":"post","link":"https:\/\/www.ivivu.com\/blog\/2022\/09\/den-thien-vien-truc-lam-da-lat-tim-ve-chon-yen-binh\/","title":{"rendered":"\u0110\u1ebfn Thi\u1ec1n vi\u1ec7n Tr\u00fac L\u00e2m \u0110\u00e0 L\u1ea1t, t\u00ecm v\u1ec1 ch\u1ed1n y\u00ean b\u00ecnh"},"content":{"rendered":"<p style=\"text-align: justify;\"><em><strong>M\u1ed9t trong nh\u1eefng \u0111\u1ecba \u0111i\u1ec3m du l\u1ecbch t\u00e2m linh n\u1ed5i ti\u1ebfng \u1edf th\u00e0nh ph\u1ed1 ng\u00e0n hoa, b\u1ea1n kh\u00f4ng n\u00ean b\u1ecf l\u1ee1 \u0111\u00f3 l\u00e0 Thi\u1ec1n vi\u1ec7n Tr\u00fac L\u00e2m \u0110\u00e0 L\u1ea1t &#8211; n\u01a1i \u0111\u01b0a du kh\u00e1ch tr\u1edf v\u1ec1 ch\u1ed1n y\u00ean b\u00ecnh c\u00f9ng s\u1ef1 tr\u1ea7m m\u1eb7c.<\/strong><\/em><!--more--><\/p>\n<p style=\"text-align: justify;\"><strong><div class=\"ltt-contentbox white\"><\/span>Xem th\u00eam:<a href=\"https:\/\/www.ivivu.com\/blog\/category\/viet-nam\/da-lat\/\" target=\"_blank\"> Du l\u1ecbch \u0110\u00e0 L\u1ea1t<\/a><\/div><\/strong><\/p>\n<h2 style=\"text-align: justify;\">\u0110\u1ebfn Thi\u1ec1n vi\u1ec7n Tr\u00fac L\u00e2m \u0110\u00e0 L\u1ea1t, t\u00ecm v\u1ec1 ch\u1ed1n y\u00ean b\u00ecnh<\/h2>\n<p style=\"text-align: justify;\"><strong>Thi\u1ec1n vi\u1ec7n Tr\u00fac L\u00e2m \u0110\u00e0 L\u1ea1t<\/strong> to\u1ea1 l\u1ea1c trong m\u1ed9t khu\u00f4n vi\u00ean r\u1ed9ng 25 ha tr\u00ean \u0111\u1ec9nh n\u00fai Ph\u01b0\u1ee3ng Ho\u00e0ng b\u00ean khu v\u1ef1c h\u1ed3 Tuy\u1ec1n L\u00e2m. \u0110\u01b0\u1ee3c kh\u00e1nh th\u00e0nh v\u00e0o n\u0103m 1994, \u0111\u1ebfn nay v\u1edbi h\u01a1n 20 n\u0103m tr\u01b0\u1eddng t\u1ed3n v\u00e0 ph\u00e1t tri\u1ec3n, n\u01a1i \u0111\u00e2y kh\u00f4ng ch\u1ec9 l\u00e0 n\u01a1i tu h\u00e0nh c\u1ee7a c\u00e1c Ph\u1eadt t\u1eed m\u00e0 c\u00f2n l\u00e0 \u0111\u1ecba \u0111i\u1ec3m tham quan l\u00fd t\u01b0\u1edfng d\u00e0nh cho kh\u00e1ch du l\u1ecbch, kh\u00e1ch h\u00e0nh h\u01b0\u01a1ng \u0111\u1ebfn chi\u00eam b\u00e1i, l\u1ec5 Ph\u1eadt m\u1ed7i ng\u00e0y.<\/p>\n<p style=\"text-align: justify;\"><a href=\"https:\/\/cdn3.ivivu.com\/2022\/09\/thienvientruclam1.jpg\"><img loading=\"lazy\" decoding=\"async\" class=\"aligncenter size-full wp-image-375655\" src=\"https:\/\/cdn3.ivivu.com\/2022\/09\/thienvientruclam1.jpg\" alt=\"thienvientruclam1\" width=\"600\" height=\"400\" srcset=\"https:\/\/cdn3.ivivu.com\/2022\/09\/thienvientruclam1.jpg 600w, https:\/\/cdn3.ivivu.com\/2022\/09\/thienvientruclam1-458x305.jpg 458w\" sizes=\"(max-width: 600px) 100vw, 600px\" \/><\/a><\/p>\n<p style=\"text-align: justify;\"><a href=\"https:\/\/cdn3.ivivu.com\/2022\/09\/thienvientruclam.png\"><img loading=\"lazy\" decoding=\"async\" class=\"aligncenter size-full wp-image-375654\" src=\"https:\/\/cdn3.ivivu.com\/2022\/09\/thienvientruclam.png\" alt=\"thienvientruclam\" width=\"975\" height=\"975\" srcset=\"https:\/\/cdn3.ivivu.com\/2022\/09\/thienvientruclam.png 975w, https:\/\/cdn3.ivivu.com\/2022\/09\/thienvientruclam-305x305.png 305w, https:\/\/cdn3.ivivu.com\/2022\/09\/thienvientruclam-75x75.png 75w\" sizes=\"(max-width: 975px) 100vw, 975px\" \/><\/a><em><strong>Thi\u1ec1n vi\u1ec7n Tr\u00fac L\u00e2m \u0110\u00e0 L\u1ea1t<\/strong><\/em> g\u00e2y \u1ea5n t\u01b0\u1ee3ng v\u1edbi ki\u1ebfn tr\u00fac v\u00f4 c\u00f9ng \u0111\u1eb9p m\u1eaft v\u00e0 \u1ea5n t\u01b0\u1ee3ng, to\u00e0n b\u1ed9 thi\u1ec1n vi\u1ec7n mang n\u00e9t ki\u1ebfn tr\u00fac d\u00e2n t\u1ed9c truy\u1ec1n th\u1ed1ng v\u00e0 c\u00f3 s\u1ef1 k\u1ebft h\u1ee3p h\u00e0i h\u00f2a v\u1edbi c\u1ea5u tr\u00fac \u0111\u01b0\u01a1ng \u0111\u1ea1i \u00c1 \u0110\u00f4ng, n\u01a1i \u0111\u00e2y thu h\u00fat kh\u00e1ch du l\u1ecbch b\u1eb1ng v\u1ebb \u0111\u1eb9p c\u1ee7a m\u1ed9t b\u1ee9c tranh s\u01a1n th\u1ee7y tuy\u1ec7t \u0111\u1eb9p c\u00f9ng quang c\u1ea3nh m\u00e3n nh\u00e3n khi\u1ebfn du kh\u00e1ch h\u00e0i l\u00f2ng.<\/p>\n<div id=\"attachment_376356\" style=\"width: 1090px\" class=\"wp-caption alignnone\"><a href=\"https:\/\/cdn3.ivivu.com\/2022\/09\/thien-vien-truc-lam-da-lat-ivivu-1.jpg\"><img loading=\"lazy\" decoding=\"async\" aria-describedby=\"caption-attachment-376356\" class=\"size-full wp-image-376356\" src=\"https:\/\/cdn3.ivivu.com\/2022\/09\/thien-vien-truc-lam-da-lat-ivivu-1.jpg\" alt=\"\u1ea2nh: @cucmoheo00\" width=\"1080\" height=\"827\" srcset=\"https:\/\/cdn3.ivivu.com\/2022\/09\/thien-vien-truc-lam-da-lat-ivivu-1.jpg 1080w, https:\/\/cdn3.ivivu.com\/2022\/09\/thien-vien-truc-lam-da-lat-ivivu-1-398x305.jpg 398w, https:\/\/cdn3.ivivu.com\/2022\/09\/thien-vien-truc-lam-da-lat-ivivu-1-1024x784.jpg 1024w\" sizes=\"(max-width: 1080px) 100vw, 1080px\" \/><\/a><p id=\"caption-attachment-376356\" class=\"wp-caption-text\">\u1ea2nh: @cucmoheo00<\/p><\/div>\n<p style=\"text-align: justify;\"><a href=\"https:\/\/cdn3.ivivu.com\/2022\/09\/thien-vien-truc-lam-da-lat-ivivu.jpg\"><img loading=\"lazy\" decoding=\"async\" class=\"alignnone size-full wp-image-376355\" src=\"https:\/\/cdn3.ivivu.com\/2022\/09\/thien-vien-truc-lam-da-lat-ivivu.jpg\" alt=\"thien-vien-truc-lam-da-lat-ivivu\" width=\"1536\" height=\"1152\" srcset=\"https:\/\/cdn3.ivivu.com\/2022\/09\/thien-vien-truc-lam-da-lat-ivivu.jpg 1536w, https:\/\/cdn3.ivivu.com\/2022\/09\/thien-vien-truc-lam-da-lat-ivivu-407x305.jpg 407w, https:\/\/cdn3.ivivu.com\/2022\/09\/thien-vien-truc-lam-da-lat-ivivu-1024x768.jpg 1024w\" sizes=\"(max-width: 1536px) 100vw, 1536px\" \/><\/a>Thi\u00ean vi\u1ec7n mang b\u1ed1 c\u1ee5c c\u1ee7a 4 khu ch\u00ednh. Khu h\u00f2a th\u01b0\u1ee3ng vi\u1ec7n tr\u01b0\u1edfng, khu n\u1ed9i vi\u1ec7n t\u0103ng, khu n\u1ed9i vi\u1ec7n ni v\u00e0 khu ngo\u1ea1i vi\u1ec7n. Thi\u1ec1n vi\u1ec7n Tr\u00fac L\u00e2m t\u1ecda l\u1ea1c t\u1ea1i m\u1ed9t v\u1ecb tr\u00ed v\u00f4 c\u00f9ng \u0111\u1eafc \u0111\u1ecba. T\u1ef1a v\u00e0o l\u01b0ng n\u00fai, nh\u00ecn ra ph\u00eda h\u1ed3 th\u01a1 m\u1ed9ng. Khu ngo\u1ea1i vi\u1ec7n bao g\u1ed3m c\u00e1c c\u00f4ng tr\u00ecnh: ch\u00e1nh \u0111i\u1ec7n, tham v\u1ea5n \u0111\u01b0\u1eddng, nh\u00e0 tr\u01b0ng b\u00e0y, v\u01b0\u1eddn t\u1ed5, nh\u00e0 kh\u00e1ch, th\u01b0 vi\u1ec7n, l\u1ea7u tr\u1ed1ng, l\u1ea7u chu\u00f4ng. Khu v\u1ef1c ngo\u1ea1i vi\u1ec7n, du kh\u00e1ch \u0111\u01b0\u1ee3c t\u1ef1 do tham quan.<\/p>\n<div id=\"attachment_376361\" style=\"width: 1090px\" class=\"wp-caption alignnone\"><a href=\"https:\/\/cdn3.ivivu.com\/2022\/09\/thien-vien-truc-lam-da-lat-ivivu-2.jpg\"><img loading=\"lazy\" decoding=\"async\" aria-describedby=\"caption-attachment-376361\" class=\"size-full wp-image-376361\" src=\"https:\/\/cdn3.ivivu.com\/2022\/09\/thien-vien-truc-lam-da-lat-ivivu-2.jpg\" alt=\"\u1ea2nh: @maxkolbe1\" width=\"1080\" height=\"1080\" srcset=\"https:\/\/cdn3.ivivu.com\/2022\/09\/thien-vien-truc-lam-da-lat-ivivu-2.jpg 1080w, https:\/\/cdn3.ivivu.com\/2022\/09\/thien-vien-truc-lam-da-lat-ivivu-2-305x305.jpg 305w, https:\/\/cdn3.ivivu.com\/2022\/09\/thien-vien-truc-lam-da-lat-ivivu-2-1024x1024.jpg 1024w, https:\/\/cdn3.ivivu.com\/2022\/09\/thien-vien-truc-lam-da-lat-ivivu-2-75x75.jpg 75w\" sizes=\"(max-width: 1080px) 100vw, 1080px\" \/><\/a><p id=\"caption-attachment-376361\" class=\"wp-caption-text\">\u1ea2nh: @maxkolbe1<\/p><\/div>\n<p style=\"text-align: justify;\"><a href=\"https:\/\/cdn3.ivivu.com\/2022\/09\/thienvientruclam5.jpg\"><img loading=\"lazy\" decoding=\"async\" class=\"aligncenter size-full wp-image-375663\" src=\"https:\/\/cdn3.ivivu.com\/2022\/09\/thienvientruclam5.jpg\" alt=\"thienvientruclam5\" width=\"700\" height=\"525\" srcset=\"https:\/\/cdn3.ivivu.com\/2022\/09\/thienvientruclam5.jpg 700w, https:\/\/cdn3.ivivu.com\/2022\/09\/thienvientruclam5-407x305.jpg 407w\" sizes=\"(max-width: 700px) 100vw, 700px\" \/><\/a>Ch\u00ednh \u0111i\u1ec7n c\u00f3 di\u1ec7n t\u00edch 192 m\u00e9t vu\u00f4ng. B\u00ean trong th\u1edd t\u01b0\u1ee3ng \u0110\u1ee9c Ph\u1eadt B\u1ed5n S\u01b0 Th\u00edch Ca M\u00e2u Ni cao kho\u1ea3ng 2m tay ph\u1ea3i c\u1ea7m c\u00e0nh hoa sen \u0111\u01b0a l\u00ean. H\u00e0nh lang ph\u00eda tr\u01b0\u1edbc l\u00e0 b\u1ed1n h\u00e0ng c\u1ed9t tr\u00f2n gi\u1ea3 g\u1ed7, tr\u1ea7n \u0111\u01b0\u1ee3c l\u1ee3p b\u1eb1ng ng\u00f3i tr\u00e1ng men s\u00e1ng lo\u00e1ng, tr\u00ean m\u00e1i th\u00ec \u0111\u01b0\u1ee3c u\u1ed1n nh\u1eb9 to\u00e1t l\u00ean n\u00e9t khi\u00eam cung c\u1ee7a ng\u01b0\u1eddi Vi\u1ec7t.<\/p>\n<div id=\"attachment_376362\" style=\"width: 1090px\" class=\"wp-caption alignnone\"><a href=\"https:\/\/cdn3.ivivu.com\/2022\/09\/thien-vien-truc-lam-da-lat-ivivu-3.jpg\"><img loading=\"lazy\" decoding=\"async\" aria-describedby=\"caption-attachment-376362\" class=\"size-full wp-image-376362\" src=\"https:\/\/cdn3.ivivu.com\/2022\/09\/thien-vien-truc-lam-da-lat-ivivu-3.jpg\" alt=\"\u1ea2nh: @oks_semenova\" width=\"1080\" height=\"1326\" srcset=\"https:\/\/cdn3.ivivu.com\/2022\/09\/thien-vien-truc-lam-da-lat-ivivu-3.jpg 1080w, https:\/\/cdn3.ivivu.com\/2022\/09\/thien-vien-truc-lam-da-lat-ivivu-3-248x305.jpg 248w, https:\/\/cdn3.ivivu.com\/2022\/09\/thien-vien-truc-lam-da-lat-ivivu-3-834x1024.jpg 834w\" sizes=\"(max-width: 1080px) 100vw, 1080px\" \/><\/a><p id=\"caption-attachment-376362\" class=\"wp-caption-text\">\u1ea2nh: @oks_semenova<\/p><\/div>\n<p style=\"text-align: justify;\">Ti\u1ebfn v\u00e0o trong, b\u1ea1n s\u1ebd th\u1ea5y ch\u00ednh \u0111i\u1ec7n n\u1eb1m ngay \u1edf v\u1ecb tr\u00ed trung t\u00e2m v\u1edbi nh\u1eefng nh\u1eefng ho\u1ea1 ti\u1ebft trang tr\u00ed ch\u1ea1m tr\u1ed5 tinh x\u1ea3o, \u0111\u1eb9p m\u1eaft. Nh\u00ecn v\u1ec1 ph\u00eda b\u00ean ngo\u00e0i ch\u00ednh \u0111i\u1ec7n ch\u00ednh l\u00e0 l\u1ea7u chu\u00f4ng, b\u00ean trong c\u00f3 ch\u1ee9a qu\u1ea3 chu\u00f4ng n\u1eb7ng t\u1edbi 1,1 t\u1ea5n.<\/p>\n<p style=\"text-align: justify;\"><a href=\"https:\/\/cdn3.ivivu.com\/2022\/09\/thien-vien-truc-lam-da-lat-ivivu-5.jpg\"><img loading=\"lazy\" decoding=\"async\" class=\"alignnone size-full wp-image-376365\" src=\"https:\/\/cdn3.ivivu.com\/2022\/09\/thien-vien-truc-lam-da-lat-ivivu-5.jpg\" alt=\"thien-vien-truc-lam-da-lat-ivivu-5\" width=\"700\" height=\"500\" srcset=\"https:\/\/cdn3.ivivu.com\/2022\/09\/thien-vien-truc-lam-da-lat-ivivu-5.jpg 700w, https:\/\/cdn3.ivivu.com\/2022\/09\/thien-vien-truc-lam-da-lat-ivivu-5-427x305.jpg 427w, https:\/\/cdn3.ivivu.com\/2022\/09\/thien-vien-truc-lam-da-lat-ivivu-5-50x35.jpg 50w\" sizes=\"(max-width: 700px) 100vw, 700px\" \/><\/a><\/p>\n<p style=\"text-align: justify;\"><a href=\"https:\/\/cdn3.ivivu.com\/2022\/09\/thienvientruclam3.jpg\"><img loading=\"lazy\" decoding=\"async\" class=\"aligncenter size-full wp-image-375660\" src=\"https:\/\/cdn3.ivivu.com\/2022\/09\/thienvientruclam3.jpg\" alt=\"thienvientruclam3\" width=\"700\" height=\"476\" srcset=\"https:\/\/cdn3.ivivu.com\/2022\/09\/thienvientruclam3.jpg 700w, https:\/\/cdn3.ivivu.com\/2022\/09\/thienvientruclam3-449x305.jpg 449w, https:\/\/cdn3.ivivu.com\/2022\/09\/thienvientruclam3-50x35.jpg 50w\" sizes=\"(max-width: 700px) 100vw, 700px\" \/><\/a>Xung quanh thi\u1ec1n vi\u1ec7n, b\u1ea1n s\u1ebd b\u1eaft g\u1eb7p h\u00e0ng th\u00f4ng xanh m\u00e1t, cao v\u00fat bao quanh n\u01a1i \u0111\u00e2y t\u1ea1o n\u00ean m\u1ed9t kh\u00f4ng gian tho\u00e1ng m\u00e1t v\u00e0 l\u00fd t\u01b0\u1edfng cho nh\u1eefng bu\u1ed5i tr\u01b0a ng\u1ed3i ngh\u1ec9 ng\u01a1i. B\u00ean c\u1ea1nh \u0111\u00f3 c\u00f2n c\u00f3 s\u1ef1 \u0111i\u1ec3m xuy\u1ebft c\u1ee7a nh\u1eefng b\u00f4ng hoa c\u1ea9m t\u00fa c\u1ea7u mang m\u00e0u tr\u1eafng nh\u1eb9 nh\u00e0ng pha l\u1eabn v\u00e0o kh\u00f4ng gian r\u1ed9ng l\u1edbn gi\u1eefa r\u1eebng th\u00f4ng \u0111\u1ea1i ng\u00e0n. Ch\u00ednh v\u1ebb \u0111\u1eb9p c\u1ee7a khu\u00f4n vi\u00ean s\u1ebd mang \u0111\u1ebfn s\u1ef1 tho\u1ea3i m\u00e1i d\u00e0nh cho du kh\u00e1ch m\u1ed7i khi \u0111\u1eb7t ch\u00e2n \u0111\u1ebfn \u0111\u00e2y.<\/p>\n<p><strong><div class=\"ltt-contentbox white\"><\/span><\/strong><\/p>\n<p><strong>iVIVU.com g\u1ee3i \u00fd m\u1ed9t s\u1ed1 kh\u00e1ch s\u1ea1n \u0110\u00e0 L\u1ea1t ph\u00f2ng \u0111\u1eb9p, gi\u00e1 t\u1ed1t:<br \/>\n<\/strong><\/p>\n<p class=\"title\" data-toggle=\"tooltip\" data-placement=\"bottom\" data-html=\"true\" data-original-title=\"Khu ngh\u1ec9 d\u01b0\u1ee1ng Terracotta \u0110\u00e0 L\u1ea1t &lt;i class='fa fa-heart vcolor-red'&gt;&lt;\/i&gt;\"><a href=\"https:\/\/www.ivivu.com\/khach-san-da-lat\/khu-nghi-duong-terracotta-da-lat?utm_source=blog_ivivu&amp;utm_medium=post_link&amp;utm_campaign=internal\" target=\"_blank\"><strong><span id=\"hotel-name-detail\">Khu ngh\u1ec9 d\u01b0\u1ee1ng Terracotta \u0110\u00e0 L\u1ea1t<\/span><\/strong><\/a><\/p>\n<p class=\"title\" data-toggle=\"tooltip\" data-placement=\"bottom\" data-html=\"true\" data-original-title=\"Khu ngh\u1ec9 d\u01b0\u1ee1ng Ana Mandara Villas Dalat Resort and Spa &lt;i class='fa fa-heart vcolor-red'&gt;&lt;\/i&gt;\"><a href=\"https:\/\/www.ivivu.com\/khach-san-da-lat\/ana-mandara-villas-da-lat-resort-spa?utm_source=blog_ivivu&amp;utm_medium=post_link&amp;utm_campaign=internal\" target=\"_blank\"><strong><span id=\"hotel-name-detail\">Khu ngh\u1ec9 d\u01b0\u1ee1ng Ana Mandara Villas Dalat Resort and Spa<\/span><\/strong><\/a><\/p>\n<p><strong><a href=\"https:\/\/www.ivivu.com\/khach-san-da-lat\/khach-san-golf-valley-da-lat?utm_source=blog_ivivu&amp;utm_medium=post_link&amp;utm_campaign=internal\" target=\"_blank\">Kh\u00e1ch s\u1ea1n Golf Valley \u0110\u00e0 L\u1ea1t <\/a><\/strong><strong><\/div>\u00a0<\/strong><\/p>\n<p style=\"text-align: right;\"><strong>Theo iVIVU.com<\/strong><\/p>\n<p style=\"text-align: justify;\"><strong>\u00a0<div class=\"ltt-contentbox white\"><\/span><\/strong><\/p>\n<p style=\"text-align: justify;\"><strong>Xem th\u00eam b\u00e0i vi\u1ebft:<em><br \/>\n<\/em><\/strong><\/p>\n<p><a href=\"https:\/\/www.ivivu.com\/blog\/2019\/05\/5-quan-ca-phe-cho-khach-ngoi-giua-nui-rung-da-lat\/\" target=\"_blank\"><strong>5 qu\u00e1n c\u00e0 ph\u00ea cho kh\u00e1ch ng\u1ed3i gi\u1eefa n\u00fai r\u1eebng \u0110\u00e0 L\u1ea1t<\/strong><\/a><\/p>\n<p><a href=\"https:\/\/www.ivivu.com\/blog\/2019\/05\/note-ngay-danh-sach-nhung-quan-ca-phe-da-lat-dep-cho-ban-tha-ho-song-ao\/\" target=\"_blank\"><strong>Note ngay danh s\u00e1ch nh\u1eefng qu\u00e1n c\u00e0 ph\u00ea \u0110\u00e0 L\u1ea1t \u0111\u1eb9p cho b\u1ea1n tha h\u1ed3 s\u1ed1ng \u1ea3o<\/strong><\/a><\/p>\n<p style=\"text-align: justify;\"><a href=\"https:\/\/www.ivivu.com\/blog\/2021\/03\/5-quan-ca-phe-acoustic-o-da-lat-danh-cho-nguoi-thich-lang-man\/\" target=\"_blank\"><strong>5 qu\u00e1n c\u00e0 ph\u00ea acoustic \u1edf \u0110\u00e0 L\u1ea1t d\u00e0nh cho ng\u01b0\u1eddi th\u00edch l\u00e3ng m\u1ea1n<\/strong><\/a><strong><\/div>\u00a0<\/strong><\/p>\n<h3 style=\"text-align: justify;\"><div class=\"ltt-contentbox white\"><\/span>G\u1ecdi 1900 1870 (Mi\u1ec1n Nam), 1900 2045 (Mi\u1ec1n B\u1eafc) ho\u1eb7c 1900 2087 (Mi\u1ec1n T\u00e2y) \u0111\u1ec3 \u0111\u01b0\u1ee3c t\u01b0 v\u1ea5n\u00a0<a href=\"https:\/\/www.ivivu.com\/khach-san-da-lat?utm_source=blog_ivivu&amp;utm_medium=post_link&amp;utm_campaign=internal\" target=\"_blank\">kh\u00e1ch s\u1ea1n \u0110\u00e0 L\u1ea1t<\/a>\u00a0v\u1edbi gi\u00e1 t\u1ed1t nh\u1ea5t ch\u1ec9 c\u00f3 t\u1ea1i iVIVU.com!<\/div><\/h3>\n<p>***<\/p>\n<p><strong>Tham kh\u1ea3o:\u00a0<a href=\"https:\/\/www.ivivu.com\/blog\" target=\"_blank\">C\u1ea9m nang du l\u1ecbch iVIVU.com<\/a><\/strong><\/p>\n","protected":false},"excerpt":{"rendered":"<p>M\u1ed9t trong nh\u1eefng \u0111\u1ecba \u0111i\u1ec3m du l\u1ecbch t\u00e2m linh n\u1ed5i ti\u1ebfng \u1edf th\u00e0nh ph\u1ed1 ng\u00e0n hoa, b\u1ea1n kh\u00f4ng n\u00ean b\u1ecf l\u1ee1 \u0111\u00f3 l\u00e0 Thi\u1ec1n vi\u1ec7n Tr\u00fac L\u00e2m \u0110\u00e0 L\u1ea1t &#8211; n\u01a1i \u0111\u01b0a du kh\u00e1ch tr\u1edf v\u1ec1 ch\u1ed1n y\u00ean b\u00ecnh c\u00f9ng&#8230;<\/p>\n","protected":false},"author":66,"featured_media":376355,"comment_status":"closed","ping_status":"open","sticky":false,"template":"","format":"standard","meta":{"_acf_changed":false,"footnotes":""},"categories":[240,229,795,14742],"tags":[173,3056,102,452,270,98,43264,25066,11297],"acf":[],"yoast_head":"<!-- This site is optimized with the Yoast SEO Premium plugin v22.6 (Yoast SEO v22.6) - https:\/\/yoast.com\/wordpress\/plugins\/seo\/ -->\n<title>\u0110\u1ebfn Thi\u1ec1n vi\u1ec7n Tr\u00fac L\u00e2m \u0110\u00e0 L\u1ea1t, t\u00ecm v\u1ec1 ch\u1ed1n y\u00ean b\u00ecnh - iVIVU.com<\/title>\n<meta name=\"description\" content=\"N\u1ebfu b\u1ea1n l\u00e0 t\u00edn \u0111\u1ed3 \u0111am m\u00ea c\u00e1c \u0111\u1ecba \u0111i\u1ec3m du l\u1ecbch t\u00e2m linh th\u00ec kh\u00f4ng n\u00ean b\u1ecf qua Thi\u1ec1n vi\u1ec7n Tr\u00fac L\u00e2m \u0110\u00e0 L\u1ea1t, n\u01a1i \u0111\u01b0a b\u1ea1n tr\u1edf v\u1ec1 ch\u1ed1n y\u00ean b\u00ecnh c\u00f9ng s\u1ef1 tr\u1ea7m m\u1eb7c.\" \/>\n<meta name=\"robots\" content=\"index, follow, max-snippet:-1, max-image-preview:large, max-video-preview:-1\" \/>\n<link rel=\"canonical\" href=\"https:\/\/www.ivivu.com\/blog\/2022\/09\/den-thien-vien-truc-lam-da-lat-tim-ve-chon-yen-binh\/\" \/>\n<meta name=\"twitter:label1\" content=\"\u0110\u01b0\u1ee3c vi\u1ebft b\u1edfi\" \/>\n\t<meta name=\"twitter:data1\" content=\"Thi Thi Nguy\u1ec5n Tr\u1ea7n\" \/>\n\t<meta name=\"twitter:label2\" content=\"\u01af\u1edbc t\u00ednh th\u1eddi gian \u0111\u1ecdc\" \/>\n\t<meta name=\"twitter:data2\" content=\"5 ph\u00fat\" \/>\n<script type=\"application\/ld+json\" class=\"yoast-schema-graph\">{\"@context\":\"https:\/\/schema.org\",\"@graph\":[{\"@type\":\"Article\",\"@id\":\"https:\/\/www.ivivu.com\/blog\/2022\/09\/den-thien-vien-truc-lam-da-lat-tim-ve-chon-yen-binh\/#article\",\"isPartOf\":{\"@id\":\"https:\/\/www.ivivu.com\/blog\/2022\/09\/den-thien-vien-truc-lam-da-lat-tim-ve-chon-yen-binh\/\"},\"author\":{\"name\":\"Thi Thi Nguy\u1ec5n Tr\u1ea7n\",\"@id\":\"https:\/\/www.ivivu.com\/blog\/#\/schema\/person\/908408d5f737923066744b4a25acdf2d\"},\"headline\":\"\u0110\u1ebfn Thi\u1ec1n vi\u1ec7n Tr\u00fac L\u00e2m \u0110\u00e0 L\u1ea1t, t\u00ecm v\u1ec1 ch\u1ed1n y\u00ean b\u00ecnh\",\"datePublished\":\"2022-09-28T07:05:56+00:00\",\"dateModified\":\"2022-09-28T07:05:56+00:00\",\"mainEntityOfPage\":{\"@id\":\"https:\/\/www.ivivu.com\/blog\/2022\/09\/den-thien-vien-truc-lam-da-lat-tim-ve-chon-yen-binh\/\"},\"wordCount\":1035,\"publisher\":{\"@id\":\"https:\/\/www.ivivu.com\/blog\/#organization\"},\"image\":{\"@id\":\"https:\/\/www.ivivu.com\/blog\/2022\/09\/den-thien-vien-truc-lam-da-lat-tim-ve-chon-yen-binh\/#primaryimage\"},\"thumbnailUrl\":\"https:\/\/cdn3.ivivu.com\/2022\/09\/thien-vien-truc-lam-da-lat-ivivu.jpg\",\"keywords\":[\"\u0103n u\u1ed1ng\",\"du l\u1ecbch T\u00e2y Nguy\u00ean\",\"\u0110\u00e0 L\u1ea1t\",\"\u0111i\u1ec3m \u0111\u1ebfn\",\"gia phong\",\"kh\u00e1ch s\u1ea1n\",\"m\u00f3n \u0103n ngon \u0110\u00e0 L\u1ea1t\",\"m\u00f9a hoa \u0110\u00e0 L\u1ea1t\",\"thi\u1ec1n vi\u1ec7n Tr\u00fac L\u00e2m \u0110\u00e0 L\u1ea1t\"],\"articleSection\":[\"Du l\u1ecbch \u0110\u00e0 L\u1ea1t\",\"DU L\u1ecaCH VI\u1ec6T NAM\",\"\u0110i\u1ec3m \u0111\u1ebfn\",\"N\u1ed5i B\u1eadt 2\"],\"inLanguage\":\"vi\"},{\"@type\":\"WebPage\",\"@id\":\"https:\/\/www.ivivu.com\/blog\/2022\/09\/den-thien-vien-truc-lam-da-lat-tim-ve-chon-yen-binh\/\",\"url\":\"https:\/\/www.ivivu.com\/blog\/2022\/09\/den-thien-vien-truc-lam-da-lat-tim-ve-chon-yen-binh\/\",\"name\":\"\u0110\u1ebfn Thi\u1ec1n vi\u1ec7n Tr\u00fac L\u00e2m \u0110\u00e0 L\u1ea1t, t\u00ecm v\u1ec1 ch\u1ed1n y\u00ean b\u00ecnh - iVIVU.com\",\"isPartOf\":{\"@id\":\"https:\/\/www.ivivu.com\/blog\/#website\"},\"primaryImageOfPage\":{\"@id\":\"https:\/\/www.ivivu.com\/blog\/2022\/09\/den-thien-vien-truc-lam-da-lat-tim-ve-chon-yen-binh\/#primaryimage\"},\"image\":{\"@id\":\"https:\/\/www.ivivu.com\/blog\/2022\/09\/den-thien-vien-truc-lam-da-lat-tim-ve-chon-yen-binh\/#primaryimage\"},\"thumbnailUrl\":\"https:\/\/cdn3.ivivu.com\/2022\/09\/thien-vien-truc-lam-da-lat-ivivu.jpg\",\"datePublished\":\"2022-09-28T07:05:56+00:00\",\"dateModified\":\"2022-09-28T07:05:56+00:00\",\"description\":\"N\u1ebfu b\u1ea1n l\u00e0 t\u00edn \u0111\u1ed3 \u0111am m\u00ea c\u00e1c \u0111\u1ecba \u0111i\u1ec3m du l\u1ecbch t\u00e2m linh th\u00ec kh\u00f4ng n\u00ean b\u1ecf qua Thi\u1ec1n vi\u1ec7n Tr\u00fac L\u00e2m \u0110\u00e0 L\u1ea1t, n\u01a1i \u0111\u01b0a b\u1ea1n tr\u1edf v\u1ec1 ch\u1ed1n y\u00ean b\u00ecnh c\u00f9ng s\u1ef1 tr\u1ea7m m\u1eb7c.\",\"breadcrumb\":{\"@id\":\"https:\/\/www.ivivu.com\/blog\/2022\/09\/den-thien-vien-truc-lam-da-lat-tim-ve-chon-yen-binh\/#breadcrumb\"},\"inLanguage\":\"vi\",\"potentialAction\":[{\"@type\":\"ReadAction\",\"target\":[\"https:\/\/www.ivivu.com\/blog\/2022\/09\/den-thien-vien-truc-lam-da-lat-tim-ve-chon-yen-binh\/\"]}]},{\"@type\":\"ImageObject\",\"inLanguage\":\"vi\",\"@id\":\"https:\/\/www.ivivu.com\/blog\/2022\/09\/den-thien-vien-truc-lam-da-lat-tim-ve-chon-yen-binh\/#primaryimage\",\"url\":\"https:\/\/cdn3.ivivu.com\/2022\/09\/thien-vien-truc-lam-da-lat-ivivu.jpg\",\"contentUrl\":\"https:\/\/cdn3.ivivu.com\/2022\/09\/thien-vien-truc-lam-da-lat-ivivu.jpg\",\"width\":1536,\"height\":1152},{\"@type\":\"BreadcrumbList\",\"@id\":\"https:\/\/www.ivivu.com\/blog\/2022\/09\/den-thien-vien-truc-lam-da-lat-tim-ve-chon-yen-binh\/#breadcrumb\",\"itemListElement\":[{\"@type\":\"ListItem\",\"position\":1,\"name\":\"Home\",\"item\":\"https:\/\/www.ivivu.com\/blog\/\"},{\"@type\":\"ListItem\",\"position\":2,\"name\":\"\u0110\u1ebfn Thi\u1ec1n vi\u1ec7n Tr\u00fac L\u00e2m \u0110\u00e0 L\u1ea1t, t\u00ecm v\u1ec1 ch\u1ed1n y\u00ean b\u00ecnh\"}]},{\"@type\":\"WebSite\",\"@id\":\"https:\/\/www.ivivu.com\/blog\/#website\",\"url\":\"https:\/\/www.ivivu.com\/blog\/\",\"name\":\"C\u1ea9m nang du l\u1ecbch\",\"description\":\"\",\"publisher\":{\"@id\":\"https:\/\/www.ivivu.com\/blog\/#organization\"},\"potentialAction\":[{\"@type\":\"SearchAction\",\"target\":{\"@type\":\"EntryPoint\",\"urlTemplate\":\"https:\/\/www.ivivu.com\/blog\/?s={search_term_string}\"},\"query-input\":\"required name=search_term_string\"}],\"inLanguage\":\"vi\"},{\"@type\":\"Organization\",\"@id\":\"https:\/\/www.ivivu.com\/blog\/#organization\",\"name\":\"iVIVU.com\",\"url\":\"https:\/\/www.ivivu.com\/blog\/\",\"logo\":{\"@type\":\"ImageObject\",\"inLanguage\":\"vi\",\"@id\":\"https:\/\/www.ivivu.com\/blog\/#\/schema\/logo\/image\/\",\"url\":\"https:\/\/cdn3.ivivu.com\/2024\/01\/ivivu_no_slogan.png\",\"contentUrl\":\"https:\/\/cdn3.ivivu.com\/2024\/01\/ivivu_no_slogan.png\",\"width\":788,\"height\":565,\"caption\":\"iVIVU.com\"},\"image\":{\"@id\":\"https:\/\/www.ivivu.com\/blog\/#\/schema\/logo\/image\/\"},\"sameAs\":[\"https:\/\/www.facebook.com\/iVIVU\"]},{\"@type\":\"Person\",\"@id\":\"https:\/\/www.ivivu.com\/blog\/#\/schema\/person\/908408d5f737923066744b4a25acdf2d\",\"name\":\"Thi Thi Nguy\u1ec5n Tr\u1ea7n\",\"url\":\"https:\/\/www.ivivu.com\/blog\/author\/nguyentranthithikg2000\/\"}]}<\/script>\n<!-- \/ Yoast SEO Premium plugin. -->","yoast_head_json":{"title":"\u0110\u1ebfn Thi\u1ec1n vi\u1ec7n Tr\u00fac L\u00e2m \u0110\u00e0 L\u1ea1t, t\u00ecm v\u1ec1 ch\u1ed1n y\u00ean b\u00ecnh - iVIVU.com","description":"N\u1ebfu b\u1ea1n l\u00e0 t\u00edn \u0111\u1ed3 \u0111am m\u00ea c\u00e1c \u0111\u1ecba \u0111i\u1ec3m du l\u1ecbch t\u00e2m linh th\u00ec kh\u00f4ng n\u00ean b\u1ecf qua Thi\u1ec1n vi\u1ec7n Tr\u00fac L\u00e2m \u0110\u00e0 L\u1ea1t, n\u01a1i \u0111\u01b0a b\u1ea1n tr\u1edf v\u1ec1 ch\u1ed1n y\u00ean b\u00ecnh c\u00f9ng s\u1ef1 tr\u1ea7m m\u1eb7c.","robots":{"index":"index","follow":"follow","max-snippet":"max-snippet:-1","max-image-preview":"max-image-preview:large","max-video-preview":"max-video-preview:-1"},"canonical":"https:\/\/www.ivivu.com\/blog\/2022\/09\/den-thien-vien-truc-lam-da-lat-tim-ve-chon-yen-binh\/","twitter_misc":{"\u0110\u01b0\u1ee3c vi\u1ebft b\u1edfi":"Thi Thi Nguy\u1ec5n Tr\u1ea7n","\u01af\u1edbc t\u00ednh th\u1eddi gian \u0111\u1ecdc":"5 ph\u00fat"},"schema":{"@context":"https:\/\/schema.org","@graph":[{"@type":"Article","@id":"https:\/\/www.ivivu.com\/blog\/2022\/09\/den-thien-vien-truc-lam-da-lat-tim-ve-chon-yen-binh\/#article","isPartOf":{"@id":"https:\/\/www.ivivu.com\/blog\/2022\/09\/den-thien-vien-truc-lam-da-lat-tim-ve-chon-yen-binh\/"},"author":{"name":"Thi Thi Nguy\u1ec5n Tr\u1ea7n","@id":"https:\/\/www.ivivu.com\/blog\/#\/schema\/person\/908408d5f737923066744b4a25acdf2d"},"headline":"\u0110\u1ebfn Thi\u1ec1n vi\u1ec7n Tr\u00fac L\u00e2m \u0110\u00e0 L\u1ea1t, t\u00ecm v\u1ec1 ch\u1ed1n y\u00ean b\u00ecnh","datePublished":"2022-09-28T07:05:56+00:00","dateModified":"2022-09-28T07:05:56+00:00","mainEntityOfPage":{"@id":"https:\/\/www.ivivu.com\/blog\/2022\/09\/den-thien-vien-truc-lam-da-lat-tim-ve-chon-yen-binh\/"},"wordCount":1035,"publisher":{"@id":"https:\/\/www.ivivu.com\/blog\/#organization"},"image":{"@id":"https:\/\/www.ivivu.com\/blog\/2022\/09\/den-thien-vien-truc-lam-da-lat-tim-ve-chon-yen-binh\/#primaryimage"},"thumbnailUrl":"https:\/\/cdn3.ivivu.com\/2022\/09\/thien-vien-truc-lam-da-lat-ivivu.jpg","keywords":["\u0103n u\u1ed1ng","du l\u1ecbch T\u00e2y Nguy\u00ean","\u0110\u00e0 L\u1ea1t","\u0111i\u1ec3m \u0111\u1ebfn","gia phong","kh\u00e1ch s\u1ea1n","m\u00f3n \u0103n ngon \u0110\u00e0 L\u1ea1t","m\u00f9a hoa \u0110\u00e0 L\u1ea1t","thi\u1ec1n vi\u1ec7n Tr\u00fac L\u00e2m \u0110\u00e0 L\u1ea1t"],"articleSection":["Du l\u1ecbch \u0110\u00e0 L\u1ea1t","DU L\u1ecaCH VI\u1ec6T NAM","\u0110i\u1ec3m \u0111\u1ebfn","N\u1ed5i B\u1eadt 2"],"inLanguage":"vi"},{"@type":"WebPage","@id":"https:\/\/www.ivivu.com\/blog\/2022\/09\/den-thien-vien-truc-lam-da-lat-tim-ve-chon-yen-binh\/","url":"https:\/\/www.ivivu.com\/blog\/2022\/09\/den-thien-vien-truc-lam-da-lat-tim-ve-chon-yen-binh\/","name":"\u0110\u1ebfn Thi\u1ec1n vi\u1ec7n Tr\u00fac L\u00e2m \u0110\u00e0 L\u1ea1t, t\u00ecm v\u1ec1 ch\u1ed1n y\u00ean b\u00ecnh - iVIVU.com","isPartOf":{"@id":"https:\/\/www.ivivu.com\/blog\/#website"},"primaryImageOfPage":{"@id":"https:\/\/www.ivivu.com\/blog\/2022\/09\/den-thien-vien-truc-lam-da-lat-tim-ve-chon-yen-binh\/#primaryimage"},"image":{"@id":"https:\/\/www.ivivu.com\/blog\/2022\/09\/den-thien-vien-truc-lam-da-lat-tim-ve-chon-yen-binh\/#primaryimage"},"thumbnailUrl":"https:\/\/cdn3.ivivu.com\/2022\/09\/thien-vien-truc-lam-da-lat-ivivu.jpg","datePublished":"2022-09-28T07:05:56+00:00","dateModified":"2022-09-28T07:05:56+00:00","description":"N\u1ebfu b\u1ea1n l\u00e0 t\u00edn \u0111\u1ed3 \u0111am m\u00ea c\u00e1c \u0111\u1ecba \u0111i\u1ec3m du l\u1ecbch t\u00e2m linh th\u00ec kh\u00f4ng n\u00ean b\u1ecf qua Thi\u1ec1n vi\u1ec7n Tr\u00fac L\u00e2m \u0110\u00e0 L\u1ea1t, n\u01a1i \u0111\u01b0a b\u1ea1n tr\u1edf v\u1ec1 ch\u1ed1n y\u00ean b\u00ecnh c\u00f9ng s\u1ef1 tr\u1ea7m m\u1eb7c.","breadcrumb":{"@id":"https:\/\/www.ivivu.com\/blog\/2022\/09\/den-thien-vien-truc-lam-da-lat-tim-ve-chon-yen-binh\/#breadcrumb"},"inLanguage":"vi","potentialAction":[{"@type":"ReadAction","target":["https:\/\/www.ivivu.com\/blog\/2022\/09\/den-thien-vien-truc-lam-da-lat-tim-ve-chon-yen-binh\/"]}]},{"@type":"ImageObject","inLanguage":"vi","@id":"https:\/\/www.ivivu.com\/blog\/2022\/09\/den-thien-vien-truc-lam-da-lat-tim-ve-chon-yen-binh\/#primaryimage","url":"https:\/\/cdn3.ivivu.com\/2022\/09\/thien-vien-truc-lam-da-lat-ivivu.jpg","contentUrl":"https:\/\/cdn3.ivivu.com\/2022\/09\/thien-vien-truc-lam-da-lat-ivivu.jpg","width":1536,"height":1152},{"@type":"BreadcrumbList","@id":"https:\/\/www.ivivu.com\/blog\/2022\/09\/den-thien-vien-truc-lam-da-lat-tim-ve-chon-yen-binh\/#breadcrumb","itemListElement":[{"@type":"ListItem","position":1,"name":"Home","item":"https:\/\/www.ivivu.com\/blog\/"},{"@type":"ListItem","position":2,"name":"\u0110\u1ebfn Thi\u1ec1n vi\u1ec7n Tr\u00fac L\u00e2m \u0110\u00e0 L\u1ea1t, t\u00ecm v\u1ec1 ch\u1ed1n y\u00ean b\u00ecnh"}]},{"@type":"WebSite","@id":"https:\/\/www.ivivu.com\/blog\/#website","url":"https:\/\/www.ivivu.com\/blog\/","name":"C\u1ea9m nang du l\u1ecbch","description":"","publisher":{"@id":"https:\/\/www.ivivu.com\/blog\/#organization"},"potentialAction":[{"@type":"SearchAction","target":{"@type":"EntryPoint","urlTemplate":"https:\/\/www.ivivu.com\/blog\/?s={search_term_string}"},"query-input":"required name=search_term_string"}],"inLanguage":"vi"},{"@type":"Organization","@id":"https:\/\/www.ivivu.com\/blog\/#organization","name":"iVIVU.com","url":"https:\/\/www.ivivu.com\/blog\/","logo":{"@type":"ImageObject","inLanguage":"vi","@id":"https:\/\/www.ivivu.com\/blog\/#\/schema\/logo\/image\/","url":"https:\/\/cdn3.ivivu.com\/2024\/01\/ivivu_no_slogan.png","contentUrl":"https:\/\/cdn3.ivivu.com\/2024\/01\/ivivu_no_slogan.png","width":788,"height":565,"caption":"iVIVU.com"},"image":{"@id":"https:\/\/www.ivivu.com\/blog\/#\/schema\/logo\/image\/"},"sameAs":["https:\/\/www.facebook.com\/iVIVU"]},{"@type":"Person","@id":"https:\/\/www.ivivu.com\/blog\/#\/schema\/person\/908408d5f737923066744b4a25acdf2d","name":"Thi Thi Nguy\u1ec5n Tr\u1ea7n","url":"https:\/\/www.ivivu.com\/blog\/author\/nguyentranthithikg2000\/"}]}},"_links":{"self":[{"href":"https:\/\/www.ivivu.com\/blog\/wp-json\/wp\/v2\/posts\/375644"}],"collection":[{"href":"https:\/\/www.ivivu.com\/blog\/wp-json\/wp\/v2\/posts"}],"about":[{"href":"https:\/\/www.ivivu.com\/blog\/wp-json\/wp\/v2\/types\/post"}],"author":[{"embeddable":true,"href":"https:\/\/www.ivivu.com\/blog\/wp-json\/wp\/v2\/users\/66"}],"replies":[{"embeddable":true,"href":"https:\/\/www.ivivu.com\/blog\/wp-json\/wp\/v2\/comments?post=375644"}],"version-history":[{"count":7,"href":"https:\/\/www.ivivu.com\/blog\/wp-json\/wp\/v2\/posts\/375644\/revisions"}],"predecessor-version":[{"id":376366,"href":"https:\/\/www.ivivu.com\/blog\/wp-json\/wp\/v2\/posts\/375644\/revisions\/376366"}],"wp:featuredmedia":[{"embeddable":true,"href":"https:\/\/www.ivivu.com\/blog\/wp-json\/wp\/v2\/media\/376355"}],"wp:attachment":[{"href":"https:\/\/www.ivivu.com\/blog\/wp-json\/wp\/v2\/media?parent=375644"}],"wp:term":[{"taxonomy":"category","embeddable":true,"href":"https:\/\/www.ivivu.com\/blog\/wp-json\/wp\/v2\/categories?post=375644"},{"taxonomy":"post_tag","embeddable":true,"href":"https:\/\/www.ivivu.com\/blog\/wp-json\/wp\/v2\/tags?post=375644"}],"curies":[{"name":"wp","href":"https:\/\/api.w.org\/{rel}","templated":true}]}}