{"id":37719,"date":"2014-04-23T18:47:19","date_gmt":"2014-04-23T11:47:19","guid":{"rendered":"http:\/\/www.ivivu.com\/blog\/?p=37719"},"modified":"2014-04-24T09:09:05","modified_gmt":"2014-04-24T02:09:05","slug":"rubber-duck-chu-vit-vang-khong-lo-den-viet-nam","status":"publish","type":"post","link":"https:\/\/www.ivivu.com\/blog\/2014\/04\/rubber-duck-chu-vit-vang-khong-lo-den-viet-nam\/","title":{"rendered":"Rubber Duck &#8211; Ch\u00fa v\u1ecbt v\u00e0ng kh\u1ed5ng l\u1ed3 \u0111\u1ebfn Vi\u1ec7t Nam"},"content":{"rendered":"<p><em><strong>Rubber Duck, ch\u00fa v\u1ecbt nh\u00e2n t\u1ea1o cao 18 m s\u1ebd \u0111\u1ebfn TPHCM ng\u00e0y 27\/4, \u0111i\u1ec3m \u0111\u1ebfn th\u1ee9 16 trong ch\u01b0\u01a1ng tr\u00ecnh &#8220;Lan t\u1ecfa ni\u1ec1m vui cho th\u1ebf gi\u1edbi quanh ta&#8221;.<\/strong> <\/em><\/p>\n<p><!--more--><br \/>\nT\u1eeb n\u0103m 2007 \u0111\u1ebfn nay, ch\u00fa v\u1ecbt v\u00e0ng n\u00e0y \u0111\u00e3 du h\u00e0nh qua c\u00e1c th\u00e0nh ph\u1ed1 l\u1edbn c\u1ee7a Autraslia, \u0110\u00e0i Loan, Hong Kong, Trung Qu\u1ed1c, M\u1ef9, Nh\u1eadt B\u1ea3n, Brazil, New Zealand, Ph\u00e1p, Azerbaijan&#8230; \u1ede m\u1ed7i n\u01a1i, ch\u00fa v\u1ecbt \u0111\u1ec1u \u0111\u01b0\u1ee3c ch\u00e0o \u0111\u00f3n n\u1ed3ng nhi\u1ec7t. Th\u00e1ng 5 n\u0103m ngo\u00e1i, ng\u01b0\u1eddi d\u00e2n Hong Kong b\u1ea5t ng\u1edd th\u1ea5y ch\u00fat v\u1ecbt b\u1eb9p d\u00fam v\u00ec b\u1ecb x\u00ec h\u01a1i.<\/p>\n<div id=\"attachment_37720\" style=\"width: 510px\" class=\"wp-caption aligncenter\"><a href=\"https:\/\/cdn3.ivivu.com\/2014\/04\/chu-vit-vang-khong-lo-den-viet-nam-ivivu.jpg\"><img loading=\"lazy\" decoding=\"async\" aria-describedby=\"caption-attachment-37720\" class=\"wp-image-37720 size-full\" title=\"chu-vit-vang-khong-lo-den-viet-nam-ivivu\" src=\"https:\/\/cdn3.ivivu.com\/2014\/04\/chu-vit-vang-khong-lo-den-viet-nam-ivivu.jpg\" alt=\"chu-vit-vang-khong-lo-den-viet-nam-ivivu\" width=\"500\" height=\"318\" srcset=\"https:\/\/cdn3.ivivu.com\/2014\/04\/chu-vit-vang-khong-lo-den-viet-nam-ivivu.jpg 500w, https:\/\/cdn3.ivivu.com\/2014\/04\/chu-vit-vang-khong-lo-den-viet-nam-ivivu-479x305.jpg 479w\" sizes=\"(max-width: 500px) 100vw, 500px\" \/><\/a><p id=\"caption-attachment-37720\" class=\"wp-caption-text\">Ch\u00fa v\u1ecbt v\u00e0ng chu du kh\u1eafp th\u1ebf gi\u1edbi. \u1ea2nh do Ban t\u1ed5 ch\u1ee9c cung c\u1ea5p.<\/p><\/div>\n<p>Ch\u00fa v\u1ecbt v\u00e0ng \u0111\u01b0\u1ee3c thi\u1ebft k\u1ebf b\u1edfi Florentijn Hofman, m\u1ed9t ngh\u1ec7 nh\u00e2n ng\u01b0\u1eddi H\u00e0 Lan. Cha \u0111\u1ebb c\u1ee7a v\u1ecbt \u0111\u00e3 \u0111\u01b0a Rubber Duck \u0111\u1ebfn tr\u00ecnh di\u1ec5n \u1edf nhi\u1ec1u th\u00e0nh ph\u1ed1 tr\u00ean th\u1ebf gi\u1edbi.<\/p>\n<p>C\u00e1c k\u1ef9 thu\u1eadt vi\u00ean ph\u1ea3i m\u1ea5t m\u1ed9t th\u00e1ng \u0111\u1ec3 t\u1ea1o ra ch\u00fa v\u1ecbt kh\u1ed5ng l\u1ed3, \u0111\u1eb7t tr\u00ean m\u1ed9t c\u1ea7u phao \u0111\u01b0\u1ee3c ch\u1ebf t\u1ea1o ri\u00eang r\u1ed9ng 15 m. Rubber Duck \u0111\u01b0\u1ee3c b\u01a1m c\u0103ng ph\u1ed3ng b\u1edfi h\u1ec7 th\u1ed1ng qu\u1ea1t b\u00ean trong n\u1ed1i v\u1edbi c\u00e1c d\u00f2ng \u0111i\u1ec7n ch\u00ednh \u0111\u1eb7t b\u00ean d\u01b0\u1edbi m\u1eb7t h\u1ed3.<\/p>\n<p>Ng\u01b0\u1eddi d\u00e2n TPHCM c\u00f3 th\u1ec3 ch\u1ee5p h\u00ecnh c\u00f9ng v\u1edbi ch\u00fa v\u1ecbt kh\u1ed5ng l\u1ed3 t\u1eeb ng\u00e0y 27\/4 \u0111\u1ebfn cu\u1ed1i th\u00e1ng 5, t\u1ea1i khu v\u1ef1c h\u1ed3 B\u00e1n Nguy\u1ec7t, qu\u1eadn 7.<\/p>\n<p><a href=\"https:\/\/cdn3.ivivu.com\/2014\/04\/chu-vit-vang-ivivu.jpg\"><img loading=\"lazy\" decoding=\"async\" class=\"aligncenter wp-image-37722 size-full\" title=\"chu-vit-vang-ivivu\" src=\"https:\/\/cdn3.ivivu.com\/2014\/04\/chu-vit-vang-ivivu.jpg\" alt=\"chu-vit-vang-ivivu\" width=\"700\" height=\"518\" srcset=\"https:\/\/cdn3.ivivu.com\/2014\/04\/chu-vit-vang-ivivu.jpg 700w, https:\/\/cdn3.ivivu.com\/2014\/04\/chu-vit-vang-ivivu-412x305.jpg 412w\" sizes=\"(max-width: 700px) 100vw, 700px\" \/><\/a><\/p>\n<p><strong><div class=\"ltt-contentbox white\"><\/span>Xem th\u00eam <a href=\"https:\/\/www.ivivu.com\/blog\/2014\/04\/21-ly-do-khien-hong-kong-don-tim-ban\/\" target=\"_blank\">Ch\u00fa v\u1ecbt Rupper Duck kh\u1ed5ng l\u1ed3 t\u1eebng xu\u1ea5t hi\u1ec7n \u1edf H\u1ed3ng K\u00f4ng<\/a><\/div><\/strong><\/p>\n<p style=\"text-align: right;\"><strong>Theo <a href=\"http:\/\/dulich.vnexpress.net\/tin-tuc\/viet-nam\/ho-chi-minh\/chu-vit-vang-khong-lo-den-viet-nam-2981013.html\" target=\"_blank\" rel=\"nofollow\">VnExpress<\/a><\/strong><\/p>\n<p style=\"text-align: left;\"><strong><div class=\"ltt-contentbox white\"><\/span><\/strong><\/p>\n<p style=\"text-align: left;\"><strong>Xem th\u00eam b\u00e0i vi\u1ebft:<\/strong><\/p>\n<p><strong><a href=\"https:\/\/www.ivivu.com\/blog\/2013\/11\/ty-phu-sieu-sao-tung-cuoi-chuyen-co-toi-viet-nam\/\" target=\"_blank\">Nh\u1eefng chi\u1ebfc chuy\u00ean c\u01a1 ch\u1edf t\u1ef7 ph\u00fa, si\u00eau sao \u0111\u1ebfn Vi\u1ec7t Nam<\/a><\/strong><\/p>\n<p><strong><a href=\"https:\/\/www.ivivu.com\/blog\/2013\/10\/the-other-person-cafe-doc-dao-voi-phong-cach-cafe-nang-hau\/\" target=\"_blank\">Cafe n\u00e0ng h\u1ea7u ki\u1ec3u Nh\u1eadt \u0111\u1ebfn Vi\u1ec7t Nam<\/a><\/strong><\/p>\n<p><strong><\/div><\/strong><\/p>\n<p><strong>***<\/strong><\/p>\n<p><strong>Tham kh\u1ea3o: <a href=\"http:\/\/ivivu.com\/blog\/\" target=\"_blank\">C\u1ea9m nang du l\u1ecbch iVIVU.com<\/a><\/strong><\/p>\n","protected":false},"excerpt":{"rendered":"<p>Rubber Duck, ch\u00fa v\u1ecbt nh\u00e2n t\u1ea1o cao 18 m s\u1ebd \u0111\u1ebfn TPHCM ng\u00e0y 27\/4, \u0111i\u1ec3m \u0111\u1ebfn th\u1ee9 16 trong ch\u01b0\u01a1ng tr\u00ecnh &#8220;Lan t\u1ecfa ni\u1ec1m vui cho th\u1ebf gi\u1edbi quanh ta&#8221;.<\/p>\n","protected":false},"author":23,"featured_media":37720,"comment_status":"closed","ping_status":"open","sticky":false,"template":"","format":"standard","meta":{"_acf_changed":false,"footnotes":""},"categories":[789,289,518],"tags":[2868,401,9340,9341,9339,3996],"acf":[],"yoast_head":"<!-- This site is optimized with the Yoast SEO Premium plugin v22.6 (Yoast SEO v22.6) - https:\/\/yoast.com\/wordpress\/plugins\/seo\/ -->\n<title>Rubber Duck - Ch\u00fa v\u1ecbt v\u00e0ng kh\u1ed5ng l\u1ed3 \u0111\u1ebfn Vi\u1ec7t Nam<\/title>\n<meta name=\"description\" content=\"Rubber Duck, ch\u00fa v\u1ecbt nh\u00e2n t\u1ea1o cao 18 m s\u1ebd \u0111\u1ebfn TPHCM ng\u00e0y 27\/4, \u0111i\u1ec3m \u0111\u1ebfn th\u1ee9 16 trong ch\u01b0\u01a1ng tr\u00ecnh &quot;Lan t\u1ecfa ni\u1ec1m vui cho th\u1ebf gi\u1edbi quanh ta&quot;.\" \/>\n<meta name=\"robots\" content=\"index, follow, max-snippet:-1, max-image-preview:large, max-video-preview:-1\" \/>\n<link rel=\"canonical\" href=\"https:\/\/www.ivivu.com\/blog\/2014\/04\/rubber-duck-chu-vit-vang-khong-lo-den-viet-nam\/\" \/>\n<meta name=\"twitter:label1\" content=\"\u0110\u01b0\u1ee3c vi\u1ebft b\u1edfi\" \/>\n\t<meta name=\"twitter:data1\" content=\"Nguy\u1ec7t Nguy\u1ec5n\" \/>\n\t<meta name=\"twitter:label2\" content=\"\u01af\u1edbc t\u00ednh th\u1eddi gian \u0111\u1ecdc\" \/>\n\t<meta name=\"twitter:data2\" content=\"2 ph\u00fat\" \/>\n<script type=\"application\/ld+json\" class=\"yoast-schema-graph\">{\"@context\":\"https:\/\/schema.org\",\"@graph\":[{\"@type\":\"Article\",\"@id\":\"https:\/\/www.ivivu.com\/blog\/2014\/04\/rubber-duck-chu-vit-vang-khong-lo-den-viet-nam\/#article\",\"isPartOf\":{\"@id\":\"https:\/\/www.ivivu.com\/blog\/2014\/04\/rubber-duck-chu-vit-vang-khong-lo-den-viet-nam\/\"},\"author\":{\"name\":\"Nguy\u1ec7t Nguy\u1ec5n\",\"@id\":\"https:\/\/www.ivivu.com\/blog\/#\/schema\/person\/fa43f02f547c509e5138fb812be3ebbf\"},\"headline\":\"Rubber Duck &#8211; Ch\u00fa v\u1ecbt v\u00e0ng kh\u1ed5ng l\u1ed3 \u0111\u1ebfn Vi\u1ec7t Nam\",\"datePublished\":\"2014-04-23T11:47:19+00:00\",\"dateModified\":\"2014-04-24T02:09:05+00:00\",\"mainEntityOfPage\":{\"@id\":\"https:\/\/www.ivivu.com\/blog\/2014\/04\/rubber-duck-chu-vit-vang-khong-lo-den-viet-nam\/\"},\"wordCount\":419,\"publisher\":{\"@id\":\"https:\/\/www.ivivu.com\/blog\/#organization\"},\"image\":{\"@id\":\"https:\/\/www.ivivu.com\/blog\/2014\/04\/rubber-duck-chu-vit-vang-khong-lo-den-viet-nam\/#primaryimage\"},\"thumbnailUrl\":\"https:\/\/cdn3.ivivu.com\/2014\/04\/chu-vit-vang-khong-lo-den-viet-nam-ivivu.jpg\",\"keywords\":[\"du l\u1ecbch s\u00e0i g\u00f2n\",\"Du l\u1ecbch TPHCM\",\"Florentijn Hofman\",\"h\u1ed3 B\u00e1n Nguy\u1ec7t TPHCM\",\"Rubber Duck\",\"v\u1ecbt kh\u1ed5ng l\u1ed3\"],\"articleSection\":[\"H\u00f3ng\",\"TIN DU L\u1ecaCH\",\"Tin l\u1ec5 h\u1ed9i - s\u1ef1 ki\u1ec7n\"],\"inLanguage\":\"vi\"},{\"@type\":\"WebPage\",\"@id\":\"https:\/\/www.ivivu.com\/blog\/2014\/04\/rubber-duck-chu-vit-vang-khong-lo-den-viet-nam\/\",\"url\":\"https:\/\/www.ivivu.com\/blog\/2014\/04\/rubber-duck-chu-vit-vang-khong-lo-den-viet-nam\/\",\"name\":\"Rubber Duck - Ch\u00fa v\u1ecbt v\u00e0ng kh\u1ed5ng l\u1ed3 \u0111\u1ebfn Vi\u1ec7t Nam\",\"isPartOf\":{\"@id\":\"https:\/\/www.ivivu.com\/blog\/#website\"},\"primaryImageOfPage\":{\"@id\":\"https:\/\/www.ivivu.com\/blog\/2014\/04\/rubber-duck-chu-vit-vang-khong-lo-den-viet-nam\/#primaryimage\"},\"image\":{\"@id\":\"https:\/\/www.ivivu.com\/blog\/2014\/04\/rubber-duck-chu-vit-vang-khong-lo-den-viet-nam\/#primaryimage\"},\"thumbnailUrl\":\"https:\/\/cdn3.ivivu.com\/2014\/04\/chu-vit-vang-khong-lo-den-viet-nam-ivivu.jpg\",\"datePublished\":\"2014-04-23T11:47:19+00:00\",\"dateModified\":\"2014-04-24T02:09:05+00:00\",\"description\":\"Rubber Duck, ch\u00fa v\u1ecbt nh\u00e2n t\u1ea1o cao 18 m s\u1ebd \u0111\u1ebfn TPHCM ng\u00e0y 27\/4, \u0111i\u1ec3m \u0111\u1ebfn th\u1ee9 16 trong ch\u01b0\u01a1ng tr\u00ecnh \\\"Lan t\u1ecfa ni\u1ec1m vui cho th\u1ebf gi\u1edbi quanh ta\\\".\",\"breadcrumb\":{\"@id\":\"https:\/\/www.ivivu.com\/blog\/2014\/04\/rubber-duck-chu-vit-vang-khong-lo-den-viet-nam\/#breadcrumb\"},\"inLanguage\":\"vi\",\"potentialAction\":[{\"@type\":\"ReadAction\",\"target\":[\"https:\/\/www.ivivu.com\/blog\/2014\/04\/rubber-duck-chu-vit-vang-khong-lo-den-viet-nam\/\"]}]},{\"@type\":\"ImageObject\",\"inLanguage\":\"vi\",\"@id\":\"https:\/\/www.ivivu.com\/blog\/2014\/04\/rubber-duck-chu-vit-vang-khong-lo-den-viet-nam\/#primaryimage\",\"url\":\"https:\/\/cdn3.ivivu.com\/2014\/04\/chu-vit-vang-khong-lo-den-viet-nam-ivivu.jpg\",\"contentUrl\":\"https:\/\/cdn3.ivivu.com\/2014\/04\/chu-vit-vang-khong-lo-den-viet-nam-ivivu.jpg\",\"width\":500,\"height\":318,\"caption\":\"Ch\u00fa v\u1ecbt v\u00e0ng chu du kh\u1eafp th\u1ebf gi\u1edbi. \u1ea2nh do ban t\u1ed5 ch\u1ee9c cung c\u1ea5p.\"},{\"@type\":\"BreadcrumbList\",\"@id\":\"https:\/\/www.ivivu.com\/blog\/2014\/04\/rubber-duck-chu-vit-vang-khong-lo-den-viet-nam\/#breadcrumb\",\"itemListElement\":[{\"@type\":\"ListItem\",\"position\":1,\"name\":\"Home\",\"item\":\"https:\/\/www.ivivu.com\/blog\/\"},{\"@type\":\"ListItem\",\"position\":2,\"name\":\"Rubber Duck &#8211; Ch\u00fa v\u1ecbt v\u00e0ng kh\u1ed5ng l\u1ed3 \u0111\u1ebfn Vi\u1ec7t Nam\"}]},{\"@type\":\"WebSite\",\"@id\":\"https:\/\/www.ivivu.com\/blog\/#website\",\"url\":\"https:\/\/www.ivivu.com\/blog\/\",\"name\":\"C\u1ea9m nang du l\u1ecbch\",\"description\":\"\",\"publisher\":{\"@id\":\"https:\/\/www.ivivu.com\/blog\/#organization\"},\"potentialAction\":[{\"@type\":\"SearchAction\",\"target\":{\"@type\":\"EntryPoint\",\"urlTemplate\":\"https:\/\/www.ivivu.com\/blog\/?s={search_term_string}\"},\"query-input\":\"required name=search_term_string\"}],\"inLanguage\":\"vi\"},{\"@type\":\"Organization\",\"@id\":\"https:\/\/www.ivivu.com\/blog\/#organization\",\"name\":\"iVIVU.com\",\"url\":\"https:\/\/www.ivivu.com\/blog\/\",\"logo\":{\"@type\":\"ImageObject\",\"inLanguage\":\"vi\",\"@id\":\"https:\/\/www.ivivu.com\/blog\/#\/schema\/logo\/image\/\",\"url\":\"https:\/\/cdn3.ivivu.com\/2024\/01\/ivivu_no_slogan.png\",\"contentUrl\":\"https:\/\/cdn3.ivivu.com\/2024\/01\/ivivu_no_slogan.png\",\"width\":788,\"height\":565,\"caption\":\"iVIVU.com\"},\"image\":{\"@id\":\"https:\/\/www.ivivu.com\/blog\/#\/schema\/logo\/image\/\"},\"sameAs\":[\"https:\/\/www.facebook.com\/iVIVU\"]},{\"@type\":\"Person\",\"@id\":\"https:\/\/www.ivivu.com\/blog\/#\/schema\/person\/fa43f02f547c509e5138fb812be3ebbf\",\"name\":\"Nguy\u1ec7t Nguy\u1ec5n\",\"description\":\"C\u1ea9m nang du l\u1ecbch \u2013 C\u00f9ng iVIVU - Trang th\u00f4ng tin du l\u1ecbch c\u1ee7a H\u1ec7 th\u1ed1ng \u0111\u1eb7t ph\u00f2ng kh\u00e1ch s\u1ea1n tr\u1ef1c tuy\u1ebfn iVIVU.com. Chia s\u1ebb th\u00f4ng tin h\u1eefu \u00edch v\u1ec1 du l\u1ecbch, v\u0103n h\u00f3a, \u1ea9m th\u1ef1c, c\u00e1c s\u1ef1 ki\u1ec7n vui ch\u01a1i gi\u1ea3i tr\u00ed kh\u1eafp n\u01a1i tr\u00ean th\u1ebf gi\u1edbi.\",\"url\":\"https:\/\/www.ivivu.com\/blog\/author\/nguyet-nguyen\/\"}]}<\/script>\n<!-- \/ Yoast SEO Premium plugin. -->","yoast_head_json":{"title":"Rubber Duck - Ch\u00fa v\u1ecbt v\u00e0ng kh\u1ed5ng l\u1ed3 \u0111\u1ebfn Vi\u1ec7t Nam","description":"Rubber Duck, ch\u00fa v\u1ecbt nh\u00e2n t\u1ea1o cao 18 m s\u1ebd \u0111\u1ebfn TPHCM ng\u00e0y 27\/4, \u0111i\u1ec3m \u0111\u1ebfn th\u1ee9 16 trong ch\u01b0\u01a1ng tr\u00ecnh \"Lan t\u1ecfa ni\u1ec1m vui cho th\u1ebf gi\u1edbi quanh ta\".","robots":{"index":"index","follow":"follow","max-snippet":"max-snippet:-1","max-image-preview":"max-image-preview:large","max-video-preview":"max-video-preview:-1"},"canonical":"https:\/\/www.ivivu.com\/blog\/2014\/04\/rubber-duck-chu-vit-vang-khong-lo-den-viet-nam\/","twitter_misc":{"\u0110\u01b0\u1ee3c vi\u1ebft b\u1edfi":"Nguy\u1ec7t Nguy\u1ec5n","\u01af\u1edbc t\u00ednh th\u1eddi gian \u0111\u1ecdc":"2 ph\u00fat"},"schema":{"@context":"https:\/\/schema.org","@graph":[{"@type":"Article","@id":"https:\/\/www.ivivu.com\/blog\/2014\/04\/rubber-duck-chu-vit-vang-khong-lo-den-viet-nam\/#article","isPartOf":{"@id":"https:\/\/www.ivivu.com\/blog\/2014\/04\/rubber-duck-chu-vit-vang-khong-lo-den-viet-nam\/"},"author":{"name":"Nguy\u1ec7t Nguy\u1ec5n","@id":"https:\/\/www.ivivu.com\/blog\/#\/schema\/person\/fa43f02f547c509e5138fb812be3ebbf"},"headline":"Rubber Duck &#8211; Ch\u00fa v\u1ecbt v\u00e0ng kh\u1ed5ng l\u1ed3 \u0111\u1ebfn Vi\u1ec7t Nam","datePublished":"2014-04-23T11:47:19+00:00","dateModified":"2014-04-24T02:09:05+00:00","mainEntityOfPage":{"@id":"https:\/\/www.ivivu.com\/blog\/2014\/04\/rubber-duck-chu-vit-vang-khong-lo-den-viet-nam\/"},"wordCount":419,"publisher":{"@id":"https:\/\/www.ivivu.com\/blog\/#organization"},"image":{"@id":"https:\/\/www.ivivu.com\/blog\/2014\/04\/rubber-duck-chu-vit-vang-khong-lo-den-viet-nam\/#primaryimage"},"thumbnailUrl":"https:\/\/cdn3.ivivu.com\/2014\/04\/chu-vit-vang-khong-lo-den-viet-nam-ivivu.jpg","keywords":["du l\u1ecbch s\u00e0i g\u00f2n","Du l\u1ecbch TPHCM","Florentijn Hofman","h\u1ed3 B\u00e1n Nguy\u1ec7t TPHCM","Rubber Duck","v\u1ecbt kh\u1ed5ng l\u1ed3"],"articleSection":["H\u00f3ng","TIN DU L\u1ecaCH","Tin l\u1ec5 h\u1ed9i - s\u1ef1 ki\u1ec7n"],"inLanguage":"vi"},{"@type":"WebPage","@id":"https:\/\/www.ivivu.com\/blog\/2014\/04\/rubber-duck-chu-vit-vang-khong-lo-den-viet-nam\/","url":"https:\/\/www.ivivu.com\/blog\/2014\/04\/rubber-duck-chu-vit-vang-khong-lo-den-viet-nam\/","name":"Rubber Duck - Ch\u00fa v\u1ecbt v\u00e0ng kh\u1ed5ng l\u1ed3 \u0111\u1ebfn Vi\u1ec7t Nam","isPartOf":{"@id":"https:\/\/www.ivivu.com\/blog\/#website"},"primaryImageOfPage":{"@id":"https:\/\/www.ivivu.com\/blog\/2014\/04\/rubber-duck-chu-vit-vang-khong-lo-den-viet-nam\/#primaryimage"},"image":{"@id":"https:\/\/www.ivivu.com\/blog\/2014\/04\/rubber-duck-chu-vit-vang-khong-lo-den-viet-nam\/#primaryimage"},"thumbnailUrl":"https:\/\/cdn3.ivivu.com\/2014\/04\/chu-vit-vang-khong-lo-den-viet-nam-ivivu.jpg","datePublished":"2014-04-23T11:47:19+00:00","dateModified":"2014-04-24T02:09:05+00:00","description":"Rubber Duck, ch\u00fa v\u1ecbt nh\u00e2n t\u1ea1o cao 18 m s\u1ebd \u0111\u1ebfn TPHCM ng\u00e0y 27\/4, \u0111i\u1ec3m \u0111\u1ebfn th\u1ee9 16 trong ch\u01b0\u01a1ng tr\u00ecnh \"Lan t\u1ecfa ni\u1ec1m vui cho th\u1ebf gi\u1edbi quanh ta\".","breadcrumb":{"@id":"https:\/\/www.ivivu.com\/blog\/2014\/04\/rubber-duck-chu-vit-vang-khong-lo-den-viet-nam\/#breadcrumb"},"inLanguage":"vi","potentialAction":[{"@type":"ReadAction","target":["https:\/\/www.ivivu.com\/blog\/2014\/04\/rubber-duck-chu-vit-vang-khong-lo-den-viet-nam\/"]}]},{"@type":"ImageObject","inLanguage":"vi","@id":"https:\/\/www.ivivu.com\/blog\/2014\/04\/rubber-duck-chu-vit-vang-khong-lo-den-viet-nam\/#primaryimage","url":"https:\/\/cdn3.ivivu.com\/2014\/04\/chu-vit-vang-khong-lo-den-viet-nam-ivivu.jpg","contentUrl":"https:\/\/cdn3.ivivu.com\/2014\/04\/chu-vit-vang-khong-lo-den-viet-nam-ivivu.jpg","width":500,"height":318,"caption":"Ch\u00fa v\u1ecbt v\u00e0ng chu du kh\u1eafp th\u1ebf gi\u1edbi. \u1ea2nh do ban t\u1ed5 ch\u1ee9c cung c\u1ea5p."},{"@type":"BreadcrumbList","@id":"https:\/\/www.ivivu.com\/blog\/2014\/04\/rubber-duck-chu-vit-vang-khong-lo-den-viet-nam\/#breadcrumb","itemListElement":[{"@type":"ListItem","position":1,"name":"Home","item":"https:\/\/www.ivivu.com\/blog\/"},{"@type":"ListItem","position":2,"name":"Rubber Duck &#8211; Ch\u00fa v\u1ecbt v\u00e0ng kh\u1ed5ng l\u1ed3 \u0111\u1ebfn Vi\u1ec7t Nam"}]},{"@type":"WebSite","@id":"https:\/\/www.ivivu.com\/blog\/#website","url":"https:\/\/www.ivivu.com\/blog\/","name":"C\u1ea9m nang du l\u1ecbch","description":"","publisher":{"@id":"https:\/\/www.ivivu.com\/blog\/#organization"},"potentialAction":[{"@type":"SearchAction","target":{"@type":"EntryPoint","urlTemplate":"https:\/\/www.ivivu.com\/blog\/?s={search_term_string}"},"query-input":"required name=search_term_string"}],"inLanguage":"vi"},{"@type":"Organization","@id":"https:\/\/www.ivivu.com\/blog\/#organization","name":"iVIVU.com","url":"https:\/\/www.ivivu.com\/blog\/","logo":{"@type":"ImageObject","inLanguage":"vi","@id":"https:\/\/www.ivivu.com\/blog\/#\/schema\/logo\/image\/","url":"https:\/\/cdn3.ivivu.com\/2024\/01\/ivivu_no_slogan.png","contentUrl":"https:\/\/cdn3.ivivu.com\/2024\/01\/ivivu_no_slogan.png","width":788,"height":565,"caption":"iVIVU.com"},"image":{"@id":"https:\/\/www.ivivu.com\/blog\/#\/schema\/logo\/image\/"},"sameAs":["https:\/\/www.facebook.com\/iVIVU"]},{"@type":"Person","@id":"https:\/\/www.ivivu.com\/blog\/#\/schema\/person\/fa43f02f547c509e5138fb812be3ebbf","name":"Nguy\u1ec7t Nguy\u1ec5n","description":"C\u1ea9m nang du l\u1ecbch \u2013 C\u00f9ng iVIVU - Trang th\u00f4ng tin du l\u1ecbch c\u1ee7a H\u1ec7 th\u1ed1ng \u0111\u1eb7t ph\u00f2ng kh\u00e1ch s\u1ea1n tr\u1ef1c tuy\u1ebfn iVIVU.com. Chia s\u1ebb th\u00f4ng tin h\u1eefu \u00edch v\u1ec1 du l\u1ecbch, v\u0103n h\u00f3a, \u1ea9m th\u1ef1c, c\u00e1c s\u1ef1 ki\u1ec7n vui ch\u01a1i gi\u1ea3i tr\u00ed kh\u1eafp n\u01a1i tr\u00ean th\u1ebf gi\u1edbi.","url":"https:\/\/www.ivivu.com\/blog\/author\/nguyet-nguyen\/"}]}},"_links":{"self":[{"href":"https:\/\/www.ivivu.com\/blog\/wp-json\/wp\/v2\/posts\/37719"}],"collection":[{"href":"https:\/\/www.ivivu.com\/blog\/wp-json\/wp\/v2\/posts"}],"about":[{"href":"https:\/\/www.ivivu.com\/blog\/wp-json\/wp\/v2\/types\/post"}],"author":[{"embeddable":true,"href":"https:\/\/www.ivivu.com\/blog\/wp-json\/wp\/v2\/users\/23"}],"replies":[{"embeddable":true,"href":"https:\/\/www.ivivu.com\/blog\/wp-json\/wp\/v2\/comments?post=37719"}],"version-history":[{"count":3,"href":"https:\/\/www.ivivu.com\/blog\/wp-json\/wp\/v2\/posts\/37719\/revisions"}],"predecessor-version":[{"id":37724,"href":"https:\/\/www.ivivu.com\/blog\/wp-json\/wp\/v2\/posts\/37719\/revisions\/37724"}],"wp:featuredmedia":[{"embeddable":true,"href":"https:\/\/www.ivivu.com\/blog\/wp-json\/wp\/v2\/media\/37720"}],"wp:attachment":[{"href":"https:\/\/www.ivivu.com\/blog\/wp-json\/wp\/v2\/media?parent=37719"}],"wp:term":[{"taxonomy":"category","embeddable":true,"href":"https:\/\/www.ivivu.com\/blog\/wp-json\/wp\/v2\/categories?post=37719"},{"taxonomy":"post_tag","embeddable":true,"href":"https:\/\/www.ivivu.com\/blog\/wp-json\/wp\/v2\/tags?post=37719"}],"curies":[{"name":"wp","href":"https:\/\/api.w.org\/{rel}","templated":true}]}}