{"id":382881,"date":"2022-11-02T09:25:21","date_gmt":"2022-11-02T02:25:21","guid":{"rendered":"https:\/\/www.ivivu.com\/blog\/?p=382881"},"modified":"2025-11-18T17:51:38","modified_gmt":"2025-11-18T10:51:38","slug":"sap-dien-ra-le-hoi-du-luon-mua-vang-binh-lieu","status":"publish","type":"post","link":"https:\/\/www.ivivu.com\/blog\/2022\/11\/sap-dien-ra-le-hoi-du-luon-mua-vang-binh-lieu\/","title":{"rendered":"S\u1eafp di\u1ec5n ra l\u1ec5 h\u1ed9i d\u00f9 l\u01b0\u1ee3n m\u00f9a v\u00e0ng B\u00ecnh Li\u00eau"},"content":{"rendered":"<p style=\"text-align: justify;\"><strong><em>UBND huy\u1ec7n B\u00ecnh Li\u00eau, t\u1ec9nh Qu\u1ea3ng Ninh \u0111ang g\u1ea5p r\u00fat chu\u1ea9n b\u1ecb k\u1ebf ho\u1ea1ch t\u1ed5 ch\u1ee9c c\u00e1c ho\u1ea1t \u0111\u1ed9ng n\u1eb1m trong Tu\u1ea7n V\u0103n h\u00f3a &#8211; Du l\u1ecbch. H\u1ed9i m\u00f9a v\u00e0ng B\u00ecnh Li\u00eau n\u0103m 2022 di\u1ec5n ra t\u1eeb ng\u00e0y 4\/11 k\u00e9o d\u00e0i \u0111\u1ebfn h\u1ebft th\u00e1ng 12.<\/em><\/strong><!--more--><strong><div class=\"ltt-contentbox white\"><\/span>Xem th\u00eam: <a href=\"https:\/\/www.ivivu.com\/blog\/tag\/du-lich-quang-ninh\/\" target=\"_blank\" rel=\"noopener\">Du l\u1ecbch Qu\u1ea3ng Ninh<\/a><\/div><\/strong><\/p>\n<h2 style=\"text-align: justify;\">S\u1eafp di\u1ec5n ra l\u1ec5 h\u1ed9i d\u00f9 l\u01b0\u1ee3n m\u00f9a v\u00e0ng B\u00ecnh Li\u00eau<\/h2>\n<p style=\"text-align: justify;\">Festival d\u00f9 l\u01b0\u1ee3n \u201cBay tr\u00ean m\u00f9a v\u00e0ng <strong>B\u00ecnh Li\u00eau<\/strong> 2022\u201d do c\u00e2u l\u1ea1c b\u1ed9 \u0110\u00f4ng B\u1eafc ph\u1ed1i h\u1ee3p c\u00f9ng UBND huy\u1ec7n B\u00ecnh Li\u00eau t\u1ed5 ch\u1ee9c. \u0110\u00e2y l\u00e0 m\u1ed9t \u0111i\u1ec3m bay v\u1edbi phong c\u1ea3nh \u0111\u1eb9p, c\u00f2n \u0111\u1eadm v\u1ebb hoang s\u01a1 c\u1ee7a n\u00fai r\u1eebng \u0110\u00f4ng B\u1eafc, ca\u0301ch H\u1ea1 Long 104km (kho\u1ea3ng g\u1ea7n 1,5h \u0111i \u00f4 t\u00f4, \u0111\u01b0\u1eddng cao t\u1ed1c).<\/p>\n<div id=\"attachment_382890\" style=\"width: 650px\" class=\"wp-caption aligncenter\"><a href=\"https:\/\/cdn3.ivivu.com\/2022\/11\/festival-du-luon-binh-lieu-ivivu-12.jpg\"><img loading=\"lazy\" decoding=\"async\" aria-describedby=\"caption-attachment-382890\" class=\"wp-image-382890\" title=\"\u1ea2nh: B\u00e3o\" src=\"https:\/\/cdn3.ivivu.com\/2022\/11\/festival-du-luon-binh-lieu-ivivu-12.jpg\" alt=\"\u1ea2nh: B\u00e3o\" width=\"640\" height=\"360\" srcset=\"https:\/\/cdn3.ivivu.com\/2022\/11\/festival-du-luon-binh-lieu-ivivu-12.jpg 620w, https:\/\/cdn3.ivivu.com\/2022\/11\/festival-du-luon-binh-lieu-ivivu-12-250x142.jpg 250w, https:\/\/cdn3.ivivu.com\/2022\/11\/festival-du-luon-binh-lieu-ivivu-12-540x305.jpg 540w, https:\/\/cdn3.ivivu.com\/2022\/11\/festival-du-luon-binh-lieu-ivivu-12-225x127.jpg 225w, https:\/\/cdn3.ivivu.com\/2022\/11\/festival-du-luon-binh-lieu-ivivu-12-370x208.jpg 370w, https:\/\/cdn3.ivivu.com\/2022\/11\/festival-du-luon-binh-lieu-ivivu-12-50x28.jpg 50w, https:\/\/cdn3.ivivu.com\/2022\/11\/festival-du-luon-binh-lieu-ivivu-12-107x60.jpg 107w, https:\/\/cdn3.ivivu.com\/2022\/11\/festival-du-luon-binh-lieu-ivivu-12-195x110.jpg 195w, https:\/\/cdn3.ivivu.com\/2022\/11\/festival-du-luon-binh-lieu-ivivu-12-220x125.jpg 220w, https:\/\/cdn3.ivivu.com\/2022\/11\/festival-du-luon-binh-lieu-ivivu-12-400x225.jpg 400w, https:\/\/cdn3.ivivu.com\/2022\/11\/festival-du-luon-binh-lieu-ivivu-12-140x80.jpg 140w\" sizes=\"(max-width: 640px) 100vw, 640px\" \/><\/a><p id=\"caption-attachment-382890\" class=\"wp-caption-text\">\u1ea2nh minh h\u1ecda: B\u00e3o.<\/p><\/div>\n<p style=\"text-align: justify;\">Theo chia s\u1ebb c\u1ee7a \u0111\u1ea1i di\u1ec7n c\u00e2u l\u1ea1c b\u1ed9 d\u00f9 l\u01b0\u1ee3n \u0110\u00f4ng B\u1eafc, th\u00f4ng qua vi\u1ec7c t\u1ed5 ch\u1ee9c l\u1ec5 h\u1ed9i d\u00f9 l\u01b0\u1ee3n v\u1edbi nhi\u1ec1u ho\u1ea1t \u0111\u1ed9ng, mong mu\u1ed1n qu\u1ea3ng b\u00e1 s\u1ea3n ph\u1ea9m du l\u1ecbch m\u1edbi m\u1ebb, h\u1ee9a h\u1eb9n mang \u0111\u1ebfn cho du kh\u00e1ch nh\u1eefng tr\u1ea3i nghi\u1ec7m th\u00fa v\u1ecb v\u00e0 \u0111\u00e1ng nh\u1edb t\u1ea1i m\u1ea3nh \u0111\u1ea5t mi\u1ec1n n\u00fai bi\u00ean gi\u1edbi <em><strong>B\u00ecnh Li\u00eau<\/strong><\/em> t\u01b0\u01a1i \u0111\u1eb9p.<\/p>\n<div id=\"attachment_382889\" style=\"width: 650px\" class=\"wp-caption aligncenter\"><a href=\"https:\/\/cdn3.ivivu.com\/2022\/11\/festival-du-luon-binh-lieu-ivivu-11.jpg\"><img loading=\"lazy\" decoding=\"async\" aria-describedby=\"caption-attachment-382889\" class=\"wp-image-382889\" title=\"\u1ea2nh: B\u00e3o\" src=\"https:\/\/cdn3.ivivu.com\/2022\/11\/festival-du-luon-binh-lieu-ivivu-11.jpg\" alt=\"festival-du-luon-binh-lieu-ivivu-11\" width=\"640\" height=\"360\" srcset=\"https:\/\/cdn3.ivivu.com\/2022\/11\/festival-du-luon-binh-lieu-ivivu-11.jpg 1280w, https:\/\/cdn3.ivivu.com\/2022\/11\/festival-du-luon-binh-lieu-ivivu-11-250x142.jpg 250w, https:\/\/cdn3.ivivu.com\/2022\/11\/festival-du-luon-binh-lieu-ivivu-11-540x305.jpg 540w, https:\/\/cdn3.ivivu.com\/2022\/11\/festival-du-luon-binh-lieu-ivivu-11-1024x576.jpg 1024w, https:\/\/cdn3.ivivu.com\/2022\/11\/festival-du-luon-binh-lieu-ivivu-11-750x422.jpg 750w, https:\/\/cdn3.ivivu.com\/2022\/11\/festival-du-luon-binh-lieu-ivivu-11-225x127.jpg 225w, https:\/\/cdn3.ivivu.com\/2022\/11\/festival-du-luon-binh-lieu-ivivu-11-370x208.jpg 370w, https:\/\/cdn3.ivivu.com\/2022\/11\/festival-du-luon-binh-lieu-ivivu-11-50x28.jpg 50w, https:\/\/cdn3.ivivu.com\/2022\/11\/festival-du-luon-binh-lieu-ivivu-11-107x60.jpg 107w, https:\/\/cdn3.ivivu.com\/2022\/11\/festival-du-luon-binh-lieu-ivivu-11-195x110.jpg 195w, https:\/\/cdn3.ivivu.com\/2022\/11\/festival-du-luon-binh-lieu-ivivu-11-220x125.jpg 220w, https:\/\/cdn3.ivivu.com\/2022\/11\/festival-du-luon-binh-lieu-ivivu-11-400x225.jpg 400w, https:\/\/cdn3.ivivu.com\/2022\/11\/festival-du-luon-binh-lieu-ivivu-11-140x80.jpg 140w\" sizes=\"(max-width: 640px) 100vw, 640px\" \/><\/a><p id=\"caption-attachment-382889\" class=\"wp-caption-text\">\u1ea2nh: B\u00e3o.<\/p><\/div>\n<p style=\"text-align: justify;\">\u0110\u1ea1i di\u1ec7n c\u00e2u l\u1ea1c b\u1ed9 d\u00f9 l\u01b0\u1ee3n \u0110\u00f4ng B\u1eafc c\u0169ng cho bi\u1ebft ch\u01b0\u01a1ng tr\u00ecnh d\u1ef1 ki\u1ebfn thu h\u00fat kho\u1ea3ng 80 phi c\u00f4ng tr\u00ean to\u00e0n qu\u1ed1c tham d\u1ef1 v\u1edbi c\u00e1c n\u1ed9i dung bay d\u00f9 l\u01b0\u1ee3n kh\u00f4ng \u0111\u1ed9ng c\u01a1 (g\u1ed3m thi \u0111\u1ea5u h\u1ea1 c\u00e1nh ch\u00ednh x\u00e1c, thi \u0111\u1ea5u th\u00e0nh t\u00edch, bay fun v\u00e0 bay \u0111\u00f4i tr\u1ea3i nghi\u1ec7m); bay d\u00f9 l\u01b0\u1ee3n c\u00f3 \u0111\u1ed9ng c\u01a1 (g\u1ed3m bay bi\u1ec3u di\u1ec5n v\u00e0 bay \u0111\u00f4i tr\u1ea3i nghi\u1ec7m).<\/p>\n<div id=\"attachment_382887\" style=\"width: 650px\" class=\"wp-caption aligncenter\"><a href=\"https:\/\/cdn3.ivivu.com\/2022\/11\/festival-du-luon-binh-lieu-ivivu-4.jpg\"><img loading=\"lazy\" decoding=\"async\" aria-describedby=\"caption-attachment-382887\" class=\"wp-image-382887\" title=\"\u1ea2nh: B\u00e3o\" src=\"https:\/\/cdn3.ivivu.com\/2022\/11\/festival-du-luon-binh-lieu-ivivu-4.jpg\" alt=\"festival-du-luon-binh-lieu-ivivu-4\" width=\"640\" height=\"360\" srcset=\"https:\/\/cdn3.ivivu.com\/2022\/11\/festival-du-luon-binh-lieu-ivivu-4.jpg 1280w, https:\/\/cdn3.ivivu.com\/2022\/11\/festival-du-luon-binh-lieu-ivivu-4-250x142.jpg 250w, https:\/\/cdn3.ivivu.com\/2022\/11\/festival-du-luon-binh-lieu-ivivu-4-540x305.jpg 540w, https:\/\/cdn3.ivivu.com\/2022\/11\/festival-du-luon-binh-lieu-ivivu-4-1024x576.jpg 1024w, https:\/\/cdn3.ivivu.com\/2022\/11\/festival-du-luon-binh-lieu-ivivu-4-750x422.jpg 750w, https:\/\/cdn3.ivivu.com\/2022\/11\/festival-du-luon-binh-lieu-ivivu-4-225x127.jpg 225w, https:\/\/cdn3.ivivu.com\/2022\/11\/festival-du-luon-binh-lieu-ivivu-4-370x208.jpg 370w, https:\/\/cdn3.ivivu.com\/2022\/11\/festival-du-luon-binh-lieu-ivivu-4-50x28.jpg 50w, https:\/\/cdn3.ivivu.com\/2022\/11\/festival-du-luon-binh-lieu-ivivu-4-107x60.jpg 107w, https:\/\/cdn3.ivivu.com\/2022\/11\/festival-du-luon-binh-lieu-ivivu-4-195x110.jpg 195w, https:\/\/cdn3.ivivu.com\/2022\/11\/festival-du-luon-binh-lieu-ivivu-4-220x125.jpg 220w, https:\/\/cdn3.ivivu.com\/2022\/11\/festival-du-luon-binh-lieu-ivivu-4-400x225.jpg 400w, https:\/\/cdn3.ivivu.com\/2022\/11\/festival-du-luon-binh-lieu-ivivu-4-140x80.jpg 140w\" sizes=\"(max-width: 640px) 100vw, 640px\" \/><\/a><p id=\"caption-attachment-382887\" class=\"wp-caption-text\">\u1ea2nh: B\u00e3o.<\/p><\/div>\n<p style=\"text-align: justify;\">Trong khu\u00f4n kh\u1ed5 Tu\u1ea7n V\u0103n h\u00f3a &#8211; Du l\u1ecbch H\u1ed9i m\u00f9a v\u00e0ng n\u0103m 2022 c\u00f3 nhi\u1ec1u ho\u1ea1t \u0111\u1ed9ng h\u1ea5p d\u1eabn \u0111\u01b0\u1ee3c t\u1ed5 ch\u1ee9c nh\u01b0: gi\u1ea3i ch\u1ea1y phong tr\u00e0o cung \u0111\u01b0\u1eddng m\u00f9a v\u00e0ng t\u1ed5 ch\u1ee9c ng\u00e0y 29\/10; nghi l\u1ec5 m\u1eebng c\u01a1m m\u1edbi di\u1ec5n ra ng\u00e0y 4\/11; chung k\u1ebft h\u1ed9i thi &#8220;Ng\u01b0\u1eddi tr\u00ecnh di\u1ec5n trang ph\u1ee5c d\u00e2n t\u1ed9c \u0111\u1eb9p nh\u1ea5t huy\u1ec7n B\u00ecnh Li\u00eau n\u0103m 2022&#8221;; ch\u01b0\u01a1ng tr\u00ecnh d\u00f9 l\u01b0\u1ee3n \u201cBay tr\u00ean m\u00f9a v\u00e0ng\u201d v\u00e0 \u0111\u1eb7c s\u1eafc nh\u1ea5t l\u00e0 &#8220;Gi\u1ea3i b\u00f3ng \u0111\u00e1 n\u1eef c\u00e1c d\u00e2n t\u1ed9c huy\u1ec7n <em>B\u00ecnh Li\u00eau&#8221;<\/em> \u0111\u01b0\u1ee3c t\u1ed5 ch\u1ee9c v\u00e0o ng\u00e0y 5\/11.<\/p>\n<div id=\"attachment_382884\" style=\"width: 650px\" class=\"wp-caption aligncenter\"><a href=\"https:\/\/cdn3.ivivu.com\/2022\/11\/festival-du-luon-binh-lieu-ivivu-10.jpeg\"><img loading=\"lazy\" decoding=\"async\" aria-describedby=\"caption-attachment-382884\" class=\"wp-image-382884\" title=\"\u1ea2nh: Zingnews\" src=\"https:\/\/cdn3.ivivu.com\/2022\/11\/festival-du-luon-binh-lieu-ivivu-10.jpeg\" alt=\"festival-du-luon-binh-lieu-ivivu-10\" width=\"640\" height=\"426\" srcset=\"https:\/\/cdn3.ivivu.com\/2022\/11\/festival-du-luon-binh-lieu-ivivu-10.jpeg 860w, https:\/\/cdn3.ivivu.com\/2022\/11\/festival-du-luon-binh-lieu-ivivu-10-458x305.jpeg 458w\" sizes=\"(max-width: 640px) 100vw, 640px\" \/><\/a><p id=\"caption-attachment-382884\" class=\"wp-caption-text\">\u1ea2nh: Zingnews.<\/p><\/div>\n<p style=\"text-align: justify;\">Ngo\u00e0i ra, du kh\u00e1ch c\u00f2n c\u00f3 th\u1ec3 tr\u1ea3i nghi\u1ec7m \u201cthi\u00ean \u0111\u01b0\u1eddng c\u1ecf lau\u201d, \u201cs\u1ed1ng l\u01b0ng kh\u1ee7ng long\u201d, h\u1ec7 th\u1ed1ng \u0111\u01b0\u1eddng bi\u00ean, c\u1ed9t m\u1ed1c thi\u00eang li\u00eang c\u1ee7a t\u1ed5 qu\u1ed1c, tham quan c\u00e1c \u0111i\u1ec3m du l\u1ecbch tr\u00ean \u0111\u1ecba b\u00e0n huy\u1ec7n nh\u01b0: v\u01b0\u1eddn hoa Cao S\u01a1n, th\u00e1c Khe V\u1eb1n, th\u00e1c S\u00f4ng Mo\u00f3c, n\u00fai Cao Ba Lanh, Cao Ly, Cao Xi\u00eam\u2026 Cu\u1ed1i th\u00e1ng 10 d\u01b0\u01a1ng l\u1ecbch tr\u1edf \u0111i, l\u00faa ch\u00edn v\u00e0ng tr\u00ean nh\u1eefng c\u00e1nh \u0111\u1ed3ng, th\u1eeda ru\u1ed9ng b\u1eadc thang \u1edf c\u00e1c th\u00f4n, b\u1ea3n, s\u01b0\u1eddn \u0111\u1ed3i c\u1ee7a huy\u1ec7n v\u00f9ng cao bi\u00ean gi\u1edbi B\u00ecnh Li\u00eau tr\u1edf th\u00e0nh t\u00e2m \u0111i\u1ec3m thu h\u00fat kh\u00e1ch du l\u1ecbch.<\/p>\n<p style=\"text-align: justify;\"><strong><em>Th\u1eddi gian di\u1ec5n ra festival d\u00f9 l\u01b0\u1ee3n &#8220;Bay tr\u00ean m\u00f9a v\u00e0ng B\u00ecnh Li\u00eau 2022&#8221;: Trong 2 ng\u00e0y 05-06\/11\/2022 t\u1ea1i x\u00e3 L\u1ee5c H\u1ed3n, huy\u1ec7n B\u00ecnh Li\u00eau, t\u1ec9nh Qu\u1ea3ng Ninh.<\/em><\/strong><\/p>\n<p style=\"text-align: left;\"><strong><div class=\"ltt-contentbox white\"><\/span><\/strong><\/p>\n<p class=\"pageTitle vcolor-primary v-margin-top-0 v-margin-bottom-15\"><strong>iVIVU g\u1ee3i \u00fd m\u1ed9t s\u1ed1 tour mi\u1ec1n B\u1eafc \u2013 H\u1ea1 Long:<\/strong><\/p>\n<p class=\"pageTitle vcolor-primary v-margin-top-0 v-margin-bottom-15\"><a href=\"https:\/\/www.ivivu.com\/du-lich\/tour-du-thuyen-ha-long-6-tieng-du-thuyen-cao-cap-alova-premium-cruises\/1809\" target=\"_blank\" rel=\"noopener\"><strong>Tour Du Thuy\u1ec1n H\u1ea1 Long 6 Ti\u1ebfng: Du Thuy\u1ec1n Cao C\u1ea5p Alova Premium Cruises<\/strong><\/a><\/p>\n<p class=\"pageTitle vcolor-primary v-margin-top-0 v-margin-bottom-15\"><a href=\"https:\/\/www.ivivu.com\/du-lich\/tour-du-thuyen-ha-long-6-tieng-du-thuyen-wego-halong-cruise\/1810\" target=\"_blank\" rel=\"noopener\"><strong>Tour Du Thuy\u1ec1n H\u1ea1 Long 6 Ti\u1ebfng: Du Thuy\u1ec1n Wego Halong Cruise<\/strong><\/a><\/p>\n<p class=\"pageTitle vcolor-primary v-margin-top-0 v-margin-bottom-15\"><strong><a href=\"https:\/\/www.ivivu.com\/du-lich\/tour-lien-tuyen-mien-bac-5n4d-ha-noi-ninh-binh-ha-long-sapa-fansipan-lt1\/1441\" target=\"_blank\" rel=\"noopener\">Tour Li\u00ean Tuy\u1ebfn Mi\u1ec1n B\u1eafc 5N4\u0110: H\u00e0 N\u1ed9i &#8211; Ninh B\u00ecnh &#8211; H\u1ea1 Long &#8211; Sapa &#8211; Fansipan<\/a><\/strong><\/p>\n<p style=\"text-align: left;\"><strong><\/div><\/strong><\/p>\n<p style=\"text-align: right;\"><strong>Theo iVIVU.com<\/strong><\/p>\n<p><strong><div class=\"ltt-contentbox white\"><\/span>Xem th\u00eam b\u00e0i vi\u1ebft:<\/strong><\/p>\n<p><strong><a href=\"https:\/\/www.ivivu.com\/blog\/2022\/10\/danh-thang-nui-bai-tho-niem-tu-hao-cua-nguoi-quang-ninh\/\" target=\"_blank\" rel=\"noopener\">Danh th\u1eafng n\u00fai B\u00e0i Th\u01a1 \u2013 ni\u1ec1m t\u1ef1 h\u00e0o c\u1ee7a ng\u01b0\u1eddi Qu\u1ea3ng Ninh<\/a><\/strong><\/p>\n<p><strong><a href=\"https:\/\/www.ivivu.com\/blog\/2022\/10\/hang-dong-vung-duc-ngo-ngang-truoc-kiet-tac-cua-tao-hoa\/\" target=\"_blank\" rel=\"noopener\">Hang \u0111\u1ed9ng V\u0169ng \u0110\u1ee5c \u2013 Ng\u1ee1 ng\u00e0ng tr\u01b0\u1edbc ki\u1ec7t t\u00e1c c\u1ee7a t\u1ea1o h\u00f3a<\/a><\/strong><\/p>\n<p style=\"text-align: left;\"><strong><a href=\"https:\/\/www.ivivu.com\/blog\/2022\/10\/di-tich-thuong-cang-van-don-thuong-cang-co-xua-nhat-viet-nam\/\" target=\"_blank\" rel=\"noopener\">Di t\u00edch th\u01b0\u01a1ng c\u1ea3ng V\u00e2n \u0110\u1ed3n \u2013 Th\u01b0\u01a1ng c\u1ea3ng c\u1ed5 x\u01b0a nh\u1ea5t Vi\u1ec7t Nam<\/a><\/strong><strong><\/div> <\/strong><\/p>\n<h3 style=\"text-align: center;\"><div class=\"ltt-contentbox white\"><\/span><strong>Click \u0111\u1eb7t ngay <a href=\"https:\/\/www.ivivu.com\/khach-san-vinh-ha-long?utm_source=blog_ivivu&amp;utm_medium=post_link&amp;utm_campaign=internal\" target=\"_blank\" rel=\"noopener\">kh\u00e1ch s\u1ea1n H\u1ea1 Long<\/a> gi\u00e1 t\u1ed1t nh\u1ea5t ch\u1ec9 c\u00f3 t\u1ea1i iVIVU.com!<\/strong><\/div><\/h3>\n<p style=\"text-align: left;\">***<\/p>\n<p><strong>Tham kh\u1ea3o: <a href=\"https:\/\/www.ivivu.com\/blog\" target=\"_blank\" rel=\"noopener\">C\u1ea9m nang du l\u1ecbch iVIVU.com<\/a><\/strong><\/p>\n","protected":false},"excerpt":{"rendered":"<p>UBND huy\u1ec7n B\u00ecnh Li\u00eau, t\u1ec9nh Qu\u1ea3ng Ninh \u0111ang g\u1ea5p r\u00fat chu\u1ea9n b\u1ecb k\u1ebf ho\u1ea1ch t\u1ed5 ch\u1ee9c c\u00e1c ho\u1ea1t \u0111\u1ed9ng n\u1eb1m trong Tu\u1ea7n V\u0103n h\u00f3a &#8211; Du l\u1ecbch. H\u1ed9i m\u00f9a v\u00e0ng B\u00ecnh Li\u00eau n\u0103m 2022 di\u1ec5n ra t\u1eeb ng\u00e0y 4\/11 k\u00e9o&#8230;<\/p>\n","protected":false},"author":56,"featured_media":382890,"comment_status":"closed","ping_status":"open","sticky":false,"template":"","format":"standard","meta":{"_acf_changed":false,"footnotes":""},"categories":[229,517,795,789,14742,289,518],"tags":[20712,2923,4076,43495,5730,2924,43496,31723,1090],"acf":[],"yoast_head":"<!-- This site is optimized with the Yoast SEO Premium plugin v22.6 (Yoast SEO v22.6) - https:\/\/yoast.com\/wordpress\/plugins\/seo\/ -->\n<title>S\u1eafp di\u1ec5n ra l\u1ec5 h\u1ed9i d\u00f9 l\u01b0\u1ee3n m\u00f9a v\u00e0ng B\u00ecnh Li\u00eau - iVIVU.com<\/title>\n<meta name=\"description\" content=\"UBND huy\u1ec7n B\u00ecnh Li\u00eau, Qu\u1ea3ng Ninh t\u1ed5 ch\u1ee9c c\u00e1c ho\u1ea1t \u0111\u1ed9ng n\u1eb1m trong Tu\u1ea7n V\u0103n h\u00f3a - Du l\u1ecbch n\u0103m 2022 c\u00f3 H\u1ed9i m\u00f9a v\u00e0ng B\u00ecnh Li\u00eau di\u1ec5n ra t\u1eeb 4\/11 \u0111\u1ebfn h\u1ebft th\u00e1ng 12.\" \/>\n<meta name=\"robots\" content=\"index, follow, max-snippet:-1, max-image-preview:large, max-video-preview:-1\" \/>\n<link rel=\"canonical\" href=\"https:\/\/www.ivivu.com\/blog\/2022\/11\/sap-dien-ra-le-hoi-du-luon-mua-vang-binh-lieu\/\" \/>\n<meta name=\"twitter:label1\" content=\"\u0110\u01b0\u1ee3c vi\u1ebft b\u1edfi\" \/>\n\t<meta name=\"twitter:data1\" content=\"trang bui\" \/>\n\t<meta name=\"twitter:label2\" content=\"\u01af\u1edbc t\u00ednh th\u1eddi gian \u0111\u1ecdc\" \/>\n\t<meta name=\"twitter:data2\" content=\"5 ph\u00fat\" \/>\n<script type=\"application\/ld+json\" class=\"yoast-schema-graph\">{\"@context\":\"https:\/\/schema.org\",\"@graph\":[{\"@type\":\"Article\",\"@id\":\"https:\/\/www.ivivu.com\/blog\/2022\/11\/sap-dien-ra-le-hoi-du-luon-mua-vang-binh-lieu\/#article\",\"isPartOf\":{\"@id\":\"https:\/\/www.ivivu.com\/blog\/2022\/11\/sap-dien-ra-le-hoi-du-luon-mua-vang-binh-lieu\/\"},\"author\":{\"name\":\"trang bui\",\"@id\":\"https:\/\/www.ivivu.com\/blog\/#\/schema\/person\/24169b711726d38fde253ab9cf5bd037\"},\"headline\":\"S\u1eafp di\u1ec5n ra l\u1ec5 h\u1ed9i d\u00f9 l\u01b0\u1ee3n m\u00f9a v\u00e0ng B\u00ecnh Li\u00eau\",\"datePublished\":\"2022-11-02T02:25:21+00:00\",\"dateModified\":\"2025-11-18T10:51:38+00:00\",\"mainEntityOfPage\":{\"@id\":\"https:\/\/www.ivivu.com\/blog\/2022\/11\/sap-dien-ra-le-hoi-du-luon-mua-vang-binh-lieu\/\"},\"wordCount\":985,\"publisher\":{\"@id\":\"https:\/\/www.ivivu.com\/blog\/#organization\"},\"image\":{\"@id\":\"https:\/\/www.ivivu.com\/blog\/2022\/11\/sap-dien-ra-le-hoi-du-luon-mua-vang-binh-lieu\/#primaryimage\"},\"thumbnailUrl\":\"https:\/\/cdn3.ivivu.com\/2022\/11\/festival-du-luon-binh-lieu-ivivu-12.jpg\",\"keywords\":[\"du l\u1ecbch B\u00ecnh Li\u00eau\",\"du l\u1ecbch h\u1ea1 long\",\"\u0111i\u1ec3m \u0111\u1ebfn h\u1ea1 long\",\"h\u1ed9i m\u00f9a v\u00e0ng b\u00ecnh li\u00eau\",\"kh\u00e1ch s\u1ea1n H\u1ea1 Long\",\"kinh nghiem du lich ha long\",\"tour b\u00ecnh li\u00eau gi\u00e1 r\u1ebb\",\"Tour H\u1ea1 Long gi\u00e1 r\u1ebb\",\"v\u00e9 m\u00e1y bay\"],\"articleSection\":[\"DU L\u1ecaCH VI\u1ec6T NAM\",\"Du l\u1ecbch V\u1ecbnh H\u1ea1 Long\",\"\u0110i\u1ec3m \u0111\u1ebfn\",\"H\u00f3ng\",\"N\u1ed5i B\u1eadt 2\",\"TIN DU L\u1ecaCH\",\"Tin l\u1ec5 h\u1ed9i - s\u1ef1 ki\u1ec7n\"],\"inLanguage\":\"vi\"},{\"@type\":\"WebPage\",\"@id\":\"https:\/\/www.ivivu.com\/blog\/2022\/11\/sap-dien-ra-le-hoi-du-luon-mua-vang-binh-lieu\/\",\"url\":\"https:\/\/www.ivivu.com\/blog\/2022\/11\/sap-dien-ra-le-hoi-du-luon-mua-vang-binh-lieu\/\",\"name\":\"S\u1eafp di\u1ec5n ra l\u1ec5 h\u1ed9i d\u00f9 l\u01b0\u1ee3n m\u00f9a v\u00e0ng B\u00ecnh Li\u00eau - iVIVU.com\",\"isPartOf\":{\"@id\":\"https:\/\/www.ivivu.com\/blog\/#website\"},\"primaryImageOfPage\":{\"@id\":\"https:\/\/www.ivivu.com\/blog\/2022\/11\/sap-dien-ra-le-hoi-du-luon-mua-vang-binh-lieu\/#primaryimage\"},\"image\":{\"@id\":\"https:\/\/www.ivivu.com\/blog\/2022\/11\/sap-dien-ra-le-hoi-du-luon-mua-vang-binh-lieu\/#primaryimage\"},\"thumbnailUrl\":\"https:\/\/cdn3.ivivu.com\/2022\/11\/festival-du-luon-binh-lieu-ivivu-12.jpg\",\"datePublished\":\"2022-11-02T02:25:21+00:00\",\"dateModified\":\"2025-11-18T10:51:38+00:00\",\"description\":\"UBND huy\u1ec7n B\u00ecnh Li\u00eau, Qu\u1ea3ng Ninh t\u1ed5 ch\u1ee9c c\u00e1c ho\u1ea1t \u0111\u1ed9ng n\u1eb1m trong Tu\u1ea7n V\u0103n h\u00f3a - Du l\u1ecbch n\u0103m 2022 c\u00f3 H\u1ed9i m\u00f9a v\u00e0ng B\u00ecnh Li\u00eau di\u1ec5n ra t\u1eeb 4\/11 \u0111\u1ebfn h\u1ebft th\u00e1ng 12.\",\"breadcrumb\":{\"@id\":\"https:\/\/www.ivivu.com\/blog\/2022\/11\/sap-dien-ra-le-hoi-du-luon-mua-vang-binh-lieu\/#breadcrumb\"},\"inLanguage\":\"vi\",\"potentialAction\":[{\"@type\":\"ReadAction\",\"target\":[\"https:\/\/www.ivivu.com\/blog\/2022\/11\/sap-dien-ra-le-hoi-du-luon-mua-vang-binh-lieu\/\"]}]},{\"@type\":\"ImageObject\",\"inLanguage\":\"vi\",\"@id\":\"https:\/\/www.ivivu.com\/blog\/2022\/11\/sap-dien-ra-le-hoi-du-luon-mua-vang-binh-lieu\/#primaryimage\",\"url\":\"https:\/\/cdn3.ivivu.com\/2022\/11\/festival-du-luon-binh-lieu-ivivu-12.jpg\",\"contentUrl\":\"https:\/\/cdn3.ivivu.com\/2022\/11\/festival-du-luon-binh-lieu-ivivu-12.jpg\",\"width\":620,\"height\":349},{\"@type\":\"BreadcrumbList\",\"@id\":\"https:\/\/www.ivivu.com\/blog\/2022\/11\/sap-dien-ra-le-hoi-du-luon-mua-vang-binh-lieu\/#breadcrumb\",\"itemListElement\":[{\"@type\":\"ListItem\",\"position\":1,\"name\":\"Home\",\"item\":\"https:\/\/www.ivivu.com\/blog\/\"},{\"@type\":\"ListItem\",\"position\":2,\"name\":\"S\u1eafp di\u1ec5n ra l\u1ec5 h\u1ed9i d\u00f9 l\u01b0\u1ee3n m\u00f9a v\u00e0ng B\u00ecnh Li\u00eau\"}]},{\"@type\":\"WebSite\",\"@id\":\"https:\/\/www.ivivu.com\/blog\/#website\",\"url\":\"https:\/\/www.ivivu.com\/blog\/\",\"name\":\"C\u1ea9m nang du l\u1ecbch\",\"description\":\"\",\"publisher\":{\"@id\":\"https:\/\/www.ivivu.com\/blog\/#organization\"},\"potentialAction\":[{\"@type\":\"SearchAction\",\"target\":{\"@type\":\"EntryPoint\",\"urlTemplate\":\"https:\/\/www.ivivu.com\/blog\/?s={search_term_string}\"},\"query-input\":\"required name=search_term_string\"}],\"inLanguage\":\"vi\"},{\"@type\":\"Organization\",\"@id\":\"https:\/\/www.ivivu.com\/blog\/#organization\",\"name\":\"iVIVU.com\",\"url\":\"https:\/\/www.ivivu.com\/blog\/\",\"logo\":{\"@type\":\"ImageObject\",\"inLanguage\":\"vi\",\"@id\":\"https:\/\/www.ivivu.com\/blog\/#\/schema\/logo\/image\/\",\"url\":\"https:\/\/cdn3.ivivu.com\/2024\/01\/ivivu_no_slogan.png\",\"contentUrl\":\"https:\/\/cdn3.ivivu.com\/2024\/01\/ivivu_no_slogan.png\",\"width\":788,\"height\":565,\"caption\":\"iVIVU.com\"},\"image\":{\"@id\":\"https:\/\/www.ivivu.com\/blog\/#\/schema\/logo\/image\/\"},\"sameAs\":[\"https:\/\/www.facebook.com\/iVIVU\"]},{\"@type\":\"Person\",\"@id\":\"https:\/\/www.ivivu.com\/blog\/#\/schema\/person\/24169b711726d38fde253ab9cf5bd037\",\"name\":\"trang bui\",\"sameAs\":[\"https:\/\/www.ivivu.com\/blog\"],\"url\":\"https:\/\/www.ivivu.com\/blog\/author\/trang-bui\/\"}]}<\/script>\n<!-- \/ Yoast SEO Premium plugin. -->","yoast_head_json":{"title":"S\u1eafp di\u1ec5n ra l\u1ec5 h\u1ed9i d\u00f9 l\u01b0\u1ee3n m\u00f9a v\u00e0ng B\u00ecnh Li\u00eau - iVIVU.com","description":"UBND huy\u1ec7n B\u00ecnh Li\u00eau, Qu\u1ea3ng Ninh t\u1ed5 ch\u1ee9c c\u00e1c ho\u1ea1t \u0111\u1ed9ng n\u1eb1m trong Tu\u1ea7n V\u0103n h\u00f3a - Du l\u1ecbch n\u0103m 2022 c\u00f3 H\u1ed9i m\u00f9a v\u00e0ng B\u00ecnh Li\u00eau di\u1ec5n ra t\u1eeb 4\/11 \u0111\u1ebfn h\u1ebft th\u00e1ng 12.","robots":{"index":"index","follow":"follow","max-snippet":"max-snippet:-1","max-image-preview":"max-image-preview:large","max-video-preview":"max-video-preview:-1"},"canonical":"https:\/\/www.ivivu.com\/blog\/2022\/11\/sap-dien-ra-le-hoi-du-luon-mua-vang-binh-lieu\/","twitter_misc":{"\u0110\u01b0\u1ee3c vi\u1ebft b\u1edfi":"trang bui","\u01af\u1edbc t\u00ednh th\u1eddi gian \u0111\u1ecdc":"5 ph\u00fat"},"schema":{"@context":"https:\/\/schema.org","@graph":[{"@type":"Article","@id":"https:\/\/www.ivivu.com\/blog\/2022\/11\/sap-dien-ra-le-hoi-du-luon-mua-vang-binh-lieu\/#article","isPartOf":{"@id":"https:\/\/www.ivivu.com\/blog\/2022\/11\/sap-dien-ra-le-hoi-du-luon-mua-vang-binh-lieu\/"},"author":{"name":"trang bui","@id":"https:\/\/www.ivivu.com\/blog\/#\/schema\/person\/24169b711726d38fde253ab9cf5bd037"},"headline":"S\u1eafp di\u1ec5n ra l\u1ec5 h\u1ed9i d\u00f9 l\u01b0\u1ee3n m\u00f9a v\u00e0ng B\u00ecnh Li\u00eau","datePublished":"2022-11-02T02:25:21+00:00","dateModified":"2025-11-18T10:51:38+00:00","mainEntityOfPage":{"@id":"https:\/\/www.ivivu.com\/blog\/2022\/11\/sap-dien-ra-le-hoi-du-luon-mua-vang-binh-lieu\/"},"wordCount":985,"publisher":{"@id":"https:\/\/www.ivivu.com\/blog\/#organization"},"image":{"@id":"https:\/\/www.ivivu.com\/blog\/2022\/11\/sap-dien-ra-le-hoi-du-luon-mua-vang-binh-lieu\/#primaryimage"},"thumbnailUrl":"https:\/\/cdn3.ivivu.com\/2022\/11\/festival-du-luon-binh-lieu-ivivu-12.jpg","keywords":["du l\u1ecbch B\u00ecnh Li\u00eau","du l\u1ecbch h\u1ea1 long","\u0111i\u1ec3m \u0111\u1ebfn h\u1ea1 long","h\u1ed9i m\u00f9a v\u00e0ng b\u00ecnh li\u00eau","kh\u00e1ch s\u1ea1n H\u1ea1 Long","kinh nghiem du lich ha long","tour b\u00ecnh li\u00eau gi\u00e1 r\u1ebb","Tour H\u1ea1 Long gi\u00e1 r\u1ebb","v\u00e9 m\u00e1y bay"],"articleSection":["DU L\u1ecaCH VI\u1ec6T NAM","Du l\u1ecbch V\u1ecbnh H\u1ea1 Long","\u0110i\u1ec3m \u0111\u1ebfn","H\u00f3ng","N\u1ed5i B\u1eadt 2","TIN DU L\u1ecaCH","Tin l\u1ec5 h\u1ed9i - s\u1ef1 ki\u1ec7n"],"inLanguage":"vi"},{"@type":"WebPage","@id":"https:\/\/www.ivivu.com\/blog\/2022\/11\/sap-dien-ra-le-hoi-du-luon-mua-vang-binh-lieu\/","url":"https:\/\/www.ivivu.com\/blog\/2022\/11\/sap-dien-ra-le-hoi-du-luon-mua-vang-binh-lieu\/","name":"S\u1eafp di\u1ec5n ra l\u1ec5 h\u1ed9i d\u00f9 l\u01b0\u1ee3n m\u00f9a v\u00e0ng B\u00ecnh Li\u00eau - iVIVU.com","isPartOf":{"@id":"https:\/\/www.ivivu.com\/blog\/#website"},"primaryImageOfPage":{"@id":"https:\/\/www.ivivu.com\/blog\/2022\/11\/sap-dien-ra-le-hoi-du-luon-mua-vang-binh-lieu\/#primaryimage"},"image":{"@id":"https:\/\/www.ivivu.com\/blog\/2022\/11\/sap-dien-ra-le-hoi-du-luon-mua-vang-binh-lieu\/#primaryimage"},"thumbnailUrl":"https:\/\/cdn3.ivivu.com\/2022\/11\/festival-du-luon-binh-lieu-ivivu-12.jpg","datePublished":"2022-11-02T02:25:21+00:00","dateModified":"2025-11-18T10:51:38+00:00","description":"UBND huy\u1ec7n B\u00ecnh Li\u00eau, Qu\u1ea3ng Ninh t\u1ed5 ch\u1ee9c c\u00e1c ho\u1ea1t \u0111\u1ed9ng n\u1eb1m trong Tu\u1ea7n V\u0103n h\u00f3a - Du l\u1ecbch n\u0103m 2022 c\u00f3 H\u1ed9i m\u00f9a v\u00e0ng B\u00ecnh Li\u00eau di\u1ec5n ra t\u1eeb 4\/11 \u0111\u1ebfn h\u1ebft th\u00e1ng 12.","breadcrumb":{"@id":"https:\/\/www.ivivu.com\/blog\/2022\/11\/sap-dien-ra-le-hoi-du-luon-mua-vang-binh-lieu\/#breadcrumb"},"inLanguage":"vi","potentialAction":[{"@type":"ReadAction","target":["https:\/\/www.ivivu.com\/blog\/2022\/11\/sap-dien-ra-le-hoi-du-luon-mua-vang-binh-lieu\/"]}]},{"@type":"ImageObject","inLanguage":"vi","@id":"https:\/\/www.ivivu.com\/blog\/2022\/11\/sap-dien-ra-le-hoi-du-luon-mua-vang-binh-lieu\/#primaryimage","url":"https:\/\/cdn3.ivivu.com\/2022\/11\/festival-du-luon-binh-lieu-ivivu-12.jpg","contentUrl":"https:\/\/cdn3.ivivu.com\/2022\/11\/festival-du-luon-binh-lieu-ivivu-12.jpg","width":620,"height":349},{"@type":"BreadcrumbList","@id":"https:\/\/www.ivivu.com\/blog\/2022\/11\/sap-dien-ra-le-hoi-du-luon-mua-vang-binh-lieu\/#breadcrumb","itemListElement":[{"@type":"ListItem","position":1,"name":"Home","item":"https:\/\/www.ivivu.com\/blog\/"},{"@type":"ListItem","position":2,"name":"S\u1eafp di\u1ec5n ra l\u1ec5 h\u1ed9i d\u00f9 l\u01b0\u1ee3n m\u00f9a v\u00e0ng B\u00ecnh Li\u00eau"}]},{"@type":"WebSite","@id":"https:\/\/www.ivivu.com\/blog\/#website","url":"https:\/\/www.ivivu.com\/blog\/","name":"C\u1ea9m nang du l\u1ecbch","description":"","publisher":{"@id":"https:\/\/www.ivivu.com\/blog\/#organization"},"potentialAction":[{"@type":"SearchAction","target":{"@type":"EntryPoint","urlTemplate":"https:\/\/www.ivivu.com\/blog\/?s={search_term_string}"},"query-input":"required name=search_term_string"}],"inLanguage":"vi"},{"@type":"Organization","@id":"https:\/\/www.ivivu.com\/blog\/#organization","name":"iVIVU.com","url":"https:\/\/www.ivivu.com\/blog\/","logo":{"@type":"ImageObject","inLanguage":"vi","@id":"https:\/\/www.ivivu.com\/blog\/#\/schema\/logo\/image\/","url":"https:\/\/cdn3.ivivu.com\/2024\/01\/ivivu_no_slogan.png","contentUrl":"https:\/\/cdn3.ivivu.com\/2024\/01\/ivivu_no_slogan.png","width":788,"height":565,"caption":"iVIVU.com"},"image":{"@id":"https:\/\/www.ivivu.com\/blog\/#\/schema\/logo\/image\/"},"sameAs":["https:\/\/www.facebook.com\/iVIVU"]},{"@type":"Person","@id":"https:\/\/www.ivivu.com\/blog\/#\/schema\/person\/24169b711726d38fde253ab9cf5bd037","name":"trang bui","sameAs":["https:\/\/www.ivivu.com\/blog"],"url":"https:\/\/www.ivivu.com\/blog\/author\/trang-bui\/"}]}},"_links":{"self":[{"href":"https:\/\/www.ivivu.com\/blog\/wp-json\/wp\/v2\/posts\/382881"}],"collection":[{"href":"https:\/\/www.ivivu.com\/blog\/wp-json\/wp\/v2\/posts"}],"about":[{"href":"https:\/\/www.ivivu.com\/blog\/wp-json\/wp\/v2\/types\/post"}],"author":[{"embeddable":true,"href":"https:\/\/www.ivivu.com\/blog\/wp-json\/wp\/v2\/users\/56"}],"replies":[{"embeddable":true,"href":"https:\/\/www.ivivu.com\/blog\/wp-json\/wp\/v2\/comments?post=382881"}],"version-history":[{"count":5,"href":"https:\/\/www.ivivu.com\/blog\/wp-json\/wp\/v2\/posts\/382881\/revisions"}],"predecessor-version":[{"id":514192,"href":"https:\/\/www.ivivu.com\/blog\/wp-json\/wp\/v2\/posts\/382881\/revisions\/514192"}],"wp:featuredmedia":[{"embeddable":true,"href":"https:\/\/www.ivivu.com\/blog\/wp-json\/wp\/v2\/media\/382890"}],"wp:attachment":[{"href":"https:\/\/www.ivivu.com\/blog\/wp-json\/wp\/v2\/media?parent=382881"}],"wp:term":[{"taxonomy":"category","embeddable":true,"href":"https:\/\/www.ivivu.com\/blog\/wp-json\/wp\/v2\/categories?post=382881"},{"taxonomy":"post_tag","embeddable":true,"href":"https:\/\/www.ivivu.com\/blog\/wp-json\/wp\/v2\/tags?post=382881"}],"curies":[{"name":"wp","href":"https:\/\/api.w.org\/{rel}","templated":true}]}}