{"id":383087,"date":"2022-11-04T18:55:59","date_gmt":"2022-11-04T11:55:59","guid":{"rendered":"https:\/\/www.ivivu.com\/blog\/?p=383087"},"modified":"2025-11-18T17:13:32","modified_gmt":"2025-11-18T10:13:32","slug":"chiem-nguong-sac-xuan-troi-au-lang-man-trong-tour-chau-au-11n10d","status":"publish","type":"post","link":"https:\/\/www.ivivu.com\/blog\/2022\/11\/chiem-nguong-sac-xuan-troi-au-lang-man-trong-tour-chau-au-11n10d\/","title":{"rendered":"Chi\u00eam ng\u01b0\u1ee1ng s\u1eafc xu\u00e2n tr\u1eddi \u00c2u l\u00e3ng m\u1ea1n trong tour ch\u00e2u \u00c2u 11N10\u0110"},"content":{"rendered":"<p style=\"text-align: justify;\"><em><strong>H\u00e0nh tr\u00ecnh tr\u1ea3i nghi\u1ec7m k\u1ef3 ngh\u1ec9 T\u1ebft tuy\u1ec7t v\u1eddi trong tour ch\u00e2u \u00c2u 11 ng\u00e0y 10 \u0111\u00eam, b\u1ea1n s\u1ebd kh\u00e1m ph\u00e1 c\u00e1c qu\u1ed1c gia Ph\u00e1p, Th\u1ee5y S\u0129, \u00dd t\u1ea1i &#8220;l\u1ee5c \u0111\u1ecba gi\u00e0&#8221; \u0111\u1ea7y quy\u1ebfn r\u0169 n\u00e0y.<br \/>\n<\/strong><\/em><\/p>\n<p><!--more--><\/p>\n<p style=\"text-align: justify;\"><div class=\"ltt-contentbox white\"><\/span><strong>Xem th\u00eam: <a href=\"https:\/\/www.ivivu.com\/blog\/tag\/du-lich-chau-au\/\" target=\"_blank\" rel=\"noopener\">Du l\u1ecbch ch\u00e2u \u00c2u<\/a><\/strong><\/div><\/p>\n<h2 style=\"text-align: justify;\">Chi\u00eam ng\u01b0\u1ee1ng s\u1eafc xu\u00e2n tr\u1eddi \u00c2u l\u00e3ng m\u1ea1n trong tour ch\u00e2u \u00c2u 11N10\u0110<\/h2>\n<p style=\"text-align: justify;\">Du l\u1ecbch ch\u00e2u \u00c2u lu\u00f4n l\u00e0 m\u1ed9t ni\u1ec1m khao kh\u00e1t v\u1edbi c\u00e1c t\u00edn \u0111\u1ed3 du l\u1ecbch kh\u1eafp n\u01a1i tr\u00ean th\u1ebf gi\u1edbi. Ch\u00e2u \u00c2u l\u00e0 m\u1ed9t \u201cl\u1ee5c \u0111\u1ecba gi\u00e0\u201d v\u1edbi s\u1ef1 xu\u1ea5t hi\u1ec7n r\u1ea5t s\u1edbm c\u1ee7a c\u00e1c n\u1ec1n v\u0103n minh c\u1ef1c th\u1ecbnh. C\u0169ng ch\u00ednh v\u00ec v\u1eady, n\u01a1i \u0111\u00e2y ch\u00ednh l\u00e0 s\u1ef1 k\u1ebft h\u1ee3p ho\u00e0n h\u1ecfa c\u1ee7a l\u1ecbch s\u1eed, v\u0103n h\u00f3a, thi\u00ean nhi\u00ean v\u00e0 c\u1ea3 \u1ea9m th\u1ef1c, t\u1ea5t c\u1ea3 \u0111\u1ec1u mang t\u00ednh bi\u1ec3u t\u01b0\u1ee3ng v\u00f4 c\u00f9ng l\u1edbn.<\/p>\n<div id=\"attachment_383762\" style=\"width: 710px\" class=\"wp-caption alignnone\"><a href=\"https:\/\/cdn3.ivivu.com\/2022\/11\/D\u00e3y-n\u00fai-Alps-ivivu-28.jpg\"><img loading=\"lazy\" decoding=\"async\" aria-describedby=\"caption-attachment-383762\" class=\"size-full wp-image-383762\" src=\"https:\/\/cdn3.ivivu.com\/2022\/11\/D\u00e3y-n\u00fai-Alps-ivivu-28.jpg\" alt=\"Khung c\u1ea3nh thi\u00ean nhi\u00ean tuy\u1ec7t \u0111\u1eb9p d\u01b0\u1edbi ch\u00e2n d\u00e3y n\u00fai Alps.\" width=\"700\" height=\"437\" srcset=\"https:\/\/cdn3.ivivu.com\/2022\/11\/D\u00e3y-n\u00fai-Alps-ivivu-28.jpg 700w, https:\/\/cdn3.ivivu.com\/2022\/11\/D\u00e3y-n\u00fai-Alps-ivivu-28-489x305.jpg 489w\" sizes=\"(max-width: 700px) 100vw, 700px\" \/><\/a><p id=\"caption-attachment-383762\" class=\"wp-caption-text\">Khung c\u1ea3nh thi\u00ean nhi\u00ean tuy\u1ec7t \u0111\u1eb9p d\u01b0\u1edbi ch\u00e2n d\u00e3y n\u00fai Alps.<\/p><\/div>\n<p style=\"text-align: justify;\">Trong k\u1ef3 ngh\u1ec9 T\u1ebft n\u00e0y, iVIVU g\u1ee3i \u00fd \u0111\u1ebfn b\u1ea1n <strong>tour ch\u00e2u \u00c2u<\/strong> 11 ng\u00e0y 10 \u0111\u00eam v\u1edbi khuy\u1ebfn m\u00e3i d\u1ecbp T\u1ebft c\u1ef1c t\u1ed1t. Chuy\u1ebfn du Ph\u00e1p, Th\u1ee5y S\u0129 v\u00e0 \u00dd s\u1ebd mang \u0111\u1ebfn b\u1ea1n nh\u1eefng tr\u1ea3i nghi\u1ec7m ngo\u1ea1n m\u1ee5c v\u1edbi nh\u1eefng k\u1ef3 quan, nh\u1eefng l\u00e2u \u0111\u00e0i c\u1ed5 k\u00ednh hay nh\u1eefng v\u1ebb \u0111\u1eb9p c\u1ee7a thi\u00ean nhi\u00ean h\u00f9ng v\u0129. C\u00f9ng kh\u00e1m ph\u00e1 c\u00e1c \u0111i\u1ec3m \u0111\u1ebfn n\u1ed5i b\u1eadt trong <em><strong>tour ch\u00e2u \u00c2u<\/strong><\/em> 11N10\u0110 n\u00e0y ngay sau \u0111\u00e2y.<\/p>\n<div id=\"attachment_383739\" style=\"width: 1034px\" class=\"wp-caption alignnone\"><a href=\"https:\/\/cdn3.ivivu.com\/2022\/11\/Ponte-Vecchio-ivivu-261.jpg\"><img loading=\"lazy\" decoding=\"async\" aria-describedby=\"caption-attachment-383739\" class=\"size-large wp-image-383739\" src=\"https:\/\/cdn3.ivivu.com\/2022\/11\/Ponte-Vecchio-ivivu-261-1024x512.jpg\" alt=\"C\u00e2y c\u1ea7u Ponte Vecchio b\u1eafc ngang s\u00f4ng Arno, bi\u1ec3u t\u01b0\u1ee3ng v\u00e0 ni\u1ec1m t\u1ef1 h\u00e0o c\u1ee7a Florence \u1edf \u00dd.\" width=\"1024\" height=\"512\" srcset=\"https:\/\/cdn3.ivivu.com\/2022\/11\/Ponte-Vecchio-ivivu-261.jpg 1024w, https:\/\/cdn3.ivivu.com\/2022\/11\/Ponte-Vecchio-ivivu-261-540x270.jpg 540w\" sizes=\"(max-width: 1024px) 100vw, 1024px\" \/><\/a><p id=\"caption-attachment-383739\" class=\"wp-caption-text\">C\u00e2y c\u1ea7u Ponte Vecchio b\u1eafc ngang s\u00f4ng Arno, l\u00e0 bi\u1ec3u t\u01b0\u1ee3ng v\u00e0 ni\u1ec1m t\u1ef1 h\u00e0o c\u1ee7a Florence \u1edf \u00dd.<\/p><\/div>\n<p style=\"text-align: justify;\"><strong>Arc de Triomphe \u2013 Kh\u1ea3i Ho\u00e0n M\u00f4n<\/strong><\/p>\n<p style=\"text-align: justify;\">C\u00f4ng tr\u00ecnh n\u00e0y t\u1ecda l\u1ea1c s\u1eebng s\u1eefng tr\u00e1ng l\u1ec7 gi\u1eefa th\u00e0nh ph\u1ed1 v\u1edbi ki\u1ebfn tr\u00fac c\u1ed5ng m\u00e1i v\u00f2m \u0111\u1ed9c \u0111\u00e1o. \u0110\u00e2y l\u00e0 m\u1ed9t c\u00f4ng tr\u00ecnh ki\u1ebfn tr\u00fac bi\u1ec3u t\u01b0\u1ee3ng cho l\u1ecbch s\u1eed n\u01b0\u1edbc Ph\u00e1p, n\u01a1i kh\u1eafc t\u00ean h\u00e0ng tr\u0103m danh t\u01b0\u1edbng c\u1ee7a \u0110\u1ea1i Qu\u00e2n Ph\u00e1p c\u00f3 c\u00f4ng trong c\u00e1c cu\u1ed9c chi\u1ebfn th\u1eddi \u0111\u1ea1i Napoleon.<\/p>\n<div id=\"attachment_383675\" style=\"width: 1034px\" class=\"wp-caption alignnone\"><a href=\"https:\/\/cdn3.ivivu.com\/2022\/11\/Kh\u1ea3i-Ho\u00e0n-M\u00f4n-ivivu-1-@hndonvantour.jpg\"><img loading=\"lazy\" decoding=\"async\" aria-describedby=\"caption-attachment-383675\" class=\"size-large wp-image-383675\" src=\"https:\/\/cdn3.ivivu.com\/2022\/11\/Kh\u1ea3i-Ho\u00e0n-M\u00f4n-ivivu-1-@hndonvantour-1024x1024.jpg\" alt=\"\u1ea2nh: @hndonvantour\" width=\"1024\" height=\"1024\" srcset=\"https:\/\/cdn3.ivivu.com\/2022\/11\/Kh\u1ea3i-Ho\u00e0n-M\u00f4n-ivivu-1-@hndonvantour-1024x1024.jpg 1024w, https:\/\/cdn3.ivivu.com\/2022\/11\/Kh\u1ea3i-Ho\u00e0n-M\u00f4n-ivivu-1-@hndonvantour-305x305.jpg 305w, https:\/\/cdn3.ivivu.com\/2022\/11\/Kh\u1ea3i-Ho\u00e0n-M\u00f4n-ivivu-1-@hndonvantour-75x75.jpg 75w, https:\/\/cdn3.ivivu.com\/2022\/11\/Kh\u1ea3i-Ho\u00e0n-M\u00f4n-ivivu-1-@hndonvantour.jpg 1080w\" sizes=\"(max-width: 1024px) 100vw, 1024px\" \/><\/a><p id=\"caption-attachment-383675\" class=\"wp-caption-text\">\u1ea2nh: @hndonvantour.<\/p><\/div>\n<div id=\"attachment_383677\" style=\"width: 829px\" class=\"wp-caption alignnone\"><a href=\"https:\/\/cdn3.ivivu.com\/2022\/11\/Kh\u1ea3i-Ho\u00e0n-M\u00f4n-ivivu-2-@arcdetriomphe_paris.jpg\"><img loading=\"lazy\" decoding=\"async\" aria-describedby=\"caption-attachment-383677\" class=\"size-large wp-image-383677\" src=\"https:\/\/cdn3.ivivu.com\/2022\/11\/Kh\u1ea3i-Ho\u00e0n-M\u00f4n-ivivu-2-@arcdetriomphe_paris-819x1024.jpg\" alt=\"Ph\u1ea7n m\u00e1i v\u00f2m nh\u00ecn t\u1eeb d\u01b0\u1edbi l\u00ean. \u1ea2nh: @arcdetriomphe_paris\" width=\"819\" height=\"1024\" srcset=\"https:\/\/cdn3.ivivu.com\/2022\/11\/Kh\u1ea3i-Ho\u00e0n-M\u00f4n-ivivu-2-@arcdetriomphe_paris-819x1024.jpg 819w, https:\/\/cdn3.ivivu.com\/2022\/11\/Kh\u1ea3i-Ho\u00e0n-M\u00f4n-ivivu-2-@arcdetriomphe_paris-244x305.jpg 244w, https:\/\/cdn3.ivivu.com\/2022\/11\/Kh\u1ea3i-Ho\u00e0n-M\u00f4n-ivivu-2-@arcdetriomphe_paris.jpg 1080w\" sizes=\"(max-width: 819px) 100vw, 819px\" \/><\/a><p id=\"caption-attachment-383677\" class=\"wp-caption-text\">Ph\u1ea7n m\u00e1i v\u00f2m nh\u00ecn t\u1eeb d\u01b0\u1edbi l\u00ean. \u1ea2nh: @arcdetriomphe_paris.<\/p><\/div>\n<p style=\"text-align: justify;\">Ngay d\u01b0\u1edbi Kh\u1ea3i Ho\u00e0n M\u00f4n, ch\u00ednh l\u00e0 \u0111\u1ea1i l\u1ed9 Champs Elysees. \u0110\u1ea1i l\u1ed9 n\u00e0y l\u00e0 \u0111o\u1ea1n \u0111\u01b0\u1eddng n\u1ed1i li\u1ec1n t\u1eeb Kh\u1ea3i Ho\u00e0n M\u00f4n \u0111\u1ebfn qu\u1ea3ng tr\u01b0\u1eddng Concorde. \u0110\u00e2y c\u0169ng l\u00e0 n\u01a1i t\u1ed5 ch\u1ee9c c\u00e1c s\u1ef1 ki\u1ec7n, l\u1ec5 h\u1ed9i quan tr\u1ecdng c\u1ee7a Paris, nh\u01b0 Duy\u1ec7t binh ng\u00e0y 14 th\u00e1ng 7, ch\u1eb7ng cu\u1ed1i c\u1ee7a cu\u1ed9c \u0111ua xe \u0111\u1ea1p\u00a0Tour de France, \u0111\u1ecba \u0111i\u1ec3m c\u00e1c cu\u1ed9c \u0103n m\u1eebng, ch\u00e0o \u0111\u00f3n n\u0103m m\u1edbi&#8230;<\/p>\n<div id=\"attachment_383680\" style=\"width: 1034px\" class=\"wp-caption alignnone\"><a href=\"https:\/\/cdn3.ivivu.com\/2022\/11\/\u0110\u1ea1i-l\u1ed9-Champs-Elysees-ivivu-3.jpeg\"><img loading=\"lazy\" decoding=\"async\" aria-describedby=\"caption-attachment-383680\" class=\"size-large wp-image-383680\" src=\"https:\/\/cdn3.ivivu.com\/2022\/11\/\u0110\u1ea1i-l\u1ed9-Champs-Elysees-ivivu-3-1024x480.jpeg\" alt=\"\u0110\u1ea1i l\u1ed9 Champs Elysees v\u00f4 c\u00f9ng t\u1ea5p n\u1eadp v\u00e0 nh\u1ed9n nh\u1ecbp.\" width=\"1024\" height=\"480\" srcset=\"https:\/\/cdn3.ivivu.com\/2022\/11\/\u0110\u1ea1i-l\u1ed9-Champs-Elysees-ivivu-3-1024x480.jpeg 1024w, https:\/\/cdn3.ivivu.com\/2022\/11\/\u0110\u1ea1i-l\u1ed9-Champs-Elysees-ivivu-3-540x253.jpeg 540w, https:\/\/cdn3.ivivu.com\/2022\/11\/\u0110\u1ea1i-l\u1ed9-Champs-Elysees-ivivu-3.jpeg 1440w\" sizes=\"(max-width: 1024px) 100vw, 1024px\" \/><\/a><p id=\"caption-attachment-383680\" class=\"wp-caption-text\">\u0110\u1ea1i l\u1ed9 Champs Elysees v\u00f4 c\u00f9ng t\u1ea5p n\u1eadp v\u00e0 nh\u1ed9n nh\u1ecbp.<\/p><\/div>\n<p style=\"text-align: justify;\"><strong>\u0110i\u1ec7n Invalides<\/strong><\/p>\n<p style=\"text-align: justify;\">\u0110\u00e2y l\u00e0 m\u1ed9t t\u1ed5 h\u1ee3p c\u00f4ng tr\u00ecnh ph\u1ee9c t\u1ea1p \u0111\u01b0\u1ee3c vua Louis XIV cho x\u00e2y d\u1ef1ng v\u00e0o cu\u1ed1i th\u1ebf k\u1ef7 17, \u0111\u1ec3 l\u00e0m b\u1ec7nh vi\u1ec7n qu\u00e2n \u0111\u1ed9i ho\u00e0ng gia. Ng\u00e0y nay, Invalides ti\u1ebfp t\u1ee5c duy tr\u00ec m\u1ed9t ph\u1ea7n nh\u1ecf cho ch\u1ee9c n\u0103ng d\u01b0\u1ee1ng \u0111\u01b0\u1eddng qu\u00e2n y, ph\u1ea7n l\u1edbn d\u00e0nh cho b\u1ea3o t\u00e0ng v\u0169 kh\u00ed v\u00e0 l\u0103ng qu\u00e2n \u0111\u1ed9i. \u0110i\u1ec7n Invalides c\u0169ng l\u00e0 n\u01a1i an ngh\u1ec9 c\u1ee7a ho\u00e0ng \u0111\u1ebf Napoleon Bonaparte c\u00f9ng nhi\u1ec1u nh\u00e2n v\u1eadt n\u1ed5i ti\u1ebfng kh\u00e1c nh\u01b0 Vauban, Napoleon II, Turenne,\u2026<\/p>\n<div id=\"attachment_383688\" style=\"width: 1034px\" class=\"wp-caption alignnone\"><a href=\"https:\/\/cdn3.ivivu.com\/2022\/11\/\u0110i\u1ec7n-Invalides-ivivu-5.jpg\"><img loading=\"lazy\" decoding=\"async\" aria-describedby=\"caption-attachment-383688\" class=\"size-large wp-image-383688\" src=\"https:\/\/cdn3.ivivu.com\/2022\/11\/\u0110i\u1ec7n-Invalides-ivivu-5-1024x440.jpg\" alt=\"Qu\u1ea7n th\u1ec3 c\u00f4ng tr\u00ecnh nh\u00ecn bao qu\u00e1t t\u1eeb tr\u00ean cao.\" width=\"1024\" height=\"440\" srcset=\"https:\/\/cdn3.ivivu.com\/2022\/11\/\u0110i\u1ec7n-Invalides-ivivu-5-1024x440.jpg 1024w, https:\/\/cdn3.ivivu.com\/2022\/11\/\u0110i\u1ec7n-Invalides-ivivu-5-540x232.jpg 540w\" sizes=\"(max-width: 1024px) 100vw, 1024px\" \/><\/a><p id=\"caption-attachment-383688\" class=\"wp-caption-text\">Qu\u1ea7n th\u1ec3 c\u00f4ng tr\u00ecnh nh\u00ecn bao qu\u00e1t t\u1eeb tr\u00ean cao.<\/p><\/div>\n<div id=\"attachment_383689\" style=\"width: 1034px\" class=\"wp-caption alignnone\"><a href=\"https:\/\/cdn3.ivivu.com\/2022\/11\/\u0110i\u1ec7n-Invalides-ivivu-4-@_reisesehnsucht_.jpg\"><img loading=\"lazy\" decoding=\"async\" aria-describedby=\"caption-attachment-383689\" class=\"size-large wp-image-383689\" src=\"https:\/\/cdn3.ivivu.com\/2022\/11\/\u0110i\u1ec7n-Invalides-ivivu-4-@_reisesehnsucht_-1024x768.jpg\" alt=\"\u1ea2nh: @_reisesehnsucht_\" width=\"1024\" height=\"768\" srcset=\"https:\/\/cdn3.ivivu.com\/2022\/11\/\u0110i\u1ec7n-Invalides-ivivu-4-@_reisesehnsucht_-1024x768.jpg 1024w, https:\/\/cdn3.ivivu.com\/2022\/11\/\u0110i\u1ec7n-Invalides-ivivu-4-@_reisesehnsucht_-407x305.jpg 407w, https:\/\/cdn3.ivivu.com\/2022\/11\/\u0110i\u1ec7n-Invalides-ivivu-4-@_reisesehnsucht_.jpg 1080w\" sizes=\"(max-width: 1024px) 100vw, 1024px\" \/><\/a><p id=\"caption-attachment-383689\" class=\"wp-caption-text\">\u1ea2nh: @_reisesehnsucht_.<\/p><\/div>\n<p style=\"text-align: justify;\"><strong>\u0110\u1ed3i Montmartre v\u00e0 v\u01b0\u01a1ng cung th\u00e1nh \u0111\u01b0\u1eddng Sacr\u00e9-Coeur<\/strong><\/p>\n<p style=\"text-align: justify;\">Ng\u1ecdn \u0111\u1ed3i l\u1edbn cao kho\u1ea3ng 130m v\u00e0 l\u00e0 n\u01a1i c\u01b0 ng\u1ee5 c\u1ee7a c\u1ea3 khu ph\u1ed1, khu ph\u1ed1 n\u00e0y c\u0169ng \u0111\u01b0\u1ee3c g\u1ecdi t\u00ean Montmartre theo ng\u1ecdn \u0111\u1ed3i. \u0110\u1ed3i Montmartre c\u00f3 nhi\u1ec1u c\u1ea3nh quan si\u00eau \u0111\u1eb9p v\u00e0 nhi\u1ec1u n\u01a1i \u0111\u1ec3 v\u00e3n c\u1ea3nh. C\u00f3 th\u1ec3 k\u1ec3 \u0111\u1ebfn nh\u01b0: V\u01b0\u01a1ng cung th\u00e1nh \u0111\u01b0\u1eddng Sacr\u00e9-Coeur, qu\u1ea3ng tr\u01b0\u1eddng Tertre.<\/p>\n<div id=\"attachment_383694\" style=\"width: 1034px\" class=\"wp-caption alignnone\"><a href=\"https:\/\/cdn3.ivivu.com\/2022\/11\/\u0110\u1ed3i-Montmartre-ivivu-6.jpg\"><img loading=\"lazy\" decoding=\"async\" aria-describedby=\"caption-attachment-383694\" class=\"size-large wp-image-383694\" src=\"https:\/\/cdn3.ivivu.com\/2022\/11\/\u0110\u1ed3i-Montmartre-ivivu-6-1024x720.jpg\" alt=\"Th\u00e1nh \u0111\u01b0\u1eddng Sacr\u00e9-Coeur tr\u00ean \u0111\u1ed3i Montmartre.\" width=\"1024\" height=\"720\" srcset=\"https:\/\/cdn3.ivivu.com\/2022\/11\/\u0110\u1ed3i-Montmartre-ivivu-6-1024x720.jpg 1024w, https:\/\/cdn3.ivivu.com\/2022\/11\/\u0110\u1ed3i-Montmartre-ivivu-6-434x305.jpg 434w, https:\/\/cdn3.ivivu.com\/2022\/11\/\u0110\u1ed3i-Montmartre-ivivu-6-50x35.jpg 50w\" sizes=\"(max-width: 1024px) 100vw, 1024px\" \/><\/a><p id=\"caption-attachment-383694\" class=\"wp-caption-text\">Th\u00e1nh \u0111\u01b0\u1eddng Sacr\u00e9-Coeur tr\u00ean \u0111\u1ed3i Montmartre.<\/p><\/div>\n<p style=\"text-align: justify;\">Th\u00e1nh \u0111\u01b0\u1eddng Sacr\u00e9-Coeur c\u1ed5 k\u00ednh \u0111\u01b0\u1ee3c x\u00e2y d\u1ef1ng cu\u1ed1i th\u1ebf k\u1ef7 19 n\u1ed5i b\u1eadt v\u1edbi m\u00e0u tr\u1eafng tinh kh\u00f4i, sang tr\u1ecdng. \u0110\u1eb7c bi\u1ec7t, th\u00e1p chu\u00f4ng c\u1ee7a th\u00e1nh \u0111\u01b0\u1eddng c\u00f3 qu\u1ea3 chu\u00f4ng Savoyarde \u0111\u01b0\u1ee3c xem l\u00e0 l\u1edbn nh\u1ea5t n\u01b0\u1edbc Ph\u00e1p. T\u1eeb v\u1ecb tr\u00ed n\u00e0y, du kh\u00e1ch c\u00f3 th\u1ec3 chi\u00eam ng\u01b0\u1ee1ng to\u00e0n b\u1ed9 khung c\u1ea3nh Paris quy\u1ebfn r\u0169 v\u00e0 h\u00e0o nho\u00e1ng b\u00ean d\u01b0\u1edbi.<\/p>\n<p style=\"text-align: justify;\"><a href=\"https:\/\/cdn3.ivivu.com\/2022\/11\/\u0110\u1ed3i-Montmartre-ivivu-7.gif\"><img loading=\"lazy\" decoding=\"async\" class=\"alignnone size-full wp-image-383702\" src=\"https:\/\/cdn3.ivivu.com\/2022\/11\/\u0110\u1ed3i-Montmartre-ivivu-7.gif\" alt=\"\u0110\u1ed3i Montmartre ivivu 7\" width=\"710\" height=\"399\" \/><\/a><\/p>\n<p style=\"text-align: justify;\"><strong>Th\u00e1p Eiffel<\/strong><\/p>\n<p style=\"text-align: justify;\">C\u00f4ng tr\u00ecnh bi\u1ec3u t\u01b0\u1ee3ng, h\u00ecnh \u1ea3nh \u0111\u1ea1i di\u1ec7n cho Paris n\u00f3i ri\u00eang v\u00e0 n\u01b0\u1edbc Ph\u00e1p n\u00f3i chung. C\u00f4ng tr\u00ecnh n\u00e0y \u0111\u00e3 qu\u00e1 quen thu\u1ed9c v\u1edbi b\u1ea5t c\u1ee9 ai d\u00f9 b\u1ea1n \u0111\u00e3 \u0111\u1ebfn v\u1edbi n\u01b0\u1edbc Ph\u00e1p hay ch\u01b0a. C\u00f4ng tr\u00ecnh n\u00e0y ho\u00e0n to\u00e0n b\u1eb1ng th\u00e9p, t\u1ecda l\u1ea1c b\u00ean b\u1edd s\u00f4ng Seine. B\u1ea1n s\u1ebd cho\u00e1ng ng\u1ee3p b\u1edfi \u0111\u1ed9 l\u1ed9ng l\u1eaby khi chi\u00eam ng\u01b0\u1ee1ng th\u00e1p Eiffel b\u1eb1ng m\u1eaft \u1edf ngo\u00e0i \u0111\u1eddi.<\/p>\n<p style=\"text-align: justify;\"><a href=\"https:\/\/cdn3.ivivu.com\/2022\/11\/Th\u00e1p-Eiffel-ivivu-7.jpg\"><img loading=\"lazy\" decoding=\"async\" class=\"alignnone size-large wp-image-383703\" src=\"https:\/\/cdn3.ivivu.com\/2022\/11\/Th\u00e1p-Eiffel-ivivu-7-1024x691.jpg\" alt=\"Th\u00e1p Eiffel ivivu 7\" width=\"1024\" height=\"691\" srcset=\"https:\/\/cdn3.ivivu.com\/2022\/11\/Th\u00e1p-Eiffel-ivivu-7-1024x691.jpg 1024w, https:\/\/cdn3.ivivu.com\/2022\/11\/Th\u00e1p-Eiffel-ivivu-7-452x305.jpg 452w, https:\/\/cdn3.ivivu.com\/2022\/11\/Th\u00e1p-Eiffel-ivivu-7-50x35.jpg 50w, https:\/\/cdn3.ivivu.com\/2022\/11\/Th\u00e1p-Eiffel-ivivu-7.jpg 1600w\" sizes=\"(max-width: 1024px) 100vw, 1024px\" \/><\/a><\/p>\n<p style=\"text-align: justify;\"><strong>Vi\u1ec7n b\u1ea3o t\u00e0ng Louvre<\/strong><\/p>\n<p style=\"text-align: justify;\">Louvre v\u1ed1n l\u00e0 m\u1ed9t ph\u00e1o \u0111\u00e0i \u0111\u01b0\u1ee3c vua\u00a0Philippe Auguste\u00a0cho x\u00e2y d\u1ef1ng v\u00e0o n\u0103m 1190. Cu\u1ed1i th\u1ebf k\u1ef7 XIV, d\u01b0\u1edbi th\u1eddi\u00a0Charles V, n\u01a1i \u0111\u00e2y tr\u1edf th\u00e0nh\u00a0cung \u0111i\u1ec7n ho\u00e0ng gia. T\u1eeb n\u0103m 1672, khi tri\u1ec1u \u0111\u00ecnh Ph\u00e1p chuy\u1ec3n v\u1ec1\u00a0l\u00e2u \u0111\u00e0i Versailles, b\u1ed9 s\u01b0u t\u1eadp ho\u00e0ng gia \u0111\u01b0\u1ee3c l\u01b0u tr\u1eef t\u1ea1i Louvre.\u00a0Th\u1eddi k\u1ef3 c\u00e1ch m\u1ea1ng Ph\u00e1p, Lourve tr\u1edf th\u00e0nh b\u1ea3o t\u00e0ng, m\u1edf c\u1eeda ch\u00ednh th\u1ee9c v\u00e0o ng\u00e0y 10 th\u00e1ng 8 n\u0103m 1793.<\/p>\n<p style=\"text-align: justify;\"><a href=\"https:\/\/cdn3.ivivu.com\/2022\/11\/Vi\u1ec7n-b\u1ea3o-t\u00e0ng-Louvre-ivivu-9.jpg\"><img loading=\"lazy\" decoding=\"async\" class=\"alignnone size-large wp-image-383705\" src=\"https:\/\/cdn3.ivivu.com\/2022\/11\/Vi\u1ec7n-b\u1ea3o-t\u00e0ng-Louvre-ivivu-9-1024x682.jpg\" alt=\"Vi\u1ec7n b\u1ea3o t\u00e0ng Louvre ivivu 9\" width=\"1024\" height=\"682\" srcset=\"https:\/\/cdn3.ivivu.com\/2022\/11\/Vi\u1ec7n-b\u1ea3o-t\u00e0ng-Louvre-ivivu-9-1024x682.jpg 1024w, https:\/\/cdn3.ivivu.com\/2022\/11\/Vi\u1ec7n-b\u1ea3o-t\u00e0ng-Louvre-ivivu-9-458x305.jpg 458w\" sizes=\"(max-width: 1024px) 100vw, 1024px\" \/><\/a><\/p>\n<div id=\"attachment_383706\" style=\"width: 829px\" class=\"wp-caption alignnone\"><a href=\"https:\/\/cdn3.ivivu.com\/2022\/11\/Vi\u1ec7n-b\u1ea3o-t\u00e0ng-Louvre-ivivu-8-@roniel_yuri.jpg\"><img loading=\"lazy\" decoding=\"async\" aria-describedby=\"caption-attachment-383706\" class=\"size-large wp-image-383706\" src=\"https:\/\/cdn3.ivivu.com\/2022\/11\/Vi\u1ec7n-b\u1ea3o-t\u00e0ng-Louvre-ivivu-8-@roniel_yuri-819x1024.jpg\" alt=\"\u1ea2nh: @roniel_yuri\" width=\"819\" height=\"1024\" srcset=\"https:\/\/cdn3.ivivu.com\/2022\/11\/Vi\u1ec7n-b\u1ea3o-t\u00e0ng-Louvre-ivivu-8-@roniel_yuri-819x1024.jpg 819w, https:\/\/cdn3.ivivu.com\/2022\/11\/Vi\u1ec7n-b\u1ea3o-t\u00e0ng-Louvre-ivivu-8-@roniel_yuri-244x305.jpg 244w, https:\/\/cdn3.ivivu.com\/2022\/11\/Vi\u1ec7n-b\u1ea3o-t\u00e0ng-Louvre-ivivu-8-@roniel_yuri.jpg 1080w\" sizes=\"(max-width: 819px) 100vw, 819px\" \/><\/a><p id=\"caption-attachment-383706\" class=\"wp-caption-text\">\u1ea2nh: @roniel_yuri.<\/p><\/div>\n<p style=\"text-align: justify;\">Ngo\u00e0i c\u00e1c hi\u1ec7n v\u1eadt v\u1ec1 nh\u1eefng n\u1ec1n v\u0103n minh c\u1ed5, ngh\u1ec7 thu\u1eadt H\u1ed3i gi\u00e1o v\u00e0 ngh\u1ec7 thu\u1eadt ch\u00e2u \u00c2u t\u1eeb th\u1ebf k\u1ef7 XIII cho t\u1edbi gi\u1eefa th\u1ebf k\u1ef7 XIX, vi\u1ec7n b\u1ea3o t\u00e0ng Louvre c\u00f2n n\u1ed5i ti\u1ebfng l\u00e0 n\u01a1i tr\u01b0ng b\u00e0y c\u00e1c t\u00e1c ph\u1ea9m ngh\u1ec7 thu\u1eadt tuy\u1ec7t t\u00e1c b\u1eadc nh\u1ea5t c\u1ee7a th\u1ebf gi\u1edbi nh\u01b0 b\u1ee9c tranh n\u00e0ng Mona Lisa.<\/p>\n<div id=\"attachment_383707\" style=\"width: 804px\" class=\"wp-caption alignnone\"><a href=\"https:\/\/cdn3.ivivu.com\/2022\/11\/Vi\u1ec7n-b\u1ea3o-t\u00e0ng-Louvre-ivivu-10.jpg\"><img loading=\"lazy\" decoding=\"async\" aria-describedby=\"caption-attachment-383707\" class=\"size-full wp-image-383707\" src=\"https:\/\/cdn3.ivivu.com\/2022\/11\/Vi\u1ec7n-b\u1ea3o-t\u00e0ng-Louvre-ivivu-10.jpg\" alt=\"B\u1ee9c tranh n\u00e0ng Mona Lisa \u0111\u01b0\u1ee3c treo trong vi\u1ec7n b\u1ea3o t\u00e0ng Lourve.\" width=\"794\" height=\"992\" srcset=\"https:\/\/cdn3.ivivu.com\/2022\/11\/Vi\u1ec7n-b\u1ea3o-t\u00e0ng-Louvre-ivivu-10.jpg 794w, https:\/\/cdn3.ivivu.com\/2022\/11\/Vi\u1ec7n-b\u1ea3o-t\u00e0ng-Louvre-ivivu-10-244x305.jpg 244w\" sizes=\"(max-width: 794px) 100vw, 794px\" \/><\/a><p id=\"caption-attachment-383707\" class=\"wp-caption-text\">B\u1ee9c tranh n\u00e0ng Mona Lisa \u0111\u01b0\u1ee3c treo trong vi\u1ec7n b\u1ea3o t\u00e0ng Lourve.<\/p><\/div>\n<p style=\"text-align: justify;\"><strong>Nh\u00e0 th\u1edd Notre Dame<\/strong><\/p>\n<p style=\"text-align: justify;\">Nh\u00e0 th\u1edd ch\u00ednh t\u00f2a v\u00e0 c\u00f2n c\u00f3 t\u00ean ti\u1ebfng Vi\u1ec7t l\u00e0 nh\u00e0 th\u1edd \u0110\u1ee9c B\u00e0 Paris. Nh\u00e0 th\u1edd t\u1ecda l\u1ea1c tr\u00ean \u0111\u1ea3o \u00cele de la Cit\u00e9, n\u1eb1m gi\u1eefa d\u00f2ng s\u00f4ng Sein th\u01a1 m\u1ed9ng. \u0110\u1ec3 ho\u00e0n th\u00e0nh ki\u1ec7t t\u00e1c ki\u1ebfn tr\u00fac ngh\u1ec7 thu\u1eadt n\u00e0y, c\u00e1c ki\u1ebfn tr\u00fac s\u01b0 ph\u1ea3i m\u1ea5t h\u01a1n b\u1ed1n th\u1ebf k\u1ef7. Nh\u00e0 th\u1edd \u0111\u01b0\u1ee3c x\u00e2y d\u1ef1ng ho\u00e0n to\u00e0n b\u1eb1ng \u0111\u00e1 sa th\u1ea1ch h\u1ed3ng c\u1ee7a Voges.<\/p>\n<div id=\"attachment_383713\" style=\"width: 1034px\" class=\"wp-caption alignnone\"><a href=\"https:\/\/cdn3.ivivu.com\/2022\/11\/Nh\u00e0-th\u1edd-Notre-Dame-ivivu-13.jpg\"><img loading=\"lazy\" decoding=\"async\" aria-describedby=\"caption-attachment-383713\" class=\"size-large wp-image-383713\" src=\"https:\/\/cdn3.ivivu.com\/2022\/11\/Nh\u00e0-th\u1edd-Notre-Dame-ivivu-13-1024x576.jpg\" alt=\"M\u1eb7t ph\u00eda tr\u01b0\u1edbc nh\u00e0 th\u1edd.\" width=\"1024\" height=\"576\" srcset=\"https:\/\/cdn3.ivivu.com\/2022\/11\/Nh\u00e0-th\u1edd-Notre-Dame-ivivu-13-1024x576.jpg 1024w, https:\/\/cdn3.ivivu.com\/2022\/11\/Nh\u00e0-th\u1edd-Notre-Dame-ivivu-13-250x142.jpg 250w, https:\/\/cdn3.ivivu.com\/2022\/11\/Nh\u00e0-th\u1edd-Notre-Dame-ivivu-13-540x305.jpg 540w, https:\/\/cdn3.ivivu.com\/2022\/11\/Nh\u00e0-th\u1edd-Notre-Dame-ivivu-13-750x422.jpg 750w, https:\/\/cdn3.ivivu.com\/2022\/11\/Nh\u00e0-th\u1edd-Notre-Dame-ivivu-13-225x127.jpg 225w, https:\/\/cdn3.ivivu.com\/2022\/11\/Nh\u00e0-th\u1edd-Notre-Dame-ivivu-13-370x208.jpg 370w, https:\/\/cdn3.ivivu.com\/2022\/11\/Nh\u00e0-th\u1edd-Notre-Dame-ivivu-13-50x28.jpg 50w, https:\/\/cdn3.ivivu.com\/2022\/11\/Nh\u00e0-th\u1edd-Notre-Dame-ivivu-13-107x60.jpg 107w, https:\/\/cdn3.ivivu.com\/2022\/11\/Nh\u00e0-th\u1edd-Notre-Dame-ivivu-13-195x110.jpg 195w, https:\/\/cdn3.ivivu.com\/2022\/11\/Nh\u00e0-th\u1edd-Notre-Dame-ivivu-13-220x125.jpg 220w, https:\/\/cdn3.ivivu.com\/2022\/11\/Nh\u00e0-th\u1edd-Notre-Dame-ivivu-13-400x225.jpg 400w, https:\/\/cdn3.ivivu.com\/2022\/11\/Nh\u00e0-th\u1edd-Notre-Dame-ivivu-13-140x80.jpg 140w, https:\/\/cdn3.ivivu.com\/2022\/11\/Nh\u00e0-th\u1edd-Notre-Dame-ivivu-13.jpg 1200w\" sizes=\"(max-width: 1024px) 100vw, 1024px\" \/><\/a><p id=\"caption-attachment-383713\" class=\"wp-caption-text\">M\u1eb7t ph\u00eda tr\u01b0\u1edbc nh\u00e0 th\u1edd.<\/p><\/div>\n<div id=\"attachment_383714\" style=\"width: 1034px\" class=\"wp-caption alignnone\"><a href=\"https:\/\/cdn3.ivivu.com\/2022\/11\/Nh\u00e0-th\u1edd-Notre-Dame-ivivu-12.jpg\"><img loading=\"lazy\" decoding=\"async\" aria-describedby=\"caption-attachment-383714\" class=\"size-large wp-image-383714\" src=\"https:\/\/cdn3.ivivu.com\/2022\/11\/Nh\u00e0-th\u1edd-Notre-Dame-ivivu-12-1024x683.jpg\" alt=\"M\u1eb7t nh\u00ecn t\u1eeb b\u00ean h\u00f4ng nh\u00e0 th\u1edd.\" width=\"1024\" height=\"683\" srcset=\"https:\/\/cdn3.ivivu.com\/2022\/11\/Nh\u00e0-th\u1edd-Notre-Dame-ivivu-12-1024x683.jpg 1024w, https:\/\/cdn3.ivivu.com\/2022\/11\/Nh\u00e0-th\u1edd-Notre-Dame-ivivu-12-457x305.jpg 457w, https:\/\/cdn3.ivivu.com\/2022\/11\/Nh\u00e0-th\u1edd-Notre-Dame-ivivu-12.jpg 1600w\" sizes=\"(max-width: 1024px) 100vw, 1024px\" \/><\/a><p id=\"caption-attachment-383714\" class=\"wp-caption-text\">M\u1eb7t nh\u00ecn t\u1eeb b\u00ean h\u00f4ng nh\u00e0 th\u1edd.<\/p><\/div>\n<p style=\"text-align: justify;\"><strong>Khu ph\u1ed1 c\u1ed5 La Petite France \u1edf Strasbourg<br \/>\n<\/strong><\/p>\n<p style=\"text-align: justify;\">M\u1ed9t l\u00e0ng qu\u00ea \u1edf Ph\u00e1p\u00a0mang thi\u00ean h\u01b0\u1edbng th\u1eddi trung c\u1ed5 v\u1edbi nh\u1eefng ng\u00f4i nh\u00e0 g\u1ed7 ven k\u00eanh \u0111\u00e0o. Ng\u00f4i l\u00e0ng\u00a0khi\u1ebfn cho b\u1ea1n b\u1ecb cho\u00e1ng ng\u1ee3p b\u1edfi s\u1ef1 \u0111a d\u1ea1ng c\u1ee7a ki\u1ebfn tr\u00fac, mang v\u0103n h\u00f3a v\u00e0 phong c\u00e1ch Ph\u00e1p t\u1eeb c\u1ed5 k\u00ednh cho \u0111\u1ebfn hi\u1ec7n \u0111\u1ea1i v\u1edbi nh\u1eefng t\u00f2a nh\u00e0 khu v\u01b0\u1eddn c\u00e2y xinh \u0111\u1eb9p n\u1eb1m tr\u1ecdn tr\u00ean m\u1ed9t ng\u1ecdn \u0111\u1ed3i, \u0111\u00e2y l\u00e0 \u0111\u1ecba \u0111i\u1ec3m khi \u0111\u1ebfn du l\u1ecbch Strasbourg \u0111\u01b0\u1ee3c nhi\u1ec1u du kh\u00e1ch y\u00eau th\u00edch.<\/p>\n<p style=\"text-align: justify;\"><a href=\"https:\/\/cdn3.ivivu.com\/2022\/11\/Strasbourg-ivivu-11.jpg\"><img loading=\"lazy\" decoding=\"async\" class=\"alignnone size-large wp-image-383710\" src=\"https:\/\/cdn3.ivivu.com\/2022\/11\/Strasbourg-ivivu-11-1024x682.jpg\" alt=\"Strasbourg ivivu 11\" width=\"1024\" height=\"682\" srcset=\"https:\/\/cdn3.ivivu.com\/2022\/11\/Strasbourg-ivivu-11-1024x682.jpg 1024w, https:\/\/cdn3.ivivu.com\/2022\/11\/Strasbourg-ivivu-11-458x305.jpg 458w, https:\/\/cdn3.ivivu.com\/2022\/11\/Strasbourg-ivivu-11.jpg 1600w\" sizes=\"(max-width: 1024px) 100vw, 1024px\" \/><\/a><\/p>\n<p style=\"text-align: justify;\"><strong>Th\u00e1c Rhine<\/strong><\/p>\n<p style=\"text-align: justify;\">M\u1ed9t trong nh\u1eefng th\u00e1c n\u01b0\u1edbc l\u1edbn nh\u1ea5t Th\u1ee5y S\u0129 n\u00f3i ri\u00eang v\u00e0 ch\u00e2u \u00c2u n\u00f3i chung, t\u1ecda l\u1ea1c t\u1ea1i khu v\u1ef1c bi\u00ean gi\u1edbi gi\u1eefa Schaffhausen v\u00e0 Zurich. B\u1ea1n s\u1ebd b\u1ecb cho\u00e1ng ng\u1ee3p b\u1edfi s\u1ef1 h\u00f9ng v\u0129 nh\u01b0ng c\u0169ng kh\u00f4ng k\u00e9m ph\u1ea7n th\u01a1 m\u1ed9ng c\u1ee7a th\u00e1c n\u01b0\u1edbc n\u00e0y v\u00e0 c\u1ee7a c\u1ea3nh quan hai b\u00ean b\u1edd th\u00e1c.<\/p>\n<p style=\"text-align: justify;\"><a href=\"https:\/\/cdn3.ivivu.com\/2022\/11\/Th\u00e1c-Rhine-ivivu-14.jpg\"><img loading=\"lazy\" decoding=\"async\" class=\"alignnone size-large wp-image-383719\" src=\"https:\/\/cdn3.ivivu.com\/2022\/11\/Th\u00e1c-Rhine-ivivu-14-1024x682.jpg\" alt=\"Th\u00e1c Rhine ivivu 14\" width=\"1024\" height=\"682\" srcset=\"https:\/\/cdn3.ivivu.com\/2022\/11\/Th\u00e1c-Rhine-ivivu-14-1024x682.jpg 1024w, https:\/\/cdn3.ivivu.com\/2022\/11\/Th\u00e1c-Rhine-ivivu-14-458x305.jpg 458w\" sizes=\"(max-width: 1024px) 100vw, 1024px\" \/><\/a><\/p>\n<p style=\"text-align: justify;\"><strong>C\u1ea7u Chapel v\u00e0 h\u1ed3 Lucern<\/strong><\/p>\n<p style=\"text-align: justify;\">H\u1ed3 Lucern l\u00e0 m\u1ed9t trong b\u1ed1n h\u1ed3 n\u01b0\u1edbc l\u1edbn v\u00e0 \u0111\u1eb9p nh\u1ea5t c\u1ee7a Th\u1ee5y S\u0129. B\u1ea1n c\u00f3 th\u1ec3 th\u1ea3 h\u1ed3n ng\u1eafm nh\u00ecn \u0111\u00e0n thi\u00ean nga \u0111ang th\u1ea3 m\u00ecnh tr\u00ean m\u1eb7t h\u1ed3 t\u1ea1i c\u00e2y c\u1ea7u Chapel n\u1ed5i ti\u1ebfng. C\u00e2y c\u1ea7u Chapel n\u00e0y \u0111\u01b0\u1ee3c xem l\u00e0 bi\u1ec3u t\u01b0\u1ee3ng c\u1ee7a th\u00e0nh ph\u1ed1 trung c\u1ed5 Lucern, v\u1edbi ki\u1ebfn tr\u00fac b\u1eb1ng g\u1ed7 v\u00e0 m\u00e1i che \u0111\u1eb7c tr\u01b0ng, n\u1ed1i li\u1ec1n hai b\u1edd ph\u1ed1 c\u1ed5 v\u00e0 khu ph\u1ed1 m\u1edbi c\u1ee7a th\u00e0nh ph\u1ed1. C\u00e2y c\u1ea7u c\u00f3 ngu\u1ed3n g\u1ed1c t\u1eeb t\u1eadn th\u1ebf k\u1ef7 14.<\/p>\n<div id=\"attachment_383722\" style=\"width: 1034px\" class=\"wp-caption alignnone\"><a href=\"https:\/\/cdn3.ivivu.com\/2022\/11\/C\u00e2y-c\u1ea7u-Chapel-ivivu-15.jpg\"><img loading=\"lazy\" decoding=\"async\" aria-describedby=\"caption-attachment-383722\" class=\"size-large wp-image-383722\" src=\"https:\/\/cdn3.ivivu.com\/2022\/11\/C\u00e2y-c\u1ea7u-Chapel-ivivu-15-1024x438.jpg\" alt=\"C\u00e2y c\u1ea7u Chapel\" width=\"1024\" height=\"438\" srcset=\"https:\/\/cdn3.ivivu.com\/2022\/11\/C\u00e2y-c\u1ea7u-Chapel-ivivu-15-1024x438.jpg 1024w, https:\/\/cdn3.ivivu.com\/2022\/11\/C\u00e2y-c\u1ea7u-Chapel-ivivu-15-540x231.jpg 540w, https:\/\/cdn3.ivivu.com\/2022\/11\/C\u00e2y-c\u1ea7u-Chapel-ivivu-15.jpg 1920w\" sizes=\"(max-width: 1024px) 100vw, 1024px\" \/><\/a><p id=\"caption-attachment-383722\" class=\"wp-caption-text\">C\u00e2y c\u1ea7u Chapel.<\/p><\/div>\n<div id=\"attachment_383723\" style=\"width: 1034px\" class=\"wp-caption alignnone\"><a href=\"https:\/\/cdn3.ivivu.com\/2022\/11\/H\u1ed3-Lucern-ivivu-16.jpg\"><img loading=\"lazy\" decoding=\"async\" aria-describedby=\"caption-attachment-383723\" class=\"size-large wp-image-383723\" src=\"https:\/\/cdn3.ivivu.com\/2022\/11\/H\u1ed3-Lucern-ivivu-16-1024x577.jpg\" alt=\"B\u1ea7y thi\u00ean nga \u0111ang b\u01a1i tr\u00ean h\u1ed3 Lucern.\" width=\"1024\" height=\"577\" srcset=\"https:\/\/cdn3.ivivu.com\/2022\/11\/H\u1ed3-Lucern-ivivu-16-1024x577.jpg 1024w, https:\/\/cdn3.ivivu.com\/2022\/11\/H\u1ed3-Lucern-ivivu-16-250x142.jpg 250w, https:\/\/cdn3.ivivu.com\/2022\/11\/H\u1ed3-Lucern-ivivu-16-540x305.jpg 540w, https:\/\/cdn3.ivivu.com\/2022\/11\/H\u1ed3-Lucern-ivivu-16-750x422.jpg 750w, https:\/\/cdn3.ivivu.com\/2022\/11\/H\u1ed3-Lucern-ivivu-16-225x127.jpg 225w, https:\/\/cdn3.ivivu.com\/2022\/11\/H\u1ed3-Lucern-ivivu-16-370x208.jpg 370w, https:\/\/cdn3.ivivu.com\/2022\/11\/H\u1ed3-Lucern-ivivu-16-50x28.jpg 50w, https:\/\/cdn3.ivivu.com\/2022\/11\/H\u1ed3-Lucern-ivivu-16-107x60.jpg 107w, https:\/\/cdn3.ivivu.com\/2022\/11\/H\u1ed3-Lucern-ivivu-16-195x110.jpg 195w, https:\/\/cdn3.ivivu.com\/2022\/11\/H\u1ed3-Lucern-ivivu-16-220x125.jpg 220w, https:\/\/cdn3.ivivu.com\/2022\/11\/H\u1ed3-Lucern-ivivu-16-400x225.jpg 400w, https:\/\/cdn3.ivivu.com\/2022\/11\/H\u1ed3-Lucern-ivivu-16-140x80.jpg 140w, https:\/\/cdn3.ivivu.com\/2022\/11\/H\u1ed3-Lucern-ivivu-16.jpg 1419w\" sizes=\"(max-width: 1024px) 100vw, 1024px\" \/><\/a><p id=\"caption-attachment-383723\" class=\"wp-caption-text\">B\u1ea7y thi\u00ean nga \u0111ang b\u01a1i tr\u00ean h\u1ed3 Lucern.<\/p><\/div>\n<p style=\"text-align: justify;\"><strong>Th\u1ecb tr\u1ea5n Zermatt<\/strong><\/p>\n<p style=\"text-align: justify;\">Th\u1ecb tr\u1ea5n s\u01a1n c\u01b0\u1edbc bi\u1ec7t l\u1eadp v\u00e0 quy\u1ebfn r\u0169 v\u00f9ng n\u00fai Alps, Th\u1ee5y S\u0129, n\u1eb1m \u1edf \u0111\u1ed9 cao 1.600m so v\u1edbi m\u1ef1c n\u01b0\u1edbc bi\u1ec3n. B\u1ea1n s\u1ebd kh\u00f4ng kh\u1ecfi ng\u1ea1c nhi\u00ean v\u1edbi khung c\u1ea3nh tuy\u1ec7t v\u1eddi \u0111ang hi\u1ec7n ra tr\u01b0\u1edbc m\u1eaft v\u1edbi nh\u1eefng ng\u00f4i nh\u00e0 g\u1ed7 \u1ea9n m\u00ecnh xen k\u1ebd trong nh\u1eefng d\u00e3y r\u1eebng th\u00f4ng b\u1ea1t ng\u00e0n b\u00ean c\u1ea1nh nh\u1eefng m\u1ecfm \u0111\u00e1 tuy\u1ebft tr\u1eafng x\u00f3a, khi\u1ebfn cho du kh\u00e1ch c\u00f3 c\u1ea3m gi\u00e1c nh\u01b0 l\u1ea1c v\u00e0o x\u1ee9 s\u1edf th\u1ea7n ti\u00ean.<\/p>\n<p style=\"text-align: justify;\"><a href=\"https:\/\/cdn3.ivivu.com\/2022\/11\/Th\u1ecb-tr\u1ea5n-Zermatt-ivivu-17.jpg\"><img loading=\"lazy\" decoding=\"async\" class=\"alignnone size-large wp-image-383724\" src=\"https:\/\/cdn3.ivivu.com\/2022\/11\/Th\u1ecb-tr\u1ea5n-Zermatt-ivivu-17-1024x576.jpg\" alt=\"Th\u1ecb tr\u1ea5n Zermatt ivivu 17\" width=\"1024\" height=\"576\" srcset=\"https:\/\/cdn3.ivivu.com\/2022\/11\/Th\u1ecb-tr\u1ea5n-Zermatt-ivivu-17-1024x576.jpg 1024w, https:\/\/cdn3.ivivu.com\/2022\/11\/Th\u1ecb-tr\u1ea5n-Zermatt-ivivu-17-250x142.jpg 250w, https:\/\/cdn3.ivivu.com\/2022\/11\/Th\u1ecb-tr\u1ea5n-Zermatt-ivivu-17-540x305.jpg 540w, https:\/\/cdn3.ivivu.com\/2022\/11\/Th\u1ecb-tr\u1ea5n-Zermatt-ivivu-17-750x422.jpg 750w, https:\/\/cdn3.ivivu.com\/2022\/11\/Th\u1ecb-tr\u1ea5n-Zermatt-ivivu-17-225x127.jpg 225w, https:\/\/cdn3.ivivu.com\/2022\/11\/Th\u1ecb-tr\u1ea5n-Zermatt-ivivu-17-370x208.jpg 370w, https:\/\/cdn3.ivivu.com\/2022\/11\/Th\u1ecb-tr\u1ea5n-Zermatt-ivivu-17-50x28.jpg 50w, https:\/\/cdn3.ivivu.com\/2022\/11\/Th\u1ecb-tr\u1ea5n-Zermatt-ivivu-17-107x60.jpg 107w, https:\/\/cdn3.ivivu.com\/2022\/11\/Th\u1ecb-tr\u1ea5n-Zermatt-ivivu-17-195x110.jpg 195w, https:\/\/cdn3.ivivu.com\/2022\/11\/Th\u1ecb-tr\u1ea5n-Zermatt-ivivu-17-220x125.jpg 220w, https:\/\/cdn3.ivivu.com\/2022\/11\/Th\u1ecb-tr\u1ea5n-Zermatt-ivivu-17-400x225.jpg 400w, https:\/\/cdn3.ivivu.com\/2022\/11\/Th\u1ecb-tr\u1ea5n-Zermatt-ivivu-17-140x80.jpg 140w\" sizes=\"(max-width: 1024px) 100vw, 1024px\" \/><\/a><\/p>\n<p style=\"text-align: justify;\"><strong>Ph\u00e1o \u0111\u00e0i\u00a0Sforzesco<\/strong><\/p>\n<p style=\"text-align: justify;\">L\u00e2u \u0111\u00e0i \u0111\u01b0\u1ee3c x\u00e2y d\u1ef1ng v\u00e0o th\u1ebf k\u1ef7 14 b\u1edfi B\u00e1 t\u01b0\u1edbc Sforza, sau \u0111\u00f3 tr\u1edf th\u00e0nh n\u01a1i \u1edf c\u1ee7a \u0111\u1ea1i gia \u0111\u00ecnh Sforza, ch\u1ee9ng ki\u1ebfn to\u00e0n b\u1ed9 qu\u00e1 tr\u00ecnh t\u1eeb th\u1eddi ho\u00e0ng kim \u0111\u1ebfn suy t\u00e0n c\u1ee7a gia t\u1ed9c n\u00e0y. L\u00e2u \u0111\u00e0i n\u00e0y \u0111\u01b0\u1ee3c thi\u1ebft k\u1ebf theo c\u1ea5u tr\u00fac c\u1ee7a m\u1ed9t ph\u00e1o \u0111\u00e0i v\u00e0 hi\u1ec7n nay \u0111ang \u0111\u01b0\u1ee3c s\u1eed d\u1ee5ng l\u00e0m b\u1ea3o t\u00e0ng c\u1ee7a ch\u00ednh quy\u1ec1n th\u00e0nh ph\u1ed1 Milan.<\/p>\n<div id=\"attachment_383726\" style=\"width: 1034px\" class=\"wp-caption alignnone\"><a href=\"https:\/\/cdn3.ivivu.com\/2022\/11\/Ph\u00e1o-\u0111\u00e0i-Sforzesco-ivivu-18.jpg\"><img loading=\"lazy\" decoding=\"async\" aria-describedby=\"caption-attachment-383726\" class=\"size-large wp-image-383726\" src=\"https:\/\/cdn3.ivivu.com\/2022\/11\/Ph\u00e1o-\u0111\u00e0i-Sforzesco-ivivu-18-1024x576.jpg\" alt=\"Bao qu\u00e1t ph\u00e1o \u0111\u00e0i \u0111\u01b0\u1ee3c nh\u00ecn t\u1eeb tr\u00ean cao.\" width=\"1024\" height=\"576\" srcset=\"https:\/\/cdn3.ivivu.com\/2022\/11\/Ph\u00e1o-\u0111\u00e0i-Sforzesco-ivivu-18-1024x576.jpg 1024w, https:\/\/cdn3.ivivu.com\/2022\/11\/Ph\u00e1o-\u0111\u00e0i-Sforzesco-ivivu-18-250x142.jpg 250w, https:\/\/cdn3.ivivu.com\/2022\/11\/Ph\u00e1o-\u0111\u00e0i-Sforzesco-ivivu-18-540x305.jpg 540w, https:\/\/cdn3.ivivu.com\/2022\/11\/Ph\u00e1o-\u0111\u00e0i-Sforzesco-ivivu-18-750x422.jpg 750w, https:\/\/cdn3.ivivu.com\/2022\/11\/Ph\u00e1o-\u0111\u00e0i-Sforzesco-ivivu-18-225x127.jpg 225w, https:\/\/cdn3.ivivu.com\/2022\/11\/Ph\u00e1o-\u0111\u00e0i-Sforzesco-ivivu-18-370x208.jpg 370w, https:\/\/cdn3.ivivu.com\/2022\/11\/Ph\u00e1o-\u0111\u00e0i-Sforzesco-ivivu-18-50x28.jpg 50w, https:\/\/cdn3.ivivu.com\/2022\/11\/Ph\u00e1o-\u0111\u00e0i-Sforzesco-ivivu-18-107x60.jpg 107w, https:\/\/cdn3.ivivu.com\/2022\/11\/Ph\u00e1o-\u0111\u00e0i-Sforzesco-ivivu-18-195x110.jpg 195w, https:\/\/cdn3.ivivu.com\/2022\/11\/Ph\u00e1o-\u0111\u00e0i-Sforzesco-ivivu-18-220x125.jpg 220w, https:\/\/cdn3.ivivu.com\/2022\/11\/Ph\u00e1o-\u0111\u00e0i-Sforzesco-ivivu-18-400x225.jpg 400w, https:\/\/cdn3.ivivu.com\/2022\/11\/Ph\u00e1o-\u0111\u00e0i-Sforzesco-ivivu-18-140x80.jpg 140w, https:\/\/cdn3.ivivu.com\/2022\/11\/Ph\u00e1o-\u0111\u00e0i-Sforzesco-ivivu-18.jpg 1280w\" sizes=\"(max-width: 1024px) 100vw, 1024px\" \/><\/a><p id=\"caption-attachment-383726\" class=\"wp-caption-text\">Bao qu\u00e1t ph\u00e1o \u0111\u00e0i \u0111\u01b0\u1ee3c nh\u00ecn t\u1eeb tr\u00ean cao.<\/p><\/div>\n<p style=\"text-align: justify;\">T\u1eeb xa, b\u1ea1n \u0111\u00e3 c\u00f3 th\u1ec3 nh\u00ecn th\u1ea5y hai t\u00f2a th\u00e1p Torrione Dei Carmini v\u00e0 Torrione Di Santo Spirito v\u1edbi nh\u1eefng th\u00e1p canh \u0111\u01b0\u1ee3c b\u1ed1 tr\u00ed m\u1ed9t c\u00e1ch khoa h\u1ecdc \u0111\u1ec3 b\u1ea3o v\u1ec7 b\u00ean trong l\u00e2u \u0111\u00e0i, ph\u00eda d\u01b0\u1edbi l\u00e0 d\u00e3y h\u00e0o l\u0169y r\u1ed9ng r\u00e3i b\u1ecdc k\u00edn 4 m\u1eb7t th\u00e0nh \u0111\u00e3 ph\u1ee7 c\u1ecf xanh r\u00ec c\u1ed5 k\u00ednh.<\/p>\n<div id=\"attachment_383728\" style=\"width: 1034px\" class=\"wp-caption alignnone\"><a href=\"https:\/\/cdn3.ivivu.com\/2022\/11\/Ph\u00e1o-\u0111\u00e0i-Sforzesco-ivivu-19.jpg\"><img loading=\"lazy\" decoding=\"async\" aria-describedby=\"caption-attachment-383728\" class=\"size-large wp-image-383728\" src=\"https:\/\/cdn3.ivivu.com\/2022\/11\/Ph\u00e1o-\u0111\u00e0i-Sforzesco-ivivu-19-1024x576.jpg\" alt=\"Khu\u00f4n vi\u00ean b\u00ean trong ph\u00e1o \u0111\u00e0i.\" width=\"1024\" height=\"576\" srcset=\"https:\/\/cdn3.ivivu.com\/2022\/11\/Ph\u00e1o-\u0111\u00e0i-Sforzesco-ivivu-19-1024x576.jpg 1024w, https:\/\/cdn3.ivivu.com\/2022\/11\/Ph\u00e1o-\u0111\u00e0i-Sforzesco-ivivu-19-250x142.jpg 250w, https:\/\/cdn3.ivivu.com\/2022\/11\/Ph\u00e1o-\u0111\u00e0i-Sforzesco-ivivu-19-540x305.jpg 540w, https:\/\/cdn3.ivivu.com\/2022\/11\/Ph\u00e1o-\u0111\u00e0i-Sforzesco-ivivu-19-750x422.jpg 750w, https:\/\/cdn3.ivivu.com\/2022\/11\/Ph\u00e1o-\u0111\u00e0i-Sforzesco-ivivu-19-225x127.jpg 225w, https:\/\/cdn3.ivivu.com\/2022\/11\/Ph\u00e1o-\u0111\u00e0i-Sforzesco-ivivu-19-370x208.jpg 370w, https:\/\/cdn3.ivivu.com\/2022\/11\/Ph\u00e1o-\u0111\u00e0i-Sforzesco-ivivu-19-50x28.jpg 50w, https:\/\/cdn3.ivivu.com\/2022\/11\/Ph\u00e1o-\u0111\u00e0i-Sforzesco-ivivu-19-107x60.jpg 107w, https:\/\/cdn3.ivivu.com\/2022\/11\/Ph\u00e1o-\u0111\u00e0i-Sforzesco-ivivu-19-195x110.jpg 195w, https:\/\/cdn3.ivivu.com\/2022\/11\/Ph\u00e1o-\u0111\u00e0i-Sforzesco-ivivu-19-220x125.jpg 220w, https:\/\/cdn3.ivivu.com\/2022\/11\/Ph\u00e1o-\u0111\u00e0i-Sforzesco-ivivu-19-400x225.jpg 400w, https:\/\/cdn3.ivivu.com\/2022\/11\/Ph\u00e1o-\u0111\u00e0i-Sforzesco-ivivu-19-140x80.jpg 140w, https:\/\/cdn3.ivivu.com\/2022\/11\/Ph\u00e1o-\u0111\u00e0i-Sforzesco-ivivu-19.jpg 1280w\" sizes=\"(max-width: 1024px) 100vw, 1024px\" \/><\/a><p id=\"caption-attachment-383728\" class=\"wp-caption-text\">Khu\u00f4n vi\u00ean b\u00ean trong ph\u00e1o \u0111\u00e0i.<\/p><\/div>\n<p class=\"LC20lb MBeuO DKV0Md\"><strong>Nh\u00e0 th\u1edd ch\u00ednh t\u00f2a Milano (Duomo di Milano)<\/strong><\/p>\n<p style=\"text-align: justify;\">C\u00f2n c\u00f3 t\u00ean g\u1ecdi kh\u00e1c l\u00e0 nh\u00e0 th\u1edd l\u1edbn Milan, thi\u1ebft k\u1ebf \u0111\u1eb7c bi\u1ec7t h\u00ecnh b\u00e1t gi\u00e1c\u00a0v\u1edbi t\u01b0\u1eddng \u0111\u00e1 c\u1ea9m th\u1ea1ch xanh v\u00e0 nh\u1eefng \u201cc\u00e1nh c\u1eeda thi\u00ean \u0111\u01b0\u1eddng\u201d b\u1eb1ng \u0111\u1ed3ng, nh\u00e0 th\u1edd\u00a0c\u0169ng \u0111\u01b0\u1ee3c trang tr\u00ed b\u1eb1ng nhi\u1ec1u t\u01b0\u1ee3ng \u0111\u1ea7u th\u00fa v\u00e0 t\u01b0\u1ee3ng, b\u00ean trong tr\u01b0ng b\u00e0y nh\u1eefng t\u00e1c ph\u1ea9m th\u1eddi Ph\u1ee5c H\u01b0ng.<\/p>\n<div id=\"attachment_379162\" style=\"width: 1034px\" class=\"wp-caption alignnone\"><a href=\"https:\/\/cdn3.ivivu.com\/2022\/10\/Du-thuy\u1ec1n-Princess-ivivu-28-Nh\u00e0-th\u1edd-Duomo-II-Wikipedia.jpg\"><img loading=\"lazy\" decoding=\"async\" aria-describedby=\"caption-attachment-379162\" class=\"size-large wp-image-379162\" src=\"https:\/\/cdn3.ivivu.com\/2022\/10\/Du-thuy\u1ec1n-Princess-ivivu-28-Nh\u00e0-th\u1edd-Duomo-II-Wikipedia-1024x770.jpg\" alt=\"Nh\u00e0 th\u1edd Duomo II. \u1ea2nh: Wikipedia\" width=\"1024\" height=\"770\" srcset=\"https:\/\/cdn3.ivivu.com\/2022\/10\/Du-thuy\u1ec1n-Princess-ivivu-28-Nh\u00e0-th\u1edd-Duomo-II-Wikipedia-1024x770.jpg 1024w, https:\/\/cdn3.ivivu.com\/2022\/10\/Du-thuy\u1ec1n-Princess-ivivu-28-Nh\u00e0-th\u1edd-Duomo-II-Wikipedia-406x305.jpg 406w, https:\/\/cdn3.ivivu.com\/2022\/10\/Du-thuy\u1ec1n-Princess-ivivu-28-Nh\u00e0-th\u1edd-Duomo-II-Wikipedia.jpg 1200w\" sizes=\"(max-width: 1024px) 100vw, 1024px\" \/><\/a><p id=\"caption-attachment-379162\" class=\"wp-caption-text\">Nh\u00e0 th\u1edd ch\u00ednh t\u00f2a Milano. \u1ea2nh: Wikipedia.<\/p><\/div>\n<p style=\"text-align: justify;\">Ph\u00eda b\u00ean ngo\u00e0i \u0111\u01b0\u1ee3c \u0111\u1eb7t m\u1ed9t b\u1ee9c t\u01b0\u1ee3ng Madonna n\u1ed5i ti\u1ebfng, \u0111\u01b0\u1ee3c \u0111\u00fac b\u1eb1ng kim lo\u1ea1i v\u00e0 m\u1ea1 v\u00e0ng. B\u1ee9c t\u01b0\u1ee3ng n\u00e0y \u0111\u01b0\u1ee3c \u0111\u1eb7t tr\u00ean cao c\u00e1ch m\u1eb7t \u0111\u1ea5t 108m. Khi \u00e1nh m\u1eb7t tr\u1eddi chi\u1ebfu v\u00e0o, b\u1ee9c t\u01b0\u1ee3ng t\u1ecfa s\u00e1ng r\u1ef1c r\u1ee1.<\/p>\n<p style=\"text-align: justify;\"><a href=\"https:\/\/cdn3.ivivu.com\/2022\/11\/Nh\u00e0-th\u1edd-l\u1edbn-Doumo-II-ivivu-20.gif\"><img loading=\"lazy\" decoding=\"async\" class=\"alignnone size-full wp-image-383729\" src=\"https:\/\/cdn3.ivivu.com\/2022\/11\/Nh\u00e0-th\u1edd-l\u1edbn-Doumo-II-ivivu-20.gif\" alt=\"Nh\u00e0 th\u1edd l\u1edbn Doumo II ivivu 20\" width=\"710\" height=\"399\" \/><\/a><\/p>\n<p style=\"text-align: justify;\"><strong>K\u00eanh \u0111\u00e0o l\u1edbn c\u1ee7a Venice (Grand Canal)<br \/>\n<\/strong><\/p>\n<p style=\"text-align: justify;\">Venice c\u00f3 h\u00e0ng tr\u0103m k\u00eanh \u0111\u00e0o n\u1ed1i c\u00e1c h\u00f2n \u0111\u1ea3o kh\u00e1c nhau t\u1ea1o n\u00ean th\u00e0nh ph\u1ed1, l\u1edbn nh\u1ea5t trong s\u1ed1 \u0111\u00f3 l\u00e0\u00a0Grand Canal, u\u1ed1n l\u01b0\u1ee3n qua trung t\u00e2m theo h\u00ecnh ch\u1eef S. H\u01a1n 170 t\u00f2a nh\u00e0 c\u00f3 ni\u00ean \u0111\u1ea1i t\u1eeb \u0111\u1ea7u th\u1ebf k\u1ef7 13 n\u1eb1m d\u1ecdc theo b\u1edd k\u00eanh v\u00e0 n\u00f3 \u0111\u00e3 \u0111\u00f3ng vai tr\u00f2 l\u00e0 m\u1ed9t tuy\u1ebfn \u0111\u01b0\u1eddng th\u1ee7y quan tr\u1ecdng c\u1ee7a th\u00e0nh ph\u1ed1 trong h\u00e0ng tr\u0103m n\u0103m.<\/p>\n<div id=\"attachment_383730\" style=\"width: 1034px\" class=\"wp-caption alignnone\"><a href=\"https:\/\/cdn3.ivivu.com\/2022\/11\/Grand-Canal-ivivu-21.jpg\"><img loading=\"lazy\" decoding=\"async\" aria-describedby=\"caption-attachment-383730\" class=\"size-large wp-image-383730\" src=\"https:\/\/cdn3.ivivu.com\/2022\/11\/Grand-Canal-ivivu-21-1024x469.jpg\" alt=\"K\u00eanh \u0111\u1ea1i Grand Canal.\" width=\"1024\" height=\"469\" srcset=\"https:\/\/cdn3.ivivu.com\/2022\/11\/Grand-Canal-ivivu-21-1024x469.jpg 1024w, https:\/\/cdn3.ivivu.com\/2022\/11\/Grand-Canal-ivivu-21-540x247.jpg 540w\" sizes=\"(max-width: 1024px) 100vw, 1024px\" \/><\/a><p id=\"caption-attachment-383730\" class=\"wp-caption-text\">Thuy\u1ec1n Gondola r\u1ea5t ph\u1ed5 bi\u1ebfn t\u1ea1i k\u00eanh \u0111\u00e0o Grand Canal.<\/p><\/div>\n<p style=\"text-align: justify;\">B\u1ea1n c\u00f3 th\u1ec3 l\u1ef1a ch\u1ecdn di chuy\u1ec3n tr\u00ean Grand Canal b\u1eb1ng nh\u1eefng chi\u1ebfc thuy\u1ec1n Gondola \u0111\u1eb7c tr\u01b0ng, v\u1edbi nh\u1eefng ng\u01b0\u1eddi l\u00e1i m\u1eb7c \u00e1o s\u1ecdc \u0111\u1ecf tr\u1eafng. B\u1ea1n s\u1ebd \u0111\u01b0\u1ee3c ng\u1eafm nh\u00ecn tr\u1ecdn v\u1eb9n d\u00f2ng \u0111\u1ea1i k\u00eanh v\u00e0 c\u00f4ng tr\u00ecnh n\u1ed5i ti\u1ebfng, c\u1ea7u Rialto b\u1eafc qua k\u00eanh Grand Canal.<\/p>\n<div id=\"attachment_383731\" style=\"width: 1034px\" class=\"wp-caption alignnone\"><a href=\"https:\/\/cdn3.ivivu.com\/2022\/11\/Rialto-ivivu-22.jpg\"><img loading=\"lazy\" decoding=\"async\" aria-describedby=\"caption-attachment-383731\" class=\"size-large wp-image-383731\" src=\"https:\/\/cdn3.ivivu.com\/2022\/11\/Rialto-ivivu-22-1024x512.jpg\" alt=\"C\u1ea7u Rialto\" width=\"1024\" height=\"512\" srcset=\"https:\/\/cdn3.ivivu.com\/2022\/11\/Rialto-ivivu-22-1024x512.jpg 1024w, https:\/\/cdn3.ivivu.com\/2022\/11\/Rialto-ivivu-22-540x270.jpg 540w, https:\/\/cdn3.ivivu.com\/2022\/11\/Rialto-ivivu-22.jpg 1585w\" sizes=\"(max-width: 1024px) 100vw, 1024px\" \/><\/a><p id=\"caption-attachment-383731\" class=\"wp-caption-text\">C\u1ea7u Rialto.<\/p><\/div>\n<p style=\"text-align: justify;\"><strong>Nh\u00e0 th\u1edd Basilica<\/strong><\/p>\n<p style=\"text-align: justify;\">T\u00ean \u0111\u1ea7y \u0111\u1ee7 c\u1ee7a nh\u00e0 th\u1edd n\u00e0y d\u1ecbch ra ti\u1ebfng Vi\u1ec7t l\u00e0 v\u01b0\u01a1ng cung th\u00e1nh \u0111\u01b0\u1eddng ch\u00ednh t\u00f2a th\u01b0\u1ee3ng ph\u1ee5 Th\u00e1nh Marco. Th\u00e1nh \u0111\u01b0\u1eddng n\u1eb1m tr\u00ean qu\u1ea3ng tr\u01b0\u1eddng San Marco. T\u00f2a th\u00e1nh n\u00e0y \u0111\u01b0\u1ee3c xem nh\u01b0 m\u1ed9t t\u00e1c ph\u1ea9m ngh\u1ec7 thu\u1eadt \u0111\u00e1ng kinh ng\u1ea1c t\u1eeb c\u00e1c chi ti\u1ebft \u0111\u01b0\u1ee3c trang tr\u00ed c\u00f4ng phu, c\u00e1c \u0111i\u00eau kh\u1eafc ngh\u1ec7 thu\u1eadt \u1edf m\u1eb7t ti\u1ec1n, \u0111\u1ebfn c\u00e1c b\u1ee9c b\u00edch h\u1ecda \u0111\u01b0\u1ee3c s\u01a1n \u0111\u1eb9p m\u1eaft \u1edf b\u00ean trong tr\u1ea7n nh\u00e0 h\u00ecnh v\u00f2m.<\/p>\n<div id=\"attachment_383733\" style=\"width: 1034px\" class=\"wp-caption alignnone\"><a href=\"https:\/\/cdn3.ivivu.com\/2022\/11\/V\u01b0\u01a1ng-cung-Th\u00e1nh-\u0111\u01b0\u1eddng-ch\u00ednh-t\u00f2a-th\u01b0\u1ee3ng-ph\u1ee5-Th\u00e1nh-Marco-ivivu-23.jpg\"><img loading=\"lazy\" decoding=\"async\" aria-describedby=\"caption-attachment-383733\" class=\"size-large wp-image-383733\" src=\"https:\/\/cdn3.ivivu.com\/2022\/11\/V\u01b0\u01a1ng-cung-Th\u00e1nh-\u0111\u01b0\u1eddng-ch\u00ednh-t\u00f2a-th\u01b0\u1ee3ng-ph\u1ee5-Th\u00e1nh-Marco-ivivu-23-1024x768.jpg\" alt=\"\u1ea2nh: Wikipedia\" width=\"1024\" height=\"768\" srcset=\"https:\/\/cdn3.ivivu.com\/2022\/11\/V\u01b0\u01a1ng-cung-Th\u00e1nh-\u0111\u01b0\u1eddng-ch\u00ednh-t\u00f2a-th\u01b0\u1ee3ng-ph\u1ee5-Th\u00e1nh-Marco-ivivu-23-1024x768.jpg 1024w, https:\/\/cdn3.ivivu.com\/2022\/11\/V\u01b0\u01a1ng-cung-Th\u00e1nh-\u0111\u01b0\u1eddng-ch\u00ednh-t\u00f2a-th\u01b0\u1ee3ng-ph\u1ee5-Th\u00e1nh-Marco-ivivu-23-407x305.jpg 407w, https:\/\/cdn3.ivivu.com\/2022\/11\/V\u01b0\u01a1ng-cung-Th\u00e1nh-\u0111\u01b0\u1eddng-ch\u00ednh-t\u00f2a-th\u01b0\u1ee3ng-ph\u1ee5-Th\u00e1nh-Marco-ivivu-23.jpg 1200w\" sizes=\"(max-width: 1024px) 100vw, 1024px\" \/><\/a><p id=\"caption-attachment-383733\" class=\"wp-caption-text\">\u1ea2nh: Wikipedia.<\/p><\/div>\n<div id=\"attachment_383734\" style=\"width: 1034px\" class=\"wp-caption alignnone\"><a href=\"https:\/\/cdn3.ivivu.com\/2022\/11\/V\u01b0\u01a1ng-cung-Th\u00e1nh-\u0111\u01b0\u1eddng-ch\u00ednh-t\u00f2a-th\u01b0\u1ee3ng-ph\u1ee5-Th\u00e1nh-Marco-ivivu-24.jpg\"><img loading=\"lazy\" decoding=\"async\" aria-describedby=\"caption-attachment-383734\" class=\"size-large wp-image-383734\" src=\"https:\/\/cdn3.ivivu.com\/2022\/11\/V\u01b0\u01a1ng-cung-Th\u00e1nh-\u0111\u01b0\u1eddng-ch\u00ednh-t\u00f2a-th\u01b0\u1ee3ng-ph\u1ee5-Th\u00e1nh-Marco-ivivu-24-1024x692.jpg\" alt=\"C\u00e1c m\u00e1i v\u00f2m b\u00ean trong.\" width=\"1024\" height=\"692\" srcset=\"https:\/\/cdn3.ivivu.com\/2022\/11\/V\u01b0\u01a1ng-cung-Th\u00e1nh-\u0111\u01b0\u1eddng-ch\u00ednh-t\u00f2a-th\u01b0\u1ee3ng-ph\u1ee5-Th\u00e1nh-Marco-ivivu-24-1024x692.jpg 1024w, https:\/\/cdn3.ivivu.com\/2022\/11\/V\u01b0\u01a1ng-cung-Th\u00e1nh-\u0111\u01b0\u1eddng-ch\u00ednh-t\u00f2a-th\u01b0\u1ee3ng-ph\u1ee5-Th\u00e1nh-Marco-ivivu-24-451x305.jpg 451w, https:\/\/cdn3.ivivu.com\/2022\/11\/V\u01b0\u01a1ng-cung-Th\u00e1nh-\u0111\u01b0\u1eddng-ch\u00ednh-t\u00f2a-th\u01b0\u1ee3ng-ph\u1ee5-Th\u00e1nh-Marco-ivivu-24-50x35.jpg 50w\" sizes=\"(max-width: 1024px) 100vw, 1024px\" \/><\/a><p id=\"caption-attachment-383734\" class=\"wp-caption-text\">C\u00e1c m\u00e1i v\u00f2m b\u00ean trong.<\/p><\/div>\n<div id=\"attachment_383736\" style=\"width: 829px\" class=\"wp-caption alignnone\"><a href=\"https:\/\/cdn3.ivivu.com\/2022\/11\/C\u1ea7u-Than-Th\u1edf-ivivu-25.jpg\"><img loading=\"lazy\" decoding=\"async\" aria-describedby=\"caption-attachment-383736\" class=\"size-large wp-image-383736\" src=\"https:\/\/cdn3.ivivu.com\/2022\/11\/C\u1ea7u-Than-Th\u1edf-ivivu-25-819x1024.jpg\" alt=\"C\u1ea7u Than Th\u1edf n\u1ed1i li\u1ec1n nh\u00e0 t\u00f9 c\u0169 t\u1edbi ph\u00f2ng th\u1ea9m v\u1ea5n trong dinh t\u1ed5ng tr\u1ea5n Doge\u2019s.\" width=\"819\" height=\"1024\" srcset=\"https:\/\/cdn3.ivivu.com\/2022\/11\/C\u1ea7u-Than-Th\u1edf-ivivu-25-819x1024.jpg 819w, https:\/\/cdn3.ivivu.com\/2022\/11\/C\u1ea7u-Than-Th\u1edf-ivivu-25-244x305.jpg 244w, https:\/\/cdn3.ivivu.com\/2022\/11\/C\u1ea7u-Than-Th\u1edf-ivivu-25.jpg 1080w\" sizes=\"(max-width: 819px) 100vw, 819px\" \/><\/a><p id=\"caption-attachment-383736\" class=\"wp-caption-text\">C\u1ea7u Than Th\u1edf n\u1ed1i li\u1ec1n nh\u00e0 t\u00f9 c\u0169 t\u1edbi ph\u00f2ng th\u1ea9m v\u1ea5n trong dinh t\u1ed5ng tr\u1ea5n Doge\u2019s.<\/p><\/div>\n<p style=\"text-align: justify;\"><strong>Th\u00e1p nghi\u00eang Pisa<\/strong><\/p>\n<p style=\"text-align: justify;\">M\u1ed9t t\u00f2a th\u00e1p chu\u00f4ng m\u1eb7c d\u00f9 ra \u0111\u1eddi v\u1edbi sai l\u1ea7m trong qu\u00e1 tr\u00ecnh l\u00ean k\u1ebf ho\u1ea1ch x\u00e2y d\u1ef1ng d\u1eabn t\u1edbi b\u1ecb nghi\u00eang nh\u01b0ng cu\u1ed1i c\u00f9ng \u0111\u00e3 tr\u1edf th\u00e0nh m\u1ed9t k\u1ef3 quan c\u1ee7a th\u1ebf gi\u1edbi,\u00a0ph\u00e1 v\u1ee1 nh\u1eefng gi\u1edbi h\u1ea1n v\u1ec1 v\u1ebb \u0111\u1eb9p quy chu\u1ea9n. Th\u00e1p nghi\u00eang Pisa l\u00e0 m\u1ed9t trong nh\u1eefng di s\u1ea3n ti\u00eau bi\u1ec3u b\u1eadc nh\u1ea5t \u0111\u01b0\u1ee3c UNESCO c\u00f4ng nh\u1eadn.<\/p>\n<p style=\"text-align: justify;\"><a href=\"https:\/\/cdn3.ivivu.com\/2022\/11\/Th\u00e1p-nghi\u00eang-Pisa-ivivu-27.jpg\"><img loading=\"lazy\" decoding=\"async\" class=\"alignnone size-large wp-image-383745\" src=\"https:\/\/cdn3.ivivu.com\/2022\/11\/Th\u00e1p-nghi\u00eang-Pisa-ivivu-27-1024x683.jpg\" alt=\"Th\u00e1p nghi\u00eang Pisa ivivu 27\" width=\"1024\" height=\"683\" srcset=\"https:\/\/cdn3.ivivu.com\/2022\/11\/Th\u00e1p-nghi\u00eang-Pisa-ivivu-27-1024x683.jpg 1024w, https:\/\/cdn3.ivivu.com\/2022\/11\/Th\u00e1p-nghi\u00eang-Pisa-ivivu-27-458x305.jpg 458w, https:\/\/cdn3.ivivu.com\/2022\/11\/Th\u00e1p-nghi\u00eang-Pisa-ivivu-27.jpg 1500w\" sizes=\"(max-width: 1024px) 100vw, 1024px\" \/><\/a><\/p>\n<p style=\"text-align: justify;\"><strong>Th\u00e0nh Vatican<\/strong><\/p>\n<p style=\"text-align: justify;\">T\u00f2a th\u00e1nh Vatican n\u1eb1m trong th\u00e0nh Vatican \u0111\u01b0\u1ee3c coi l\u00e0 m\u1ea3nh \u0111\u1ea5t thi\u00ean \u0111\u01b0\u1eddng n\u01a1i Ch\u00faa ban ph\u01b0\u1edbc. Vatican \u0111\u01b0\u1ee3c xem nh\u01b0 l\u00e0 m\u1ed9t qu\u1ed1c gia b\u00ean trong \u00dd. Ngo\u00e0i ra b\u00ean trong th\u00e0nh c\u00f2n c\u00f3 c\u00e1c \u0111\u1ecba \u0111i\u1ec3m tham quan n\u1ed5i ti\u1ebfng linh thi\u00eang nh\u01b0 qu\u1ea3ng tr\u01b0\u1eddng Th\u00e1nh Peter hay v\u01b0\u01a1ng cung th\u00e1nh \u0111\u01b0\u1eddng Th\u00e1nh Phero.<\/p>\n<div id=\"attachment_379165\" style=\"width: 1034px\" class=\"wp-caption alignnone\"><a href=\"https:\/\/cdn3.ivivu.com\/2022\/10\/Du-thuy\u1ec1n-Princess-ivivu-29-Th\u00e0nh-Vatican.jpg\"><img loading=\"lazy\" decoding=\"async\" aria-describedby=\"caption-attachment-379165\" class=\"size-large wp-image-379165\" src=\"https:\/\/cdn3.ivivu.com\/2022\/10\/Du-thuy\u1ec1n-Princess-ivivu-29-Th\u00e0nh-Vatican-1024x678.jpg\" alt=\"Th\u00e0nh Vatican\" width=\"1024\" height=\"678\" srcset=\"https:\/\/cdn3.ivivu.com\/2022\/10\/Du-thuy\u1ec1n-Princess-ivivu-29-Th\u00e0nh-Vatican-1024x678.jpg 1024w, https:\/\/cdn3.ivivu.com\/2022\/10\/Du-thuy\u1ec1n-Princess-ivivu-29-Th\u00e0nh-Vatican-460x305.jpg 460w, https:\/\/cdn3.ivivu.com\/2022\/10\/Du-thuy\u1ec1n-Princess-ivivu-29-Th\u00e0nh-Vatican.jpg 2000w\" sizes=\"(max-width: 1024px) 100vw, 1024px\" \/><\/a><p id=\"caption-attachment-379165\" class=\"wp-caption-text\">Th\u00e0nh Vatican.<\/p><\/div>\n<div id=\"attachment_379295\" style=\"width: 1033px\" class=\"wp-caption alignnone\"><a href=\"https:\/\/cdn3.ivivu.com\/2022\/10\/SAn-Pedro-del-Vaticano-ivivu.jpg\"><img loading=\"lazy\" decoding=\"async\" aria-describedby=\"caption-attachment-379295\" class=\"size-full wp-image-379295\" src=\"https:\/\/cdn3.ivivu.com\/2022\/10\/SAn-Pedro-del-Vaticano-ivivu.jpg\" alt=\"V\u01b0\u01a1ng cung Th\u00e1nh \u0111\u01b0\u1eddng Th\u00e1nh Ph\u00ear\u00f4 n\u1eb1m trong th\u00e0nh Vatican. \u1ea2nh: vnexpress.\" width=\"1023\" height=\"615\" srcset=\"https:\/\/cdn3.ivivu.com\/2022\/10\/SAn-Pedro-del-Vaticano-ivivu.jpg 1023w, https:\/\/cdn3.ivivu.com\/2022\/10\/SAn-Pedro-del-Vaticano-ivivu-507x305.jpg 507w\" sizes=\"(max-width: 1023px) 100vw, 1023px\" \/><\/a><p id=\"caption-attachment-379295\" class=\"wp-caption-text\">V\u01b0\u01a1ng cung th\u00e1nh \u0111\u01b0\u1eddng Th\u00e1nh Ph\u00ear\u00f4 n\u1eb1m trong th\u00e0nh Vatican. \u1ea2nh: vnexpress.<\/p><\/div>\n<p style=\"text-align: justify;\"><strong>\u0110\u1ea5u tr\u01b0\u1eddng Coloseum<\/strong><\/p>\n<p style=\"text-align: justify;\">\u0110\u1ea5u tr\u01b0\u1eddng La M\u00e3 \u0111\u01b0\u1ee3c bi\u1ebft \u0111\u1ebfn \u0111\u1ea7u ti\u00ean d\u01b0\u1edbi c\u00e1i t\u00ean Amphitheatrum Flavium theo ti\u1ebfng Latinh ho\u1eb7c Anfiteatro Flavio ti\u1ebfng \u00dd, sau n\u00e0y g\u1ecdi l\u00e0 Colosseum hay Colosseo. \u0110\u1ea5u tr\u01b0\u1eddng n\u00e0y l\u00e0 m\u1ed9t \u0111\u1ea5u tr\u01b0\u1eddng l\u1edbn \u1edf th\u00e0nh ph\u1ed1 Roma n\u01a1i c\u00e1c v\u00f5 s\u0129 gi\u00e1c \u0111\u1ea5u v\u00e0 n\u00f4 l\u1ec7 thi \u0111\u1ea5u, tr\u00ecnh di\u1ec5n cho c\u00f4ng ch\u00fang th\u1eddi La M\u00e3 c\u1ed5 \u0111\u1ea1i.<\/p>\n<div id=\"attachment_379168\" style=\"width: 1034px\" class=\"wp-caption alignnone\"><a href=\"https:\/\/cdn3.ivivu.com\/2022\/10\/Du-thuy\u1ec1n-Princess-ivivu-31-\u0110\u1ea5u-tr\u01b0\u1eddng-La-M\u00e3-Colosseum.jpg\"><img loading=\"lazy\" decoding=\"async\" aria-describedby=\"caption-attachment-379168\" class=\"size-large wp-image-379168\" src=\"https:\/\/cdn3.ivivu.com\/2022\/10\/Du-thuy\u1ec1n-Princess-ivivu-31-\u0110\u1ea5u-tr\u01b0\u1eddng-La-M\u00e3-Colosseum-1024x666.jpg\" alt=\"\u0110\u1ea5u tr\u01b0\u1eddng La M\u00e3 Colosseum\" width=\"1024\" height=\"666\" srcset=\"https:\/\/cdn3.ivivu.com\/2022\/10\/Du-thuy\u1ec1n-Princess-ivivu-31-\u0110\u1ea5u-tr\u01b0\u1eddng-La-M\u00e3-Colosseum-1024x666.jpg 1024w, https:\/\/cdn3.ivivu.com\/2022\/10\/Du-thuy\u1ec1n-Princess-ivivu-31-\u0110\u1ea5u-tr\u01b0\u1eddng-La-M\u00e3-Colosseum-469x305.jpg 469w, https:\/\/cdn3.ivivu.com\/2022\/10\/Du-thuy\u1ec1n-Princess-ivivu-31-\u0110\u1ea5u-tr\u01b0\u1eddng-La-M\u00e3-Colosseum.jpg 2000w\" sizes=\"(max-width: 1024px) 100vw, 1024px\" \/><\/a><p id=\"caption-attachment-379168\" class=\"wp-caption-text\">\u0110\u1ea5u tr\u01b0\u1eddng La M\u00e3 Colosseum.<\/p><\/div>\n<p style=\"text-align: justify;\"><strong>\u0110\u00e0i phun n\u01b0\u1edbc Trevi<\/strong><\/p>\n<p style=\"text-align: justify;\">\u0110\u00e0i phun n\u01b0\u1edbc \u0111\u00e3 qu\u00e1 n\u1ed5i ti\u1ebfng \u1edf th\u00e0nh ph\u1ed1 Roma. C\u00f3 th\u1ec3 n\u00f3i Trevi l\u00e0 m\u1ed9t trong nh\u1eefng \u0111\u00e0i phun n\u01b0\u1edbc n\u1ed5i ti\u1ebfng nh\u1ea5t th\u1ebf gi\u1edbi. C\u00f4ng tr\u00ecnh ki\u1ebfn tr\u00fac n\u00e0y \u0111\u01b0\u1ee3c thi\u1ebft k\u1ebf theo phong c\u00e1ch Baroque. T\u1ea1i \u0111\u00e0i phun n\u01b0\u1edbc n\u00e0y b\u1ea1n c\u00f3 th\u1ec3 th\u1ef1c hi\u1ec7n c\u00e1c \u0111i\u1ec1u \u01b0\u1edbc b\u1eb1ng c\u00e1ch qu\u0103ng \u0111\u1ed3ng xu v\u00e0o b\u1ec3 n\u01b0\u1edbc v\u00e0 c\u1ea7u nguy\u1ec7n.<\/p>\n<div id=\"attachment_379175\" style=\"width: 1034px\" class=\"wp-caption alignnone\"><a href=\"https:\/\/cdn3.ivivu.com\/2022\/10\/Du-thuy\u1ec1n-Princess-ivivu-35-\u0110\u00e0i-phun-n\u01b0\u1edbc-Trevi.jpg\"><img loading=\"lazy\" decoding=\"async\" aria-describedby=\"caption-attachment-379175\" class=\"size-large wp-image-379175\" src=\"https:\/\/cdn3.ivivu.com\/2022\/10\/Du-thuy\u1ec1n-Princess-ivivu-35-\u0110\u00e0i-phun-n\u01b0\u1edbc-Trevi-1024x576.jpg\" alt=\"\u0110\u00e0i phun n\u01b0\u1edbc Trevi\" width=\"1024\" height=\"576\" srcset=\"https:\/\/cdn3.ivivu.com\/2022\/10\/Du-thuy\u1ec1n-Princess-ivivu-35-\u0110\u00e0i-phun-n\u01b0\u1edbc-Trevi-1024x576.jpg 1024w, https:\/\/cdn3.ivivu.com\/2022\/10\/Du-thuy\u1ec1n-Princess-ivivu-35-\u0110\u00e0i-phun-n\u01b0\u1edbc-Trevi-250x142.jpg 250w, https:\/\/cdn3.ivivu.com\/2022\/10\/Du-thuy\u1ec1n-Princess-ivivu-35-\u0110\u00e0i-phun-n\u01b0\u1edbc-Trevi-540x305.jpg 540w, https:\/\/cdn3.ivivu.com\/2022\/10\/Du-thuy\u1ec1n-Princess-ivivu-35-\u0110\u00e0i-phun-n\u01b0\u1edbc-Trevi-750x422.jpg 750w, https:\/\/cdn3.ivivu.com\/2022\/10\/Du-thuy\u1ec1n-Princess-ivivu-35-\u0110\u00e0i-phun-n\u01b0\u1edbc-Trevi-225x127.jpg 225w, https:\/\/cdn3.ivivu.com\/2022\/10\/Du-thuy\u1ec1n-Princess-ivivu-35-\u0110\u00e0i-phun-n\u01b0\u1edbc-Trevi-370x208.jpg 370w, https:\/\/cdn3.ivivu.com\/2022\/10\/Du-thuy\u1ec1n-Princess-ivivu-35-\u0110\u00e0i-phun-n\u01b0\u1edbc-Trevi-50x28.jpg 50w, https:\/\/cdn3.ivivu.com\/2022\/10\/Du-thuy\u1ec1n-Princess-ivivu-35-\u0110\u00e0i-phun-n\u01b0\u1edbc-Trevi-107x60.jpg 107w, https:\/\/cdn3.ivivu.com\/2022\/10\/Du-thuy\u1ec1n-Princess-ivivu-35-\u0110\u00e0i-phun-n\u01b0\u1edbc-Trevi-195x110.jpg 195w, https:\/\/cdn3.ivivu.com\/2022\/10\/Du-thuy\u1ec1n-Princess-ivivu-35-\u0110\u00e0i-phun-n\u01b0\u1edbc-Trevi-220x125.jpg 220w, https:\/\/cdn3.ivivu.com\/2022\/10\/Du-thuy\u1ec1n-Princess-ivivu-35-\u0110\u00e0i-phun-n\u01b0\u1edbc-Trevi-400x225.jpg 400w, https:\/\/cdn3.ivivu.com\/2022\/10\/Du-thuy\u1ec1n-Princess-ivivu-35-\u0110\u00e0i-phun-n\u01b0\u1edbc-Trevi-140x80.jpg 140w, https:\/\/cdn3.ivivu.com\/2022\/10\/Du-thuy\u1ec1n-Princess-ivivu-35-\u0110\u00e0i-phun-n\u01b0\u1edbc-Trevi.jpg 1920w\" sizes=\"(max-width: 1024px) 100vw, 1024px\" \/><\/a><p id=\"caption-attachment-379175\" class=\"wp-caption-text\">\u0110\u00e0i phun n\u01b0\u1edbc Trevi.<\/p><\/div>\n<p style=\"text-align: justify;\"><strong>Qu\u1ea3ng tr\u01b0\u1eddng T\u00e2y Ban Nha<\/strong><\/p>\n<p style=\"text-align: justify;\">N\u01a1i b\u1ea1n c\u00f3 th\u1ec3 th\u01b0 gi\u00e3n trong b\u00f3ng m\u00e1t v\u00e0 th\u01b0\u1edfng th\u1ee9c b\u1eefa tr\u01b0a d\u00e3 ngo\u1ea1i khi l\u0169 tr\u1ebb ch\u01a1i \u0111\u00f9a v\u00e0 c\u00e1c c\u1eb7p \u0111\u00f4i t\u1eadn h\u01b0\u1edfng \u00e1nh n\u1eafng m\u1eb7t tr\u1eddi. Ng\u1ed3i th\u01b0 gi\u00e3n tr\u00ean m\u1ed9t trong nh\u1eefng chi\u1ebfc gh\u1ebf b\u0103ng l\u00e1t g\u1ea1ch v\u00e0 ng\u1eafm nh\u00ecn \u0111\u00e0i phun n\u01b0\u1edbc trung t\u00e2m v\u1edbi nh\u1eefng h\u00ecnh kh\u1ea3m g\u1ea1ch theo phong c\u00e1ch T\u00e2y Ban Nha.<\/p>\n<p style=\"text-align: justify;\"><a href=\"https:\/\/cdn3.ivivu.com\/2022\/11\/Qu\u1ea3ng-tr\u01b0\u1eddng-t\u00e2y-Ban-Nha-ivivu-28.gif\"><img loading=\"lazy\" decoding=\"async\" class=\"alignnone size-full wp-image-383752\" src=\"https:\/\/cdn3.ivivu.com\/2022\/11\/Qu\u1ea3ng-tr\u01b0\u1eddng-t\u00e2y-Ban-Nha-ivivu-28.gif\" alt=\"Qu\u1ea3ng tr\u01b0\u1eddng t\u00e2y Ban Nha ivivu 28\" width=\"710\" height=\"399\" \/><\/a><\/p>\n<div class=\"ltt-contentbox white\"><\/span><\/p>\n<p style=\"text-align: justify;\"><strong>H\u01b0\u1edbng d\u1eabn \u0111\u1eb7t c\u00e1c tour ch\u00e2u \u00c2u:<br \/>\n<\/strong><\/p>\n<p style=\"text-align: justify;\"><strong>&#8211; G\u1ecdi ngay hotline 1900 2045 \u0111\u1ec3 \u0111\u01b0\u1ee3c t\u01b0 v\u1ea5n.<\/strong><\/p>\n<p><strong>&#8211; \u0110\u1eb7t online v\u00e0 xem l\u1ecbch tr\u00ecnh chi ti\u1ebft <a href=\"https:\/\/www.ivivu.com\/du-lich\/tour-chau-au?date=2025-11-19&amp;from=H%E1%BB%93-Ch%C3%AD-Minh\" target=\"_blank\" rel=\"noopener\">T\u1ea0I \u0110\u00c2Y<\/a>.<\/strong><\/div>\n<p style=\"text-align: right;\"><strong>Theo iVIVU.com<\/strong><\/p>\n<div class=\"ltt-contentbox white\"><\/span><\/p>\n<p style=\"text-align: justify;\"><strong>Xem th\u00eam b\u00e0i vi\u1ebft:<\/strong><\/p>\n<p class=\"entry-title\" style=\"text-align: justify;\"><strong><a href=\"https:\/\/www.ivivu.com\/blog\/2022\/06\/xin-visa-du-lich-chau-au-visa-schengen-de-hay-kho\/\" target=\"_blank\" rel=\"noopener\">Xin Visa du l\u1ecbch Ch\u00e2u \u00c2u (Visa Schengen) d\u1ec5 hay kh\u00f3?<\/a><\/strong><\/p>\n<p class=\"entry-title\" style=\"text-align: justify;\"><strong><a href=\"https:\/\/www.ivivu.com\/blog\/2015\/12\/nhung-trai-nghiem-moi-la-quyen-ru-du-khach-khi-du-lich-chau-au\/\" target=\"_blank\" rel=\"noopener\">Nh\u1eefng tr\u1ea3i nghi\u1ec7m m\u1edbi l\u1ea1 quy\u1ebfn r\u0169 du kh\u00e1ch khi du l\u1ecbch ch\u00e2u \u00c2u<\/a><\/strong><\/p>\n<p><strong><a href=\"https:\/\/www.ivivu.com\/blog\/2015\/08\/nhung-thi-tran-nho-xinh-ban-nen-ghe-tham-khi-du-lich-chau-au\/\" target=\"_blank\" rel=\"noopener\">Nh\u1eefng th\u1ecb tr\u1ea5n nh\u1ecf xinh b\u1ea1n n\u00ean gh\u00e9 th\u0103m khi du l\u1ecbch ch\u00e2u \u00c2u<\/a><\/strong><\/div>\n<h3 style=\"text-align: center;\"><div class=\"ltt-contentbox white\"><\/span>Click \u0111\u1eb7t ngay\u00a0<a href=\"https:\/\/www.ivivu.com\/?utm_source=blog_ivivu&amp;utm_medium=post_link&amp;utm_campaign=internal\" target=\"_blank\" rel=\"noopener\">kh\u00e1ch s\u1ea1n Vi\u1ec7t Nam v\u00e0 tr\u00ean to\u00e0n th\u1ebf gi\u1edbi<\/a>\u00a0gi\u00e1 t\u1ed1t nh\u1ea5t ch\u1ec9 c\u00f3 t\u1ea1i iVIVU.com!<\/div><\/h3>\n<p style=\"text-align: justify;\"><strong>***<\/strong><\/p>\n<p style=\"text-align: justify;\"><strong>Tham kh\u1ea3o:\u00a0<a href=\"https:\/\/www.ivivu.com\/blog\" target=\"_blank\" rel=\"noopener\">C\u1ea9m nang du l\u1ecbch iVIVU.com<\/a><\/strong><\/p>\n","protected":false},"excerpt":{"rendered":"<p>H\u00e0nh tr\u00ecnh tr\u1ea3i nghi\u1ec7m k\u1ef3 ngh\u1ec9 T\u1ebft tuy\u1ec7t v\u1eddi trong tour ch\u00e2u \u00c2u 11 ng\u00e0y 10 \u0111\u00eam, b\u1ea1n s\u1ebd kh\u00e1m ph\u00e1 c\u00e1c qu\u1ed1c gia Ph\u00e1p, Th\u1ee5y S\u0129, \u00dd t\u1ea1i &#8220;l\u1ee5c \u0111\u1ecba gi\u00e0&#8221; \u0111\u1ea7y quy\u1ebfn r\u0169 n\u00e0y.<\/p>\n","protected":false},"author":65,"featured_media":383767,"comment_status":"closed","ping_status":"open","sticky":false,"template":"","format":"standard","meta":{"_acf_changed":false,"footnotes":""},"categories":[247,17603,231,795,14742,13533],"tags":[321,866,39796,14852,1351,22103,18355],"acf":[],"yoast_head":"<!-- This site is optimized with the Yoast SEO Premium plugin v22.6 (Yoast SEO v22.6) - https:\/\/yoast.com\/wordpress\/plugins\/seo\/ -->\n<title>Chi\u00eam ng\u01b0\u1ee1ng s\u1eafc xu\u00e2n tr\u1eddi \u00c2u l\u00e3ng m\u1ea1n trong tour ch\u00e2u \u00c2u 11N10\u0110 - iVIVU.com<\/title>\n<meta name=\"description\" content=\"Tr\u1ea3i nghi\u1ec7m k\u1ef3 ngh\u1ec9 T\u1ebft tuy\u1ec7t v\u1eddi trong tour ch\u00e2u \u00c2u 11 ng\u00e0y 10 \u0111\u00eam, b\u1ea1n s\u1ebd kh\u00e1m ph\u00e1 c\u00e1c qu\u1ed1c gia Ph\u00e1p, Th\u1ee5y S\u0129, \u00dd t\u1ea1i &quot;l\u1ee5c \u0111\u1ecba gi\u00e0&quot; \u0111\u1ea7y quy\u1ebfn r\u0169 n\u00e0y.\" \/>\n<meta name=\"robots\" content=\"index, follow, max-snippet:-1, max-image-preview:large, max-video-preview:-1\" \/>\n<link rel=\"canonical\" href=\"https:\/\/www.ivivu.com\/blog\/2022\/11\/chiem-nguong-sac-xuan-troi-au-lang-man-trong-tour-chau-au-11n10d\/\" \/>\n<meta name=\"twitter:label1\" content=\"\u0110\u01b0\u1ee3c vi\u1ebft b\u1edfi\" \/>\n\t<meta name=\"twitter:data1\" content=\"Ng\u1ecdc H\u1ea1nh Nguy\u1ec5n\" \/>\n\t<meta name=\"twitter:label2\" content=\"\u01af\u1edbc t\u00ednh th\u1eddi gian \u0111\u1ecdc\" \/>\n\t<meta name=\"twitter:data2\" content=\"20 ph\u00fat\" \/>\n<script type=\"application\/ld+json\" class=\"yoast-schema-graph\">{\"@context\":\"https:\/\/schema.org\",\"@graph\":[{\"@type\":\"Article\",\"@id\":\"https:\/\/www.ivivu.com\/blog\/2022\/11\/chiem-nguong-sac-xuan-troi-au-lang-man-trong-tour-chau-au-11n10d\/#article\",\"isPartOf\":{\"@id\":\"https:\/\/www.ivivu.com\/blog\/2022\/11\/chiem-nguong-sac-xuan-troi-au-lang-man-trong-tour-chau-au-11n10d\/\"},\"author\":{\"name\":\"Ng\u1ecdc H\u1ea1nh Nguy\u1ec5n\",\"@id\":\"https:\/\/www.ivivu.com\/blog\/#\/schema\/person\/85d704a13f06322f2b35c654e205d315\"},\"headline\":\"Chi\u00eam ng\u01b0\u1ee1ng s\u1eafc xu\u00e2n tr\u1eddi \u00c2u l\u00e3ng m\u1ea1n trong tour ch\u00e2u \u00c2u 11N10\u0110\",\"datePublished\":\"2022-11-04T11:55:59+00:00\",\"dateModified\":\"2025-11-18T10:13:32+00:00\",\"mainEntityOfPage\":{\"@id\":\"https:\/\/www.ivivu.com\/blog\/2022\/11\/chiem-nguong-sac-xuan-troi-au-lang-man-trong-tour-chau-au-11n10d\/\"},\"wordCount\":3530,\"publisher\":{\"@id\":\"https:\/\/www.ivivu.com\/blog\/#organization\"},\"image\":{\"@id\":\"https:\/\/www.ivivu.com\/blog\/2022\/11\/chiem-nguong-sac-xuan-troi-au-lang-man-trong-tour-chau-au-11n10d\/#primaryimage\"},\"thumbnailUrl\":\"https:\/\/cdn3.ivivu.com\/2022\/11\/Th\u1ee5y-S\u0129-ivivu-29.jpg\",\"keywords\":[\"Du l\u1ecbch Ph\u00e1p\",\"du l\u1ecbch t\u1ebft\",\"du li\u0323ch th\u00ea\u0301 gi\u01a1\u0301i\",\"du l\u1ecbch Th\u1ee5y S\u0129\",\"du l\u1ecbch \u00dd\",\"\u0111i\u00ea\u0309m \u0111\u1ebfn\",\"tour ch\u00e2u \u00c2u\"],\"articleSection\":[\"Ch\u00e2u \u00c2u\",\"Du l\u1ecbch T\u1ebft\",\"DU L\u1ecaCH TH\u1ebe GI\u1edaI\",\"\u0110i\u1ec3m \u0111\u1ebfn\",\"N\u1ed5i B\u1eadt 2\",\"Tour du l\u1ecbch\"],\"inLanguage\":\"vi\"},{\"@type\":\"WebPage\",\"@id\":\"https:\/\/www.ivivu.com\/blog\/2022\/11\/chiem-nguong-sac-xuan-troi-au-lang-man-trong-tour-chau-au-11n10d\/\",\"url\":\"https:\/\/www.ivivu.com\/blog\/2022\/11\/chiem-nguong-sac-xuan-troi-au-lang-man-trong-tour-chau-au-11n10d\/\",\"name\":\"Chi\u00eam ng\u01b0\u1ee1ng s\u1eafc xu\u00e2n tr\u1eddi \u00c2u l\u00e3ng m\u1ea1n trong tour ch\u00e2u \u00c2u 11N10\u0110 - iVIVU.com\",\"isPartOf\":{\"@id\":\"https:\/\/www.ivivu.com\/blog\/#website\"},\"primaryImageOfPage\":{\"@id\":\"https:\/\/www.ivivu.com\/blog\/2022\/11\/chiem-nguong-sac-xuan-troi-au-lang-man-trong-tour-chau-au-11n10d\/#primaryimage\"},\"image\":{\"@id\":\"https:\/\/www.ivivu.com\/blog\/2022\/11\/chiem-nguong-sac-xuan-troi-au-lang-man-trong-tour-chau-au-11n10d\/#primaryimage\"},\"thumbnailUrl\":\"https:\/\/cdn3.ivivu.com\/2022\/11\/Th\u1ee5y-S\u0129-ivivu-29.jpg\",\"datePublished\":\"2022-11-04T11:55:59+00:00\",\"dateModified\":\"2025-11-18T10:13:32+00:00\",\"description\":\"Tr\u1ea3i nghi\u1ec7m k\u1ef3 ngh\u1ec9 T\u1ebft tuy\u1ec7t v\u1eddi trong tour ch\u00e2u \u00c2u 11 ng\u00e0y 10 \u0111\u00eam, b\u1ea1n s\u1ebd kh\u00e1m ph\u00e1 c\u00e1c qu\u1ed1c gia Ph\u00e1p, Th\u1ee5y S\u0129, \u00dd t\u1ea1i \\\"l\u1ee5c \u0111\u1ecba gi\u00e0\\\" \u0111\u1ea7y quy\u1ebfn r\u0169 n\u00e0y.\",\"breadcrumb\":{\"@id\":\"https:\/\/www.ivivu.com\/blog\/2022\/11\/chiem-nguong-sac-xuan-troi-au-lang-man-trong-tour-chau-au-11n10d\/#breadcrumb\"},\"inLanguage\":\"vi\",\"potentialAction\":[{\"@type\":\"ReadAction\",\"target\":[\"https:\/\/www.ivivu.com\/blog\/2022\/11\/chiem-nguong-sac-xuan-troi-au-lang-man-trong-tour-chau-au-11n10d\/\"]}]},{\"@type\":\"ImageObject\",\"inLanguage\":\"vi\",\"@id\":\"https:\/\/www.ivivu.com\/blog\/2022\/11\/chiem-nguong-sac-xuan-troi-au-lang-man-trong-tour-chau-au-11n10d\/#primaryimage\",\"url\":\"https:\/\/cdn3.ivivu.com\/2022\/11\/Th\u1ee5y-S\u0129-ivivu-29.jpg\",\"contentUrl\":\"https:\/\/cdn3.ivivu.com\/2022\/11\/Th\u1ee5y-S\u0129-ivivu-29.jpg\",\"width\":1000,\"height\":655,\"caption\":\"M\u1ed9t ng\u00f4i l\u00e0ng t\u1ea1i Th\u1ee5y S\u0129.\"},{\"@type\":\"BreadcrumbList\",\"@id\":\"https:\/\/www.ivivu.com\/blog\/2022\/11\/chiem-nguong-sac-xuan-troi-au-lang-man-trong-tour-chau-au-11n10d\/#breadcrumb\",\"itemListElement\":[{\"@type\":\"ListItem\",\"position\":1,\"name\":\"Home\",\"item\":\"https:\/\/www.ivivu.com\/blog\/\"},{\"@type\":\"ListItem\",\"position\":2,\"name\":\"Chi\u00eam ng\u01b0\u1ee1ng s\u1eafc xu\u00e2n tr\u1eddi \u00c2u l\u00e3ng m\u1ea1n trong tour ch\u00e2u \u00c2u 11N10\u0110\"}]},{\"@type\":\"WebSite\",\"@id\":\"https:\/\/www.ivivu.com\/blog\/#website\",\"url\":\"https:\/\/www.ivivu.com\/blog\/\",\"name\":\"C\u1ea9m nang du l\u1ecbch\",\"description\":\"\",\"publisher\":{\"@id\":\"https:\/\/www.ivivu.com\/blog\/#organization\"},\"potentialAction\":[{\"@type\":\"SearchAction\",\"target\":{\"@type\":\"EntryPoint\",\"urlTemplate\":\"https:\/\/www.ivivu.com\/blog\/?s={search_term_string}\"},\"query-input\":\"required name=search_term_string\"}],\"inLanguage\":\"vi\"},{\"@type\":\"Organization\",\"@id\":\"https:\/\/www.ivivu.com\/blog\/#organization\",\"name\":\"iVIVU.com\",\"url\":\"https:\/\/www.ivivu.com\/blog\/\",\"logo\":{\"@type\":\"ImageObject\",\"inLanguage\":\"vi\",\"@id\":\"https:\/\/www.ivivu.com\/blog\/#\/schema\/logo\/image\/\",\"url\":\"https:\/\/cdn3.ivivu.com\/2024\/01\/ivivu_no_slogan.png\",\"contentUrl\":\"https:\/\/cdn3.ivivu.com\/2024\/01\/ivivu_no_slogan.png\",\"width\":788,\"height\":565,\"caption\":\"iVIVU.com\"},\"image\":{\"@id\":\"https:\/\/www.ivivu.com\/blog\/#\/schema\/logo\/image\/\"},\"sameAs\":[\"https:\/\/www.facebook.com\/iVIVU\"]},{\"@type\":\"Person\",\"@id\":\"https:\/\/www.ivivu.com\/blog\/#\/schema\/person\/85d704a13f06322f2b35c654e205d315\",\"name\":\"Ng\u1ecdc H\u1ea1nh Nguy\u1ec5n\",\"url\":\"https:\/\/www.ivivu.com\/blog\/author\/ngochanh\/\"}]}<\/script>\n<!-- \/ Yoast SEO Premium plugin. -->","yoast_head_json":{"title":"Chi\u00eam ng\u01b0\u1ee1ng s\u1eafc xu\u00e2n tr\u1eddi \u00c2u l\u00e3ng m\u1ea1n trong tour ch\u00e2u \u00c2u 11N10\u0110 - iVIVU.com","description":"Tr\u1ea3i nghi\u1ec7m k\u1ef3 ngh\u1ec9 T\u1ebft tuy\u1ec7t v\u1eddi trong tour ch\u00e2u \u00c2u 11 ng\u00e0y 10 \u0111\u00eam, b\u1ea1n s\u1ebd kh\u00e1m ph\u00e1 c\u00e1c qu\u1ed1c gia Ph\u00e1p, Th\u1ee5y S\u0129, \u00dd t\u1ea1i \"l\u1ee5c \u0111\u1ecba gi\u00e0\" \u0111\u1ea7y quy\u1ebfn r\u0169 n\u00e0y.","robots":{"index":"index","follow":"follow","max-snippet":"max-snippet:-1","max-image-preview":"max-image-preview:large","max-video-preview":"max-video-preview:-1"},"canonical":"https:\/\/www.ivivu.com\/blog\/2022\/11\/chiem-nguong-sac-xuan-troi-au-lang-man-trong-tour-chau-au-11n10d\/","twitter_misc":{"\u0110\u01b0\u1ee3c vi\u1ebft b\u1edfi":"Ng\u1ecdc H\u1ea1nh Nguy\u1ec5n","\u01af\u1edbc t\u00ednh th\u1eddi gian \u0111\u1ecdc":"20 ph\u00fat"},"schema":{"@context":"https:\/\/schema.org","@graph":[{"@type":"Article","@id":"https:\/\/www.ivivu.com\/blog\/2022\/11\/chiem-nguong-sac-xuan-troi-au-lang-man-trong-tour-chau-au-11n10d\/#article","isPartOf":{"@id":"https:\/\/www.ivivu.com\/blog\/2022\/11\/chiem-nguong-sac-xuan-troi-au-lang-man-trong-tour-chau-au-11n10d\/"},"author":{"name":"Ng\u1ecdc H\u1ea1nh Nguy\u1ec5n","@id":"https:\/\/www.ivivu.com\/blog\/#\/schema\/person\/85d704a13f06322f2b35c654e205d315"},"headline":"Chi\u00eam ng\u01b0\u1ee1ng s\u1eafc xu\u00e2n tr\u1eddi \u00c2u l\u00e3ng m\u1ea1n trong tour ch\u00e2u \u00c2u 11N10\u0110","datePublished":"2022-11-04T11:55:59+00:00","dateModified":"2025-11-18T10:13:32+00:00","mainEntityOfPage":{"@id":"https:\/\/www.ivivu.com\/blog\/2022\/11\/chiem-nguong-sac-xuan-troi-au-lang-man-trong-tour-chau-au-11n10d\/"},"wordCount":3530,"publisher":{"@id":"https:\/\/www.ivivu.com\/blog\/#organization"},"image":{"@id":"https:\/\/www.ivivu.com\/blog\/2022\/11\/chiem-nguong-sac-xuan-troi-au-lang-man-trong-tour-chau-au-11n10d\/#primaryimage"},"thumbnailUrl":"https:\/\/cdn3.ivivu.com\/2022\/11\/Th\u1ee5y-S\u0129-ivivu-29.jpg","keywords":["Du l\u1ecbch Ph\u00e1p","du l\u1ecbch t\u1ebft","du li\u0323ch th\u00ea\u0301 gi\u01a1\u0301i","du l\u1ecbch Th\u1ee5y S\u0129","du l\u1ecbch \u00dd","\u0111i\u00ea\u0309m \u0111\u1ebfn","tour ch\u00e2u \u00c2u"],"articleSection":["Ch\u00e2u \u00c2u","Du l\u1ecbch T\u1ebft","DU L\u1ecaCH TH\u1ebe GI\u1edaI","\u0110i\u1ec3m \u0111\u1ebfn","N\u1ed5i B\u1eadt 2","Tour du l\u1ecbch"],"inLanguage":"vi"},{"@type":"WebPage","@id":"https:\/\/www.ivivu.com\/blog\/2022\/11\/chiem-nguong-sac-xuan-troi-au-lang-man-trong-tour-chau-au-11n10d\/","url":"https:\/\/www.ivivu.com\/blog\/2022\/11\/chiem-nguong-sac-xuan-troi-au-lang-man-trong-tour-chau-au-11n10d\/","name":"Chi\u00eam ng\u01b0\u1ee1ng s\u1eafc xu\u00e2n tr\u1eddi \u00c2u l\u00e3ng m\u1ea1n trong tour ch\u00e2u \u00c2u 11N10\u0110 - iVIVU.com","isPartOf":{"@id":"https:\/\/www.ivivu.com\/blog\/#website"},"primaryImageOfPage":{"@id":"https:\/\/www.ivivu.com\/blog\/2022\/11\/chiem-nguong-sac-xuan-troi-au-lang-man-trong-tour-chau-au-11n10d\/#primaryimage"},"image":{"@id":"https:\/\/www.ivivu.com\/blog\/2022\/11\/chiem-nguong-sac-xuan-troi-au-lang-man-trong-tour-chau-au-11n10d\/#primaryimage"},"thumbnailUrl":"https:\/\/cdn3.ivivu.com\/2022\/11\/Th\u1ee5y-S\u0129-ivivu-29.jpg","datePublished":"2022-11-04T11:55:59+00:00","dateModified":"2025-11-18T10:13:32+00:00","description":"Tr\u1ea3i nghi\u1ec7m k\u1ef3 ngh\u1ec9 T\u1ebft tuy\u1ec7t v\u1eddi trong tour ch\u00e2u \u00c2u 11 ng\u00e0y 10 \u0111\u00eam, b\u1ea1n s\u1ebd kh\u00e1m ph\u00e1 c\u00e1c qu\u1ed1c gia Ph\u00e1p, Th\u1ee5y S\u0129, \u00dd t\u1ea1i \"l\u1ee5c \u0111\u1ecba gi\u00e0\" \u0111\u1ea7y quy\u1ebfn r\u0169 n\u00e0y.","breadcrumb":{"@id":"https:\/\/www.ivivu.com\/blog\/2022\/11\/chiem-nguong-sac-xuan-troi-au-lang-man-trong-tour-chau-au-11n10d\/#breadcrumb"},"inLanguage":"vi","potentialAction":[{"@type":"ReadAction","target":["https:\/\/www.ivivu.com\/blog\/2022\/11\/chiem-nguong-sac-xuan-troi-au-lang-man-trong-tour-chau-au-11n10d\/"]}]},{"@type":"ImageObject","inLanguage":"vi","@id":"https:\/\/www.ivivu.com\/blog\/2022\/11\/chiem-nguong-sac-xuan-troi-au-lang-man-trong-tour-chau-au-11n10d\/#primaryimage","url":"https:\/\/cdn3.ivivu.com\/2022\/11\/Th\u1ee5y-S\u0129-ivivu-29.jpg","contentUrl":"https:\/\/cdn3.ivivu.com\/2022\/11\/Th\u1ee5y-S\u0129-ivivu-29.jpg","width":1000,"height":655,"caption":"M\u1ed9t ng\u00f4i l\u00e0ng t\u1ea1i Th\u1ee5y S\u0129."},{"@type":"BreadcrumbList","@id":"https:\/\/www.ivivu.com\/blog\/2022\/11\/chiem-nguong-sac-xuan-troi-au-lang-man-trong-tour-chau-au-11n10d\/#breadcrumb","itemListElement":[{"@type":"ListItem","position":1,"name":"Home","item":"https:\/\/www.ivivu.com\/blog\/"},{"@type":"ListItem","position":2,"name":"Chi\u00eam ng\u01b0\u1ee1ng s\u1eafc xu\u00e2n tr\u1eddi \u00c2u l\u00e3ng m\u1ea1n trong tour ch\u00e2u \u00c2u 11N10\u0110"}]},{"@type":"WebSite","@id":"https:\/\/www.ivivu.com\/blog\/#website","url":"https:\/\/www.ivivu.com\/blog\/","name":"C\u1ea9m nang du l\u1ecbch","description":"","publisher":{"@id":"https:\/\/www.ivivu.com\/blog\/#organization"},"potentialAction":[{"@type":"SearchAction","target":{"@type":"EntryPoint","urlTemplate":"https:\/\/www.ivivu.com\/blog\/?s={search_term_string}"},"query-input":"required name=search_term_string"}],"inLanguage":"vi"},{"@type":"Organization","@id":"https:\/\/www.ivivu.com\/blog\/#organization","name":"iVIVU.com","url":"https:\/\/www.ivivu.com\/blog\/","logo":{"@type":"ImageObject","inLanguage":"vi","@id":"https:\/\/www.ivivu.com\/blog\/#\/schema\/logo\/image\/","url":"https:\/\/cdn3.ivivu.com\/2024\/01\/ivivu_no_slogan.png","contentUrl":"https:\/\/cdn3.ivivu.com\/2024\/01\/ivivu_no_slogan.png","width":788,"height":565,"caption":"iVIVU.com"},"image":{"@id":"https:\/\/www.ivivu.com\/blog\/#\/schema\/logo\/image\/"},"sameAs":["https:\/\/www.facebook.com\/iVIVU"]},{"@type":"Person","@id":"https:\/\/www.ivivu.com\/blog\/#\/schema\/person\/85d704a13f06322f2b35c654e205d315","name":"Ng\u1ecdc H\u1ea1nh Nguy\u1ec5n","url":"https:\/\/www.ivivu.com\/blog\/author\/ngochanh\/"}]}},"_links":{"self":[{"href":"https:\/\/www.ivivu.com\/blog\/wp-json\/wp\/v2\/posts\/383087"}],"collection":[{"href":"https:\/\/www.ivivu.com\/blog\/wp-json\/wp\/v2\/posts"}],"about":[{"href":"https:\/\/www.ivivu.com\/blog\/wp-json\/wp\/v2\/types\/post"}],"author":[{"embeddable":true,"href":"https:\/\/www.ivivu.com\/blog\/wp-json\/wp\/v2\/users\/65"}],"replies":[{"embeddable":true,"href":"https:\/\/www.ivivu.com\/blog\/wp-json\/wp\/v2\/comments?post=383087"}],"version-history":[{"count":18,"href":"https:\/\/www.ivivu.com\/blog\/wp-json\/wp\/v2\/posts\/383087\/revisions"}],"predecessor-version":[{"id":514139,"href":"https:\/\/www.ivivu.com\/blog\/wp-json\/wp\/v2\/posts\/383087\/revisions\/514139"}],"wp:featuredmedia":[{"embeddable":true,"href":"https:\/\/www.ivivu.com\/blog\/wp-json\/wp\/v2\/media\/383767"}],"wp:attachment":[{"href":"https:\/\/www.ivivu.com\/blog\/wp-json\/wp\/v2\/media?parent=383087"}],"wp:term":[{"taxonomy":"category","embeddable":true,"href":"https:\/\/www.ivivu.com\/blog\/wp-json\/wp\/v2\/categories?post=383087"},{"taxonomy":"post_tag","embeddable":true,"href":"https:\/\/www.ivivu.com\/blog\/wp-json\/wp\/v2\/tags?post=383087"}],"curies":[{"name":"wp","href":"https:\/\/api.w.org\/{rel}","templated":true}]}}