{"id":386985,"date":"2022-11-23T10:13:38","date_gmt":"2022-11-23T03:13:38","guid":{"rendered":"https:\/\/www.ivivu.com\/blog\/?p=386985"},"modified":"2025-11-10T18:16:27","modified_gmt":"2025-11-10T11:16:27","slug":"le-hoi-den-long-han-quoc-dien-ra-vao-cuoi-nam","status":"publish","type":"post","link":"https:\/\/www.ivivu.com\/blog\/2022\/11\/le-hoi-den-long-han-quoc-dien-ra-vao-cuoi-nam\/","title":{"rendered":"L\u1ec5 h\u1ed9i \u0111\u00e8n l\u1ed3ng H\u00e0n Qu\u1ed1c di\u1ec5n ra v\u00e0o cu\u1ed1i n\u0103m"},"content":{"rendered":"<p style=\"text-align: justify;\"><em><strong>C\u1ee9 m\u1ed7i d\u1ecbp cu\u1ed1i n\u0103m, l\u1ec5 h\u1ed9i \u0111\u00e8n l\u1ed3ng H\u00e0n Qu\u1ed1c \u0111\u01b0\u1ee3c di\u1ec5n ra \u0111\u1eb7c s\u1eafc, thu h\u00fat s\u1ef1 ch\u00fa \u00fd c\u1ee7a ng\u01b0\u1eddi d\u00e2n v\u00e0 h\u00e0ng tri\u1ec7u du kh\u00e1ch tr\u00ean kh\u1eafp th\u1ebf gi\u1edbi.<\/strong><\/em><\/p>\n<p style=\"text-align: justify;\"><!--more--><\/p>\n<p style=\"text-align: justify;\"><div class=\"ltt-contentbox white\"><\/span><strong>Xem th\u00eam:\u00a0<a href=\"https:\/\/www.ivivu.com\/blog\/tag\/du-lich-han-quoc\/\" target=\"_blank\" rel=\"noopener\">Du l\u1ecbch H\u00e0n Qu\u1ed1c<\/a><\/strong><\/div><\/p>\n<h2 style=\"text-align: justify;\">L\u1ec5 h\u1ed9i \u0111\u00e8n l\u1ed3ng H\u00e0n Qu\u1ed1c di\u1ec5n ra v\u00e0o cu\u1ed1i n\u0103m<\/h2>\n<p style=\"text-align: justify;\">Khi gh\u00e9 th\u0103m H\u00e0n Qu\u1ed1c d\u1ecbp cu\u1ed1i n\u0103m, du kh\u00e1ch s\u1ebd cho\u00e1ng ng\u1ee3p v\u00e0 b\u1ea5t ng\u1edd v\u00ec nh\u1eefng chi\u1ebfc \u0111\u00e8n l\u1ed3ng lung linh r\u1ef1c r\u1ee1 tr\u00ean c\u00e1c con ph\u1ed1 trong <strong>l\u1ec5 h\u1ed9i \u0111\u00e8n l\u1ed3ng H\u00e0n Qu\u1ed1c<\/strong>.<\/p>\n<div id=\"attachment_386989\" style=\"width: 970px\" class=\"wp-caption aligncenter\"><a href=\"https:\/\/cdn3.ivivu.com\/2022\/11\/le-hoi-den-long-han-quoc-ivivu-3.jpeg\"><img loading=\"lazy\" decoding=\"async\" aria-describedby=\"caption-attachment-386989\" class=\"wp-image-386989 size-full\" src=\"https:\/\/cdn3.ivivu.com\/2022\/11\/le-hoi-den-long-han-quoc-ivivu-3.jpeg\" alt=\"le-hoi-den-long-han-quoc-ivivu-3\" width=\"960\" height=\"612\" srcset=\"https:\/\/cdn3.ivivu.com\/2022\/11\/le-hoi-den-long-han-quoc-ivivu-3.jpeg 960w, https:\/\/cdn3.ivivu.com\/2022\/11\/le-hoi-den-long-han-quoc-ivivu-3-478x305.jpeg 478w\" sizes=\"(max-width: 960px) 100vw, 960px\" \/><\/a><p id=\"caption-attachment-386989\" class=\"wp-caption-text\">\u1ea2nh: Korea Tourism Organization.<\/p><\/div>\n<p style=\"text-align: justify;\"><em><strong>L\u1ec5 h\u1ed9i \u0111\u00e8n l\u1ed3ng H\u00e0n Qu\u1ed1c<\/strong><\/em> b\u1eaft \u0111\u1ea7u t\u1ed5 ch\u1ee9c v\u00e0o n\u0103m 2009, \u0111\u00e3 tr\u1ea3i qua g\u1ea7n ch\u1ee5c n\u0103m v\u00e0 thu h\u00fat kho\u1ea3ng 3 tri\u1ec7u du kh\u00e1ch \u0111\u1ebfn tham quan m\u1ed7i n\u0103m. L\u1ec5 h\u1ed9i tr\u1edf th\u00e0nh s\u1ef1 ki\u1ec7n mang t\u00ednh bi\u1ec3u t\u01b0\u1ee3ng c\u1ee7a Seoul, th\u00fac \u0111\u1ea9y trao \u0111\u1ed5i du l\u1ecbch, v\u0103n h\u00f3a &#8211; ngh\u1ec7 thu\u1eadt trong v\u00e0 ngo\u00e0i n\u01b0\u1edbc.<\/p>\n<div id=\"attachment_386990\" style=\"width: 970px\" class=\"wp-caption aligncenter\"><a href=\"https:\/\/cdn3.ivivu.com\/2022\/11\/le-hoi-den-long-han-quoc-ivivu-2.jpeg\"><img loading=\"lazy\" decoding=\"async\" aria-describedby=\"caption-attachment-386990\" class=\"wp-image-386990 size-full\" src=\"https:\/\/cdn3.ivivu.com\/2022\/11\/le-hoi-den-long-han-quoc-ivivu-2.jpeg\" alt=\"le-hoi-den-long-han-quoc-ivivu-2\" width=\"960\" height=\"638\" srcset=\"https:\/\/cdn3.ivivu.com\/2022\/11\/le-hoi-den-long-han-quoc-ivivu-2.jpeg 960w, https:\/\/cdn3.ivivu.com\/2022\/11\/le-hoi-den-long-han-quoc-ivivu-2-459x305.jpeg 459w\" sizes=\"(max-width: 960px) 100vw, 960px\" \/><\/a><p id=\"caption-attachment-386990\" class=\"wp-caption-text\">\u1ea2nh: Korea JoongAng Daily.<\/p><\/div>\n<p style=\"text-align: justify;\">V\u00e0o nh\u1eefng ng\u00e0y di\u1ec5n ra l\u1ec5 h\u1ed9i, su\u1ed1i\u00a0Cheonggyecheon \u0111\u01b0\u1ee3c th\u1eafp s\u00e1ng b\u1edfi s\u1ef1 lung linh r\u1ef1c r\u1ee1 c\u1ee7a h\u00e0ng tr\u0103m chi\u1ebfc \u0111\u00e8n l\u1ed3ng kh\u1ed5ng l\u1ed3, nhi\u1ec1u m\u00e0u s\u1eafc, h\u00ecnh d\u1ea1ng kh\u00e1c nhau. S\u1ef1 s\u00e1ng t\u1ea1o l\u00e0 kh\u00f4ng gi\u1edbi h\u1ea1n, t\u1eeb cung \u0111i\u1ec7n, sinh v\u1eadt huy\u1ec1n b\u00ed, \u0111\u1ed9ng v\u1eadt \u0111\u1ebfn nh\u00e2n v\u1eadt ho\u1ea1t h\u00ecnh. M\u1ed7i thi\u1ebft k\u1ebf \u0111\u00e8n l\u1ed3ng d\u00f9 \u0111\u01a1n gi\u1ea3n hay ph\u1ee9c t\u1ea1p \u0111\u1ec1u c\u00f3 m\u1ed9t c\u00e2u chuy\u1ec7n \u0111\u1eb1ng sau ng\u01b0\u1eddi ngh\u1ec7 s\u0129.<\/p>\n<p style=\"text-align: justify;\">C\u00f3 r\u1ea5t nhi\u1ec1u ho\u1ea1t \u0111\u1ed9ng trong l\u1ec5 h\u1ed9i \u0111\u1ec3 du kh\u00e1ch tr\u1ea3i nghi\u1ec7m nh\u01b0 th\u1ea3 \u0111\u00e8n tr\u1eddi, di\u1ec5u h\u00e0nh xe \u0111\u00e8n l\u1ed3ng, h\u1ecdc c\u00e1ch l\u00e0m \u0111\u00e8n hoa \u0111\u0103ng, th\u1ea3 \u0111\u00e8n tr\u00ean s\u00f4ng.<\/p>\n<div id=\"attachment_386991\" style=\"width: 960px\" class=\"wp-caption aligncenter\"><a href=\"https:\/\/cdn3.ivivu.com\/2022\/11\/le-hoi-den-long-han-quoc-ivivu-1.jpeg\"><img loading=\"lazy\" decoding=\"async\" aria-describedby=\"caption-attachment-386991\" class=\"wp-image-386991 size-full\" src=\"https:\/\/cdn3.ivivu.com\/2022\/11\/le-hoi-den-long-han-quoc-ivivu-1.jpeg\" alt=\"le-hoi-den-long-han-quoc-ivivu-1\" width=\"950\" height=\"636\" srcset=\"https:\/\/cdn3.ivivu.com\/2022\/11\/le-hoi-den-long-han-quoc-ivivu-1.jpeg 950w, https:\/\/cdn3.ivivu.com\/2022\/11\/le-hoi-den-long-han-quoc-ivivu-1-456x305.jpeg 456w\" sizes=\"(max-width: 950px) 100vw, 950px\" \/><\/a><p id=\"caption-attachment-386991\" class=\"wp-caption-text\">\u1ea2nh: Visit Korea.<\/p><\/div>\n<p style=\"text-align: justify;\">Ch\u1ee7 \u0111\u1ec1 n\u0103m 2021 l\u00e0 \u201cForest of healing, the color of Seoul\u201d (t\u1ea1m d\u1ecbch: Khu r\u1eebng ch\u1eefa l\u00e0nh, s\u1eafc m\u00e0u Seoul). C\u00f3 l\u1ebd ch\u1ee7 \u0111\u1ec1 \u0111\u01b0\u1ee3c l\u1ea5y c\u1ea3m h\u1ee9ng t\u1eeb s\u1ef1 b\u00ecnh y\u00ean sau nh\u1eefng ng\u00e0y th\u00e1ng bi\u1ebfn \u0111\u1ed9ng, mong mu\u1ed1n v\u1ec1 nh\u1eefng \u0111i\u1ec1u t\u1ed1t \u0111\u1eb9p \u1edf t\u01b0\u01a1ng lai. Ngo\u00e0i c\u00e1c t\u00e1c ph\u1ea9m trong n\u01b0\u1edbc, nhi\u1ec1u qu\u1ed1c gia c\u0169ng tham gia tr\u01b0ng b\u00e0y t\u00e1c ph\u1ea9m \u0111\u00e8n l\u1ed3ng t\u1ea1i l\u1ec5 h\u1ed9i.<\/p>\n<p style=\"text-align: justify;\"><em>L\u1ec5 h\u1ed9i \u0111\u00e8n l\u1ed3ng H\u00e0n Qu\u1ed1c<\/em> n\u0103m 2021 c\u00f3 10 t\u00e1c ph\u1ea9m \u0111\u01b0\u1ee3c \u0111\u01b0a l\u00ean n\u1ec1n t\u1ea3ng tr\u1ef1c tuy\u1ebfn c\u00f9ng c\u00f4ng ngh\u1ec7 t\u01b0\u01a1ng t\u00e1c th\u1ef1c t\u1ebf \u1ea3o (AR). Du kh\u00e1ch c\u00f3 th\u1ec3 xem c\u00e1c t\u00e1c ph\u1ea9m n\u00e0y t\u1ea1i website ch\u00ednh th\u1ee9c c\u1ee7a l\u1ec5 h\u1ed9i.<\/p>\n<div id=\"attachment_387033\" style=\"width: 970px\" class=\"wp-caption alignnone\"><a href=\"https:\/\/cdn3.ivivu.com\/2022\/11\/l\u1ec5-h\u1ed9i-\u0111\u00e8n-l\u1ed3ng-H\u00e0n-Qu\u1ed1c-ivivu.jpeg\"><img loading=\"lazy\" decoding=\"async\" aria-describedby=\"caption-attachment-387033\" class=\"size-full wp-image-387033\" src=\"https:\/\/cdn3.ivivu.com\/2022\/11\/l\u1ec5-h\u1ed9i-\u0111\u00e8n-l\u1ed3ng-H\u00e0n-Qu\u1ed1c-ivivu.jpeg\" alt=\"\u1ea2nh: The Korea Times.\" width=\"960\" height=\"1200\" srcset=\"https:\/\/cdn3.ivivu.com\/2022\/11\/l\u1ec5-h\u1ed9i-\u0111\u00e8n-l\u1ed3ng-H\u00e0n-Qu\u1ed1c-ivivu.jpeg 960w, https:\/\/cdn3.ivivu.com\/2022\/11\/l\u1ec5-h\u1ed9i-\u0111\u00e8n-l\u1ed3ng-H\u00e0n-Qu\u1ed1c-ivivu-244x305.jpeg 244w, https:\/\/cdn3.ivivu.com\/2022\/11\/l\u1ec5-h\u1ed9i-\u0111\u00e8n-l\u1ed3ng-H\u00e0n-Qu\u1ed1c-ivivu-819x1024.jpeg 819w\" sizes=\"(max-width: 960px) 100vw, 960px\" \/><\/a><p id=\"caption-attachment-387033\" class=\"wp-caption-text\">\u1ea2nh: The Korea Times.<\/p><\/div>\n<p style=\"text-align: justify;\">H\u00e0ng n\u0103m l\u1ec5 h\u1ed9i di\u1ec5n ra t\u1ea1i su\u1ed1i Cheonggyecheon, nh\u01b0ng n\u0103m nay l\u1ec5 h\u1ed9i s\u1ebd \u0111\u01b0\u1ee3c t\u1ed5 ch\u1ee9c t\u1ea1i qu\u1ea3ng tr\u01b0\u1eddng Gwanghwamun. Th\u1eddi gian t\u1ed5 ch\u1ee9c \u0111\u01b0\u1ee3c c\u00f4ng b\u1ed1 tr\u00ean website ch\u00ednh th\u1ee9c l\u00e0 ng\u00e0y 16-31\/12.<\/p>\n<p style=\"text-align: right;\"><strong>Theo Monster<\/strong><\/p>\n<p style=\"text-align: justify;\"><div class=\"ltt-contentbox white\"><\/span><\/p>\n<p style=\"text-align: justify;\"><strong>Xem th\u00eam b\u00e0i vi\u1ebft:<\/strong><\/p>\n<p class=\"entry-title\"><strong><a href=\"https:\/\/www.ivivu.com\/blog\/2022\/08\/nhung-bao-tang-ki-la-chi-co-o-han-quoc\/\" target=\"_blank\" rel=\"noopener\">Nh\u1eefng b\u1ea3o t\u00e0ng k\u00ec l\u1ea1 ch\u1ec9 c\u00f3 \u1edf H\u00e0n Qu\u1ed1c<\/a><\/strong><\/p>\n<p class=\"entry-title\"><strong><a href=\"https:\/\/www.ivivu.com\/blog\/2022\/07\/diem-qua-6-dieu-thu-vi-ve-dao-jeju-han-quoc\/\" target=\"_blank\" rel=\"noopener\">\u0110i\u1ec3m qua 6 \u0111i\u1ec1u th\u00fa v\u1ecb v\u1ec1 \u0111\u1ea3o Jeju H\u00e0n Qu\u1ed1c<\/a><\/strong><\/p>\n<p><strong><a href=\"https:\/\/www.ivivu.com\/blog\/2022\/09\/top-8-mon-an-duong-pho-noi-tieng-tai-han-quoc\/\" target=\"_blank\" rel=\"noopener\">Top 8 m\u00f3n \u0103n \u0111\u01b0\u1eddng ph\u1ed1 n\u1ed5i ti\u1ebfng t\u1ea1i H\u00e0n Qu\u1ed1c<\/a><\/strong><\/div><\/p>\n<h3 style=\"text-align: center;\"><div class=\"ltt-contentbox white\"><\/span><strong>Click \u0111\u1eb7t ngay\u00a0<a href=\"https:\/\/www.ivivu.com\/?utm_source=blog_ivivu&amp;utm_medium=post_link&amp;utm_campaign=internal\" target=\"_blank\" rel=\"noopener\">kh\u00e1ch s\u1ea1n Vi\u1ec7t Nam v\u00e0 tr\u00ean to\u00e0n th\u1ebf gi\u1edbi<\/a>\u00a0t\u1ed1t nh\u1ea5t gi\u00e1 ch\u1ec9 c\u00f3 t\u1ea1i iVIVU.com!<\/strong><\/div><\/h3>\n<p>***<\/p>\n<p><strong>Tham kh\u1ea3o:\u00a0<a href=\"https:\/\/www.ivivu.com\/blog\" target=\"_blank\" rel=\"noopener\">C\u1ea9m nang du l\u1ecbch iVIVU.com<\/a><\/strong><\/p>\n","protected":false},"excerpt":{"rendered":"<p>C\u1ee9 m\u1ed7i d\u1ecbp cu\u1ed1i n\u0103m, l\u1ec5 h\u1ed9i \u0111\u00e8n l\u1ed3ng H\u00e0n Qu\u1ed1c \u0111\u01b0\u1ee3c di\u1ec5n ra \u0111\u1eb7c s\u1eafc, thu h\u00fat s\u1ef1 ch\u00fa \u00fd c\u1ee7a ng\u01b0\u1eddi d\u00e2n v\u00e0 h\u00e0ng tri\u1ec7u du kh\u00e1ch tr\u00ean kh\u1eafp th\u1ebf gi\u1edbi.<\/p>\n","protected":false},"author":57,"featured_media":386989,"comment_status":"closed","ping_status":"open","sticky":false,"template":"","format":"standard","meta":{"_acf_changed":false,"footnotes":""},"categories":[246,360,231,795,14742,289,518],"tags":[353,4726,17790,4725,43629],"acf":[],"yoast_head":"<!-- This site is optimized with the Yoast SEO Premium plugin v22.6 (Yoast SEO v22.6) - https:\/\/yoast.com\/wordpress\/plugins\/seo\/ -->\n<title>L\u1ec5 h\u1ed9i \u0111\u00e8n l\u1ed3ng H\u00e0n Qu\u1ed1c di\u1ec5n ra v\u00e0o cu\u1ed1i n\u0103m - iVIVU.com<\/title>\n<meta name=\"description\" content=\"C\u1ee9 m\u1ed7i d\u1ecbp cu\u1ed1i n\u0103m, l\u1ec5 h\u1ed9i \u0111\u00e8n l\u1ed3ng H\u00e0n Qu\u1ed1c \u0111\u01b0\u1ee3c di\u1ec5n ra \u0111\u1eb7c s\u1eafc, thu h\u00fat s\u1ef1 ch\u00fa \u00fd c\u1ee7a ng\u01b0\u1eddi d\u00e2n v\u00e0 h\u00e0ng tri\u1ec7u du kh\u00e1ch tr\u00ean kh\u1eafp th\u1ebf gi\u1edbi.\" \/>\n<meta name=\"robots\" content=\"index, follow, max-snippet:-1, max-image-preview:large, max-video-preview:-1\" \/>\n<link rel=\"canonical\" href=\"https:\/\/www.ivivu.com\/blog\/2022\/11\/le-hoi-den-long-han-quoc-dien-ra-vao-cuoi-nam\/\" \/>\n<meta name=\"twitter:label1\" content=\"\u0110\u01b0\u1ee3c vi\u1ebft b\u1edfi\" \/>\n\t<meta name=\"twitter:data1\" content=\"tho on\" \/>\n\t<meta name=\"twitter:label2\" content=\"\u01af\u1edbc t\u00ednh th\u1eddi gian \u0111\u1ecdc\" \/>\n\t<meta name=\"twitter:data2\" content=\"4 ph\u00fat\" \/>\n<script type=\"application\/ld+json\" class=\"yoast-schema-graph\">{\"@context\":\"https:\/\/schema.org\",\"@graph\":[{\"@type\":\"Article\",\"@id\":\"https:\/\/www.ivivu.com\/blog\/2022\/11\/le-hoi-den-long-han-quoc-dien-ra-vao-cuoi-nam\/#article\",\"isPartOf\":{\"@id\":\"https:\/\/www.ivivu.com\/blog\/2022\/11\/le-hoi-den-long-han-quoc-dien-ra-vao-cuoi-nam\/\"},\"author\":{\"name\":\"tho on\",\"@id\":\"https:\/\/www.ivivu.com\/blog\/#\/schema\/person\/5e1c954f532f8487dc5b79bca7443751\"},\"headline\":\"L\u1ec5 h\u1ed9i \u0111\u00e8n l\u1ed3ng H\u00e0n Qu\u1ed1c di\u1ec5n ra v\u00e0o cu\u1ed1i n\u0103m\",\"datePublished\":\"2022-11-23T03:13:38+00:00\",\"dateModified\":\"2025-11-10T11:16:27+00:00\",\"mainEntityOfPage\":{\"@id\":\"https:\/\/www.ivivu.com\/blog\/2022\/11\/le-hoi-den-long-han-quoc-dien-ra-vao-cuoi-nam\/\"},\"wordCount\":793,\"publisher\":{\"@id\":\"https:\/\/www.ivivu.com\/blog\/#organization\"},\"image\":{\"@id\":\"https:\/\/www.ivivu.com\/blog\/2022\/11\/le-hoi-den-long-han-quoc-dien-ra-vao-cuoi-nam\/#primaryimage\"},\"thumbnailUrl\":\"https:\/\/cdn3.ivivu.com\/2022\/11\/le-hoi-den-long-han-quoc-ivivu-3.jpeg\",\"keywords\":[\"Du l\u1ecbch H\u00e0n Qu\u1ed1c\",\"\u0111i\u1ec3m \u0111\u1ebfn h\u00e0n qu\u1ed1c\",\"H\u00e0n Qu\u1ed1c\",\"kinh nghi\u1ec7m du l\u1ecbch h\u00e0n qu\u1ed1c\",\"L\u1ec5 h\u1ed9i \u0111\u00e8n l\u1ed3ng H\u00e0n Qu\u1ed1c\"],\"articleSection\":[\"Ch\u00e2u \u00c1\",\"Du l\u1ecbch H\u00e0n Qu\u1ed1c\",\"DU L\u1ecaCH TH\u1ebe GI\u1edaI\",\"\u0110i\u1ec3m \u0111\u1ebfn\",\"N\u1ed5i B\u1eadt 2\",\"TIN DU L\u1ecaCH\",\"Tin l\u1ec5 h\u1ed9i - s\u1ef1 ki\u1ec7n\"],\"inLanguage\":\"vi\"},{\"@type\":\"WebPage\",\"@id\":\"https:\/\/www.ivivu.com\/blog\/2022\/11\/le-hoi-den-long-han-quoc-dien-ra-vao-cuoi-nam\/\",\"url\":\"https:\/\/www.ivivu.com\/blog\/2022\/11\/le-hoi-den-long-han-quoc-dien-ra-vao-cuoi-nam\/\",\"name\":\"L\u1ec5 h\u1ed9i \u0111\u00e8n l\u1ed3ng H\u00e0n Qu\u1ed1c di\u1ec5n ra v\u00e0o cu\u1ed1i n\u0103m - iVIVU.com\",\"isPartOf\":{\"@id\":\"https:\/\/www.ivivu.com\/blog\/#website\"},\"primaryImageOfPage\":{\"@id\":\"https:\/\/www.ivivu.com\/blog\/2022\/11\/le-hoi-den-long-han-quoc-dien-ra-vao-cuoi-nam\/#primaryimage\"},\"image\":{\"@id\":\"https:\/\/www.ivivu.com\/blog\/2022\/11\/le-hoi-den-long-han-quoc-dien-ra-vao-cuoi-nam\/#primaryimage\"},\"thumbnailUrl\":\"https:\/\/cdn3.ivivu.com\/2022\/11\/le-hoi-den-long-han-quoc-ivivu-3.jpeg\",\"datePublished\":\"2022-11-23T03:13:38+00:00\",\"dateModified\":\"2025-11-10T11:16:27+00:00\",\"description\":\"C\u1ee9 m\u1ed7i d\u1ecbp cu\u1ed1i n\u0103m, l\u1ec5 h\u1ed9i \u0111\u00e8n l\u1ed3ng H\u00e0n Qu\u1ed1c \u0111\u01b0\u1ee3c di\u1ec5n ra \u0111\u1eb7c s\u1eafc, thu h\u00fat s\u1ef1 ch\u00fa \u00fd c\u1ee7a ng\u01b0\u1eddi d\u00e2n v\u00e0 h\u00e0ng tri\u1ec7u du kh\u00e1ch tr\u00ean kh\u1eafp th\u1ebf gi\u1edbi.\",\"breadcrumb\":{\"@id\":\"https:\/\/www.ivivu.com\/blog\/2022\/11\/le-hoi-den-long-han-quoc-dien-ra-vao-cuoi-nam\/#breadcrumb\"},\"inLanguage\":\"vi\",\"potentialAction\":[{\"@type\":\"ReadAction\",\"target\":[\"https:\/\/www.ivivu.com\/blog\/2022\/11\/le-hoi-den-long-han-quoc-dien-ra-vao-cuoi-nam\/\"]}]},{\"@type\":\"ImageObject\",\"inLanguage\":\"vi\",\"@id\":\"https:\/\/www.ivivu.com\/blog\/2022\/11\/le-hoi-den-long-han-quoc-dien-ra-vao-cuoi-nam\/#primaryimage\",\"url\":\"https:\/\/cdn3.ivivu.com\/2022\/11\/le-hoi-den-long-han-quoc-ivivu-3.jpeg\",\"contentUrl\":\"https:\/\/cdn3.ivivu.com\/2022\/11\/le-hoi-den-long-han-quoc-ivivu-3.jpeg\",\"width\":960,\"height\":612},{\"@type\":\"BreadcrumbList\",\"@id\":\"https:\/\/www.ivivu.com\/blog\/2022\/11\/le-hoi-den-long-han-quoc-dien-ra-vao-cuoi-nam\/#breadcrumb\",\"itemListElement\":[{\"@type\":\"ListItem\",\"position\":1,\"name\":\"Home\",\"item\":\"https:\/\/www.ivivu.com\/blog\/\"},{\"@type\":\"ListItem\",\"position\":2,\"name\":\"L\u1ec5 h\u1ed9i \u0111\u00e8n l\u1ed3ng H\u00e0n Qu\u1ed1c di\u1ec5n ra v\u00e0o cu\u1ed1i n\u0103m\"}]},{\"@type\":\"WebSite\",\"@id\":\"https:\/\/www.ivivu.com\/blog\/#website\",\"url\":\"https:\/\/www.ivivu.com\/blog\/\",\"name\":\"C\u1ea9m nang du l\u1ecbch\",\"description\":\"\",\"publisher\":{\"@id\":\"https:\/\/www.ivivu.com\/blog\/#organization\"},\"potentialAction\":[{\"@type\":\"SearchAction\",\"target\":{\"@type\":\"EntryPoint\",\"urlTemplate\":\"https:\/\/www.ivivu.com\/blog\/?s={search_term_string}\"},\"query-input\":\"required name=search_term_string\"}],\"inLanguage\":\"vi\"},{\"@type\":\"Organization\",\"@id\":\"https:\/\/www.ivivu.com\/blog\/#organization\",\"name\":\"iVIVU.com\",\"url\":\"https:\/\/www.ivivu.com\/blog\/\",\"logo\":{\"@type\":\"ImageObject\",\"inLanguage\":\"vi\",\"@id\":\"https:\/\/www.ivivu.com\/blog\/#\/schema\/logo\/image\/\",\"url\":\"https:\/\/cdn3.ivivu.com\/2024\/01\/ivivu_no_slogan.png\",\"contentUrl\":\"https:\/\/cdn3.ivivu.com\/2024\/01\/ivivu_no_slogan.png\",\"width\":788,\"height\":565,\"caption\":\"iVIVU.com\"},\"image\":{\"@id\":\"https:\/\/www.ivivu.com\/blog\/#\/schema\/logo\/image\/\"},\"sameAs\":[\"https:\/\/www.facebook.com\/iVIVU\"]},{\"@type\":\"Person\",\"@id\":\"https:\/\/www.ivivu.com\/blog\/#\/schema\/person\/5e1c954f532f8487dc5b79bca7443751\",\"name\":\"tho on\",\"url\":\"https:\/\/www.ivivu.com\/blog\/author\/tho-on\/\"}]}<\/script>\n<!-- \/ Yoast SEO Premium plugin. -->","yoast_head_json":{"title":"L\u1ec5 h\u1ed9i \u0111\u00e8n l\u1ed3ng H\u00e0n Qu\u1ed1c di\u1ec5n ra v\u00e0o cu\u1ed1i n\u0103m - iVIVU.com","description":"C\u1ee9 m\u1ed7i d\u1ecbp cu\u1ed1i n\u0103m, l\u1ec5 h\u1ed9i \u0111\u00e8n l\u1ed3ng H\u00e0n Qu\u1ed1c \u0111\u01b0\u1ee3c di\u1ec5n ra \u0111\u1eb7c s\u1eafc, thu h\u00fat s\u1ef1 ch\u00fa \u00fd c\u1ee7a ng\u01b0\u1eddi d\u00e2n v\u00e0 h\u00e0ng tri\u1ec7u du kh\u00e1ch tr\u00ean kh\u1eafp th\u1ebf gi\u1edbi.","robots":{"index":"index","follow":"follow","max-snippet":"max-snippet:-1","max-image-preview":"max-image-preview:large","max-video-preview":"max-video-preview:-1"},"canonical":"https:\/\/www.ivivu.com\/blog\/2022\/11\/le-hoi-den-long-han-quoc-dien-ra-vao-cuoi-nam\/","twitter_misc":{"\u0110\u01b0\u1ee3c vi\u1ebft b\u1edfi":"tho on","\u01af\u1edbc t\u00ednh th\u1eddi gian \u0111\u1ecdc":"4 ph\u00fat"},"schema":{"@context":"https:\/\/schema.org","@graph":[{"@type":"Article","@id":"https:\/\/www.ivivu.com\/blog\/2022\/11\/le-hoi-den-long-han-quoc-dien-ra-vao-cuoi-nam\/#article","isPartOf":{"@id":"https:\/\/www.ivivu.com\/blog\/2022\/11\/le-hoi-den-long-han-quoc-dien-ra-vao-cuoi-nam\/"},"author":{"name":"tho on","@id":"https:\/\/www.ivivu.com\/blog\/#\/schema\/person\/5e1c954f532f8487dc5b79bca7443751"},"headline":"L\u1ec5 h\u1ed9i \u0111\u00e8n l\u1ed3ng H\u00e0n Qu\u1ed1c di\u1ec5n ra v\u00e0o cu\u1ed1i n\u0103m","datePublished":"2022-11-23T03:13:38+00:00","dateModified":"2025-11-10T11:16:27+00:00","mainEntityOfPage":{"@id":"https:\/\/www.ivivu.com\/blog\/2022\/11\/le-hoi-den-long-han-quoc-dien-ra-vao-cuoi-nam\/"},"wordCount":793,"publisher":{"@id":"https:\/\/www.ivivu.com\/blog\/#organization"},"image":{"@id":"https:\/\/www.ivivu.com\/blog\/2022\/11\/le-hoi-den-long-han-quoc-dien-ra-vao-cuoi-nam\/#primaryimage"},"thumbnailUrl":"https:\/\/cdn3.ivivu.com\/2022\/11\/le-hoi-den-long-han-quoc-ivivu-3.jpeg","keywords":["Du l\u1ecbch H\u00e0n Qu\u1ed1c","\u0111i\u1ec3m \u0111\u1ebfn h\u00e0n qu\u1ed1c","H\u00e0n Qu\u1ed1c","kinh nghi\u1ec7m du l\u1ecbch h\u00e0n qu\u1ed1c","L\u1ec5 h\u1ed9i \u0111\u00e8n l\u1ed3ng H\u00e0n Qu\u1ed1c"],"articleSection":["Ch\u00e2u \u00c1","Du l\u1ecbch H\u00e0n Qu\u1ed1c","DU L\u1ecaCH TH\u1ebe GI\u1edaI","\u0110i\u1ec3m \u0111\u1ebfn","N\u1ed5i B\u1eadt 2","TIN DU L\u1ecaCH","Tin l\u1ec5 h\u1ed9i - s\u1ef1 ki\u1ec7n"],"inLanguage":"vi"},{"@type":"WebPage","@id":"https:\/\/www.ivivu.com\/blog\/2022\/11\/le-hoi-den-long-han-quoc-dien-ra-vao-cuoi-nam\/","url":"https:\/\/www.ivivu.com\/blog\/2022\/11\/le-hoi-den-long-han-quoc-dien-ra-vao-cuoi-nam\/","name":"L\u1ec5 h\u1ed9i \u0111\u00e8n l\u1ed3ng H\u00e0n Qu\u1ed1c di\u1ec5n ra v\u00e0o cu\u1ed1i n\u0103m - iVIVU.com","isPartOf":{"@id":"https:\/\/www.ivivu.com\/blog\/#website"},"primaryImageOfPage":{"@id":"https:\/\/www.ivivu.com\/blog\/2022\/11\/le-hoi-den-long-han-quoc-dien-ra-vao-cuoi-nam\/#primaryimage"},"image":{"@id":"https:\/\/www.ivivu.com\/blog\/2022\/11\/le-hoi-den-long-han-quoc-dien-ra-vao-cuoi-nam\/#primaryimage"},"thumbnailUrl":"https:\/\/cdn3.ivivu.com\/2022\/11\/le-hoi-den-long-han-quoc-ivivu-3.jpeg","datePublished":"2022-11-23T03:13:38+00:00","dateModified":"2025-11-10T11:16:27+00:00","description":"C\u1ee9 m\u1ed7i d\u1ecbp cu\u1ed1i n\u0103m, l\u1ec5 h\u1ed9i \u0111\u00e8n l\u1ed3ng H\u00e0n Qu\u1ed1c \u0111\u01b0\u1ee3c di\u1ec5n ra \u0111\u1eb7c s\u1eafc, thu h\u00fat s\u1ef1 ch\u00fa \u00fd c\u1ee7a ng\u01b0\u1eddi d\u00e2n v\u00e0 h\u00e0ng tri\u1ec7u du kh\u00e1ch tr\u00ean kh\u1eafp th\u1ebf gi\u1edbi.","breadcrumb":{"@id":"https:\/\/www.ivivu.com\/blog\/2022\/11\/le-hoi-den-long-han-quoc-dien-ra-vao-cuoi-nam\/#breadcrumb"},"inLanguage":"vi","potentialAction":[{"@type":"ReadAction","target":["https:\/\/www.ivivu.com\/blog\/2022\/11\/le-hoi-den-long-han-quoc-dien-ra-vao-cuoi-nam\/"]}]},{"@type":"ImageObject","inLanguage":"vi","@id":"https:\/\/www.ivivu.com\/blog\/2022\/11\/le-hoi-den-long-han-quoc-dien-ra-vao-cuoi-nam\/#primaryimage","url":"https:\/\/cdn3.ivivu.com\/2022\/11\/le-hoi-den-long-han-quoc-ivivu-3.jpeg","contentUrl":"https:\/\/cdn3.ivivu.com\/2022\/11\/le-hoi-den-long-han-quoc-ivivu-3.jpeg","width":960,"height":612},{"@type":"BreadcrumbList","@id":"https:\/\/www.ivivu.com\/blog\/2022\/11\/le-hoi-den-long-han-quoc-dien-ra-vao-cuoi-nam\/#breadcrumb","itemListElement":[{"@type":"ListItem","position":1,"name":"Home","item":"https:\/\/www.ivivu.com\/blog\/"},{"@type":"ListItem","position":2,"name":"L\u1ec5 h\u1ed9i \u0111\u00e8n l\u1ed3ng H\u00e0n Qu\u1ed1c di\u1ec5n ra v\u00e0o cu\u1ed1i n\u0103m"}]},{"@type":"WebSite","@id":"https:\/\/www.ivivu.com\/blog\/#website","url":"https:\/\/www.ivivu.com\/blog\/","name":"C\u1ea9m nang du l\u1ecbch","description":"","publisher":{"@id":"https:\/\/www.ivivu.com\/blog\/#organization"},"potentialAction":[{"@type":"SearchAction","target":{"@type":"EntryPoint","urlTemplate":"https:\/\/www.ivivu.com\/blog\/?s={search_term_string}"},"query-input":"required name=search_term_string"}],"inLanguage":"vi"},{"@type":"Organization","@id":"https:\/\/www.ivivu.com\/blog\/#organization","name":"iVIVU.com","url":"https:\/\/www.ivivu.com\/blog\/","logo":{"@type":"ImageObject","inLanguage":"vi","@id":"https:\/\/www.ivivu.com\/blog\/#\/schema\/logo\/image\/","url":"https:\/\/cdn3.ivivu.com\/2024\/01\/ivivu_no_slogan.png","contentUrl":"https:\/\/cdn3.ivivu.com\/2024\/01\/ivivu_no_slogan.png","width":788,"height":565,"caption":"iVIVU.com"},"image":{"@id":"https:\/\/www.ivivu.com\/blog\/#\/schema\/logo\/image\/"},"sameAs":["https:\/\/www.facebook.com\/iVIVU"]},{"@type":"Person","@id":"https:\/\/www.ivivu.com\/blog\/#\/schema\/person\/5e1c954f532f8487dc5b79bca7443751","name":"tho on","url":"https:\/\/www.ivivu.com\/blog\/author\/tho-on\/"}]}},"_links":{"self":[{"href":"https:\/\/www.ivivu.com\/blog\/wp-json\/wp\/v2\/posts\/386985"}],"collection":[{"href":"https:\/\/www.ivivu.com\/blog\/wp-json\/wp\/v2\/posts"}],"about":[{"href":"https:\/\/www.ivivu.com\/blog\/wp-json\/wp\/v2\/types\/post"}],"author":[{"embeddable":true,"href":"https:\/\/www.ivivu.com\/blog\/wp-json\/wp\/v2\/users\/57"}],"replies":[{"embeddable":true,"href":"https:\/\/www.ivivu.com\/blog\/wp-json\/wp\/v2\/comments?post=386985"}],"version-history":[{"count":5,"href":"https:\/\/www.ivivu.com\/blog\/wp-json\/wp\/v2\/posts\/386985\/revisions"}],"predecessor-version":[{"id":512438,"href":"https:\/\/www.ivivu.com\/blog\/wp-json\/wp\/v2\/posts\/386985\/revisions\/512438"}],"wp:featuredmedia":[{"embeddable":true,"href":"https:\/\/www.ivivu.com\/blog\/wp-json\/wp\/v2\/media\/386989"}],"wp:attachment":[{"href":"https:\/\/www.ivivu.com\/blog\/wp-json\/wp\/v2\/media?parent=386985"}],"wp:term":[{"taxonomy":"category","embeddable":true,"href":"https:\/\/www.ivivu.com\/blog\/wp-json\/wp\/v2\/categories?post=386985"},{"taxonomy":"post_tag","embeddable":true,"href":"https:\/\/www.ivivu.com\/blog\/wp-json\/wp\/v2\/tags?post=386985"}],"curies":[{"name":"wp","href":"https:\/\/api.w.org\/{rel}","templated":true}]}}