{"id":413789,"date":"2023-05-24T12:00:47","date_gmt":"2023-05-24T05:00:47","guid":{"rendered":"https:\/\/www.ivivu.com\/blog\/?p=413789"},"modified":"2025-11-21T11:51:18","modified_gmt":"2025-11-21T04:51:18","slug":"vietjet-air-mo-duong-bay-thang-da-lat-busan-voi-gia-uu-dai-chi-tu-380k","status":"publish","type":"post","link":"https:\/\/www.ivivu.com\/blog\/2023\/05\/vietjet-air-mo-duong-bay-thang-da-lat-busan-voi-gia-uu-dai-chi-tu-380k\/","title":{"rendered":"Vietjet Air m\u1edf \u0111\u01b0\u1eddng bay th\u1eb3ng \u0110\u00e0 L\u1ea1t \u2013 Busan v\u1edbi gi\u00e1 \u01b0u \u0111\u00e3i ch\u1ec9 t\u1eeb 380k"},"content":{"rendered":"<p style=\"text-align: justify;\"><em><strong>Vietjet Air l\u00e0 h\u00e3ng h\u00e0ng kh\u00f4ng ti\u00ean phong m\u1edf \u0111\u01b0\u1eddng bay k\u1ebft n\u1ed1i 2 th\u00e0nh ph\u1ed1 du l\u1ecbch n\u1ed5i ti\u1ebfng c\u1ee7a Vi\u1ec7t Nam v\u00e0 H\u00e0n Qu\u1ed1c. Nh\u00e2n d\u1ecbp n\u00e0y, h\u00e3ng \u0111\u00e3 tung ra \u01b0u \u0111\u00e3i l\u1edbn, \u00e1p d\u1ee5ng cho \u0111\u01b0\u1eddng bay \u0110\u00e0 L\u1ea1t &#8211; Busan v\u1edbi gi\u00e1 ch\u1ec9 t\u1eeb 380k.<br \/>\n<\/strong><\/em><\/p>\n<p style=\"text-align: justify;\"><!--more--><\/p>\n<p style=\"text-align: justify;\"><div class=\"ltt-contentbox white\"><\/span><strong>Xem th\u00eam:\u00a0<a href=\"https:\/\/www.ivivu.com\/blog\/category\/ke\/meo-du-lich\/ve-may-bay\/\" target=\"_blank\" rel=\"noopener\">Kinh nghi\u1ec7m \u0111\u1eb7t v\u00e9 m\u00e1y bay<\/a><\/strong><\/div><\/p>\n<h2 style=\"text-align: justify;\">Vietjet Air m\u1edf \u0111\u01b0\u1eddng bay th\u1eb3ng \u0110\u00e0 L\u1ea1t \u2013 Busan v\u1edbi gi\u00e1 \u01b0u \u0111\u00e3i ch\u1ec9 t\u1eeb 380k<\/h2>\n<p style=\"text-align: justify;\"><a href=\"https:\/\/cdn3.ivivu.com\/2023\/05\/vietjetair-ivivu-2.jpg\"><img loading=\"lazy\" decoding=\"async\" class=\" size-full wp-image-413791 aligncenter\" src=\"https:\/\/cdn3.ivivu.com\/2023\/05\/vietjetair-ivivu-2.jpg\" alt=\"vietjetair-ivivu-2\" width=\"1500\" height=\"1000\" srcset=\"https:\/\/cdn3.ivivu.com\/2023\/05\/vietjetair-ivivu-2.jpg 1500w, https:\/\/cdn3.ivivu.com\/2023\/05\/vietjetair-ivivu-2-458x305.jpg 458w, https:\/\/cdn3.ivivu.com\/2023\/05\/vietjetair-ivivu-2-1024x683.jpg 1024w\" sizes=\"(max-width: 1500px) 100vw, 1500px\" \/><\/a>\u0110\u01b0\u1eddng bay th\u1eb3ng \u0110\u00e0 L\u1ea1t \u2013 Busan, k\u1ebft n\u1ed1i hai th\u00e0nh ph\u1ed1 xinh \u0111\u1eb9p s\u1ebd bay h\u00e0ng ng\u00e0y b\u1eaft \u0111\u1ea7u t\u1eeb th\u00e1ng 7\/2023, v\u1edbi t\u1ea7n su\u1ea5t 7 chuy\u1ebfn m\u1ed7i tu\u1ea7n, th\u1eddi gian m\u1ed7i chuy\u1ebfn bay k\u00e9o d\u00e0i 5 ti\u1ebfng, khai th\u00e1c b\u1eb1ng t\u00e0u bay th\u00e2n h\u1eb9p Airbus A320.<\/p>\n<p style=\"text-align: justify;\"><strong>Gi\u1edd bay chi ti\u1ebft:<\/strong><\/p>\n<p style=\"text-align: justify;\">&#8211; DLI (s\u00e2n bay Li\u00ean Kh\u01b0\u01a1ng (\u0110\u00e0 L\u1ea1t, L\u00e2m \u0110\u1ed3ng)) \u2013 PUS (s\u00e2n bay Gimhae (Busan, H\u00e0n Qu\u1ed1c)): 1:25 \u2013 8:00. (theo gi\u1edd \u0111\u1ecba ph\u01b0\u01a1ng)<\/p>\n<p style=\"text-align: justify;\">&#8211; PUS (s\u00e2n bay Gimhae (Busan, H\u00e0n Qu\u1ed1c)) \u2013 DLI (s\u00e2n bay Li\u00ean Kh\u01b0\u01a1ng (\u0110\u00e0 L\u1ea1t, L\u00e2m \u0110\u1ed3ng)): 9:30 \u2013 12:15. (theo gi\u1edd \u0111\u1ecba ph\u01b0\u01a1ng)<\/p>\n<p style=\"text-align: justify;\"><a href=\"https:\/\/cdn3.ivivu.com\/2023\/05\/vietjetair-ivivu-1.jpg\"><img loading=\"lazy\" decoding=\"async\" class=\" size-full wp-image-413792 aligncenter\" src=\"https:\/\/cdn3.ivivu.com\/2023\/05\/vietjetair-ivivu-1.jpg\" alt=\"vietjetair-ivivu-1\" width=\"1480\" height=\"987\" srcset=\"https:\/\/cdn3.ivivu.com\/2023\/05\/vietjetair-ivivu-1.jpg 1480w, https:\/\/cdn3.ivivu.com\/2023\/05\/vietjetair-ivivu-1-457x305.jpg 457w, https:\/\/cdn3.ivivu.com\/2023\/05\/vietjetair-ivivu-1-1024x683.jpg 1024w\" sizes=\"(max-width: 1480px) 100vw, 1480px\" \/><\/a>Ngo\u00e0i \u0110\u00e0 L\u1ea1t, <strong>Vietjet Air<\/strong> c\u0169ng k\u1ebft n\u1ed1i Busan t\u1eeb nh\u1eefng th\u00e0nh ph\u1ed1 kh\u00e1c \u1edf Vi\u1ec7t Nam nh\u01b0: TP H\u1ed3 Ch\u00ed Minh, H\u00e0 N\u1ed9i, \u0110\u00e0 N\u1eb5ng, Nha Trang v\u1edbi t\u1ea7n su\u1ea5t 1 chuy\u1ebfn\/1 ng\u00e0y.<\/p>\n<p style=\"text-align: justify;\">Nhanh tay s\u0103n v\u00e9 m\u00e1y bay <em><strong>Vietjet Air <\/strong><\/em>v\u1edbi m\u1ee9c gi\u00e1 h\u1ea5p d\u1eabn ch\u01b0a t\u1eebng c\u00f3 cho ch\u1eb7ng bay \u0110\u00e0 L\u1ea1t &#8211; Busan v\u00e0 ng\u01b0\u1ee3c l\u1ea1i b\u1eb1ng c\u00e1ch li\u00ean h\u1ec7 hotline <strong>(028) 3933 8008 <\/strong>\u0111\u1ec3 \u0111\u1eb7t v\u00e9 nhanh ho\u1eb7c truy c\u1eadp v\u00e0o trang web<strong><a href=\"https:\/\/www.ivivu.com\/ve-may-bay\/\" target=\"_blank\" rel=\"noopener\"> iVIVU.com<\/a> <\/strong>\u0111\u1ec3 tham kh\u1ea3o th\u00eam th\u00f4ng tin. T\u1ea3i \u1ee9ng d\u1ee5ng \u0111\u1eb7t <strong><a href=\"https:\/\/www.ivivu.com\/ve-may-bay\/\" target=\"_blank\" rel=\"noopener\">v\u00e9 m\u00e1y bay<\/a><\/strong>\u00a0iVIVU Android ho\u1eb7c IOS \u0111\u1ec3 tr\u1ea3i nghi\u1ec7m ngay c\u00e1c ch\u01b0\u01a1ng tr\u00ecnh \u01b0u \u0111\u00e3i h\u1ea5p d\u1eabn kh\u00e1c.<strong><br \/>\n<\/strong><\/p>\n<p style=\"text-align: justify;\"><a href=\"https:\/\/cdn3.ivivu.com\/2023\/05\/vietjet-air-ivivu.jpg\"><img loading=\"lazy\" decoding=\"async\" class=\"alignnone size-full wp-image-413838\" src=\"https:\/\/cdn3.ivivu.com\/2023\/05\/vietjet-air-ivivu.jpg\" alt=\"vietjet-air-ivivu\" width=\"1800\" height=\"1350\" srcset=\"https:\/\/cdn3.ivivu.com\/2023\/05\/vietjet-air-ivivu.jpg 1800w, https:\/\/cdn3.ivivu.com\/2023\/05\/vietjet-air-ivivu-407x305.jpg 407w, https:\/\/cdn3.ivivu.com\/2023\/05\/vietjet-air-ivivu-1024x768.jpg 1024w\" sizes=\"(max-width: 1800px) 100vw, 1800px\" \/><\/a><\/p>\n<p style=\"text-align: justify;\"><div class=\"ltt-contentbox white\"><\/span><\/p>\n<p style=\"text-align: justify;\"><strong>&#8211; Quan t\u00e2m v\u00e0 trao \u0111\u1ed5i v\u1edbi iVIVU qua Zalo OA\u00a0<a href=\"https:\/\/zalo.me\/3888313238733373810\" target=\"_blank\" rel=\"noopener\">iVIVU Flights<\/a>\u00a0ho\u1eb7c g\u1ecdi ngay hotline (028) 3933 8008\u00a0 \u0111\u1ec3 \u0111\u01b0\u1ee3c h\u1ed7 tr\u1ee3 t\u01b0 v\u1ea5n v\u00e9 m\u00e1y bay n\u1ed9i \u0111\u1ecba v\u00e0 qu\u1ed1c t\u1ebf gi\u00e1 t\u1ed1t.<\/strong><\/p>\n<p style=\"text-align: justify;\"><strong>&#8211; \u0110\u1eb7t online\u00a0<a href=\"https:\/\/www.ivivu.com\/ve-may-bay\/?utm_source=blog_ivivu&amp;utm_medium=post_link&amp;utm_campaign=internal\" target=\"_blank\" rel=\"noopener\">T\u1ea0I \u0110\u00c2Y\u00a0<\/a>ho\u1eb7c t\u1ea3i app \u0111\u1eb7t v\u00e9 m\u00e1y bay\u00a0<a href=\"https:\/\/www.ivivu.com\/tai-ve-ung-dung\" target=\"_blank\" rel=\"noopener\">T\u1ea0I \u0110\u00c2Y<\/a>.<\/strong><\/div><\/p>\n<p>&nbsp;<\/p>\n<p style=\"text-align: right;\"><strong>Theo Monster<\/strong><\/p>\n<div class=\"ltt-contentbox white\"><\/span><\/p>\n<p><strong>Xem th\u00eam b\u00e0i vi\u1ebft:<\/strong><\/p>\n<p><strong><a href=\"https:\/\/www.ivivu.com\/blog\/2023\/05\/uu-dai-hap-dan-tu-myanmar-airways-international-cho-hanh-trinh-viet-nam-yangon\/\" target=\"_blank\" rel=\"noopener\">\u01afu \u0111\u00e3i h\u1ea5p d\u1eabn t\u1eeb Myanmar Airways International cho h\u00e0nh tr\u00ecnh Vi\u1ec7t Nam \u2013 Yangon<\/a><\/strong><\/p>\n<p><strong><a href=\"https:\/\/www.ivivu.com\/blog\/2023\/05\/kham-pha-mua-he-soi-dong-cung-bamboo-airways-voi-loat-uu-dai-cuc-nong\/\" target=\"_blank\" rel=\"noopener\">Kh\u00e1m ph\u00e1 m\u00f9a h\u00e8 s\u00f4i \u0111\u1ed9ng c\u00f9ng Bamboo Airways v\u1edbi lo\u1ea1t \u01b0u \u0111\u00e3i \u201cc\u1ef1c n\u00f3ng\u201d<\/a><\/strong><\/p>\n<p><strong><a href=\"https:\/\/www.ivivu.com\/blog\/2023\/05\/vietjet-air-tang-bao-hiem-sky-care-len-den-100-trieu-dong-cho-khach-bay-uc\/\" target=\"_blank\" rel=\"noopener\">Vietjet Air t\u1eb7ng b\u1ea3o hi\u1ec3m Sky Care l\u00ean \u0111\u1ebfn 100 tri\u1ec7u \u0111\u1ed3ng cho kh\u00e1ch bay \u00dac<\/a><\/strong><\/div>\n<h3 style=\"text-align: center;\"><div class=\"ltt-contentbox white\"><\/span><strong>Click \u0111\u1eb7t ngay\u00a0<a href=\"https:\/\/www.ivivu.com\/ve-may-bay\/?utm_source=blog_ivivu&amp;utm_medium=post_link&amp;utm_campaign=internal\" target=\"_blank\" rel=\"noopener\">v\u00e9 m\u00e1y bay n\u1ed9i \u0111\u1ecba Vi\u1ec7t Nam v\u00e0 to\u00e0n th\u1ebf gi\u1edbi<\/a>\u00a0gi\u00e1 t\u1ed1t nh\u1ea5t ch\u1ec9 c\u00f3 t\u1ea1i iVIVU.com!<\/strong><\/div><\/h3>\n<p>***<\/p>\n<p><strong>Tham kh\u1ea3o:\u00a0<a href=\"https:\/\/www.ivivu.com\/blog\" target=\"_blank\" rel=\"noopener\">C\u1ea9m nang du l\u1ecbch iVIVU.com<\/a><\/strong><\/p>\n","protected":false},"excerpt":{"rendered":"<p>Vietjet Air l\u00e0 h\u00e3ng h\u00e0ng kh\u00f4ng ti\u00ean phong m\u1edf \u0111\u01b0\u1eddng bay k\u1ebft n\u1ed1i 2 th\u00e0nh ph\u1ed1 du l\u1ecbch n\u1ed5i ti\u1ebfng c\u1ee7a Vi\u1ec7t Nam v\u00e0 H\u00e0n Qu\u1ed1c. Nh\u00e2n d\u1ecbp n\u00e0y, h\u00e3ng \u0111\u00e3 tung ra \u01b0u \u0111\u00e3i l\u1edbn, \u00e1p d\u1ee5ng cho \u0111\u01b0\u1eddng&#8230;<\/p>\n","protected":false},"author":57,"featured_media":413841,"comment_status":"closed","ping_status":"open","sticky":false,"template":"","format":"standard","meta":{"_acf_changed":false,"footnotes":""},"categories":[797,14742,40484],"tags":[43507,12660,13348,11581,43007,3034],"acf":[],"yoast_head":"<!-- This site is optimized with the Yoast SEO Premium plugin v22.6 (Yoast SEO v22.6) - https:\/\/yoast.com\/wordpress\/plugins\/seo\/ -->\n<title>Vietjet Air m\u1edf \u0111\u01b0\u1eddng bay th\u1eb3ng \u0110\u00e0 L\u1ea1t \u2013 Busan v\u1edbi gi\u00e1 \u01b0u \u0111\u00e3i ch\u1ec9 t\u1eeb 380k - iVIVU.com<\/title>\n<meta name=\"description\" content=\"Vietjet Air l\u00e0 h\u00e3ng h\u00e0ng kh\u00f4ng ti\u00ean phong m\u1edf \u0111\u01b0\u1eddng bay k\u1ebft n\u1ed1i 2 th\u00e0nh ph\u1ed1 du l\u1ecbch n\u1ed5i ti\u1ebfng c\u1ee7a Vi\u1ec7t Nam v\u00e0 H\u00e0n Qu\u1ed1c. Nh\u00e2n d\u1ecbp n\u00e0y, h\u00e3ng \u0111\u00e3 tung ra \u01b0u \u0111\u00e3i l\u1edbn, \u00e1p d\u1ee5ng cho \u0111\u01b0\u1eddng bay \u0110\u00e0 L\u1ea1t - Busan v\u1edbi gi\u00e1 ch\u1ec9 t\u1eeb 380k.\" \/>\n<meta name=\"robots\" content=\"index, follow, max-snippet:-1, max-image-preview:large, max-video-preview:-1\" \/>\n<link rel=\"canonical\" href=\"https:\/\/www.ivivu.com\/blog\/2023\/05\/vietjet-air-mo-duong-bay-thang-da-lat-busan-voi-gia-uu-dai-chi-tu-380k\/\" \/>\n<meta name=\"twitter:label1\" content=\"\u0110\u01b0\u1ee3c vi\u1ebft b\u1edfi\" \/>\n\t<meta name=\"twitter:data1\" content=\"tho on\" \/>\n\t<meta name=\"twitter:label2\" content=\"\u01af\u1edbc t\u00ednh th\u1eddi gian \u0111\u1ecdc\" \/>\n\t<meta name=\"twitter:data2\" content=\"4 ph\u00fat\" \/>\n<script type=\"application\/ld+json\" class=\"yoast-schema-graph\">{\"@context\":\"https:\/\/schema.org\",\"@graph\":[{\"@type\":\"Article\",\"@id\":\"https:\/\/www.ivivu.com\/blog\/2023\/05\/vietjet-air-mo-duong-bay-thang-da-lat-busan-voi-gia-uu-dai-chi-tu-380k\/#article\",\"isPartOf\":{\"@id\":\"https:\/\/www.ivivu.com\/blog\/2023\/05\/vietjet-air-mo-duong-bay-thang-da-lat-busan-voi-gia-uu-dai-chi-tu-380k\/\"},\"author\":{\"name\":\"tho on\",\"@id\":\"https:\/\/www.ivivu.com\/blog\/#\/schema\/person\/5e1c954f532f8487dc5b79bca7443751\"},\"headline\":\"Vietjet Air m\u1edf \u0111\u01b0\u1eddng bay th\u1eb3ng \u0110\u00e0 L\u1ea1t \u2013 Busan v\u1edbi gi\u00e1 \u01b0u \u0111\u00e3i ch\u1ec9 t\u1eeb 380k\",\"datePublished\":\"2023-05-24T05:00:47+00:00\",\"dateModified\":\"2025-11-21T04:51:18+00:00\",\"mainEntityOfPage\":{\"@id\":\"https:\/\/www.ivivu.com\/blog\/2023\/05\/vietjet-air-mo-duong-bay-thang-da-lat-busan-voi-gia-uu-dai-chi-tu-380k\/\"},\"wordCount\":593,\"publisher\":{\"@id\":\"https:\/\/www.ivivu.com\/blog\/#organization\"},\"image\":{\"@id\":\"https:\/\/www.ivivu.com\/blog\/2023\/05\/vietjet-air-mo-duong-bay-thang-da-lat-busan-voi-gia-uu-dai-chi-tu-380k\/#primaryimage\"},\"thumbnailUrl\":\"https:\/\/cdn3.ivivu.com\/2023\/05\/vietjet-air-ivivu-3.jpg\",\"keywords\":[\"\u0111\u1eb7t v\u00e9 m\u00e1y bay Vietjet Air\",\"khuy\u1ebfn m\u00e3i Vietjet Air\",\"kinh nghi\u1ec7m \u0111\u1eb7t v\u00e9 m\u00e1y bay\",\"s\u0103n v\u00e9 gi\u00e1 r\u1ebb\",\"v\u00e9 m\u00e1y bay vietjet air\",\"Vietjet Air\"],\"articleSection\":[\"Khuy\u1ebfn M\u00e3i\",\"N\u1ed5i B\u1eadt 2\",\"V\u00e9 m\u00e1y bay\"],\"inLanguage\":\"vi\"},{\"@type\":\"WebPage\",\"@id\":\"https:\/\/www.ivivu.com\/blog\/2023\/05\/vietjet-air-mo-duong-bay-thang-da-lat-busan-voi-gia-uu-dai-chi-tu-380k\/\",\"url\":\"https:\/\/www.ivivu.com\/blog\/2023\/05\/vietjet-air-mo-duong-bay-thang-da-lat-busan-voi-gia-uu-dai-chi-tu-380k\/\",\"name\":\"Vietjet Air m\u1edf \u0111\u01b0\u1eddng bay th\u1eb3ng \u0110\u00e0 L\u1ea1t \u2013 Busan v\u1edbi gi\u00e1 \u01b0u \u0111\u00e3i ch\u1ec9 t\u1eeb 380k - iVIVU.com\",\"isPartOf\":{\"@id\":\"https:\/\/www.ivivu.com\/blog\/#website\"},\"primaryImageOfPage\":{\"@id\":\"https:\/\/www.ivivu.com\/blog\/2023\/05\/vietjet-air-mo-duong-bay-thang-da-lat-busan-voi-gia-uu-dai-chi-tu-380k\/#primaryimage\"},\"image\":{\"@id\":\"https:\/\/www.ivivu.com\/blog\/2023\/05\/vietjet-air-mo-duong-bay-thang-da-lat-busan-voi-gia-uu-dai-chi-tu-380k\/#primaryimage\"},\"thumbnailUrl\":\"https:\/\/cdn3.ivivu.com\/2023\/05\/vietjet-air-ivivu-3.jpg\",\"datePublished\":\"2023-05-24T05:00:47+00:00\",\"dateModified\":\"2025-11-21T04:51:18+00:00\",\"description\":\"Vietjet Air l\u00e0 h\u00e3ng h\u00e0ng kh\u00f4ng ti\u00ean phong m\u1edf \u0111\u01b0\u1eddng bay k\u1ebft n\u1ed1i 2 th\u00e0nh ph\u1ed1 du l\u1ecbch n\u1ed5i ti\u1ebfng c\u1ee7a Vi\u1ec7t Nam v\u00e0 H\u00e0n Qu\u1ed1c. Nh\u00e2n d\u1ecbp n\u00e0y, h\u00e3ng \u0111\u00e3 tung ra \u01b0u \u0111\u00e3i l\u1edbn, \u00e1p d\u1ee5ng cho \u0111\u01b0\u1eddng bay \u0110\u00e0 L\u1ea1t - Busan v\u1edbi gi\u00e1 ch\u1ec9 t\u1eeb 380k.\",\"breadcrumb\":{\"@id\":\"https:\/\/www.ivivu.com\/blog\/2023\/05\/vietjet-air-mo-duong-bay-thang-da-lat-busan-voi-gia-uu-dai-chi-tu-380k\/#breadcrumb\"},\"inLanguage\":\"vi\",\"potentialAction\":[{\"@type\":\"ReadAction\",\"target\":[\"https:\/\/www.ivivu.com\/blog\/2023\/05\/vietjet-air-mo-duong-bay-thang-da-lat-busan-voi-gia-uu-dai-chi-tu-380k\/\"]}]},{\"@type\":\"ImageObject\",\"inLanguage\":\"vi\",\"@id\":\"https:\/\/www.ivivu.com\/blog\/2023\/05\/vietjet-air-mo-duong-bay-thang-da-lat-busan-voi-gia-uu-dai-chi-tu-380k\/#primaryimage\",\"url\":\"https:\/\/cdn3.ivivu.com\/2023\/05\/vietjet-air-ivivu-3.jpg\",\"contentUrl\":\"https:\/\/cdn3.ivivu.com\/2023\/05\/vietjet-air-ivivu-3.jpg\",\"width\":1600,\"height\":1066},{\"@type\":\"BreadcrumbList\",\"@id\":\"https:\/\/www.ivivu.com\/blog\/2023\/05\/vietjet-air-mo-duong-bay-thang-da-lat-busan-voi-gia-uu-dai-chi-tu-380k\/#breadcrumb\",\"itemListElement\":[{\"@type\":\"ListItem\",\"position\":1,\"name\":\"Home\",\"item\":\"https:\/\/www.ivivu.com\/blog\/\"},{\"@type\":\"ListItem\",\"position\":2,\"name\":\"Vietjet Air m\u1edf \u0111\u01b0\u1eddng bay th\u1eb3ng \u0110\u00e0 L\u1ea1t \u2013 Busan v\u1edbi gi\u00e1 \u01b0u \u0111\u00e3i ch\u1ec9 t\u1eeb 380k\"}]},{\"@type\":\"WebSite\",\"@id\":\"https:\/\/www.ivivu.com\/blog\/#website\",\"url\":\"https:\/\/www.ivivu.com\/blog\/\",\"name\":\"C\u1ea9m nang du l\u1ecbch\",\"description\":\"\",\"publisher\":{\"@id\":\"https:\/\/www.ivivu.com\/blog\/#organization\"},\"potentialAction\":[{\"@type\":\"SearchAction\",\"target\":{\"@type\":\"EntryPoint\",\"urlTemplate\":\"https:\/\/www.ivivu.com\/blog\/?s={search_term_string}\"},\"query-input\":\"required name=search_term_string\"}],\"inLanguage\":\"vi\"},{\"@type\":\"Organization\",\"@id\":\"https:\/\/www.ivivu.com\/blog\/#organization\",\"name\":\"iVIVU.com\",\"url\":\"https:\/\/www.ivivu.com\/blog\/\",\"logo\":{\"@type\":\"ImageObject\",\"inLanguage\":\"vi\",\"@id\":\"https:\/\/www.ivivu.com\/blog\/#\/schema\/logo\/image\/\",\"url\":\"https:\/\/cdn3.ivivu.com\/2024\/01\/ivivu_no_slogan.png\",\"contentUrl\":\"https:\/\/cdn3.ivivu.com\/2024\/01\/ivivu_no_slogan.png\",\"width\":788,\"height\":565,\"caption\":\"iVIVU.com\"},\"image\":{\"@id\":\"https:\/\/www.ivivu.com\/blog\/#\/schema\/logo\/image\/\"},\"sameAs\":[\"https:\/\/www.facebook.com\/iVIVU\"]},{\"@type\":\"Person\",\"@id\":\"https:\/\/www.ivivu.com\/blog\/#\/schema\/person\/5e1c954f532f8487dc5b79bca7443751\",\"name\":\"tho on\",\"url\":\"https:\/\/www.ivivu.com\/blog\/author\/tho-on\/\"}]}<\/script>\n<!-- \/ Yoast SEO Premium plugin. -->","yoast_head_json":{"title":"Vietjet Air m\u1edf \u0111\u01b0\u1eddng bay th\u1eb3ng \u0110\u00e0 L\u1ea1t \u2013 Busan v\u1edbi gi\u00e1 \u01b0u \u0111\u00e3i ch\u1ec9 t\u1eeb 380k - iVIVU.com","description":"Vietjet Air l\u00e0 h\u00e3ng h\u00e0ng kh\u00f4ng ti\u00ean phong m\u1edf \u0111\u01b0\u1eddng bay k\u1ebft n\u1ed1i 2 th\u00e0nh ph\u1ed1 du l\u1ecbch n\u1ed5i ti\u1ebfng c\u1ee7a Vi\u1ec7t Nam v\u00e0 H\u00e0n Qu\u1ed1c. Nh\u00e2n d\u1ecbp n\u00e0y, h\u00e3ng \u0111\u00e3 tung ra \u01b0u \u0111\u00e3i l\u1edbn, \u00e1p d\u1ee5ng cho \u0111\u01b0\u1eddng bay \u0110\u00e0 L\u1ea1t - Busan v\u1edbi gi\u00e1 ch\u1ec9 t\u1eeb 380k.","robots":{"index":"index","follow":"follow","max-snippet":"max-snippet:-1","max-image-preview":"max-image-preview:large","max-video-preview":"max-video-preview:-1"},"canonical":"https:\/\/www.ivivu.com\/blog\/2023\/05\/vietjet-air-mo-duong-bay-thang-da-lat-busan-voi-gia-uu-dai-chi-tu-380k\/","twitter_misc":{"\u0110\u01b0\u1ee3c vi\u1ebft b\u1edfi":"tho on","\u01af\u1edbc t\u00ednh th\u1eddi gian \u0111\u1ecdc":"4 ph\u00fat"},"schema":{"@context":"https:\/\/schema.org","@graph":[{"@type":"Article","@id":"https:\/\/www.ivivu.com\/blog\/2023\/05\/vietjet-air-mo-duong-bay-thang-da-lat-busan-voi-gia-uu-dai-chi-tu-380k\/#article","isPartOf":{"@id":"https:\/\/www.ivivu.com\/blog\/2023\/05\/vietjet-air-mo-duong-bay-thang-da-lat-busan-voi-gia-uu-dai-chi-tu-380k\/"},"author":{"name":"tho on","@id":"https:\/\/www.ivivu.com\/blog\/#\/schema\/person\/5e1c954f532f8487dc5b79bca7443751"},"headline":"Vietjet Air m\u1edf \u0111\u01b0\u1eddng bay th\u1eb3ng \u0110\u00e0 L\u1ea1t \u2013 Busan v\u1edbi gi\u00e1 \u01b0u \u0111\u00e3i ch\u1ec9 t\u1eeb 380k","datePublished":"2023-05-24T05:00:47+00:00","dateModified":"2025-11-21T04:51:18+00:00","mainEntityOfPage":{"@id":"https:\/\/www.ivivu.com\/blog\/2023\/05\/vietjet-air-mo-duong-bay-thang-da-lat-busan-voi-gia-uu-dai-chi-tu-380k\/"},"wordCount":593,"publisher":{"@id":"https:\/\/www.ivivu.com\/blog\/#organization"},"image":{"@id":"https:\/\/www.ivivu.com\/blog\/2023\/05\/vietjet-air-mo-duong-bay-thang-da-lat-busan-voi-gia-uu-dai-chi-tu-380k\/#primaryimage"},"thumbnailUrl":"https:\/\/cdn3.ivivu.com\/2023\/05\/vietjet-air-ivivu-3.jpg","keywords":["\u0111\u1eb7t v\u00e9 m\u00e1y bay Vietjet Air","khuy\u1ebfn m\u00e3i Vietjet Air","kinh nghi\u1ec7m \u0111\u1eb7t v\u00e9 m\u00e1y bay","s\u0103n v\u00e9 gi\u00e1 r\u1ebb","v\u00e9 m\u00e1y bay vietjet air","Vietjet Air"],"articleSection":["Khuy\u1ebfn M\u00e3i","N\u1ed5i B\u1eadt 2","V\u00e9 m\u00e1y bay"],"inLanguage":"vi"},{"@type":"WebPage","@id":"https:\/\/www.ivivu.com\/blog\/2023\/05\/vietjet-air-mo-duong-bay-thang-da-lat-busan-voi-gia-uu-dai-chi-tu-380k\/","url":"https:\/\/www.ivivu.com\/blog\/2023\/05\/vietjet-air-mo-duong-bay-thang-da-lat-busan-voi-gia-uu-dai-chi-tu-380k\/","name":"Vietjet Air m\u1edf \u0111\u01b0\u1eddng bay th\u1eb3ng \u0110\u00e0 L\u1ea1t \u2013 Busan v\u1edbi gi\u00e1 \u01b0u \u0111\u00e3i ch\u1ec9 t\u1eeb 380k - iVIVU.com","isPartOf":{"@id":"https:\/\/www.ivivu.com\/blog\/#website"},"primaryImageOfPage":{"@id":"https:\/\/www.ivivu.com\/blog\/2023\/05\/vietjet-air-mo-duong-bay-thang-da-lat-busan-voi-gia-uu-dai-chi-tu-380k\/#primaryimage"},"image":{"@id":"https:\/\/www.ivivu.com\/blog\/2023\/05\/vietjet-air-mo-duong-bay-thang-da-lat-busan-voi-gia-uu-dai-chi-tu-380k\/#primaryimage"},"thumbnailUrl":"https:\/\/cdn3.ivivu.com\/2023\/05\/vietjet-air-ivivu-3.jpg","datePublished":"2023-05-24T05:00:47+00:00","dateModified":"2025-11-21T04:51:18+00:00","description":"Vietjet Air l\u00e0 h\u00e3ng h\u00e0ng kh\u00f4ng ti\u00ean phong m\u1edf \u0111\u01b0\u1eddng bay k\u1ebft n\u1ed1i 2 th\u00e0nh ph\u1ed1 du l\u1ecbch n\u1ed5i ti\u1ebfng c\u1ee7a Vi\u1ec7t Nam v\u00e0 H\u00e0n Qu\u1ed1c. Nh\u00e2n d\u1ecbp n\u00e0y, h\u00e3ng \u0111\u00e3 tung ra \u01b0u \u0111\u00e3i l\u1edbn, \u00e1p d\u1ee5ng cho \u0111\u01b0\u1eddng bay \u0110\u00e0 L\u1ea1t - Busan v\u1edbi gi\u00e1 ch\u1ec9 t\u1eeb 380k.","breadcrumb":{"@id":"https:\/\/www.ivivu.com\/blog\/2023\/05\/vietjet-air-mo-duong-bay-thang-da-lat-busan-voi-gia-uu-dai-chi-tu-380k\/#breadcrumb"},"inLanguage":"vi","potentialAction":[{"@type":"ReadAction","target":["https:\/\/www.ivivu.com\/blog\/2023\/05\/vietjet-air-mo-duong-bay-thang-da-lat-busan-voi-gia-uu-dai-chi-tu-380k\/"]}]},{"@type":"ImageObject","inLanguage":"vi","@id":"https:\/\/www.ivivu.com\/blog\/2023\/05\/vietjet-air-mo-duong-bay-thang-da-lat-busan-voi-gia-uu-dai-chi-tu-380k\/#primaryimage","url":"https:\/\/cdn3.ivivu.com\/2023\/05\/vietjet-air-ivivu-3.jpg","contentUrl":"https:\/\/cdn3.ivivu.com\/2023\/05\/vietjet-air-ivivu-3.jpg","width":1600,"height":1066},{"@type":"BreadcrumbList","@id":"https:\/\/www.ivivu.com\/blog\/2023\/05\/vietjet-air-mo-duong-bay-thang-da-lat-busan-voi-gia-uu-dai-chi-tu-380k\/#breadcrumb","itemListElement":[{"@type":"ListItem","position":1,"name":"Home","item":"https:\/\/www.ivivu.com\/blog\/"},{"@type":"ListItem","position":2,"name":"Vietjet Air m\u1edf \u0111\u01b0\u1eddng bay th\u1eb3ng \u0110\u00e0 L\u1ea1t \u2013 Busan v\u1edbi gi\u00e1 \u01b0u \u0111\u00e3i ch\u1ec9 t\u1eeb 380k"}]},{"@type":"WebSite","@id":"https:\/\/www.ivivu.com\/blog\/#website","url":"https:\/\/www.ivivu.com\/blog\/","name":"C\u1ea9m nang du l\u1ecbch","description":"","publisher":{"@id":"https:\/\/www.ivivu.com\/blog\/#organization"},"potentialAction":[{"@type":"SearchAction","target":{"@type":"EntryPoint","urlTemplate":"https:\/\/www.ivivu.com\/blog\/?s={search_term_string}"},"query-input":"required name=search_term_string"}],"inLanguage":"vi"},{"@type":"Organization","@id":"https:\/\/www.ivivu.com\/blog\/#organization","name":"iVIVU.com","url":"https:\/\/www.ivivu.com\/blog\/","logo":{"@type":"ImageObject","inLanguage":"vi","@id":"https:\/\/www.ivivu.com\/blog\/#\/schema\/logo\/image\/","url":"https:\/\/cdn3.ivivu.com\/2024\/01\/ivivu_no_slogan.png","contentUrl":"https:\/\/cdn3.ivivu.com\/2024\/01\/ivivu_no_slogan.png","width":788,"height":565,"caption":"iVIVU.com"},"image":{"@id":"https:\/\/www.ivivu.com\/blog\/#\/schema\/logo\/image\/"},"sameAs":["https:\/\/www.facebook.com\/iVIVU"]},{"@type":"Person","@id":"https:\/\/www.ivivu.com\/blog\/#\/schema\/person\/5e1c954f532f8487dc5b79bca7443751","name":"tho on","url":"https:\/\/www.ivivu.com\/blog\/author\/tho-on\/"}]}},"_links":{"self":[{"href":"https:\/\/www.ivivu.com\/blog\/wp-json\/wp\/v2\/posts\/413789"}],"collection":[{"href":"https:\/\/www.ivivu.com\/blog\/wp-json\/wp\/v2\/posts"}],"about":[{"href":"https:\/\/www.ivivu.com\/blog\/wp-json\/wp\/v2\/types\/post"}],"author":[{"embeddable":true,"href":"https:\/\/www.ivivu.com\/blog\/wp-json\/wp\/v2\/users\/57"}],"replies":[{"embeddable":true,"href":"https:\/\/www.ivivu.com\/blog\/wp-json\/wp\/v2\/comments?post=413789"}],"version-history":[{"count":6,"href":"https:\/\/www.ivivu.com\/blog\/wp-json\/wp\/v2\/posts\/413789\/revisions"}],"predecessor-version":[{"id":514984,"href":"https:\/\/www.ivivu.com\/blog\/wp-json\/wp\/v2\/posts\/413789\/revisions\/514984"}],"wp:featuredmedia":[{"embeddable":true,"href":"https:\/\/www.ivivu.com\/blog\/wp-json\/wp\/v2\/media\/413841"}],"wp:attachment":[{"href":"https:\/\/www.ivivu.com\/blog\/wp-json\/wp\/v2\/media?parent=413789"}],"wp:term":[{"taxonomy":"category","embeddable":true,"href":"https:\/\/www.ivivu.com\/blog\/wp-json\/wp\/v2\/categories?post=413789"},{"taxonomy":"post_tag","embeddable":true,"href":"https:\/\/www.ivivu.com\/blog\/wp-json\/wp\/v2\/tags?post=413789"}],"curies":[{"name":"wp","href":"https:\/\/api.w.org\/{rel}","templated":true}]}}