{"id":420132,"date":"2023-06-28T10:47:55","date_gmt":"2023-06-28T03:47:55","guid":{"rendered":"https:\/\/www.ivivu.com\/blog\/?p=420132"},"modified":"2025-11-19T15:13:57","modified_gmt":"2025-11-19T08:13:57","slug":"kham-pha-chau-au-quyen-ru-va-phim-truong-ha-canh-noi-anh-trong-tour-chau-au-10n9d","status":"publish","type":"post","link":"https:\/\/www.ivivu.com\/blog\/2023\/06\/kham-pha-chau-au-quyen-ru-va-phim-truong-ha-canh-noi-anh-trong-tour-chau-au-10n9d\/","title":{"rendered":"Kh\u00e1m ph\u00e1 ch\u00e2u \u00c2u quy\u1ebfn r\u0169 v\u00e0 phim tr\u01b0\u1eddng &#8220;H\u1ea1 c\u00e1nh n\u01a1i anh&#8221; trong tour ch\u00e2u \u00c2u 10N9\u0110"},"content":{"rendered":"<p style=\"text-align: justify;\"><strong><em>Trong <a href=\"https:\/\/www.ivivu.com\/du-lich\/tour-chau-au-10n9d-ha-canh-noi-anh-kham-pha-phap-thuy-si-y\/2069?utm_source=blog_ivivu&amp;utm_medium=post_link&amp;utm_campaign=internal\" target=\"_blank\" rel=\"noopener\">tour ch\u00e2u \u00c2u 10N9\u0110<\/a>, h\u00e0nh tr\u00ecnh du l\u1ecbch \u0111\u1ebfn Ph\u00e1p, \u00dd, \u0111\u1eb7c bi\u1ec7t gh\u00e9 th\u0103m phim tr\u01b0\u1eddng &#8220;H\u1ea1 c\u00e1nh n\u01a1i anh&#8221; \u1edf Th\u1ee5y S\u0129, s\u1ebd mang \u0111\u1ebfn cho b\u1ea1n nh\u1eefng tr\u1ea3i nghi\u1ec7m ngo\u1ea1n m\u1ee5c v\u1edbi s\u1ef1 k\u1ebft h\u1ee3p ho\u00e0n h\u1ea3o c\u1ee7a l\u1ecbch s\u1eed, v\u0103n h\u00f3a, thi\u00ean nhi\u00ean v\u00e0 \u1ea9m th\u1ef1c c\u1ee7a c\u00e1c qu\u1ed1c gia \u0111\u1ea7y h\u1ea5p d\u1eabn.<br \/>\n<\/em><\/strong><\/p>\n<p><!--more--><\/p>\n<div class=\"ltt-contentbox white\"><\/span><strong>Xem th\u00eam: <\/strong><a href=\"https:\/\/blog.ivivu.com\/category\/the-gioi\/cam-nang-chau-au\/\" target=\"_blank\" rel=\"noopener\"><strong>Du l\u1ecbch ch\u00e2u \u00c2u<\/strong><\/a><\/div>\n<h2 style=\"text-align: justify;\">Kh\u00e1m ph\u00e1 ch\u00e2u \u00c2u quy\u1ebfn r\u0169 v\u00e0 phim tr\u01b0\u1eddng &#8220;H\u1ea1 c\u00e1nh n\u01a1i anh&#8221; trong tour ch\u00e2u \u00c2u 10N9\u0110<\/h2>\n<p style=\"text-align: justify;\"><a href=\"https:\/\/cdn3.ivivu.com\/2023\/06\/Ch\u00e2u-\u00c2u-ivivu-1.jpg\"><img loading=\"lazy\" decoding=\"async\" class=\"alignnone size-large wp-image-420274\" src=\"https:\/\/cdn3.ivivu.com\/2023\/06\/Ch\u00e2u-\u00c2u-ivivu-1-1024x683.jpg\" alt=\"Ch\u00e2u \u00c2u ivivu 1\" width=\"1024\" height=\"683\" srcset=\"https:\/\/cdn3.ivivu.com\/2023\/06\/Ch\u00e2u-\u00c2u-ivivu-1-1024x683.jpg 1024w, https:\/\/cdn3.ivivu.com\/2023\/06\/Ch\u00e2u-\u00c2u-ivivu-1-458x305.jpg 458w\" sizes=\"(max-width: 1024px) 100vw, 1024px\" \/><\/a>Du l\u1ecbch ch\u00e2u \u00c2u lu\u00f4n l\u00e0 m\u1ed9t ni\u1ec1m khao kh\u00e1t v\u1edbi c\u00e1c t\u00edn \u0111\u1ed3 du l\u1ecbch kh\u1eafp n\u01a1i tr\u00ean th\u1ebf gi\u1edbi. Ch\u00e2u \u00c2u l\u00e0 m\u1ed9t \u201cl\u1ee5c \u0111\u1ecba gi\u00e0\u201d v\u1edbi s\u1ef1 xu\u1ea5t hi\u1ec7n r\u1ea5t s\u1edbm c\u1ee7a c\u00e1c n\u1ec1n v\u0103n minh c\u1ef1c th\u1ecbnh. C\u0169ng ch\u00ednh v\u00ec v\u1eady, n\u01a1i \u0111\u00e2y ch\u00ednh l\u00e0 s\u1ef1 k\u1ebft h\u1ee3p ho\u00e0n h\u1ea3o c\u1ee7a l\u1ecbch s\u1eed, v\u0103n h\u00f3a, thi\u00ean nhi\u00ean v\u00e0 c\u1ea3 \u1ea9m th\u1ef1c, t\u1ea5t c\u1ea3 \u0111\u1ec1u mang t\u00ednh bi\u1ec3u t\u01b0\u1ee3ng v\u00f4 c\u00f9ng l\u1edbn.<\/p>\n<div id=\"attachment_420284\" style=\"width: 1034px\" class=\"wp-caption alignnone\"><a href=\"https:\/\/cdn3.ivivu.com\/2023\/06\/H\u1ed3-Brienz-ivivu-1.jpg\"><img loading=\"lazy\" decoding=\"async\" aria-describedby=\"caption-attachment-420284\" class=\"size-large wp-image-420284\" src=\"https:\/\/cdn3.ivivu.com\/2023\/06\/H\u1ed3-Brienz-ivivu-1-1024x653.jpg\" alt=\"H\u1ed3 Brienz n\u1ed5i ti\u1ebfng tuy\u1ec7t \u0111\u1eb9p \u1edf Th\u1ee5y S\u0129.\" width=\"1024\" height=\"653\" srcset=\"https:\/\/cdn3.ivivu.com\/2023\/06\/H\u1ed3-Brienz-ivivu-1-1024x653.jpg 1024w, https:\/\/cdn3.ivivu.com\/2023\/06\/H\u1ed3-Brienz-ivivu-1-478x305.jpg 478w, https:\/\/cdn3.ivivu.com\/2023\/06\/H\u1ed3-Brienz-ivivu-1.jpg 1332w\" sizes=\"(max-width: 1024px) 100vw, 1024px\" \/><\/a><p id=\"caption-attachment-420284\" class=\"wp-caption-text\">H\u1ed3 Brienz n\u1ed5i ti\u1ebfng tuy\u1ec7t \u0111\u1eb9p \u1edf Th\u1ee5y S\u0129.<\/p><\/div>\n<p style=\"text-align: justify;\"><a href=\"https:\/\/cdn3.ivivu.com\/2023\/06\/Ch\u00e2u-\u00c2u-ivivu-2.jpg\"><img loading=\"lazy\" decoding=\"async\" class=\"alignnone size-large wp-image-420273\" src=\"https:\/\/cdn3.ivivu.com\/2023\/06\/Ch\u00e2u-\u00c2u-ivivu-2-1024x577.jpg\" alt=\"Ch\u00e2u \u00c2u ivivu 2\" width=\"1024\" height=\"577\" srcset=\"https:\/\/cdn3.ivivu.com\/2023\/06\/Ch\u00e2u-\u00c2u-ivivu-2-1024x577.jpg 1024w, https:\/\/cdn3.ivivu.com\/2023\/06\/Ch\u00e2u-\u00c2u-ivivu-2-250x142.jpg 250w, https:\/\/cdn3.ivivu.com\/2023\/06\/Ch\u00e2u-\u00c2u-ivivu-2-540x305.jpg 540w, https:\/\/cdn3.ivivu.com\/2023\/06\/Ch\u00e2u-\u00c2u-ivivu-2-750x422.jpg 750w, https:\/\/cdn3.ivivu.com\/2023\/06\/Ch\u00e2u-\u00c2u-ivivu-2-225x127.jpg 225w, https:\/\/cdn3.ivivu.com\/2023\/06\/Ch\u00e2u-\u00c2u-ivivu-2-370x208.jpg 370w, https:\/\/cdn3.ivivu.com\/2023\/06\/Ch\u00e2u-\u00c2u-ivivu-2-50x28.jpg 50w, https:\/\/cdn3.ivivu.com\/2023\/06\/Ch\u00e2u-\u00c2u-ivivu-2-107x60.jpg 107w, https:\/\/cdn3.ivivu.com\/2023\/06\/Ch\u00e2u-\u00c2u-ivivu-2-195x110.jpg 195w, https:\/\/cdn3.ivivu.com\/2023\/06\/Ch\u00e2u-\u00c2u-ivivu-2-220x125.jpg 220w, https:\/\/cdn3.ivivu.com\/2023\/06\/Ch\u00e2u-\u00c2u-ivivu-2-400x225.jpg 400w, https:\/\/cdn3.ivivu.com\/2023\/06\/Ch\u00e2u-\u00c2u-ivivu-2-140x80.jpg 140w, https:\/\/cdn3.ivivu.com\/2023\/06\/Ch\u00e2u-\u00c2u-ivivu-2.jpg 1600w\" sizes=\"(max-width: 1024px) 100vw, 1024px\" \/><\/a><\/p>\n<p style=\"text-align: justify;\">Chuy\u1ebfn du l\u1ecbch Ph\u00e1p, Th\u1ee5y S\u0129 v\u00e0 \u00dd trong <strong>tour ch\u00e2u \u00c2u 10N9\u0110<\/strong> s\u1ebd mang \u0111\u1ebfn cho b\u1ea1n m\u1ed9t tr\u1ea3i nghi\u1ec7m ngo\u1ea1n m\u1ee5c v\u1edbi nh\u1eefng k\u1ef3 quan, nh\u1eefng l\u00e2u \u0111\u00e0i c\u1ed5 k\u00ednh, \u0111\u1eafm ch\u00ecm trong v\u1ebb \u0111\u1eb9p c\u1ee7a th\u1ecb tr\u1ea5n s\u01a1n c\u01b0\u1edbc th\u01a1 m\u1ed9ng \u1ea9n m\u00ecnh trong d\u00e3y n\u00fai Alps h\u00f9ng v\u0129, th\u01b0\u1edfng th\u1ee9c nh\u1eefng tuy\u1ec7t t\u00e1c ki\u1ebfn tr\u00fac ven k\u00eanh \u0111\u00e0o \u0111\u1eb9p nh\u01b0 tranh v\u1ebd hay d\u1ea1o tr\u00ean con thuy\u1ec1n Gondola n\u1ed5i ti\u1ebfng.<\/p>\n<p style=\"text-align: justify;\"><a href=\"https:\/\/cdn3.ivivu.com\/2023\/06\/Ch\u00e2u-\u00c2u-ivivu-3.jpg\"><img loading=\"lazy\" decoding=\"async\" class=\"alignnone size-large wp-image-420272\" src=\"https:\/\/cdn3.ivivu.com\/2023\/06\/Ch\u00e2u-\u00c2u-ivivu-3-1024x576.jpg\" alt=\"Ch\u00e2u \u00c2u ivivu 3\" width=\"1024\" height=\"576\" srcset=\"https:\/\/cdn3.ivivu.com\/2023\/06\/Ch\u00e2u-\u00c2u-ivivu-3-1024x576.jpg 1024w, https:\/\/cdn3.ivivu.com\/2023\/06\/Ch\u00e2u-\u00c2u-ivivu-3-250x142.jpg 250w, https:\/\/cdn3.ivivu.com\/2023\/06\/Ch\u00e2u-\u00c2u-ivivu-3-540x305.jpg 540w, https:\/\/cdn3.ivivu.com\/2023\/06\/Ch\u00e2u-\u00c2u-ivivu-3-750x422.jpg 750w, https:\/\/cdn3.ivivu.com\/2023\/06\/Ch\u00e2u-\u00c2u-ivivu-3-225x127.jpg 225w, https:\/\/cdn3.ivivu.com\/2023\/06\/Ch\u00e2u-\u00c2u-ivivu-3-370x208.jpg 370w, https:\/\/cdn3.ivivu.com\/2023\/06\/Ch\u00e2u-\u00c2u-ivivu-3-50x28.jpg 50w, https:\/\/cdn3.ivivu.com\/2023\/06\/Ch\u00e2u-\u00c2u-ivivu-3-107x60.jpg 107w, https:\/\/cdn3.ivivu.com\/2023\/06\/Ch\u00e2u-\u00c2u-ivivu-3-195x110.jpg 195w, https:\/\/cdn3.ivivu.com\/2023\/06\/Ch\u00e2u-\u00c2u-ivivu-3-220x125.jpg 220w, https:\/\/cdn3.ivivu.com\/2023\/06\/Ch\u00e2u-\u00c2u-ivivu-3-400x225.jpg 400w, https:\/\/cdn3.ivivu.com\/2023\/06\/Ch\u00e2u-\u00c2u-ivivu-3-140x80.jpg 140w, https:\/\/cdn3.ivivu.com\/2023\/06\/Ch\u00e2u-\u00c2u-ivivu-3.jpg 1440w\" sizes=\"(max-width: 1024px) 100vw, 1024px\" \/><\/a>C\u00f9ng kh\u00e1m ph\u00e1 nh\u1eefng \u0111i\u1ec3m \u0111\u1ebfn n\u1ed5i b\u1eadt trong <em><strong>\u201cTour Ch\u00e2u \u00c2u 10N9\u0110: H\u1ea1 C\u00e1nh N\u01a1i Anh &#8211; Kh\u00e1m Ph\u00e1 Ph\u00e1p &#8211; Th\u1ee5y S\u0129 \u2013 \u00dd\u201d<\/strong><\/em> ngay sau \u0111\u00e2y.<\/p>\n<p style=\"text-align: justify;\"><strong>Arc De Triomphe \u2013 Kh\u1ea3i Ho\u00e0n M\u00f4n<\/strong><\/p>\n<p style=\"text-align: justify;\">C\u00f4ng tr\u00ecnh n\u00e0y t\u1ecda l\u1ea1c s\u1eebng s\u1eefng tr\u00e1ng l\u1ec7 gi\u1eefa th\u00e0nh ph\u1ed1 v\u1edbi ki\u1ebfn tr\u00fac c\u1ed5ng m\u00e1i v\u00f2m \u0111\u1ed9c \u0111\u00e1o. \u0110\u00e2y l\u00e0 m\u1ed9t c\u00f4ng tr\u00ecnh ki\u1ebfn tr\u00fac bi\u1ec3u t\u01b0\u1ee3ng cho l\u1ecbch s\u1eed n\u01b0\u1edbc Ph\u00e1p, n\u01a1i kh\u1eafc t\u00ean h\u00e0ng tr\u0103m danh t\u01b0\u1edbng c\u1ee7a \u0111\u1ea1i qu\u00e2n Ph\u00e1p c\u00f3 c\u00f4ng trong c\u00e1c cu\u1ed9c chi\u1ebfn th\u1eddi \u0111\u1ea1i Napoleon.<\/p>\n<div id=\"attachment_383675\" style=\"width: 1034px\" class=\"wp-caption alignnone\"><a href=\"https:\/\/cdn3.ivivu.com\/2022\/11\/Kh\u1ea3i-Ho\u00e0n-M\u00f4n-ivivu-1-@hndonvantour.jpg\"><img loading=\"lazy\" decoding=\"async\" aria-describedby=\"caption-attachment-383675\" class=\"size-large wp-image-383675\" src=\"https:\/\/cdn3.ivivu.com\/2022\/11\/Kh\u1ea3i-Ho\u00e0n-M\u00f4n-ivivu-1-@hndonvantour-1024x1024.jpg\" alt=\"\u1ea2nh: @hndonvantour\" width=\"1024\" height=\"1024\" srcset=\"https:\/\/cdn3.ivivu.com\/2022\/11\/Kh\u1ea3i-Ho\u00e0n-M\u00f4n-ivivu-1-@hndonvantour-1024x1024.jpg 1024w, https:\/\/cdn3.ivivu.com\/2022\/11\/Kh\u1ea3i-Ho\u00e0n-M\u00f4n-ivivu-1-@hndonvantour-305x305.jpg 305w, https:\/\/cdn3.ivivu.com\/2022\/11\/Kh\u1ea3i-Ho\u00e0n-M\u00f4n-ivivu-1-@hndonvantour-75x75.jpg 75w, https:\/\/cdn3.ivivu.com\/2022\/11\/Kh\u1ea3i-Ho\u00e0n-M\u00f4n-ivivu-1-@hndonvantour.jpg 1080w\" sizes=\"(max-width: 1024px) 100vw, 1024px\" \/><\/a><p id=\"caption-attachment-383675\" class=\"wp-caption-text\">\u1ea2nh: @hndonvantour<\/p><\/div>\n<div id=\"attachment_383677\" style=\"width: 829px\" class=\"wp-caption alignnone\"><a href=\"https:\/\/cdn3.ivivu.com\/2022\/11\/Kh\u1ea3i-Ho\u00e0n-M\u00f4n-ivivu-2-@arcdetriomphe_paris.jpg\"><img loading=\"lazy\" decoding=\"async\" aria-describedby=\"caption-attachment-383677\" class=\"size-large wp-image-383677\" src=\"https:\/\/cdn3.ivivu.com\/2022\/11\/Kh\u1ea3i-Ho\u00e0n-M\u00f4n-ivivu-2-@arcdetriomphe_paris-819x1024.jpg\" alt=\"Ph\u1ea7n m\u00e1i v\u00f2m nh\u00ecn t\u1eeb d\u01b0\u1edbi l\u00ean. \u1ea2nh: @arcdetriomphe_paris\" width=\"819\" height=\"1024\" srcset=\"https:\/\/cdn3.ivivu.com\/2022\/11\/Kh\u1ea3i-Ho\u00e0n-M\u00f4n-ivivu-2-@arcdetriomphe_paris-819x1024.jpg 819w, https:\/\/cdn3.ivivu.com\/2022\/11\/Kh\u1ea3i-Ho\u00e0n-M\u00f4n-ivivu-2-@arcdetriomphe_paris-244x305.jpg 244w, https:\/\/cdn3.ivivu.com\/2022\/11\/Kh\u1ea3i-Ho\u00e0n-M\u00f4n-ivivu-2-@arcdetriomphe_paris.jpg 1080w\" sizes=\"(max-width: 819px) 100vw, 819px\" \/><\/a><p id=\"caption-attachment-383677\" class=\"wp-caption-text\">Ph\u1ea7n m\u00e1i v\u00f2m nh\u00ecn t\u1eeb d\u01b0\u1edbi l\u00ean. \u1ea2nh: @arcdetriomphe_paris<\/p><\/div>\n<p style=\"text-align: justify;\"><strong>\u0110\u1ea1i l\u1ed9 Champs Elysees<\/strong><\/p>\n<p style=\"text-align: justify;\">Ngay d\u01b0\u1edbi Kh\u1ea3i Ho\u00e0n M\u00f4n, ch\u00ednh l\u00e0 \u0111\u1ea1i l\u1ed9 Champs Elysees \u2013 \u0111o\u1ea1n \u0111\u01b0\u1eddng n\u1ed1i li\u1ec1n \u0111\u1ebfn qu\u1ea3ng tr\u01b0\u1eddng Concorde. \u0110\u1ea1i l\u1ed9 n\u00e0y l\u00e0 n\u01a1i t\u1ed5 ch\u1ee9c c\u00e1c s\u1ef1 ki\u1ec7n, l\u1ec5 h\u1ed9i quan tr\u1ecdng c\u1ee7a Paris, nh\u01b0 duy\u1ec7t binh ng\u00e0y 14 th\u00e1ng 7, ch\u1eb7ng cu\u1ed1i c\u1ee7a cu\u1ed9c \u0111ua xe \u0111\u1ea1p Tour de France, \u0111\u1ecba \u0111i\u1ec3m c\u00e1c cu\u1ed9c \u0103n m\u1eebng, ch\u00e0o \u0111\u00f3n n\u0103m m\u1edbi\u2026<\/p>\n<div id=\"attachment_383680\" style=\"width: 1034px\" class=\"wp-caption alignnone\"><a href=\"https:\/\/cdn3.ivivu.com\/2022\/11\/\u0110\u1ea1i-l\u1ed9-Champs-Elysees-ivivu-3.jpeg\"><img loading=\"lazy\" decoding=\"async\" aria-describedby=\"caption-attachment-383680\" class=\"size-large wp-image-383680\" src=\"https:\/\/cdn3.ivivu.com\/2022\/11\/\u0110\u1ea1i-l\u1ed9-Champs-Elysees-ivivu-3-1024x480.jpeg\" alt=\"\u0110\u1ea1i l\u1ed9 Champs Elysees v\u00f4 c\u00f9ng t\u1ea5p n\u1eadp v\u00e0 nh\u1ed9n nh\u1ecbp.\" width=\"1024\" height=\"480\" srcset=\"https:\/\/cdn3.ivivu.com\/2022\/11\/\u0110\u1ea1i-l\u1ed9-Champs-Elysees-ivivu-3-1024x480.jpeg 1024w, https:\/\/cdn3.ivivu.com\/2022\/11\/\u0110\u1ea1i-l\u1ed9-Champs-Elysees-ivivu-3-540x253.jpeg 540w, https:\/\/cdn3.ivivu.com\/2022\/11\/\u0110\u1ea1i-l\u1ed9-Champs-Elysees-ivivu-3.jpeg 1440w\" sizes=\"(max-width: 1024px) 100vw, 1024px\" \/><\/a><p id=\"caption-attachment-383680\" class=\"wp-caption-text\">\u0110\u1ea1i l\u1ed9 Champs Elysees v\u00f4 c\u00f9ng t\u1ea5p n\u1eadp v\u00e0 nh\u1ed9n nh\u1ecbp.<\/p><\/div>\n<p style=\"text-align: justify;\"><strong>Th\u00e1p Eiffel<\/strong><\/p>\n<p style=\"text-align: justify;\">Nh\u1eafc \u0111\u1ebfn n\u01b0\u1edbc Ph\u00e1p n\u00f3i chung v\u00e0 Paris n\u00f3i ri\u00eang, ch\u1eafc ch\u1eafn kh\u00f4ng th\u1ec3 kh\u00f4ng nh\u1eafc \u0111\u1ebfn th\u00e1p Eiffel. Ng\u1ecdn th\u00e1p cao 300m n\u00e0y l\u00e0 m\u1ed9t c\u00f4ng tr\u00ecnh ki\u1ebfn tr\u00fac \u0111\u01b0\u1ee3c l\u00e0m ho\u00e0n to\u00e0n b\u1eb1ng th\u00e9p n\u1eb1m ngay b\u00ean d\u00f2ng s\u00f4ng Seine. C\u00f4ng tr\u00ecnh n\u00e0y \u0111\u01b0\u1ee3c x\u00e2y d\u1ef1ng \u0111\u1ec3 k\u1ef7 ni\u1ec7m 100 n\u0103m c\u00e1ch m\u1ea1ng Ph\u00e1p n\u0103m 1889. B\u1ea5t c\u1ee9 ai c\u0169ng s\u1ebd cho\u00e1ng ng\u1ee3p b\u1edfi \u0111\u1ed9 l\u1ed9ng l\u1eaby khi chi\u00eam ng\u01b0\u1ee1ng th\u00e1p Eiffel t\u1eadn m\u1eaft.<\/p>\n<p style=\"text-align: justify;\"><a href=\"https:\/\/cdn3.ivivu.com\/2022\/11\/Th\u00e1p-Eiffel-ivivu-7.jpg\"><img loading=\"lazy\" decoding=\"async\" class=\"alignnone size-large wp-image-383703\" src=\"https:\/\/cdn3.ivivu.com\/2022\/11\/Th\u00e1p-Eiffel-ivivu-7-1024x691.jpg\" alt=\"Th\u00e1p Eiffel ivivu 7\" width=\"1024\" height=\"691\" srcset=\"https:\/\/cdn3.ivivu.com\/2022\/11\/Th\u00e1p-Eiffel-ivivu-7-1024x691.jpg 1024w, https:\/\/cdn3.ivivu.com\/2022\/11\/Th\u00e1p-Eiffel-ivivu-7-452x305.jpg 452w, https:\/\/cdn3.ivivu.com\/2022\/11\/Th\u00e1p-Eiffel-ivivu-7-50x35.jpg 50w, https:\/\/cdn3.ivivu.com\/2022\/11\/Th\u00e1p-Eiffel-ivivu-7.jpg 1600w\" sizes=\"(max-width: 1024px) 100vw, 1024px\" \/><\/a><\/p>\n<p style=\"text-align: justify;\"><a href=\"https:\/\/cdn3.ivivu.com\/2021\/08\/Eiffel-mo-cua-tro-lai-ivivu-1.jpg\"><img loading=\"lazy\" decoding=\"async\" class=\"alignnone size-large wp-image-352092\" src=\"https:\/\/cdn3.ivivu.com\/2021\/08\/Eiffel-mo-cua-tro-lai-ivivu-1-819x1024.jpg\" alt=\"Eiffel-mo-cua-tro-lai-ivivu-1\" width=\"819\" height=\"1024\" srcset=\"https:\/\/cdn3.ivivu.com\/2021\/08\/Eiffel-mo-cua-tro-lai-ivivu-1-819x1024.jpg 819w, https:\/\/cdn3.ivivu.com\/2021\/08\/Eiffel-mo-cua-tro-lai-ivivu-1-244x305.jpg 244w, https:\/\/cdn3.ivivu.com\/2021\/08\/Eiffel-mo-cua-tro-lai-ivivu-1.jpg 1080w\" sizes=\"(max-width: 819px) 100vw, 819px\" \/><\/a><\/p>\n<p style=\"text-align: justify;\"><strong>Vi\u1ec7n b\u1ea3o t\u00e0ng Louvre<\/strong><\/p>\n<p style=\"text-align: justify;\">Louvre v\u1ed1n l\u00e0 m\u1ed9t ph\u00e1o \u0111\u00e0i \u0111\u01b0\u1ee3c vua Philippe Auguste cho x\u00e2y d\u1ef1ng v\u00e0o n\u0103m 1190. Cu\u1ed1i th\u1ebf k\u1ef7 XIV, d\u01b0\u1edbi th\u1eddi Charles V, n\u01a1i \u0111\u00e2y tr\u1edf th\u00e0nh cung \u0111i\u1ec7n ho\u00e0ng gia. T\u1eeb n\u0103m 1672, khi tri\u1ec1u \u0111\u00ecnh Ph\u00e1p chuy\u1ec3n v\u1ec1 l\u00e2u \u0111\u00e0i Versailles, b\u1ed9 s\u01b0u t\u1eadp ho\u00e0ng gia \u0111\u01b0\u1ee3c l\u01b0u tr\u1eef t\u1ea1i Louvre. Th\u1eddi k\u1ef3 c\u00e1ch m\u1ea1ng Ph\u00e1p, Lourve ch\u00ednh th\u1ee9c tr\u1edf th\u00e0nh b\u1ea3o t\u00e0ng.<\/p>\n<p style=\"text-align: justify;\"><a href=\"https:\/\/cdn3.ivivu.com\/2022\/11\/Vi\u1ec7n-b\u1ea3o-t\u00e0ng-Louvre-ivivu-9.jpg\"><img loading=\"lazy\" decoding=\"async\" class=\"alignnone size-large wp-image-383705\" src=\"https:\/\/cdn3.ivivu.com\/2022\/11\/Vi\u1ec7n-b\u1ea3o-t\u00e0ng-Louvre-ivivu-9-1024x682.jpg\" alt=\"Vi\u1ec7n b\u1ea3o t\u00e0ng Louvre ivivu 9\" width=\"1024\" height=\"682\" srcset=\"https:\/\/cdn3.ivivu.com\/2022\/11\/Vi\u1ec7n-b\u1ea3o-t\u00e0ng-Louvre-ivivu-9-1024x682.jpg 1024w, https:\/\/cdn3.ivivu.com\/2022\/11\/Vi\u1ec7n-b\u1ea3o-t\u00e0ng-Louvre-ivivu-9-458x305.jpg 458w\" sizes=\"(max-width: 1024px) 100vw, 1024px\" \/><\/a><\/p>\n<div id=\"attachment_383706\" style=\"width: 829px\" class=\"wp-caption alignnone\"><a href=\"https:\/\/cdn3.ivivu.com\/2022\/11\/Vi\u1ec7n-b\u1ea3o-t\u00e0ng-Louvre-ivivu-8-@roniel_yuri.jpg\"><img loading=\"lazy\" decoding=\"async\" aria-describedby=\"caption-attachment-383706\" class=\"size-large wp-image-383706\" src=\"https:\/\/cdn3.ivivu.com\/2022\/11\/Vi\u1ec7n-b\u1ea3o-t\u00e0ng-Louvre-ivivu-8-@roniel_yuri-819x1024.jpg\" alt=\"\u1ea2nh: @roniel_yuri\" width=\"819\" height=\"1024\" srcset=\"https:\/\/cdn3.ivivu.com\/2022\/11\/Vi\u1ec7n-b\u1ea3o-t\u00e0ng-Louvre-ivivu-8-@roniel_yuri-819x1024.jpg 819w, https:\/\/cdn3.ivivu.com\/2022\/11\/Vi\u1ec7n-b\u1ea3o-t\u00e0ng-Louvre-ivivu-8-@roniel_yuri-244x305.jpg 244w, https:\/\/cdn3.ivivu.com\/2022\/11\/Vi\u1ec7n-b\u1ea3o-t\u00e0ng-Louvre-ivivu-8-@roniel_yuri.jpg 1080w\" sizes=\"(max-width: 819px) 100vw, 819px\" \/><\/a><p id=\"caption-attachment-383706\" class=\"wp-caption-text\">\u1ea2nh: @roniel_yuri<\/p><\/div>\n<p style=\"text-align: justify;\">Ngo\u00e0i c\u00e1c hi\u1ec7n v\u1eadt v\u1ec1 nh\u1eefng n\u1ec1n v\u0103n minh c\u1ed5, ngh\u1ec7 thu\u1eadt H\u1ed3i gi\u00e1o v\u00e0 ngh\u1ec7 thu\u1eadt ch\u00e2u \u00c2u t\u1eeb th\u1ebf k\u1ef7 XIII cho t\u1edbi gi\u1eefa th\u1ebf k\u1ef7 XIX, vi\u1ec7n b\u1ea3o t\u00e0ng Louvre c\u00f2n n\u1ed5i ti\u1ebfng l\u00e0 n\u01a1i tr\u01b0ng b\u00e0y c\u00e1c t\u00e1c ph\u1ea9m ngh\u1ec7 thu\u1eadt tuy\u1ec7t t\u00e1c b\u1eadc nh\u1ea5t c\u1ee7a th\u1ebf gi\u1edbi nh\u01b0 b\u1ee9c tranh n\u00e0ng Mona Lisa.<\/p>\n<p style=\"text-align: justify;\"><a href=\"https:\/\/cdn3.ivivu.com\/2018\/01\/bao-tang-louvre-phien-ban-tren-mat-bien-o-abu-dhabi-ivivu-21.jpg\"><img loading=\"lazy\" decoding=\"async\" class=\"alignnone size-large wp-image-245206\" src=\"https:\/\/cdn3.ivivu.com\/2018\/01\/bao-tang-louvre-phien-ban-tren-mat-bien-o-abu-dhabi-ivivu-21-1024x682.jpg\" alt=\"bao-tang-louvre-phien-ban-tren-mat-bien-o-abu-dhabi-ivivu-2\" width=\"1024\" height=\"682\" srcset=\"https:\/\/cdn3.ivivu.com\/2018\/01\/bao-tang-louvre-phien-ban-tren-mat-bien-o-abu-dhabi-ivivu-21-1024x682.jpg 1024w, https:\/\/cdn3.ivivu.com\/2018\/01\/bao-tang-louvre-phien-ban-tren-mat-bien-o-abu-dhabi-ivivu-21-458x305.jpg 458w, https:\/\/cdn3.ivivu.com\/2018\/01\/bao-tang-louvre-phien-ban-tren-mat-bien-o-abu-dhabi-ivivu-21.jpg 1136w\" sizes=\"(max-width: 1024px) 100vw, 1024px\" \/><\/a><\/p>\n<div id=\"attachment_383707\" style=\"width: 804px\" class=\"wp-caption alignnone\"><a href=\"https:\/\/cdn3.ivivu.com\/2022\/11\/Vi\u1ec7n-b\u1ea3o-t\u00e0ng-Louvre-ivivu-10.jpg\"><img loading=\"lazy\" decoding=\"async\" aria-describedby=\"caption-attachment-383707\" class=\"size-full wp-image-383707\" src=\"https:\/\/cdn3.ivivu.com\/2022\/11\/Vi\u1ec7n-b\u1ea3o-t\u00e0ng-Louvre-ivivu-10.jpg\" alt=\"B\u1ee9c tranh n\u00e0ng Mona Lisa \u0111\u01b0\u1ee3c treo trong vi\u1ec7n b\u1ea3o t\u00e0ng Lourve.\" width=\"794\" height=\"992\" srcset=\"https:\/\/cdn3.ivivu.com\/2022\/11\/Vi\u1ec7n-b\u1ea3o-t\u00e0ng-Louvre-ivivu-10.jpg 794w, https:\/\/cdn3.ivivu.com\/2022\/11\/Vi\u1ec7n-b\u1ea3o-t\u00e0ng-Louvre-ivivu-10-244x305.jpg 244w\" sizes=\"(max-width: 794px) 100vw, 794px\" \/><\/a><p id=\"caption-attachment-383707\" class=\"wp-caption-text\">B\u1ee9c tranh n\u00e0ng Mona Lisa \u0111\u01b0\u1ee3c treo trong vi\u1ec7n b\u1ea3o t\u00e0ng Lourve.<\/p><\/div>\n<p style=\"text-align: justify;\"><strong>Nh\u00e0 th\u1edd \u0110\u1ee9c B\u00e0 Reims (Notre Dame de Reims)<\/strong><\/p>\n<p style=\"text-align: justify;\">Nh\u00e0 th\u1edd \u0110\u1ee9c B\u00e0 Reims \u0111\u01b0\u1ee3c x\u00e2y d\u1ef1ng t\u1eeb th\u1ebf k\u1ef7 13, n\u1eb1m ngay b\u00ean d\u00f2ng s\u00f4ng Sein bi\u1ec3u t\u01b0\u1ee3ng. \u0110\u00e2y l\u00e0 m\u1ed9t trong c\u00e1c nh\u00e0 th\u1edd c\u1ed5 l\u1edbn b\u1eadc nh\u1ea5t c\u1ee7a Ph\u00e1p. C\u00f4ng tr\u00ecnh n\u00e0y \u0111\u01b0\u1ee3c x\u00e2y d\u1ef1ng ho\u00e0n to\u00e0n b\u1eb1ng \u0111\u00e1 sa th\u1ea1ch h\u1ed3ng c\u1ee7a Voges v\u00e0 \u0111\u1ec3 ho\u00e0n th\u00e0nh c\u00e1c ki\u1ebfn tr\u00fac s\u01b0 ph\u1ea3i m\u1ea5t h\u01a1n b\u1ed1n th\u1ebf k\u1ef7.<\/p>\n<div id=\"attachment_383713\" style=\"width: 1034px\" class=\"wp-caption alignnone\"><a href=\"https:\/\/cdn3.ivivu.com\/2022\/11\/Nh\u00e0-th\u1edd-Notre-Dame-ivivu-13.jpg\"><img loading=\"lazy\" decoding=\"async\" aria-describedby=\"caption-attachment-383713\" class=\"size-large wp-image-383713\" src=\"https:\/\/cdn3.ivivu.com\/2022\/11\/Nh\u00e0-th\u1edd-Notre-Dame-ivivu-13-1024x576.jpg\" alt=\"M\u1eb7t ph\u00eda tr\u01b0\u1edbc nh\u00e0 th\u1edd.\" width=\"1024\" height=\"576\" srcset=\"https:\/\/cdn3.ivivu.com\/2022\/11\/Nh\u00e0-th\u1edd-Notre-Dame-ivivu-13-1024x576.jpg 1024w, https:\/\/cdn3.ivivu.com\/2022\/11\/Nh\u00e0-th\u1edd-Notre-Dame-ivivu-13-250x142.jpg 250w, https:\/\/cdn3.ivivu.com\/2022\/11\/Nh\u00e0-th\u1edd-Notre-Dame-ivivu-13-540x305.jpg 540w, https:\/\/cdn3.ivivu.com\/2022\/11\/Nh\u00e0-th\u1edd-Notre-Dame-ivivu-13-750x422.jpg 750w, https:\/\/cdn3.ivivu.com\/2022\/11\/Nh\u00e0-th\u1edd-Notre-Dame-ivivu-13-225x127.jpg 225w, https:\/\/cdn3.ivivu.com\/2022\/11\/Nh\u00e0-th\u1edd-Notre-Dame-ivivu-13-370x208.jpg 370w, https:\/\/cdn3.ivivu.com\/2022\/11\/Nh\u00e0-th\u1edd-Notre-Dame-ivivu-13-50x28.jpg 50w, https:\/\/cdn3.ivivu.com\/2022\/11\/Nh\u00e0-th\u1edd-Notre-Dame-ivivu-13-107x60.jpg 107w, https:\/\/cdn3.ivivu.com\/2022\/11\/Nh\u00e0-th\u1edd-Notre-Dame-ivivu-13-195x110.jpg 195w, https:\/\/cdn3.ivivu.com\/2022\/11\/Nh\u00e0-th\u1edd-Notre-Dame-ivivu-13-220x125.jpg 220w, https:\/\/cdn3.ivivu.com\/2022\/11\/Nh\u00e0-th\u1edd-Notre-Dame-ivivu-13-400x225.jpg 400w, https:\/\/cdn3.ivivu.com\/2022\/11\/Nh\u00e0-th\u1edd-Notre-Dame-ivivu-13-140x80.jpg 140w, https:\/\/cdn3.ivivu.com\/2022\/11\/Nh\u00e0-th\u1edd-Notre-Dame-ivivu-13.jpg 1200w\" sizes=\"(max-width: 1024px) 100vw, 1024px\" \/><\/a><p id=\"caption-attachment-383713\" class=\"wp-caption-text\">M\u1eb7t ph\u00eda tr\u01b0\u1edbc nh\u00e0 th\u1edd.<\/p><\/div>\n<p style=\"text-align: justify;\">Notre Dame de Reims l\u00e0 n\u01a1i \u0111\u0103ng quang c\u1ee7a g\u1ea7n nh\u01b0 to\u00e0n b\u1ed9 c\u00e1c ho\u00e0ng \u0111\u1ebf Ph\u00e1p. V\u1ecb vua cu\u1ed1i c\u00f9ng l\u00e0m l\u1ec5 \u0111\u0103ng quang t\u1ea1i \u0111\u00e2y l\u00e0 vua Charles X, v\u00e0o ng\u00e0y 29\/05\/1825. Nh\u00e0 th\u1edd n\u00e0y c\u00f9ng cung \u0111i\u1ec7n Tau v\u00e0 nh\u00e0 th\u1edd Saint Remi n\u1eb1m trong qu\u1ea7n th\u1ec3 ki\u1ebfn tr\u00fac t\u00f4n gi\u00e1o Reims, \u0111\u00e3 \u0111\u01b0\u1ee3c UNESCO c\u00f4ng nh\u1eadn l\u00e0 di s\u1ea3n th\u1ebf gi\u1edbi n\u0103m 1991.<\/p>\n<p style=\"text-align: justify;\"><a href=\"https:\/\/cdn3.ivivu.com\/2023\/06\/Nh\u00e0-th\u1edd-\u0110\u1ee9c-B\u00e0-Reims-ivivu-1.jpg\"><img loading=\"lazy\" decoding=\"async\" class=\"alignnone size-large wp-image-420275\" src=\"https:\/\/cdn3.ivivu.com\/2023\/06\/Nh\u00e0-th\u1edd-\u0110\u1ee9c-B\u00e0-Reims-ivivu-1-1024x813.jpg\" alt=\"Nh\u00e0 th\u1edd \u0110\u1ee9c B\u00e0 Reims ivivu 1\" width=\"1024\" height=\"813\" srcset=\"https:\/\/cdn3.ivivu.com\/2023\/06\/Nh\u00e0-th\u1edd-\u0110\u1ee9c-B\u00e0-Reims-ivivu-1-1024x813.jpg 1024w, https:\/\/cdn3.ivivu.com\/2023\/06\/Nh\u00e0-th\u1edd-\u0110\u1ee9c-B\u00e0-Reims-ivivu-1-384x305.jpg 384w\" sizes=\"(max-width: 1024px) 100vw, 1024px\" \/><\/a><\/p>\n<div id=\"attachment_383714\" style=\"width: 1034px\" class=\"wp-caption alignnone\"><a href=\"https:\/\/cdn3.ivivu.com\/2022\/11\/Nh\u00e0-th\u1edd-Notre-Dame-ivivu-12.jpg\"><img loading=\"lazy\" decoding=\"async\" aria-describedby=\"caption-attachment-383714\" class=\"size-large wp-image-383714\" src=\"https:\/\/cdn3.ivivu.com\/2022\/11\/Nh\u00e0-th\u1edd-Notre-Dame-ivivu-12-1024x683.jpg\" alt=\"M\u1eb7t nh\u00ecn t\u1eeb b\u00ean h\u00f4ng nh\u00e0 th\u1edd.\" width=\"1024\" height=\"683\" srcset=\"https:\/\/cdn3.ivivu.com\/2022\/11\/Nh\u00e0-th\u1edd-Notre-Dame-ivivu-12-1024x683.jpg 1024w, https:\/\/cdn3.ivivu.com\/2022\/11\/Nh\u00e0-th\u1edd-Notre-Dame-ivivu-12-457x305.jpg 457w, https:\/\/cdn3.ivivu.com\/2022\/11\/Nh\u00e0-th\u1edd-Notre-Dame-ivivu-12.jpg 1600w\" sizes=\"(max-width: 1024px) 100vw, 1024px\" \/><\/a><p id=\"caption-attachment-383714\" class=\"wp-caption-text\">M\u1eb7t nh\u00ecn t\u1eeb b\u00ean h\u00f4ng nh\u00e0 th\u1edd.<\/p><\/div>\n<p style=\"text-align: justify;\"><strong>Khu ph\u1ed1 c\u1ed5 La Petite France<\/strong><\/p>\n<p style=\"text-align: justify;\">M\u1ed9t l\u00e0ng qu\u00ea Ph\u00e1p mang thi\u00ean h\u01b0\u1edbng th\u1eddi trung c\u1ed5 v\u1edbi nh\u1eefng ng\u00f4i nh\u00e0 g\u1ed7 ven k\u00eanh \u0111\u00e0o. Ng\u00f4i l\u00e0ng khi\u1ebfn cho b\u1ea1n b\u1ecb cho\u00e1ng ng\u1ee3p b\u1edfi s\u1ef1 \u0111a d\u1ea1ng c\u1ee7a ki\u1ebfn tr\u00fac. Ng\u00f4i l\u00e0ng n\u1eb1m tr\u00ean m\u1ed9t ng\u1ecdn \u0111\u1ed3i, mang v\u0103n h\u00f3a v\u00e0 phong c\u00e1ch Ph\u00e1p t\u1eeb c\u1ed5 k\u00ednh cho \u0111\u1ebfn hi\u1ec7n \u0111\u1ea1i v\u1edbi nh\u1eefng t\u00f2a nh\u00e0, khu v\u01b0\u1eddn c\u00e2y xinh \u0111\u1eb9p. \u0110\u00e2y l\u00e0 \u0111\u1ecba \u0111i\u1ec3m y\u00eau th\u00edch c\u1ee7a du kh\u00e1ch khi \u0111\u1ebfn du l\u1ecbch Strasbourg.<\/p>\n<p style=\"text-align: justify;\"><a href=\"https:\/\/cdn3.ivivu.com\/2023\/06\/La-Petite-France-ivivu-3.jpg\"><img loading=\"lazy\" decoding=\"async\" class=\"alignnone size-large wp-image-420276\" src=\"https:\/\/cdn3.ivivu.com\/2023\/06\/La-Petite-France-ivivu-3-1024x576.jpg\" alt=\"La Petite France ivivu 3\" width=\"1024\" height=\"576\" srcset=\"https:\/\/cdn3.ivivu.com\/2023\/06\/La-Petite-France-ivivu-3-1024x576.jpg 1024w, https:\/\/cdn3.ivivu.com\/2023\/06\/La-Petite-France-ivivu-3-250x142.jpg 250w, https:\/\/cdn3.ivivu.com\/2023\/06\/La-Petite-France-ivivu-3-540x305.jpg 540w, https:\/\/cdn3.ivivu.com\/2023\/06\/La-Petite-France-ivivu-3-750x422.jpg 750w, https:\/\/cdn3.ivivu.com\/2023\/06\/La-Petite-France-ivivu-3-225x127.jpg 225w, https:\/\/cdn3.ivivu.com\/2023\/06\/La-Petite-France-ivivu-3-370x208.jpg 370w, https:\/\/cdn3.ivivu.com\/2023\/06\/La-Petite-France-ivivu-3-50x28.jpg 50w, https:\/\/cdn3.ivivu.com\/2023\/06\/La-Petite-France-ivivu-3-107x60.jpg 107w, https:\/\/cdn3.ivivu.com\/2023\/06\/La-Petite-France-ivivu-3-195x110.jpg 195w, https:\/\/cdn3.ivivu.com\/2023\/06\/La-Petite-France-ivivu-3-220x125.jpg 220w, https:\/\/cdn3.ivivu.com\/2023\/06\/La-Petite-France-ivivu-3-400x225.jpg 400w, https:\/\/cdn3.ivivu.com\/2023\/06\/La-Petite-France-ivivu-3-140x80.jpg 140w, https:\/\/cdn3.ivivu.com\/2023\/06\/La-Petite-France-ivivu-3.jpg 1920w\" sizes=\"(max-width: 1024px) 100vw, 1024px\" \/><\/a><\/p>\n<p style=\"text-align: justify;\"><a href=\"https:\/\/cdn3.ivivu.com\/2023\/06\/La-Petite-France-ivivu-1.jpg\"><img loading=\"lazy\" decoding=\"async\" class=\"alignnone size-large wp-image-420277\" src=\"https:\/\/cdn3.ivivu.com\/2023\/06\/La-Petite-France-ivivu-1-1024x576.jpg\" alt=\"La Petite France ivivu 1\" width=\"1024\" height=\"576\" srcset=\"https:\/\/cdn3.ivivu.com\/2023\/06\/La-Petite-France-ivivu-1-1024x576.jpg 1024w, https:\/\/cdn3.ivivu.com\/2023\/06\/La-Petite-France-ivivu-1-250x142.jpg 250w, https:\/\/cdn3.ivivu.com\/2023\/06\/La-Petite-France-ivivu-1-540x305.jpg 540w, https:\/\/cdn3.ivivu.com\/2023\/06\/La-Petite-France-ivivu-1-750x422.jpg 750w, https:\/\/cdn3.ivivu.com\/2023\/06\/La-Petite-France-ivivu-1-225x127.jpg 225w, https:\/\/cdn3.ivivu.com\/2023\/06\/La-Petite-France-ivivu-1-370x208.jpg 370w, https:\/\/cdn3.ivivu.com\/2023\/06\/La-Petite-France-ivivu-1-50x28.jpg 50w, https:\/\/cdn3.ivivu.com\/2023\/06\/La-Petite-France-ivivu-1-107x60.jpg 107w, https:\/\/cdn3.ivivu.com\/2023\/06\/La-Petite-France-ivivu-1-195x110.jpg 195w, https:\/\/cdn3.ivivu.com\/2023\/06\/La-Petite-France-ivivu-1-220x125.jpg 220w, https:\/\/cdn3.ivivu.com\/2023\/06\/La-Petite-France-ivivu-1-400x225.jpg 400w, https:\/\/cdn3.ivivu.com\/2023\/06\/La-Petite-France-ivivu-1-140x80.jpg 140w, https:\/\/cdn3.ivivu.com\/2023\/06\/La-Petite-France-ivivu-1.jpg 1200w\" sizes=\"(max-width: 1024px) 100vw, 1024px\" \/><\/a><\/p>\n<p style=\"text-align: justify;\"><strong>H\u1ed3 Lucerne v\u00e0 c\u00e2y c\u1ea7u Chapel<\/strong><\/p>\n<p style=\"text-align: justify;\">H\u1ed3 Lucern l\u00e0 m\u1ed9t trong b\u1ed1n h\u1ed3 n\u01b0\u1edbc l\u1edbn v\u00e0 \u0111\u1eb9p nh\u1ea5t c\u1ee7a Th\u1ee5y S\u0129. B\u1ea1n c\u00f3 th\u1ec3 th\u1ea3 h\u1ed3n ng\u1eafm nh\u00ecn \u0111\u00e0n thi\u00ean nga \u0111ang th\u1ea3 m\u00ecnh tr\u00ean m\u1eb7t h\u1ed3 t\u1ea1i c\u00e2y c\u1ea7u Chapel n\u1ed5i ti\u1ebfng, \u0111\u01b0\u1ee3c xem l\u00e0 bi\u1ec3u t\u01b0\u1ee3ng c\u1ee7a th\u00e0nh ph\u1ed1 trung c\u1ed5 Lucern. C\u00e2y c\u1ea7u v\u1edbi ki\u1ebfn tr\u00fac b\u1eb1ng g\u1ed7 v\u00e0 m\u00e1i che \u0111\u1eb7c tr\u01b0ng, n\u1ed1i li\u1ec1n hai b\u1edd ph\u1ed1 c\u1ed5 v\u00e0 khu ph\u1ed1 m\u1edbi c\u1ee7a th\u00e0nh ph\u1ed1, c\u00f3 ngu\u1ed3n g\u1ed1c t\u1eeb t\u1eadn th\u1ebf k\u1ef7 14.<\/p>\n<p style=\"text-align: justify;\"><a href=\"https:\/\/cdn3.ivivu.com\/2023\/06\/H\u1ed3-Lucern-ivivu-1.jpg\"><img loading=\"lazy\" decoding=\"async\" class=\"alignnone size-large wp-image-420278\" src=\"https:\/\/cdn3.ivivu.com\/2023\/06\/H\u1ed3-Lucern-ivivu-1-1024x682.jpg\" alt=\"H\u1ed3 Lucern ivivu 1\" width=\"1024\" height=\"682\" srcset=\"https:\/\/cdn3.ivivu.com\/2023\/06\/H\u1ed3-Lucern-ivivu-1-1024x682.jpg 1024w, https:\/\/cdn3.ivivu.com\/2023\/06\/H\u1ed3-Lucern-ivivu-1-458x305.jpg 458w, https:\/\/cdn3.ivivu.com\/2023\/06\/H\u1ed3-Lucern-ivivu-1.jpg 1166w\" sizes=\"(max-width: 1024px) 100vw, 1024px\" \/><\/a><\/p>\n<div id=\"attachment_383722\" style=\"width: 1034px\" class=\"wp-caption alignnone\"><a href=\"https:\/\/cdn3.ivivu.com\/2022\/11\/C\u00e2y-c\u1ea7u-Chapel-ivivu-15.jpg\"><img loading=\"lazy\" decoding=\"async\" aria-describedby=\"caption-attachment-383722\" class=\"size-large wp-image-383722\" src=\"https:\/\/cdn3.ivivu.com\/2022\/11\/C\u00e2y-c\u1ea7u-Chapel-ivivu-15-1024x438.jpg\" alt=\"C\u00e2y c\u1ea7u Chapel\" width=\"1024\" height=\"438\" srcset=\"https:\/\/cdn3.ivivu.com\/2022\/11\/C\u00e2y-c\u1ea7u-Chapel-ivivu-15-1024x438.jpg 1024w, https:\/\/cdn3.ivivu.com\/2022\/11\/C\u00e2y-c\u1ea7u-Chapel-ivivu-15-540x231.jpg 540w, https:\/\/cdn3.ivivu.com\/2022\/11\/C\u00e2y-c\u1ea7u-Chapel-ivivu-15.jpg 1920w\" sizes=\"(max-width: 1024px) 100vw, 1024px\" \/><\/a><p id=\"caption-attachment-383722\" class=\"wp-caption-text\">C\u00e2y c\u1ea7u Chapel.<\/p><\/div>\n<p style=\"text-align: justify;\"><strong>Th\u1ecb tr\u1ea5n Interlaken<\/strong><\/p>\n<p style=\"text-align: justify;\">Interlaken l\u00e0 m\u1ed9t th\u1ecb tr\u1ea5n nh\u1ecf t\u1ecda l\u1ea1c t\u1ea1i huy\u1ec7n Interlaken trong bang Bern, Th\u1ee5y S\u0129. Theo ti\u1ebfng Latinh, Interlaken c\u00f3 ngh\u0129a l\u00e0 \u201cth\u1ecb tr\u1ea5n gi\u1eefa c\u00e1c h\u1ed3\u201d. C\u00e1i t\u00ean \u0111\u00e3 ph\u1ea7n n\u00e0o n\u00f3i l\u00ean \u0111\u1ecba h\u00ecnh \u0111\u1eb7c th\u00f9 c\u1ee7a th\u1ecb tr\u1ea5n n\u00e0y. N\u01a1i \u0111\u00e2y c\u00f2n \u0111\u01b0\u1ee3c bao b\u1ecdc b\u1edfi nh\u1eefng d\u00e3y n\u00fai s\u1eebng s\u1eefng v\u00e0 h\u00f9ng v\u0129. \u0110\u1ebfn \u0111\u00e2y, b\u1ea1n s\u1ebd \u0111\u01b0\u1ee3c \u0111\u1eafm m\u00ecnh trong m\u1ed9t kh\u00f4ng gian trong v\u1eaft, tinh kh\u00f4i v\u00e0 ph\u00f3ng t\u1ea7m m\u1eaft ra th\u1eadt xa \u0111\u1ec3 bao qu\u00e1t to\u00e0n c\u1ea3nh ba \u0111\u1ec9nh n\u00fai Jungfrau, Monch, Eiger.<\/p>\n<p style=\"text-align: justify;\"><a href=\"https:\/\/cdn3.ivivu.com\/2023\/06\/Th\u1ecb-tr\u1ea5n-Interlaken-ivivu-2.jpg\"><img loading=\"lazy\" decoding=\"async\" class=\"alignnone size-large wp-image-420279\" src=\"https:\/\/cdn3.ivivu.com\/2023\/06\/Th\u1ecb-tr\u1ea5n-Interlaken-ivivu-2-1024x576.jpg\" alt=\"Th\u1ecb tr\u1ea5n Interlaken ivivu 2\" width=\"1024\" height=\"576\" srcset=\"https:\/\/cdn3.ivivu.com\/2023\/06\/Th\u1ecb-tr\u1ea5n-Interlaken-ivivu-2-1024x576.jpg 1024w, https:\/\/cdn3.ivivu.com\/2023\/06\/Th\u1ecb-tr\u1ea5n-Interlaken-ivivu-2-250x142.jpg 250w, https:\/\/cdn3.ivivu.com\/2023\/06\/Th\u1ecb-tr\u1ea5n-Interlaken-ivivu-2-540x305.jpg 540w, https:\/\/cdn3.ivivu.com\/2023\/06\/Th\u1ecb-tr\u1ea5n-Interlaken-ivivu-2-750x422.jpg 750w, https:\/\/cdn3.ivivu.com\/2023\/06\/Th\u1ecb-tr\u1ea5n-Interlaken-ivivu-2-225x127.jpg 225w, https:\/\/cdn3.ivivu.com\/2023\/06\/Th\u1ecb-tr\u1ea5n-Interlaken-ivivu-2-370x208.jpg 370w, https:\/\/cdn3.ivivu.com\/2023\/06\/Th\u1ecb-tr\u1ea5n-Interlaken-ivivu-2-50x28.jpg 50w, https:\/\/cdn3.ivivu.com\/2023\/06\/Th\u1ecb-tr\u1ea5n-Interlaken-ivivu-2-107x60.jpg 107w, https:\/\/cdn3.ivivu.com\/2023\/06\/Th\u1ecb-tr\u1ea5n-Interlaken-ivivu-2-195x110.jpg 195w, https:\/\/cdn3.ivivu.com\/2023\/06\/Th\u1ecb-tr\u1ea5n-Interlaken-ivivu-2-220x125.jpg 220w, https:\/\/cdn3.ivivu.com\/2023\/06\/Th\u1ecb-tr\u1ea5n-Interlaken-ivivu-2-400x225.jpg 400w, https:\/\/cdn3.ivivu.com\/2023\/06\/Th\u1ecb-tr\u1ea5n-Interlaken-ivivu-2-140x80.jpg 140w, https:\/\/cdn3.ivivu.com\/2023\/06\/Th\u1ecb-tr\u1ea5n-Interlaken-ivivu-2.jpg 1366w\" sizes=\"(max-width: 1024px) 100vw, 1024px\" \/><\/a><\/p>\n<p style=\"text-align: justify;\"><a href=\"https:\/\/cdn3.ivivu.com\/2023\/06\/Th\u1ecb-tr\u1ea5n-Interlaken-ivivu-1.jpg\"><img loading=\"lazy\" decoding=\"async\" class=\"alignnone size-large wp-image-420280\" src=\"https:\/\/cdn3.ivivu.com\/2023\/06\/Th\u1ecb-tr\u1ea5n-Interlaken-ivivu-1-1024x683.jpg\" alt=\"Th\u1ecb tr\u1ea5n Interlaken ivivu 1\" width=\"1024\" height=\"683\" srcset=\"https:\/\/cdn3.ivivu.com\/2023\/06\/Th\u1ecb-tr\u1ea5n-Interlaken-ivivu-1-1024x683.jpg 1024w, https:\/\/cdn3.ivivu.com\/2023\/06\/Th\u1ecb-tr\u1ea5n-Interlaken-ivivu-1-457x305.jpg 457w, https:\/\/cdn3.ivivu.com\/2023\/06\/Th\u1ecb-tr\u1ea5n-Interlaken-ivivu-1.jpg 1600w\" sizes=\"(max-width: 1024px) 100vw, 1024px\" \/><\/a><strong>H\u1ed3 Brienz<\/strong><\/p>\n<p style=\"text-align: justify;\">H\u1ed3 Brienz l\u00e0 m\u1ed9t h\u1ed3 n\u01b0\u1edbc n\u1eb1m \u1edf khu v\u1ef1c ph\u00eda b\u1eafc d\u00e3y n\u00fai Alps, Canton Berne, Th\u1ee5y S\u0129. H\u1ed3 n\u01b0\u1edbc n\u00e0y l\u00e0 bi\u1ec3u tr\u01b0ng cho s\u1ef1 b\u00ecnh y\u00ean c\u1ee7a c\u1ee7a ng\u00f4i l\u00e0ng Iseltwald v\u00e0 tr\u1edf n\u00ean n\u1ed5i ti\u1ebfng v\u1edbi du kh\u00e1ch h\u01a1n bao gi\u1edd h\u1ebft nh\u1edd b\u1ed9 phim \u0111\u00ecnh \u0111\u00e1m \u201cH\u1ea1 c\u00e1nh n\u01a1i anh\u201d. Khung c\u1ea3nh th\u01a1 m\u1ed9ng tuy\u1ec7t m\u1ef9 c\u1ee7a Brienz c\u00f2n l\u00e0 c\u1ea3m h\u1ee9ng s\u00e1ng t\u00e1c cho r\u1ea5t nhi\u1ec1u ngh\u1ec7 s\u0129.<\/p>\n<p style=\"text-align: justify;\"><a href=\"https:\/\/cdn3.ivivu.com\/2023\/06\/H\u1ed3-Brienz-ivivu-2.jpg\"><img loading=\"lazy\" decoding=\"async\" class=\"alignnone size-large wp-image-420283\" src=\"https:\/\/cdn3.ivivu.com\/2023\/06\/H\u1ed3-Brienz-ivivu-2-1024x487.jpg\" alt=\"H\u1ed3 Brienz ivivu 2\" width=\"1024\" height=\"487\" srcset=\"https:\/\/cdn3.ivivu.com\/2023\/06\/H\u1ed3-Brienz-ivivu-2-1024x487.jpg 1024w, https:\/\/cdn3.ivivu.com\/2023\/06\/H\u1ed3-Brienz-ivivu-2-540x257.jpg 540w, https:\/\/cdn3.ivivu.com\/2023\/06\/H\u1ed3-Brienz-ivivu-2.jpg 1366w\" sizes=\"(max-width: 1024px) 100vw, 1024px\" \/><\/a><\/p>\n<div id=\"attachment_420282\" style=\"width: 1034px\" class=\"wp-caption alignnone\"><a href=\"https:\/\/cdn3.ivivu.com\/2023\/06\/H\u1ed3-Brienz-ivivu-3.jpg\"><img loading=\"lazy\" decoding=\"async\" aria-describedby=\"caption-attachment-420282\" class=\"size-large wp-image-420282\" src=\"https:\/\/cdn3.ivivu.com\/2023\/06\/H\u1ed3-Brienz-ivivu-3-1024x683.jpg\" alt=\"Khung c\u1ea3nh trong phim &quot;H\u1ea1 c\u00e1nh n\u01a1i anh&quot;.\" width=\"1024\" height=\"683\" srcset=\"https:\/\/cdn3.ivivu.com\/2023\/06\/H\u1ed3-Brienz-ivivu-3-1024x683.jpg 1024w, https:\/\/cdn3.ivivu.com\/2023\/06\/H\u1ed3-Brienz-ivivu-3-458x305.jpg 458w, https:\/\/cdn3.ivivu.com\/2023\/06\/H\u1ed3-Brienz-ivivu-3.jpg 1920w\" sizes=\"(max-width: 1024px) 100vw, 1024px\" \/><\/a><p id=\"caption-attachment-420282\" class=\"wp-caption-text\">Khung c\u1ea3nh trong phim &#8220;H\u1ea1 c\u00e1nh n\u01a1i anh&#8221;.<\/p><\/div>\n<p style=\"text-align: justify;\"><strong>Th\u1ecb tr\u1ea5n Grindelwald<\/strong><\/p>\n<p style=\"text-align: justify;\">Grindelwald l\u00e0 th\u1ecb tr\u1ea5n xinh \u0111\u1eb9p n\u1eb1m \u1ea9n m\u00ecnh \u1edf \u0111\u1ea7u thung l\u0169ng L\u00fctschen b\u00ean d\u01b0\u1edbi ng\u1ecdn n\u00fai Wetterhorn. Th\u1ecb tr\u1ea5n n\u00e0y v\u1edbi c\u00e1c c\u0103n nh\u00e0 g\u1ed7 nh\u1ecf n\u1eb1m r\u1ea3i r\u00e1c gi\u1eefa tri\u1ec1n \u0111\u1ed3i, d\u01b0\u1edbi thung l\u0169ng nh\u01b0 m\u1ed9t ng\u00f4i l\u00e0ng c\u1ed5 t\u00edch gi\u1eefa \u0111\u1eddi th\u1ef1c. \u0110\u1ebfn v\u1edbi ng\u00f4i l\u00e0ng n\u00e0y, b\u1ea1n s\u1ebd th\u1ef1c s\u1ef1 \u0111\u01b0\u1ee3c h\u00f2a m\u00ecnh v\u00e0o khung c\u1ea3nh thanh b\u00ecnh, trong l\u00e0nh. \u0110\u00e2y c\u0169ng ch\u00ednh l\u00e0 m\u1ed9t trong nh\u1eefng khu ngh\u1ec9 m\u00e1t \u0111\u1ea7u ti\u00ean v\u00e0 l\u00e2u \u0111\u1eddi nh\u1ea5t c\u1ee7a Th\u1ee5y S\u0129 n\u00f3i ri\u00eang, ch\u00e2u \u00c2u n\u00f3i chung.<\/p>\n<p style=\"text-align: justify;\"><a href=\"https:\/\/cdn3.ivivu.com\/2023\/06\/Th\u1ecb-tr\u1ea5n-Grindelwald-ivivu-1.jpg\"><img loading=\"lazy\" decoding=\"async\" class=\"alignnone size-large wp-image-420295\" src=\"https:\/\/cdn3.ivivu.com\/2023\/06\/Th\u1ecb-tr\u1ea5n-Grindelwald-ivivu-1-1024x731.jpg\" alt=\"Th\u1ecb tr\u1ea5n Grindelwald ivivu 1\" width=\"1024\" height=\"731\" srcset=\"https:\/\/cdn3.ivivu.com\/2023\/06\/Th\u1ecb-tr\u1ea5n-Grindelwald-ivivu-1-1024x731.jpg 1024w, https:\/\/cdn3.ivivu.com\/2023\/06\/Th\u1ecb-tr\u1ea5n-Grindelwald-ivivu-1-427x305.jpg 427w, https:\/\/cdn3.ivivu.com\/2023\/06\/Th\u1ecb-tr\u1ea5n-Grindelwald-ivivu-1-50x35.jpg 50w\" sizes=\"(max-width: 1024px) 100vw, 1024px\" \/><\/a><\/p>\n<p style=\"text-align: justify;\"><a href=\"https:\/\/cdn3.ivivu.com\/2023\/06\/Th\u1ecb-tr\u1ea5n-Grindelwald-ivivu-4.jpg\"><img loading=\"lazy\" decoding=\"async\" class=\"alignnone size-large wp-image-420292\" src=\"https:\/\/cdn3.ivivu.com\/2023\/06\/Th\u1ecb-tr\u1ea5n-Grindelwald-ivivu-4-1024x638.jpg\" alt=\"Th\u1ecb tr\u1ea5n Grindelwald ivivu 4\" width=\"1024\" height=\"638\" srcset=\"https:\/\/cdn3.ivivu.com\/2023\/06\/Th\u1ecb-tr\u1ea5n-Grindelwald-ivivu-4-1024x638.jpg 1024w, https:\/\/cdn3.ivivu.com\/2023\/06\/Th\u1ecb-tr\u1ea5n-Grindelwald-ivivu-4-490x305.jpg 490w, https:\/\/cdn3.ivivu.com\/2023\/06\/Th\u1ecb-tr\u1ea5n-Grindelwald-ivivu-4.jpg 1357w\" sizes=\"(max-width: 1024px) 100vw, 1024px\" \/><\/a>C\u00e0ng \u0111\u1eb7c bi\u1ec7t h\u01a1n khi th\u1ecb tr\u1ea5n Grindelwald n\u1eb1m ngay d\u01b0\u1edbi ch\u00e2n b\u1ee9c t\u01b0\u1eddng \u0111\u00e1 kh\u1ed5ng l\u1ed3 The North Face of Eiger. T\u1ea1i \u0111\u00e2y, kh\u00f4ng ch\u1ec9 c\u00f3 nh\u1eefng ng\u1ecdn n\u00fai h\u00f9ng v\u0129, du kh\u00e1ch c\u00f2n c\u00f3 th\u1ec3 l\u1ea1c b\u01b0\u1edbc v\u00e0o c\u00e1nh \u0111\u1ed3ng c\u1ecf d\u1ecbu d\u00e0ng xanh m\u00e1t, xen l\u1eabn nh\u1eefng con \u0111\u01b0\u1eddng m\u00f2n v\u1edbi hoa c\u1ecf m\u1ecdc \u0111\u1ea7y hai b\u00ean.<\/p>\n<p style=\"text-align: justify;\"><a href=\"https:\/\/cdn3.ivivu.com\/2023\/06\/Th\u1ecb-tr\u1ea5n-Grindelwald-ivivu-3.jpg\"><img loading=\"lazy\" decoding=\"async\" class=\"alignnone size-large wp-image-420293\" src=\"https:\/\/cdn3.ivivu.com\/2023\/06\/Th\u1ecb-tr\u1ea5n-Grindelwald-ivivu-3-820x1024.jpg\" alt=\"Th\u1ecb tr\u1ea5n Grindelwald ivivu 3\" width=\"820\" height=\"1024\" srcset=\"https:\/\/cdn3.ivivu.com\/2023\/06\/Th\u1ecb-tr\u1ea5n-Grindelwald-ivivu-3-820x1024.jpg 820w, https:\/\/cdn3.ivivu.com\/2023\/06\/Th\u1ecb-tr\u1ea5n-Grindelwald-ivivu-3-244x305.jpg 244w, https:\/\/cdn3.ivivu.com\/2023\/06\/Th\u1ecb-tr\u1ea5n-Grindelwald-ivivu-3.jpg 1080w\" sizes=\"(max-width: 820px) 100vw, 820px\" \/><\/a><\/p>\n<div id=\"attachment_420291\" style=\"width: 1034px\" class=\"wp-caption alignnone\"><a href=\"https:\/\/cdn3.ivivu.com\/2023\/06\/Grindelwald-First-ivivu-1.jpg\"><img loading=\"lazy\" decoding=\"async\" aria-describedby=\"caption-attachment-420291\" class=\"size-large wp-image-420291\" src=\"https:\/\/cdn3.ivivu.com\/2023\/06\/Grindelwald-First-ivivu-1-1024x683.jpg\" alt=\"C\u00e1p treo Grindelwald First.\" width=\"1024\" height=\"683\" srcset=\"https:\/\/cdn3.ivivu.com\/2023\/06\/Grindelwald-First-ivivu-1-1024x683.jpg 1024w, https:\/\/cdn3.ivivu.com\/2023\/06\/Grindelwald-First-ivivu-1-458x305.jpg 458w, https:\/\/cdn3.ivivu.com\/2023\/06\/Grindelwald-First-ivivu-1.jpg 1920w\" sizes=\"(max-width: 1024px) 100vw, 1024px\" \/><\/a><p id=\"caption-attachment-420291\" class=\"wp-caption-text\">C\u00e1p treo Grindelwald First.<\/p><\/div>\n<p style=\"text-align: justify;\">\u0110\u1ec3 c\u1ea3m nh\u1eadn \u0111\u01b0\u1ee3c h\u1ebft v\u1ebb \u0111\u1eb9p c\u1ee7a Grindelwald, du kh\u00e1ch h\u00e3y tr\u1ea3i nghi\u1ec7m ng\u1ed3i c\u00e1p treo Grindelwald First hay chinh ph\u1ee5c c\u00e2y c\u1ea7u kim lo\u1ea1i First Cliff Walk from Tissot v\u1edbi chi\u1ec1u d\u00e0i 800 \u00f4m quanh \u0111\u1ec9nh n\u00fai, \u0111\u1ec3 t\u1eadn m\u1eaft ch\u1ee9ng ki\u1ebfn quang c\u1ea3nh tuy\u1ec7t \u0111\u1eb9p \u1edf thi\u00ean \u0111\u01b0\u1eddng ngh\u1ec9 d\u01b0\u1ee1ng l\u00fd t\u01b0\u1edfng c\u1ee7a ng\u01b0\u1eddi Th\u1ee5y S\u1ef9 n\u00e0y.<\/p>\n<div id=\"attachment_420289\" style=\"width: 1034px\" class=\"wp-caption alignnone\"><a href=\"https:\/\/cdn3.ivivu.com\/2023\/06\/First-Cliff-Walk-from-Tissot-ivivu-2.jpg\"><img loading=\"lazy\" decoding=\"async\" aria-describedby=\"caption-attachment-420289\" class=\"size-large wp-image-420289\" src=\"https:\/\/cdn3.ivivu.com\/2023\/06\/First-Cliff-Walk-from-Tissot-ivivu-2-1024x684.jpg\" alt=\"First Cliff Walk from Tissot.\" width=\"1024\" height=\"684\" srcset=\"https:\/\/cdn3.ivivu.com\/2023\/06\/First-Cliff-Walk-from-Tissot-ivivu-2-1024x684.jpg 1024w, https:\/\/cdn3.ivivu.com\/2023\/06\/First-Cliff-Walk-from-Tissot-ivivu-2-457x305.jpg 457w, https:\/\/cdn3.ivivu.com\/2023\/06\/First-Cliff-Walk-from-Tissot-ivivu-2.jpg 1600w\" sizes=\"(max-width: 1024px) 100vw, 1024px\" \/><\/a><p id=\"caption-attachment-420289\" class=\"wp-caption-text\">First Cliff Walk from Tissot.<\/p><\/div>\n<div id=\"attachment_420290\" style=\"width: 1034px\" class=\"wp-caption alignnone\"><a href=\"https:\/\/cdn3.ivivu.com\/2023\/06\/First-Cliff-Walk-from-Tissot-ivivu-1.jpg\"><img loading=\"lazy\" decoding=\"async\" aria-describedby=\"caption-attachment-420290\" class=\"size-large wp-image-420290\" src=\"https:\/\/cdn3.ivivu.com\/2023\/06\/First-Cliff-Walk-from-Tissot-ivivu-1-1024x728.jpg\" alt=\"First Cliff Walk from Tissot.\" width=\"1024\" height=\"728\" srcset=\"https:\/\/cdn3.ivivu.com\/2023\/06\/First-Cliff-Walk-from-Tissot-ivivu-1-1024x728.jpg 1024w, https:\/\/cdn3.ivivu.com\/2023\/06\/First-Cliff-Walk-from-Tissot-ivivu-1-429x305.jpg 429w, https:\/\/cdn3.ivivu.com\/2023\/06\/First-Cliff-Walk-from-Tissot-ivivu-1-50x35.jpg 50w\" sizes=\"(max-width: 1024px) 100vw, 1024px\" \/><\/a><p id=\"caption-attachment-420290\" class=\"wp-caption-text\">First Cliff Walk from Tissot.<\/p><\/div>\n<p style=\"text-align: justify;\"><strong>Ph\u00e1o \u0111\u00e0i Sforzesco<\/strong><\/p>\n<p style=\"text-align: justify;\">L\u00e2u \u0111\u00e0i \u0111\u01b0\u1ee3c x\u00e2y d\u1ef1ng v\u00e0o th\u1ebf k\u1ef7 14 b\u1edfi b\u00e1 t\u01b0\u1edbc Sforza, sau \u0111\u00f3 tr\u1edf th\u00e0nh n\u01a1i \u1edf c\u1ee7a \u0111\u1ea1i gia \u0111\u00ecnh Sforza, ch\u1ee9ng ki\u1ebfn to\u00e0n b\u1ed9 qu\u00e1 tr\u00ecnh t\u1eeb th\u1eddi ho\u00e0ng kim \u0111\u1ebfn suy t\u00e0n c\u1ee7a gia t\u1ed9c n\u00e0y. L\u00e2u \u0111\u00e0i n\u00e0y \u0111\u01b0\u1ee3c thi\u1ebft k\u1ebf theo c\u1ea5u tr\u00fac c\u1ee7a m\u1ed9t ph\u00e1o \u0111\u00e0i v\u00e0 hi\u1ec7n nay \u0111ang \u0111\u01b0\u1ee3c s\u1eed d\u1ee5ng l\u00e0m b\u1ea3o t\u00e0ng c\u1ee7a ch\u00ednh quy\u1ec1n th\u00e0nh ph\u1ed1 Milan.<\/p>\n<div id=\"attachment_383728\" style=\"width: 1034px\" class=\"wp-caption alignnone\"><a href=\"https:\/\/cdn3.ivivu.com\/2022\/11\/Ph\u00e1o-\u0111\u00e0i-Sforzesco-ivivu-19.jpg\"><img loading=\"lazy\" decoding=\"async\" aria-describedby=\"caption-attachment-383728\" class=\"size-large wp-image-383728\" src=\"https:\/\/cdn3.ivivu.com\/2022\/11\/Ph\u00e1o-\u0111\u00e0i-Sforzesco-ivivu-19-1024x576.jpg\" alt=\"Khu\u00f4n vi\u00ean b\u00ean trong ph\u00e1o \u0111\u00e0i.\" width=\"1024\" height=\"576\" srcset=\"https:\/\/cdn3.ivivu.com\/2022\/11\/Ph\u00e1o-\u0111\u00e0i-Sforzesco-ivivu-19-1024x576.jpg 1024w, https:\/\/cdn3.ivivu.com\/2022\/11\/Ph\u00e1o-\u0111\u00e0i-Sforzesco-ivivu-19-250x142.jpg 250w, https:\/\/cdn3.ivivu.com\/2022\/11\/Ph\u00e1o-\u0111\u00e0i-Sforzesco-ivivu-19-540x305.jpg 540w, https:\/\/cdn3.ivivu.com\/2022\/11\/Ph\u00e1o-\u0111\u00e0i-Sforzesco-ivivu-19-750x422.jpg 750w, https:\/\/cdn3.ivivu.com\/2022\/11\/Ph\u00e1o-\u0111\u00e0i-Sforzesco-ivivu-19-225x127.jpg 225w, https:\/\/cdn3.ivivu.com\/2022\/11\/Ph\u00e1o-\u0111\u00e0i-Sforzesco-ivivu-19-370x208.jpg 370w, https:\/\/cdn3.ivivu.com\/2022\/11\/Ph\u00e1o-\u0111\u00e0i-Sforzesco-ivivu-19-50x28.jpg 50w, https:\/\/cdn3.ivivu.com\/2022\/11\/Ph\u00e1o-\u0111\u00e0i-Sforzesco-ivivu-19-107x60.jpg 107w, https:\/\/cdn3.ivivu.com\/2022\/11\/Ph\u00e1o-\u0111\u00e0i-Sforzesco-ivivu-19-195x110.jpg 195w, https:\/\/cdn3.ivivu.com\/2022\/11\/Ph\u00e1o-\u0111\u00e0i-Sforzesco-ivivu-19-220x125.jpg 220w, https:\/\/cdn3.ivivu.com\/2022\/11\/Ph\u00e1o-\u0111\u00e0i-Sforzesco-ivivu-19-400x225.jpg 400w, https:\/\/cdn3.ivivu.com\/2022\/11\/Ph\u00e1o-\u0111\u00e0i-Sforzesco-ivivu-19-140x80.jpg 140w, https:\/\/cdn3.ivivu.com\/2022\/11\/Ph\u00e1o-\u0111\u00e0i-Sforzesco-ivivu-19.jpg 1280w\" sizes=\"(max-width: 1024px) 100vw, 1024px\" \/><\/a><p id=\"caption-attachment-383728\" class=\"wp-caption-text\">Khu\u00f4n vi\u00ean b\u00ean trong ph\u00e1o \u0111\u00e0i.<\/p><\/div>\n<p style=\"text-align: justify;\">T\u1eeb xa, b\u1ea1n \u0111\u00e3 c\u00f3 th\u1ec3 nh\u00ecn th\u1ea5y hai t\u00f2a th\u00e1p Torrione Dei Carmini v\u00e0 Torrione Di Santo Spirito v\u1edbi nh\u1eefng th\u00e1p canh \u0111\u01b0\u1ee3c b\u1ed1 tr\u00ed m\u1ed9t c\u00e1ch khoa h\u1ecdc \u0111\u1ec3 b\u1ea3o v\u1ec7 b\u00ean trong l\u00e2u \u0111\u00e0i, ph\u00eda d\u01b0\u1edbi l\u00e0 d\u00e3y h\u00e0o l\u0169y r\u1ed9ng r\u00e3i b\u1ecdc k\u00edn 4 m\u1eb7t th\u00e0nh \u0111\u00e3 ph\u1ee7 c\u1ecf xanh r\u00ec c\u1ed5 k\u00ednh.<\/p>\n<div id=\"attachment_383726\" style=\"width: 1034px\" class=\"wp-caption alignnone\"><a href=\"https:\/\/cdn3.ivivu.com\/2022\/11\/Ph\u00e1o-\u0111\u00e0i-Sforzesco-ivivu-18.jpg\"><img loading=\"lazy\" decoding=\"async\" aria-describedby=\"caption-attachment-383726\" class=\"size-large wp-image-383726\" src=\"https:\/\/cdn3.ivivu.com\/2022\/11\/Ph\u00e1o-\u0111\u00e0i-Sforzesco-ivivu-18-1024x576.jpg\" alt=\"Bao qu\u00e1t ph\u00e1o \u0111\u00e0i \u0111\u01b0\u1ee3c nh\u00ecn t\u1eeb tr\u00ean cao.\" width=\"1024\" height=\"576\" srcset=\"https:\/\/cdn3.ivivu.com\/2022\/11\/Ph\u00e1o-\u0111\u00e0i-Sforzesco-ivivu-18-1024x576.jpg 1024w, https:\/\/cdn3.ivivu.com\/2022\/11\/Ph\u00e1o-\u0111\u00e0i-Sforzesco-ivivu-18-250x142.jpg 250w, https:\/\/cdn3.ivivu.com\/2022\/11\/Ph\u00e1o-\u0111\u00e0i-Sforzesco-ivivu-18-540x305.jpg 540w, https:\/\/cdn3.ivivu.com\/2022\/11\/Ph\u00e1o-\u0111\u00e0i-Sforzesco-ivivu-18-750x422.jpg 750w, https:\/\/cdn3.ivivu.com\/2022\/11\/Ph\u00e1o-\u0111\u00e0i-Sforzesco-ivivu-18-225x127.jpg 225w, https:\/\/cdn3.ivivu.com\/2022\/11\/Ph\u00e1o-\u0111\u00e0i-Sforzesco-ivivu-18-370x208.jpg 370w, https:\/\/cdn3.ivivu.com\/2022\/11\/Ph\u00e1o-\u0111\u00e0i-Sforzesco-ivivu-18-50x28.jpg 50w, https:\/\/cdn3.ivivu.com\/2022\/11\/Ph\u00e1o-\u0111\u00e0i-Sforzesco-ivivu-18-107x60.jpg 107w, https:\/\/cdn3.ivivu.com\/2022\/11\/Ph\u00e1o-\u0111\u00e0i-Sforzesco-ivivu-18-195x110.jpg 195w, https:\/\/cdn3.ivivu.com\/2022\/11\/Ph\u00e1o-\u0111\u00e0i-Sforzesco-ivivu-18-220x125.jpg 220w, https:\/\/cdn3.ivivu.com\/2022\/11\/Ph\u00e1o-\u0111\u00e0i-Sforzesco-ivivu-18-400x225.jpg 400w, https:\/\/cdn3.ivivu.com\/2022\/11\/Ph\u00e1o-\u0111\u00e0i-Sforzesco-ivivu-18-140x80.jpg 140w, https:\/\/cdn3.ivivu.com\/2022\/11\/Ph\u00e1o-\u0111\u00e0i-Sforzesco-ivivu-18.jpg 1280w\" sizes=\"(max-width: 1024px) 100vw, 1024px\" \/><\/a><p id=\"caption-attachment-383726\" class=\"wp-caption-text\">Bao qu\u00e1t ph\u00e1o \u0111\u00e0i \u0111\u01b0\u1ee3c nh\u00ecn t\u1eeb tr\u00ean cao.<\/p><\/div>\n<p style=\"text-align: justify;\"><strong>Nh\u00e0 th\u1edd l\u1edbn Milan (Duomo di Milano)<\/strong><\/p>\n<p style=\"text-align: justify;\">Nh\u00e0 th\u1edd \u0111\u01b0\u1ee3c thi\u1ebft k\u1ebf \u0111\u1eb7c bi\u1ec7t h\u00ecnh b\u00e1t gi\u00e1c v\u1edbi t\u01b0\u1eddng \u0111\u00e1 c\u1ea9m th\u1ea1ch xanh v\u00e0 nh\u1eefng \u201cc\u00e1nh c\u1eeda thi\u00ean \u0111\u01b0\u1eddng\u201d b\u1eb1ng \u0111\u1ed3ng. B\u00ean trong nh\u00e0 th\u1edd tr\u01b0ng b\u00e0y nh\u1eefng t\u00e1c ph\u1ea9m ngh\u1ec7 thu\u1eadt t\u1eeb th\u1eddi Ph\u1ee5c H\u01b0ng. Ph\u00eda b\u00ean ngo\u00e0i \u0111\u01b0\u1ee3c \u0111\u1eb7t m\u1ed9t b\u1ee9c t\u01b0\u1ee3ng Madonna n\u1ed5i ti\u1ebfng, \u0111\u01b0\u1ee3c \u0111\u00fac b\u1eb1ng kim lo\u1ea1i v\u00e0 m\u1ea1 v\u00e0ng. B\u1ee9c t\u01b0\u1ee3ng n\u00e0y \u0111\u01b0\u1ee3c \u0111\u1eb7t tr\u00ean cao c\u00e1ch m\u1eb7t \u0111\u1ea5t 108m. Khi \u00e1nh m\u1eb7t tr\u1eddi chi\u1ebfu v\u00e0o, b\u1ee9c t\u01b0\u1ee3ng t\u1ecfa s\u00e1ng r\u1ef1c r\u1ee1.<\/p>\n<p style=\"text-align: justify;\"><a href=\"https:\/\/cdn3.ivivu.com\/2022\/11\/Nh\u00e0-th\u1edd-l\u1edbn-Doumo-II-ivivu-20.gif\"><img loading=\"lazy\" decoding=\"async\" class=\"alignnone size-full wp-image-383729\" src=\"https:\/\/cdn3.ivivu.com\/2022\/11\/Nh\u00e0-th\u1edd-l\u1edbn-Doumo-II-ivivu-20.gif\" alt=\"Nh\u00e0 th\u1edd l\u1edbn Doumo II ivivu 20\" width=\"710\" height=\"399\" \/><\/a><\/p>\n<div id=\"attachment_420297\" style=\"width: 1034px\" class=\"wp-caption alignnone\"><a href=\"https:\/\/cdn3.ivivu.com\/2023\/06\/Duomo-di-Milano-nh\u00e0-th\u1edd-l\u1edbn-Milan-ivivu-3.jpg\"><img loading=\"lazy\" decoding=\"async\" aria-describedby=\"caption-attachment-420297\" class=\"size-large wp-image-420297\" src=\"https:\/\/cdn3.ivivu.com\/2023\/06\/Duomo-di-Milano-nh\u00e0-th\u1edd-l\u1edbn-Milan-ivivu-3-1024x684.jpg\" alt=\"Nh\u00e0 th\u1edd v\u00e0 b\u1ee9c t\u01b0\u1ee3ng Madonna n\u1ed5i ti\u1ebfng.\" width=\"1024\" height=\"684\" srcset=\"https:\/\/cdn3.ivivu.com\/2023\/06\/Duomo-di-Milano-nh\u00e0-th\u1edd-l\u1edbn-Milan-ivivu-3-1024x684.jpg 1024w, https:\/\/cdn3.ivivu.com\/2023\/06\/Duomo-di-Milano-nh\u00e0-th\u1edd-l\u1edbn-Milan-ivivu-3-457x305.jpg 457w, https:\/\/cdn3.ivivu.com\/2023\/06\/Duomo-di-Milano-nh\u00e0-th\u1edd-l\u1edbn-Milan-ivivu-3.jpg 1300w\" sizes=\"(max-width: 1024px) 100vw, 1024px\" \/><\/a><p id=\"caption-attachment-420297\" class=\"wp-caption-text\">Nh\u00e0 th\u1edd v\u00e0 b\u1ee9c t\u01b0\u1ee3ng Madonna n\u1ed5i ti\u1ebfng.<\/p><\/div>\n<div id=\"attachment_420298\" style=\"width: 1034px\" class=\"wp-caption alignnone\"><a href=\"https:\/\/cdn3.ivivu.com\/2023\/06\/Duomo-di-Milano-nh\u00e0-th\u1edd-l\u1edbn-Milan-ivivu-2.jpg\"><img loading=\"lazy\" decoding=\"async\" aria-describedby=\"caption-attachment-420298\" class=\"size-large wp-image-420298\" src=\"https:\/\/cdn3.ivivu.com\/2023\/06\/Duomo-di-Milano-nh\u00e0-th\u1edd-l\u1edbn-Milan-ivivu-2-1024x576.jpg\" alt=\"B\u00ean trong nh\u00e0 th\u1edd.\" width=\"1024\" height=\"576\" srcset=\"https:\/\/cdn3.ivivu.com\/2023\/06\/Duomo-di-Milano-nh\u00e0-th\u1edd-l\u1edbn-Milan-ivivu-2-1024x576.jpg 1024w, https:\/\/cdn3.ivivu.com\/2023\/06\/Duomo-di-Milano-nh\u00e0-th\u1edd-l\u1edbn-Milan-ivivu-2-250x142.jpg 250w, https:\/\/cdn3.ivivu.com\/2023\/06\/Duomo-di-Milano-nh\u00e0-th\u1edd-l\u1edbn-Milan-ivivu-2-540x305.jpg 540w, https:\/\/cdn3.ivivu.com\/2023\/06\/Duomo-di-Milano-nh\u00e0-th\u1edd-l\u1edbn-Milan-ivivu-2-750x422.jpg 750w, https:\/\/cdn3.ivivu.com\/2023\/06\/Duomo-di-Milano-nh\u00e0-th\u1edd-l\u1edbn-Milan-ivivu-2-225x127.jpg 225w, https:\/\/cdn3.ivivu.com\/2023\/06\/Duomo-di-Milano-nh\u00e0-th\u1edd-l\u1edbn-Milan-ivivu-2-370x208.jpg 370w, https:\/\/cdn3.ivivu.com\/2023\/06\/Duomo-di-Milano-nh\u00e0-th\u1edd-l\u1edbn-Milan-ivivu-2-50x28.jpg 50w, https:\/\/cdn3.ivivu.com\/2023\/06\/Duomo-di-Milano-nh\u00e0-th\u1edd-l\u1edbn-Milan-ivivu-2-107x60.jpg 107w, https:\/\/cdn3.ivivu.com\/2023\/06\/Duomo-di-Milano-nh\u00e0-th\u1edd-l\u1edbn-Milan-ivivu-2-195x110.jpg 195w, https:\/\/cdn3.ivivu.com\/2023\/06\/Duomo-di-Milano-nh\u00e0-th\u1edd-l\u1edbn-Milan-ivivu-2-220x125.jpg 220w, https:\/\/cdn3.ivivu.com\/2023\/06\/Duomo-di-Milano-nh\u00e0-th\u1edd-l\u1edbn-Milan-ivivu-2-400x225.jpg 400w, https:\/\/cdn3.ivivu.com\/2023\/06\/Duomo-di-Milano-nh\u00e0-th\u1edd-l\u1edbn-Milan-ivivu-2-140x80.jpg 140w, https:\/\/cdn3.ivivu.com\/2023\/06\/Duomo-di-Milano-nh\u00e0-th\u1edd-l\u1edbn-Milan-ivivu-2.jpg 1280w\" sizes=\"(max-width: 1024px) 100vw, 1024px\" \/><\/a><p id=\"caption-attachment-420298\" class=\"wp-caption-text\">B\u00ean trong nh\u00e0 th\u1edd.<\/p><\/div>\n<p style=\"text-align: justify;\"><strong>K\u00eanh \u0111\u00e0o l\u1edbn Venice \u00ad (Grand Canal Venice)<br \/>\n<\/strong><\/p>\n<p style=\"text-align: justify;\">Venice c\u00f3 h\u00e0ng tr\u0103m k\u00eanh \u0111\u00e0o n\u1ed1i c\u00e1c h\u00f2n \u0111\u1ea3o kh\u00e1c nhau t\u1ea1o n\u00ean th\u00e0nh ph\u1ed1. L\u1edbn nh\u1ea5t trong s\u1ed1 \u0111\u00f3 l\u00e0 Grand Canal, u\u1ed1n l\u01b0\u1ee3n qua trung t\u00e2m theo h\u00ecnh ch\u1eef S. H\u01a1n 170 t\u00f2a nh\u00e0 c\u00f3 ni\u00ean \u0111\u1ea1i t\u1eeb \u0111\u1ea7u th\u1ebf k\u1ef7 13 n\u1eb1m d\u1ecdc theo b\u1edd k\u00eanh, \u0111\u00e3 \u0111\u00f3ng vai tr\u00f2 l\u00e0 m\u1ed9t tuy\u1ebfn \u0111\u01b0\u1eddng th\u1ee7y quan tr\u1ecdng c\u1ee7a th\u00e0nh ph\u1ed1 trong h\u00e0ng tr\u0103m n\u0103m.<\/p>\n<div id=\"attachment_383730\" style=\"width: 1034px\" class=\"wp-caption alignnone\"><a href=\"https:\/\/cdn3.ivivu.com\/2022\/11\/Grand-Canal-ivivu-21.jpg\"><img loading=\"lazy\" decoding=\"async\" aria-describedby=\"caption-attachment-383730\" class=\"size-large wp-image-383730\" src=\"https:\/\/cdn3.ivivu.com\/2022\/11\/Grand-Canal-ivivu-21-1024x469.jpg\" alt=\"K\u00eanh \u0111\u1ea1i Grand Canal.\" width=\"1024\" height=\"469\" srcset=\"https:\/\/cdn3.ivivu.com\/2022\/11\/Grand-Canal-ivivu-21-1024x469.jpg 1024w, https:\/\/cdn3.ivivu.com\/2022\/11\/Grand-Canal-ivivu-21-540x247.jpg 540w\" sizes=\"(max-width: 1024px) 100vw, 1024px\" \/><\/a><p id=\"caption-attachment-383730\" class=\"wp-caption-text\">K\u00eanh \u0111\u00e0o l\u1edbn Venice (Grand Canal Venice).<\/p><\/div>\n<p style=\"text-align: justify;\">B\u1ea1n c\u00f3 th\u1ec3 l\u1ef1a ch\u1ecdn di chuy\u1ec3n tr\u00ean Grand Canal b\u1eb1ng nh\u1eefng chi\u1ebfc thuy\u1ec1n Gondola \u0111\u1eb7c tr\u01b0ng, v\u1edbi nh\u1eefng ng\u01b0\u1eddi l\u00e1i m\u1eb7c \u00e1o s\u1ecdc \u0111\u1ecf tr\u1eafng. B\u1ea1n s\u1ebd \u0111\u01b0\u1ee3c ng\u1eafm nh\u00ecn tr\u1ecdn v\u1eb9n con k\u00eanh l\u1edbn v\u00e0 c\u00f4ng tr\u00ecnh n\u1ed5i ti\u1ebfng, c\u1ea7u Rialto b\u1eafc qua k\u00eanh Grand Canal.<\/p>\n<div id=\"attachment_383731\" style=\"width: 1034px\" class=\"wp-caption alignnone\"><a href=\"https:\/\/cdn3.ivivu.com\/2022\/11\/Rialto-ivivu-22.jpg\"><img loading=\"lazy\" decoding=\"async\" aria-describedby=\"caption-attachment-383731\" class=\"size-large wp-image-383731\" src=\"https:\/\/cdn3.ivivu.com\/2022\/11\/Rialto-ivivu-22-1024x512.jpg\" alt=\"C\u1ea7u Rialto\" width=\"1024\" height=\"512\" srcset=\"https:\/\/cdn3.ivivu.com\/2022\/11\/Rialto-ivivu-22-1024x512.jpg 1024w, https:\/\/cdn3.ivivu.com\/2022\/11\/Rialto-ivivu-22-540x270.jpg 540w, https:\/\/cdn3.ivivu.com\/2022\/11\/Rialto-ivivu-22.jpg 1585w\" sizes=\"(max-width: 1024px) 100vw, 1024px\" \/><\/a><p id=\"caption-attachment-383731\" class=\"wp-caption-text\">C\u1ea7u Rialto.<\/p><\/div>\n<p style=\"text-align: justify;\"><strong>Nh\u00e0 th\u1edd Basilica di San Marco<\/strong><\/p>\n<p style=\"text-align: justify;\">Nh\u00e0 th\u1edd n\u00e0y c\u00f2n \u0111\u01b0\u1ee3c g\u1ecdi l\u00e0 v\u01b0\u01a1ng cung th\u00e1nh \u0111\u01b0\u1eddng ch\u00ednh t\u00f2a th\u01b0\u1ee3ng ph\u1ee5 Th\u00e1nh Marco. N\u1eb1m tr\u00ean qu\u1ea3ng tr\u01b0\u1eddng San Marco, nh\u00e0 th\u1edd n\u00e0y \u0111\u01b0\u1ee3c xem nh\u01b0 m\u1ed9t t\u00e1c ph\u1ea9m ngh\u1ec7 thu\u1eadt \u0111\u00e1ng kinh ng\u1ea1c t\u1eeb c\u00e1c chi ti\u1ebft \u0111\u01b0\u1ee3c trang tr\u00ed c\u00f4ng phu, c\u00e1c \u0111i\u00eau kh\u1eafc ngh\u1ec7 thu\u1eadt \u1edf m\u1eb7t ti\u1ec1n, \u0111\u1ebfn c\u00e1c b\u1ee9c b\u00edch h\u1ecda \u0111\u01b0\u1ee3c s\u01a1n \u0111\u1eb9p m\u1eaft \u1edf b\u00ean trong tr\u1ea7n nh\u00e0 h\u00ecnh v\u00f2m.<\/p>\n<p style=\"text-align: justify;\"><a href=\"https:\/\/cdn3.ivivu.com\/2023\/06\/Basilica-di-San-Marco-ivivu-1.jpg\"><img loading=\"lazy\" decoding=\"async\" class=\"alignnone size-large wp-image-420307\" src=\"https:\/\/cdn3.ivivu.com\/2023\/06\/Basilica-di-San-Marco-ivivu-1-1024x576.jpg\" alt=\"Basilica di San Marco ivivu 1\" width=\"1024\" height=\"576\" srcset=\"https:\/\/cdn3.ivivu.com\/2023\/06\/Basilica-di-San-Marco-ivivu-1-1024x576.jpg 1024w, https:\/\/cdn3.ivivu.com\/2023\/06\/Basilica-di-San-Marco-ivivu-1-250x142.jpg 250w, https:\/\/cdn3.ivivu.com\/2023\/06\/Basilica-di-San-Marco-ivivu-1-540x305.jpg 540w, https:\/\/cdn3.ivivu.com\/2023\/06\/Basilica-di-San-Marco-ivivu-1-750x422.jpg 750w, https:\/\/cdn3.ivivu.com\/2023\/06\/Basilica-di-San-Marco-ivivu-1-225x127.jpg 225w, https:\/\/cdn3.ivivu.com\/2023\/06\/Basilica-di-San-Marco-ivivu-1-370x208.jpg 370w, https:\/\/cdn3.ivivu.com\/2023\/06\/Basilica-di-San-Marco-ivivu-1-50x28.jpg 50w, https:\/\/cdn3.ivivu.com\/2023\/06\/Basilica-di-San-Marco-ivivu-1-107x60.jpg 107w, https:\/\/cdn3.ivivu.com\/2023\/06\/Basilica-di-San-Marco-ivivu-1-195x110.jpg 195w, https:\/\/cdn3.ivivu.com\/2023\/06\/Basilica-di-San-Marco-ivivu-1-220x125.jpg 220w, https:\/\/cdn3.ivivu.com\/2023\/06\/Basilica-di-San-Marco-ivivu-1-400x225.jpg 400w, https:\/\/cdn3.ivivu.com\/2023\/06\/Basilica-di-San-Marco-ivivu-1-140x80.jpg 140w, https:\/\/cdn3.ivivu.com\/2023\/06\/Basilica-di-San-Marco-ivivu-1.jpg 1600w\" sizes=\"(max-width: 1024px) 100vw, 1024px\" \/><\/a><\/p>\n<p style=\"text-align: justify;\"><a href=\"https:\/\/cdn3.ivivu.com\/2023\/06\/Basilica-di-San-Marco-ivivu-3.jpg\"><img loading=\"lazy\" decoding=\"async\" class=\"alignnone size-large wp-image-420305\" src=\"https:\/\/cdn3.ivivu.com\/2023\/06\/Basilica-di-San-Marco-ivivu-3-1024x683.jpg\" alt=\"Basilica di San Marco ivivu 3\" width=\"1024\" height=\"683\" srcset=\"https:\/\/cdn3.ivivu.com\/2023\/06\/Basilica-di-San-Marco-ivivu-3-1024x683.jpg 1024w, https:\/\/cdn3.ivivu.com\/2023\/06\/Basilica-di-San-Marco-ivivu-3-458x305.jpg 458w, https:\/\/cdn3.ivivu.com\/2023\/06\/Basilica-di-San-Marco-ivivu-3.jpg 1920w\" sizes=\"(max-width: 1024px) 100vw, 1024px\" \/><\/a><\/p>\n<p style=\"text-align: justify;\"><a href=\"https:\/\/cdn3.ivivu.com\/2023\/06\/Basilica-di-San-Marco-ivivu-2.jpg\"><img loading=\"lazy\" decoding=\"async\" class=\"alignnone size-large wp-image-420306\" src=\"https:\/\/cdn3.ivivu.com\/2023\/06\/Basilica-di-San-Marco-ivivu-2-1024x607.jpg\" alt=\"Basilica di San Marco ivivu 2\" width=\"1024\" height=\"607\" srcset=\"https:\/\/cdn3.ivivu.com\/2023\/06\/Basilica-di-San-Marco-ivivu-2-1024x607.jpg 1024w, https:\/\/cdn3.ivivu.com\/2023\/06\/Basilica-di-San-Marco-ivivu-2-515x305.jpg 515w, https:\/\/cdn3.ivivu.com\/2023\/06\/Basilica-di-San-Marco-ivivu-2.jpg 1435w\" sizes=\"(max-width: 1024px) 100vw, 1024px\" \/><\/a><\/p>\n<p style=\"text-align: justify;\"><strong>C\u1ea7u Than Th\u1edf (Ponte dei Sospiri)<\/strong><\/p>\n<p style=\"text-align: justify;\">C\u00e2y c\u1ea7u v\u00f2m l\u00e0m b\u1eb1ng \u0111\u00e1 v\u00f4i, \u0111\u01b0\u1ee3c x\u00e2y d\u1ef1ng t\u1eeb n\u0103m 1605, n\u1ed1i li\u1ec1n dinh t\u1ed5ng tr\u1ea5n \u0111\u1ebfn nh\u00e0 giam c\u0169 th\u00e0nh ph\u1ed1 Venezia, b\u1eafc qua con k\u00eanh r\u1ed9ng kho\u1ea3ng 8m. T\u1ed9i nh\u00e2n b\u1ecb t\u00f2a \u00e1n t\u1ed5ng tr\u1ea5n Venezia tuy\u00ean x\u1eed trong dinh t\u1ed5ng tr\u1ea5n \u0111\u01b0\u1ee3c d\u1eabn qua chi\u1ebfc c\u1ea7u n\u00e0y \u0111\u1ec3 v\u00e0o t\u00f9 hay h\u00e0nh h\u00ecnh. C\u1ea7u Than Th\u1edf mang t\u00ean n\u00e0y t\u1eeb th\u1ebf k\u1ef7 17 v\u00ec t\u00f9 nh\u00e2n tr\u00ean \u0111\u01b0\u1eddng v\u00e0o tr\u1ea1i giam \u0111\u00e3 th\u1edf d\u00e0i khi \u0111\u1ee9ng t\u1eeb \u0111\u00e2y nh\u00ecn ra kho\u1ea3ng tr\u1eddi t\u1ef1 do l\u1ea7n cu\u1ed1i.<\/p>\n<p style=\"text-align: justify;\"><a href=\"https:\/\/cdn3.ivivu.com\/2023\/06\/Ponte-dei-Sospiri-c\u1ea7u-Than-Th\u1edf-ivivu-1.jpg\"><img loading=\"lazy\" decoding=\"async\" class=\"alignnone size-large wp-image-420309\" src=\"https:\/\/cdn3.ivivu.com\/2023\/06\/Ponte-dei-Sospiri-c\u1ea7u-Than-Th\u1edf-ivivu-1-1024x682.jpg\" alt=\"Ponte dei Sospiri c\u1ea7u Than Th\u1edf ivivu 1\" width=\"1024\" height=\"682\" srcset=\"https:\/\/cdn3.ivivu.com\/2023\/06\/Ponte-dei-Sospiri-c\u1ea7u-Than-Th\u1edf-ivivu-1-1024x682.jpg 1024w, https:\/\/cdn3.ivivu.com\/2023\/06\/Ponte-dei-Sospiri-c\u1ea7u-Than-Th\u1edf-ivivu-1-458x305.jpg 458w, https:\/\/cdn3.ivivu.com\/2023\/06\/Ponte-dei-Sospiri-c\u1ea7u-Than-Th\u1edf-ivivu-1.jpg 1600w\" sizes=\"(max-width: 1024px) 100vw, 1024px\" \/><\/a><\/p>\n<p style=\"text-align: justify;\"><strong>Th\u00e1p nghi\u00eang Pisa<\/strong><\/p>\n<p style=\"text-align: justify;\">M\u1ed9t t\u00f2a th\u00e1p chu\u00f4ng m\u1eb7c d\u00f9 ra \u0111\u1eddi v\u1edbi sai l\u1ea7m trong qu\u00e1 tr\u00ecnh l\u00ean k\u1ebf ho\u1ea1ch x\u00e2y d\u1ef1ng d\u1eabn t\u1edbi b\u1ecb nghi\u00eang nh\u01b0ng cu\u1ed1i c\u00f9ng \u0111\u00e3 tr\u1edf th\u00e0nh m\u1ed9t k\u1ef3 quan c\u1ee7a th\u1ebf gi\u1edbi, ph\u00e1 v\u1ee1 nh\u1eefng gi\u1edbi h\u1ea1n v\u1ec1 v\u1ebb \u0111\u1eb9p quy chu\u1ea9n. Th\u00e1p nghi\u00eang Pisa l\u00e0 m\u1ed9t trong nh\u1eefng di s\u1ea3n ti\u00eau bi\u1ec3u b\u1eadc nh\u1ea5t \u0111\u01b0\u1ee3c UNESCO c\u00f4ng nh\u1eadn.<\/p>\n<p style=\"text-align: justify;\"><a href=\"https:\/\/cdn3.ivivu.com\/2023\/06\/Th\u00e1p-nghi\u00eang-Pisa-ivivu-3.jpg\"><img loading=\"lazy\" decoding=\"async\" class=\"alignnone size-large wp-image-420313\" src=\"https:\/\/cdn3.ivivu.com\/2023\/06\/Th\u00e1p-nghi\u00eang-Pisa-ivivu-3-1024x683.jpg\" alt=\"Th\u00e1p nghi\u00eang Pisa ivivu 3\" width=\"1024\" height=\"683\" srcset=\"https:\/\/cdn3.ivivu.com\/2023\/06\/Th\u00e1p-nghi\u00eang-Pisa-ivivu-3-1024x683.jpg 1024w, https:\/\/cdn3.ivivu.com\/2023\/06\/Th\u00e1p-nghi\u00eang-Pisa-ivivu-3-457x305.jpg 457w\" sizes=\"(max-width: 1024px) 100vw, 1024px\" \/><\/a><\/p>\n<p style=\"text-align: justify;\"><a href=\"https:\/\/cdn3.ivivu.com\/2023\/06\/Th\u00e1p-nghi\u00eang-Pisa-ivivu-2.jpg\"><img loading=\"lazy\" decoding=\"async\" class=\"alignnone size-large wp-image-420314\" src=\"https:\/\/cdn3.ivivu.com\/2023\/06\/Th\u00e1p-nghi\u00eang-Pisa-ivivu-2-768x1024.jpg\" alt=\"Th\u00e1p nghi\u00eang Pisa ivivu 2\" width=\"768\" height=\"1024\" srcset=\"https:\/\/cdn3.ivivu.com\/2023\/06\/Th\u00e1p-nghi\u00eang-Pisa-ivivu-2-768x1024.jpg 768w, https:\/\/cdn3.ivivu.com\/2023\/06\/Th\u00e1p-nghi\u00eang-Pisa-ivivu-2-229x305.jpg 229w, https:\/\/cdn3.ivivu.com\/2023\/06\/Th\u00e1p-nghi\u00eang-Pisa-ivivu-2.jpg 878w\" sizes=\"(max-width: 768px) 100vw, 768px\" \/><\/a><\/p>\n<p style=\"text-align: justify;\"><strong>T\u00f2a th\u00e1nh Vatican<\/strong><\/p>\n<p style=\"text-align: justify;\">T\u00f2a th\u00e1nh Vatican n\u1eb1m trong th\u00e0nh Vatican \u0111\u01b0\u1ee3c coi l\u00e0 m\u1ea3nh \u0111\u1ea5t thi\u00ean \u0111\u01b0\u1eddng n\u01a1i Ch\u00faa ban ph\u01b0\u1edbc. Vatican \u0111\u01b0\u1ee3c xem nh\u01b0 l\u00e0 m\u1ed9t qu\u1ed1c gia b\u00ean trong \u00dd. Ngo\u00e0i ra b\u00ean trong th\u00e0nh c\u00f2n c\u00f3 c\u00e1c \u0111\u1ecba \u0111i\u1ec3m tham quan n\u1ed5i ti\u1ebfng linh thi\u00eang nh\u01b0 qu\u1ea3ng tr\u01b0\u1eddng Th\u00e1nh Peter hay v\u01b0\u01a1ng cung th\u00e1nh \u0111\u01b0\u1eddng Th\u00e1nh Peter.<\/p>\n<div id=\"attachment_420322\" style=\"width: 1034px\" class=\"wp-caption alignnone\"><a href=\"https:\/\/cdn3.ivivu.com\/2023\/06\/Th\u00e0nh-Vatican-ivivu-1.jpg\"><img loading=\"lazy\" decoding=\"async\" aria-describedby=\"caption-attachment-420322\" class=\"size-large wp-image-420322\" src=\"https:\/\/cdn3.ivivu.com\/2023\/06\/Th\u00e0nh-Vatican-ivivu-1-1024x576.jpg\" alt=\"Khu v\u1ef1c to\u00e0n th\u00e0nh Vatican nh\u00ecn t\u1eeb tr\u00ean cao.\" width=\"1024\" height=\"576\" srcset=\"https:\/\/cdn3.ivivu.com\/2023\/06\/Th\u00e0nh-Vatican-ivivu-1-1024x576.jpg 1024w, https:\/\/cdn3.ivivu.com\/2023\/06\/Th\u00e0nh-Vatican-ivivu-1-250x142.jpg 250w, https:\/\/cdn3.ivivu.com\/2023\/06\/Th\u00e0nh-Vatican-ivivu-1-540x305.jpg 540w, https:\/\/cdn3.ivivu.com\/2023\/06\/Th\u00e0nh-Vatican-ivivu-1-750x422.jpg 750w, https:\/\/cdn3.ivivu.com\/2023\/06\/Th\u00e0nh-Vatican-ivivu-1-225x127.jpg 225w, https:\/\/cdn3.ivivu.com\/2023\/06\/Th\u00e0nh-Vatican-ivivu-1-370x208.jpg 370w, https:\/\/cdn3.ivivu.com\/2023\/06\/Th\u00e0nh-Vatican-ivivu-1-50x28.jpg 50w, https:\/\/cdn3.ivivu.com\/2023\/06\/Th\u00e0nh-Vatican-ivivu-1-107x60.jpg 107w, https:\/\/cdn3.ivivu.com\/2023\/06\/Th\u00e0nh-Vatican-ivivu-1-195x110.jpg 195w, https:\/\/cdn3.ivivu.com\/2023\/06\/Th\u00e0nh-Vatican-ivivu-1-220x125.jpg 220w, https:\/\/cdn3.ivivu.com\/2023\/06\/Th\u00e0nh-Vatican-ivivu-1-400x225.jpg 400w, https:\/\/cdn3.ivivu.com\/2023\/06\/Th\u00e0nh-Vatican-ivivu-1-140x80.jpg 140w, https:\/\/cdn3.ivivu.com\/2023\/06\/Th\u00e0nh-Vatican-ivivu-1.jpg 1280w\" sizes=\"(max-width: 1024px) 100vw, 1024px\" \/><\/a><p id=\"caption-attachment-420322\" class=\"wp-caption-text\">Khu v\u1ef1c to\u00e0n th\u00e0nh Vatican nh\u00ecn t\u1eeb tr\u00ean cao.<\/p><\/div>\n<div id=\"attachment_379295\" style=\"width: 1033px\" class=\"wp-caption alignnone\"><a href=\"https:\/\/cdn3.ivivu.com\/2022\/10\/SAn-Pedro-del-Vaticano-ivivu.jpg\"><img loading=\"lazy\" decoding=\"async\" aria-describedby=\"caption-attachment-379295\" class=\"size-full wp-image-379295\" src=\"https:\/\/cdn3.ivivu.com\/2022\/10\/SAn-Pedro-del-Vaticano-ivivu.jpg\" alt=\"V\u01b0\u01a1ng cung Th\u00e1nh \u0111\u01b0\u1eddng Th\u00e1nh Ph\u00ear\u00f4 n\u1eb1m trong th\u00e0nh Vatican. \u1ea2nh: vnexpress.\" width=\"1023\" height=\"615\" srcset=\"https:\/\/cdn3.ivivu.com\/2022\/10\/SAn-Pedro-del-Vaticano-ivivu.jpg 1023w, https:\/\/cdn3.ivivu.com\/2022\/10\/SAn-Pedro-del-Vaticano-ivivu-507x305.jpg 507w\" sizes=\"(max-width: 1023px) 100vw, 1023px\" \/><\/a><p id=\"caption-attachment-379295\" class=\"wp-caption-text\">V\u01b0\u01a1ng cung th\u00e1nh \u0111\u01b0\u1eddng Th\u00e1nh Ph\u00ear\u00f4 n\u1eb1m trong th\u00e0nh Vatican. \u1ea2nh: Vnexpress.<\/p><\/div>\n<p style=\"text-align: justify;\"><strong>Qu\u1ea3ng tr\u01b0\u1eddng Th\u00e1nh Saint Peter (Saint Peter&#8217;s Square)<\/strong><\/p>\n<p style=\"text-align: justify;\">Qu\u1ea3ng tr\u01b0\u1eddng Th\u00e1nh Peter l\u00e0 m\u1ed9t qu\u1ea3ng tr\u01b0\u1eddng l\u1edbn n\u1eb1m ngay ph\u00eda tr\u01b0\u1edbc v\u01b0\u01a1ng cung th\u00e1nh \u0111\u01b0\u1eddng Th\u00e1nh Peter. Qu\u1ea3ng tr\u01b0\u1eddng \u0111\u01b0\u1ee3c x\u00e2y d\u1ef1ng t\u1eeb n\u0103m 1655 \u0111\u1ebfn 1667 theo l\u1ed1i ki\u1ebfn tr\u00fac h\u00e0nh lang Colonnade d\u01b0\u1edbi tri\u1ec1u c\u1ee7a Gi\u00e1o ho\u00e0ng Alexander VII. Tr\u00ean n\u00f3c c\u1ee7a h\u00e0nh lang l\u00e0 t\u01b0\u1ee3ng c\u1ee7a 140 v\u1ecb th\u00e1nh \u0111\u01b0\u1ee3c \u0111i\u00eau kh\u1eafc t\u1eeb n\u0103m 1662 \u0111\u1ebfn n\u0103m 1703. T\u00e2m c\u1ee7a qu\u1ea3ng tr\u01b0\u1eddng l\u00e0 c\u00e2y c\u1ed9t \u0111\u00e1 Obelisk Ai C\u1eadp c\u1ed5 \u0111\u1ea1i nh\u01b0 m\u1ed9t t\u1ea5m bia c\u1ed5 x\u01b0a nh\u1ea5t n\u01a1i \u0111\u00e2y.<\/p>\n<div id=\"attachment_379165\" style=\"width: 1034px\" class=\"wp-caption alignnone\"><a href=\"https:\/\/cdn3.ivivu.com\/2022\/10\/Du-thuy\u1ec1n-Princess-ivivu-29-Th\u00e0nh-Vatican.jpg\"><img loading=\"lazy\" decoding=\"async\" aria-describedby=\"caption-attachment-379165\" class=\"size-large wp-image-379165\" src=\"https:\/\/cdn3.ivivu.com\/2022\/10\/Du-thuy\u1ec1n-Princess-ivivu-29-Th\u00e0nh-Vatican-1024x678.jpg\" alt=\"Khu v\u1ef1c qu\u1ea3ng tr\u01b0\u1eddng Th\u00e1nh Peter \u1edf trung t\u00e2m th\u00e0nh Vatican.\" width=\"1024\" height=\"678\" srcset=\"https:\/\/cdn3.ivivu.com\/2022\/10\/Du-thuy\u1ec1n-Princess-ivivu-29-Th\u00e0nh-Vatican-1024x678.jpg 1024w, https:\/\/cdn3.ivivu.com\/2022\/10\/Du-thuy\u1ec1n-Princess-ivivu-29-Th\u00e0nh-Vatican-460x305.jpg 460w, https:\/\/cdn3.ivivu.com\/2022\/10\/Du-thuy\u1ec1n-Princess-ivivu-29-Th\u00e0nh-Vatican.jpg 2000w\" sizes=\"(max-width: 1024px) 100vw, 1024px\" \/><\/a><p id=\"caption-attachment-379165\" class=\"wp-caption-text\">Khu v\u1ef1c qu\u1ea3ng tr\u01b0\u1eddng Th\u00e1nh Peter \u1edf trung t\u00e2m th\u00e0nh Vatican.<\/p><\/div>\n<p style=\"text-align: justify;\"><strong>\u0110\u1ea5u tr\u01b0\u1eddng Colosseum<\/strong><\/p>\n<p style=\"text-align: justify;\">\u0110\u1ea5u tr\u01b0\u1eddng La M\u00e3 \u0111\u01b0\u1ee3c bi\u1ebft \u0111\u1ebfn \u0111\u1ea7u ti\u00ean d\u01b0\u1edbi c\u00e1i t\u00ean &#8220;Amphitheatrum Flavium&#8221; theo ti\u1ebfng Latinh ho\u1eb7c &#8220;Anfiteatro Flavio&#8221; theo ti\u1ebfng \u00dd, sau n\u00e0y g\u1ecdi l\u00e0 &#8220;Colosseum&#8221; hay &#8220;Colosseo&#8221;. \u0110\u1ea5u tr\u01b0\u1eddng n\u00e0y l\u00e0 m\u1ed9t \u0111\u1ea5u tr\u01b0\u1eddng l\u1edbn \u1edf th\u00e0nh ph\u1ed1 Roma n\u01a1i c\u00e1c v\u00f5 s\u0129 gi\u00e1c \u0111\u1ea5u v\u00e0 n\u00f4 l\u1ec7 thi \u0111\u1ea5u, tr\u00ecnh di\u1ec5n cho c\u00f4ng ch\u00fang th\u1eddi La M\u00e3 c\u1ed5 \u0111\u1ea1i.<\/p>\n<p style=\"text-align: justify;\"><a href=\"https:\/\/cdn3.ivivu.com\/2023\/06\/\u0110\u1ea5u-tr\u01b0\u1eddng-Coloseum-ivivu-2.jpg\"><img loading=\"lazy\" decoding=\"async\" class=\"alignnone size-large wp-image-420334\" src=\"https:\/\/cdn3.ivivu.com\/2023\/06\/\u0110\u1ea5u-tr\u01b0\u1eddng-Coloseum-ivivu-2-1024x718.jpg\" alt=\"\u0110\u1ea5u tr\u01b0\u1eddng Coloseum ivivu 2\" width=\"1024\" height=\"718\" srcset=\"https:\/\/cdn3.ivivu.com\/2023\/06\/\u0110\u1ea5u-tr\u01b0\u1eddng-Coloseum-ivivu-2-1024x718.jpg 1024w, https:\/\/cdn3.ivivu.com\/2023\/06\/\u0110\u1ea5u-tr\u01b0\u1eddng-Coloseum-ivivu-2-435x305.jpg 435w, https:\/\/cdn3.ivivu.com\/2023\/06\/\u0110\u1ea5u-tr\u01b0\u1eddng-Coloseum-ivivu-2-50x35.jpg 50w, https:\/\/cdn3.ivivu.com\/2023\/06\/\u0110\u1ea5u-tr\u01b0\u1eddng-Coloseum-ivivu-2.jpg 1200w\" sizes=\"(max-width: 1024px) 100vw, 1024px\" \/><\/a><\/p>\n<div id=\"attachment_420335\" style=\"width: 1034px\" class=\"wp-caption alignnone\"><a href=\"https:\/\/cdn3.ivivu.com\/2023\/06\/\u0110\u1ea5u-tr\u01b0\u1eddng-Coloseum-ivivu-1.jpg\"><img loading=\"lazy\" decoding=\"async\" aria-describedby=\"caption-attachment-420335\" class=\"size-large wp-image-420335\" src=\"https:\/\/cdn3.ivivu.com\/2023\/06\/\u0110\u1ea5u-tr\u01b0\u1eddng-Coloseum-ivivu-1-1024x576.jpg\" alt=\"B\u00ean trong \u0111\u1ea5u tr\u01b0\u1eddng.\" width=\"1024\" height=\"576\" srcset=\"https:\/\/cdn3.ivivu.com\/2023\/06\/\u0110\u1ea5u-tr\u01b0\u1eddng-Coloseum-ivivu-1-1024x576.jpg 1024w, https:\/\/cdn3.ivivu.com\/2023\/06\/\u0110\u1ea5u-tr\u01b0\u1eddng-Coloseum-ivivu-1-250x142.jpg 250w, https:\/\/cdn3.ivivu.com\/2023\/06\/\u0110\u1ea5u-tr\u01b0\u1eddng-Coloseum-ivivu-1-540x305.jpg 540w, https:\/\/cdn3.ivivu.com\/2023\/06\/\u0110\u1ea5u-tr\u01b0\u1eddng-Coloseum-ivivu-1-750x422.jpg 750w, https:\/\/cdn3.ivivu.com\/2023\/06\/\u0110\u1ea5u-tr\u01b0\u1eddng-Coloseum-ivivu-1-225x127.jpg 225w, https:\/\/cdn3.ivivu.com\/2023\/06\/\u0110\u1ea5u-tr\u01b0\u1eddng-Coloseum-ivivu-1-370x208.jpg 370w, https:\/\/cdn3.ivivu.com\/2023\/06\/\u0110\u1ea5u-tr\u01b0\u1eddng-Coloseum-ivivu-1-50x28.jpg 50w, https:\/\/cdn3.ivivu.com\/2023\/06\/\u0110\u1ea5u-tr\u01b0\u1eddng-Coloseum-ivivu-1-107x60.jpg 107w, https:\/\/cdn3.ivivu.com\/2023\/06\/\u0110\u1ea5u-tr\u01b0\u1eddng-Coloseum-ivivu-1-195x110.jpg 195w, https:\/\/cdn3.ivivu.com\/2023\/06\/\u0110\u1ea5u-tr\u01b0\u1eddng-Coloseum-ivivu-1-220x125.jpg 220w, https:\/\/cdn3.ivivu.com\/2023\/06\/\u0110\u1ea5u-tr\u01b0\u1eddng-Coloseum-ivivu-1-400x225.jpg 400w, https:\/\/cdn3.ivivu.com\/2023\/06\/\u0110\u1ea5u-tr\u01b0\u1eddng-Coloseum-ivivu-1-140x80.jpg 140w, https:\/\/cdn3.ivivu.com\/2023\/06\/\u0110\u1ea5u-tr\u01b0\u1eddng-Coloseum-ivivu-1.jpg 1400w\" sizes=\"(max-width: 1024px) 100vw, 1024px\" \/><\/a><p id=\"caption-attachment-420335\" class=\"wp-caption-text\">B\u00ean trong \u0111\u1ea5u tr\u01b0\u1eddng.<\/p><\/div>\n<p style=\"text-align: justify;\"><strong>\u0110\u00e0i phun n\u01b0\u1edbc Trevi<\/strong><\/p>\n<p style=\"text-align: justify;\">C\u00f4ng tr\u00ecnh ki\u1ebfn tr\u00fac n\u00e0y \u0111\u01b0\u1ee3c thi\u1ebft k\u1ebf theo phong c\u00e1ch Baroque. T\u1ea1i \u0111\u00e0i phun n\u01b0\u1edbc n\u00e0y b\u1ea1n c\u00f3 th\u1ec3 th\u1ef1c hi\u1ec7n c\u00e1c \u0111i\u1ec1u \u01b0\u1edbc b\u1eb1ng c\u00e1ch qu\u0103ng \u0111\u1ed3ng xu v\u00e0o b\u1ec3 n\u01b0\u1edbc v\u00e0 c\u1ea7u nguy\u1ec7n. C\u00f3 th\u1ec3 n\u00f3i Trevi l\u00e0 m\u1ed9t trong nh\u1eefng \u0111\u00e0i phun n\u01b0\u1edbc n\u1ed5i ti\u1ebfng nh\u1ea5t th\u1ebf gi\u1edbi v\u00e0 l\u00e0 \u0111i\u1ec3m \u0111\u1ebfn kh\u00f4ng th\u1ec3 b\u1ecf qua khi \u0111\u1ebfn Roma.<\/p>\n<p style=\"text-align: justify;\"><a href=\"https:\/\/cdn3.ivivu.com\/2023\/06\/\u0110\u00e0i-phun-n\u01b0\u1edbc-Trevi-ivivu-2.jpg\"><img loading=\"lazy\" decoding=\"async\" class=\"alignnone size-large wp-image-420342\" src=\"https:\/\/cdn3.ivivu.com\/2023\/06\/\u0110\u00e0i-phun-n\u01b0\u1edbc-Trevi-ivivu-2-1024x578.jpg\" alt=\"\u0110\u00e0i phun n\u01b0\u1edbc Trevi ivivu 2\" width=\"1024\" height=\"578\" srcset=\"https:\/\/cdn3.ivivu.com\/2023\/06\/\u0110\u00e0i-phun-n\u01b0\u1edbc-Trevi-ivivu-2-1024x578.jpg 1024w, https:\/\/cdn3.ivivu.com\/2023\/06\/\u0110\u00e0i-phun-n\u01b0\u1edbc-Trevi-ivivu-2-250x142.jpg 250w, https:\/\/cdn3.ivivu.com\/2023\/06\/\u0110\u00e0i-phun-n\u01b0\u1edbc-Trevi-ivivu-2-540x305.jpg 540w, https:\/\/cdn3.ivivu.com\/2023\/06\/\u0110\u00e0i-phun-n\u01b0\u1edbc-Trevi-ivivu-2-750x422.jpg 750w, https:\/\/cdn3.ivivu.com\/2023\/06\/\u0110\u00e0i-phun-n\u01b0\u1edbc-Trevi-ivivu-2-225x127.jpg 225w, https:\/\/cdn3.ivivu.com\/2023\/06\/\u0110\u00e0i-phun-n\u01b0\u1edbc-Trevi-ivivu-2-370x208.jpg 370w, https:\/\/cdn3.ivivu.com\/2023\/06\/\u0110\u00e0i-phun-n\u01b0\u1edbc-Trevi-ivivu-2-50x28.jpg 50w, https:\/\/cdn3.ivivu.com\/2023\/06\/\u0110\u00e0i-phun-n\u01b0\u1edbc-Trevi-ivivu-2-107x60.jpg 107w, https:\/\/cdn3.ivivu.com\/2023\/06\/\u0110\u00e0i-phun-n\u01b0\u1edbc-Trevi-ivivu-2-195x110.jpg 195w, https:\/\/cdn3.ivivu.com\/2023\/06\/\u0110\u00e0i-phun-n\u01b0\u1edbc-Trevi-ivivu-2-220x125.jpg 220w, https:\/\/cdn3.ivivu.com\/2023\/06\/\u0110\u00e0i-phun-n\u01b0\u1edbc-Trevi-ivivu-2-400x225.jpg 400w, https:\/\/cdn3.ivivu.com\/2023\/06\/\u0110\u00e0i-phun-n\u01b0\u1edbc-Trevi-ivivu-2-140x80.jpg 140w\" sizes=\"(max-width: 1024px) 100vw, 1024px\" \/><\/a><\/p>\n<div id=\"attachment_420341\" style=\"width: 1034px\" class=\"wp-caption alignnone\"><a href=\"https:\/\/cdn3.ivivu.com\/2023\/06\/\u0110\u00e0i-phun-n\u01b0\u1edbc-Trevi-ivivu-3.jpg\"><img loading=\"lazy\" decoding=\"async\" aria-describedby=\"caption-attachment-420341\" class=\"size-large wp-image-420341\" src=\"https:\/\/cdn3.ivivu.com\/2023\/06\/\u0110\u00e0i-phun-n\u01b0\u1edbc-Trevi-ivivu-3-1024x683.jpg\" alt=\"N\u00e9m \u0111\u1ed3ng xu c\u1ea7u nguy\u1ec7n t\u1ea1i \u0111\u00e0i phun Trevi.\" width=\"1024\" height=\"683\" srcset=\"https:\/\/cdn3.ivivu.com\/2023\/06\/\u0110\u00e0i-phun-n\u01b0\u1edbc-Trevi-ivivu-3-1024x683.jpg 1024w, https:\/\/cdn3.ivivu.com\/2023\/06\/\u0110\u00e0i-phun-n\u01b0\u1edbc-Trevi-ivivu-3-458x305.jpg 458w, https:\/\/cdn3.ivivu.com\/2023\/06\/\u0110\u00e0i-phun-n\u01b0\u1edbc-Trevi-ivivu-3.jpg 1800w\" sizes=\"(max-width: 1024px) 100vw, 1024px\" \/><\/a><p id=\"caption-attachment-420341\" class=\"wp-caption-text\">N\u00e9m \u0111\u1ed3ng xu c\u1ea7u nguy\u1ec7n t\u1ea1i \u0111\u00e0i phun n\u01b0\u1edbc Trevi.<\/p><\/div>\n<div class=\"ltt-contentbox white\"><\/span><\/p>\n<p style=\"text-align: justify;\"><strong>H\u01b0\u1edbng d\u1eabn \u0111\u1eb7t &#8220;Tour Ch\u00e2u \u00c2u 10N9\u0110: H\u1ea1 C\u00e1nh N\u01a1i Anh &#8211; Kh\u00e1m Ph\u00e1 Ph\u00e1p &#8211; Th\u1ee5y S\u0129 \u2013 \u00dd&#8221;:<\/strong><\/p>\n<p><strong>&#8211; G\u1ecdi ngay hotline (028) 3933 8002 \u0111\u1ec3 \u0111\u01b0\u1ee3c t\u01b0 v\u1ea5n.<\/strong><\/p>\n<p><strong>&#8211; \u0110\u1eb7t online v\u00e0 xem th\u00f4ng tin chi ti\u1ebft <\/strong><a href=\"https:\/\/www.ivivu.com\/du-lich\/tour-chau-au-10n9d-ha-canh-noi-anh-kham-pha-phap-thuy-si-y\/2069?utm_source=blog_ivivu&amp;utm_medium=post_link&amp;utm_campaign=internal\" target=\"_blank\" rel=\"noopener\"><strong>T\u1ea0I \u0110\u00c2Y<\/strong><\/a><strong>.<\/strong><\/div>\n<p style=\"text-align: right;\"><strong>Theo iVIVU.com<\/strong><\/p>\n<div class=\"ltt-contentbox white\"><\/span><\/p>\n<p style=\"text-align: justify;\"><strong>Xem th\u00eam b\u00e0i vi\u1ebft:<\/strong><\/p>\n<p class=\"entry-title\" style=\"text-align: justify;\"><strong><a href=\"https:\/\/www.ivivu.com\/blog\/2023\/06\/san-sang-bay-duc-thai-lan-voi-uu-dai-len-den-20-cung-bamboo-airways\/\" target=\"_blank\" rel=\"noopener\">S\u1eb5n s\u00e0ng bay \u0110\u1ee9c, Th\u00e1i Lan v\u1edbi \u01b0u \u0111\u00e3i l\u00ean \u0111\u1ebfn 20% c\u00f9ng Bamboo Airways<\/a><\/strong><\/p>\n<p class=\"entry-title\" style=\"text-align: justify;\"><strong><a href=\"https:\/\/www.ivivu.com\/blog\/2023\/04\/am-thuc-italy-duoc-de-xuat-la-di-san-the-gioi\/\" target=\"_blank\" rel=\"noopener\">\u1ea8m th\u1ef1c Italy \u0111\u01b0\u1ee3c \u0111\u1ec1 xu\u1ea5t l\u00e0 di s\u1ea3n th\u1ebf gi\u1edbi<\/a><\/strong><\/p>\n<p><strong><a href=\"https:\/\/www.ivivu.com\/blog\/2023\/04\/nha-hang-le-train-bleu-hon-120-tuoi-nhu-cung-dien-o-paris\/\" target=\"_blank\" rel=\"noopener\">Nh\u00e0 h\u00e0ng Le Train Bleu h\u01a1n 120 tu\u1ed5i nh\u01b0 cung \u0111i\u1ec7n \u1edf Paris<\/a><\/strong><\/div>\n<h3 style=\"text-align: center;\"><strong><div class=\"ltt-contentbox white\"><\/span>Click \u0111\u1eb7t ngay <\/strong><a href=\"https:\/\/www.ivivu.com\/\" target=\"_blank\" rel=\"noopener\"><strong>kh\u00e1ch s\u1ea1n Vi\u1ec7t Nam v\u00e0 tr\u00ean to\u00e0n th\u1ebf gi\u1edbi<\/strong><\/a><strong> gi\u00e1 t\u1ed1t nh\u1ea5t ch\u1ec9 c\u00f3 t\u1ea1i iVIVU.com!<\/div><\/strong><\/h3>\n<p><strong>***<\/strong><\/p>\n<p><strong>Tham kh\u1ea3o: <\/strong><a href=\"https:\/\/www.ivivu.com\/blog\/\"><strong>C\u1ea9m nang du l\u1ecbch iVIVU.com<\/strong><\/a><\/p>\n","protected":false},"excerpt":{"rendered":"<p>Trong tour ch\u00e2u \u00c2u 10N9\u0110, h\u00e0nh tr\u00ecnh du l\u1ecbch \u0111\u1ebfn Ph\u00e1p, \u00dd, \u0111\u1eb7c bi\u1ec7t gh\u00e9 th\u0103m phim tr\u01b0\u1eddng &#8220;H\u1ea1 c\u00e1nh n\u01a1i anh&#8221; \u1edf Th\u1ee5y S\u0129, s\u1ebd mang \u0111\u1ebfn cho b\u1ea1n nh\u1eefng tr\u1ea3i nghi\u1ec7m ngo\u1ea1n m\u1ee5c v\u1edbi s\u1ef1 k\u1ebft h\u1ee3p ho\u00e0n&#8230;<\/p>\n","protected":false},"author":65,"featured_media":420278,"comment_status":"closed","ping_status":"open","sticky":false,"template":"","format":"standard","meta":{"_acf_changed":false,"footnotes":""},"categories":[247,795,797,14742,13533],"tags":[319,321,14852,1351,22103,117,18355,61],"acf":[],"yoast_head":"<!-- This site is optimized with the Yoast SEO Premium plugin v22.6 (Yoast SEO v22.6) - https:\/\/yoast.com\/wordpress\/plugins\/seo\/ -->\n<title>Kh\u00e1m ph\u00e1 ch\u00e2u \u00c2u quy\u1ebfn r\u0169 v\u00e0 phim tr\u01b0\u1eddng &quot;H\u1ea1 c\u00e1nh n\u01a1i anh&quot; trong tour ch\u00e2u \u00c2u 10N9\u0110 - iVIVU.com<\/title>\n<meta name=\"description\" content=\"Trong tour ch\u00e2u \u00c2u 10N9\u0110, h\u00e0nh tr\u00ecnh \u0111\u1ebfn Ph\u00e1p, \u00dd, \u0111\u1eb7c bi\u1ec7t gh\u00e9 th\u0103m phim tr\u01b0\u1eddng &quot;H\u1ea1 c\u00e1nh n\u01a1i anh&quot; \u1edf Th\u1ee5y S\u0129, s\u1ebd mang \u0111\u1ebfn cho b\u1ea1n nh\u1eefng tr\u1ea3i nghi\u1ec7m ngo\u1ea1n m\u1ee5c v\u1edbi s\u1ef1 k\u1ebft h\u1ee3p ho\u00e0n h\u1ea3o c\u1ee7a l\u1ecbch s\u1eed, v\u0103n h\u00f3a, thi\u00ean nhi\u00ean v\u00e0 \u1ea9m th\u1ef1c \u0111\u1ea7y h\u1ea5p d\u1eabn.\" \/>\n<meta name=\"robots\" content=\"index, follow, max-snippet:-1, max-image-preview:large, max-video-preview:-1\" \/>\n<link rel=\"canonical\" href=\"https:\/\/www.ivivu.com\/blog\/2023\/06\/kham-pha-chau-au-quyen-ru-va-phim-truong-ha-canh-noi-anh-trong-tour-chau-au-10n9d\/\" \/>\n<meta name=\"twitter:label1\" content=\"\u0110\u01b0\u1ee3c vi\u1ebft b\u1edfi\" \/>\n\t<meta name=\"twitter:data1\" content=\"Ng\u1ecdc H\u1ea1nh Nguy\u1ec5n\" \/>\n\t<meta name=\"twitter:label2\" content=\"\u01af\u1edbc t\u00ednh th\u1eddi gian \u0111\u1ecdc\" \/>\n\t<meta name=\"twitter:data2\" content=\"24 ph\u00fat\" \/>\n<script type=\"application\/ld+json\" class=\"yoast-schema-graph\">{\"@context\":\"https:\/\/schema.org\",\"@graph\":[{\"@type\":\"Article\",\"@id\":\"https:\/\/www.ivivu.com\/blog\/2023\/06\/kham-pha-chau-au-quyen-ru-va-phim-truong-ha-canh-noi-anh-trong-tour-chau-au-10n9d\/#article\",\"isPartOf\":{\"@id\":\"https:\/\/www.ivivu.com\/blog\/2023\/06\/kham-pha-chau-au-quyen-ru-va-phim-truong-ha-canh-noi-anh-trong-tour-chau-au-10n9d\/\"},\"author\":{\"name\":\"Ng\u1ecdc H\u1ea1nh Nguy\u1ec5n\",\"@id\":\"https:\/\/www.ivivu.com\/blog\/#\/schema\/person\/85d704a13f06322f2b35c654e205d315\"},\"headline\":\"Kh\u00e1m ph\u00e1 ch\u00e2u \u00c2u quy\u1ebfn r\u0169 v\u00e0 phim tr\u01b0\u1eddng &#8220;H\u1ea1 c\u00e1nh n\u01a1i anh&#8221; trong tour ch\u00e2u \u00c2u 10N9\u0110\",\"datePublished\":\"2023-06-28T03:47:55+00:00\",\"dateModified\":\"2025-11-19T08:13:57+00:00\",\"mainEntityOfPage\":{\"@id\":\"https:\/\/www.ivivu.com\/blog\/2023\/06\/kham-pha-chau-au-quyen-ru-va-phim-truong-ha-canh-noi-anh-trong-tour-chau-au-10n9d\/\"},\"wordCount\":3826,\"publisher\":{\"@id\":\"https:\/\/www.ivivu.com\/blog\/#organization\"},\"image\":{\"@id\":\"https:\/\/www.ivivu.com\/blog\/2023\/06\/kham-pha-chau-au-quyen-ru-va-phim-truong-ha-canh-noi-anh-trong-tour-chau-au-10n9d\/#primaryimage\"},\"thumbnailUrl\":\"https:\/\/cdn3.ivivu.com\/2023\/06\/H\u1ed3-Lucern-ivivu-1.jpg\",\"keywords\":[\"Du l\u1ecbch ch\u00e2u \u00e2u\",\"Du l\u1ecbch Ph\u00e1p\",\"du l\u1ecbch Th\u1ee5y S\u0129\",\"du l\u1ecbch \u00dd\",\"\u0111i\u00ea\u0309m \u0111\u1ebfn\",\"kh\u00e1m ph\u00e1\",\"tour ch\u00e2u \u00c2u\",\"tour du l\u1ecbch\"],\"articleSection\":[\"Ch\u00e2u \u00c2u\",\"\u0110i\u1ec3m \u0111\u1ebfn\",\"Khuy\u1ebfn M\u00e3i\",\"N\u1ed5i B\u1eadt 2\",\"Tour du l\u1ecbch\"],\"inLanguage\":\"vi\"},{\"@type\":\"WebPage\",\"@id\":\"https:\/\/www.ivivu.com\/blog\/2023\/06\/kham-pha-chau-au-quyen-ru-va-phim-truong-ha-canh-noi-anh-trong-tour-chau-au-10n9d\/\",\"url\":\"https:\/\/www.ivivu.com\/blog\/2023\/06\/kham-pha-chau-au-quyen-ru-va-phim-truong-ha-canh-noi-anh-trong-tour-chau-au-10n9d\/\",\"name\":\"Kh\u00e1m ph\u00e1 ch\u00e2u \u00c2u quy\u1ebfn r\u0169 v\u00e0 phim tr\u01b0\u1eddng \\\"H\u1ea1 c\u00e1nh n\u01a1i anh\\\" trong tour ch\u00e2u \u00c2u 10N9\u0110 - iVIVU.com\",\"isPartOf\":{\"@id\":\"https:\/\/www.ivivu.com\/blog\/#website\"},\"primaryImageOfPage\":{\"@id\":\"https:\/\/www.ivivu.com\/blog\/2023\/06\/kham-pha-chau-au-quyen-ru-va-phim-truong-ha-canh-noi-anh-trong-tour-chau-au-10n9d\/#primaryimage\"},\"image\":{\"@id\":\"https:\/\/www.ivivu.com\/blog\/2023\/06\/kham-pha-chau-au-quyen-ru-va-phim-truong-ha-canh-noi-anh-trong-tour-chau-au-10n9d\/#primaryimage\"},\"thumbnailUrl\":\"https:\/\/cdn3.ivivu.com\/2023\/06\/H\u1ed3-Lucern-ivivu-1.jpg\",\"datePublished\":\"2023-06-28T03:47:55+00:00\",\"dateModified\":\"2025-11-19T08:13:57+00:00\",\"description\":\"Trong tour ch\u00e2u \u00c2u 10N9\u0110, h\u00e0nh tr\u00ecnh \u0111\u1ebfn Ph\u00e1p, \u00dd, \u0111\u1eb7c bi\u1ec7t gh\u00e9 th\u0103m phim tr\u01b0\u1eddng \\\"H\u1ea1 c\u00e1nh n\u01a1i anh\\\" \u1edf Th\u1ee5y S\u0129, s\u1ebd mang \u0111\u1ebfn cho b\u1ea1n nh\u1eefng tr\u1ea3i nghi\u1ec7m ngo\u1ea1n m\u1ee5c v\u1edbi s\u1ef1 k\u1ebft h\u1ee3p ho\u00e0n h\u1ea3o c\u1ee7a l\u1ecbch s\u1eed, v\u0103n h\u00f3a, thi\u00ean nhi\u00ean v\u00e0 \u1ea9m th\u1ef1c \u0111\u1ea7y h\u1ea5p d\u1eabn.\",\"breadcrumb\":{\"@id\":\"https:\/\/www.ivivu.com\/blog\/2023\/06\/kham-pha-chau-au-quyen-ru-va-phim-truong-ha-canh-noi-anh-trong-tour-chau-au-10n9d\/#breadcrumb\"},\"inLanguage\":\"vi\",\"potentialAction\":[{\"@type\":\"ReadAction\",\"target\":[\"https:\/\/www.ivivu.com\/blog\/2023\/06\/kham-pha-chau-au-quyen-ru-va-phim-truong-ha-canh-noi-anh-trong-tour-chau-au-10n9d\/\"]}]},{\"@type\":\"ImageObject\",\"inLanguage\":\"vi\",\"@id\":\"https:\/\/www.ivivu.com\/blog\/2023\/06\/kham-pha-chau-au-quyen-ru-va-phim-truong-ha-canh-noi-anh-trong-tour-chau-au-10n9d\/#primaryimage\",\"url\":\"https:\/\/cdn3.ivivu.com\/2023\/06\/H\u1ed3-Lucern-ivivu-1.jpg\",\"contentUrl\":\"https:\/\/cdn3.ivivu.com\/2023\/06\/H\u1ed3-Lucern-ivivu-1.jpg\",\"width\":1166,\"height\":777},{\"@type\":\"BreadcrumbList\",\"@id\":\"https:\/\/www.ivivu.com\/blog\/2023\/06\/kham-pha-chau-au-quyen-ru-va-phim-truong-ha-canh-noi-anh-trong-tour-chau-au-10n9d\/#breadcrumb\",\"itemListElement\":[{\"@type\":\"ListItem\",\"position\":1,\"name\":\"Home\",\"item\":\"https:\/\/www.ivivu.com\/blog\/\"},{\"@type\":\"ListItem\",\"position\":2,\"name\":\"Kh\u00e1m ph\u00e1 ch\u00e2u \u00c2u quy\u1ebfn r\u0169 v\u00e0 phim tr\u01b0\u1eddng &#8220;H\u1ea1 c\u00e1nh n\u01a1i anh&#8221; trong tour ch\u00e2u \u00c2u 10N9\u0110\"}]},{\"@type\":\"WebSite\",\"@id\":\"https:\/\/www.ivivu.com\/blog\/#website\",\"url\":\"https:\/\/www.ivivu.com\/blog\/\",\"name\":\"C\u1ea9m nang du l\u1ecbch\",\"description\":\"\",\"publisher\":{\"@id\":\"https:\/\/www.ivivu.com\/blog\/#organization\"},\"potentialAction\":[{\"@type\":\"SearchAction\",\"target\":{\"@type\":\"EntryPoint\",\"urlTemplate\":\"https:\/\/www.ivivu.com\/blog\/?s={search_term_string}\"},\"query-input\":\"required name=search_term_string\"}],\"inLanguage\":\"vi\"},{\"@type\":\"Organization\",\"@id\":\"https:\/\/www.ivivu.com\/blog\/#organization\",\"name\":\"iVIVU.com\",\"url\":\"https:\/\/www.ivivu.com\/blog\/\",\"logo\":{\"@type\":\"ImageObject\",\"inLanguage\":\"vi\",\"@id\":\"https:\/\/www.ivivu.com\/blog\/#\/schema\/logo\/image\/\",\"url\":\"https:\/\/cdn3.ivivu.com\/2024\/01\/ivivu_no_slogan.png\",\"contentUrl\":\"https:\/\/cdn3.ivivu.com\/2024\/01\/ivivu_no_slogan.png\",\"width\":788,\"height\":565,\"caption\":\"iVIVU.com\"},\"image\":{\"@id\":\"https:\/\/www.ivivu.com\/blog\/#\/schema\/logo\/image\/\"},\"sameAs\":[\"https:\/\/www.facebook.com\/iVIVU\"]},{\"@type\":\"Person\",\"@id\":\"https:\/\/www.ivivu.com\/blog\/#\/schema\/person\/85d704a13f06322f2b35c654e205d315\",\"name\":\"Ng\u1ecdc H\u1ea1nh Nguy\u1ec5n\",\"url\":\"https:\/\/www.ivivu.com\/blog\/author\/ngochanh\/\"}]}<\/script>\n<!-- \/ Yoast SEO Premium plugin. -->","yoast_head_json":{"title":"Kh\u00e1m ph\u00e1 ch\u00e2u \u00c2u quy\u1ebfn r\u0169 v\u00e0 phim tr\u01b0\u1eddng \"H\u1ea1 c\u00e1nh n\u01a1i anh\" trong tour ch\u00e2u \u00c2u 10N9\u0110 - iVIVU.com","description":"Trong tour ch\u00e2u \u00c2u 10N9\u0110, h\u00e0nh tr\u00ecnh \u0111\u1ebfn Ph\u00e1p, \u00dd, \u0111\u1eb7c bi\u1ec7t gh\u00e9 th\u0103m phim tr\u01b0\u1eddng \"H\u1ea1 c\u00e1nh n\u01a1i anh\" \u1edf Th\u1ee5y S\u0129, s\u1ebd mang \u0111\u1ebfn cho b\u1ea1n nh\u1eefng tr\u1ea3i nghi\u1ec7m ngo\u1ea1n m\u1ee5c v\u1edbi s\u1ef1 k\u1ebft h\u1ee3p ho\u00e0n h\u1ea3o c\u1ee7a l\u1ecbch s\u1eed, v\u0103n h\u00f3a, thi\u00ean nhi\u00ean v\u00e0 \u1ea9m th\u1ef1c \u0111\u1ea7y h\u1ea5p d\u1eabn.","robots":{"index":"index","follow":"follow","max-snippet":"max-snippet:-1","max-image-preview":"max-image-preview:large","max-video-preview":"max-video-preview:-1"},"canonical":"https:\/\/www.ivivu.com\/blog\/2023\/06\/kham-pha-chau-au-quyen-ru-va-phim-truong-ha-canh-noi-anh-trong-tour-chau-au-10n9d\/","twitter_misc":{"\u0110\u01b0\u1ee3c vi\u1ebft b\u1edfi":"Ng\u1ecdc H\u1ea1nh Nguy\u1ec5n","\u01af\u1edbc t\u00ednh th\u1eddi gian \u0111\u1ecdc":"24 ph\u00fat"},"schema":{"@context":"https:\/\/schema.org","@graph":[{"@type":"Article","@id":"https:\/\/www.ivivu.com\/blog\/2023\/06\/kham-pha-chau-au-quyen-ru-va-phim-truong-ha-canh-noi-anh-trong-tour-chau-au-10n9d\/#article","isPartOf":{"@id":"https:\/\/www.ivivu.com\/blog\/2023\/06\/kham-pha-chau-au-quyen-ru-va-phim-truong-ha-canh-noi-anh-trong-tour-chau-au-10n9d\/"},"author":{"name":"Ng\u1ecdc H\u1ea1nh Nguy\u1ec5n","@id":"https:\/\/www.ivivu.com\/blog\/#\/schema\/person\/85d704a13f06322f2b35c654e205d315"},"headline":"Kh\u00e1m ph\u00e1 ch\u00e2u \u00c2u quy\u1ebfn r\u0169 v\u00e0 phim tr\u01b0\u1eddng &#8220;H\u1ea1 c\u00e1nh n\u01a1i anh&#8221; trong tour ch\u00e2u \u00c2u 10N9\u0110","datePublished":"2023-06-28T03:47:55+00:00","dateModified":"2025-11-19T08:13:57+00:00","mainEntityOfPage":{"@id":"https:\/\/www.ivivu.com\/blog\/2023\/06\/kham-pha-chau-au-quyen-ru-va-phim-truong-ha-canh-noi-anh-trong-tour-chau-au-10n9d\/"},"wordCount":3826,"publisher":{"@id":"https:\/\/www.ivivu.com\/blog\/#organization"},"image":{"@id":"https:\/\/www.ivivu.com\/blog\/2023\/06\/kham-pha-chau-au-quyen-ru-va-phim-truong-ha-canh-noi-anh-trong-tour-chau-au-10n9d\/#primaryimage"},"thumbnailUrl":"https:\/\/cdn3.ivivu.com\/2023\/06\/H\u1ed3-Lucern-ivivu-1.jpg","keywords":["Du l\u1ecbch ch\u00e2u \u00e2u","Du l\u1ecbch Ph\u00e1p","du l\u1ecbch Th\u1ee5y S\u0129","du l\u1ecbch \u00dd","\u0111i\u00ea\u0309m \u0111\u1ebfn","kh\u00e1m ph\u00e1","tour ch\u00e2u \u00c2u","tour du l\u1ecbch"],"articleSection":["Ch\u00e2u \u00c2u","\u0110i\u1ec3m \u0111\u1ebfn","Khuy\u1ebfn M\u00e3i","N\u1ed5i B\u1eadt 2","Tour du l\u1ecbch"],"inLanguage":"vi"},{"@type":"WebPage","@id":"https:\/\/www.ivivu.com\/blog\/2023\/06\/kham-pha-chau-au-quyen-ru-va-phim-truong-ha-canh-noi-anh-trong-tour-chau-au-10n9d\/","url":"https:\/\/www.ivivu.com\/blog\/2023\/06\/kham-pha-chau-au-quyen-ru-va-phim-truong-ha-canh-noi-anh-trong-tour-chau-au-10n9d\/","name":"Kh\u00e1m ph\u00e1 ch\u00e2u \u00c2u quy\u1ebfn r\u0169 v\u00e0 phim tr\u01b0\u1eddng \"H\u1ea1 c\u00e1nh n\u01a1i anh\" trong tour ch\u00e2u \u00c2u 10N9\u0110 - iVIVU.com","isPartOf":{"@id":"https:\/\/www.ivivu.com\/blog\/#website"},"primaryImageOfPage":{"@id":"https:\/\/www.ivivu.com\/blog\/2023\/06\/kham-pha-chau-au-quyen-ru-va-phim-truong-ha-canh-noi-anh-trong-tour-chau-au-10n9d\/#primaryimage"},"image":{"@id":"https:\/\/www.ivivu.com\/blog\/2023\/06\/kham-pha-chau-au-quyen-ru-va-phim-truong-ha-canh-noi-anh-trong-tour-chau-au-10n9d\/#primaryimage"},"thumbnailUrl":"https:\/\/cdn3.ivivu.com\/2023\/06\/H\u1ed3-Lucern-ivivu-1.jpg","datePublished":"2023-06-28T03:47:55+00:00","dateModified":"2025-11-19T08:13:57+00:00","description":"Trong tour ch\u00e2u \u00c2u 10N9\u0110, h\u00e0nh tr\u00ecnh \u0111\u1ebfn Ph\u00e1p, \u00dd, \u0111\u1eb7c bi\u1ec7t gh\u00e9 th\u0103m phim tr\u01b0\u1eddng \"H\u1ea1 c\u00e1nh n\u01a1i anh\" \u1edf Th\u1ee5y S\u0129, s\u1ebd mang \u0111\u1ebfn cho b\u1ea1n nh\u1eefng tr\u1ea3i nghi\u1ec7m ngo\u1ea1n m\u1ee5c v\u1edbi s\u1ef1 k\u1ebft h\u1ee3p ho\u00e0n h\u1ea3o c\u1ee7a l\u1ecbch s\u1eed, v\u0103n h\u00f3a, thi\u00ean nhi\u00ean v\u00e0 \u1ea9m th\u1ef1c \u0111\u1ea7y h\u1ea5p d\u1eabn.","breadcrumb":{"@id":"https:\/\/www.ivivu.com\/blog\/2023\/06\/kham-pha-chau-au-quyen-ru-va-phim-truong-ha-canh-noi-anh-trong-tour-chau-au-10n9d\/#breadcrumb"},"inLanguage":"vi","potentialAction":[{"@type":"ReadAction","target":["https:\/\/www.ivivu.com\/blog\/2023\/06\/kham-pha-chau-au-quyen-ru-va-phim-truong-ha-canh-noi-anh-trong-tour-chau-au-10n9d\/"]}]},{"@type":"ImageObject","inLanguage":"vi","@id":"https:\/\/www.ivivu.com\/blog\/2023\/06\/kham-pha-chau-au-quyen-ru-va-phim-truong-ha-canh-noi-anh-trong-tour-chau-au-10n9d\/#primaryimage","url":"https:\/\/cdn3.ivivu.com\/2023\/06\/H\u1ed3-Lucern-ivivu-1.jpg","contentUrl":"https:\/\/cdn3.ivivu.com\/2023\/06\/H\u1ed3-Lucern-ivivu-1.jpg","width":1166,"height":777},{"@type":"BreadcrumbList","@id":"https:\/\/www.ivivu.com\/blog\/2023\/06\/kham-pha-chau-au-quyen-ru-va-phim-truong-ha-canh-noi-anh-trong-tour-chau-au-10n9d\/#breadcrumb","itemListElement":[{"@type":"ListItem","position":1,"name":"Home","item":"https:\/\/www.ivivu.com\/blog\/"},{"@type":"ListItem","position":2,"name":"Kh\u00e1m ph\u00e1 ch\u00e2u \u00c2u quy\u1ebfn r\u0169 v\u00e0 phim tr\u01b0\u1eddng &#8220;H\u1ea1 c\u00e1nh n\u01a1i anh&#8221; trong tour ch\u00e2u \u00c2u 10N9\u0110"}]},{"@type":"WebSite","@id":"https:\/\/www.ivivu.com\/blog\/#website","url":"https:\/\/www.ivivu.com\/blog\/","name":"C\u1ea9m nang du l\u1ecbch","description":"","publisher":{"@id":"https:\/\/www.ivivu.com\/blog\/#organization"},"potentialAction":[{"@type":"SearchAction","target":{"@type":"EntryPoint","urlTemplate":"https:\/\/www.ivivu.com\/blog\/?s={search_term_string}"},"query-input":"required name=search_term_string"}],"inLanguage":"vi"},{"@type":"Organization","@id":"https:\/\/www.ivivu.com\/blog\/#organization","name":"iVIVU.com","url":"https:\/\/www.ivivu.com\/blog\/","logo":{"@type":"ImageObject","inLanguage":"vi","@id":"https:\/\/www.ivivu.com\/blog\/#\/schema\/logo\/image\/","url":"https:\/\/cdn3.ivivu.com\/2024\/01\/ivivu_no_slogan.png","contentUrl":"https:\/\/cdn3.ivivu.com\/2024\/01\/ivivu_no_slogan.png","width":788,"height":565,"caption":"iVIVU.com"},"image":{"@id":"https:\/\/www.ivivu.com\/blog\/#\/schema\/logo\/image\/"},"sameAs":["https:\/\/www.facebook.com\/iVIVU"]},{"@type":"Person","@id":"https:\/\/www.ivivu.com\/blog\/#\/schema\/person\/85d704a13f06322f2b35c654e205d315","name":"Ng\u1ecdc H\u1ea1nh Nguy\u1ec5n","url":"https:\/\/www.ivivu.com\/blog\/author\/ngochanh\/"}]}},"_links":{"self":[{"href":"https:\/\/www.ivivu.com\/blog\/wp-json\/wp\/v2\/posts\/420132"}],"collection":[{"href":"https:\/\/www.ivivu.com\/blog\/wp-json\/wp\/v2\/posts"}],"about":[{"href":"https:\/\/www.ivivu.com\/blog\/wp-json\/wp\/v2\/types\/post"}],"author":[{"embeddable":true,"href":"https:\/\/www.ivivu.com\/blog\/wp-json\/wp\/v2\/users\/65"}],"replies":[{"embeddable":true,"href":"https:\/\/www.ivivu.com\/blog\/wp-json\/wp\/v2\/comments?post=420132"}],"version-history":[{"count":15,"href":"https:\/\/www.ivivu.com\/blog\/wp-json\/wp\/v2\/posts\/420132\/revisions"}],"predecessor-version":[{"id":514344,"href":"https:\/\/www.ivivu.com\/blog\/wp-json\/wp\/v2\/posts\/420132\/revisions\/514344"}],"wp:featuredmedia":[{"embeddable":true,"href":"https:\/\/www.ivivu.com\/blog\/wp-json\/wp\/v2\/media\/420278"}],"wp:attachment":[{"href":"https:\/\/www.ivivu.com\/blog\/wp-json\/wp\/v2\/media?parent=420132"}],"wp:term":[{"taxonomy":"category","embeddable":true,"href":"https:\/\/www.ivivu.com\/blog\/wp-json\/wp\/v2\/categories?post=420132"},{"taxonomy":"post_tag","embeddable":true,"href":"https:\/\/www.ivivu.com\/blog\/wp-json\/wp\/v2\/tags?post=420132"}],"curies":[{"name":"wp","href":"https:\/\/api.w.org\/{rel}","templated":true}]}}