{"id":426119,"date":"2023-08-07T16:49:55","date_gmt":"2023-08-07T09:49:55","guid":{"rendered":"https:\/\/www.ivivu.com\/blog\/?p=426119"},"modified":"2023-08-07T16:49:55","modified_gmt":"2023-08-07T09:49:55","slug":"nhung-di-san-van-hoa-vat-the-viet-nam-duoc-unesco-cong-nhan","status":"publish","type":"post","link":"https:\/\/www.ivivu.com\/blog\/2023\/08\/nhung-di-san-van-hoa-vat-the-viet-nam-duoc-unesco-cong-nhan\/","title":{"rendered":"Nh\u1eefng di s\u1ea3n v\u0103n h\u00f3a v\u1eadt th\u1ec3 Vi\u1ec7t Nam \u0111\u01b0\u1ee3c UNESCO c\u00f4ng nh\u1eadn"},"content":{"rendered":"<p style=\"text-align: justify;\"><em><strong>V\u1edbi b\u1ec1 d\u00e0y v\u0103n h\u00f3a v\u00e0 l\u1ecbch s\u1eed h\u00e0ng ng\u00e0n n\u0103m, n\u01b0\u1edbc ta \u0111\u00e3 l\u01b0u gi\u1eef nhi\u1ec1u di s\u1ea3n \u0111\u1ed9c \u0111\u00e1o, trong \u0111\u00f3 c\u00f3 6 di s\u1ea3n v\u0103n h\u00f3a v\u1eadt th\u1ec3 Vi\u1ec7t Nam t\u1ef1 h\u00e0o \u0111\u01b0\u1ee3c UNESCO c\u00f4ng nh\u1eadn l\u00e0 di s\u1ea3n v\u0103n h\u00f3a th\u1ebf gi\u1edbi.<\/strong><\/em><\/p>\n<p style=\"text-align: justify;\"><!--more--><\/p>\n<p style=\"text-align: justify;\"><div class=\"ltt-contentbox white\"><\/span><strong>Xem th\u00eam: <a href=\"https:\/\/www.ivivu.com\/blog\/?s=h%C3%A0+n%E1%BB%99i\" target=\"_blank\">Du l\u1ecbch H\u00e0 N\u1ed9i<\/a><\/strong><\/div><\/p>\n<h2 style=\"text-align: justify;\">Nh\u1eefng di s\u1ea3n v\u0103n h\u00f3a v\u1eadt th\u1ec3 Vi\u1ec7t Nam \u0111\u01b0\u1ee3c UNESCO c\u00f4ng nh\u1eadn<\/h2>\n<p style=\"text-align: justify;\"><strong>Ho\u00e0ng th\u00e0nh Th\u0103ng Long<\/strong><\/p>\n<p style=\"text-align: justify;\"><a href=\"https:\/\/cdn3.ivivu.com\/2023\/08\/di-san-van-hoa-vat-the-viet-nam-ivivu-1.jpg\"><img loading=\"lazy\" decoding=\"async\" class=\" size-full wp-image-426129 aligncenter\" src=\"https:\/\/cdn3.ivivu.com\/2023\/08\/di-san-van-hoa-vat-the-viet-nam-ivivu-1.jpg\" alt=\"di-san-van-hoa-vat-the-viet-nam-ivivu-1\" width=\"640\" height=\"800\" srcset=\"https:\/\/cdn3.ivivu.com\/2023\/08\/di-san-van-hoa-vat-the-viet-nam-ivivu-1.jpg 640w, https:\/\/cdn3.ivivu.com\/2023\/08\/di-san-van-hoa-vat-the-viet-nam-ivivu-1-244x305.jpg 244w\" sizes=\"(max-width: 640px) 100vw, 640px\" \/><\/a>Ho\u00e0ng th\u00e0nh Th\u0103ng Long l\u00e0 qu\u1ea7n th\u1ec3 di t\u00edch l\u1ecbch s\u1eed &#8211; v\u0103n h\u00f3a \u0111\u01b0\u1ee3c x\u00e2y d\u1ef1ng t\u1eeb th\u1eddi \u0110\u1ea1i C\u1ed3 Vi\u1ec7t (1010) khi vua L\u00fd Th\u00e1i T\u1ed5 d\u1eddi \u0111\u00f4 t\u1eeb Hoa L\u01b0 v\u1ec1 Th\u0103ng Long. Ho\u00e0ng th\u00e0nh bao g\u1ed3m ba th\u00e0nh ph\u1ea7n ch\u00ednh: kinh th\u00e0nh (th\u00e0nh ngo\u1ea1i), ho\u00e0ng th\u00e0nh (th\u00e0nh n\u1ed9i) v\u00e0 t\u1eed c\u1ea5m th\u00e0nh. \u0110\u00e2y l\u00e0 n\u01a1i \u1edf v\u00e0 l\u00e0m vi\u1ec7c c\u1ee7a tri\u1ec1u \u0111\u00ecnh phong ki\u1ebfn qua nhi\u1ec1u th\u1eddi k\u1ef3 t\u1eeb \u0110\u1ea1i Vi\u1ec7t, \u0110\u1ea1i Ngu, Tr\u1ea7n, H\u1eadu L\u00ea, M\u1ea1c, Tr\u1ecbnh, Nguy\u1ec5n, v\u00e0 th\u1eddi thu\u1ed9c Ph\u00e1p.<\/p>\n<p style=\"text-align: justify;\"><a href=\"https:\/\/cdn3.ivivu.com\/2023\/08\/ho\u00e0ng-th\u00e0nh-Th\u0103ng-Long-ivivu-1-min.jpg\"><img loading=\"lazy\" decoding=\"async\" class=\"alignnone size-full wp-image-426902\" src=\"https:\/\/cdn3.ivivu.com\/2023\/08\/ho\u00e0ng-th\u00e0nh-Th\u0103ng-Long-ivivu-1-min.jpg\" alt=\"ho\u00e0ng-th\u00e0nh-Th\u0103ng-Long-ivivu-1-min\" width=\"3840\" height=\"2560\" srcset=\"https:\/\/cdn3.ivivu.com\/2023\/08\/ho\u00e0ng-th\u00e0nh-Th\u0103ng-Long-ivivu-1-min.jpg 3840w, https:\/\/cdn3.ivivu.com\/2023\/08\/ho\u00e0ng-th\u00e0nh-Th\u0103ng-Long-ivivu-1-min-458x305.jpg 458w, https:\/\/cdn3.ivivu.com\/2023\/08\/ho\u00e0ng-th\u00e0nh-Th\u0103ng-Long-ivivu-1-min-1024x683.jpg 1024w\" sizes=\"(max-width: 3840px) 100vw, 3840px\" \/><\/a><\/p>\n<p style=\"text-align: justify;\">T\u00ednh \u0111\u1ebfn nay, ho\u00e0ng th\u00e0nh Th\u0103ng Long \u0111\u00e3 tr\u1ea3i qua h\u01a1n 1000 n\u0103m l\u1ecbch s\u1eed v\u1edbi nhi\u1ec1u bi\u1ebfn c\u1ed1, chi\u1ebfn tranh v\u00e0 thay \u0111\u1ed5i ch\u00ednh tr\u1ecb, nh\u01b0ng d\u1ea5u v\u1ebft c\u1ee7a qu\u00e1 kh\u1ee9 v\u1eabn c\u00f2n v\u1edbi nh\u1eefng di t\u00edch quan tr\u1ecdng nh\u01b0 h\u00e0m \u0111i\u1ec7n, k\u00ednh thi\u00ean \u0111i\u1ec7n, cung ngh\u0129a, cung hi\u1ec1n, h\u1ed3 ho\u00e0ng th\u00e0nh&#8230;<\/p>\n<p style=\"text-align: justify;\"><a href=\"https:\/\/cdn3.ivivu.com\/2023\/08\/di-san-van-hoa-vat-the-viet-nam-ivivu-3.jpg\"><img loading=\"lazy\" decoding=\"async\" class=\" size-full wp-image-426132 aligncenter\" src=\"https:\/\/cdn3.ivivu.com\/2023\/08\/di-san-van-hoa-vat-the-viet-nam-ivivu-3.jpg\" alt=\"di-san-van-hoa-vat-the-viet-nam-ivivu-3\" width=\"640\" height=\"802\" srcset=\"https:\/\/cdn3.ivivu.com\/2023\/08\/di-san-van-hoa-vat-the-viet-nam-ivivu-3.jpg 640w, https:\/\/cdn3.ivivu.com\/2023\/08\/di-san-van-hoa-vat-the-viet-nam-ivivu-3-243x305.jpg 243w\" sizes=\"(max-width: 640px) 100vw, 640px\" \/><\/a>Ho\u00e0ng th\u00e0nh Th\u0103ng Long kh\u00f4ng ch\u1ec9 l\u00e0 m\u1ed9t di t\u00edch l\u1ecbch s\u1eed, m\u00e0 c\u00f2n l\u00e0 n\u01a1i ch\u1ee9a \u0111\u1ef1ng nhi\u1ec1u gi\u00e1 tr\u1ecb v\u0103n h\u00f3a, tinh th\u1ea7n, t\u00f4n gi\u00e1o v\u00e0 ngh\u1ec7 thu\u1eadt. N\u0103m 2010, ho\u00e0ng th\u00e0nh Th\u0103ng Long \u0111\u00e3 tr\u1edf th\u00e0nh <strong>di s\u1ea3n v\u0103n h\u00f3a v\u1eadt th\u1ec3 Vi\u1ec7t Nam <\/strong>\u0111\u01b0\u1ee3c UNESCO c\u00f4ng nh\u1eadn l\u00e0 di s\u1ea3n th\u1ebf gi\u1edbi.<\/p>\n<p style=\"text-align: justify;\"><a href=\"https:\/\/cdn3.ivivu.com\/2023\/08\/di-san-van-hoa-vat-the-viet-nam-ivivu-5.jpg\"><img loading=\"lazy\" decoding=\"async\" class=\" size-full wp-image-426134 aligncenter\" src=\"https:\/\/cdn3.ivivu.com\/2023\/08\/di-san-van-hoa-vat-the-viet-nam-ivivu-5.jpg\" alt=\"di-san-van-hoa-vat-the-viet-nam-ivivu-5\" width=\"640\" height=\"640\" srcset=\"https:\/\/cdn3.ivivu.com\/2023\/08\/di-san-van-hoa-vat-the-viet-nam-ivivu-5.jpg 640w, https:\/\/cdn3.ivivu.com\/2023\/08\/di-san-van-hoa-vat-the-viet-nam-ivivu-5-305x305.jpg 305w, https:\/\/cdn3.ivivu.com\/2023\/08\/di-san-van-hoa-vat-the-viet-nam-ivivu-5-75x75.jpg 75w\" sizes=\"(max-width: 640px) 100vw, 640px\" \/><\/a><a href=\"https:\/\/cdn3.ivivu.com\/2023\/08\/ho\u00e0ng-th\u00e0nh-Th\u0103ng-Long-ivivu.jpg\"><img loading=\"lazy\" decoding=\"async\" class=\"alignnone size-full wp-image-426896\" src=\"https:\/\/cdn3.ivivu.com\/2023\/08\/ho\u00e0ng-th\u00e0nh-Th\u0103ng-Long-ivivu.jpg\" alt=\"ho\u00e0ng-th\u00e0nh-Th\u0103ng-Long-ivivu\" width=\"680\" height=\"454\" srcset=\"https:\/\/cdn3.ivivu.com\/2023\/08\/ho\u00e0ng-th\u00e0nh-Th\u0103ng-Long-ivivu.jpg 680w, https:\/\/cdn3.ivivu.com\/2023\/08\/ho\u00e0ng-th\u00e0nh-Th\u0103ng-Long-ivivu-457x305.jpg 457w\" sizes=\"(max-width: 680px) 100vw, 680px\" \/><\/a><\/p>\n<p style=\"text-align: justify;\"><strong>Th\u00e0nh nh\u00e0 H\u1ed3<\/strong><\/p>\n<p style=\"text-align: justify;\">Th\u00e0nh nh\u00e0 H\u1ed3, hay th\u00e0nh T\u00e2y \u0110\u00f4, l\u00e0 m\u1ed9t di s\u1ea3n \u0111\u1ed9c \u0111\u00e1o \u0111\u01b0\u1ee3c x\u00e2y d\u1ef1ng v\u00e0o th\u1ebf k\u1ef7 14, d\u01b0\u1edbi tri\u1ec1u \u0111\u1ea1i c\u1ee7a vua H\u1ed3 Qu\u00fd Ly. Th\u00e0nh nh\u00e0 H\u1ed3 l\u00e0 hi\u1ec7n t\u01b0\u1ee3ng c\u00f3 t\u00ednh \u0111\u1ed9t kh\u1edfi v\u1ec1 k\u1ef9 thu\u1eadt khai th\u00e1c, ch\u1ebf t\u00e1c v\u00e0 x\u00e2y d\u1ef1ng v\u1edbi nguy\u00ean li\u1ec7u c\u01a1 b\u1ea3n l\u00e0 c\u00e1c t\u1ea3ng \u0111\u00e1 l\u1edbn. Kh\u00f4ng ph\u1ea3i c\u00f4ng tr\u00ecnh duy nh\u1ea5t c\u00f3 ki\u1ebfn tr\u00fac b\u1eb1ng \u0111\u00e1, nh\u01b0ng th\u00e0nh nh\u00e0 H\u1ed3 v\u1eabn l\u00e0 minh ch\u1ee9ng \u201cv\u00f4 ti\u1ec1n kho\u00e1ng h\u1eadu\u201d v\u1ec1 k\u1ef9 thu\u1eadt x\u00e2y d\u1ef1ng \u0111\u1ed9c \u0111\u00e1o.<\/p>\n<p style=\"text-align: justify;\"><a href=\"https:\/\/cdn3.ivivu.com\/2023\/08\/di-san-van-hoa-vat-the-viet-nam-ivivu-6.jpg\"><img loading=\"lazy\" decoding=\"async\" class=\" size-full wp-image-426135 aligncenter\" src=\"https:\/\/cdn3.ivivu.com\/2023\/08\/di-san-van-hoa-vat-the-viet-nam-ivivu-6.jpg\" alt=\"di-san-van-hoa-vat-the-viet-nam-ivivu-6\" width=\"680\" height=\"510\" srcset=\"https:\/\/cdn3.ivivu.com\/2023\/08\/di-san-van-hoa-vat-the-viet-nam-ivivu-6.jpg 680w, https:\/\/cdn3.ivivu.com\/2023\/08\/di-san-van-hoa-vat-the-viet-nam-ivivu-6-407x305.jpg 407w\" sizes=\"(max-width: 680px) 100vw, 680px\" \/><\/a>Theo s\u1eed s\u00e1ch trong th\u00e0nh c\u00f3 r\u1ea5t nhi\u1ec1u c\u00f4ng tr\u00ecnh \u0111\u01b0\u1ee3c x\u00e2y d\u1ef1ng, nh\u01b0 \u0111i\u1ec7n Ho\u00e0ng Nguy\u00ean, cung Di\u00ean Th\u1ecd (ch\u1ed7 \u1edf c\u1ee7a H\u1ed3 Qu\u00fd Ly), \u0111\u00f4ng cung, t\u00e2y Th\u00e1i mi\u1ebfu, \u0111\u00f4ng Th\u00e1i mi\u1ebfu, n\u00fai Th\u1ecd K\u1ef3, D\u1ee5c T\u01b0\u1ee3ng\u2026 ch\u1eb3ng kh\u00e1c g\u00ec kinh \u0111\u00f4 Th\u0103ng Long. Tuy nhi\u00ean, hi\u1ec7n t\u1ea1i, h\u1ea7u h\u1ebft c\u00f4ng tr\u00ecnh ki\u1ebfn tr\u00fac b\u00ean trong ho\u00e0ng th\u00e0nh \u0111\u00e3 b\u1ecb ph\u00e1 h\u1ee7y, song 4 b\u1ee9c t\u01b0\u1eddng th\u00e0nh v\u1eabn t\u01b0\u01a1ng \u0111\u1ed1i nguy\u00ean v\u1eb9n ki\u1ebfn tr\u00fac ban \u0111\u1ea7u, n\u1ed5i b\u1eadt v\u1edbi 4 c\u1ed5ng Nam, B\u1eafc, \u0110\u00f4ng, T\u00e2y.<\/p>\n<p style=\"text-align: justify;\">Tr\u1ea3i qua h\u01a1n 600 n\u0103m t\u1ed3n t\u1ea1i, \u0111\u1ebfn ng\u00e0y 27-6-2011, t\u1ea1i k\u1ef3 h\u1ecdp l\u1ea7n th\u1ee9 35 c\u1ee7a \u1ee6y ban Di s\u1ea3n Th\u1ebf gi\u1edbi, di t\u00edch th\u00e0nh nh\u00e0 H\u1ed3 \u0111\u00e3 \u0111\u01b0\u1ee3c c\u00f4ng nh\u1eadn l\u00e0 di s\u1ea3n v\u0103n h\u00f3a th\u1ebf gi\u1edbi.<\/p>\n<div id=\"attachment_426897\" style=\"width: 1090px\" class=\"wp-caption alignnone\"><a href=\"https:\/\/cdn3.ivivu.com\/2023\/08\/th\u00e0nh-nh\u00e0-H\u1ed3-ivivu.jpg\"><img loading=\"lazy\" decoding=\"async\" aria-describedby=\"caption-attachment-426897\" class=\"wp-image-426897 size-full\" src=\"https:\/\/cdn3.ivivu.com\/2023\/08\/th\u00e0nh-nh\u00e0-H\u1ed3-ivivu.jpg\" alt=\"th\u00e0nh-nh\u00e0-H\u1ed3-ivivu\" width=\"1080\" height=\"1350\" srcset=\"https:\/\/cdn3.ivivu.com\/2023\/08\/th\u00e0nh-nh\u00e0-H\u1ed3-ivivu.jpg 1080w, https:\/\/cdn3.ivivu.com\/2023\/08\/th\u00e0nh-nh\u00e0-H\u1ed3-ivivu-244x305.jpg 244w, https:\/\/cdn3.ivivu.com\/2023\/08\/th\u00e0nh-nh\u00e0-H\u1ed3-ivivu-819x1024.jpg 819w\" sizes=\"(max-width: 1080px) 100vw, 1080px\" \/><\/a><p id=\"caption-attachment-426897\" class=\"wp-caption-text\">\u1ea2nh: @zoeyy_4ever<\/p><\/div>\n<p style=\"text-align: justify;\"><strong>Th\u00e1nh \u0111\u1ecba M\u1ef9 S\u01a1n<\/strong><\/p>\n<p style=\"text-align: justify;\">Th\u00e1nh \u0111\u1ecba M\u1ef9 S\u01a1n l\u00e0 <strong><em>di s\u1ea3n v\u0103n h\u00f3a v\u1eadt th\u1ec3 Vi\u1ec7t Nam<\/em><\/strong> \u0111\u01b0\u1ee3c UNESCO c\u00f4ng nh\u1eadn l\u00e0 di s\u1ea3n th\u1ebf gi\u1edbi n\u1eb1m \u1edf huy\u1ec7n Duy Xuy\u00ean, t\u1ec9nh Qu\u1ea3ng Nam. \u0110\u00e2y l\u00e0 m\u1ed9t trong nh\u1eefng qu\u1ea7n th\u1ec3 di s\u1ea3n v\u0103n h\u00f3a l\u1edbn nh\u1ea5t \u0110\u00f4ng Nam \u00c1, \u0111\u01b0\u1ee3c x\u00e2y d\u1ef1ng t\u1eeb th\u1ebf k\u1ef7 4 \u0111\u1ebfn th\u1ebf k\u1ef7 13 trong th\u1eddi k\u1ef3 c\u1ee7a v\u01b0\u01a1ng qu\u1ed1c Ch\u0103m Pa.<\/p>\n<p style=\"text-align: justify;\"><a href=\"https:\/\/cdn3.ivivu.com\/2023\/08\/di-san-van-hoa-vat-the-viet-nam-ivivu-9.jpg\"><img loading=\"lazy\" decoding=\"async\" class=\" size-full wp-image-426138 aligncenter\" src=\"https:\/\/cdn3.ivivu.com\/2023\/08\/di-san-van-hoa-vat-the-viet-nam-ivivu-9.jpg\" alt=\"di-san-van-hoa-vat-the-viet-nam-ivivu-9\" width=\"640\" height=\"640\" srcset=\"https:\/\/cdn3.ivivu.com\/2023\/08\/di-san-van-hoa-vat-the-viet-nam-ivivu-9.jpg 640w, https:\/\/cdn3.ivivu.com\/2023\/08\/di-san-van-hoa-vat-the-viet-nam-ivivu-9-305x305.jpg 305w, https:\/\/cdn3.ivivu.com\/2023\/08\/di-san-van-hoa-vat-the-viet-nam-ivivu-9-75x75.jpg 75w\" sizes=\"(max-width: 640px) 100vw, 640px\" \/><\/a><\/p>\n<p style=\"text-align: justify;\"><a href=\"https:\/\/cdn3.ivivu.com\/2023\/08\/di-san-van-hoa-vat-the-viet-nam-ivivu-12.jpg\"><img loading=\"lazy\" decoding=\"async\" class=\" size-full wp-image-426141 aligncenter\" src=\"https:\/\/cdn3.ivivu.com\/2023\/08\/di-san-van-hoa-vat-the-viet-nam-ivivu-12.jpg\" alt=\"di-san-van-hoa-vat-the-viet-nam-ivivu-12\" width=\"680\" height=\"384\" srcset=\"https:\/\/cdn3.ivivu.com\/2023\/08\/di-san-van-hoa-vat-the-viet-nam-ivivu-12.jpg 680w, https:\/\/cdn3.ivivu.com\/2023\/08\/di-san-van-hoa-vat-the-viet-nam-ivivu-12-250x142.jpg 250w, https:\/\/cdn3.ivivu.com\/2023\/08\/di-san-van-hoa-vat-the-viet-nam-ivivu-12-540x305.jpg 540w, https:\/\/cdn3.ivivu.com\/2023\/08\/di-san-van-hoa-vat-the-viet-nam-ivivu-12-225x127.jpg 225w, https:\/\/cdn3.ivivu.com\/2023\/08\/di-san-van-hoa-vat-the-viet-nam-ivivu-12-370x208.jpg 370w, https:\/\/cdn3.ivivu.com\/2023\/08\/di-san-van-hoa-vat-the-viet-nam-ivivu-12-50x28.jpg 50w, https:\/\/cdn3.ivivu.com\/2023\/08\/di-san-van-hoa-vat-the-viet-nam-ivivu-12-107x60.jpg 107w, https:\/\/cdn3.ivivu.com\/2023\/08\/di-san-van-hoa-vat-the-viet-nam-ivivu-12-195x110.jpg 195w, https:\/\/cdn3.ivivu.com\/2023\/08\/di-san-van-hoa-vat-the-viet-nam-ivivu-12-220x125.jpg 220w, https:\/\/cdn3.ivivu.com\/2023\/08\/di-san-van-hoa-vat-the-viet-nam-ivivu-12-400x225.jpg 400w, https:\/\/cdn3.ivivu.com\/2023\/08\/di-san-van-hoa-vat-the-viet-nam-ivivu-12-140x80.jpg 140w\" sizes=\"(max-width: 680px) 100vw, 680px\" \/><\/a>M\u1ef9 S\u01a1n l\u00e0 trung t\u00e2m t\u00f4n gi\u00e1o quan tr\u1ecdng c\u1ee7a v\u01b0\u01a1ng qu\u1ed1c Ch\u0103m Pa, n\u01a1i t\u1ed5 ch\u1ee9c c\u00e1c nghi l\u1ec5 t\u00f4n gi\u00e1o v\u00e0 l\u00e0 n\u01a1i an t\u00e1ng c\u00e1c vua ch\u00faa. Khu di s\u1ea3n n\u00e0y bao g\u1ed3m h\u01a1n 70 \u0111\u1ec1n th\u00e1p, \u0111i\u1ec7n th\u1edd, b\u1ee9c b\u00ecnh phong v\u00e0 c\u00e1c c\u00f4ng tr\u00ecnh ph\u1ee5 tr\u1ee3 kh\u00e1c. C\u00e1c c\u00f4ng tr\u00ecnh ch\u1ee7 y\u1ebfu \u0111\u01b0\u1ee3c x\u00e2y d\u1ef1ng b\u1eb1ng \u0111\u00e1 v\u00f4i v\u1edbi nh\u1eefng h\u1ecda ti\u1ebft tinh x\u1ea3o th\u1ec3 hi\u1ec7n s\u1ef1 ph\u00e1t tri\u1ec3n c\u1ee7a ngh\u1ec7 thu\u1eadt \u0111i\u00eau kh\u1eafc Ch\u0103m Pa.<\/p>\n<p style=\"text-align: justify;\"><a href=\"https:\/\/cdn3.ivivu.com\/2023\/08\/di-san-van-hoa-vat-the-viet-nam-ivivu-10.jpg\"><img loading=\"lazy\" decoding=\"async\" class=\" size-full wp-image-426139 aligncenter\" src=\"https:\/\/cdn3.ivivu.com\/2023\/08\/di-san-van-hoa-vat-the-viet-nam-ivivu-10.jpg\" alt=\"di-san-van-hoa-vat-the-viet-nam-ivivu-10\" width=\"640\" height=\"640\" srcset=\"https:\/\/cdn3.ivivu.com\/2023\/08\/di-san-van-hoa-vat-the-viet-nam-ivivu-10.jpg 640w, https:\/\/cdn3.ivivu.com\/2023\/08\/di-san-van-hoa-vat-the-viet-nam-ivivu-10-305x305.jpg 305w, https:\/\/cdn3.ivivu.com\/2023\/08\/di-san-van-hoa-vat-the-viet-nam-ivivu-10-75x75.jpg 75w\" sizes=\"(max-width: 640px) 100vw, 640px\" \/><\/a><\/p>\n<p style=\"text-align: justify;\"><a href=\"https:\/\/cdn3.ivivu.com\/2023\/08\/di-san-van-hoa-vat-the-viet-nam-ivivu-11.jpg\"><img loading=\"lazy\" decoding=\"async\" class=\" size-full wp-image-426140 aligncenter\" src=\"https:\/\/cdn3.ivivu.com\/2023\/08\/di-san-van-hoa-vat-the-viet-nam-ivivu-11.jpg\" alt=\"di-san-van-hoa-vat-the-viet-nam-ivivu-11\" width=\"680\" height=\"382\" srcset=\"https:\/\/cdn3.ivivu.com\/2023\/08\/di-san-van-hoa-vat-the-viet-nam-ivivu-11.jpg 680w, https:\/\/cdn3.ivivu.com\/2023\/08\/di-san-van-hoa-vat-the-viet-nam-ivivu-11-540x303.jpg 540w, https:\/\/cdn3.ivivu.com\/2023\/08\/di-san-van-hoa-vat-the-viet-nam-ivivu-11-225x127.jpg 225w, https:\/\/cdn3.ivivu.com\/2023\/08\/di-san-van-hoa-vat-the-viet-nam-ivivu-11-370x208.jpg 370w, https:\/\/cdn3.ivivu.com\/2023\/08\/di-san-van-hoa-vat-the-viet-nam-ivivu-11-50x28.jpg 50w, https:\/\/cdn3.ivivu.com\/2023\/08\/di-san-van-hoa-vat-the-viet-nam-ivivu-11-107x60.jpg 107w, https:\/\/cdn3.ivivu.com\/2023\/08\/di-san-van-hoa-vat-the-viet-nam-ivivu-11-195x110.jpg 195w, https:\/\/cdn3.ivivu.com\/2023\/08\/di-san-van-hoa-vat-the-viet-nam-ivivu-11-220x125.jpg 220w, https:\/\/cdn3.ivivu.com\/2023\/08\/di-san-van-hoa-vat-the-viet-nam-ivivu-11-400x225.jpg 400w, https:\/\/cdn3.ivivu.com\/2023\/08\/di-san-van-hoa-vat-the-viet-nam-ivivu-11-140x80.jpg 140w\" sizes=\"(max-width: 680px) 100vw, 680px\" \/><\/a><strong>Ph\u1ed1 c\u1ed5 H\u1ed9i An<\/strong><\/p>\n<p style=\"text-align: justify;\">Ph\u1ed1 c\u1ed5 H\u1ed9i An l\u00e0 <em>di s\u1ea3n v\u0103n h\u00f3a v\u1eadt th\u1ec3 Vi\u1ec7t Nam<\/em> \u0111\u00e3 \u0111\u01b0\u1ee3c UNESCO c\u00f4ng nh\u1eadn l\u00e0 di s\u1ea3n v\u0103n h\u00f3a th\u1ebf gi\u1edbi v\u00e0o n\u0103m 1999. H\u1ed9i An t\u1eebng l\u00e0 m\u1ed9t th\u01b0\u01a1ng c\u1ea3ng s\u1ea7m u\u1ea5t t\u1eeb th\u1ebf k\u1ef7 15 \u0111\u1ebfn th\u1ebf k\u1ef7 19, l\u00e0 n\u01a1i giao th\u01b0\u01a1ng c\u1ee7a c\u00e1c th\u01b0\u01a1ng nh\u00e2n \u0111\u1ebfn t\u1eeb nhi\u1ec1u qu\u1ed1c gia tr\u00ean th\u1ebf gi\u1edbi nh\u01b0 Nh\u1eadt B\u1ea3n, Trung Qu\u1ed1c, B\u1ed3 \u0110\u00e0o Nha, H\u00e0 Lan, Anh&#8230; \u0110\u1ebfn nay, ph\u1ed1 c\u1ed5 v\u1eabn gi\u1eef \u0111\u01b0\u1ee3c v\u1ebb \u0111\u1eb9p tr\u1ea7m m\u1eb7c, y\u00ean b\u00ecnh v\u1edbi nh\u1eefng con ph\u1ed1 nh\u1ecf, nh\u1eefng ng\u00f4i nh\u00e0 c\u1ed5 k\u00ednh, c\u00e1c h\u00e0ng qu\u00e1n v\u00e0 c\u1eeda h\u00e0ng th\u1ee7 c\u00f4ng m\u1ef9 ngh\u1ec7.<\/p>\n<p style=\"text-align: justify;\"><a href=\"https:\/\/cdn3.ivivu.com\/2023\/08\/ph\u1ed1-c\u1ed5-h\u1ed9i-an-ivivu.jpg\"><img loading=\"lazy\" decoding=\"async\" class=\"alignnone size-full wp-image-426898\" src=\"https:\/\/cdn3.ivivu.com\/2023\/08\/ph\u1ed1-c\u1ed5-h\u1ed9i-an-ivivu.jpg\" alt=\"ph\u1ed1-c\u1ed5-h\u1ed9i-an-ivivu\" width=\"1385\" height=\"779\" srcset=\"https:\/\/cdn3.ivivu.com\/2023\/08\/ph\u1ed1-c\u1ed5-h\u1ed9i-an-ivivu.jpg 1385w, https:\/\/cdn3.ivivu.com\/2023\/08\/ph\u1ed1-c\u1ed5-h\u1ed9i-an-ivivu-250x142.jpg 250w, https:\/\/cdn3.ivivu.com\/2023\/08\/ph\u1ed1-c\u1ed5-h\u1ed9i-an-ivivu-540x305.jpg 540w, https:\/\/cdn3.ivivu.com\/2023\/08\/ph\u1ed1-c\u1ed5-h\u1ed9i-an-ivivu-1024x576.jpg 1024w, https:\/\/cdn3.ivivu.com\/2023\/08\/ph\u1ed1-c\u1ed5-h\u1ed9i-an-ivivu-750x422.jpg 750w, https:\/\/cdn3.ivivu.com\/2023\/08\/ph\u1ed1-c\u1ed5-h\u1ed9i-an-ivivu-225x127.jpg 225w, https:\/\/cdn3.ivivu.com\/2023\/08\/ph\u1ed1-c\u1ed5-h\u1ed9i-an-ivivu-370x208.jpg 370w, https:\/\/cdn3.ivivu.com\/2023\/08\/ph\u1ed1-c\u1ed5-h\u1ed9i-an-ivivu-50x28.jpg 50w, https:\/\/cdn3.ivivu.com\/2023\/08\/ph\u1ed1-c\u1ed5-h\u1ed9i-an-ivivu-107x60.jpg 107w, https:\/\/cdn3.ivivu.com\/2023\/08\/ph\u1ed1-c\u1ed5-h\u1ed9i-an-ivivu-195x110.jpg 195w, https:\/\/cdn3.ivivu.com\/2023\/08\/ph\u1ed1-c\u1ed5-h\u1ed9i-an-ivivu-220x125.jpg 220w, https:\/\/cdn3.ivivu.com\/2023\/08\/ph\u1ed1-c\u1ed5-h\u1ed9i-an-ivivu-400x225.jpg 400w, https:\/\/cdn3.ivivu.com\/2023\/08\/ph\u1ed1-c\u1ed5-h\u1ed9i-an-ivivu-140x80.jpg 140w\" sizes=\"(max-width: 1385px) 100vw, 1385px\" \/><\/a><\/p>\n<p style=\"text-align: justify;\"><a href=\"https:\/\/cdn3.ivivu.com\/2023\/08\/di-san-van-hoa-vat-the-viet-nam-ivivu-14.jpg\"><img loading=\"lazy\" decoding=\"async\" class=\" size-full wp-image-426148 aligncenter\" src=\"https:\/\/cdn3.ivivu.com\/2023\/08\/di-san-van-hoa-vat-the-viet-nam-ivivu-14.jpg\" alt=\"di-san-van-hoa-vat-the-viet-nam-ivivu-14\" width=\"640\" height=\"483\" srcset=\"https:\/\/cdn3.ivivu.com\/2023\/08\/di-san-van-hoa-vat-the-viet-nam-ivivu-14.jpg 640w, https:\/\/cdn3.ivivu.com\/2023\/08\/di-san-van-hoa-vat-the-viet-nam-ivivu-14-404x305.jpg 404w\" sizes=\"(max-width: 640px) 100vw, 640px\" \/><\/a><a href=\"https:\/\/cdn3.ivivu.com\/2023\/08\/ph\u1ed1-c\u1ed5-h\u1ed9i-an-ivivu-2.jpg\"><img loading=\"lazy\" decoding=\"async\" class=\"alignnone size-full wp-image-426899\" src=\"https:\/\/cdn3.ivivu.com\/2023\/08\/ph\u1ed1-c\u1ed5-h\u1ed9i-an-ivivu-2.jpg\" alt=\"ph\u1ed1-c\u1ed5-h\u1ed9i-an-ivivu-2\" width=\"800\" height=\"532\" srcset=\"https:\/\/cdn3.ivivu.com\/2023\/08\/ph\u1ed1-c\u1ed5-h\u1ed9i-an-ivivu-2.jpg 800w, https:\/\/cdn3.ivivu.com\/2023\/08\/ph\u1ed1-c\u1ed5-h\u1ed9i-an-ivivu-2-459x305.jpg 459w\" sizes=\"(max-width: 800px) 100vw, 800px\" \/><\/a><\/p>\n<p style=\"text-align: justify;\"><strong>Qu\u1ea7n th\u1ec3 di t\u00edch c\u1ed1 \u0111\u00f4 Hu\u1ebf<\/strong><\/p>\n<p style=\"text-align: justify;\">Qu\u1ea7n th\u1ec3 di t\u00edch c\u1ed1 \u0111\u00f4 Hu\u1ebf \u0111\u01b0\u1ee3c UNESCO c\u00f4ng nh\u1eadn l\u00e0 di s\u1ea3n v\u0103n h\u00f3a th\u1ebf gi\u1edbi v\u00e0o n\u0103m 1993. \u0110\u00e2y l\u00e0 kinh \u0111\u00f4 c\u1ee7a Vi\u1ec7t Nam trong th\u1eddi k\u1ef3 t\u1eeb 1802 \u0111\u1ebfn 1945 d\u01b0\u1edbi tri\u1ec1u \u0111\u1ea1i c\u1ee7a c\u00e1c v\u1ecb vua nh\u00e0 Nguy\u1ec5n. C\u1ed1 \u0111\u00f4 Hu\u1ebf bao g\u1ed3m h\u01a1n 140 c\u01a1 s\u1edf, g\u1ed3m c\u1ea3 c\u00e1c cung \u0111i\u1ec7n, l\u0103ng m\u1ed9, ch\u00f9a, v\u00e0 c\u00f4ng tr\u00ecnh ki\u1ebfn tr\u00fac kh\u00e1c. M\u1ed9t s\u1ed1 c\u00f4ng tr\u00ecnh n\u1ed5i b\u1eadt nh\u01b0 ho\u00e0ng th\u00e0nh Hu\u1ebf (g\u1ed3m kinh th\u00e0nh, ho\u00e0ng th\u00e0nh v\u00e0 t\u1eed c\u1ea5m th\u00e0nh), c\u00e1c l\u0103ng m\u1ed9 ho\u00e0ng gia v\u00e0 nh\u1eefng ng\u00f4i ch\u00f9a c\u1ed5.<\/p>\n<div id=\"attachment_426150\" style=\"width: 650px\" class=\"wp-caption aligncenter\"><a href=\"https:\/\/cdn3.ivivu.com\/2023\/08\/di-san-van-hoa-vat-the-viet-nam-ivivu-15.jpg\"><img loading=\"lazy\" decoding=\"async\" aria-describedby=\"caption-attachment-426150\" class=\"size-full wp-image-426150\" src=\"https:\/\/cdn3.ivivu.com\/2023\/08\/di-san-van-hoa-vat-the-viet-nam-ivivu-15.jpg\" alt=\"\u1ea2nh: @lennn_jj\" width=\"640\" height=\"728\" srcset=\"https:\/\/cdn3.ivivu.com\/2023\/08\/di-san-van-hoa-vat-the-viet-nam-ivivu-15.jpg 640w, https:\/\/cdn3.ivivu.com\/2023\/08\/di-san-van-hoa-vat-the-viet-nam-ivivu-15-268x305.jpg 268w\" sizes=\"(max-width: 640px) 100vw, 640px\" \/><\/a><p id=\"caption-attachment-426150\" class=\"wp-caption-text\">\u1ea2nh: @lennn_jj<\/p><\/div>\n<div id=\"attachment_426151\" style=\"width: 650px\" class=\"wp-caption aligncenter\"><a href=\"https:\/\/cdn3.ivivu.com\/2023\/08\/di-san-van-hoa-vat-the-viet-nam-ivivu-16.jpg\"><img loading=\"lazy\" decoding=\"async\" aria-describedby=\"caption-attachment-426151\" class=\"size-full wp-image-426151\" src=\"https:\/\/cdn3.ivivu.com\/2023\/08\/di-san-van-hoa-vat-the-viet-nam-ivivu-16.jpg\" alt=\"\u1ea2nh: @fbk1184\" width=\"640\" height=\"426\" srcset=\"https:\/\/cdn3.ivivu.com\/2023\/08\/di-san-van-hoa-vat-the-viet-nam-ivivu-16.jpg 640w, https:\/\/cdn3.ivivu.com\/2023\/08\/di-san-van-hoa-vat-the-viet-nam-ivivu-16-458x305.jpg 458w\" sizes=\"(max-width: 640px) 100vw, 640px\" \/><\/a><p id=\"caption-attachment-426151\" class=\"wp-caption-text\">\u1ea2nh: @fbk1184<\/p><\/div>\n<p><a href=\"https:\/\/cdn3.ivivu.com\/2023\/08\/c\u1ed5ng-ng\u1ecd-m\u00f4n-ivivu.jpeg\"><img loading=\"lazy\" decoding=\"async\" class=\"alignnone size-full wp-image-426900\" src=\"https:\/\/cdn3.ivivu.com\/2023\/08\/c\u1ed5ng-ng\u1ecd-m\u00f4n-ivivu.jpeg\" alt=\"c\u1ed5ng-ng\u1ecd-m\u00f4n-ivivu\" width=\"841\" height=\"588\" srcset=\"https:\/\/cdn3.ivivu.com\/2023\/08\/c\u1ed5ng-ng\u1ecd-m\u00f4n-ivivu.jpeg 841w, https:\/\/cdn3.ivivu.com\/2023\/08\/c\u1ed5ng-ng\u1ecd-m\u00f4n-ivivu-436x305.jpeg 436w, https:\/\/cdn3.ivivu.com\/2023\/08\/c\u1ed5ng-ng\u1ecd-m\u00f4n-ivivu-50x35.jpeg 50w\" sizes=\"(max-width: 841px) 100vw, 841px\" \/><\/a><\/p>\n<p style=\"text-align: justify;\"><strong>Qu\u1ea7n th\u1ec3 danh th\u1eafng Tr\u00e0ng An, Ninh B\u00ecnh<\/strong><\/p>\n<p style=\"text-align: justify;\">Qu\u1ea7n th\u1ec3 danh th\u1eafng Tr\u00e0ng An n\u1eb1m \u1edf huy\u1ec7n Hoa L\u01b0, l\u00e0 m\u1ed9t qu\u1ea7n th\u1ec3 di s\u1ea3n \u0111\u1ed9c \u0111\u00e1o g\u1ed3m c\u1ea3 di s\u1ea3n v\u0103n h\u00f3a v\u00e0 t\u1ef1 nhi\u00ean, \u0111\u01b0\u1ee3c UNESCO c\u00f4ng nh\u1eadn l\u00e0 di s\u1ea3n th\u1ebf gi\u1edbi h\u1ed7n h\u1ee3p v\u00e0o n\u0103m 2014. Tr\u00e0ng An \u0111\u01b0\u1ee3c bi\u1ebft \u0111\u1ebfn v\u1edbi v\u1ebb \u0111\u1eb9p n\u00ean th\u01a1 c\u1ee7a n\u00fai non h\u00f9ng v\u0129, h\u1ec7 th\u1ed1ng hang \u0111\u1ed9ng n\u01b0\u1edbc, hang \u0111\u1ed9ng c\u1ea1n, c\u00e1c \u0111\u1ec1n, ch\u00f9a v\u00e0 l\u0103ng m\u1ed9 c\u1ed5. Tr\u1ea3i qua h\u00e0ng ngh\u00ecn n\u0103m, thi\u00ean nhi\u00ean \u0111\u00e3 t\u1ea1o n\u00ean cho Tr\u00e0ng An v\u1ebb \u0111\u1eb9p hoang s\u01a1, v\u00f4 c\u00f9ng th\u01a1 m\u1ed9ng v\u00e0 b\u00ed \u1ea9n.<\/p>\n<p style=\"text-align: justify;\"><a href=\"https:\/\/cdn3.ivivu.com\/2023\/08\/di-san-van-hoa-vat-the-viet-nam-ivivu-18.jpg\"><img loading=\"lazy\" decoding=\"async\" class=\" size-full wp-image-426153 aligncenter\" src=\"https:\/\/cdn3.ivivu.com\/2023\/08\/di-san-van-hoa-vat-the-viet-nam-ivivu-18.jpg\" alt=\"di-san-van-hoa-vat-the-viet-nam-ivivu-18\" width=\"680\" height=\"383\" srcset=\"https:\/\/cdn3.ivivu.com\/2023\/08\/di-san-van-hoa-vat-the-viet-nam-ivivu-18.jpg 680w, https:\/\/cdn3.ivivu.com\/2023\/08\/di-san-van-hoa-vat-the-viet-nam-ivivu-18-250x142.jpg 250w, https:\/\/cdn3.ivivu.com\/2023\/08\/di-san-van-hoa-vat-the-viet-nam-ivivu-18-540x305.jpg 540w, https:\/\/cdn3.ivivu.com\/2023\/08\/di-san-van-hoa-vat-the-viet-nam-ivivu-18-225x127.jpg 225w, https:\/\/cdn3.ivivu.com\/2023\/08\/di-san-van-hoa-vat-the-viet-nam-ivivu-18-370x208.jpg 370w, https:\/\/cdn3.ivivu.com\/2023\/08\/di-san-van-hoa-vat-the-viet-nam-ivivu-18-50x28.jpg 50w, https:\/\/cdn3.ivivu.com\/2023\/08\/di-san-van-hoa-vat-the-viet-nam-ivivu-18-107x60.jpg 107w, https:\/\/cdn3.ivivu.com\/2023\/08\/di-san-van-hoa-vat-the-viet-nam-ivivu-18-195x110.jpg 195w, https:\/\/cdn3.ivivu.com\/2023\/08\/di-san-van-hoa-vat-the-viet-nam-ivivu-18-220x125.jpg 220w, https:\/\/cdn3.ivivu.com\/2023\/08\/di-san-van-hoa-vat-the-viet-nam-ivivu-18-400x225.jpg 400w, https:\/\/cdn3.ivivu.com\/2023\/08\/di-san-van-hoa-vat-the-viet-nam-ivivu-18-140x80.jpg 140w\" sizes=\"(max-width: 680px) 100vw, 680px\" \/><\/a><\/p>\n<p style=\"text-align: left;\"><a href=\"https:\/\/cdn3.ivivu.com\/2023\/08\/di-san-van-hoa-vat-the-viet-nam-ivivu-20.jpg\"><img loading=\"lazy\" decoding=\"async\" class=\" size-full wp-image-426158 aligncenter\" src=\"https:\/\/cdn3.ivivu.com\/2023\/08\/di-san-van-hoa-vat-the-viet-nam-ivivu-20.jpg\" alt=\"di-san-van-hoa-vat-the-viet-nam-ivivu-20\" width=\"680\" height=\"510\" srcset=\"https:\/\/cdn3.ivivu.com\/2023\/08\/di-san-van-hoa-vat-the-viet-nam-ivivu-20.jpg 680w, https:\/\/cdn3.ivivu.com\/2023\/08\/di-san-van-hoa-vat-the-viet-nam-ivivu-20-407x305.jpg 407w\" sizes=\"(max-width: 680px) 100vw, 680px\" \/><\/a><a href=\"https:\/\/cdn3.ivivu.com\/2023\/08\/Qu\u1ea7n-th\u1ec3-danh-th\u1eafng-Tr\u00e0ng-An-ivivu.jpg\"><img loading=\"lazy\" decoding=\"async\" class=\"alignnone size-full wp-image-426901\" src=\"https:\/\/cdn3.ivivu.com\/2023\/08\/Qu\u1ea7n-th\u1ec3-danh-th\u1eafng-Tr\u00e0ng-An-ivivu.jpg\" alt=\"Qu\u1ea7n-th\u1ec3-danh-th\u1eafng-Tr\u00e0ng-An-ivivu\" width=\"1200\" height=\"779\" srcset=\"https:\/\/cdn3.ivivu.com\/2023\/08\/Qu\u1ea7n-th\u1ec3-danh-th\u1eafng-Tr\u00e0ng-An-ivivu.jpg 1200w, https:\/\/cdn3.ivivu.com\/2023\/08\/Qu\u1ea7n-th\u1ec3-danh-th\u1eafng-Tr\u00e0ng-An-ivivu-470x305.jpg 470w, https:\/\/cdn3.ivivu.com\/2023\/08\/Qu\u1ea7n-th\u1ec3-danh-th\u1eafng-Tr\u00e0ng-An-ivivu-1024x665.jpg 1024w\" sizes=\"(max-width: 1200px) 100vw, 1200px\" \/><\/a><\/p>\n<p style=\"text-align: right;\"><em><strong>Theo iVIVU.com<\/strong><\/em><\/p>\n<p style=\"text-align: justify;\"><div class=\"ltt-contentbox white\"><\/span><\/p>\n<p style=\"text-align: justify;\"><strong>Xem th\u00eam b\u00e0i vi\u1ebft:<\/strong><\/p>\n<p style=\"text-align: justify;\"><strong><a href=\"https:\/\/www.ivivu.com\/blog\/2023\/08\/8-mon-an-ngon-o-ninh-binh-khien-thuc-khach-nho-mai\/\" target=\"_blank\">8 m\u00f3n \u0103n ngon \u1edf Ninh B\u00ecnh khi\u1ebfn th\u1ef1c kh\u00e1ch nh\u1edb m\u00e3i<\/a><\/strong><\/p>\n<p style=\"text-align: justify;\"><strong><a href=\"https:\/\/www.ivivu.com\/blog\/2023\/07\/top-6-khu-nghi-duong-da-nang-5-sao-cho-ky-nghi-he-tran-day-nang-luong\/\" target=\"_blank\">Top 6 khu ngh\u1ec9 d\u01b0\u1ee1ng \u0110\u00e0 N\u1eb5ng 5 sao cho k\u1ef3 ngh\u1ec9 h\u00e8 tr\u00e0n \u0111\u1ea7y n\u0103ng l\u01b0\u1ee3ng<\/a><\/strong><\/p>\n<p style=\"text-align: justify;\"><strong><a href=\"https:\/\/www.ivivu.com\/blog\/2023\/07\/avana-retreat-mai-chau-nghi-duong-giua-hoang-so-nui-rung-dep-nhu-tranh-ve\/\" target=\"_blank\">Avana Retreat Mai Ch\u00e2u \u2013 Ngh\u1ec9 d\u01b0\u1ee1ng gi\u1eefa hoang s\u01a1 n\u00fai r\u1eebng \u0111\u1eb9p nh\u01b0 tranh v\u1ebd<\/a><\/strong><\/div><\/p>\n<h3 style=\"text-align: center;\"><div class=\"ltt-contentbox white\"><\/span><strong>Click \u0111\u1eb7t ngay\u00a0<a href=\"https:\/\/www.ivivu.com\/?utm_source=blog_ivivu&amp;utm_medium=post_link&amp;utm_campaign=internal\" target=\"_blank\">kh\u00e1ch s\u1ea1n Vi\u1ec7t Nam v\u00e0 to\u00e0n th\u1ebf gi\u1edbi<\/a>\u00a0gi\u00e1 t\u1ed1t nh\u1ea5t ch\u1ec9 c\u00f3 t\u1ea1i iVIVU.com!<\/strong><\/div><\/h3>\n<p>***<\/p>\n<p><strong>Tham kh\u1ea3o:\u00a0<a href=\"https:\/\/www.ivivu.com\/blog\" target=\"_blank\">C\u1ea9m nang du l\u1ecbch iVIVU.com<\/a><\/strong><\/p>\n","protected":false},"excerpt":{"rendered":"<p>V\u1edbi b\u1ec1 d\u00e0y v\u0103n h\u00f3a v\u00e0 l\u1ecbch s\u1eed h\u00e0ng ng\u00e0n n\u0103m, n\u01b0\u1edbc ta \u0111\u00e3 l\u01b0u gi\u1eef nhi\u1ec1u di s\u1ea3n \u0111\u1ed9c \u0111\u00e1o, trong \u0111\u00f3 c\u00f3 6 di s\u1ea3n v\u0103n h\u00f3a v\u1eadt th\u1ec3 Vi\u1ec7t Nam t\u1ef1 h\u00e0o \u0111\u01b0\u1ee3c UNESCO c\u00f4ng nh\u1eadn l\u00e0&#8230;<\/p>\n","protected":false},"author":64,"featured_media":426902,"comment_status":"closed","ping_status":"open","sticky":false,"template":"","format":"standard","meta":{"_acf_changed":false,"footnotes":""},"categories":[229,795,14742],"tags":[1172,490,315,922,397,12590,5735,1215,291,209],"acf":[],"yoast_head":"<!-- This site is optimized with the Yoast SEO Premium plugin v22.6 (Yoast SEO v22.6) - https:\/\/yoast.com\/wordpress\/plugins\/seo\/ -->\n<title>Nh\u1eefng di s\u1ea3n v\u0103n h\u00f3a v\u1eadt th\u1ec3 Vi\u1ec7t Nam \u0111\u01b0\u1ee3c UNESCO c\u00f4ng nh\u1eadn - iVIVU.com<\/title>\n<meta name=\"description\" content=\"V\u1edbi b\u1ec1 d\u00e0y v\u0103n h\u00f3a v\u00e0 l\u1ecbch s\u1eed h\u00e0ng ng\u00e0n n\u0103m, n\u01b0\u1edbc ta \u0111\u00e3 l\u01b0u gi\u1eef nhi\u1ec1u di s\u1ea3n \u0111\u1ed9c \u0111\u00e1o, trong \u0111\u00f3 c\u00f3 6 di s\u1ea3n v\u0103n h\u00f3a v\u1eadt th\u1ec3 Vi\u1ec7t Nam t\u1ef1 h\u00e0o \u0111\u01b0\u1ee3c UNESCO c\u00f4ng nh\u1eadn l\u00e0 di s\u1ea3n v\u0103n h\u00f3a th\u1ebf gi\u1edbi.\" \/>\n<meta name=\"robots\" content=\"index, follow, max-snippet:-1, max-image-preview:large, max-video-preview:-1\" \/>\n<link rel=\"canonical\" href=\"https:\/\/www.ivivu.com\/blog\/2023\/08\/nhung-di-san-van-hoa-vat-the-viet-nam-duoc-unesco-cong-nhan\/\" \/>\n<meta name=\"twitter:label1\" content=\"\u0110\u01b0\u1ee3c vi\u1ebft b\u1edfi\" \/>\n\t<meta name=\"twitter:data1\" content=\"B\u00edch Tr\u00e2m Ch\u00e2u Th\u1ecb\" \/>\n\t<meta name=\"twitter:label2\" content=\"\u01af\u1edbc t\u00ednh th\u1eddi gian \u0111\u1ecdc\" \/>\n\t<meta name=\"twitter:data2\" content=\"8 ph\u00fat\" \/>\n<script type=\"application\/ld+json\" class=\"yoast-schema-graph\">{\"@context\":\"https:\/\/schema.org\",\"@graph\":[{\"@type\":\"Article\",\"@id\":\"https:\/\/www.ivivu.com\/blog\/2023\/08\/nhung-di-san-van-hoa-vat-the-viet-nam-duoc-unesco-cong-nhan\/#article\",\"isPartOf\":{\"@id\":\"https:\/\/www.ivivu.com\/blog\/2023\/08\/nhung-di-san-van-hoa-vat-the-viet-nam-duoc-unesco-cong-nhan\/\"},\"author\":{\"name\":\"B\u00edch Tr\u00e2m Ch\u00e2u Th\u1ecb\",\"@id\":\"https:\/\/www.ivivu.com\/blog\/#\/schema\/person\/5f2922ecdf4990921e5ce852233c0c13\"},\"headline\":\"Nh\u1eefng di s\u1ea3n v\u0103n h\u00f3a v\u1eadt th\u1ec3 Vi\u1ec7t Nam \u0111\u01b0\u1ee3c UNESCO c\u00f4ng nh\u1eadn\",\"datePublished\":\"2023-08-07T09:49:55+00:00\",\"dateModified\":\"2023-08-07T09:49:55+00:00\",\"mainEntityOfPage\":{\"@id\":\"https:\/\/www.ivivu.com\/blog\/2023\/08\/nhung-di-san-van-hoa-vat-the-viet-nam-duoc-unesco-cong-nhan\/\"},\"wordCount\":1579,\"publisher\":{\"@id\":\"https:\/\/www.ivivu.com\/blog\/#organization\"},\"image\":{\"@id\":\"https:\/\/www.ivivu.com\/blog\/2023\/08\/nhung-di-san-van-hoa-vat-the-viet-nam-duoc-unesco-cong-nhan\/#primaryimage\"},\"thumbnailUrl\":\"https:\/\/cdn3.ivivu.com\/2023\/08\/ho\u00e0ng-th\u00e0nh-Th\u0103ng-Long-ivivu-1-min.jpg\",\"keywords\":[\"c\u1ed1 \u0111\u00f4 Hu\u1ebf\",\"du l\u1ecbch H\u00e0 N\u1ed9i\",\"Du l\u1ecbch H\u1ed9i An\",\"du l\u1ecbch Hu\u1ebf\",\"Du l\u1ecbch Ninh B\u00ecnh\",\"Ho\u00e0ng Th\u00e0nh Th\u0103ng Long\",\"Ph\u1ed1 c\u1ed5 H\u1ed9i An\",\"Th\u00e1nh \u0111\u1ecba M\u1ef9 S\u01a1n\",\"th\u00e0nh nh\u00e0 h\u1ed3\",\"tr\u00e0ng an\"],\"articleSection\":[\"DU L\u1ecaCH VI\u1ec6T NAM\",\"\u0110i\u1ec3m \u0111\u1ebfn\",\"N\u1ed5i B\u1eadt 2\"],\"inLanguage\":\"vi\"},{\"@type\":\"WebPage\",\"@id\":\"https:\/\/www.ivivu.com\/blog\/2023\/08\/nhung-di-san-van-hoa-vat-the-viet-nam-duoc-unesco-cong-nhan\/\",\"url\":\"https:\/\/www.ivivu.com\/blog\/2023\/08\/nhung-di-san-van-hoa-vat-the-viet-nam-duoc-unesco-cong-nhan\/\",\"name\":\"Nh\u1eefng di s\u1ea3n v\u0103n h\u00f3a v\u1eadt th\u1ec3 Vi\u1ec7t Nam \u0111\u01b0\u1ee3c UNESCO c\u00f4ng nh\u1eadn - iVIVU.com\",\"isPartOf\":{\"@id\":\"https:\/\/www.ivivu.com\/blog\/#website\"},\"primaryImageOfPage\":{\"@id\":\"https:\/\/www.ivivu.com\/blog\/2023\/08\/nhung-di-san-van-hoa-vat-the-viet-nam-duoc-unesco-cong-nhan\/#primaryimage\"},\"image\":{\"@id\":\"https:\/\/www.ivivu.com\/blog\/2023\/08\/nhung-di-san-van-hoa-vat-the-viet-nam-duoc-unesco-cong-nhan\/#primaryimage\"},\"thumbnailUrl\":\"https:\/\/cdn3.ivivu.com\/2023\/08\/ho\u00e0ng-th\u00e0nh-Th\u0103ng-Long-ivivu-1-min.jpg\",\"datePublished\":\"2023-08-07T09:49:55+00:00\",\"dateModified\":\"2023-08-07T09:49:55+00:00\",\"description\":\"V\u1edbi b\u1ec1 d\u00e0y v\u0103n h\u00f3a v\u00e0 l\u1ecbch s\u1eed h\u00e0ng ng\u00e0n n\u0103m, n\u01b0\u1edbc ta \u0111\u00e3 l\u01b0u gi\u1eef nhi\u1ec1u di s\u1ea3n \u0111\u1ed9c \u0111\u00e1o, trong \u0111\u00f3 c\u00f3 6 di s\u1ea3n v\u0103n h\u00f3a v\u1eadt th\u1ec3 Vi\u1ec7t Nam t\u1ef1 h\u00e0o \u0111\u01b0\u1ee3c UNESCO c\u00f4ng nh\u1eadn l\u00e0 di s\u1ea3n v\u0103n h\u00f3a th\u1ebf gi\u1edbi.\",\"breadcrumb\":{\"@id\":\"https:\/\/www.ivivu.com\/blog\/2023\/08\/nhung-di-san-van-hoa-vat-the-viet-nam-duoc-unesco-cong-nhan\/#breadcrumb\"},\"inLanguage\":\"vi\",\"potentialAction\":[{\"@type\":\"ReadAction\",\"target\":[\"https:\/\/www.ivivu.com\/blog\/2023\/08\/nhung-di-san-van-hoa-vat-the-viet-nam-duoc-unesco-cong-nhan\/\"]}]},{\"@type\":\"ImageObject\",\"inLanguage\":\"vi\",\"@id\":\"https:\/\/www.ivivu.com\/blog\/2023\/08\/nhung-di-san-van-hoa-vat-the-viet-nam-duoc-unesco-cong-nhan\/#primaryimage\",\"url\":\"https:\/\/cdn3.ivivu.com\/2023\/08\/ho\u00e0ng-th\u00e0nh-Th\u0103ng-Long-ivivu-1-min.jpg\",\"contentUrl\":\"https:\/\/cdn3.ivivu.com\/2023\/08\/ho\u00e0ng-th\u00e0nh-Th\u0103ng-Long-ivivu-1-min.jpg\",\"width\":3840,\"height\":2560},{\"@type\":\"BreadcrumbList\",\"@id\":\"https:\/\/www.ivivu.com\/blog\/2023\/08\/nhung-di-san-van-hoa-vat-the-viet-nam-duoc-unesco-cong-nhan\/#breadcrumb\",\"itemListElement\":[{\"@type\":\"ListItem\",\"position\":1,\"name\":\"Home\",\"item\":\"https:\/\/www.ivivu.com\/blog\/\"},{\"@type\":\"ListItem\",\"position\":2,\"name\":\"Nh\u1eefng di s\u1ea3n v\u0103n h\u00f3a v\u1eadt th\u1ec3 Vi\u1ec7t Nam \u0111\u01b0\u1ee3c UNESCO c\u00f4ng nh\u1eadn\"}]},{\"@type\":\"WebSite\",\"@id\":\"https:\/\/www.ivivu.com\/blog\/#website\",\"url\":\"https:\/\/www.ivivu.com\/blog\/\",\"name\":\"C\u1ea9m nang du l\u1ecbch\",\"description\":\"\",\"publisher\":{\"@id\":\"https:\/\/www.ivivu.com\/blog\/#organization\"},\"potentialAction\":[{\"@type\":\"SearchAction\",\"target\":{\"@type\":\"EntryPoint\",\"urlTemplate\":\"https:\/\/www.ivivu.com\/blog\/?s={search_term_string}\"},\"query-input\":\"required name=search_term_string\"}],\"inLanguage\":\"vi\"},{\"@type\":\"Organization\",\"@id\":\"https:\/\/www.ivivu.com\/blog\/#organization\",\"name\":\"iVIVU.com\",\"url\":\"https:\/\/www.ivivu.com\/blog\/\",\"logo\":{\"@type\":\"ImageObject\",\"inLanguage\":\"vi\",\"@id\":\"https:\/\/www.ivivu.com\/blog\/#\/schema\/logo\/image\/\",\"url\":\"https:\/\/cdn3.ivivu.com\/2024\/01\/ivivu_no_slogan.png\",\"contentUrl\":\"https:\/\/cdn3.ivivu.com\/2024\/01\/ivivu_no_slogan.png\",\"width\":788,\"height\":565,\"caption\":\"iVIVU.com\"},\"image\":{\"@id\":\"https:\/\/www.ivivu.com\/blog\/#\/schema\/logo\/image\/\"},\"sameAs\":[\"https:\/\/www.facebook.com\/iVIVU\"]},{\"@type\":\"Person\",\"@id\":\"https:\/\/www.ivivu.com\/blog\/#\/schema\/person\/5f2922ecdf4990921e5ce852233c0c13\",\"name\":\"B\u00edch Tr\u00e2m Ch\u00e2u Th\u1ecb\",\"url\":\"https:\/\/www.ivivu.com\/blog\/author\/tramchau887\/\"}]}<\/script>\n<!-- \/ Yoast SEO Premium plugin. -->","yoast_head_json":{"title":"Nh\u1eefng di s\u1ea3n v\u0103n h\u00f3a v\u1eadt th\u1ec3 Vi\u1ec7t Nam \u0111\u01b0\u1ee3c UNESCO c\u00f4ng nh\u1eadn - iVIVU.com","description":"V\u1edbi b\u1ec1 d\u00e0y v\u0103n h\u00f3a v\u00e0 l\u1ecbch s\u1eed h\u00e0ng ng\u00e0n n\u0103m, n\u01b0\u1edbc ta \u0111\u00e3 l\u01b0u gi\u1eef nhi\u1ec1u di s\u1ea3n \u0111\u1ed9c \u0111\u00e1o, trong \u0111\u00f3 c\u00f3 6 di s\u1ea3n v\u0103n h\u00f3a v\u1eadt th\u1ec3 Vi\u1ec7t Nam t\u1ef1 h\u00e0o \u0111\u01b0\u1ee3c UNESCO c\u00f4ng nh\u1eadn l\u00e0 di s\u1ea3n v\u0103n h\u00f3a th\u1ebf gi\u1edbi.","robots":{"index":"index","follow":"follow","max-snippet":"max-snippet:-1","max-image-preview":"max-image-preview:large","max-video-preview":"max-video-preview:-1"},"canonical":"https:\/\/www.ivivu.com\/blog\/2023\/08\/nhung-di-san-van-hoa-vat-the-viet-nam-duoc-unesco-cong-nhan\/","twitter_misc":{"\u0110\u01b0\u1ee3c vi\u1ebft b\u1edfi":"B\u00edch Tr\u00e2m Ch\u00e2u Th\u1ecb","\u01af\u1edbc t\u00ednh th\u1eddi gian \u0111\u1ecdc":"8 ph\u00fat"},"schema":{"@context":"https:\/\/schema.org","@graph":[{"@type":"Article","@id":"https:\/\/www.ivivu.com\/blog\/2023\/08\/nhung-di-san-van-hoa-vat-the-viet-nam-duoc-unesco-cong-nhan\/#article","isPartOf":{"@id":"https:\/\/www.ivivu.com\/blog\/2023\/08\/nhung-di-san-van-hoa-vat-the-viet-nam-duoc-unesco-cong-nhan\/"},"author":{"name":"B\u00edch Tr\u00e2m Ch\u00e2u Th\u1ecb","@id":"https:\/\/www.ivivu.com\/blog\/#\/schema\/person\/5f2922ecdf4990921e5ce852233c0c13"},"headline":"Nh\u1eefng di s\u1ea3n v\u0103n h\u00f3a v\u1eadt th\u1ec3 Vi\u1ec7t Nam \u0111\u01b0\u1ee3c UNESCO c\u00f4ng nh\u1eadn","datePublished":"2023-08-07T09:49:55+00:00","dateModified":"2023-08-07T09:49:55+00:00","mainEntityOfPage":{"@id":"https:\/\/www.ivivu.com\/blog\/2023\/08\/nhung-di-san-van-hoa-vat-the-viet-nam-duoc-unesco-cong-nhan\/"},"wordCount":1579,"publisher":{"@id":"https:\/\/www.ivivu.com\/blog\/#organization"},"image":{"@id":"https:\/\/www.ivivu.com\/blog\/2023\/08\/nhung-di-san-van-hoa-vat-the-viet-nam-duoc-unesco-cong-nhan\/#primaryimage"},"thumbnailUrl":"https:\/\/cdn3.ivivu.com\/2023\/08\/ho\u00e0ng-th\u00e0nh-Th\u0103ng-Long-ivivu-1-min.jpg","keywords":["c\u1ed1 \u0111\u00f4 Hu\u1ebf","du l\u1ecbch H\u00e0 N\u1ed9i","Du l\u1ecbch H\u1ed9i An","du l\u1ecbch Hu\u1ebf","Du l\u1ecbch Ninh B\u00ecnh","Ho\u00e0ng Th\u00e0nh Th\u0103ng Long","Ph\u1ed1 c\u1ed5 H\u1ed9i An","Th\u00e1nh \u0111\u1ecba M\u1ef9 S\u01a1n","th\u00e0nh nh\u00e0 h\u1ed3","tr\u00e0ng an"],"articleSection":["DU L\u1ecaCH VI\u1ec6T NAM","\u0110i\u1ec3m \u0111\u1ebfn","N\u1ed5i B\u1eadt 2"],"inLanguage":"vi"},{"@type":"WebPage","@id":"https:\/\/www.ivivu.com\/blog\/2023\/08\/nhung-di-san-van-hoa-vat-the-viet-nam-duoc-unesco-cong-nhan\/","url":"https:\/\/www.ivivu.com\/blog\/2023\/08\/nhung-di-san-van-hoa-vat-the-viet-nam-duoc-unesco-cong-nhan\/","name":"Nh\u1eefng di s\u1ea3n v\u0103n h\u00f3a v\u1eadt th\u1ec3 Vi\u1ec7t Nam \u0111\u01b0\u1ee3c UNESCO c\u00f4ng nh\u1eadn - iVIVU.com","isPartOf":{"@id":"https:\/\/www.ivivu.com\/blog\/#website"},"primaryImageOfPage":{"@id":"https:\/\/www.ivivu.com\/blog\/2023\/08\/nhung-di-san-van-hoa-vat-the-viet-nam-duoc-unesco-cong-nhan\/#primaryimage"},"image":{"@id":"https:\/\/www.ivivu.com\/blog\/2023\/08\/nhung-di-san-van-hoa-vat-the-viet-nam-duoc-unesco-cong-nhan\/#primaryimage"},"thumbnailUrl":"https:\/\/cdn3.ivivu.com\/2023\/08\/ho\u00e0ng-th\u00e0nh-Th\u0103ng-Long-ivivu-1-min.jpg","datePublished":"2023-08-07T09:49:55+00:00","dateModified":"2023-08-07T09:49:55+00:00","description":"V\u1edbi b\u1ec1 d\u00e0y v\u0103n h\u00f3a v\u00e0 l\u1ecbch s\u1eed h\u00e0ng ng\u00e0n n\u0103m, n\u01b0\u1edbc ta \u0111\u00e3 l\u01b0u gi\u1eef nhi\u1ec1u di s\u1ea3n \u0111\u1ed9c \u0111\u00e1o, trong \u0111\u00f3 c\u00f3 6 di s\u1ea3n v\u0103n h\u00f3a v\u1eadt th\u1ec3 Vi\u1ec7t Nam t\u1ef1 h\u00e0o \u0111\u01b0\u1ee3c UNESCO c\u00f4ng nh\u1eadn l\u00e0 di s\u1ea3n v\u0103n h\u00f3a th\u1ebf gi\u1edbi.","breadcrumb":{"@id":"https:\/\/www.ivivu.com\/blog\/2023\/08\/nhung-di-san-van-hoa-vat-the-viet-nam-duoc-unesco-cong-nhan\/#breadcrumb"},"inLanguage":"vi","potentialAction":[{"@type":"ReadAction","target":["https:\/\/www.ivivu.com\/blog\/2023\/08\/nhung-di-san-van-hoa-vat-the-viet-nam-duoc-unesco-cong-nhan\/"]}]},{"@type":"ImageObject","inLanguage":"vi","@id":"https:\/\/www.ivivu.com\/blog\/2023\/08\/nhung-di-san-van-hoa-vat-the-viet-nam-duoc-unesco-cong-nhan\/#primaryimage","url":"https:\/\/cdn3.ivivu.com\/2023\/08\/ho\u00e0ng-th\u00e0nh-Th\u0103ng-Long-ivivu-1-min.jpg","contentUrl":"https:\/\/cdn3.ivivu.com\/2023\/08\/ho\u00e0ng-th\u00e0nh-Th\u0103ng-Long-ivivu-1-min.jpg","width":3840,"height":2560},{"@type":"BreadcrumbList","@id":"https:\/\/www.ivivu.com\/blog\/2023\/08\/nhung-di-san-van-hoa-vat-the-viet-nam-duoc-unesco-cong-nhan\/#breadcrumb","itemListElement":[{"@type":"ListItem","position":1,"name":"Home","item":"https:\/\/www.ivivu.com\/blog\/"},{"@type":"ListItem","position":2,"name":"Nh\u1eefng di s\u1ea3n v\u0103n h\u00f3a v\u1eadt th\u1ec3 Vi\u1ec7t Nam \u0111\u01b0\u1ee3c UNESCO c\u00f4ng nh\u1eadn"}]},{"@type":"WebSite","@id":"https:\/\/www.ivivu.com\/blog\/#website","url":"https:\/\/www.ivivu.com\/blog\/","name":"C\u1ea9m nang du l\u1ecbch","description":"","publisher":{"@id":"https:\/\/www.ivivu.com\/blog\/#organization"},"potentialAction":[{"@type":"SearchAction","target":{"@type":"EntryPoint","urlTemplate":"https:\/\/www.ivivu.com\/blog\/?s={search_term_string}"},"query-input":"required name=search_term_string"}],"inLanguage":"vi"},{"@type":"Organization","@id":"https:\/\/www.ivivu.com\/blog\/#organization","name":"iVIVU.com","url":"https:\/\/www.ivivu.com\/blog\/","logo":{"@type":"ImageObject","inLanguage":"vi","@id":"https:\/\/www.ivivu.com\/blog\/#\/schema\/logo\/image\/","url":"https:\/\/cdn3.ivivu.com\/2024\/01\/ivivu_no_slogan.png","contentUrl":"https:\/\/cdn3.ivivu.com\/2024\/01\/ivivu_no_slogan.png","width":788,"height":565,"caption":"iVIVU.com"},"image":{"@id":"https:\/\/www.ivivu.com\/blog\/#\/schema\/logo\/image\/"},"sameAs":["https:\/\/www.facebook.com\/iVIVU"]},{"@type":"Person","@id":"https:\/\/www.ivivu.com\/blog\/#\/schema\/person\/5f2922ecdf4990921e5ce852233c0c13","name":"B\u00edch Tr\u00e2m Ch\u00e2u Th\u1ecb","url":"https:\/\/www.ivivu.com\/blog\/author\/tramchau887\/"}]}},"_links":{"self":[{"href":"https:\/\/www.ivivu.com\/blog\/wp-json\/wp\/v2\/posts\/426119"}],"collection":[{"href":"https:\/\/www.ivivu.com\/blog\/wp-json\/wp\/v2\/posts"}],"about":[{"href":"https:\/\/www.ivivu.com\/blog\/wp-json\/wp\/v2\/types\/post"}],"author":[{"embeddable":true,"href":"https:\/\/www.ivivu.com\/blog\/wp-json\/wp\/v2\/users\/64"}],"replies":[{"embeddable":true,"href":"https:\/\/www.ivivu.com\/blog\/wp-json\/wp\/v2\/comments?post=426119"}],"version-history":[{"count":4,"href":"https:\/\/www.ivivu.com\/blog\/wp-json\/wp\/v2\/posts\/426119\/revisions"}],"predecessor-version":[{"id":426903,"href":"https:\/\/www.ivivu.com\/blog\/wp-json\/wp\/v2\/posts\/426119\/revisions\/426903"}],"wp:featuredmedia":[{"embeddable":true,"href":"https:\/\/www.ivivu.com\/blog\/wp-json\/wp\/v2\/media\/426902"}],"wp:attachment":[{"href":"https:\/\/www.ivivu.com\/blog\/wp-json\/wp\/v2\/media?parent=426119"}],"wp:term":[{"taxonomy":"category","embeddable":true,"href":"https:\/\/www.ivivu.com\/blog\/wp-json\/wp\/v2\/categories?post=426119"},{"taxonomy":"post_tag","embeddable":true,"href":"https:\/\/www.ivivu.com\/blog\/wp-json\/wp\/v2\/tags?post=426119"}],"curies":[{"name":"wp","href":"https:\/\/api.w.org\/{rel}","templated":true}]}}