{"id":426697,"date":"2023-08-10T09:46:06","date_gmt":"2023-08-10T02:46:06","guid":{"rendered":"https:\/\/www.ivivu.com\/blog\/?p=426697"},"modified":"2025-10-30T10:58:03","modified_gmt":"2025-10-30T03:58:03","slug":"hon-tranh-phu-quy-toa-do-check-in-dep-me-ly-tai-bali-thu-nho-cua-viet-nam","status":"publish","type":"post","link":"https:\/\/www.ivivu.com\/blog\/2023\/08\/hon-tranh-phu-quy-toa-do-check-in-dep-me-ly-tai-bali-thu-nho-cua-viet-nam\/","title":{"rendered":"H\u00f2n Tranh Ph\u00fa Qu\u00fd \u2013 T\u1ecda \u0111\u1ed9 check-in \u0111\u1eb9p m\u00ea ly t\u1ea1i &#8220;Bali thu nh\u1ecf c\u1ee7a Vi\u1ec7t Nam&#8221;"},"content":{"rendered":"<p style=\"text-align: justify;\"><em><strong>H\u00f2n Tranh Ph\u00fa Qu\u00fd kho\u00e1c tr\u00ean m\u00ecnh n\u00e9t \u0111\u1eb9p hoang s\u01a1, tr\u00f9 ph\u00fa, v\u1edbi bi\u1ec3n c\u1ea3 n\u1ed5i b\u1eadt l\u00ean nh\u1eefng r\u1ea1n san h\u00f4 \u0111\u1ea7y m\u00e0u s\u1eafc, tr\u1edf th\u00e0nh \u0111i\u1ec3m check-in &#8220;c\u1ef1c hot&#8221; cho chuy\u1ebfn du l\u1ecbch h\u00e8 t\u1ea1i h\u00f2n \u0111\u1ea3o Ph\u00fa Qu\u00fd.<\/strong><\/em><!--more--><\/p>\n<p style=\"text-align: justify;\"><div class=\"ltt-contentbox white\"><\/span><strong>Xem th\u00eam: <a href=\"https:\/\/www.ivivu.com\/blog\/?s=phan+thi%E1%BA%BFt\" target=\"_blank\" rel=\"noopener\">Du l\u1ecbch Phan Thi\u1ebft<\/a><\/strong><\/div><\/p>\n<h2 style=\"text-align: justify;\">H\u00f2n Tranh Ph\u00fa Qu\u00fd \u2013 T\u1ecda \u0111\u1ed9 check-in \u0111\u1eb9p m\u00ea ly t\u1ea1i &#8220;Bali thu nh\u1ecf c\u1ee7a Vi\u1ec7t Nam&#8221;<\/h2>\n<p style=\"text-align: justify;\">H\u00f2n Tranh l\u00e0 m\u1ed9t h\u00f2n \u0111\u1ea3o n\u1eb1m c\u00e1ch \u0111\u1ea3o Ph\u00fa Qu\u00fd ch\u1eebng 700-800m v\u1ec1 h\u01b0\u1edbng \u0110\u00f4ng Nam. \u0110\u1ebfn \u0111\u00e2y b\u1ea1n s\u1ebd c\u1ea3m nh\u1eadn \u0111\u01b0\u1ee3c thi\u00ean nhi\u00ean h\u00f9ng v\u0129, xung quanh l\u00e0 bi\u1ec3n c\u1ea3 m\u00eanh m\u00f4ng, ch\u1ec9 v\u1edbi di\u1ec7n t\u00edch 7,2 kilomet vu\u00f4ng nh\u01b0ng n\u01a1i \u0111\u00e2y th\u1eadt s\u1ef1 mang \u0111\u1ebfn cho du kh\u00e1ch khung c\u1ea3nh n\u00ean th\u01a1, \u1ea5n t\u01b0\u1ee3ng v\u00e0 \u0111\u1ea7y tho\u00e1ng \u0111\u00e3ng. <strong>H\u00f2n Tranh Ph\u00fa Qu\u00fd<\/strong> kh\u00f4ng ch\u1ec9 l\u00e0 m\u1ed9t h\u00f2n \u0111\u1ea3o l\u1edbn nh\u1ea5t nh\u00ec trong h\u1ec7 th\u1ed1ng \u0111\u1ea3o xung quanh \u0111\u1ea3o Ph\u00fa Qu\u00fd m\u00e0 c\u00f2n l\u00e0 m\u1ed9t &#8220;ki\u1ec7t t\u00e1c thi\u00ean nhi\u00ean&#8221; kh\u00f4ng th\u1ec3 b\u1ecf qua khi \u0111i du l\u1ecbch B\u00ecnh Thu\u1eadn.<\/p>\n<div id=\"attachment_427424\" style=\"width: 1546px\" class=\"wp-caption alignnone\"><a href=\"https:\/\/cdn3.ivivu.com\/2023\/08\/h\u00f2n-tranh-ph\u00fa-qu\u00fd-ivivu.jpg\"><img loading=\"lazy\" decoding=\"async\" aria-describedby=\"caption-attachment-427424\" class=\"size-full wp-image-427424\" src=\"https:\/\/cdn3.ivivu.com\/2023\/08\/h\u00f2n-tranh-ph\u00fa-qu\u00fd-ivivu.jpg\" alt=\"\u1ea2nh: Kim Dung\" width=\"1536\" height=\"1536\" srcset=\"https:\/\/cdn3.ivivu.com\/2023\/08\/h\u00f2n-tranh-ph\u00fa-qu\u00fd-ivivu.jpg 1536w, https:\/\/cdn3.ivivu.com\/2023\/08\/h\u00f2n-tranh-ph\u00fa-qu\u00fd-ivivu-305x305.jpg 305w, https:\/\/cdn3.ivivu.com\/2023\/08\/h\u00f2n-tranh-ph\u00fa-qu\u00fd-ivivu-1024x1024.jpg 1024w, https:\/\/cdn3.ivivu.com\/2023\/08\/h\u00f2n-tranh-ph\u00fa-qu\u00fd-ivivu-75x75.jpg 75w\" sizes=\"(max-width: 1536px) 100vw, 1536px\" \/><\/a><p id=\"caption-attachment-427424\" class=\"wp-caption-text\">\u1ea2nh: Kim Dung<\/p><\/div>\n<p style=\"text-align: justify;\">H\u00f2n Tranh ch\u1ec9 c\u00e1ch \u0111\u1ea3o Ph\u00fa Qu\u00fd 1 km cho n\u00ean b\u1ea1n c\u00f3 th\u1ec3 di chuy\u1ec3n m\u1ed9t c\u00e1ch d\u1ec5 d\u00e0ng b\u1eb1ng thuy\u1ec1n nh\u1ecf hay cano. Th\u1eddi \u0111i\u1ec3m \u0111\u01b0\u1ee3c cho l\u00e0 th\u00edch h\u1ee3p nh\u1ea5t \u0111\u1ec3 \u0111\u1ebfn tham quan <em><strong>h\u00f2n Tranh Ph\u00fa Qu\u00fd<\/strong><\/em> l\u00e0 t\u1eeb th\u00e1ng 6 \u0111\u1ebfn th\u00e1ng 12, do th\u1eddi ti\u1ebft kho\u1ea3ng th\u1eddi gian n\u00e0y kh\u00e1 \u0111\u1eb9p, \u00edt m\u01b0a, c\u00e2y c\u1ed1i c\u0169ng xanh t\u1ed1t n\u00ean b\u1ea1n c\u00f3 th\u1ec3 di chuy\u1ec3n v\u00f2ng quanh m\u00e0 kh\u00f4ng lo ng\u1ea1i v\u1ec1 v\u1ea5n \u0111\u1ec1 th\u1eddi ti\u1ebft.<\/p>\n<div id=\"attachment_427425\" style=\"width: 1090px\" class=\"wp-caption alignnone\"><a href=\"https:\/\/cdn3.ivivu.com\/2023\/08\/h\u00f2n-tranh-ph\u00fa-qu\u00fd-ivivu-1.jpg\"><img loading=\"lazy\" decoding=\"async\" aria-describedby=\"caption-attachment-427425\" class=\"size-full wp-image-427425\" src=\"https:\/\/cdn3.ivivu.com\/2023\/08\/h\u00f2n-tranh-ph\u00fa-qu\u00fd-ivivu-1.jpg\" alt=\"\u1ea2nh: @yukito1010\" width=\"1080\" height=\"1350\" srcset=\"https:\/\/cdn3.ivivu.com\/2023\/08\/h\u00f2n-tranh-ph\u00fa-qu\u00fd-ivivu-1.jpg 1080w, https:\/\/cdn3.ivivu.com\/2023\/08\/h\u00f2n-tranh-ph\u00fa-qu\u00fd-ivivu-1-244x305.jpg 244w, https:\/\/cdn3.ivivu.com\/2023\/08\/h\u00f2n-tranh-ph\u00fa-qu\u00fd-ivivu-1-819x1024.jpg 819w\" sizes=\"(max-width: 1080px) 100vw, 1080px\" \/><\/a><p id=\"caption-attachment-427425\" class=\"wp-caption-text\">\u1ea2nh: @yukito1010<\/p><\/div>\n<p style=\"text-align: justify;\">\u0110\u1ed1i v\u1edbi ng\u01b0\u1eddi Vi\u1ec7t Nam, khi \u0111\u1eb7t t\u00ean cho c\u00e1c \u0111\u1ecba danh th\u01b0\u1eddng \u1ea9n ch\u1ee9a nh\u1eefng \u0111i\u1ec1u b\u00ed \u1ea9n. Tuy nhi\u00ean \u0111\u00f3 l\u00e0 khi b\u1ea1n ch\u01b0a t\u00ecm hi\u1ec3u nh\u1eefng c\u00e2u chuy\u1ec7n \u0111\u01a1n gi\u1ea3n xoay quanh n\u00f3. Gi\u1ed1ng nh\u01b0 v\u00ec sao g\u1ecdi l\u00e0 &#8220;h\u00f2n Tranh\u201d m\u00e0 kh\u00f4ng g\u1ecdi l\u00e0 \u201ch\u00f2n B\u00e0n\u201d hay \u201ch\u00f2n L\u00e1\u201d, ch\u00ednh v\u00ec l\u00fac tr\u01b0\u1edbc \u1edf tr\u00ean h\u00f2n \u0111\u1ea3o n\u00e0y c\u00f3 r\u1ea5t nhi\u1ec1u c\u1ecf tranh, nh\u1eefng ng\u01b0\u1eddi d\u00e2n \u1edf \u0111\u1ea3o L\u1edbn qua b\u00ean h\u00f2n \u0111\u1ea3o n\u00e0y \u0111\u1ec3 l\u00e0m r\u1eaby r\u1ed3i mang c\u1ecf tranh v\u1ec1 \u0111\u1ec3 l\u1ee3p m\u00e1i nh\u00e0, cho n\u00ean t\u1eeb \u0111\u00f3 h\u00f2n n\u00e0y \u0111\u01b0\u1ee3c g\u1ecdi l\u00e0 \u201ch\u00f2n Tranh\u201d.<\/p>\n<div id=\"attachment_427426\" style=\"width: 1090px\" class=\"wp-caption alignnone\"><a href=\"https:\/\/cdn3.ivivu.com\/2023\/08\/h\u00f2n-tranh-ph\u00fa-qu\u00fd-ivivu-3.jpg\"><img loading=\"lazy\" decoding=\"async\" aria-describedby=\"caption-attachment-427426\" class=\"wp-image-427426 size-full\" src=\"https:\/\/cdn3.ivivu.com\/2023\/08\/h\u00f2n-tranh-ph\u00fa-qu\u00fd-ivivu-3.jpg\" alt=\"h\u00f2n-tranh-ph\u00fa-qu\u00fd-ivivu-3\" width=\"1080\" height=\"1350\" srcset=\"https:\/\/cdn3.ivivu.com\/2023\/08\/h\u00f2n-tranh-ph\u00fa-qu\u00fd-ivivu-3.jpg 1080w, https:\/\/cdn3.ivivu.com\/2023\/08\/h\u00f2n-tranh-ph\u00fa-qu\u00fd-ivivu-3-244x305.jpg 244w, https:\/\/cdn3.ivivu.com\/2023\/08\/h\u00f2n-tranh-ph\u00fa-qu\u00fd-ivivu-3-819x1024.jpg 819w\" sizes=\"(max-width: 1080px) 100vw, 1080px\" \/><\/a><p id=\"caption-attachment-427426\" class=\"wp-caption-text\">\u1ea2nh: @avatarcac_truong__<\/p><\/div>\n<p style=\"text-align: justify;\"><em>H\u00f2n Tranh Ph\u00fa Qu\u00fd,<\/em> n\u01a1i ghi d\u1ea5u v\u1edbi du kh\u00e1ch kh\u00f4ng ch\u1ec9 b\u1edfi v\u1ebb \u0111\u1eb9p thi\u00ean nhi\u00ean m\u00e0 n\u01a1i \u0111\u00e2y c\u00f2n ch\u1ee9ng ki\u1ebfn nh\u1eefng s\u1ef1 ki\u1ec7n l\u1ecbch s\u1eed, n\u01a1i m\u00e0 vua Gia Long \u0111\u00e3 ch\u1ecdn l\u00e0m n\u01a1i l\u00e1nh n\u1ea1n khi b\u1ecb qu\u00e2n T\u00e2y S\u01a1n \u0111u\u1ed5i b\u1eaft. Ngo\u00e0i ra, khi \u0111\u1ebfn \u0111\u00e2y b\u1ea1n s\u1ebd th\u1ea5y tr\u00ean \u0111\u1ea3o c\u00f2n th\u1edd r\u1ea5t nhi\u1ec1u c\u00e1c v\u1ecb t\u01b0\u1edbng gi\u1ecfi nh\u01b0: qu\u1eadn c\u00f4ng B\u00f9i Huy \u00cdch, th\u1ea7n Nam H\u1ea3i,\u2026<\/p>\n<p style=\"text-align: justify;\">Khi \u0111\u1ebfn h\u00f2n Tranh, khung c\u1ea3nh thi\u00ean nhi\u00ean n\u01a1i \u0111\u00e2y s\u1ebd kh\u00f4ng l\u00e0m b\u1ea1n th\u1ea5t v\u1ecdng. N\u1ebfu \u0111i d\u1ecdc theo b\u1edd bi\u1ec3n ph\u00eda nam, b\u1ea1n s\u1ebd \u0111\u01b0\u1ee3c kh\u00e1m ph\u00e1 v\u0169ng B\u00e0n, v\u0169ng G\u1ea5m, m\u0169i X\u01b0\u01a1ng C\u00e1,&#8230;. n\u01a1i \u0111\u00e2y c\u00f3 r\u1ea5t nhi\u1ec1u \u0111\u00e1 b\u1ed9t c\u00f3 th\u1ec3 kh\u1eafc t\u01b0\u1ee3ng. Ngo\u00e0i ra \u1edf h\u00f2n Tranh c\u00f2n c\u00f3 hang C\u00f2 N\u01b0\u1edbc v\u00e0 hang C\u00f2 Kh\u00f4 l\u00e0 c\u00e1c \u0111i\u1ec3m \u0111\u1ebfn nh\u1ea5t \u0111\u1ecbnh ph\u1ea3i check-in.<\/p>\n<div id=\"attachment_427428\" style=\"width: 1090px\" class=\"wp-caption alignnone\"><a href=\"https:\/\/cdn3.ivivu.com\/2023\/08\/h\u00f2n-tranh-ph\u00fa-qu\u00fd-ivivu-4.jpg\"><img loading=\"lazy\" decoding=\"async\" aria-describedby=\"caption-attachment-427428\" class=\"size-full wp-image-427428\" src=\"https:\/\/cdn3.ivivu.com\/2023\/08\/h\u00f2n-tranh-ph\u00fa-qu\u00fd-ivivu-4.jpg\" alt=\"\u1ea2nh: @hoai.tram98\" width=\"1080\" height=\"1350\" srcset=\"https:\/\/cdn3.ivivu.com\/2023\/08\/h\u00f2n-tranh-ph\u00fa-qu\u00fd-ivivu-4.jpg 1080w, https:\/\/cdn3.ivivu.com\/2023\/08\/h\u00f2n-tranh-ph\u00fa-qu\u00fd-ivivu-4-244x305.jpg 244w, https:\/\/cdn3.ivivu.com\/2023\/08\/h\u00f2n-tranh-ph\u00fa-qu\u00fd-ivivu-4-819x1024.jpg 819w\" sizes=\"(max-width: 1080px) 100vw, 1080px\" \/><\/a><p id=\"caption-attachment-427428\" class=\"wp-caption-text\">\u1ea2nh: @hoai.tram98<\/p><\/div>\n<p style=\"text-align: justify;\">\u0110\u1ebfn h\u00f2n Tranh, b\u1ea1n c\u00f3 d\u1ecbp t\u1eadn h\u01b0\u1edfng b\u1ea7u kh\u00f4ng kh\u00ed trong l\u00e0nh, m\u00e1t m\u1ebb hay th\u1ecfa s\u1ee9c ng\u00e2m m\u00ecnh d\u01b0\u1edbi l\u00e0n n\u01b0\u1edbc trong veo v\u00e0 c\u00f2n \u0111\u01b0\u1ee3c tr\u1ea3i nghi\u1ec7m nhi\u1ec1u ho\u1ea1t \u0111\u1ed9ng \u0111\u00e1nh b\u1eaft th\u00fa v\u1ecb ven bi\u1ec3n. \u0110\u1eb7c bi\u1ec7t, \u0111\u1eebng qu\u00ean check-in &#8220;s\u1ed1ng \u1ea3o&#8221; b\u00ean b\u1edd c\u00e1t tr\u1eafng, n\u01b0\u1edbc bi\u1ec3n trong xanh v\u00e0 c\u1ea3 nh\u1eefng m\u00f5m \u0111\u00e1 \u0111\u1ea7y \u1ea5n t\u01b0\u1ee3ng t\u1ea1i n\u01a1i n\u00e0y.<\/p>\n<div id=\"attachment_427429\" style=\"width: 1090px\" class=\"wp-caption alignnone\"><a href=\"https:\/\/cdn3.ivivu.com\/2023\/08\/h\u00f2n-tranh-ph\u00fa-qu\u00fd-ivivu-5.jpg\"><img loading=\"lazy\" decoding=\"async\" aria-describedby=\"caption-attachment-427429\" class=\"size-full wp-image-427429\" src=\"https:\/\/cdn3.ivivu.com\/2023\/08\/h\u00f2n-tranh-ph\u00fa-qu\u00fd-ivivu-5.jpg\" alt=\"\u1ea2nh: @_hpchie_'s\" width=\"1080\" height=\"1350\" srcset=\"https:\/\/cdn3.ivivu.com\/2023\/08\/h\u00f2n-tranh-ph\u00fa-qu\u00fd-ivivu-5.jpg 1080w, https:\/\/cdn3.ivivu.com\/2023\/08\/h\u00f2n-tranh-ph\u00fa-qu\u00fd-ivivu-5-244x305.jpg 244w, https:\/\/cdn3.ivivu.com\/2023\/08\/h\u00f2n-tranh-ph\u00fa-qu\u00fd-ivivu-5-819x1024.jpg 819w\" sizes=\"(max-width: 1080px) 100vw, 1080px\" \/><\/a><p id=\"caption-attachment-427429\" class=\"wp-caption-text\">\u1ea2nh: @_hpchie_&#8217;s<\/p><\/div>\n<p style=\"text-align: justify;\"><div class=\"ltt-contentbox white\"><\/span><\/p>\n<p style=\"text-align: justify;\"><strong>H\u01b0\u1edbng d\u1eabn c\u00e1ch \u0111\u1eb7t <a href=\"https:\/\/www.ivivu.com\/du-lich\/tour-phu-quy?date=2023-08-10&amp;from=H\u1ed3-Ch\u00ed-Minh?utm_source=blog_ivivu&amp;utm_medium=post_link&amp;utm_campaign=internal\" target=\"_blank\" rel=\"noopener\">tour Ph\u00fa Qu\u00fd<\/a> h\u1ea5p d\u1eabn:<br \/>\n<\/strong><\/p>\n<p style=\"text-align: justify;\"><strong>&#8211; G\u1ecdi (028) 3933 8002 \u0111\u1ec3 \u0111\u01b0\u1ee3c t\u01b0 v\u1ea5n.<\/strong><\/p>\n<p style=\"text-align: justify;\"><strong>&#8211; \u0110\u1eb7t online v\u00e0 xem l\u1ecbch tr\u00ecnh tour chi ti\u1ebft <a href=\"https:\/\/www.ivivu.com\/du-lich\/tour-phu-quy?date=2023-08-10&amp;from=H\u1ed3-Ch\u00ed-Minh?utm_source=blog_ivivu&amp;utm_medium=post_link&amp;utm_campaign=internal\" target=\"_blank\" rel=\"noopener\">T\u1ea0I \u0110\u00c2Y<\/a>.<\/strong><\/div><\/p>\n<p style=\"text-align: right;\"><strong>Theo iVIVU.com<\/strong><\/p>\n<p style=\"text-align: left;\"><div class=\"ltt-contentbox white\"><\/span><\/p>\n<p style=\"text-align: left;\"><strong>Xem th\u00eam b\u00e0i vi\u1ebft:<\/strong><\/p>\n<p style=\"text-align: left;\"><strong><a href=\"https:\/\/www.ivivu.com\/blog\/2022\/08\/du-lich-phan-thiet-kham-pha-bao-tang-nuoc-mam-lang-chai-xua\/\" target=\"_blank\" rel=\"noopener\">Du l\u1ecbch Phan Thi\u1ebft \u2013 Kh\u00e1m ph\u00e1 b\u1ea3o t\u00e0ng n\u01b0\u1edbc m\u1eafm L\u00e0ng Ch\u00e0i X\u01b0a<\/a><\/strong><\/p>\n<p style=\"text-align: left;\"><strong><a href=\"https:\/\/www.ivivu.com\/blog\/2022\/08\/am-thuc-binh-thuan-van-vuong-mon-goi-hai-san-thanh-long\/\" target=\"_blank\" rel=\"noopener\">\u1ea8m th\u1ef1c B\u00ecnh Thu\u1eadn: V\u1ea5n v\u01b0\u01a1ng m\u00f3n g\u1ecfi h\u1ea3i s\u1ea3n thanh long<\/a><\/strong><\/p>\n<p style=\"text-align: left;\"><a href=\"https:\/\/www.ivivu.com\/blog\/2022\/08\/du-lich-phan-thiet-kham-pha-nui-ta-cu\/\" target=\"_blank\" rel=\"noopener\"><strong>Du l\u1ecbch Phan Thi\u1ebft \u2013 Kh\u00e1m ph\u00e1 n\u00fai T\u00e0 C\u00fa<\/strong><\/a><\/div><\/p>\n<h3 style=\"text-align: center;\"><div class=\"ltt-contentbox white\"><\/span><strong>Click \u0111\u1eb7t ngay <a href=\"https:\/\/www.ivivu.com\/khach-san-phan-thiet?utm_source=blog_ivivu&amp;utm_medium=post_link&amp;utm_campaign=internal\" target=\"_blank\" rel=\"noopener\">kh\u00e1ch s\u1ea1n Phan Thi\u1ebft<\/a> gi\u00e1 t\u1ed1t nh\u1ea5t ch\u1ec9 c\u00f3 t\u1ea1i iVIVU.com!<\/strong><\/div><\/h3>\n<p><strong>***<\/strong><\/p>\n<p><strong>Tham kh\u1ea3o: <a href=\"https:\/\/www.ivivu.com\/blog\" target=\"_blank\" rel=\"noopener\">C\u1ea9m nang du l\u1ecbch iVIVU.com<\/a><\/strong><\/p>\n","protected":false},"excerpt":{"rendered":"<p>H\u00f2n Tranh Ph\u00fa Qu\u00fd kho\u00e1c tr\u00ean m\u00ecnh n\u00e9t \u0111\u1eb9p hoang s\u01a1, tr\u00f9 ph\u00fa, v\u1edbi bi\u1ec3n c\u1ea3 n\u1ed5i b\u1eadt l\u00ean nh\u1eefng r\u1ea1n san h\u00f4 \u0111\u1ea7y m\u00e0u s\u1eafc, tr\u1edf th\u00e0nh \u0111i\u1ec3m check-in &#8220;c\u1ef1c hot&#8221; cho chuy\u1ebfn du l\u1ecbch h\u00e8 t\u1ea1i h\u00f2n \u0111\u1ea3o&#8230;<\/p>\n","protected":false},"author":66,"featured_media":427424,"comment_status":"closed","ping_status":"open","sticky":false,"template":"","format":"standard","meta":{"_acf_changed":false,"footnotes":""},"categories":[10301,229,18241,795,14742],"tags":[44329,44330,3115,14704,22103,41867,1090],"acf":[],"yoast_head":"<!-- This site is optimized with the Yoast SEO Premium plugin v22.6 (Yoast SEO v22.6) - https:\/\/yoast.com\/wordpress\/plugins\/seo\/ -->\n<title>H\u00f2n Tranh Ph\u00fa Qu\u00fd \u2013 T\u1ecda \u0111\u1ed9 check-in \u0111\u1eb9p m\u00ea ly t\u1ea1i &quot;Bali thu nh\u1ecf c\u1ee7a Vi\u1ec7t Nam&quot; - iVIVU.com<\/title>\n<meta name=\"description\" content=\"H\u00f2n Tranh Ph\u00fa Qu\u00fd kho\u00e1c tr\u00ean m\u00ecnh n\u00e9t \u0111\u1eb9p hoang s\u01a1, tr\u00f9 ph\u00fa, v\u1edbi bi\u1ec3n c\u1ea3 n\u1ed5i b\u1eadt l\u00ean nh\u1eefng r\u1ea1n san h\u00f4 \u0111\u1ea7y m\u00e0u s\u1eafc, tr\u1edf th\u00e0nh \u0111i\u1ec3m check-in &quot;c\u1ef1c hot&quot; cho chuy\u1ebfn du l\u1ecbch h\u00e8 t\u1ea1i h\u00f2n \u0111\u1ea3o Ph\u00fa Qu\u00fd.\" \/>\n<meta name=\"robots\" content=\"index, follow, max-snippet:-1, max-image-preview:large, max-video-preview:-1\" \/>\n<link rel=\"canonical\" href=\"https:\/\/www.ivivu.com\/blog\/2023\/08\/hon-tranh-phu-quy-toa-do-check-in-dep-me-ly-tai-bali-thu-nho-cua-viet-nam\/\" \/>\n<meta name=\"twitter:label1\" content=\"\u0110\u01b0\u1ee3c vi\u1ebft b\u1edfi\" \/>\n\t<meta name=\"twitter:data1\" content=\"Thi Thi Nguy\u1ec5n Tr\u1ea7n\" \/>\n\t<meta name=\"twitter:label2\" content=\"\u01af\u1edbc t\u00ednh th\u1eddi gian \u0111\u1ecdc\" \/>\n\t<meta name=\"twitter:data2\" content=\"5 ph\u00fat\" \/>\n<script type=\"application\/ld+json\" class=\"yoast-schema-graph\">{\"@context\":\"https:\/\/schema.org\",\"@graph\":[{\"@type\":\"Article\",\"@id\":\"https:\/\/www.ivivu.com\/blog\/2023\/08\/hon-tranh-phu-quy-toa-do-check-in-dep-me-ly-tai-bali-thu-nho-cua-viet-nam\/#article\",\"isPartOf\":{\"@id\":\"https:\/\/www.ivivu.com\/blog\/2023\/08\/hon-tranh-phu-quy-toa-do-check-in-dep-me-ly-tai-bali-thu-nho-cua-viet-nam\/\"},\"author\":{\"name\":\"Thi Thi Nguy\u1ec5n Tr\u1ea7n\",\"@id\":\"https:\/\/www.ivivu.com\/blog\/#\/schema\/person\/908408d5f737923066744b4a25acdf2d\"},\"headline\":\"H\u00f2n Tranh Ph\u00fa Qu\u00fd \u2013 T\u1ecda \u0111\u1ed9 check-in \u0111\u1eb9p m\u00ea ly t\u1ea1i &#8220;Bali thu nh\u1ecf c\u1ee7a Vi\u1ec7t Nam&#8221;\",\"datePublished\":\"2023-08-10T02:46:06+00:00\",\"dateModified\":\"2025-10-30T03:58:03+00:00\",\"mainEntityOfPage\":{\"@id\":\"https:\/\/www.ivivu.com\/blog\/2023\/08\/hon-tranh-phu-quy-toa-do-check-in-dep-me-ly-tai-bali-thu-nho-cua-viet-nam\/\"},\"wordCount\":1047,\"publisher\":{\"@id\":\"https:\/\/www.ivivu.com\/blog\/#organization\"},\"image\":{\"@id\":\"https:\/\/www.ivivu.com\/blog\/2023\/08\/hon-tranh-phu-quy-toa-do-check-in-dep-me-ly-tai-bali-thu-nho-cua-viet-nam\/#primaryimage\"},\"thumbnailUrl\":\"https:\/\/cdn3.ivivu.com\/2023\/08\/h\u00f2n-tranh-ph\u00fa-qu\u00fd-ivivu.jpg\",\"keywords\":[\"\u1ea9m th\u1ef1c kh\u00e1ch s\u1ea1n\",\"di chuy\u1ec3n \u0111\u1ea3o Ph\u00fa Qu\u00fd n\u0103m 2023\",\"du lich binh thuan\",\"du l\u1ecbch Ph\u00fa Qu\u00fd\",\"\u0111i\u00ea\u0309m \u0111\u1ebfn\",\"h\u00f2n tranh\",\"v\u00e9 m\u00e1y bay\"],\"articleSection\":[\"Du l\u1ecbch B\u00ecnh Thu\u1eadn\",\"DU L\u1ecaCH VI\u1ec6T NAM\",\"\u0110\u1ea3o Ph\u00fa Qu\u00fd\",\"\u0110i\u1ec3m \u0111\u1ebfn\",\"N\u1ed5i B\u1eadt 2\"],\"inLanguage\":\"vi\"},{\"@type\":\"WebPage\",\"@id\":\"https:\/\/www.ivivu.com\/blog\/2023\/08\/hon-tranh-phu-quy-toa-do-check-in-dep-me-ly-tai-bali-thu-nho-cua-viet-nam\/\",\"url\":\"https:\/\/www.ivivu.com\/blog\/2023\/08\/hon-tranh-phu-quy-toa-do-check-in-dep-me-ly-tai-bali-thu-nho-cua-viet-nam\/\",\"name\":\"H\u00f2n Tranh Ph\u00fa Qu\u00fd \u2013 T\u1ecda \u0111\u1ed9 check-in \u0111\u1eb9p m\u00ea ly t\u1ea1i \\\"Bali thu nh\u1ecf c\u1ee7a Vi\u1ec7t Nam\\\" - iVIVU.com\",\"isPartOf\":{\"@id\":\"https:\/\/www.ivivu.com\/blog\/#website\"},\"primaryImageOfPage\":{\"@id\":\"https:\/\/www.ivivu.com\/blog\/2023\/08\/hon-tranh-phu-quy-toa-do-check-in-dep-me-ly-tai-bali-thu-nho-cua-viet-nam\/#primaryimage\"},\"image\":{\"@id\":\"https:\/\/www.ivivu.com\/blog\/2023\/08\/hon-tranh-phu-quy-toa-do-check-in-dep-me-ly-tai-bali-thu-nho-cua-viet-nam\/#primaryimage\"},\"thumbnailUrl\":\"https:\/\/cdn3.ivivu.com\/2023\/08\/h\u00f2n-tranh-ph\u00fa-qu\u00fd-ivivu.jpg\",\"datePublished\":\"2023-08-10T02:46:06+00:00\",\"dateModified\":\"2025-10-30T03:58:03+00:00\",\"description\":\"H\u00f2n Tranh Ph\u00fa Qu\u00fd kho\u00e1c tr\u00ean m\u00ecnh n\u00e9t \u0111\u1eb9p hoang s\u01a1, tr\u00f9 ph\u00fa, v\u1edbi bi\u1ec3n c\u1ea3 n\u1ed5i b\u1eadt l\u00ean nh\u1eefng r\u1ea1n san h\u00f4 \u0111\u1ea7y m\u00e0u s\u1eafc, tr\u1edf th\u00e0nh \u0111i\u1ec3m check-in \\\"c\u1ef1c hot\\\" cho chuy\u1ebfn du l\u1ecbch h\u00e8 t\u1ea1i h\u00f2n \u0111\u1ea3o Ph\u00fa Qu\u00fd.\",\"breadcrumb\":{\"@id\":\"https:\/\/www.ivivu.com\/blog\/2023\/08\/hon-tranh-phu-quy-toa-do-check-in-dep-me-ly-tai-bali-thu-nho-cua-viet-nam\/#breadcrumb\"},\"inLanguage\":\"vi\",\"potentialAction\":[{\"@type\":\"ReadAction\",\"target\":[\"https:\/\/www.ivivu.com\/blog\/2023\/08\/hon-tranh-phu-quy-toa-do-check-in-dep-me-ly-tai-bali-thu-nho-cua-viet-nam\/\"]}]},{\"@type\":\"ImageObject\",\"inLanguage\":\"vi\",\"@id\":\"https:\/\/www.ivivu.com\/blog\/2023\/08\/hon-tranh-phu-quy-toa-do-check-in-dep-me-ly-tai-bali-thu-nho-cua-viet-nam\/#primaryimage\",\"url\":\"https:\/\/cdn3.ivivu.com\/2023\/08\/h\u00f2n-tranh-ph\u00fa-qu\u00fd-ivivu.jpg\",\"contentUrl\":\"https:\/\/cdn3.ivivu.com\/2023\/08\/h\u00f2n-tranh-ph\u00fa-qu\u00fd-ivivu.jpg\",\"width\":1536,\"height\":1536,\"caption\":\"\u1ea2nh: Kim Dung\"},{\"@type\":\"BreadcrumbList\",\"@id\":\"https:\/\/www.ivivu.com\/blog\/2023\/08\/hon-tranh-phu-quy-toa-do-check-in-dep-me-ly-tai-bali-thu-nho-cua-viet-nam\/#breadcrumb\",\"itemListElement\":[{\"@type\":\"ListItem\",\"position\":1,\"name\":\"Home\",\"item\":\"https:\/\/www.ivivu.com\/blog\/\"},{\"@type\":\"ListItem\",\"position\":2,\"name\":\"H\u00f2n Tranh Ph\u00fa Qu\u00fd \u2013 T\u1ecda \u0111\u1ed9 check-in \u0111\u1eb9p m\u00ea ly t\u1ea1i &#8220;Bali thu nh\u1ecf c\u1ee7a Vi\u1ec7t Nam&#8221;\"}]},{\"@type\":\"WebSite\",\"@id\":\"https:\/\/www.ivivu.com\/blog\/#website\",\"url\":\"https:\/\/www.ivivu.com\/blog\/\",\"name\":\"C\u1ea9m nang du l\u1ecbch\",\"description\":\"\",\"publisher\":{\"@id\":\"https:\/\/www.ivivu.com\/blog\/#organization\"},\"potentialAction\":[{\"@type\":\"SearchAction\",\"target\":{\"@type\":\"EntryPoint\",\"urlTemplate\":\"https:\/\/www.ivivu.com\/blog\/?s={search_term_string}\"},\"query-input\":\"required name=search_term_string\"}],\"inLanguage\":\"vi\"},{\"@type\":\"Organization\",\"@id\":\"https:\/\/www.ivivu.com\/blog\/#organization\",\"name\":\"iVIVU.com\",\"url\":\"https:\/\/www.ivivu.com\/blog\/\",\"logo\":{\"@type\":\"ImageObject\",\"inLanguage\":\"vi\",\"@id\":\"https:\/\/www.ivivu.com\/blog\/#\/schema\/logo\/image\/\",\"url\":\"https:\/\/cdn3.ivivu.com\/2024\/01\/ivivu_no_slogan.png\",\"contentUrl\":\"https:\/\/cdn3.ivivu.com\/2024\/01\/ivivu_no_slogan.png\",\"width\":788,\"height\":565,\"caption\":\"iVIVU.com\"},\"image\":{\"@id\":\"https:\/\/www.ivivu.com\/blog\/#\/schema\/logo\/image\/\"},\"sameAs\":[\"https:\/\/www.facebook.com\/iVIVU\"]},{\"@type\":\"Person\",\"@id\":\"https:\/\/www.ivivu.com\/blog\/#\/schema\/person\/908408d5f737923066744b4a25acdf2d\",\"name\":\"Thi Thi Nguy\u1ec5n Tr\u1ea7n\",\"url\":\"https:\/\/www.ivivu.com\/blog\/author\/nguyentranthithikg2000\/\"}]}<\/script>\n<!-- \/ Yoast SEO Premium plugin. -->","yoast_head_json":{"title":"H\u00f2n Tranh Ph\u00fa Qu\u00fd \u2013 T\u1ecda \u0111\u1ed9 check-in \u0111\u1eb9p m\u00ea ly t\u1ea1i \"Bali thu nh\u1ecf c\u1ee7a Vi\u1ec7t Nam\" - iVIVU.com","description":"H\u00f2n Tranh Ph\u00fa Qu\u00fd kho\u00e1c tr\u00ean m\u00ecnh n\u00e9t \u0111\u1eb9p hoang s\u01a1, tr\u00f9 ph\u00fa, v\u1edbi bi\u1ec3n c\u1ea3 n\u1ed5i b\u1eadt l\u00ean nh\u1eefng r\u1ea1n san h\u00f4 \u0111\u1ea7y m\u00e0u s\u1eafc, tr\u1edf th\u00e0nh \u0111i\u1ec3m check-in \"c\u1ef1c hot\" cho chuy\u1ebfn du l\u1ecbch h\u00e8 t\u1ea1i h\u00f2n \u0111\u1ea3o Ph\u00fa Qu\u00fd.","robots":{"index":"index","follow":"follow","max-snippet":"max-snippet:-1","max-image-preview":"max-image-preview:large","max-video-preview":"max-video-preview:-1"},"canonical":"https:\/\/www.ivivu.com\/blog\/2023\/08\/hon-tranh-phu-quy-toa-do-check-in-dep-me-ly-tai-bali-thu-nho-cua-viet-nam\/","twitter_misc":{"\u0110\u01b0\u1ee3c vi\u1ebft b\u1edfi":"Thi Thi Nguy\u1ec5n Tr\u1ea7n","\u01af\u1edbc t\u00ednh th\u1eddi gian \u0111\u1ecdc":"5 ph\u00fat"},"schema":{"@context":"https:\/\/schema.org","@graph":[{"@type":"Article","@id":"https:\/\/www.ivivu.com\/blog\/2023\/08\/hon-tranh-phu-quy-toa-do-check-in-dep-me-ly-tai-bali-thu-nho-cua-viet-nam\/#article","isPartOf":{"@id":"https:\/\/www.ivivu.com\/blog\/2023\/08\/hon-tranh-phu-quy-toa-do-check-in-dep-me-ly-tai-bali-thu-nho-cua-viet-nam\/"},"author":{"name":"Thi Thi Nguy\u1ec5n Tr\u1ea7n","@id":"https:\/\/www.ivivu.com\/blog\/#\/schema\/person\/908408d5f737923066744b4a25acdf2d"},"headline":"H\u00f2n Tranh Ph\u00fa Qu\u00fd \u2013 T\u1ecda \u0111\u1ed9 check-in \u0111\u1eb9p m\u00ea ly t\u1ea1i &#8220;Bali thu nh\u1ecf c\u1ee7a Vi\u1ec7t Nam&#8221;","datePublished":"2023-08-10T02:46:06+00:00","dateModified":"2025-10-30T03:58:03+00:00","mainEntityOfPage":{"@id":"https:\/\/www.ivivu.com\/blog\/2023\/08\/hon-tranh-phu-quy-toa-do-check-in-dep-me-ly-tai-bali-thu-nho-cua-viet-nam\/"},"wordCount":1047,"publisher":{"@id":"https:\/\/www.ivivu.com\/blog\/#organization"},"image":{"@id":"https:\/\/www.ivivu.com\/blog\/2023\/08\/hon-tranh-phu-quy-toa-do-check-in-dep-me-ly-tai-bali-thu-nho-cua-viet-nam\/#primaryimage"},"thumbnailUrl":"https:\/\/cdn3.ivivu.com\/2023\/08\/h\u00f2n-tranh-ph\u00fa-qu\u00fd-ivivu.jpg","keywords":["\u1ea9m th\u1ef1c kh\u00e1ch s\u1ea1n","di chuy\u1ec3n \u0111\u1ea3o Ph\u00fa Qu\u00fd n\u0103m 2023","du lich binh thuan","du l\u1ecbch Ph\u00fa Qu\u00fd","\u0111i\u00ea\u0309m \u0111\u1ebfn","h\u00f2n tranh","v\u00e9 m\u00e1y bay"],"articleSection":["Du l\u1ecbch B\u00ecnh Thu\u1eadn","DU L\u1ecaCH VI\u1ec6T NAM","\u0110\u1ea3o Ph\u00fa Qu\u00fd","\u0110i\u1ec3m \u0111\u1ebfn","N\u1ed5i B\u1eadt 2"],"inLanguage":"vi"},{"@type":"WebPage","@id":"https:\/\/www.ivivu.com\/blog\/2023\/08\/hon-tranh-phu-quy-toa-do-check-in-dep-me-ly-tai-bali-thu-nho-cua-viet-nam\/","url":"https:\/\/www.ivivu.com\/blog\/2023\/08\/hon-tranh-phu-quy-toa-do-check-in-dep-me-ly-tai-bali-thu-nho-cua-viet-nam\/","name":"H\u00f2n Tranh Ph\u00fa Qu\u00fd \u2013 T\u1ecda \u0111\u1ed9 check-in \u0111\u1eb9p m\u00ea ly t\u1ea1i \"Bali thu nh\u1ecf c\u1ee7a Vi\u1ec7t Nam\" - iVIVU.com","isPartOf":{"@id":"https:\/\/www.ivivu.com\/blog\/#website"},"primaryImageOfPage":{"@id":"https:\/\/www.ivivu.com\/blog\/2023\/08\/hon-tranh-phu-quy-toa-do-check-in-dep-me-ly-tai-bali-thu-nho-cua-viet-nam\/#primaryimage"},"image":{"@id":"https:\/\/www.ivivu.com\/blog\/2023\/08\/hon-tranh-phu-quy-toa-do-check-in-dep-me-ly-tai-bali-thu-nho-cua-viet-nam\/#primaryimage"},"thumbnailUrl":"https:\/\/cdn3.ivivu.com\/2023\/08\/h\u00f2n-tranh-ph\u00fa-qu\u00fd-ivivu.jpg","datePublished":"2023-08-10T02:46:06+00:00","dateModified":"2025-10-30T03:58:03+00:00","description":"H\u00f2n Tranh Ph\u00fa Qu\u00fd kho\u00e1c tr\u00ean m\u00ecnh n\u00e9t \u0111\u1eb9p hoang s\u01a1, tr\u00f9 ph\u00fa, v\u1edbi bi\u1ec3n c\u1ea3 n\u1ed5i b\u1eadt l\u00ean nh\u1eefng r\u1ea1n san h\u00f4 \u0111\u1ea7y m\u00e0u s\u1eafc, tr\u1edf th\u00e0nh \u0111i\u1ec3m check-in \"c\u1ef1c hot\" cho chuy\u1ebfn du l\u1ecbch h\u00e8 t\u1ea1i h\u00f2n \u0111\u1ea3o Ph\u00fa Qu\u00fd.","breadcrumb":{"@id":"https:\/\/www.ivivu.com\/blog\/2023\/08\/hon-tranh-phu-quy-toa-do-check-in-dep-me-ly-tai-bali-thu-nho-cua-viet-nam\/#breadcrumb"},"inLanguage":"vi","potentialAction":[{"@type":"ReadAction","target":["https:\/\/www.ivivu.com\/blog\/2023\/08\/hon-tranh-phu-quy-toa-do-check-in-dep-me-ly-tai-bali-thu-nho-cua-viet-nam\/"]}]},{"@type":"ImageObject","inLanguage":"vi","@id":"https:\/\/www.ivivu.com\/blog\/2023\/08\/hon-tranh-phu-quy-toa-do-check-in-dep-me-ly-tai-bali-thu-nho-cua-viet-nam\/#primaryimage","url":"https:\/\/cdn3.ivivu.com\/2023\/08\/h\u00f2n-tranh-ph\u00fa-qu\u00fd-ivivu.jpg","contentUrl":"https:\/\/cdn3.ivivu.com\/2023\/08\/h\u00f2n-tranh-ph\u00fa-qu\u00fd-ivivu.jpg","width":1536,"height":1536,"caption":"\u1ea2nh: Kim Dung"},{"@type":"BreadcrumbList","@id":"https:\/\/www.ivivu.com\/blog\/2023\/08\/hon-tranh-phu-quy-toa-do-check-in-dep-me-ly-tai-bali-thu-nho-cua-viet-nam\/#breadcrumb","itemListElement":[{"@type":"ListItem","position":1,"name":"Home","item":"https:\/\/www.ivivu.com\/blog\/"},{"@type":"ListItem","position":2,"name":"H\u00f2n Tranh Ph\u00fa Qu\u00fd \u2013 T\u1ecda \u0111\u1ed9 check-in \u0111\u1eb9p m\u00ea ly t\u1ea1i &#8220;Bali thu nh\u1ecf c\u1ee7a Vi\u1ec7t Nam&#8221;"}]},{"@type":"WebSite","@id":"https:\/\/www.ivivu.com\/blog\/#website","url":"https:\/\/www.ivivu.com\/blog\/","name":"C\u1ea9m nang du l\u1ecbch","description":"","publisher":{"@id":"https:\/\/www.ivivu.com\/blog\/#organization"},"potentialAction":[{"@type":"SearchAction","target":{"@type":"EntryPoint","urlTemplate":"https:\/\/www.ivivu.com\/blog\/?s={search_term_string}"},"query-input":"required name=search_term_string"}],"inLanguage":"vi"},{"@type":"Organization","@id":"https:\/\/www.ivivu.com\/blog\/#organization","name":"iVIVU.com","url":"https:\/\/www.ivivu.com\/blog\/","logo":{"@type":"ImageObject","inLanguage":"vi","@id":"https:\/\/www.ivivu.com\/blog\/#\/schema\/logo\/image\/","url":"https:\/\/cdn3.ivivu.com\/2024\/01\/ivivu_no_slogan.png","contentUrl":"https:\/\/cdn3.ivivu.com\/2024\/01\/ivivu_no_slogan.png","width":788,"height":565,"caption":"iVIVU.com"},"image":{"@id":"https:\/\/www.ivivu.com\/blog\/#\/schema\/logo\/image\/"},"sameAs":["https:\/\/www.facebook.com\/iVIVU"]},{"@type":"Person","@id":"https:\/\/www.ivivu.com\/blog\/#\/schema\/person\/908408d5f737923066744b4a25acdf2d","name":"Thi Thi Nguy\u1ec5n Tr\u1ea7n","url":"https:\/\/www.ivivu.com\/blog\/author\/nguyentranthithikg2000\/"}]}},"_links":{"self":[{"href":"https:\/\/www.ivivu.com\/blog\/wp-json\/wp\/v2\/posts\/426697"}],"collection":[{"href":"https:\/\/www.ivivu.com\/blog\/wp-json\/wp\/v2\/posts"}],"about":[{"href":"https:\/\/www.ivivu.com\/blog\/wp-json\/wp\/v2\/types\/post"}],"author":[{"embeddable":true,"href":"https:\/\/www.ivivu.com\/blog\/wp-json\/wp\/v2\/users\/66"}],"replies":[{"embeddable":true,"href":"https:\/\/www.ivivu.com\/blog\/wp-json\/wp\/v2\/comments?post=426697"}],"version-history":[{"count":5,"href":"https:\/\/www.ivivu.com\/blog\/wp-json\/wp\/v2\/posts\/426697\/revisions"}],"predecessor-version":[{"id":511145,"href":"https:\/\/www.ivivu.com\/blog\/wp-json\/wp\/v2\/posts\/426697\/revisions\/511145"}],"wp:featuredmedia":[{"embeddable":true,"href":"https:\/\/www.ivivu.com\/blog\/wp-json\/wp\/v2\/media\/427424"}],"wp:attachment":[{"href":"https:\/\/www.ivivu.com\/blog\/wp-json\/wp\/v2\/media?parent=426697"}],"wp:term":[{"taxonomy":"category","embeddable":true,"href":"https:\/\/www.ivivu.com\/blog\/wp-json\/wp\/v2\/categories?post=426697"},{"taxonomy":"post_tag","embeddable":true,"href":"https:\/\/www.ivivu.com\/blog\/wp-json\/wp\/v2\/tags?post=426697"}],"curies":[{"name":"wp","href":"https:\/\/api.w.org\/{rel}","templated":true}]}}